{"id":165841,"date":"2026-04-30T17:01:53","date_gmt":"2026-04-30T22:01:53","guid":{"rendered":"https:\/\/latamjournalismreview.org\/?p=165841"},"modified":"2026-04-30T17:29:25","modified_gmt":"2026-04-30T22:29:25","slug":"a-liberdade-de-imprensa-nas-americas-cai-drasticamente-em-meio-a-repressao-global-aponta-relatorio-da-rsf","status":"publish","type":"post","link":"https:\/\/latamjournalismreview.org\/pt-br\/articles\/a-liberdade-de-imprensa-nas-americas-cai-drasticamente-em-meio-a-repressao-global-aponta-relatorio-da-rsf\/","title":{"rendered":"A liberdade de imprensa nas Am\u00e9ricas cai drasticamente em meio a repress\u00e3o global, aponta relat\u00f3rio da RSF"},"content":{"rendered":"<p><span style=\"font-weight: 400;\">Em um ano marcado por severas restri\u00e7\u00f5es \u00e0 liberdade de imprensa em n\u00edvel mundial \u2014com a criminaliza\u00e7\u00e3o generalizada do jornalismo\u2014 <\/span><a href=\"https:\/\/rsf.org\/en\/classement\/2026\/americas\"><span style=\"font-weight: 400;\">a situa\u00e7\u00e3o no continente americano \u00e9 uma das piores<\/span><\/a><span style=\"font-weight: 400;\">.<\/span><\/p>\n<p><span style=\"font-weight: 400;\">Desde 2022, a regi\u00e3o caiu 14 pontos na Classifica\u00e7\u00e3o Mundial de Liberdade de Imprensa que \u00e9 publicada anualmente pela Rep\u00f3rteres Sem Fronteiras (RSF).<\/span><\/p>\n<p><span style=\"font-weight: 400;\">Essa queda, aponta a RSF, \u00e9 semelhante \u00e0 observada nas regi\u00f5es mais perigosas do mundo para o exerc\u00edcio do jornalismo: Oriente M\u00e9dio e Europa Oriental.<\/span><\/p>\n<p><span style=\"font-weight: 400;\">Como parte de sua classifica\u00e7\u00e3o \u2014publicada em 30 de abril de 2026, \u00e0s v\u00e9speras do <\/span><a href=\"https:\/\/www.unesco.org\/en\/articles\/world-press-freedom-day-2026-global-conference-shaping-future-peace\"><span style=\"font-weight: 400;\">Dia Mundial da Liberdade de Imprensa<\/span><\/a><span style=\"font-weight: 400;\">\u2014 a <\/span><a href=\"https:\/\/rsf.org\/en\/methodology-used-compiling-world-press-freedom-index-2026\"><span style=\"font-weight: 400;\">RSF avalia e classifica<\/span><\/a><span style=\"font-weight: 400;\"> 180 pa\u00edses e territ\u00f3rios em uma escala de 0 a 100, na qual 100 representa o n\u00edvel mais alto poss\u00edvel de liberdade de imprensa.<\/span><\/p>\n<p><span style=\"font-weight: 400;\">Com base nessas pontua\u00e7\u00f5es, a organiza\u00e7\u00e3o classifica a situa\u00e7\u00e3o da liberdade de imprensa nos pa\u00edses como \u201cboa\u201d, \u201crelativamente boa\u201d, \u201cproblem\u00e1tica\u201d, \u201cdif\u00edcil\u201d ou \u201cmuito grave\u201d.<\/span><\/p>\n<p><span style=\"font-weight: 400;\">Quatorze pa\u00edses do continente se encontram em situa\u00e7\u00e3o \u201cdif\u00edcil\u201d ou \u201cmuito grave\u201d.\u00a0\u00a0<\/span><\/p>\n<p><span style=\"font-weight: 400;\">Nicar\u00e1gua (posi\u00e7\u00e3o 168), Cuba (160), Venezuela (159), Peru (144) e El Salvador (143) ocupam as posi\u00e7\u00f5es mais baixas da classifica\u00e7\u00e3o na categoria \u201cmuito grave\u201d.<\/span><\/p>\n<p><span style=\"font-weight: 400;\">Honduras (132), Guatemala (128), Equador (125), M\u00e9xico (122), Haiti (107), Col\u00f4mbia (102), Argentina (98), Bol\u00edvia (91) e Paraguai (88) est\u00e3o na categoria \u201cdif\u00edcil\u201d.<\/span><\/p>\n<p><span style=\"font-weight: 400;\">Nenhum pa\u00eds da Am\u00e9rica obteve a classifica\u00e7\u00e3o de \u201cboa\u201d e apenas quatro foram classificados como \u201crelativamente boa\u201d: Canad\u00e1 (20), Jamaica (26), Suriname (34) e Costa Rica (38).<\/span><\/p>\n<p><span style=\"font-weight: 400;\">At\u00e9 mesmo a Costa Rica, onde as liberdades de imprensa e de express\u00e3o historicamente s\u00e3o \u201cmuito respeitadas\u201d, aponta a RSF, caiu 30 posi\u00e7\u00f5es em rela\u00e7\u00e3o a 2022.<\/span><\/p>\n<p><span style=\"font-weight: 400;\">\u201cO continente se caracteriza por duas tend\u00eancias: aumento da viol\u00eancia perpetrada pelo crime organizado e pelas for\u00e7as pol\u00edticas\u201d, diz a an\u00e1lise da RSF.\u00a0\u00a0<\/span><\/p>\n<p><span style=\"font-weight: 400;\">Seis pa\u00edses da regi\u00e3o marcaram especialmente a queda da pontua\u00e7\u00e3o do continente, disse \u00e0 <\/span><b>LatAm Journalism Review (LJR)<\/b><span style=\"font-weight: 400;\"> Artur Romeu, diretor do escrit\u00f3rio para a Am\u00e9rica Latina da RSF.\u00a0\u00a0<\/span><\/p>\n<p><span style=\"font-weight: 400;\">Estados Unidos (na posi\u00e7\u00e3o 64) ca\u00edram 22 posi\u00e7\u00f5es desde 2022 e 7 desde 2025. Argentina (queda de 69 posi\u00e7\u00f5es), Peru (67 posi\u00e7\u00f5es), Equador (57 posi\u00e7\u00f5es) e El Salvador (31 posi\u00e7\u00f5es) apresentaram quedas graves comparadas a 2022. No caso de El Salvador, a diminui\u00e7\u00e3o foi de 77 posi\u00e7\u00f5es comparada com a Classifica\u00e7\u00e3o de 2018, quando Nayib Bukele ainda n\u00e3o havia chegado ao poder.\u00a0\u00a0<\/span><\/p>\n<p><span style=\"font-weight: 400;\">\u201cCa\u00edmos 105 posi\u00e7\u00f5es desde 2014. Uma queda t\u00e3o dram\u00e1tica n\u00e3o \u00e9 um acidente ou casualidade\u201d, disse \u00e0 LJR Sergio Arauz, presidente da Associa\u00e7\u00e3o de Jornalistas de El Salvador (APES). \u201c\u00c9 o retrato fiel de que os Estados est\u00e3o transformando em pol\u00edtica p\u00fablica a persegui\u00e7\u00e3o a jornalistas. Isso explica que, no \u00faltimo ano, o dilema seja entre fazer outra coisa diferente do jornalismo ou o ex\u00edlio\u201d.\u00a0\u00a0<\/span><\/p>\n<p><span style=\"font-weight: 400;\">A situa\u00e7\u00e3o de El Salvador n\u00e3o \u00e9 \u00fanica, mas representa os retrocessos da regi\u00e3o, continuou Arauz. Por isso, disse, o jornalismo \u00e9 mais necess\u00e1rio do que nunca.<\/span><\/p>\n<p><span style=\"font-weight: 400;\">\u201cO chamado aos colegas \u00e9 para se organizar e resistir, mas tamb\u00e9m para se cuidar e se proteger\u201d, disse Arauz. \u201cAos pol\u00edticos, s\u00f3 nos resta continuar insistindo para que n\u00e3o confundam a mensagem com o mensageiro\u201d.<\/span><\/p>\n<p><b>Parte de uma tend\u00eancia global<\/b><\/p>\n<p><span style=\"font-weight: 400;\">O continente americano n\u00e3o \u00e9 a \u00fanica regi\u00e3o afetada.<\/span><\/p>\n<p><span style=\"font-weight: 400;\">Nos 25 anos em que a RSF elabora sua Classifica\u00e7\u00e3o Mundial de Liberdade de Imprensa, este ano \u00e9 a primeira vez que mais da metade dos pa\u00edses do mundo (52%) est\u00e3o em situa\u00e7\u00e3o \u201cdif\u00edcil\u201d ou \u201cmuito grave\u201d.<\/span><\/p>\n<p><span style=\"font-weight: 400;\">A classifica\u00e7\u00e3o analisa o estado da liberdade de imprensa por meio de cinco indicadores: pol\u00edtico, legal, econ\u00f4mico, social e seguran\u00e7a dos jornalistas.<\/span><\/p>\n<p><span style=\"font-weight: 400;\">Em n\u00edvel global, o indicador mais afetado \u00e9 o legal, que, segundo a RSF, demonstra a crescente criminaliza\u00e7\u00e3o do jornalismo.<\/span><\/p>\n<p><span style=\"font-weight: 400;\">\u201cPor quanto tempo ainda vamos tolerar o sufocamento do jornalismo, a obstru\u00e7\u00e3o sistem\u00e1tica dos jornalistas e a cont\u00ednua eros\u00e3o da liberdade de imprensa?\u201d, disse a diretora editorial da RSF, Anne Bocand\u00e9, <\/span><a href=\"https:\/\/rsf.org\/en\/2026-rsf-index-press-freedom-25-year-low?data_type=general&amp;year=2026\"><span style=\"font-weight: 400;\">na introdu\u00e7\u00e3o do relat\u00f3rio de 2026<\/span><\/a><span style=\"font-weight: 400;\">.\u00a0\u00a0<\/span><\/p>\n<p><span style=\"font-weight: 400;\">Segundo Bocand\u00e9, essa \u00e9 a pergunta com a qual se deve encarar o futuro ap\u00f3s 25 anos de an\u00e1lise, \u201cporque, Embora os ataques ao direito \u00e0 informa\u00e7\u00e3o sejam mais diversos e sofisticados, seus respons\u00e1veis agora atuam \u00e0s claras\u201d. Desde Estados autorit\u00e1rios, passando por pol\u00edticos c\u00famplices ou ineficazes, assim como atores econ\u00f4micos predat\u00f3rios e plataformas \u201cinsuficientemente reguladas\u201d, todos t\u00eam responsabilidade.\u00a0\u00a0<\/span><\/p>\n<p><span style=\"font-weight: 400;\">\u201cOs n\u00fameros s\u00e3o impressionantes. Temos de forma clara que estamos no pior momento em termos de pontua\u00e7\u00e3o m\u00e9dia do conjunto de pa\u00edses em n\u00edvel global\u201d, disse Romeu.\u00a0\u00a0<\/span><\/p>\n<p><span style=\"font-weight: 400;\">A imprensa, disse Romeu, enfrenta uma crise multidimensional em um mundo onde, por um lado, se consolidam modelos autorit\u00e1rios, inclusive em democracias consolidadas, que utilizam estrat\u00e9gias de censura mais sutis: aumentam campanhas de propaganda e desinforma\u00e7\u00e3o, bem como restri\u00e7\u00f5es de acesso \u00e0 informa\u00e7\u00e3o, entre outras. Guerras e conflitos em grande parte do globo, junto com uma crise econ\u00f4mica agravada por grandes plataformas de tecnologia, agravam ainda mais esses problemas.<\/span><\/p>\n<p><span style=\"font-weight: 400;\">\u201cVemos democracias consolidadas ao redor do mundo que se alinham a uma din\u00e2mica de poder pol\u00edtico na qual a polariza\u00e7\u00e3o sistem\u00e1tica envolvendo a m\u00eddia e os jornalistas se tornou uma estrat\u00e9gia para ganho eleitoral\u201d, disse Romeu.<\/span><\/p>\n<p><b>Brasil, uma luz nas Am\u00e9ricas<\/b><\/p>\n<p><span style=\"font-weight: 400;\">Ainda assim, h\u00e1 um sinal positivo para a liberdade de imprensa nas Am\u00e9ricas, embora limitado.<\/span><\/p>\n<p><span style=\"font-weight: 400;\">Pela primeira vez em 25 anos, o Brasil (52) est\u00e1 acima dos Estados Unidos, registrando uma subida de 58 posi\u00e7\u00f5es em quatro anos. O pa\u00eds melhorou sua pontua\u00e7\u00e3o em quatro dos cinco indicadores.<\/span><\/p>\n<p><span style=\"font-weight: 400;\">Grande parte dessa melhora \u00e9 explicada pela mudan\u00e7a de governo, com uma postura \u201cradicalmente\u201d diferente em rela\u00e7\u00e3o \u00e0 imprensa, disse Romeu.<\/span><\/p>\n<p><span style=\"font-weight: 400;\">\u201cEstamos retornando a um cen\u00e1rio de normalidade democr\u00e1tica cl\u00e1ssica, tradicional \u2014 nem sequer mudan\u00e7as inovadoras\u201d, disse Romeu.<\/span><\/p>\n<p><span style=\"font-weight: 400;\">Esse cen\u00e1rio cria um efeito cascata em outras entidades que refor\u00e7am a transpar\u00eancia, o acesso \u00e0 informa\u00e7\u00e3o e a independ\u00eancia institucional. Iniciativas como o <\/span><a href=\"https:\/\/latamjournalismreview.org\/pt-br\/articles\/governo-brasileiro-atende-a-demanda-de-organizacoes-de-defesa-da-liberdade-de-imprensa-e-cria-observatorio-nacional-da-violencia-contra-jornalistas\/\"><span style=\"font-weight: 400;\">Observat\u00f3rio da Viol\u00eancia contra Jornalistas<\/span><\/a><span style=\"font-weight: 400;\"> e a recente <\/span><a href=\"https:\/\/latamjournalismreview.org\/pt-br\/articles\/brasil-cria-padrao-nacional-para-investigar-crimes-contra-jornalistas\/\"><span style=\"font-weight: 400;\">norma nacional para investigar crimes contra jornalistas<\/span><\/a><span style=\"font-weight: 400;\"> s\u00e3o esfor\u00e7os not\u00e1veis. Al\u00e9m disso, o \u00faltimo assassinato de um jornalista no pa\u00eds foi registrado em 2022.<\/span><\/p>\n<p><span style=\"font-weight: 400;\">Embora o caso do Brasil seja bastante positivo, observou Romeu, ele n\u00e3o decorre de uma mudan\u00e7a profunda. De fato, o pa\u00eds se destaca negativamente por casos de ass\u00e9dio judicial; e o indicador social \u2014 que mede a confian\u00e7a p\u00fablica na imprensa, campanhas de \u00f3dio contra jornalistas, pluralismo midi\u00e1tico e a percep\u00e7\u00e3o de autocensura em rela\u00e7\u00e3o a temas sens\u00edveis, entre outros fatores \u2014 foi o \u00fanico que n\u00e3o melhorou.<\/span><\/p>\n<p><span style=\"font-weight: 400;\">\u201cIsso demonstra as \u2018tens\u00f5es\u2019 que ainda existem no pa\u00eds\u201d, disse Romeu.<\/span><\/p>\n<p><b>Liberdade de imprensa como direito coletivo<\/b><\/p>\n<p><span style=\"font-weight: 400;\">Um dos fatores vitais para alcan\u00e7ar algum tipo de solu\u00e7\u00e3o \u00e9 superar o distanciamento que existe entre a sociedade e o jornalismo. Os poderes pol\u00edticos t\u00eam fomentado a desconfian\u00e7a em rela\u00e7\u00e3o \u00e0 m\u00eddia e aos jornalistas, ao mesmo tempo em que estabelecem canais mais diretos para disseminar sua propaganda, disse Romeu.<\/span><\/p>\n<p><span style=\"font-weight: 400;\">As plataformas tecnol\u00f3gicas contribu\u00edram para essa mudan\u00e7a na forma como a informa\u00e7\u00e3o \u00e9 consumida, criando bolhas que refor\u00e7am vieses e levam as pessoas a enxergar o jornalismo como apenas mais uma forma de opini\u00e3o, em vez de um exerc\u00edcio de compreens\u00e3o da realidade.<\/span><\/p>\n<p><span style=\"font-weight: 400;\">A m\u00eddia tamb\u00e9m tem responsabilidade, disse Romeu, por sua falta de transpar\u00eancia, pluralidade e at\u00e9 de iniciativas de educa\u00e7\u00e3o midi\u00e1tica.<\/span><\/p>\n<p><span style=\"font-weight: 400;\">Esses m\u00faltiplos fatores que afetam a imprensa criam, segundo Romeu, uma esp\u00e9cie de \u201ctempestade perfeita\u201d.<\/span><\/p>\n<p><span style=\"font-weight: 400;\">\u201cE a verdade \u00e9 que a \u00fanica sa\u00edda est\u00e1 em reativar a dimens\u00e3o coletiva e social do direito \u00e0 liberdade de imprensa\u201d, disse.<\/span><\/p>\n<p><span style=\"font-weight: 400;\">Um dos principais desafios, acrescentou, \u00e9 desfazer a cren\u00e7a de que a liberdade de imprensa \u00e9 um direito pertencente a jornalistas ou associa\u00e7\u00f5es profissionais, garantindo, em vez disso, que seja compreendida como um direito da cidadania. Enfatizar essa dimens\u00e3o coletiva e social permitiria engajar a sociedade na luta para garantir a liberdade de imprensa.<\/span><\/p>\n<hr \/>\n<p><em>Este artigo foi traduzido com a ajuda de IA e revisado por Leonardo Coelho<\/em><\/p>\n<p>&nbsp;<\/p>\n","protected":false},"excerpt":{"rendered":"<p>A liberdade de imprensa \u00e9 categorizada como \u201cdif\u00edcil\u201d ou \u201cmuito grave\u201d em metade dos pa\u00edses da regi\u00e3o, de acordo com o ranking anual da Rep\u00f3rteres Sem Fronteiras.<\/p>\n","protected":false},"author":13,"featured_media":165835,"comment_status":"closed","ping_status":"closed","sticky":false,"template":"","format":"standard","meta":{"inline_featured_image":false,"footnotes":""},"categories":[1219],"tags":[1579,2473,2050,1615],"coauthors":[2741],"class_list":["post-165841","post","type-post","status-publish","format-standard","has-post-thumbnail","hentry","category-liberdade-de-imprensa-pt-br","tag-assedio-pt-br","tag-autocensura","tag-censura-pt-br","tag-violencia-contra-jornalistas-pt-br"],"acf":[],"yoast_head":"<!-- This site is optimized with the Yoast SEO Premium plugin v22.6 (Yoast SEO v27.4) - https:\/\/yoast.com\/product\/yoast-seo-premium-wordpress\/ -->\n<title>A liberdade de imprensa nas Am\u00e9ricas cai drasticamente em meio a repress\u00e3o global, aponta relat\u00f3rio da RSF - LatAm Journalism Review by the Knight Center<\/title>\n<meta name=\"description\" content=\"A liberdade de imprensa nas Am\u00e9ricas cai drasticamente em meio a repress\u00e3o global, aponta relat\u00f3rio da RSF Liberdade de imprensa. Latin American Journalism Review by The Knight Center at The University of Texas at Austin.\" \/>\n<meta name=\"robots\" content=\"index, follow, max-snippet:-1, max-image-preview:large, max-video-preview:-1\" \/>\n<link rel=\"canonical\" href=\"https:\/\/latamjournalismreview.org\/pt-br\/articles\/a-liberdade-de-imprensa-nas-americas-cai-drasticamente-em-meio-a-repressao-global-aponta-relatorio-da-rsf\/\" \/>\n<meta property=\"og:locale\" content=\"pt_BR\" \/>\n<meta property=\"og:type\" content=\"article\" \/>\n<meta property=\"og:title\" content=\"A liberdade de imprensa nas Am\u00e9ricas cai drasticamente em meio a repress\u00e3o global, aponta relat\u00f3rio da RSF\" \/>\n<meta property=\"og:description\" content=\"A liberdade de imprensa nas Am\u00e9ricas cai drasticamente em meio a repress\u00e3o global, aponta relat\u00f3rio da RSF Liberdade de imprensa. Latin American Journalism Review by The Knight Center at The University of Texas at Austin.\" \/>\n<meta property=\"og:url\" content=\"https:\/\/latamjournalismreview.org\/pt-br\/articles\/a-liberdade-de-imprensa-nas-americas-cai-drasticamente-em-meio-a-repressao-global-aponta-relatorio-da-rsf\/\" \/>\n<meta property=\"og:site_name\" content=\"LatAm Journalism Review by the Knight Center\" \/>\n<meta property=\"article:published_time\" content=\"2026-04-30T22:01:53+00:00\" \/>\n<meta property=\"article:modified_time\" content=\"2026-04-30T22:29:25+00:00\" \/>\n<meta property=\"og:image\" content=\"https:\/\/latamjournalismreview.org\/wp-content\/uploads\/2026\/04\/FEATURED-ClasificacionMundialRSF.png\" \/>\n\t<meta property=\"og:image:width\" content=\"507\" \/>\n\t<meta property=\"og:image:height\" content=\"340\" \/>\n\t<meta property=\"og:image:type\" content=\"image\/png\" \/>\n<meta name=\"author\" content=\"Silvia Higuera\" \/>\n<meta name=\"twitter:card\" content=\"summary_large_image\" \/>\n<meta name=\"twitter:creator\" content=\"@shiguerita\" \/>\n<meta name=\"twitter:site\" content=\"@LatAmJournalism\" \/>\n<meta name=\"twitter:label1\" content=\"Written by\" \/>\n\t<meta name=\"twitter:data1\" content=\"Silvia Higuera\" \/>\n\t<meta name=\"twitter:label2\" content=\"Est. reading time\" \/>\n\t<meta name=\"twitter:data2\" content=\"7 minutos\" \/>\n<script type=\"application\/ld+json\" class=\"yoast-schema-graph\">{\"@context\":\"https:\\\/\\\/schema.org\",\"@graph\":[{\"@type\":\"Article\",\"@id\":\"https:\\\/\\\/latamjournalismreview.org\\\/pt-br\\\/articles\\\/a-liberdade-de-imprensa-nas-americas-cai-drasticamente-em-meio-a-repressao-global-aponta-relatorio-da-rsf\\\/#article\",\"isPartOf\":{\"@id\":\"https:\\\/\\\/latamjournalismreview.org\\\/pt-br\\\/articles\\\/a-liberdade-de-imprensa-nas-americas-cai-drasticamente-em-meio-a-repressao-global-aponta-relatorio-da-rsf\\\/\"},\"author\":{\"name\":\"Silvia Higuera\",\"@id\":\"https:\\\/\\\/latamjournalismreview.org\\\/pt-br\\\/#\\\/schema\\\/person\\\/eac7baa6afada0957e047be9fc15703a\"},\"headline\":\"A liberdade de imprensa nas Am\u00e9ricas cai drasticamente em meio a repress\u00e3o global, aponta relat\u00f3rio da RSF\",\"datePublished\":\"2026-04-30T22:01:53+00:00\",\"dateModified\":\"2026-04-30T22:29:25+00:00\",\"mainEntityOfPage\":{\"@id\":\"https:\\\/\\\/latamjournalismreview.org\\\/pt-br\\\/articles\\\/a-liberdade-de-imprensa-nas-americas-cai-drasticamente-em-meio-a-repressao-global-aponta-relatorio-da-rsf\\\/\"},\"wordCount\":1410,\"publisher\":{\"@id\":\"https:\\\/\\\/latamjournalismreview.org\\\/pt-br\\\/#organization\"},\"image\":{\"@id\":\"https:\\\/\\\/latamjournalismreview.org\\\/pt-br\\\/articles\\\/a-liberdade-de-imprensa-nas-americas-cai-drasticamente-em-meio-a-repressao-global-aponta-relatorio-da-rsf\\\/#primaryimage\"},\"thumbnailUrl\":\"https:\\\/\\\/latamjournalismreview.org\\\/wp-content\\\/uploads\\\/2026\\\/04\\\/FEATURED-ClasificacionMundialRSF.png\",\"keywords\":[\"Ass\u00e9dio\",\"Autocensura\",\"Censura\",\"Viol\u00eancia contra jornalistas\"],\"articleSection\":[\"Liberdade de imprensa\"],\"inLanguage\":\"pt-BR\"},{\"@type\":\"WebPage\",\"@id\":\"https:\\\/\\\/latamjournalismreview.org\\\/pt-br\\\/articles\\\/a-liberdade-de-imprensa-nas-americas-cai-drasticamente-em-meio-a-repressao-global-aponta-relatorio-da-rsf\\\/\",\"url\":\"https:\\\/\\\/latamjournalismreview.org\\\/pt-br\\\/articles\\\/a-liberdade-de-imprensa-nas-americas-cai-drasticamente-em-meio-a-repressao-global-aponta-relatorio-da-rsf\\\/\",\"name\":\"A liberdade de imprensa nas Am\u00e9ricas cai drasticamente em meio a repress\u00e3o global, aponta relat\u00f3rio da RSF - LatAm Journalism Review by the Knight Center\",\"isPartOf\":{\"@id\":\"https:\\\/\\\/latamjournalismreview.org\\\/pt-br\\\/#website\"},\"primaryImageOfPage\":{\"@id\":\"https:\\\/\\\/latamjournalismreview.org\\\/pt-br\\\/articles\\\/a-liberdade-de-imprensa-nas-americas-cai-drasticamente-em-meio-a-repressao-global-aponta-relatorio-da-rsf\\\/#primaryimage\"},\"image\":{\"@id\":\"https:\\\/\\\/latamjournalismreview.org\\\/pt-br\\\/articles\\\/a-liberdade-de-imprensa-nas-americas-cai-drasticamente-em-meio-a-repressao-global-aponta-relatorio-da-rsf\\\/#primaryimage\"},\"thumbnailUrl\":\"https:\\\/\\\/latamjournalismreview.org\\\/wp-content\\\/uploads\\\/2026\\\/04\\\/FEATURED-ClasificacionMundialRSF.png\",\"datePublished\":\"2026-04-30T22:01:53+00:00\",\"dateModified\":\"2026-04-30T22:29:25+00:00\",\"description\":\"A liberdade de imprensa nas Am\u00e9ricas cai drasticamente em meio a repress\u00e3o global, aponta relat\u00f3rio da RSF Liberdade de imprensa. Latin American Journalism Review by The Knight Center at The University of Texas at Austin.\",\"breadcrumb\":{\"@id\":\"https:\\\/\\\/latamjournalismreview.org\\\/pt-br\\\/articles\\\/a-liberdade-de-imprensa-nas-americas-cai-drasticamente-em-meio-a-repressao-global-aponta-relatorio-da-rsf\\\/#breadcrumb\"},\"inLanguage\":\"pt-BR\",\"potentialAction\":[{\"@type\":\"ReadAction\",\"target\":[\"https:\\\/\\\/latamjournalismreview.org\\\/pt-br\\\/articles\\\/a-liberdade-de-imprensa-nas-americas-cai-drasticamente-em-meio-a-repressao-global-aponta-relatorio-da-rsf\\\/\"]}]},{\"@type\":\"ImageObject\",\"inLanguage\":\"pt-BR\",\"@id\":\"https:\\\/\\\/latamjournalismreview.org\\\/pt-br\\\/articles\\\/a-liberdade-de-imprensa-nas-americas-cai-drasticamente-em-meio-a-repressao-global-aponta-relatorio-da-rsf\\\/#primaryimage\",\"url\":\"https:\\\/\\\/latamjournalismreview.org\\\/wp-content\\\/uploads\\\/2026\\\/04\\\/FEATURED-ClasificacionMundialRSF.png\",\"contentUrl\":\"https:\\\/\\\/latamjournalismreview.org\\\/wp-content\\\/uploads\\\/2026\\\/04\\\/FEATURED-ClasificacionMundialRSF.png\",\"width\":507,\"height\":340,\"caption\":\"Journalists stand in front of Gendarmerie officers in formation during a weekly protest for better pensions for retirees in Buenos Aires, Argentina, Wednesday, May 28, 2025. (AP Photo\\\/Rodrigo Abd)\"},{\"@type\":\"BreadcrumbList\",\"@id\":\"https:\\\/\\\/latamjournalismreview.org\\\/pt-br\\\/articles\\\/a-liberdade-de-imprensa-nas-americas-cai-drasticamente-em-meio-a-repressao-global-aponta-relatorio-da-rsf\\\/#breadcrumb\",\"itemListElement\":[{\"@type\":\"ListItem\",\"position\":1,\"name\":\"Home\",\"item\":\"https:\\\/\\\/latamjournalismreview.org\\\/pt-br\\\/\"},{\"@type\":\"ListItem\",\"position\":2,\"name\":\"A liberdade de imprensa nas Am\u00e9ricas cai drasticamente em meio a repress\u00e3o global, aponta relat\u00f3rio da RSF\"}]},{\"@type\":\"WebSite\",\"@id\":\"https:\\\/\\\/latamjournalismreview.org\\\/pt-br\\\/#website\",\"url\":\"https:\\\/\\\/latamjournalismreview.org\\\/pt-br\\\/\",\"name\":\"LatAm Journalism Review\",\"description\":\"Digital magazine on journalism in Latin America\",\"publisher\":{\"@id\":\"https:\\\/\\\/latamjournalismreview.org\\\/pt-br\\\/#organization\"},\"potentialAction\":[{\"@type\":\"SearchAction\",\"target\":{\"@type\":\"EntryPoint\",\"urlTemplate\":\"https:\\\/\\\/latamjournalismreview.org\\\/pt-br\\\/?s={search_term_string}\"},\"query-input\":{\"@type\":\"PropertyValueSpecification\",\"valueRequired\":true,\"valueName\":\"search_term_string\"}}],\"inLanguage\":\"pt-BR\"},{\"@type\":\"Organization\",\"@id\":\"https:\\\/\\\/latamjournalismreview.org\\\/pt-br\\\/#organization\",\"name\":\"LatAm Journalism Review\",\"url\":\"https:\\\/\\\/latamjournalismreview.org\\\/pt-br\\\/\",\"logo\":{\"@type\":\"ImageObject\",\"inLanguage\":\"pt-BR\",\"@id\":\"https:\\\/\\\/latamjournalismreview.org\\\/pt-br\\\/#\\\/schema\\\/logo\\\/image\\\/\",\"url\":\"https:\\\/\\\/latamjournalismreview.org\\\/wp-content\\\/uploads\\\/2020\\\/05\\\/knight-latAm-review-logo.svg\",\"contentUrl\":\"https:\\\/\\\/latamjournalismreview.org\\\/wp-content\\\/uploads\\\/2020\\\/05\\\/knight-latAm-review-logo.svg\",\"width\":\"1024\",\"height\":\"1024\",\"caption\":\"LatAm Journalism Review\"},\"image\":{\"@id\":\"https:\\\/\\\/latamjournalismreview.org\\\/pt-br\\\/#\\\/schema\\\/logo\\\/image\\\/\"},\"sameAs\":[\"https:\\\/\\\/x.com\\\/LatAmJournalism\"]},{\"@type\":\"Person\",\"@id\":\"https:\\\/\\\/latamjournalismreview.org\\\/pt-br\\\/#\\\/schema\\\/person\\\/eac7baa6afada0957e047be9fc15703a\",\"name\":\"Silvia Higuera\",\"description\":\"Silvia A. Higuera Fl\u00f3rez is a Colombian journalist interested in covering Latin American issues and human rights, especially the right to freedom of expression, and investigative journalism. She studied Social Communication and Journalism at Universidad Pontificia Bolivariana in Bucaramanga (Colombia), and received her Master's of Arts in Journalism from the University of Texas at Austin in 2015. She worked with the Office of the Special Rapporteur for Freedom of Expression of the Inter-American Commission on Human Rights (IACHR) under the Orlando Sierra fellowship during 2014. She also worked for the Colombian newspaper Vanguardia Liberal and wrote for different magazines about local, economic and public order issues. Her work has also appeared in The Miami Herald and El Nuevo Herald of Miami. Email: silvia.knightcenter@gmail.com Silvia A. Higuera Fl\u00f3rez es una periodista colombiana con inter\u00e9s period\u00edstico es Am\u00e9rica Latina y los derechos humanos, particularmente el derecho a la libertad de expresi\u00f3n, as\u00ed como el periodismo de investigaci\u00f3n. Estudi\u00f3 Comunicaci\u00f3n Social \u2013 Periodismo en la Universidad Pontificia Bolivariana de Bucaramanga (Colombia), y recibi\u00f3 su maestr\u00eda en Periodismo en la Universidad de Texas, en Austin en 2015. Trabaj\u00f3 para la Relator\u00eda Especial para la Libertad de Expresi\u00f3n de la Comisi\u00f3n Interamericana de Derechos Humanos (CIDH) en el marco de la beca Orlando Sierra, durante 2014. Tambi\u00e9n hizo parte del diario Vanguardia Liberal y escribi\u00f3 para otras revistas colombianas cubriendo fuentes locales, econ\u00f3micas y judiciales. Algunos de sus trabajos han aparecido en The Miami Herald y El Nuevo Herald de Miami. Silvia A. Higuera Fl\u00f3rez \u00e9 uma jornalista colombiana e seu interesse jornal\u00edstico \u00e9 a Am\u00e9rica Latina e os direitos humanos, nomeadamente o direito \u00e0 liberdade de express\u00e3o. Estudou Comunica\u00e7\u00e3o Social \u2013 Jornalismo na Universidade Pontif\u00edcia Bolivariana de Bucaramanga, na Col\u00f4mbia e completou seu mestrado em jornalismo na Universidade do Texas em Austin. Silvia trabalhou na Relatoria para a Liberdade de Express\u00e3o da CIDH pela bolsa Orlando Sierra, em 2014. Trabalhou para o jornal Vanguardia Liberal e escreveu para outras revistas colombianas cobrindo temas locais, econ\u00f4micas e judici\u00e1rias. Alguns de seus trabalhos apareceram no The Miami Herald e no El Nuevo Herald de Miami.\",\"sameAs\":[\"https:\\\/\\\/x.com\\\/shiguerita\"],\"url\":\"https:\\\/\\\/latamjournalismreview.org\\\/pt-br\\\/articles\\\/author\\\/silvia-higuera\\\/\"}]}<\/script>\n<!-- \/ Yoast SEO Premium plugin. -->","yoast_head_json":{"title":"A liberdade de imprensa nas Am\u00e9ricas cai drasticamente em meio a repress\u00e3o global, aponta relat\u00f3rio da RSF - LatAm Journalism Review by the Knight Center","description":"A liberdade de imprensa nas Am\u00e9ricas cai drasticamente em meio a repress\u00e3o global, aponta relat\u00f3rio da RSF Liberdade de imprensa. Latin American Journalism Review by The Knight Center at The University of Texas at Austin.","robots":{"index":"index","follow":"follow","max-snippet":"max-snippet:-1","max-image-preview":"max-image-preview:large","max-video-preview":"max-video-preview:-1"},"canonical":"https:\/\/latamjournalismreview.org\/pt-br\/articles\/a-liberdade-de-imprensa-nas-americas-cai-drasticamente-em-meio-a-repressao-global-aponta-relatorio-da-rsf\/","og_locale":"pt_BR","og_type":"article","og_title":"A liberdade de imprensa nas Am\u00e9ricas cai drasticamente em meio a repress\u00e3o global, aponta relat\u00f3rio da RSF","og_description":"A liberdade de imprensa nas Am\u00e9ricas cai drasticamente em meio a repress\u00e3o global, aponta relat\u00f3rio da RSF Liberdade de imprensa. Latin American Journalism Review by The Knight Center at The University of Texas at Austin.","og_url":"https:\/\/latamjournalismreview.org\/pt-br\/articles\/a-liberdade-de-imprensa-nas-americas-cai-drasticamente-em-meio-a-repressao-global-aponta-relatorio-da-rsf\/","og_site_name":"LatAm Journalism Review by the Knight Center","article_published_time":"2026-04-30T22:01:53+00:00","article_modified_time":"2026-04-30T22:29:25+00:00","og_image":[{"width":507,"height":340,"url":"https:\/\/latamjournalismreview.org\/wp-content\/uploads\/2026\/04\/FEATURED-ClasificacionMundialRSF.png","type":"image\/png"}],"author":"Silvia Higuera","twitter_card":"summary_large_image","twitter_creator":"@shiguerita","twitter_site":"@LatAmJournalism","twitter_misc":{"Written by":"Silvia Higuera","Est. reading time":"7 minutos"},"schema":{"@context":"https:\/\/schema.org","@graph":[{"@type":"Article","@id":"https:\/\/latamjournalismreview.org\/pt-br\/articles\/a-liberdade-de-imprensa-nas-americas-cai-drasticamente-em-meio-a-repressao-global-aponta-relatorio-da-rsf\/#article","isPartOf":{"@id":"https:\/\/latamjournalismreview.org\/pt-br\/articles\/a-liberdade-de-imprensa-nas-americas-cai-drasticamente-em-meio-a-repressao-global-aponta-relatorio-da-rsf\/"},"author":{"name":"Silvia Higuera","@id":"https:\/\/latamjournalismreview.org\/pt-br\/#\/schema\/person\/eac7baa6afada0957e047be9fc15703a"},"headline":"A liberdade de imprensa nas Am\u00e9ricas cai drasticamente em meio a repress\u00e3o global, aponta relat\u00f3rio da RSF","datePublished":"2026-04-30T22:01:53+00:00","dateModified":"2026-04-30T22:29:25+00:00","mainEntityOfPage":{"@id":"https:\/\/latamjournalismreview.org\/pt-br\/articles\/a-liberdade-de-imprensa-nas-americas-cai-drasticamente-em-meio-a-repressao-global-aponta-relatorio-da-rsf\/"},"wordCount":1410,"publisher":{"@id":"https:\/\/latamjournalismreview.org\/pt-br\/#organization"},"image":{"@id":"https:\/\/latamjournalismreview.org\/pt-br\/articles\/a-liberdade-de-imprensa-nas-americas-cai-drasticamente-em-meio-a-repressao-global-aponta-relatorio-da-rsf\/#primaryimage"},"thumbnailUrl":"https:\/\/latamjournalismreview.org\/wp-content\/uploads\/2026\/04\/FEATURED-ClasificacionMundialRSF.png","keywords":["Ass\u00e9dio","Autocensura","Censura","Viol\u00eancia contra jornalistas"],"articleSection":["Liberdade de imprensa"],"inLanguage":"pt-BR"},{"@type":"WebPage","@id":"https:\/\/latamjournalismreview.org\/pt-br\/articles\/a-liberdade-de-imprensa-nas-americas-cai-drasticamente-em-meio-a-repressao-global-aponta-relatorio-da-rsf\/","url":"https:\/\/latamjournalismreview.org\/pt-br\/articles\/a-liberdade-de-imprensa-nas-americas-cai-drasticamente-em-meio-a-repressao-global-aponta-relatorio-da-rsf\/","name":"A liberdade de imprensa nas Am\u00e9ricas cai drasticamente em meio a repress\u00e3o global, aponta relat\u00f3rio da RSF - LatAm Journalism Review by the Knight Center","isPartOf":{"@id":"https:\/\/latamjournalismreview.org\/pt-br\/#website"},"primaryImageOfPage":{"@id":"https:\/\/latamjournalismreview.org\/pt-br\/articles\/a-liberdade-de-imprensa-nas-americas-cai-drasticamente-em-meio-a-repressao-global-aponta-relatorio-da-rsf\/#primaryimage"},"image":{"@id":"https:\/\/latamjournalismreview.org\/pt-br\/articles\/a-liberdade-de-imprensa-nas-americas-cai-drasticamente-em-meio-a-repressao-global-aponta-relatorio-da-rsf\/#primaryimage"},"thumbnailUrl":"https:\/\/latamjournalismreview.org\/wp-content\/uploads\/2026\/04\/FEATURED-ClasificacionMundialRSF.png","datePublished":"2026-04-30T22:01:53+00:00","dateModified":"2026-04-30T22:29:25+00:00","description":"A liberdade de imprensa nas Am\u00e9ricas cai drasticamente em meio a repress\u00e3o global, aponta relat\u00f3rio da RSF Liberdade de imprensa. Latin American Journalism Review by The Knight Center at The University of Texas at Austin.","breadcrumb":{"@id":"https:\/\/latamjournalismreview.org\/pt-br\/articles\/a-liberdade-de-imprensa-nas-americas-cai-drasticamente-em-meio-a-repressao-global-aponta-relatorio-da-rsf\/#breadcrumb"},"inLanguage":"pt-BR","potentialAction":[{"@type":"ReadAction","target":["https:\/\/latamjournalismreview.org\/pt-br\/articles\/a-liberdade-de-imprensa-nas-americas-cai-drasticamente-em-meio-a-repressao-global-aponta-relatorio-da-rsf\/"]}]},{"@type":"ImageObject","inLanguage":"pt-BR","@id":"https:\/\/latamjournalismreview.org\/pt-br\/articles\/a-liberdade-de-imprensa-nas-americas-cai-drasticamente-em-meio-a-repressao-global-aponta-relatorio-da-rsf\/#primaryimage","url":"https:\/\/latamjournalismreview.org\/wp-content\/uploads\/2026\/04\/FEATURED-ClasificacionMundialRSF.png","contentUrl":"https:\/\/latamjournalismreview.org\/wp-content\/uploads\/2026\/04\/FEATURED-ClasificacionMundialRSF.png","width":507,"height":340,"caption":"Journalists stand in front of Gendarmerie officers in formation during a weekly protest for better pensions for retirees in Buenos Aires, Argentina, Wednesday, May 28, 2025. (AP Photo\/Rodrigo Abd)"},{"@type":"BreadcrumbList","@id":"https:\/\/latamjournalismreview.org\/pt-br\/articles\/a-liberdade-de-imprensa-nas-americas-cai-drasticamente-em-meio-a-repressao-global-aponta-relatorio-da-rsf\/#breadcrumb","itemListElement":[{"@type":"ListItem","position":1,"name":"Home","item":"https:\/\/latamjournalismreview.org\/pt-br\/"},{"@type":"ListItem","position":2,"name":"A liberdade de imprensa nas Am\u00e9ricas cai drasticamente em meio a repress\u00e3o global, aponta relat\u00f3rio da RSF"}]},{"@type":"WebSite","@id":"https:\/\/latamjournalismreview.org\/pt-br\/#website","url":"https:\/\/latamjournalismreview.org\/pt-br\/","name":"LatAm Journalism Review","description":"Digital magazine on journalism in Latin America","publisher":{"@id":"https:\/\/latamjournalismreview.org\/pt-br\/#organization"},"potentialAction":[{"@type":"SearchAction","target":{"@type":"EntryPoint","urlTemplate":"https:\/\/latamjournalismreview.org\/pt-br\/?s={search_term_string}"},"query-input":{"@type":"PropertyValueSpecification","valueRequired":true,"valueName":"search_term_string"}}],"inLanguage":"pt-BR"},{"@type":"Organization","@id":"https:\/\/latamjournalismreview.org\/pt-br\/#organization","name":"LatAm Journalism Review","url":"https:\/\/latamjournalismreview.org\/pt-br\/","logo":{"@type":"ImageObject","inLanguage":"pt-BR","@id":"https:\/\/latamjournalismreview.org\/pt-br\/#\/schema\/logo\/image\/","url":"https:\/\/latamjournalismreview.org\/wp-content\/uploads\/2020\/05\/knight-latAm-review-logo.svg","contentUrl":"https:\/\/latamjournalismreview.org\/wp-content\/uploads\/2020\/05\/knight-latAm-review-logo.svg","width":"1024","height":"1024","caption":"LatAm Journalism Review"},"image":{"@id":"https:\/\/latamjournalismreview.org\/pt-br\/#\/schema\/logo\/image\/"},"sameAs":["https:\/\/x.com\/LatAmJournalism"]},{"@type":"Person","@id":"https:\/\/latamjournalismreview.org\/pt-br\/#\/schema\/person\/eac7baa6afada0957e047be9fc15703a","name":"Silvia Higuera","description":"Silvia A. Higuera Fl\u00f3rez is a Colombian journalist interested in covering Latin American issues and human rights, especially the right to freedom of expression, and investigative journalism. She studied Social Communication and Journalism at Universidad Pontificia Bolivariana in Bucaramanga (Colombia), and received her Master's of Arts in Journalism from the University of Texas at Austin in 2015. She worked with the Office of the Special Rapporteur for Freedom of Expression of the Inter-American Commission on Human Rights (IACHR) under the Orlando Sierra fellowship during 2014. She also worked for the Colombian newspaper Vanguardia Liberal and wrote for different magazines about local, economic and public order issues. Her work has also appeared in The Miami Herald and El Nuevo Herald of Miami. Email: silvia.knightcenter@gmail.com Silvia A. Higuera Fl\u00f3rez es una periodista colombiana con inter\u00e9s period\u00edstico es Am\u00e9rica Latina y los derechos humanos, particularmente el derecho a la libertad de expresi\u00f3n, as\u00ed como el periodismo de investigaci\u00f3n. Estudi\u00f3 Comunicaci\u00f3n Social \u2013 Periodismo en la Universidad Pontificia Bolivariana de Bucaramanga (Colombia), y recibi\u00f3 su maestr\u00eda en Periodismo en la Universidad de Texas, en Austin en 2015. Trabaj\u00f3 para la Relator\u00eda Especial para la Libertad de Expresi\u00f3n de la Comisi\u00f3n Interamericana de Derechos Humanos (CIDH) en el marco de la beca Orlando Sierra, durante 2014. Tambi\u00e9n hizo parte del diario Vanguardia Liberal y escribi\u00f3 para otras revistas colombianas cubriendo fuentes locales, econ\u00f3micas y judiciales. Algunos de sus trabajos han aparecido en The Miami Herald y El Nuevo Herald de Miami. Silvia A. Higuera Fl\u00f3rez \u00e9 uma jornalista colombiana e seu interesse jornal\u00edstico \u00e9 a Am\u00e9rica Latina e os direitos humanos, nomeadamente o direito \u00e0 liberdade de express\u00e3o. Estudou Comunica\u00e7\u00e3o Social \u2013 Jornalismo na Universidade Pontif\u00edcia Bolivariana de Bucaramanga, na Col\u00f4mbia e completou seu mestrado em jornalismo na Universidade do Texas em Austin. Silvia trabalhou na Relatoria para a Liberdade de Express\u00e3o da CIDH pela bolsa Orlando Sierra, em 2014. Trabalhou para o jornal Vanguardia Liberal e escreveu para outras revistas colombianas cobrindo temas locais, econ\u00f4micas e judici\u00e1rias. Alguns de seus trabalhos apareceram no The Miami Herald e no El Nuevo Herald de Miami.","sameAs":["https:\/\/x.com\/shiguerita"],"url":"https:\/\/latamjournalismreview.org\/pt-br\/articles\/author\/silvia-higuera\/"}]}},"_links":{"self":[{"href":"https:\/\/latamjournalismreview.org\/pt-br\/wp-json\/wp\/v2\/posts\/165841","targetHints":{"allow":["GET"]}}],"collection":[{"href":"https:\/\/latamjournalismreview.org\/pt-br\/wp-json\/wp\/v2\/posts"}],"about":[{"href":"https:\/\/latamjournalismreview.org\/pt-br\/wp-json\/wp\/v2\/types\/post"}],"author":[{"embeddable":true,"href":"https:\/\/latamjournalismreview.org\/pt-br\/wp-json\/wp\/v2\/users\/13"}],"replies":[{"embeddable":true,"href":"https:\/\/latamjournalismreview.org\/pt-br\/wp-json\/wp\/v2\/comments?post=165841"}],"version-history":[{"count":3,"href":"https:\/\/latamjournalismreview.org\/pt-br\/wp-json\/wp\/v2\/posts\/165841\/revisions"}],"predecessor-version":[{"id":165874,"href":"https:\/\/latamjournalismreview.org\/pt-br\/wp-json\/wp\/v2\/posts\/165841\/revisions\/165874"}],"wp:featuredmedia":[{"embeddable":true,"href":"https:\/\/latamjournalismreview.org\/pt-br\/wp-json\/wp\/v2\/media\/165835"}],"wp:attachment":[{"href":"https:\/\/latamjournalismreview.org\/pt-br\/wp-json\/wp\/v2\/media?parent=165841"}],"wp:term":[{"taxonomy":"category","embeddable":true,"href":"https:\/\/latamjournalismreview.org\/pt-br\/wp-json\/wp\/v2\/categories?post=165841"},{"taxonomy":"post_tag","embeddable":true,"href":"https:\/\/latamjournalismreview.org\/pt-br\/wp-json\/wp\/v2\/tags?post=165841"},{"taxonomy":"author","embeddable":true,"href":"https:\/\/latamjournalismreview.org\/pt-br\/wp-json\/wp\/v2\/coauthors?post=165841"}],"curies":[{"name":"wp","href":"https:\/\/api.w.org\/{rel}","templated":true}]}}