{"id":165883,"date":"2026-05-01T08:10:22","date_gmt":"2026-05-01T13:10:22","guid":{"rendered":"https:\/\/latamjournalismreview.org\/?p=165883"},"modified":"2026-05-01T08:10:48","modified_gmt":"2026-05-01T13:10:48","slug":"para-informar-sobre-cr1men-e-f3minicidi0-os-meios-devem-escrever-em-codigo-para-enganar-o-algoritmo","status":"publish","type":"post","link":"https:\/\/latamjournalismreview.org\/pt-br\/articles\/para-informar-sobre-cr1men-e-f3minicidi0-os-meios-devem-escrever-em-codigo-para-enganar-o-algoritmo\/","title":{"rendered":"Para informar sobre cr1m\u20ac e f3minicidi0$, os meios devem escrever em c\u00f3digo para enganar o algoritmo"},"content":{"rendered":"<p><span style=\"font-weight: 400;\">Quando o portal de not\u00edcias En Blanco y Negro, da cidade de Chihuahua, no norte do M\u00e9xico, decidiu aumentar sua audi\u00eancia nas redes sociais, deparou-se com o fato de que as principais plataformas digitais frequentemente restringiam a visibilidade de temas como crime e inseguran\u00e7a.<\/span><span style=\"font-weight: 400;\">\u00a0\u00a0<\/span><\/p>\n<p><span style=\"font-weight: 400;\">A equipe do ve\u00edculo, liderada por seu ent\u00e3o diretor de not\u00edcias Roberto \u00c1lvarez, notou que as postagens que inclu\u00edam palavras como \u201cexecutado\u201d, \u201cdrogas\u201d ou \u201cnarco\u201d recebiam menos tr\u00e1fego, ou at\u00e9 eram penalizadas por supostas viola\u00e7\u00f5es das normas de conte\u00fado.\u00a0\u00a0<\/span><\/p>\n<p><span style=\"font-weight: 400;\">Foi ent\u00e3o que come\u00e7aram a adotar uma estrat\u00e9gia que influenciadores e criadores de conte\u00fado utilizam para driblar os algoritmos das redes sociais: inventar ou alterar palavras.\u00a0\u00a0<\/span><\/p>\n<div id=\"attachment_165860\" style=\"width: 325px\" class=\"wp-caption alignleft\"><img loading=\"lazy\" decoding=\"async\" aria-describedby=\"caption-attachment-165860\" class=\"wp-image-165860\" src=\"https:\/\/latamjournalismreview.org\/wp-content\/uploads\/2026\/04\/Algospeak-EByN-2.png\" alt=\"Captura de pantalla de una publicaci\u00f3n en Facebook del medio digital mexicano En Blanco y Negro.\" width=\"315\" height=\"400\" srcset=\"https:\/\/latamjournalismreview.org\/wp-content\/uploads\/2026\/04\/Algospeak-EByN-2.png 679w, https:\/\/latamjournalismreview.org\/wp-content\/uploads\/2026\/04\/Algospeak-EByN-2-236x300.png 236w\" sizes=\"auto, (max-width: 315px) 100vw, 315px\" \/><p id=\"caption-attachment-165860\" class=\"wp-caption-text\">Quando o meio digital En Blanco y Negro utiliza palavras alteradas em suas manchetes, o tr\u00e1fego aumenta. (Foto: En Blanco y Negro no Facebook)<\/p><\/div>\n<p><span style=\"font-weight: 400;\">\u201c\u2018Executar\u2019 \u00e9 a palavra que mais usamos no M\u00e9xico para dizer que algu\u00e9m foi assassinado a tiros\u201d, disse \u00c1lvarez ao LatAm Journalism Review (LJR). \u201cO que pod\u00edamos fazer para n\u00e3o correr riscos? Come\u00e7amos a usar a palavra \u2018desviver\u2019, que n\u00e3o existe, n\u00e3o est\u00e1 no dicion\u00e1rio\u201d.\u00a0\u00a0<\/span><\/p>\n<p><span style=\"font-weight: 400;\">A equipe tamb\u00e9m passou a mudar a ortografia das palavras por um equivalente formado por letras, n\u00fameros e s\u00edmbolos. Assim, \u201cexecutar\u201d virou \u201c3jecut4r\u201d, \u201cdrogas\u201d em \u201cdr0g4s\u201d, e \u201cnarco\u201d em \u201cn@rc\u00f8\u201d.\u00a0\u00a0<\/span><\/p>\n<p><span style=\"font-weight: 400;\">\u201cQuando come\u00e7amos a ver o tr\u00e1fego em tempo real e percebemos que est\u00e1 muito baixo, mudamos imediatamente as palavras ou as inventamos conforme uma g\u00edria mais daqui de Chihuahua e rapidamente a pr\u00f3pria publica\u00e7\u00e3o come\u00e7a a aumentar seu tr\u00e1fego\u201d, disse \u00c1lvarez.\u00a0\u00a0<\/span><\/p>\n<p><span style=\"font-weight: 400;\">O caso de En Blanco y Negro ilustra uma pr\u00e1tica nas redes sociais cada vez mais difundida entre os meios de comunica\u00e7\u00e3o: alterar a linguagem para evitar a modera\u00e7\u00e3o algor\u00edtmica. Conhecida como \u201calgospeak\u201d, essa estrat\u00e9gia busca manter a visibilidade dos conte\u00fados e evitar san\u00e7\u00f5es, embora tamb\u00e9m possa gerar rejei\u00e7\u00e3o dos leitores e afetar a clareza das mensagens.\u00a0\u00a0<\/span><\/p>\n<p><span style=\"font-weight: 400;\">O \u201calgospeak\u201d, dos termos \u201calgoritmo\u201d e \u201cspeak\u201d (falar em ingl\u00eas), consiste em modificar, substituir ou disfar\u00e7ar palavras consideradas sens\u00edveis por meio de eufemismos, altera\u00e7\u00f5es ortogr\u00e1ficas ou s\u00edmbolos.<\/span><span style=\"font-weight: 400;\">\u00a0\u00a0<\/span><\/p>\n<p><span style=\"font-weight: 400;\">Seu uso nas not\u00edcias n\u00e3o \u00e9 isolado. Uma pesquisa da Universidade Aut\u00f4noma de Chihuahua (UACH), publicada em setembro de 2025 na revista acad\u00eamica Doxa, documentou como pelo menos tr\u00eas ve\u00edculos digitais dessa cidade est\u00e3o adaptando sua linguagem no Facebook para evitar a modera\u00e7\u00e3o algor\u00edtmica.\u00a0\u00a0<\/span><\/p>\n<p><span style=\"font-weight: 400;\">A partir do estudo de 312 manchetes, a pesquisa, intitulada \u201c<\/span><a href=\"https:\/\/doxa.uach.mx\/index.php\/doxa\/article\/view\/383\"><span style=\"font-weight: 400;\">Quando o morto \u00e9 \u2018desvivido\u2019: o \u2018algospeak\u2019 jornal\u00edstico como resposta \u00e0 censura digital<\/span><\/a><span style=\"font-weight: 400;\">\u201d, constatou que jornalistas recorrem sistematicamente \u00e0 altera\u00e7\u00e3o ortogr\u00e1fica, aos eufemismos e, em menor medida, a s\u00edmbolos ou met\u00e1foras, para publicar conte\u00fados informativos principalmente sobre viol\u00eancia, mortes e seguran\u00e7a, sem serem penalizados pelas plataformas.\u00a0<\/span><\/p>\n<p><span style=\"font-weight: 400;\">\u201cEsta \u00e9 uma apresenta\u00e7\u00e3o inovadora de uma problem\u00e1tica que o jornalista sempre teve, que \u00e9 evitar a censura\u201d, disse ao LJR Mario Alberto Valdez, jornalista, professor da UACH e um dos autores da pesquisa. \u201cAgora vemos isso sob uma perspectiva tecnol\u00f3gica\u201d.\u00a0\u00a0<\/span><\/p>\n<p><span style=\"font-weight: 400;\">A pesquisa constatou que mais de 90% das publica\u00e7\u00f5es recorreram \u00e0 altera\u00e7\u00e3o ortogr\u00e1fica de palavras sens\u00edveis, seguida pelo uso de eufemismos lexicais, ou seja, palavras ou express\u00f5es para substituir outras consideradas ofensivas. A maioria das manchetes com palavras alteradas concentrou-se em publica\u00e7\u00f5es sobre mortes, seguran\u00e7a e narcotr\u00e1fico, e em menor medida em conte\u00fados sobre drogas, sexualidade e abusos de direitos humanos.\u00a0\u00a0<\/span><\/p>\n<p><span style=\"font-weight: 400;\">O fato de que os temas policiais sejam os mais penalizados pelas redes sociais representa um desafio para os meios de comunica\u00e7\u00e3o de estados como Chihuahua, onde esse tipo de not\u00edcia est\u00e1 entre os mais consumidos pelo p\u00fablico, disse Valdez.\u00a0\u00a0<\/span><\/p>\n<p><span style=\"font-weight: 400;\">Mas os temas de viol\u00eancia n\u00e3o s\u00e3o os \u00fanicos restringidos pelos algoritmos. Perfis que abordam quest\u00f5es de g\u00eanero tamb\u00e9m precisam recorrer ao \u201calgospeak\u201d para que seu conte\u00fado alcance seu p\u00fablico, segundo outra pesquisa, <\/span><a href=\"https:\/\/lacaderadeeva.com\/investigaciones\/censura-algoritmica\"><span style=\"font-weight: 400;\">publicada em mar\u00e7o de 2026 pelo ve\u00edculo mexicano La Cadera de Eva e pela organiza\u00e7\u00e3o Art\u00edculo 19. <\/span><\/a><span style=\"font-weight: 400;\">\u00a0<\/span><\/p>\n<p><span style=\"font-weight: 400;\">Sof\u00eda M\u00e1rquez, criadora de conte\u00fado e fundadora da plataforma sobre feminismo e viol\u00eancia de g\u00eanero <\/span><a href=\"https:\/\/www.instagram.com\/werwomenonfire\/\"><span style=\"font-weight: 400;\">We R Women On Fire<\/span><\/a><span style=\"font-weight: 400;\">, com sede em Tijuana, disse que em muitas de suas publica\u00e7\u00f5es no Instagram precisa alterar os termos.\u00a0\u00a0<\/span><\/p>\n<p><span style=\"font-weight: 400;\">\u201cH\u00e1 penaliza\u00e7\u00f5es que v\u00e3o desde a remo\u00e7\u00e3o completa do conte\u00fado, retirada do uso de certas ferramentas \u2014 em uma ocasi\u00e3o me bloquearam a op\u00e7\u00e3o de fazer lives por seis meses \u2014 at\u00e9 o risco de apagarem sua conta completamente\u201d, disse M\u00e1rquez ao LJR.\u00a0\u00a0<\/span><\/p>\n<p><span style=\"font-weight: 400;\">Em suas publica\u00e7\u00f5es, que acompanham casos de viol\u00eancia contra mulheres e movimentos feministas, \u00e9 poss\u00edvel ver termos como \u201cv1olador\u201d, \u201cs3xual\u201d e \u201cf3minicid4\u201d, tanto em texto quanto em imagens.\u00a0<\/span><\/p>\n<p><span style=\"font-weight: 400;\">\u201c\u00c9 impressionante como o conte\u00fado informativo, reflexivo e consciente sempre \u00e9 censurado, enquanto outros conte\u00fados que reproduzem viol\u00eancias s\u00e3o difundidos com mais for\u00e7a dentro do algoritmo patriarcal que vemos nas redes sociais\u201d, disse M\u00e1rquez.\u00a0 <\/span><\/p>\n<h3 id=\"eb34c09bd36316cfa234c95a209c661ca\" dir=\"ltr\">O mesmo, mas com outras palavras<\/h3>\n<p><span style=\"font-weight: 400;\">Entre 2023 e 2025, quando a crise migrat\u00f3ria no M\u00e9xico teve v\u00e1rios picos, as plataformas da Meta costumavam penalizar o conte\u00fado do En Blanco y Negro relacionado \u00e0 migra\u00e7\u00e3o, disse \u00c1lvarez.\u00a0\u00a0<\/span><\/p>\n<div id=\"attachment_165857\" style=\"width: 278px\" class=\"wp-caption alignright\"><img loading=\"lazy\" decoding=\"async\" aria-describedby=\"caption-attachment-165857\" class=\"wp-image-165857\" src=\"https:\/\/latamjournalismreview.org\/wp-content\/uploads\/2026\/04\/Algospeak-WomenOnFire.png\" alt=\"Tel\u00e9fono m\u00f3vil mostrando un video con un texto sensacionalista, detr\u00e1s de la silueta de una presentadora.\" width=\"268\" height=\"400\" srcset=\"https:\/\/latamjournalismreview.org\/wp-content\/uploads\/2026\/04\/Algospeak-WomenOnFire.png 680w, https:\/\/latamjournalismreview.org\/wp-content\/uploads\/2026\/04\/Algospeak-WomenOnFire-201x300.png 201w\" sizes=\"auto, (max-width: 268px) 100vw, 268px\" \/><p id=\"caption-attachment-165857\" class=\"wp-caption-text\">A plataforma sobre temas feministas e de g\u00eanero We R Women On Fire altera certos termos em seu conte\u00fado para evitar penaliza\u00e7\u00f5es nas redes sociais. (Foto: We R Women On Fire no Instagram e Canva)<\/p><\/div>\n<p dir=\"ltr\"><span style=\"font-weight: 400;\">\u201cSe voc\u00ea colocasse a palavra <\/span><a href=\"https:\/\/about.fb.com\/news\/2025\/01\/meta-more-speech-fewer-mistakes\/\"><span style=\"font-weight: 400;\">\u2018imigrante\u2019 ou \u2018indocumentados\u2019<\/span><\/a><span style=\"font-weight: 400;\"> no Facebook, eles poderiam at\u00e9 aplicar um \u2018banimento\u2019 de um dia na conta\u201d, disse \u00c1lvarez. \u201cA notifica\u00e7\u00e3o dizia \u2018possivelmente voc\u00ea esteja incorrendo em uma viola\u00e7\u00e3o de nossas pol\u00edticas de viol\u00eancia ou discrimina\u00e7\u00e3o\u2019. E n\u00f3s pens\u00e1vamos \u2018claro que n\u00e3o, estou informando!\u2019 <\/span><\/p>\n<p><span style=\"font-weight: 400;\">Foi ent\u00e3o que a reda\u00e7\u00e3o encontrou uma alternativa nos eufemismos. Para evitar dizer \u201cimigrantes\u201d, optaram por usar \u201cpessoas em situa\u00e7\u00e3o de mobilidade\u201d.\u00a0\u00a0<\/span><\/p>\n<p><span style=\"font-weight: 400;\">\u00c0s vezes os eufemismos escolhidos beiravam o sensacionalismo, reconheceu \u00c1lvarez. Em uma ocasi\u00e3o, o ve\u00edculo reportou sobre abusos sexuais contra menores em uma regi\u00e3o marginalizada de Chihuahua.\u00a0\u00a0<\/span><\/p>\n<p><span style=\"font-weight: 400;\">Foi ent\u00e3o que decidiram usar o eufemismo: \u201cPredador \u2018levou ao prato\u2019 500 crian\u00e7as em Punta Oriente\u201d. Embora alguns leitores tenham demonstrado inc\u00f4modo, disse \u00c1lvarez, o ve\u00edculo optou por isso para que a not\u00edcia n\u00e3o fosse invisibilizada.\u00a0\u00a0<\/span><\/p>\n<p><span style=\"font-weight: 400;\">\u201cCuriosamente, sendo mais sensacionalistas o Facebook nos trouxe tr\u00e1fego\u201d, disse \u00c1lvarez. \u201cTem que ser assim porque n\u00e3o vamos fazer o favor a nenhuma autoridade de n\u00e3o informar\u201d.\u00a0\u00a0<\/span><\/p>\n<p><strong>Visibilidade vs. clareza<\/strong><\/p>\n<p><span style=\"font-weight: 400;\">A Meta <\/span><a href=\"https:\/\/transparency.meta.com\/features\/approach-to-ranking\/content-distribution-guidelines\/content-likely-violating-our-community-standards\/\"><span style=\"font-weight: 400;\">indica em seu site<\/span><\/a><span style=\"font-weight: 400;\"> que seus sistemas reduzem a exposi\u00e7\u00e3o de conte\u00fados que violam suas normas da comunidade, \u201ca fim de minimizar danos potenciais\u201d. Isso inclui conte\u00fado relacionado a viol\u00eancia gr\u00e1fica, linguagem que incita o \u00f3dio, suic\u00eddio, automutila\u00e7\u00e3o e fraudes.\u00a0\u00a0<\/span><\/p>\n<p><span style=\"font-weight: 400;\">A empresa afirma que permite esse conte\u00fado sens\u00edvel se for \u201cde interesse jornal\u00edstico\u201d, mas antes o submete a uma <\/span><a href=\"https:\/\/transparency.meta.com\/features\/approach-to-newsworthy-content\/\"><span style=\"font-weight: 400;\">an\u00e1lise baseada nos direitos humanos<\/span><\/a><span style=\"font-weight: 400;\">.\u00a0\u00a0<\/span><\/p>\n<p><span style=\"font-weight: 400;\">No entanto, se um ve\u00edculo ou jornalista discorda de uma decis\u00e3o da plataforma, n\u00e3o h\u00e1 muito o que fazer, disse \u00c1lvarez.\u00a0\u00a0<\/span><\/p>\n<p><span style=\"font-weight: 400;\">\u201cPara resolverem um problema, voc\u00ea pode enviar um recurso, mas tudo \u00e9 muito automatizado\u201d, disse. \u201c\u00c9 quase imposs\u00edvel entrar em contato com algu\u00e9m\u201d.\u00a0\u00a0<\/span><\/p>\n<p><span style=\"font-weight: 400;\">Embora o \u201calgospeak\u201d ajude a difundir informa\u00e7\u00f5es de interesse p\u00fablico, tamb\u00e9m \u00e9 verdade que a clareza jornal\u00edstica pode ser comprometida, de acordo com a pesquisa da UACH.\u00a0\u00a0<\/span><\/p>\n<p><span style=\"font-weight: 400;\">\u201cOs jovens entendem imediatamente o porqu\u00ea dessas estrat\u00e9gias porque vivem isso no dia a dia\u201d, disse Valdez. \u201cMas encontramos perfis de pessoas mais velhas que n\u00e3o entendiam essa forma de lidar com a informa\u00e7\u00e3o\u201d.\u00a0\u00a0<\/span><\/p>\n<p><span style=\"font-weight: 400;\">M\u00e1rquez disse que \u00e0s vezes os seguidores do We R Women On Fire percebem a altera\u00e7\u00e3o de palavras como falta de seriedade ou como uma forma de suavizar o conte\u00fado.\u00a0\u00a0<\/span><\/p>\n<p><span style=\"font-weight: 400;\">\u201cGosto sempre de compartilhar os fatos como s\u00e3o, sem esconder nem maquiar nada, e ao censurar palavras ou imagens, h\u00e1 pessoas do p\u00fablico que questionam por que fa\u00e7o isso\u201d, disse. \u201cAssumem que \u00e9 por n\u00e3o querer mostrar toda a realidade\u201d.<\/span><\/p>\n<p><span style=\"font-weight: 400;\">Quando leitores do En Blanco y Negro expressaram seu descontentamento com a altera\u00e7\u00e3o de palavras e o uso de eufemismos, o ve\u00edculo explicou a raz\u00e3o em um artigo escrito por <\/span><a href=\"https:\/\/enblancoynegro.com.mx\/2025\/08\/31\/supervivencia-digitaldesvivir-balas-frias-c-o-dulces-encricoladas\/?fbclid=IwY2xjawRYSMRleHRuA2FlbQIxMABicmlkETE2RnpDQU95Q2NtZ0pzelJLc3J0YwZhcHBfaWQQMjIyMDM5MTc4ODIwMDg5MgABHnvUAsBpJOvPpKgB00JGHk5MGrZ_QXQS0DYFebquGCpOPt956T24PWCuYYLf_aem_drX67jBuHpJLORHuhC173Q\"><span style=\"font-weight: 400;\">\u00c1lvarez em agosto de 2025<\/span><\/a><span style=\"font-weight: 400;\"> para esclarecer que o \u201calgospeak\u201d era uma estrat\u00e9gia necess\u00e1ria.\u00a0\u00a0<\/span><\/p>\n<p><span style=\"font-weight: 400;\">A mat\u00e9ria inclui um gloss\u00e1rio de 30 termos que o ve\u00edculo modifica rotineiramente em \u00e1reas como crime organizado, mortes e delitos sexuais.\u00a0\u00a0<\/span><\/p>\n<p><span style=\"font-weight: 400;\">\u201cEm poucas palavras\u201d, conclui, \u201cn\u00e3o \u00e9 ignor\u00e2ncia, \u00e9 sobreviv\u00eancia digital\u201d.<\/span><\/p>\n<div id=\"attachment_165863\" style=\"width: 461px\" class=\"wp-caption aligncenter\"><img loading=\"lazy\" decoding=\"async\" aria-describedby=\"caption-attachment-165863\" class=\"wp-image-165863\" src=\"https:\/\/latamjournalismreview.org\/wp-content\/uploads\/2026\/04\/Algospeak-EByN.png\" alt=\"Captura de pantalla del encabezado de un art\u00edculo en el sitio web del medio mexicano En Blanco y Negro.\" width=\"451\" height=\"302\" srcset=\"https:\/\/latamjournalismreview.org\/wp-content\/uploads\/2026\/04\/Algospeak-EByN.png 1014w, https:\/\/latamjournalismreview.org\/wp-content\/uploads\/2026\/04\/Algospeak-EByN-300x201.png 300w, https:\/\/latamjournalismreview.org\/wp-content\/uploads\/2026\/04\/Algospeak-EByN-768x515.png 768w, https:\/\/latamjournalismreview.org\/wp-content\/uploads\/2026\/04\/Algospeak-EByN-507x340.png 507w, https:\/\/latamjournalismreview.org\/wp-content\/uploads\/2026\/04\/Algospeak-EByN-350x234.png 350w\" sizes=\"auto, (max-width: 451px) 100vw, 451px\" \/><p id=\"caption-attachment-165863\" class=\"wp-caption-text\">En Blanco y Negro compartilhou uma imagem na qual explicava as raz\u00f5es para utilizar o \u201calgospeak\u201d. (Foto: Captura de tela de enblancoynegro.com.mx e Canva)<\/p><\/div>\n","protected":false},"excerpt":{"rendered":"<p>Meios e criadores de conte\u00fado recorrem ao \u201calgospeak\u201d, a altera\u00e7\u00e3o de palavras ou o uso de eufemismos para manter visibilidade e evitar restri\u00e7\u00f5es nas redes sociais.<\/p>\n","protected":false},"author":19,"featured_media":165853,"comment_status":"closed","ping_status":"closed","sticky":false,"template":"","format":"standard","meta":{"inline_featured_image":false,"footnotes":""},"categories":[3051,3058],"tags":[2050,1394,2089],"coauthors":[2753],"class_list":["post-165883","post","type-post","status-publish","format-standard","has-post-thumbnail","hentry","category-analise-de-midia","category-midias-sociais","tag-censura-pt-br","tag-mexico-pt-br","tag-pesquisa-academica"],"acf":[],"yoast_head":"<!-- This site is optimized with the Yoast SEO Premium plugin v22.6 (Yoast SEO v27.4) - https:\/\/yoast.com\/product\/yoast-seo-premium-wordpress\/ -->\n<title>Para informar sobre cr1m\u20ac e f3minicidi0$, os meios devem escrever em c\u00f3digo para enganar o algoritmo - LatAm Journalism Review by the Knight Center<\/title>\n<meta name=\"description\" content=\"Para informar sobre cr1m\u20ac e f3minicidi0$, os meios devem escrever em c\u00f3digo para enganar o algoritmo M\u00eddias sociais. Latin American Journalism Review by The Knight Center at The University of Texas at Austin.\" \/>\n<meta name=\"robots\" content=\"index, follow, max-snippet:-1, max-image-preview:large, max-video-preview:-1\" \/>\n<link rel=\"canonical\" href=\"https:\/\/latamjournalismreview.org\/pt-br\/articles\/para-informar-sobre-cr1men-e-f3minicidi0-os-meios-devem-escrever-em-codigo-para-enganar-o-algoritmo\/\" \/>\n<meta property=\"og:locale\" content=\"pt_BR\" \/>\n<meta property=\"og:type\" content=\"article\" \/>\n<meta property=\"og:title\" content=\"Para informar sobre cr1m\u20ac e f3minicidi0$, os meios devem escrever em c\u00f3digo para enganar o algoritmo\" \/>\n<meta property=\"og:description\" content=\"Para informar sobre cr1m\u20ac e f3minicidi0$, os meios devem escrever em c\u00f3digo para enganar o algoritmo M\u00eddias sociais. Latin American Journalism Review by The Knight Center at The University of Texas at Austin.\" \/>\n<meta property=\"og:url\" content=\"https:\/\/latamjournalismreview.org\/pt-br\/articles\/para-informar-sobre-cr1men-e-f3minicidi0-os-meios-devem-escrever-em-codigo-para-enganar-o-algoritmo\/\" \/>\n<meta property=\"og:site_name\" content=\"LatAm Journalism Review by the Knight Center\" \/>\n<meta property=\"article:published_time\" content=\"2026-05-01T13:10:22+00:00\" \/>\n<meta property=\"article:modified_time\" content=\"2026-05-01T13:10:48+00:00\" \/>\n<meta property=\"og:image\" content=\"https:\/\/latamjournalismreview.org\/wp-content\/uploads\/2026\/04\/FEATURED-Algospeak.png\" \/>\n\t<meta property=\"og:image:width\" content=\"507\" \/>\n\t<meta property=\"og:image:height\" content=\"340\" \/>\n\t<meta property=\"og:image:type\" content=\"image\/png\" \/>\n<meta name=\"author\" content=\"C\u00e9sar L\u00f3pez Linares\" \/>\n<meta name=\"twitter:card\" content=\"summary_large_image\" \/>\n<meta name=\"twitter:creator\" content=\"@cesarisch\" \/>\n<meta name=\"twitter:site\" content=\"@LatAmJournalism\" \/>\n<meta name=\"twitter:label1\" content=\"Written by\" \/>\n\t<meta name=\"twitter:data1\" content=\"C\u00e9sar L\u00f3pez Linares\" \/>\n\t<meta name=\"twitter:label2\" content=\"Est. reading time\" \/>\n\t<meta name=\"twitter:data2\" content=\"8 minutos\" \/>\n<script type=\"application\/ld+json\" class=\"yoast-schema-graph\">{\"@context\":\"https:\\\/\\\/schema.org\",\"@graph\":[{\"@type\":\"Article\",\"@id\":\"https:\\\/\\\/latamjournalismreview.org\\\/pt-br\\\/articles\\\/para-informar-sobre-cr1men-e-f3minicidi0-os-meios-devem-escrever-em-codigo-para-enganar-o-algoritmo\\\/#article\",\"isPartOf\":{\"@id\":\"https:\\\/\\\/latamjournalismreview.org\\\/pt-br\\\/articles\\\/para-informar-sobre-cr1men-e-f3minicidi0-os-meios-devem-escrever-em-codigo-para-enganar-o-algoritmo\\\/\"},\"author\":{\"name\":\"C\u00e9sar L\u00f3pez Linares\",\"@id\":\"https:\\\/\\\/latamjournalismreview.org\\\/pt-br\\\/#\\\/schema\\\/person\\\/dcf6dcdd6226ac8d939e2796645d17c6\"},\"headline\":\"Para informar sobre cr1m\u20ac e f3minicidi0$, os meios devem escrever em c\u00f3digo para enganar o algoritmo\",\"datePublished\":\"2026-05-01T13:10:22+00:00\",\"dateModified\":\"2026-05-01T13:10:48+00:00\",\"mainEntityOfPage\":{\"@id\":\"https:\\\/\\\/latamjournalismreview.org\\\/pt-br\\\/articles\\\/para-informar-sobre-cr1men-e-f3minicidi0-os-meios-devem-escrever-em-codigo-para-enganar-o-algoritmo\\\/\"},\"wordCount\":1550,\"publisher\":{\"@id\":\"https:\\\/\\\/latamjournalismreview.org\\\/pt-br\\\/#organization\"},\"image\":{\"@id\":\"https:\\\/\\\/latamjournalismreview.org\\\/pt-br\\\/articles\\\/para-informar-sobre-cr1men-e-f3minicidi0-os-meios-devem-escrever-em-codigo-para-enganar-o-algoritmo\\\/#primaryimage\"},\"thumbnailUrl\":\"https:\\\/\\\/latamjournalismreview.org\\\/wp-content\\\/uploads\\\/2026\\\/04\\\/FEATURED-Algospeak.png\",\"keywords\":[\"Censura\",\"M\u00e9xico\",\"Pesquisa Acad\u00eamica\"],\"articleSection\":[\"An\u00e1lise de m\u00eddia\",\"M\u00eddias sociais\"],\"inLanguage\":\"pt-BR\"},{\"@type\":\"WebPage\",\"@id\":\"https:\\\/\\\/latamjournalismreview.org\\\/pt-br\\\/articles\\\/para-informar-sobre-cr1men-e-f3minicidi0-os-meios-devem-escrever-em-codigo-para-enganar-o-algoritmo\\\/\",\"url\":\"https:\\\/\\\/latamjournalismreview.org\\\/pt-br\\\/articles\\\/para-informar-sobre-cr1men-e-f3minicidi0-os-meios-devem-escrever-em-codigo-para-enganar-o-algoritmo\\\/\",\"name\":\"Para informar sobre cr1m\u20ac e f3minicidi0$, os meios devem escrever em c\u00f3digo para enganar o algoritmo - LatAm Journalism Review by the Knight Center\",\"isPartOf\":{\"@id\":\"https:\\\/\\\/latamjournalismreview.org\\\/pt-br\\\/#website\"},\"primaryImageOfPage\":{\"@id\":\"https:\\\/\\\/latamjournalismreview.org\\\/pt-br\\\/articles\\\/para-informar-sobre-cr1men-e-f3minicidi0-os-meios-devem-escrever-em-codigo-para-enganar-o-algoritmo\\\/#primaryimage\"},\"image\":{\"@id\":\"https:\\\/\\\/latamjournalismreview.org\\\/pt-br\\\/articles\\\/para-informar-sobre-cr1men-e-f3minicidi0-os-meios-devem-escrever-em-codigo-para-enganar-o-algoritmo\\\/#primaryimage\"},\"thumbnailUrl\":\"https:\\\/\\\/latamjournalismreview.org\\\/wp-content\\\/uploads\\\/2026\\\/04\\\/FEATURED-Algospeak.png\",\"datePublished\":\"2026-05-01T13:10:22+00:00\",\"dateModified\":\"2026-05-01T13:10:48+00:00\",\"description\":\"Para informar sobre cr1m\u20ac e f3minicidi0$, os meios devem escrever em c\u00f3digo para enganar o algoritmo M\u00eddias sociais. Latin American Journalism Review by The Knight Center at The University of Texas at Austin.\",\"breadcrumb\":{\"@id\":\"https:\\\/\\\/latamjournalismreview.org\\\/pt-br\\\/articles\\\/para-informar-sobre-cr1men-e-f3minicidi0-os-meios-devem-escrever-em-codigo-para-enganar-o-algoritmo\\\/#breadcrumb\"},\"inLanguage\":\"pt-BR\",\"potentialAction\":[{\"@type\":\"ReadAction\",\"target\":[\"https:\\\/\\\/latamjournalismreview.org\\\/pt-br\\\/articles\\\/para-informar-sobre-cr1men-e-f3minicidi0-os-meios-devem-escrever-em-codigo-para-enganar-o-algoritmo\\\/\"]}]},{\"@type\":\"ImageObject\",\"inLanguage\":\"pt-BR\",\"@id\":\"https:\\\/\\\/latamjournalismreview.org\\\/pt-br\\\/articles\\\/para-informar-sobre-cr1men-e-f3minicidi0-os-meios-devem-escrever-em-codigo-para-enganar-o-algoritmo\\\/#primaryimage\",\"url\":\"https:\\\/\\\/latamjournalismreview.org\\\/wp-content\\\/uploads\\\/2026\\\/04\\\/FEATURED-Algospeak.png\",\"contentUrl\":\"https:\\\/\\\/latamjournalismreview.org\\\/wp-content\\\/uploads\\\/2026\\\/04\\\/FEATURED-Algospeak.png\",\"width\":507,\"height\":340,\"caption\":\"Robot en uniforme de guardia de indica avanzar mientras dispositivos m\u00f3viles atraviesan el arco de rayos X. (Foto: Generada por IA con OpenAI y Canva)\"},{\"@type\":\"BreadcrumbList\",\"@id\":\"https:\\\/\\\/latamjournalismreview.org\\\/pt-br\\\/articles\\\/para-informar-sobre-cr1men-e-f3minicidi0-os-meios-devem-escrever-em-codigo-para-enganar-o-algoritmo\\\/#breadcrumb\",\"itemListElement\":[{\"@type\":\"ListItem\",\"position\":1,\"name\":\"Home\",\"item\":\"https:\\\/\\\/latamjournalismreview.org\\\/pt-br\\\/\"},{\"@type\":\"ListItem\",\"position\":2,\"name\":\"Para informar sobre cr1m\u20ac e f3minicidi0$, os meios devem escrever em c\u00f3digo para enganar o algoritmo\"}]},{\"@type\":\"WebSite\",\"@id\":\"https:\\\/\\\/latamjournalismreview.org\\\/pt-br\\\/#website\",\"url\":\"https:\\\/\\\/latamjournalismreview.org\\\/pt-br\\\/\",\"name\":\"LatAm Journalism Review\",\"description\":\"Digital magazine on journalism in Latin America\",\"publisher\":{\"@id\":\"https:\\\/\\\/latamjournalismreview.org\\\/pt-br\\\/#organization\"},\"potentialAction\":[{\"@type\":\"SearchAction\",\"target\":{\"@type\":\"EntryPoint\",\"urlTemplate\":\"https:\\\/\\\/latamjournalismreview.org\\\/pt-br\\\/?s={search_term_string}\"},\"query-input\":{\"@type\":\"PropertyValueSpecification\",\"valueRequired\":true,\"valueName\":\"search_term_string\"}}],\"inLanguage\":\"pt-BR\"},{\"@type\":\"Organization\",\"@id\":\"https:\\\/\\\/latamjournalismreview.org\\\/pt-br\\\/#organization\",\"name\":\"LatAm Journalism Review\",\"url\":\"https:\\\/\\\/latamjournalismreview.org\\\/pt-br\\\/\",\"logo\":{\"@type\":\"ImageObject\",\"inLanguage\":\"pt-BR\",\"@id\":\"https:\\\/\\\/latamjournalismreview.org\\\/pt-br\\\/#\\\/schema\\\/logo\\\/image\\\/\",\"url\":\"https:\\\/\\\/latamjournalismreview.org\\\/wp-content\\\/uploads\\\/2020\\\/05\\\/knight-latAm-review-logo.svg\",\"contentUrl\":\"https:\\\/\\\/latamjournalismreview.org\\\/wp-content\\\/uploads\\\/2020\\\/05\\\/knight-latAm-review-logo.svg\",\"width\":\"1024\",\"height\":\"1024\",\"caption\":\"LatAm Journalism Review\"},\"image\":{\"@id\":\"https:\\\/\\\/latamjournalismreview.org\\\/pt-br\\\/#\\\/schema\\\/logo\\\/image\\\/\"},\"sameAs\":[\"https:\\\/\\\/x.com\\\/LatAmJournalism\"]},{\"@type\":\"Person\",\"@id\":\"https:\\\/\\\/latamjournalismreview.org\\\/pt-br\\\/#\\\/schema\\\/person\\\/dcf6dcdd6226ac8d939e2796645d17c6\",\"name\":\"C\u00e9sar L\u00f3pez Linares\",\"description\":\"C\u00e9sar L\u00f3pez Linares began his career at the Mexican newspaper REFORMA as an entertainment and media co-editor. He has written for publications such as TODO Austin, Texas Music Magazine and The Austin Chronicle. C\u00e9sar has a Master's degree in Journalism from the University of Texas at Austin and a Bachelors degree in Communication from the National Autonomous University of Mexico. He previously wrote about innovation in journalism for the Gabo Foundation in Colombia and currently reports for the Knight Center's LatAmJournalism Review digital magazine. A native of Mexico City, C\u00e9sar has become a digital nomad combining content creation with his passion for travel. ________ C\u00e9sar L\u00f3pez Linares inici\u00f3 su carrera en el diario mexicano REFORMA como coeditor de entretenimiento y medios. Ha escrito para publicaciones como TODO Austin, Texas Music Magazine y The Austin Chronicle. C\u00e9sar tiene una Maestr\u00eda en Periodismo de la Universidad de Texas en Austin y una Licenciatura en Comunicaci\u00f3n de la Universidad Nacional Aut\u00f3noma de M\u00e9xico. Previamente escribi\u00f3 sobre innovaci\u00f3n en periodismo para la Fundaci\u00f3n Gabo en Colombia y actualmente escribe para la revista digital LatAmJournalism Review del Centro Knight. Originario de la Ciudad de M\u00e9xico, C\u00e9sar se ha convertido en un n\u00f3mada digital que combina la creaci\u00f3n de contenido con su pasi\u00f3n por viajar. _________ C\u00e9sar L\u00f3pez Linares come\u00e7ou sua carreira no jornal mexicano REFORMA como coeditor de entretenimento e m\u00eddia. Ele escreveu para publica\u00e7\u00f5es como TODO Austin, Texas Music Magazine e The Austin Chronicle. C\u00e9sar tem mestrado em jornalismo pela University of Texas em Austin e \u00e9 bacharel em comunica\u00e7\u00e3o pela Universidad Nacional Aut\u00f3noma de M\u00e9xico. Antes disso, ele escreveu sobre inova\u00e7\u00e3o no jornalismo para a Funda\u00e7\u00e3o Gabo na Col\u00f4mbia. Atualmente escreve para a revista digital LatAmJournalism Review do Centro Knight. Nascido na Cidade do M\u00e9xico, C\u00e9sar se tornou um n\u00f4made digital combinando a cria\u00e7\u00e3o de conte\u00fado com sua paix\u00e3o por viagens.\",\"sameAs\":[\"https:\\\/\\\/x.com\\\/cesarisch\"],\"url\":\"https:\\\/\\\/latamjournalismreview.org\\\/pt-br\\\/articles\\\/author\\\/cesar-lopez-linares\\\/\"}]}<\/script>\n<!-- \/ Yoast SEO Premium plugin. -->","yoast_head_json":{"title":"Para informar sobre cr1m\u20ac e f3minicidi0$, os meios devem escrever em c\u00f3digo para enganar o algoritmo - LatAm Journalism Review by the Knight Center","description":"Para informar sobre cr1m\u20ac e f3minicidi0$, os meios devem escrever em c\u00f3digo para enganar o algoritmo M\u00eddias sociais. Latin American Journalism Review by The Knight Center at The University of Texas at Austin.","robots":{"index":"index","follow":"follow","max-snippet":"max-snippet:-1","max-image-preview":"max-image-preview:large","max-video-preview":"max-video-preview:-1"},"canonical":"https:\/\/latamjournalismreview.org\/pt-br\/articles\/para-informar-sobre-cr1men-e-f3minicidi0-os-meios-devem-escrever-em-codigo-para-enganar-o-algoritmo\/","og_locale":"pt_BR","og_type":"article","og_title":"Para informar sobre cr1m\u20ac e f3minicidi0$, os meios devem escrever em c\u00f3digo para enganar o algoritmo","og_description":"Para informar sobre cr1m\u20ac e f3minicidi0$, os meios devem escrever em c\u00f3digo para enganar o algoritmo M\u00eddias sociais. Latin American Journalism Review by The Knight Center at The University of Texas at Austin.","og_url":"https:\/\/latamjournalismreview.org\/pt-br\/articles\/para-informar-sobre-cr1men-e-f3minicidi0-os-meios-devem-escrever-em-codigo-para-enganar-o-algoritmo\/","og_site_name":"LatAm Journalism Review by the Knight Center","article_published_time":"2026-05-01T13:10:22+00:00","article_modified_time":"2026-05-01T13:10:48+00:00","og_image":[{"width":507,"height":340,"url":"https:\/\/latamjournalismreview.org\/wp-content\/uploads\/2026\/04\/FEATURED-Algospeak.png","type":"image\/png"}],"author":"C\u00e9sar L\u00f3pez Linares","twitter_card":"summary_large_image","twitter_creator":"@cesarisch","twitter_site":"@LatAmJournalism","twitter_misc":{"Written by":"C\u00e9sar L\u00f3pez Linares","Est. reading time":"8 minutos"},"schema":{"@context":"https:\/\/schema.org","@graph":[{"@type":"Article","@id":"https:\/\/latamjournalismreview.org\/pt-br\/articles\/para-informar-sobre-cr1men-e-f3minicidi0-os-meios-devem-escrever-em-codigo-para-enganar-o-algoritmo\/#article","isPartOf":{"@id":"https:\/\/latamjournalismreview.org\/pt-br\/articles\/para-informar-sobre-cr1men-e-f3minicidi0-os-meios-devem-escrever-em-codigo-para-enganar-o-algoritmo\/"},"author":{"name":"C\u00e9sar L\u00f3pez Linares","@id":"https:\/\/latamjournalismreview.org\/pt-br\/#\/schema\/person\/dcf6dcdd6226ac8d939e2796645d17c6"},"headline":"Para informar sobre cr1m\u20ac e f3minicidi0$, os meios devem escrever em c\u00f3digo para enganar o algoritmo","datePublished":"2026-05-01T13:10:22+00:00","dateModified":"2026-05-01T13:10:48+00:00","mainEntityOfPage":{"@id":"https:\/\/latamjournalismreview.org\/pt-br\/articles\/para-informar-sobre-cr1men-e-f3minicidi0-os-meios-devem-escrever-em-codigo-para-enganar-o-algoritmo\/"},"wordCount":1550,"publisher":{"@id":"https:\/\/latamjournalismreview.org\/pt-br\/#organization"},"image":{"@id":"https:\/\/latamjournalismreview.org\/pt-br\/articles\/para-informar-sobre-cr1men-e-f3minicidi0-os-meios-devem-escrever-em-codigo-para-enganar-o-algoritmo\/#primaryimage"},"thumbnailUrl":"https:\/\/latamjournalismreview.org\/wp-content\/uploads\/2026\/04\/FEATURED-Algospeak.png","keywords":["Censura","M\u00e9xico","Pesquisa Acad\u00eamica"],"articleSection":["An\u00e1lise de m\u00eddia","M\u00eddias sociais"],"inLanguage":"pt-BR"},{"@type":"WebPage","@id":"https:\/\/latamjournalismreview.org\/pt-br\/articles\/para-informar-sobre-cr1men-e-f3minicidi0-os-meios-devem-escrever-em-codigo-para-enganar-o-algoritmo\/","url":"https:\/\/latamjournalismreview.org\/pt-br\/articles\/para-informar-sobre-cr1men-e-f3minicidi0-os-meios-devem-escrever-em-codigo-para-enganar-o-algoritmo\/","name":"Para informar sobre cr1m\u20ac e f3minicidi0$, os meios devem escrever em c\u00f3digo para enganar o algoritmo - LatAm Journalism Review by the Knight Center","isPartOf":{"@id":"https:\/\/latamjournalismreview.org\/pt-br\/#website"},"primaryImageOfPage":{"@id":"https:\/\/latamjournalismreview.org\/pt-br\/articles\/para-informar-sobre-cr1men-e-f3minicidi0-os-meios-devem-escrever-em-codigo-para-enganar-o-algoritmo\/#primaryimage"},"image":{"@id":"https:\/\/latamjournalismreview.org\/pt-br\/articles\/para-informar-sobre-cr1men-e-f3minicidi0-os-meios-devem-escrever-em-codigo-para-enganar-o-algoritmo\/#primaryimage"},"thumbnailUrl":"https:\/\/latamjournalismreview.org\/wp-content\/uploads\/2026\/04\/FEATURED-Algospeak.png","datePublished":"2026-05-01T13:10:22+00:00","dateModified":"2026-05-01T13:10:48+00:00","description":"Para informar sobre cr1m\u20ac e f3minicidi0$, os meios devem escrever em c\u00f3digo para enganar o algoritmo M\u00eddias sociais. Latin American Journalism Review by The Knight Center at The University of Texas at Austin.","breadcrumb":{"@id":"https:\/\/latamjournalismreview.org\/pt-br\/articles\/para-informar-sobre-cr1men-e-f3minicidi0-os-meios-devem-escrever-em-codigo-para-enganar-o-algoritmo\/#breadcrumb"},"inLanguage":"pt-BR","potentialAction":[{"@type":"ReadAction","target":["https:\/\/latamjournalismreview.org\/pt-br\/articles\/para-informar-sobre-cr1men-e-f3minicidi0-os-meios-devem-escrever-em-codigo-para-enganar-o-algoritmo\/"]}]},{"@type":"ImageObject","inLanguage":"pt-BR","@id":"https:\/\/latamjournalismreview.org\/pt-br\/articles\/para-informar-sobre-cr1men-e-f3minicidi0-os-meios-devem-escrever-em-codigo-para-enganar-o-algoritmo\/#primaryimage","url":"https:\/\/latamjournalismreview.org\/wp-content\/uploads\/2026\/04\/FEATURED-Algospeak.png","contentUrl":"https:\/\/latamjournalismreview.org\/wp-content\/uploads\/2026\/04\/FEATURED-Algospeak.png","width":507,"height":340,"caption":"Robot en uniforme de guardia de indica avanzar mientras dispositivos m\u00f3viles atraviesan el arco de rayos X. (Foto: Generada por IA con OpenAI y Canva)"},{"@type":"BreadcrumbList","@id":"https:\/\/latamjournalismreview.org\/pt-br\/articles\/para-informar-sobre-cr1men-e-f3minicidi0-os-meios-devem-escrever-em-codigo-para-enganar-o-algoritmo\/#breadcrumb","itemListElement":[{"@type":"ListItem","position":1,"name":"Home","item":"https:\/\/latamjournalismreview.org\/pt-br\/"},{"@type":"ListItem","position":2,"name":"Para informar sobre cr1m\u20ac e f3minicidi0$, os meios devem escrever em c\u00f3digo para enganar o algoritmo"}]},{"@type":"WebSite","@id":"https:\/\/latamjournalismreview.org\/pt-br\/#website","url":"https:\/\/latamjournalismreview.org\/pt-br\/","name":"LatAm Journalism Review","description":"Digital magazine on journalism in Latin America","publisher":{"@id":"https:\/\/latamjournalismreview.org\/pt-br\/#organization"},"potentialAction":[{"@type":"SearchAction","target":{"@type":"EntryPoint","urlTemplate":"https:\/\/latamjournalismreview.org\/pt-br\/?s={search_term_string}"},"query-input":{"@type":"PropertyValueSpecification","valueRequired":true,"valueName":"search_term_string"}}],"inLanguage":"pt-BR"},{"@type":"Organization","@id":"https:\/\/latamjournalismreview.org\/pt-br\/#organization","name":"LatAm Journalism Review","url":"https:\/\/latamjournalismreview.org\/pt-br\/","logo":{"@type":"ImageObject","inLanguage":"pt-BR","@id":"https:\/\/latamjournalismreview.org\/pt-br\/#\/schema\/logo\/image\/","url":"https:\/\/latamjournalismreview.org\/wp-content\/uploads\/2020\/05\/knight-latAm-review-logo.svg","contentUrl":"https:\/\/latamjournalismreview.org\/wp-content\/uploads\/2020\/05\/knight-latAm-review-logo.svg","width":"1024","height":"1024","caption":"LatAm Journalism Review"},"image":{"@id":"https:\/\/latamjournalismreview.org\/pt-br\/#\/schema\/logo\/image\/"},"sameAs":["https:\/\/x.com\/LatAmJournalism"]},{"@type":"Person","@id":"https:\/\/latamjournalismreview.org\/pt-br\/#\/schema\/person\/dcf6dcdd6226ac8d939e2796645d17c6","name":"C\u00e9sar L\u00f3pez Linares","description":"C\u00e9sar L\u00f3pez Linares began his career at the Mexican newspaper REFORMA as an entertainment and media co-editor. He has written for publications such as TODO Austin, Texas Music Magazine and The Austin Chronicle. C\u00e9sar has a Master's degree in Journalism from the University of Texas at Austin and a Bachelors degree in Communication from the National Autonomous University of Mexico. He previously wrote about innovation in journalism for the Gabo Foundation in Colombia and currently reports for the Knight Center's LatAmJournalism Review digital magazine. A native of Mexico City, C\u00e9sar has become a digital nomad combining content creation with his passion for travel. ________ C\u00e9sar L\u00f3pez Linares inici\u00f3 su carrera en el diario mexicano REFORMA como coeditor de entretenimiento y medios. Ha escrito para publicaciones como TODO Austin, Texas Music Magazine y The Austin Chronicle. C\u00e9sar tiene una Maestr\u00eda en Periodismo de la Universidad de Texas en Austin y una Licenciatura en Comunicaci\u00f3n de la Universidad Nacional Aut\u00f3noma de M\u00e9xico. Previamente escribi\u00f3 sobre innovaci\u00f3n en periodismo para la Fundaci\u00f3n Gabo en Colombia y actualmente escribe para la revista digital LatAmJournalism Review del Centro Knight. Originario de la Ciudad de M\u00e9xico, C\u00e9sar se ha convertido en un n\u00f3mada digital que combina la creaci\u00f3n de contenido con su pasi\u00f3n por viajar. _________ C\u00e9sar L\u00f3pez Linares come\u00e7ou sua carreira no jornal mexicano REFORMA como coeditor de entretenimento e m\u00eddia. Ele escreveu para publica\u00e7\u00f5es como TODO Austin, Texas Music Magazine e The Austin Chronicle. C\u00e9sar tem mestrado em jornalismo pela University of Texas em Austin e \u00e9 bacharel em comunica\u00e7\u00e3o pela Universidad Nacional Aut\u00f3noma de M\u00e9xico. Antes disso, ele escreveu sobre inova\u00e7\u00e3o no jornalismo para a Funda\u00e7\u00e3o Gabo na Col\u00f4mbia. Atualmente escreve para a revista digital LatAmJournalism Review do Centro Knight. Nascido na Cidade do M\u00e9xico, C\u00e9sar se tornou um n\u00f4made digital combinando a cria\u00e7\u00e3o de conte\u00fado com sua paix\u00e3o por viagens.","sameAs":["https:\/\/x.com\/cesarisch"],"url":"https:\/\/latamjournalismreview.org\/pt-br\/articles\/author\/cesar-lopez-linares\/"}]}},"_links":{"self":[{"href":"https:\/\/latamjournalismreview.org\/pt-br\/wp-json\/wp\/v2\/posts\/165883","targetHints":{"allow":["GET"]}}],"collection":[{"href":"https:\/\/latamjournalismreview.org\/pt-br\/wp-json\/wp\/v2\/posts"}],"about":[{"href":"https:\/\/latamjournalismreview.org\/pt-br\/wp-json\/wp\/v2\/types\/post"}],"author":[{"embeddable":true,"href":"https:\/\/latamjournalismreview.org\/pt-br\/wp-json\/wp\/v2\/users\/19"}],"replies":[{"embeddable":true,"href":"https:\/\/latamjournalismreview.org\/pt-br\/wp-json\/wp\/v2\/comments?post=165883"}],"version-history":[{"count":2,"href":"https:\/\/latamjournalismreview.org\/pt-br\/wp-json\/wp\/v2\/posts\/165883\/revisions"}],"predecessor-version":[{"id":165885,"href":"https:\/\/latamjournalismreview.org\/pt-br\/wp-json\/wp\/v2\/posts\/165883\/revisions\/165885"}],"wp:featuredmedia":[{"embeddable":true,"href":"https:\/\/latamjournalismreview.org\/pt-br\/wp-json\/wp\/v2\/media\/165853"}],"wp:attachment":[{"href":"https:\/\/latamjournalismreview.org\/pt-br\/wp-json\/wp\/v2\/media?parent=165883"}],"wp:term":[{"taxonomy":"category","embeddable":true,"href":"https:\/\/latamjournalismreview.org\/pt-br\/wp-json\/wp\/v2\/categories?post=165883"},{"taxonomy":"post_tag","embeddable":true,"href":"https:\/\/latamjournalismreview.org\/pt-br\/wp-json\/wp\/v2\/tags?post=165883"},{"taxonomy":"author","embeddable":true,"href":"https:\/\/latamjournalismreview.org\/pt-br\/wp-json\/wp\/v2\/coauthors?post=165883"}],"curies":[{"name":"wp","href":"https:\/\/api.w.org\/{rel}","templated":true}]}}