{"id":165913,"date":"2026-05-01T15:55:03","date_gmt":"2026-05-01T20:55:03","guid":{"rendered":"https:\/\/latamjournalismreview.org\/?p=165913"},"modified":"2026-05-01T15:55:03","modified_gmt":"2026-05-01T20:55:03","slug":"qual-e-a-relacao-entre-a-liberdade-de-imprensa-e-a-paz-jornalistas-das-americas-dao-suas-opinioes","status":"publish","type":"post","link":"https:\/\/latamjournalismreview.org\/pt-br\/articles\/qual-e-a-relacao-entre-a-liberdade-de-imprensa-e-a-paz-jornalistas-das-americas-dao-suas-opinioes\/","title":{"rendered":"Qual \u00e9 a rela\u00e7\u00e3o entre a liberdade de imprensa e a paz? Jornalistas das Am\u00e9ricas d\u00e3o suas opini\u00f5es"},"content":{"rendered":"<p dir=\"ltr\">H\u00e1 trinta e cinco anos, jornalistas africanos reunidos em um semin\u00e1rio da UNESCO na Nam\u00edbia afirmaram a import\u00e2ncia de uma imprensa independente, pluralista e livre para a democracia.<\/p>\n<p dir=\"ltr\">O documento resultante, conhecido como \u201c<a href=\"https:\/\/unesdoc.unesco.org\/ark:\/48223\/pf0000090759\" target=\"_blank\" rel=\"noopener noreferrer\"><u>Declara\u00e7\u00e3o de Windhoek<\/u><\/a>\u201d, foi o impulso para que a Assembleia Geral da ONU, em 1993, proclamasse 3 de maio como o Dia Mundial da Liberdade de Imprensa. Agora em seu 32\u00ba ano de comemora\u00e7\u00f5es, a confer\u00eancia da UNESCO deste ano que marca a data ser\u00e1 realizada na Z\u00e2mbia, retornando ao Sul Global com foco em \u201cmoldar um futuro em paz\u201d.<\/p>\n<p dir=\"ltr\">\u201c[A liberdade de imprensa e o jornalismo independente] s\u00e3o for\u00e7as para o futuro e facilitadores transversais da paz, da resili\u00eancia e da governan\u00e7a democr\u00e1tica\u201d, escreveu a UNESCO em uma\u00a0<a href=\"https:\/\/unesdoc.unesco.org\/ark:\/48223\/pf0000396965\" target=\"_blank\" rel=\"noopener noreferrer\"><u>nota conceitual<\/u><\/a> para as celebra\u00e7\u00f5es deste ano. \u201cAo promover o acesso a informa\u00e7\u00f5es confi\u00e1veis, a responsabiliza\u00e7\u00e3o, o di\u00e1logo e a confian\u00e7a, eles s\u00e3o fundamentais para a paz, a recupera\u00e7\u00e3o econ\u00f4mica, o desenvolvimento sustent\u00e1vel e os direitos humanos.\u201d<\/p>\n<p dir=\"ltr\">No entanto, a liberdade de imprensa e o jornalismo enfrentam atualmente amea\u00e7as e desafios sem precedentes.<\/p>\n<p dir=\"ltr\">A liberdade de express\u00e3o diminuiu 10% globalmente desde 2012, segundo a UNESCO. A ag\u00eancia\u00a0<a href=\"https:\/\/unesdoc.unesco.org\/ark:\/48223\/pf0000396965\" target=\"_blank\" rel=\"noopener noreferrer\"><u>observou<\/u><\/a> que o decl\u00ednio \u00e9 \u201ccompar\u00e1vel em escala aos per\u00edodos mais inst\u00e1veis do s\u00e9culo XX\u201d, incluindo a Primeira Guerra Mundial, a Segunda Guerra Mundial e a Guerra Fria.<\/p>\n<p dir=\"ltr\">Ao mesmo tempo, afirmou que o mundo tamb\u00e9m est\u00e1 vivenciando o aumento de conflitos armados, manipula\u00e7\u00e3o e interfer\u00eancia informacional, esfor\u00e7os para controlar ou restringir a m\u00eddia, viol\u00eancia contra jornalistas e a consequente impunidade, precariedade econ\u00f4mica da m\u00eddia independente e perturba\u00e7\u00f5es nos ecossistemas de informa\u00e7\u00e3o impulsionadas por plataformas digitais e intelig\u00eancia artificial. Como resultado, a autocensura aumentou 63% desde 2012.<\/p>\n<p dir=\"ltr\">Em meio a esses desafios, a UNESCO convoca jornalistas, defensores dos direitos digitais, formuladores de pol\u00edticas, sociedade civil, academia, criadores de conte\u00fado e outros a encontrar solu\u00e7\u00f5es para fortalecer os ecossistemas de informa\u00e7\u00e3o.<\/p>\n<p dir=\"ltr\">\u201cA [paz] s\u00f3 pode ser alcan\u00e7ada pela qualidade, diversidade, inclus\u00e3o e integridade dos ecossistemas de informa\u00e7\u00e3o\u201d, escreveu a UNESCO. \u201cO jornalismo, quando livre, seguro e sustent\u00e1vel, contribui para a preven\u00e7\u00e3o de conflitos, o debate p\u00fablico informado, a coes\u00e3o social e a governan\u00e7a democr\u00e1tica.\u201d<\/p>\n<p dir=\"ltr\">Tendo em mente o tema da confer\u00eancia deste ano do Dia Mundial da Liberdade de Imprensa, os redatores do\u00a0<strong>LatAm Journalism Review (LJR)<\/strong> fizeram a jornalistas e outros especialistas da Am\u00e9rica Latina e do Caribe uma pergunta simples: \u201c<strong>Qual \u00e9 a rela\u00e7\u00e3o entre a liberdade de imprensa e a paz?<\/strong>\u201d<\/p>\n<p dir=\"ltr\">Do Haiti \u00e0 Venezuela, ouvimos rep\u00f3rteres, defensores da liberdade de imprensa, professores e executivos de m\u00eddia. Alguns rep\u00f3rteres trabalham em reda\u00e7\u00f5es, outros de forma independente. Alguns est\u00e3o em pa\u00edses com relativa liberdade para exercer seu trabalho, outros foram for\u00e7ados ao ex\u00edlio por governos repressivos.<\/p>\n<p dir=\"ltr\">As respostas deles \u2013 editadas para maior clareza e concis\u00e3o \u2013 est\u00e3o abaixo. Voc\u00ea tamb\u00e9m pode encontr\u00e1-las nas contas de m\u00eddia social da LJR no\u00a0<a href=\"https:\/\/x.com\/LatAmJournalism\" target=\"_blank\" rel=\"noopener noreferrer\"><u>X<\/u><\/a>,\u00a0<a href=\"https:\/\/www.facebook.com\/LatAmJournalismReview\/\" target=\"_blank\" rel=\"noopener noreferrer\"><u>Facebook<\/u><\/a> e\u00a0<a href=\"https:\/\/www.instagram.com\/latamjournalismreview\/\" target=\"_blank\" rel=\"noopener noreferrer\"><u>Instagram<\/u><\/a>.<\/p>\n<p dir=\"ltr\">Convidamos voc\u00ea a participar da celebra\u00e7\u00e3o. Adicione sua resposta \u00e0 nossa pergunta usando #WorldPressFreedomDay #PressFreedom. Por favor, n\u00e3o se esque\u00e7a de nos marcar.<\/p>\n\n\t\t<style type=\"text\/css\">\n\t\t\t#gallery-1 {\n\t\t\t\tmargin: auto;\n\t\t\t}\n\t\t\t#gallery-1 .gallery-item {\n\t\t\t\tfloat: left;\n\t\t\t\tmargin-top: 10px;\n\t\t\t\ttext-align: center;\n\t\t\t\twidth: 33%;\n\t\t\t}\n\t\t\t#gallery-1 img {\n\t\t\t\tborder: 2px solid #cfcfcf;\n\t\t\t}\n\t\t\t#gallery-1 .gallery-caption {\n\t\t\t\tmargin-left: 0;\n\t\t\t}\n\t\t\t\/* see gallery_shortcode() in wp-includes\/media.php *\/\n\t\t<\/style>\n\t\t<div id='gallery-1' class='gallery galleryid-165913 gallery-columns-3 gallery-size-large'><dl class='gallery-item'>\n\t\t\t<dt class='gallery-icon portrait'>\n\t\t\t\t<a href='https:\/\/latamjournalismreview.org\/pt-br\/articles\/qual-e-a-relacao-entre-a-liberdade-de-imprensa-e-a-paz-jornalistas-das-americas-dao-suas-opinioes\/pt-oviedo\/'><img loading=\"lazy\" decoding=\"async\" width=\"819\" height=\"1024\" src=\"https:\/\/latamjournalismreview.org\/wp-content\/uploads\/2026\/05\/PT-Oviedo-819x1024.png\" class=\"attachment-large size-large\" alt=\"Person in glasses in front of quote\" srcset=\"https:\/\/latamjournalismreview.org\/wp-content\/uploads\/2026\/05\/PT-Oviedo-819x1024.png 819w, https:\/\/latamjournalismreview.org\/wp-content\/uploads\/2026\/05\/PT-Oviedo-240x300.png 240w, https:\/\/latamjournalismreview.org\/wp-content\/uploads\/2026\/05\/PT-Oviedo-768x960.png 768w, https:\/\/latamjournalismreview.org\/wp-content\/uploads\/2026\/05\/PT-Oviedo.png 1080w\" sizes=\"auto, (max-width: 819px) 100vw, 819px\" \/><\/a>\n\t\t\t<\/dt><\/dl><dl class='gallery-item'>\n\t\t\t<dt class='gallery-icon portrait'>\n\t\t\t\t<a href='https:\/\/latamjournalismreview.org\/pt-br\/articles\/qual-e-a-relacao-entre-a-liberdade-de-imprensa-e-a-paz-jornalistas-das-americas-dao-suas-opinioes\/pt-san-martin-san-martin\/'><img loading=\"lazy\" decoding=\"async\" width=\"819\" height=\"1024\" src=\"https:\/\/latamjournalismreview.org\/wp-content\/uploads\/2026\/05\/PT-San-Martin-San-Martin-819x1024.png\" class=\"attachment-large size-large\" alt=\"Person in glasses in front of quote\" srcset=\"https:\/\/latamjournalismreview.org\/wp-content\/uploads\/2026\/05\/PT-San-Martin-San-Martin-819x1024.png 819w, https:\/\/latamjournalismreview.org\/wp-content\/uploads\/2026\/05\/PT-San-Martin-San-Martin-240x300.png 240w, https:\/\/latamjournalismreview.org\/wp-content\/uploads\/2026\/05\/PT-San-Martin-San-Martin-768x960.png 768w, https:\/\/latamjournalismreview.org\/wp-content\/uploads\/2026\/05\/PT-San-Martin-San-Martin.png 1080w\" sizes=\"auto, (max-width: 819px) 100vw, 819px\" \/><\/a>\n\t\t\t<\/dt><\/dl><dl class='gallery-item'>\n\t\t\t<dt class='gallery-icon portrait'>\n\t\t\t\t<a href='https:\/\/latamjournalismreview.org\/pt-br\/articles\/qual-e-a-relacao-entre-a-liberdade-de-imprensa-e-a-paz-jornalistas-das-americas-dao-suas-opinioes\/pt-romeu\/'><img loading=\"lazy\" decoding=\"async\" width=\"819\" height=\"1024\" src=\"https:\/\/latamjournalismreview.org\/wp-content\/uploads\/2026\/05\/PT-Romeu-819x1024.png\" class=\"attachment-large size-large\" alt=\"Person with beard in front of quote\" srcset=\"https:\/\/latamjournalismreview.org\/wp-content\/uploads\/2026\/05\/PT-Romeu-819x1024.png 819w, https:\/\/latamjournalismreview.org\/wp-content\/uploads\/2026\/05\/PT-Romeu-240x300.png 240w, https:\/\/latamjournalismreview.org\/wp-content\/uploads\/2026\/05\/PT-Romeu-768x960.png 768w, https:\/\/latamjournalismreview.org\/wp-content\/uploads\/2026\/05\/PT-Romeu.png 1080w\" sizes=\"auto, (max-width: 819px) 100vw, 819px\" \/><\/a>\n\t\t\t<\/dt><\/dl><br style=\"clear: both\" \/><dl class='gallery-item'>\n\t\t\t<dt class='gallery-icon portrait'>\n\t\t\t\t<a href='https:\/\/latamjournalismreview.org\/pt-br\/articles\/qual-e-a-relacao-entre-a-liberdade-de-imprensa-e-a-paz-jornalistas-das-americas-dao-suas-opinioes\/pt-litvinoff\/'><img loading=\"lazy\" decoding=\"async\" width=\"819\" height=\"1024\" src=\"https:\/\/latamjournalismreview.org\/wp-content\/uploads\/2026\/05\/PT-Litvinoff-819x1024.png\" class=\"attachment-large size-large\" alt=\"Person in black shirt in front of quote\" srcset=\"https:\/\/latamjournalismreview.org\/wp-content\/uploads\/2026\/05\/PT-Litvinoff-819x1024.png 819w, https:\/\/latamjournalismreview.org\/wp-content\/uploads\/2026\/05\/PT-Litvinoff-240x300.png 240w, https:\/\/latamjournalismreview.org\/wp-content\/uploads\/2026\/05\/PT-Litvinoff-768x960.png 768w, https:\/\/latamjournalismreview.org\/wp-content\/uploads\/2026\/05\/PT-Litvinoff.png 1080w\" sizes=\"auto, (max-width: 819px) 100vw, 819px\" \/><\/a>\n\t\t\t<\/dt><\/dl><dl class='gallery-item'>\n\t\t\t<dt class='gallery-icon portrait'>\n\t\t\t\t<a href='https:\/\/latamjournalismreview.org\/pt-br\/articles\/qual-e-a-relacao-entre-a-liberdade-de-imprensa-e-a-paz-jornalistas-das-americas-dao-suas-opinioes\/pt-de-moura\/'><img loading=\"lazy\" decoding=\"async\" width=\"819\" height=\"1024\" src=\"https:\/\/latamjournalismreview.org\/wp-content\/uploads\/2026\/05\/PT-de-Moura-819x1024.png\" class=\"attachment-large size-large\" alt=\"Person in sweater in front of quote\" srcset=\"https:\/\/latamjournalismreview.org\/wp-content\/uploads\/2026\/05\/PT-de-Moura-819x1024.png 819w, https:\/\/latamjournalismreview.org\/wp-content\/uploads\/2026\/05\/PT-de-Moura-240x300.png 240w, https:\/\/latamjournalismreview.org\/wp-content\/uploads\/2026\/05\/PT-de-Moura-768x960.png 768w, https:\/\/latamjournalismreview.org\/wp-content\/uploads\/2026\/05\/PT-de-Moura.png 1080w\" sizes=\"auto, (max-width: 819px) 100vw, 819px\" \/><\/a>\n\t\t\t<\/dt><\/dl><dl class='gallery-item'>\n\t\t\t<dt class='gallery-icon portrait'>\n\t\t\t\t<a href='https:\/\/latamjournalismreview.org\/pt-br\/articles\/qual-e-a-relacao-entre-a-liberdade-de-imprensa-e-a-paz-jornalistas-das-americas-dao-suas-opinioes\/pt-churchill\/'><img loading=\"lazy\" decoding=\"async\" width=\"819\" height=\"1024\" src=\"https:\/\/latamjournalismreview.org\/wp-content\/uploads\/2026\/05\/PT-Churchill-819x1024.png\" class=\"attachment-large size-large\" alt=\"Person in striped shirt in front of quote\" srcset=\"https:\/\/latamjournalismreview.org\/wp-content\/uploads\/2026\/05\/PT-Churchill-819x1024.png 819w, https:\/\/latamjournalismreview.org\/wp-content\/uploads\/2026\/05\/PT-Churchill-240x300.png 240w, https:\/\/latamjournalismreview.org\/wp-content\/uploads\/2026\/05\/PT-Churchill-768x960.png 768w, https:\/\/latamjournalismreview.org\/wp-content\/uploads\/2026\/05\/PT-Churchill.png 1080w\" sizes=\"auto, (max-width: 819px) 100vw, 819px\" \/><\/a>\n\t\t\t<\/dt><\/dl><br style=\"clear: both\" \/><dl class='gallery-item'>\n\t\t\t<dt class='gallery-icon portrait'>\n\t\t\t\t<a href='https:\/\/latamjournalismreview.org\/pt-br\/articles\/qual-e-a-relacao-entre-a-liberdade-de-imprensa-e-a-paz-jornalistas-das-americas-dao-suas-opinioes\/pt-alphonse\/'><img loading=\"lazy\" decoding=\"async\" width=\"819\" height=\"1024\" src=\"https:\/\/latamjournalismreview.org\/wp-content\/uploads\/2026\/05\/PT-Alphonse-819x1024.png\" class=\"attachment-large size-large\" alt=\"Person in glasses in front of quote\" srcset=\"https:\/\/latamjournalismreview.org\/wp-content\/uploads\/2026\/05\/PT-Alphonse-819x1024.png 819w, https:\/\/latamjournalismreview.org\/wp-content\/uploads\/2026\/05\/PT-Alphonse-240x300.png 240w, https:\/\/latamjournalismreview.org\/wp-content\/uploads\/2026\/05\/PT-Alphonse-768x960.png 768w, https:\/\/latamjournalismreview.org\/wp-content\/uploads\/2026\/05\/PT-Alphonse.png 1080w\" sizes=\"auto, (max-width: 819px) 100vw, 819px\" \/><\/a>\n\t\t\t<\/dt><\/dl><dl class='gallery-item'>\n\t\t\t<dt class='gallery-icon portrait'>\n\t\t\t\t<a href='https:\/\/latamjournalismreview.org\/pt-br\/articles\/qual-e-a-relacao-entre-a-liberdade-de-imprensa-e-a-paz-jornalistas-das-americas-dao-suas-opinioes\/pt-ricaurte\/'><img loading=\"lazy\" decoding=\"async\" width=\"819\" height=\"1024\" src=\"https:\/\/latamjournalismreview.org\/wp-content\/uploads\/2026\/05\/PT-Ricaurte-819x1024.png\" class=\"attachment-large size-large\" alt=\"Person in glasses in front of quote\" srcset=\"https:\/\/latamjournalismreview.org\/wp-content\/uploads\/2026\/05\/PT-Ricaurte-819x1024.png 819w, https:\/\/latamjournalismreview.org\/wp-content\/uploads\/2026\/05\/PT-Ricaurte-240x300.png 240w, https:\/\/latamjournalismreview.org\/wp-content\/uploads\/2026\/05\/PT-Ricaurte-768x960.png 768w, https:\/\/latamjournalismreview.org\/wp-content\/uploads\/2026\/05\/PT-Ricaurte.png 1080w\" sizes=\"auto, (max-width: 819px) 100vw, 819px\" \/><\/a>\n\t\t\t<\/dt><\/dl><dl class='gallery-item'>\n\t\t\t<dt class='gallery-icon portrait'>\n\t\t\t\t<a href='https:\/\/latamjournalismreview.org\/pt-br\/articles\/qual-e-a-relacao-entre-a-liberdade-de-imprensa-e-a-paz-jornalistas-das-americas-dao-suas-opinioes\/pt-martinez\/'><img loading=\"lazy\" decoding=\"async\" width=\"819\" height=\"1024\" src=\"https:\/\/latamjournalismreview.org\/wp-content\/uploads\/2026\/05\/PT-Martinez-819x1024.png\" class=\"attachment-large size-large\" alt=\"Person in glasses in front of quote\" srcset=\"https:\/\/latamjournalismreview.org\/wp-content\/uploads\/2026\/05\/PT-Martinez-819x1024.png 819w, https:\/\/latamjournalismreview.org\/wp-content\/uploads\/2026\/05\/PT-Martinez-240x300.png 240w, https:\/\/latamjournalismreview.org\/wp-content\/uploads\/2026\/05\/PT-Martinez-768x960.png 768w, https:\/\/latamjournalismreview.org\/wp-content\/uploads\/2026\/05\/PT-Martinez.png 1080w\" sizes=\"auto, (max-width: 819px) 100vw, 819px\" \/><\/a>\n\t\t\t<\/dt><\/dl><br style=\"clear: both\" \/><dl class='gallery-item'>\n\t\t\t<dt class='gallery-icon portrait'>\n\t\t\t\t<a href='https:\/\/latamjournalismreview.org\/pt-br\/articles\/qual-e-a-relacao-entre-a-liberdade-de-imprensa-e-a-paz-jornalistas-das-americas-dao-suas-opinioes\/pt-mora\/'><img loading=\"lazy\" decoding=\"async\" width=\"819\" height=\"1024\" src=\"https:\/\/latamjournalismreview.org\/wp-content\/uploads\/2026\/05\/PT-Mora-819x1024.png\" class=\"attachment-large size-large\" alt=\"Person in gray jacket in front of quote\" srcset=\"https:\/\/latamjournalismreview.org\/wp-content\/uploads\/2026\/05\/PT-Mora-819x1024.png 819w, https:\/\/latamjournalismreview.org\/wp-content\/uploads\/2026\/05\/PT-Mora-240x300.png 240w, https:\/\/latamjournalismreview.org\/wp-content\/uploads\/2026\/05\/PT-Mora-768x960.png 768w, https:\/\/latamjournalismreview.org\/wp-content\/uploads\/2026\/05\/PT-Mora.png 1080w\" sizes=\"auto, (max-width: 819px) 100vw, 819px\" \/><\/a>\n\t\t\t<\/dt><\/dl><dl class='gallery-item'>\n\t\t\t<dt class='gallery-icon portrait'>\n\t\t\t\t<a href='https:\/\/latamjournalismreview.org\/pt-br\/articles\/qual-e-a-relacao-entre-a-liberdade-de-imprensa-e-a-paz-jornalistas-das-americas-dao-suas-opinioes\/pt-xunic\/'><img loading=\"lazy\" decoding=\"async\" width=\"819\" height=\"1024\" src=\"https:\/\/latamjournalismreview.org\/wp-content\/uploads\/2026\/05\/PT-Xunic-819x1024.png\" class=\"attachment-large size-large\" alt=\"Person in red jacket in front of quote\" srcset=\"https:\/\/latamjournalismreview.org\/wp-content\/uploads\/2026\/05\/PT-Xunic-819x1024.png 819w, https:\/\/latamjournalismreview.org\/wp-content\/uploads\/2026\/05\/PT-Xunic-240x300.png 240w, https:\/\/latamjournalismreview.org\/wp-content\/uploads\/2026\/05\/PT-Xunic-768x960.png 768w, https:\/\/latamjournalismreview.org\/wp-content\/uploads\/2026\/05\/PT-Xunic.png 1080w\" sizes=\"auto, (max-width: 819px) 100vw, 819px\" \/><\/a>\n\t\t\t<\/dt><\/dl><dl class='gallery-item'>\n\t\t\t<dt class='gallery-icon portrait'>\n\t\t\t\t<a href='https:\/\/latamjournalismreview.org\/pt-br\/articles\/qual-e-a-relacao-entre-a-liberdade-de-imprensa-e-a-paz-jornalistas-das-americas-dao-suas-opinioes\/pt-esquivel\/'><img loading=\"lazy\" decoding=\"async\" width=\"819\" height=\"1024\" src=\"https:\/\/latamjournalismreview.org\/wp-content\/uploads\/2026\/05\/PT-Esquivel-819x1024.png\" class=\"attachment-large size-large\" alt=\"Person in flowery jacket in front of quote\" srcset=\"https:\/\/latamjournalismreview.org\/wp-content\/uploads\/2026\/05\/PT-Esquivel-819x1024.png 819w, https:\/\/latamjournalismreview.org\/wp-content\/uploads\/2026\/05\/PT-Esquivel-240x300.png 240w, https:\/\/latamjournalismreview.org\/wp-content\/uploads\/2026\/05\/PT-Esquivel-768x960.png 768w, https:\/\/latamjournalismreview.org\/wp-content\/uploads\/2026\/05\/PT-Esquivel.png 1080w\" sizes=\"auto, (max-width: 819px) 100vw, 819px\" \/><\/a>\n\t\t\t<\/dt><\/dl><br style=\"clear: both\" \/><dl class='gallery-item'>\n\t\t\t<dt class='gallery-icon portrait'>\n\t\t\t\t<a href='https:\/\/latamjournalismreview.org\/pt-br\/articles\/qual-e-a-relacao-entre-a-liberdade-de-imprensa-e-a-paz-jornalistas-das-americas-dao-suas-opinioes\/pt-diaz\/'><img loading=\"lazy\" decoding=\"async\" width=\"819\" height=\"1024\" src=\"https:\/\/latamjournalismreview.org\/wp-content\/uploads\/2026\/05\/PT-Diaz-819x1024.png\" class=\"attachment-large size-large\" alt=\"Person in glasses in front of quote\" srcset=\"https:\/\/latamjournalismreview.org\/wp-content\/uploads\/2026\/05\/PT-Diaz-819x1024.png 819w, https:\/\/latamjournalismreview.org\/wp-content\/uploads\/2026\/05\/PT-Diaz-240x300.png 240w, https:\/\/latamjournalismreview.org\/wp-content\/uploads\/2026\/05\/PT-Diaz-768x960.png 768w, https:\/\/latamjournalismreview.org\/wp-content\/uploads\/2026\/05\/PT-Diaz.png 1080w\" sizes=\"auto, (max-width: 819px) 100vw, 819px\" \/><\/a>\n\t\t\t<\/dt><\/dl><dl class='gallery-item'>\n\t\t\t<dt class='gallery-icon portrait'>\n\t\t\t\t<a href='https:\/\/latamjournalismreview.org\/pt-br\/articles\/qual-e-a-relacao-entre-a-liberdade-de-imprensa-e-a-paz-jornalistas-das-americas-dao-suas-opinioes\/pt-chavez\/'><img loading=\"lazy\" decoding=\"async\" width=\"819\" height=\"1024\" src=\"https:\/\/latamjournalismreview.org\/wp-content\/uploads\/2026\/05\/PT-Chavez-819x1024.png\" class=\"attachment-large size-large\" alt=\"Person in glasses in front of quote\" srcset=\"https:\/\/latamjournalismreview.org\/wp-content\/uploads\/2026\/05\/PT-Chavez-819x1024.png 819w, https:\/\/latamjournalismreview.org\/wp-content\/uploads\/2026\/05\/PT-Chavez-240x300.png 240w, https:\/\/latamjournalismreview.org\/wp-content\/uploads\/2026\/05\/PT-Chavez-768x960.png 768w, https:\/\/latamjournalismreview.org\/wp-content\/uploads\/2026\/05\/PT-Chavez.png 1080w\" sizes=\"auto, (max-width: 819px) 100vw, 819px\" \/><\/a>\n\t\t\t<\/dt><\/dl><dl class='gallery-item'>\n\t\t\t<dt class='gallery-icon portrait'>\n\t\t\t\t<a href='https:\/\/latamjournalismreview.org\/pt-br\/articles\/qual-e-a-relacao-entre-a-liberdade-de-imprensa-e-a-paz-jornalistas-das-americas-dao-suas-opinioes\/pt-oliveira\/'><img loading=\"lazy\" decoding=\"async\" width=\"819\" height=\"1024\" src=\"https:\/\/latamjournalismreview.org\/wp-content\/uploads\/2026\/05\/PT-Oliveira-819x1024.png\" class=\"attachment-large size-large\" alt=\"Person in blue dress in front of quote\" srcset=\"https:\/\/latamjournalismreview.org\/wp-content\/uploads\/2026\/05\/PT-Oliveira-819x1024.png 819w, https:\/\/latamjournalismreview.org\/wp-content\/uploads\/2026\/05\/PT-Oliveira-240x300.png 240w, https:\/\/latamjournalismreview.org\/wp-content\/uploads\/2026\/05\/PT-Oliveira-768x960.png 768w, https:\/\/latamjournalismreview.org\/wp-content\/uploads\/2026\/05\/PT-Oliveira.png 1080w\" sizes=\"auto, (max-width: 819px) 100vw, 819px\" \/><\/a>\n\t\t\t<\/dt><\/dl><br style=\"clear: both\" \/><dl class='gallery-item'>\n\t\t\t<dt class='gallery-icon portrait'>\n\t\t\t\t<a href='https:\/\/latamjournalismreview.org\/pt-br\/articles\/qual-e-a-relacao-entre-a-liberdade-de-imprensa-e-a-paz-jornalistas-das-americas-dao-suas-opinioes\/pt-gaio\/'><img loading=\"lazy\" decoding=\"async\" width=\"819\" height=\"1024\" src=\"https:\/\/latamjournalismreview.org\/wp-content\/uploads\/2026\/05\/PT-Gaio-819x1024.png\" class=\"attachment-large size-large\" alt=\"Person in glasses in front of quote\" srcset=\"https:\/\/latamjournalismreview.org\/wp-content\/uploads\/2026\/05\/PT-Gaio-819x1024.png 819w, https:\/\/latamjournalismreview.org\/wp-content\/uploads\/2026\/05\/PT-Gaio-240x300.png 240w, https:\/\/latamjournalismreview.org\/wp-content\/uploads\/2026\/05\/PT-Gaio-768x960.png 768w, https:\/\/latamjournalismreview.org\/wp-content\/uploads\/2026\/05\/PT-Gaio.png 1080w\" sizes=\"auto, (max-width: 819px) 100vw, 819px\" \/><\/a>\n\t\t\t<\/dt><\/dl><dl class='gallery-item'>\n\t\t\t<dt class='gallery-icon portrait'>\n\t\t\t\t<a href='https:\/\/latamjournalismreview.org\/pt-br\/articles\/qual-e-a-relacao-entre-a-liberdade-de-imprensa-e-a-paz-jornalistas-das-americas-dao-suas-opinioes\/pt-gomez\/'><img loading=\"lazy\" decoding=\"async\" width=\"819\" height=\"1024\" src=\"https:\/\/latamjournalismreview.org\/wp-content\/uploads\/2026\/05\/PT-Gomez-819x1024.png\" class=\"attachment-large size-large\" alt=\"Person in glasses in front of quote\" srcset=\"https:\/\/latamjournalismreview.org\/wp-content\/uploads\/2026\/05\/PT-Gomez-819x1024.png 819w, https:\/\/latamjournalismreview.org\/wp-content\/uploads\/2026\/05\/PT-Gomez-240x300.png 240w, https:\/\/latamjournalismreview.org\/wp-content\/uploads\/2026\/05\/PT-Gomez-768x960.png 768w, https:\/\/latamjournalismreview.org\/wp-content\/uploads\/2026\/05\/PT-Gomez.png 1080w\" sizes=\"auto, (max-width: 819px) 100vw, 819px\" \/><\/a>\n\t\t\t<\/dt><\/dl><dl class='gallery-item'>\n\t\t\t<dt class='gallery-icon portrait'>\n\t\t\t\t<a href='https:\/\/latamjournalismreview.org\/pt-br\/articles\/qual-e-a-relacao-entre-a-liberdade-de-imprensa-e-a-paz-jornalistas-das-americas-dao-suas-opinioes\/pt-avila\/'><img loading=\"lazy\" decoding=\"async\" width=\"819\" height=\"1024\" src=\"https:\/\/latamjournalismreview.org\/wp-content\/uploads\/2026\/05\/PT-Avila-819x1024.png\" class=\"attachment-large size-large\" alt=\"Person in red jacket in front of quote\" srcset=\"https:\/\/latamjournalismreview.org\/wp-content\/uploads\/2026\/05\/PT-Avila-819x1024.png 819w, https:\/\/latamjournalismreview.org\/wp-content\/uploads\/2026\/05\/PT-Avila-240x300.png 240w, https:\/\/latamjournalismreview.org\/wp-content\/uploads\/2026\/05\/PT-Avila-768x960.png 768w, https:\/\/latamjournalismreview.org\/wp-content\/uploads\/2026\/05\/PT-Avila.png 1080w\" sizes=\"auto, (max-width: 819px) 100vw, 819px\" \/><\/a>\n\t\t\t<\/dt><\/dl><br style=\"clear: both\" \/><dl class='gallery-item'>\n\t\t\t<dt class='gallery-icon portrait'>\n\t\t\t\t<a href='https:\/\/latamjournalismreview.org\/pt-br\/articles\/qual-e-a-relacao-entre-a-liberdade-de-imprensa-e-a-paz-jornalistas-das-americas-dao-suas-opinioes\/pt-martinez-vargas\/'><img loading=\"lazy\" decoding=\"async\" width=\"819\" height=\"1024\" src=\"https:\/\/latamjournalismreview.org\/wp-content\/uploads\/2026\/05\/PT-Martinez-Vargas-819x1024.png\" class=\"attachment-large size-large\" alt=\"Person in glasses in front of quote\" srcset=\"https:\/\/latamjournalismreview.org\/wp-content\/uploads\/2026\/05\/PT-Martinez-Vargas-819x1024.png 819w, https:\/\/latamjournalismreview.org\/wp-content\/uploads\/2026\/05\/PT-Martinez-Vargas-240x300.png 240w, https:\/\/latamjournalismreview.org\/wp-content\/uploads\/2026\/05\/PT-Martinez-Vargas-768x960.png 768w, https:\/\/latamjournalismreview.org\/wp-content\/uploads\/2026\/05\/PT-Martinez-Vargas.png 1080w\" sizes=\"auto, (max-width: 819px) 100vw, 819px\" \/><\/a>\n\t\t\t<\/dt><\/dl><dl class='gallery-item'>\n\t\t\t<dt class='gallery-icon portrait'>\n\t\t\t\t<a href='https:\/\/latamjournalismreview.org\/pt-br\/articles\/qual-e-a-relacao-entre-a-liberdade-de-imprensa-e-a-paz-jornalistas-das-americas-dao-suas-opinioes\/pt-sosa\/'><img loading=\"lazy\" decoding=\"async\" width=\"819\" height=\"1024\" src=\"https:\/\/latamjournalismreview.org\/wp-content\/uploads\/2026\/05\/PT-Sosa-819x1024.png\" class=\"attachment-large size-large\" alt=\"Person in black jacket in front of quote\" srcset=\"https:\/\/latamjournalismreview.org\/wp-content\/uploads\/2026\/05\/PT-Sosa-819x1024.png 819w, https:\/\/latamjournalismreview.org\/wp-content\/uploads\/2026\/05\/PT-Sosa-240x300.png 240w, https:\/\/latamjournalismreview.org\/wp-content\/uploads\/2026\/05\/PT-Sosa-768x960.png 768w, https:\/\/latamjournalismreview.org\/wp-content\/uploads\/2026\/05\/PT-Sosa.png 1080w\" sizes=\"auto, (max-width: 819px) 100vw, 819px\" \/><\/a>\n\t\t\t<\/dt><\/dl><dl class='gallery-item'>\n\t\t\t<dt class='gallery-icon portrait'>\n\t\t\t\t<a href='https:\/\/latamjournalismreview.org\/pt-br\/articles\/qual-e-a-relacao-entre-a-liberdade-de-imprensa-e-a-paz-jornalistas-das-americas-dao-suas-opinioes\/pt-parra\/'><img loading=\"lazy\" decoding=\"async\" width=\"819\" height=\"1024\" src=\"https:\/\/latamjournalismreview.org\/wp-content\/uploads\/2026\/05\/PT-Parra-819x1024.png\" class=\"attachment-large size-large\" alt=\"Person in blue jacket in front of quote\" srcset=\"https:\/\/latamjournalismreview.org\/wp-content\/uploads\/2026\/05\/PT-Parra-819x1024.png 819w, https:\/\/latamjournalismreview.org\/wp-content\/uploads\/2026\/05\/PT-Parra-240x300.png 240w, https:\/\/latamjournalismreview.org\/wp-content\/uploads\/2026\/05\/PT-Parra-768x960.png 768w, https:\/\/latamjournalismreview.org\/wp-content\/uploads\/2026\/05\/PT-Parra.png 1080w\" sizes=\"auto, (max-width: 819px) 100vw, 819px\" \/><\/a>\n\t\t\t<\/dt><\/dl><br style=\"clear: both\" \/><dl class='gallery-item'>\n\t\t\t<dt class='gallery-icon portrait'>\n\t\t\t\t<a href='https:\/\/latamjournalismreview.org\/pt-br\/articles\/qual-e-a-relacao-entre-a-liberdade-de-imprensa-e-a-paz-jornalistas-das-americas-dao-suas-opinioes\/pt-quesada-y-stanley\/'><img loading=\"lazy\" decoding=\"async\" width=\"819\" height=\"1024\" src=\"https:\/\/latamjournalismreview.org\/wp-content\/uploads\/2026\/05\/PT-Quesada-y-Stanley-819x1024.png\" class=\"attachment-large size-large\" alt=\"Two people smiling in front of quote\" srcset=\"https:\/\/latamjournalismreview.org\/wp-content\/uploads\/2026\/05\/PT-Quesada-y-Stanley-819x1024.png 819w, https:\/\/latamjournalismreview.org\/wp-content\/uploads\/2026\/05\/PT-Quesada-y-Stanley-240x300.png 240w, https:\/\/latamjournalismreview.org\/wp-content\/uploads\/2026\/05\/PT-Quesada-y-Stanley-768x960.png 768w, https:\/\/latamjournalismreview.org\/wp-content\/uploads\/2026\/05\/PT-Quesada-y-Stanley.png 1080w\" sizes=\"auto, (max-width: 819px) 100vw, 819px\" \/><\/a>\n\t\t\t<\/dt><\/dl><dl class='gallery-item'>\n\t\t\t<dt class='gallery-icon portrait'>\n\t\t\t\t<a href='https:\/\/latamjournalismreview.org\/pt-br\/articles\/qual-e-a-relacao-entre-a-liberdade-de-imprensa-e-a-paz-jornalistas-das-americas-dao-suas-opinioes\/pt-zamora\/'><img loading=\"lazy\" decoding=\"async\" width=\"819\" height=\"1024\" src=\"https:\/\/latamjournalismreview.org\/wp-content\/uploads\/2026\/05\/PT-Zamora-819x1024.png\" class=\"attachment-large size-large\" alt=\"Person in black jacket in front of quote\" srcset=\"https:\/\/latamjournalismreview.org\/wp-content\/uploads\/2026\/05\/PT-Zamora-819x1024.png 819w, https:\/\/latamjournalismreview.org\/wp-content\/uploads\/2026\/05\/PT-Zamora-240x300.png 240w, https:\/\/latamjournalismreview.org\/wp-content\/uploads\/2026\/05\/PT-Zamora-768x960.png 768w, https:\/\/latamjournalismreview.org\/wp-content\/uploads\/2026\/05\/PT-Zamora.png 1080w\" sizes=\"auto, (max-width: 819px) 100vw, 819px\" \/><\/a>\n\t\t\t<\/dt><\/dl>\n\t\t\t<br style='clear: both' \/>\n\t\t<\/div>\n\n<hr \/>\n<p><em>Este artigo foi traduzido com a ajuda de IA e revisado por Leonardo Coelho<\/em><\/p>\n","protected":false},"excerpt":{"rendered":"<p>Para marcar o Dia Mundial da Liberdade de Imprensa, a LJR entrevistou rep\u00f3rteres, defensores da imprensa, professores e executivos da m\u00eddia sobre o tema das comemora\u00e7\u00f5es da UNESCO deste ano: a paz.<\/p>\n","protected":false},"author":3,"featured_media":166007,"comment_status":"closed","ping_status":"closed","sticky":false,"template":"","format":"standard","meta":{"inline_featured_image":false,"footnotes":""},"categories":[1219],"tags":[],"coauthors":[2749],"class_list":["post-165913","post","type-post","status-publish","format-standard","has-post-thumbnail","hentry","category-liberdade-de-imprensa-pt-br"],"acf":[],"yoast_head":"<!-- This site is optimized with the Yoast SEO Premium plugin v22.6 (Yoast SEO v27.4) - https:\/\/yoast.com\/product\/yoast-seo-premium-wordpress\/ -->\n<title>Qual \u00e9 a rela\u00e7\u00e3o entre a liberdade de imprensa e a paz? Jornalistas das Am\u00e9ricas d\u00e3o suas opini\u00f5es - LatAm Journalism Review by the Knight Center<\/title>\n<meta name=\"description\" content=\"Qual \u00e9 a rela\u00e7\u00e3o entre a liberdade de imprensa e a paz? Jornalistas das Am\u00e9ricas d\u00e3o suas opini\u00f5es Liberdade de imprensa. Latin American Journalism Review by The Knight Center at The University of Texas at Austin.\" \/>\n<meta name=\"robots\" content=\"index, follow, max-snippet:-1, max-image-preview:large, max-video-preview:-1\" \/>\n<link rel=\"canonical\" href=\"https:\/\/latamjournalismreview.org\/pt-br\/articles\/qual-e-a-relacao-entre-a-liberdade-de-imprensa-e-a-paz-jornalistas-das-americas-dao-suas-opinioes\/\" \/>\n<meta property=\"og:locale\" content=\"pt_BR\" \/>\n<meta property=\"og:type\" content=\"article\" \/>\n<meta property=\"og:title\" content=\"Qual \u00e9 a rela\u00e7\u00e3o entre a liberdade de imprensa e a paz? Jornalistas das Am\u00e9ricas d\u00e3o suas opini\u00f5es\" \/>\n<meta property=\"og:description\" content=\"Qual \u00e9 a rela\u00e7\u00e3o entre a liberdade de imprensa e a paz? Jornalistas das Am\u00e9ricas d\u00e3o suas opini\u00f5es Liberdade de imprensa. Latin American Journalism Review by The Knight Center at The University of Texas at Austin.\" \/>\n<meta property=\"og:url\" content=\"https:\/\/latamjournalismreview.org\/pt-br\/articles\/qual-e-a-relacao-entre-a-liberdade-de-imprensa-e-a-paz-jornalistas-das-americas-dao-suas-opinioes\/\" \/>\n<meta property=\"og:site_name\" content=\"LatAm Journalism Review by the Knight Center\" \/>\n<meta property=\"article:published_time\" content=\"2026-05-01T20:55:03+00:00\" \/>\n<meta property=\"og:image\" content=\"https:\/\/latamjournalismreview.org\/wp-content\/uploads\/2026\/05\/FEATURED-WPFD-1.png\" \/>\n\t<meta property=\"og:image:width\" content=\"507\" \/>\n\t<meta property=\"og:image:height\" content=\"340\" \/>\n\t<meta property=\"og:image:type\" content=\"image\/png\" \/>\n<meta name=\"author\" content=\"Teresa Mioli\" \/>\n<meta name=\"twitter:card\" content=\"summary_large_image\" \/>\n<meta name=\"twitter:creator\" content=\"@TeresaMioli\" \/>\n<meta name=\"twitter:site\" content=\"@LatAmJournalism\" \/>\n<meta name=\"twitter:label1\" content=\"Written by\" \/>\n\t<meta name=\"twitter:data1\" content=\"Teresa Mioli\" \/>\n\t<meta name=\"twitter:label2\" content=\"Est. reading time\" \/>\n\t<meta name=\"twitter:data2\" content=\"3 minutos\" \/>\n<script type=\"application\/ld+json\" class=\"yoast-schema-graph\">{\"@context\":\"https:\\\/\\\/schema.org\",\"@graph\":[{\"@type\":\"Article\",\"@id\":\"https:\\\/\\\/latamjournalismreview.org\\\/pt-br\\\/articles\\\/qual-e-a-relacao-entre-a-liberdade-de-imprensa-e-a-paz-jornalistas-das-americas-dao-suas-opinioes\\\/#article\",\"isPartOf\":{\"@id\":\"https:\\\/\\\/latamjournalismreview.org\\\/pt-br\\\/articles\\\/qual-e-a-relacao-entre-a-liberdade-de-imprensa-e-a-paz-jornalistas-das-americas-dao-suas-opinioes\\\/\"},\"author\":{\"name\":\"Teresa Mioli\",\"@id\":\"https:\\\/\\\/latamjournalismreview.org\\\/pt-br\\\/#\\\/schema\\\/person\\\/b83a4912f05c8178389e917d8d51de03\"},\"headline\":\"Qual \u00e9 a rela\u00e7\u00e3o entre a liberdade de imprensa e a paz? Jornalistas das Am\u00e9ricas d\u00e3o suas opini\u00f5es\",\"datePublished\":\"2026-05-01T20:55:03+00:00\",\"mainEntityOfPage\":{\"@id\":\"https:\\\/\\\/latamjournalismreview.org\\\/pt-br\\\/articles\\\/qual-e-a-relacao-entre-a-liberdade-de-imprensa-e-a-paz-jornalistas-das-americas-dao-suas-opinioes\\\/\"},\"wordCount\":597,\"publisher\":{\"@id\":\"https:\\\/\\\/latamjournalismreview.org\\\/pt-br\\\/#organization\"},\"image\":{\"@id\":\"https:\\\/\\\/latamjournalismreview.org\\\/pt-br\\\/articles\\\/qual-e-a-relacao-entre-a-liberdade-de-imprensa-e-a-paz-jornalistas-das-americas-dao-suas-opinioes\\\/#primaryimage\"},\"thumbnailUrl\":\"https:\\\/\\\/latamjournalismreview.org\\\/wp-content\\\/uploads\\\/2026\\\/05\\\/FEATURED-WPFD-1.png\",\"articleSection\":[\"Liberdade de imprensa\"],\"inLanguage\":\"pt-BR\"},{\"@type\":\"WebPage\",\"@id\":\"https:\\\/\\\/latamjournalismreview.org\\\/pt-br\\\/articles\\\/qual-e-a-relacao-entre-a-liberdade-de-imprensa-e-a-paz-jornalistas-das-americas-dao-suas-opinioes\\\/\",\"url\":\"https:\\\/\\\/latamjournalismreview.org\\\/pt-br\\\/articles\\\/qual-e-a-relacao-entre-a-liberdade-de-imprensa-e-a-paz-jornalistas-das-americas-dao-suas-opinioes\\\/\",\"name\":\"Qual \u00e9 a rela\u00e7\u00e3o entre a liberdade de imprensa e a paz? Jornalistas das Am\u00e9ricas d\u00e3o suas opini\u00f5es - LatAm Journalism Review by the Knight Center\",\"isPartOf\":{\"@id\":\"https:\\\/\\\/latamjournalismreview.org\\\/pt-br\\\/#website\"},\"primaryImageOfPage\":{\"@id\":\"https:\\\/\\\/latamjournalismreview.org\\\/pt-br\\\/articles\\\/qual-e-a-relacao-entre-a-liberdade-de-imprensa-e-a-paz-jornalistas-das-americas-dao-suas-opinioes\\\/#primaryimage\"},\"image\":{\"@id\":\"https:\\\/\\\/latamjournalismreview.org\\\/pt-br\\\/articles\\\/qual-e-a-relacao-entre-a-liberdade-de-imprensa-e-a-paz-jornalistas-das-americas-dao-suas-opinioes\\\/#primaryimage\"},\"thumbnailUrl\":\"https:\\\/\\\/latamjournalismreview.org\\\/wp-content\\\/uploads\\\/2026\\\/05\\\/FEATURED-WPFD-1.png\",\"datePublished\":\"2026-05-01T20:55:03+00:00\",\"description\":\"Qual \u00e9 a rela\u00e7\u00e3o entre a liberdade de imprensa e a paz? Jornalistas das Am\u00e9ricas d\u00e3o suas opini\u00f5es Liberdade de imprensa. Latin American Journalism Review by The Knight Center at The University of Texas at Austin.\",\"breadcrumb\":{\"@id\":\"https:\\\/\\\/latamjournalismreview.org\\\/pt-br\\\/articles\\\/qual-e-a-relacao-entre-a-liberdade-de-imprensa-e-a-paz-jornalistas-das-americas-dao-suas-opinioes\\\/#breadcrumb\"},\"inLanguage\":\"pt-BR\",\"potentialAction\":[{\"@type\":\"ReadAction\",\"target\":[\"https:\\\/\\\/latamjournalismreview.org\\\/pt-br\\\/articles\\\/qual-e-a-relacao-entre-a-liberdade-de-imprensa-e-a-paz-jornalistas-das-americas-dao-suas-opinioes\\\/\"]}]},{\"@type\":\"ImageObject\",\"inLanguage\":\"pt-BR\",\"@id\":\"https:\\\/\\\/latamjournalismreview.org\\\/pt-br\\\/articles\\\/qual-e-a-relacao-entre-a-liberdade-de-imprensa-e-a-paz-jornalistas-das-americas-dao-suas-opinioes\\\/#primaryimage\",\"url\":\"https:\\\/\\\/latamjournalismreview.org\\\/wp-content\\\/uploads\\\/2026\\\/05\\\/FEATURED-WPFD-1.png\",\"contentUrl\":\"https:\\\/\\\/latamjournalismreview.org\\\/wp-content\\\/uploads\\\/2026\\\/05\\\/FEATURED-WPFD-1.png\",\"width\":507,\"height\":340,\"caption\":\"Dove in front of newspaper clipping\"},{\"@type\":\"BreadcrumbList\",\"@id\":\"https:\\\/\\\/latamjournalismreview.org\\\/pt-br\\\/articles\\\/qual-e-a-relacao-entre-a-liberdade-de-imprensa-e-a-paz-jornalistas-das-americas-dao-suas-opinioes\\\/#breadcrumb\",\"itemListElement\":[{\"@type\":\"ListItem\",\"position\":1,\"name\":\"Home\",\"item\":\"https:\\\/\\\/latamjournalismreview.org\\\/pt-br\\\/\"},{\"@type\":\"ListItem\",\"position\":2,\"name\":\"Qual \u00e9 a rela\u00e7\u00e3o entre a liberdade de imprensa e a paz? Jornalistas das Am\u00e9ricas d\u00e3o suas opini\u00f5es\"}]},{\"@type\":\"WebSite\",\"@id\":\"https:\\\/\\\/latamjournalismreview.org\\\/pt-br\\\/#website\",\"url\":\"https:\\\/\\\/latamjournalismreview.org\\\/pt-br\\\/\",\"name\":\"LatAm Journalism Review\",\"description\":\"Digital magazine on journalism in Latin America\",\"publisher\":{\"@id\":\"https:\\\/\\\/latamjournalismreview.org\\\/pt-br\\\/#organization\"},\"potentialAction\":[{\"@type\":\"SearchAction\",\"target\":{\"@type\":\"EntryPoint\",\"urlTemplate\":\"https:\\\/\\\/latamjournalismreview.org\\\/pt-br\\\/?s={search_term_string}\"},\"query-input\":{\"@type\":\"PropertyValueSpecification\",\"valueRequired\":true,\"valueName\":\"search_term_string\"}}],\"inLanguage\":\"pt-BR\"},{\"@type\":\"Organization\",\"@id\":\"https:\\\/\\\/latamjournalismreview.org\\\/pt-br\\\/#organization\",\"name\":\"LatAm Journalism Review\",\"url\":\"https:\\\/\\\/latamjournalismreview.org\\\/pt-br\\\/\",\"logo\":{\"@type\":\"ImageObject\",\"inLanguage\":\"pt-BR\",\"@id\":\"https:\\\/\\\/latamjournalismreview.org\\\/pt-br\\\/#\\\/schema\\\/logo\\\/image\\\/\",\"url\":\"https:\\\/\\\/latamjournalismreview.org\\\/wp-content\\\/uploads\\\/2020\\\/05\\\/knight-latAm-review-logo.svg\",\"contentUrl\":\"https:\\\/\\\/latamjournalismreview.org\\\/wp-content\\\/uploads\\\/2020\\\/05\\\/knight-latAm-review-logo.svg\",\"width\":\"1024\",\"height\":\"1024\",\"caption\":\"LatAm Journalism Review\"},\"image\":{\"@id\":\"https:\\\/\\\/latamjournalismreview.org\\\/pt-br\\\/#\\\/schema\\\/logo\\\/image\\\/\"},\"sameAs\":[\"https:\\\/\\\/x.com\\\/LatAmJournalism\"]},{\"@type\":\"Person\",\"@id\":\"https:\\\/\\\/latamjournalismreview.org\\\/pt-br\\\/#\\\/schema\\\/person\\\/b83a4912f05c8178389e917d8d51de03\",\"name\":\"Teresa Mioli\",\"description\":\"Teresa Mioli is the editorial manager for the Knight Center for Journalism in the Americas. She is interested in press freedom, democratization, and investigative journalism in Latin America and is dedicated to increasing awareness about the importance of independent news media to the health of democracies. She produces journalistic work with the aim of helping people to make informed decisions about their lives and societies and wants to make sure other journalists are able to do the same. She has Bachelors' degrees in Journalism and Plan II Honors (Liberal Arts) and a Master's degree in Latin American Studies, all from the University of Texas at Austin. She started her journalistic career at The Beaumont Enterprise in Southeast Texas where she last worked as a breaking news reporter. ______ Teresa Mioli es la directora editorial del Centro Knight para el Periodismo en las Am\u00e9ricas. Es una periodista con inter\u00e9s en la libertad de prensa, la democratizaci\u00f3n y el periodismo investigativo en Am\u00e9rica Latina y est\u00e1 dedicada a crear mayor consciencia sobre la importancia de los medios noticiosos independientes para la salud de las democracias. El objetivo de su trabajo period\u00edstico es ayudar las personas para que tomen decisiones informadas sobre sus vidas y sus sociedades, y busca que otros periodistas tengan la posibilidad de hacer lo mismo. Teresa tiene una licenciatura en Periodismo y Artes liberales (Plan II Honors), y una maestr\u00eda en Estudios Latinoamericanos, todos de la Universidad de Texas en Austin. Empez\u00f3 su carrera en periodismo en The Beaumont Enterprise al sureste de Texas, en donde recientemente trabaj\u00f3 como reportera de noticias de \u00faltima hora. Anteriormente ella fue la editora de LatAm Journalism Review del Centro Knight. ______ Teresa Mioli \u00e9 gerente editorial do Centro Knight para o Jornalismo nas Am\u00e9ricas. Ela se interessa por liberdade de imprensa, democratiza\u00e7\u00e3o e jornalismo investigativo na Am\u00e9rica Latina e se dedica a aumentar a conscientiza\u00e7\u00e3o sobre a import\u00e2ncia da m\u00eddia independente para a sa\u00fade das democracias. Ela produz trabalhos jornal\u00edsticos com o objetivo de ajudar as pessoas a tomarem decis\u00f5es informadas sobre suas vidas e sociedades e deseja garantir que outros jornalistas possam fazer o mesmo. Ela tem bacharelado em jornalismo e artes liberais e um mestrado em Estudos Latino-Americanos, todos pela Universidade do Texas em Austin. Ela come\u00e7ou sua carreira jornal\u00edstica na The Beaumont Enterprise no sudeste do Texas, onde trabalhou pela \u00faltima vez como rep\u00f3rter de not\u00edcias de \u00faltima hora.\",\"sameAs\":[\"https:\\\/\\\/x.com\\\/TeresaMioli\"],\"url\":\"https:\\\/\\\/latamjournalismreview.org\\\/pt-br\\\/articles\\\/author\\\/teresa-mioli\\\/\"}]}<\/script>\n<!-- \/ Yoast SEO Premium plugin. -->","yoast_head_json":{"title":"Qual \u00e9 a rela\u00e7\u00e3o entre a liberdade de imprensa e a paz? Jornalistas das Am\u00e9ricas d\u00e3o suas opini\u00f5es - LatAm Journalism Review by the Knight Center","description":"Qual \u00e9 a rela\u00e7\u00e3o entre a liberdade de imprensa e a paz? Jornalistas das Am\u00e9ricas d\u00e3o suas opini\u00f5es Liberdade de imprensa. Latin American Journalism Review by The Knight Center at The University of Texas at Austin.","robots":{"index":"index","follow":"follow","max-snippet":"max-snippet:-1","max-image-preview":"max-image-preview:large","max-video-preview":"max-video-preview:-1"},"canonical":"https:\/\/latamjournalismreview.org\/pt-br\/articles\/qual-e-a-relacao-entre-a-liberdade-de-imprensa-e-a-paz-jornalistas-das-americas-dao-suas-opinioes\/","og_locale":"pt_BR","og_type":"article","og_title":"Qual \u00e9 a rela\u00e7\u00e3o entre a liberdade de imprensa e a paz? Jornalistas das Am\u00e9ricas d\u00e3o suas opini\u00f5es","og_description":"Qual \u00e9 a rela\u00e7\u00e3o entre a liberdade de imprensa e a paz? Jornalistas das Am\u00e9ricas d\u00e3o suas opini\u00f5es Liberdade de imprensa. Latin American Journalism Review by The Knight Center at The University of Texas at Austin.","og_url":"https:\/\/latamjournalismreview.org\/pt-br\/articles\/qual-e-a-relacao-entre-a-liberdade-de-imprensa-e-a-paz-jornalistas-das-americas-dao-suas-opinioes\/","og_site_name":"LatAm Journalism Review by the Knight Center","article_published_time":"2026-05-01T20:55:03+00:00","og_image":[{"width":507,"height":340,"url":"https:\/\/latamjournalismreview.org\/wp-content\/uploads\/2026\/05\/FEATURED-WPFD-1.png","type":"image\/png"}],"author":"Teresa Mioli","twitter_card":"summary_large_image","twitter_creator":"@TeresaMioli","twitter_site":"@LatAmJournalism","twitter_misc":{"Written by":"Teresa Mioli","Est. reading time":"3 minutos"},"schema":{"@context":"https:\/\/schema.org","@graph":[{"@type":"Article","@id":"https:\/\/latamjournalismreview.org\/pt-br\/articles\/qual-e-a-relacao-entre-a-liberdade-de-imprensa-e-a-paz-jornalistas-das-americas-dao-suas-opinioes\/#article","isPartOf":{"@id":"https:\/\/latamjournalismreview.org\/pt-br\/articles\/qual-e-a-relacao-entre-a-liberdade-de-imprensa-e-a-paz-jornalistas-das-americas-dao-suas-opinioes\/"},"author":{"name":"Teresa Mioli","@id":"https:\/\/latamjournalismreview.org\/pt-br\/#\/schema\/person\/b83a4912f05c8178389e917d8d51de03"},"headline":"Qual \u00e9 a rela\u00e7\u00e3o entre a liberdade de imprensa e a paz? Jornalistas das Am\u00e9ricas d\u00e3o suas opini\u00f5es","datePublished":"2026-05-01T20:55:03+00:00","mainEntityOfPage":{"@id":"https:\/\/latamjournalismreview.org\/pt-br\/articles\/qual-e-a-relacao-entre-a-liberdade-de-imprensa-e-a-paz-jornalistas-das-americas-dao-suas-opinioes\/"},"wordCount":597,"publisher":{"@id":"https:\/\/latamjournalismreview.org\/pt-br\/#organization"},"image":{"@id":"https:\/\/latamjournalismreview.org\/pt-br\/articles\/qual-e-a-relacao-entre-a-liberdade-de-imprensa-e-a-paz-jornalistas-das-americas-dao-suas-opinioes\/#primaryimage"},"thumbnailUrl":"https:\/\/latamjournalismreview.org\/wp-content\/uploads\/2026\/05\/FEATURED-WPFD-1.png","articleSection":["Liberdade de imprensa"],"inLanguage":"pt-BR"},{"@type":"WebPage","@id":"https:\/\/latamjournalismreview.org\/pt-br\/articles\/qual-e-a-relacao-entre-a-liberdade-de-imprensa-e-a-paz-jornalistas-das-americas-dao-suas-opinioes\/","url":"https:\/\/latamjournalismreview.org\/pt-br\/articles\/qual-e-a-relacao-entre-a-liberdade-de-imprensa-e-a-paz-jornalistas-das-americas-dao-suas-opinioes\/","name":"Qual \u00e9 a rela\u00e7\u00e3o entre a liberdade de imprensa e a paz? Jornalistas das Am\u00e9ricas d\u00e3o suas opini\u00f5es - LatAm Journalism Review by the Knight Center","isPartOf":{"@id":"https:\/\/latamjournalismreview.org\/pt-br\/#website"},"primaryImageOfPage":{"@id":"https:\/\/latamjournalismreview.org\/pt-br\/articles\/qual-e-a-relacao-entre-a-liberdade-de-imprensa-e-a-paz-jornalistas-das-americas-dao-suas-opinioes\/#primaryimage"},"image":{"@id":"https:\/\/latamjournalismreview.org\/pt-br\/articles\/qual-e-a-relacao-entre-a-liberdade-de-imprensa-e-a-paz-jornalistas-das-americas-dao-suas-opinioes\/#primaryimage"},"thumbnailUrl":"https:\/\/latamjournalismreview.org\/wp-content\/uploads\/2026\/05\/FEATURED-WPFD-1.png","datePublished":"2026-05-01T20:55:03+00:00","description":"Qual \u00e9 a rela\u00e7\u00e3o entre a liberdade de imprensa e a paz? Jornalistas das Am\u00e9ricas d\u00e3o suas opini\u00f5es Liberdade de imprensa. Latin American Journalism Review by The Knight Center at The University of Texas at Austin.","breadcrumb":{"@id":"https:\/\/latamjournalismreview.org\/pt-br\/articles\/qual-e-a-relacao-entre-a-liberdade-de-imprensa-e-a-paz-jornalistas-das-americas-dao-suas-opinioes\/#breadcrumb"},"inLanguage":"pt-BR","potentialAction":[{"@type":"ReadAction","target":["https:\/\/latamjournalismreview.org\/pt-br\/articles\/qual-e-a-relacao-entre-a-liberdade-de-imprensa-e-a-paz-jornalistas-das-americas-dao-suas-opinioes\/"]}]},{"@type":"ImageObject","inLanguage":"pt-BR","@id":"https:\/\/latamjournalismreview.org\/pt-br\/articles\/qual-e-a-relacao-entre-a-liberdade-de-imprensa-e-a-paz-jornalistas-das-americas-dao-suas-opinioes\/#primaryimage","url":"https:\/\/latamjournalismreview.org\/wp-content\/uploads\/2026\/05\/FEATURED-WPFD-1.png","contentUrl":"https:\/\/latamjournalismreview.org\/wp-content\/uploads\/2026\/05\/FEATURED-WPFD-1.png","width":507,"height":340,"caption":"Dove in front of newspaper clipping"},{"@type":"BreadcrumbList","@id":"https:\/\/latamjournalismreview.org\/pt-br\/articles\/qual-e-a-relacao-entre-a-liberdade-de-imprensa-e-a-paz-jornalistas-das-americas-dao-suas-opinioes\/#breadcrumb","itemListElement":[{"@type":"ListItem","position":1,"name":"Home","item":"https:\/\/latamjournalismreview.org\/pt-br\/"},{"@type":"ListItem","position":2,"name":"Qual \u00e9 a rela\u00e7\u00e3o entre a liberdade de imprensa e a paz? Jornalistas das Am\u00e9ricas d\u00e3o suas opini\u00f5es"}]},{"@type":"WebSite","@id":"https:\/\/latamjournalismreview.org\/pt-br\/#website","url":"https:\/\/latamjournalismreview.org\/pt-br\/","name":"LatAm Journalism Review","description":"Digital magazine on journalism in Latin America","publisher":{"@id":"https:\/\/latamjournalismreview.org\/pt-br\/#organization"},"potentialAction":[{"@type":"SearchAction","target":{"@type":"EntryPoint","urlTemplate":"https:\/\/latamjournalismreview.org\/pt-br\/?s={search_term_string}"},"query-input":{"@type":"PropertyValueSpecification","valueRequired":true,"valueName":"search_term_string"}}],"inLanguage":"pt-BR"},{"@type":"Organization","@id":"https:\/\/latamjournalismreview.org\/pt-br\/#organization","name":"LatAm Journalism Review","url":"https:\/\/latamjournalismreview.org\/pt-br\/","logo":{"@type":"ImageObject","inLanguage":"pt-BR","@id":"https:\/\/latamjournalismreview.org\/pt-br\/#\/schema\/logo\/image\/","url":"https:\/\/latamjournalismreview.org\/wp-content\/uploads\/2020\/05\/knight-latAm-review-logo.svg","contentUrl":"https:\/\/latamjournalismreview.org\/wp-content\/uploads\/2020\/05\/knight-latAm-review-logo.svg","width":"1024","height":"1024","caption":"LatAm Journalism Review"},"image":{"@id":"https:\/\/latamjournalismreview.org\/pt-br\/#\/schema\/logo\/image\/"},"sameAs":["https:\/\/x.com\/LatAmJournalism"]},{"@type":"Person","@id":"https:\/\/latamjournalismreview.org\/pt-br\/#\/schema\/person\/b83a4912f05c8178389e917d8d51de03","name":"Teresa Mioli","description":"Teresa Mioli is the editorial manager for the Knight Center for Journalism in the Americas. She is interested in press freedom, democratization, and investigative journalism in Latin America and is dedicated to increasing awareness about the importance of independent news media to the health of democracies. She produces journalistic work with the aim of helping people to make informed decisions about their lives and societies and wants to make sure other journalists are able to do the same. She has Bachelors' degrees in Journalism and Plan II Honors (Liberal Arts) and a Master's degree in Latin American Studies, all from the University of Texas at Austin. She started her journalistic career at The Beaumont Enterprise in Southeast Texas where she last worked as a breaking news reporter. ______ Teresa Mioli es la directora editorial del Centro Knight para el Periodismo en las Am\u00e9ricas. Es una periodista con inter\u00e9s en la libertad de prensa, la democratizaci\u00f3n y el periodismo investigativo en Am\u00e9rica Latina y est\u00e1 dedicada a crear mayor consciencia sobre la importancia de los medios noticiosos independientes para la salud de las democracias. El objetivo de su trabajo period\u00edstico es ayudar las personas para que tomen decisiones informadas sobre sus vidas y sus sociedades, y busca que otros periodistas tengan la posibilidad de hacer lo mismo. Teresa tiene una licenciatura en Periodismo y Artes liberales (Plan II Honors), y una maestr\u00eda en Estudios Latinoamericanos, todos de la Universidad de Texas en Austin. Empez\u00f3 su carrera en periodismo en The Beaumont Enterprise al sureste de Texas, en donde recientemente trabaj\u00f3 como reportera de noticias de \u00faltima hora. Anteriormente ella fue la editora de LatAm Journalism Review del Centro Knight. ______ Teresa Mioli \u00e9 gerente editorial do Centro Knight para o Jornalismo nas Am\u00e9ricas. Ela se interessa por liberdade de imprensa, democratiza\u00e7\u00e3o e jornalismo investigativo na Am\u00e9rica Latina e se dedica a aumentar a conscientiza\u00e7\u00e3o sobre a import\u00e2ncia da m\u00eddia independente para a sa\u00fade das democracias. Ela produz trabalhos jornal\u00edsticos com o objetivo de ajudar as pessoas a tomarem decis\u00f5es informadas sobre suas vidas e sociedades e deseja garantir que outros jornalistas possam fazer o mesmo. Ela tem bacharelado em jornalismo e artes liberais e um mestrado em Estudos Latino-Americanos, todos pela Universidade do Texas em Austin. Ela come\u00e7ou sua carreira jornal\u00edstica na The Beaumont Enterprise no sudeste do Texas, onde trabalhou pela \u00faltima vez como rep\u00f3rter de not\u00edcias de \u00faltima hora.","sameAs":["https:\/\/x.com\/TeresaMioli"],"url":"https:\/\/latamjournalismreview.org\/pt-br\/articles\/author\/teresa-mioli\/"}]}},"_links":{"self":[{"href":"https:\/\/latamjournalismreview.org\/pt-br\/wp-json\/wp\/v2\/posts\/165913","targetHints":{"allow":["GET"]}}],"collection":[{"href":"https:\/\/latamjournalismreview.org\/pt-br\/wp-json\/wp\/v2\/posts"}],"about":[{"href":"https:\/\/latamjournalismreview.org\/pt-br\/wp-json\/wp\/v2\/types\/post"}],"author":[{"embeddable":true,"href":"https:\/\/latamjournalismreview.org\/pt-br\/wp-json\/wp\/v2\/users\/3"}],"replies":[{"embeddable":true,"href":"https:\/\/latamjournalismreview.org\/pt-br\/wp-json\/wp\/v2\/comments?post=165913"}],"version-history":[{"count":2,"href":"https:\/\/latamjournalismreview.org\/pt-br\/wp-json\/wp\/v2\/posts\/165913\/revisions"}],"predecessor-version":[{"id":166154,"href":"https:\/\/latamjournalismreview.org\/pt-br\/wp-json\/wp\/v2\/posts\/165913\/revisions\/166154"}],"wp:featuredmedia":[{"embeddable":true,"href":"https:\/\/latamjournalismreview.org\/pt-br\/wp-json\/wp\/v2\/media\/166007"}],"wp:attachment":[{"href":"https:\/\/latamjournalismreview.org\/pt-br\/wp-json\/wp\/v2\/media?parent=165913"}],"wp:term":[{"taxonomy":"category","embeddable":true,"href":"https:\/\/latamjournalismreview.org\/pt-br\/wp-json\/wp\/v2\/categories?post=165913"},{"taxonomy":"post_tag","embeddable":true,"href":"https:\/\/latamjournalismreview.org\/pt-br\/wp-json\/wp\/v2\/tags?post=165913"},{"taxonomy":"author","embeddable":true,"href":"https:\/\/latamjournalismreview.org\/pt-br\/wp-json\/wp\/v2\/coauthors?post=165913"}],"curies":[{"name":"wp","href":"https:\/\/api.w.org\/{rel}","templated":true}]}}