{"id":16659,"date":"2021-02-12T16:22:02","date_gmt":"2021-02-12T21:22:02","guid":{"rendered":"https:\/\/latamjournalismreview.org\/?p=16659"},"modified":"2021-02-13T20:30:48","modified_gmt":"2021-02-14T01:30:48","slug":"aqui-esta-o-que-jornalistas-de-radio-da-america-latina-e-do-caribe-disseram-a-ljr-sobre-a-importancia-do-radio-para-a-imprensa-liberdade","status":"publish","type":"post","link":"https:\/\/latamjournalismreview.org\/pt-br\/articles\/aqui-esta-o-que-jornalistas-de-radio-da-america-latina-e-do-caribe-disseram-a-ljr-sobre-a-importancia-do-radio-para-a-imprensa-liberdade\/","title":{"rendered":"Qual a import\u00e2ncia do r\u00e1dio para a liberdade de imprensa? Veja respostas de jornalistas da Am\u00e9rica Latina"},"content":{"rendered":"<p><a href=\"https:\/\/en.unesco.org\/commemorations\/worldradioday\">O Dia Mundial do R\u00e1dio<\/a> est\u00e1 comemorando seu 10\u00ba anivers\u00e1rio este ano.<\/p>\n<p>A Assembleia Geral da ONU adotou o Dia Internacional em 2012 e o tema deste ano \u00e9 \"Novo Mundo, Novo R\u00e1dio: Evolu\u00e7\u00e3o, Inova\u00e7\u00e3o e Conex\u00e3o\u201d.<\/p>\n<p>Na <strong>LatAm Journalism Review (LJR),<\/strong> quer\u00edamos nos juntar \u00e0 celebra\u00e7\u00e3o deste dia. Para fazer isso, perguntamos a jornalistas de r\u00e1dio da Am\u00e9rica Latina e do Caribe por que o r\u00e1dio \u00e9 importante para a liberdade de imprensa na regi\u00e3o. Suas respostas podem ser encontradas abaixo e em nossas redes sociais:<\/p>\n<hr \/>\n<hr \/>\n<p><img loading=\"lazy\" decoding=\"async\" class=\"wp-image-16611 aligncenter\" src=\"https:\/\/latamjournalismreview.org\/wp-content\/uploads\/2021\/02\/Alarcon-300x300.png\" alt=\"Mar\u00eda Gloria Alarc\u00f3n\" width=\"250\" height=\"250\" srcset=\"https:\/\/latamjournalismreview.org\/wp-content\/uploads\/2021\/02\/Alarcon-300x300.png 300w, https:\/\/latamjournalismreview.org\/wp-content\/uploads\/2021\/02\/Alarcon-150x150.png 150w, https:\/\/latamjournalismreview.org\/wp-content\/uploads\/2021\/02\/Alarcon.png 400w\" sizes=\"auto, (max-width: 250px) 100vw, 250px\" \/><\/p>\n<p><span style=\"font-weight: 400;\">\u201cO r\u00e1dio n\u00e3o cumpre apenas a fun\u00e7\u00e3o essencial de informar, educar e divertir. \u00c9 um poderoso instrumento ao servi\u00e7o da popula\u00e7\u00e3o, em tempos de conflito ou de paz, chega a locais remotos, diferencia-se pela intera\u00e7\u00e3o com o p\u00fablico, fornece informa\u00e7\u00e3o instant\u00e2nea, \u00e9 acess\u00edvel e permite ao ouvinte realizar outras atividades simult\u00e2neas.\"<\/span><\/p>\n<p><span style=\"font-weight: 400;\">Maria Gloria Alarc\u00f3n,\u00a0<\/span><span style=\"font-weight: 400;\">R\u00e1dio \u00d1anduti - Paraguai<\/span><\/p>\n<hr \/>\n<p><img loading=\"lazy\" decoding=\"async\" class=\"aligncenter wp-image-16622\" src=\"https:\/\/latamjournalismreview.org\/wp-content\/uploads\/2021\/02\/Felipe-300x300.png\" alt=\"Juan Felipe Reyes Espitia\" width=\"250\" height=\"250\" srcset=\"https:\/\/latamjournalismreview.org\/wp-content\/uploads\/2021\/02\/Felipe-300x300.png 300w, https:\/\/latamjournalismreview.org\/wp-content\/uploads\/2021\/02\/Felipe-150x150.png 150w, https:\/\/latamjournalismreview.org\/wp-content\/uploads\/2021\/02\/Felipe.png 400w\" sizes=\"auto, (max-width: 250px) 100vw, 250px\" \/><\/p>\n<p>\"<span style=\"font-weight: 400;\">Nesta celebra\u00e7\u00e3o do Dia Mundial do R\u00e1dio, considero valioso enfatizar a rela\u00e7\u00e3o entre o r\u00e1dio e a liberdade de imprensa, a partir da pr\u00f3pria profiss\u00e3o do jornalismo e sua estreita rela\u00e7\u00e3o com a liberdade de imprensa. O r\u00e1dio \u00e9 importante neste sentido, pois \u00e9 um dos meios de comunica\u00e7\u00e3o que podemos encontrar mais facilmente e, gra\u00e7as ao valor da sua imediatez, diversidade de vozes, opini\u00f5es e pensamentos, pilares fundamentais na constru\u00e7\u00e3o da liberdade de imprensa.\"<\/span><\/p>\n<p><span style=\"font-weight: 400;\">Juan Felipe Reyes Espitia,\u00a0<\/span><span style=\"font-weight: 400;\">R\u00e1dio Caracol - Col\u00f4mbia<\/span><\/p>\n<hr \/>\n<p><img loading=\"lazy\" decoding=\"async\" class=\"aligncenter wp-image-16618\" src=\"https:\/\/latamjournalismreview.org\/wp-content\/uploads\/2021\/02\/Reimi-300x300.png\" alt=\"Isabella Reimi\" width=\"250\" height=\"250\" srcset=\"https:\/\/latamjournalismreview.org\/wp-content\/uploads\/2021\/02\/Reimi-300x300.png 300w, https:\/\/latamjournalismreview.org\/wp-content\/uploads\/2021\/02\/Reimi-150x150.png 150w, https:\/\/latamjournalismreview.org\/wp-content\/uploads\/2021\/02\/Reimi.png 400w\" sizes=\"auto, (max-width: 250px) 100vw, 250px\" \/><\/p>\n<p>\"<span style=\"font-weight: 400;\">Acredito que o r\u00e1dio ganha import\u00e2ncia nos nossos tempos, quando os meios jornal\u00edsticos tendem a se digitalizar e caem na tenta\u00e7\u00e3o de deixar de lado o p\u00fablico que n\u00e3o consegue acessar a internet. A\u00ed entra o r\u00e1dio, que se conecta com as pessoas nos territ\u00f3rios mais remotos da nossa regi\u00e3o.\"<\/span><\/p>\n<p><span style=\"font-weight: 400;\">Isabella Reimi,\u00a0<\/span><span style=\"font-weight: 400;\">El Pitazo - Venezuela<\/span><\/p>\n<hr \/>\n<p><img loading=\"lazy\" decoding=\"async\" class=\"aligncenter wp-image-16626\" src=\"https:\/\/latamjournalismreview.org\/wp-content\/uploads\/2021\/02\/Marcus-300x300.png\" alt=\"Marcus Lacerda\" width=\"250\" height=\"250\" srcset=\"https:\/\/latamjournalismreview.org\/wp-content\/uploads\/2021\/02\/Marcus-300x300.png 300w, https:\/\/latamjournalismreview.org\/wp-content\/uploads\/2021\/02\/Marcus-150x150.png 150w, https:\/\/latamjournalismreview.org\/wp-content\/uploads\/2021\/02\/Marcus.png 400w\" sizes=\"auto, (max-width: 250px) 100vw, 250px\" \/><\/p>\n<p><span style=\"font-weight: 400;\">\"O r\u00e1dio \u00e9 um ve\u00edculo \u00e1gil e direto. \u00c9 um ve\u00edculo que atinge a massa. \u00c9 barato de se fazer, \u00e9 barato de se consumir. E tem uma for\u00e7a muito grande na presta\u00e7\u00e3o de servi\u00e7o \u00e0 popula\u00e7\u00e3o. Por isso, a liberdade de imprensa no r\u00e1dio \u00e9 essencial para a popula\u00e7\u00e3o ter uma fonte de informa\u00e7\u00e3o segura e confi\u00e1vel.\" <\/span><\/p>\n<p><span style=\"font-weight: 400;\">Marcus Lacerda,\u00a0<\/span><span style=\"font-weight: 400;\">R\u00e1dio Bandnews FM Rio - Brasil<\/span><\/p>\n<p>&nbsp;<\/p>\n<hr \/>\n<p><img loading=\"lazy\" decoding=\"async\" class=\"aligncenter wp-image-16636\" src=\"https:\/\/latamjournalismreview.org\/wp-content\/uploads\/2021\/02\/Julio-Lopez-300x300.png\" alt=\"J\u00falio L\u00f3pez\" width=\"250\" height=\"250\" srcset=\"https:\/\/latamjournalismreview.org\/wp-content\/uploads\/2021\/02\/Julio-Lopez-300x300.png 300w, https:\/\/latamjournalismreview.org\/wp-content\/uploads\/2021\/02\/Julio-Lopez-150x150.png 150w, https:\/\/latamjournalismreview.org\/wp-content\/uploads\/2021\/02\/Julio-Lopez.png 400w\" sizes=\"auto, (max-width: 250px) 100vw, 250px\" \/><\/p>\n<p><span style=\"font-weight: 400;\">\"O r\u00e1dio \u00e9 um importante meio de comunica\u00e7\u00e3o para a liberdade de imprensa porque permite a defesa de outros direitos humanos e abre a possibilidade de que as pessoas possam acessar um meio de comunica\u00e7\u00e3o, principalmente em um regime autorit\u00e1rio como o que temos na Nicar\u00e1gua, onde a popula\u00e7\u00e3o n\u00e3o consegue se expressar livremente.\"<\/span><\/p>\n<p><span style=\"font-weight: 400;\">J\u00falio L\u00f3pez,\u00a0<\/span><span style=\"font-weight: 400;\">Onda Local - Nicaragua<\/span><\/p>\n<hr \/>\n<p><img loading=\"lazy\" decoding=\"async\" class=\"aligncenter wp-image-16643\" src=\"https:\/\/latamjournalismreview.org\/wp-content\/uploads\/2021\/02\/Paula-Molina-300x300.png\" alt=\"Paula Molina\" width=\"250\" height=\"250\" srcset=\"https:\/\/latamjournalismreview.org\/wp-content\/uploads\/2021\/02\/Paula-Molina-300x300.png 300w, https:\/\/latamjournalismreview.org\/wp-content\/uploads\/2021\/02\/Paula-Molina-150x150.png 150w, https:\/\/latamjournalismreview.org\/wp-content\/uploads\/2021\/02\/Paula-Molina.png 400w\" sizes=\"auto, (max-width: 250px) 100vw, 250px\" \/><\/p>\n<p><span style=\"font-weight: 400;\">\u201cO r\u00e1dio que assume um compromisso com o jornalismo, com a verdade, \u00e9 vital para informar e exercer o direito \u00e0 liberdade de imprensa. Ampla e gratuita, o r\u00e1dio n\u00e3o exige pagamento, internet ou telefone e \u00e0s vezes nem eletricidade, para levar a voz humana por geografias e comunidades muitas vezes distantes. No r\u00e1dio, a energia deve responder sem cortes, ao vivo e direto. O r\u00e1dio \u00e9 o meio onde nos falamos e nos ouvimos, e um daqueles espa\u00e7os, cada vez mais escassos, onde o di\u00e1logo \u00e9 sempre poss\u00edvel.\u201d<\/span><\/p>\n<p><span style=\"font-weight: 400;\">Paula Molina,\u00a0<\/span><span style=\"font-weight: 400;\">Radio Cooperativa - Chile<\/span><\/p>\n<hr \/>\n<p><img loading=\"lazy\" decoding=\"async\" class=\"aligncenter wp-image-16667\" src=\"https:\/\/latamjournalismreview.org\/wp-content\/uploads\/2021\/02\/Douglas-Ritter-300x300.png\" alt=\"Douglas Ritter\" width=\"250\" height=\"250\" srcset=\"https:\/\/latamjournalismreview.org\/wp-content\/uploads\/2021\/02\/Douglas-Ritter-300x300.png 300w, https:\/\/latamjournalismreview.org\/wp-content\/uploads\/2021\/02\/Douglas-Ritter-150x150.png 150w, https:\/\/latamjournalismreview.org\/wp-content\/uploads\/2021\/02\/Douglas-Ritter.png 400w\" sizes=\"auto, (max-width: 250px) 100vw, 250px\" \/><\/p>\n<p>\"<span style=\"font-weight: 400;\">Desde sempre ouvi que o r\u00e1dio tinha sido condenado e estava com dias contados ap\u00f3s o surgimento da internet e das redes sociais. A internet nunca ocupar\u00e1 o of\u00edcio do jornalismo que \u00e9 baseado na informa\u00e7\u00e3o. \u00c9 bem verdade que o mundo vive uma onda de desinforma\u00e7\u00e3o, e muitos tentam colocar a imprensa contra a sociedade, como uma inimiga do povo. Mas o jornalismo \u00e9, na verdade, pautado sobre a \u00e9tica em informar, ainda com nossas imperfei\u00e7\u00f5es, mas sempre acrescentando, corrigindo erros e com a responsabilidade crescente de informar a verdade. Nesse contexto, o r\u00e1dio vive um per\u00edodo excepcional porque \u00e9 uma \u00e9poca de mudan\u00e7as r\u00e1pidas no mundo tecnol\u00f3gico. Sem d\u00favida, o r\u00e1dio \u00e9 um meio de comunica\u00e7\u00e3o de massa important\u00edssimo para liberdade de imprensa, por ser o mais popular e o de maior alcance. A conflu\u00eancia das m\u00eddias s\u00f3 ampliou a participa\u00e7\u00e3o cada vez maior do p\u00fablico ouvinte de r\u00e1dio.\"<\/span><\/p>\n<p><span style=\"font-weight: 400;\">Douglas Ritter, CBN-SP - Brasil\u00a0<\/span><\/p>\n<hr \/>\n<p><img loading=\"lazy\" decoding=\"async\" class=\"aligncenter wp-image-16673\" src=\"https:\/\/latamjournalismreview.org\/wp-content\/uploads\/2021\/02\/Denis-Chabrol-300x300.png\" alt=\"Denis Chabrol\" width=\"250\" height=\"250\" srcset=\"https:\/\/latamjournalismreview.org\/wp-content\/uploads\/2021\/02\/Denis-Chabrol-300x300.png 300w, https:\/\/latamjournalismreview.org\/wp-content\/uploads\/2021\/02\/Denis-Chabrol-150x150.png 150w, https:\/\/latamjournalismreview.org\/wp-content\/uploads\/2021\/02\/Denis-Chabrol.png 400w\" sizes=\"auto, (max-width: 250px) 100vw, 250px\" \/><\/p>\n<p><span style=\"font-weight: 400;\">\"O r\u00e1dio \u00e9 importante para a liberdade de imprensa porque ainda \u00e9 o meio mais imediato de comunica\u00e7\u00e3o de massa que permite tratar uma variedade de quest\u00f5es e de forma concisa ou extensa com o menor custo.\u00a0 O r\u00e1dio permite o cultivo da criatividade para dar vida \u00e0s imagens com palavras, m\u00fasica e efeitos sonoros.<\/span><\/p>\n<p><span style=\"font-weight: 400;\">Com a converg\u00eancia da tecnologia de r\u00e1dio terrestre convencional com as modernas tecnologias de m\u00eddia social, o r\u00e1dio meramente ganhou um impulso adicional para ser inovador e criativo.\u00a0 Os fundamentos de produ\u00e7\u00e3o e apresenta\u00e7\u00e3o da produ\u00e7\u00e3o de r\u00e1dio permanecem exclusivos para este meio e assim ser\u00e3o por muito tempo ainda.<\/span><\/p>\n<p><span style=\"font-weight: 400;\">Pare para pensar sobre isso!\u00a0 Voc\u00ea n\u00e3o pode assistir TV ou acompanhar as redes sociais enquanto dirige, cozinha ou limpa!<\/span><\/p>\n<p><span style=\"font-weight: 400;\">Holisticamente, a radiodifus\u00e3o ser\u00e1 simplesmente um sonho sem a espinha dorsal da tecnologia de transmiss\u00e3o e recep\u00e7\u00e3o de sinais sem fio, poss\u00edvel apenas por grandes inventores como Heinrich Hertz, a quem nomeamos nossas frequ\u00eancias para o espectro do qual dependem as tecnologias de televis\u00e3o, sat\u00e9lite e telefone celular\".<\/span><\/p>\n<p>Denis Chabrol, <span style=\"font-weight: 400;\">News-Talk Radio Guyana 103.1 FM - Guiana <\/span><\/p>\n<p>&nbsp;<\/p>\n","protected":false},"excerpt":{"rendered":"<p>Para comemorar o dia na LatAm Journalism Review (LJR), perguntamos a jornalistas de r\u00e1dio da Am\u00e9rica Latina e do Caribe por que o r\u00e1dio \u00e9 importante para a liberdade de imprensa na regi\u00e3o.<\/p>\n","protected":false},"author":3,"featured_media":16591,"comment_status":"closed","ping_status":"closed","sticky":false,"template":"","format":"standard","meta":{"inline_featured_image":false,"footnotes":""},"categories":[1219],"tags":[1562],"coauthors":[],"class_list":["post-16659","post","type-post","status-publish","format-standard","has-post-thumbnail","hentry","category-liberdade-de-imprensa-pt-br","tag-radio-e-tv-pt-br"],"acf":[],"yoast_head":"<!-- This site is optimized with the Yoast SEO Premium plugin v22.6 (Yoast SEO v27.4) - https:\/\/yoast.com\/product\/yoast-seo-premium-wordpress\/ -->\n<title>Qual a import\u00e2ncia do r\u00e1dio para a liberdade de imprensa? Veja respostas de jornalistas da Am\u00e9rica Latina - LatAm Journalism Review by the Knight Center<\/title>\n<meta name=\"description\" content=\"Qual a import\u00e2ncia do r\u00e1dio para a liberdade de imprensa? Veja respostas de jornalistas da Am\u00e9rica Latina Liberdade de imprensa. Latin American Journalism Review by The Knight Center at The University of Texas at Austin.\" \/>\n<meta name=\"robots\" content=\"index, follow, max-snippet:-1, max-image-preview:large, max-video-preview:-1\" \/>\n<link rel=\"canonical\" href=\"https:\/\/latamjournalismreview.org\/pt-br\/articles\/aqui-esta-o-que-jornalistas-de-radio-da-america-latina-e-do-caribe-disseram-a-ljr-sobre-a-importancia-do-radio-para-a-imprensa-liberdade\/\" \/>\n<meta property=\"og:locale\" content=\"pt_BR\" \/>\n<meta property=\"og:type\" content=\"article\" \/>\n<meta property=\"og:title\" content=\"Qual a import\u00e2ncia do r\u00e1dio para a liberdade de imprensa? Veja respostas de jornalistas da Am\u00e9rica Latina\" \/>\n<meta property=\"og:description\" content=\"Qual a import\u00e2ncia do r\u00e1dio para a liberdade de imprensa? Veja respostas de jornalistas da Am\u00e9rica Latina Liberdade de imprensa. Latin American Journalism Review by The Knight Center at The University of Texas at Austin.\" \/>\n<meta property=\"og:url\" content=\"https:\/\/latamjournalismreview.org\/pt-br\/articles\/aqui-esta-o-que-jornalistas-de-radio-da-america-latina-e-do-caribe-disseram-a-ljr-sobre-a-importancia-do-radio-para-a-imprensa-liberdade\/\" \/>\n<meta property=\"og:site_name\" content=\"LatAm Journalism Review by the Knight Center\" \/>\n<meta property=\"article:published_time\" content=\"2021-02-12T21:22:02+00:00\" \/>\n<meta property=\"article:modified_time\" content=\"2021-02-14T01:30:48+00:00\" \/>\n<meta property=\"og:image\" content=\"https:\/\/latamjournalismreview.org\/wp-content\/uploads\/2021\/02\/Featured-Image-radio.png\" \/>\n\t<meta property=\"og:image:width\" content=\"507\" \/>\n\t<meta property=\"og:image:height\" content=\"340\" \/>\n\t<meta property=\"og:image:type\" content=\"image\/png\" \/>\n<meta name=\"author\" content=\"Teresa Mioli\" \/>\n<meta name=\"twitter:card\" content=\"summary_large_image\" \/>\n<meta name=\"twitter:creator\" content=\"@TeresaMioli\" \/>\n<meta name=\"twitter:site\" content=\"@LatAmJournalism\" \/>\n<meta name=\"twitter:label1\" content=\"Written by\" \/>\n\t<meta name=\"twitter:data1\" content=\"Teresa Mioli\" \/>\n\t<meta name=\"twitter:label2\" content=\"Est. reading time\" \/>\n\t<meta name=\"twitter:data2\" content=\"5 minutos\" \/>\n<script type=\"application\/ld+json\" class=\"yoast-schema-graph\">{\"@context\":\"https:\\\/\\\/schema.org\",\"@graph\":[{\"@type\":\"Article\",\"@id\":\"https:\\\/\\\/latamjournalismreview.org\\\/pt-br\\\/articles\\\/aqui-esta-o-que-jornalistas-de-radio-da-america-latina-e-do-caribe-disseram-a-ljr-sobre-a-importancia-do-radio-para-a-imprensa-liberdade\\\/#article\",\"isPartOf\":{\"@id\":\"https:\\\/\\\/latamjournalismreview.org\\\/pt-br\\\/articles\\\/aqui-esta-o-que-jornalistas-de-radio-da-america-latina-e-do-caribe-disseram-a-ljr-sobre-a-importancia-do-radio-para-a-imprensa-liberdade\\\/\"},\"author\":{\"name\":\"Teresa Mioli\",\"@id\":\"https:\\\/\\\/latamjournalismreview.org\\\/pt-br\\\/#\\\/schema\\\/person\\\/b83a4912f05c8178389e917d8d51de03\"},\"headline\":\"Qual a import\u00e2ncia do r\u00e1dio para a liberdade de imprensa? Veja respostas de jornalistas da Am\u00e9rica Latina\",\"datePublished\":\"2021-02-12T21:22:02+00:00\",\"dateModified\":\"2021-02-14T01:30:48+00:00\",\"mainEntityOfPage\":{\"@id\":\"https:\\\/\\\/latamjournalismreview.org\\\/pt-br\\\/articles\\\/aqui-esta-o-que-jornalistas-de-radio-da-america-latina-e-do-caribe-disseram-a-ljr-sobre-a-importancia-do-radio-para-a-imprensa-liberdade\\\/\"},\"wordCount\":956,\"publisher\":{\"@id\":\"https:\\\/\\\/latamjournalismreview.org\\\/pt-br\\\/#organization\"},\"image\":{\"@id\":\"https:\\\/\\\/latamjournalismreview.org\\\/pt-br\\\/articles\\\/aqui-esta-o-que-jornalistas-de-radio-da-america-latina-e-do-caribe-disseram-a-ljr-sobre-a-importancia-do-radio-para-a-imprensa-liberdade\\\/#primaryimage\"},\"thumbnailUrl\":\"https:\\\/\\\/latamjournalismreview.org\\\/wp-content\\\/uploads\\\/2021\\\/02\\\/Featured-Image-radio.png\",\"keywords\":[\"R\u00e1dio e TV\"],\"articleSection\":[\"Liberdade de imprensa\"],\"inLanguage\":\"pt-BR\"},{\"@type\":\"WebPage\",\"@id\":\"https:\\\/\\\/latamjournalismreview.org\\\/pt-br\\\/articles\\\/aqui-esta-o-que-jornalistas-de-radio-da-america-latina-e-do-caribe-disseram-a-ljr-sobre-a-importancia-do-radio-para-a-imprensa-liberdade\\\/\",\"url\":\"https:\\\/\\\/latamjournalismreview.org\\\/pt-br\\\/articles\\\/aqui-esta-o-que-jornalistas-de-radio-da-america-latina-e-do-caribe-disseram-a-ljr-sobre-a-importancia-do-radio-para-a-imprensa-liberdade\\\/\",\"name\":\"Qual a import\u00e2ncia do r\u00e1dio para a liberdade de imprensa? Veja respostas de jornalistas da Am\u00e9rica Latina - LatAm Journalism Review by the Knight Center\",\"isPartOf\":{\"@id\":\"https:\\\/\\\/latamjournalismreview.org\\\/pt-br\\\/#website\"},\"primaryImageOfPage\":{\"@id\":\"https:\\\/\\\/latamjournalismreview.org\\\/pt-br\\\/articles\\\/aqui-esta-o-que-jornalistas-de-radio-da-america-latina-e-do-caribe-disseram-a-ljr-sobre-a-importancia-do-radio-para-a-imprensa-liberdade\\\/#primaryimage\"},\"image\":{\"@id\":\"https:\\\/\\\/latamjournalismreview.org\\\/pt-br\\\/articles\\\/aqui-esta-o-que-jornalistas-de-radio-da-america-latina-e-do-caribe-disseram-a-ljr-sobre-a-importancia-do-radio-para-a-imprensa-liberdade\\\/#primaryimage\"},\"thumbnailUrl\":\"https:\\\/\\\/latamjournalismreview.org\\\/wp-content\\\/uploads\\\/2021\\\/02\\\/Featured-Image-radio.png\",\"datePublished\":\"2021-02-12T21:22:02+00:00\",\"dateModified\":\"2021-02-14T01:30:48+00:00\",\"description\":\"Qual a import\u00e2ncia do r\u00e1dio para a liberdade de imprensa? Veja respostas de jornalistas da Am\u00e9rica Latina Liberdade de imprensa. Latin American Journalism Review by The Knight Center at The University of Texas at Austin.\",\"breadcrumb\":{\"@id\":\"https:\\\/\\\/latamjournalismreview.org\\\/pt-br\\\/articles\\\/aqui-esta-o-que-jornalistas-de-radio-da-america-latina-e-do-caribe-disseram-a-ljr-sobre-a-importancia-do-radio-para-a-imprensa-liberdade\\\/#breadcrumb\"},\"inLanguage\":\"pt-BR\",\"potentialAction\":[{\"@type\":\"ReadAction\",\"target\":[\"https:\\\/\\\/latamjournalismreview.org\\\/pt-br\\\/articles\\\/aqui-esta-o-que-jornalistas-de-radio-da-america-latina-e-do-caribe-disseram-a-ljr-sobre-a-importancia-do-radio-para-a-imprensa-liberdade\\\/\"]}]},{\"@type\":\"ImageObject\",\"inLanguage\":\"pt-BR\",\"@id\":\"https:\\\/\\\/latamjournalismreview.org\\\/pt-br\\\/articles\\\/aqui-esta-o-que-jornalistas-de-radio-da-america-latina-e-do-caribe-disseram-a-ljr-sobre-a-importancia-do-radio-para-a-imprensa-liberdade\\\/#primaryimage\",\"url\":\"https:\\\/\\\/latamjournalismreview.org\\\/wp-content\\\/uploads\\\/2021\\\/02\\\/Featured-Image-radio.png\",\"contentUrl\":\"https:\\\/\\\/latamjournalismreview.org\\\/wp-content\\\/uploads\\\/2021\\\/02\\\/Featured-Image-radio.png\",\"width\":507,\"height\":340},{\"@type\":\"BreadcrumbList\",\"@id\":\"https:\\\/\\\/latamjournalismreview.org\\\/pt-br\\\/articles\\\/aqui-esta-o-que-jornalistas-de-radio-da-america-latina-e-do-caribe-disseram-a-ljr-sobre-a-importancia-do-radio-para-a-imprensa-liberdade\\\/#breadcrumb\",\"itemListElement\":[{\"@type\":\"ListItem\",\"position\":1,\"name\":\"Home\",\"item\":\"https:\\\/\\\/latamjournalismreview.org\\\/pt-br\\\/\"},{\"@type\":\"ListItem\",\"position\":2,\"name\":\"Qual a import\u00e2ncia do r\u00e1dio para a liberdade de imprensa? Veja respostas de jornalistas da Am\u00e9rica Latina\"}]},{\"@type\":\"WebSite\",\"@id\":\"https:\\\/\\\/latamjournalismreview.org\\\/pt-br\\\/#website\",\"url\":\"https:\\\/\\\/latamjournalismreview.org\\\/pt-br\\\/\",\"name\":\"LatAm Journalism Review\",\"description\":\"Digital magazine on journalism in Latin America\",\"publisher\":{\"@id\":\"https:\\\/\\\/latamjournalismreview.org\\\/pt-br\\\/#organization\"},\"potentialAction\":[{\"@type\":\"SearchAction\",\"target\":{\"@type\":\"EntryPoint\",\"urlTemplate\":\"https:\\\/\\\/latamjournalismreview.org\\\/pt-br\\\/?s={search_term_string}\"},\"query-input\":{\"@type\":\"PropertyValueSpecification\",\"valueRequired\":true,\"valueName\":\"search_term_string\"}}],\"inLanguage\":\"pt-BR\"},{\"@type\":\"Organization\",\"@id\":\"https:\\\/\\\/latamjournalismreview.org\\\/pt-br\\\/#organization\",\"name\":\"LatAm Journalism Review\",\"url\":\"https:\\\/\\\/latamjournalismreview.org\\\/pt-br\\\/\",\"logo\":{\"@type\":\"ImageObject\",\"inLanguage\":\"pt-BR\",\"@id\":\"https:\\\/\\\/latamjournalismreview.org\\\/pt-br\\\/#\\\/schema\\\/logo\\\/image\\\/\",\"url\":\"https:\\\/\\\/latamjournalismreview.org\\\/wp-content\\\/uploads\\\/2020\\\/05\\\/knight-latAm-review-logo.svg\",\"contentUrl\":\"https:\\\/\\\/latamjournalismreview.org\\\/wp-content\\\/uploads\\\/2020\\\/05\\\/knight-latAm-review-logo.svg\",\"width\":\"1024\",\"height\":\"1024\",\"caption\":\"LatAm Journalism Review\"},\"image\":{\"@id\":\"https:\\\/\\\/latamjournalismreview.org\\\/pt-br\\\/#\\\/schema\\\/logo\\\/image\\\/\"},\"sameAs\":[\"https:\\\/\\\/x.com\\\/LatAmJournalism\"]},{\"@type\":\"Person\",\"@id\":\"https:\\\/\\\/latamjournalismreview.org\\\/pt-br\\\/#\\\/schema\\\/person\\\/b83a4912f05c8178389e917d8d51de03\",\"name\":\"Teresa Mioli\",\"description\":\"Teresa Mioli is the editorial manager for the Knight Center for Journalism in the Americas. She is interested in press freedom, democratization, and investigative journalism in Latin America and is dedicated to increasing awareness about the importance of independent news media to the health of democracies. She produces journalistic work with the aim of helping people to make informed decisions about their lives and societies and wants to make sure other journalists are able to do the same. She has Bachelors' degrees in Journalism and Plan II Honors (Liberal Arts) and a Master's degree in Latin American Studies, all from the University of Texas at Austin. She started her journalistic career at The Beaumont Enterprise in Southeast Texas where she last worked as a breaking news reporter. ______ Teresa Mioli es la directora editorial del Centro Knight para el Periodismo en las Am\u00e9ricas. Es una periodista con inter\u00e9s en la libertad de prensa, la democratizaci\u00f3n y el periodismo investigativo en Am\u00e9rica Latina y est\u00e1 dedicada a crear mayor consciencia sobre la importancia de los medios noticiosos independientes para la salud de las democracias. El objetivo de su trabajo period\u00edstico es ayudar las personas para que tomen decisiones informadas sobre sus vidas y sus sociedades, y busca que otros periodistas tengan la posibilidad de hacer lo mismo. Teresa tiene una licenciatura en Periodismo y Artes liberales (Plan II Honors), y una maestr\u00eda en Estudios Latinoamericanos, todos de la Universidad de Texas en Austin. Empez\u00f3 su carrera en periodismo en The Beaumont Enterprise al sureste de Texas, en donde recientemente trabaj\u00f3 como reportera de noticias de \u00faltima hora. Anteriormente ella fue la editora de LatAm Journalism Review del Centro Knight. ______ Teresa Mioli \u00e9 gerente editorial do Centro Knight para o Jornalismo nas Am\u00e9ricas. Ela se interessa por liberdade de imprensa, democratiza\u00e7\u00e3o e jornalismo investigativo na Am\u00e9rica Latina e se dedica a aumentar a conscientiza\u00e7\u00e3o sobre a import\u00e2ncia da m\u00eddia independente para a sa\u00fade das democracias. Ela produz trabalhos jornal\u00edsticos com o objetivo de ajudar as pessoas a tomarem decis\u00f5es informadas sobre suas vidas e sociedades e deseja garantir que outros jornalistas possam fazer o mesmo. Ela tem bacharelado em jornalismo e artes liberais e um mestrado em Estudos Latino-Americanos, todos pela Universidade do Texas em Austin. Ela come\u00e7ou sua carreira jornal\u00edstica na The Beaumont Enterprise no sudeste do Texas, onde trabalhou pela \u00faltima vez como rep\u00f3rter de not\u00edcias de \u00faltima hora.\",\"sameAs\":[\"https:\\\/\\\/x.com\\\/TeresaMioli\"],\"url\":\"https:\\\/\\\/latamjournalismreview.org\\\/pt-br\\\/articles\\\/author\\\/teresa-mioli\\\/\"}]}<\/script>\n<!-- \/ Yoast SEO Premium plugin. -->","yoast_head_json":{"title":"Qual a import\u00e2ncia do r\u00e1dio para a liberdade de imprensa? Veja respostas de jornalistas da Am\u00e9rica Latina - LatAm Journalism Review by the Knight Center","description":"Qual a import\u00e2ncia do r\u00e1dio para a liberdade de imprensa? Veja respostas de jornalistas da Am\u00e9rica Latina Liberdade de imprensa. Latin American Journalism Review by The Knight Center at The University of Texas at Austin.","robots":{"index":"index","follow":"follow","max-snippet":"max-snippet:-1","max-image-preview":"max-image-preview:large","max-video-preview":"max-video-preview:-1"},"canonical":"https:\/\/latamjournalismreview.org\/pt-br\/articles\/aqui-esta-o-que-jornalistas-de-radio-da-america-latina-e-do-caribe-disseram-a-ljr-sobre-a-importancia-do-radio-para-a-imprensa-liberdade\/","og_locale":"pt_BR","og_type":"article","og_title":"Qual a import\u00e2ncia do r\u00e1dio para a liberdade de imprensa? Veja respostas de jornalistas da Am\u00e9rica Latina","og_description":"Qual a import\u00e2ncia do r\u00e1dio para a liberdade de imprensa? Veja respostas de jornalistas da Am\u00e9rica Latina Liberdade de imprensa. Latin American Journalism Review by The Knight Center at The University of Texas at Austin.","og_url":"https:\/\/latamjournalismreview.org\/pt-br\/articles\/aqui-esta-o-que-jornalistas-de-radio-da-america-latina-e-do-caribe-disseram-a-ljr-sobre-a-importancia-do-radio-para-a-imprensa-liberdade\/","og_site_name":"LatAm Journalism Review by the Knight Center","article_published_time":"2021-02-12T21:22:02+00:00","article_modified_time":"2021-02-14T01:30:48+00:00","og_image":[{"width":507,"height":340,"url":"https:\/\/latamjournalismreview.org\/wp-content\/uploads\/2021\/02\/Featured-Image-radio.png","type":"image\/png"}],"author":"Teresa Mioli","twitter_card":"summary_large_image","twitter_creator":"@TeresaMioli","twitter_site":"@LatAmJournalism","twitter_misc":{"Written by":"Teresa Mioli","Est. reading time":"5 minutos"},"schema":{"@context":"https:\/\/schema.org","@graph":[{"@type":"Article","@id":"https:\/\/latamjournalismreview.org\/pt-br\/articles\/aqui-esta-o-que-jornalistas-de-radio-da-america-latina-e-do-caribe-disseram-a-ljr-sobre-a-importancia-do-radio-para-a-imprensa-liberdade\/#article","isPartOf":{"@id":"https:\/\/latamjournalismreview.org\/pt-br\/articles\/aqui-esta-o-que-jornalistas-de-radio-da-america-latina-e-do-caribe-disseram-a-ljr-sobre-a-importancia-do-radio-para-a-imprensa-liberdade\/"},"author":{"name":"Teresa Mioli","@id":"https:\/\/latamjournalismreview.org\/pt-br\/#\/schema\/person\/b83a4912f05c8178389e917d8d51de03"},"headline":"Qual a import\u00e2ncia do r\u00e1dio para a liberdade de imprensa? Veja respostas de jornalistas da Am\u00e9rica Latina","datePublished":"2021-02-12T21:22:02+00:00","dateModified":"2021-02-14T01:30:48+00:00","mainEntityOfPage":{"@id":"https:\/\/latamjournalismreview.org\/pt-br\/articles\/aqui-esta-o-que-jornalistas-de-radio-da-america-latina-e-do-caribe-disseram-a-ljr-sobre-a-importancia-do-radio-para-a-imprensa-liberdade\/"},"wordCount":956,"publisher":{"@id":"https:\/\/latamjournalismreview.org\/pt-br\/#organization"},"image":{"@id":"https:\/\/latamjournalismreview.org\/pt-br\/articles\/aqui-esta-o-que-jornalistas-de-radio-da-america-latina-e-do-caribe-disseram-a-ljr-sobre-a-importancia-do-radio-para-a-imprensa-liberdade\/#primaryimage"},"thumbnailUrl":"https:\/\/latamjournalismreview.org\/wp-content\/uploads\/2021\/02\/Featured-Image-radio.png","keywords":["R\u00e1dio e TV"],"articleSection":["Liberdade de imprensa"],"inLanguage":"pt-BR"},{"@type":"WebPage","@id":"https:\/\/latamjournalismreview.org\/pt-br\/articles\/aqui-esta-o-que-jornalistas-de-radio-da-america-latina-e-do-caribe-disseram-a-ljr-sobre-a-importancia-do-radio-para-a-imprensa-liberdade\/","url":"https:\/\/latamjournalismreview.org\/pt-br\/articles\/aqui-esta-o-que-jornalistas-de-radio-da-america-latina-e-do-caribe-disseram-a-ljr-sobre-a-importancia-do-radio-para-a-imprensa-liberdade\/","name":"Qual a import\u00e2ncia do r\u00e1dio para a liberdade de imprensa? Veja respostas de jornalistas da Am\u00e9rica Latina - LatAm Journalism Review by the Knight Center","isPartOf":{"@id":"https:\/\/latamjournalismreview.org\/pt-br\/#website"},"primaryImageOfPage":{"@id":"https:\/\/latamjournalismreview.org\/pt-br\/articles\/aqui-esta-o-que-jornalistas-de-radio-da-america-latina-e-do-caribe-disseram-a-ljr-sobre-a-importancia-do-radio-para-a-imprensa-liberdade\/#primaryimage"},"image":{"@id":"https:\/\/latamjournalismreview.org\/pt-br\/articles\/aqui-esta-o-que-jornalistas-de-radio-da-america-latina-e-do-caribe-disseram-a-ljr-sobre-a-importancia-do-radio-para-a-imprensa-liberdade\/#primaryimage"},"thumbnailUrl":"https:\/\/latamjournalismreview.org\/wp-content\/uploads\/2021\/02\/Featured-Image-radio.png","datePublished":"2021-02-12T21:22:02+00:00","dateModified":"2021-02-14T01:30:48+00:00","description":"Qual a import\u00e2ncia do r\u00e1dio para a liberdade de imprensa? Veja respostas de jornalistas da Am\u00e9rica Latina Liberdade de imprensa. Latin American Journalism Review by The Knight Center at The University of Texas at Austin.","breadcrumb":{"@id":"https:\/\/latamjournalismreview.org\/pt-br\/articles\/aqui-esta-o-que-jornalistas-de-radio-da-america-latina-e-do-caribe-disseram-a-ljr-sobre-a-importancia-do-radio-para-a-imprensa-liberdade\/#breadcrumb"},"inLanguage":"pt-BR","potentialAction":[{"@type":"ReadAction","target":["https:\/\/latamjournalismreview.org\/pt-br\/articles\/aqui-esta-o-que-jornalistas-de-radio-da-america-latina-e-do-caribe-disseram-a-ljr-sobre-a-importancia-do-radio-para-a-imprensa-liberdade\/"]}]},{"@type":"ImageObject","inLanguage":"pt-BR","@id":"https:\/\/latamjournalismreview.org\/pt-br\/articles\/aqui-esta-o-que-jornalistas-de-radio-da-america-latina-e-do-caribe-disseram-a-ljr-sobre-a-importancia-do-radio-para-a-imprensa-liberdade\/#primaryimage","url":"https:\/\/latamjournalismreview.org\/wp-content\/uploads\/2021\/02\/Featured-Image-radio.png","contentUrl":"https:\/\/latamjournalismreview.org\/wp-content\/uploads\/2021\/02\/Featured-Image-radio.png","width":507,"height":340},{"@type":"BreadcrumbList","@id":"https:\/\/latamjournalismreview.org\/pt-br\/articles\/aqui-esta-o-que-jornalistas-de-radio-da-america-latina-e-do-caribe-disseram-a-ljr-sobre-a-importancia-do-radio-para-a-imprensa-liberdade\/#breadcrumb","itemListElement":[{"@type":"ListItem","position":1,"name":"Home","item":"https:\/\/latamjournalismreview.org\/pt-br\/"},{"@type":"ListItem","position":2,"name":"Qual a import\u00e2ncia do r\u00e1dio para a liberdade de imprensa? Veja respostas de jornalistas da Am\u00e9rica Latina"}]},{"@type":"WebSite","@id":"https:\/\/latamjournalismreview.org\/pt-br\/#website","url":"https:\/\/latamjournalismreview.org\/pt-br\/","name":"LatAm Journalism Review","description":"Digital magazine on journalism in Latin America","publisher":{"@id":"https:\/\/latamjournalismreview.org\/pt-br\/#organization"},"potentialAction":[{"@type":"SearchAction","target":{"@type":"EntryPoint","urlTemplate":"https:\/\/latamjournalismreview.org\/pt-br\/?s={search_term_string}"},"query-input":{"@type":"PropertyValueSpecification","valueRequired":true,"valueName":"search_term_string"}}],"inLanguage":"pt-BR"},{"@type":"Organization","@id":"https:\/\/latamjournalismreview.org\/pt-br\/#organization","name":"LatAm Journalism Review","url":"https:\/\/latamjournalismreview.org\/pt-br\/","logo":{"@type":"ImageObject","inLanguage":"pt-BR","@id":"https:\/\/latamjournalismreview.org\/pt-br\/#\/schema\/logo\/image\/","url":"https:\/\/latamjournalismreview.org\/wp-content\/uploads\/2020\/05\/knight-latAm-review-logo.svg","contentUrl":"https:\/\/latamjournalismreview.org\/wp-content\/uploads\/2020\/05\/knight-latAm-review-logo.svg","width":"1024","height":"1024","caption":"LatAm Journalism Review"},"image":{"@id":"https:\/\/latamjournalismreview.org\/pt-br\/#\/schema\/logo\/image\/"},"sameAs":["https:\/\/x.com\/LatAmJournalism"]},{"@type":"Person","@id":"https:\/\/latamjournalismreview.org\/pt-br\/#\/schema\/person\/b83a4912f05c8178389e917d8d51de03","name":"Teresa Mioli","description":"Teresa Mioli is the editorial manager for the Knight Center for Journalism in the Americas. She is interested in press freedom, democratization, and investigative journalism in Latin America and is dedicated to increasing awareness about the importance of independent news media to the health of democracies. She produces journalistic work with the aim of helping people to make informed decisions about their lives and societies and wants to make sure other journalists are able to do the same. She has Bachelors' degrees in Journalism and Plan II Honors (Liberal Arts) and a Master's degree in Latin American Studies, all from the University of Texas at Austin. She started her journalistic career at The Beaumont Enterprise in Southeast Texas where she last worked as a breaking news reporter. ______ Teresa Mioli es la directora editorial del Centro Knight para el Periodismo en las Am\u00e9ricas. Es una periodista con inter\u00e9s en la libertad de prensa, la democratizaci\u00f3n y el periodismo investigativo en Am\u00e9rica Latina y est\u00e1 dedicada a crear mayor consciencia sobre la importancia de los medios noticiosos independientes para la salud de las democracias. El objetivo de su trabajo period\u00edstico es ayudar las personas para que tomen decisiones informadas sobre sus vidas y sus sociedades, y busca que otros periodistas tengan la posibilidad de hacer lo mismo. Teresa tiene una licenciatura en Periodismo y Artes liberales (Plan II Honors), y una maestr\u00eda en Estudios Latinoamericanos, todos de la Universidad de Texas en Austin. Empez\u00f3 su carrera en periodismo en The Beaumont Enterprise al sureste de Texas, en donde recientemente trabaj\u00f3 como reportera de noticias de \u00faltima hora. Anteriormente ella fue la editora de LatAm Journalism Review del Centro Knight. ______ Teresa Mioli \u00e9 gerente editorial do Centro Knight para o Jornalismo nas Am\u00e9ricas. Ela se interessa por liberdade de imprensa, democratiza\u00e7\u00e3o e jornalismo investigativo na Am\u00e9rica Latina e se dedica a aumentar a conscientiza\u00e7\u00e3o sobre a import\u00e2ncia da m\u00eddia independente para a sa\u00fade das democracias. Ela produz trabalhos jornal\u00edsticos com o objetivo de ajudar as pessoas a tomarem decis\u00f5es informadas sobre suas vidas e sociedades e deseja garantir que outros jornalistas possam fazer o mesmo. Ela tem bacharelado em jornalismo e artes liberais e um mestrado em Estudos Latino-Americanos, todos pela Universidade do Texas em Austin. Ela come\u00e7ou sua carreira jornal\u00edstica na The Beaumont Enterprise no sudeste do Texas, onde trabalhou pela \u00faltima vez como rep\u00f3rter de not\u00edcias de \u00faltima hora.","sameAs":["https:\/\/x.com\/TeresaMioli"],"url":"https:\/\/latamjournalismreview.org\/pt-br\/articles\/author\/teresa-mioli\/"}]}},"_links":{"self":[{"href":"https:\/\/latamjournalismreview.org\/pt-br\/wp-json\/wp\/v2\/posts\/16659","targetHints":{"allow":["GET"]}}],"collection":[{"href":"https:\/\/latamjournalismreview.org\/pt-br\/wp-json\/wp\/v2\/posts"}],"about":[{"href":"https:\/\/latamjournalismreview.org\/pt-br\/wp-json\/wp\/v2\/types\/post"}],"author":[{"embeddable":true,"href":"https:\/\/latamjournalismreview.org\/pt-br\/wp-json\/wp\/v2\/users\/3"}],"replies":[{"embeddable":true,"href":"https:\/\/latamjournalismreview.org\/pt-br\/wp-json\/wp\/v2\/comments?post=16659"}],"version-history":[{"count":7,"href":"https:\/\/latamjournalismreview.org\/pt-br\/wp-json\/wp\/v2\/posts\/16659\/revisions"}],"predecessor-version":[{"id":16735,"href":"https:\/\/latamjournalismreview.org\/pt-br\/wp-json\/wp\/v2\/posts\/16659\/revisions\/16735"}],"wp:featuredmedia":[{"embeddable":true,"href":"https:\/\/latamjournalismreview.org\/pt-br\/wp-json\/wp\/v2\/media\/16591"}],"wp:attachment":[{"href":"https:\/\/latamjournalismreview.org\/pt-br\/wp-json\/wp\/v2\/media?parent=16659"}],"wp:term":[{"taxonomy":"category","embeddable":true,"href":"https:\/\/latamjournalismreview.org\/pt-br\/wp-json\/wp\/v2\/categories?post=16659"},{"taxonomy":"post_tag","embeddable":true,"href":"https:\/\/latamjournalismreview.org\/pt-br\/wp-json\/wp\/v2\/tags?post=16659"},{"taxonomy":"author","embeddable":true,"href":"https:\/\/latamjournalismreview.org\/pt-br\/wp-json\/wp\/v2\/coauthors?post=16659"}],"curies":[{"name":"wp","href":"https:\/\/api.w.org\/{rel}","templated":true}]}}