{"id":17880,"date":"2021-03-24T16:26:46","date_gmt":"2021-03-24T21:26:46","guid":{"rendered":"https:\/\/latamjournalismreview.org\/?p=17880"},"modified":"2021-03-24T17:13:57","modified_gmt":"2021-03-24T22:13:57","slug":"abraji-registra-174-casos-de-bloqueios-de-jornalistas-por-autoridades-brasileiras-no-twitter","status":"publish","type":"post","link":"https:\/\/latamjournalismreview.org\/pt-br\/articles\/abraji-registra-174-casos-de-bloqueios-de-jornalistas-por-autoridades-brasileiras-no-twitter\/","title":{"rendered":"Abraji registra 174 casos de bloqueios de jornalistas por autoridades brasileiras no Twitter\u00a0"},"content":{"rendered":"<p>Um pol\u00edtico, que ocupe um importante cargo p\u00fablico, pode bloquear um jornalista nas redes sociais? Esse \u00e9 um debate que, para a Associa\u00e7\u00e3o Brasileira de Jornalismo Investigativo (Abraji), \u00e9 urgente no pa\u00eds. A entidade identificou ao menos 174 casos de bloqueios de jornalistas por autoridades brasileiras no Twitter entre 2014 e 2021, em <a href=\"https:\/\/abraji.org.br\/noticias\/jornalistas-bloqueados-por-autoridades-no-twitter-podem-recorrer-a-acoes-judiciais-e-administrativas\" data-cke-saved-href=\"https:\/\/abraji.org.br\/noticias\/jornalistas-bloqueados-por-autoridades-no-twitter-podem-recorrer-a-acoes-judiciais-e-administrativas\">levantamento recente<\/a>.<\/p>\n<p>A restri\u00e7\u00e3o de acesso a perfis de pol\u00edticos com cargos p\u00fablicos, como o presidente, ministros, deputados e senadores, afeta a 88 jornalistas no pa\u00eds (uma mesma pessoa pode ser bloqueada por v\u00e1rias autoridades). Dentre os casos avaliados, o presidente Jair Bolsonaro \u00e9 o campe\u00e3o de bloqueios: s\u00e3o 50.<\/p>\n<div style=\"width: 389px\" class=\"wp-caption alignleft\"><img loading=\"lazy\" decoding=\"async\" class=\" wp-image-8505\" src=\"https:\/\/latamjournalismreview.org\/wp-content\/uploads\/2020\/07\/President-elect-of-Brazil-Jair-Bolsonaro-300x201.png\" alt=\"President-elect of Brazil, Jair Bolsonaro\" width=\"379\" height=\"254\" srcset=\"https:\/\/latamjournalismreview.org\/wp-content\/uploads\/2020\/07\/President-elect-of-Brazil-Jair-Bolsonaro-300x201.png 300w, https:\/\/latamjournalismreview.org\/wp-content\/uploads\/2020\/07\/President-elect-of-Brazil-Jair-Bolsonaro.png 507w, https:\/\/latamjournalismreview.org\/wp-content\/uploads\/2020\/07\/President-elect-of-Brazil-Jair-Bolsonaro-350x234.png 350w\" sizes=\"auto, (max-width: 379px) 100vw, 379px\" \/><p class=\"wp-caption-text\">Presidente Jair Bolsonaro (Marcos Brand\u00e3o\/Senado Federal)<\/p><\/div>\n<p>A Abraji come\u00e7ou a monitorar os casos em setembro de 2020, com financiamento da Open Society Foundations. O projeto segue at\u00e9 agosto de 2021, mas a Abraji pretende buscar novos recursos para dar continuidade ao trabalho.<\/p>\n<p>De forma geral, os casos registrados s\u00e3o de contas pessoais de autoridades \u2013 mas a Abraji identificou um bloqueio contra a jornalista Cecilia Olliveira, feito pelo perfil oficial da Pol\u00edcia Militar do Estado do Rio de Janeiro. Olliveira tamb\u00e9m \u00e9 diretora executiva do Instituto Fogo Cruzado, que re\u00fane dados sobre viol\u00eancia armada.<\/p>\n<p>\"Depois de questionar o motivo via Lei de Acesso \u00e0 Informa\u00e7\u00e3o, [a jornalista] foi desbloqueada\", explicou Mirella Cordeiro, respons\u00e1vel pelo monitoramento da Abraji, \u00e0 LatAm Journalism Review (LJR).<\/p>\n<p>Olliveira atualmente \u00e9 bloqueada por sete autoridades, dentre as quais o presidente Bolsonaro e seus filhos, o vereador Carlos Bolsonaro e o deputado federal Eduardo Bolsonaro, al\u00e9m de ministros e secret\u00e1rios. Para contornar essa interdi\u00e7\u00e3o, a jornalista precisa abrir outras contas no Twitter para acessar o conte\u00fado publicado por esses perfis.<\/p>\n<p>\"A transpar\u00eancia p\u00fablica deveria ser regra, mas n\u00e3o \u00e9 o que acontece. Os perfis p\u00fablicos de autoridades, onde noticiam atividades que exercem em seus cargos, s\u00e3o como um palanque, uma coletiva de imprensa. Impedir o acesso \u00e9 impedir a atividade profissional do jornalista. E impedir o trabalho jornal\u00edstico \u00e9 incompat\u00edvel com a democracia\", afirmou ela \u00e0 LJR.<\/p>\n<p>De acordo com a assessora jur\u00eddica da Abraji, Let\u00edcia Kleim, os bloqueios aos jornalistas fazem parte de um contexto mais amplo de restri\u00e7\u00f5es ao acesso \u00e0 informa\u00e7\u00e3o e transpar\u00eancia no pa\u00eds e s\u00e3o \"mais uma das diversas amea\u00e7as e viola\u00e7\u00f5es a esses direitos\".<\/p>\n<p>\"S\u00e3o pr\u00e1ticas que contribuem para um espa\u00e7o c\u00edvico menos transparente e menos participativo, portanto, menos democr\u00e1tico. De um lado, o acesso \u00e0 informa\u00e7\u00e3o deve se estender ao meio digital e \u00e0s redes sociais, especialmente no caso de contas que publicam informa\u00e7\u00f5es oficiais nos seus perfis. E, de outro, o m\u00e1ximo de acessibilidade e transpar\u00eancia s\u00e3o necess\u00e1rios, tanto ao jornalismo para exercer seu papel de informar, quanto pela pela popula\u00e7\u00e3o como um todo, para o controle e acompanhamento das medidas tomadas pelo poder p\u00fablico\", disse ela \u00e0 LJR.<\/p>\n<p>Os bloqueios no Twitter podem ser contornados no cotidiano: o jornalista consegue ver as informa\u00e7\u00f5es publicadas se acessar os perfis sem fazer login na plataforma, por exemplo, mas isso impede qualquer intera\u00e7\u00e3o. Apesar de serem facilmente driblados, esses bloqueios contribuem para esse contexto de viola\u00e7\u00f5es, afirma Kleim.<\/p>\n<p>\"Mesmo nas redes sociais, existem formas mais graves de persegui\u00e7\u00f5es, amea\u00e7as e ass\u00e9dio que criam obst\u00e1culos ao exerc\u00edcio do trabalho jornal\u00edstico. Os bloqueios no Twitter e em outras redes sociais contribuem para diagnosticar um quadro geral de restri\u00e7\u00f5es na internet, com medidas de impedimento ou limita\u00e7\u00e3o da liberdade de express\u00e3o e de imprensa na rede\", diz.<\/p>\n<p>Kleim refor\u00e7a que h\u00e1 uma discuss\u00e3o legal sobre o assunto no Brasil e em outros pa\u00edses. Nos Estados Unidos, a <a href=\"https:\/\/g1.globo.com\/mundo\/noticia\/2019\/07\/09\/tribunal-americano-proibe-trump-de-bloquear-criticos-no-twitter.ghtml\" data-cke-saved-href=\"https:\/\/g1.globo.com\/mundo\/noticia\/2019\/07\/09\/tribunal-americano-proibe-trump-de-bloquear-criticos-no-twitter.ghtml\">Justi\u00e7a proibiu o ent\u00e3o presidente Donald Trump<\/a> de bloquear seguidores na plataforma em 2019. A pr\u00e1tica foi considerada inconstitucional.<\/p>\n<p>No Brasil n\u00e3o h\u00e1, atualmente, uma lei que regule esse ponto e, por isso, a Abraji defende a ado\u00e7\u00e3o de uma norma legislativa que sirva de par\u00e2metro para esses casos.<\/p>\n<p>\"\u00c0 medida que o pol\u00edtico usa suas redes sociais com o intuito profissional, e n\u00e3o pessoal, para divulgar as a\u00e7\u00f5es que realiza em raz\u00e3o do seu cargo p\u00fablico, as informa\u00e7\u00f5es ali veiculadas devem estar sob o escrut\u00ednio da popula\u00e7\u00e3o. Nesse sentido, para a seguran\u00e7a dos jornalistas, a fim de que n\u00e3o sejam impedidos de exercer seu direito de informa\u00e7\u00e3o, consideramos positivas as iniciativas legislativas que buscam estabelecer essa obriga\u00e7\u00e3o ou proibi\u00e7\u00e3o aos pol\u00edticos\", afirma Kleim.<\/p>\n<p>Um dos objetivos do monitoramento da Abraji \u00e9, inclusive, tentar influenciar parlamentares para que discutam uma legisla\u00e7\u00e3o sobre o tema. O <a href=\"https:\/\/www.camara.leg.br\/proposicoesWeb\/prop_mostrarintegra;jsessionid=node0zaocfuqh2y5o1fdzik40o3v1c1664102.node0?codteor=1909983&amp;filename=PL+2630\/2020\" data-cke-saved-href=\"https:\/\/www.camara.leg.br\/proposicoesWeb\/prop_mostrarintegra;jsessionid=node0zaocfuqh2y5o1fdzik40o3v1c1664102.node0?codteor=1909983&amp;filename=PL+2630\/2020\">projeto de lei 2630\/2020<\/a>, conhecido como <a href=\"https:\/\/latamjournalismreview.org\/pt-br\/articles\/leis-desinformacao-america-latina-prisao-censura\/\">PL das fake news<\/a>, ainda em tramita\u00e7\u00e3o no Congresso, considera os perfis de diversas autoridades do Executivo e Legislativo como de interesse p\u00fablico, o que impediria os bloqueios. Mas o PL tem uma s\u00e9rie de pontos controversos. Por isso, 47 organiza\u00e7\u00f5es se manifestaram, <a href=\"https:\/\/www.abraji.org.br\/abraji-assina-carta-conjunta-que-pede-adiamento-da-votacao-do-pl-das-fake-news\" data-cke-saved-href=\"https:\/\/www.abraji.org.br\/abraji-assina-carta-conjunta-que-pede-adiamento-da-votacao-do-pl-das-fake-news\">em uma carta conjunta<\/a>, pedindo o adiamento da vota\u00e7\u00e3o do projeto \u2013 incluindo a Abraji.<\/p>\n<p>No \u00faltimo levantamento publicado sobre os bloqueios, a associa\u00e7\u00e3o <a href=\"https:\/\/abraji.org.br\/noticias\/jornalistas-bloqueados-por-autoridades-no-twitter-podem-recorrer-a-acoes-judiciais-e-administrativas\" data-cke-saved-href=\"https:\/\/abraji.org.br\/noticias\/jornalistas-bloqueados-por-autoridades-no-twitter-podem-recorrer-a-acoes-judiciais-e-administrativas\">listou algumas das medidas<\/a> que os jornalistas podem tomar caso sejam v\u00edtimas dessas restri\u00e7\u00f5es, como a\u00e7\u00f5es judiciais e administrativas e o uso da Lei de Acesso \u00e0 Informa\u00e7\u00e3o.<\/p>\n","protected":false},"excerpt":{"rendered":"<p>Um pol\u00edtico, que ocupe um importante cargo p\u00fablico, pode bloquear um jornalista nas redes sociais? Esse \u00e9 um debate que, para a Associa\u00e7\u00e3o Brasileira de Jornalismo Investigativo (Abraji), \u00e9 urgente no pa\u00eds.<\/p>\n","protected":false},"author":6,"featured_media":17890,"comment_status":"closed","ping_status":"closed","sticky":false,"template":"","format":"standard","meta":{"inline_featured_image":false,"footnotes":""},"categories":[1228],"tags":[1610],"coauthors":[],"class_list":["post-17880","post","type-post","status-publish","format-standard","has-post-thumbnail","hentry","category-acesso-a-informacao-pt-br","tag-midias-sociais-pt-br"],"acf":[],"yoast_head":"<!-- This site is optimized with the Yoast SEO Premium plugin v22.6 (Yoast SEO v27.4) - https:\/\/yoast.com\/product\/yoast-seo-premium-wordpress\/ -->\n<title>Abraji registra 174 casos de bloqueios de jornalistas por autoridades brasileiras no Twitter\u00a0 - LatAm Journalism Review by the Knight Center<\/title>\n<meta name=\"description\" content=\"Abraji registra 174 casos de bloqueios de jornalistas por autoridades brasileiras no Twitter\u00a0 Acesso a informa\u00e7\u00e3o. Latin American Journalism Review by The Knight Center at The University of Texas at Austin.\" \/>\n<meta name=\"robots\" content=\"index, follow, max-snippet:-1, max-image-preview:large, max-video-preview:-1\" \/>\n<link rel=\"canonical\" href=\"https:\/\/latamjournalismreview.org\/pt-br\/articles\/abraji-registra-174-casos-de-bloqueios-de-jornalistas-por-autoridades-brasileiras-no-twitter\/\" \/>\n<meta property=\"og:locale\" content=\"pt_BR\" \/>\n<meta property=\"og:type\" content=\"article\" \/>\n<meta property=\"og:title\" content=\"Abraji registra 174 casos de bloqueios de jornalistas por autoridades brasileiras no Twitter\u00a0\" \/>\n<meta property=\"og:description\" content=\"Abraji registra 174 casos de bloqueios de jornalistas por autoridades brasileiras no Twitter\u00a0 Acesso a informa\u00e7\u00e3o. Latin American Journalism Review by The Knight Center at The University of Texas at Austin.\" \/>\n<meta property=\"og:url\" content=\"https:\/\/latamjournalismreview.org\/pt-br\/articles\/abraji-registra-174-casos-de-bloqueios-de-jornalistas-por-autoridades-brasileiras-no-twitter\/\" \/>\n<meta property=\"og:site_name\" content=\"LatAm Journalism Review by the Knight Center\" \/>\n<meta property=\"article:published_time\" content=\"2021-03-24T21:26:46+00:00\" \/>\n<meta property=\"article:modified_time\" content=\"2021-03-24T22:13:57+00:00\" \/>\n<meta property=\"og:image\" content=\"https:\/\/latamjournalismreview.org\/wp-content\/uploads\/2021\/03\/Featured-Image-Twitter.png\" \/>\n\t<meta property=\"og:image:width\" content=\"507\" \/>\n\t<meta property=\"og:image:height\" content=\"340\" \/>\n\t<meta property=\"og:image:type\" content=\"image\/png\" \/>\n<meta name=\"author\" content=\"Marina Estarque\" \/>\n<meta name=\"twitter:card\" content=\"summary_large_image\" \/>\n<meta name=\"twitter:creator\" content=\"@MarinaEstarque\" \/>\n<meta name=\"twitter:site\" content=\"@LatAmJournalism\" \/>\n<meta name=\"twitter:label1\" content=\"Written by\" \/>\n\t<meta name=\"twitter:data1\" content=\"Marina Estarque\" \/>\n\t<meta name=\"twitter:label2\" content=\"Est. reading time\" \/>\n\t<meta name=\"twitter:data2\" content=\"5 minutos\" \/>\n<script type=\"application\/ld+json\" class=\"yoast-schema-graph\">{\"@context\":\"https:\\\/\\\/schema.org\",\"@graph\":[{\"@type\":\"Article\",\"@id\":\"https:\\\/\\\/latamjournalismreview.org\\\/pt-br\\\/articles\\\/abraji-registra-174-casos-de-bloqueios-de-jornalistas-por-autoridades-brasileiras-no-twitter\\\/#article\",\"isPartOf\":{\"@id\":\"https:\\\/\\\/latamjournalismreview.org\\\/pt-br\\\/articles\\\/abraji-registra-174-casos-de-bloqueios-de-jornalistas-por-autoridades-brasileiras-no-twitter\\\/\"},\"author\":{\"name\":\"Marina Estarque\",\"@id\":\"https:\\\/\\\/latamjournalismreview.org\\\/pt-br\\\/#\\\/schema\\\/person\\\/041964d0921c867b6226b459cd5bf28b\"},\"headline\":\"Abraji registra 174 casos de bloqueios de jornalistas por autoridades brasileiras no Twitter\u00a0\",\"datePublished\":\"2021-03-24T21:26:46+00:00\",\"dateModified\":\"2021-03-24T22:13:57+00:00\",\"mainEntityOfPage\":{\"@id\":\"https:\\\/\\\/latamjournalismreview.org\\\/pt-br\\\/articles\\\/abraji-registra-174-casos-de-bloqueios-de-jornalistas-por-autoridades-brasileiras-no-twitter\\\/\"},\"wordCount\":921,\"publisher\":{\"@id\":\"https:\\\/\\\/latamjournalismreview.org\\\/pt-br\\\/#organization\"},\"image\":{\"@id\":\"https:\\\/\\\/latamjournalismreview.org\\\/pt-br\\\/articles\\\/abraji-registra-174-casos-de-bloqueios-de-jornalistas-por-autoridades-brasileiras-no-twitter\\\/#primaryimage\"},\"thumbnailUrl\":\"https:\\\/\\\/latamjournalismreview.org\\\/wp-content\\\/uploads\\\/2021\\\/03\\\/Featured-Image-Twitter.png\",\"keywords\":[\"M\u00eddias sociais\"],\"articleSection\":[\"Acesso a informa\u00e7\u00e3o\"],\"inLanguage\":\"pt-BR\"},{\"@type\":\"WebPage\",\"@id\":\"https:\\\/\\\/latamjournalismreview.org\\\/pt-br\\\/articles\\\/abraji-registra-174-casos-de-bloqueios-de-jornalistas-por-autoridades-brasileiras-no-twitter\\\/\",\"url\":\"https:\\\/\\\/latamjournalismreview.org\\\/pt-br\\\/articles\\\/abraji-registra-174-casos-de-bloqueios-de-jornalistas-por-autoridades-brasileiras-no-twitter\\\/\",\"name\":\"Abraji registra 174 casos de bloqueios de jornalistas por autoridades brasileiras no Twitter\u00a0 - LatAm Journalism Review by the Knight Center\",\"isPartOf\":{\"@id\":\"https:\\\/\\\/latamjournalismreview.org\\\/pt-br\\\/#website\"},\"primaryImageOfPage\":{\"@id\":\"https:\\\/\\\/latamjournalismreview.org\\\/pt-br\\\/articles\\\/abraji-registra-174-casos-de-bloqueios-de-jornalistas-por-autoridades-brasileiras-no-twitter\\\/#primaryimage\"},\"image\":{\"@id\":\"https:\\\/\\\/latamjournalismreview.org\\\/pt-br\\\/articles\\\/abraji-registra-174-casos-de-bloqueios-de-jornalistas-por-autoridades-brasileiras-no-twitter\\\/#primaryimage\"},\"thumbnailUrl\":\"https:\\\/\\\/latamjournalismreview.org\\\/wp-content\\\/uploads\\\/2021\\\/03\\\/Featured-Image-Twitter.png\",\"datePublished\":\"2021-03-24T21:26:46+00:00\",\"dateModified\":\"2021-03-24T22:13:57+00:00\",\"description\":\"Abraji registra 174 casos de bloqueios de jornalistas por autoridades brasileiras no Twitter\u00a0 Acesso a informa\u00e7\u00e3o. Latin American Journalism Review by The Knight Center at The University of Texas at Austin.\",\"breadcrumb\":{\"@id\":\"https:\\\/\\\/latamjournalismreview.org\\\/pt-br\\\/articles\\\/abraji-registra-174-casos-de-bloqueios-de-jornalistas-por-autoridades-brasileiras-no-twitter\\\/#breadcrumb\"},\"inLanguage\":\"pt-BR\",\"potentialAction\":[{\"@type\":\"ReadAction\",\"target\":[\"https:\\\/\\\/latamjournalismreview.org\\\/pt-br\\\/articles\\\/abraji-registra-174-casos-de-bloqueios-de-jornalistas-por-autoridades-brasileiras-no-twitter\\\/\"]}]},{\"@type\":\"ImageObject\",\"inLanguage\":\"pt-BR\",\"@id\":\"https:\\\/\\\/latamjournalismreview.org\\\/pt-br\\\/articles\\\/abraji-registra-174-casos-de-bloqueios-de-jornalistas-por-autoridades-brasileiras-no-twitter\\\/#primaryimage\",\"url\":\"https:\\\/\\\/latamjournalismreview.org\\\/wp-content\\\/uploads\\\/2021\\\/03\\\/Featured-Image-Twitter.png\",\"contentUrl\":\"https:\\\/\\\/latamjournalismreview.org\\\/wp-content\\\/uploads\\\/2021\\\/03\\\/Featured-Image-Twitter.png\",\"width\":507,\"height\":340,\"caption\":\"Featured Image Twitter icon\"},{\"@type\":\"BreadcrumbList\",\"@id\":\"https:\\\/\\\/latamjournalismreview.org\\\/pt-br\\\/articles\\\/abraji-registra-174-casos-de-bloqueios-de-jornalistas-por-autoridades-brasileiras-no-twitter\\\/#breadcrumb\",\"itemListElement\":[{\"@type\":\"ListItem\",\"position\":1,\"name\":\"Home\",\"item\":\"https:\\\/\\\/latamjournalismreview.org\\\/pt-br\\\/\"},{\"@type\":\"ListItem\",\"position\":2,\"name\":\"Abraji registra 174 casos de bloqueios de jornalistas por autoridades brasileiras no Twitter\u00a0\"}]},{\"@type\":\"WebSite\",\"@id\":\"https:\\\/\\\/latamjournalismreview.org\\\/pt-br\\\/#website\",\"url\":\"https:\\\/\\\/latamjournalismreview.org\\\/pt-br\\\/\",\"name\":\"LatAm Journalism Review\",\"description\":\"Digital magazine on journalism in Latin America\",\"publisher\":{\"@id\":\"https:\\\/\\\/latamjournalismreview.org\\\/pt-br\\\/#organization\"},\"potentialAction\":[{\"@type\":\"SearchAction\",\"target\":{\"@type\":\"EntryPoint\",\"urlTemplate\":\"https:\\\/\\\/latamjournalismreview.org\\\/pt-br\\\/?s={search_term_string}\"},\"query-input\":{\"@type\":\"PropertyValueSpecification\",\"valueRequired\":true,\"valueName\":\"search_term_string\"}}],\"inLanguage\":\"pt-BR\"},{\"@type\":\"Organization\",\"@id\":\"https:\\\/\\\/latamjournalismreview.org\\\/pt-br\\\/#organization\",\"name\":\"LatAm Journalism Review\",\"url\":\"https:\\\/\\\/latamjournalismreview.org\\\/pt-br\\\/\",\"logo\":{\"@type\":\"ImageObject\",\"inLanguage\":\"pt-BR\",\"@id\":\"https:\\\/\\\/latamjournalismreview.org\\\/pt-br\\\/#\\\/schema\\\/logo\\\/image\\\/\",\"url\":\"https:\\\/\\\/latamjournalismreview.org\\\/wp-content\\\/uploads\\\/2020\\\/05\\\/knight-latAm-review-logo.svg\",\"contentUrl\":\"https:\\\/\\\/latamjournalismreview.org\\\/wp-content\\\/uploads\\\/2020\\\/05\\\/knight-latAm-review-logo.svg\",\"width\":\"1024\",\"height\":\"1024\",\"caption\":\"LatAm Journalism Review\"},\"image\":{\"@id\":\"https:\\\/\\\/latamjournalismreview.org\\\/pt-br\\\/#\\\/schema\\\/logo\\\/image\\\/\"},\"sameAs\":[\"https:\\\/\\\/x.com\\\/LatAmJournalism\"]},{\"@type\":\"Person\",\"@id\":\"https:\\\/\\\/latamjournalismreview.org\\\/pt-br\\\/#\\\/schema\\\/person\\\/041964d0921c867b6226b459cd5bf28b\",\"name\":\"Marina Estarque\",\"description\":\"Marina Estarque is a Brazilian journalist living in S\u00e3o Paulo. She has worked for Brazilian news organizations such as Folha de S.Paulo, O Estado de S. Paulo, O Dia and the fact-checking agency Lupa. Marina was a correspondent in Brazil for the German international broadcaster Deutsche Welle and a radio reporter for DW Africa in Germany. She also worked as a reporter for United Nations Radio, in New York, and for Spanish newspaper La Voz de Galicia. Marina graduated in Journalism from the Federal University of Rio de Janeiro and has a Master\u2019s degree in Editorial Journalism from the University of A Coru\u00f1a (Spain). Marina Estarque es una periodista brasile\u00f1a que vive en S\u00e3o Paulo. Ella ha trabajado para diversas organizaciones period\u00edsticas como Folha de S.Paulo, O Estado de S. Paulo, O Dia y en la agencia de fact-checking Lupa. Marina ha sido corresponsal en Brasil del canal internacional alem\u00e1n Deutsche Welle y reportera de radio de DW \u00c1frica en Alemania. Tambi\u00e9n trabaj\u00f3 como reportera de Radio de las Naciones Unidas en Nueva York y en el diario espa\u00f1ol La Voz de Galicia. Marina tiene una maestr\u00eda en edici\u00f3n period\u00edstica de la Universidad de Coru\u00f1a (Espa\u00f1a) y se gradu\u00f3 en periodismo en la Universidad Federal de R\u00edo de Janeiro. Marina Estarque \u00e9 uma jornalista brasileira que vive em S\u00e3o Paulo. Ela trabalhou para ve\u00edculos como Folha de S.Paulo, O Estado de S. Paulo, O Dia e a ag\u00eancia de fact-checking Lupa. Marina foi correspondente no Brasil para a emissora internacional da Alemanha, a Deutsche Welle, e rep\u00f3rter de r\u00e1dio para a DW \u00c1frica na Alemanha. Ela tamb\u00e9m foi rep\u00f3rter da R\u00e1dio das Na\u00e7\u00f5es Unidas em Nova York e do jornal espanhol La Voz de Galicia. Marina \u00e9 mestre em edi\u00e7\u00e3o jornal\u00edstica pela Universidade da Coru\u00f1a (Espanha) e graduada em jornalismo pela Universidade Federal do Rio de Janeiro.\",\"sameAs\":[\"https:\\\/\\\/x.com\\\/MarinaEstarque\"],\"url\":\"https:\\\/\\\/latamjournalismreview.org\\\/pt-br\\\/articles\\\/author\\\/marina-estarque\\\/\"}]}<\/script>\n<!-- \/ Yoast SEO Premium plugin. -->","yoast_head_json":{"title":"Abraji registra 174 casos de bloqueios de jornalistas por autoridades brasileiras no Twitter\u00a0 - LatAm Journalism Review by the Knight Center","description":"Abraji registra 174 casos de bloqueios de jornalistas por autoridades brasileiras no Twitter\u00a0 Acesso a informa\u00e7\u00e3o. Latin American Journalism Review by The Knight Center at The University of Texas at Austin.","robots":{"index":"index","follow":"follow","max-snippet":"max-snippet:-1","max-image-preview":"max-image-preview:large","max-video-preview":"max-video-preview:-1"},"canonical":"https:\/\/latamjournalismreview.org\/pt-br\/articles\/abraji-registra-174-casos-de-bloqueios-de-jornalistas-por-autoridades-brasileiras-no-twitter\/","og_locale":"pt_BR","og_type":"article","og_title":"Abraji registra 174 casos de bloqueios de jornalistas por autoridades brasileiras no Twitter\u00a0","og_description":"Abraji registra 174 casos de bloqueios de jornalistas por autoridades brasileiras no Twitter\u00a0 Acesso a informa\u00e7\u00e3o. Latin American Journalism Review by The Knight Center at The University of Texas at Austin.","og_url":"https:\/\/latamjournalismreview.org\/pt-br\/articles\/abraji-registra-174-casos-de-bloqueios-de-jornalistas-por-autoridades-brasileiras-no-twitter\/","og_site_name":"LatAm Journalism Review by the Knight Center","article_published_time":"2021-03-24T21:26:46+00:00","article_modified_time":"2021-03-24T22:13:57+00:00","og_image":[{"width":507,"height":340,"url":"https:\/\/latamjournalismreview.org\/wp-content\/uploads\/2021\/03\/Featured-Image-Twitter.png","type":"image\/png"}],"author":"Marina Estarque","twitter_card":"summary_large_image","twitter_creator":"@MarinaEstarque","twitter_site":"@LatAmJournalism","twitter_misc":{"Written by":"Marina Estarque","Est. reading time":"5 minutos"},"schema":{"@context":"https:\/\/schema.org","@graph":[{"@type":"Article","@id":"https:\/\/latamjournalismreview.org\/pt-br\/articles\/abraji-registra-174-casos-de-bloqueios-de-jornalistas-por-autoridades-brasileiras-no-twitter\/#article","isPartOf":{"@id":"https:\/\/latamjournalismreview.org\/pt-br\/articles\/abraji-registra-174-casos-de-bloqueios-de-jornalistas-por-autoridades-brasileiras-no-twitter\/"},"author":{"name":"Marina Estarque","@id":"https:\/\/latamjournalismreview.org\/pt-br\/#\/schema\/person\/041964d0921c867b6226b459cd5bf28b"},"headline":"Abraji registra 174 casos de bloqueios de jornalistas por autoridades brasileiras no Twitter\u00a0","datePublished":"2021-03-24T21:26:46+00:00","dateModified":"2021-03-24T22:13:57+00:00","mainEntityOfPage":{"@id":"https:\/\/latamjournalismreview.org\/pt-br\/articles\/abraji-registra-174-casos-de-bloqueios-de-jornalistas-por-autoridades-brasileiras-no-twitter\/"},"wordCount":921,"publisher":{"@id":"https:\/\/latamjournalismreview.org\/pt-br\/#organization"},"image":{"@id":"https:\/\/latamjournalismreview.org\/pt-br\/articles\/abraji-registra-174-casos-de-bloqueios-de-jornalistas-por-autoridades-brasileiras-no-twitter\/#primaryimage"},"thumbnailUrl":"https:\/\/latamjournalismreview.org\/wp-content\/uploads\/2021\/03\/Featured-Image-Twitter.png","keywords":["M\u00eddias sociais"],"articleSection":["Acesso a informa\u00e7\u00e3o"],"inLanguage":"pt-BR"},{"@type":"WebPage","@id":"https:\/\/latamjournalismreview.org\/pt-br\/articles\/abraji-registra-174-casos-de-bloqueios-de-jornalistas-por-autoridades-brasileiras-no-twitter\/","url":"https:\/\/latamjournalismreview.org\/pt-br\/articles\/abraji-registra-174-casos-de-bloqueios-de-jornalistas-por-autoridades-brasileiras-no-twitter\/","name":"Abraji registra 174 casos de bloqueios de jornalistas por autoridades brasileiras no Twitter\u00a0 - LatAm Journalism Review by the Knight Center","isPartOf":{"@id":"https:\/\/latamjournalismreview.org\/pt-br\/#website"},"primaryImageOfPage":{"@id":"https:\/\/latamjournalismreview.org\/pt-br\/articles\/abraji-registra-174-casos-de-bloqueios-de-jornalistas-por-autoridades-brasileiras-no-twitter\/#primaryimage"},"image":{"@id":"https:\/\/latamjournalismreview.org\/pt-br\/articles\/abraji-registra-174-casos-de-bloqueios-de-jornalistas-por-autoridades-brasileiras-no-twitter\/#primaryimage"},"thumbnailUrl":"https:\/\/latamjournalismreview.org\/wp-content\/uploads\/2021\/03\/Featured-Image-Twitter.png","datePublished":"2021-03-24T21:26:46+00:00","dateModified":"2021-03-24T22:13:57+00:00","description":"Abraji registra 174 casos de bloqueios de jornalistas por autoridades brasileiras no Twitter\u00a0 Acesso a informa\u00e7\u00e3o. Latin American Journalism Review by The Knight Center at The University of Texas at Austin.","breadcrumb":{"@id":"https:\/\/latamjournalismreview.org\/pt-br\/articles\/abraji-registra-174-casos-de-bloqueios-de-jornalistas-por-autoridades-brasileiras-no-twitter\/#breadcrumb"},"inLanguage":"pt-BR","potentialAction":[{"@type":"ReadAction","target":["https:\/\/latamjournalismreview.org\/pt-br\/articles\/abraji-registra-174-casos-de-bloqueios-de-jornalistas-por-autoridades-brasileiras-no-twitter\/"]}]},{"@type":"ImageObject","inLanguage":"pt-BR","@id":"https:\/\/latamjournalismreview.org\/pt-br\/articles\/abraji-registra-174-casos-de-bloqueios-de-jornalistas-por-autoridades-brasileiras-no-twitter\/#primaryimage","url":"https:\/\/latamjournalismreview.org\/wp-content\/uploads\/2021\/03\/Featured-Image-Twitter.png","contentUrl":"https:\/\/latamjournalismreview.org\/wp-content\/uploads\/2021\/03\/Featured-Image-Twitter.png","width":507,"height":340,"caption":"Featured Image Twitter icon"},{"@type":"BreadcrumbList","@id":"https:\/\/latamjournalismreview.org\/pt-br\/articles\/abraji-registra-174-casos-de-bloqueios-de-jornalistas-por-autoridades-brasileiras-no-twitter\/#breadcrumb","itemListElement":[{"@type":"ListItem","position":1,"name":"Home","item":"https:\/\/latamjournalismreview.org\/pt-br\/"},{"@type":"ListItem","position":2,"name":"Abraji registra 174 casos de bloqueios de jornalistas por autoridades brasileiras no Twitter\u00a0"}]},{"@type":"WebSite","@id":"https:\/\/latamjournalismreview.org\/pt-br\/#website","url":"https:\/\/latamjournalismreview.org\/pt-br\/","name":"LatAm Journalism Review","description":"Digital magazine on journalism in Latin America","publisher":{"@id":"https:\/\/latamjournalismreview.org\/pt-br\/#organization"},"potentialAction":[{"@type":"SearchAction","target":{"@type":"EntryPoint","urlTemplate":"https:\/\/latamjournalismreview.org\/pt-br\/?s={search_term_string}"},"query-input":{"@type":"PropertyValueSpecification","valueRequired":true,"valueName":"search_term_string"}}],"inLanguage":"pt-BR"},{"@type":"Organization","@id":"https:\/\/latamjournalismreview.org\/pt-br\/#organization","name":"LatAm Journalism Review","url":"https:\/\/latamjournalismreview.org\/pt-br\/","logo":{"@type":"ImageObject","inLanguage":"pt-BR","@id":"https:\/\/latamjournalismreview.org\/pt-br\/#\/schema\/logo\/image\/","url":"https:\/\/latamjournalismreview.org\/wp-content\/uploads\/2020\/05\/knight-latAm-review-logo.svg","contentUrl":"https:\/\/latamjournalismreview.org\/wp-content\/uploads\/2020\/05\/knight-latAm-review-logo.svg","width":"1024","height":"1024","caption":"LatAm Journalism Review"},"image":{"@id":"https:\/\/latamjournalismreview.org\/pt-br\/#\/schema\/logo\/image\/"},"sameAs":["https:\/\/x.com\/LatAmJournalism"]},{"@type":"Person","@id":"https:\/\/latamjournalismreview.org\/pt-br\/#\/schema\/person\/041964d0921c867b6226b459cd5bf28b","name":"Marina Estarque","description":"Marina Estarque is a Brazilian journalist living in S\u00e3o Paulo. She has worked for Brazilian news organizations such as Folha de S.Paulo, O Estado de S. Paulo, O Dia and the fact-checking agency Lupa. Marina was a correspondent in Brazil for the German international broadcaster Deutsche Welle and a radio reporter for DW Africa in Germany. She also worked as a reporter for United Nations Radio, in New York, and for Spanish newspaper La Voz de Galicia. Marina graduated in Journalism from the Federal University of Rio de Janeiro and has a Master\u2019s degree in Editorial Journalism from the University of A Coru\u00f1a (Spain). Marina Estarque es una periodista brasile\u00f1a que vive en S\u00e3o Paulo. Ella ha trabajado para diversas organizaciones period\u00edsticas como Folha de S.Paulo, O Estado de S. Paulo, O Dia y en la agencia de fact-checking Lupa. Marina ha sido corresponsal en Brasil del canal internacional alem\u00e1n Deutsche Welle y reportera de radio de DW \u00c1frica en Alemania. Tambi\u00e9n trabaj\u00f3 como reportera de Radio de las Naciones Unidas en Nueva York y en el diario espa\u00f1ol La Voz de Galicia. Marina tiene una maestr\u00eda en edici\u00f3n period\u00edstica de la Universidad de Coru\u00f1a (Espa\u00f1a) y se gradu\u00f3 en periodismo en la Universidad Federal de R\u00edo de Janeiro. Marina Estarque \u00e9 uma jornalista brasileira que vive em S\u00e3o Paulo. Ela trabalhou para ve\u00edculos como Folha de S.Paulo, O Estado de S. Paulo, O Dia e a ag\u00eancia de fact-checking Lupa. Marina foi correspondente no Brasil para a emissora internacional da Alemanha, a Deutsche Welle, e rep\u00f3rter de r\u00e1dio para a DW \u00c1frica na Alemanha. Ela tamb\u00e9m foi rep\u00f3rter da R\u00e1dio das Na\u00e7\u00f5es Unidas em Nova York e do jornal espanhol La Voz de Galicia. Marina \u00e9 mestre em edi\u00e7\u00e3o jornal\u00edstica pela Universidade da Coru\u00f1a (Espanha) e graduada em jornalismo pela Universidade Federal do Rio de Janeiro.","sameAs":["https:\/\/x.com\/MarinaEstarque"],"url":"https:\/\/latamjournalismreview.org\/pt-br\/articles\/author\/marina-estarque\/"}]}},"_links":{"self":[{"href":"https:\/\/latamjournalismreview.org\/pt-br\/wp-json\/wp\/v2\/posts\/17880","targetHints":{"allow":["GET"]}}],"collection":[{"href":"https:\/\/latamjournalismreview.org\/pt-br\/wp-json\/wp\/v2\/posts"}],"about":[{"href":"https:\/\/latamjournalismreview.org\/pt-br\/wp-json\/wp\/v2\/types\/post"}],"author":[{"embeddable":true,"href":"https:\/\/latamjournalismreview.org\/pt-br\/wp-json\/wp\/v2\/users\/6"}],"replies":[{"embeddable":true,"href":"https:\/\/latamjournalismreview.org\/pt-br\/wp-json\/wp\/v2\/comments?post=17880"}],"version-history":[{"count":4,"href":"https:\/\/latamjournalismreview.org\/pt-br\/wp-json\/wp\/v2\/posts\/17880\/revisions"}],"predecessor-version":[{"id":17897,"href":"https:\/\/latamjournalismreview.org\/pt-br\/wp-json\/wp\/v2\/posts\/17880\/revisions\/17897"}],"wp:featuredmedia":[{"embeddable":true,"href":"https:\/\/latamjournalismreview.org\/pt-br\/wp-json\/wp\/v2\/media\/17890"}],"wp:attachment":[{"href":"https:\/\/latamjournalismreview.org\/pt-br\/wp-json\/wp\/v2\/media?parent=17880"}],"wp:term":[{"taxonomy":"category","embeddable":true,"href":"https:\/\/latamjournalismreview.org\/pt-br\/wp-json\/wp\/v2\/categories?post=17880"},{"taxonomy":"post_tag","embeddable":true,"href":"https:\/\/latamjournalismreview.org\/pt-br\/wp-json\/wp\/v2\/tags?post=17880"},{"taxonomy":"author","embeddable":true,"href":"https:\/\/latamjournalismreview.org\/pt-br\/wp-json\/wp\/v2\/coauthors?post=17880"}],"curies":[{"name":"wp","href":"https:\/\/api.w.org\/{rel}","templated":true}]}}