{"id":18164,"date":"2021-03-31T15:11:00","date_gmt":"2021-03-31T20:11:00","guid":{"rendered":"https:\/\/latamjournalismreview.org\/?p=18164"},"modified":"2021-04-09T14:05:03","modified_gmt":"2021-04-09T19:05:03","slug":"aprendizado-e-chave-para-cobrir-a-deficiencia-a-partir-de-solucoes-dizem-palestrantes-em-conferencia-sobre-diversidade-no-jornalismo","status":"publish","type":"post","link":"https:\/\/latamjournalismreview.org\/pt-br\/articles\/aprendizado-e-chave-para-cobrir-a-deficiencia-a-partir-de-solucoes-dizem-palestrantes-em-conferencia-sobre-diversidade-no-jornalismo\/","title":{"rendered":"Aprendizado \u00e9 chave para cobrir a defici\u00eancia a partir de solu\u00e7\u00f5es, dizem palestrantes em confer\u00eancia sobre diversidade no jornalismo"},"content":{"rendered":"<p><span style=\"font-weight: 400;\">Cobrir defici\u00eancia a partir das solu\u00e7\u00f5es. Esse foi o tema da \u00faltima sess\u00e3o da <\/span><a href=\"https:\/\/journalismcourses.org\/conferencia\/#1\"><span style=\"font-weight: 400;\">Primeira Confer\u00eancia Latino-Americana sobre Diversidade no Jornalismo<\/span><\/a><span style=\"font-weight: 400;\">, que aconteceu nos dias 26 e 27 de mar\u00e7o totalmente online.<\/span><span style=\"font-weight: 400;\"><br \/>\n<\/span><\/p>\n<p><span style=\"font-weight: 400;\">A confer\u00eancia foi organizada pelo Centro Knight gra\u00e7as ao apoio da Google News Initiative.<\/span><\/p>\n<p><span style=\"font-weight: 400;\"><strong>Priscila Hern\u00e1ndez<\/strong>, acad\u00eamica e jornalista, colaboradora da revista Nexos do M\u00e9xico e respons\u00e1vel pela modera\u00e7\u00e3o do painel, come\u00e7ou com uma pequena explica\u00e7\u00e3o sobre a necessidade de cobrir o assunto de uma forma que permita encontrar uma solu\u00e7\u00e3o para rever \"a quantidade de erros\" que o jornalismo comete. Segundo Hern\u00e1ndez, \u00e9 necess\u00e1rio fazer um exerc\u00edcio inicial para pensar como, \u201cnas nossas reda\u00e7\u00f5es, abordamos a quest\u00e3o da defici\u00eancia\u201d, ou seja, entender que \u201cas nossas reda\u00e7\u00f5es constroem o jornalismo a partir de preconceitos\u201d.<\/span><\/p>\n<p><span style=\"font-weight: 400;\">Para Hern\u00e1ndez, se questionar se encara o tema como uma condi\u00e7\u00e3o ou doen\u00e7a, se isso produz medo ou tristeza e at\u00e9 mesmo qual foi a sua\u00a0 hist\u00f3ria pessoal com a defici\u00eancia pode come\u00e7ar a abrir esse caminho de entendimento. \u201cTenho um convite pessoal para que este espa\u00e7o [o painel] sirva para saber como nossos preconceitos, medos, ignor\u00e2ncia podem ser posteriormente publicados em nossas hist\u00f3rias e em nossas notas\u201d, disse Hern\u00e1ndez.<\/span><\/p>\n<p><span style=\"font-weight: 400;\">Ela acrescentou que, de acordo com sua an\u00e1lise, atualmente a defici\u00eancia \u00e9 coberta segundo dois extremos: como caridade e piedade \u2013olhando para baixo, ou como super-her\u00f3is\u2013 para cima.<\/span><\/p>\n<p><span style=\"font-weight: 400;\">\"O erro \u00e9 que perdemos as nuances [...], estamos perdendo a perspectiva dos direitos humanos\", disse Hern\u00e1ndez, que deu alguns conselhos para melhorar a cobertura. O primeiro deles, aceite que voc\u00ea n\u00e3o conhece o assunto e pe\u00e7a ajuda.<\/span><span style=\"font-weight: 400;\"><br \/>\n<\/span><span style=\"font-weight: 400;\"><br \/>\n<\/span><span style=\"font-weight: 400;\">A necessidade de aprender \u00e9 um conceito partilhado pelos tr\u00eas painelistas. Para a jornalista <strong>Andrea Medina<\/strong>, fundadora do <\/span><a href=\"http:\/\/www.integradoschile.cl\/\"><span style=\"font-weight: 400;\">Integrados Chile<\/span><\/a><span style=\"font-weight: 400;\">, site que busca empoderar pessoas com defici\u00eancia por meio da informa\u00e7\u00e3o, seu pr\u00f3prio processo come\u00e7ou por se reconhecer como pessoa com defici\u00eancia.<\/span><\/p>\n<p><span style=\"font-weight: 400;\">Medina explicou o modelo de sociedade perfeito que chamou de \u201cmodelo de direitos\u201d, em que prevalece a inclus\u00e3o \u201conde todos e cada pessoa est\u00e1 na sociedade independentemente de tudo. Todos somos reconhecidos como diversos e por isso s\u00e3o geradas adequa\u00e7\u00f5es ou ajustes razo\u00e1veis \u200b\u200bpara que possamos participar em igualdade de condi\u00e7\u00f5es\u201d.<\/span><\/p>\n<div id=\"attachment_18096\" style=\"width: 550px\" class=\"wp-caption alignleft\"><a href=\"https:\/\/www.youtube.com\/watch?v=K98X_IGjYZo&amp;list=PL0tDk-f4v1ugHDz3MCO-GOFpxoXf5uBRV&amp;index=4\"><img loading=\"lazy\" decoding=\"async\" aria-describedby=\"caption-attachment-18096\" class=\"wp-image-18096 size-full\" src=\"https:\/\/latamjournalismreview.org\/wp-content\/uploads\/2021\/03\/Screen-Shot-2021-03-30-at-12.38.16-AM-e1617221250169.png\" alt=\"Panel sobre discapacidad: Conferencia sobre diversidad\" width=\"540\" height=\"271\" \/><\/a><p id=\"caption-attachment-18096\" class=\"wp-caption-text\">Priscila Hern\u00e1ndez, Daniela Farf\u00e1n, Andrea Medina, Ver\u00f3nica Hern\u00e1ndez e Andrea Burga. (Captura de tela)<\/p><\/div>\n<p><span style=\"font-weight: 400;\">Na busca por esse modelo, Medina garantiu que a imprensa tem um papel importante na elimina\u00e7\u00e3o de barreiras e na divulga\u00e7\u00e3o sobre como essas barreiras s\u00e3o eliminadas. Um primeiro ponto, disse ela, \u00e9 o uso da linguagem. \u201cN\u00e3o sei se voc\u00ea pode voar, eu n\u00e3o posso\u201d, disse ela brincando, se referindo \u00e0 express\u00e3o \u201cpessoas com capacidades diferentes\u201d, usada por alguns meios de comunica\u00e7\u00e3o. Ele prop\u00f4s mudar essa frase e palavras como \"deficiente\" ou \"inv\u00e1lido\" para \"pessoas com defici\u00eancia\" ou \"em situa\u00e7\u00e3o de defici\u00eancia\". E palavras como \"louco\" ou \"demente\" para \"pessoa com defici\u00eancia mental\", entre outros exemplos.<\/span><span style=\"font-weight: 400;\"><br \/>\n<\/span><\/p>\n<p><span style=\"font-weight: 400;\">Tamb\u00e9m apontou algumas a\u00e7\u00f5es espec\u00edficas que as reda\u00e7\u00f5es poderiam realizar em prol desse modelo de direitos. Considerar a acessibilidade n\u00e3o apenas como uma quest\u00e3o f\u00edsica, como uma rampa, mas outras a\u00e7\u00f5es, como incluir a interpreta\u00e7\u00e3o da linguagem de sinais em eventos ou locais. Ou considere uma reda\u00e7\u00e3o feminista com equidade, onde pessoas com defici\u00eancia sejam protagonistas.<\/span><span style=\"font-weight: 400;\"><br \/>\n<\/span><span style=\"font-weight: 400;\"><br \/>\n<\/span><span style=\"font-weight: 400;\">O blog <\/span><a href=\"https:\/\/concapacidad.wordpress.com\/\"><span style=\"font-weight: 400;\">ConCapacidad<\/span><\/a><span style=\"font-weight: 400;\">, da jornalista peruana <strong>Andrea Burga Villanueva,<\/strong> nasceu devido \u00e0 invisibilidade que a quest\u00e3o da defici\u00eancia tem em seu pa\u00eds, segundo ela. Durante seu processo de forma\u00e7\u00e3o profissional, a jornalista tamb\u00e9m se reconhecia como uma pessoa com defici\u00eancia e via como seus colegas e at\u00e9 professores entendiam muito pouco sobre o assunto. \"Isso me levou a dizer 'eu quero falar sobre isso'\".<\/span><span style=\"font-weight: 400;\"><br \/>\n<\/span><\/p>\n<p><span style=\"font-weight: 400;\">No entanto, ao tentar encontrar um emprego como jornalista na imprensa tradicional, descobriu que eles n\u00e3o queriam contrat\u00e1-la. \"Me diziam 'n\u00e3o estamos preparados para contratar uma pessoa cega, n\u00e3o temos as medidas'\". Ela at\u00e9 se lembrou de como uma editora lhe disse que, se ela trabalhasse l\u00e1, seria not\u00edcia. \u201cFiquei com a ideia de que, para ela e para o jornal, eu era mais not\u00edcia e n\u00e3o uma criadora de conte\u00fado\u201d, disse.<\/span><span style=\"font-weight: 400;\"><br \/>\n<\/span><span style=\"font-weight: 400;\"><br \/>\n<\/span><span style=\"font-weight: 400;\">Em meio a essa \"frustra\u00e7\u00e3o\" nasceu o blog, onde aborda a quest\u00e3o da defici\u00eancia com uma abordagem interseccional, ou seja, onde a pessoa com defici\u00eancia tamb\u00e9m pode ser entendida como mulher ind\u00edgena, como integrante da comunidade LBGTI, entre outros. \u00c9 por isso que cobre quest\u00f5es que s\u00e3o invis\u00edveis mesmo dentro da cobertura da defici\u00eancia: o acesso a anticoncepcionais por mulheres com defici\u00eancia, por exemplo, \"porque \u00e0s vezes s\u00e3o vistas como assexuadas\", disse ela.<\/span><span style=\"font-weight: 400;\"><br \/>\n<\/span><\/p>\n<p><span style=\"font-weight: 400;\">Especialmente durante a pandemia, Burga percebeu como algumas quest\u00f5es s\u00e3o ainda mais invis\u00edveis: embora tenha sido enfatizado que as mulheres tiveram que trabalhar ainda mais, n\u00e3o se fala sobre como as mulheres com defici\u00eancia tamb\u00e9m assumiram o papel de cuidadoras, afirmou. Ou, por exemplo, como as coisas do cotidiano, como fazer compras no mercado, se tornaram um desafio para as pessoas com defici\u00eancia, porque a pandemia obrigou que isso fosse feito pela internet, mas as plataformas n\u00e3o s\u00e3o destinadas a pessoas com defici\u00eancia.<\/span><span style=\"font-weight: 400;\"><br \/>\n<\/span><\/p>\n<p><span style=\"font-weight: 400;\">Um dos aspectos que Burga v\u00ea com mais preocupa\u00e7\u00e3o \u00e9 o uso das pessoas com defici\u00eancia como piada. Como exemplo, ela mostrou uma capa de revista mostrando gente baixinha com rostos de candidatos presidenciais com a frase \"pequeninos, mas ousados\". \u201cComo um artif\u00edcio para ridicularizar os candidatos presidenciais. \u00c9 assim que a quest\u00e3o da defici\u00eancia continua a ser vista em meu pa\u00eds \u201d, disse ela.<\/span><\/p>\n<p><span style=\"font-weight: 400;\"><strong>Ver\u00f3nica Gonz\u00e1lez<\/strong>, coordenadora de comunica\u00e7\u00e3o da <\/span><a href=\"https:\/\/www.argentina.gob.ar\/andis\"><span style=\"font-weight: 400;\">Ag\u00eancia Nacional de Defici\u00eancia da Argentina<\/span><\/a><span style=\"font-weight: 400;\">, que foi durante v\u00e1rios anos jornalista e apresentadora na televis\u00e3o p\u00fablica do seu pa\u00eds, sabia, desde que era estudante de jornalismo, que um de seus objetivos era ajudar a quebrar estere\u00f3tipos.<\/span><\/p>\n<p><span style=\"font-weight: 400;\">No entanto, um dos temas que ela mais defende \u00e9 a possibilidade de cobrir temas jornal\u00edsticos que v\u00e3o al\u00e9m da defici\u00eancia. Ela, por exemplo, conseguiu trabalhar em quest\u00f5es como g\u00eanero e direitos humanos.<\/span><span style=\"font-weight: 400;\"><br \/>\n<\/span><span style=\"font-weight: 400;\"><br \/>\n<\/span><span style=\"font-weight: 400;\">\u201cN\u00e3o podemos pensar que a \u00fanica quest\u00e3o que os jornalistas com defici\u00eancia podem trabalhar \u00e9 a defici\u00eancia. Podemos trabalhar em qualquer assunto\u201d, afirmou.<\/span><\/p>\n<p><span style=\"font-weight: 400;\">Gonz\u00e1lez detalhou alguns de seus processos de trabalho como jornalista, como, por exemplo, em meio a investiga\u00e7\u00f5es que tiveram uma alta carga judicial, trabalhou com um colega que lia os autos para ela.<\/span><\/p>\n<p><span style=\"font-weight: 400;\">\u201cN\u00e3o estou dizendo isso para explicar minha experi\u00eancia de trabalho. \u00c9 pensar que uma reda\u00e7\u00e3o inclusiva \u00e9 poss\u00edvel. E que \u00e9 poss\u00edvel incorporar uma pessoa com defici\u00eancia que possa trabalhar em igualdade de condi\u00e7\u00f5es com as outras\u201d, disse Gonz\u00e1lez. \"No final das contas, eu queria fazer uma cobertura de qualidade, trabalhar com investiga\u00e7\u00f5es e produzir informa\u00e7\u00f5es que sirvam e sejam \u00fateis sobre quest\u00f5es de comunica\u00e7\u00e3o.\"<\/span><span style=\"font-weight: 400;\"><br \/>\n<\/span><span style=\"font-weight: 400;\"><br \/>\n<\/span><span style=\"font-weight: 400;\">Um dos aspectos com que os palestrantes concordaram \u00e9 a dificuldade que as pessoas com defici\u00eancia t\u00eam para entrar na m\u00eddia tradicional. Para Andrea Medina, isso est\u00e1 relacionado com o fato que a maioria das pessoas \"n\u00e3o est\u00e1 formada em um contexto inclusivo em que veem as pessoas com defici\u00eancia como iguais\", e nesse sentido \u00e9 dif\u00edcil criar \u201cambientes inclusivos em todos os contextos ao longo da sua vida\u201d.<\/span><\/p>\n<p><span style=\"font-weight: 400;\">Ver\u00f3nica Gonz\u00e1lez acredita ainda que elas precisam ser ouvidas. Segundo Gonz\u00e1lez, muitas vezes lhe disseram que ela n\u00e3o podia cobrir certos temas, pensando na sua seguran\u00e7a. Ela disse que h\u00e1 uma esp\u00e9cie de infantiliza\u00e7\u00e3o, ao coloc\u00e1-las na posi\u00e7\u00e3o de \"meninas eternas\" que devem ser cuidadas. \"Nunca vou me colocar em risco por uma cobertura\", disse ela. \u201cN\u00e3o \u00e9 preciso que cuidem de n\u00f3s, n\u00f3s sabemos o que podemos fazer e o que n\u00e3o podemos. E em qualquer caso, tomaremos as precau\u00e7\u00f5es necess\u00e1rias \u201d.<\/span><\/p>\n<p><span style=\"font-weight: 400;\">O painel contou com a int\u00e9rprete de Libra <strong>Daniela Farf\u00e1n<\/strong>.<\/span><\/p>\n<p><span style=\"font-weight: 400;\">Se voc\u00ea perdeu a confer\u00eancia, pode ver <\/span><a href=\"https:\/\/www.youtube.com\/playlist?list=PL0tDk-f4v1ugHDz3MCO-GOFpxoXf5uBRV\"><span style=\"font-weight: 400;\">o evento inteiro<\/span><\/a><span style=\"font-weight: 400;\"> no canal do YouTube do Centro Knight, e o painel sobre <\/span><a href=\"https:\/\/www.youtube.com\/watch?v=K98X_IGjYZo&amp;list=PL0tDk-f4v1ugHDz3MCO-GOFpxoXf5uBRV&amp;index=4\"><span style=\"font-weight: 400;\">defici\u00eancia aqui<\/span><\/a><span style=\"font-weight: 400;\">.<\/span><\/p>\n","protected":false},"excerpt":{"rendered":"<p>Cobrir defici\u00eancia a partir das solu\u00e7\u00f5es. Esse foi o tema da \u00faltima sess\u00e3o da Primeira Confer\u00eancia Latino-Americana sobre Diversidade no Jornalismo, que aconteceu nos dias 26 e 27 de mar\u00e7o totalmente online. <\/p>\n","protected":false},"author":13,"featured_media":18121,"comment_status":"closed","ping_status":"closed","sticky":false,"template":"","format":"standard","meta":{"inline_featured_image":false,"footnotes":""},"categories":[17],"tags":[],"coauthors":[],"class_list":["post-18164","post","type-post","status-publish","format-standard","has-post-thumbnail","hentry","category-nao-categorizado"],"acf":[],"yoast_head":"<!-- This site is optimized with the Yoast SEO Premium plugin v22.6 (Yoast SEO v27.4) - https:\/\/yoast.com\/product\/yoast-seo-premium-wordpress\/ -->\n<title>Aprendizado \u00e9 chave para cobrir a defici\u00eancia a partir de solu\u00e7\u00f5es, dizem palestrantes em confer\u00eancia sobre diversidade no jornalismo - LatAm Journalism Review by the Knight Center<\/title>\n<meta name=\"description\" content=\"Aprendizado \u00e9 chave para cobrir a defici\u00eancia a partir de solu\u00e7\u00f5es, dizem palestrantes em confer\u00eancia sobre diversidade no jornalismo . Latin American Journalism Review by The Knight Center at The University of Texas at Austin.\" \/>\n<meta name=\"robots\" content=\"index, follow, max-snippet:-1, max-image-preview:large, max-video-preview:-1\" \/>\n<link rel=\"canonical\" href=\"https:\/\/latamjournalismreview.org\/pt-br\/articles\/aprendizado-e-chave-para-cobrir-a-deficiencia-a-partir-de-solucoes-dizem-palestrantes-em-conferencia-sobre-diversidade-no-jornalismo\/\" \/>\n<meta property=\"og:locale\" content=\"pt_BR\" \/>\n<meta property=\"og:type\" content=\"article\" \/>\n<meta property=\"og:title\" content=\"Aprendizado \u00e9 chave para cobrir a defici\u00eancia a partir de solu\u00e7\u00f5es, dizem palestrantes em confer\u00eancia sobre diversidade no jornalismo\" \/>\n<meta property=\"og:description\" content=\"Aprendizado \u00e9 chave para cobrir a defici\u00eancia a partir de solu\u00e7\u00f5es, dizem palestrantes em confer\u00eancia sobre diversidade no jornalismo . Latin American Journalism Review by The Knight Center at The University of Texas at Austin.\" \/>\n<meta property=\"og:url\" content=\"https:\/\/latamjournalismreview.org\/pt-br\/articles\/aprendizado-e-chave-para-cobrir-a-deficiencia-a-partir-de-solucoes-dizem-palestrantes-em-conferencia-sobre-diversidade-no-jornalismo\/\" \/>\n<meta property=\"og:site_name\" content=\"LatAm Journalism Review by the Knight Center\" \/>\n<meta property=\"article:published_time\" content=\"2021-03-31T20:11:00+00:00\" \/>\n<meta property=\"article:modified_time\" content=\"2021-04-09T19:05:03+00:00\" \/>\n<meta property=\"og:image\" content=\"http:\/\/latamjournalismreview.org\/wp-content\/uploads\/2021\/03\/Screen-Shot-2021-03-30-at-12.38.16-AM-1-e1617154387314.png\" \/>\n\t<meta property=\"og:image:width\" content=\"2538\" \/>\n\t<meta property=\"og:image:height\" content=\"1274\" \/>\n\t<meta property=\"og:image:type\" content=\"image\/png\" \/>\n<meta name=\"author\" content=\"Silvia Higuera\" \/>\n<meta name=\"twitter:card\" content=\"summary_large_image\" \/>\n<meta name=\"twitter:creator\" content=\"@shiguerita\" \/>\n<meta name=\"twitter:site\" content=\"@LatAmJournalism\" \/>\n<meta name=\"twitter:label1\" content=\"Written by\" \/>\n\t<meta name=\"twitter:data1\" content=\"Silvia Higuera\" \/>\n\t<meta name=\"twitter:label2\" content=\"Est. reading time\" \/>\n\t<meta name=\"twitter:data2\" content=\"7 minutos\" \/>\n<script type=\"application\/ld+json\" class=\"yoast-schema-graph\">{\"@context\":\"https:\\\/\\\/schema.org\",\"@graph\":[{\"@type\":\"Article\",\"@id\":\"https:\\\/\\\/latamjournalismreview.org\\\/pt-br\\\/articles\\\/aprendizado-e-chave-para-cobrir-a-deficiencia-a-partir-de-solucoes-dizem-palestrantes-em-conferencia-sobre-diversidade-no-jornalismo\\\/#article\",\"isPartOf\":{\"@id\":\"https:\\\/\\\/latamjournalismreview.org\\\/pt-br\\\/articles\\\/aprendizado-e-chave-para-cobrir-a-deficiencia-a-partir-de-solucoes-dizem-palestrantes-em-conferencia-sobre-diversidade-no-jornalismo\\\/\"},\"author\":{\"name\":\"Silvia Higuera\",\"@id\":\"https:\\\/\\\/latamjournalismreview.org\\\/pt-br\\\/#\\\/schema\\\/person\\\/eac7baa6afada0957e047be9fc15703a\"},\"headline\":\"Aprendizado \u00e9 chave para cobrir a defici\u00eancia a partir de solu\u00e7\u00f5es, dizem palestrantes em confer\u00eancia sobre diversidade no jornalismo\",\"datePublished\":\"2021-03-31T20:11:00+00:00\",\"dateModified\":\"2021-04-09T19:05:03+00:00\",\"mainEntityOfPage\":{\"@id\":\"https:\\\/\\\/latamjournalismreview.org\\\/pt-br\\\/articles\\\/aprendizado-e-chave-para-cobrir-a-deficiencia-a-partir-de-solucoes-dizem-palestrantes-em-conferencia-sobre-diversidade-no-jornalismo\\\/\"},\"wordCount\":1444,\"publisher\":{\"@id\":\"https:\\\/\\\/latamjournalismreview.org\\\/pt-br\\\/#organization\"},\"image\":{\"@id\":\"https:\\\/\\\/latamjournalismreview.org\\\/pt-br\\\/articles\\\/aprendizado-e-chave-para-cobrir-a-deficiencia-a-partir-de-solucoes-dizem-palestrantes-em-conferencia-sobre-diversidade-no-jornalismo\\\/#primaryimage\"},\"thumbnailUrl\":\"https:\\\/\\\/latamjournalismreview.org\\\/wp-content\\\/uploads\\\/2021\\\/03\\\/Screen-Shot-2021-03-30-at-12.38.16-AM-1-e1617154387314.png\",\"articleSection\":[\"N\u00e3o categorizado\"],\"inLanguage\":\"pt-BR\"},{\"@type\":\"WebPage\",\"@id\":\"https:\\\/\\\/latamjournalismreview.org\\\/pt-br\\\/articles\\\/aprendizado-e-chave-para-cobrir-a-deficiencia-a-partir-de-solucoes-dizem-palestrantes-em-conferencia-sobre-diversidade-no-jornalismo\\\/\",\"url\":\"https:\\\/\\\/latamjournalismreview.org\\\/pt-br\\\/articles\\\/aprendizado-e-chave-para-cobrir-a-deficiencia-a-partir-de-solucoes-dizem-palestrantes-em-conferencia-sobre-diversidade-no-jornalismo\\\/\",\"name\":\"Aprendizado \u00e9 chave para cobrir a defici\u00eancia a partir de solu\u00e7\u00f5es, dizem palestrantes em confer\u00eancia sobre diversidade no jornalismo - LatAm Journalism Review by the Knight Center\",\"isPartOf\":{\"@id\":\"https:\\\/\\\/latamjournalismreview.org\\\/pt-br\\\/#website\"},\"primaryImageOfPage\":{\"@id\":\"https:\\\/\\\/latamjournalismreview.org\\\/pt-br\\\/articles\\\/aprendizado-e-chave-para-cobrir-a-deficiencia-a-partir-de-solucoes-dizem-palestrantes-em-conferencia-sobre-diversidade-no-jornalismo\\\/#primaryimage\"},\"image\":{\"@id\":\"https:\\\/\\\/latamjournalismreview.org\\\/pt-br\\\/articles\\\/aprendizado-e-chave-para-cobrir-a-deficiencia-a-partir-de-solucoes-dizem-palestrantes-em-conferencia-sobre-diversidade-no-jornalismo\\\/#primaryimage\"},\"thumbnailUrl\":\"https:\\\/\\\/latamjournalismreview.org\\\/wp-content\\\/uploads\\\/2021\\\/03\\\/Screen-Shot-2021-03-30-at-12.38.16-AM-1-e1617154387314.png\",\"datePublished\":\"2021-03-31T20:11:00+00:00\",\"dateModified\":\"2021-04-09T19:05:03+00:00\",\"description\":\"Aprendizado \u00e9 chave para cobrir a defici\u00eancia a partir de solu\u00e7\u00f5es, dizem palestrantes em confer\u00eancia sobre diversidade no jornalismo . Latin American Journalism Review by The Knight Center at The University of Texas at Austin.\",\"breadcrumb\":{\"@id\":\"https:\\\/\\\/latamjournalismreview.org\\\/pt-br\\\/articles\\\/aprendizado-e-chave-para-cobrir-a-deficiencia-a-partir-de-solucoes-dizem-palestrantes-em-conferencia-sobre-diversidade-no-jornalismo\\\/#breadcrumb\"},\"inLanguage\":\"pt-BR\",\"potentialAction\":[{\"@type\":\"ReadAction\",\"target\":[\"https:\\\/\\\/latamjournalismreview.org\\\/pt-br\\\/articles\\\/aprendizado-e-chave-para-cobrir-a-deficiencia-a-partir-de-solucoes-dizem-palestrantes-em-conferencia-sobre-diversidade-no-jornalismo\\\/\"]}]},{\"@type\":\"ImageObject\",\"inLanguage\":\"pt-BR\",\"@id\":\"https:\\\/\\\/latamjournalismreview.org\\\/pt-br\\\/articles\\\/aprendizado-e-chave-para-cobrir-a-deficiencia-a-partir-de-solucoes-dizem-palestrantes-em-conferencia-sobre-diversidade-no-jornalismo\\\/#primaryimage\",\"url\":\"https:\\\/\\\/latamjournalismreview.org\\\/wp-content\\\/uploads\\\/2021\\\/03\\\/Screen-Shot-2021-03-30-at-12.38.16-AM-1-e1617154387314.png\",\"contentUrl\":\"https:\\\/\\\/latamjournalismreview.org\\\/wp-content\\\/uploads\\\/2021\\\/03\\\/Screen-Shot-2021-03-30-at-12.38.16-AM-1-e1617154387314.png\",\"width\":2538,\"height\":1274,\"caption\":\"Panel diversidad\"},{\"@type\":\"BreadcrumbList\",\"@id\":\"https:\\\/\\\/latamjournalismreview.org\\\/pt-br\\\/articles\\\/aprendizado-e-chave-para-cobrir-a-deficiencia-a-partir-de-solucoes-dizem-palestrantes-em-conferencia-sobre-diversidade-no-jornalismo\\\/#breadcrumb\",\"itemListElement\":[{\"@type\":\"ListItem\",\"position\":1,\"name\":\"Home\",\"item\":\"https:\\\/\\\/latamjournalismreview.org\\\/pt-br\\\/\"},{\"@type\":\"ListItem\",\"position\":2,\"name\":\"Aprendizado \u00e9 chave para cobrir a defici\u00eancia a partir de solu\u00e7\u00f5es, dizem palestrantes em confer\u00eancia sobre diversidade no jornalismo\"}]},{\"@type\":\"WebSite\",\"@id\":\"https:\\\/\\\/latamjournalismreview.org\\\/pt-br\\\/#website\",\"url\":\"https:\\\/\\\/latamjournalismreview.org\\\/pt-br\\\/\",\"name\":\"LatAm Journalism Review\",\"description\":\"Digital magazine on journalism in Latin America\",\"publisher\":{\"@id\":\"https:\\\/\\\/latamjournalismreview.org\\\/pt-br\\\/#organization\"},\"potentialAction\":[{\"@type\":\"SearchAction\",\"target\":{\"@type\":\"EntryPoint\",\"urlTemplate\":\"https:\\\/\\\/latamjournalismreview.org\\\/pt-br\\\/?s={search_term_string}\"},\"query-input\":{\"@type\":\"PropertyValueSpecification\",\"valueRequired\":true,\"valueName\":\"search_term_string\"}}],\"inLanguage\":\"pt-BR\"},{\"@type\":\"Organization\",\"@id\":\"https:\\\/\\\/latamjournalismreview.org\\\/pt-br\\\/#organization\",\"name\":\"LatAm Journalism Review\",\"url\":\"https:\\\/\\\/latamjournalismreview.org\\\/pt-br\\\/\",\"logo\":{\"@type\":\"ImageObject\",\"inLanguage\":\"pt-BR\",\"@id\":\"https:\\\/\\\/latamjournalismreview.org\\\/pt-br\\\/#\\\/schema\\\/logo\\\/image\\\/\",\"url\":\"https:\\\/\\\/latamjournalismreview.org\\\/wp-content\\\/uploads\\\/2020\\\/05\\\/knight-latAm-review-logo.svg\",\"contentUrl\":\"https:\\\/\\\/latamjournalismreview.org\\\/wp-content\\\/uploads\\\/2020\\\/05\\\/knight-latAm-review-logo.svg\",\"width\":\"1024\",\"height\":\"1024\",\"caption\":\"LatAm Journalism Review\"},\"image\":{\"@id\":\"https:\\\/\\\/latamjournalismreview.org\\\/pt-br\\\/#\\\/schema\\\/logo\\\/image\\\/\"},\"sameAs\":[\"https:\\\/\\\/x.com\\\/LatAmJournalism\"]},{\"@type\":\"Person\",\"@id\":\"https:\\\/\\\/latamjournalismreview.org\\\/pt-br\\\/#\\\/schema\\\/person\\\/eac7baa6afada0957e047be9fc15703a\",\"name\":\"Silvia Higuera\",\"description\":\"Silvia A. Higuera Fl\u00f3rez is a Colombian journalist interested in covering Latin American issues and human rights, especially the right to freedom of expression, and investigative journalism. She studied Social Communication and Journalism at Universidad Pontificia Bolivariana in Bucaramanga (Colombia), and received her Master's of Arts in Journalism from the University of Texas at Austin in 2015. She worked with the Office of the Special Rapporteur for Freedom of Expression of the Inter-American Commission on Human Rights (IACHR) under the Orlando Sierra fellowship during 2014. She also worked for the Colombian newspaper Vanguardia Liberal and wrote for different magazines about local, economic and public order issues. Her work has also appeared in The Miami Herald and El Nuevo Herald of Miami. Email: silvia.knightcenter@gmail.com Silvia A. Higuera Fl\u00f3rez es una periodista colombiana con inter\u00e9s period\u00edstico es Am\u00e9rica Latina y los derechos humanos, particularmente el derecho a la libertad de expresi\u00f3n, as\u00ed como el periodismo de investigaci\u00f3n. Estudi\u00f3 Comunicaci\u00f3n Social \u2013 Periodismo en la Universidad Pontificia Bolivariana de Bucaramanga (Colombia), y recibi\u00f3 su maestr\u00eda en Periodismo en la Universidad de Texas, en Austin en 2015. Trabaj\u00f3 para la Relator\u00eda Especial para la Libertad de Expresi\u00f3n de la Comisi\u00f3n Interamericana de Derechos Humanos (CIDH) en el marco de la beca Orlando Sierra, durante 2014. Tambi\u00e9n hizo parte del diario Vanguardia Liberal y escribi\u00f3 para otras revistas colombianas cubriendo fuentes locales, econ\u00f3micas y judiciales. Algunos de sus trabajos han aparecido en The Miami Herald y El Nuevo Herald de Miami. Silvia A. Higuera Fl\u00f3rez \u00e9 uma jornalista colombiana e seu interesse jornal\u00edstico \u00e9 a Am\u00e9rica Latina e os direitos humanos, nomeadamente o direito \u00e0 liberdade de express\u00e3o. Estudou Comunica\u00e7\u00e3o Social \u2013 Jornalismo na Universidade Pontif\u00edcia Bolivariana de Bucaramanga, na Col\u00f4mbia e completou seu mestrado em jornalismo na Universidade do Texas em Austin. Silvia trabalhou na Relatoria para a Liberdade de Express\u00e3o da CIDH pela bolsa Orlando Sierra, em 2014. Trabalhou para o jornal Vanguardia Liberal e escreveu para outras revistas colombianas cobrindo temas locais, econ\u00f4micas e judici\u00e1rias. Alguns de seus trabalhos apareceram no The Miami Herald e no El Nuevo Herald de Miami.\",\"sameAs\":[\"https:\\\/\\\/x.com\\\/shiguerita\"],\"url\":\"https:\\\/\\\/latamjournalismreview.org\\\/pt-br\\\/articles\\\/author\\\/silvia-higuera\\\/\"}]}<\/script>\n<!-- \/ Yoast SEO Premium plugin. -->","yoast_head_json":{"title":"Aprendizado \u00e9 chave para cobrir a defici\u00eancia a partir de solu\u00e7\u00f5es, dizem palestrantes em confer\u00eancia sobre diversidade no jornalismo - LatAm Journalism Review by the Knight Center","description":"Aprendizado \u00e9 chave para cobrir a defici\u00eancia a partir de solu\u00e7\u00f5es, dizem palestrantes em confer\u00eancia sobre diversidade no jornalismo . Latin American Journalism Review by The Knight Center at The University of Texas at Austin.","robots":{"index":"index","follow":"follow","max-snippet":"max-snippet:-1","max-image-preview":"max-image-preview:large","max-video-preview":"max-video-preview:-1"},"canonical":"https:\/\/latamjournalismreview.org\/pt-br\/articles\/aprendizado-e-chave-para-cobrir-a-deficiencia-a-partir-de-solucoes-dizem-palestrantes-em-conferencia-sobre-diversidade-no-jornalismo\/","og_locale":"pt_BR","og_type":"article","og_title":"Aprendizado \u00e9 chave para cobrir a defici\u00eancia a partir de solu\u00e7\u00f5es, dizem palestrantes em confer\u00eancia sobre diversidade no jornalismo","og_description":"Aprendizado \u00e9 chave para cobrir a defici\u00eancia a partir de solu\u00e7\u00f5es, dizem palestrantes em confer\u00eancia sobre diversidade no jornalismo . Latin American Journalism Review by The Knight Center at The University of Texas at Austin.","og_url":"https:\/\/latamjournalismreview.org\/pt-br\/articles\/aprendizado-e-chave-para-cobrir-a-deficiencia-a-partir-de-solucoes-dizem-palestrantes-em-conferencia-sobre-diversidade-no-jornalismo\/","og_site_name":"LatAm Journalism Review by the Knight Center","article_published_time":"2021-03-31T20:11:00+00:00","article_modified_time":"2021-04-09T19:05:03+00:00","og_image":[{"width":2538,"height":1274,"url":"http:\/\/latamjournalismreview.org\/wp-content\/uploads\/2021\/03\/Screen-Shot-2021-03-30-at-12.38.16-AM-1-e1617154387314.png","type":"image\/png"}],"author":"Silvia Higuera","twitter_card":"summary_large_image","twitter_creator":"@shiguerita","twitter_site":"@LatAmJournalism","twitter_misc":{"Written by":"Silvia Higuera","Est. reading time":"7 minutos"},"schema":{"@context":"https:\/\/schema.org","@graph":[{"@type":"Article","@id":"https:\/\/latamjournalismreview.org\/pt-br\/articles\/aprendizado-e-chave-para-cobrir-a-deficiencia-a-partir-de-solucoes-dizem-palestrantes-em-conferencia-sobre-diversidade-no-jornalismo\/#article","isPartOf":{"@id":"https:\/\/latamjournalismreview.org\/pt-br\/articles\/aprendizado-e-chave-para-cobrir-a-deficiencia-a-partir-de-solucoes-dizem-palestrantes-em-conferencia-sobre-diversidade-no-jornalismo\/"},"author":{"name":"Silvia Higuera","@id":"https:\/\/latamjournalismreview.org\/pt-br\/#\/schema\/person\/eac7baa6afada0957e047be9fc15703a"},"headline":"Aprendizado \u00e9 chave para cobrir a defici\u00eancia a partir de solu\u00e7\u00f5es, dizem palestrantes em confer\u00eancia sobre diversidade no jornalismo","datePublished":"2021-03-31T20:11:00+00:00","dateModified":"2021-04-09T19:05:03+00:00","mainEntityOfPage":{"@id":"https:\/\/latamjournalismreview.org\/pt-br\/articles\/aprendizado-e-chave-para-cobrir-a-deficiencia-a-partir-de-solucoes-dizem-palestrantes-em-conferencia-sobre-diversidade-no-jornalismo\/"},"wordCount":1444,"publisher":{"@id":"https:\/\/latamjournalismreview.org\/pt-br\/#organization"},"image":{"@id":"https:\/\/latamjournalismreview.org\/pt-br\/articles\/aprendizado-e-chave-para-cobrir-a-deficiencia-a-partir-de-solucoes-dizem-palestrantes-em-conferencia-sobre-diversidade-no-jornalismo\/#primaryimage"},"thumbnailUrl":"https:\/\/latamjournalismreview.org\/wp-content\/uploads\/2021\/03\/Screen-Shot-2021-03-30-at-12.38.16-AM-1-e1617154387314.png","articleSection":["N\u00e3o categorizado"],"inLanguage":"pt-BR"},{"@type":"WebPage","@id":"https:\/\/latamjournalismreview.org\/pt-br\/articles\/aprendizado-e-chave-para-cobrir-a-deficiencia-a-partir-de-solucoes-dizem-palestrantes-em-conferencia-sobre-diversidade-no-jornalismo\/","url":"https:\/\/latamjournalismreview.org\/pt-br\/articles\/aprendizado-e-chave-para-cobrir-a-deficiencia-a-partir-de-solucoes-dizem-palestrantes-em-conferencia-sobre-diversidade-no-jornalismo\/","name":"Aprendizado \u00e9 chave para cobrir a defici\u00eancia a partir de solu\u00e7\u00f5es, dizem palestrantes em confer\u00eancia sobre diversidade no jornalismo - LatAm Journalism Review by the Knight Center","isPartOf":{"@id":"https:\/\/latamjournalismreview.org\/pt-br\/#website"},"primaryImageOfPage":{"@id":"https:\/\/latamjournalismreview.org\/pt-br\/articles\/aprendizado-e-chave-para-cobrir-a-deficiencia-a-partir-de-solucoes-dizem-palestrantes-em-conferencia-sobre-diversidade-no-jornalismo\/#primaryimage"},"image":{"@id":"https:\/\/latamjournalismreview.org\/pt-br\/articles\/aprendizado-e-chave-para-cobrir-a-deficiencia-a-partir-de-solucoes-dizem-palestrantes-em-conferencia-sobre-diversidade-no-jornalismo\/#primaryimage"},"thumbnailUrl":"https:\/\/latamjournalismreview.org\/wp-content\/uploads\/2021\/03\/Screen-Shot-2021-03-30-at-12.38.16-AM-1-e1617154387314.png","datePublished":"2021-03-31T20:11:00+00:00","dateModified":"2021-04-09T19:05:03+00:00","description":"Aprendizado \u00e9 chave para cobrir a defici\u00eancia a partir de solu\u00e7\u00f5es, dizem palestrantes em confer\u00eancia sobre diversidade no jornalismo . Latin American Journalism Review by The Knight Center at The University of Texas at Austin.","breadcrumb":{"@id":"https:\/\/latamjournalismreview.org\/pt-br\/articles\/aprendizado-e-chave-para-cobrir-a-deficiencia-a-partir-de-solucoes-dizem-palestrantes-em-conferencia-sobre-diversidade-no-jornalismo\/#breadcrumb"},"inLanguage":"pt-BR","potentialAction":[{"@type":"ReadAction","target":["https:\/\/latamjournalismreview.org\/pt-br\/articles\/aprendizado-e-chave-para-cobrir-a-deficiencia-a-partir-de-solucoes-dizem-palestrantes-em-conferencia-sobre-diversidade-no-jornalismo\/"]}]},{"@type":"ImageObject","inLanguage":"pt-BR","@id":"https:\/\/latamjournalismreview.org\/pt-br\/articles\/aprendizado-e-chave-para-cobrir-a-deficiencia-a-partir-de-solucoes-dizem-palestrantes-em-conferencia-sobre-diversidade-no-jornalismo\/#primaryimage","url":"https:\/\/latamjournalismreview.org\/wp-content\/uploads\/2021\/03\/Screen-Shot-2021-03-30-at-12.38.16-AM-1-e1617154387314.png","contentUrl":"https:\/\/latamjournalismreview.org\/wp-content\/uploads\/2021\/03\/Screen-Shot-2021-03-30-at-12.38.16-AM-1-e1617154387314.png","width":2538,"height":1274,"caption":"Panel diversidad"},{"@type":"BreadcrumbList","@id":"https:\/\/latamjournalismreview.org\/pt-br\/articles\/aprendizado-e-chave-para-cobrir-a-deficiencia-a-partir-de-solucoes-dizem-palestrantes-em-conferencia-sobre-diversidade-no-jornalismo\/#breadcrumb","itemListElement":[{"@type":"ListItem","position":1,"name":"Home","item":"https:\/\/latamjournalismreview.org\/pt-br\/"},{"@type":"ListItem","position":2,"name":"Aprendizado \u00e9 chave para cobrir a defici\u00eancia a partir de solu\u00e7\u00f5es, dizem palestrantes em confer\u00eancia sobre diversidade no jornalismo"}]},{"@type":"WebSite","@id":"https:\/\/latamjournalismreview.org\/pt-br\/#website","url":"https:\/\/latamjournalismreview.org\/pt-br\/","name":"LatAm Journalism Review","description":"Digital magazine on journalism in Latin America","publisher":{"@id":"https:\/\/latamjournalismreview.org\/pt-br\/#organization"},"potentialAction":[{"@type":"SearchAction","target":{"@type":"EntryPoint","urlTemplate":"https:\/\/latamjournalismreview.org\/pt-br\/?s={search_term_string}"},"query-input":{"@type":"PropertyValueSpecification","valueRequired":true,"valueName":"search_term_string"}}],"inLanguage":"pt-BR"},{"@type":"Organization","@id":"https:\/\/latamjournalismreview.org\/pt-br\/#organization","name":"LatAm Journalism Review","url":"https:\/\/latamjournalismreview.org\/pt-br\/","logo":{"@type":"ImageObject","inLanguage":"pt-BR","@id":"https:\/\/latamjournalismreview.org\/pt-br\/#\/schema\/logo\/image\/","url":"https:\/\/latamjournalismreview.org\/wp-content\/uploads\/2020\/05\/knight-latAm-review-logo.svg","contentUrl":"https:\/\/latamjournalismreview.org\/wp-content\/uploads\/2020\/05\/knight-latAm-review-logo.svg","width":"1024","height":"1024","caption":"LatAm Journalism Review"},"image":{"@id":"https:\/\/latamjournalismreview.org\/pt-br\/#\/schema\/logo\/image\/"},"sameAs":["https:\/\/x.com\/LatAmJournalism"]},{"@type":"Person","@id":"https:\/\/latamjournalismreview.org\/pt-br\/#\/schema\/person\/eac7baa6afada0957e047be9fc15703a","name":"Silvia Higuera","description":"Silvia A. Higuera Fl\u00f3rez is a Colombian journalist interested in covering Latin American issues and human rights, especially the right to freedom of expression, and investigative journalism. She studied Social Communication and Journalism at Universidad Pontificia Bolivariana in Bucaramanga (Colombia), and received her Master's of Arts in Journalism from the University of Texas at Austin in 2015. She worked with the Office of the Special Rapporteur for Freedom of Expression of the Inter-American Commission on Human Rights (IACHR) under the Orlando Sierra fellowship during 2014. She also worked for the Colombian newspaper Vanguardia Liberal and wrote for different magazines about local, economic and public order issues. Her work has also appeared in The Miami Herald and El Nuevo Herald of Miami. Email: silvia.knightcenter@gmail.com Silvia A. Higuera Fl\u00f3rez es una periodista colombiana con inter\u00e9s period\u00edstico es Am\u00e9rica Latina y los derechos humanos, particularmente el derecho a la libertad de expresi\u00f3n, as\u00ed como el periodismo de investigaci\u00f3n. Estudi\u00f3 Comunicaci\u00f3n Social \u2013 Periodismo en la Universidad Pontificia Bolivariana de Bucaramanga (Colombia), y recibi\u00f3 su maestr\u00eda en Periodismo en la Universidad de Texas, en Austin en 2015. Trabaj\u00f3 para la Relator\u00eda Especial para la Libertad de Expresi\u00f3n de la Comisi\u00f3n Interamericana de Derechos Humanos (CIDH) en el marco de la beca Orlando Sierra, durante 2014. Tambi\u00e9n hizo parte del diario Vanguardia Liberal y escribi\u00f3 para otras revistas colombianas cubriendo fuentes locales, econ\u00f3micas y judiciales. Algunos de sus trabajos han aparecido en The Miami Herald y El Nuevo Herald de Miami. Silvia A. Higuera Fl\u00f3rez \u00e9 uma jornalista colombiana e seu interesse jornal\u00edstico \u00e9 a Am\u00e9rica Latina e os direitos humanos, nomeadamente o direito \u00e0 liberdade de express\u00e3o. Estudou Comunica\u00e7\u00e3o Social \u2013 Jornalismo na Universidade Pontif\u00edcia Bolivariana de Bucaramanga, na Col\u00f4mbia e completou seu mestrado em jornalismo na Universidade do Texas em Austin. Silvia trabalhou na Relatoria para a Liberdade de Express\u00e3o da CIDH pela bolsa Orlando Sierra, em 2014. Trabalhou para o jornal Vanguardia Liberal e escreveu para outras revistas colombianas cobrindo temas locais, econ\u00f4micas e judici\u00e1rias. Alguns de seus trabalhos apareceram no The Miami Herald e no El Nuevo Herald de Miami.","sameAs":["https:\/\/x.com\/shiguerita"],"url":"https:\/\/latamjournalismreview.org\/pt-br\/articles\/author\/silvia-higuera\/"}]}},"_links":{"self":[{"href":"https:\/\/latamjournalismreview.org\/pt-br\/wp-json\/wp\/v2\/posts\/18164","targetHints":{"allow":["GET"]}}],"collection":[{"href":"https:\/\/latamjournalismreview.org\/pt-br\/wp-json\/wp\/v2\/posts"}],"about":[{"href":"https:\/\/latamjournalismreview.org\/pt-br\/wp-json\/wp\/v2\/types\/post"}],"author":[{"embeddable":true,"href":"https:\/\/latamjournalismreview.org\/pt-br\/wp-json\/wp\/v2\/users\/13"}],"replies":[{"embeddable":true,"href":"https:\/\/latamjournalismreview.org\/pt-br\/wp-json\/wp\/v2\/comments?post=18164"}],"version-history":[{"count":3,"href":"https:\/\/latamjournalismreview.org\/pt-br\/wp-json\/wp\/v2\/posts\/18164\/revisions"}],"predecessor-version":[{"id":18426,"href":"https:\/\/latamjournalismreview.org\/pt-br\/wp-json\/wp\/v2\/posts\/18164\/revisions\/18426"}],"wp:featuredmedia":[{"embeddable":true,"href":"https:\/\/latamjournalismreview.org\/pt-br\/wp-json\/wp\/v2\/media\/18121"}],"wp:attachment":[{"href":"https:\/\/latamjournalismreview.org\/pt-br\/wp-json\/wp\/v2\/media?parent=18164"}],"wp:term":[{"taxonomy":"category","embeddable":true,"href":"https:\/\/latamjournalismreview.org\/pt-br\/wp-json\/wp\/v2\/categories?post=18164"},{"taxonomy":"post_tag","embeddable":true,"href":"https:\/\/latamjournalismreview.org\/pt-br\/wp-json\/wp\/v2\/tags?post=18164"},{"taxonomy":"author","embeddable":true,"href":"https:\/\/latamjournalismreview.org\/pt-br\/wp-json\/wp\/v2\/coauthors?post=18164"}],"curies":[{"name":"wp","href":"https:\/\/api.w.org\/{rel}","templated":true}]}}