{"id":1846,"date":"2019-12-11T12:06:51","date_gmt":"2019-12-11T17:06:51","guid":{"rendered":"https:\/\/live-lajr.pantheonsite.io\/articles\/terceira-edicao-do-atlas-da-noticia-mostra-ampliacao-dos-desertos-de-noticias-no-brasil\/"},"modified":"2021-01-26T07:43:01","modified_gmt":"2021-01-26T12:43:01","slug":"terceira-edicao-do-atlas-da-noticia-mostra-ampliacao-dos-desertos-de-noticias-no-brasil","status":"publish","type":"post","link":"https:\/\/latamjournalismreview.org\/pt-br\/articles\/terceira-edicao-do-atlas-da-noticia-mostra-ampliacao-dos-desertos-de-noticias-no-brasil\/","title":{"rendered":"Terceira edi\u00e7\u00e3o do Atlas da Not\u00edcia mostra amplia\u00e7\u00e3o dos desertos de not\u00edcias no Brasil"},"content":{"rendered":"<p>Um total de 37,4 milh\u00f5es de brasileiros (equivalente a 17,9% da popula\u00e7\u00e3o) vivem nos chamados desertos de not\u00edcias, ou seja, munic\u00edpios onde n\u00e3o h\u00e1 um ve\u00edculo jornal\u00edstico sequer. A esses, se somam mais 27,5 milh\u00f5es (13,2% dos brasileiros) que moram em \u201cquase desertos\u201d, com at\u00e9 dois ve\u00edculos jornal\u00edsticos.<\/p>\n<div>\n<div id=\"attachment_15932\" style=\"width: 762px\" class=\"wp-caption aligncenter\"><img loading=\"lazy\" decoding=\"async\" aria-describedby=\"caption-attachment-15932\" class=\"wp-image-15932 size-full\" src=\"https:\/\/latamjournalismreview.org\/wp-content\/uploads\/2019\/12\/Atlas-da-Noticia-2019.png\" alt=\"Atlas da Not\u00edcia 2019\" width=\"752\" height=\"484\" srcset=\"https:\/\/latamjournalismreview.org\/wp-content\/uploads\/2019\/12\/Atlas-da-Noticia-2019.png 752w, https:\/\/latamjournalismreview.org\/wp-content\/uploads\/2019\/12\/Atlas-da-Noticia-2019-300x193.png 300w\" sizes=\"auto, (max-width: 752px) 100vw, 752px\" \/><p id=\"caption-attachment-15932\" class=\"wp-caption-text\">Atlas da Not\u00edcia 2019<\/p><\/div>\n<\/div>\n<p>Essa \u00e9 uma das principais conclus\u00f5es da mais recente edi\u00e7\u00e3o do\u00a0<a href=\"https:\/\/www.atlas.jor.br\/\">Atlas da Not\u00edcia<\/a>, um projeto do\u00a0<a href=\"http:\/\/www.projor.org.br\/\">PROJOR<\/a>\u00a0\u2013 Instituto para o Desenvolvimento do Jornalismo \u2013 em parceria institucional com a\u00a0<a href=\"https:\/\/www.abraji.org.br\/\">Abraji<\/a>,\u00a0<a href=\"http:\/\/www.portalintercom.org.br\/\">Intercom<\/a>\u00a0e 22 escolas de jornalismo do pa\u00eds, e com o apoio do\u00a0<a href=\"https:\/\/www.facebook.com\/journalismproject\/home\">Facebook Journalism Project<\/a>\u00a0(FJP).<\/p>\n<p>O trabalho \u00e9 inspirado no projeto\u00a0<a href=\"https:\/\/www.cjr.org\/local_news\/american-news-deserts-donuts-local.php\">America's Growing News Deserts<\/a>, da\u00a0<a href=\"https:\/\/www.cjr.org\/\">Columbia Journalism Review<\/a>, em sua terceira edi\u00e7\u00e3o. Esta terceira edi\u00e7\u00e3o brasileira revela a exist\u00eancia de 11.833 ve\u00edculos jornal\u00edsticos no pa\u00eds em todos os meios: impresso, digital, r\u00e1dio e TV.<\/p>\n<p>No entanto, esses meios de comunica\u00e7\u00e3o t\u00eam uma distribui\u00e7\u00e3o desigual no territ\u00f3rio, tanto que em 60% dos munic\u00edpios brasileiros, n\u00e3o h\u00e1 um ve\u00edculo sequer. Das cinco regi\u00f5es do pa\u00eds, o Nordeste se destaca negativamente.<\/p>\n<p>\u201cO Nordeste teve a maior propor\u00e7\u00e3o de desertos de not\u00edcias entre as regi\u00f5es brasileiras. 73,5% dos munic\u00edpios nordestinos foram classificados como desertos. Isso significa que nesses lugares n\u00e3o h\u00e1 cobertura jornal\u00edstica sobre assuntos locais, de interesse p\u00fablico, como os gastos da prefeitura, a falta de rem\u00e9dios no posto de sa\u00fade, a qualidade da merenda nas escolas,\u201d disse ao\u00a0<strong>Centro Knight<\/strong>\u00a0a jornalista Mariama Correia, pesquisadora do Atlas da Not\u00edcia no Nordeste.<\/p>\n<p>Ela tamb\u00e9m destaca que\u00a0<a href=\"http:\/\/observatoriodaimprensa.com.br\/atlas-da-noticia\/projetos-independentes-plataformas-digitais-e-acoes-em-rede-redefinem-o-jornalismo-no-nordeste\/\">o ano de 2019 foi bem desafiador para o jornalismo nordestino<\/a>, com o aprofundamento da crise de ve\u00edculos impressos e demiss\u00f5es em massa de jornalistas.<\/p>\n<p>\u201c\u00c9 uma realidade que representa um desafio imenso para o combate \u00e0 desinforma\u00e7\u00e3o na regi\u00e3o. Sabemos que, diante dessa aus\u00eancia de informa\u00e7\u00e3o produzida com crit\u00e9rios jornal\u00edsticos, como uma boa apura\u00e7\u00e3o, por exemplo, as not\u00edcias que circulam nas redes sociais, como o Whatsapp, acabam sendo as \u00fanicas fontes de informa\u00e7\u00e3o da popula\u00e7\u00e3o\u201d, disse Correia.<\/p>\n<h4><strong>Atlas identifica fechamento de 195 eram jornais impressos<\/strong><\/h4>\n<p>Do total de ve\u00edculos registrados, as emissoras de r\u00e1dio somam 4.195 (35,5%), seguidas por ve\u00edculos impressos 3.429 (29%), ve\u00edculos digitais 3.051 (25,8%) e emissoras de TV 1.158 (9,8%).\u00a0<a href=\"http:\/\/observatoriodaimprensa.com.br\/atlas-da-noticia\/seis-em-cada-dez-municipios-brasileiros-nao-dispoem-de-informacao-jornalistica-local\/\">O\u00a0<\/a><a href=\"http:\/\/observatoriodaimprensa.com.br\/atlas-da-noticia\/seis-em-cada-dez-municipios-brasileiros-nao-dispoem-de-informacao-jornalistica-local\/\">Atlas 3.0 identificou o fechamento de 331 vei\u0301culos jornali\u0301sticos<\/a>, dos quais 195 (60%) impressos.<\/p>\n<p>\u201cOs dados agora reunidos pelos pesquisadores do Atlas da Not\u00edcia, com apoio de 193 colaboradores volunt\u00e1rios de escolas de jornalismo das cinco regi\u00f5es do pa\u00eds, s\u00e3o uma base consistente para que pesquisadores de todo o Brasil possam orientar novas investiga\u00e7\u00f5es,\u201d disse o jornalista S\u00e9rgio L\u00fcdtke, que coordenou as equipes de trabalho nas cinco regi\u00f5es brasileiras, de acordo com o comunicado de imprensa do projeto. \u201cEsses dados permitir\u00e3o detectar os caminhos trilhados mais recentemente pelo jornalismo e identificar necessidades das comunidades e oportunidades futuras que se abrem para os jornalistas profissionais no Brasil.\u201d<\/p>\n<p>O\u00a0<a href=\"https:\/\/www.voltdata.info\/\">Volt Data Lab<\/a>\u00a0fez a pesquisa, an\u00e1lise e mapeamento desta edi\u00e7\u00e3o do Atlas, que inclui tamb\u00e9m a publica\u00e7\u00e3o de uma\u00a0<a href=\"https:\/\/api.atlas.jor.br\/pesquisa\">API<\/a>\u00a0(Interface de Programa\u00e7\u00e3o de Aplicativos) para facilitar o acesso e utiliza\u00e7\u00e3o das informa\u00e7\u00f5es geradas sobre a presen\u00e7a de ve\u00edculos jornal\u00edsticos nos 5.570 munic\u00edpios brasileiros. Segundo S\u00e9rgio Spagnuolo, que lidera o Volt Data Lab, a constru\u00e7\u00e3o da API do Atlas \u00e9 in\u00e9dita no jornalismo brasileiro.<\/p>\n<p>\u201cTrata-se de um recurso muito utilizado por empresas de tecnologia, mas ainda pouco implementado dentro do segmento jornal\u00edstico,\u201d disse, segundo o comunicado de imprensa do projeto. \u201cEsta ferramenta permitir\u00e1 a implementa\u00e7\u00e3o de aplica\u00e7\u00f5es, automatiza\u00e7\u00e3o de an\u00e1lises e gr\u00e1ficos e facilita\u00e7\u00e3o do uso dos dados do Atlas por pesquisadores.\"<\/p>\n<p>\u201cA terceira edi\u00e7\u00e3o do Atlas da Not\u00edcia reafirma o compromisso do Projor em gerar dados e an\u00e1lises imprescind\u00edveis para iniciativas que visem fortalecer a imprensa local brasileira em face aos desafios trazidos pela revolu\u00e7\u00e3o digital,\u201d disse Francisco Belda, presidente do Projor.<\/p>\n","protected":false},"excerpt":{"rendered":"<p>Um total de 37,4 milh\u00f5es de brasileiros (equivalente a 17,9% da popula\u00e7\u00e3o) vivem nos chamados desertos de not\u00edcias, ou seja, munic\u00edpios onde n\u00e3o h\u00e1 um ve\u00edculo jornal\u00edstico sequer. A esses, se somam mais 27,5 milh\u00f5es (13,2% dos brasileiros) que moram em \u201cquase desertos\u201d, com at\u00e9 dois ve\u00edculos jornal\u00edsticos.<\/p>\n","protected":false},"author":5,"featured_media":0,"comment_status":"closed","ping_status":"closed","sticky":false,"template":"","format":"standard","meta":{"inline_featured_image":false,"footnotes":""},"categories":[1212],"tags":[1555],"coauthors":[],"class_list":["post-1846","post","type-post","status-publish","format-standard","hentry","category-colaboracao-pt-br","tag-acesso-a-informacao-pt-br"],"acf":[],"yoast_head":"<!-- This site is optimized with the Yoast SEO Premium plugin v22.6 (Yoast SEO v27.4) - https:\/\/yoast.com\/product\/yoast-seo-premium-wordpress\/ -->\n<title>Terceira edi\u00e7\u00e3o do Atlas da Not\u00edcia mostra amplia\u00e7\u00e3o dos desertos de not\u00edcias no Brasil - LatAm Journalism Review by the Knight Center<\/title>\n<meta name=\"description\" content=\"Terceira edi\u00e7\u00e3o do Atlas da Not\u00edcia mostra amplia\u00e7\u00e3o dos desertos de not\u00edcias no Brasil Colabora\u00e7\u00e3o. Latin American Journalism Review by The Knight Center at The University of Texas at Austin.\" \/>\n<meta name=\"robots\" content=\"index, follow, max-snippet:-1, max-image-preview:large, max-video-preview:-1\" \/>\n<link rel=\"canonical\" href=\"https:\/\/latamjournalismreview.org\/pt-br\/articles\/terceira-edicao-do-atlas-da-noticia-mostra-ampliacao-dos-desertos-de-noticias-no-brasil\/\" \/>\n<meta property=\"og:locale\" content=\"pt_BR\" \/>\n<meta property=\"og:type\" content=\"article\" \/>\n<meta property=\"og:title\" content=\"Terceira edi\u00e7\u00e3o do Atlas da Not\u00edcia mostra amplia\u00e7\u00e3o dos desertos de not\u00edcias no Brasil\" \/>\n<meta property=\"og:description\" content=\"Terceira edi\u00e7\u00e3o do Atlas da Not\u00edcia mostra amplia\u00e7\u00e3o dos desertos de not\u00edcias no Brasil Colabora\u00e7\u00e3o. Latin American Journalism Review by The Knight Center at The University of Texas at Austin.\" \/>\n<meta property=\"og:url\" content=\"https:\/\/latamjournalismreview.org\/pt-br\/articles\/terceira-edicao-do-atlas-da-noticia-mostra-ampliacao-dos-desertos-de-noticias-no-brasil\/\" \/>\n<meta property=\"og:site_name\" content=\"LatAm Journalism Review by the Knight Center\" \/>\n<meta property=\"article:published_time\" content=\"2019-12-11T17:06:51+00:00\" \/>\n<meta property=\"article:modified_time\" content=\"2021-01-26T12:43:01+00:00\" \/>\n<meta property=\"og:image\" content=\"https:\/\/latamjournalismreview.org\/wp-content\/uploads\/2019\/12\/Atlas-da-Noticia-2019.png\" \/>\n<meta name=\"author\" content=\"J\u00falio Lubianco\" \/>\n<meta name=\"twitter:card\" content=\"summary_large_image\" \/>\n<meta name=\"twitter:creator\" content=\"@jlubianco\" \/>\n<meta name=\"twitter:site\" content=\"@LatAmJournalism\" \/>\n<meta name=\"twitter:label1\" content=\"Written by\" \/>\n\t<meta name=\"twitter:data1\" content=\"J\u00falio Lubianco\" \/>\n\t<meta name=\"twitter:label2\" content=\"Est. reading time\" \/>\n\t<meta name=\"twitter:data2\" content=\"3 minutos\" \/>\n<script type=\"application\/ld+json\" class=\"yoast-schema-graph\">{\"@context\":\"https:\\\/\\\/schema.org\",\"@graph\":[{\"@type\":\"Article\",\"@id\":\"https:\\\/\\\/latamjournalismreview.org\\\/pt-br\\\/articles\\\/terceira-edicao-do-atlas-da-noticia-mostra-ampliacao-dos-desertos-de-noticias-no-brasil\\\/#article\",\"isPartOf\":{\"@id\":\"https:\\\/\\\/latamjournalismreview.org\\\/pt-br\\\/articles\\\/terceira-edicao-do-atlas-da-noticia-mostra-ampliacao-dos-desertos-de-noticias-no-brasil\\\/\"},\"author\":{\"name\":\"J\u00falio Lubianco\",\"@id\":\"https:\\\/\\\/latamjournalismreview.org\\\/pt-br\\\/#\\\/schema\\\/person\\\/d9517de765982788cd8378b5a229e3dd\"},\"headline\":\"Terceira edi\u00e7\u00e3o do Atlas da Not\u00edcia mostra amplia\u00e7\u00e3o dos desertos de not\u00edcias no Brasil\",\"datePublished\":\"2019-12-11T17:06:51+00:00\",\"dateModified\":\"2021-01-26T12:43:01+00:00\",\"mainEntityOfPage\":{\"@id\":\"https:\\\/\\\/latamjournalismreview.org\\\/pt-br\\\/articles\\\/terceira-edicao-do-atlas-da-noticia-mostra-ampliacao-dos-desertos-de-noticias-no-brasil\\\/\"},\"wordCount\":716,\"publisher\":{\"@id\":\"https:\\\/\\\/latamjournalismreview.org\\\/pt-br\\\/#organization\"},\"image\":{\"@id\":\"https:\\\/\\\/latamjournalismreview.org\\\/pt-br\\\/articles\\\/terceira-edicao-do-atlas-da-noticia-mostra-ampliacao-dos-desertos-de-noticias-no-brasil\\\/#primaryimage\"},\"thumbnailUrl\":\"https:\\\/\\\/latamjournalismreview.org\\\/wp-content\\\/uploads\\\/2019\\\/12\\\/Atlas-da-Noticia-2019.png\",\"keywords\":[\"Acesso a informa\u00e7\u00e3o\"],\"articleSection\":[\"Colabora\u00e7\u00e3o\"],\"inLanguage\":\"pt-BR\"},{\"@type\":\"WebPage\",\"@id\":\"https:\\\/\\\/latamjournalismreview.org\\\/pt-br\\\/articles\\\/terceira-edicao-do-atlas-da-noticia-mostra-ampliacao-dos-desertos-de-noticias-no-brasil\\\/\",\"url\":\"https:\\\/\\\/latamjournalismreview.org\\\/pt-br\\\/articles\\\/terceira-edicao-do-atlas-da-noticia-mostra-ampliacao-dos-desertos-de-noticias-no-brasil\\\/\",\"name\":\"Terceira edi\u00e7\u00e3o do Atlas da Not\u00edcia mostra amplia\u00e7\u00e3o dos desertos de not\u00edcias no Brasil - LatAm Journalism Review by the Knight Center\",\"isPartOf\":{\"@id\":\"https:\\\/\\\/latamjournalismreview.org\\\/pt-br\\\/#website\"},\"primaryImageOfPage\":{\"@id\":\"https:\\\/\\\/latamjournalismreview.org\\\/pt-br\\\/articles\\\/terceira-edicao-do-atlas-da-noticia-mostra-ampliacao-dos-desertos-de-noticias-no-brasil\\\/#primaryimage\"},\"image\":{\"@id\":\"https:\\\/\\\/latamjournalismreview.org\\\/pt-br\\\/articles\\\/terceira-edicao-do-atlas-da-noticia-mostra-ampliacao-dos-desertos-de-noticias-no-brasil\\\/#primaryimage\"},\"thumbnailUrl\":\"https:\\\/\\\/latamjournalismreview.org\\\/wp-content\\\/uploads\\\/2019\\\/12\\\/Atlas-da-Noticia-2019.png\",\"datePublished\":\"2019-12-11T17:06:51+00:00\",\"dateModified\":\"2021-01-26T12:43:01+00:00\",\"description\":\"Terceira edi\u00e7\u00e3o do Atlas da Not\u00edcia mostra amplia\u00e7\u00e3o dos desertos de not\u00edcias no Brasil Colabora\u00e7\u00e3o. Latin American Journalism Review by The Knight Center at The University of Texas at Austin.\",\"breadcrumb\":{\"@id\":\"https:\\\/\\\/latamjournalismreview.org\\\/pt-br\\\/articles\\\/terceira-edicao-do-atlas-da-noticia-mostra-ampliacao-dos-desertos-de-noticias-no-brasil\\\/#breadcrumb\"},\"inLanguage\":\"pt-BR\",\"potentialAction\":[{\"@type\":\"ReadAction\",\"target\":[\"https:\\\/\\\/latamjournalismreview.org\\\/pt-br\\\/articles\\\/terceira-edicao-do-atlas-da-noticia-mostra-ampliacao-dos-desertos-de-noticias-no-brasil\\\/\"]}]},{\"@type\":\"ImageObject\",\"inLanguage\":\"pt-BR\",\"@id\":\"https:\\\/\\\/latamjournalismreview.org\\\/pt-br\\\/articles\\\/terceira-edicao-do-atlas-da-noticia-mostra-ampliacao-dos-desertos-de-noticias-no-brasil\\\/#primaryimage\",\"url\":\"https:\\\/\\\/latamjournalismreview.org\\\/wp-content\\\/uploads\\\/2019\\\/12\\\/Atlas-da-Noticia-2019.png\",\"contentUrl\":\"https:\\\/\\\/latamjournalismreview.org\\\/wp-content\\\/uploads\\\/2019\\\/12\\\/Atlas-da-Noticia-2019.png\"},{\"@type\":\"BreadcrumbList\",\"@id\":\"https:\\\/\\\/latamjournalismreview.org\\\/pt-br\\\/articles\\\/terceira-edicao-do-atlas-da-noticia-mostra-ampliacao-dos-desertos-de-noticias-no-brasil\\\/#breadcrumb\",\"itemListElement\":[{\"@type\":\"ListItem\",\"position\":1,\"name\":\"Home\",\"item\":\"https:\\\/\\\/latamjournalismreview.org\\\/pt-br\\\/\"},{\"@type\":\"ListItem\",\"position\":2,\"name\":\"Terceira edi\u00e7\u00e3o do Atlas da Not\u00edcia mostra amplia\u00e7\u00e3o dos desertos de not\u00edcias no Brasil\"}]},{\"@type\":\"WebSite\",\"@id\":\"https:\\\/\\\/latamjournalismreview.org\\\/pt-br\\\/#website\",\"url\":\"https:\\\/\\\/latamjournalismreview.org\\\/pt-br\\\/\",\"name\":\"LatAm Journalism Review\",\"description\":\"Digital magazine on journalism in Latin America\",\"publisher\":{\"@id\":\"https:\\\/\\\/latamjournalismreview.org\\\/pt-br\\\/#organization\"},\"potentialAction\":[{\"@type\":\"SearchAction\",\"target\":{\"@type\":\"EntryPoint\",\"urlTemplate\":\"https:\\\/\\\/latamjournalismreview.org\\\/pt-br\\\/?s={search_term_string}\"},\"query-input\":{\"@type\":\"PropertyValueSpecification\",\"valueRequired\":true,\"valueName\":\"search_term_string\"}}],\"inLanguage\":\"pt-BR\"},{\"@type\":\"Organization\",\"@id\":\"https:\\\/\\\/latamjournalismreview.org\\\/pt-br\\\/#organization\",\"name\":\"LatAm Journalism Review\",\"url\":\"https:\\\/\\\/latamjournalismreview.org\\\/pt-br\\\/\",\"logo\":{\"@type\":\"ImageObject\",\"inLanguage\":\"pt-BR\",\"@id\":\"https:\\\/\\\/latamjournalismreview.org\\\/pt-br\\\/#\\\/schema\\\/logo\\\/image\\\/\",\"url\":\"https:\\\/\\\/latamjournalismreview.org\\\/wp-content\\\/uploads\\\/2020\\\/05\\\/knight-latAm-review-logo.svg\",\"contentUrl\":\"https:\\\/\\\/latamjournalismreview.org\\\/wp-content\\\/uploads\\\/2020\\\/05\\\/knight-latAm-review-logo.svg\",\"width\":\"1024\",\"height\":\"1024\",\"caption\":\"LatAm Journalism Review\"},\"image\":{\"@id\":\"https:\\\/\\\/latamjournalismreview.org\\\/pt-br\\\/#\\\/schema\\\/logo\\\/image\\\/\"},\"sameAs\":[\"https:\\\/\\\/x.com\\\/LatAmJournalism\"]},{\"@type\":\"Person\",\"@id\":\"https:\\\/\\\/latamjournalismreview.org\\\/pt-br\\\/#\\\/schema\\\/person\\\/d9517de765982788cd8378b5a229e3dd\",\"name\":\"J\u00falio Lubianco\",\"description\":\"J\u00falio Lubianco studied journalism at Universidade Federal Fluminense (UFF). He began his career on the local desk at Jornal do Brasil, in 2003. He was a reporter, assignment editor and managing editor at R\u00e1dio CBN. He has a Master\u2019s degree in media and communication from the London School of Economics (LSE), with a scholarship from the Journalists of Vision program. He is a professor of journalism at PUC-Rio. He won the Imprensa Embratel award in 2007, the Alexandre Adler award in 2008, and is a two-time winner of the Tim Lopes Award for Investigative Journalism, in 2009 and 2014. J\u00falio Lubianco estudi\u00f3 periodismo en la Universidad Federal Fluminense (UFF). Comenz\u00f3 la carrera en 2003, en el diario Jornal do Brasil. Fue reportero, editor y editor ejecutivo en R\u00e1dio CBN. Hizo su maestr\u00eda en medios de comunicaci\u00f3n en London School of Economics (LSE), becado por el programa Jornalistas de Vis\u00e3o. Es profesor del curso de periodismo de PUC-Rio y es presentador del podcast de BRIO, que trata sobre periodismo, carrera, mercado y tecnolog\u00eda. Gan\u00f3 los premios Imprensa Embratel (2007), Alexandre Adler (2008), y en dos oportunidades el Tim Lopes de Periodismo Investigativo (2009 y 2014). J\u00falio Lubianco estudou jornalismo na Universidade Federal Fluminense (UFF). Come\u00e7ou a carreira em 2003, no caderno Cidade do Jornal do Brasil. Foi rep\u00f3rter, chefe de reportagem e gerente de jornalismo na R\u00e1dio CBN. Fez mestrado em m\u00eddia e comunica\u00e7\u00e3o na London School of Economics (LSE), com bolsa do programa Jornalistas de Vis\u00e3o. \u00c9 professor do curso de jornalismo da PUC-Rio e apresenta o podcast do BRIO, que discute jornalismo, carreira, mercado e tecnologia. Venceu os pr\u00eamios Imprensa Embratel, em 2007, o Alexandre Adler, em 2008, e duas vezes o Tim Lopes de Jornalismo Investigativo, em 2009 e 2014.\",\"sameAs\":[\"https:\\\/\\\/www.linkedin.com\\\/in\\\/julio-lubianco\\\/\",\"https:\\\/\\\/x.com\\\/jlubianco\"],\"url\":\"https:\\\/\\\/latamjournalismreview.org\\\/pt-br\\\/articles\\\/author\\\/julio-lubianco\\\/\"}]}<\/script>\n<!-- \/ Yoast SEO Premium plugin. -->","yoast_head_json":{"title":"Terceira edi\u00e7\u00e3o do Atlas da Not\u00edcia mostra amplia\u00e7\u00e3o dos desertos de not\u00edcias no Brasil - LatAm Journalism Review by the Knight Center","description":"Terceira edi\u00e7\u00e3o do Atlas da Not\u00edcia mostra amplia\u00e7\u00e3o dos desertos de not\u00edcias no Brasil Colabora\u00e7\u00e3o. Latin American Journalism Review by The Knight Center at The University of Texas at Austin.","robots":{"index":"index","follow":"follow","max-snippet":"max-snippet:-1","max-image-preview":"max-image-preview:large","max-video-preview":"max-video-preview:-1"},"canonical":"https:\/\/latamjournalismreview.org\/pt-br\/articles\/terceira-edicao-do-atlas-da-noticia-mostra-ampliacao-dos-desertos-de-noticias-no-brasil\/","og_locale":"pt_BR","og_type":"article","og_title":"Terceira edi\u00e7\u00e3o do Atlas da Not\u00edcia mostra amplia\u00e7\u00e3o dos desertos de not\u00edcias no Brasil","og_description":"Terceira edi\u00e7\u00e3o do Atlas da Not\u00edcia mostra amplia\u00e7\u00e3o dos desertos de not\u00edcias no Brasil Colabora\u00e7\u00e3o. Latin American Journalism Review by The Knight Center at The University of Texas at Austin.","og_url":"https:\/\/latamjournalismreview.org\/pt-br\/articles\/terceira-edicao-do-atlas-da-noticia-mostra-ampliacao-dos-desertos-de-noticias-no-brasil\/","og_site_name":"LatAm Journalism Review by the Knight Center","article_published_time":"2019-12-11T17:06:51+00:00","article_modified_time":"2021-01-26T12:43:01+00:00","og_image":[{"url":"https:\/\/latamjournalismreview.org\/wp-content\/uploads\/2019\/12\/Atlas-da-Noticia-2019.png","type":"","width":"","height":""}],"author":"J\u00falio Lubianco","twitter_card":"summary_large_image","twitter_creator":"@jlubianco","twitter_site":"@LatAmJournalism","twitter_misc":{"Written by":"J\u00falio Lubianco","Est. reading time":"3 minutos"},"schema":{"@context":"https:\/\/schema.org","@graph":[{"@type":"Article","@id":"https:\/\/latamjournalismreview.org\/pt-br\/articles\/terceira-edicao-do-atlas-da-noticia-mostra-ampliacao-dos-desertos-de-noticias-no-brasil\/#article","isPartOf":{"@id":"https:\/\/latamjournalismreview.org\/pt-br\/articles\/terceira-edicao-do-atlas-da-noticia-mostra-ampliacao-dos-desertos-de-noticias-no-brasil\/"},"author":{"name":"J\u00falio Lubianco","@id":"https:\/\/latamjournalismreview.org\/pt-br\/#\/schema\/person\/d9517de765982788cd8378b5a229e3dd"},"headline":"Terceira edi\u00e7\u00e3o do Atlas da Not\u00edcia mostra amplia\u00e7\u00e3o dos desertos de not\u00edcias no Brasil","datePublished":"2019-12-11T17:06:51+00:00","dateModified":"2021-01-26T12:43:01+00:00","mainEntityOfPage":{"@id":"https:\/\/latamjournalismreview.org\/pt-br\/articles\/terceira-edicao-do-atlas-da-noticia-mostra-ampliacao-dos-desertos-de-noticias-no-brasil\/"},"wordCount":716,"publisher":{"@id":"https:\/\/latamjournalismreview.org\/pt-br\/#organization"},"image":{"@id":"https:\/\/latamjournalismreview.org\/pt-br\/articles\/terceira-edicao-do-atlas-da-noticia-mostra-ampliacao-dos-desertos-de-noticias-no-brasil\/#primaryimage"},"thumbnailUrl":"https:\/\/latamjournalismreview.org\/wp-content\/uploads\/2019\/12\/Atlas-da-Noticia-2019.png","keywords":["Acesso a informa\u00e7\u00e3o"],"articleSection":["Colabora\u00e7\u00e3o"],"inLanguage":"pt-BR"},{"@type":"WebPage","@id":"https:\/\/latamjournalismreview.org\/pt-br\/articles\/terceira-edicao-do-atlas-da-noticia-mostra-ampliacao-dos-desertos-de-noticias-no-brasil\/","url":"https:\/\/latamjournalismreview.org\/pt-br\/articles\/terceira-edicao-do-atlas-da-noticia-mostra-ampliacao-dos-desertos-de-noticias-no-brasil\/","name":"Terceira edi\u00e7\u00e3o do Atlas da Not\u00edcia mostra amplia\u00e7\u00e3o dos desertos de not\u00edcias no Brasil - LatAm Journalism Review by the Knight Center","isPartOf":{"@id":"https:\/\/latamjournalismreview.org\/pt-br\/#website"},"primaryImageOfPage":{"@id":"https:\/\/latamjournalismreview.org\/pt-br\/articles\/terceira-edicao-do-atlas-da-noticia-mostra-ampliacao-dos-desertos-de-noticias-no-brasil\/#primaryimage"},"image":{"@id":"https:\/\/latamjournalismreview.org\/pt-br\/articles\/terceira-edicao-do-atlas-da-noticia-mostra-ampliacao-dos-desertos-de-noticias-no-brasil\/#primaryimage"},"thumbnailUrl":"https:\/\/latamjournalismreview.org\/wp-content\/uploads\/2019\/12\/Atlas-da-Noticia-2019.png","datePublished":"2019-12-11T17:06:51+00:00","dateModified":"2021-01-26T12:43:01+00:00","description":"Terceira edi\u00e7\u00e3o do Atlas da Not\u00edcia mostra amplia\u00e7\u00e3o dos desertos de not\u00edcias no Brasil Colabora\u00e7\u00e3o. Latin American Journalism Review by The Knight Center at The University of Texas at Austin.","breadcrumb":{"@id":"https:\/\/latamjournalismreview.org\/pt-br\/articles\/terceira-edicao-do-atlas-da-noticia-mostra-ampliacao-dos-desertos-de-noticias-no-brasil\/#breadcrumb"},"inLanguage":"pt-BR","potentialAction":[{"@type":"ReadAction","target":["https:\/\/latamjournalismreview.org\/pt-br\/articles\/terceira-edicao-do-atlas-da-noticia-mostra-ampliacao-dos-desertos-de-noticias-no-brasil\/"]}]},{"@type":"ImageObject","inLanguage":"pt-BR","@id":"https:\/\/latamjournalismreview.org\/pt-br\/articles\/terceira-edicao-do-atlas-da-noticia-mostra-ampliacao-dos-desertos-de-noticias-no-brasil\/#primaryimage","url":"https:\/\/latamjournalismreview.org\/wp-content\/uploads\/2019\/12\/Atlas-da-Noticia-2019.png","contentUrl":"https:\/\/latamjournalismreview.org\/wp-content\/uploads\/2019\/12\/Atlas-da-Noticia-2019.png"},{"@type":"BreadcrumbList","@id":"https:\/\/latamjournalismreview.org\/pt-br\/articles\/terceira-edicao-do-atlas-da-noticia-mostra-ampliacao-dos-desertos-de-noticias-no-brasil\/#breadcrumb","itemListElement":[{"@type":"ListItem","position":1,"name":"Home","item":"https:\/\/latamjournalismreview.org\/pt-br\/"},{"@type":"ListItem","position":2,"name":"Terceira edi\u00e7\u00e3o do Atlas da Not\u00edcia mostra amplia\u00e7\u00e3o dos desertos de not\u00edcias no Brasil"}]},{"@type":"WebSite","@id":"https:\/\/latamjournalismreview.org\/pt-br\/#website","url":"https:\/\/latamjournalismreview.org\/pt-br\/","name":"LatAm Journalism Review","description":"Digital magazine on journalism in Latin America","publisher":{"@id":"https:\/\/latamjournalismreview.org\/pt-br\/#organization"},"potentialAction":[{"@type":"SearchAction","target":{"@type":"EntryPoint","urlTemplate":"https:\/\/latamjournalismreview.org\/pt-br\/?s={search_term_string}"},"query-input":{"@type":"PropertyValueSpecification","valueRequired":true,"valueName":"search_term_string"}}],"inLanguage":"pt-BR"},{"@type":"Organization","@id":"https:\/\/latamjournalismreview.org\/pt-br\/#organization","name":"LatAm Journalism Review","url":"https:\/\/latamjournalismreview.org\/pt-br\/","logo":{"@type":"ImageObject","inLanguage":"pt-BR","@id":"https:\/\/latamjournalismreview.org\/pt-br\/#\/schema\/logo\/image\/","url":"https:\/\/latamjournalismreview.org\/wp-content\/uploads\/2020\/05\/knight-latAm-review-logo.svg","contentUrl":"https:\/\/latamjournalismreview.org\/wp-content\/uploads\/2020\/05\/knight-latAm-review-logo.svg","width":"1024","height":"1024","caption":"LatAm Journalism Review"},"image":{"@id":"https:\/\/latamjournalismreview.org\/pt-br\/#\/schema\/logo\/image\/"},"sameAs":["https:\/\/x.com\/LatAmJournalism"]},{"@type":"Person","@id":"https:\/\/latamjournalismreview.org\/pt-br\/#\/schema\/person\/d9517de765982788cd8378b5a229e3dd","name":"J\u00falio Lubianco","description":"J\u00falio Lubianco studied journalism at Universidade Federal Fluminense (UFF). He began his career on the local desk at Jornal do Brasil, in 2003. He was a reporter, assignment editor and managing editor at R\u00e1dio CBN. He has a Master\u2019s degree in media and communication from the London School of Economics (LSE), with a scholarship from the Journalists of Vision program. He is a professor of journalism at PUC-Rio. He won the Imprensa Embratel award in 2007, the Alexandre Adler award in 2008, and is a two-time winner of the Tim Lopes Award for Investigative Journalism, in 2009 and 2014. J\u00falio Lubianco estudi\u00f3 periodismo en la Universidad Federal Fluminense (UFF). Comenz\u00f3 la carrera en 2003, en el diario Jornal do Brasil. Fue reportero, editor y editor ejecutivo en R\u00e1dio CBN. Hizo su maestr\u00eda en medios de comunicaci\u00f3n en London School of Economics (LSE), becado por el programa Jornalistas de Vis\u00e3o. Es profesor del curso de periodismo de PUC-Rio y es presentador del podcast de BRIO, que trata sobre periodismo, carrera, mercado y tecnolog\u00eda. Gan\u00f3 los premios Imprensa Embratel (2007), Alexandre Adler (2008), y en dos oportunidades el Tim Lopes de Periodismo Investigativo (2009 y 2014). J\u00falio Lubianco estudou jornalismo na Universidade Federal Fluminense (UFF). Come\u00e7ou a carreira em 2003, no caderno Cidade do Jornal do Brasil. Foi rep\u00f3rter, chefe de reportagem e gerente de jornalismo na R\u00e1dio CBN. Fez mestrado em m\u00eddia e comunica\u00e7\u00e3o na London School of Economics (LSE), com bolsa do programa Jornalistas de Vis\u00e3o. \u00c9 professor do curso de jornalismo da PUC-Rio e apresenta o podcast do BRIO, que discute jornalismo, carreira, mercado e tecnologia. Venceu os pr\u00eamios Imprensa Embratel, em 2007, o Alexandre Adler, em 2008, e duas vezes o Tim Lopes de Jornalismo Investigativo, em 2009 e 2014.","sameAs":["https:\/\/www.linkedin.com\/in\/julio-lubianco\/","https:\/\/x.com\/jlubianco"],"url":"https:\/\/latamjournalismreview.org\/pt-br\/articles\/author\/julio-lubianco\/"}]}},"_links":{"self":[{"href":"https:\/\/latamjournalismreview.org\/pt-br\/wp-json\/wp\/v2\/posts\/1846","targetHints":{"allow":["GET"]}}],"collection":[{"href":"https:\/\/latamjournalismreview.org\/pt-br\/wp-json\/wp\/v2\/posts"}],"about":[{"href":"https:\/\/latamjournalismreview.org\/pt-br\/wp-json\/wp\/v2\/types\/post"}],"author":[{"embeddable":true,"href":"https:\/\/latamjournalismreview.org\/pt-br\/wp-json\/wp\/v2\/users\/5"}],"replies":[{"embeddable":true,"href":"https:\/\/latamjournalismreview.org\/pt-br\/wp-json\/wp\/v2\/comments?post=1846"}],"version-history":[{"count":6,"href":"https:\/\/latamjournalismreview.org\/pt-br\/wp-json\/wp\/v2\/posts\/1846\/revisions"}],"predecessor-version":[{"id":15936,"href":"https:\/\/latamjournalismreview.org\/pt-br\/wp-json\/wp\/v2\/posts\/1846\/revisions\/15936"}],"wp:attachment":[{"href":"https:\/\/latamjournalismreview.org\/pt-br\/wp-json\/wp\/v2\/media?parent=1846"}],"wp:term":[{"taxonomy":"category","embeddable":true,"href":"https:\/\/latamjournalismreview.org\/pt-br\/wp-json\/wp\/v2\/categories?post=1846"},{"taxonomy":"post_tag","embeddable":true,"href":"https:\/\/latamjournalismreview.org\/pt-br\/wp-json\/wp\/v2\/tags?post=1846"},{"taxonomy":"author","embeddable":true,"href":"https:\/\/latamjournalismreview.org\/pt-br\/wp-json\/wp\/v2\/coauthors?post=1846"}],"curies":[{"name":"wp","href":"https:\/\/api.w.org\/{rel}","templated":true}]}}