{"id":19196,"date":"2021-05-05T20:31:26","date_gmt":"2021-05-06T01:31:26","guid":{"rendered":"https:\/\/latamjournalismreview.org\/?p=19196"},"modified":"2021-05-10T10:48:03","modified_gmt":"2021-05-10T15:48:03","slug":"multas-milionarias-acusacoes-de-terrorismo-e-sabados-de-bullying-o-assedio-contra-jornalistas-na-america-latina","status":"publish","type":"post","link":"https:\/\/latamjournalismreview.org\/pt-br\/articles\/multas-milionarias-acusacoes-de-terrorismo-e-sabados-de-bullying-o-assedio-contra-jornalistas-na-america-latina\/","title":{"rendered":"Multas milion\u00e1rias, acusa\u00e7\u00f5es de terrorismo e \u2018s\u00e1bados de bullying\u2019: o ass\u00e9dio contra jornalistas na Am\u00e9rica Latina"},"content":{"rendered":"<p>O ass\u00e9dio de governos contra o jornalismo tem se convertido numa tend\u00eancia em pa\u00edses da Am\u00e9rica Latina, com governantes usando em muitos casos a for\u00e7a das institui\u00e7\u00f5es do Estado, como a Justi\u00e7a e a pol\u00edcia, para desacreditar e at\u00e9 mesmo calar a imprensa. H\u00e1 ainda a cria\u00e7\u00e3o e financiamento de ve\u00edculos oficialistas liderados por aliados do governo em que a \u00fanica narrativa \u00e9 a que favorece o poder.<\/p>\n<p>Esse foi o assunto de uma das sess\u00f5es do 14\u00ba Col\u00f3quio Ibero-Americano de Jornalismo Digital, que reuniu jornalistas de Brasil, Venezuela, El Salvador, Nicar\u00e1gua e M\u00e9xico. Todos esses pa\u00edses contam com l\u00edderes que fazem do conflito aberto com a imprensa uma caracter\u00edstica do exerc\u00edcio do poder, que pode tomar a forma desde multas milion\u00e1rias a at\u00e9 mesmo acusa\u00e7\u00f5es de terrorismo.<\/p>\n<p><center><iframe loading=\"lazy\" title=\"YouTube video player\" src=\"https:\/\/www.youtube.com\/embed\/p30WMDOqtQs\" width=\"560\" height=\"315\" frameborder=\"0\" allowfullscreen=\"allowfullscreen\"><\/iframe><\/center>Em El Salvador, a persegui\u00e7\u00e3o se d\u00e1, por um lado, contra jornalistas e ve\u00edculos que cumprem com sua fun\u00e7\u00e3o de informar criticamente a sociedade e, por outro, atrav\u00e9s do surgimento de novas plataformas midi\u00e1ticas, canais de televis\u00e3o e jornais que aderem ao discurso oficial. O pr\u00f3prio presidente Nayib Bukele, h\u00e1 dois anos no poder, comanda a persegui\u00e7\u00e3o e reconhece fazer bullying contra jornalistas, segundo <strong>Carlos Dada<\/strong>, co-fundador e diretor do meio digital El Faro.<\/p>\n<p>\u201cE agora ele adquiriu o h\u00e1bito de fazer isso nas noites de s\u00e1bado, que ele mesmo chama de s\u00e1bados de bullying. (\u2026) Todos esses esfor\u00e7os s\u00e3o para a imposi\u00e7\u00e3o de uma narrativa \u00fanica, \u00e9 claro a narrativa oficial, em que nenhuma outra vers\u00e3o do pa\u00eds se enquadra, nem nenhuma voz discordante ou cr\u00edtica,\u201d disse Dada durante o Col\u00f3quio.<\/p>\n<p>No caso espec\u00edfico de El Faro, que \u00e9 um dos primeiros novos meios digitais jornal\u00edsticos da Am\u00e9rica Latina, <a href=\"https:\/\/latamjournalismreview.org\/es\/articles\/comunidad-internacional-se-solidariza-con-el-faro-mientras-ataques-del-gobierno-salvadoreno-contra-prensa-independiente-escalan\/\">pesam uma auditoria financeira promovida pelo Minist\u00e9rio da Fazenda e acusa\u00e7\u00f5es de suposta lavagem de dinheiro<\/a>.<\/p>\n<p>\u201cEle (Buekele) busca dividir o pa\u00eds entre aqueles que querem que ele morra e aqueles que querem a morte do povo salvadorenho. Ele se apresenta como o redentor, o salvador da na\u00e7\u00e3o. (...) Fomos amea\u00e7ados. Fomos perseguidos. Temos sido alvo de grandes campanhas de difama\u00e7\u00e3o,\u201d disse Dada.<\/p>\n<p>O que ocorre com os jornalistas de El Salvador, h\u00e1 dois anos sob Bukele, \u00e9 um processo j\u00e1 bastante conhecido pelos jornalistas da Nicar\u00e1gua, onde Daniel Ortega ocupa a presid\u00eancia desde 2007. Numa das investidas mais emblem\u00e1ticas do regime contra a imprensa nicaraguense, <a href=\"https:\/\/latamjournalismreview.org\/pt-br\/news\/ortega-transforma-a-redacao-do-confidencial-da-nicaragua-em-casa-para-mulheres-gravidas\/\">o governo desapropriou as instala\u00e7\u00f5es onde funcionava o jornal Confidencial<\/a> e o portal 100% Not\u00edcias no final do ano passado. As duas reda\u00e7\u00f5es j\u00e1 estavam sob ocupa\u00e7\u00e3o policial desde 2018.<\/p>\n<p>\u201cEssa situa\u00e7\u00e3o provocou, por um lado, a resist\u00eancia da imprensa e, por outro, o ex\u00edlio de muitos jornalistas, inclusive eu. Tive que passar 11 meses no ex\u00edlio na Costa Rica, voltei a fazer jornalismo na Nicar\u00e1gua sem nenhuma garantia. Existem muitos outros colegas que permanecem no ex\u00edlio,\u201d disse <strong>Carlos Fernando Chamorro<\/strong>, fundador e diretor de Confidencial.<\/p>\n<p>O ass\u00e9dio judicial e financeiro sistem\u00e1tico a ve\u00edculos de comunica\u00e7\u00e3o levou ao fechamento de v\u00e1rias publica\u00e7\u00f5es nicaraguense, segundo Chamorro, calando vozes cr\u00edticas ao governo Ortega. Ele ressaltou, no entanto, que a situa\u00e7\u00e3o ainda n\u00e3o \u00e9 t\u00e3o grave como em outros pa\u00edses da Am\u00e9rica Latina, como Venezuela e Cuba, onde at\u00e9 mesmo o acesso \u00e0 internet \u00e9 limitado. Com isso, muitos dos jornalistas de ve\u00edculos fechados se mant\u00eam ativos nas redes sociais.<\/p>\n<p>\u201cO acesso \u00e0 internet e redes sociais tem sido fundamental para contornar a censura e para manter a comunica\u00e7\u00e3o com o p\u00fablico,\u201d disse Chamorro. \u201cN\u00e3o se compara \u00e0 audi\u00eancia que tivemos antes na televis\u00e3o aberta e a cabo, mas o fundamental \u00e9 que h\u00e1 uma chama viva da imprensa independente que permanece acesa na Nicar\u00e1gua.\u201d<\/p>\n<div id=\"attachment_19224\" style=\"width: 517px\" class=\"wp-caption alignleft\"><img loading=\"lazy\" decoding=\"async\" aria-describedby=\"caption-attachment-19224\" class=\"wp-image-19224 size-full\" src=\"https:\/\/latamjournalismreview.org\/wp-content\/uploads\/2021\/05\/Acoso-a-Periodistas.png\" alt=\"A partir da esquerda, em cima: Patricia Campos Mello (Folha de S. Paulo - Brasil), Luz Mely Reyes (Efecto Cocuyo - Venezuela, Carlos Dada (El Faro - El Salvador). Embaixo: Adela Navarro (Semanario ZETA - M\u00e9xico) e Carlos Fernando Chamorro (Confidencial - Nicar\u00e1gua).\" width=\"507\" height=\"340\" srcset=\"https:\/\/latamjournalismreview.org\/wp-content\/uploads\/2021\/05\/Acoso-a-Periodistas.png 507w, https:\/\/latamjournalismreview.org\/wp-content\/uploads\/2021\/05\/Acoso-a-Periodistas-300x201.png 300w, https:\/\/latamjournalismreview.org\/wp-content\/uploads\/2021\/05\/Acoso-a-Periodistas-350x234.png 350w\" sizes=\"auto, (max-width: 507px) 100vw, 507px\" \/><p id=\"caption-attachment-19224\" class=\"wp-caption-text\">A partir da esquerda, em cima: Patricia Campos Mello (Folha de S. Paulo - Brasil), Luz Mely Reyes (Efecto Cocuyo - Venezuela, Carlos Dada (El Faro - El Salvador). Embaixo: Adela Navarro (Semanario ZETA - M\u00e9xico) e Carlos Fernando Chamorro (Confidencial - Nicar\u00e1gua).<\/p><\/div>\n<p>&nbsp;<\/p>\n<p>A chama se mant\u00e9m acesa tamb\u00e9m na Venezuela, apesar da deteriora\u00e7\u00e3o da liberdade de imprensa em marcha desde 1999, primeiro com Hugo Ch\u00e1vez e depois com Nicol\u00e1s Maduro. Em mais de 20 anos, isso resultou em fechamento de canais de TV e jornais e tamb\u00e9m no surgimento de ve\u00edculos alinhados com o governo.<\/p>\n<p>\u201cOs bloqueios t\u00eam se convertido hoje em dia em uma coisa mais perigosa que \u00e9 a cria\u00e7\u00e3o do que eu chamo de parameios oficiais. S\u00e3o meios emergem do nada, que n\u00e3o t\u00eam propriet\u00e1rios que colocam a cara e se dedicam \u00e0 informa\u00e7\u00e3o desinforma\u00e7\u00e3o com a finalidade de desacreditar o trabalho de jornalistas,\u201d disse <strong>Luz Mely Reyes<\/strong>, co-fundadora e diretora do Efecto Cocuyo.<\/p>\n<p>Mesmo assim, o regime venezuelano segue investindo contra os ve\u00edculos jornal\u00edsticos que consiguiram se manter idenpendentes. No caso do jornal El Nacional, que foi condenado a pagar uma <a href=\"https:\/\/oglobo.globo.com\/mundo\/corte-alinhada-maduro-condena-jornal-el-nacional-pagar-us-13-milhoes-numero-dois-do-regime-venezuelano-24978090\">multa de USD 13 milh\u00f5es<\/a> a Diosdado Cabello, n\u00famero dois do regime, por uma reportagem que mostrava supostas liga\u00e7\u00f5es dele com o crime organizado.<\/p>\n<p>\u201cIsso foi feito com a expressa inten\u00e7\u00e3o de que El Nacional n\u00e3o pudesse voltar a ter uma vers\u00e3o em papel, porque tinha passado [desde 2018] a ser publicado s\u00f3 em vers\u00e3o digital,\u201d disse Reyes, que tamb\u00e9m citou a <a href=\"https:\/\/monitoreamos.com\/venezuela\/condenan-campana-de-difamacion-y-hostigamiento-contra-el-periodista-venezolano-roberto-deniz\">persegui\u00e7\u00e3o contra Roberto Deniz, de Armando Info<\/a>, \u201cpor investigar dos associados do governo por um caso de corrup\u00e7\u00e3o.\u201d<\/p>\n<p>J\u00e1 no M\u00e9xico, o presidente Andr\u00e9s Manuel L\u00f3pez Obrador \u00e9 outro l\u00edder da Am\u00e9rica Latina que trata jornalistas cr\u00edticos como advers\u00e1rios pol\u00edticos e at\u00e9 mesmo como inimigos, segundo <strong>Adela Navarro<\/strong>, diretora geral do Semanario ZETA.<\/p>\n<p>\u201cAs amea\u00e7as do narcotr\u00e1fico e do crime organizado n\u00e3o acabaram nem o ass\u00e9dio das gos governos locais e prefeituras, mas agora acrescentamos esse clima de animosidade oficial da presid\u00eancia da Rep\u00fablica,\u201d disse Navarro. \u201c(Isso) coloca jornalistas e a m\u00eddia em uma posi\u00e7\u00e3o vulner\u00e1vel que coloca em risco a vida de jornalistas no M\u00e9xico.\u201d<\/p>\n<p>O pa\u00eds \u00e9 <a href=\"https:\/\/latamjournalismreview.org\/pt-br\/articles\/paises-da-america-latina-perdem-posicoes-no-ranking-mundial-de-liberdade-de-imprensa\/\">um dos mais perigosos para o exerc\u00edcio do jornalismo<\/a> no mundo, segundo a ONG Rep\u00f3rteres sem Fronteiras (RSF). O ranking da RSF foi mencionado tamb\u00e9m pela jornalista brasileira <strong>Patr\u00edcia Campos Mello<\/strong>, rep\u00f3rter e colunista da Folha de S.Paulo, j\u00e1 que o Brasil foi rebaixado ao segundo pior n\u00edvel da classifica\u00e7\u00e3o em termos de liberdade de imprensa. Ela pr\u00f3pria foi v\u00edtima de ataques diretos do pr\u00f3prio presidente Jair Bolsonaro e dos filhos dele e <a href=\"https:\/\/latamjournalismreview.org\/pt-br\/news\/jair-bolsonaro-e-condenado-por-ofender-jornalista-patricia-campos-mello\/\">ganhou dois processos<\/a> que moveu contra os pol\u00edticos.<\/p>\n<p>\u201cE a\u00ed at\u00e9 mais preocupante [quando o presidente Bolsonaro] incitando empres\u00e1rios a pararem de anunciar em ve\u00edculos que s\u00e3o cr\u00edticos para direcionar os an\u00fancios s\u00f3 para os ve\u00edculos [considerados] \u2018patri\u00f3ticos\u2019, disse Mello. \u201cQuantas coisas em comum a gente tem entre os pa\u00edses da regi\u00e3o. Como se [os pol\u00edticos autorit\u00e1rios seguissem] um manual. \u00c9 uma coisa que eles v\u00e3o compartilhando e se inspirando uns nos outros.\u201d<\/p>\n<p>Para ver as minibiografias dos palestrantes, clique <a href=\"https:\/\/isoj.org\/coloquio\/oradores\/\">aqui<\/a>.<\/p>\n<p>Voc\u00ea pode assistir ao v\u00eddeo de todo o Col\u00f3quio em <a href=\"https:\/\/www.youtube.com\/watch?v=L62KfR5vuro\">espanhol<\/a> e <a href=\"https:\/\/www.youtube.com\/watch?v=w1GaV1tOyyo\">portugu\u00eas<\/a>. O encontro anual, tradicionalmente realizado ap\u00f3s o Simp\u00f3sio Internacional de Jornalismo Online (ISOJ), \u00e9 organizado pelo Centro Knight para o Jornalismo nas Am\u00e9ricas com o apoio da Iniciativa Google News.<\/p>\n","protected":false},"excerpt":{"rendered":"<p>O ass\u00e9dio de governos contra o jornalismo tem se convertido numa tend\u00eancia em pa\u00edses da Am\u00e9rica Latina, com governantes usando em muitos casos a for\u00e7a das institui\u00e7\u00f5es do Estado, como a Justi\u00e7a e a pol\u00edcia, para desacreditar e at\u00e9 mesmo calar a imprensa.<\/p>\n","protected":false},"author":5,"featured_media":19224,"comment_status":"closed","ping_status":"closed","sticky":false,"template":"","format":"standard","meta":{"inline_featured_image":false,"footnotes":""},"categories":[1346],"tags":[1571,1394,1591,1402],"coauthors":[],"class_list":["post-19196","post","type-post","status-publish","format-standard","has-post-thumbnail","hentry","category-isoj-pt-br","tag-el-salvador-pt-br","tag-mexico-pt-br","tag-nicaragua-pt-br","tag-venezuela-pt-br"],"acf":[],"yoast_head":"<!-- This site is optimized with the Yoast SEO Premium plugin v22.6 (Yoast SEO v27.4) - https:\/\/yoast.com\/product\/yoast-seo-premium-wordpress\/ -->\n<title>Multas milion\u00e1rias, acusa\u00e7\u00f5es de terrorismo e \u2018s\u00e1bados de bullying\u2019: o ass\u00e9dio contra jornalistas na Am\u00e9rica Latina - LatAm Journalism Review by the Knight Center<\/title>\n<meta name=\"description\" content=\"Multas milion\u00e1rias, acusa\u00e7\u00f5es de terrorismo e \u2018s\u00e1bados de bullying\u2019: o ass\u00e9dio contra jornalistas na Am\u00e9rica Latina ISOJ. Latin American Journalism Review by The Knight Center at The University of Texas at Austin.\" \/>\n<meta name=\"robots\" content=\"index, follow, max-snippet:-1, max-image-preview:large, max-video-preview:-1\" \/>\n<link rel=\"canonical\" href=\"https:\/\/latamjournalismreview.org\/pt-br\/articles\/multas-milionarias-acusacoes-de-terrorismo-e-sabados-de-bullying-o-assedio-contra-jornalistas-na-america-latina\/\" \/>\n<meta property=\"og:locale\" content=\"pt_BR\" \/>\n<meta property=\"og:type\" content=\"article\" \/>\n<meta property=\"og:title\" content=\"Multas milion\u00e1rias, acusa\u00e7\u00f5es de terrorismo e \u2018s\u00e1bados de bullying\u2019: o ass\u00e9dio contra jornalistas na Am\u00e9rica Latina\" \/>\n<meta property=\"og:description\" content=\"Multas milion\u00e1rias, acusa\u00e7\u00f5es de terrorismo e \u2018s\u00e1bados de bullying\u2019: o ass\u00e9dio contra jornalistas na Am\u00e9rica Latina ISOJ. Latin American Journalism Review by The Knight Center at The University of Texas at Austin.\" \/>\n<meta property=\"og:url\" content=\"https:\/\/latamjournalismreview.org\/pt-br\/articles\/multas-milionarias-acusacoes-de-terrorismo-e-sabados-de-bullying-o-assedio-contra-jornalistas-na-america-latina\/\" \/>\n<meta property=\"og:site_name\" content=\"LatAm Journalism Review by the Knight Center\" \/>\n<meta property=\"article:published_time\" content=\"2021-05-06T01:31:26+00:00\" \/>\n<meta property=\"article:modified_time\" content=\"2021-05-10T15:48:03+00:00\" \/>\n<meta property=\"og:image\" content=\"https:\/\/latamjournalismreview.org\/wp-content\/uploads\/2021\/05\/Acoso-a-Periodistas.png\" \/>\n\t<meta property=\"og:image:width\" content=\"507\" \/>\n\t<meta property=\"og:image:height\" content=\"340\" \/>\n\t<meta property=\"og:image:type\" content=\"image\/png\" \/>\n<meta name=\"author\" content=\"J\u00falio Lubianco\" \/>\n<meta name=\"twitter:card\" content=\"summary_large_image\" \/>\n<meta name=\"twitter:creator\" content=\"@jlubianco\" \/>\n<meta name=\"twitter:site\" content=\"@LatAmJournalism\" \/>\n<meta name=\"twitter:label1\" content=\"Written by\" \/>\n\t<meta name=\"twitter:data1\" content=\"J\u00falio Lubianco\" \/>\n\t<meta name=\"twitter:label2\" content=\"Est. reading time\" \/>\n\t<meta name=\"twitter:data2\" content=\"6 minutos\" \/>\n<script type=\"application\/ld+json\" class=\"yoast-schema-graph\">{\"@context\":\"https:\\\/\\\/schema.org\",\"@graph\":[{\"@type\":\"Article\",\"@id\":\"https:\\\/\\\/latamjournalismreview.org\\\/pt-br\\\/articles\\\/multas-milionarias-acusacoes-de-terrorismo-e-sabados-de-bullying-o-assedio-contra-jornalistas-na-america-latina\\\/#article\",\"isPartOf\":{\"@id\":\"https:\\\/\\\/latamjournalismreview.org\\\/pt-br\\\/articles\\\/multas-milionarias-acusacoes-de-terrorismo-e-sabados-de-bullying-o-assedio-contra-jornalistas-na-america-latina\\\/\"},\"author\":{\"name\":\"J\u00falio Lubianco\",\"@id\":\"https:\\\/\\\/latamjournalismreview.org\\\/pt-br\\\/#\\\/schema\\\/person\\\/d9517de765982788cd8378b5a229e3dd\"},\"headline\":\"Multas milion\u00e1rias, acusa\u00e7\u00f5es de terrorismo e \u2018s\u00e1bados de bullying\u2019: o ass\u00e9dio contra jornalistas na Am\u00e9rica Latina\",\"datePublished\":\"2021-05-06T01:31:26+00:00\",\"dateModified\":\"2021-05-10T15:48:03+00:00\",\"mainEntityOfPage\":{\"@id\":\"https:\\\/\\\/latamjournalismreview.org\\\/pt-br\\\/articles\\\/multas-milionarias-acusacoes-de-terrorismo-e-sabados-de-bullying-o-assedio-contra-jornalistas-na-america-latina\\\/\"},\"wordCount\":1310,\"publisher\":{\"@id\":\"https:\\\/\\\/latamjournalismreview.org\\\/pt-br\\\/#organization\"},\"image\":{\"@id\":\"https:\\\/\\\/latamjournalismreview.org\\\/pt-br\\\/articles\\\/multas-milionarias-acusacoes-de-terrorismo-e-sabados-de-bullying-o-assedio-contra-jornalistas-na-america-latina\\\/#primaryimage\"},\"thumbnailUrl\":\"https:\\\/\\\/latamjournalismreview.org\\\/wp-content\\\/uploads\\\/2021\\\/05\\\/Acoso-a-Periodistas.png\",\"keywords\":[\"El Salvador\",\"M\u00e9xico\",\"Nicar\u00e1gua\",\"Venezuela\"],\"articleSection\":[\"ISOJ\"],\"inLanguage\":\"pt-BR\"},{\"@type\":\"WebPage\",\"@id\":\"https:\\\/\\\/latamjournalismreview.org\\\/pt-br\\\/articles\\\/multas-milionarias-acusacoes-de-terrorismo-e-sabados-de-bullying-o-assedio-contra-jornalistas-na-america-latina\\\/\",\"url\":\"https:\\\/\\\/latamjournalismreview.org\\\/pt-br\\\/articles\\\/multas-milionarias-acusacoes-de-terrorismo-e-sabados-de-bullying-o-assedio-contra-jornalistas-na-america-latina\\\/\",\"name\":\"Multas milion\u00e1rias, acusa\u00e7\u00f5es de terrorismo e \u2018s\u00e1bados de bullying\u2019: o ass\u00e9dio contra jornalistas na Am\u00e9rica Latina - LatAm Journalism Review by the Knight Center\",\"isPartOf\":{\"@id\":\"https:\\\/\\\/latamjournalismreview.org\\\/pt-br\\\/#website\"},\"primaryImageOfPage\":{\"@id\":\"https:\\\/\\\/latamjournalismreview.org\\\/pt-br\\\/articles\\\/multas-milionarias-acusacoes-de-terrorismo-e-sabados-de-bullying-o-assedio-contra-jornalistas-na-america-latina\\\/#primaryimage\"},\"image\":{\"@id\":\"https:\\\/\\\/latamjournalismreview.org\\\/pt-br\\\/articles\\\/multas-milionarias-acusacoes-de-terrorismo-e-sabados-de-bullying-o-assedio-contra-jornalistas-na-america-latina\\\/#primaryimage\"},\"thumbnailUrl\":\"https:\\\/\\\/latamjournalismreview.org\\\/wp-content\\\/uploads\\\/2021\\\/05\\\/Acoso-a-Periodistas.png\",\"datePublished\":\"2021-05-06T01:31:26+00:00\",\"dateModified\":\"2021-05-10T15:48:03+00:00\",\"description\":\"Multas milion\u00e1rias, acusa\u00e7\u00f5es de terrorismo e \u2018s\u00e1bados de bullying\u2019: o ass\u00e9dio contra jornalistas na Am\u00e9rica Latina ISOJ. Latin American Journalism Review by The Knight Center at The University of Texas at Austin.\",\"breadcrumb\":{\"@id\":\"https:\\\/\\\/latamjournalismreview.org\\\/pt-br\\\/articles\\\/multas-milionarias-acusacoes-de-terrorismo-e-sabados-de-bullying-o-assedio-contra-jornalistas-na-america-latina\\\/#breadcrumb\"},\"inLanguage\":\"pt-BR\",\"potentialAction\":[{\"@type\":\"ReadAction\",\"target\":[\"https:\\\/\\\/latamjournalismreview.org\\\/pt-br\\\/articles\\\/multas-milionarias-acusacoes-de-terrorismo-e-sabados-de-bullying-o-assedio-contra-jornalistas-na-america-latina\\\/\"]}]},{\"@type\":\"ImageObject\",\"inLanguage\":\"pt-BR\",\"@id\":\"https:\\\/\\\/latamjournalismreview.org\\\/pt-br\\\/articles\\\/multas-milionarias-acusacoes-de-terrorismo-e-sabados-de-bullying-o-assedio-contra-jornalistas-na-america-latina\\\/#primaryimage\",\"url\":\"https:\\\/\\\/latamjournalismreview.org\\\/wp-content\\\/uploads\\\/2021\\\/05\\\/Acoso-a-Periodistas.png\",\"contentUrl\":\"https:\\\/\\\/latamjournalismreview.org\\\/wp-content\\\/uploads\\\/2021\\\/05\\\/Acoso-a-Periodistas.png\",\"width\":507,\"height\":340,\"caption\":\"A partir da esquerda, em cima: Patricia Campos Mello (Folha de S. Paulo - Brasil), Luz Mely Reyes (Efecto Cocuyo - Venezuela, Carlos Dada (El Faro - El Salvador). Embaixo: Adela Navarro (Semanario ZETA - M\u00e9xico) e Carlos Fernando Chamorro (Confidencial - Nicar\u00e1gua).\"},{\"@type\":\"BreadcrumbList\",\"@id\":\"https:\\\/\\\/latamjournalismreview.org\\\/pt-br\\\/articles\\\/multas-milionarias-acusacoes-de-terrorismo-e-sabados-de-bullying-o-assedio-contra-jornalistas-na-america-latina\\\/#breadcrumb\",\"itemListElement\":[{\"@type\":\"ListItem\",\"position\":1,\"name\":\"Home\",\"item\":\"https:\\\/\\\/latamjournalismreview.org\\\/pt-br\\\/\"},{\"@type\":\"ListItem\",\"position\":2,\"name\":\"Multas milion\u00e1rias, acusa\u00e7\u00f5es de terrorismo e \u2018s\u00e1bados de bullying\u2019: o ass\u00e9dio contra jornalistas na Am\u00e9rica Latina\"}]},{\"@type\":\"WebSite\",\"@id\":\"https:\\\/\\\/latamjournalismreview.org\\\/pt-br\\\/#website\",\"url\":\"https:\\\/\\\/latamjournalismreview.org\\\/pt-br\\\/\",\"name\":\"LatAm Journalism Review\",\"description\":\"Digital magazine on journalism in Latin America\",\"publisher\":{\"@id\":\"https:\\\/\\\/latamjournalismreview.org\\\/pt-br\\\/#organization\"},\"potentialAction\":[{\"@type\":\"SearchAction\",\"target\":{\"@type\":\"EntryPoint\",\"urlTemplate\":\"https:\\\/\\\/latamjournalismreview.org\\\/pt-br\\\/?s={search_term_string}\"},\"query-input\":{\"@type\":\"PropertyValueSpecification\",\"valueRequired\":true,\"valueName\":\"search_term_string\"}}],\"inLanguage\":\"pt-BR\"},{\"@type\":\"Organization\",\"@id\":\"https:\\\/\\\/latamjournalismreview.org\\\/pt-br\\\/#organization\",\"name\":\"LatAm Journalism Review\",\"url\":\"https:\\\/\\\/latamjournalismreview.org\\\/pt-br\\\/\",\"logo\":{\"@type\":\"ImageObject\",\"inLanguage\":\"pt-BR\",\"@id\":\"https:\\\/\\\/latamjournalismreview.org\\\/pt-br\\\/#\\\/schema\\\/logo\\\/image\\\/\",\"url\":\"https:\\\/\\\/latamjournalismreview.org\\\/wp-content\\\/uploads\\\/2020\\\/05\\\/knight-latAm-review-logo.svg\",\"contentUrl\":\"https:\\\/\\\/latamjournalismreview.org\\\/wp-content\\\/uploads\\\/2020\\\/05\\\/knight-latAm-review-logo.svg\",\"width\":\"1024\",\"height\":\"1024\",\"caption\":\"LatAm Journalism Review\"},\"image\":{\"@id\":\"https:\\\/\\\/latamjournalismreview.org\\\/pt-br\\\/#\\\/schema\\\/logo\\\/image\\\/\"},\"sameAs\":[\"https:\\\/\\\/x.com\\\/LatAmJournalism\"]},{\"@type\":\"Person\",\"@id\":\"https:\\\/\\\/latamjournalismreview.org\\\/pt-br\\\/#\\\/schema\\\/person\\\/d9517de765982788cd8378b5a229e3dd\",\"name\":\"J\u00falio Lubianco\",\"description\":\"J\u00falio Lubianco studied journalism at Universidade Federal Fluminense (UFF). He began his career on the local desk at Jornal do Brasil, in 2003. He was a reporter, assignment editor and managing editor at R\u00e1dio CBN. He has a Master\u2019s degree in media and communication from the London School of Economics (LSE), with a scholarship from the Journalists of Vision program. He is a professor of journalism at PUC-Rio. He won the Imprensa Embratel award in 2007, the Alexandre Adler award in 2008, and is a two-time winner of the Tim Lopes Award for Investigative Journalism, in 2009 and 2014. J\u00falio Lubianco estudi\u00f3 periodismo en la Universidad Federal Fluminense (UFF). Comenz\u00f3 la carrera en 2003, en el diario Jornal do Brasil. Fue reportero, editor y editor ejecutivo en R\u00e1dio CBN. Hizo su maestr\u00eda en medios de comunicaci\u00f3n en London School of Economics (LSE), becado por el programa Jornalistas de Vis\u00e3o. Es profesor del curso de periodismo de PUC-Rio y es presentador del podcast de BRIO, que trata sobre periodismo, carrera, mercado y tecnolog\u00eda. Gan\u00f3 los premios Imprensa Embratel (2007), Alexandre Adler (2008), y en dos oportunidades el Tim Lopes de Periodismo Investigativo (2009 y 2014). J\u00falio Lubianco estudou jornalismo na Universidade Federal Fluminense (UFF). Come\u00e7ou a carreira em 2003, no caderno Cidade do Jornal do Brasil. Foi rep\u00f3rter, chefe de reportagem e gerente de jornalismo na R\u00e1dio CBN. Fez mestrado em m\u00eddia e comunica\u00e7\u00e3o na London School of Economics (LSE), com bolsa do programa Jornalistas de Vis\u00e3o. \u00c9 professor do curso de jornalismo da PUC-Rio e apresenta o podcast do BRIO, que discute jornalismo, carreira, mercado e tecnologia. Venceu os pr\u00eamios Imprensa Embratel, em 2007, o Alexandre Adler, em 2008, e duas vezes o Tim Lopes de Jornalismo Investigativo, em 2009 e 2014.\",\"sameAs\":[\"https:\\\/\\\/www.linkedin.com\\\/in\\\/julio-lubianco\\\/\",\"https:\\\/\\\/x.com\\\/jlubianco\"],\"url\":\"https:\\\/\\\/latamjournalismreview.org\\\/pt-br\\\/articles\\\/author\\\/julio-lubianco\\\/\"}]}<\/script>\n<!-- \/ Yoast SEO Premium plugin. -->","yoast_head_json":{"title":"Multas milion\u00e1rias, acusa\u00e7\u00f5es de terrorismo e \u2018s\u00e1bados de bullying\u2019: o ass\u00e9dio contra jornalistas na Am\u00e9rica Latina - LatAm Journalism Review by the Knight Center","description":"Multas milion\u00e1rias, acusa\u00e7\u00f5es de terrorismo e \u2018s\u00e1bados de bullying\u2019: o ass\u00e9dio contra jornalistas na Am\u00e9rica Latina ISOJ. Latin American Journalism Review by The Knight Center at The University of Texas at Austin.","robots":{"index":"index","follow":"follow","max-snippet":"max-snippet:-1","max-image-preview":"max-image-preview:large","max-video-preview":"max-video-preview:-1"},"canonical":"https:\/\/latamjournalismreview.org\/pt-br\/articles\/multas-milionarias-acusacoes-de-terrorismo-e-sabados-de-bullying-o-assedio-contra-jornalistas-na-america-latina\/","og_locale":"pt_BR","og_type":"article","og_title":"Multas milion\u00e1rias, acusa\u00e7\u00f5es de terrorismo e \u2018s\u00e1bados de bullying\u2019: o ass\u00e9dio contra jornalistas na Am\u00e9rica Latina","og_description":"Multas milion\u00e1rias, acusa\u00e7\u00f5es de terrorismo e \u2018s\u00e1bados de bullying\u2019: o ass\u00e9dio contra jornalistas na Am\u00e9rica Latina ISOJ. Latin American Journalism Review by The Knight Center at The University of Texas at Austin.","og_url":"https:\/\/latamjournalismreview.org\/pt-br\/articles\/multas-milionarias-acusacoes-de-terrorismo-e-sabados-de-bullying-o-assedio-contra-jornalistas-na-america-latina\/","og_site_name":"LatAm Journalism Review by the Knight Center","article_published_time":"2021-05-06T01:31:26+00:00","article_modified_time":"2021-05-10T15:48:03+00:00","og_image":[{"width":507,"height":340,"url":"https:\/\/latamjournalismreview.org\/wp-content\/uploads\/2021\/05\/Acoso-a-Periodistas.png","type":"image\/png"}],"author":"J\u00falio Lubianco","twitter_card":"summary_large_image","twitter_creator":"@jlubianco","twitter_site":"@LatAmJournalism","twitter_misc":{"Written by":"J\u00falio Lubianco","Est. reading time":"6 minutos"},"schema":{"@context":"https:\/\/schema.org","@graph":[{"@type":"Article","@id":"https:\/\/latamjournalismreview.org\/pt-br\/articles\/multas-milionarias-acusacoes-de-terrorismo-e-sabados-de-bullying-o-assedio-contra-jornalistas-na-america-latina\/#article","isPartOf":{"@id":"https:\/\/latamjournalismreview.org\/pt-br\/articles\/multas-milionarias-acusacoes-de-terrorismo-e-sabados-de-bullying-o-assedio-contra-jornalistas-na-america-latina\/"},"author":{"name":"J\u00falio Lubianco","@id":"https:\/\/latamjournalismreview.org\/pt-br\/#\/schema\/person\/d9517de765982788cd8378b5a229e3dd"},"headline":"Multas milion\u00e1rias, acusa\u00e7\u00f5es de terrorismo e \u2018s\u00e1bados de bullying\u2019: o ass\u00e9dio contra jornalistas na Am\u00e9rica Latina","datePublished":"2021-05-06T01:31:26+00:00","dateModified":"2021-05-10T15:48:03+00:00","mainEntityOfPage":{"@id":"https:\/\/latamjournalismreview.org\/pt-br\/articles\/multas-milionarias-acusacoes-de-terrorismo-e-sabados-de-bullying-o-assedio-contra-jornalistas-na-america-latina\/"},"wordCount":1310,"publisher":{"@id":"https:\/\/latamjournalismreview.org\/pt-br\/#organization"},"image":{"@id":"https:\/\/latamjournalismreview.org\/pt-br\/articles\/multas-milionarias-acusacoes-de-terrorismo-e-sabados-de-bullying-o-assedio-contra-jornalistas-na-america-latina\/#primaryimage"},"thumbnailUrl":"https:\/\/latamjournalismreview.org\/wp-content\/uploads\/2021\/05\/Acoso-a-Periodistas.png","keywords":["El Salvador","M\u00e9xico","Nicar\u00e1gua","Venezuela"],"articleSection":["ISOJ"],"inLanguage":"pt-BR"},{"@type":"WebPage","@id":"https:\/\/latamjournalismreview.org\/pt-br\/articles\/multas-milionarias-acusacoes-de-terrorismo-e-sabados-de-bullying-o-assedio-contra-jornalistas-na-america-latina\/","url":"https:\/\/latamjournalismreview.org\/pt-br\/articles\/multas-milionarias-acusacoes-de-terrorismo-e-sabados-de-bullying-o-assedio-contra-jornalistas-na-america-latina\/","name":"Multas milion\u00e1rias, acusa\u00e7\u00f5es de terrorismo e \u2018s\u00e1bados de bullying\u2019: o ass\u00e9dio contra jornalistas na Am\u00e9rica Latina - LatAm Journalism Review by the Knight Center","isPartOf":{"@id":"https:\/\/latamjournalismreview.org\/pt-br\/#website"},"primaryImageOfPage":{"@id":"https:\/\/latamjournalismreview.org\/pt-br\/articles\/multas-milionarias-acusacoes-de-terrorismo-e-sabados-de-bullying-o-assedio-contra-jornalistas-na-america-latina\/#primaryimage"},"image":{"@id":"https:\/\/latamjournalismreview.org\/pt-br\/articles\/multas-milionarias-acusacoes-de-terrorismo-e-sabados-de-bullying-o-assedio-contra-jornalistas-na-america-latina\/#primaryimage"},"thumbnailUrl":"https:\/\/latamjournalismreview.org\/wp-content\/uploads\/2021\/05\/Acoso-a-Periodistas.png","datePublished":"2021-05-06T01:31:26+00:00","dateModified":"2021-05-10T15:48:03+00:00","description":"Multas milion\u00e1rias, acusa\u00e7\u00f5es de terrorismo e \u2018s\u00e1bados de bullying\u2019: o ass\u00e9dio contra jornalistas na Am\u00e9rica Latina ISOJ. Latin American Journalism Review by The Knight Center at The University of Texas at Austin.","breadcrumb":{"@id":"https:\/\/latamjournalismreview.org\/pt-br\/articles\/multas-milionarias-acusacoes-de-terrorismo-e-sabados-de-bullying-o-assedio-contra-jornalistas-na-america-latina\/#breadcrumb"},"inLanguage":"pt-BR","potentialAction":[{"@type":"ReadAction","target":["https:\/\/latamjournalismreview.org\/pt-br\/articles\/multas-milionarias-acusacoes-de-terrorismo-e-sabados-de-bullying-o-assedio-contra-jornalistas-na-america-latina\/"]}]},{"@type":"ImageObject","inLanguage":"pt-BR","@id":"https:\/\/latamjournalismreview.org\/pt-br\/articles\/multas-milionarias-acusacoes-de-terrorismo-e-sabados-de-bullying-o-assedio-contra-jornalistas-na-america-latina\/#primaryimage","url":"https:\/\/latamjournalismreview.org\/wp-content\/uploads\/2021\/05\/Acoso-a-Periodistas.png","contentUrl":"https:\/\/latamjournalismreview.org\/wp-content\/uploads\/2021\/05\/Acoso-a-Periodistas.png","width":507,"height":340,"caption":"A partir da esquerda, em cima: Patricia Campos Mello (Folha de S. Paulo - Brasil), Luz Mely Reyes (Efecto Cocuyo - Venezuela, Carlos Dada (El Faro - El Salvador). Embaixo: Adela Navarro (Semanario ZETA - M\u00e9xico) e Carlos Fernando Chamorro (Confidencial - Nicar\u00e1gua)."},{"@type":"BreadcrumbList","@id":"https:\/\/latamjournalismreview.org\/pt-br\/articles\/multas-milionarias-acusacoes-de-terrorismo-e-sabados-de-bullying-o-assedio-contra-jornalistas-na-america-latina\/#breadcrumb","itemListElement":[{"@type":"ListItem","position":1,"name":"Home","item":"https:\/\/latamjournalismreview.org\/pt-br\/"},{"@type":"ListItem","position":2,"name":"Multas milion\u00e1rias, acusa\u00e7\u00f5es de terrorismo e \u2018s\u00e1bados de bullying\u2019: o ass\u00e9dio contra jornalistas na Am\u00e9rica Latina"}]},{"@type":"WebSite","@id":"https:\/\/latamjournalismreview.org\/pt-br\/#website","url":"https:\/\/latamjournalismreview.org\/pt-br\/","name":"LatAm Journalism Review","description":"Digital magazine on journalism in Latin America","publisher":{"@id":"https:\/\/latamjournalismreview.org\/pt-br\/#organization"},"potentialAction":[{"@type":"SearchAction","target":{"@type":"EntryPoint","urlTemplate":"https:\/\/latamjournalismreview.org\/pt-br\/?s={search_term_string}"},"query-input":{"@type":"PropertyValueSpecification","valueRequired":true,"valueName":"search_term_string"}}],"inLanguage":"pt-BR"},{"@type":"Organization","@id":"https:\/\/latamjournalismreview.org\/pt-br\/#organization","name":"LatAm Journalism Review","url":"https:\/\/latamjournalismreview.org\/pt-br\/","logo":{"@type":"ImageObject","inLanguage":"pt-BR","@id":"https:\/\/latamjournalismreview.org\/pt-br\/#\/schema\/logo\/image\/","url":"https:\/\/latamjournalismreview.org\/wp-content\/uploads\/2020\/05\/knight-latAm-review-logo.svg","contentUrl":"https:\/\/latamjournalismreview.org\/wp-content\/uploads\/2020\/05\/knight-latAm-review-logo.svg","width":"1024","height":"1024","caption":"LatAm Journalism Review"},"image":{"@id":"https:\/\/latamjournalismreview.org\/pt-br\/#\/schema\/logo\/image\/"},"sameAs":["https:\/\/x.com\/LatAmJournalism"]},{"@type":"Person","@id":"https:\/\/latamjournalismreview.org\/pt-br\/#\/schema\/person\/d9517de765982788cd8378b5a229e3dd","name":"J\u00falio Lubianco","description":"J\u00falio Lubianco studied journalism at Universidade Federal Fluminense (UFF). He began his career on the local desk at Jornal do Brasil, in 2003. He was a reporter, assignment editor and managing editor at R\u00e1dio CBN. He has a Master\u2019s degree in media and communication from the London School of Economics (LSE), with a scholarship from the Journalists of Vision program. He is a professor of journalism at PUC-Rio. He won the Imprensa Embratel award in 2007, the Alexandre Adler award in 2008, and is a two-time winner of the Tim Lopes Award for Investigative Journalism, in 2009 and 2014. J\u00falio Lubianco estudi\u00f3 periodismo en la Universidad Federal Fluminense (UFF). Comenz\u00f3 la carrera en 2003, en el diario Jornal do Brasil. Fue reportero, editor y editor ejecutivo en R\u00e1dio CBN. Hizo su maestr\u00eda en medios de comunicaci\u00f3n en London School of Economics (LSE), becado por el programa Jornalistas de Vis\u00e3o. Es profesor del curso de periodismo de PUC-Rio y es presentador del podcast de BRIO, que trata sobre periodismo, carrera, mercado y tecnolog\u00eda. Gan\u00f3 los premios Imprensa Embratel (2007), Alexandre Adler (2008), y en dos oportunidades el Tim Lopes de Periodismo Investigativo (2009 y 2014). J\u00falio Lubianco estudou jornalismo na Universidade Federal Fluminense (UFF). Come\u00e7ou a carreira em 2003, no caderno Cidade do Jornal do Brasil. Foi rep\u00f3rter, chefe de reportagem e gerente de jornalismo na R\u00e1dio CBN. Fez mestrado em m\u00eddia e comunica\u00e7\u00e3o na London School of Economics (LSE), com bolsa do programa Jornalistas de Vis\u00e3o. \u00c9 professor do curso de jornalismo da PUC-Rio e apresenta o podcast do BRIO, que discute jornalismo, carreira, mercado e tecnologia. Venceu os pr\u00eamios Imprensa Embratel, em 2007, o Alexandre Adler, em 2008, e duas vezes o Tim Lopes de Jornalismo Investigativo, em 2009 e 2014.","sameAs":["https:\/\/www.linkedin.com\/in\/julio-lubianco\/","https:\/\/x.com\/jlubianco"],"url":"https:\/\/latamjournalismreview.org\/pt-br\/articles\/author\/julio-lubianco\/"}]}},"_links":{"self":[{"href":"https:\/\/latamjournalismreview.org\/pt-br\/wp-json\/wp\/v2\/posts\/19196","targetHints":{"allow":["GET"]}}],"collection":[{"href":"https:\/\/latamjournalismreview.org\/pt-br\/wp-json\/wp\/v2\/posts"}],"about":[{"href":"https:\/\/latamjournalismreview.org\/pt-br\/wp-json\/wp\/v2\/types\/post"}],"author":[{"embeddable":true,"href":"https:\/\/latamjournalismreview.org\/pt-br\/wp-json\/wp\/v2\/users\/5"}],"replies":[{"embeddable":true,"href":"https:\/\/latamjournalismreview.org\/pt-br\/wp-json\/wp\/v2\/comments?post=19196"}],"version-history":[{"count":5,"href":"https:\/\/latamjournalismreview.org\/pt-br\/wp-json\/wp\/v2\/posts\/19196\/revisions"}],"predecessor-version":[{"id":19290,"href":"https:\/\/latamjournalismreview.org\/pt-br\/wp-json\/wp\/v2\/posts\/19196\/revisions\/19290"}],"wp:featuredmedia":[{"embeddable":true,"href":"https:\/\/latamjournalismreview.org\/pt-br\/wp-json\/wp\/v2\/media\/19224"}],"wp:attachment":[{"href":"https:\/\/latamjournalismreview.org\/pt-br\/wp-json\/wp\/v2\/media?parent=19196"}],"wp:term":[{"taxonomy":"category","embeddable":true,"href":"https:\/\/latamjournalismreview.org\/pt-br\/wp-json\/wp\/v2\/categories?post=19196"},{"taxonomy":"post_tag","embeddable":true,"href":"https:\/\/latamjournalismreview.org\/pt-br\/wp-json\/wp\/v2\/tags?post=19196"},{"taxonomy":"author","embeddable":true,"href":"https:\/\/latamjournalismreview.org\/pt-br\/wp-json\/wp\/v2\/coauthors?post=19196"}],"curies":[{"name":"wp","href":"https:\/\/api.w.org\/{rel}","templated":true}]}}