{"id":20272,"date":"2021-06-07T08:00:27","date_gmt":"2021-06-07T13:00:27","guid":{"rendered":"https:\/\/latamjournalismreview.org\/?p=20272"},"modified":"2021-06-09T18:46:57","modified_gmt":"2021-06-09T23:46:57","slug":"jornalistas-brasileiros-lancam-associacao-de-jornalismo-digital-ajor-no-dia-da-liberdade-de-imprensa","status":"publish","type":"post","link":"https:\/\/latamjournalismreview.org\/pt-br\/articles\/jornalistas-brasileiros-lancam-associacao-de-jornalismo-digital-ajor-no-dia-da-liberdade-de-imprensa\/","title":{"rendered":"Jornalistas brasileiros lan\u00e7am Associa\u00e7\u00e3o de Jornalismo Digital (Ajor) no Dia da Liberdade de Imprensa"},"content":{"rendered":"<p>No dia 7 de junho, quando se comemora o Dia Nacional da Liberdade de Imprensa, o jornalismo no Brasil ter\u00e1 outro motivo para celebrar. Um grupo de 30 organiza\u00e7\u00f5es jornal\u00edsticas online inovadoras, independentes e comprometidas com a diversidade e a democracia aproveitaram esta data para o lan\u00e7amento oficial da <a href=\"https:\/\/ajor.org.br\/\" data-cke-saved-href=\"https:\/\/ajor.org.br\/\">Ajor - Associa\u00e7\u00e3o de Jornalismo Digital<\/a>.<\/p>\n<p>O lan\u00e7amento j\u00e1 havia sido antecipado no dia 3 de maio deste ano <a href=\"https:\/\/latamjournalismreview.org\/pt-br\/articles\/coloquio-ibero-americano-de-jornalismo-digital-encerra-com-anuncio-de-nova-associacao-de-jornalismo-digital-no-brasil-ebook-e-podcast\/\" data-cke-saved-href=\"https:\/\/latamjournalismreview.org\/pt-br\/articles\/coloquio-ibero-americano-de-jornalismo-digital-encerra-com-anuncio-de-nova-associacao-de-jornalismo-digital-no-brasil-ebook-e-podcast\/\">em um an\u00fancio<\/a> no Col\u00f3quio Ibero-americano de Jornalismo Digital, organizado pelo Centro Knight para o Jornalismo nas Am\u00e9ricas, que desde agosto de 2020 tem ajudado na forma\u00e7\u00e3o da Ajor. A ideia original de criar a associa\u00e7\u00e3o nasceu das organiza\u00e7\u00f5es jornal\u00edsticas nativas digitais que realizavam o <a href=\"https:\/\/festival3i.org\/\" data-cke-saved-href=\"https:\/\/festival3i.org\/\">Festival 3i - Jornalismo Inspirador, Inovador e Independente<\/a>.<\/p>\n<div id=\"attachment_20291\" style=\"width: 510px\" class=\"wp-caption aligncenter\"><img loading=\"lazy\" decoding=\"async\" aria-describedby=\"caption-attachment-20291\" class=\"wp-image-20291\" src=\"https:\/\/latamjournalismreview.org\/wp-content\/uploads\/2021\/06\/AJOR-300x201.png\" alt=\"AJOR on Zoom call\" width=\"500\" height=\"335\" srcset=\"https:\/\/latamjournalismreview.org\/wp-content\/uploads\/2021\/06\/AJOR-300x201.png 300w, https:\/\/latamjournalismreview.org\/wp-content\/uploads\/2021\/06\/AJOR-350x234.png 350w, https:\/\/latamjournalismreview.org\/wp-content\/uploads\/2021\/06\/AJOR.png 507w\" sizes=\"auto, (max-width: 500px) 100vw, 500px\" \/><p id=\"caption-attachment-20291\" class=\"wp-caption-text\">Assembleia de funda\u00e7\u00e3o Ajor. Foto: Divulga\u00e7\u00e3o<\/p><\/div>\n<p>&nbsp;<\/p>\n<p>A Ajor \u00e9 fundada pelas seguintes organiza\u00e7\u00f5es: Ag\u00eancia Amaz\u00f4nia Real; Ag\u00eancia Mural; Ag\u00eancia Saiba Mais; Alma Preta; data_labe; Eco Nordeste; \u00c9nois Laborat\u00f3rio de Jornalismo; G\u00eanero e N\u00famero; InfoAmazonia; Instituto O Joio e O Trigo; JOTA; MyNews; Nexo Jornal; N\u00f3s, mulheres da periferia; Periferia em Movimento; Plural; Portal Catarinas; Projeto #Colabora; Rep\u00f3rter Brasil e Revista Afirmativa. As organiza\u00e7\u00f5es que, al\u00e9m de fundadoras, fazem parte da composi\u00e7\u00e3o do Conselho Executivo e Deliberativo s\u00e3o: ((o))eco; Ag\u00eancia P\u00fablica; Aos Fatos; Congresso em Foco; Marco Zero Conte\u00fado; Mar\u00e9 de Not\u00edcias Online; Meio; Ponte Jornalismo; R\u00e1dio Novelo e Revista AzMina.<\/p>\n<p>A Ajor surge num momento em que os ve\u00edculos digitais se multiplicam, ganham espa\u00e7o e reconhecimento no pa\u00eds. Nesse contexto, a associa\u00e7\u00e3o tem como miss\u00e3o principal o fortalecimento do jornalismo digital brasileiro.<\/p>\n<p>No comunicado de lan\u00e7amento, a Ajor afirma que as suas atividades v\u00e3o ter tr\u00eas eixos de atua\u00e7\u00e3o:<\/p>\n<ul>\n<li>\"A profissionaliza\u00e7\u00e3o e fortalecimento das associadas (orienta\u00e7\u00f5es sobre melhores pr\u00e1ticas e constru\u00e7\u00e3o de parcerias para forma\u00e7\u00e3o);<\/li>\n<li>A defesa do jornalismo e da democracia (monitoramento de decis\u00f5es do poder p\u00fablico, cria\u00e7\u00e3o de ferramentas de defesa legal e organiza\u00e7\u00e3o de eventos); e a<\/li>\n<li>Promo\u00e7\u00e3o de diversidade\".<\/li>\n<\/ul>\n<p>O comunicado destaca ainda que mais de 20 das 30 organiza\u00e7\u00f5es fundadoras t\u00eam mulheres e pessoas negras em posi\u00e7\u00e3o de lideran\u00e7a. A diversidade tamb\u00e9m aparece na pluralidade de membros, com \"associadas em todas as regi\u00f5es do pa\u00eds, com diferentes modelos de neg\u00f3cio e tipos de produ\u00e7\u00e3o de conte\u00fado\".<\/p>\n<p>\"As organiza\u00e7\u00f5es que fazem parte da Ajor est\u00e3o h\u00e1 alguns anos liderando a inova\u00e7\u00e3o no jornalismo brasileiro\u00a0 \u2013 s\u00e3o vencedoras de grants, est\u00e3o sendo procuradas por aceleradoras e figuram em listas de 'start-ups para se ficar de olho' e todo ano figuram nos principais pr\u00eamios jornal\u00ecsticos do Brasil e do mundo. Essas organiza\u00e7\u00f5es precisam de uma entidade que represente seus interesses, fomente esse jornalismo inovador e defenda a democracia nesse momento crucial da hist\u00f3ria\", afirmou a primeira presidente da Ajor, Natalia Viana, diretora executiva da Ag\u00eancia P\u00fablica, \u00e0 <strong>LatAm Journalism Review (LJR)<\/strong>.<\/p>\n<p>\u201cA Ajor nasce com uma tarefa hist\u00f3rica no Brasil: consolidar as m\u00eddias emergentes para permitir uma maior diversidade no jornalismo em um ambiente que sempre foi muito concentrado\", completa Viana.<\/p>\n<p>Maia Fortes, secret\u00e1ria executiva da Ajor, afirma que a variedade de membros \u00e9 um dos pontos fortes da associa\u00e7\u00e3o. \"A Ajor nasce consciente dos principais desafios vividos pelo jornalismo digital brasileiro e se prop\u00f5e a responder a eles em diferentes frentes, fortalecendo iniciativas que ampliam o acesso \u00e0 informa\u00e7\u00e3o de qualidade para a sociedade\", disse Fortes \u00e0 <strong>LJR<\/strong>.<\/p>\n<p>\u201cA Ajor \u00e9 um passo importante para o jornalismo brasileiro. A reuni\u00e3o de tantas organiza\u00e7\u00f5es diferentes refor\u00e7a que a diversidade na imprensa, que deve continuar livre e independente, \u00e9 fundamental para a democracia. Estamos felizes em fazer parte desta for\u00e7a coletiva\u201d, afirmou C\u00edntia Gomes, diretora institucional da Ag\u00eancia Mural de Jornalismo das Periferias, no comunicado.<\/p>\n<p>A Ajor come\u00e7ou a ser articulada pelos organizadores do Festival 3i de Jornalismo Inspirador, Inovador e Independente durante a \u00faltima edi\u00e7\u00e3o do evento, no Rio de Janeiro, em novembro de 2019. Em agosto de 2020, diretores das organiza\u00e7\u00f5es representadas no conselho curador do Festival 3i passaram a fazer reuni\u00f5es virtuais regulares para construir a Ajor e, mais tarde, convidaram outras organiza\u00e7\u00f5es para participar do projeto. O Centro Knight para o Jornalismo nas Am\u00e9ricas participou desde o in\u00edcio desse processo, ajudando na cria\u00e7\u00e3o e estrutura\u00e7\u00e3o da Ajor.<img loading=\"lazy\" decoding=\"async\" class=\"alignright wp-image-20277\" src=\"https:\/\/latamjournalismreview.org\/wp-content\/uploads\/2021\/06\/Logo-Ajor-300x106.png\" alt=\"logo ajor associa\u00e7\u00e3o de jornalismo digital\" width=\"487\" height=\"172\" srcset=\"https:\/\/latamjournalismreview.org\/wp-content\/uploads\/2021\/06\/Logo-Ajor-300x106.png 300w, https:\/\/latamjournalismreview.org\/wp-content\/uploads\/2021\/06\/Logo-Ajor.png 384w\" sizes=\"auto, (max-width: 487px) 100vw, 487px\" \/><\/p>\n<p>\u201cFicamos muito honrados quando o conselho curador do Festival 3i nos convidou a ajudar na constru\u00e7\u00e3o da Ajor\u201d, contou o professor Rosental Alves, fundador e diretor do Centro Knight. \u201cDesde aquele convite, durante o Festival 3i de 2019, nos pusemos m\u00e3os \u00e0 obra para ajudar no que fosse poss\u00edvel, usando nossa experi\u00eancia de ter auxiliado jornalistas a formar outras organiza\u00e7\u00f5es pela Am\u00e9rica Latina afora, como a Abraji, no Brasil; a Fopea, na Argentina; e o Consejo de Redacci\u00f3n, na Col\u00f4mbia, entre outras\u201d.<\/p>\n<p>Para apresentar a associa\u00e7\u00e3o, o Conselho da Ajor vai fazer uma live em 10 de junho, \u00e0s 19h, com a presen\u00e7a do professor Alves. O evento vai ser transmitido pelos canais do <a href=\"http:\/\/bit.ly\/Ajor-Youtube\" data-cke-saved-href=\"http:\/\/bit.ly\/Ajor-Youtube\">Youtube<\/a> e do <a href=\"https:\/\/www.facebook.com\/associacaojornalismodigital\/\" data-cke-saved-href=\"https:\/\/www.facebook.com\/associacaojornalismodigital\/\">Facebook<\/a> da associa\u00e7\u00e3o.<\/p>\n<p><strong>Atividades e novos membros<\/strong><\/p>\n<p>A associa\u00e7\u00e3o est\u00e1 aberta a outras organiza\u00e7\u00f5es que queiram se associar. \"A Ajor pretende ser a maior organiza\u00e7\u00e3o de jornalismo digital do Brasil. Estamos ainda em fase inicial, mas temos como vis\u00e3o crescer em n\u00famero de afiliadas, sempre privilegiando organiza\u00e7\u00f5es que est\u00e3o fazendo jornalismo de excel\u00eancia em seus temas ou territ\u00f3rios\", assegurou Viana.<\/p>\n<p><a href=\"https:\/\/ajor.org.br\/associe-se\/\" data-cke-saved-href=\"https:\/\/ajor.org.br\/associe-se\/\">No site da Ajor<\/a>, est\u00e3o descritas algumas das condi\u00e7\u00f5es que o ve\u00edculo deve ter para poder se candidatar, al\u00e9m de descrever as faixas de contribui\u00e7\u00e3o financeira com as quais os associados devem se comprometer (\u00e9 poss\u00edvel obter isen\u00e7\u00e3o). H\u00e1 tamb\u00e9m um formul\u00e1rio para que a organiza\u00e7\u00e3o postule o ingresso na Ajor.<\/p>\n<p>Como membro, o meio de comunica\u00e7\u00e3o tem direito a alguns <a href=\"https:\/\/ajor.org.br\/beneficios\/\" data-cke-saved-href=\"https:\/\/ajor.org.br\/beneficios\/\">benef\u00edcios<\/a>, como participar de atividades e eventos e usufruir de parcerias com organiza\u00e7\u00f5es educacionais e empresas de tecnologia.<\/p>\n<p>Desde antes do lan\u00e7amento, uma das atividades que tem sido promovida dentro da Ajor s\u00e3o as Conversas em Off, reuni\u00f5es quinzenais sigilosas para discutir quest\u00f5es estrat\u00e9gicas de neg\u00f3cios e buscar solu\u00e7\u00f5es a partir das experi\u00eancias de cada membro. As associadas tamb\u00e9m possuem um grupo de Whatsapp e de email, al\u00e9m de uma newsletter, que vai trazer informa\u00e7\u00f5es, entre outras coisas, sobre oportunidades, pr\u00eamios e editais de financiamento.<\/p>\n<p>A Ajor mant\u00e9m ainda o Momentos de Escuta, voltados \u00e0 discuss\u00e3o de boas pr\u00e1ticas de diversidade, bem como uma Comunidade de Tec, formada pelas equipes de tecnologia dos membros, com foco em seguran\u00e7a digital \u2013 a comunidade compartilha desafios, pensa em solu\u00e7\u00f5es conjuntas e apoia as associadas que n\u00e3o t\u00eam equipes fixas de desenvolvedores.<\/p>\n<p>Tamb\u00e9m est\u00e1 previsto um suporte na busca de apoio jur\u00eddico em caso de processos abusivos contra as associadas. No site, a Ajor diz que j\u00e1 tem uma parceria com a Rede Liberdade e busca outras organiza\u00e7\u00f5es para ampliar essa rede de assist\u00eancia jur\u00eddica.<\/p>\n","protected":false},"excerpt":{"rendered":"<p>No dia 7 de junho, quando se comemora o Dia Nacional da Liberdade de Imprensa, o jornalismo no Brasil ter\u00e1 outro motivo para celebrar. Um grupo de 30 organiza\u00e7\u00f5es jornal\u00edsticas online inovadoras, independentes e comprometidas com a diversidade e a democracia aproveitaram esta data para o lan\u00e7amento oficial da Ajor - Associa\u00e7\u00e3o de Jornalismo Digital.<\/p>\n","protected":false},"author":6,"featured_media":20457,"comment_status":"closed","ping_status":"closed","sticky":false,"template":"","format":"standard","meta":{"inline_featured_image":false,"footnotes":""},"categories":[1212],"tags":[1593],"coauthors":[],"class_list":["post-20272","post","type-post","status-publish","format-standard","has-post-thumbnail","hentry","category-colaboracao-pt-br","tag-jornalismo-online-pt-br"],"acf":[],"yoast_head":"<!-- This site is optimized with the Yoast SEO Premium plugin v22.6 (Yoast SEO v27.4) - https:\/\/yoast.com\/product\/yoast-seo-premium-wordpress\/ -->\n<title>Jornalistas brasileiros lan\u00e7am Associa\u00e7\u00e3o de Jornalismo Digital (Ajor) no Dia da Liberdade de Imprensa - LatAm Journalism Review by the Knight Center<\/title>\n<meta name=\"description\" content=\"Jornalistas brasileiros lan\u00e7am Associa\u00e7\u00e3o de Jornalismo Digital (Ajor) no Dia da Liberdade de Imprensa Colabora\u00e7\u00e3o. Latin American Journalism Review by The Knight Center at The University of Texas at Austin.\" \/>\n<meta name=\"robots\" content=\"index, follow, max-snippet:-1, max-image-preview:large, max-video-preview:-1\" \/>\n<link rel=\"canonical\" href=\"https:\/\/latamjournalismreview.org\/pt-br\/articles\/jornalistas-brasileiros-lancam-associacao-de-jornalismo-digital-ajor-no-dia-da-liberdade-de-imprensa\/\" \/>\n<meta property=\"og:locale\" content=\"pt_BR\" \/>\n<meta property=\"og:type\" content=\"article\" \/>\n<meta property=\"og:title\" content=\"Jornalistas brasileiros lan\u00e7am Associa\u00e7\u00e3o de Jornalismo Digital (Ajor) no Dia da Liberdade de Imprensa\" \/>\n<meta property=\"og:description\" content=\"Jornalistas brasileiros lan\u00e7am Associa\u00e7\u00e3o de Jornalismo Digital (Ajor) no Dia da Liberdade de Imprensa Colabora\u00e7\u00e3o. Latin American Journalism Review by The Knight Center at The University of Texas at Austin.\" \/>\n<meta property=\"og:url\" content=\"https:\/\/latamjournalismreview.org\/pt-br\/articles\/jornalistas-brasileiros-lancam-associacao-de-jornalismo-digital-ajor-no-dia-da-liberdade-de-imprensa\/\" \/>\n<meta property=\"og:site_name\" content=\"LatAm Journalism Review by the Knight Center\" \/>\n<meta property=\"article:published_time\" content=\"2021-06-07T13:00:27+00:00\" \/>\n<meta property=\"article:modified_time\" content=\"2021-06-09T23:46:57+00:00\" \/>\n<meta property=\"og:image\" content=\"https:\/\/latamjournalismreview.org\/wp-content\/uploads\/2021\/06\/Featured-AJOR.png\" \/>\n\t<meta property=\"og:image:width\" content=\"507\" \/>\n\t<meta property=\"og:image:height\" content=\"340\" \/>\n\t<meta property=\"og:image:type\" content=\"image\/png\" \/>\n<meta name=\"author\" content=\"Marina Estarque\" \/>\n<meta name=\"twitter:card\" content=\"summary_large_image\" \/>\n<meta name=\"twitter:creator\" content=\"@MarinaEstarque\" \/>\n<meta name=\"twitter:site\" content=\"@LatAmJournalism\" \/>\n<meta name=\"twitter:label1\" content=\"Written by\" \/>\n\t<meta name=\"twitter:data1\" content=\"Marina Estarque\" \/>\n\t<meta name=\"twitter:label2\" content=\"Est. reading time\" \/>\n\t<meta name=\"twitter:data2\" content=\"6 minutos\" \/>\n<script type=\"application\/ld+json\" class=\"yoast-schema-graph\">{\"@context\":\"https:\\\/\\\/schema.org\",\"@graph\":[{\"@type\":\"Article\",\"@id\":\"https:\\\/\\\/latamjournalismreview.org\\\/pt-br\\\/articles\\\/jornalistas-brasileiros-lancam-associacao-de-jornalismo-digital-ajor-no-dia-da-liberdade-de-imprensa\\\/#article\",\"isPartOf\":{\"@id\":\"https:\\\/\\\/latamjournalismreview.org\\\/pt-br\\\/articles\\\/jornalistas-brasileiros-lancam-associacao-de-jornalismo-digital-ajor-no-dia-da-liberdade-de-imprensa\\\/\"},\"author\":{\"name\":\"Marina Estarque\",\"@id\":\"https:\\\/\\\/latamjournalismreview.org\\\/pt-br\\\/#\\\/schema\\\/person\\\/041964d0921c867b6226b459cd5bf28b\"},\"headline\":\"Jornalistas brasileiros lan\u00e7am Associa\u00e7\u00e3o de Jornalismo Digital (Ajor) no Dia da Liberdade de Imprensa\",\"datePublished\":\"2021-06-07T13:00:27+00:00\",\"dateModified\":\"2021-06-09T23:46:57+00:00\",\"mainEntityOfPage\":{\"@id\":\"https:\\\/\\\/latamjournalismreview.org\\\/pt-br\\\/articles\\\/jornalistas-brasileiros-lancam-associacao-de-jornalismo-digital-ajor-no-dia-da-liberdade-de-imprensa\\\/\"},\"wordCount\":1258,\"publisher\":{\"@id\":\"https:\\\/\\\/latamjournalismreview.org\\\/pt-br\\\/#organization\"},\"image\":{\"@id\":\"https:\\\/\\\/latamjournalismreview.org\\\/pt-br\\\/articles\\\/jornalistas-brasileiros-lancam-associacao-de-jornalismo-digital-ajor-no-dia-da-liberdade-de-imprensa\\\/#primaryimage\"},\"thumbnailUrl\":\"https:\\\/\\\/latamjournalismreview.org\\\/wp-content\\\/uploads\\\/2021\\\/06\\\/Featured-AJOR.png\",\"keywords\":[\"Jornalismo online\"],\"articleSection\":[\"Colabora\u00e7\u00e3o\"],\"inLanguage\":\"pt-BR\"},{\"@type\":\"WebPage\",\"@id\":\"https:\\\/\\\/latamjournalismreview.org\\\/pt-br\\\/articles\\\/jornalistas-brasileiros-lancam-associacao-de-jornalismo-digital-ajor-no-dia-da-liberdade-de-imprensa\\\/\",\"url\":\"https:\\\/\\\/latamjournalismreview.org\\\/pt-br\\\/articles\\\/jornalistas-brasileiros-lancam-associacao-de-jornalismo-digital-ajor-no-dia-da-liberdade-de-imprensa\\\/\",\"name\":\"Jornalistas brasileiros lan\u00e7am Associa\u00e7\u00e3o de Jornalismo Digital (Ajor) no Dia da Liberdade de Imprensa - LatAm Journalism Review by the Knight Center\",\"isPartOf\":{\"@id\":\"https:\\\/\\\/latamjournalismreview.org\\\/pt-br\\\/#website\"},\"primaryImageOfPage\":{\"@id\":\"https:\\\/\\\/latamjournalismreview.org\\\/pt-br\\\/articles\\\/jornalistas-brasileiros-lancam-associacao-de-jornalismo-digital-ajor-no-dia-da-liberdade-de-imprensa\\\/#primaryimage\"},\"image\":{\"@id\":\"https:\\\/\\\/latamjournalismreview.org\\\/pt-br\\\/articles\\\/jornalistas-brasileiros-lancam-associacao-de-jornalismo-digital-ajor-no-dia-da-liberdade-de-imprensa\\\/#primaryimage\"},\"thumbnailUrl\":\"https:\\\/\\\/latamjournalismreview.org\\\/wp-content\\\/uploads\\\/2021\\\/06\\\/Featured-AJOR.png\",\"datePublished\":\"2021-06-07T13:00:27+00:00\",\"dateModified\":\"2021-06-09T23:46:57+00:00\",\"description\":\"Jornalistas brasileiros lan\u00e7am Associa\u00e7\u00e3o de Jornalismo Digital (Ajor) no Dia da Liberdade de Imprensa Colabora\u00e7\u00e3o. Latin American Journalism Review by The Knight Center at The University of Texas at Austin.\",\"breadcrumb\":{\"@id\":\"https:\\\/\\\/latamjournalismreview.org\\\/pt-br\\\/articles\\\/jornalistas-brasileiros-lancam-associacao-de-jornalismo-digital-ajor-no-dia-da-liberdade-de-imprensa\\\/#breadcrumb\"},\"inLanguage\":\"pt-BR\",\"potentialAction\":[{\"@type\":\"ReadAction\",\"target\":[\"https:\\\/\\\/latamjournalismreview.org\\\/pt-br\\\/articles\\\/jornalistas-brasileiros-lancam-associacao-de-jornalismo-digital-ajor-no-dia-da-liberdade-de-imprensa\\\/\"]}]},{\"@type\":\"ImageObject\",\"inLanguage\":\"pt-BR\",\"@id\":\"https:\\\/\\\/latamjournalismreview.org\\\/pt-br\\\/articles\\\/jornalistas-brasileiros-lancam-associacao-de-jornalismo-digital-ajor-no-dia-da-liberdade-de-imprensa\\\/#primaryimage\",\"url\":\"https:\\\/\\\/latamjournalismreview.org\\\/wp-content\\\/uploads\\\/2021\\\/06\\\/Featured-AJOR.png\",\"contentUrl\":\"https:\\\/\\\/latamjournalismreview.org\\\/wp-content\\\/uploads\\\/2021\\\/06\\\/Featured-AJOR.png\",\"width\":507,\"height\":340,\"caption\":\"Featured AJOR\"},{\"@type\":\"BreadcrumbList\",\"@id\":\"https:\\\/\\\/latamjournalismreview.org\\\/pt-br\\\/articles\\\/jornalistas-brasileiros-lancam-associacao-de-jornalismo-digital-ajor-no-dia-da-liberdade-de-imprensa\\\/#breadcrumb\",\"itemListElement\":[{\"@type\":\"ListItem\",\"position\":1,\"name\":\"Home\",\"item\":\"https:\\\/\\\/latamjournalismreview.org\\\/pt-br\\\/\"},{\"@type\":\"ListItem\",\"position\":2,\"name\":\"Jornalistas brasileiros lan\u00e7am Associa\u00e7\u00e3o de Jornalismo Digital (Ajor) no Dia da Liberdade de Imprensa\"}]},{\"@type\":\"WebSite\",\"@id\":\"https:\\\/\\\/latamjournalismreview.org\\\/pt-br\\\/#website\",\"url\":\"https:\\\/\\\/latamjournalismreview.org\\\/pt-br\\\/\",\"name\":\"LatAm Journalism Review\",\"description\":\"Digital magazine on journalism in Latin America\",\"publisher\":{\"@id\":\"https:\\\/\\\/latamjournalismreview.org\\\/pt-br\\\/#organization\"},\"potentialAction\":[{\"@type\":\"SearchAction\",\"target\":{\"@type\":\"EntryPoint\",\"urlTemplate\":\"https:\\\/\\\/latamjournalismreview.org\\\/pt-br\\\/?s={search_term_string}\"},\"query-input\":{\"@type\":\"PropertyValueSpecification\",\"valueRequired\":true,\"valueName\":\"search_term_string\"}}],\"inLanguage\":\"pt-BR\"},{\"@type\":\"Organization\",\"@id\":\"https:\\\/\\\/latamjournalismreview.org\\\/pt-br\\\/#organization\",\"name\":\"LatAm Journalism Review\",\"url\":\"https:\\\/\\\/latamjournalismreview.org\\\/pt-br\\\/\",\"logo\":{\"@type\":\"ImageObject\",\"inLanguage\":\"pt-BR\",\"@id\":\"https:\\\/\\\/latamjournalismreview.org\\\/pt-br\\\/#\\\/schema\\\/logo\\\/image\\\/\",\"url\":\"https:\\\/\\\/latamjournalismreview.org\\\/wp-content\\\/uploads\\\/2020\\\/05\\\/knight-latAm-review-logo.svg\",\"contentUrl\":\"https:\\\/\\\/latamjournalismreview.org\\\/wp-content\\\/uploads\\\/2020\\\/05\\\/knight-latAm-review-logo.svg\",\"width\":\"1024\",\"height\":\"1024\",\"caption\":\"LatAm Journalism Review\"},\"image\":{\"@id\":\"https:\\\/\\\/latamjournalismreview.org\\\/pt-br\\\/#\\\/schema\\\/logo\\\/image\\\/\"},\"sameAs\":[\"https:\\\/\\\/x.com\\\/LatAmJournalism\"]},{\"@type\":\"Person\",\"@id\":\"https:\\\/\\\/latamjournalismreview.org\\\/pt-br\\\/#\\\/schema\\\/person\\\/041964d0921c867b6226b459cd5bf28b\",\"name\":\"Marina Estarque\",\"description\":\"Marina Estarque is a Brazilian journalist living in S\u00e3o Paulo. She has worked for Brazilian news organizations such as Folha de S.Paulo, O Estado de S. Paulo, O Dia and the fact-checking agency Lupa. Marina was a correspondent in Brazil for the German international broadcaster Deutsche Welle and a radio reporter for DW Africa in Germany. She also worked as a reporter for United Nations Radio, in New York, and for Spanish newspaper La Voz de Galicia. Marina graduated in Journalism from the Federal University of Rio de Janeiro and has a Master\u2019s degree in Editorial Journalism from the University of A Coru\u00f1a (Spain). Marina Estarque es una periodista brasile\u00f1a que vive en S\u00e3o Paulo. Ella ha trabajado para diversas organizaciones period\u00edsticas como Folha de S.Paulo, O Estado de S. Paulo, O Dia y en la agencia de fact-checking Lupa. Marina ha sido corresponsal en Brasil del canal internacional alem\u00e1n Deutsche Welle y reportera de radio de DW \u00c1frica en Alemania. Tambi\u00e9n trabaj\u00f3 como reportera de Radio de las Naciones Unidas en Nueva York y en el diario espa\u00f1ol La Voz de Galicia. Marina tiene una maestr\u00eda en edici\u00f3n period\u00edstica de la Universidad de Coru\u00f1a (Espa\u00f1a) y se gradu\u00f3 en periodismo en la Universidad Federal de R\u00edo de Janeiro. Marina Estarque \u00e9 uma jornalista brasileira que vive em S\u00e3o Paulo. Ela trabalhou para ve\u00edculos como Folha de S.Paulo, O Estado de S. Paulo, O Dia e a ag\u00eancia de fact-checking Lupa. Marina foi correspondente no Brasil para a emissora internacional da Alemanha, a Deutsche Welle, e rep\u00f3rter de r\u00e1dio para a DW \u00c1frica na Alemanha. Ela tamb\u00e9m foi rep\u00f3rter da R\u00e1dio das Na\u00e7\u00f5es Unidas em Nova York e do jornal espanhol La Voz de Galicia. Marina \u00e9 mestre em edi\u00e7\u00e3o jornal\u00edstica pela Universidade da Coru\u00f1a (Espanha) e graduada em jornalismo pela Universidade Federal do Rio de Janeiro.\",\"sameAs\":[\"https:\\\/\\\/x.com\\\/MarinaEstarque\"],\"url\":\"https:\\\/\\\/latamjournalismreview.org\\\/pt-br\\\/articles\\\/author\\\/marina-estarque\\\/\"}]}<\/script>\n<!-- \/ Yoast SEO Premium plugin. -->","yoast_head_json":{"title":"Jornalistas brasileiros lan\u00e7am Associa\u00e7\u00e3o de Jornalismo Digital (Ajor) no Dia da Liberdade de Imprensa - LatAm Journalism Review by the Knight Center","description":"Jornalistas brasileiros lan\u00e7am Associa\u00e7\u00e3o de Jornalismo Digital (Ajor) no Dia da Liberdade de Imprensa Colabora\u00e7\u00e3o. Latin American Journalism Review by The Knight Center at The University of Texas at Austin.","robots":{"index":"index","follow":"follow","max-snippet":"max-snippet:-1","max-image-preview":"max-image-preview:large","max-video-preview":"max-video-preview:-1"},"canonical":"https:\/\/latamjournalismreview.org\/pt-br\/articles\/jornalistas-brasileiros-lancam-associacao-de-jornalismo-digital-ajor-no-dia-da-liberdade-de-imprensa\/","og_locale":"pt_BR","og_type":"article","og_title":"Jornalistas brasileiros lan\u00e7am Associa\u00e7\u00e3o de Jornalismo Digital (Ajor) no Dia da Liberdade de Imprensa","og_description":"Jornalistas brasileiros lan\u00e7am Associa\u00e7\u00e3o de Jornalismo Digital (Ajor) no Dia da Liberdade de Imprensa Colabora\u00e7\u00e3o. Latin American Journalism Review by The Knight Center at The University of Texas at Austin.","og_url":"https:\/\/latamjournalismreview.org\/pt-br\/articles\/jornalistas-brasileiros-lancam-associacao-de-jornalismo-digital-ajor-no-dia-da-liberdade-de-imprensa\/","og_site_name":"LatAm Journalism Review by the Knight Center","article_published_time":"2021-06-07T13:00:27+00:00","article_modified_time":"2021-06-09T23:46:57+00:00","og_image":[{"width":507,"height":340,"url":"https:\/\/latamjournalismreview.org\/wp-content\/uploads\/2021\/06\/Featured-AJOR.png","type":"image\/png"}],"author":"Marina Estarque","twitter_card":"summary_large_image","twitter_creator":"@MarinaEstarque","twitter_site":"@LatAmJournalism","twitter_misc":{"Written by":"Marina Estarque","Est. reading time":"6 minutos"},"schema":{"@context":"https:\/\/schema.org","@graph":[{"@type":"Article","@id":"https:\/\/latamjournalismreview.org\/pt-br\/articles\/jornalistas-brasileiros-lancam-associacao-de-jornalismo-digital-ajor-no-dia-da-liberdade-de-imprensa\/#article","isPartOf":{"@id":"https:\/\/latamjournalismreview.org\/pt-br\/articles\/jornalistas-brasileiros-lancam-associacao-de-jornalismo-digital-ajor-no-dia-da-liberdade-de-imprensa\/"},"author":{"name":"Marina Estarque","@id":"https:\/\/latamjournalismreview.org\/pt-br\/#\/schema\/person\/041964d0921c867b6226b459cd5bf28b"},"headline":"Jornalistas brasileiros lan\u00e7am Associa\u00e7\u00e3o de Jornalismo Digital (Ajor) no Dia da Liberdade de Imprensa","datePublished":"2021-06-07T13:00:27+00:00","dateModified":"2021-06-09T23:46:57+00:00","mainEntityOfPage":{"@id":"https:\/\/latamjournalismreview.org\/pt-br\/articles\/jornalistas-brasileiros-lancam-associacao-de-jornalismo-digital-ajor-no-dia-da-liberdade-de-imprensa\/"},"wordCount":1258,"publisher":{"@id":"https:\/\/latamjournalismreview.org\/pt-br\/#organization"},"image":{"@id":"https:\/\/latamjournalismreview.org\/pt-br\/articles\/jornalistas-brasileiros-lancam-associacao-de-jornalismo-digital-ajor-no-dia-da-liberdade-de-imprensa\/#primaryimage"},"thumbnailUrl":"https:\/\/latamjournalismreview.org\/wp-content\/uploads\/2021\/06\/Featured-AJOR.png","keywords":["Jornalismo online"],"articleSection":["Colabora\u00e7\u00e3o"],"inLanguage":"pt-BR"},{"@type":"WebPage","@id":"https:\/\/latamjournalismreview.org\/pt-br\/articles\/jornalistas-brasileiros-lancam-associacao-de-jornalismo-digital-ajor-no-dia-da-liberdade-de-imprensa\/","url":"https:\/\/latamjournalismreview.org\/pt-br\/articles\/jornalistas-brasileiros-lancam-associacao-de-jornalismo-digital-ajor-no-dia-da-liberdade-de-imprensa\/","name":"Jornalistas brasileiros lan\u00e7am Associa\u00e7\u00e3o de Jornalismo Digital (Ajor) no Dia da Liberdade de Imprensa - LatAm Journalism Review by the Knight Center","isPartOf":{"@id":"https:\/\/latamjournalismreview.org\/pt-br\/#website"},"primaryImageOfPage":{"@id":"https:\/\/latamjournalismreview.org\/pt-br\/articles\/jornalistas-brasileiros-lancam-associacao-de-jornalismo-digital-ajor-no-dia-da-liberdade-de-imprensa\/#primaryimage"},"image":{"@id":"https:\/\/latamjournalismreview.org\/pt-br\/articles\/jornalistas-brasileiros-lancam-associacao-de-jornalismo-digital-ajor-no-dia-da-liberdade-de-imprensa\/#primaryimage"},"thumbnailUrl":"https:\/\/latamjournalismreview.org\/wp-content\/uploads\/2021\/06\/Featured-AJOR.png","datePublished":"2021-06-07T13:00:27+00:00","dateModified":"2021-06-09T23:46:57+00:00","description":"Jornalistas brasileiros lan\u00e7am Associa\u00e7\u00e3o de Jornalismo Digital (Ajor) no Dia da Liberdade de Imprensa Colabora\u00e7\u00e3o. Latin American Journalism Review by The Knight Center at The University of Texas at Austin.","breadcrumb":{"@id":"https:\/\/latamjournalismreview.org\/pt-br\/articles\/jornalistas-brasileiros-lancam-associacao-de-jornalismo-digital-ajor-no-dia-da-liberdade-de-imprensa\/#breadcrumb"},"inLanguage":"pt-BR","potentialAction":[{"@type":"ReadAction","target":["https:\/\/latamjournalismreview.org\/pt-br\/articles\/jornalistas-brasileiros-lancam-associacao-de-jornalismo-digital-ajor-no-dia-da-liberdade-de-imprensa\/"]}]},{"@type":"ImageObject","inLanguage":"pt-BR","@id":"https:\/\/latamjournalismreview.org\/pt-br\/articles\/jornalistas-brasileiros-lancam-associacao-de-jornalismo-digital-ajor-no-dia-da-liberdade-de-imprensa\/#primaryimage","url":"https:\/\/latamjournalismreview.org\/wp-content\/uploads\/2021\/06\/Featured-AJOR.png","contentUrl":"https:\/\/latamjournalismreview.org\/wp-content\/uploads\/2021\/06\/Featured-AJOR.png","width":507,"height":340,"caption":"Featured AJOR"},{"@type":"BreadcrumbList","@id":"https:\/\/latamjournalismreview.org\/pt-br\/articles\/jornalistas-brasileiros-lancam-associacao-de-jornalismo-digital-ajor-no-dia-da-liberdade-de-imprensa\/#breadcrumb","itemListElement":[{"@type":"ListItem","position":1,"name":"Home","item":"https:\/\/latamjournalismreview.org\/pt-br\/"},{"@type":"ListItem","position":2,"name":"Jornalistas brasileiros lan\u00e7am Associa\u00e7\u00e3o de Jornalismo Digital (Ajor) no Dia da Liberdade de Imprensa"}]},{"@type":"WebSite","@id":"https:\/\/latamjournalismreview.org\/pt-br\/#website","url":"https:\/\/latamjournalismreview.org\/pt-br\/","name":"LatAm Journalism Review","description":"Digital magazine on journalism in Latin America","publisher":{"@id":"https:\/\/latamjournalismreview.org\/pt-br\/#organization"},"potentialAction":[{"@type":"SearchAction","target":{"@type":"EntryPoint","urlTemplate":"https:\/\/latamjournalismreview.org\/pt-br\/?s={search_term_string}"},"query-input":{"@type":"PropertyValueSpecification","valueRequired":true,"valueName":"search_term_string"}}],"inLanguage":"pt-BR"},{"@type":"Organization","@id":"https:\/\/latamjournalismreview.org\/pt-br\/#organization","name":"LatAm Journalism Review","url":"https:\/\/latamjournalismreview.org\/pt-br\/","logo":{"@type":"ImageObject","inLanguage":"pt-BR","@id":"https:\/\/latamjournalismreview.org\/pt-br\/#\/schema\/logo\/image\/","url":"https:\/\/latamjournalismreview.org\/wp-content\/uploads\/2020\/05\/knight-latAm-review-logo.svg","contentUrl":"https:\/\/latamjournalismreview.org\/wp-content\/uploads\/2020\/05\/knight-latAm-review-logo.svg","width":"1024","height":"1024","caption":"LatAm Journalism Review"},"image":{"@id":"https:\/\/latamjournalismreview.org\/pt-br\/#\/schema\/logo\/image\/"},"sameAs":["https:\/\/x.com\/LatAmJournalism"]},{"@type":"Person","@id":"https:\/\/latamjournalismreview.org\/pt-br\/#\/schema\/person\/041964d0921c867b6226b459cd5bf28b","name":"Marina Estarque","description":"Marina Estarque is a Brazilian journalist living in S\u00e3o Paulo. She has worked for Brazilian news organizations such as Folha de S.Paulo, O Estado de S. Paulo, O Dia and the fact-checking agency Lupa. Marina was a correspondent in Brazil for the German international broadcaster Deutsche Welle and a radio reporter for DW Africa in Germany. She also worked as a reporter for United Nations Radio, in New York, and for Spanish newspaper La Voz de Galicia. Marina graduated in Journalism from the Federal University of Rio de Janeiro and has a Master\u2019s degree in Editorial Journalism from the University of A Coru\u00f1a (Spain). Marina Estarque es una periodista brasile\u00f1a que vive en S\u00e3o Paulo. Ella ha trabajado para diversas organizaciones period\u00edsticas como Folha de S.Paulo, O Estado de S. Paulo, O Dia y en la agencia de fact-checking Lupa. Marina ha sido corresponsal en Brasil del canal internacional alem\u00e1n Deutsche Welle y reportera de radio de DW \u00c1frica en Alemania. Tambi\u00e9n trabaj\u00f3 como reportera de Radio de las Naciones Unidas en Nueva York y en el diario espa\u00f1ol La Voz de Galicia. Marina tiene una maestr\u00eda en edici\u00f3n period\u00edstica de la Universidad de Coru\u00f1a (Espa\u00f1a) y se gradu\u00f3 en periodismo en la Universidad Federal de R\u00edo de Janeiro. Marina Estarque \u00e9 uma jornalista brasileira que vive em S\u00e3o Paulo. Ela trabalhou para ve\u00edculos como Folha de S.Paulo, O Estado de S. Paulo, O Dia e a ag\u00eancia de fact-checking Lupa. Marina foi correspondente no Brasil para a emissora internacional da Alemanha, a Deutsche Welle, e rep\u00f3rter de r\u00e1dio para a DW \u00c1frica na Alemanha. Ela tamb\u00e9m foi rep\u00f3rter da R\u00e1dio das Na\u00e7\u00f5es Unidas em Nova York e do jornal espanhol La Voz de Galicia. Marina \u00e9 mestre em edi\u00e7\u00e3o jornal\u00edstica pela Universidade da Coru\u00f1a (Espanha) e graduada em jornalismo pela Universidade Federal do Rio de Janeiro.","sameAs":["https:\/\/x.com\/MarinaEstarque"],"url":"https:\/\/latamjournalismreview.org\/pt-br\/articles\/author\/marina-estarque\/"}]}},"_links":{"self":[{"href":"https:\/\/latamjournalismreview.org\/pt-br\/wp-json\/wp\/v2\/posts\/20272","targetHints":{"allow":["GET"]}}],"collection":[{"href":"https:\/\/latamjournalismreview.org\/pt-br\/wp-json\/wp\/v2\/posts"}],"about":[{"href":"https:\/\/latamjournalismreview.org\/pt-br\/wp-json\/wp\/v2\/types\/post"}],"author":[{"embeddable":true,"href":"https:\/\/latamjournalismreview.org\/pt-br\/wp-json\/wp\/v2\/users\/6"}],"replies":[{"embeddable":true,"href":"https:\/\/latamjournalismreview.org\/pt-br\/wp-json\/wp\/v2\/comments?post=20272"}],"version-history":[{"count":8,"href":"https:\/\/latamjournalismreview.org\/pt-br\/wp-json\/wp\/v2\/posts\/20272\/revisions"}],"predecessor-version":[{"id":20297,"href":"https:\/\/latamjournalismreview.org\/pt-br\/wp-json\/wp\/v2\/posts\/20272\/revisions\/20297"}],"wp:featuredmedia":[{"embeddable":true,"href":"https:\/\/latamjournalismreview.org\/pt-br\/wp-json\/wp\/v2\/media\/20457"}],"wp:attachment":[{"href":"https:\/\/latamjournalismreview.org\/pt-br\/wp-json\/wp\/v2\/media?parent=20272"}],"wp:term":[{"taxonomy":"category","embeddable":true,"href":"https:\/\/latamjournalismreview.org\/pt-br\/wp-json\/wp\/v2\/categories?post=20272"},{"taxonomy":"post_tag","embeddable":true,"href":"https:\/\/latamjournalismreview.org\/pt-br\/wp-json\/wp\/v2\/tags?post=20272"},{"taxonomy":"author","embeddable":true,"href":"https:\/\/latamjournalismreview.org\/pt-br\/wp-json\/wp\/v2\/coauthors?post=20272"}],"curies":[{"name":"wp","href":"https:\/\/api.w.org\/{rel}","templated":true}]}}