{"id":20842,"date":"2021-06-23T09:35:05","date_gmt":"2021-06-23T14:35:05","guid":{"rendered":"https:\/\/latamjournalismreview.org\/?p=20842"},"modified":"2021-06-24T12:05:24","modified_gmt":"2021-06-24T17:05:24","slug":"em-meio-a-pandemia-de-covid-19-confianca-no-noticiario-cresce-mas-fica-abaixo-da-media-mundial-na-america-latina","status":"publish","type":"post","link":"https:\/\/latamjournalismreview.org\/pt-br\/articles\/em-meio-a-pandemia-de-covid-19-confianca-no-noticiario-cresce-mas-fica-abaixo-da-media-mundial-na-america-latina\/","title":{"rendered":"Em meio \u00e0 pandemia de COVID-19, confian\u00e7a no notici\u00e1rio cresce, mas fica abaixo da m\u00e9dia mundial na Am\u00e9rica Latina"},"content":{"rendered":"<p>Apesar de a confian\u00e7a no notici\u00e1rio ter aumentado em 2021, pa\u00edses da Am\u00e9rica Latina apresentam \u00edndices menores do que a m\u00e9dia mundial. Essa \u00e9 uma das principais conclus\u00f5es da <a href=\"https:\/\/www.digitalnewsreport.org\/2021\">d\u00e9cima edi\u00e7\u00e3o do Digital News Report<\/a>, do Instituto Reuters, publicado nesta quarta-feira, 23 de junho. Uma vers\u00e3o em espanhol estar\u00e1 dispon\u00edvel em breve.<\/p>\n<p>Globalmente, a confian\u00e7a nas not\u00edcias cresceu 6 pontos percentuais e atingiu 44%. Ou seja, a cada 100 pessoas que participaram da pesquisa, 44 responderam que confiam no notici\u00e1rio na maior parte do tempo. A Finl\u00e2ndia (65%) lidera o ranking mundial de confian\u00e7a na m\u00eddia enquanto os Estados Unidos s\u00e3o os que menos acreditam no notici\u00e1rio (29%).<\/p>\n<div id=\"attachment_20817\" style=\"width: 310px\" class=\"wp-caption alignleft\"><img loading=\"lazy\" decoding=\"async\" aria-describedby=\"caption-attachment-20817\" class=\"size-medium wp-image-20817\" src=\"https:\/\/latamjournalismreview.org\/wp-content\/uploads\/2021\/06\/Reuters-Report-2021-Nic-Newman-300x300.jpg\" alt=\"Newman: \u2018a m\u00eddia teve um papel informativo cr\u00edtico e valioso num momento de crise\u2019\" width=\"300\" height=\"300\" srcset=\"https:\/\/latamjournalismreview.org\/wp-content\/uploads\/2021\/06\/Reuters-Report-2021-Nic-Newman-300x300.jpg 300w, https:\/\/latamjournalismreview.org\/wp-content\/uploads\/2021\/06\/Reuters-Report-2021-Nic-Newman-150x150.jpg 150w, https:\/\/latamjournalismreview.org\/wp-content\/uploads\/2021\/06\/Reuters-Report-2021-Nic-Newman-768x768.jpg 768w, https:\/\/latamjournalismreview.org\/wp-content\/uploads\/2021\/06\/Reuters-Report-2021-Nic-Newman.jpg 800w\" sizes=\"auto, (max-width: 300px) 100vw, 300px\" \/><p id=\"caption-attachment-20817\" class=\"wp-caption-text\">Newman: \u2018a m\u00eddia teve um papel informativo cr\u00edtico e valioso num momento de crise\u2019<\/p><\/div>\n<p>\u201cDiferentes circunst\u00e2ncias est\u00e3o em jogo em diferentes pa\u00edses, mas, em certa medida, isso \u00e9 o reconhecimento de que a m\u00eddia desempenhou um papel cr\u00edtico e valioso ao informar as pessoas em um momento de crise. A COVID tamb\u00e9m eliminou alguns dos debates militantes que sabemos que minaram a confian\u00e7a nas not\u00edcias \u2013 pelo menos em alguns pa\u00edses \u2013 e isso provavelmente tamb\u00e9m contribui para o aumento da confian\u00e7a,\u201d disse \u00e0 <strong>LatAm Journalism Review<\/strong><strong>(LJR)<\/strong> Nic Newman, um dos autores da pesquisa. \u201c\u00c9 claro que os Estados Unidos s\u00e3o uma exce\u00e7\u00e3o aqui, pois vimos debates divisivos sobre uma 'elei\u00e7\u00e3o roubada' e ra\u00e7a. \u00c9 um dos poucos pa\u00edses onde a confian\u00e7a nas not\u00edcias n\u00e3o aumentou este ano\u201d.<\/p>\n<p>Nos seis pa\u00edses da Am\u00e9rica Latina inclu\u00eddos no relat\u00f3rio, a confian\u00e7a geral nas not\u00edcias atinge 40,5%. A confian\u00e7a \u00e9 menor na Argentina e no Chile (36%) e maior no Brasil (54%). Apesar disso, todos os pa\u00edses seguiram a tend\u00eancia de crescimento da confian\u00e7a nas not\u00edcias, com exce\u00e7\u00e3o do M\u00e9xico (37%), onde ela caiu 2 pontos percentuais e atingiu 37%. Na Col\u00f4mbia e no Peru, inclu\u00eddos pela primeira vez no relat\u00f3rio, a confian\u00e7a nas not\u00edcias \u00e9 de 40%.<\/p>\n<p>No M\u00e9xico, os ataques di\u00e1rios do presidente Andr\u00e9s Manuel Lop\u00e9z Obrador \u00e0 imprensa explicam a tend\u00eancia de aumento da desconfian\u00e7a do p\u00fablico, segundo o relat\u00f3rio. Nas <em>ma\u00f1aneras<\/em>, como s\u00e3o chamados os briefings matinais di\u00e1rios do presidente transmitidos ao vivo na TV, \u201cjournalists who challenge him find themselves on the end of a verbal bashing\u201d. Enquanto \u201cthe president is getting more popular, and people are trusting the media less.\u201d<\/p>\n<p>J\u00e1 na Argentina, uma das justificativas para a baixa confian\u00e7a na m\u00eddia (36%) passa pela polariza\u00e7\u00e3o da cobertura, com meios que apoiam e outros que fazem oposi\u00e7\u00e3o \u00e0 Casa Rosada, diz o relat\u00f3rio. Mesmo assim, a confian\u00e7a cresceu 3 pontos percentuais.<\/p>\n<p>No Chile, os efeitos das manifesta\u00e7\u00f5es populares do final de 2019, antes da pandemia, ainda explicam o \u00edndice de confian\u00e7a na m\u00eddia. Houve um crescimento de 6 pontos em 2021, o maior do continente, mas o \u00edndice atual de 36% ainda est\u00e1 10 pontos abaixo do verificado antes dos protestos.<\/p>\n<p>O Brasil \u00e9 um caso \u00e0 parte na regi\u00e3o, com um \u00edndice de confian\u00e7a de 54%. Segundo o relat\u00f3rio do Instituto Reuters, \u201ca incerteza gerada pela crise sanit\u00e1ria aparentemente fortaleceu\u00a0o apetite do p\u00fablico por informa\u00e7\u00e3o confi\u00e1vel.\u201d<\/p>\n<p><span style=\"font-weight: 400;\">\u201cA grande imprensa brasileira adotou uma postura alinhada com as recomenda\u00e7\u00f5es feitas pela ci\u00eancia. Ao contr\u00e1rio do que acontece nos Estados Unidos, por exemplo, n\u00e3o h\u00e1 canais de not\u00edcias colocando em d\u00favida a efic\u00e1cia das vacinas,\u201d disse \u00e0 <\/span><b>LJR <\/b><span style=\"font-weight: 400;\">o jornalista Rodrigo Carro, que escreve a se\u00e7\u00e3o dedicada ao Brasil do estudo.<\/span><\/p>\n<div id=\"attachment_20820\" style=\"width: 310px\" class=\"wp-caption alignright\"><img loading=\"lazy\" decoding=\"async\" aria-describedby=\"caption-attachment-20820\" class=\"size-medium wp-image-20820\" src=\"https:\/\/latamjournalismreview.org\/wp-content\/uploads\/2021\/06\/Reuters-Report-2021-Eugenia-Mitchelstein-e1624404673682-300x258.jpg\" alt=\"Mitchelstein: \u2018os argentinos s\u00e3o desconfiados dos meios em geral, mas confiam na sua capacidade de discernir o verdadeiro do falso\u2019\" width=\"300\" height=\"258\" srcset=\"https:\/\/latamjournalismreview.org\/wp-content\/uploads\/2021\/06\/Reuters-Report-2021-Eugenia-Mitchelstein-e1624404673682-300x258.jpg 300w, https:\/\/latamjournalismreview.org\/wp-content\/uploads\/2021\/06\/Reuters-Report-2021-Eugenia-Mitchelstein-e1624404673682.jpg 302w\" sizes=\"auto, (max-width: 300px) 100vw, 300px\" \/><p id=\"caption-attachment-20820\" class=\"wp-caption-text\">Mitchelstein: \u2018os argentinos s\u00e3o desconfiados dos meios em geral, mas confiam na sua capacidade de discernir o verdadeiro do falso\u2019<\/p><\/div>\n<p>O relat\u00f3rio registra tamb\u00e9m o \u00edndice de confian\u00e7a nos meios de informa\u00e7\u00e3o que os respondentes usam para se informar. Na Argentina, ela chega a 47%, 11 pontos percentuais a mais que a m\u00e9dia de confian\u00e7a na m\u00eddia em geral.<\/p>\n<p>\u201cEmbora esta pergunta n\u00e3o tenha sido feita na pesquisa, sabemos por nosso trabalho que os cidad\u00e3os argentinos desconfiam da m\u00eddia em geral (e de outras institui\u00e7\u00f5es), mas confiam em seus pr\u00f3prios crit\u00e9rios e capacidade de discernir o que \u00e9 verdadeiro e o que \u00e9. falso, ent\u00e3o n\u00e3o \u00e9 de se estranhar que confiem mais na m\u00eddia que escolhem\u201d, disse \u00e0 <strong>LJR <\/strong>Eug\u00eania Mitchelstein, diretora do Departamento de Ci\u00eancias Sociais da Universidade de San Andres, na Argentina\u201d.<\/p>\n<p>A m\u00e9dia global da confian\u00e7a nos meios que os respondentes consomem \u00e9 de 50% (seis pontos a mais que a confian\u00e7a geral). No Brasil, ela \u00e9 de 52%. Em seguida v\u00eam Col\u00f4mbia (45%), M\u00e9xico (43%, Peru (43%) e Chile (39%) (ver gr\u00e1fico).<\/p>\n<div id=\"attachment_20811\" style=\"width: 517px\" class=\"wp-caption aligncenter\"><img loading=\"lazy\" decoding=\"async\" aria-describedby=\"caption-attachment-20811\" class=\"wp-image-20811 size-full\" src=\"https:\/\/latamjournalismreview.org\/wp-content\/uploads\/2021\/06\/Reuters-Report-2021-Trust-in-News-Portuguese.png\" alt=\"Confian\u00e7a nos meios \u00e9 menor na Am\u00e9rica Latina na compara\u00e7\u00e3o com a m\u00e9dia mundial. Arte: LJR\" width=\"507\" height=\"340\" srcset=\"https:\/\/latamjournalismreview.org\/wp-content\/uploads\/2021\/06\/Reuters-Report-2021-Trust-in-News-Portuguese.png 507w, https:\/\/latamjournalismreview.org\/wp-content\/uploads\/2021\/06\/Reuters-Report-2021-Trust-in-News-Portuguese-300x201.png 300w, https:\/\/latamjournalismreview.org\/wp-content\/uploads\/2021\/06\/Reuters-Report-2021-Trust-in-News-Portuguese-350x234.png 350w\" sizes=\"auto, (max-width: 507px) 100vw, 507px\" \/><p id=\"caption-attachment-20811\" class=\"wp-caption-text\">Confian\u00e7a nos meios \u00e9 menor na Am\u00e9rica Latina na compara\u00e7\u00e3o com a m\u00e9dia mundial. Arte: LJR<\/p><\/div>\n<p>&nbsp;<\/p>\n<p>&nbsp;<\/p>\n<p><span style=\"font-weight: 400;\">Segundo Carro, o fato de o Brasil ser o \u00fanico pa\u00eds da regi\u00e3o onde os respondentes confiam menos nas not\u00edcias que consomem (52%) do que nas not\u00edcias em geral (54%) se d\u00e1, provavelmente, pelo elevado uso de redes sociais como fonte de informa\u00e7\u00e3o. Os brasileiros ent\u00e3o entre os que mais se informam, por exemplo, por WhatsApp (43%) e Facebook (47%).<\/span><\/p>\n<p><span style=\"font-weight: 400;\">\u201cA pandemia, somada \u00e0 polariza\u00e7\u00e3o que tomou conta das redes sociais e aplicativos de mensagens instant\u00e2neas nos \u00faltimos anos, aparentemente levou os brasileiros a questionar a credibilidade do conte\u00fado difundido por estes canais,\u201d disse Carro.<\/span><\/p>\n<p>A pesquisa mostra tamb\u00e9m que alguns meios nativos digitais de investiga\u00e7\u00e3o jornal\u00edstica j\u00e1 est\u00e3o sendo citados entre os mais consumidos e os mais confi\u00e1veis da Am\u00e9rica Latina. S\u00e3o os casos de Ojo P\u00fablico e IDL-Reporteros (Peru), CIPER (Chile), La Silla Vacia (Colombia) e Animal Pol\u00edtico (M\u00e9xico).<\/p>\n<div id=\"attachment_20826\" style=\"width: 310px\" class=\"wp-caption alignleft\"><img loading=\"lazy\" decoding=\"async\" aria-describedby=\"caption-attachment-20826\" class=\"size-medium wp-image-20826\" src=\"https:\/\/latamjournalismreview.org\/wp-content\/uploads\/2021\/06\/cueva-chacon-4-21-300x284.jpg\" alt=\"Cueva Chac\u00f3n: \u2018os meios nativos digitais que surgiram nos \u00faltimos cinco a 10 anos no Peru s\u00e3o vistos como mais independentes\u2019\" width=\"300\" height=\"284\" srcset=\"https:\/\/latamjournalismreview.org\/wp-content\/uploads\/2021\/06\/cueva-chacon-4-21-300x284.jpg 300w, https:\/\/latamjournalismreview.org\/wp-content\/uploads\/2021\/06\/cueva-chacon-4-21-1024x970.jpg 1024w, https:\/\/latamjournalismreview.org\/wp-content\/uploads\/2021\/06\/cueva-chacon-4-21-768x727.jpg 768w, https:\/\/latamjournalismreview.org\/wp-content\/uploads\/2021\/06\/cueva-chacon-4-21-1536x1455.jpg 1536w, https:\/\/latamjournalismreview.org\/wp-content\/uploads\/2021\/06\/cueva-chacon-4-21-2048x1940.jpg 2048w\" sizes=\"auto, (max-width: 300px) 100vw, 300px\" \/><p id=\"caption-attachment-20826\" class=\"wp-caption-text\">Cueva Chac\u00f3n: \u2018os meios nativos digitais que surgiram nos \u00faltimos cinco a 10 anos no Peru s\u00e3o vistos como mais independentes\u2019<\/p><\/div>\n<p>\u201cNo caso espec\u00edfico do Ojo P\u00fablico e do IDL-Reporteros, estes meios de comunica\u00e7\u00e3o j\u00e1 produzem jornalismo investigativo h\u00e1 cerca de uma d\u00e9cada. Correndo o risco de irritar as divis\u00f5es investigativas de meios de comunica\u00e7\u00e3o como La Rep\u00fablica e El Comercio, ousaria dizer que eles s\u00e3o os herdeiros do grande jornalismo investigativo que existiu no Peru nas d\u00e9cadas de 1980 e 1990,\u201d disse \u00e0 <strong>LJR <\/strong>Lourdes M. Cueva Chac\u00f3n, da Universidade Estadual de San Diego. \u201cAl\u00e9m disso, as m\u00eddias digitais nativas que surgiram nos \u00faltimos cinco a 10 anos no Peru s\u00e3o percebidas como mais independentes\u201d<\/p>\n<p><strong>M\u00eddia impressa e pagamentos digitais<\/strong><\/p>\n<p>Se por um lado a pandemia de COVID-19 contribuiu para um aumento da confian\u00e7a nas not\u00edcias, por outro colocou mais um prego no caix\u00e3o da m\u00eddia impresa, \u201cem parte devido a restri\u00e7\u00f5es de movimento e em parte devido ao impacto associado \u00e0 receita de publicidade.\u201d<\/p>\n<p>A acentua\u00e7\u00e3o da queda da m\u00eddia impressa foi maior nos pa\u00edses mais ricos onde a circula\u00e7\u00e3o de jornais \u00e9 tradicionalmente mais elevada. Na Am\u00e9rica Latina, esta acelera\u00e7\u00e3o representou o fim de alguma publica\u00e7\u00f5es em papel. No Chile, o jornal popular La Cuarta deixou de circular no formato impresso e La Tercera, do mesmo grupo, <a href=\"https:\/\/www.adnradio.cl\/economia\/2021\/01\/29\/grupo-copesa-despide-a-200-trabajadores-dejara-de-imprimir-el-diario-la-cuarta-y-reducira-circulacion-de-la-tercera.html\">suspendeu a edi\u00e7\u00e3o em papel em dias de semana<\/a>. <a href=\"https:\/\/www.eltiempo.com\/colombia\/medellin\/tras-41-anos-el-periodico-el-mundo-de-medellin-cerrara-524856\">El Mundo<\/a> (Col\u00f4mbia), <a href=\"https:\/\/www.mercadonegro.pe\/uncategorized\/diario-el-bocon-dice-adios-a-su-edicion-impresa\/\">El Boc\u00f3n<\/a> (Peru), e <a href=\"https:\/\/portal.comunique-se.com.br\/jornal-centenario-encerra-edicao-impressa\/\">Jornal do Commercio<\/a> (Brasil) tamb\u00e9m encerraram suas edi\u00e7\u00f5es em papel. Tamb\u00e9m no Brasil, <a href=\"https:\/\/www.meioemensagem.com.br\/home\/midia\/2020\/06\/18\/o-globo-encerra-versao-impressa-em-brasilia-durante-pandemia.html\">O Globo retirou a edi\u00e7\u00e3o impressa das bancas<\/a> da capital Bras\u00edlia e a <a href=\"https:\/\/jr.jor.br\/2021\/05\/06\/revista-epoca-encerra-a-versao-impressa-no-dia-28\/\">revista \u00c9poca, do mesmo grupo, deixou de circular<\/a>.<\/p>\n<p>\u201cComo em outros lugares, as vendas de impressos foram duramente atingidas, acelerando as tend\u00eancias estruturais dos \u00faltimos anos. Restri\u00e7\u00f5es de movimento e deslocamento afetaram as vendas em banca de jornal em toda a regi\u00e3o e, em alguns casos, as pessoas ficaram preocupadas em pegar o v\u00edrus em jornais impressos,\u201d disse Newman.<\/p>\n<p>Em outros casos, a crise econ\u00f4mica gerada pela COVID-19 levou \u00e0 cria\u00e7\u00e3o ou aprofundamento de sistemas de <em>paywalls<\/em>. \u00c9 o caso do colombiano <a href=\"https:\/\/www.storybaker.co\/p\/el-tiempo-de-colombia-lanza-muro-de-pago\">El Tiempo<\/a>, que lan\u00e7ou o seu em outubro de 2020. O argentino Perfil lan\u00e7ou o seu sistema em setembro de 2020. \u201cCada dia fica cada vez <a href=\"https:\/\/www.perfil.com\/noticias\/medios\/carta-a-los-lectores-de-perfil-por-el-lanzamiento-del-paywall.phtml\">mais dif\u00edcil sustentar estruturas que nos permitam fazer jornalismo cr\u00edtico<\/a>, incisivo, desconfort\u00e1vel para o poder e, por defini\u00e7\u00e3o, caro,\u201d escreveu Agustino Fontevecchia, director-executivo e digital da publica\u00e7\u00e3o ao anunciar o <em>paywall<\/em> aos leitores.<\/p>\n<p>No entanto, \u201co progresso geral permanece lento. Em 20 pa\u00edses [ricos] onde os editores t\u00eam promovido ativamente as assinaturas digitais, e que temos monitorado desde 2016, encontramos 17% dizendo que pagaram por algum tipo de not\u00edcia online no ano passado,\u201d diz o relat\u00f3rio. \u201cA grande maioria dos consumidores nesses pa\u00edses continua resistindo a pagar por qualquer not\u00edcia online\u201d.<\/p>\n<p>J\u00e1 nos seis pa\u00edses latino-americanos investigados, o \u00edndice de leitores que pagaram por not\u00edcias online \u00e9 de 15% em m\u00e9dia entre os respondentes da pesquisa. Nesse quesito, o M\u00e9xico teve o maior resultado (18%), segundo por Brazil (17%), Peru (16%), Argentina (15%), Col\u00f4mbia (15%) e Chile (12%).<\/p>\n<p>\u201cA capacidade de pagamento na Col\u00f4mbia tamb\u00e9m \u00e9 limitada e muitas fam\u00edlias preferem ter uma assinatura da Netflix a acessar servi\u00e7os de informa\u00e7\u00e3o pagos. A baixa inten\u00e7\u00e3o de pagar mostra que o modelo de paywalls deve ser complementado com outras estrat\u00e9gias para obter recursos de diferentes fontes e diversificar os neg\u00f3cios de forma inovadora,\u201d disse \u00e0 <strong>LJR<\/strong> Victor Garcia Perdomo, director do doutorado em comunica\u00e7\u00e3o da Universidade de La Sabana, na Col\u00f4mbia.<\/p>\n<p>Segundo Newman, os n\u00fameros da Am\u00e9rica Latina precisam ser avaliados com cautela, pois a amostra da pesquisa tem uma propor\u00e7\u00e3o maior de pessoas com n\u00edvel educacional mais elevado e que t\u00eam uma tend\u00eancia maior de consumir not\u00edcias pagas.<\/p>\n<p>\u201cOs dados da ind\u00fastria nos dizem que os n\u00fameros (em propor\u00e7\u00e3o ao pagamento por not\u00edcias) s\u00e3o baixos na Am\u00e9rica Latina. Mesmo que alguns editores no Brasil e na Argentina (e agora na Col\u00f4mbia) tenham pedido \u00e0s pessoas que paguem h\u00e1 algum tempo, o n\u00famero de assinantes pagantes ainda \u00e9 muito baixo em rela\u00e7\u00e3o \u00e0 popula\u00e7\u00e3o geral,\u201d disse Newman. \u201cE por qu\u00ea? Provavelmente uma mistura de fatores, [como] menor uso de leitura\/ impress\u00e3o do que muitos pa\u00edses europeus, menor renda dispon\u00edvel e o fato de que a maioria das not\u00edcias \u00e9 gratuita na internet. At\u00e9 recentemente, havia muito poucos editores tentando cobrar por not\u00edcias online.\u201d<\/p>\n","protected":false},"excerpt":{"rendered":"<p>Globalmente, a confian\u00e7a nas not\u00edcias cresceu 6 pontos percentuais e atingiu 44%, segundo o Digital News Report 2021, do Instituto Reuters. Nos seis pa\u00edses da Am\u00e9rica Latina investigados, no entanto, a confian\u00e7a geral nas not\u00edcias \u00e9 menor e atinge uma m\u00e9dia de 40,5%. Na regi\u00e3o, a confian\u00e7a \u00e9 menor na Argentina e no Chile (36%) e maior no Brasil (54%). <\/p>\n","protected":false},"author":5,"featured_media":20811,"comment_status":"closed","ping_status":"closed","sticky":false,"template":"","format":"standard","meta":{"inline_featured_image":false,"footnotes":""},"categories":[1224],"tags":[1425,1435,1396,1394,1597],"coauthors":[],"class_list":["post-20842","post","type-post","status-publish","format-standard","has-post-thumbnail","hentry","category-pesquisa-academica-pt-br","tag-argentina-pt-br","tag-chile-pt-br","tag-colombia-pt-br-2","tag-mexico-pt-br","tag-peru-pt-br"],"acf":[],"yoast_head":"<!-- This site is optimized with the Yoast SEO Premium plugin v22.6 (Yoast SEO v27.4) - https:\/\/yoast.com\/product\/yoast-seo-premium-wordpress\/ -->\n<title>Em meio \u00e0 pandemia de COVID-19, confian\u00e7a no notici\u00e1rio cresce, mas fica abaixo da m\u00e9dia mundial na Am\u00e9rica Latina - LatAm Journalism Review by the Knight Center<\/title>\n<meta name=\"description\" content=\"Em meio \u00e0 pandemia de COVID-19, confian\u00e7a no notici\u00e1rio cresce, mas fica abaixo da m\u00e9dia mundial na Am\u00e9rica Latina Pesquisa acad\u00eamica. Latin American Journalism Review by The Knight Center at The University of Texas at Austin.\" \/>\n<meta name=\"robots\" content=\"index, follow, max-snippet:-1, max-image-preview:large, max-video-preview:-1\" \/>\n<link rel=\"canonical\" href=\"https:\/\/latamjournalismreview.org\/pt-br\/articles\/em-meio-a-pandemia-de-covid-19-confianca-no-noticiario-cresce-mas-fica-abaixo-da-media-mundial-na-america-latina\/\" \/>\n<meta property=\"og:locale\" content=\"pt_BR\" \/>\n<meta property=\"og:type\" content=\"article\" \/>\n<meta property=\"og:title\" content=\"Em meio \u00e0 pandemia de COVID-19, confian\u00e7a no notici\u00e1rio cresce, mas fica abaixo da m\u00e9dia mundial na Am\u00e9rica Latina\" \/>\n<meta property=\"og:description\" content=\"Em meio \u00e0 pandemia de COVID-19, confian\u00e7a no notici\u00e1rio cresce, mas fica abaixo da m\u00e9dia mundial na Am\u00e9rica Latina Pesquisa acad\u00eamica. Latin American Journalism Review by The Knight Center at The University of Texas at Austin.\" \/>\n<meta property=\"og:url\" content=\"https:\/\/latamjournalismreview.org\/pt-br\/articles\/em-meio-a-pandemia-de-covid-19-confianca-no-noticiario-cresce-mas-fica-abaixo-da-media-mundial-na-america-latina\/\" \/>\n<meta property=\"og:site_name\" content=\"LatAm Journalism Review by the Knight Center\" \/>\n<meta property=\"article:published_time\" content=\"2021-06-23T14:35:05+00:00\" \/>\n<meta property=\"article:modified_time\" content=\"2021-06-24T17:05:24+00:00\" \/>\n<meta property=\"og:image\" content=\"https:\/\/latamjournalismreview.org\/wp-content\/uploads\/2021\/06\/Reuters-Report-2021-Trust-in-News-Portuguese.png\" \/>\n\t<meta property=\"og:image:width\" content=\"507\" \/>\n\t<meta property=\"og:image:height\" content=\"340\" \/>\n\t<meta property=\"og:image:type\" content=\"image\/png\" \/>\n<meta name=\"author\" content=\"J\u00falio Lubianco\" \/>\n<meta name=\"twitter:card\" content=\"summary_large_image\" \/>\n<meta name=\"twitter:creator\" content=\"@jlubianco\" \/>\n<meta name=\"twitter:site\" content=\"@LatAmJournalism\" \/>\n<meta name=\"twitter:label1\" content=\"Written by\" \/>\n\t<meta name=\"twitter:data1\" content=\"J\u00falio Lubianco\" \/>\n\t<meta name=\"twitter:label2\" content=\"Est. reading time\" \/>\n\t<meta name=\"twitter:data2\" content=\"9 minutos\" \/>\n<script type=\"application\/ld+json\" class=\"yoast-schema-graph\">{\"@context\":\"https:\\\/\\\/schema.org\",\"@graph\":[{\"@type\":\"Article\",\"@id\":\"https:\\\/\\\/latamjournalismreview.org\\\/pt-br\\\/articles\\\/em-meio-a-pandemia-de-covid-19-confianca-no-noticiario-cresce-mas-fica-abaixo-da-media-mundial-na-america-latina\\\/#article\",\"isPartOf\":{\"@id\":\"https:\\\/\\\/latamjournalismreview.org\\\/pt-br\\\/articles\\\/em-meio-a-pandemia-de-covid-19-confianca-no-noticiario-cresce-mas-fica-abaixo-da-media-mundial-na-america-latina\\\/\"},\"author\":{\"name\":\"J\u00falio Lubianco\",\"@id\":\"https:\\\/\\\/latamjournalismreview.org\\\/pt-br\\\/#\\\/schema\\\/person\\\/d9517de765982788cd8378b5a229e3dd\"},\"headline\":\"Em meio \u00e0 pandemia de COVID-19, confian\u00e7a no notici\u00e1rio cresce, mas fica abaixo da m\u00e9dia mundial na Am\u00e9rica Latina\",\"datePublished\":\"2021-06-23T14:35:05+00:00\",\"dateModified\":\"2021-06-24T17:05:24+00:00\",\"mainEntityOfPage\":{\"@id\":\"https:\\\/\\\/latamjournalismreview.org\\\/pt-br\\\/articles\\\/em-meio-a-pandemia-de-covid-19-confianca-no-noticiario-cresce-mas-fica-abaixo-da-media-mundial-na-america-latina\\\/\"},\"wordCount\":1819,\"publisher\":{\"@id\":\"https:\\\/\\\/latamjournalismreview.org\\\/pt-br\\\/#organization\"},\"image\":{\"@id\":\"https:\\\/\\\/latamjournalismreview.org\\\/pt-br\\\/articles\\\/em-meio-a-pandemia-de-covid-19-confianca-no-noticiario-cresce-mas-fica-abaixo-da-media-mundial-na-america-latina\\\/#primaryimage\"},\"thumbnailUrl\":\"https:\\\/\\\/latamjournalismreview.org\\\/wp-content\\\/uploads\\\/2021\\\/06\\\/Reuters-Report-2021-Trust-in-News-Portuguese.png\",\"keywords\":[\"Argentina\",\"Chile\",\"Col\u00f4mbia\",\"M\u00e9xico\",\"Peru\"],\"articleSection\":[\"Pesquisa acad\u00eamica\"],\"inLanguage\":\"pt-BR\"},{\"@type\":\"WebPage\",\"@id\":\"https:\\\/\\\/latamjournalismreview.org\\\/pt-br\\\/articles\\\/em-meio-a-pandemia-de-covid-19-confianca-no-noticiario-cresce-mas-fica-abaixo-da-media-mundial-na-america-latina\\\/\",\"url\":\"https:\\\/\\\/latamjournalismreview.org\\\/pt-br\\\/articles\\\/em-meio-a-pandemia-de-covid-19-confianca-no-noticiario-cresce-mas-fica-abaixo-da-media-mundial-na-america-latina\\\/\",\"name\":\"Em meio \u00e0 pandemia de COVID-19, confian\u00e7a no notici\u00e1rio cresce, mas fica abaixo da m\u00e9dia mundial na Am\u00e9rica Latina - LatAm Journalism Review by the Knight Center\",\"isPartOf\":{\"@id\":\"https:\\\/\\\/latamjournalismreview.org\\\/pt-br\\\/#website\"},\"primaryImageOfPage\":{\"@id\":\"https:\\\/\\\/latamjournalismreview.org\\\/pt-br\\\/articles\\\/em-meio-a-pandemia-de-covid-19-confianca-no-noticiario-cresce-mas-fica-abaixo-da-media-mundial-na-america-latina\\\/#primaryimage\"},\"image\":{\"@id\":\"https:\\\/\\\/latamjournalismreview.org\\\/pt-br\\\/articles\\\/em-meio-a-pandemia-de-covid-19-confianca-no-noticiario-cresce-mas-fica-abaixo-da-media-mundial-na-america-latina\\\/#primaryimage\"},\"thumbnailUrl\":\"https:\\\/\\\/latamjournalismreview.org\\\/wp-content\\\/uploads\\\/2021\\\/06\\\/Reuters-Report-2021-Trust-in-News-Portuguese.png\",\"datePublished\":\"2021-06-23T14:35:05+00:00\",\"dateModified\":\"2021-06-24T17:05:24+00:00\",\"description\":\"Em meio \u00e0 pandemia de COVID-19, confian\u00e7a no notici\u00e1rio cresce, mas fica abaixo da m\u00e9dia mundial na Am\u00e9rica Latina Pesquisa acad\u00eamica. Latin American Journalism Review by The Knight Center at The University of Texas at Austin.\",\"breadcrumb\":{\"@id\":\"https:\\\/\\\/latamjournalismreview.org\\\/pt-br\\\/articles\\\/em-meio-a-pandemia-de-covid-19-confianca-no-noticiario-cresce-mas-fica-abaixo-da-media-mundial-na-america-latina\\\/#breadcrumb\"},\"inLanguage\":\"pt-BR\",\"potentialAction\":[{\"@type\":\"ReadAction\",\"target\":[\"https:\\\/\\\/latamjournalismreview.org\\\/pt-br\\\/articles\\\/em-meio-a-pandemia-de-covid-19-confianca-no-noticiario-cresce-mas-fica-abaixo-da-media-mundial-na-america-latina\\\/\"]}]},{\"@type\":\"ImageObject\",\"inLanguage\":\"pt-BR\",\"@id\":\"https:\\\/\\\/latamjournalismreview.org\\\/pt-br\\\/articles\\\/em-meio-a-pandemia-de-covid-19-confianca-no-noticiario-cresce-mas-fica-abaixo-da-media-mundial-na-america-latina\\\/#primaryimage\",\"url\":\"https:\\\/\\\/latamjournalismreview.org\\\/wp-content\\\/uploads\\\/2021\\\/06\\\/Reuters-Report-2021-Trust-in-News-Portuguese.png\",\"contentUrl\":\"https:\\\/\\\/latamjournalismreview.org\\\/wp-content\\\/uploads\\\/2021\\\/06\\\/Reuters-Report-2021-Trust-in-News-Portuguese.png\",\"width\":507,\"height\":340,\"caption\":\"Confian\u00e7a nos meios \u00e9 menor na Am\u00e9rica Latina na compara\u00e7\u00e3o com a m\u00e9dia mundial. Arte: LJR\"},{\"@type\":\"BreadcrumbList\",\"@id\":\"https:\\\/\\\/latamjournalismreview.org\\\/pt-br\\\/articles\\\/em-meio-a-pandemia-de-covid-19-confianca-no-noticiario-cresce-mas-fica-abaixo-da-media-mundial-na-america-latina\\\/#breadcrumb\",\"itemListElement\":[{\"@type\":\"ListItem\",\"position\":1,\"name\":\"Home\",\"item\":\"https:\\\/\\\/latamjournalismreview.org\\\/pt-br\\\/\"},{\"@type\":\"ListItem\",\"position\":2,\"name\":\"Em meio \u00e0 pandemia de COVID-19, confian\u00e7a no notici\u00e1rio cresce, mas fica abaixo da m\u00e9dia mundial na Am\u00e9rica Latina\"}]},{\"@type\":\"WebSite\",\"@id\":\"https:\\\/\\\/latamjournalismreview.org\\\/pt-br\\\/#website\",\"url\":\"https:\\\/\\\/latamjournalismreview.org\\\/pt-br\\\/\",\"name\":\"LatAm Journalism Review\",\"description\":\"Digital magazine on journalism in Latin America\",\"publisher\":{\"@id\":\"https:\\\/\\\/latamjournalismreview.org\\\/pt-br\\\/#organization\"},\"potentialAction\":[{\"@type\":\"SearchAction\",\"target\":{\"@type\":\"EntryPoint\",\"urlTemplate\":\"https:\\\/\\\/latamjournalismreview.org\\\/pt-br\\\/?s={search_term_string}\"},\"query-input\":{\"@type\":\"PropertyValueSpecification\",\"valueRequired\":true,\"valueName\":\"search_term_string\"}}],\"inLanguage\":\"pt-BR\"},{\"@type\":\"Organization\",\"@id\":\"https:\\\/\\\/latamjournalismreview.org\\\/pt-br\\\/#organization\",\"name\":\"LatAm Journalism Review\",\"url\":\"https:\\\/\\\/latamjournalismreview.org\\\/pt-br\\\/\",\"logo\":{\"@type\":\"ImageObject\",\"inLanguage\":\"pt-BR\",\"@id\":\"https:\\\/\\\/latamjournalismreview.org\\\/pt-br\\\/#\\\/schema\\\/logo\\\/image\\\/\",\"url\":\"https:\\\/\\\/latamjournalismreview.org\\\/wp-content\\\/uploads\\\/2020\\\/05\\\/knight-latAm-review-logo.svg\",\"contentUrl\":\"https:\\\/\\\/latamjournalismreview.org\\\/wp-content\\\/uploads\\\/2020\\\/05\\\/knight-latAm-review-logo.svg\",\"width\":\"1024\",\"height\":\"1024\",\"caption\":\"LatAm Journalism Review\"},\"image\":{\"@id\":\"https:\\\/\\\/latamjournalismreview.org\\\/pt-br\\\/#\\\/schema\\\/logo\\\/image\\\/\"},\"sameAs\":[\"https:\\\/\\\/x.com\\\/LatAmJournalism\"]},{\"@type\":\"Person\",\"@id\":\"https:\\\/\\\/latamjournalismreview.org\\\/pt-br\\\/#\\\/schema\\\/person\\\/d9517de765982788cd8378b5a229e3dd\",\"name\":\"J\u00falio Lubianco\",\"description\":\"J\u00falio Lubianco studied journalism at Universidade Federal Fluminense (UFF). He began his career on the local desk at Jornal do Brasil, in 2003. He was a reporter, assignment editor and managing editor at R\u00e1dio CBN. He has a Master\u2019s degree in media and communication from the London School of Economics (LSE), with a scholarship from the Journalists of Vision program. He is a professor of journalism at PUC-Rio. He won the Imprensa Embratel award in 2007, the Alexandre Adler award in 2008, and is a two-time winner of the Tim Lopes Award for Investigative Journalism, in 2009 and 2014. J\u00falio Lubianco estudi\u00f3 periodismo en la Universidad Federal Fluminense (UFF). Comenz\u00f3 la carrera en 2003, en el diario Jornal do Brasil. Fue reportero, editor y editor ejecutivo en R\u00e1dio CBN. Hizo su maestr\u00eda en medios de comunicaci\u00f3n en London School of Economics (LSE), becado por el programa Jornalistas de Vis\u00e3o. Es profesor del curso de periodismo de PUC-Rio y es presentador del podcast de BRIO, que trata sobre periodismo, carrera, mercado y tecnolog\u00eda. Gan\u00f3 los premios Imprensa Embratel (2007), Alexandre Adler (2008), y en dos oportunidades el Tim Lopes de Periodismo Investigativo (2009 y 2014). J\u00falio Lubianco estudou jornalismo na Universidade Federal Fluminense (UFF). Come\u00e7ou a carreira em 2003, no caderno Cidade do Jornal do Brasil. Foi rep\u00f3rter, chefe de reportagem e gerente de jornalismo na R\u00e1dio CBN. Fez mestrado em m\u00eddia e comunica\u00e7\u00e3o na London School of Economics (LSE), com bolsa do programa Jornalistas de Vis\u00e3o. \u00c9 professor do curso de jornalismo da PUC-Rio e apresenta o podcast do BRIO, que discute jornalismo, carreira, mercado e tecnologia. Venceu os pr\u00eamios Imprensa Embratel, em 2007, o Alexandre Adler, em 2008, e duas vezes o Tim Lopes de Jornalismo Investigativo, em 2009 e 2014.\",\"sameAs\":[\"https:\\\/\\\/www.linkedin.com\\\/in\\\/julio-lubianco\\\/\",\"https:\\\/\\\/x.com\\\/jlubianco\"],\"url\":\"https:\\\/\\\/latamjournalismreview.org\\\/pt-br\\\/articles\\\/author\\\/julio-lubianco\\\/\"}]}<\/script>\n<!-- \/ Yoast SEO Premium plugin. -->","yoast_head_json":{"title":"Em meio \u00e0 pandemia de COVID-19, confian\u00e7a no notici\u00e1rio cresce, mas fica abaixo da m\u00e9dia mundial na Am\u00e9rica Latina - LatAm Journalism Review by the Knight Center","description":"Em meio \u00e0 pandemia de COVID-19, confian\u00e7a no notici\u00e1rio cresce, mas fica abaixo da m\u00e9dia mundial na Am\u00e9rica Latina Pesquisa acad\u00eamica. Latin American Journalism Review by The Knight Center at The University of Texas at Austin.","robots":{"index":"index","follow":"follow","max-snippet":"max-snippet:-1","max-image-preview":"max-image-preview:large","max-video-preview":"max-video-preview:-1"},"canonical":"https:\/\/latamjournalismreview.org\/pt-br\/articles\/em-meio-a-pandemia-de-covid-19-confianca-no-noticiario-cresce-mas-fica-abaixo-da-media-mundial-na-america-latina\/","og_locale":"pt_BR","og_type":"article","og_title":"Em meio \u00e0 pandemia de COVID-19, confian\u00e7a no notici\u00e1rio cresce, mas fica abaixo da m\u00e9dia mundial na Am\u00e9rica Latina","og_description":"Em meio \u00e0 pandemia de COVID-19, confian\u00e7a no notici\u00e1rio cresce, mas fica abaixo da m\u00e9dia mundial na Am\u00e9rica Latina Pesquisa acad\u00eamica. Latin American Journalism Review by The Knight Center at The University of Texas at Austin.","og_url":"https:\/\/latamjournalismreview.org\/pt-br\/articles\/em-meio-a-pandemia-de-covid-19-confianca-no-noticiario-cresce-mas-fica-abaixo-da-media-mundial-na-america-latina\/","og_site_name":"LatAm Journalism Review by the Knight Center","article_published_time":"2021-06-23T14:35:05+00:00","article_modified_time":"2021-06-24T17:05:24+00:00","og_image":[{"width":507,"height":340,"url":"https:\/\/latamjournalismreview.org\/wp-content\/uploads\/2021\/06\/Reuters-Report-2021-Trust-in-News-Portuguese.png","type":"image\/png"}],"author":"J\u00falio Lubianco","twitter_card":"summary_large_image","twitter_creator":"@jlubianco","twitter_site":"@LatAmJournalism","twitter_misc":{"Written by":"J\u00falio Lubianco","Est. reading time":"9 minutos"},"schema":{"@context":"https:\/\/schema.org","@graph":[{"@type":"Article","@id":"https:\/\/latamjournalismreview.org\/pt-br\/articles\/em-meio-a-pandemia-de-covid-19-confianca-no-noticiario-cresce-mas-fica-abaixo-da-media-mundial-na-america-latina\/#article","isPartOf":{"@id":"https:\/\/latamjournalismreview.org\/pt-br\/articles\/em-meio-a-pandemia-de-covid-19-confianca-no-noticiario-cresce-mas-fica-abaixo-da-media-mundial-na-america-latina\/"},"author":{"name":"J\u00falio Lubianco","@id":"https:\/\/latamjournalismreview.org\/pt-br\/#\/schema\/person\/d9517de765982788cd8378b5a229e3dd"},"headline":"Em meio \u00e0 pandemia de COVID-19, confian\u00e7a no notici\u00e1rio cresce, mas fica abaixo da m\u00e9dia mundial na Am\u00e9rica Latina","datePublished":"2021-06-23T14:35:05+00:00","dateModified":"2021-06-24T17:05:24+00:00","mainEntityOfPage":{"@id":"https:\/\/latamjournalismreview.org\/pt-br\/articles\/em-meio-a-pandemia-de-covid-19-confianca-no-noticiario-cresce-mas-fica-abaixo-da-media-mundial-na-america-latina\/"},"wordCount":1819,"publisher":{"@id":"https:\/\/latamjournalismreview.org\/pt-br\/#organization"},"image":{"@id":"https:\/\/latamjournalismreview.org\/pt-br\/articles\/em-meio-a-pandemia-de-covid-19-confianca-no-noticiario-cresce-mas-fica-abaixo-da-media-mundial-na-america-latina\/#primaryimage"},"thumbnailUrl":"https:\/\/latamjournalismreview.org\/wp-content\/uploads\/2021\/06\/Reuters-Report-2021-Trust-in-News-Portuguese.png","keywords":["Argentina","Chile","Col\u00f4mbia","M\u00e9xico","Peru"],"articleSection":["Pesquisa acad\u00eamica"],"inLanguage":"pt-BR"},{"@type":"WebPage","@id":"https:\/\/latamjournalismreview.org\/pt-br\/articles\/em-meio-a-pandemia-de-covid-19-confianca-no-noticiario-cresce-mas-fica-abaixo-da-media-mundial-na-america-latina\/","url":"https:\/\/latamjournalismreview.org\/pt-br\/articles\/em-meio-a-pandemia-de-covid-19-confianca-no-noticiario-cresce-mas-fica-abaixo-da-media-mundial-na-america-latina\/","name":"Em meio \u00e0 pandemia de COVID-19, confian\u00e7a no notici\u00e1rio cresce, mas fica abaixo da m\u00e9dia mundial na Am\u00e9rica Latina - LatAm Journalism Review by the Knight Center","isPartOf":{"@id":"https:\/\/latamjournalismreview.org\/pt-br\/#website"},"primaryImageOfPage":{"@id":"https:\/\/latamjournalismreview.org\/pt-br\/articles\/em-meio-a-pandemia-de-covid-19-confianca-no-noticiario-cresce-mas-fica-abaixo-da-media-mundial-na-america-latina\/#primaryimage"},"image":{"@id":"https:\/\/latamjournalismreview.org\/pt-br\/articles\/em-meio-a-pandemia-de-covid-19-confianca-no-noticiario-cresce-mas-fica-abaixo-da-media-mundial-na-america-latina\/#primaryimage"},"thumbnailUrl":"https:\/\/latamjournalismreview.org\/wp-content\/uploads\/2021\/06\/Reuters-Report-2021-Trust-in-News-Portuguese.png","datePublished":"2021-06-23T14:35:05+00:00","dateModified":"2021-06-24T17:05:24+00:00","description":"Em meio \u00e0 pandemia de COVID-19, confian\u00e7a no notici\u00e1rio cresce, mas fica abaixo da m\u00e9dia mundial na Am\u00e9rica Latina Pesquisa acad\u00eamica. Latin American Journalism Review by The Knight Center at The University of Texas at Austin.","breadcrumb":{"@id":"https:\/\/latamjournalismreview.org\/pt-br\/articles\/em-meio-a-pandemia-de-covid-19-confianca-no-noticiario-cresce-mas-fica-abaixo-da-media-mundial-na-america-latina\/#breadcrumb"},"inLanguage":"pt-BR","potentialAction":[{"@type":"ReadAction","target":["https:\/\/latamjournalismreview.org\/pt-br\/articles\/em-meio-a-pandemia-de-covid-19-confianca-no-noticiario-cresce-mas-fica-abaixo-da-media-mundial-na-america-latina\/"]}]},{"@type":"ImageObject","inLanguage":"pt-BR","@id":"https:\/\/latamjournalismreview.org\/pt-br\/articles\/em-meio-a-pandemia-de-covid-19-confianca-no-noticiario-cresce-mas-fica-abaixo-da-media-mundial-na-america-latina\/#primaryimage","url":"https:\/\/latamjournalismreview.org\/wp-content\/uploads\/2021\/06\/Reuters-Report-2021-Trust-in-News-Portuguese.png","contentUrl":"https:\/\/latamjournalismreview.org\/wp-content\/uploads\/2021\/06\/Reuters-Report-2021-Trust-in-News-Portuguese.png","width":507,"height":340,"caption":"Confian\u00e7a nos meios \u00e9 menor na Am\u00e9rica Latina na compara\u00e7\u00e3o com a m\u00e9dia mundial. Arte: LJR"},{"@type":"BreadcrumbList","@id":"https:\/\/latamjournalismreview.org\/pt-br\/articles\/em-meio-a-pandemia-de-covid-19-confianca-no-noticiario-cresce-mas-fica-abaixo-da-media-mundial-na-america-latina\/#breadcrumb","itemListElement":[{"@type":"ListItem","position":1,"name":"Home","item":"https:\/\/latamjournalismreview.org\/pt-br\/"},{"@type":"ListItem","position":2,"name":"Em meio \u00e0 pandemia de COVID-19, confian\u00e7a no notici\u00e1rio cresce, mas fica abaixo da m\u00e9dia mundial na Am\u00e9rica Latina"}]},{"@type":"WebSite","@id":"https:\/\/latamjournalismreview.org\/pt-br\/#website","url":"https:\/\/latamjournalismreview.org\/pt-br\/","name":"LatAm Journalism Review","description":"Digital magazine on journalism in Latin America","publisher":{"@id":"https:\/\/latamjournalismreview.org\/pt-br\/#organization"},"potentialAction":[{"@type":"SearchAction","target":{"@type":"EntryPoint","urlTemplate":"https:\/\/latamjournalismreview.org\/pt-br\/?s={search_term_string}"},"query-input":{"@type":"PropertyValueSpecification","valueRequired":true,"valueName":"search_term_string"}}],"inLanguage":"pt-BR"},{"@type":"Organization","@id":"https:\/\/latamjournalismreview.org\/pt-br\/#organization","name":"LatAm Journalism Review","url":"https:\/\/latamjournalismreview.org\/pt-br\/","logo":{"@type":"ImageObject","inLanguage":"pt-BR","@id":"https:\/\/latamjournalismreview.org\/pt-br\/#\/schema\/logo\/image\/","url":"https:\/\/latamjournalismreview.org\/wp-content\/uploads\/2020\/05\/knight-latAm-review-logo.svg","contentUrl":"https:\/\/latamjournalismreview.org\/wp-content\/uploads\/2020\/05\/knight-latAm-review-logo.svg","width":"1024","height":"1024","caption":"LatAm Journalism Review"},"image":{"@id":"https:\/\/latamjournalismreview.org\/pt-br\/#\/schema\/logo\/image\/"},"sameAs":["https:\/\/x.com\/LatAmJournalism"]},{"@type":"Person","@id":"https:\/\/latamjournalismreview.org\/pt-br\/#\/schema\/person\/d9517de765982788cd8378b5a229e3dd","name":"J\u00falio Lubianco","description":"J\u00falio Lubianco studied journalism at Universidade Federal Fluminense (UFF). He began his career on the local desk at Jornal do Brasil, in 2003. He was a reporter, assignment editor and managing editor at R\u00e1dio CBN. He has a Master\u2019s degree in media and communication from the London School of Economics (LSE), with a scholarship from the Journalists of Vision program. He is a professor of journalism at PUC-Rio. He won the Imprensa Embratel award in 2007, the Alexandre Adler award in 2008, and is a two-time winner of the Tim Lopes Award for Investigative Journalism, in 2009 and 2014. J\u00falio Lubianco estudi\u00f3 periodismo en la Universidad Federal Fluminense (UFF). Comenz\u00f3 la carrera en 2003, en el diario Jornal do Brasil. Fue reportero, editor y editor ejecutivo en R\u00e1dio CBN. Hizo su maestr\u00eda en medios de comunicaci\u00f3n en London School of Economics (LSE), becado por el programa Jornalistas de Vis\u00e3o. Es profesor del curso de periodismo de PUC-Rio y es presentador del podcast de BRIO, que trata sobre periodismo, carrera, mercado y tecnolog\u00eda. Gan\u00f3 los premios Imprensa Embratel (2007), Alexandre Adler (2008), y en dos oportunidades el Tim Lopes de Periodismo Investigativo (2009 y 2014). J\u00falio Lubianco estudou jornalismo na Universidade Federal Fluminense (UFF). Come\u00e7ou a carreira em 2003, no caderno Cidade do Jornal do Brasil. Foi rep\u00f3rter, chefe de reportagem e gerente de jornalismo na R\u00e1dio CBN. Fez mestrado em m\u00eddia e comunica\u00e7\u00e3o na London School of Economics (LSE), com bolsa do programa Jornalistas de Vis\u00e3o. \u00c9 professor do curso de jornalismo da PUC-Rio e apresenta o podcast do BRIO, que discute jornalismo, carreira, mercado e tecnologia. Venceu os pr\u00eamios Imprensa Embratel, em 2007, o Alexandre Adler, em 2008, e duas vezes o Tim Lopes de Jornalismo Investigativo, em 2009 e 2014.","sameAs":["https:\/\/www.linkedin.com\/in\/julio-lubianco\/","https:\/\/x.com\/jlubianco"],"url":"https:\/\/latamjournalismreview.org\/pt-br\/articles\/author\/julio-lubianco\/"}]}},"_links":{"self":[{"href":"https:\/\/latamjournalismreview.org\/pt-br\/wp-json\/wp\/v2\/posts\/20842","targetHints":{"allow":["GET"]}}],"collection":[{"href":"https:\/\/latamjournalismreview.org\/pt-br\/wp-json\/wp\/v2\/posts"}],"about":[{"href":"https:\/\/latamjournalismreview.org\/pt-br\/wp-json\/wp\/v2\/types\/post"}],"author":[{"embeddable":true,"href":"https:\/\/latamjournalismreview.org\/pt-br\/wp-json\/wp\/v2\/users\/5"}],"replies":[{"embeddable":true,"href":"https:\/\/latamjournalismreview.org\/pt-br\/wp-json\/wp\/v2\/comments?post=20842"}],"version-history":[{"count":7,"href":"https:\/\/latamjournalismreview.org\/pt-br\/wp-json\/wp\/v2\/posts\/20842\/revisions"}],"predecessor-version":[{"id":20979,"href":"https:\/\/latamjournalismreview.org\/pt-br\/wp-json\/wp\/v2\/posts\/20842\/revisions\/20979"}],"wp:featuredmedia":[{"embeddable":true,"href":"https:\/\/latamjournalismreview.org\/pt-br\/wp-json\/wp\/v2\/media\/20811"}],"wp:attachment":[{"href":"https:\/\/latamjournalismreview.org\/pt-br\/wp-json\/wp\/v2\/media?parent=20842"}],"wp:term":[{"taxonomy":"category","embeddable":true,"href":"https:\/\/latamjournalismreview.org\/pt-br\/wp-json\/wp\/v2\/categories?post=20842"},{"taxonomy":"post_tag","embeddable":true,"href":"https:\/\/latamjournalismreview.org\/pt-br\/wp-json\/wp\/v2\/tags?post=20842"},{"taxonomy":"author","embeddable":true,"href":"https:\/\/latamjournalismreview.org\/pt-br\/wp-json\/wp\/v2\/coauthors?post=20842"}],"curies":[{"name":"wp","href":"https:\/\/api.w.org\/{rel}","templated":true}]}}