{"id":2146,"date":"2019-12-04T13:41:35","date_gmt":"2019-12-04T18:41:35","guid":{"rendered":"https:\/\/live-lajr.pantheonsite.io\/articles\/alta-concentracao-da-propriedade-dos-meios-e-ameaca-a-pluralidade-em-argentina-brasil-colombia-mexico-e-peru-aponta-rsf\/"},"modified":"2020-06-10T09:36:59","modified_gmt":"2020-06-10T14:36:59","slug":"alta-concentracao-da-propriedade-dos-meios-e-ameaca-a-pluralidade-em-argentina-brasil-colombia-mexico-e-peru-aponta-rsf","status":"publish","type":"post","link":"https:\/\/latamjournalismreview.org\/pt-br\/articles\/alta-concentracao-da-propriedade-dos-meios-e-ameaca-a-pluralidade-em-argentina-brasil-colombia-mexico-e-peru-aponta-rsf\/","title":{"rendered":"Alta concentra\u00e7\u00e3o da propriedade dos meios \u00e9 amea\u00e7a \u00e0 pluralidade em Argentina, Brasil, Col\u00f4mbia, M\u00e9xico e Peru, aponta RSF"},"content":{"rendered":"<p dir=\"ltr\">A organiza&ccedil;&atilde;o Rep&oacute;rteres Sem Fronteiras (RSF) lan&ccedil;ou nesta ter&ccedil;a-feira, 3 de dezembro, <a href=\"http:\/\/latin-america.mom-rsf.org\/es\/\">o site do Monitor de Propriedade dos Meios (MOM, na sigla em ingl&ecirc;s) para a Am&eacute;rica Latina<\/a>, reunindo estudos sobre a propriedade dos meios de comunica&ccedil;&atilde;o em Argentina, <a href=\"https:\/\/knightcenter.utexas.edu\/pt-br\/blog\/00-18976-estudo-de-rsf-e-intervozes-aponta-alta-concentracao-pouca-transparencia-e-interferenci\">Brasil<\/a>, Col&ocirc;mbia, M&eacute;xico e <a href=\"https:\/\/knightcenter.utexas.edu\/pt-br\/blog\/00-17836-alta-concentracao-da-midia-ameaca-liberdade-de-informacao-no-peru-afirma-relatorio-do-\">Peru<\/a>.<\/p>\n<p dir=\"ltr\">Os estudos foram realizados nos &uacute;ltimos quatros anos e analisaram quem s&atilde;o os donos dos ve&iacute;culos de comunica&ccedil;&atilde;o com maiores audi&ecirc;ncias em cada pa&iacute;s no r&aacute;dio, na televis&atilde;o, no meio impresso e na internet.<\/p>\n<p dir=\"ltr\">&ldquo;A transpar&ecirc;ncia da propriedade da m&iacute;dia &eacute; muito importante e permite ampliar o conhecimento do p&uacute;blico, das audi&ecirc;ncias, e permite um maior debate p&uacute;blico&rdquo;, disse Emmanuel Colombi&eacute;, diretor da RSF para a Am&eacute;rica Latina, ao <strong>Centro Knight<\/strong>. &ldquo;Estamos tentando responder a uma s&eacute;rie de perguntas b&aacute;sicas: como as pessoas podem fazer uma leitura cr&iacute;tica da m&iacute;dia sem saber quem a fornece? Como os pr&oacute;prios jornalistas dos grandes ve&iacute;culos podem trabalhar de maneira correta sem saber quem est&aacute; controlando a empresa em que trabalham?&rdquo;&nbsp;<\/p>\n<div style=\"width:400px; font-size:80%; text-align:left; float: left;padding-left:10px;padding-right:10px;\"><a href=\"\" target=\"_blank\" rel=\"noopener noreferrer\"><img decoding=\"async\" src=\"https:\/\/live.staticflickr.com\/65535\/49170720427_21e5d30391_o.png\" style=\"width: 400px;\" \/><\/a>Mapa no site regional MOM Am&eacute;rica Latina mostra indicadores de risco &agrave; pluralidade dos meios na regi&atilde;o. (Reprodu&ccedil;&atilde;o)<\/div>\n<p dir=\"ltr\">Ao evidenciar a propriedade dos meios de comunica&ccedil;&atilde;o, o MOM tamb&eacute;m avalia a pluralidade da m&iacute;dia em cada pa&iacute;s.&nbsp;<\/p>\n<p dir=\"ltr\">&ldquo;A pluralidade &eacute; fundamental porque permite trazer uma diversidade de opini&atilde;o, e justamente no processo de forma&ccedil;&atilde;o da opini&atilde;o &eacute; muito importante ter uma s&eacute;rie de fontes de informa&ccedil;&atilde;o diferentes, an&aacute;lises diferentes, para [o p&uacute;blico] forjar sua pr&oacute;pria opini&atilde;o e participar em debates p&uacute;blicos. Transpar&ecirc;ncia e pluralidade s&atilde;o fundamentais, indicadores fortes do n&iacute;vel da democracia&rdquo;, disse Colombi&eacute;.<\/p>\n<p dir=\"ltr\">O <a href=\"http:\/\/latin-america.mom-rsf.org\/es\/\">novo site traz um mapa que permite comparar<\/a> os indicadores de risco &agrave; pluralidade dos meios nos cinco pa&iacute;ses. O risco de concentra&ccedil;&atilde;o de audi&ecirc;ncia por poucos grupos de m&iacute;dia, por exemplo, &eacute; alto em todos eles.<\/p>\n<p dir=\"ltr\">&ldquo;A Am&eacute;rica Latina &eacute; definitivamente uma das zonas do mundo com maior concentra&ccedil;&atilde;o de audi&ecirc;ncias, onde vemos que s&atilde;o poucas fam&iacute;lias e poucas elites que controlam a informa&ccedil;&atilde;o&rdquo;, disse Nube Alvarez, gerente de projeto do MOM na Am&eacute;rica Latina, ao <strong>Centro Knight<\/strong>.<\/p>\n<p dir=\"ltr\">O objetivo com o novo site &eacute; &ldquo;chegar com os resultados do MOM &agrave;s pessoas que podem aportar mudan&ccedil;as &agrave; legisla&ccedil;&atilde;o para tornar os meios mais plurais&rdquo;, disse Alvarez. Mas tamb&eacute;m chegar a pessoas n&atilde;o iniciadas no tema, para que elas possam entender &ldquo;quem s&atilde;o os donos dos meios e o que significam todos os interesses que eles podem ter com neg&oacute;cios em outros ramos das ind&uacute;strias ou com pol&iacute;ticos&rdquo;.<\/p>\n<p dir=\"ltr\">Os potenciais conflitos de interesses em decorr&ecirc;ncia da participa&ccedil;&atilde;o de donos de meios de comunica&ccedil;&atilde;o em diversos setores da economia, como agroneg&oacute;cio, imobili&aacute;rio e financeiro, por exemplo, s&atilde;o uma constante nos cinco pa&iacute;ses latino-americanos analisados pelo MOM.&nbsp;<\/p>\n<p dir=\"ltr\">&ldquo;O que vemos em v&aacute;rios casos &eacute; que as ind&uacute;strias est&atilde;o crescendo, os donos [de meios] est&atilde;o se tornando mais ricos. Vemos em repetidos pa&iacute;ses que os donos destes conglomerados est&atilde;o entre as pessoas mais ricas do pa&iacute;s e do mundo, como no caso do M&eacute;xico, com <a href=\"http:\/\/mexico.mom-rsf.org\/es\/propietarios\/propietarios-individuales\/detalles\/owner\/\/carlos-slim-helu-2\/\">[Carlos] Slim<\/a> [dono do grupo <a href=\"http:\/\/mexico.mom-rsf.org\/es\/propietarios\/companias\/detalles\/company\/company\/show\/america-movil-sab-de-cv\/\">Am&eacute;rica M&oacute;vil<\/a>]&rdquo;, disse Alvarez.<\/p>\n<p dir=\"ltr\">Ao mesmo tempo, os jornalistas se veem em condi&ccedil;&otilde;es de trabalho cada vez mais precarizadas, observou ela. Tamb&eacute;m por isso as informa&ccedil;&otilde;es sobre a propriedade dos meios devem ser conhecidas n&atilde;o apenas pelo p&uacute;blico, mas pelos jornalistas que neles trabalham, argumentou.<\/p>\n<p dir=\"ltr\">A precariza&ccedil;&atilde;o da profiss&atilde;o fragiliza os jornalistas, que &ldquo;n&atilde;o podem fazer um trabalho cr&iacute;tico quando conhecem as rela&ccedil;&otilde;es de seus chefes com outras ind&uacute;strias, e isso os pode empurrar a desde abandonar a profiss&atilde;o at&eacute; cair em casos de corrup&ccedil;&atilde;o&rdquo;, acredita ela. Do mesmo modo, caso n&atilde;o estejam cientes sobre essas rela&ccedil;&otilde;es, podem acabar fazendo jornalismo voltado para os interesses econ&ocirc;micos dos donos dos meios, e &ldquo;muitas vezes eles [os jornalistas] nem est&atilde;o sabendo disso&rdquo;.<\/p>\n<p dir=\"ltr\">&ldquo;&Eacute; informa&ccedil;&atilde;o que eles tamb&eacute;m deveriam saber, quem s&atilde;o os donos das empresas para as quais trabalham, porque como podem fazer um trabalho cr&iacute;tico [sem saber disso]?&rdquo;, questionou Alvarez.<\/p>\n<p dir=\"ltr\"><strong>Muitos meios, poucos grupos<\/strong><\/p>\n<p dir=\"ltr\">O <a href=\"http:\/\/www.mom-rsf.org\/\">MOM j&aacute; foi realizado em 21 pa&iacute;ses<\/a> ao redor do mundo, sempre em parceria entre a RSF e organiza&ccedil;&otilde;es locais voltadas para o direito &agrave; comunica&ccedil;&atilde;o.&nbsp;<\/p>\n<p dir=\"ltr\">A <a href=\"http:\/\/colombia.mom-rsf.org\/es\/\">Col&ocirc;mbia <\/a>foi o primeiro pa&iacute;s da Am&eacute;rica Latina a receber o mapeamento, em 2015, feito pela Federa&ccedil;&atilde;o Colombiana de Jornalistas (Fecolper, na sigla em espanhol) e RSF. L&aacute;, o estudo encontrou que tr&ecirc;s grupos de m&iacute;dia &ndash;- Organiza&ccedil;&atilde;o Ardila L&uuml;lle, Grupo Santo Domingo e Organiza&ccedil;&atilde;o Luis Carlos Sarmiento Angulo &ndash; <a href=\"http:\/\/colombia.mom-rsf.org\/es\/hallazgos\/concentracion\/\">concentram 55,5% de todo o conte&uacute;do veiculado<\/a> via r&aacute;dio, televis&atilde;o, internet e m&iacute;dia impressa.<\/p>\n<div style=\"width:400px; font-size:80%; text-align:left; float: right;padding-left:10px;padding-right:10px;\"><a href=\"\" target=\"_blank\" rel=\"noopener noreferrer\"><img decoding=\"async\" src=\"https:\/\/live.staticflickr.com\/65535\/49170025338_41e38b4490_o.jpg\" style=\"width: 400px;\" \/><\/a>Emmanuel Colombi&eacute;, da RSF, fala durante primeiro evento de lan&ccedil;amento do site MOM Am&eacute;rica Latina, em S&atilde;o Paulo. (Foto: Carolina de Assis \/ Centro Knight)<\/div>\n<p dir=\"ltr\">No ano seguinte, foi realizado o <a href=\"http:\/\/peru.mom-rsf.org\/es\/\">MOM no Peru<\/a>, com <a href=\"https:\/\/knightcenter.utexas.edu\/pt-br\/blog\/00-17836-alta-concentracao-da-midia-ameaca-liberdade-de-informacao-no-peru-afirma-relatorio-do-\">o site Ojo P&uacute;blico como parceiro local<\/a>. O estudo identificou <a href=\"http:\/\/peru.mom-rsf.org\/es\/hallazgos\/concentracion\/#c4202\">o dom&iacute;nio do Grupo El Comercio no ambiente de m&iacute;dia do pa&iacute;s<\/a>, como propriet&aacute;rio de 16 dos 40 meios analisados pelo MOM, recipiente de 70% da publicidade anual veiculada em r&aacute;dio, TV e internet, e detentor de 80% da circula&ccedil;&atilde;o estimada de jornais impressos e 68% da audi&ecirc;ncia estimada de portais de not&iacute;cias no pa&iacute;s.<\/p>\n<p dir=\"ltr\">No Brasil, <a href=\"https:\/\/knightcenter.utexas.edu\/pt-br\/blog\/00-18976-estudo-de-rsf-e-intervozes-aponta-alta-concentracao-pouca-transparencia-e-interferenci\">o MOM foi realizado em 2017 em parceria com o coletivo Intervozes<\/a> e <a href=\"http:\/\/brazil.mom-rsf.org\/es\/\">analisou os 50 ve&iacute;culos de maior audi&ecirc;ncia<\/a>, que pertencem a 26 grupos. O estudo identificou <a href=\"http:\/\/brazil.mom-rsf.org\/es\/hallazgos\/concentracion\/\">o dom&iacute;nio do Grupo Globo<\/a>, cujos meios det&ecirc;m audi&ecirc;ncia maior do que a soma das audi&ecirc;ncias dos quatros grupos de m&iacute;dia que o seguem no ranking no pa&iacute;s. Uma particularidade brasileira &eacute; a <a href=\"http:\/\/brazil.mom-rsf.org\/es\/hallazgos\/medios-y-iglesias\/\">participa&ccedil;&atilde;o de l&iacute;deres religiosos como donos de meios de comunica&ccedil;&atilde;o<\/a> &ndash; nove meios, entre canais de TV, emissoras de r&aacute;dio, jornais impressos e portais de not&iacute;cias online, s&atilde;o propriedade de lideran&ccedil;as crist&atilde;s, tanto evang&eacute;licas como cat&oacute;licas.<\/p>\n<p dir=\"ltr\">Entre 2017 e 2018, <a href=\"http:\/\/mexico.mom-rsf.org\/es\/\">o MOM foi realizado no M&eacute;xico<\/a>, em parceria com o Centro Nacional de Comunica&ccedil;&atilde;o Social (Cencos). L&aacute;, o estudo identificou <a href=\"http:\/\/mexico.mom-rsf.org\/es\/hallazgos\/afiliaciones\/\">a proximidade entre os propriet&aacute;rios de m&iacute;dia e a pol&iacute;tica: dos 42 meios analisados no pa&iacute;s<\/a>, em 84% dos casos seus donos t&ecirc;m rela&ccedil;&otilde;es familiares ou de neg&oacute;cios com pol&iacute;ticos. O MOM tamb&eacute;m evidenciou <a href=\"http:\/\/mexico.mom-rsf.org\/es\/hallazgos\/seguridad\/\">a prec&aacute;ria situa&ccedil;&atilde;o de jornalistas e comunicadores no M&eacute;xico<\/a>, um dos pa&iacute;ses mais letais para estes profissionais em todo o mundo.<\/p>\n<p dir=\"ltr\">O estudo mais recente foi <a href=\"http:\/\/argentina.mom-rsf.org\/es\/\">realizado na Argentina, entre 2018 e 2019, com o jornal Tiempo Argentino<\/a> como parceiro local. O MOM analisou os 52 principais meios do pa&iacute;s, propriedade de 22 grupos de m&iacute;dia. Apenas <a href=\"http:\/\/argentina.mom-rsf.org\/es\/hallazgos\/concentracion-de-audiencias\/\">o Grupo Clar&iacute;n &eacute; propriet&aacute;rio de 12 destes meios e det&eacute;m 25% da audi&ecirc;ncia argentina<\/a>, al&eacute;m de controlar, junto com o grupo La Naci&oacute;n e o Estado argentino, a Papel Prensa, &uacute;nica empresa produtora de papel jornal no pa&iacute;s.<\/p>\n<p dir=\"ltr\">&ldquo;O pluralismo da m&iacute;dia &eacute; um aspecto fundamental das sociedades democr&aacute;ticas e meios de comunica&ccedil;&atilde;o livres, independentes, diversos, podem refletir pontos de vista divergentes, e permitem a cr&iacute;tica das pessoas no poder&rdquo;, ressaltou Colombi&eacute;. &ldquo;Essa concentra&ccedil;&atilde;o nos mercados que observamos na Am&eacute;rica Latina pode gerar riscos para a diversidade de ideias porque permite que poucos atores exer&ccedil;am uma influ&ecirc;ncia dominante na opini&atilde;o p&uacute;blica, e al&eacute;m disso criar barreiras de entrada para outros atores e outras perspectivas.&rdquo;<\/p>\n<p dir=\"ltr\">Ele tamb&eacute;m observou que um dos aspectos comuns aos pa&iacute;ses analisados &eacute; a concentra&ccedil;&atilde;o geogr&aacute;fica dos meios de maior audi&ecirc;ncia, em geral nas capitais dos pa&iacute;ses e, no caso do Brasil, em S&atilde;o Paulo e Rio de Janeiro. Assim como a dificuldade de reunir informa&ccedil;&otilde;es sobre os propriet&aacute;rios dos meios, pois &ldquo;a maioria das empresas n&atilde;o tem a obriga&ccedil;&atilde;o de divulgar suas estruturas acion&aacute;rias&rdquo;, explicou. &ldquo;Isso tem a ver com os marcos jur&iacute;dicos dos cinco pa&iacute;ses, que n&atilde;o s&atilde;o suficientemente fortes para obrigar essas empresas a divulgar essas informa&ccedil;&otilde;es, que consideramos de interesse p&uacute;blico.&rdquo;<\/p>\n<p dir=\"ltr\">Outra constante nos cinco pa&iacute;ses &eacute; a parca presen&ccedil;a de mulheres nos postos de comando dos meios de maior audi&ecirc;ncia e como propriet&aacute;rias. Na Argentina, entre os 33 propriet&aacute;rios perfilados, h&aacute; apenas uma mulher, <a href=\"http:\/\/argentina.mom-rsf.org\/es\/propietarios\/propietarios-individuales\/detail\/owner\/owner\/show\/marcela-noble-herrera\/\">Marcela Noble Herrera, propriet&aacute;ria de 24,85% das a&ccedil;&otilde;es do Grupo Clar&iacute;n<\/a>, segundo o estudo. No M&eacute;xico, tamb&eacute;m h&aacute; uma mulher, <a href=\"http:\/\/mexico.mom-rsf.org\/es\/propietarios\/propietarios-individuales\/detalles\/owner\/owner\/show\/carmen-aristegui-flores\/\">Carmen Aristegui Flores<\/a>, entre <a href=\"http:\/\/mexico.mom-rsf.org\/es\/propietarios\/propietarios-individuales\/\">os 26 propriet&aacute;rios dos meios<\/a> de maior audi&ecirc;ncia no pa&iacute;s. Na Col&ocirc;mbia, <a href=\"http:\/\/colombia.mom-rsf.org\/es\/proprietarios\/propietarios-individuales\/\">s&atilde;o cinco mulheres entre os 21 perfilados<\/a>. No Peru, <a href=\"http:\/\/peru.mom-rsf.org\/es\/propietarios\/propietarios-individuales\/\">h&aacute; duas mulheres entre os 13 propriet&aacute;rios<\/a> perfilados pelo MOM. No Brasil, <a href=\"http:\/\/brazil.mom-rsf.org\/br\/proprietarios\/pessoas\/\">dos 22 propriet&aacute;rios<\/a>, apenas uma mulher &eacute; individuada, <a href=\"http:\/\/brazil.mom-rsf.org\/br\/proprietarios\/pessoas\/detail\/owner\/owner\/show\/sonia-and-estevan-hernandes\/\">como parte do casal de bispos evang&eacute;licos<\/a> dono do canal de TV Rede Gospel.<\/p>\n<p dir=\"ltr\">Segundo Colombi&eacute;, com o lan&ccedil;amento do site regional, a ideia &eacute; continuar visibilizando os resultados destes estudos em cada pa&iacute;s, suscitando o debate p&uacute;blico e distribuindo recomenda&ccedil;&otilde;es para as autoridades locais de pol&iacute;ticas p&uacute;blicas para fomentar a pluralidade dos meios.&nbsp;<\/p>\n<p dir=\"ltr\">Estas recomenda&ccedil;&otilde;es foram listadas em uma cartilha distribu&iacute;da no <a href=\"https:\/\/www.facebook.com\/intervozes\/videos\/vb.266806120012638\/622363851637310\/?type=2&amp;theater\">primeiro evento de lan&ccedil;amento do site, realizado no dia 3 de dezembro em S&atilde;o Paulo<\/a>. Entre elas est&atilde;o o estabelecimento de &ldquo;regulamenta&ccedil;&otilde;es que impe&ccedil;am e desmontem monop&oacute;lios e oligop&oacute;lios&rdquo; de comunica&ccedil;&atilde;o; a garantia da exist&ecirc;ncia de uma m&iacute;dia p&uacute;blica que funcione &ldquo;de forma independente e aut&ocirc;noma em rela&ccedil;&atilde;o ao governo&rdquo;; o estabelecimento de limites para a propriedade de meios &ldquo;por partidos pol&iacute;ticos ou indiv&iacute;duos envolvidos ativamente na pol&iacute;tica&rdquo;, inclusive seus familiares; e a ado&ccedil;&atilde;o de &ldquo;medidas para proteger o trabalho de jornalistas e comunicadores&rdquo;, incluindo a preven&ccedil;&atilde;o e o combate &agrave; viol&ecirc;ncia contra estes profissionais.<\/p>\n","protected":false},"excerpt":{"rendered":"<p>A organiza\u00e7\u00e3o Rep\u00f3rteres Sem Fronteiras (RSF) lan\u00e7ou nesta ter\u00e7a-feira, 3 de dezembro,\u00a0o site do Monitor de Propriedade dos Meios (MOM, na sigla em ingl\u00eas) para a Am\u00e9rica Latina, reunindo estudos sobre a propriedade dos meios de comunica\u00e7\u00e3o em Argentina,\u00a0Brasil, Col\u00f4mbia, M\u00e9xico e\u00a0Peru.<\/p>\n","protected":false},"author":16,"featured_media":2144,"comment_status":"closed","ping_status":"closed","sticky":false,"template":"","format":"standard","meta":{"inline_featured_image":false,"footnotes":""},"categories":[1210],"tags":[1425,1587,1597],"coauthors":[],"class_list":["post-2146","post","type-post","status-publish","format-standard","has-post-thumbnail","hentry","category-modelo-de-negocio-pt-br","tag-argentina-pt-br","tag-concentracao-de-midia-pt-br","tag-peru-pt-br"],"acf":[],"yoast_head":"<!-- This site is optimized with the Yoast SEO Premium plugin v22.6 (Yoast SEO v27.4) - https:\/\/yoast.com\/product\/yoast-seo-premium-wordpress\/ -->\n<title>Alta concentra\u00e7\u00e3o da propriedade dos meios \u00e9 amea\u00e7a \u00e0 pluralidade em Argentina, Brasil, Col\u00f4mbia, M\u00e9xico e Peru, aponta RSF - LatAm Journalism Review by the Knight Center<\/title>\n<meta name=\"description\" content=\"Alta concentra\u00e7\u00e3o da propriedade dos meios \u00e9 amea\u00e7a \u00e0 pluralidade em Argentina, Brasil, Col\u00f4mbia, M\u00e9xico e Peru, aponta RSF Modelo de neg\u00f3cio. Latin American Journalism Review by The Knight Center at The University of Texas at Austin.\" \/>\n<meta name=\"robots\" content=\"index, follow, max-snippet:-1, max-image-preview:large, max-video-preview:-1\" \/>\n<link rel=\"canonical\" href=\"https:\/\/latamjournalismreview.org\/pt-br\/articles\/alta-concentracao-da-propriedade-dos-meios-e-ameaca-a-pluralidade-em-argentina-brasil-colombia-mexico-e-peru-aponta-rsf\/\" \/>\n<meta property=\"og:locale\" content=\"pt_BR\" \/>\n<meta property=\"og:type\" content=\"article\" \/>\n<meta property=\"og:title\" content=\"Alta concentra\u00e7\u00e3o da propriedade dos meios \u00e9 amea\u00e7a \u00e0 pluralidade em Argentina, Brasil, Col\u00f4mbia, M\u00e9xico e Peru, aponta RSF\" \/>\n<meta property=\"og:description\" content=\"Alta concentra\u00e7\u00e3o da propriedade dos meios \u00e9 amea\u00e7a \u00e0 pluralidade em Argentina, Brasil, Col\u00f4mbia, M\u00e9xico e Peru, aponta RSF Modelo de neg\u00f3cio. Latin American Journalism Review by The Knight Center at The University of Texas at Austin.\" \/>\n<meta property=\"og:url\" content=\"https:\/\/latamjournalismreview.org\/pt-br\/articles\/alta-concentracao-da-propriedade-dos-meios-e-ameaca-a-pluralidade-em-argentina-brasil-colombia-mexico-e-peru-aponta-rsf\/\" \/>\n<meta property=\"og:site_name\" content=\"LatAm Journalism Review by the Knight Center\" \/>\n<meta property=\"article:published_time\" content=\"2019-12-04T18:41:35+00:00\" \/>\n<meta property=\"article:modified_time\" content=\"2020-06-10T14:36:59+00:00\" \/>\n<meta property=\"og:image\" content=\"https:\/\/latamjournalismreview.org\/wp-content\/uploads\/2019\/12\/Emmanuel-Colombi\u00e9-da-RSF-fala-durante-primeiro-evento-de-lan\u00e7amento-do-site-MOM.png\" \/>\n\t<meta property=\"og:image:width\" content=\"400\" \/>\n\t<meta property=\"og:image:height\" content=\"301\" \/>\n\t<meta property=\"og:image:type\" content=\"image\/png\" \/>\n<meta name=\"author\" content=\"Carolina de Assis\" \/>\n<meta name=\"twitter:card\" content=\"summary_large_image\" \/>\n<meta name=\"twitter:creator\" content=\"@LatAmJournalism\" \/>\n<meta name=\"twitter:site\" content=\"@LatAmJournalism\" \/>\n<meta name=\"twitter:label1\" content=\"Written by\" \/>\n\t<meta name=\"twitter:data1\" content=\"Carolina de Assis\" \/>\n\t<meta name=\"twitter:label2\" content=\"Est. reading time\" \/>\n\t<meta name=\"twitter:data2\" content=\"10 minutos\" \/>\n<script type=\"application\/ld+json\" class=\"yoast-schema-graph\">{\"@context\":\"https:\\\/\\\/schema.org\",\"@graph\":[{\"@type\":\"Article\",\"@id\":\"https:\\\/\\\/latamjournalismreview.org\\\/pt-br\\\/articles\\\/alta-concentracao-da-propriedade-dos-meios-e-ameaca-a-pluralidade-em-argentina-brasil-colombia-mexico-e-peru-aponta-rsf\\\/#article\",\"isPartOf\":{\"@id\":\"https:\\\/\\\/latamjournalismreview.org\\\/pt-br\\\/articles\\\/alta-concentracao-da-propriedade-dos-meios-e-ameaca-a-pluralidade-em-argentina-brasil-colombia-mexico-e-peru-aponta-rsf\\\/\"},\"author\":{\"name\":\"Carolina de Assis\",\"@id\":\"https:\\\/\\\/latamjournalismreview.org\\\/pt-br\\\/#\\\/schema\\\/person\\\/f98b544e2f231a237f39a56cc9a00a9a\"},\"headline\":\"Alta concentra\u00e7\u00e3o da propriedade dos meios \u00e9 amea\u00e7a \u00e0 pluralidade em Argentina, Brasil, Col\u00f4mbia, M\u00e9xico e Peru, aponta RSF\",\"datePublished\":\"2019-12-04T18:41:35+00:00\",\"dateModified\":\"2020-06-10T14:36:59+00:00\",\"mainEntityOfPage\":{\"@id\":\"https:\\\/\\\/latamjournalismreview.org\\\/pt-br\\\/articles\\\/alta-concentracao-da-propriedade-dos-meios-e-ameaca-a-pluralidade-em-argentina-brasil-colombia-mexico-e-peru-aponta-rsf\\\/\"},\"wordCount\":2114,\"publisher\":{\"@id\":\"https:\\\/\\\/latamjournalismreview.org\\\/pt-br\\\/#organization\"},\"image\":{\"@id\":\"https:\\\/\\\/latamjournalismreview.org\\\/pt-br\\\/articles\\\/alta-concentracao-da-propriedade-dos-meios-e-ameaca-a-pluralidade-em-argentina-brasil-colombia-mexico-e-peru-aponta-rsf\\\/#primaryimage\"},\"thumbnailUrl\":\"https:\\\/\\\/latamjournalismreview.org\\\/wp-content\\\/uploads\\\/2019\\\/12\\\/Emmanuel-Colombi\u00e9-da-RSF-fala-durante-primeiro-evento-de-lan\u00e7amento-do-site-MOM.png\",\"keywords\":[\"Argentina\",\"Concentra\u00e7\u00e3o de m\u00eddia\",\"Peru\"],\"articleSection\":[\"Modelo de neg\u00f3cio\"],\"inLanguage\":\"pt-BR\"},{\"@type\":\"WebPage\",\"@id\":\"https:\\\/\\\/latamjournalismreview.org\\\/pt-br\\\/articles\\\/alta-concentracao-da-propriedade-dos-meios-e-ameaca-a-pluralidade-em-argentina-brasil-colombia-mexico-e-peru-aponta-rsf\\\/\",\"url\":\"https:\\\/\\\/latamjournalismreview.org\\\/pt-br\\\/articles\\\/alta-concentracao-da-propriedade-dos-meios-e-ameaca-a-pluralidade-em-argentina-brasil-colombia-mexico-e-peru-aponta-rsf\\\/\",\"name\":\"Alta concentra\u00e7\u00e3o da propriedade dos meios \u00e9 amea\u00e7a \u00e0 pluralidade em Argentina, Brasil, Col\u00f4mbia, M\u00e9xico e Peru, aponta RSF - LatAm Journalism Review by the Knight Center\",\"isPartOf\":{\"@id\":\"https:\\\/\\\/latamjournalismreview.org\\\/pt-br\\\/#website\"},\"primaryImageOfPage\":{\"@id\":\"https:\\\/\\\/latamjournalismreview.org\\\/pt-br\\\/articles\\\/alta-concentracao-da-propriedade-dos-meios-e-ameaca-a-pluralidade-em-argentina-brasil-colombia-mexico-e-peru-aponta-rsf\\\/#primaryimage\"},\"image\":{\"@id\":\"https:\\\/\\\/latamjournalismreview.org\\\/pt-br\\\/articles\\\/alta-concentracao-da-propriedade-dos-meios-e-ameaca-a-pluralidade-em-argentina-brasil-colombia-mexico-e-peru-aponta-rsf\\\/#primaryimage\"},\"thumbnailUrl\":\"https:\\\/\\\/latamjournalismreview.org\\\/wp-content\\\/uploads\\\/2019\\\/12\\\/Emmanuel-Colombi\u00e9-da-RSF-fala-durante-primeiro-evento-de-lan\u00e7amento-do-site-MOM.png\",\"datePublished\":\"2019-12-04T18:41:35+00:00\",\"dateModified\":\"2020-06-10T14:36:59+00:00\",\"description\":\"Alta concentra\u00e7\u00e3o da propriedade dos meios \u00e9 amea\u00e7a \u00e0 pluralidade em Argentina, Brasil, Col\u00f4mbia, M\u00e9xico e Peru, aponta RSF Modelo de neg\u00f3cio. Latin American Journalism Review by The Knight Center at The University of Texas at Austin.\",\"breadcrumb\":{\"@id\":\"https:\\\/\\\/latamjournalismreview.org\\\/pt-br\\\/articles\\\/alta-concentracao-da-propriedade-dos-meios-e-ameaca-a-pluralidade-em-argentina-brasil-colombia-mexico-e-peru-aponta-rsf\\\/#breadcrumb\"},\"inLanguage\":\"pt-BR\",\"potentialAction\":[{\"@type\":\"ReadAction\",\"target\":[\"https:\\\/\\\/latamjournalismreview.org\\\/pt-br\\\/articles\\\/alta-concentracao-da-propriedade-dos-meios-e-ameaca-a-pluralidade-em-argentina-brasil-colombia-mexico-e-peru-aponta-rsf\\\/\"]}]},{\"@type\":\"ImageObject\",\"inLanguage\":\"pt-BR\",\"@id\":\"https:\\\/\\\/latamjournalismreview.org\\\/pt-br\\\/articles\\\/alta-concentracao-da-propriedade-dos-meios-e-ameaca-a-pluralidade-em-argentina-brasil-colombia-mexico-e-peru-aponta-rsf\\\/#primaryimage\",\"url\":\"https:\\\/\\\/latamjournalismreview.org\\\/wp-content\\\/uploads\\\/2019\\\/12\\\/Emmanuel-Colombi\u00e9-da-RSF-fala-durante-primeiro-evento-de-lan\u00e7amento-do-site-MOM.png\",\"contentUrl\":\"https:\\\/\\\/latamjournalismreview.org\\\/wp-content\\\/uploads\\\/2019\\\/12\\\/Emmanuel-Colombi\u00e9-da-RSF-fala-durante-primeiro-evento-de-lan\u00e7amento-do-site-MOM.png\",\"width\":400,\"height\":301,\"caption\":\"Emmanuel Colombi\u00e9, da RSF, fala durante primeiro evento de lan\u00e7amento do site MOM\"},{\"@type\":\"BreadcrumbList\",\"@id\":\"https:\\\/\\\/latamjournalismreview.org\\\/pt-br\\\/articles\\\/alta-concentracao-da-propriedade-dos-meios-e-ameaca-a-pluralidade-em-argentina-brasil-colombia-mexico-e-peru-aponta-rsf\\\/#breadcrumb\",\"itemListElement\":[{\"@type\":\"ListItem\",\"position\":1,\"name\":\"Home\",\"item\":\"https:\\\/\\\/latamjournalismreview.org\\\/pt-br\\\/\"},{\"@type\":\"ListItem\",\"position\":2,\"name\":\"Alta concentra\u00e7\u00e3o da propriedade dos meios \u00e9 amea\u00e7a \u00e0 pluralidade em Argentina, Brasil, Col\u00f4mbia, M\u00e9xico e Peru, aponta RSF\"}]},{\"@type\":\"WebSite\",\"@id\":\"https:\\\/\\\/latamjournalismreview.org\\\/pt-br\\\/#website\",\"url\":\"https:\\\/\\\/latamjournalismreview.org\\\/pt-br\\\/\",\"name\":\"LatAm Journalism Review\",\"description\":\"Digital magazine on journalism in Latin America\",\"publisher\":{\"@id\":\"https:\\\/\\\/latamjournalismreview.org\\\/pt-br\\\/#organization\"},\"potentialAction\":[{\"@type\":\"SearchAction\",\"target\":{\"@type\":\"EntryPoint\",\"urlTemplate\":\"https:\\\/\\\/latamjournalismreview.org\\\/pt-br\\\/?s={search_term_string}\"},\"query-input\":{\"@type\":\"PropertyValueSpecification\",\"valueRequired\":true,\"valueName\":\"search_term_string\"}}],\"inLanguage\":\"pt-BR\"},{\"@type\":\"Organization\",\"@id\":\"https:\\\/\\\/latamjournalismreview.org\\\/pt-br\\\/#organization\",\"name\":\"LatAm Journalism Review\",\"url\":\"https:\\\/\\\/latamjournalismreview.org\\\/pt-br\\\/\",\"logo\":{\"@type\":\"ImageObject\",\"inLanguage\":\"pt-BR\",\"@id\":\"https:\\\/\\\/latamjournalismreview.org\\\/pt-br\\\/#\\\/schema\\\/logo\\\/image\\\/\",\"url\":\"https:\\\/\\\/latamjournalismreview.org\\\/wp-content\\\/uploads\\\/2020\\\/05\\\/knight-latAm-review-logo.svg\",\"contentUrl\":\"https:\\\/\\\/latamjournalismreview.org\\\/wp-content\\\/uploads\\\/2020\\\/05\\\/knight-latAm-review-logo.svg\",\"width\":\"1024\",\"height\":\"1024\",\"caption\":\"LatAm Journalism Review\"},\"image\":{\"@id\":\"https:\\\/\\\/latamjournalismreview.org\\\/pt-br\\\/#\\\/schema\\\/logo\\\/image\\\/\"},\"sameAs\":[\"https:\\\/\\\/x.com\\\/LatAmJournalism\"]},{\"@type\":\"Person\",\"@id\":\"https:\\\/\\\/latamjournalismreview.org\\\/pt-br\\\/#\\\/schema\\\/person\\\/f98b544e2f231a237f39a56cc9a00a9a\",\"name\":\"Carolina de Assis\",\"description\":\"Carolina de Assis is a Brazilian journalist and researcher who lives in Juiz de Fora, MG, Brazil. She holds a master's degree in Women\u2019s and Gender Studies from the GEMMA Programme \u2013 Universit\u00e0 di Bologna (Italy) \\\/ Universiteit Utrecht (The Netherlands) and has worked as an editor at G\u00eanero e N\u00famero, a Brazilian digital magazine focused on data journalism and gender issues. She is especially interested in journalistic initiatives aimed at promoting human rights and gender justice. You can find her on Twitter: @caroldeassis _________ Carolina de Assis es una periodista e investigadora brasile\u00f1a que vive en Juiz de Fora, MG, Brasil . Tiene una maestr\u00eda en Estudios de las Mujeres y de G\u00e9nero del programa GEMMA \u2013 Universit\u00e0 di Bologna (Italia) \\\/ Universiteit Utrecht (Holanda). Trabaj\u00f3 como editora en la revista digital brasile\u00f1a G\u00eanero e N\u00famero. Le interesan especialmente iniciativas period\u00edsticas que tienen el objetivo de promover los derechos humanos y la justicia de g\u00e9nero. Puedes encontrarla en Twitter: @caroldeassis. _______ Carolina de Assis \u00e9 uma jornalista e pesquisadora brasileira que vive em Juiz de Fora (MG). \u00c9 mestra em Estudos da Mulher e de G\u00eanero pelo programa GEMMA \u2013 Universit\u00e0 di Bologna (It\u00e1lia) \\\/ Universiteit Utrecht (Holanda). Trabalhou como editora na revista digital G\u00eanero e N\u00famero e se interessa especialmente por iniciativas jornal\u00edsticas que promovam os direitos humanos e a justi\u00e7a de g\u00eanero. Voc\u00ea pode encontr\u00e1-la no Twitter em @caroldeassis.\",\"url\":\"https:\\\/\\\/latamjournalismreview.org\\\/pt-br\\\/articles\\\/author\\\/carolina-de-assis\\\/\"}]}<\/script>\n<!-- \/ Yoast SEO Premium plugin. -->","yoast_head_json":{"title":"Alta concentra\u00e7\u00e3o da propriedade dos meios \u00e9 amea\u00e7a \u00e0 pluralidade em Argentina, Brasil, Col\u00f4mbia, M\u00e9xico e Peru, aponta RSF - LatAm Journalism Review by the Knight Center","description":"Alta concentra\u00e7\u00e3o da propriedade dos meios \u00e9 amea\u00e7a \u00e0 pluralidade em Argentina, Brasil, Col\u00f4mbia, M\u00e9xico e Peru, aponta RSF Modelo de neg\u00f3cio. Latin American Journalism Review by The Knight Center at The University of Texas at Austin.","robots":{"index":"index","follow":"follow","max-snippet":"max-snippet:-1","max-image-preview":"max-image-preview:large","max-video-preview":"max-video-preview:-1"},"canonical":"https:\/\/latamjournalismreview.org\/pt-br\/articles\/alta-concentracao-da-propriedade-dos-meios-e-ameaca-a-pluralidade-em-argentina-brasil-colombia-mexico-e-peru-aponta-rsf\/","og_locale":"pt_BR","og_type":"article","og_title":"Alta concentra\u00e7\u00e3o da propriedade dos meios \u00e9 amea\u00e7a \u00e0 pluralidade em Argentina, Brasil, Col\u00f4mbia, M\u00e9xico e Peru, aponta RSF","og_description":"Alta concentra\u00e7\u00e3o da propriedade dos meios \u00e9 amea\u00e7a \u00e0 pluralidade em Argentina, Brasil, Col\u00f4mbia, M\u00e9xico e Peru, aponta RSF Modelo de neg\u00f3cio. Latin American Journalism Review by The Knight Center at The University of Texas at Austin.","og_url":"https:\/\/latamjournalismreview.org\/pt-br\/articles\/alta-concentracao-da-propriedade-dos-meios-e-ameaca-a-pluralidade-em-argentina-brasil-colombia-mexico-e-peru-aponta-rsf\/","og_site_name":"LatAm Journalism Review by the Knight Center","article_published_time":"2019-12-04T18:41:35+00:00","article_modified_time":"2020-06-10T14:36:59+00:00","og_image":[{"width":400,"height":301,"url":"https:\/\/latamjournalismreview.org\/wp-content\/uploads\/2019\/12\/Emmanuel-Colombi\u00e9-da-RSF-fala-durante-primeiro-evento-de-lan\u00e7amento-do-site-MOM.png","type":"image\/png"}],"author":"Carolina de Assis","twitter_card":"summary_large_image","twitter_creator":"@LatAmJournalism","twitter_site":"@LatAmJournalism","twitter_misc":{"Written by":"Carolina de Assis","Est. reading time":"10 minutos"},"schema":{"@context":"https:\/\/schema.org","@graph":[{"@type":"Article","@id":"https:\/\/latamjournalismreview.org\/pt-br\/articles\/alta-concentracao-da-propriedade-dos-meios-e-ameaca-a-pluralidade-em-argentina-brasil-colombia-mexico-e-peru-aponta-rsf\/#article","isPartOf":{"@id":"https:\/\/latamjournalismreview.org\/pt-br\/articles\/alta-concentracao-da-propriedade-dos-meios-e-ameaca-a-pluralidade-em-argentina-brasil-colombia-mexico-e-peru-aponta-rsf\/"},"author":{"name":"Carolina de Assis","@id":"https:\/\/latamjournalismreview.org\/pt-br\/#\/schema\/person\/f98b544e2f231a237f39a56cc9a00a9a"},"headline":"Alta concentra\u00e7\u00e3o da propriedade dos meios \u00e9 amea\u00e7a \u00e0 pluralidade em Argentina, Brasil, Col\u00f4mbia, M\u00e9xico e Peru, aponta RSF","datePublished":"2019-12-04T18:41:35+00:00","dateModified":"2020-06-10T14:36:59+00:00","mainEntityOfPage":{"@id":"https:\/\/latamjournalismreview.org\/pt-br\/articles\/alta-concentracao-da-propriedade-dos-meios-e-ameaca-a-pluralidade-em-argentina-brasil-colombia-mexico-e-peru-aponta-rsf\/"},"wordCount":2114,"publisher":{"@id":"https:\/\/latamjournalismreview.org\/pt-br\/#organization"},"image":{"@id":"https:\/\/latamjournalismreview.org\/pt-br\/articles\/alta-concentracao-da-propriedade-dos-meios-e-ameaca-a-pluralidade-em-argentina-brasil-colombia-mexico-e-peru-aponta-rsf\/#primaryimage"},"thumbnailUrl":"https:\/\/latamjournalismreview.org\/wp-content\/uploads\/2019\/12\/Emmanuel-Colombi\u00e9-da-RSF-fala-durante-primeiro-evento-de-lan\u00e7amento-do-site-MOM.png","keywords":["Argentina","Concentra\u00e7\u00e3o de m\u00eddia","Peru"],"articleSection":["Modelo de neg\u00f3cio"],"inLanguage":"pt-BR"},{"@type":"WebPage","@id":"https:\/\/latamjournalismreview.org\/pt-br\/articles\/alta-concentracao-da-propriedade-dos-meios-e-ameaca-a-pluralidade-em-argentina-brasil-colombia-mexico-e-peru-aponta-rsf\/","url":"https:\/\/latamjournalismreview.org\/pt-br\/articles\/alta-concentracao-da-propriedade-dos-meios-e-ameaca-a-pluralidade-em-argentina-brasil-colombia-mexico-e-peru-aponta-rsf\/","name":"Alta concentra\u00e7\u00e3o da propriedade dos meios \u00e9 amea\u00e7a \u00e0 pluralidade em Argentina, Brasil, Col\u00f4mbia, M\u00e9xico e Peru, aponta RSF - LatAm Journalism Review by the Knight Center","isPartOf":{"@id":"https:\/\/latamjournalismreview.org\/pt-br\/#website"},"primaryImageOfPage":{"@id":"https:\/\/latamjournalismreview.org\/pt-br\/articles\/alta-concentracao-da-propriedade-dos-meios-e-ameaca-a-pluralidade-em-argentina-brasil-colombia-mexico-e-peru-aponta-rsf\/#primaryimage"},"image":{"@id":"https:\/\/latamjournalismreview.org\/pt-br\/articles\/alta-concentracao-da-propriedade-dos-meios-e-ameaca-a-pluralidade-em-argentina-brasil-colombia-mexico-e-peru-aponta-rsf\/#primaryimage"},"thumbnailUrl":"https:\/\/latamjournalismreview.org\/wp-content\/uploads\/2019\/12\/Emmanuel-Colombi\u00e9-da-RSF-fala-durante-primeiro-evento-de-lan\u00e7amento-do-site-MOM.png","datePublished":"2019-12-04T18:41:35+00:00","dateModified":"2020-06-10T14:36:59+00:00","description":"Alta concentra\u00e7\u00e3o da propriedade dos meios \u00e9 amea\u00e7a \u00e0 pluralidade em Argentina, Brasil, Col\u00f4mbia, M\u00e9xico e Peru, aponta RSF Modelo de neg\u00f3cio. Latin American Journalism Review by The Knight Center at The University of Texas at Austin.","breadcrumb":{"@id":"https:\/\/latamjournalismreview.org\/pt-br\/articles\/alta-concentracao-da-propriedade-dos-meios-e-ameaca-a-pluralidade-em-argentina-brasil-colombia-mexico-e-peru-aponta-rsf\/#breadcrumb"},"inLanguage":"pt-BR","potentialAction":[{"@type":"ReadAction","target":["https:\/\/latamjournalismreview.org\/pt-br\/articles\/alta-concentracao-da-propriedade-dos-meios-e-ameaca-a-pluralidade-em-argentina-brasil-colombia-mexico-e-peru-aponta-rsf\/"]}]},{"@type":"ImageObject","inLanguage":"pt-BR","@id":"https:\/\/latamjournalismreview.org\/pt-br\/articles\/alta-concentracao-da-propriedade-dos-meios-e-ameaca-a-pluralidade-em-argentina-brasil-colombia-mexico-e-peru-aponta-rsf\/#primaryimage","url":"https:\/\/latamjournalismreview.org\/wp-content\/uploads\/2019\/12\/Emmanuel-Colombi\u00e9-da-RSF-fala-durante-primeiro-evento-de-lan\u00e7amento-do-site-MOM.png","contentUrl":"https:\/\/latamjournalismreview.org\/wp-content\/uploads\/2019\/12\/Emmanuel-Colombi\u00e9-da-RSF-fala-durante-primeiro-evento-de-lan\u00e7amento-do-site-MOM.png","width":400,"height":301,"caption":"Emmanuel Colombi\u00e9, da RSF, fala durante primeiro evento de lan\u00e7amento do site MOM"},{"@type":"BreadcrumbList","@id":"https:\/\/latamjournalismreview.org\/pt-br\/articles\/alta-concentracao-da-propriedade-dos-meios-e-ameaca-a-pluralidade-em-argentina-brasil-colombia-mexico-e-peru-aponta-rsf\/#breadcrumb","itemListElement":[{"@type":"ListItem","position":1,"name":"Home","item":"https:\/\/latamjournalismreview.org\/pt-br\/"},{"@type":"ListItem","position":2,"name":"Alta concentra\u00e7\u00e3o da propriedade dos meios \u00e9 amea\u00e7a \u00e0 pluralidade em Argentina, Brasil, Col\u00f4mbia, M\u00e9xico e Peru, aponta RSF"}]},{"@type":"WebSite","@id":"https:\/\/latamjournalismreview.org\/pt-br\/#website","url":"https:\/\/latamjournalismreview.org\/pt-br\/","name":"LatAm Journalism Review","description":"Digital magazine on journalism in Latin America","publisher":{"@id":"https:\/\/latamjournalismreview.org\/pt-br\/#organization"},"potentialAction":[{"@type":"SearchAction","target":{"@type":"EntryPoint","urlTemplate":"https:\/\/latamjournalismreview.org\/pt-br\/?s={search_term_string}"},"query-input":{"@type":"PropertyValueSpecification","valueRequired":true,"valueName":"search_term_string"}}],"inLanguage":"pt-BR"},{"@type":"Organization","@id":"https:\/\/latamjournalismreview.org\/pt-br\/#organization","name":"LatAm Journalism Review","url":"https:\/\/latamjournalismreview.org\/pt-br\/","logo":{"@type":"ImageObject","inLanguage":"pt-BR","@id":"https:\/\/latamjournalismreview.org\/pt-br\/#\/schema\/logo\/image\/","url":"https:\/\/latamjournalismreview.org\/wp-content\/uploads\/2020\/05\/knight-latAm-review-logo.svg","contentUrl":"https:\/\/latamjournalismreview.org\/wp-content\/uploads\/2020\/05\/knight-latAm-review-logo.svg","width":"1024","height":"1024","caption":"LatAm Journalism Review"},"image":{"@id":"https:\/\/latamjournalismreview.org\/pt-br\/#\/schema\/logo\/image\/"},"sameAs":["https:\/\/x.com\/LatAmJournalism"]},{"@type":"Person","@id":"https:\/\/latamjournalismreview.org\/pt-br\/#\/schema\/person\/f98b544e2f231a237f39a56cc9a00a9a","name":"Carolina de Assis","description":"Carolina de Assis is a Brazilian journalist and researcher who lives in Juiz de Fora, MG, Brazil. She holds a master's degree in Women\u2019s and Gender Studies from the GEMMA Programme \u2013 Universit\u00e0 di Bologna (Italy) \/ Universiteit Utrecht (The Netherlands) and has worked as an editor at G\u00eanero e N\u00famero, a Brazilian digital magazine focused on data journalism and gender issues. She is especially interested in journalistic initiatives aimed at promoting human rights and gender justice. You can find her on Twitter: @caroldeassis _________ Carolina de Assis es una periodista e investigadora brasile\u00f1a que vive en Juiz de Fora, MG, Brasil . Tiene una maestr\u00eda en Estudios de las Mujeres y de G\u00e9nero del programa GEMMA \u2013 Universit\u00e0 di Bologna (Italia) \/ Universiteit Utrecht (Holanda). Trabaj\u00f3 como editora en la revista digital brasile\u00f1a G\u00eanero e N\u00famero. Le interesan especialmente iniciativas period\u00edsticas que tienen el objetivo de promover los derechos humanos y la justicia de g\u00e9nero. Puedes encontrarla en Twitter: @caroldeassis. _______ Carolina de Assis \u00e9 uma jornalista e pesquisadora brasileira que vive em Juiz de Fora (MG). \u00c9 mestra em Estudos da Mulher e de G\u00eanero pelo programa GEMMA \u2013 Universit\u00e0 di Bologna (It\u00e1lia) \/ Universiteit Utrecht (Holanda). Trabalhou como editora na revista digital G\u00eanero e N\u00famero e se interessa especialmente por iniciativas jornal\u00edsticas que promovam os direitos humanos e a justi\u00e7a de g\u00eanero. Voc\u00ea pode encontr\u00e1-la no Twitter em @caroldeassis.","url":"https:\/\/latamjournalismreview.org\/pt-br\/articles\/author\/carolina-de-assis\/"}]}},"_links":{"self":[{"href":"https:\/\/latamjournalismreview.org\/pt-br\/wp-json\/wp\/v2\/posts\/2146","targetHints":{"allow":["GET"]}}],"collection":[{"href":"https:\/\/latamjournalismreview.org\/pt-br\/wp-json\/wp\/v2\/posts"}],"about":[{"href":"https:\/\/latamjournalismreview.org\/pt-br\/wp-json\/wp\/v2\/types\/post"}],"author":[{"embeddable":true,"href":"https:\/\/latamjournalismreview.org\/pt-br\/wp-json\/wp\/v2\/users\/16"}],"replies":[{"embeddable":true,"href":"https:\/\/latamjournalismreview.org\/pt-br\/wp-json\/wp\/v2\/comments?post=2146"}],"version-history":[{"count":4,"href":"https:\/\/latamjournalismreview.org\/pt-br\/wp-json\/wp\/v2\/posts\/2146\/revisions"}],"predecessor-version":[{"id":6035,"href":"https:\/\/latamjournalismreview.org\/pt-br\/wp-json\/wp\/v2\/posts\/2146\/revisions\/6035"}],"wp:featuredmedia":[{"embeddable":true,"href":"https:\/\/latamjournalismreview.org\/pt-br\/wp-json\/wp\/v2\/media\/2144"}],"wp:attachment":[{"href":"https:\/\/latamjournalismreview.org\/pt-br\/wp-json\/wp\/v2\/media?parent=2146"}],"wp:term":[{"taxonomy":"category","embeddable":true,"href":"https:\/\/latamjournalismreview.org\/pt-br\/wp-json\/wp\/v2\/categories?post=2146"},{"taxonomy":"post_tag","embeddable":true,"href":"https:\/\/latamjournalismreview.org\/pt-br\/wp-json\/wp\/v2\/tags?post=2146"},{"taxonomy":"author","embeddable":true,"href":"https:\/\/latamjournalismreview.org\/pt-br\/wp-json\/wp\/v2\/coauthors?post=2146"}],"curies":[{"name":"wp","href":"https:\/\/api.w.org\/{rel}","templated":true}]}}