{"id":2151,"date":"2019-12-04T13:45:49","date_gmt":"2019-12-04T18:45:49","guid":{"rendered":"https:\/\/live-lajr.pantheonsite.io\/?p=2151"},"modified":"2020-06-10T09:41:51","modified_gmt":"2020-06-10T14:41:51","slug":"prefeito-do-rio-ameaca-jornalistas-e-anuncia-boicote-a-jornal-depois-de-reportagem-sobre-suposto-pagamento-de-propina","status":"publish","type":"post","link":"https:\/\/latamjournalismreview.org\/pt-br\/articles\/prefeito-do-rio-ameaca-jornalistas-e-anuncia-boicote-a-jornal-depois-de-reportagem-sobre-suposto-pagamento-de-propina\/","title":{"rendered":"Prefeito do Rio amea\u00e7a jornalistas e anuncia boicote a jornal depois de reportagem sobre suposto pagamento de propina"},"content":{"rendered":"<p style=\"font-weight: 400;\"><span style=\"font-weight: inherit; font-style: inherit;\">O prefeito do Rio de Janeiro, Marcelo Crivella,\u00a0<\/span><a style=\"font-weight: inherit; font-style: inherit;\" href=\"https:\/\/www.facebook.com\/prefeitocrivella\/videos\/921060978288071\/\">cortou rela\u00e7\u00f5es da prefeitura com o jornal O Globo<\/a>, o maior da cidade e editado pelo Grupo Globo, o maior grupo de comunica\u00e7\u00e3o do pa\u00eds. Como efeito pr\u00e1tico, nesta ter\u00e7a-feira,\u00a0<a style=\"font-weight: inherit; font-style: inherit;\" href=\"https:\/\/oglobo.globo.com\/rio\/prefeitura-proibe-jornalistas-do-globo-de-participar-de-coletiva-de-imprensa-sobre-reveillon-1-24115080\">dois jornalistas do ve\u00edculo foram impedidos de participar da coletiva de imprensa sobre a festa de r\u00e9veillon da cidade<\/a>, que atrai anualmente milh\u00f5es de turistas do Brasil e do mundo.<\/p>\n<div id=\"attachment_2152\" style=\"width: 310px\" class=\"wp-caption alignleft\"><img loading=\"lazy\" decoding=\"async\" aria-describedby=\"caption-attachment-2152\" class=\"wp-image-2152 size-medium\" src=\"https:\/\/live-lajr.pantheonsite.io\/wp-content\/uploads\/2020\/05\/Prefeito-do-Rio-Marcelo-Crivella-e-equipe-de-comunica\u00e7\u00e3o-da-prefeitura-300x180.jpg\" alt=\"Prefeito do Rio\" width=\"300\" height=\"180\" srcset=\"https:\/\/latamjournalismreview.org\/wp-content\/uploads\/2020\/05\/Prefeito-do-Rio-Marcelo-Crivella-e-equipe-de-comunica\u00e7\u00e3o-da-prefeitura-300x180.jpg 300w, https:\/\/latamjournalismreview.org\/wp-content\/uploads\/2020\/05\/Prefeito-do-Rio-Marcelo-Crivella-e-equipe-de-comunica\u00e7\u00e3o-da-prefeitura.jpg 320w\" sizes=\"auto, (max-width: 300px) 100vw, 300px\" \/><p id=\"caption-attachment-2152\" class=\"wp-caption-text\">Prefeito do Rio, Marcelo Crivella, e equipe de comunica\u00e7\u00e3o da prefeitura atacam jornalistas do Globo. Foto: reprodu\u00e7\u00e3o<\/p><\/div>\n<p style=\"font-weight: 400;\"><span style=\"font-weight: inherit; font-style: inherit;\">No v\u00eddeo em anuncia o boicote, postado na noite de domingo, dia 1\u00ba de dezembro, Crivella e o chefe da comunica\u00e7\u00e3o da prefeitura, o jornalista Daniel Pereira, chamam o jornal de \u201cpanfleto pol\u00edtico\u201d e relacionam a cobertura cr\u00edtica feita pelo jornal \u00e0 redu\u00e7\u00e3o da compra de an\u00fancios por parte da prefeitura. Pereira diz que as demandas do jornal \u00e0 prefeitura s\u00e3o \u201c70% de pauta negativa.\u201d Eles dizem que, por causa disso, n\u00e3o mais atender\u00e3o as demandas dos rep\u00f3rteres da publica\u00e7\u00e3o.<\/span><\/p>\n<p style=\"font-weight: 400;\"><span style=\"font-weight: inherit; font-style: inherit;\">Na segunda-feira, dia 2, o prefeito publica outro v\u00eddeo no Facebook, desta vez amea\u00e7ando processar dois rep\u00f3rteres que assinam uma reportagem sobre uma investiga\u00e7\u00e3o do Minist\u00e9rio P\u00fablico que acusa servidores do munic\u00edpio de cobrarem propina para liberar pagamentos a empresas.\u00a0<\/span><a style=\"font-weight: inherit; font-style: inherit;\" href=\"https:\/\/www.facebook.com\/watch\/?v=3023463687877868\">Ele se refere aos jornalistas como \u201cpatifes\u201d, \u201ccanalhas\u201d e \u201csem car\u00e1ter\u201d.<\/a><span style=\"font-weight: inherit; font-style: inherit;\">\u00a0Neste v\u00eddeo, ele aparece cercado pelos profissionais que trabalham na comunica\u00e7\u00e3o da prefeitura.\u00a0<\/span><\/p>\n<p style=\"font-weight: 400;\"><span style=\"font-weight: inherit; font-style: inherit;\">Como j\u00e1 mencionado, nesta ter\u00e7a-feira, 3 de dezembro,\u00a0<\/span><a style=\"font-weight: inherit; font-style: inherit;\" href=\"https:\/\/oglobo.globo.com\/rio\/prefeitura-proibe-jornalistas-do-globo-de-participar-de-coletiva-de-imprensa-sobre-reveillon-1-24115080\">a prefeitura proibiu um rep\u00f3rter e um fot\u00f3grafo do Globo<\/a><span style=\"font-weight: inherit; font-style: inherit;\">\u00a0de participarem da coletiva de imprensa sobre a festa de r\u00e9veillon na orla de Copacabana. Outros jornalistas de ve\u00edculos de propriedade do Grupo Globo desistiram de participar da entrevista em solidariedade aos colegas.<\/span><\/p>\n<p style=\"font-weight: 400;\"><img loading=\"lazy\" decoding=\"async\" class=\"size-medium wp-image-2155 alignright\" src=\"https:\/\/live-lajr.pantheonsite.io\/wp-content\/uploads\/2020\/05\/Reportagem-sobre-investiga\u00e7\u00e3o-de-propina-na-prefeitura-irritou-o-prefeito-do-Rio-300x280.jpg\" alt=\"\" width=\"300\" height=\"280\" srcset=\"https:\/\/latamjournalismreview.org\/wp-content\/uploads\/2020\/05\/Reportagem-sobre-investiga\u00e7\u00e3o-de-propina-na-prefeitura-irritou-o-prefeito-do-Rio-300x280.jpg 300w, https:\/\/latamjournalismreview.org\/wp-content\/uploads\/2020\/05\/Reportagem-sobre-investiga\u00e7\u00e3o-de-propina-na-prefeitura-irritou-o-prefeito-do-Rio.jpg 320w\" sizes=\"auto, (max-width: 300px) 100vw, 300px\" \/><\/p>\n<p style=\"font-weight: 400;\">Reportagem sobre investiga\u00e7\u00e3o de propina na prefeitura irritou o prefeito do Rio. Foto: reprodu\u00e7\u00e3o<\/p>\n<p style=\"font-weight: 400;\"><span style=\"font-weight: inherit; font-style: inherit;\">Em nota, o jornal o Globo disse que \u201cao n\u00e3o atender a essas demandas, o prefeito deixa de prestar esclarecimentos n\u00e3o ao jornal, mas \u00e0 popula\u00e7\u00e3o do Rio de Janeiro, que o elegeu\u201d.\u00a0<\/span><a style=\"font-weight: inherit; font-style: inherit;\" href=\"https:\/\/oglobo.globo.com\/rio\/crivella-ofende-jornalistas-do-globo-apos-publicacao-de-reportagem-1-24113332\">O jornal informou ainda que pretende continuar fazendo solicita\u00e7\u00f5es<\/a><span style=\"font-weight: inherit; font-style: inherit;\">\u00a0\u201ce dando espa\u00e7o \u00e0 prefeitura antes de publicar reportagens sobre a gest\u00e3o municipal e suas autoridades.\u201d\u00a0<\/span><\/p>\n<p style=\"font-weight: 400;\"><span style=\"font-weight: inherit; font-style: inherit;\">\u201cLamentavelmente,\u00a0<\/span><a style=\"font-weight: inherit; font-style: inherit;\" href=\"https:\/\/oglobo.globo.com\/rio\/entidades-repudiam-decisao-de-crivella-de-nao-atender-mais-solicitacoes-do-globo-24113778\">o prefeito age de forma pouco transparente ao vetar que a prefeitura forne\u00e7a respostas a O Globo<\/a><span style=\"font-weight: inherit; font-style: inherit;\">. A prefeitura \u00e9 estrutura p\u00fablica e, nesta condi\u00e7\u00e3o, teria o dever de prestar contas para a sociedade. Com a recusa, perde oportunidade de fornecer seu contraponto e oferecer explica\u00e7\u00f5es,\u201d disse ao Globo Marcelo Rech, presidente da Associa\u00e7\u00e3o Nacional de Jornais.<\/span><\/p>\n<p style=\"font-weight: 400;\"><span style=\"font-weight: inherit; font-style: inherit;\">J\u00e1 o presidente da Associa\u00e7\u00e3o Brasileira de Imprensa (ABI),\u00a0<\/span><a style=\"font-weight: inherit; font-style: inherit;\" href=\"http:\/\/www.abi.org.br\/crivella-nega-dados-para-o-globo-e-insulta-constituicao\/\">Paulo Jer\u00f4nimo de Sousa, classificou em nota o comportamento de Crivella como \u201cpat\u00e9tico\u201d<\/a><span style=\"font-weight: inherit; font-style: inherit;\">. \u201cPrimeiro,\u00a0<\/span><a style=\"font-weight: inherit; font-style: inherit;\" href=\"https:\/\/knightcenter.utexas.edu\/pt-br\/blog\/00-21429-governo-bolsonaro-exclui-folha-de-s-paulo-de-licitacao-e-presidente-recomenda-que-popu\">o presidente da Rep\u00fablica [Jair Bolsonaro]<\/a><span style=\"font-weight: inherit; font-style: inherit;\">\u00a0imita o [presidente dos EUA] Donald Trump perseguindo jornalistas e ve\u00edculos de imprensa; agora, Crivella resolveu ir pelo mesmo caminho do desrespeito \u00e0 imprensa.\u201d\u00a0<\/span><\/p>\n<p style=\"font-weight: 400;\"><span style=\"font-weight: inherit; font-style: inherit;\"><a style=\"font-weight: inherit; font-style: inherit;\" href=\"https:\/\/abraji.org.br\/crivella-e-chefe-da-comunicacao-da-prefeitura-do-rio-violam-a-constituicao-federal\">A Associa\u00e7\u00e3o Brasileira de Jornalismo Investigativo (Abraji) criticou a decis\u00e3o<\/a><\/span><span style=\"font-weight: inherit; font-style: inherit;\">\u00a0do prefeito do Rio e alegou que contraria quatro itens da constitui\u00e7\u00e3o: \u201ca a\u00e7\u00e3o contraria os princ\u00edpios da impessoalidade e da publicidade da administra\u00e7\u00e3o p\u00fablica. Viola, ainda, dois direitos fundamentais: a liberdade de express\u00e3o e o direito de acesso a informa\u00e7\u00f5es.\u201d<\/span><\/p>\n<p style=\"font-weight: 400;\"><span style=\"font-weight: inherit; font-style: inherit;\">A organiza\u00e7\u00e3o lembra ainda que Crivella \u00e9 sobrinho de Edir Macedo, propriet\u00e1rio da Record TV, uma das principais concorrentes da TV Globo. \u201cDeixar de atender a um jornal por n\u00e3o gostar dos fatos divulgados seria uma atitude apenas infantil, se n\u00e3o partisse de um agente p\u00fablico \u2013 que tem por obriga\u00e7\u00e3o dar satisfa\u00e7\u00f5es \u00e0 sociedade sobre suas a\u00e7\u00f5es e omiss\u00f5es,\u201d diz o comunicado da Abraji.<\/span><\/p>\n","protected":false},"excerpt":{"rendered":"<p>O prefeito do Rio de Janeiro, Marcelo Crivella,\u00a0cortou rela\u00e7\u00f5es da prefeitura com o jornal O Globo, o maior da cidade e editado pelo Grupo Globo, o maior grupo de comunica\u00e7\u00e3o do pa\u00eds. Como efeito pr\u00e1tico, nesta ter\u00e7a-feira,\u00a0dois jornalistas do ve\u00edculo foram impedidos de participar da coletiva de imprensa sobre a festa de r\u00e9veillon da cidade, que atrai anualmente milh\u00f5es de turistas do Brasil e do mundo.<\/p>\n","protected":false},"author":5,"featured_media":2152,"comment_status":"closed","ping_status":"closed","sticky":false,"template":"","format":"standard","meta":{"inline_featured_image":false,"footnotes":""},"categories":[1219],"tags":[1613],"coauthors":[],"class_list":["post-2151","post","type-post","status-publish","format-standard","has-post-thumbnail","hentry","category-liberdade-de-imprensa-pt-br","tag-ameacas-a-jornalistas-pt-br"],"acf":[],"yoast_head":"<!-- This site is optimized with the Yoast SEO Premium plugin v22.6 (Yoast SEO v27.4) - https:\/\/yoast.com\/product\/yoast-seo-premium-wordpress\/ -->\n<title>Prefeito do Rio amea\u00e7a jornalistas e anuncia boicote a jornal depois de reportagem sobre suposto pagamento de propina - LatAm Journalism Review by the Knight Center<\/title>\n<meta name=\"description\" content=\"Prefeito do Rio amea\u00e7a jornalistas e anuncia boicote a jornal depois de reportagem sobre suposto pagamento de propina . Latin American Journalism Review by The Knight Center at The University of Texas at Austin.\" \/>\n<meta name=\"robots\" content=\"index, follow, max-snippet:-1, max-image-preview:large, max-video-preview:-1\" \/>\n<link rel=\"canonical\" href=\"https:\/\/latamjournalismreview.org\/pt-br\/articles\/prefeito-do-rio-ameaca-jornalistas-e-anuncia-boicote-a-jornal-depois-de-reportagem-sobre-suposto-pagamento-de-propina\/\" \/>\n<meta property=\"og:locale\" content=\"pt_BR\" \/>\n<meta property=\"og:type\" content=\"article\" \/>\n<meta property=\"og:title\" content=\"Prefeito do Rio amea\u00e7a jornalistas e anuncia boicote a jornal depois de reportagem sobre suposto pagamento de propina\" \/>\n<meta property=\"og:description\" content=\"Prefeito do Rio amea\u00e7a jornalistas e anuncia boicote a jornal depois de reportagem sobre suposto pagamento de propina . Latin American Journalism Review by The Knight Center at The University of Texas at Austin.\" \/>\n<meta property=\"og:url\" content=\"https:\/\/latamjournalismreview.org\/pt-br\/articles\/prefeito-do-rio-ameaca-jornalistas-e-anuncia-boicote-a-jornal-depois-de-reportagem-sobre-suposto-pagamento-de-propina\/\" \/>\n<meta property=\"og:site_name\" content=\"LatAm Journalism Review by the Knight Center\" \/>\n<meta property=\"article:published_time\" content=\"2019-12-04T18:45:49+00:00\" \/>\n<meta property=\"article:modified_time\" content=\"2020-06-10T14:41:51+00:00\" \/>\n<meta property=\"og:image\" content=\"https:\/\/latamjournalismreview.org\/wp-content\/uploads\/2020\/05\/Prefeito-do-Rio-Marcelo-Crivella-e-equipe-de-comunica\u00e7\u00e3o-da-prefeitura.jpg\" \/>\n\t<meta property=\"og:image:width\" content=\"320\" \/>\n\t<meta property=\"og:image:height\" content=\"192\" \/>\n\t<meta property=\"og:image:type\" content=\"image\/jpeg\" \/>\n<meta name=\"author\" content=\"J\u00falio Lubianco\" \/>\n<meta name=\"twitter:card\" content=\"summary_large_image\" \/>\n<meta name=\"twitter:creator\" content=\"@jlubianco\" \/>\n<meta name=\"twitter:site\" content=\"@LatAmJournalism\" \/>\n<meta name=\"twitter:label1\" content=\"Written by\" \/>\n\t<meta name=\"twitter:data1\" content=\"J\u00falio Lubianco\" \/>\n\t<meta name=\"twitter:label2\" content=\"Est. reading time\" \/>\n\t<meta name=\"twitter:data2\" content=\"3 minutos\" \/>\n<script type=\"application\/ld+json\" class=\"yoast-schema-graph\">{\"@context\":\"https:\\\/\\\/schema.org\",\"@graph\":[{\"@type\":\"Article\",\"@id\":\"https:\\\/\\\/latamjournalismreview.org\\\/pt-br\\\/articles\\\/prefeito-do-rio-ameaca-jornalistas-e-anuncia-boicote-a-jornal-depois-de-reportagem-sobre-suposto-pagamento-de-propina\\\/#article\",\"isPartOf\":{\"@id\":\"https:\\\/\\\/latamjournalismreview.org\\\/pt-br\\\/articles\\\/prefeito-do-rio-ameaca-jornalistas-e-anuncia-boicote-a-jornal-depois-de-reportagem-sobre-suposto-pagamento-de-propina\\\/\"},\"author\":{\"name\":\"J\u00falio Lubianco\",\"@id\":\"https:\\\/\\\/latamjournalismreview.org\\\/pt-br\\\/#\\\/schema\\\/person\\\/d9517de765982788cd8378b5a229e3dd\"},\"headline\":\"Prefeito do Rio amea\u00e7a jornalistas e anuncia boicote a jornal depois de reportagem sobre suposto pagamento de propina\",\"datePublished\":\"2019-12-04T18:45:49+00:00\",\"dateModified\":\"2020-06-10T14:41:51+00:00\",\"mainEntityOfPage\":{\"@id\":\"https:\\\/\\\/latamjournalismreview.org\\\/pt-br\\\/articles\\\/prefeito-do-rio-ameaca-jornalistas-e-anuncia-boicote-a-jornal-depois-de-reportagem-sobre-suposto-pagamento-de-propina\\\/\"},\"wordCount\":664,\"publisher\":{\"@id\":\"https:\\\/\\\/latamjournalismreview.org\\\/pt-br\\\/#organization\"},\"image\":{\"@id\":\"https:\\\/\\\/latamjournalismreview.org\\\/pt-br\\\/articles\\\/prefeito-do-rio-ameaca-jornalistas-e-anuncia-boicote-a-jornal-depois-de-reportagem-sobre-suposto-pagamento-de-propina\\\/#primaryimage\"},\"thumbnailUrl\":\"https:\\\/\\\/latamjournalismreview.org\\\/wp-content\\\/uploads\\\/2020\\\/05\\\/Prefeito-do-Rio-Marcelo-Crivella-e-equipe-de-comunica\u00e7\u00e3o-da-prefeitura.jpg\",\"keywords\":[\"Amea\u00e7as a jornalistas\"],\"articleSection\":[\"Liberdade de imprensa\"],\"inLanguage\":\"pt-BR\"},{\"@type\":\"WebPage\",\"@id\":\"https:\\\/\\\/latamjournalismreview.org\\\/pt-br\\\/articles\\\/prefeito-do-rio-ameaca-jornalistas-e-anuncia-boicote-a-jornal-depois-de-reportagem-sobre-suposto-pagamento-de-propina\\\/\",\"url\":\"https:\\\/\\\/latamjournalismreview.org\\\/pt-br\\\/articles\\\/prefeito-do-rio-ameaca-jornalistas-e-anuncia-boicote-a-jornal-depois-de-reportagem-sobre-suposto-pagamento-de-propina\\\/\",\"name\":\"Prefeito do Rio amea\u00e7a jornalistas e anuncia boicote a jornal depois de reportagem sobre suposto pagamento de propina - LatAm Journalism Review by the Knight Center\",\"isPartOf\":{\"@id\":\"https:\\\/\\\/latamjournalismreview.org\\\/pt-br\\\/#website\"},\"primaryImageOfPage\":{\"@id\":\"https:\\\/\\\/latamjournalismreview.org\\\/pt-br\\\/articles\\\/prefeito-do-rio-ameaca-jornalistas-e-anuncia-boicote-a-jornal-depois-de-reportagem-sobre-suposto-pagamento-de-propina\\\/#primaryimage\"},\"image\":{\"@id\":\"https:\\\/\\\/latamjournalismreview.org\\\/pt-br\\\/articles\\\/prefeito-do-rio-ameaca-jornalistas-e-anuncia-boicote-a-jornal-depois-de-reportagem-sobre-suposto-pagamento-de-propina\\\/#primaryimage\"},\"thumbnailUrl\":\"https:\\\/\\\/latamjournalismreview.org\\\/wp-content\\\/uploads\\\/2020\\\/05\\\/Prefeito-do-Rio-Marcelo-Crivella-e-equipe-de-comunica\u00e7\u00e3o-da-prefeitura.jpg\",\"datePublished\":\"2019-12-04T18:45:49+00:00\",\"dateModified\":\"2020-06-10T14:41:51+00:00\",\"description\":\"Prefeito do Rio amea\u00e7a jornalistas e anuncia boicote a jornal depois de reportagem sobre suposto pagamento de propina . Latin American Journalism Review by The Knight Center at The University of Texas at Austin.\",\"breadcrumb\":{\"@id\":\"https:\\\/\\\/latamjournalismreview.org\\\/pt-br\\\/articles\\\/prefeito-do-rio-ameaca-jornalistas-e-anuncia-boicote-a-jornal-depois-de-reportagem-sobre-suposto-pagamento-de-propina\\\/#breadcrumb\"},\"inLanguage\":\"pt-BR\",\"potentialAction\":[{\"@type\":\"ReadAction\",\"target\":[\"https:\\\/\\\/latamjournalismreview.org\\\/pt-br\\\/articles\\\/prefeito-do-rio-ameaca-jornalistas-e-anuncia-boicote-a-jornal-depois-de-reportagem-sobre-suposto-pagamento-de-propina\\\/\"]}]},{\"@type\":\"ImageObject\",\"inLanguage\":\"pt-BR\",\"@id\":\"https:\\\/\\\/latamjournalismreview.org\\\/pt-br\\\/articles\\\/prefeito-do-rio-ameaca-jornalistas-e-anuncia-boicote-a-jornal-depois-de-reportagem-sobre-suposto-pagamento-de-propina\\\/#primaryimage\",\"url\":\"https:\\\/\\\/latamjournalismreview.org\\\/wp-content\\\/uploads\\\/2020\\\/05\\\/Prefeito-do-Rio-Marcelo-Crivella-e-equipe-de-comunica\u00e7\u00e3o-da-prefeitura.jpg\",\"contentUrl\":\"https:\\\/\\\/latamjournalismreview.org\\\/wp-content\\\/uploads\\\/2020\\\/05\\\/Prefeito-do-Rio-Marcelo-Crivella-e-equipe-de-comunica\u00e7\u00e3o-da-prefeitura.jpg\",\"width\":320,\"height\":192,\"caption\":\"Prefeito do Rio, Marcelo Crivella, e equipe de comunica\u00e7\u00e3o da prefeitura\"},{\"@type\":\"BreadcrumbList\",\"@id\":\"https:\\\/\\\/latamjournalismreview.org\\\/pt-br\\\/articles\\\/prefeito-do-rio-ameaca-jornalistas-e-anuncia-boicote-a-jornal-depois-de-reportagem-sobre-suposto-pagamento-de-propina\\\/#breadcrumb\",\"itemListElement\":[{\"@type\":\"ListItem\",\"position\":1,\"name\":\"Home\",\"item\":\"https:\\\/\\\/latamjournalismreview.org\\\/pt-br\\\/\"},{\"@type\":\"ListItem\",\"position\":2,\"name\":\"Prefeito do Rio amea\u00e7a jornalistas e anuncia boicote a jornal depois de reportagem sobre suposto pagamento de propina\"}]},{\"@type\":\"WebSite\",\"@id\":\"https:\\\/\\\/latamjournalismreview.org\\\/pt-br\\\/#website\",\"url\":\"https:\\\/\\\/latamjournalismreview.org\\\/pt-br\\\/\",\"name\":\"LatAm Journalism Review\",\"description\":\"Digital magazine on journalism in Latin America\",\"publisher\":{\"@id\":\"https:\\\/\\\/latamjournalismreview.org\\\/pt-br\\\/#organization\"},\"potentialAction\":[{\"@type\":\"SearchAction\",\"target\":{\"@type\":\"EntryPoint\",\"urlTemplate\":\"https:\\\/\\\/latamjournalismreview.org\\\/pt-br\\\/?s={search_term_string}\"},\"query-input\":{\"@type\":\"PropertyValueSpecification\",\"valueRequired\":true,\"valueName\":\"search_term_string\"}}],\"inLanguage\":\"pt-BR\"},{\"@type\":\"Organization\",\"@id\":\"https:\\\/\\\/latamjournalismreview.org\\\/pt-br\\\/#organization\",\"name\":\"LatAm Journalism Review\",\"url\":\"https:\\\/\\\/latamjournalismreview.org\\\/pt-br\\\/\",\"logo\":{\"@type\":\"ImageObject\",\"inLanguage\":\"pt-BR\",\"@id\":\"https:\\\/\\\/latamjournalismreview.org\\\/pt-br\\\/#\\\/schema\\\/logo\\\/image\\\/\",\"url\":\"https:\\\/\\\/latamjournalismreview.org\\\/wp-content\\\/uploads\\\/2020\\\/05\\\/knight-latAm-review-logo.svg\",\"contentUrl\":\"https:\\\/\\\/latamjournalismreview.org\\\/wp-content\\\/uploads\\\/2020\\\/05\\\/knight-latAm-review-logo.svg\",\"width\":\"1024\",\"height\":\"1024\",\"caption\":\"LatAm Journalism Review\"},\"image\":{\"@id\":\"https:\\\/\\\/latamjournalismreview.org\\\/pt-br\\\/#\\\/schema\\\/logo\\\/image\\\/\"},\"sameAs\":[\"https:\\\/\\\/x.com\\\/LatAmJournalism\"]},{\"@type\":\"Person\",\"@id\":\"https:\\\/\\\/latamjournalismreview.org\\\/pt-br\\\/#\\\/schema\\\/person\\\/d9517de765982788cd8378b5a229e3dd\",\"name\":\"J\u00falio Lubianco\",\"description\":\"J\u00falio Lubianco studied journalism at Universidade Federal Fluminense (UFF). He began his career on the local desk at Jornal do Brasil, in 2003. He was a reporter, assignment editor and managing editor at R\u00e1dio CBN. He has a Master\u2019s degree in media and communication from the London School of Economics (LSE), with a scholarship from the Journalists of Vision program. He is a professor of journalism at PUC-Rio. He won the Imprensa Embratel award in 2007, the Alexandre Adler award in 2008, and is a two-time winner of the Tim Lopes Award for Investigative Journalism, in 2009 and 2014. J\u00falio Lubianco estudi\u00f3 periodismo en la Universidad Federal Fluminense (UFF). Comenz\u00f3 la carrera en 2003, en el diario Jornal do Brasil. Fue reportero, editor y editor ejecutivo en R\u00e1dio CBN. Hizo su maestr\u00eda en medios de comunicaci\u00f3n en London School of Economics (LSE), becado por el programa Jornalistas de Vis\u00e3o. Es profesor del curso de periodismo de PUC-Rio y es presentador del podcast de BRIO, que trata sobre periodismo, carrera, mercado y tecnolog\u00eda. Gan\u00f3 los premios Imprensa Embratel (2007), Alexandre Adler (2008), y en dos oportunidades el Tim Lopes de Periodismo Investigativo (2009 y 2014). J\u00falio Lubianco estudou jornalismo na Universidade Federal Fluminense (UFF). Come\u00e7ou a carreira em 2003, no caderno Cidade do Jornal do Brasil. Foi rep\u00f3rter, chefe de reportagem e gerente de jornalismo na R\u00e1dio CBN. Fez mestrado em m\u00eddia e comunica\u00e7\u00e3o na London School of Economics (LSE), com bolsa do programa Jornalistas de Vis\u00e3o. \u00c9 professor do curso de jornalismo da PUC-Rio e apresenta o podcast do BRIO, que discute jornalismo, carreira, mercado e tecnologia. Venceu os pr\u00eamios Imprensa Embratel, em 2007, o Alexandre Adler, em 2008, e duas vezes o Tim Lopes de Jornalismo Investigativo, em 2009 e 2014.\",\"sameAs\":[\"https:\\\/\\\/www.linkedin.com\\\/in\\\/julio-lubianco\\\/\",\"https:\\\/\\\/x.com\\\/jlubianco\"],\"url\":\"https:\\\/\\\/latamjournalismreview.org\\\/pt-br\\\/articles\\\/author\\\/julio-lubianco\\\/\"}]}<\/script>\n<!-- \/ Yoast SEO Premium plugin. -->","yoast_head_json":{"title":"Prefeito do Rio amea\u00e7a jornalistas e anuncia boicote a jornal depois de reportagem sobre suposto pagamento de propina - LatAm Journalism Review by the Knight Center","description":"Prefeito do Rio amea\u00e7a jornalistas e anuncia boicote a jornal depois de reportagem sobre suposto pagamento de propina . Latin American Journalism Review by The Knight Center at The University of Texas at Austin.","robots":{"index":"index","follow":"follow","max-snippet":"max-snippet:-1","max-image-preview":"max-image-preview:large","max-video-preview":"max-video-preview:-1"},"canonical":"https:\/\/latamjournalismreview.org\/pt-br\/articles\/prefeito-do-rio-ameaca-jornalistas-e-anuncia-boicote-a-jornal-depois-de-reportagem-sobre-suposto-pagamento-de-propina\/","og_locale":"pt_BR","og_type":"article","og_title":"Prefeito do Rio amea\u00e7a jornalistas e anuncia boicote a jornal depois de reportagem sobre suposto pagamento de propina","og_description":"Prefeito do Rio amea\u00e7a jornalistas e anuncia boicote a jornal depois de reportagem sobre suposto pagamento de propina . Latin American Journalism Review by The Knight Center at The University of Texas at Austin.","og_url":"https:\/\/latamjournalismreview.org\/pt-br\/articles\/prefeito-do-rio-ameaca-jornalistas-e-anuncia-boicote-a-jornal-depois-de-reportagem-sobre-suposto-pagamento-de-propina\/","og_site_name":"LatAm Journalism Review by the Knight Center","article_published_time":"2019-12-04T18:45:49+00:00","article_modified_time":"2020-06-10T14:41:51+00:00","og_image":[{"width":320,"height":192,"url":"https:\/\/latamjournalismreview.org\/wp-content\/uploads\/2020\/05\/Prefeito-do-Rio-Marcelo-Crivella-e-equipe-de-comunica\u00e7\u00e3o-da-prefeitura.jpg","type":"image\/jpeg"}],"author":"J\u00falio Lubianco","twitter_card":"summary_large_image","twitter_creator":"@jlubianco","twitter_site":"@LatAmJournalism","twitter_misc":{"Written by":"J\u00falio Lubianco","Est. reading time":"3 minutos"},"schema":{"@context":"https:\/\/schema.org","@graph":[{"@type":"Article","@id":"https:\/\/latamjournalismreview.org\/pt-br\/articles\/prefeito-do-rio-ameaca-jornalistas-e-anuncia-boicote-a-jornal-depois-de-reportagem-sobre-suposto-pagamento-de-propina\/#article","isPartOf":{"@id":"https:\/\/latamjournalismreview.org\/pt-br\/articles\/prefeito-do-rio-ameaca-jornalistas-e-anuncia-boicote-a-jornal-depois-de-reportagem-sobre-suposto-pagamento-de-propina\/"},"author":{"name":"J\u00falio Lubianco","@id":"https:\/\/latamjournalismreview.org\/pt-br\/#\/schema\/person\/d9517de765982788cd8378b5a229e3dd"},"headline":"Prefeito do Rio amea\u00e7a jornalistas e anuncia boicote a jornal depois de reportagem sobre suposto pagamento de propina","datePublished":"2019-12-04T18:45:49+00:00","dateModified":"2020-06-10T14:41:51+00:00","mainEntityOfPage":{"@id":"https:\/\/latamjournalismreview.org\/pt-br\/articles\/prefeito-do-rio-ameaca-jornalistas-e-anuncia-boicote-a-jornal-depois-de-reportagem-sobre-suposto-pagamento-de-propina\/"},"wordCount":664,"publisher":{"@id":"https:\/\/latamjournalismreview.org\/pt-br\/#organization"},"image":{"@id":"https:\/\/latamjournalismreview.org\/pt-br\/articles\/prefeito-do-rio-ameaca-jornalistas-e-anuncia-boicote-a-jornal-depois-de-reportagem-sobre-suposto-pagamento-de-propina\/#primaryimage"},"thumbnailUrl":"https:\/\/latamjournalismreview.org\/wp-content\/uploads\/2020\/05\/Prefeito-do-Rio-Marcelo-Crivella-e-equipe-de-comunica\u00e7\u00e3o-da-prefeitura.jpg","keywords":["Amea\u00e7as a jornalistas"],"articleSection":["Liberdade de imprensa"],"inLanguage":"pt-BR"},{"@type":"WebPage","@id":"https:\/\/latamjournalismreview.org\/pt-br\/articles\/prefeito-do-rio-ameaca-jornalistas-e-anuncia-boicote-a-jornal-depois-de-reportagem-sobre-suposto-pagamento-de-propina\/","url":"https:\/\/latamjournalismreview.org\/pt-br\/articles\/prefeito-do-rio-ameaca-jornalistas-e-anuncia-boicote-a-jornal-depois-de-reportagem-sobre-suposto-pagamento-de-propina\/","name":"Prefeito do Rio amea\u00e7a jornalistas e anuncia boicote a jornal depois de reportagem sobre suposto pagamento de propina - LatAm Journalism Review by the Knight Center","isPartOf":{"@id":"https:\/\/latamjournalismreview.org\/pt-br\/#website"},"primaryImageOfPage":{"@id":"https:\/\/latamjournalismreview.org\/pt-br\/articles\/prefeito-do-rio-ameaca-jornalistas-e-anuncia-boicote-a-jornal-depois-de-reportagem-sobre-suposto-pagamento-de-propina\/#primaryimage"},"image":{"@id":"https:\/\/latamjournalismreview.org\/pt-br\/articles\/prefeito-do-rio-ameaca-jornalistas-e-anuncia-boicote-a-jornal-depois-de-reportagem-sobre-suposto-pagamento-de-propina\/#primaryimage"},"thumbnailUrl":"https:\/\/latamjournalismreview.org\/wp-content\/uploads\/2020\/05\/Prefeito-do-Rio-Marcelo-Crivella-e-equipe-de-comunica\u00e7\u00e3o-da-prefeitura.jpg","datePublished":"2019-12-04T18:45:49+00:00","dateModified":"2020-06-10T14:41:51+00:00","description":"Prefeito do Rio amea\u00e7a jornalistas e anuncia boicote a jornal depois de reportagem sobre suposto pagamento de propina . Latin American Journalism Review by The Knight Center at The University of Texas at Austin.","breadcrumb":{"@id":"https:\/\/latamjournalismreview.org\/pt-br\/articles\/prefeito-do-rio-ameaca-jornalistas-e-anuncia-boicote-a-jornal-depois-de-reportagem-sobre-suposto-pagamento-de-propina\/#breadcrumb"},"inLanguage":"pt-BR","potentialAction":[{"@type":"ReadAction","target":["https:\/\/latamjournalismreview.org\/pt-br\/articles\/prefeito-do-rio-ameaca-jornalistas-e-anuncia-boicote-a-jornal-depois-de-reportagem-sobre-suposto-pagamento-de-propina\/"]}]},{"@type":"ImageObject","inLanguage":"pt-BR","@id":"https:\/\/latamjournalismreview.org\/pt-br\/articles\/prefeito-do-rio-ameaca-jornalistas-e-anuncia-boicote-a-jornal-depois-de-reportagem-sobre-suposto-pagamento-de-propina\/#primaryimage","url":"https:\/\/latamjournalismreview.org\/wp-content\/uploads\/2020\/05\/Prefeito-do-Rio-Marcelo-Crivella-e-equipe-de-comunica\u00e7\u00e3o-da-prefeitura.jpg","contentUrl":"https:\/\/latamjournalismreview.org\/wp-content\/uploads\/2020\/05\/Prefeito-do-Rio-Marcelo-Crivella-e-equipe-de-comunica\u00e7\u00e3o-da-prefeitura.jpg","width":320,"height":192,"caption":"Prefeito do Rio, Marcelo Crivella, e equipe de comunica\u00e7\u00e3o da prefeitura"},{"@type":"BreadcrumbList","@id":"https:\/\/latamjournalismreview.org\/pt-br\/articles\/prefeito-do-rio-ameaca-jornalistas-e-anuncia-boicote-a-jornal-depois-de-reportagem-sobre-suposto-pagamento-de-propina\/#breadcrumb","itemListElement":[{"@type":"ListItem","position":1,"name":"Home","item":"https:\/\/latamjournalismreview.org\/pt-br\/"},{"@type":"ListItem","position":2,"name":"Prefeito do Rio amea\u00e7a jornalistas e anuncia boicote a jornal depois de reportagem sobre suposto pagamento de propina"}]},{"@type":"WebSite","@id":"https:\/\/latamjournalismreview.org\/pt-br\/#website","url":"https:\/\/latamjournalismreview.org\/pt-br\/","name":"LatAm Journalism Review","description":"Digital magazine on journalism in Latin America","publisher":{"@id":"https:\/\/latamjournalismreview.org\/pt-br\/#organization"},"potentialAction":[{"@type":"SearchAction","target":{"@type":"EntryPoint","urlTemplate":"https:\/\/latamjournalismreview.org\/pt-br\/?s={search_term_string}"},"query-input":{"@type":"PropertyValueSpecification","valueRequired":true,"valueName":"search_term_string"}}],"inLanguage":"pt-BR"},{"@type":"Organization","@id":"https:\/\/latamjournalismreview.org\/pt-br\/#organization","name":"LatAm Journalism Review","url":"https:\/\/latamjournalismreview.org\/pt-br\/","logo":{"@type":"ImageObject","inLanguage":"pt-BR","@id":"https:\/\/latamjournalismreview.org\/pt-br\/#\/schema\/logo\/image\/","url":"https:\/\/latamjournalismreview.org\/wp-content\/uploads\/2020\/05\/knight-latAm-review-logo.svg","contentUrl":"https:\/\/latamjournalismreview.org\/wp-content\/uploads\/2020\/05\/knight-latAm-review-logo.svg","width":"1024","height":"1024","caption":"LatAm Journalism Review"},"image":{"@id":"https:\/\/latamjournalismreview.org\/pt-br\/#\/schema\/logo\/image\/"},"sameAs":["https:\/\/x.com\/LatAmJournalism"]},{"@type":"Person","@id":"https:\/\/latamjournalismreview.org\/pt-br\/#\/schema\/person\/d9517de765982788cd8378b5a229e3dd","name":"J\u00falio Lubianco","description":"J\u00falio Lubianco studied journalism at Universidade Federal Fluminense (UFF). He began his career on the local desk at Jornal do Brasil, in 2003. He was a reporter, assignment editor and managing editor at R\u00e1dio CBN. He has a Master\u2019s degree in media and communication from the London School of Economics (LSE), with a scholarship from the Journalists of Vision program. He is a professor of journalism at PUC-Rio. He won the Imprensa Embratel award in 2007, the Alexandre Adler award in 2008, and is a two-time winner of the Tim Lopes Award for Investigative Journalism, in 2009 and 2014. J\u00falio Lubianco estudi\u00f3 periodismo en la Universidad Federal Fluminense (UFF). Comenz\u00f3 la carrera en 2003, en el diario Jornal do Brasil. Fue reportero, editor y editor ejecutivo en R\u00e1dio CBN. Hizo su maestr\u00eda en medios de comunicaci\u00f3n en London School of Economics (LSE), becado por el programa Jornalistas de Vis\u00e3o. Es profesor del curso de periodismo de PUC-Rio y es presentador del podcast de BRIO, que trata sobre periodismo, carrera, mercado y tecnolog\u00eda. Gan\u00f3 los premios Imprensa Embratel (2007), Alexandre Adler (2008), y en dos oportunidades el Tim Lopes de Periodismo Investigativo (2009 y 2014). J\u00falio Lubianco estudou jornalismo na Universidade Federal Fluminense (UFF). Come\u00e7ou a carreira em 2003, no caderno Cidade do Jornal do Brasil. Foi rep\u00f3rter, chefe de reportagem e gerente de jornalismo na R\u00e1dio CBN. Fez mestrado em m\u00eddia e comunica\u00e7\u00e3o na London School of Economics (LSE), com bolsa do programa Jornalistas de Vis\u00e3o. \u00c9 professor do curso de jornalismo da PUC-Rio e apresenta o podcast do BRIO, que discute jornalismo, carreira, mercado e tecnologia. Venceu os pr\u00eamios Imprensa Embratel, em 2007, o Alexandre Adler, em 2008, e duas vezes o Tim Lopes de Jornalismo Investigativo, em 2009 e 2014.","sameAs":["https:\/\/www.linkedin.com\/in\/julio-lubianco\/","https:\/\/x.com\/jlubianco"],"url":"https:\/\/latamjournalismreview.org\/pt-br\/articles\/author\/julio-lubianco\/"}]}},"_links":{"self":[{"href":"https:\/\/latamjournalismreview.org\/pt-br\/wp-json\/wp\/v2\/posts\/2151","targetHints":{"allow":["GET"]}}],"collection":[{"href":"https:\/\/latamjournalismreview.org\/pt-br\/wp-json\/wp\/v2\/posts"}],"about":[{"href":"https:\/\/latamjournalismreview.org\/pt-br\/wp-json\/wp\/v2\/types\/post"}],"author":[{"embeddable":true,"href":"https:\/\/latamjournalismreview.org\/pt-br\/wp-json\/wp\/v2\/users\/5"}],"replies":[{"embeddable":true,"href":"https:\/\/latamjournalismreview.org\/pt-br\/wp-json\/wp\/v2\/comments?post=2151"}],"version-history":[{"count":4,"href":"https:\/\/latamjournalismreview.org\/pt-br\/wp-json\/wp\/v2\/posts\/2151\/revisions"}],"predecessor-version":[{"id":6039,"href":"https:\/\/latamjournalismreview.org\/pt-br\/wp-json\/wp\/v2\/posts\/2151\/revisions\/6039"}],"wp:featuredmedia":[{"embeddable":true,"href":"https:\/\/latamjournalismreview.org\/pt-br\/wp-json\/wp\/v2\/media\/2152"}],"wp:attachment":[{"href":"https:\/\/latamjournalismreview.org\/pt-br\/wp-json\/wp\/v2\/media?parent=2151"}],"wp:term":[{"taxonomy":"category","embeddable":true,"href":"https:\/\/latamjournalismreview.org\/pt-br\/wp-json\/wp\/v2\/categories?post=2151"},{"taxonomy":"post_tag","embeddable":true,"href":"https:\/\/latamjournalismreview.org\/pt-br\/wp-json\/wp\/v2\/tags?post=2151"},{"taxonomy":"author","embeddable":true,"href":"https:\/\/latamjournalismreview.org\/pt-br\/wp-json\/wp\/v2\/coauthors?post=2151"}],"curies":[{"name":"wp","href":"https:\/\/api.w.org\/{rel}","templated":true}]}}