{"id":21838,"date":"2011-10-28T20:44:25","date_gmt":"2011-10-29T01:44:25","guid":{"rendered":"https:\/\/latamjournalismreview.org\/?p=21838"},"modified":"2021-07-19T20:45:18","modified_gmt":"2021-07-20T01:45:18","slug":"jornalista-guatemalteca-claudia-mendez-analisa-erros-judiciais-na-imprensa-como-bolsista-nieman-em-harvard","status":"publish","type":"post","link":"https:\/\/latamjournalismreview.org\/pt-br\/articles\/jornalista-guatemalteca-claudia-mendez-analisa-erros-judiciais-na-imprensa-como-bolsista-nieman-em-harvard\/","title":{"rendered":"Jornalista guatemalteca Claudia M\u00e9ndez analisa erros judiciais na imprensa como Bolsista Nieman em Harvard"},"content":{"rendered":"<p>A jornalista guatemalteca Claudia M\u00e9ndez Arriaza, de 35 anos, faz parte da\u00a0<a href=\"http:\/\/knightcenter.utexas.edu\/pt-br\/blog\/jornalistas-da-guatemala-e-da-colombia-entre-os-bolsistas-2012-da-fundacao-nieman-em-harvard\" target=\"_blank\" rel=\"noopener\">turma de 2012 de Bolsistas Nieman<\/a>. Com 13 anos de experi\u00eancia na profiss\u00e3o (j\u00e1 trabalhou como editora e rep\u00f3rter para o\u00a0<a href=\"http:\/\/www.elperiodico.com.gt\/\" target=\"_blank\" rel=\"noopener\">El Peri\u00f3dico<\/a>\u00a0e apresentou tamb\u00e9m o programa de TV\u00a0<a href=\"http:\/\/www.canalantigua.com\/programas\/noticieros\" target=\"_blank\" rel=\"noopener\">A las 8:45<\/a>), M\u00e9ndez foi selecionada como a Bolsista Nieman Am\u00e9rica Latina 2012 da Funda\u00e7\u00e3o John S. e James L. Knight.<\/p>\n<p>Enquanto se aproxima fim do\u00a0<a href=\"http:\/\/knightcenter.utexas.edu\/pt-br\/blog\/comeca-temporada-de-inscricoes-para-diversas-bolsas-de-jornalismo\" target=\"_blank\" rel=\"noopener\">prazo de inscri\u00e7\u00e3o<\/a>\u00a0para as\u00a0<a href=\"http:\/\/www.nieman.harvard.edu\/NiemanFoundation.aspx\" target=\"_blank\" rel=\"noopener\">Bolsas Nieman<\/a>\u00a0(da Universidade de Harvard), entre outras oportunidades, o\u00a0<b>Centro Knight para o Jornalismo nas Am\u00e9ricas<\/b>\u00a0conversou com M\u00e9ndez sobre sua experi\u00eancia como bolsista Nieman em Harvard e sobre como aplicar o conhecimento em seu trabalho como jornalista na Guatemala. Depois de cobrir julgamentos em seu pa\u00eds, relacionados ao assassinato do Arcebispo\u00a0<a href=\"http:\/\/es.wikipedia.org\/wiki\/Juan_Jos%C3%A9_Gerardi_Conedera\" target=\"_blank\" rel=\"noopener\">Juan Gerardi Conedera<\/a>\u00a0e ao massacre de\u00a0<a href=\"http:\/\/es.wikipedia.org\/wiki\/Masacre_de_Las_Dos_Erres\" target=\"_blank\" rel=\"noopener\">Dos Erres<\/a>, assim como casos de narcotr\u00e1fico, M\u00e9ndez hoje estuda erros judiciais e a cobertura deles pela imprensa, como parte de seu projeto Nieman.<\/p>\n<p><b>CK:<\/b>\u00a0O que acha do jornalismo praticado na Guatemala?<\/p>\n<p><b>CM:<\/b>\u00a0\u00c9 um jornalismo com pelo menos duas ou tr\u00eas novas gera\u00e7\u00f5es de jornalistas jovens, que realizam projetos novos, ambiciosos e bastante diferentes. N\u00e3o se pode comparar nem o jornalismo de cinco anos atr\u00e1s com o o que \u00e9 produzido agora. O jornalismo mudou e avan\u00e7ou, mas h\u00e1 muito mais a ser feito. Por exemplo: embora haja um esfor\u00e7o extraordin\u00e1rio para o desenvolvimento do jornalismo local, ainda encontro rep\u00f3rteres de comunidades que me dizem a mesma coisa: \"se n\u00e3o est\u00e1 nos ve\u00edculos da capital, n\u00e3o aconteceu\". Talvez seja um reflexo de um v\u00edcio mais estrutural, al\u00e9m do jornalismo, mas \u00e9 certo que o jornalismo local est\u00e1 muito amea\u00e7ado e fraco ultimamente. No entanto, \u00e9 poss\u00edvel encontrar hist\u00f3rias como a de uma colega do Sul: as repetidas mat\u00e9ria sobre corrup\u00e7\u00e3o em uma prefeitura motivaram mudan\u00e7as estruturais n\u00e3o s\u00f3 na administra\u00e7\u00e3o, mas na percep\u00e7\u00e3o da popula\u00e7\u00e3o sobre as autoridades.<\/p>\n<p><b>CK:<\/b>\u00a0Por que decidiu concorrer a uma Bolsa Nieman? Como reagiu ao saber que tinha sido selecionada?<\/p>\n<p><b>CM:<\/b>\u00a0En 2007, em ex-bolsista guatemalteco da Funda\u00e7\u00e3o Nieman,\u00a0<a href=\"http:\/\/www.gc-council.org\/en\/julio_godoy.html\" target=\"_blank\" rel=\"noopener\">Julio Godoy<\/a>, o primeiro jornalista do pa\u00eds a receber a bolsa, me falou sobre a Funda\u00e7\u00e3o Nieman e me incentivou a participar. Eu havia acabado de terminar um mestrado em Literatura Hispano-Americana, tinha conciliado o mestrado com o trabalho em tempo integral para o elPeri\u00f3dico, ent\u00e3o precisava de uma pausa na vida acad\u00eamica. Estou em d\u00edvida com Julio Godoy, pois at\u00e9 hoje os e-mails nos quais, dois anos depois, ele me incentivou novamente a concorrer a uma bolsa.<\/p>\n<p>Outras pessoas, al\u00e9m de Julio Godoy, me incentivaram a participar, como\u00a0<a href=\"http:\/\/guatemalasimon.blogspot.com\/\" target=\"_blank\" rel=\"noopener\">Jean Marie Simon<\/a>, uma advogada formada em Harvard que promove uma discuss\u00e3o da viol\u00eancia e das consequ\u00eancias da guerra na Guatemala por meio da fotografia e da educa\u00e7\u00e3o. Ela me falou da Funda\u00e7\u00e3o Nieman, me incentivou e me deu apoio durante todo o processo de inscri\u00e7\u00e3o para a bolsa. E, no\u00a0<a href=\"http:\/\/knightcenter.utexas.edu\/pt-br\/austinforum\/af2010\" target=\"_blank\" rel=\"noopener\">F\u00f3rum de Austin sobre Jornalismo nas Am\u00e9ricas<\/a>, conheci\u00a0<a href=\"http:\/\/en.wikipedia.org\/wiki\/Cecilia_Alvear\" target=\"_blank\" rel=\"noopener\">Cecilia Alvear<\/a>, que me deu o \u00faltimo empurr\u00e3o: eu tinha d\u00favidas se deveria ou n\u00e3o me inscrever, pois n\u00e3o estava claro para mim se eu teria apoio financeiro total da Funda\u00e7\u00e3o Knight. Mas Cecilia Alvear foi generosa comigo, ao explicar cada passo, inclusive a revis\u00e3o dos cat\u00e1logos de cursos para ter id\u00e9ias mais claras. Comecei a escrever e ex-bolsistas, como\u00a0<a href=\"http:\/\/www.saladeprensa.org\/art477.htm\" target=\"_blank\" rel=\"noopener\">Ra\u00fal Pe\u00f1aranda<\/a>, me aconselharam sobre a inscri\u00e7\u00e3o e o ano nos EUA. Tamb\u00e9m contei com o apoio incondicional de meus chefes, Juan Luis Font e Ana Carolina Alp\u00edrez. Menciono todos esses nomes porque essas pessoas foram determinantes, cada conversa, cada resposta e conselho por e-mail explica por que decidi me inscrever: porque tive pessoas que me incentivaram, colegas e mentores que confiaram em mim e me animaram.<\/p>\n<p>Como eu reagi ao saber que havia sido selecionada? Sou uma mulher caracterizada por uma f\u00e9 crist\u00e3, ent\u00e3o, quando soube que havia sido selecionada, fiquei muito grata por esse presente de Deus. Senti toda essa emo\u00e7\u00e3o, que logo se transformou em exerc\u00edcios mentais para estabelecer objetivos e aproveitar a oportunidade ao m\u00e1ximo.<\/p>\n<p><b>CK:<\/b>\u00a0Como tem sido sua experi\u00eancia em Harvard?<\/p>\n<p><b>CM:<\/b>\u00a0J\u00e1 aprendi muito. H\u00e1 uma li\u00e7\u00e3o di\u00e1ria: repensar conceitos, o que dava como certo. As discuss\u00f5es com os professores, os estudantes, os m\u00e9todos de estudo e aprendizagem s\u00e3o diferentes e acredito que Harvard prop\u00f5e, a cada dia, novos questionamentos para seus alunos, para que descubram e repensem o mundo que os cerca. Eu tinha, por exemplo, uma id\u00e9ia do conceito de \"Estado de Direito\" que consta, inclusive, da minha proposta de estudo. Em uma aula, transforma-se completamente o conceito em uma pergunta que nos obriga a repensar se realmente h\u00e1 um conceito claro de Estado de Direito no mundo e quem o define. Classes governantes? Classes governadas? Al\u00e9m disso, um estudo liter\u00e1rio do s\u00e9culo 19 foi uma grande li\u00e7\u00e3o para entender quantos processos atuais do jornalismo, por exemplo, foram definidos no exerc\u00edcio da literatura.<\/p>\n<p><b>CK:<\/b>\u00a0Qual foi sua experi\u00eancia favorita como bolsista?<\/p>\n<p><b>CM:<\/b>\u00a0H\u00e1 muitas: desde fazer parte de um grupo de trabalho em um programa conjunto da Kennedy e da Law School, no qual realizamos trabalho de campo em institui\u00e7\u00f5es do sistema de Justi\u00e7a em Boston, at\u00e9 descobrir meu novo meio de transporte em Cambridge: uma bicicleta! S\u00e3o muitas experi\u00eancias: espirituais, pessoais, intelectuais, profissionais. N\u00e3o posso deixar de lado a rela\u00e7\u00e3o com os demais bolsistas, que nos ensinam muito sobre suas experi\u00eancias como jornalistas em v\u00e1rias partes do mundo.<\/p>\n<p><b>CK:<\/b>\u00a0Nos conte um um pouco sobre seu projeto. Do que trata?<\/p>\n<p><b>CM:<\/b>\u00a0O projeto est\u00e1 nascendo: uma an\u00e1lise sobre erros judiciai que a imprensa replica. O impacto da imprensa nos erros judiciais e se a imprensa assume um papel \u00edntegro em todos esses processos. Tenho interesse no tema porque pude testemunhar como uma vida pode se transformar n\u00e3o s\u00f3 com um erro judicial, mas com um erro jornal\u00edstico.<\/p>\n<p><b>CK:<\/b>\u00a0Quando volta para a Guatemala? Quais s\u00e3o seus planos?<\/p>\n<p><b>CM:<\/b>\u00a0Acredito que em julho. E planejo voltar a desempenhar minha fun\u00e7\u00f5es com novas id\u00e9ias, que pretendo aplicar logo.<\/p>\n<p><b>CK:<\/b>\u00a0Como \u00e9 poss\u00edvel melhorar\/mudar o jornalismo na Guatemala com o que aprendeu em Harvard?<\/p>\n<p><b>CM:<\/b> Compartilhando e educando: o jornalismo se transforma quando podemos compartilhar conhecimento e experi\u00eancia com os novos rep\u00f3rteres. Incentivar e alimentar a curiosidade dos novos profissionais, fazer mais perguntas do que as necess\u00e1rias, provocar debates sobre nosso papel e como o desempenhamos.<\/p>\n","protected":false},"excerpt":{"rendered":"<p>A jornalista guatemalteca Claudia M\u00e9ndez Arriaza, de 35 anos, faz parte da\u00a0turma de 2012 de Bolsistas Nieman. Com 13 anos de experi\u00eancia na profiss\u00e3o (j\u00e1 trabalhou como editora e rep\u00f3rter para o\u00a0El Peri\u00f3dico\u00a0e apresentou tamb\u00e9m o programa de TV\u00a0A las 8:45), M\u00e9ndez foi selecionada como a Bolsista Nieman Am\u00e9rica Latina 2012 da Funda\u00e7\u00e3o John S. e James L. Knight.<\/p>\n","protected":false},"author":41,"featured_media":0,"comment_status":"closed","ping_status":"closed","sticky":false,"template":"","format":"standard","meta":{"inline_featured_image":false,"footnotes":""},"categories":[],"tags":[1607,1554,1458],"coauthors":[],"class_list":["post-21838","post","type-post","status-publish","format-standard","hentry","tag-bolsas-pt-br","tag-ensino-de-jornalismo-pt-br","tag-guatemala-pt-br"],"acf":[],"yoast_head":"<!-- This site is optimized with the Yoast SEO Premium plugin v22.6 (Yoast SEO v27.4) - https:\/\/yoast.com\/product\/yoast-seo-premium-wordpress\/ -->\n<title>Jornalista guatemalteca Claudia M\u00e9ndez analisa erros judiciais na imprensa como Bolsista Nieman em Harvard - LatAm Journalism Review by the Knight Center<\/title>\n<meta name=\"description\" content=\"Jornalista guatemalteca Claudia M\u00e9ndez analisa erros judiciais na imprensa como Bolsista Nieman em Harvard . Latin American Journalism Review by The Knight Center at The University of Texas at Austin.\" \/>\n<meta name=\"robots\" content=\"index, follow, max-snippet:-1, max-image-preview:large, max-video-preview:-1\" \/>\n<link rel=\"canonical\" href=\"https:\/\/latamjournalismreview.org\/pt-br\/articles\/jornalista-guatemalteca-claudia-mendez-analisa-erros-judiciais-na-imprensa-como-bolsista-nieman-em-harvard\/\" \/>\n<meta property=\"og:locale\" content=\"pt_BR\" \/>\n<meta property=\"og:type\" content=\"article\" \/>\n<meta property=\"og:title\" content=\"Jornalista guatemalteca Claudia M\u00e9ndez analisa erros judiciais na imprensa como Bolsista Nieman em Harvard\" \/>\n<meta property=\"og:description\" content=\"Jornalista guatemalteca Claudia M\u00e9ndez analisa erros judiciais na imprensa como Bolsista Nieman em Harvard . Latin American Journalism Review by The Knight Center at The University of Texas at Austin.\" \/>\n<meta property=\"og:url\" content=\"https:\/\/latamjournalismreview.org\/pt-br\/articles\/jornalista-guatemalteca-claudia-mendez-analisa-erros-judiciais-na-imprensa-como-bolsista-nieman-em-harvard\/\" \/>\n<meta property=\"og:site_name\" content=\"LatAm Journalism Review by the Knight Center\" \/>\n<meta property=\"article:published_time\" content=\"2011-10-29T01:44:25+00:00\" \/>\n<meta property=\"article:modified_time\" content=\"2021-07-20T01:45:18+00:00\" \/>\n<meta name=\"author\" content=\"Summer Harlow\" \/>\n<meta name=\"twitter:card\" content=\"summary_large_image\" \/>\n<meta name=\"twitter:creator\" content=\"@LatAmJournalism\" \/>\n<meta name=\"twitter:site\" content=\"@LatAmJournalism\" \/>\n<meta name=\"twitter:label1\" content=\"Written by\" \/>\n\t<meta name=\"twitter:data1\" content=\"Summer Harlow\" \/>\n\t<meta name=\"twitter:label2\" content=\"Est. reading time\" \/>\n\t<meta name=\"twitter:data2\" content=\"6 minutos\" \/>\n<script type=\"application\/ld+json\" class=\"yoast-schema-graph\">{\"@context\":\"https:\\\/\\\/schema.org\",\"@graph\":[{\"@type\":\"Article\",\"@id\":\"https:\\\/\\\/latamjournalismreview.org\\\/pt-br\\\/articles\\\/jornalista-guatemalteca-claudia-mendez-analisa-erros-judiciais-na-imprensa-como-bolsista-nieman-em-harvard\\\/#article\",\"isPartOf\":{\"@id\":\"https:\\\/\\\/latamjournalismreview.org\\\/pt-br\\\/articles\\\/jornalista-guatemalteca-claudia-mendez-analisa-erros-judiciais-na-imprensa-como-bolsista-nieman-em-harvard\\\/\"},\"author\":{\"name\":\"Summer Harlow\",\"@id\":\"https:\\\/\\\/latamjournalismreview.org\\\/pt-br\\\/#\\\/schema\\\/person\\\/571a4b578ae1200d03b8c555e5e75663\"},\"headline\":\"Jornalista guatemalteca Claudia M\u00e9ndez analisa erros judiciais na imprensa como Bolsista Nieman em Harvard\",\"datePublished\":\"2011-10-29T01:44:25+00:00\",\"dateModified\":\"2021-07-20T01:45:18+00:00\",\"mainEntityOfPage\":{\"@id\":\"https:\\\/\\\/latamjournalismreview.org\\\/pt-br\\\/articles\\\/jornalista-guatemalteca-claudia-mendez-analisa-erros-judiciais-na-imprensa-como-bolsista-nieman-em-harvard\\\/\"},\"wordCount\":1158,\"publisher\":{\"@id\":\"https:\\\/\\\/latamjournalismreview.org\\\/pt-br\\\/#organization\"},\"keywords\":[\"Bolsas\",\"Ensino de jornalismo\",\"Guatemala\"],\"inLanguage\":\"pt-BR\"},{\"@type\":\"WebPage\",\"@id\":\"https:\\\/\\\/latamjournalismreview.org\\\/pt-br\\\/articles\\\/jornalista-guatemalteca-claudia-mendez-analisa-erros-judiciais-na-imprensa-como-bolsista-nieman-em-harvard\\\/\",\"url\":\"https:\\\/\\\/latamjournalismreview.org\\\/pt-br\\\/articles\\\/jornalista-guatemalteca-claudia-mendez-analisa-erros-judiciais-na-imprensa-como-bolsista-nieman-em-harvard\\\/\",\"name\":\"Jornalista guatemalteca Claudia M\u00e9ndez analisa erros judiciais na imprensa como Bolsista Nieman em Harvard - LatAm Journalism Review by the Knight Center\",\"isPartOf\":{\"@id\":\"https:\\\/\\\/latamjournalismreview.org\\\/pt-br\\\/#website\"},\"datePublished\":\"2011-10-29T01:44:25+00:00\",\"dateModified\":\"2021-07-20T01:45:18+00:00\",\"description\":\"Jornalista guatemalteca Claudia M\u00e9ndez analisa erros judiciais na imprensa como Bolsista Nieman em Harvard . Latin American Journalism Review by The Knight Center at The University of Texas at Austin.\",\"breadcrumb\":{\"@id\":\"https:\\\/\\\/latamjournalismreview.org\\\/pt-br\\\/articles\\\/jornalista-guatemalteca-claudia-mendez-analisa-erros-judiciais-na-imprensa-como-bolsista-nieman-em-harvard\\\/#breadcrumb\"},\"inLanguage\":\"pt-BR\",\"potentialAction\":[{\"@type\":\"ReadAction\",\"target\":[\"https:\\\/\\\/latamjournalismreview.org\\\/pt-br\\\/articles\\\/jornalista-guatemalteca-claudia-mendez-analisa-erros-judiciais-na-imprensa-como-bolsista-nieman-em-harvard\\\/\"]}]},{\"@type\":\"BreadcrumbList\",\"@id\":\"https:\\\/\\\/latamjournalismreview.org\\\/pt-br\\\/articles\\\/jornalista-guatemalteca-claudia-mendez-analisa-erros-judiciais-na-imprensa-como-bolsista-nieman-em-harvard\\\/#breadcrumb\",\"itemListElement\":[{\"@type\":\"ListItem\",\"position\":1,\"name\":\"Home\",\"item\":\"https:\\\/\\\/latamjournalismreview.org\\\/pt-br\\\/\"},{\"@type\":\"ListItem\",\"position\":2,\"name\":\"Jornalista guatemalteca Claudia M\u00e9ndez analisa erros judiciais na imprensa como Bolsista Nieman em Harvard\"}]},{\"@type\":\"WebSite\",\"@id\":\"https:\\\/\\\/latamjournalismreview.org\\\/pt-br\\\/#website\",\"url\":\"https:\\\/\\\/latamjournalismreview.org\\\/pt-br\\\/\",\"name\":\"LatAm Journalism Review\",\"description\":\"Digital magazine on journalism in Latin America\",\"publisher\":{\"@id\":\"https:\\\/\\\/latamjournalismreview.org\\\/pt-br\\\/#organization\"},\"potentialAction\":[{\"@type\":\"SearchAction\",\"target\":{\"@type\":\"EntryPoint\",\"urlTemplate\":\"https:\\\/\\\/latamjournalismreview.org\\\/pt-br\\\/?s={search_term_string}\"},\"query-input\":{\"@type\":\"PropertyValueSpecification\",\"valueRequired\":true,\"valueName\":\"search_term_string\"}}],\"inLanguage\":\"pt-BR\"},{\"@type\":\"Organization\",\"@id\":\"https:\\\/\\\/latamjournalismreview.org\\\/pt-br\\\/#organization\",\"name\":\"LatAm Journalism Review\",\"url\":\"https:\\\/\\\/latamjournalismreview.org\\\/pt-br\\\/\",\"logo\":{\"@type\":\"ImageObject\",\"inLanguage\":\"pt-BR\",\"@id\":\"https:\\\/\\\/latamjournalismreview.org\\\/pt-br\\\/#\\\/schema\\\/logo\\\/image\\\/\",\"url\":\"https:\\\/\\\/latamjournalismreview.org\\\/wp-content\\\/uploads\\\/2020\\\/05\\\/knight-latAm-review-logo.svg\",\"contentUrl\":\"https:\\\/\\\/latamjournalismreview.org\\\/wp-content\\\/uploads\\\/2020\\\/05\\\/knight-latAm-review-logo.svg\",\"width\":\"1024\",\"height\":\"1024\",\"caption\":\"LatAm Journalism Review\"},\"image\":{\"@id\":\"https:\\\/\\\/latamjournalismreview.org\\\/pt-br\\\/#\\\/schema\\\/logo\\\/image\\\/\"},\"sameAs\":[\"https:\\\/\\\/x.com\\\/LatAmJournalism\"]},{\"@type\":\"Person\",\"@id\":\"https:\\\/\\\/latamjournalismreview.org\\\/pt-br\\\/#\\\/schema\\\/person\\\/571a4b578ae1200d03b8c555e5e75663\",\"name\":\"Summer Harlow\",\"url\":\"https:\\\/\\\/latamjournalismreview.org\\\/pt-br\\\/articles\\\/author\\\/summer-harlow\\\/\"}]}<\/script>\n<!-- \/ Yoast SEO Premium plugin. -->","yoast_head_json":{"title":"Jornalista guatemalteca Claudia M\u00e9ndez analisa erros judiciais na imprensa como Bolsista Nieman em Harvard - LatAm Journalism Review by the Knight Center","description":"Jornalista guatemalteca Claudia M\u00e9ndez analisa erros judiciais na imprensa como Bolsista Nieman em Harvard . Latin American Journalism Review by The Knight Center at The University of Texas at Austin.","robots":{"index":"index","follow":"follow","max-snippet":"max-snippet:-1","max-image-preview":"max-image-preview:large","max-video-preview":"max-video-preview:-1"},"canonical":"https:\/\/latamjournalismreview.org\/pt-br\/articles\/jornalista-guatemalteca-claudia-mendez-analisa-erros-judiciais-na-imprensa-como-bolsista-nieman-em-harvard\/","og_locale":"pt_BR","og_type":"article","og_title":"Jornalista guatemalteca Claudia M\u00e9ndez analisa erros judiciais na imprensa como Bolsista Nieman em Harvard","og_description":"Jornalista guatemalteca Claudia M\u00e9ndez analisa erros judiciais na imprensa como Bolsista Nieman em Harvard . Latin American Journalism Review by The Knight Center at The University of Texas at Austin.","og_url":"https:\/\/latamjournalismreview.org\/pt-br\/articles\/jornalista-guatemalteca-claudia-mendez-analisa-erros-judiciais-na-imprensa-como-bolsista-nieman-em-harvard\/","og_site_name":"LatAm Journalism Review by the Knight Center","article_published_time":"2011-10-29T01:44:25+00:00","article_modified_time":"2021-07-20T01:45:18+00:00","author":"Summer Harlow","twitter_card":"summary_large_image","twitter_creator":"@LatAmJournalism","twitter_site":"@LatAmJournalism","twitter_misc":{"Written by":"Summer Harlow","Est. reading time":"6 minutos"},"schema":{"@context":"https:\/\/schema.org","@graph":[{"@type":"Article","@id":"https:\/\/latamjournalismreview.org\/pt-br\/articles\/jornalista-guatemalteca-claudia-mendez-analisa-erros-judiciais-na-imprensa-como-bolsista-nieman-em-harvard\/#article","isPartOf":{"@id":"https:\/\/latamjournalismreview.org\/pt-br\/articles\/jornalista-guatemalteca-claudia-mendez-analisa-erros-judiciais-na-imprensa-como-bolsista-nieman-em-harvard\/"},"author":{"name":"Summer Harlow","@id":"https:\/\/latamjournalismreview.org\/pt-br\/#\/schema\/person\/571a4b578ae1200d03b8c555e5e75663"},"headline":"Jornalista guatemalteca Claudia M\u00e9ndez analisa erros judiciais na imprensa como Bolsista Nieman em Harvard","datePublished":"2011-10-29T01:44:25+00:00","dateModified":"2021-07-20T01:45:18+00:00","mainEntityOfPage":{"@id":"https:\/\/latamjournalismreview.org\/pt-br\/articles\/jornalista-guatemalteca-claudia-mendez-analisa-erros-judiciais-na-imprensa-como-bolsista-nieman-em-harvard\/"},"wordCount":1158,"publisher":{"@id":"https:\/\/latamjournalismreview.org\/pt-br\/#organization"},"keywords":["Bolsas","Ensino de jornalismo","Guatemala"],"inLanguage":"pt-BR"},{"@type":"WebPage","@id":"https:\/\/latamjournalismreview.org\/pt-br\/articles\/jornalista-guatemalteca-claudia-mendez-analisa-erros-judiciais-na-imprensa-como-bolsista-nieman-em-harvard\/","url":"https:\/\/latamjournalismreview.org\/pt-br\/articles\/jornalista-guatemalteca-claudia-mendez-analisa-erros-judiciais-na-imprensa-como-bolsista-nieman-em-harvard\/","name":"Jornalista guatemalteca Claudia M\u00e9ndez analisa erros judiciais na imprensa como Bolsista Nieman em Harvard - LatAm Journalism Review by the Knight Center","isPartOf":{"@id":"https:\/\/latamjournalismreview.org\/pt-br\/#website"},"datePublished":"2011-10-29T01:44:25+00:00","dateModified":"2021-07-20T01:45:18+00:00","description":"Jornalista guatemalteca Claudia M\u00e9ndez analisa erros judiciais na imprensa como Bolsista Nieman em Harvard . Latin American Journalism Review by The Knight Center at The University of Texas at Austin.","breadcrumb":{"@id":"https:\/\/latamjournalismreview.org\/pt-br\/articles\/jornalista-guatemalteca-claudia-mendez-analisa-erros-judiciais-na-imprensa-como-bolsista-nieman-em-harvard\/#breadcrumb"},"inLanguage":"pt-BR","potentialAction":[{"@type":"ReadAction","target":["https:\/\/latamjournalismreview.org\/pt-br\/articles\/jornalista-guatemalteca-claudia-mendez-analisa-erros-judiciais-na-imprensa-como-bolsista-nieman-em-harvard\/"]}]},{"@type":"BreadcrumbList","@id":"https:\/\/latamjournalismreview.org\/pt-br\/articles\/jornalista-guatemalteca-claudia-mendez-analisa-erros-judiciais-na-imprensa-como-bolsista-nieman-em-harvard\/#breadcrumb","itemListElement":[{"@type":"ListItem","position":1,"name":"Home","item":"https:\/\/latamjournalismreview.org\/pt-br\/"},{"@type":"ListItem","position":2,"name":"Jornalista guatemalteca Claudia M\u00e9ndez analisa erros judiciais na imprensa como Bolsista Nieman em Harvard"}]},{"@type":"WebSite","@id":"https:\/\/latamjournalismreview.org\/pt-br\/#website","url":"https:\/\/latamjournalismreview.org\/pt-br\/","name":"LatAm Journalism Review","description":"Digital magazine on journalism in Latin America","publisher":{"@id":"https:\/\/latamjournalismreview.org\/pt-br\/#organization"},"potentialAction":[{"@type":"SearchAction","target":{"@type":"EntryPoint","urlTemplate":"https:\/\/latamjournalismreview.org\/pt-br\/?s={search_term_string}"},"query-input":{"@type":"PropertyValueSpecification","valueRequired":true,"valueName":"search_term_string"}}],"inLanguage":"pt-BR"},{"@type":"Organization","@id":"https:\/\/latamjournalismreview.org\/pt-br\/#organization","name":"LatAm Journalism Review","url":"https:\/\/latamjournalismreview.org\/pt-br\/","logo":{"@type":"ImageObject","inLanguage":"pt-BR","@id":"https:\/\/latamjournalismreview.org\/pt-br\/#\/schema\/logo\/image\/","url":"https:\/\/latamjournalismreview.org\/wp-content\/uploads\/2020\/05\/knight-latAm-review-logo.svg","contentUrl":"https:\/\/latamjournalismreview.org\/wp-content\/uploads\/2020\/05\/knight-latAm-review-logo.svg","width":"1024","height":"1024","caption":"LatAm Journalism Review"},"image":{"@id":"https:\/\/latamjournalismreview.org\/pt-br\/#\/schema\/logo\/image\/"},"sameAs":["https:\/\/x.com\/LatAmJournalism"]},{"@type":"Person","@id":"https:\/\/latamjournalismreview.org\/pt-br\/#\/schema\/person\/571a4b578ae1200d03b8c555e5e75663","name":"Summer Harlow","url":"https:\/\/latamjournalismreview.org\/pt-br\/articles\/author\/summer-harlow\/"}]}},"_links":{"self":[{"href":"https:\/\/latamjournalismreview.org\/pt-br\/wp-json\/wp\/v2\/posts\/21838","targetHints":{"allow":["GET"]}}],"collection":[{"href":"https:\/\/latamjournalismreview.org\/pt-br\/wp-json\/wp\/v2\/posts"}],"about":[{"href":"https:\/\/latamjournalismreview.org\/pt-br\/wp-json\/wp\/v2\/types\/post"}],"author":[{"embeddable":true,"href":"https:\/\/latamjournalismreview.org\/pt-br\/wp-json\/wp\/v2\/users\/41"}],"replies":[{"embeddable":true,"href":"https:\/\/latamjournalismreview.org\/pt-br\/wp-json\/wp\/v2\/comments?post=21838"}],"version-history":[{"count":2,"href":"https:\/\/latamjournalismreview.org\/pt-br\/wp-json\/wp\/v2\/posts\/21838\/revisions"}],"predecessor-version":[{"id":21840,"href":"https:\/\/latamjournalismreview.org\/pt-br\/wp-json\/wp\/v2\/posts\/21838\/revisions\/21840"}],"wp:attachment":[{"href":"https:\/\/latamjournalismreview.org\/pt-br\/wp-json\/wp\/v2\/media?parent=21838"}],"wp:term":[{"taxonomy":"category","embeddable":true,"href":"https:\/\/latamjournalismreview.org\/pt-br\/wp-json\/wp\/v2\/categories?post=21838"},{"taxonomy":"post_tag","embeddable":true,"href":"https:\/\/latamjournalismreview.org\/pt-br\/wp-json\/wp\/v2\/tags?post=21838"},{"taxonomy":"author","embeddable":true,"href":"https:\/\/latamjournalismreview.org\/pt-br\/wp-json\/wp\/v2\/coauthors?post=21838"}],"curies":[{"name":"wp","href":"https:\/\/api.w.org\/{rel}","templated":true}]}}