{"id":22361,"date":"2011-08-29T10:32:21","date_gmt":"2011-08-29T15:32:21","guid":{"rendered":"https:\/\/latamjournalismreview.org\/?p=22361"},"modified":"2021-07-22T18:23:32","modified_gmt":"2021-07-22T23:23:32","slug":"google-brasil-e-condenado-pela-justica-por-nao-tirar-blogs-do-ar","status":"publish","type":"post","link":"https:\/\/latamjournalismreview.org\/pt-br\/articles\/google-brasil-e-condenado-pela-justica-por-nao-tirar-blogs-do-ar\/","title":{"rendered":"Google Brasil \u00e9 condenado pela justi\u00e7a por n\u00e3o tirar blogs do ar"},"content":{"rendered":"<p>A <a href=\"http:\/\/www.tecmundo.com.br\/12636-justica-condena-google-brasil-por-nao-remover-blogs-ofensivos-.htm#ixzz1WLZlIXGC\" target=\"_blank\" rel=\"noopener\">justi\u00e7a do Cear\u00e1 determinou o bloqueio de 225 mil reais das contas do Google Brasil<\/a> ap\u00f3s ele ter se recusado a tirar do ar uma s\u00e9rie de blogs cujo conte\u00fado seria ofensivo ao prefeito da cidade de <a href=\"http:\/\/pt.wikipedia.org\/wiki\/V%C3%A1rzea_Alegre\" target=\"_blank\" rel=\"noopener\">V\u00e1rzea Alegre<\/a>, informou o site Tecmundo.<\/p>\n<p>Os blogs acusavam o prefeito de desvios de verbas, corrup\u00e7\u00e3o e ofensas, por\u00e9m ningu\u00e9m assumiu a autoria das acusa\u00e7\u00f5es. De acordo com o site Conjur, o <a href=\"http:\/\/www.conjur.com.br\/2011-ago-20\/juiz-bloqueia-225-mil-contas-google-brasil\" target=\"_blank\" rel=\"noopener\">gestor alega que os sites denigrem sua imagem<\/a> com as postagens an\u00f4nimas.<\/p>\n<p>A companhia vinha sendo notificada judicialmente desde fevereiro. Na \u00e9poca, o juiz respons\u00e1vel pelo caso exigiu que o Google tamb\u00e9m identificasse os autores dos textos, o que ele se recusou a fazer, alegando que <a href=\"http:\/\/portalwebnews.com\/index.php\/2011\/08\/21\/google-brasil-e-condenado-pela-justica-por-nao-remover-blogs\/\" target=\"_blank\" rel=\"noopener\">a Constitui\u00e7\u00e3o brasileira protege o direito \u00e0 informa\u00e7\u00e3o<\/a>, noticiou o Portal Web News.<\/p>\n<p>A empresa ainda afirmou n\u00e3o ser respons\u00e1vel pelo conte\u00fado publicado por usu\u00e1rios, e disse que acredita na liberdade de express\u00e3o, que tornaria a Internet \u00fatil para a sociedade.<\/p>\n<p>\"Os casos de uso indevido dessa liberdade s\u00e3o punidos com a remo\u00e7\u00e3o dos conte\u00fados ilegais identificados, mas o <a href=\"http:\/\/blogs.estadao.com.br\/link\/google-e-condenado-por-nao-tirar-blogs-do-ar\/\" target=\"_blank\" rel=\"noopener\">Google n\u00e3o exerce controle pr\u00e9vio sobre os conte\u00fados criados pelos usu\u00e1rios<\/a> nem far\u00e1 o papel de pol\u00edcia ou de juiz em rela\u00e7\u00e3o aos conte\u00fados criados pelos internautas\", declarou a empresa em nota, citada pelo blog Link, do Estad\u00e3o.<\/p>\n","protected":false},"excerpt":{"rendered":"<p>A justi\u00e7a do Cear\u00e1 determinou o bloqueio de contas do Google Brasil ap\u00f3s recusa a tirar do ar blogs cujo conte\u00fado seria ofensivo ao prefeito da cidade de V\u00e1rzea Alegre, informou o site Tecmundo.<\/p>\n","protected":false},"author":42,"featured_media":0,"comment_status":"closed","ping_status":"closed","sticky":false,"template":"","format":"standard","meta":{"inline_featured_image":false,"footnotes":""},"categories":[1219],"tags":[2050,1593,2051],"coauthors":[],"class_list":["post-22361","post","type-post","status-publish","format-standard","hentry","category-liberdade-de-imprensa-pt-br","tag-censura-pt-br","tag-jornalismo-online-pt-br","tag-liberdade-de-expressao-pt-br"],"acf":[],"yoast_head":"<!-- This site is optimized with the Yoast SEO Premium plugin v22.6 (Yoast SEO v27.4) - https:\/\/yoast.com\/product\/yoast-seo-premium-wordpress\/ -->\n<title>Google Brasil \u00e9 condenado pela justi\u00e7a por n\u00e3o tirar blogs do ar - LatAm Journalism Review by the Knight Center<\/title>\n<meta name=\"description\" content=\"Google Brasil \u00e9 condenado pela justi\u00e7a por n\u00e3o tirar blogs do ar Liberdade de imprensa. Latin American Journalism Review by The Knight Center at The University of Texas at Austin.\" \/>\n<meta name=\"robots\" content=\"index, follow, max-snippet:-1, max-image-preview:large, max-video-preview:-1\" \/>\n<link rel=\"canonical\" href=\"https:\/\/latamjournalismreview.org\/pt-br\/articles\/google-brasil-e-condenado-pela-justica-por-nao-tirar-blogs-do-ar\/\" \/>\n<meta property=\"og:locale\" content=\"pt_BR\" \/>\n<meta property=\"og:type\" content=\"article\" \/>\n<meta property=\"og:title\" content=\"Google Brasil \u00e9 condenado pela justi\u00e7a por n\u00e3o tirar blogs do ar\" \/>\n<meta property=\"og:description\" content=\"Google Brasil \u00e9 condenado pela justi\u00e7a por n\u00e3o tirar blogs do ar Liberdade de imprensa. Latin American Journalism Review by The Knight Center at The University of Texas at Austin.\" \/>\n<meta property=\"og:url\" content=\"https:\/\/latamjournalismreview.org\/pt-br\/articles\/google-brasil-e-condenado-pela-justica-por-nao-tirar-blogs-do-ar\/\" \/>\n<meta property=\"og:site_name\" content=\"LatAm Journalism Review by the Knight Center\" \/>\n<meta property=\"article:published_time\" content=\"2011-08-29T15:32:21+00:00\" \/>\n<meta property=\"article:modified_time\" content=\"2021-07-22T23:23:32+00:00\" \/>\n<meta name=\"author\" content=\"Natalia Mazotte\" \/>\n<meta name=\"twitter:card\" content=\"summary_large_image\" \/>\n<meta name=\"twitter:creator\" content=\"@LatAmJournalism\" \/>\n<meta name=\"twitter:site\" content=\"@LatAmJournalism\" \/>\n<meta name=\"twitter:label1\" content=\"Written by\" \/>\n\t<meta name=\"twitter:data1\" content=\"Natalia Mazotte\" \/>\n\t<meta name=\"twitter:label2\" content=\"Est. reading time\" \/>\n\t<meta name=\"twitter:data2\" content=\"1 minuto\" \/>\n<script type=\"application\/ld+json\" class=\"yoast-schema-graph\">{\"@context\":\"https:\\\/\\\/schema.org\",\"@graph\":[{\"@type\":\"Article\",\"@id\":\"https:\\\/\\\/latamjournalismreview.org\\\/pt-br\\\/articles\\\/google-brasil-e-condenado-pela-justica-por-nao-tirar-blogs-do-ar\\\/#article\",\"isPartOf\":{\"@id\":\"https:\\\/\\\/latamjournalismreview.org\\\/pt-br\\\/articles\\\/google-brasil-e-condenado-pela-justica-por-nao-tirar-blogs-do-ar\\\/\"},\"author\":{\"name\":\"Natalia Mazotte\",\"@id\":\"https:\\\/\\\/latamjournalismreview.org\\\/pt-br\\\/#\\\/schema\\\/person\\\/747457e530d741a9d192f00c32c7f884\"},\"headline\":\"Google Brasil \u00e9 condenado pela justi\u00e7a por n\u00e3o tirar blogs do ar\",\"datePublished\":\"2011-08-29T15:32:21+00:00\",\"dateModified\":\"2021-07-22T23:23:32+00:00\",\"mainEntityOfPage\":{\"@id\":\"https:\\\/\\\/latamjournalismreview.org\\\/pt-br\\\/articles\\\/google-brasil-e-condenado-pela-justica-por-nao-tirar-blogs-do-ar\\\/\"},\"wordCount\":254,\"publisher\":{\"@id\":\"https:\\\/\\\/latamjournalismreview.org\\\/pt-br\\\/#organization\"},\"keywords\":[\"Censura\",\"Jornalismo online\",\"Liberdade de express\u00e3o\"],\"articleSection\":[\"Liberdade de imprensa\"],\"inLanguage\":\"pt-BR\"},{\"@type\":\"WebPage\",\"@id\":\"https:\\\/\\\/latamjournalismreview.org\\\/pt-br\\\/articles\\\/google-brasil-e-condenado-pela-justica-por-nao-tirar-blogs-do-ar\\\/\",\"url\":\"https:\\\/\\\/latamjournalismreview.org\\\/pt-br\\\/articles\\\/google-brasil-e-condenado-pela-justica-por-nao-tirar-blogs-do-ar\\\/\",\"name\":\"Google Brasil \u00e9 condenado pela justi\u00e7a por n\u00e3o tirar blogs do ar - LatAm Journalism Review by the Knight Center\",\"isPartOf\":{\"@id\":\"https:\\\/\\\/latamjournalismreview.org\\\/pt-br\\\/#website\"},\"datePublished\":\"2011-08-29T15:32:21+00:00\",\"dateModified\":\"2021-07-22T23:23:32+00:00\",\"description\":\"Google Brasil \u00e9 condenado pela justi\u00e7a por n\u00e3o tirar blogs do ar Liberdade de imprensa. Latin American Journalism Review by The Knight Center at The University of Texas at Austin.\",\"breadcrumb\":{\"@id\":\"https:\\\/\\\/latamjournalismreview.org\\\/pt-br\\\/articles\\\/google-brasil-e-condenado-pela-justica-por-nao-tirar-blogs-do-ar\\\/#breadcrumb\"},\"inLanguage\":\"pt-BR\",\"potentialAction\":[{\"@type\":\"ReadAction\",\"target\":[\"https:\\\/\\\/latamjournalismreview.org\\\/pt-br\\\/articles\\\/google-brasil-e-condenado-pela-justica-por-nao-tirar-blogs-do-ar\\\/\"]}]},{\"@type\":\"BreadcrumbList\",\"@id\":\"https:\\\/\\\/latamjournalismreview.org\\\/pt-br\\\/articles\\\/google-brasil-e-condenado-pela-justica-por-nao-tirar-blogs-do-ar\\\/#breadcrumb\",\"itemListElement\":[{\"@type\":\"ListItem\",\"position\":1,\"name\":\"Home\",\"item\":\"https:\\\/\\\/latamjournalismreview.org\\\/pt-br\\\/\"},{\"@type\":\"ListItem\",\"position\":2,\"name\":\"Google Brasil \u00e9 condenado pela justi\u00e7a por n\u00e3o tirar blogs do ar\"}]},{\"@type\":\"WebSite\",\"@id\":\"https:\\\/\\\/latamjournalismreview.org\\\/pt-br\\\/#website\",\"url\":\"https:\\\/\\\/latamjournalismreview.org\\\/pt-br\\\/\",\"name\":\"LatAm Journalism Review\",\"description\":\"Digital magazine on journalism in Latin America\",\"publisher\":{\"@id\":\"https:\\\/\\\/latamjournalismreview.org\\\/pt-br\\\/#organization\"},\"potentialAction\":[{\"@type\":\"SearchAction\",\"target\":{\"@type\":\"EntryPoint\",\"urlTemplate\":\"https:\\\/\\\/latamjournalismreview.org\\\/pt-br\\\/?s={search_term_string}\"},\"query-input\":{\"@type\":\"PropertyValueSpecification\",\"valueRequired\":true,\"valueName\":\"search_term_string\"}}],\"inLanguage\":\"pt-BR\"},{\"@type\":\"Organization\",\"@id\":\"https:\\\/\\\/latamjournalismreview.org\\\/pt-br\\\/#organization\",\"name\":\"LatAm Journalism Review\",\"url\":\"https:\\\/\\\/latamjournalismreview.org\\\/pt-br\\\/\",\"logo\":{\"@type\":\"ImageObject\",\"inLanguage\":\"pt-BR\",\"@id\":\"https:\\\/\\\/latamjournalismreview.org\\\/pt-br\\\/#\\\/schema\\\/logo\\\/image\\\/\",\"url\":\"https:\\\/\\\/latamjournalismreview.org\\\/wp-content\\\/uploads\\\/2020\\\/05\\\/knight-latAm-review-logo.svg\",\"contentUrl\":\"https:\\\/\\\/latamjournalismreview.org\\\/wp-content\\\/uploads\\\/2020\\\/05\\\/knight-latAm-review-logo.svg\",\"width\":\"1024\",\"height\":\"1024\",\"caption\":\"LatAm Journalism Review\"},\"image\":{\"@id\":\"https:\\\/\\\/latamjournalismreview.org\\\/pt-br\\\/#\\\/schema\\\/logo\\\/image\\\/\"},\"sameAs\":[\"https:\\\/\\\/x.com\\\/LatAmJournalism\"]},{\"@type\":\"Person\",\"@id\":\"https:\\\/\\\/latamjournalismreview.org\\\/pt-br\\\/#\\\/schema\\\/person\\\/747457e530d741a9d192f00c32c7f884\",\"name\":\"Natalia Mazotte\",\"url\":\"https:\\\/\\\/latamjournalismreview.org\\\/pt-br\\\/articles\\\/author\\\/natalia-mazotte\\\/\"}]}<\/script>\n<!-- \/ Yoast SEO Premium plugin. -->","yoast_head_json":{"title":"Google Brasil \u00e9 condenado pela justi\u00e7a por n\u00e3o tirar blogs do ar - LatAm Journalism Review by the Knight Center","description":"Google Brasil \u00e9 condenado pela justi\u00e7a por n\u00e3o tirar blogs do ar Liberdade de imprensa. Latin American Journalism Review by The Knight Center at The University of Texas at Austin.","robots":{"index":"index","follow":"follow","max-snippet":"max-snippet:-1","max-image-preview":"max-image-preview:large","max-video-preview":"max-video-preview:-1"},"canonical":"https:\/\/latamjournalismreview.org\/pt-br\/articles\/google-brasil-e-condenado-pela-justica-por-nao-tirar-blogs-do-ar\/","og_locale":"pt_BR","og_type":"article","og_title":"Google Brasil \u00e9 condenado pela justi\u00e7a por n\u00e3o tirar blogs do ar","og_description":"Google Brasil \u00e9 condenado pela justi\u00e7a por n\u00e3o tirar blogs do ar Liberdade de imprensa. Latin American Journalism Review by The Knight Center at The University of Texas at Austin.","og_url":"https:\/\/latamjournalismreview.org\/pt-br\/articles\/google-brasil-e-condenado-pela-justica-por-nao-tirar-blogs-do-ar\/","og_site_name":"LatAm Journalism Review by the Knight Center","article_published_time":"2011-08-29T15:32:21+00:00","article_modified_time":"2021-07-22T23:23:32+00:00","author":"Natalia Mazotte","twitter_card":"summary_large_image","twitter_creator":"@LatAmJournalism","twitter_site":"@LatAmJournalism","twitter_misc":{"Written by":"Natalia Mazotte","Est. reading time":"1 minuto"},"schema":{"@context":"https:\/\/schema.org","@graph":[{"@type":"Article","@id":"https:\/\/latamjournalismreview.org\/pt-br\/articles\/google-brasil-e-condenado-pela-justica-por-nao-tirar-blogs-do-ar\/#article","isPartOf":{"@id":"https:\/\/latamjournalismreview.org\/pt-br\/articles\/google-brasil-e-condenado-pela-justica-por-nao-tirar-blogs-do-ar\/"},"author":{"name":"Natalia Mazotte","@id":"https:\/\/latamjournalismreview.org\/pt-br\/#\/schema\/person\/747457e530d741a9d192f00c32c7f884"},"headline":"Google Brasil \u00e9 condenado pela justi\u00e7a por n\u00e3o tirar blogs do ar","datePublished":"2011-08-29T15:32:21+00:00","dateModified":"2021-07-22T23:23:32+00:00","mainEntityOfPage":{"@id":"https:\/\/latamjournalismreview.org\/pt-br\/articles\/google-brasil-e-condenado-pela-justica-por-nao-tirar-blogs-do-ar\/"},"wordCount":254,"publisher":{"@id":"https:\/\/latamjournalismreview.org\/pt-br\/#organization"},"keywords":["Censura","Jornalismo online","Liberdade de express\u00e3o"],"articleSection":["Liberdade de imprensa"],"inLanguage":"pt-BR"},{"@type":"WebPage","@id":"https:\/\/latamjournalismreview.org\/pt-br\/articles\/google-brasil-e-condenado-pela-justica-por-nao-tirar-blogs-do-ar\/","url":"https:\/\/latamjournalismreview.org\/pt-br\/articles\/google-brasil-e-condenado-pela-justica-por-nao-tirar-blogs-do-ar\/","name":"Google Brasil \u00e9 condenado pela justi\u00e7a por n\u00e3o tirar blogs do ar - LatAm Journalism Review by the Knight Center","isPartOf":{"@id":"https:\/\/latamjournalismreview.org\/pt-br\/#website"},"datePublished":"2011-08-29T15:32:21+00:00","dateModified":"2021-07-22T23:23:32+00:00","description":"Google Brasil \u00e9 condenado pela justi\u00e7a por n\u00e3o tirar blogs do ar Liberdade de imprensa. Latin American Journalism Review by The Knight Center at The University of Texas at Austin.","breadcrumb":{"@id":"https:\/\/latamjournalismreview.org\/pt-br\/articles\/google-brasil-e-condenado-pela-justica-por-nao-tirar-blogs-do-ar\/#breadcrumb"},"inLanguage":"pt-BR","potentialAction":[{"@type":"ReadAction","target":["https:\/\/latamjournalismreview.org\/pt-br\/articles\/google-brasil-e-condenado-pela-justica-por-nao-tirar-blogs-do-ar\/"]}]},{"@type":"BreadcrumbList","@id":"https:\/\/latamjournalismreview.org\/pt-br\/articles\/google-brasil-e-condenado-pela-justica-por-nao-tirar-blogs-do-ar\/#breadcrumb","itemListElement":[{"@type":"ListItem","position":1,"name":"Home","item":"https:\/\/latamjournalismreview.org\/pt-br\/"},{"@type":"ListItem","position":2,"name":"Google Brasil \u00e9 condenado pela justi\u00e7a por n\u00e3o tirar blogs do ar"}]},{"@type":"WebSite","@id":"https:\/\/latamjournalismreview.org\/pt-br\/#website","url":"https:\/\/latamjournalismreview.org\/pt-br\/","name":"LatAm Journalism Review","description":"Digital magazine on journalism in Latin America","publisher":{"@id":"https:\/\/latamjournalismreview.org\/pt-br\/#organization"},"potentialAction":[{"@type":"SearchAction","target":{"@type":"EntryPoint","urlTemplate":"https:\/\/latamjournalismreview.org\/pt-br\/?s={search_term_string}"},"query-input":{"@type":"PropertyValueSpecification","valueRequired":true,"valueName":"search_term_string"}}],"inLanguage":"pt-BR"},{"@type":"Organization","@id":"https:\/\/latamjournalismreview.org\/pt-br\/#organization","name":"LatAm Journalism Review","url":"https:\/\/latamjournalismreview.org\/pt-br\/","logo":{"@type":"ImageObject","inLanguage":"pt-BR","@id":"https:\/\/latamjournalismreview.org\/pt-br\/#\/schema\/logo\/image\/","url":"https:\/\/latamjournalismreview.org\/wp-content\/uploads\/2020\/05\/knight-latAm-review-logo.svg","contentUrl":"https:\/\/latamjournalismreview.org\/wp-content\/uploads\/2020\/05\/knight-latAm-review-logo.svg","width":"1024","height":"1024","caption":"LatAm Journalism Review"},"image":{"@id":"https:\/\/latamjournalismreview.org\/pt-br\/#\/schema\/logo\/image\/"},"sameAs":["https:\/\/x.com\/LatAmJournalism"]},{"@type":"Person","@id":"https:\/\/latamjournalismreview.org\/pt-br\/#\/schema\/person\/747457e530d741a9d192f00c32c7f884","name":"Natalia Mazotte","url":"https:\/\/latamjournalismreview.org\/pt-br\/articles\/author\/natalia-mazotte\/"}]}},"_links":{"self":[{"href":"https:\/\/latamjournalismreview.org\/pt-br\/wp-json\/wp\/v2\/posts\/22361","targetHints":{"allow":["GET"]}}],"collection":[{"href":"https:\/\/latamjournalismreview.org\/pt-br\/wp-json\/wp\/v2\/posts"}],"about":[{"href":"https:\/\/latamjournalismreview.org\/pt-br\/wp-json\/wp\/v2\/types\/post"}],"author":[{"embeddable":true,"href":"https:\/\/latamjournalismreview.org\/pt-br\/wp-json\/wp\/v2\/users\/42"}],"replies":[{"embeddable":true,"href":"https:\/\/latamjournalismreview.org\/pt-br\/wp-json\/wp\/v2\/comments?post=22361"}],"version-history":[{"count":1,"href":"https:\/\/latamjournalismreview.org\/pt-br\/wp-json\/wp\/v2\/posts\/22361\/revisions"}],"predecessor-version":[{"id":22363,"href":"https:\/\/latamjournalismreview.org\/pt-br\/wp-json\/wp\/v2\/posts\/22361\/revisions\/22363"}],"wp:attachment":[{"href":"https:\/\/latamjournalismreview.org\/pt-br\/wp-json\/wp\/v2\/media?parent=22361"}],"wp:term":[{"taxonomy":"category","embeddable":true,"href":"https:\/\/latamjournalismreview.org\/pt-br\/wp-json\/wp\/v2\/categories?post=22361"},{"taxonomy":"post_tag","embeddable":true,"href":"https:\/\/latamjournalismreview.org\/pt-br\/wp-json\/wp\/v2\/tags?post=22361"},{"taxonomy":"author","embeddable":true,"href":"https:\/\/latamjournalismreview.org\/pt-br\/wp-json\/wp\/v2\/coauthors?post=22361"}],"curies":[{"name":"wp","href":"https:\/\/api.w.org\/{rel}","templated":true}]}}