{"id":2248,"date":"2019-08-28T16:08:53","date_gmt":"2019-08-28T21:08:53","guid":{"rendered":"https:\/\/live-lajr.pantheonsite.io\/?p=2248"},"modified":"2020-06-10T10:26:40","modified_gmt":"2020-06-10T15:26:40","slug":"folha-de-s-paulo-viaja-por-oito-paises-em-serie-sobre-desigualdade-e-encolhimento-da-classe-media-ao-redor-do-mundo","status":"publish","type":"post","link":"https:\/\/latamjournalismreview.org\/pt-br\/articles\/folha-de-s-paulo-viaja-por-oito-paises-em-serie-sobre-desigualdade-e-encolhimento-da-classe-media-ao-redor-do-mundo\/","title":{"rendered":"Folha de S. Paulo viaja por oito pa\u00edses em s\u00e9rie sobre desigualdade e encolhimento da classe m\u00e9dia ao redor do mundo"},"content":{"rendered":"<p dir=\"ltr\"><em>*Esta nota foi atualizada.<\/em><\/p>\n<p dir=\"ltr\">Favelas na Cidade do Cabo, no Rio de Janeiro e em Mumbai t\u00eam em comum as condi\u00e7\u00f5es prec\u00e1rias em que vivem seus moradores, mas tamb\u00e9m a rela\u00e7\u00e3o com um fen\u00f4meno mundial: a desigualdade que coloca \u00c1frica do Sul, Brasil e \u00cdndia como os pa\u00edses em que os 10% mais ricos mais concentram renda.<\/p>\n<p dir=\"ltr\">J\u00e1 a classe m\u00e9dia global viu sua renda estagnada ou reduzida nos \u00faltimos 40 anos, enquanto a renda dos mais pobres aumentou e a dos mais ricos teve um crescimento ainda mais significativo.<\/p>\n<p dir=\"ltr\">Esses s\u00e3o os temas do especial \u201c<a href=\"https:\/\/temas.folha.uol.com.br\/desigualdade-global\/\">Desigualdade global<\/a>\u201d, publicado em cap\u00edtulos entre julho e agosto pelo jornal brasileiro Folha de S. Paulo. Rep\u00f3rteres do jornal viajaram por oito pa\u00edses \u2013 os tr\u00eas citados acima mais China, Estados Unidos, Espanha, Fran\u00e7a e Inglaterra \u2013 para contar hist\u00f3rias da desigualdade de renda e do encolhimento da classe m\u00e9dia ao redor do mundo em tr\u00eas idiomas: <a href=\"https:\/\/temas.folha.uol.com.br\/desigualdade-global\/\">portugu\u00eas<\/a>, <a href=\"https:\/\/temas.folha.uol.com.br\/desigualdad-global\/\">espanhol<\/a> e <a href=\"http:\/\/temas.folha.uol.com.br\/global-inequality\/\">ingl\u00eas<\/a>.<\/p>\n<p dir=\"ltr\">O projeto multim\u00eddia foi idealizado, coordenado e editado por Fernando Canzian, rep\u00f3rter especial e colunista da Folha, e contou com a colabora\u00e7\u00e3o de 16 profissionais do jornal, entre rep\u00f3rteres de texto, infografistas, designers e outros. O especial come\u00e7ou a ser gestado por Canzian em meados de 2018 a partir do <a href=\"https:\/\/wir2018.wid.world\/\">Relat\u00f3rio da Desigualdade Global<\/a>, produzido por pesquisadores da Escola de Economia de Paris.<\/p>\n<p dir=\"ltr\">\u201cNo momento, se voc\u00ea olhar o cen\u00e1rio internacional econ\u00f4mico, n\u00e3o existe nenhum outro tema de fundo t\u00e3o relevante quanto a quest\u00e3o da desigualdade\u201d, disse ele ao<strong> Centro Knight<\/strong>.<\/p>\n<p dir=\"ltr\">O jornalista, que cobriu como correspondente da Folha em Nova York a crise financeira global que explodiu em 2008, vem observando desde ent\u00e3o a \u201cfraqueza\u201d do crescimento econ\u00f4mico mundial. Ele considera que, por tr\u00e1s disso, est\u00e1 o fato de que \u201ca renda da classe m\u00e9dia, nos pa\u00edses do Ocidente, tem crescido muito abaixo da renda dos mais ricos, e em alguns casos tamb\u00e9m da renda dos mais pobres\u201d.<\/p>\n<p dir=\"ltr\">\u201cO que muitos especialistas e dados sugerem \u00e9 que esse encolhimento da chamada classe m\u00e9dia global, principalmente no Ocidente, tem feito com que a economia cres\u00e7a de uma maneira muito baixa, muito t\u00eanue, e que as pessoas estejam cada vez mais endividadas. Elas n\u00e3o t\u00eam renda crescendo, e se endividam\u201d, disse ele.<\/p>\n<p dir=\"ltr\">Esse encolhimento da classe m\u00e9dia no Ocidente estaria diretamente ligado \u00e0 ascens\u00e3o do populismo de extrema-direita em v\u00e1rios pa\u00edses, como nos Estados Unidos de Donald Trump, no Brasil de Jair Bolsonaro, na vit\u00f3ria do Brexit no Reino Unido e no crescimento da representa\u00e7\u00e3o desta vertente pol\u00edtica em parlamentos de pa\u00edses europeus, aponta o especial.<\/p>\n<p dir=\"ltr\">\u201cVoc\u00ea tem pessoas revoltadas votando em pessoas que prometem resolver o problema delas com solu\u00e7\u00f5es muito simples para problemas complexos e que provavelmente s\u00f3 v\u00e3o piorar a situa\u00e7\u00e3o. \u00c9 muito preocupante essa sinuca em que estamos metidos por conta deste problema que afeta todo mundo, que \u00e9 dinheiro no bolso\u201d, afirmou.<\/p>\n<p dir=\"ltr\"><img decoding=\"async\" style=\"width: 580px; height: 386px;\" src=\"https:\/\/knightcenter.utexas.edu\/pt-br\/system\/files\/storyimages\/folha_special_report.jpg\" alt=\"\" \/><\/p>\n<p><center><em>Morador de rua em Londres; Inglaterra foi um dos 8 pa\u00edses visitados no especial Desigualdade Global.\u00a0(Foto: Lalo de Almeida\/Folhapress)<\/em><\/center><center>\u00a0<\/center><\/p>\n<h4 dir=\"ltr\"><strong>Al\u00e9m dos n\u00fameros<\/strong><\/h4>\n<p dir=\"ltr\">A partir de suas pesquisas e dos dados que reuniu, Canzian configurou o projeto como um especial multim\u00eddia no formato dos anteriores \u201c<a href=\"https:\/\/arte.folha.uol.com.br\/mundo\/2017\/um-mundo-de-muros\/\">Um Mundo de Muros<\/a>\u201d, publicado em 2017, e \u201c<a href=\"https:\/\/arte.folha.uol.com.br\/ciencia\/2018\/crise-do-clima\/introducao\/\">Crise do Clima<\/a>\u201d, de 2018, tamb\u00e9m publicado em <a href=\"http:\/\/arte.folha.uol.com.br\/ciencia\/2018\/crisis-del-clima\/introduccion\/\">espanhol<\/a> e <a href=\"http:\/\/arte.folha.uol.com.br\/ciencia\/2018\/climate-crisis\/introduction\/\">ingl\u00eas<\/a>.<\/p>\n<p dir=\"ltr\">Ele convidou para o projeto o fotojornalista Lalo de Almeida, que havia trabalhado nos especiais citados acima e em outras reportagens premiadas da Folha, como \u201c<a href=\"https:\/\/arte.folha.uol.com.br\/especiais\/2013\/12\/16\/belo-monte\/\">A Batalha de Belo Monte<\/a>\u201d (2013) e a cobertura do <a href=\"http:\/\/arte.folha.uol.com.br\/tudo-sobre\/o-mosquito\/as-vitimas.html\">surto de zika e dos casos de microcefalia no Nordeste do Brasil<\/a> (2016).<\/p>\n<p dir=\"ltr\">Almeida foi o respons\u00e1vel pelas imagens do projeto, tanto as fotos como os v\u00eddeos. Canzian e ele viajaram juntos e compartilharam o trabalho de reportagem em quase todos os lugares presentes no especial.<\/p>\n<p dir=\"ltr\">\u201cEu diria que Lalo de Almeida \u00e9 hoje um dos principais fot\u00f3grafos, sen\u00e3o o principal fot\u00f3grafo, do jornalismo brasileiro\u201d, disse Canzian. \u201cEle tem uma qualidade t\u00e9cnica muito boa, muito refinada, e al\u00e9m de ser um grande fot\u00f3grafo que faz tamb\u00e9m o trabalho de capta\u00e7\u00e3o em v\u00eddeo, \u00e9 uma pessoa muito pr\u00f3-ativa do ponto de vista jornal\u00edstico na procura de hist\u00f3rias.\u201d<\/p>\n<p dir=\"ltr\">A representa\u00e7\u00e3o visual da desigualdade de renda e do encolhimento da classe m\u00e9dia foi uma das principais preocupa\u00e7\u00f5es de Almeida.<\/p>\n<p dir=\"ltr\">\u201cEm outros projetos, cada cap\u00edtulo tinha um tema muito espec\u00edfico e muito concreto\u201d, disse o fotojornalista ao <strong>Centro Knight<\/strong>. \u201cEm \u2018Muros\u2019, n\u00f3s fomos atr\u00e1s das pessoas que s\u00e3o afetadas pelo muro, ent\u00e3o \u00e9 muito concreto e in loco. \u00c9 f\u00e1cil transformar isso em imagem. No caso da desigualdade, n\u00f3s t\u00ednhamos os dados, e transformar isso em uma narrativa visual \u00e9 muito mais dif\u00edcil. Desde o come\u00e7o eu fiquei pensando \u2018como \u00e9 que eu vou transformar isso em imagem?\u2019\u201d<\/p>\n<p dir=\"ltr\">Um dos caminhos foi se debru\u00e7ar sobre a pesquisa de lugares que tivessem rela\u00e7\u00e3o com o fen\u00f4meno que estava sendo explorado e fossem interessantes visualmente, disse ele.<\/p>\n<div style=\"width: 400px; font-size: 80%; text-align: left; float: right; padding-left: 10px; padding-right: 10px;\"><a target=\"_blank\" rel=\"noopener noreferrer\"><img decoding=\"async\" style=\"width: 400px;\" src=\"https:\/\/live.staticflickr.com\/65535\/48624987063_b0ac13e2d7_o.jpg\" \/><\/a>Lalo de Almeida e Fernando Canzian na China, um dos\u00a08 pa\u00edses visitados no especial Desigualdade Global\u00a0(Arquivo pessoal\/Fernando Canzian)<\/div>\n<p dir=\"ltr\">Assim, a partir das entrevistas com especialistas agendadas em capitais como Londres e Washington, eles partiram para cidades como <a href=\"http:\/\/temas.folha.uol.com.br\/desigualdade-global\/europa\/a-revolta-da-classe-media.shtml\">Oldham, no norte da Inglaterra<\/a>, e <a href=\"http:\/\/temas.folha.uol.com.br\/desigualdade-global\/estados-unidos\/em-40-anos-metade-dos-eua-ganhou-so-us-200-a-mais.shtml\">Braddock, no leste dos Estados Unidos<\/a>.<\/p>\n<p dir=\"ltr\">\u201cQuando a gente escolheu Oldham, a gente olhou como era l\u00e1; viu que o \u00edndice de pobreza era super alto; que est\u00e1 em uma regi\u00e3o que foi importante na Revolu\u00e7\u00e3o Industrial, perto de Manchester, que hoje \u00e9 uma das regi\u00f5es mais pobres da Inglaterra; que votou pelo Brexit; e que est\u00e1 cheio de pr\u00e9dios antigos e tecelagens abandonadas, ent\u00e3o visualmente era interessante. Fomos tentando juntar os dados estat\u00edsticos e a relev\u00e2ncia jornal\u00edstica com algo que fosse visualmente atraente, que contasse a hist\u00f3ria em termos visuais tamb\u00e9m\u201d, explicou Almeida.<\/p>\n<p dir=\"ltr\">Os cen\u00e1rios das cidades ajudaram a contar sobre a decad\u00eancia da classe m\u00e9dia e a disparidade entre a opul\u00eancia dos super-ricos e as ultrajantes condi\u00e7\u00f5es de vida dos mais pobres. L\u00e1 eles tamb\u00e9m encontraram pessoas cujas hist\u00f3rias de vida estavam diretamente relacionadas aos dados em que se baseia o projeto.<\/p>\n<p dir=\"ltr\">\u201cDesigualdade \u00e9 uma coisa que todo mundo sabe o que \u00e9\u201d, disse Canzian. \u201cAgora, quando voc\u00ea quer mostrar isso de uma maneira um pouco mais profunda, voc\u00ea precisa mostrar muitos dados, gr\u00e1ficos, tabelas. E normalmente, para um grande p\u00fablico de jornal, principalmente na internet, este tipo de coisa costuma afugentar, as pessoas n\u00e3o t\u00eam muita paci\u00eancia para isso. Ent\u00e3o nosso principal desafio, que foi uma preocupa\u00e7\u00e3o presente desde o in\u00edcio para mim, era fazer com que esses dados mais pesados, num\u00e9ricos, contassem uma hist\u00f3ria que estivesse recheada de personagens. A gente procurou que os personagens, idealisticamente, mostrassem o que aqueles dados estavam querendo dizer.\u201d<\/p>\n<h4 dir=\"ltr\"><strong>Impacto das imagens<\/strong><\/h4>\n<p dir=\"ltr\">Um aspecto visualmente impactante do especial \u00e9 o uso do preto e branco em todas as fotos. Tal escolha se deu por v\u00e1rios fatores, explicou Almeida.<\/p>\n<p dir=\"ltr\">\u201cA gente estava fotografando alguns temas, como o Brexit e os coletes amarelos [na Fran\u00e7a], que ou j\u00e1 tinham sa\u00eddo muito na imprensa ou ainda estavam saindo muito. Nosso projeto n\u00e3o \u00e9 para ser um projeto de hard news, de um assunto quente. Transformar visualmente esses assuntos em preto e branco d\u00e1 um car\u00e1ter mais hist\u00f3rico para as fotos. Voc\u00ea deixa a foto mais atemporal, menos datada\u201d, afirmou.<\/p>\n<p dir=\"ltr\">Outra raz\u00e3o \u00e9 a conex\u00e3o visual das hist\u00f3rias: dado que as fotos seriam feitas em v\u00e1rios lugares em diversos momentos e situa\u00e7\u00f5es, com luzes e cores diferentes em cada loca\u00e7\u00e3o, o preto e branco d\u00e1 uma unidade visual ao trabalho, explicou ele. E, finalmente, como se trata de um \u201cassunto dram\u00e1tico, o preto e branco de alguma forma d\u00e1 uma dramaticidade maior\u201d ao que est\u00e1 sendo retratado, disse Almeida.<\/p>\n<p dir=\"ltr\">Al\u00e9m das fotos, cada cap\u00edtulo do especial conta com um minidocument\u00e1rio em v\u00eddeo com dura\u00e7\u00e3o entre 15 e 25 minutos. A capta\u00e7\u00e3o das imagens em v\u00eddeo tamb\u00e9m ficou por conta de Almeida, que falou sobre o desafio de fotografar e fazer v\u00eddeos simultaneamente.<\/p>\n<p dir=\"ltr\">\u201c\u00c9 uma loucura [fazer as duas coisas], porque s\u00e3o dois modos de pensar completamente diferentes. Voc\u00ea faz o dobro do trabalho, geralmente no mesmo tempo que sempre teve para fazer s\u00f3 um. \u00c9 um belo desafio. E para o rep\u00f3rter de texto tamb\u00e9m [\u00e9 um desafio] entender que voc\u00ea tem essa demanda, que voc\u00ea est\u00e1 fazendo duas coisas, que fazer v\u00eddeo leva tempo\u201d, disse ele.<\/p>\n<p dir=\"ltr\">No cap\u00edtulo sobre o Brasil, o v\u00eddeo traz o momento em que <a href=\"https:\/\/youtu.be\/PGgVZAZJKwY?t=796\">uma entrevista realizada por Canzian e Almeida na favela do Vidigal, Zona Sul do Rio de Janeiro, \u00e0s 11h da manh\u00e3 de uma quarta-feira, \u00e9 interrompida por um tiroteio<\/a>. Segundo o fot\u00f3grafo, o registro ilustra a dificuldade cada vez maior de se fazer reportagens sobre temas sens\u00edveis no Brasil.<\/p>\n<p dir=\"ltr\">\u201cNa \u00c1frica do Sul, que \u00e9 um pa\u00eds violento tamb\u00e9m [como o Brasil], a gente visitou comunidades, favelas, e eu n\u00e3o me senti amea\u00e7ado em momento nenhum. Tudo bem, a gente conversava com as lideran\u00e7as comunit\u00e1rias. Mas aqui era um neg\u00f3cio de louco, toda vez tinha que conversar com lideran\u00e7as do tr\u00e1fico, negociar. Muitas vezes eu levei dias e dias para negociar e n\u00e3o consegui desenrolar\u201d, contou.<\/p>\n<p dir=\"ltr\">\u201c\u00c9 muito dif\u00edcil trabalhar aqui. E foi a mesma coisa no especial \u2018Mundo de Muros\u2019; a gente foi a <a href=\"https:\/\/arte.folha.uol.com.br\/mundo\/2017\/um-mundo-de-muros\/quenia\/pobreza\/\">um muro na fronteira do Qu\u00eania com a Som\u00e1lia<\/a>, um lugar onde tem terrorismo, um dos piores lugares do mundo para se ir em termos de dificuldade de acesso e viol\u00eancia, mas onde eu fui amea\u00e7ado com um rev\u00f3lver foi em <a href=\"https:\/\/arte.folha.uol.com.br\/mundo\/2017\/um-mundo-de-muros\/brasil\/excluidos\/\">Cubat\u00e3o <\/a>[no Estado de S\u00e3o Paulo].\u201d<\/p>\n<h4 dir=\"ltr\"><strong>Acesso internacional<\/strong><\/h4>\n<p dir=\"ltr\">A Folha tem edi\u00e7\u00f5es em <a href=\"https:\/\/www1.folha.uol.com.br\/internacional\/es\/\">espanhol<\/a> e <a href=\"https:\/\/www1.folha.uol.com.br\/internacional\/en\/\">ingl\u00eas<\/a>, em que apresenta uma sele\u00e7\u00e3o de mat\u00e9rias originalmente publicadas em portugu\u00eas traduzidas para os dois idiomas. No caso do projeto \u201cDesigualdade Global\u201d, Canzian disse que a dire\u00e7\u00e3o do jornal julgou o trabalho como \u201crelevante\u201d para que fosse traduzido na \u00edntegra e publicado simultaneamente nos tr\u00eas idiomas.<\/p>\n<div style=\"width: 400px; font-size: 80%; text-align: left; float: left; padding-left: 10px; padding-right: 10px;\"><a target=\"_blank\" rel=\"noopener noreferrer\"><img decoding=\"async\" style=\"width: 400px;\" src=\"https:\/\/live.staticflickr.com\/65535\/48637746856_804f2055ab_o.jpg\" \/><\/a> Fernando Canzian e Lalo de Almeida durante viagem de reportagem do especial Desigualdade Global\u00a0(Arquivo pessoal\/Lalo de Almeida)<\/div>\n<p dir=\"ltr\">\u201cA gente tem feito isso com projetos grandes e de car\u00e1ter internacional, porque a Folha, embora seja um jornal brasileiro, \u00e9 o maior jornal do Brasil e tem alguma penetra\u00e7\u00e3o fora. As pessoas que a gente entrevistou est\u00e3o acompanhando o material, e n\u00e3o haveria outra possibilidade para quem n\u00e3o fala portugu\u00eas do que ter uma tradu\u00e7\u00e3o em ingl\u00eas e espanhol\u201d, disse ele, observando que uma busca pela express\u00e3o \u201cglobal inequality\u201d no Google apresenta a vers\u00e3o em ingl\u00eas do especial da Folha em sua primeira p\u00e1gina de resultados.<\/p>\n<p dir=\"ltr\">\u201cIsso porque est\u00e1 em ingl\u00eas; se estivesse em portugu\u00eas apenas, n\u00e3o apareceria para quem est\u00e1 pesquisando o assunto em outros idiomas. Digamos que tem um estudante em uma universidade em Michigan estudando desigualdade global; o cara escreve \u2018global inequality\u2019 e vai aparecer o material da Folha em ingl\u00eas.\u201d<\/p>\n<p dir=\"ltr\">J\u00e1 os v\u00eddeos, que t\u00eam legendas em espanhol e ingl\u00eas, somam at\u00e9 o momento <a href=\"https:\/\/www.youtube.com\/watch?v=nCyRvStXeYQ&amp;list=PLEU7Upkdqe7HuVBdMUbV-xHTfXQfY9Rzq\">mais de 300 mil visualiza\u00e7\u00f5es<\/a> no YouTube. Os textos e gr\u00e1ficos tamb\u00e9m foram publicados no jornal impresso, e no site o especial \u00e9 \u201cum sucesso de audi\u00eancia\u201d, afirmou Canzian (a Folha n\u00e3o divulga a audi\u00eancia de reportagens espec\u00edficas).<\/p>\n<p dir=\"ltr\">Ele disse ter recebido \u201cbons retornos\u201d sobre o resultado do projeto, tanto de pessoas que se dedicam ao tema e de alguns especialistas que foram entrevistados para o especial como \u201cde pessoas que n\u00e3o est\u00e3o necessariamente voltadas para isso, pessoas que est\u00e3o mais interessadas nas hist\u00f3rias humanas\u201d. \u201cEsse equil\u00edbrio foi o nosso alvo e de certa maneira a gente conseguiu acertar.\u201d<\/p>\n<p dir=\"ltr\">\n<p dir=\"ltr\"><em>*Esta nota foi atualizada para incluir informa\u00e7\u00e3o sobre os pa\u00edses presentes no especial.<\/em><\/p>\n","protected":false},"excerpt":{"rendered":"<p>Favelas na Cidade do Cabo, no Rio de Janeiro e em Mumbai t\u00eam em comum as condi\u00e7\u00f5es prec\u00e1rias em que vivem seus moradores, mas tamb\u00e9m a rela\u00e7\u00e3o com um fen\u00f4meno mundial: a desigualdade que coloca \u00c1frica do Sul, Brasil e \u00cdndia como os pa\u00edses em que os 10% mais ricos mais concentram renda.<\/p>\n","protected":false},"author":16,"featured_media":2249,"comment_status":"closed","ping_status":"closed","sticky":false,"template":"","format":"standard","meta":{"inline_featured_image":false,"footnotes":""},"categories":[1217],"tags":[1551],"coauthors":[],"class_list":["post-2248","post","type-post","status-publish","format-standard","has-post-thumbnail","hentry","category-inovacao-pt-br","tag-problemas-sociais-pt-br"],"acf":[],"yoast_head":"<!-- This site is optimized with the Yoast SEO Premium plugin v22.6 (Yoast SEO v27.4) - https:\/\/yoast.com\/product\/yoast-seo-premium-wordpress\/ -->\n<title>Folha de S. Paulo viaja por oito pa\u00edses em s\u00e9rie sobre desigualdade e encolhimento da classe m\u00e9dia ao redor do mundo - LatAm Journalism Review by the Knight Center<\/title>\n<meta name=\"description\" content=\"Folha de S. Paulo viaja por oito pa\u00edses em s\u00e9rie sobre desigualdade e encolhimento da classe m\u00e9dia ao redor do mundo . Latin American Journalism Review by The Knight Center at The University of Texas at Austin.\" \/>\n<meta name=\"robots\" content=\"index, follow, max-snippet:-1, max-image-preview:large, max-video-preview:-1\" \/>\n<link rel=\"canonical\" href=\"https:\/\/latamjournalismreview.org\/pt-br\/articles\/folha-de-s-paulo-viaja-por-oito-paises-em-serie-sobre-desigualdade-e-encolhimento-da-classe-media-ao-redor-do-mundo\/\" \/>\n<meta property=\"og:locale\" content=\"pt_BR\" \/>\n<meta property=\"og:type\" content=\"article\" \/>\n<meta property=\"og:title\" content=\"Folha de S. Paulo viaja por oito pa\u00edses em s\u00e9rie sobre desigualdade e encolhimento da classe m\u00e9dia ao redor do mundo\" \/>\n<meta property=\"og:description\" content=\"Folha de S. Paulo viaja por oito pa\u00edses em s\u00e9rie sobre desigualdade e encolhimento da classe m\u00e9dia ao redor do mundo . Latin American Journalism Review by The Knight Center at The University of Texas at Austin.\" \/>\n<meta property=\"og:url\" content=\"https:\/\/latamjournalismreview.org\/pt-br\/articles\/folha-de-s-paulo-viaja-por-oito-paises-em-serie-sobre-desigualdade-e-encolhimento-da-classe-media-ao-redor-do-mundo\/\" \/>\n<meta property=\"og:site_name\" content=\"LatAm Journalism Review by the Knight Center\" \/>\n<meta property=\"article:published_time\" content=\"2019-08-28T21:08:53+00:00\" \/>\n<meta property=\"article:modified_time\" content=\"2020-06-10T15:26:40+00:00\" \/>\n<meta property=\"og:image\" content=\"https:\/\/latamjournalismreview.org\/wp-content\/uploads\/2020\/05\/Inequality-in-the-streets-of-London-England-was-one-of-8-countries-e1591802789600.jpg\" \/>\n\t<meta property=\"og:image:width\" content=\"508\" \/>\n\t<meta property=\"og:image:height\" content=\"340\" \/>\n\t<meta property=\"og:image:type\" content=\"image\/jpeg\" \/>\n<meta name=\"author\" content=\"Carolina de Assis\" \/>\n<meta name=\"twitter:card\" content=\"summary_large_image\" \/>\n<meta name=\"twitter:creator\" content=\"@LatAmJournalism\" \/>\n<meta name=\"twitter:site\" content=\"@LatAmJournalism\" \/>\n<meta name=\"twitter:label1\" content=\"Written by\" \/>\n\t<meta name=\"twitter:data1\" content=\"Carolina de Assis\" \/>\n\t<meta name=\"twitter:label2\" content=\"Est. reading time\" \/>\n\t<meta name=\"twitter:data2\" content=\"10 minutos\" \/>\n<script type=\"application\/ld+json\" class=\"yoast-schema-graph\">{\"@context\":\"https:\\\/\\\/schema.org\",\"@graph\":[{\"@type\":\"Article\",\"@id\":\"https:\\\/\\\/latamjournalismreview.org\\\/pt-br\\\/articles\\\/folha-de-s-paulo-viaja-por-oito-paises-em-serie-sobre-desigualdade-e-encolhimento-da-classe-media-ao-redor-do-mundo\\\/#article\",\"isPartOf\":{\"@id\":\"https:\\\/\\\/latamjournalismreview.org\\\/pt-br\\\/articles\\\/folha-de-s-paulo-viaja-por-oito-paises-em-serie-sobre-desigualdade-e-encolhimento-da-classe-media-ao-redor-do-mundo\\\/\"},\"author\":{\"name\":\"Carolina de Assis\",\"@id\":\"https:\\\/\\\/latamjournalismreview.org\\\/pt-br\\\/#\\\/schema\\\/person\\\/f98b544e2f231a237f39a56cc9a00a9a\"},\"headline\":\"Folha de S. Paulo viaja por oito pa\u00edses em s\u00e9rie sobre desigualdade e encolhimento da classe m\u00e9dia ao redor do mundo\",\"datePublished\":\"2019-08-28T21:08:53+00:00\",\"dateModified\":\"2020-06-10T15:26:40+00:00\",\"mainEntityOfPage\":{\"@id\":\"https:\\\/\\\/latamjournalismreview.org\\\/pt-br\\\/articles\\\/folha-de-s-paulo-viaja-por-oito-paises-em-serie-sobre-desigualdade-e-encolhimento-da-classe-media-ao-redor-do-mundo\\\/\"},\"wordCount\":2091,\"publisher\":{\"@id\":\"https:\\\/\\\/latamjournalismreview.org\\\/pt-br\\\/#organization\"},\"image\":{\"@id\":\"https:\\\/\\\/latamjournalismreview.org\\\/pt-br\\\/articles\\\/folha-de-s-paulo-viaja-por-oito-paises-em-serie-sobre-desigualdade-e-encolhimento-da-classe-media-ao-redor-do-mundo\\\/#primaryimage\"},\"thumbnailUrl\":\"https:\\\/\\\/latamjournalismreview.org\\\/wp-content\\\/uploads\\\/2020\\\/05\\\/Inequality-in-the-streets-of-London-England-was-one-of-8-countries-e1591802789600.jpg\",\"keywords\":[\"Problemas sociais\"],\"articleSection\":[\"Inova\u00e7\u00e3o\"],\"inLanguage\":\"pt-BR\"},{\"@type\":\"WebPage\",\"@id\":\"https:\\\/\\\/latamjournalismreview.org\\\/pt-br\\\/articles\\\/folha-de-s-paulo-viaja-por-oito-paises-em-serie-sobre-desigualdade-e-encolhimento-da-classe-media-ao-redor-do-mundo\\\/\",\"url\":\"https:\\\/\\\/latamjournalismreview.org\\\/pt-br\\\/articles\\\/folha-de-s-paulo-viaja-por-oito-paises-em-serie-sobre-desigualdade-e-encolhimento-da-classe-media-ao-redor-do-mundo\\\/\",\"name\":\"Folha de S. Paulo viaja por oito pa\u00edses em s\u00e9rie sobre desigualdade e encolhimento da classe m\u00e9dia ao redor do mundo - LatAm Journalism Review by the Knight Center\",\"isPartOf\":{\"@id\":\"https:\\\/\\\/latamjournalismreview.org\\\/pt-br\\\/#website\"},\"primaryImageOfPage\":{\"@id\":\"https:\\\/\\\/latamjournalismreview.org\\\/pt-br\\\/articles\\\/folha-de-s-paulo-viaja-por-oito-paises-em-serie-sobre-desigualdade-e-encolhimento-da-classe-media-ao-redor-do-mundo\\\/#primaryimage\"},\"image\":{\"@id\":\"https:\\\/\\\/latamjournalismreview.org\\\/pt-br\\\/articles\\\/folha-de-s-paulo-viaja-por-oito-paises-em-serie-sobre-desigualdade-e-encolhimento-da-classe-media-ao-redor-do-mundo\\\/#primaryimage\"},\"thumbnailUrl\":\"https:\\\/\\\/latamjournalismreview.org\\\/wp-content\\\/uploads\\\/2020\\\/05\\\/Inequality-in-the-streets-of-London-England-was-one-of-8-countries-e1591802789600.jpg\",\"datePublished\":\"2019-08-28T21:08:53+00:00\",\"dateModified\":\"2020-06-10T15:26:40+00:00\",\"description\":\"Folha de S. Paulo viaja por oito pa\u00edses em s\u00e9rie sobre desigualdade e encolhimento da classe m\u00e9dia ao redor do mundo . Latin American Journalism Review by The Knight Center at The University of Texas at Austin.\",\"breadcrumb\":{\"@id\":\"https:\\\/\\\/latamjournalismreview.org\\\/pt-br\\\/articles\\\/folha-de-s-paulo-viaja-por-oito-paises-em-serie-sobre-desigualdade-e-encolhimento-da-classe-media-ao-redor-do-mundo\\\/#breadcrumb\"},\"inLanguage\":\"pt-BR\",\"potentialAction\":[{\"@type\":\"ReadAction\",\"target\":[\"https:\\\/\\\/latamjournalismreview.org\\\/pt-br\\\/articles\\\/folha-de-s-paulo-viaja-por-oito-paises-em-serie-sobre-desigualdade-e-encolhimento-da-classe-media-ao-redor-do-mundo\\\/\"]}]},{\"@type\":\"ImageObject\",\"inLanguage\":\"pt-BR\",\"@id\":\"https:\\\/\\\/latamjournalismreview.org\\\/pt-br\\\/articles\\\/folha-de-s-paulo-viaja-por-oito-paises-em-serie-sobre-desigualdade-e-encolhimento-da-classe-media-ao-redor-do-mundo\\\/#primaryimage\",\"url\":\"https:\\\/\\\/latamjournalismreview.org\\\/wp-content\\\/uploads\\\/2020\\\/05\\\/Inequality-in-the-streets-of-London-England-was-one-of-8-countries-e1591802789600.jpg\",\"contentUrl\":\"https:\\\/\\\/latamjournalismreview.org\\\/wp-content\\\/uploads\\\/2020\\\/05\\\/Inequality-in-the-streets-of-London-England-was-one-of-8-countries-e1591802789600.jpg\",\"width\":508,\"height\":340,\"caption\":\"Morador de rua em Londres; Inglaterra foi um dos 8 pa\u00edses visitados no especial Desigualdade Global.\u00a0(Foto: Lalo de Almeida\\\/Folhapress)\"},{\"@type\":\"BreadcrumbList\",\"@id\":\"https:\\\/\\\/latamjournalismreview.org\\\/pt-br\\\/articles\\\/folha-de-s-paulo-viaja-por-oito-paises-em-serie-sobre-desigualdade-e-encolhimento-da-classe-media-ao-redor-do-mundo\\\/#breadcrumb\",\"itemListElement\":[{\"@type\":\"ListItem\",\"position\":1,\"name\":\"Home\",\"item\":\"https:\\\/\\\/latamjournalismreview.org\\\/pt-br\\\/\"},{\"@type\":\"ListItem\",\"position\":2,\"name\":\"Folha de S. Paulo viaja por oito pa\u00edses em s\u00e9rie sobre desigualdade e encolhimento da classe m\u00e9dia ao redor do mundo\"}]},{\"@type\":\"WebSite\",\"@id\":\"https:\\\/\\\/latamjournalismreview.org\\\/pt-br\\\/#website\",\"url\":\"https:\\\/\\\/latamjournalismreview.org\\\/pt-br\\\/\",\"name\":\"LatAm Journalism Review\",\"description\":\"Digital magazine on journalism in Latin America\",\"publisher\":{\"@id\":\"https:\\\/\\\/latamjournalismreview.org\\\/pt-br\\\/#organization\"},\"potentialAction\":[{\"@type\":\"SearchAction\",\"target\":{\"@type\":\"EntryPoint\",\"urlTemplate\":\"https:\\\/\\\/latamjournalismreview.org\\\/pt-br\\\/?s={search_term_string}\"},\"query-input\":{\"@type\":\"PropertyValueSpecification\",\"valueRequired\":true,\"valueName\":\"search_term_string\"}}],\"inLanguage\":\"pt-BR\"},{\"@type\":\"Organization\",\"@id\":\"https:\\\/\\\/latamjournalismreview.org\\\/pt-br\\\/#organization\",\"name\":\"LatAm Journalism Review\",\"url\":\"https:\\\/\\\/latamjournalismreview.org\\\/pt-br\\\/\",\"logo\":{\"@type\":\"ImageObject\",\"inLanguage\":\"pt-BR\",\"@id\":\"https:\\\/\\\/latamjournalismreview.org\\\/pt-br\\\/#\\\/schema\\\/logo\\\/image\\\/\",\"url\":\"https:\\\/\\\/latamjournalismreview.org\\\/wp-content\\\/uploads\\\/2020\\\/05\\\/knight-latAm-review-logo.svg\",\"contentUrl\":\"https:\\\/\\\/latamjournalismreview.org\\\/wp-content\\\/uploads\\\/2020\\\/05\\\/knight-latAm-review-logo.svg\",\"width\":\"1024\",\"height\":\"1024\",\"caption\":\"LatAm Journalism Review\"},\"image\":{\"@id\":\"https:\\\/\\\/latamjournalismreview.org\\\/pt-br\\\/#\\\/schema\\\/logo\\\/image\\\/\"},\"sameAs\":[\"https:\\\/\\\/x.com\\\/LatAmJournalism\"]},{\"@type\":\"Person\",\"@id\":\"https:\\\/\\\/latamjournalismreview.org\\\/pt-br\\\/#\\\/schema\\\/person\\\/f98b544e2f231a237f39a56cc9a00a9a\",\"name\":\"Carolina de Assis\",\"description\":\"Carolina de Assis is a Brazilian journalist and researcher who lives in Juiz de Fora, MG, Brazil. She holds a master's degree in Women\u2019s and Gender Studies from the GEMMA Programme \u2013 Universit\u00e0 di Bologna (Italy) \\\/ Universiteit Utrecht (The Netherlands) and has worked as an editor at G\u00eanero e N\u00famero, a Brazilian digital magazine focused on data journalism and gender issues. She is especially interested in journalistic initiatives aimed at promoting human rights and gender justice. You can find her on Twitter: @caroldeassis _________ Carolina de Assis es una periodista e investigadora brasile\u00f1a que vive en Juiz de Fora, MG, Brasil . Tiene una maestr\u00eda en Estudios de las Mujeres y de G\u00e9nero del programa GEMMA \u2013 Universit\u00e0 di Bologna (Italia) \\\/ Universiteit Utrecht (Holanda). Trabaj\u00f3 como editora en la revista digital brasile\u00f1a G\u00eanero e N\u00famero. Le interesan especialmente iniciativas period\u00edsticas que tienen el objetivo de promover los derechos humanos y la justicia de g\u00e9nero. Puedes encontrarla en Twitter: @caroldeassis. _______ Carolina de Assis \u00e9 uma jornalista e pesquisadora brasileira que vive em Juiz de Fora (MG). \u00c9 mestra em Estudos da Mulher e de G\u00eanero pelo programa GEMMA \u2013 Universit\u00e0 di Bologna (It\u00e1lia) \\\/ Universiteit Utrecht (Holanda). Trabalhou como editora na revista digital G\u00eanero e N\u00famero e se interessa especialmente por iniciativas jornal\u00edsticas que promovam os direitos humanos e a justi\u00e7a de g\u00eanero. Voc\u00ea pode encontr\u00e1-la no Twitter em @caroldeassis.\",\"url\":\"https:\\\/\\\/latamjournalismreview.org\\\/pt-br\\\/articles\\\/author\\\/carolina-de-assis\\\/\"}]}<\/script>\n<!-- \/ Yoast SEO Premium plugin. -->","yoast_head_json":{"title":"Folha de S. Paulo viaja por oito pa\u00edses em s\u00e9rie sobre desigualdade e encolhimento da classe m\u00e9dia ao redor do mundo - LatAm Journalism Review by the Knight Center","description":"Folha de S. Paulo viaja por oito pa\u00edses em s\u00e9rie sobre desigualdade e encolhimento da classe m\u00e9dia ao redor do mundo . Latin American Journalism Review by The Knight Center at The University of Texas at Austin.","robots":{"index":"index","follow":"follow","max-snippet":"max-snippet:-1","max-image-preview":"max-image-preview:large","max-video-preview":"max-video-preview:-1"},"canonical":"https:\/\/latamjournalismreview.org\/pt-br\/articles\/folha-de-s-paulo-viaja-por-oito-paises-em-serie-sobre-desigualdade-e-encolhimento-da-classe-media-ao-redor-do-mundo\/","og_locale":"pt_BR","og_type":"article","og_title":"Folha de S. Paulo viaja por oito pa\u00edses em s\u00e9rie sobre desigualdade e encolhimento da classe m\u00e9dia ao redor do mundo","og_description":"Folha de S. Paulo viaja por oito pa\u00edses em s\u00e9rie sobre desigualdade e encolhimento da classe m\u00e9dia ao redor do mundo . Latin American Journalism Review by The Knight Center at The University of Texas at Austin.","og_url":"https:\/\/latamjournalismreview.org\/pt-br\/articles\/folha-de-s-paulo-viaja-por-oito-paises-em-serie-sobre-desigualdade-e-encolhimento-da-classe-media-ao-redor-do-mundo\/","og_site_name":"LatAm Journalism Review by the Knight Center","article_published_time":"2019-08-28T21:08:53+00:00","article_modified_time":"2020-06-10T15:26:40+00:00","og_image":[{"width":508,"height":340,"url":"https:\/\/latamjournalismreview.org\/wp-content\/uploads\/2020\/05\/Inequality-in-the-streets-of-London-England-was-one-of-8-countries-e1591802789600.jpg","type":"image\/jpeg"}],"author":"Carolina de Assis","twitter_card":"summary_large_image","twitter_creator":"@LatAmJournalism","twitter_site":"@LatAmJournalism","twitter_misc":{"Written by":"Carolina de Assis","Est. reading time":"10 minutos"},"schema":{"@context":"https:\/\/schema.org","@graph":[{"@type":"Article","@id":"https:\/\/latamjournalismreview.org\/pt-br\/articles\/folha-de-s-paulo-viaja-por-oito-paises-em-serie-sobre-desigualdade-e-encolhimento-da-classe-media-ao-redor-do-mundo\/#article","isPartOf":{"@id":"https:\/\/latamjournalismreview.org\/pt-br\/articles\/folha-de-s-paulo-viaja-por-oito-paises-em-serie-sobre-desigualdade-e-encolhimento-da-classe-media-ao-redor-do-mundo\/"},"author":{"name":"Carolina de Assis","@id":"https:\/\/latamjournalismreview.org\/pt-br\/#\/schema\/person\/f98b544e2f231a237f39a56cc9a00a9a"},"headline":"Folha de S. Paulo viaja por oito pa\u00edses em s\u00e9rie sobre desigualdade e encolhimento da classe m\u00e9dia ao redor do mundo","datePublished":"2019-08-28T21:08:53+00:00","dateModified":"2020-06-10T15:26:40+00:00","mainEntityOfPage":{"@id":"https:\/\/latamjournalismreview.org\/pt-br\/articles\/folha-de-s-paulo-viaja-por-oito-paises-em-serie-sobre-desigualdade-e-encolhimento-da-classe-media-ao-redor-do-mundo\/"},"wordCount":2091,"publisher":{"@id":"https:\/\/latamjournalismreview.org\/pt-br\/#organization"},"image":{"@id":"https:\/\/latamjournalismreview.org\/pt-br\/articles\/folha-de-s-paulo-viaja-por-oito-paises-em-serie-sobre-desigualdade-e-encolhimento-da-classe-media-ao-redor-do-mundo\/#primaryimage"},"thumbnailUrl":"https:\/\/latamjournalismreview.org\/wp-content\/uploads\/2020\/05\/Inequality-in-the-streets-of-London-England-was-one-of-8-countries-e1591802789600.jpg","keywords":["Problemas sociais"],"articleSection":["Inova\u00e7\u00e3o"],"inLanguage":"pt-BR"},{"@type":"WebPage","@id":"https:\/\/latamjournalismreview.org\/pt-br\/articles\/folha-de-s-paulo-viaja-por-oito-paises-em-serie-sobre-desigualdade-e-encolhimento-da-classe-media-ao-redor-do-mundo\/","url":"https:\/\/latamjournalismreview.org\/pt-br\/articles\/folha-de-s-paulo-viaja-por-oito-paises-em-serie-sobre-desigualdade-e-encolhimento-da-classe-media-ao-redor-do-mundo\/","name":"Folha de S. Paulo viaja por oito pa\u00edses em s\u00e9rie sobre desigualdade e encolhimento da classe m\u00e9dia ao redor do mundo - LatAm Journalism Review by the Knight Center","isPartOf":{"@id":"https:\/\/latamjournalismreview.org\/pt-br\/#website"},"primaryImageOfPage":{"@id":"https:\/\/latamjournalismreview.org\/pt-br\/articles\/folha-de-s-paulo-viaja-por-oito-paises-em-serie-sobre-desigualdade-e-encolhimento-da-classe-media-ao-redor-do-mundo\/#primaryimage"},"image":{"@id":"https:\/\/latamjournalismreview.org\/pt-br\/articles\/folha-de-s-paulo-viaja-por-oito-paises-em-serie-sobre-desigualdade-e-encolhimento-da-classe-media-ao-redor-do-mundo\/#primaryimage"},"thumbnailUrl":"https:\/\/latamjournalismreview.org\/wp-content\/uploads\/2020\/05\/Inequality-in-the-streets-of-London-England-was-one-of-8-countries-e1591802789600.jpg","datePublished":"2019-08-28T21:08:53+00:00","dateModified":"2020-06-10T15:26:40+00:00","description":"Folha de S. Paulo viaja por oito pa\u00edses em s\u00e9rie sobre desigualdade e encolhimento da classe m\u00e9dia ao redor do mundo . Latin American Journalism Review by The Knight Center at The University of Texas at Austin.","breadcrumb":{"@id":"https:\/\/latamjournalismreview.org\/pt-br\/articles\/folha-de-s-paulo-viaja-por-oito-paises-em-serie-sobre-desigualdade-e-encolhimento-da-classe-media-ao-redor-do-mundo\/#breadcrumb"},"inLanguage":"pt-BR","potentialAction":[{"@type":"ReadAction","target":["https:\/\/latamjournalismreview.org\/pt-br\/articles\/folha-de-s-paulo-viaja-por-oito-paises-em-serie-sobre-desigualdade-e-encolhimento-da-classe-media-ao-redor-do-mundo\/"]}]},{"@type":"ImageObject","inLanguage":"pt-BR","@id":"https:\/\/latamjournalismreview.org\/pt-br\/articles\/folha-de-s-paulo-viaja-por-oito-paises-em-serie-sobre-desigualdade-e-encolhimento-da-classe-media-ao-redor-do-mundo\/#primaryimage","url":"https:\/\/latamjournalismreview.org\/wp-content\/uploads\/2020\/05\/Inequality-in-the-streets-of-London-England-was-one-of-8-countries-e1591802789600.jpg","contentUrl":"https:\/\/latamjournalismreview.org\/wp-content\/uploads\/2020\/05\/Inequality-in-the-streets-of-London-England-was-one-of-8-countries-e1591802789600.jpg","width":508,"height":340,"caption":"Morador de rua em Londres; Inglaterra foi um dos 8 pa\u00edses visitados no especial Desigualdade Global.\u00a0(Foto: Lalo de Almeida\/Folhapress)"},{"@type":"BreadcrumbList","@id":"https:\/\/latamjournalismreview.org\/pt-br\/articles\/folha-de-s-paulo-viaja-por-oito-paises-em-serie-sobre-desigualdade-e-encolhimento-da-classe-media-ao-redor-do-mundo\/#breadcrumb","itemListElement":[{"@type":"ListItem","position":1,"name":"Home","item":"https:\/\/latamjournalismreview.org\/pt-br\/"},{"@type":"ListItem","position":2,"name":"Folha de S. Paulo viaja por oito pa\u00edses em s\u00e9rie sobre desigualdade e encolhimento da classe m\u00e9dia ao redor do mundo"}]},{"@type":"WebSite","@id":"https:\/\/latamjournalismreview.org\/pt-br\/#website","url":"https:\/\/latamjournalismreview.org\/pt-br\/","name":"LatAm Journalism Review","description":"Digital magazine on journalism in Latin America","publisher":{"@id":"https:\/\/latamjournalismreview.org\/pt-br\/#organization"},"potentialAction":[{"@type":"SearchAction","target":{"@type":"EntryPoint","urlTemplate":"https:\/\/latamjournalismreview.org\/pt-br\/?s={search_term_string}"},"query-input":{"@type":"PropertyValueSpecification","valueRequired":true,"valueName":"search_term_string"}}],"inLanguage":"pt-BR"},{"@type":"Organization","@id":"https:\/\/latamjournalismreview.org\/pt-br\/#organization","name":"LatAm Journalism Review","url":"https:\/\/latamjournalismreview.org\/pt-br\/","logo":{"@type":"ImageObject","inLanguage":"pt-BR","@id":"https:\/\/latamjournalismreview.org\/pt-br\/#\/schema\/logo\/image\/","url":"https:\/\/latamjournalismreview.org\/wp-content\/uploads\/2020\/05\/knight-latAm-review-logo.svg","contentUrl":"https:\/\/latamjournalismreview.org\/wp-content\/uploads\/2020\/05\/knight-latAm-review-logo.svg","width":"1024","height":"1024","caption":"LatAm Journalism Review"},"image":{"@id":"https:\/\/latamjournalismreview.org\/pt-br\/#\/schema\/logo\/image\/"},"sameAs":["https:\/\/x.com\/LatAmJournalism"]},{"@type":"Person","@id":"https:\/\/latamjournalismreview.org\/pt-br\/#\/schema\/person\/f98b544e2f231a237f39a56cc9a00a9a","name":"Carolina de Assis","description":"Carolina de Assis is a Brazilian journalist and researcher who lives in Juiz de Fora, MG, Brazil. She holds a master's degree in Women\u2019s and Gender Studies from the GEMMA Programme \u2013 Universit\u00e0 di Bologna (Italy) \/ Universiteit Utrecht (The Netherlands) and has worked as an editor at G\u00eanero e N\u00famero, a Brazilian digital magazine focused on data journalism and gender issues. She is especially interested in journalistic initiatives aimed at promoting human rights and gender justice. You can find her on Twitter: @caroldeassis _________ Carolina de Assis es una periodista e investigadora brasile\u00f1a que vive en Juiz de Fora, MG, Brasil . Tiene una maestr\u00eda en Estudios de las Mujeres y de G\u00e9nero del programa GEMMA \u2013 Universit\u00e0 di Bologna (Italia) \/ Universiteit Utrecht (Holanda). Trabaj\u00f3 como editora en la revista digital brasile\u00f1a G\u00eanero e N\u00famero. Le interesan especialmente iniciativas period\u00edsticas que tienen el objetivo de promover los derechos humanos y la justicia de g\u00e9nero. Puedes encontrarla en Twitter: @caroldeassis. _______ Carolina de Assis \u00e9 uma jornalista e pesquisadora brasileira que vive em Juiz de Fora (MG). \u00c9 mestra em Estudos da Mulher e de G\u00eanero pelo programa GEMMA \u2013 Universit\u00e0 di Bologna (It\u00e1lia) \/ Universiteit Utrecht (Holanda). Trabalhou como editora na revista digital G\u00eanero e N\u00famero e se interessa especialmente por iniciativas jornal\u00edsticas que promovam os direitos humanos e a justi\u00e7a de g\u00eanero. Voc\u00ea pode encontr\u00e1-la no Twitter em @caroldeassis.","url":"https:\/\/latamjournalismreview.org\/pt-br\/articles\/author\/carolina-de-assis\/"}]}},"_links":{"self":[{"href":"https:\/\/latamjournalismreview.org\/pt-br\/wp-json\/wp\/v2\/posts\/2248","targetHints":{"allow":["GET"]}}],"collection":[{"href":"https:\/\/latamjournalismreview.org\/pt-br\/wp-json\/wp\/v2\/posts"}],"about":[{"href":"https:\/\/latamjournalismreview.org\/pt-br\/wp-json\/wp\/v2\/types\/post"}],"author":[{"embeddable":true,"href":"https:\/\/latamjournalismreview.org\/pt-br\/wp-json\/wp\/v2\/users\/16"}],"replies":[{"embeddable":true,"href":"https:\/\/latamjournalismreview.org\/pt-br\/wp-json\/wp\/v2\/comments?post=2248"}],"version-history":[{"count":5,"href":"https:\/\/latamjournalismreview.org\/pt-br\/wp-json\/wp\/v2\/posts\/2248\/revisions"}],"predecessor-version":[{"id":6063,"href":"https:\/\/latamjournalismreview.org\/pt-br\/wp-json\/wp\/v2\/posts\/2248\/revisions\/6063"}],"wp:featuredmedia":[{"embeddable":true,"href":"https:\/\/latamjournalismreview.org\/pt-br\/wp-json\/wp\/v2\/media\/2249"}],"wp:attachment":[{"href":"https:\/\/latamjournalismreview.org\/pt-br\/wp-json\/wp\/v2\/media?parent=2248"}],"wp:term":[{"taxonomy":"category","embeddable":true,"href":"https:\/\/latamjournalismreview.org\/pt-br\/wp-json\/wp\/v2\/categories?post=2248"},{"taxonomy":"post_tag","embeddable":true,"href":"https:\/\/latamjournalismreview.org\/pt-br\/wp-json\/wp\/v2\/tags?post=2248"},{"taxonomy":"author","embeddable":true,"href":"https:\/\/latamjournalismreview.org\/pt-br\/wp-json\/wp\/v2\/coauthors?post=2248"}],"curies":[{"name":"wp","href":"https:\/\/api.w.org\/{rel}","templated":true}]}}