{"id":22850,"date":"2018-07-23T22:54:34","date_gmt":"2018-07-24T03:54:34","guid":{"rendered":"https:\/\/latamjournalismreview.org\/?p=22850"},"modified":"2021-07-23T22:55:53","modified_gmt":"2021-07-24T03:55:53","slug":"fundador-do-centro-knight-e-presidente-da-fundacao-knight-estao-entre-homenageados-pelo-hall-da-fama-nahj","status":"publish","type":"post","link":"https:\/\/latamjournalismreview.org\/pt-br\/articles\/fundador-do-centro-knight-e-presidente-da-fundacao-knight-estao-entre-homenageados-pelo-hall-da-fama-nahj\/","title":{"rendered":"Fundador do Centro Knight e Presidente da Funda\u00e7\u00e3o Knight est\u00e3o entre homenageados pelo Hall da Fama NAHJ"},"content":{"rendered":"<p class=\"p1\">A Associa\u00e7\u00e3o Nacional de Jornalistas Hisp\u00e2nicos (NAHJ) nomeou Rosental Alves, fundador e diretor do Centro Knight para Jornalismo nas Am\u00e9ricas, e Alberto Ibarg\u00fcen, CEO da Funda\u00e7\u00e3o John S. and James L. Knight, <a href=\"http:\/\/www.nahj.org\/2018\/05\/15\/2018-hall-fame\/\">em seu Hall da Fama<\/a>.<span class=\"s1\">\u00a0<\/span><\/p>\n<div id=\"attachment_22844\" style=\"width: 410px\" class=\"wp-caption alignleft\"><img loading=\"lazy\" decoding=\"async\" aria-describedby=\"caption-attachment-22844\" class=\"wp-image-22844\" src=\"https:\/\/latamjournalismreview.org\/wp-content\/uploads\/2021\/07\/Rosental-NAHJ-225x300.jpg\" alt=\"Rosental at NAHJ\" width=\"400\" height=\"533\" srcset=\"https:\/\/latamjournalismreview.org\/wp-content\/uploads\/2021\/07\/Rosental-NAHJ-225x300.jpg 225w, https:\/\/latamjournalismreview.org\/wp-content\/uploads\/2021\/07\/Rosental-NAHJ-768x1024.jpg 768w, https:\/\/latamjournalismreview.org\/wp-content\/uploads\/2021\/07\/Rosental-NAHJ.jpg 900w\" sizes=\"auto, (max-width: 400px) 100vw, 400px\" \/><p id=\"caption-attachment-22844\" class=\"wp-caption-text\">Rosental Alves was inducted into the NAHJ Hall of Fame in 2018. (Photo: Courtesy NAHJ)<\/p><\/div>\n<p class=\"p1\">Outros indicados incluem Mindy Marques, editora-executiva do Miami Herald, e a jornalista investigativa e co-fundadora do Centro para Jornalismo Investigativo da Fl\u00f3rida, Mc Nelly Torres.<\/p>\n<p class=\"p1\">Os quatro jornalistas foram homenageados na edi\u00e7\u00e3o 2018 da Confer\u00eancia Internacional de Treinamento e Feira de Carreiras da NAJH em Miami, no dia 21 de julho.<\/p>\n<p class=\"p1\">No momento do an\u00fancio, em maio, o presidente da NAHJ, Brandon Benavides, disse \"Tenho a honra de anunciar esses quatro candidatos ao reconhecimento do Hall da Fama. Esses jornalistas de destaque levaram o significado do jornalismo a novos padr\u00f5es e redefiniram a ind\u00fastria atrav\u00e9s de seus posicionamentos sem precedentes e ideologias inventivas\".<\/p>\n<p class=\"p1\">NAHJ disse que Alves, nativo do Brasil, \u00e9 um \"l\u00edder em jornalismo online e em conectar a Am\u00e9rica Latina ao jornalismo dos Estados Unidos\". A associa\u00e7\u00e3o destacou seu trabalho como editor do Jornal do Brasil e correspondente, bem como sua carreira docente na Escola de Jornalismo da Universidade do Texas em Austin.<\/p>\n<p class=\"p1\">Ele \u00e9 o primeiro presidente do Knight em Jornalismo Internacional e, al\u00e9m de criar o Centro com uma bolsa da Funda\u00e7\u00e3o Knight, ele criou uma plataforma online de ensino a dist\u00e2ncia que tem treinado milhares de jornalistas ao redor do mundo.<\/p>\n<p class=\"p1\">\"Se o destaque da primeira metade da minha carreira foi meu tempo como correspondente estrangeiro, trabalhando por mais de uma d\u00e9cada na Espanha, pa\u00edses da Am\u00e9rica Latina e nos Estados Unidos, ent\u00e3o o destaque da segunda metade, como professor de jornalismo, tem sido para ajudar aspirantes a jornalistas e jornalistas profissionais nas Am\u00e9ricas\", disse Alves na cerim\u00f4nia de abertura do Hall da Fama. <em>[Nota da editora: todo o discurso de Alves pode ser encontrado abaixo.]<\/em><\/p>\n<p class=\"p1\">\"O esp\u00edrito iluminador de Rosental, a lideran\u00e7a en\u00e9rgica e o estilo \u00fanico exigem o respeito de colegas e companheiros do setor\", disse o diretor executivo da NAHJ, Alberto B. Mendoza, ao <strong>Centro Knight<\/strong>. \"Sua carreira como jornalista, educador e criador de la\u00e7os deu contribui\u00e7\u00f5es significativas \u00e0 liberdade de express\u00e3o e democracia. Estamos honrados por celebrar sua excel\u00eancia no treinamento de jornalistas nos Estados Unidos e por toda a Am\u00e9rica Latina.\"<\/p>\n<p class=\"p1\"><strong>Alberto Ibarg\u00fcen<\/strong> \u00e9 ex-editor dos jornais Miami Herald e El Nuevo Herald, em espanhol, trabalhou no Hartford Courant e no Newsday, assim como atuou em diversos conselhos, incluindo o PBS e o Newseum. Ele se juntou \u00e0 Funda\u00e7\u00e3o Knight em 2005 e tem se concentrado em apoiar start-ups e empreendedores, segundo o NAHJ.<\/p>\n<p class=\"p1\">\"Ele sempre foi um l\u00edder para a mudan\u00e7a e para desenvolver o jornalismo em uma comunidade aberta para o di\u00e1logo\", escreveu a organiza\u00e7\u00e3o.<\/p>\n<p class=\"p1\"><strong>Mindy Marques<\/strong> foi pioneira do Miami Herald, come\u00e7ando como estagi\u00e1ria e trabalhando at\u00e9 se tornar editora executiva e vice-presidente em not\u00edcias. \"Marques \u00e9 apenas a segunda mulher a ocupar o cargo de editora executiva e a primeira editora hisp\u00e2nica do Miami Herald\", observou o NAHJ. A associa\u00e7\u00e3o tamb\u00e9m destacou sua luta por mais mulheres em posi\u00e7\u00f5es avan\u00e7adas de jornalismo.<\/p>\n<p class=\"p1\">A premiada jornalista investigativa <strong>Mc Nelly Torres<\/strong> trabalhou em cinco jornais di\u00e1rios pelo pa\u00eds, \"desvendou crime locais e realizou mudan\u00e7as nas comunidade\", escreveu o NAHJ. Al\u00e9m disso, a organiza\u00e7\u00e3o disse que ela promove o of\u00edcio atrav\u00e9s do treinamento de jornalistas nos EUA, Am\u00e9rica Latina e Caribe.<\/p>\n<p class=\"p1\">NAHJ \"\u00e9 a primeira grande organiza\u00e7\u00e3o de jornalistas latinos nos Estados Unidos e \u00e9 dedicada ao reconhecimento e avan\u00e7o profissional dos hisp\u00e2nicos no setor de not\u00edcias\", disse o site da organiza\u00e7\u00e3o.<\/p>\n<p>&nbsp;<\/p>\n<p class=\"p1\"><em>Discurso de aceite do\u00a0Hall da Fama <\/em><em>NAHJ\u00a0<\/em><em>de Rosental Calmon Alves:<\/em><\/p>\n<p class=\"p1\">Sinto-me humilde com esse reconhecimento extraordin\u00e1rio. Depois que o presidente da NAHJ, Brandon Benevides, me disse que eu receberia a honra de ser inclu\u00eddo no Hall da Fama NAHJ, eu percebi que isso coincide com o 50\u00ba anivers\u00e1rio de minha carreira jornal\u00edstica. Que grande coincid\u00eancia! Que presente maravilhoso! E que honra fazer parte deste grupo de pessoas que admiro, como meu velho amigo Alberto Ibarguen, Mindy Marques e McNelly Torres.<\/p>\n<p class=\"p1\">Sim, tudo come\u00e7ou h\u00e1 50 anos!<\/p>\n<p class=\"p1\">Minha paix\u00e3o pelo jornalismo nasceu no meu jornal do ensino m\u00e9dio, no Rio de Janeiro, em 1968. Naquele mesmo ano, aos 16 anos, comecei minha carreira profissionalmente, como rep\u00f3rter estagi\u00e1rio de um jornal.<\/p>\n<p class=\"p1\">Eu tamb\u00e9m comecei cedo como professor de jornalismo, dando minhas primeiras aulas em uma universidade quando tinha 21 anos.<\/p>\n<p class=\"p1\">Pelos \u00faltimos 50 anos, nunca trabalhei em nada que n\u00e3o fosse a pr\u00e1tica ou o ensino de jornalismo.<\/p>\n<p class=\"p1\">Se o destaque da primeira metade da minha carreira foi meu tempo como correspondente estrangeiro, trabalhando por mais de uma d\u00e9cada na Espanha, pa\u00edses da Am\u00e9rica Latina e Estados Unidos, ent\u00e3o o destaque da segunda parte, como professor de jornalismo, tem sido para ajudar aspirantes a jornalistas e jornalistas profissionais nas Am\u00e9ricas.<\/p>\n<p class=\"p1\">Em 1996, eu me mudei da reda\u00e7\u00e3o no Brasil para a sala de aula nos Estados Unidos, como o primeiro titular da c\u00e1tedra Knight de Jornalismo Internacional na Universidade do Texas, em Austin.<\/p>\n<p class=\"p1\">N\u00e3o demorou muito para que eu percebesse, em Austin, que meu trabalho deveria ir muito al\u00e9m da sala de aula na UT e alcan\u00e7ar meus colegas jornalistas na Am\u00e9rica Latina e Caribe. A generosa Funda\u00e7\u00e3o Knight tamb\u00e9m percebeu isso e me ajudou a criar o Centro Knight para Jornalismo nas Am\u00e9ricas, em 2002.<\/p>\n<p class=\"p1\">Desde ent\u00e3o, somos pioneiros no ensino on-line, atingindo milhares de jornalistas para ensinar habilidades de ponta, ajudando-os a se adaptar ao novo ecossistema da m\u00eddia, criado pela revolu\u00e7\u00e3o digital.<\/p>\n<p class=\"p1\">Nos \u00faltimos seis anos, nossos cursos de jornalismo em ingl\u00eas, espanhol e portugu\u00eas chegaram a mais de 144 mil pessoas ao redor do mundo.<\/p>\n<p>Chegar a esta confer\u00eancia de sucesso da NAHJ em Miami foi uma b\u00ean\u00e7\u00e3o para mim. A Associa\u00e7\u00e3o Nacional de Jornalistas Hisp\u00e2nicos entende! Eu me senti em casa entre os colegas jornalistas latinos, interessados neste ambiente rico de aprendizagem e desenvolvimento de carreira.<\/p>\n<p>Nestes dias sombrios de ataques contra o jornalismo e a disrup\u00e7\u00e3o dos modelos de neg\u00f3cios de m\u00eddia, n\u00f3s precisamos ainda mais do tipo de trabalho que a NAHJ faz. Ele d\u00e1 esperan\u00e7a de um futuro brilhante para o jornalismo independente, que \u00e9 t\u00e3o fundamental para uma democracia funcional.<\/p>\n<p class=\"p1\">Obrigado, NAHJ, por este pr\u00eamio. E obrigado por seu grande e indispens\u00e1vel trabalho para promover a diversidade e o bom jornalismo nos Estados Unidos.<\/p>\n","protected":false},"excerpt":{"rendered":"<p>A Associa\u00e7\u00e3o Nacional de Jornalistas Hisp\u00e2nicos (NAHJ) nomeou Rosental Alves, fundador e diretor do Centro Knight para Jornalismo nas Am\u00e9ricas, e Alberto Ibarg\u00fcen, CEO da Funda\u00e7\u00e3o John S. and James L. Knight, em seu Hall da Fama.\u00a0<\/p>\n","protected":false},"author":3,"featured_media":0,"comment_status":"closed","ping_status":"closed","sticky":false,"template":"","format":"standard","meta":{"inline_featured_image":false,"footnotes":""},"categories":[1353],"tags":[],"coauthors":[],"class_list":["post-22850","post","type-post","status-publish","format-standard","hentry","category-premios-e-oportunidades-pt-br"],"acf":[],"yoast_head":"<!-- This site is optimized with the Yoast SEO Premium plugin v22.6 (Yoast SEO v27.4) - https:\/\/yoast.com\/product\/yoast-seo-premium-wordpress\/ -->\n<title>Fundador do Centro Knight e Presidente da Funda\u00e7\u00e3o Knight est\u00e3o entre homenageados pelo Hall da Fama NAHJ - LatAm Journalism Review by the Knight Center<\/title>\n<meta name=\"description\" content=\"Fundador do Centro Knight e Presidente da Funda\u00e7\u00e3o Knight est\u00e3o entre homenageados pelo Hall da Fama NAHJ Pr\u00eamios e oportunidades. Latin American Journalism Review by The Knight Center at The University of Texas at Austin.\" \/>\n<meta name=\"robots\" content=\"index, follow, max-snippet:-1, max-image-preview:large, max-video-preview:-1\" \/>\n<link rel=\"canonical\" href=\"https:\/\/latamjournalismreview.org\/pt-br\/articles\/fundador-do-centro-knight-e-presidente-da-fundacao-knight-estao-entre-homenageados-pelo-hall-da-fama-nahj\/\" \/>\n<meta property=\"og:locale\" content=\"pt_BR\" \/>\n<meta property=\"og:type\" content=\"article\" \/>\n<meta property=\"og:title\" content=\"Fundador do Centro Knight e Presidente da Funda\u00e7\u00e3o Knight est\u00e3o entre homenageados pelo Hall da Fama NAHJ\" \/>\n<meta property=\"og:description\" content=\"Fundador do Centro Knight e Presidente da Funda\u00e7\u00e3o Knight est\u00e3o entre homenageados pelo Hall da Fama NAHJ Pr\u00eamios e oportunidades. Latin American Journalism Review by The Knight Center at The University of Texas at Austin.\" \/>\n<meta property=\"og:url\" content=\"https:\/\/latamjournalismreview.org\/pt-br\/articles\/fundador-do-centro-knight-e-presidente-da-fundacao-knight-estao-entre-homenageados-pelo-hall-da-fama-nahj\/\" \/>\n<meta property=\"og:site_name\" content=\"LatAm Journalism Review by the Knight Center\" \/>\n<meta property=\"article:published_time\" content=\"2018-07-24T03:54:34+00:00\" \/>\n<meta property=\"article:modified_time\" content=\"2021-07-24T03:55:53+00:00\" \/>\n<meta property=\"og:image\" content=\"https:\/\/latamjournalismreview.org\/wp-content\/uploads\/2021\/07\/Rosental-NAHJ-225x300.jpg\" \/>\n<meta name=\"author\" content=\"Teresa Mioli\" \/>\n<meta name=\"twitter:card\" content=\"summary_large_image\" \/>\n<meta name=\"twitter:creator\" content=\"@TeresaMioli\" \/>\n<meta name=\"twitter:site\" content=\"@LatAmJournalism\" \/>\n<meta name=\"twitter:label1\" content=\"Written by\" \/>\n\t<meta name=\"twitter:data1\" content=\"Teresa Mioli\" \/>\n\t<meta name=\"twitter:label2\" content=\"Est. reading time\" \/>\n\t<meta name=\"twitter:data2\" content=\"6 minutos\" \/>\n<script type=\"application\/ld+json\" class=\"yoast-schema-graph\">{\"@context\":\"https:\\\/\\\/schema.org\",\"@graph\":[{\"@type\":\"Article\",\"@id\":\"https:\\\/\\\/latamjournalismreview.org\\\/pt-br\\\/articles\\\/fundador-do-centro-knight-e-presidente-da-fundacao-knight-estao-entre-homenageados-pelo-hall-da-fama-nahj\\\/#article\",\"isPartOf\":{\"@id\":\"https:\\\/\\\/latamjournalismreview.org\\\/pt-br\\\/articles\\\/fundador-do-centro-knight-e-presidente-da-fundacao-knight-estao-entre-homenageados-pelo-hall-da-fama-nahj\\\/\"},\"author\":{\"name\":\"Teresa Mioli\",\"@id\":\"https:\\\/\\\/latamjournalismreview.org\\\/pt-br\\\/#\\\/schema\\\/person\\\/b83a4912f05c8178389e917d8d51de03\"},\"headline\":\"Fundador do Centro Knight e Presidente da Funda\u00e7\u00e3o Knight est\u00e3o entre homenageados pelo Hall da Fama NAHJ\",\"datePublished\":\"2018-07-24T03:54:34+00:00\",\"dateModified\":\"2021-07-24T03:55:53+00:00\",\"mainEntityOfPage\":{\"@id\":\"https:\\\/\\\/latamjournalismreview.org\\\/pt-br\\\/articles\\\/fundador-do-centro-knight-e-presidente-da-fundacao-knight-estao-entre-homenageados-pelo-hall-da-fama-nahj\\\/\"},\"wordCount\":1177,\"publisher\":{\"@id\":\"https:\\\/\\\/latamjournalismreview.org\\\/pt-br\\\/#organization\"},\"image\":{\"@id\":\"https:\\\/\\\/latamjournalismreview.org\\\/pt-br\\\/articles\\\/fundador-do-centro-knight-e-presidente-da-fundacao-knight-estao-entre-homenageados-pelo-hall-da-fama-nahj\\\/#primaryimage\"},\"thumbnailUrl\":\"https:\\\/\\\/latamjournalismreview.org\\\/wp-content\\\/uploads\\\/2021\\\/07\\\/Rosental-NAHJ-225x300.jpg\",\"articleSection\":[\"Pr\u00eamios e oportunidades\"],\"inLanguage\":\"pt-BR\"},{\"@type\":\"WebPage\",\"@id\":\"https:\\\/\\\/latamjournalismreview.org\\\/pt-br\\\/articles\\\/fundador-do-centro-knight-e-presidente-da-fundacao-knight-estao-entre-homenageados-pelo-hall-da-fama-nahj\\\/\",\"url\":\"https:\\\/\\\/latamjournalismreview.org\\\/pt-br\\\/articles\\\/fundador-do-centro-knight-e-presidente-da-fundacao-knight-estao-entre-homenageados-pelo-hall-da-fama-nahj\\\/\",\"name\":\"Fundador do Centro Knight e Presidente da Funda\u00e7\u00e3o Knight est\u00e3o entre homenageados pelo Hall da Fama NAHJ - LatAm Journalism Review by the Knight Center\",\"isPartOf\":{\"@id\":\"https:\\\/\\\/latamjournalismreview.org\\\/pt-br\\\/#website\"},\"primaryImageOfPage\":{\"@id\":\"https:\\\/\\\/latamjournalismreview.org\\\/pt-br\\\/articles\\\/fundador-do-centro-knight-e-presidente-da-fundacao-knight-estao-entre-homenageados-pelo-hall-da-fama-nahj\\\/#primaryimage\"},\"image\":{\"@id\":\"https:\\\/\\\/latamjournalismreview.org\\\/pt-br\\\/articles\\\/fundador-do-centro-knight-e-presidente-da-fundacao-knight-estao-entre-homenageados-pelo-hall-da-fama-nahj\\\/#primaryimage\"},\"thumbnailUrl\":\"https:\\\/\\\/latamjournalismreview.org\\\/wp-content\\\/uploads\\\/2021\\\/07\\\/Rosental-NAHJ-225x300.jpg\",\"datePublished\":\"2018-07-24T03:54:34+00:00\",\"dateModified\":\"2021-07-24T03:55:53+00:00\",\"description\":\"Fundador do Centro Knight e Presidente da Funda\u00e7\u00e3o Knight est\u00e3o entre homenageados pelo Hall da Fama NAHJ Pr\u00eamios e oportunidades. Latin American Journalism Review by The Knight Center at The University of Texas at Austin.\",\"breadcrumb\":{\"@id\":\"https:\\\/\\\/latamjournalismreview.org\\\/pt-br\\\/articles\\\/fundador-do-centro-knight-e-presidente-da-fundacao-knight-estao-entre-homenageados-pelo-hall-da-fama-nahj\\\/#breadcrumb\"},\"inLanguage\":\"pt-BR\",\"potentialAction\":[{\"@type\":\"ReadAction\",\"target\":[\"https:\\\/\\\/latamjournalismreview.org\\\/pt-br\\\/articles\\\/fundador-do-centro-knight-e-presidente-da-fundacao-knight-estao-entre-homenageados-pelo-hall-da-fama-nahj\\\/\"]}]},{\"@type\":\"ImageObject\",\"inLanguage\":\"pt-BR\",\"@id\":\"https:\\\/\\\/latamjournalismreview.org\\\/pt-br\\\/articles\\\/fundador-do-centro-knight-e-presidente-da-fundacao-knight-estao-entre-homenageados-pelo-hall-da-fama-nahj\\\/#primaryimage\",\"url\":\"https:\\\/\\\/latamjournalismreview.org\\\/wp-content\\\/uploads\\\/2021\\\/07\\\/Rosental-NAHJ-225x300.jpg\",\"contentUrl\":\"https:\\\/\\\/latamjournalismreview.org\\\/wp-content\\\/uploads\\\/2021\\\/07\\\/Rosental-NAHJ-225x300.jpg\"},{\"@type\":\"BreadcrumbList\",\"@id\":\"https:\\\/\\\/latamjournalismreview.org\\\/pt-br\\\/articles\\\/fundador-do-centro-knight-e-presidente-da-fundacao-knight-estao-entre-homenageados-pelo-hall-da-fama-nahj\\\/#breadcrumb\",\"itemListElement\":[{\"@type\":\"ListItem\",\"position\":1,\"name\":\"Home\",\"item\":\"https:\\\/\\\/latamjournalismreview.org\\\/pt-br\\\/\"},{\"@type\":\"ListItem\",\"position\":2,\"name\":\"Fundador do Centro Knight e Presidente da Funda\u00e7\u00e3o Knight est\u00e3o entre homenageados pelo Hall da Fama NAHJ\"}]},{\"@type\":\"WebSite\",\"@id\":\"https:\\\/\\\/latamjournalismreview.org\\\/pt-br\\\/#website\",\"url\":\"https:\\\/\\\/latamjournalismreview.org\\\/pt-br\\\/\",\"name\":\"LatAm Journalism Review\",\"description\":\"Digital magazine on journalism in Latin America\",\"publisher\":{\"@id\":\"https:\\\/\\\/latamjournalismreview.org\\\/pt-br\\\/#organization\"},\"potentialAction\":[{\"@type\":\"SearchAction\",\"target\":{\"@type\":\"EntryPoint\",\"urlTemplate\":\"https:\\\/\\\/latamjournalismreview.org\\\/pt-br\\\/?s={search_term_string}\"},\"query-input\":{\"@type\":\"PropertyValueSpecification\",\"valueRequired\":true,\"valueName\":\"search_term_string\"}}],\"inLanguage\":\"pt-BR\"},{\"@type\":\"Organization\",\"@id\":\"https:\\\/\\\/latamjournalismreview.org\\\/pt-br\\\/#organization\",\"name\":\"LatAm Journalism Review\",\"url\":\"https:\\\/\\\/latamjournalismreview.org\\\/pt-br\\\/\",\"logo\":{\"@type\":\"ImageObject\",\"inLanguage\":\"pt-BR\",\"@id\":\"https:\\\/\\\/latamjournalismreview.org\\\/pt-br\\\/#\\\/schema\\\/logo\\\/image\\\/\",\"url\":\"https:\\\/\\\/latamjournalismreview.org\\\/wp-content\\\/uploads\\\/2020\\\/05\\\/knight-latAm-review-logo.svg\",\"contentUrl\":\"https:\\\/\\\/latamjournalismreview.org\\\/wp-content\\\/uploads\\\/2020\\\/05\\\/knight-latAm-review-logo.svg\",\"width\":\"1024\",\"height\":\"1024\",\"caption\":\"LatAm Journalism Review\"},\"image\":{\"@id\":\"https:\\\/\\\/latamjournalismreview.org\\\/pt-br\\\/#\\\/schema\\\/logo\\\/image\\\/\"},\"sameAs\":[\"https:\\\/\\\/x.com\\\/LatAmJournalism\"]},{\"@type\":\"Person\",\"@id\":\"https:\\\/\\\/latamjournalismreview.org\\\/pt-br\\\/#\\\/schema\\\/person\\\/b83a4912f05c8178389e917d8d51de03\",\"name\":\"Teresa Mioli\",\"description\":\"Teresa Mioli is the editorial manager for the Knight Center for Journalism in the Americas. She is interested in press freedom, democratization, and investigative journalism in Latin America and is dedicated to increasing awareness about the importance of independent news media to the health of democracies. She produces journalistic work with the aim of helping people to make informed decisions about their lives and societies and wants to make sure other journalists are able to do the same. She has Bachelors' degrees in Journalism and Plan II Honors (Liberal Arts) and a Master's degree in Latin American Studies, all from the University of Texas at Austin. She started her journalistic career at The Beaumont Enterprise in Southeast Texas where she last worked as a breaking news reporter. ______ Teresa Mioli es la directora editorial del Centro Knight para el Periodismo en las Am\u00e9ricas. Es una periodista con inter\u00e9s en la libertad de prensa, la democratizaci\u00f3n y el periodismo investigativo en Am\u00e9rica Latina y est\u00e1 dedicada a crear mayor consciencia sobre la importancia de los medios noticiosos independientes para la salud de las democracias. El objetivo de su trabajo period\u00edstico es ayudar las personas para que tomen decisiones informadas sobre sus vidas y sus sociedades, y busca que otros periodistas tengan la posibilidad de hacer lo mismo. Teresa tiene una licenciatura en Periodismo y Artes liberales (Plan II Honors), y una maestr\u00eda en Estudios Latinoamericanos, todos de la Universidad de Texas en Austin. Empez\u00f3 su carrera en periodismo en The Beaumont Enterprise al sureste de Texas, en donde recientemente trabaj\u00f3 como reportera de noticias de \u00faltima hora. Anteriormente ella fue la editora de LatAm Journalism Review del Centro Knight. ______ Teresa Mioli \u00e9 gerente editorial do Centro Knight para o Jornalismo nas Am\u00e9ricas. Ela se interessa por liberdade de imprensa, democratiza\u00e7\u00e3o e jornalismo investigativo na Am\u00e9rica Latina e se dedica a aumentar a conscientiza\u00e7\u00e3o sobre a import\u00e2ncia da m\u00eddia independente para a sa\u00fade das democracias. Ela produz trabalhos jornal\u00edsticos com o objetivo de ajudar as pessoas a tomarem decis\u00f5es informadas sobre suas vidas e sociedades e deseja garantir que outros jornalistas possam fazer o mesmo. Ela tem bacharelado em jornalismo e artes liberais e um mestrado em Estudos Latino-Americanos, todos pela Universidade do Texas em Austin. Ela come\u00e7ou sua carreira jornal\u00edstica na The Beaumont Enterprise no sudeste do Texas, onde trabalhou pela \u00faltima vez como rep\u00f3rter de not\u00edcias de \u00faltima hora.\",\"sameAs\":[\"https:\\\/\\\/x.com\\\/TeresaMioli\"],\"url\":\"https:\\\/\\\/latamjournalismreview.org\\\/pt-br\\\/articles\\\/author\\\/teresa-mioli\\\/\"}]}<\/script>\n<!-- \/ Yoast SEO Premium plugin. -->","yoast_head_json":{"title":"Fundador do Centro Knight e Presidente da Funda\u00e7\u00e3o Knight est\u00e3o entre homenageados pelo Hall da Fama NAHJ - LatAm Journalism Review by the Knight Center","description":"Fundador do Centro Knight e Presidente da Funda\u00e7\u00e3o Knight est\u00e3o entre homenageados pelo Hall da Fama NAHJ Pr\u00eamios e oportunidades. Latin American Journalism Review by The Knight Center at The University of Texas at Austin.","robots":{"index":"index","follow":"follow","max-snippet":"max-snippet:-1","max-image-preview":"max-image-preview:large","max-video-preview":"max-video-preview:-1"},"canonical":"https:\/\/latamjournalismreview.org\/pt-br\/articles\/fundador-do-centro-knight-e-presidente-da-fundacao-knight-estao-entre-homenageados-pelo-hall-da-fama-nahj\/","og_locale":"pt_BR","og_type":"article","og_title":"Fundador do Centro Knight e Presidente da Funda\u00e7\u00e3o Knight est\u00e3o entre homenageados pelo Hall da Fama NAHJ","og_description":"Fundador do Centro Knight e Presidente da Funda\u00e7\u00e3o Knight est\u00e3o entre homenageados pelo Hall da Fama NAHJ Pr\u00eamios e oportunidades. Latin American Journalism Review by The Knight Center at The University of Texas at Austin.","og_url":"https:\/\/latamjournalismreview.org\/pt-br\/articles\/fundador-do-centro-knight-e-presidente-da-fundacao-knight-estao-entre-homenageados-pelo-hall-da-fama-nahj\/","og_site_name":"LatAm Journalism Review by the Knight Center","article_published_time":"2018-07-24T03:54:34+00:00","article_modified_time":"2021-07-24T03:55:53+00:00","og_image":[{"url":"https:\/\/latamjournalismreview.org\/wp-content\/uploads\/2021\/07\/Rosental-NAHJ-225x300.jpg","type":"","width":"","height":""}],"author":"Teresa Mioli","twitter_card":"summary_large_image","twitter_creator":"@TeresaMioli","twitter_site":"@LatAmJournalism","twitter_misc":{"Written by":"Teresa Mioli","Est. reading time":"6 minutos"},"schema":{"@context":"https:\/\/schema.org","@graph":[{"@type":"Article","@id":"https:\/\/latamjournalismreview.org\/pt-br\/articles\/fundador-do-centro-knight-e-presidente-da-fundacao-knight-estao-entre-homenageados-pelo-hall-da-fama-nahj\/#article","isPartOf":{"@id":"https:\/\/latamjournalismreview.org\/pt-br\/articles\/fundador-do-centro-knight-e-presidente-da-fundacao-knight-estao-entre-homenageados-pelo-hall-da-fama-nahj\/"},"author":{"name":"Teresa Mioli","@id":"https:\/\/latamjournalismreview.org\/pt-br\/#\/schema\/person\/b83a4912f05c8178389e917d8d51de03"},"headline":"Fundador do Centro Knight e Presidente da Funda\u00e7\u00e3o Knight est\u00e3o entre homenageados pelo Hall da Fama NAHJ","datePublished":"2018-07-24T03:54:34+00:00","dateModified":"2021-07-24T03:55:53+00:00","mainEntityOfPage":{"@id":"https:\/\/latamjournalismreview.org\/pt-br\/articles\/fundador-do-centro-knight-e-presidente-da-fundacao-knight-estao-entre-homenageados-pelo-hall-da-fama-nahj\/"},"wordCount":1177,"publisher":{"@id":"https:\/\/latamjournalismreview.org\/pt-br\/#organization"},"image":{"@id":"https:\/\/latamjournalismreview.org\/pt-br\/articles\/fundador-do-centro-knight-e-presidente-da-fundacao-knight-estao-entre-homenageados-pelo-hall-da-fama-nahj\/#primaryimage"},"thumbnailUrl":"https:\/\/latamjournalismreview.org\/wp-content\/uploads\/2021\/07\/Rosental-NAHJ-225x300.jpg","articleSection":["Pr\u00eamios e oportunidades"],"inLanguage":"pt-BR"},{"@type":"WebPage","@id":"https:\/\/latamjournalismreview.org\/pt-br\/articles\/fundador-do-centro-knight-e-presidente-da-fundacao-knight-estao-entre-homenageados-pelo-hall-da-fama-nahj\/","url":"https:\/\/latamjournalismreview.org\/pt-br\/articles\/fundador-do-centro-knight-e-presidente-da-fundacao-knight-estao-entre-homenageados-pelo-hall-da-fama-nahj\/","name":"Fundador do Centro Knight e Presidente da Funda\u00e7\u00e3o Knight est\u00e3o entre homenageados pelo Hall da Fama NAHJ - LatAm Journalism Review by the Knight Center","isPartOf":{"@id":"https:\/\/latamjournalismreview.org\/pt-br\/#website"},"primaryImageOfPage":{"@id":"https:\/\/latamjournalismreview.org\/pt-br\/articles\/fundador-do-centro-knight-e-presidente-da-fundacao-knight-estao-entre-homenageados-pelo-hall-da-fama-nahj\/#primaryimage"},"image":{"@id":"https:\/\/latamjournalismreview.org\/pt-br\/articles\/fundador-do-centro-knight-e-presidente-da-fundacao-knight-estao-entre-homenageados-pelo-hall-da-fama-nahj\/#primaryimage"},"thumbnailUrl":"https:\/\/latamjournalismreview.org\/wp-content\/uploads\/2021\/07\/Rosental-NAHJ-225x300.jpg","datePublished":"2018-07-24T03:54:34+00:00","dateModified":"2021-07-24T03:55:53+00:00","description":"Fundador do Centro Knight e Presidente da Funda\u00e7\u00e3o Knight est\u00e3o entre homenageados pelo Hall da Fama NAHJ Pr\u00eamios e oportunidades. Latin American Journalism Review by The Knight Center at The University of Texas at Austin.","breadcrumb":{"@id":"https:\/\/latamjournalismreview.org\/pt-br\/articles\/fundador-do-centro-knight-e-presidente-da-fundacao-knight-estao-entre-homenageados-pelo-hall-da-fama-nahj\/#breadcrumb"},"inLanguage":"pt-BR","potentialAction":[{"@type":"ReadAction","target":["https:\/\/latamjournalismreview.org\/pt-br\/articles\/fundador-do-centro-knight-e-presidente-da-fundacao-knight-estao-entre-homenageados-pelo-hall-da-fama-nahj\/"]}]},{"@type":"ImageObject","inLanguage":"pt-BR","@id":"https:\/\/latamjournalismreview.org\/pt-br\/articles\/fundador-do-centro-knight-e-presidente-da-fundacao-knight-estao-entre-homenageados-pelo-hall-da-fama-nahj\/#primaryimage","url":"https:\/\/latamjournalismreview.org\/wp-content\/uploads\/2021\/07\/Rosental-NAHJ-225x300.jpg","contentUrl":"https:\/\/latamjournalismreview.org\/wp-content\/uploads\/2021\/07\/Rosental-NAHJ-225x300.jpg"},{"@type":"BreadcrumbList","@id":"https:\/\/latamjournalismreview.org\/pt-br\/articles\/fundador-do-centro-knight-e-presidente-da-fundacao-knight-estao-entre-homenageados-pelo-hall-da-fama-nahj\/#breadcrumb","itemListElement":[{"@type":"ListItem","position":1,"name":"Home","item":"https:\/\/latamjournalismreview.org\/pt-br\/"},{"@type":"ListItem","position":2,"name":"Fundador do Centro Knight e Presidente da Funda\u00e7\u00e3o Knight est\u00e3o entre homenageados pelo Hall da Fama NAHJ"}]},{"@type":"WebSite","@id":"https:\/\/latamjournalismreview.org\/pt-br\/#website","url":"https:\/\/latamjournalismreview.org\/pt-br\/","name":"LatAm Journalism Review","description":"Digital magazine on journalism in Latin America","publisher":{"@id":"https:\/\/latamjournalismreview.org\/pt-br\/#organization"},"potentialAction":[{"@type":"SearchAction","target":{"@type":"EntryPoint","urlTemplate":"https:\/\/latamjournalismreview.org\/pt-br\/?s={search_term_string}"},"query-input":{"@type":"PropertyValueSpecification","valueRequired":true,"valueName":"search_term_string"}}],"inLanguage":"pt-BR"},{"@type":"Organization","@id":"https:\/\/latamjournalismreview.org\/pt-br\/#organization","name":"LatAm Journalism Review","url":"https:\/\/latamjournalismreview.org\/pt-br\/","logo":{"@type":"ImageObject","inLanguage":"pt-BR","@id":"https:\/\/latamjournalismreview.org\/pt-br\/#\/schema\/logo\/image\/","url":"https:\/\/latamjournalismreview.org\/wp-content\/uploads\/2020\/05\/knight-latAm-review-logo.svg","contentUrl":"https:\/\/latamjournalismreview.org\/wp-content\/uploads\/2020\/05\/knight-latAm-review-logo.svg","width":"1024","height":"1024","caption":"LatAm Journalism Review"},"image":{"@id":"https:\/\/latamjournalismreview.org\/pt-br\/#\/schema\/logo\/image\/"},"sameAs":["https:\/\/x.com\/LatAmJournalism"]},{"@type":"Person","@id":"https:\/\/latamjournalismreview.org\/pt-br\/#\/schema\/person\/b83a4912f05c8178389e917d8d51de03","name":"Teresa Mioli","description":"Teresa Mioli is the editorial manager for the Knight Center for Journalism in the Americas. She is interested in press freedom, democratization, and investigative journalism in Latin America and is dedicated to increasing awareness about the importance of independent news media to the health of democracies. She produces journalistic work with the aim of helping people to make informed decisions about their lives and societies and wants to make sure other journalists are able to do the same. She has Bachelors' degrees in Journalism and Plan II Honors (Liberal Arts) and a Master's degree in Latin American Studies, all from the University of Texas at Austin. She started her journalistic career at The Beaumont Enterprise in Southeast Texas where she last worked as a breaking news reporter. ______ Teresa Mioli es la directora editorial del Centro Knight para el Periodismo en las Am\u00e9ricas. Es una periodista con inter\u00e9s en la libertad de prensa, la democratizaci\u00f3n y el periodismo investigativo en Am\u00e9rica Latina y est\u00e1 dedicada a crear mayor consciencia sobre la importancia de los medios noticiosos independientes para la salud de las democracias. El objetivo de su trabajo period\u00edstico es ayudar las personas para que tomen decisiones informadas sobre sus vidas y sus sociedades, y busca que otros periodistas tengan la posibilidad de hacer lo mismo. Teresa tiene una licenciatura en Periodismo y Artes liberales (Plan II Honors), y una maestr\u00eda en Estudios Latinoamericanos, todos de la Universidad de Texas en Austin. Empez\u00f3 su carrera en periodismo en The Beaumont Enterprise al sureste de Texas, en donde recientemente trabaj\u00f3 como reportera de noticias de \u00faltima hora. Anteriormente ella fue la editora de LatAm Journalism Review del Centro Knight. ______ Teresa Mioli \u00e9 gerente editorial do Centro Knight para o Jornalismo nas Am\u00e9ricas. Ela se interessa por liberdade de imprensa, democratiza\u00e7\u00e3o e jornalismo investigativo na Am\u00e9rica Latina e se dedica a aumentar a conscientiza\u00e7\u00e3o sobre a import\u00e2ncia da m\u00eddia independente para a sa\u00fade das democracias. Ela produz trabalhos jornal\u00edsticos com o objetivo de ajudar as pessoas a tomarem decis\u00f5es informadas sobre suas vidas e sociedades e deseja garantir que outros jornalistas possam fazer o mesmo. Ela tem bacharelado em jornalismo e artes liberais e um mestrado em Estudos Latino-Americanos, todos pela Universidade do Texas em Austin. Ela come\u00e7ou sua carreira jornal\u00edstica na The Beaumont Enterprise no sudeste do Texas, onde trabalhou pela \u00faltima vez como rep\u00f3rter de not\u00edcias de \u00faltima hora.","sameAs":["https:\/\/x.com\/TeresaMioli"],"url":"https:\/\/latamjournalismreview.org\/pt-br\/articles\/author\/teresa-mioli\/"}]}},"_links":{"self":[{"href":"https:\/\/latamjournalismreview.org\/pt-br\/wp-json\/wp\/v2\/posts\/22850","targetHints":{"allow":["GET"]}}],"collection":[{"href":"https:\/\/latamjournalismreview.org\/pt-br\/wp-json\/wp\/v2\/posts"}],"about":[{"href":"https:\/\/latamjournalismreview.org\/pt-br\/wp-json\/wp\/v2\/types\/post"}],"author":[{"embeddable":true,"href":"https:\/\/latamjournalismreview.org\/pt-br\/wp-json\/wp\/v2\/users\/3"}],"replies":[{"embeddable":true,"href":"https:\/\/latamjournalismreview.org\/pt-br\/wp-json\/wp\/v2\/comments?post=22850"}],"version-history":[{"count":1,"href":"https:\/\/latamjournalismreview.org\/pt-br\/wp-json\/wp\/v2\/posts\/22850\/revisions"}],"predecessor-version":[{"id":22851,"href":"https:\/\/latamjournalismreview.org\/pt-br\/wp-json\/wp\/v2\/posts\/22850\/revisions\/22851"}],"wp:attachment":[{"href":"https:\/\/latamjournalismreview.org\/pt-br\/wp-json\/wp\/v2\/media?parent=22850"}],"wp:term":[{"taxonomy":"category","embeddable":true,"href":"https:\/\/latamjournalismreview.org\/pt-br\/wp-json\/wp\/v2\/categories?post=22850"},{"taxonomy":"post_tag","embeddable":true,"href":"https:\/\/latamjournalismreview.org\/pt-br\/wp-json\/wp\/v2\/tags?post=22850"},{"taxonomy":"author","embeddable":true,"href":"https:\/\/latamjournalismreview.org\/pt-br\/wp-json\/wp\/v2\/coauthors?post=22850"}],"curies":[{"name":"wp","href":"https:\/\/api.w.org\/{rel}","templated":true}]}}