{"id":23909,"date":"2011-10-03T11:55:49","date_gmt":"2011-10-03T16:55:49","guid":{"rendered":"https:\/\/latamjournalismreview.org\/?p=23909"},"modified":"2021-07-26T11:56:24","modified_gmt":"2021-07-26T16:56:24","slug":"peru-comemora-dia-do-jornalista-com-panorama-sombrio-para-a-liberdade-de-expressao","status":"publish","type":"post","link":"https:\/\/latamjournalismreview.org\/pt-br\/articles\/peru-comemora-dia-do-jornalista-com-panorama-sombrio-para-a-liberdade-de-expressao\/","title":{"rendered":"Peru comemora Dia do Jornalista com panorama sombrio para a liberdade de express\u00e3o"},"content":{"rendered":"<p>Com\u00a0<a href=\"http:\/\/knightcenter.utexas.edu\/pt-br\/blog\/assassinato-de-mais-um-jornalista-no-peru-eleva-para-seis-o-numero-de-profissionais-mortos-na-a\" target=\"blank\" rel=\"noopener\">tr\u00eas jornalistas assassinados<\/a>, um\u00a0<a href=\"http:\/\/knightcenter.utexas.edu\/pt-br\/blog\/advogado-tenta-libertar-jornalista-condenado-prisao-por-difamacao-no-peru\" target=\"blank\" rel=\"noopener\">preso<\/a>, alguns\u00a0<a href=\"http:\/\/knightcenter.utexas.edu\/pt-br\/blog\/jornalista-peruana-denuncia-plano-para-mata-la\" target=\"blank\" rel=\"noopener\">amea\u00e7ados de morte<\/a>\u00a0e outros dois\u00a0<a href=\"http:\/\/knightcenter.utexas.edu\/pt-br\/blog\/dois-jornalistas-sao-condenados-por-difamacao-no-peru\" target=\"blank\" rel=\"noopener\">condenados por suposta difama\u00e7\u00e3o<\/a>, Peru comemorou neste s\u00e1bado, 1\u00ba de outubro, o\u00a0<a href=\"http:\/\/www.rpp.com.pe\/2011-10-01-dia-del-periodismo-en-el-peru-1-de-octubre-noticia_408892.html\" target=\"blank\" rel=\"noopener\">Dia do Jornalista<\/a>.<\/p>\n<p>\u201cEspancamentos, ass\u00e9dio, tentativas de assassinato e homic\u00eddios s\u00e3o os ataques mais comuns (contra os jornalistas) no pa\u00eds\u201d, destaca o Instituto Imprensa e Sociedade (IPYS) em seu\u00a0<a href=\"http:\/\/ipys.org\/?q=noticia\/879\" target=\"blank\" rel=\"noopener\">informe sobre a liberdade de express\u00e3o no Peru<\/a>.<\/p>\n<p>IPYS registra 79 agress\u00f5es contra profissionais da imprensa e meios de comunica\u00e7\u00e3o entre janeiro e setembro de 2011. A maioria dos\u00a0<a href=\"http:\/\/www.larepublica.pe\/01-10-2011\/aumentan-agresiones-periodistas-en-el-pais\" target=\"blank\" rel=\"noopener\">ataques foi cometida por funcion\u00e1rios p\u00fablicos<\/a>\u00a0em cidades do interior do pa\u00eds e aumentaram durante o per\u00edodo eleitoral, informou o jornal La Rep\u00fablica.<\/p>\n","protected":false},"excerpt":{"rendered":"<p>Com\u00a0tr\u00eas jornalistas assassinados, um\u00a0preso, alguns\u00a0amea\u00e7ados de morte\u00a0e outros dois\u00a0condenados por suposta difama\u00e7\u00e3o, Peru comemorou neste s\u00e1bado, 1\u00ba de outubro, o\u00a0Dia do Jornalista.<\/p>\n","protected":false},"author":40,"featured_media":0,"comment_status":"closed","ping_status":"closed","sticky":false,"template":"","format":"standard","meta":{"inline_featured_image":false,"footnotes":""},"categories":[1228],"tags":[1597],"coauthors":[],"class_list":["post-23909","post","type-post","status-publish","format-standard","hentry","category-acesso-a-informacao-pt-br","tag-peru-pt-br"],"acf":[],"yoast_head":"<!-- This site is optimized with the Yoast SEO Premium plugin v22.6 (Yoast SEO v27.4) - https:\/\/yoast.com\/product\/yoast-seo-premium-wordpress\/ -->\n<title>Peru comemora Dia do Jornalista com panorama sombrio para a liberdade de express\u00e3o - LatAm Journalism Review by the Knight Center<\/title>\n<meta name=\"description\" content=\"Peru comemora Dia do Jornalista com panorama sombrio para a liberdade de express\u00e3o Acesso a informa\u00e7\u00e3o. Latin American Journalism Review by The Knight Center at The University of Texas at Austin.\" \/>\n<meta name=\"robots\" content=\"index, follow, max-snippet:-1, max-image-preview:large, max-video-preview:-1\" \/>\n<link rel=\"canonical\" href=\"https:\/\/latamjournalismreview.org\/pt-br\/articles\/peru-comemora-dia-do-jornalista-com-panorama-sombrio-para-a-liberdade-de-expressao\/\" \/>\n<meta property=\"og:locale\" content=\"pt_BR\" \/>\n<meta property=\"og:type\" content=\"article\" \/>\n<meta property=\"og:title\" content=\"Peru comemora Dia do Jornalista com panorama sombrio para a liberdade de express\u00e3o\" \/>\n<meta property=\"og:description\" content=\"Peru comemora Dia do Jornalista com panorama sombrio para a liberdade de express\u00e3o Acesso a informa\u00e7\u00e3o. Latin American Journalism Review by The Knight Center at The University of Texas at Austin.\" \/>\n<meta property=\"og:url\" content=\"https:\/\/latamjournalismreview.org\/pt-br\/articles\/peru-comemora-dia-do-jornalista-com-panorama-sombrio-para-a-liberdade-de-expressao\/\" \/>\n<meta property=\"og:site_name\" content=\"LatAm Journalism Review by the Knight Center\" \/>\n<meta property=\"article:published_time\" content=\"2011-10-03T16:55:49+00:00\" \/>\n<meta property=\"article:modified_time\" content=\"2021-07-26T16:56:24+00:00\" \/>\n<meta name=\"author\" content=\"Tania Lara\" \/>\n<meta name=\"twitter:card\" content=\"summary_large_image\" \/>\n<meta name=\"twitter:creator\" content=\"@LatAmJournalism\" \/>\n<meta name=\"twitter:site\" content=\"@LatAmJournalism\" \/>\n<meta name=\"twitter:label1\" content=\"Written by\" \/>\n\t<meta name=\"twitter:data1\" content=\"Tania Lara\" \/>\n\t<meta name=\"twitter:label2\" content=\"Est. reading time\" \/>\n\t<meta name=\"twitter:data2\" content=\"1 minuto\" \/>\n<script type=\"application\/ld+json\" class=\"yoast-schema-graph\">{\"@context\":\"https:\\\/\\\/schema.org\",\"@graph\":[{\"@type\":\"Article\",\"@id\":\"https:\\\/\\\/latamjournalismreview.org\\\/pt-br\\\/articles\\\/peru-comemora-dia-do-jornalista-com-panorama-sombrio-para-a-liberdade-de-expressao\\\/#article\",\"isPartOf\":{\"@id\":\"https:\\\/\\\/latamjournalismreview.org\\\/pt-br\\\/articles\\\/peru-comemora-dia-do-jornalista-com-panorama-sombrio-para-a-liberdade-de-expressao\\\/\"},\"author\":{\"name\":\"Tania Lara\",\"@id\":\"https:\\\/\\\/latamjournalismreview.org\\\/pt-br\\\/#\\\/schema\\\/person\\\/51558925140f21242c6ed2d20b8260c5\"},\"headline\":\"Peru comemora Dia do Jornalista com panorama sombrio para a liberdade de express\u00e3o\",\"datePublished\":\"2011-10-03T16:55:49+00:00\",\"dateModified\":\"2021-07-26T16:56:24+00:00\",\"mainEntityOfPage\":{\"@id\":\"https:\\\/\\\/latamjournalismreview.org\\\/pt-br\\\/articles\\\/peru-comemora-dia-do-jornalista-com-panorama-sombrio-para-a-liberdade-de-expressao\\\/\"},\"wordCount\":133,\"publisher\":{\"@id\":\"https:\\\/\\\/latamjournalismreview.org\\\/pt-br\\\/#organization\"},\"keywords\":[\"Peru\"],\"articleSection\":[\"Acesso a informa\u00e7\u00e3o\"],\"inLanguage\":\"pt-BR\"},{\"@type\":\"WebPage\",\"@id\":\"https:\\\/\\\/latamjournalismreview.org\\\/pt-br\\\/articles\\\/peru-comemora-dia-do-jornalista-com-panorama-sombrio-para-a-liberdade-de-expressao\\\/\",\"url\":\"https:\\\/\\\/latamjournalismreview.org\\\/pt-br\\\/articles\\\/peru-comemora-dia-do-jornalista-com-panorama-sombrio-para-a-liberdade-de-expressao\\\/\",\"name\":\"Peru comemora Dia do Jornalista com panorama sombrio para a liberdade de express\u00e3o - LatAm Journalism Review by the Knight Center\",\"isPartOf\":{\"@id\":\"https:\\\/\\\/latamjournalismreview.org\\\/pt-br\\\/#website\"},\"datePublished\":\"2011-10-03T16:55:49+00:00\",\"dateModified\":\"2021-07-26T16:56:24+00:00\",\"description\":\"Peru comemora Dia do Jornalista com panorama sombrio para a liberdade de express\u00e3o Acesso a informa\u00e7\u00e3o. Latin American Journalism Review by The Knight Center at The University of Texas at Austin.\",\"breadcrumb\":{\"@id\":\"https:\\\/\\\/latamjournalismreview.org\\\/pt-br\\\/articles\\\/peru-comemora-dia-do-jornalista-com-panorama-sombrio-para-a-liberdade-de-expressao\\\/#breadcrumb\"},\"inLanguage\":\"pt-BR\",\"potentialAction\":[{\"@type\":\"ReadAction\",\"target\":[\"https:\\\/\\\/latamjournalismreview.org\\\/pt-br\\\/articles\\\/peru-comemora-dia-do-jornalista-com-panorama-sombrio-para-a-liberdade-de-expressao\\\/\"]}]},{\"@type\":\"BreadcrumbList\",\"@id\":\"https:\\\/\\\/latamjournalismreview.org\\\/pt-br\\\/articles\\\/peru-comemora-dia-do-jornalista-com-panorama-sombrio-para-a-liberdade-de-expressao\\\/#breadcrumb\",\"itemListElement\":[{\"@type\":\"ListItem\",\"position\":1,\"name\":\"Home\",\"item\":\"https:\\\/\\\/latamjournalismreview.org\\\/pt-br\\\/\"},{\"@type\":\"ListItem\",\"position\":2,\"name\":\"Peru comemora Dia do Jornalista com panorama sombrio para a liberdade de express\u00e3o\"}]},{\"@type\":\"WebSite\",\"@id\":\"https:\\\/\\\/latamjournalismreview.org\\\/pt-br\\\/#website\",\"url\":\"https:\\\/\\\/latamjournalismreview.org\\\/pt-br\\\/\",\"name\":\"LatAm Journalism Review\",\"description\":\"Digital magazine on journalism in Latin America\",\"publisher\":{\"@id\":\"https:\\\/\\\/latamjournalismreview.org\\\/pt-br\\\/#organization\"},\"potentialAction\":[{\"@type\":\"SearchAction\",\"target\":{\"@type\":\"EntryPoint\",\"urlTemplate\":\"https:\\\/\\\/latamjournalismreview.org\\\/pt-br\\\/?s={search_term_string}\"},\"query-input\":{\"@type\":\"PropertyValueSpecification\",\"valueRequired\":true,\"valueName\":\"search_term_string\"}}],\"inLanguage\":\"pt-BR\"},{\"@type\":\"Organization\",\"@id\":\"https:\\\/\\\/latamjournalismreview.org\\\/pt-br\\\/#organization\",\"name\":\"LatAm Journalism Review\",\"url\":\"https:\\\/\\\/latamjournalismreview.org\\\/pt-br\\\/\",\"logo\":{\"@type\":\"ImageObject\",\"inLanguage\":\"pt-BR\",\"@id\":\"https:\\\/\\\/latamjournalismreview.org\\\/pt-br\\\/#\\\/schema\\\/logo\\\/image\\\/\",\"url\":\"https:\\\/\\\/latamjournalismreview.org\\\/wp-content\\\/uploads\\\/2020\\\/05\\\/knight-latAm-review-logo.svg\",\"contentUrl\":\"https:\\\/\\\/latamjournalismreview.org\\\/wp-content\\\/uploads\\\/2020\\\/05\\\/knight-latAm-review-logo.svg\",\"width\":\"1024\",\"height\":\"1024\",\"caption\":\"LatAm Journalism Review\"},\"image\":{\"@id\":\"https:\\\/\\\/latamjournalismreview.org\\\/pt-br\\\/#\\\/schema\\\/logo\\\/image\\\/\"},\"sameAs\":[\"https:\\\/\\\/x.com\\\/LatAmJournalism\"]},{\"@type\":\"Person\",\"@id\":\"https:\\\/\\\/latamjournalismreview.org\\\/pt-br\\\/#\\\/schema\\\/person\\\/51558925140f21242c6ed2d20b8260c5\",\"name\":\"Tania Lara\",\"url\":\"https:\\\/\\\/latamjournalismreview.org\\\/pt-br\\\/articles\\\/author\\\/tania-lara\\\/\"}]}<\/script>\n<!-- \/ Yoast SEO Premium plugin. -->","yoast_head_json":{"title":"Peru comemora Dia do Jornalista com panorama sombrio para a liberdade de express\u00e3o - LatAm Journalism Review by the Knight Center","description":"Peru comemora Dia do Jornalista com panorama sombrio para a liberdade de express\u00e3o Acesso a informa\u00e7\u00e3o. Latin American Journalism Review by The Knight Center at The University of Texas at Austin.","robots":{"index":"index","follow":"follow","max-snippet":"max-snippet:-1","max-image-preview":"max-image-preview:large","max-video-preview":"max-video-preview:-1"},"canonical":"https:\/\/latamjournalismreview.org\/pt-br\/articles\/peru-comemora-dia-do-jornalista-com-panorama-sombrio-para-a-liberdade-de-expressao\/","og_locale":"pt_BR","og_type":"article","og_title":"Peru comemora Dia do Jornalista com panorama sombrio para a liberdade de express\u00e3o","og_description":"Peru comemora Dia do Jornalista com panorama sombrio para a liberdade de express\u00e3o Acesso a informa\u00e7\u00e3o. Latin American Journalism Review by The Knight Center at The University of Texas at Austin.","og_url":"https:\/\/latamjournalismreview.org\/pt-br\/articles\/peru-comemora-dia-do-jornalista-com-panorama-sombrio-para-a-liberdade-de-expressao\/","og_site_name":"LatAm Journalism Review by the Knight Center","article_published_time":"2011-10-03T16:55:49+00:00","article_modified_time":"2021-07-26T16:56:24+00:00","author":"Tania Lara","twitter_card":"summary_large_image","twitter_creator":"@LatAmJournalism","twitter_site":"@LatAmJournalism","twitter_misc":{"Written by":"Tania Lara","Est. reading time":"1 minuto"},"schema":{"@context":"https:\/\/schema.org","@graph":[{"@type":"Article","@id":"https:\/\/latamjournalismreview.org\/pt-br\/articles\/peru-comemora-dia-do-jornalista-com-panorama-sombrio-para-a-liberdade-de-expressao\/#article","isPartOf":{"@id":"https:\/\/latamjournalismreview.org\/pt-br\/articles\/peru-comemora-dia-do-jornalista-com-panorama-sombrio-para-a-liberdade-de-expressao\/"},"author":{"name":"Tania Lara","@id":"https:\/\/latamjournalismreview.org\/pt-br\/#\/schema\/person\/51558925140f21242c6ed2d20b8260c5"},"headline":"Peru comemora Dia do Jornalista com panorama sombrio para a liberdade de express\u00e3o","datePublished":"2011-10-03T16:55:49+00:00","dateModified":"2021-07-26T16:56:24+00:00","mainEntityOfPage":{"@id":"https:\/\/latamjournalismreview.org\/pt-br\/articles\/peru-comemora-dia-do-jornalista-com-panorama-sombrio-para-a-liberdade-de-expressao\/"},"wordCount":133,"publisher":{"@id":"https:\/\/latamjournalismreview.org\/pt-br\/#organization"},"keywords":["Peru"],"articleSection":["Acesso a informa\u00e7\u00e3o"],"inLanguage":"pt-BR"},{"@type":"WebPage","@id":"https:\/\/latamjournalismreview.org\/pt-br\/articles\/peru-comemora-dia-do-jornalista-com-panorama-sombrio-para-a-liberdade-de-expressao\/","url":"https:\/\/latamjournalismreview.org\/pt-br\/articles\/peru-comemora-dia-do-jornalista-com-panorama-sombrio-para-a-liberdade-de-expressao\/","name":"Peru comemora Dia do Jornalista com panorama sombrio para a liberdade de express\u00e3o - LatAm Journalism Review by the Knight Center","isPartOf":{"@id":"https:\/\/latamjournalismreview.org\/pt-br\/#website"},"datePublished":"2011-10-03T16:55:49+00:00","dateModified":"2021-07-26T16:56:24+00:00","description":"Peru comemora Dia do Jornalista com panorama sombrio para a liberdade de express\u00e3o Acesso a informa\u00e7\u00e3o. Latin American Journalism Review by The Knight Center at The University of Texas at Austin.","breadcrumb":{"@id":"https:\/\/latamjournalismreview.org\/pt-br\/articles\/peru-comemora-dia-do-jornalista-com-panorama-sombrio-para-a-liberdade-de-expressao\/#breadcrumb"},"inLanguage":"pt-BR","potentialAction":[{"@type":"ReadAction","target":["https:\/\/latamjournalismreview.org\/pt-br\/articles\/peru-comemora-dia-do-jornalista-com-panorama-sombrio-para-a-liberdade-de-expressao\/"]}]},{"@type":"BreadcrumbList","@id":"https:\/\/latamjournalismreview.org\/pt-br\/articles\/peru-comemora-dia-do-jornalista-com-panorama-sombrio-para-a-liberdade-de-expressao\/#breadcrumb","itemListElement":[{"@type":"ListItem","position":1,"name":"Home","item":"https:\/\/latamjournalismreview.org\/pt-br\/"},{"@type":"ListItem","position":2,"name":"Peru comemora Dia do Jornalista com panorama sombrio para a liberdade de express\u00e3o"}]},{"@type":"WebSite","@id":"https:\/\/latamjournalismreview.org\/pt-br\/#website","url":"https:\/\/latamjournalismreview.org\/pt-br\/","name":"LatAm Journalism Review","description":"Digital magazine on journalism in Latin America","publisher":{"@id":"https:\/\/latamjournalismreview.org\/pt-br\/#organization"},"potentialAction":[{"@type":"SearchAction","target":{"@type":"EntryPoint","urlTemplate":"https:\/\/latamjournalismreview.org\/pt-br\/?s={search_term_string}"},"query-input":{"@type":"PropertyValueSpecification","valueRequired":true,"valueName":"search_term_string"}}],"inLanguage":"pt-BR"},{"@type":"Organization","@id":"https:\/\/latamjournalismreview.org\/pt-br\/#organization","name":"LatAm Journalism Review","url":"https:\/\/latamjournalismreview.org\/pt-br\/","logo":{"@type":"ImageObject","inLanguage":"pt-BR","@id":"https:\/\/latamjournalismreview.org\/pt-br\/#\/schema\/logo\/image\/","url":"https:\/\/latamjournalismreview.org\/wp-content\/uploads\/2020\/05\/knight-latAm-review-logo.svg","contentUrl":"https:\/\/latamjournalismreview.org\/wp-content\/uploads\/2020\/05\/knight-latAm-review-logo.svg","width":"1024","height":"1024","caption":"LatAm Journalism Review"},"image":{"@id":"https:\/\/latamjournalismreview.org\/pt-br\/#\/schema\/logo\/image\/"},"sameAs":["https:\/\/x.com\/LatAmJournalism"]},{"@type":"Person","@id":"https:\/\/latamjournalismreview.org\/pt-br\/#\/schema\/person\/51558925140f21242c6ed2d20b8260c5","name":"Tania Lara","url":"https:\/\/latamjournalismreview.org\/pt-br\/articles\/author\/tania-lara\/"}]}},"_links":{"self":[{"href":"https:\/\/latamjournalismreview.org\/pt-br\/wp-json\/wp\/v2\/posts\/23909","targetHints":{"allow":["GET"]}}],"collection":[{"href":"https:\/\/latamjournalismreview.org\/pt-br\/wp-json\/wp\/v2\/posts"}],"about":[{"href":"https:\/\/latamjournalismreview.org\/pt-br\/wp-json\/wp\/v2\/types\/post"}],"author":[{"embeddable":true,"href":"https:\/\/latamjournalismreview.org\/pt-br\/wp-json\/wp\/v2\/users\/40"}],"replies":[{"embeddable":true,"href":"https:\/\/latamjournalismreview.org\/pt-br\/wp-json\/wp\/v2\/comments?post=23909"}],"version-history":[{"count":1,"href":"https:\/\/latamjournalismreview.org\/pt-br\/wp-json\/wp\/v2\/posts\/23909\/revisions"}],"predecessor-version":[{"id":23910,"href":"https:\/\/latamjournalismreview.org\/pt-br\/wp-json\/wp\/v2\/posts\/23909\/revisions\/23910"}],"wp:attachment":[{"href":"https:\/\/latamjournalismreview.org\/pt-br\/wp-json\/wp\/v2\/media?parent=23909"}],"wp:term":[{"taxonomy":"category","embeddable":true,"href":"https:\/\/latamjournalismreview.org\/pt-br\/wp-json\/wp\/v2\/categories?post=23909"},{"taxonomy":"post_tag","embeddable":true,"href":"https:\/\/latamjournalismreview.org\/pt-br\/wp-json\/wp\/v2\/tags?post=23909"},{"taxonomy":"author","embeddable":true,"href":"https:\/\/latamjournalismreview.org\/pt-br\/wp-json\/wp\/v2\/coauthors?post=23909"}],"curies":[{"name":"wp","href":"https:\/\/api.w.org\/{rel}","templated":true}]}}