{"id":24231,"date":"2011-11-21T08:11:18","date_gmt":"2011-11-21T13:11:18","guid":{"rendered":"https:\/\/latamjournalismreview.org\/?p=24231"},"modified":"2021-07-28T08:12:35","modified_gmt":"2021-07-28T13:12:35","slug":"ong-defensora-da-liberdade-de-expressao-na-venezuela-tem-seus-equipamentos-roubados","status":"publish","type":"post","link":"https:\/\/latamjournalismreview.org\/pt-br\/articles\/ong-defensora-da-liberdade-de-expressao-na-venezuela-tem-seus-equipamentos-roubados\/","title":{"rendered":"ONG defensora da liberdade de express\u00e3o na Venezuela tem seus equipamentos roubados"},"content":{"rendered":"<p>Na \u00faltima quinta-feira, 17 de novembro,\u00a0<a href=\"http:\/\/www.ipys.org\/?q=alerta\/988\" target=\"_blank\" rel=\"noopener\">desconhecidos roubaram equipamentos eletr\u00f4nicos e de escrit\u00f3rio<\/a>\u00a0da sede da\u00a0<a href=\"http:\/\/www.espaciopublico.org\/\" target=\"_blank\" rel=\"noopener\">Espa\u00e7o P\u00fablico<\/a>, organiza\u00e7\u00e3o dedicada principalmente \u00e0 promo\u00e7\u00e3o e defesa da liberdade de express\u00e3o na Venezuela, informou o Instituto Imprensa e Sociedade (IPYS). O epis\u00f3dio ocorreu em\u00a0<a href=\"http:\/\/pt.wikipedia.org\/wiki\/Caracas\" target=\"_blank\" rel=\"noopener\">Caracas<\/a>, capital do pa\u00eds.<\/p>\n<p>Segundo Carlos Correa, diretor da entidade, as c\u00e2meras da sede registraram a entrada de duas pessoas, por volta de meia-noite, que\u00a0<a href=\"http:\/\/www.eluniversal.com\/nacional-y-politica\/111117\/roban-sede-de-espacio-publico\" target=\"_blank\" rel=\"noopener\">levaram computadores, laptops, uma c\u00e2mera de v\u00eddeo<\/a>, entre outras coisas, noticiou o jornal El Universal. O roubo foi denunciado ao Corpo Investiga\u00e7\u00f5es Cient\u00edficas, Penais e Criminal\u00edsticas (CICPC), que investiga o caso.<\/p>\n<p>N\u00e3o \u00e9 a primeira vez que a ONG venezuelana se v\u00ea sob amea\u00e7as. A pedido de partid\u00e1rios do presidente Hugo Ch\u00e1vez, Espa\u00e7o P\u00fablico est\u00e1 sob investiga\u00e7\u00e3o do Minist\u00e9rio P\u00fablico por receber fundos de coopera\u00e7\u00e3o internacional,\u00a0<a href=\"http:\/\/knightcenter.utexas.edu\/pt-br\/blog\/venezuela-quer-investigar-dinheiro-dos-eua-em-duas-ongs-de-jornalismo\" target=\"_blank\" rel=\"noopener\">acusada de \"promover espa\u00e7os de ataque a Ch\u00e1vez\"<\/a>. Em 2010, a TV estatal da Venezuela transmitiu uma\u00a0<a href=\"http:\/\/www.hrw.org\/news\/2010\/08\/19\/venezuela-debe-terminar-con-la-campa-contra-prestigioso-defensor-de-derechos-humanos\" target=\"blank\" rel=\"noopener\">campanha de desprest\u00edgio<\/a>\u00a0contra Correa, que tamb\u00e9m foi\u00a0<a href=\"http:\/\/knightcenter.utexas.edu\/pt-br\/blog\/human-rights-watch-da-premio-jornalistas-de-mexico-e-venezuela-que-sofreram-ameacas-e-perseguic\" target=\"blank\" rel=\"noopener\">agredido e amea\u00e7ado de morte<\/a>\u00a0durante uma manifesta\u00e7\u00e3o pela liberdade de express\u00e3o no mesmo ano.<\/p>\n","protected":false},"excerpt":{"rendered":"<p>Na \u00faltima quinta-feira, 17 de novembro,\u00a0desconhecidos roubaram equipamentos eletr\u00f4nicos e de escrit\u00f3rio\u00a0da sede da\u00a0Espa\u00e7o P\u00fablico, organiza\u00e7\u00e3o dedicada principalmente \u00e0 promo\u00e7\u00e3o e defesa da liberdade de express\u00e3o na Venezuela, informou o Instituto Imprensa e Sociedade (IPYS). O epis\u00f3dio ocorreu em\u00a0Caracas, capital do pa\u00eds.<\/p>\n","protected":false},"author":42,"featured_media":0,"comment_status":"closed","ping_status":"closed","sticky":false,"template":"","format":"standard","meta":{"inline_featured_image":false,"footnotes":""},"categories":[1221],"tags":[1579,2051,1402],"coauthors":[],"class_list":["post-24231","post","type-post","status-publish","format-standard","hentry","category-violencia-contra-jornalistas-pt-br","tag-assedio-pt-br","tag-liberdade-de-expressao-pt-br","tag-venezuela-pt-br"],"acf":[],"yoast_head":"<!-- This site is optimized with the Yoast SEO Premium plugin v22.6 (Yoast SEO v27.4) - https:\/\/yoast.com\/product\/yoast-seo-premium-wordpress\/ -->\n<title>ONG defensora da liberdade de express\u00e3o na Venezuela tem seus equipamentos roubados - LatAm Journalism Review by the Knight Center<\/title>\n<meta name=\"description\" content=\"ONG defensora da liberdade de express\u00e3o na Venezuela tem seus equipamentos roubados Viol\u00eancia contra jornalistas. Latin American Journalism Review by The Knight Center at The University of Texas at Austin.\" \/>\n<meta name=\"robots\" content=\"index, follow, max-snippet:-1, max-image-preview:large, max-video-preview:-1\" \/>\n<link rel=\"canonical\" href=\"https:\/\/latamjournalismreview.org\/pt-br\/articles\/ong-defensora-da-liberdade-de-expressao-na-venezuela-tem-seus-equipamentos-roubados\/\" \/>\n<meta property=\"og:locale\" content=\"pt_BR\" \/>\n<meta property=\"og:type\" content=\"article\" \/>\n<meta property=\"og:title\" content=\"ONG defensora da liberdade de express\u00e3o na Venezuela tem seus equipamentos roubados\" \/>\n<meta property=\"og:description\" content=\"ONG defensora da liberdade de express\u00e3o na Venezuela tem seus equipamentos roubados Viol\u00eancia contra jornalistas. Latin American Journalism Review by The Knight Center at The University of Texas at Austin.\" \/>\n<meta property=\"og:url\" content=\"https:\/\/latamjournalismreview.org\/pt-br\/articles\/ong-defensora-da-liberdade-de-expressao-na-venezuela-tem-seus-equipamentos-roubados\/\" \/>\n<meta property=\"og:site_name\" content=\"LatAm Journalism Review by the Knight Center\" \/>\n<meta property=\"article:published_time\" content=\"2011-11-21T13:11:18+00:00\" \/>\n<meta property=\"article:modified_time\" content=\"2021-07-28T13:12:35+00:00\" \/>\n<meta name=\"author\" content=\"Natalia Mazotte\" \/>\n<meta name=\"twitter:card\" content=\"summary_large_image\" \/>\n<meta name=\"twitter:creator\" content=\"@LatAmJournalism\" \/>\n<meta name=\"twitter:site\" content=\"@LatAmJournalism\" \/>\n<meta name=\"twitter:label1\" content=\"Written by\" \/>\n\t<meta name=\"twitter:data1\" content=\"Natalia Mazotte\" \/>\n\t<meta name=\"twitter:label2\" content=\"Est. reading time\" \/>\n\t<meta name=\"twitter:data2\" content=\"1 minuto\" \/>\n<script type=\"application\/ld+json\" class=\"yoast-schema-graph\">{\"@context\":\"https:\\\/\\\/schema.org\",\"@graph\":[{\"@type\":\"Article\",\"@id\":\"https:\\\/\\\/latamjournalismreview.org\\\/pt-br\\\/articles\\\/ong-defensora-da-liberdade-de-expressao-na-venezuela-tem-seus-equipamentos-roubados\\\/#article\",\"isPartOf\":{\"@id\":\"https:\\\/\\\/latamjournalismreview.org\\\/pt-br\\\/articles\\\/ong-defensora-da-liberdade-de-expressao-na-venezuela-tem-seus-equipamentos-roubados\\\/\"},\"author\":{\"name\":\"Natalia Mazotte\",\"@id\":\"https:\\\/\\\/latamjournalismreview.org\\\/pt-br\\\/#\\\/schema\\\/person\\\/747457e530d741a9d192f00c32c7f884\"},\"headline\":\"ONG defensora da liberdade de express\u00e3o na Venezuela tem seus equipamentos roubados\",\"datePublished\":\"2011-11-21T13:11:18+00:00\",\"dateModified\":\"2021-07-28T13:12:35+00:00\",\"mainEntityOfPage\":{\"@id\":\"https:\\\/\\\/latamjournalismreview.org\\\/pt-br\\\/articles\\\/ong-defensora-da-liberdade-de-expressao-na-venezuela-tem-seus-equipamentos-roubados\\\/\"},\"wordCount\":214,\"publisher\":{\"@id\":\"https:\\\/\\\/latamjournalismreview.org\\\/pt-br\\\/#organization\"},\"keywords\":[\"Ass\u00e9dio\",\"Liberdade de express\u00e3o\",\"Venezuela\"],\"articleSection\":[\"Viol\u00eancia contra jornalistas\"],\"inLanguage\":\"pt-BR\"},{\"@type\":\"WebPage\",\"@id\":\"https:\\\/\\\/latamjournalismreview.org\\\/pt-br\\\/articles\\\/ong-defensora-da-liberdade-de-expressao-na-venezuela-tem-seus-equipamentos-roubados\\\/\",\"url\":\"https:\\\/\\\/latamjournalismreview.org\\\/pt-br\\\/articles\\\/ong-defensora-da-liberdade-de-expressao-na-venezuela-tem-seus-equipamentos-roubados\\\/\",\"name\":\"ONG defensora da liberdade de express\u00e3o na Venezuela tem seus equipamentos roubados - LatAm Journalism Review by the Knight Center\",\"isPartOf\":{\"@id\":\"https:\\\/\\\/latamjournalismreview.org\\\/pt-br\\\/#website\"},\"datePublished\":\"2011-11-21T13:11:18+00:00\",\"dateModified\":\"2021-07-28T13:12:35+00:00\",\"description\":\"ONG defensora da liberdade de express\u00e3o na Venezuela tem seus equipamentos roubados Viol\u00eancia contra jornalistas. Latin American Journalism Review by The Knight Center at The University of Texas at Austin.\",\"breadcrumb\":{\"@id\":\"https:\\\/\\\/latamjournalismreview.org\\\/pt-br\\\/articles\\\/ong-defensora-da-liberdade-de-expressao-na-venezuela-tem-seus-equipamentos-roubados\\\/#breadcrumb\"},\"inLanguage\":\"pt-BR\",\"potentialAction\":[{\"@type\":\"ReadAction\",\"target\":[\"https:\\\/\\\/latamjournalismreview.org\\\/pt-br\\\/articles\\\/ong-defensora-da-liberdade-de-expressao-na-venezuela-tem-seus-equipamentos-roubados\\\/\"]}]},{\"@type\":\"BreadcrumbList\",\"@id\":\"https:\\\/\\\/latamjournalismreview.org\\\/pt-br\\\/articles\\\/ong-defensora-da-liberdade-de-expressao-na-venezuela-tem-seus-equipamentos-roubados\\\/#breadcrumb\",\"itemListElement\":[{\"@type\":\"ListItem\",\"position\":1,\"name\":\"Home\",\"item\":\"https:\\\/\\\/latamjournalismreview.org\\\/pt-br\\\/\"},{\"@type\":\"ListItem\",\"position\":2,\"name\":\"ONG defensora da liberdade de express\u00e3o na Venezuela tem seus equipamentos roubados\"}]},{\"@type\":\"WebSite\",\"@id\":\"https:\\\/\\\/latamjournalismreview.org\\\/pt-br\\\/#website\",\"url\":\"https:\\\/\\\/latamjournalismreview.org\\\/pt-br\\\/\",\"name\":\"LatAm Journalism Review\",\"description\":\"Digital magazine on journalism in Latin America\",\"publisher\":{\"@id\":\"https:\\\/\\\/latamjournalismreview.org\\\/pt-br\\\/#organization\"},\"potentialAction\":[{\"@type\":\"SearchAction\",\"target\":{\"@type\":\"EntryPoint\",\"urlTemplate\":\"https:\\\/\\\/latamjournalismreview.org\\\/pt-br\\\/?s={search_term_string}\"},\"query-input\":{\"@type\":\"PropertyValueSpecification\",\"valueRequired\":true,\"valueName\":\"search_term_string\"}}],\"inLanguage\":\"pt-BR\"},{\"@type\":\"Organization\",\"@id\":\"https:\\\/\\\/latamjournalismreview.org\\\/pt-br\\\/#organization\",\"name\":\"LatAm Journalism Review\",\"url\":\"https:\\\/\\\/latamjournalismreview.org\\\/pt-br\\\/\",\"logo\":{\"@type\":\"ImageObject\",\"inLanguage\":\"pt-BR\",\"@id\":\"https:\\\/\\\/latamjournalismreview.org\\\/pt-br\\\/#\\\/schema\\\/logo\\\/image\\\/\",\"url\":\"https:\\\/\\\/latamjournalismreview.org\\\/wp-content\\\/uploads\\\/2020\\\/05\\\/knight-latAm-review-logo.svg\",\"contentUrl\":\"https:\\\/\\\/latamjournalismreview.org\\\/wp-content\\\/uploads\\\/2020\\\/05\\\/knight-latAm-review-logo.svg\",\"width\":\"1024\",\"height\":\"1024\",\"caption\":\"LatAm Journalism Review\"},\"image\":{\"@id\":\"https:\\\/\\\/latamjournalismreview.org\\\/pt-br\\\/#\\\/schema\\\/logo\\\/image\\\/\"},\"sameAs\":[\"https:\\\/\\\/x.com\\\/LatAmJournalism\"]},{\"@type\":\"Person\",\"@id\":\"https:\\\/\\\/latamjournalismreview.org\\\/pt-br\\\/#\\\/schema\\\/person\\\/747457e530d741a9d192f00c32c7f884\",\"name\":\"Natalia Mazotte\",\"url\":\"https:\\\/\\\/latamjournalismreview.org\\\/pt-br\\\/articles\\\/author\\\/natalia-mazotte\\\/\"}]}<\/script>\n<!-- \/ Yoast SEO Premium plugin. -->","yoast_head_json":{"title":"ONG defensora da liberdade de express\u00e3o na Venezuela tem seus equipamentos roubados - LatAm Journalism Review by the Knight Center","description":"ONG defensora da liberdade de express\u00e3o na Venezuela tem seus equipamentos roubados Viol\u00eancia contra jornalistas. Latin American Journalism Review by The Knight Center at The University of Texas at Austin.","robots":{"index":"index","follow":"follow","max-snippet":"max-snippet:-1","max-image-preview":"max-image-preview:large","max-video-preview":"max-video-preview:-1"},"canonical":"https:\/\/latamjournalismreview.org\/pt-br\/articles\/ong-defensora-da-liberdade-de-expressao-na-venezuela-tem-seus-equipamentos-roubados\/","og_locale":"pt_BR","og_type":"article","og_title":"ONG defensora da liberdade de express\u00e3o na Venezuela tem seus equipamentos roubados","og_description":"ONG defensora da liberdade de express\u00e3o na Venezuela tem seus equipamentos roubados Viol\u00eancia contra jornalistas. Latin American Journalism Review by The Knight Center at The University of Texas at Austin.","og_url":"https:\/\/latamjournalismreview.org\/pt-br\/articles\/ong-defensora-da-liberdade-de-expressao-na-venezuela-tem-seus-equipamentos-roubados\/","og_site_name":"LatAm Journalism Review by the Knight Center","article_published_time":"2011-11-21T13:11:18+00:00","article_modified_time":"2021-07-28T13:12:35+00:00","author":"Natalia Mazotte","twitter_card":"summary_large_image","twitter_creator":"@LatAmJournalism","twitter_site":"@LatAmJournalism","twitter_misc":{"Written by":"Natalia Mazotte","Est. reading time":"1 minuto"},"schema":{"@context":"https:\/\/schema.org","@graph":[{"@type":"Article","@id":"https:\/\/latamjournalismreview.org\/pt-br\/articles\/ong-defensora-da-liberdade-de-expressao-na-venezuela-tem-seus-equipamentos-roubados\/#article","isPartOf":{"@id":"https:\/\/latamjournalismreview.org\/pt-br\/articles\/ong-defensora-da-liberdade-de-expressao-na-venezuela-tem-seus-equipamentos-roubados\/"},"author":{"name":"Natalia Mazotte","@id":"https:\/\/latamjournalismreview.org\/pt-br\/#\/schema\/person\/747457e530d741a9d192f00c32c7f884"},"headline":"ONG defensora da liberdade de express\u00e3o na Venezuela tem seus equipamentos roubados","datePublished":"2011-11-21T13:11:18+00:00","dateModified":"2021-07-28T13:12:35+00:00","mainEntityOfPage":{"@id":"https:\/\/latamjournalismreview.org\/pt-br\/articles\/ong-defensora-da-liberdade-de-expressao-na-venezuela-tem-seus-equipamentos-roubados\/"},"wordCount":214,"publisher":{"@id":"https:\/\/latamjournalismreview.org\/pt-br\/#organization"},"keywords":["Ass\u00e9dio","Liberdade de express\u00e3o","Venezuela"],"articleSection":["Viol\u00eancia contra jornalistas"],"inLanguage":"pt-BR"},{"@type":"WebPage","@id":"https:\/\/latamjournalismreview.org\/pt-br\/articles\/ong-defensora-da-liberdade-de-expressao-na-venezuela-tem-seus-equipamentos-roubados\/","url":"https:\/\/latamjournalismreview.org\/pt-br\/articles\/ong-defensora-da-liberdade-de-expressao-na-venezuela-tem-seus-equipamentos-roubados\/","name":"ONG defensora da liberdade de express\u00e3o na Venezuela tem seus equipamentos roubados - LatAm Journalism Review by the Knight Center","isPartOf":{"@id":"https:\/\/latamjournalismreview.org\/pt-br\/#website"},"datePublished":"2011-11-21T13:11:18+00:00","dateModified":"2021-07-28T13:12:35+00:00","description":"ONG defensora da liberdade de express\u00e3o na Venezuela tem seus equipamentos roubados Viol\u00eancia contra jornalistas. Latin American Journalism Review by The Knight Center at The University of Texas at Austin.","breadcrumb":{"@id":"https:\/\/latamjournalismreview.org\/pt-br\/articles\/ong-defensora-da-liberdade-de-expressao-na-venezuela-tem-seus-equipamentos-roubados\/#breadcrumb"},"inLanguage":"pt-BR","potentialAction":[{"@type":"ReadAction","target":["https:\/\/latamjournalismreview.org\/pt-br\/articles\/ong-defensora-da-liberdade-de-expressao-na-venezuela-tem-seus-equipamentos-roubados\/"]}]},{"@type":"BreadcrumbList","@id":"https:\/\/latamjournalismreview.org\/pt-br\/articles\/ong-defensora-da-liberdade-de-expressao-na-venezuela-tem-seus-equipamentos-roubados\/#breadcrumb","itemListElement":[{"@type":"ListItem","position":1,"name":"Home","item":"https:\/\/latamjournalismreview.org\/pt-br\/"},{"@type":"ListItem","position":2,"name":"ONG defensora da liberdade de express\u00e3o na Venezuela tem seus equipamentos roubados"}]},{"@type":"WebSite","@id":"https:\/\/latamjournalismreview.org\/pt-br\/#website","url":"https:\/\/latamjournalismreview.org\/pt-br\/","name":"LatAm Journalism Review","description":"Digital magazine on journalism in Latin America","publisher":{"@id":"https:\/\/latamjournalismreview.org\/pt-br\/#organization"},"potentialAction":[{"@type":"SearchAction","target":{"@type":"EntryPoint","urlTemplate":"https:\/\/latamjournalismreview.org\/pt-br\/?s={search_term_string}"},"query-input":{"@type":"PropertyValueSpecification","valueRequired":true,"valueName":"search_term_string"}}],"inLanguage":"pt-BR"},{"@type":"Organization","@id":"https:\/\/latamjournalismreview.org\/pt-br\/#organization","name":"LatAm Journalism Review","url":"https:\/\/latamjournalismreview.org\/pt-br\/","logo":{"@type":"ImageObject","inLanguage":"pt-BR","@id":"https:\/\/latamjournalismreview.org\/pt-br\/#\/schema\/logo\/image\/","url":"https:\/\/latamjournalismreview.org\/wp-content\/uploads\/2020\/05\/knight-latAm-review-logo.svg","contentUrl":"https:\/\/latamjournalismreview.org\/wp-content\/uploads\/2020\/05\/knight-latAm-review-logo.svg","width":"1024","height":"1024","caption":"LatAm Journalism Review"},"image":{"@id":"https:\/\/latamjournalismreview.org\/pt-br\/#\/schema\/logo\/image\/"},"sameAs":["https:\/\/x.com\/LatAmJournalism"]},{"@type":"Person","@id":"https:\/\/latamjournalismreview.org\/pt-br\/#\/schema\/person\/747457e530d741a9d192f00c32c7f884","name":"Natalia Mazotte","url":"https:\/\/latamjournalismreview.org\/pt-br\/articles\/author\/natalia-mazotte\/"}]}},"_links":{"self":[{"href":"https:\/\/latamjournalismreview.org\/pt-br\/wp-json\/wp\/v2\/posts\/24231","targetHints":{"allow":["GET"]}}],"collection":[{"href":"https:\/\/latamjournalismreview.org\/pt-br\/wp-json\/wp\/v2\/posts"}],"about":[{"href":"https:\/\/latamjournalismreview.org\/pt-br\/wp-json\/wp\/v2\/types\/post"}],"author":[{"embeddable":true,"href":"https:\/\/latamjournalismreview.org\/pt-br\/wp-json\/wp\/v2\/users\/42"}],"replies":[{"embeddable":true,"href":"https:\/\/latamjournalismreview.org\/pt-br\/wp-json\/wp\/v2\/comments?post=24231"}],"version-history":[{"count":1,"href":"https:\/\/latamjournalismreview.org\/pt-br\/wp-json\/wp\/v2\/posts\/24231\/revisions"}],"predecessor-version":[{"id":24232,"href":"https:\/\/latamjournalismreview.org\/pt-br\/wp-json\/wp\/v2\/posts\/24231\/revisions\/24232"}],"wp:attachment":[{"href":"https:\/\/latamjournalismreview.org\/pt-br\/wp-json\/wp\/v2\/media?parent=24231"}],"wp:term":[{"taxonomy":"category","embeddable":true,"href":"https:\/\/latamjournalismreview.org\/pt-br\/wp-json\/wp\/v2\/categories?post=24231"},{"taxonomy":"post_tag","embeddable":true,"href":"https:\/\/latamjournalismreview.org\/pt-br\/wp-json\/wp\/v2\/tags?post=24231"},{"taxonomy":"author","embeddable":true,"href":"https:\/\/latamjournalismreview.org\/pt-br\/wp-json\/wp\/v2\/coauthors?post=24231"}],"curies":[{"name":"wp","href":"https:\/\/api.w.org\/{rel}","templated":true}]}}