{"id":2442,"date":"2019-08-07T21:07:31","date_gmt":"2019-08-08T02:07:31","guid":{"rendered":"https:\/\/live-lajr.pantheonsite.io\/articles\/as-vesperas-das-eleicoes-presidenciais-na-bolivia-duas-iniciativas-de-verificacao-focam-no-discurso-politico\/"},"modified":"2020-12-03T13:04:12","modified_gmt":"2020-12-03T18:04:12","slug":"as-vesperas-das-eleicoes-presidenciais-na-bolivia-duas-iniciativas-de-verificacao-focam-no-discurso-politico","status":"publish","type":"post","link":"https:\/\/latamjournalismreview.org\/pt-br\/articles\/as-vesperas-das-eleicoes-presidenciais-na-bolivia-duas-iniciativas-de-verificacao-focam-no-discurso-politico\/","title":{"rendered":"\u00c0s v\u00e9speras das elei\u00e7\u00f5es presidenciais na Bol\u00edvia, duas iniciativas de verifica\u00e7\u00e3o focam no discurso pol\u00edtico"},"content":{"rendered":"<p>Uma suposta mensagem escrita pelo presidente da Bol\u00edvia, Evo Morales, em sua conta no Twitter parabenizando os traficantes de drogas Joaqu\u00edn \"El Chapo\" Guzm\u00e1n e Pablo Escobar por ocasi\u00e3o do Dia do Professor em 6 de junho <a href=\"https:\/\/boliviaverifica.bo\/el-tuit-de-evo-saludando-al-chapo-y-a-escobar-por-el-dia-del-maestro\/\" target=\"_blank\" rel=\"noopener noreferrer\">viralizou no pa\u00eds<\/a>.<\/p>\n<p>\u201cUma sauda\u00e7\u00e3o fraterna \u00e0queles que foram meu guia e inspira\u00e7\u00e3o para industrializar a sagrada folha de coca; gra\u00e7as aos seus ensinamentos, estamos conseguindo\u201d, podia ser lido\u00a0em parte da mensagem que tamb\u00e9m era acompanhada de uma fotografia na qual Morales supostamente aparecia ao lado desses traficantes de drogas.<\/p>\n<p>O tweet era falso. Morales n\u00e3o havia escrito essa mensagem, mas sim uma\u00a0<a href=\"https:\/\/twitter.com\/evoespueblo\/status\/1136623951768145920\" target=\"_blank\" rel=\"noopener noreferrer\">de felicita\u00e7\u00e3o a todos os professores<\/a>. A falsa mensagem distribu\u00edda no Facebook foi o tema de uma das primeiras verifica\u00e7\u00f5es feitas por <a href=\"https:\/\/boliviaverifica.bo\/\" target=\"_blank\" rel=\"noopener noreferrer\">Bolivia Verifica<\/a>, um projeto recente de verifica\u00e7\u00e3o de dados na Am\u00e9rica Latina que come\u00e7ou em 1\u00ba de junho com o objetivo de acompanhar as elei\u00e7\u00f5es presidenciais que acontecer\u00e3o em 20 de outubro e, assim, \u201ccombater a desinforma\u00e7\u00e3o e melhorar a participa\u00e7\u00e3o democr\u00e1tica\u201d, segundo seu portal.<\/p>\n<div style=\"width: 400px; font-size: 80%; text-align: left; float: left; padding-left: 10px; padding-right: 10px;\"><img loading=\"lazy\" decoding=\"async\" class=\"alignnone\" style=\"width: 400px;\" src=\"https:\/\/live.staticflickr.com\/65535\/48483257892_b3bd731078_o.png\" alt=\"c\" width=\"1826\" height=\"764\" \/> Bolivia Verifica foi\u00a0lan\u00e7ado \u00e0s v\u00e9speras das elei\u00e7\u00f5es presidenciais. (Captura de tela).<\/div>\n<p>\u201cComo resultado do trabalho de an\u00e1lise e observa\u00e7\u00e3o permanente que faz a <a href=\"https:\/\/fundacionperiodismo.org\/\" target=\"_blank\" rel=\"noopener noreferrer\">Funda\u00e7\u00e3o [para o Jornalismo<\/a>] sobre os desafios do jornalismo, se viu a necessidade de trabalhar na quest\u00e3o da verifica\u00e7\u00e3o porque j\u00e1 era poss\u00edvel ter uma no\u00e7\u00e3o do que aconteceu com as famosas not\u00edcias falsas nos Estados Unidos, no Brasil, na Inglaterra e surgiu a iniciativa de criar um observat\u00f3rio de not\u00edcias na Bol\u00edvia para o trabalho de acompanhamento nas elei\u00e7\u00f5es gerais\u201d, disse C\u00e9sar del Castillo Linares,\u00a0editor geral do projeto, ao <strong>Centro Knight<\/strong>.<\/p>\n<p>A ideia da Funda\u00e7\u00e3o ecoou nas organiza\u00e7\u00f5es internacionais que a apoiaram n\u00e3o apenas com a tecnologia necess\u00e1ria para realizar as verifica\u00e7\u00f5es, mas tamb\u00e9m com o financiamento que permitiu o treinamento da equipe que faz parte do projeto, explicou Del Castillo.<\/p>\n<p>Durante os 45 dias anteriores ao in\u00edcio do projeto, a equipe foi treinada pelo site\u00a0<a style=\"font-size: 1em;\" href=\"https:\/\/chequeado.com\/\" target=\"_blank\" rel=\"noopener noreferrer\">Chequeado<\/a><span style=\"font-size: 1em;\"> da Argentina, <\/span>uma refer\u00eancia na regi\u00e3o neste tipo de jornalismo. \u201cAplicamos o m\u00e9todo de checagem apropriado \u00e0s nossas circunst\u00e2ncias, \u00e0 nossa realidade, mas sob os par\u00e2metros com os quais eles lidam e que j\u00e1 serviram como experi\u00eancia tamb\u00e9m no Brasil, M\u00e9xico e Col\u00f4mbia\u201d, disse Del Castillo.<\/p>\n<p>Al\u00e9m de Del Castillo, <a href=\"https:\/\/boliviaverifica.bo\/quienes-somos\/\" target=\"_blank\" rel=\"noopener noreferrer\">a equipe<\/a> \u00e9 completada por\u00a0<span style=\"font-size: 1em;\">Javier Casta\u00f1os Galarza, que dirige o projeto, e Gabriel D\u00edez Lacunza, segundo editor. Eles s\u00e3o acompanhados por um grupo de estudantes de jornalismo das universidades do pa\u00eds que s\u00e3o parceiros da Bol\u00edvia Verifica, como a Universidade Cat\u00f3lica da Bol\u00edvia e a\u00a0Universidade Franz Tamayo.<\/span><\/p>\n<p>Para selecionar o conte\u00fado a ser verificado, a equipe usa par\u00e2metros semelhantes aos de outros verificadores, como a taxa de viraliza\u00e7\u00e3o de conte\u00fado e, especialmente, aquelas publica\u00e7\u00f5es que parecem ter sido feitas por um meio e que circulam em redes sociais como o Facebook e o Twitter.<\/p>\n<p>\u201cRealizamos verifica\u00e7\u00f5es em publica\u00e7\u00f5es que, em muitos casos, t\u00eam um formato jornal\u00edstico que se destina precisamente a surpreender os usu\u00e1rios e faz\u00ea-los acreditar que s\u00e3o verdadeiras not\u00edcias quando s\u00e3o enganosos ou falsos conte\u00fados que afetam candidatos ou partidos que est\u00e3o atualmente na corrida eleitoral\u201d, explicou Del Castillo.<\/p>\n<p>O presidente Morales, que novamente \u00e9 candidato \u00e0 presid\u00eancia para o que seria seu quarto mandato, e Carlos Mesa, o segundo candidato nas pesquisas depois de Morales, s\u00e3o os alvos mais frequentes nas publica\u00e7\u00f5es checadas pelo\u00a0Bol\u00edvia Verifica, adicionou o editor geral.<\/p>\n<p>Al\u00e9m dessas publica\u00e7\u00f5es, o projeto tamb\u00e9m verifica as propostas dos programas do governo, bem como o discurso pol\u00edtico da explica\u00e7\u00e3o dessas propostas e das \u201craz\u00f5es pelas quais elas est\u00e3o pedindo o voto em seu favor\u201d.<\/p>\n<p>\"Estamos nos voltando para certas ferramentas que j\u00e1 s\u00e3o de conhecimento p\u00fablico, comumente usadas no campo da verifica\u00e7\u00e3o para tentar selecionar e fazer um trabalho o mais preciso poss\u00edvel\", disse Del Castillo.<\/p>\n<p>O Bolivia Verifica sabe que a informa\u00e7\u00e3o verificada n\u00e3o \u00e9 t\u00e3o r\u00e1pida quanto a falsa: \u201c\u00e9 um dos desafios de verifica\u00e7\u00e3o mais dif\u00edceis\u201d, explica Del Castillo. \u00c9 por isso que muito do seu esfor\u00e7o est\u00e1 na distribui\u00e7\u00e3o que se concentrou em sua conta no Facebook (que tem quase 2.000 seguidores) e as diferentes plataformas dos\u00a0<a style=\"font-size: 1em;\" href=\"https:\/\/boliviaverifica.bo\/quienes-participan\/\" target=\"_blank\" rel=\"noopener noreferrer\">quase 20 meios aliados do projeto<\/a>,<span style=\"font-size: 1em;\">\u00a0que incluem impressos, digitais, r\u00e1dio e televis\u00e3o.<\/span><\/p>\n<p>O projeto tamb\u00e9m faz um resumo semanal com as verifica\u00e7\u00f5es mais relevantes, seja por sua viraliza\u00e7\u00e3o ou por seu impacto na pol\u00edtica, explicou Del Castillo. Este <a href=\"https:\/\/boliviaverifica.bo\/boletines\/\" target=\"_blank\" rel=\"noopener noreferrer\">resumo \u00e9 enviado em forma de boletim<\/a>\u00a0<span style=\"font-size: 1em;\">para um banco de dados da\u00a0Funda\u00e7\u00e3o para o Jornalismo, que tem quase 8 mil pessoas.<\/span><\/p>\n<p>Por enquanto, o projeto est\u00e1 programado para terminar no final de outubro. Se houver segundo turno\u00a0(programado para 15 de dezembro), o per\u00edodo ser\u00e1 ampliado. No entanto, a equipe pretende mostrar um bom trabalho e mant\u00ea-lo como um projeto de verifica\u00e7\u00e3o permanente que permite n\u00e3o apenas verificar informa\u00e7\u00f5es relacionadas a pol\u00edtica e elei\u00e7\u00f5es, mas de todos os tipos.<\/p>\n<p>\u201cAcredito que a necessidade de um portal e de um servi\u00e7o de verifica\u00e7\u00e3o \u00e9 dada [na Bol\u00edvia] e est\u00e1 sendo descoberta e evidenciada pelo trabalho que estamos, felizmente, sendo capazes de fazer\u201d, disse o editor geral.<\/p>\n<p>\u201cEspero que possamos, depois de concluir este trabalho de verifica\u00e7\u00e3o para as elei\u00e7\u00f5es, prolongar as alian\u00e7as com alguns financiadores. Mas tamb\u00e9m incorporar e adicionar de forma mais eficaz \u00e0 m\u00eddia para que a verifica\u00e7\u00e3o - como um suporte para a qualidade do jornalismo - esteja presente, e isso tamb\u00e9m \u00e9 uma garantia de liberdade porque em v\u00e1rios governos latino-americanos existem inten\u00e7\u00f5es de afetar a liberdade de informa\u00e7\u00e3o e express\u00e3o por todos os meios\u201d, disse Del Castillo. \"Ent\u00e3o, um sistema de verifica\u00e7\u00e3o pode ser uma boa garantia para preservar a liberdade de informa\u00e7\u00e3o, express\u00e3o e, portanto, a qualidade da democracia.\"<\/p>\n<h4><strong>Chequea Bolivia: combatendo a desinforma\u00e7\u00e3o na regi\u00e3o<\/strong><\/h4>\n<p>Desde novembro de 2018, o\u00a0<a href=\"https:\/\/www.ceresbolivia.org\/\" target=\"_blank\" rel=\"noopener noreferrer\">Centro de Estudios de la Realidad Econ\u00f3mica y Social (CERES)<\/a>, com sede em Cochabamba (centro do pa\u00eds),\u00a0<span style=\"font-size: 1em;\">notou que a Bol\u00edvia n\u00e3o tinha um projeto voltado para a verifica\u00e7\u00e3o de dados, embora as elei\u00e7\u00f5es gerais estivessem se aproximando.<\/span><\/p>\n<p>Foi por essa raz\u00e3o que o CERES iniciou um processo para determinar o que era o falso ecossistema de not\u00edcias no pa\u00eds e em fevereiro de 2019 come\u00e7aram os testes piloto de\u00a0<a style=\"font-size: 1em;\" href=\"https:\/\/www.chequeabolivia.bo\/\" target=\"_blank\" rel=\"noopener noreferrer\">Chequea Bolivia<\/a><span style=\"font-size: 1em;\">,\u00a0<\/span><span style=\"font-size: 1em;\">um site de verifica\u00e7\u00e3o de dados que atualmente se concentra nas elei\u00e7\u00f5es gerais que o pa\u00eds ter\u00e1 em 20 de outubro.<\/span><\/p>\n<p>\u201cNossa metodologia tem sido trabalhada com base nas experi\u00eancias internacionais do assunto, temos trabalhado muito com o\u00a0Chequeado da Argentina, o Verificado do M\u00e9xico e v\u00e1rias organiza\u00e7\u00f5es que j\u00e1 est\u00e3o nisso h\u00e1 algum tempo. E n\u00f3s estamos adaptando-os a uma metodologia que responde \u00e0s nossas necessidades no pa\u00eds\u201d, disse Juan Soruco, diretor da Chequea Bolivia ao\u00a0<strong style=\"font-family: inherit; font-size: 1em; font-style: inherit;\">Centro Knigh<\/strong><span style=\"font-size: 1em;\">t.<\/span><\/p>\n<div style=\"width: 400px; font-size: 80%; text-align: left; float: right; padding-left: 10px; padding-right: 10px;\"><img loading=\"lazy\" decoding=\"async\" class=\"alignnone\" style=\"width: 400px;\" src=\"https:\/\/live.staticflickr.com\/65535\/48483092936_a0456ae1cd_o.jpg\" alt=\"c\" width=\"1152\" height=\"648\" \/>Equipe de Chequea Bolivia: Gabriela Weiss, Enid L\u00f3pez, Juan Soruco, Valeria Peredo, Juan Carlos Uribe e Alex Ojeda. (Cortesia).<\/div>\n<p>Juan Carlos Uribe, coordenador do projeto, trabalha ao lado de Soruco, al\u00e9m de dois jornalistas encarregados da verifica\u00e7\u00e3o e pesquisa jornal\u00edstica, e duas outras pessoas que trabalham na parte digital para detectar as chamadas de not\u00edcias falsas dos lamas.<span style=\"font-size: 1em;\"> Esta <\/span><a style=\"font-size: 1em;\" href=\"https:\/\/www.chequeabolivia.bo\/node\/47\" target=\"_blank\" rel=\"noopener noreferrer\">equipe de seis pessoas<\/a><span style=\"font-size: 1em;\">\u00a0faz entre quatro a seis verifica\u00e7\u00f5es por dia.<\/span><\/p>\n<p>Para Soruco, o projeto tem um \u201caspecto novo\u201d que tem a ver com a uni\u00e3o de tr\u00eas \u00e1reas que nem sempre funcionam juntas. Uma \u00e9 a academia, com o CERES, para sistematizar o conhecimento produzido pelas verifica\u00e7\u00f5es; o trabalho de jornalistas em suas investiga\u00e7\u00f5es; e finalmente a \u00e1rea de novas tecnologias para a revela\u00e7\u00e3o das not\u00edcias falsas.<\/p>\n<p>\"Ent\u00e3o h\u00e1 um processo, uma experi\u00eancia muito interessante que esperamos que, al\u00e9m de atingir o objetivo fundamental que \u00e9 ajudar as pessoas, os cidad\u00e3os, a detectar falsas not\u00edcias [...] [permita] um avan\u00e7o acad\u00eamico que possa dar para a nova forma\u00e7\u00e3o e a an\u00e1lise da realidade um importante material de trabalho\u201d, acrescentou Soruco.<\/p>\n<p>Al\u00e9m de postar suas verifica\u00e7\u00f5es em seu portal, a equipe tamb\u00e9m procura viraliz\u00e1-los atrav\u00e9s de sua conta no Twitter, mas em\u00a0<a style=\"font-size: 1em;\" href=\"https:\/\/www.facebook.com\/ChequeaBolivia\/\" target=\"_blank\" rel=\"noopener noreferrer\">particular de Facebook<\/a><span style=\"font-size: 1em;\">, <\/span>a rede social mais utilizada no pa\u00eds, explicou o coordenador do Cheque Bol\u00edvia, Juan Carlos Uribe, ao\u00a0<strong style=\"font-family: inherit; font-size: 1em; font-style: inherit;\">Centro Knight<\/strong><span style=\"font-size: 1em;\">. <\/span><\/p>\n<p>Suas verifica\u00e7\u00f5es mais populares foram compartilhadas entre 9.000 e 12.000 vezes.<\/p>\n<p>No entanto, uma de suas maiores preocupa\u00e7\u00f5es \u00e9 o papel que o aplicativo WhatsApp desempenha na distribui\u00e7\u00e3o de desinforma\u00e7\u00e3o. Segundo Uribe, por n\u00fameros de outros pa\u00edses \u00e9 a plataforma pela qual circulam not\u00edcias mais falsas e que \u201cnem o pr\u00f3prio WhatsApp pode fazer uma verifica\u00e7\u00e3o\u201d. \u00c9 por isso que eles est\u00e3o planejando uma estrat\u00e9gia para combater a desinforma\u00e7\u00e3o de l\u00e1 tamb\u00e9m.<\/p>\n<p>\u201cO que queremos \u00e9 que as pessoas nos enviem as not\u00edcias para n\u00f3s verificarmos. Ainda estamos trabalhando nesse processo como a principal ferramenta de distribui\u00e7\u00e3o\u201d, disse Uribe.<\/p>\n<p>Chequea Bol\u00edvia tamb\u00e9m tem parceiros em meios\u00a0nacionais que compartilharam suas verifica\u00e7\u00f5es, acrescentou o coordenador.<\/p>\n<p>Uribe sabe que eles est\u00e3o prestes a come\u00e7ar o \"mais dif\u00edcil\" tempo de trabalho. Nestes meses, o Chequea Bol\u00edvia viu como imagens falsas, v\u00eddeos e supostas not\u00edcias s\u00e3o compartilhados nas redes em grande parte impulsionados pela polariza\u00e7\u00e3o que o pa\u00eds est\u00e1 experimentando.<\/p>\n<p>Segundo Soruco, essa polariza\u00e7\u00e3o chegou a criar grupos especializados em divulgar falsas not\u00edcias. Estas s\u00e3o pessoas que simpatizam com o partido no poder ou com aqueles que s\u00e3o contra.<\/p>\n<p>A falta de transpar\u00eancia do Estado tamb\u00e9m ajuda a disseminar a desinforma\u00e7\u00e3o, acredita Soruco.<\/p>\n<p>Por exemplo, recentemente circulou informa\u00e7\u00f5es sobre a poss\u00edvel fal\u00eancia da companhia petrol\u00edfera estatal do pa\u00eds. Para Soruco, a verifica\u00e7\u00e3o das informa\u00e7\u00f5es foi complicada porque os bancos de dados oficiais est\u00e3o desatualizados e quando s\u00e3o feitas solicita\u00e7\u00f5es de informa\u00e7\u00f5es, eles n\u00e3o s\u00e3o r\u00e1pidos em fornec\u00ea-las.<\/p>\n<p>Chequea Bol\u00edvia tem um financiamento para trabalhar por um ano inteiro gra\u00e7as a uma doa\u00e7\u00e3o do Fundo Nacional para a Democracia (NED), assim como algo do CERES. Seu objetivo \u00e9 conseguir o apoio financeiro necess\u00e1rio para continuar com seu trabalho de verifica\u00e7\u00e3o, um trabalho que tamb\u00e9m busca ajudar o p\u00fablico em geral a aprender a diferenciar essa informa\u00e7\u00e3o falsa.<\/p>\n<p>\u201cO mais importante \u00e9 a conscientiza\u00e7\u00e3o p\u00fablica, a autorregula\u00e7\u00e3o das redes sociais \u00e9 a \u00fanica coisa que pode ajudar a minimiz\u00e1-las. Acho que n\u00e3o h\u00e1 outro jeito\u201d, disse Uribe.<\/p>\n","protected":false},"excerpt":{"rendered":"<p>Uma suposta mensagem escrita pelo presidente da Bol\u00edvia, Evo Morales, em sua conta no Twitter parabenizando os traficantes de drogas Joaqu\u00edn \"El Chapo\" Guzm\u00e1n e Pablo Escobar por ocasi\u00e3o do Dia do Professor em 6 de junho viralizou no pa\u00eds.<\/p>\n","protected":false},"author":13,"featured_media":2438,"comment_status":"closed","ping_status":"closed","sticky":false,"template":"","format":"standard","meta":{"inline_featured_image":false,"footnotes":""},"categories":[1235],"tags":[1560,1451],"coauthors":[],"class_list":["post-2442","post","type-post","status-publish","format-standard","has-post-thumbnail","hentry","category-noticias-falsas-e-desinformacao-pt-br","tag-bolivia-pt-br","tag-fact-checking-pt-br"],"acf":[],"yoast_head":"<!-- This site is optimized with the Yoast SEO Premium plugin v22.6 (Yoast SEO v27.4) - https:\/\/yoast.com\/product\/yoast-seo-premium-wordpress\/ -->\n<title>\u00c0s v\u00e9speras das elei\u00e7\u00f5es presidenciais na Bol\u00edvia, duas iniciativas de verifica\u00e7\u00e3o focam no discurso pol\u00edtico - LatAm Journalism Review by the Knight Center<\/title>\n<meta name=\"description\" content=\"\u00c0s v\u00e9speras das elei\u00e7\u00f5es presidenciais na Bol\u00edvia, duas iniciativas de verifica\u00e7\u00e3o focam no discurso pol\u00edtico . Latin American Journalism Review by The Knight Center at The University of Texas at Austin.\" \/>\n<meta name=\"robots\" content=\"index, follow, max-snippet:-1, max-image-preview:large, max-video-preview:-1\" \/>\n<link rel=\"canonical\" href=\"https:\/\/latamjournalismreview.org\/pt-br\/articles\/as-vesperas-das-eleicoes-presidenciais-na-bolivia-duas-iniciativas-de-verificacao-focam-no-discurso-politico\/\" \/>\n<meta property=\"og:locale\" content=\"pt_BR\" \/>\n<meta property=\"og:type\" content=\"article\" \/>\n<meta property=\"og:title\" content=\"\u00c0s v\u00e9speras das elei\u00e7\u00f5es presidenciais na Bol\u00edvia, duas iniciativas de verifica\u00e7\u00e3o focam no discurso pol\u00edtico\" \/>\n<meta property=\"og:description\" content=\"\u00c0s v\u00e9speras das elei\u00e7\u00f5es presidenciais na Bol\u00edvia, duas iniciativas de verifica\u00e7\u00e3o focam no discurso pol\u00edtico . Latin American Journalism Review by The Knight Center at The University of Texas at Austin.\" \/>\n<meta property=\"og:url\" content=\"https:\/\/latamjournalismreview.org\/pt-br\/articles\/as-vesperas-das-eleicoes-presidenciais-na-bolivia-duas-iniciativas-de-verificacao-focam-no-discurso-politico\/\" \/>\n<meta property=\"og:site_name\" content=\"LatAm Journalism Review by the Knight Center\" \/>\n<meta property=\"article:published_time\" content=\"2019-08-08T02:07:31+00:00\" \/>\n<meta property=\"article:modified_time\" content=\"2020-12-03T18:04:12+00:00\" \/>\n<meta property=\"og:image\" content=\"https:\/\/latamjournalismreview.org\/wp-content\/uploads\/2020\/05\/The-team-at-Chequea-Bolivia.jpg\" \/>\n\t<meta property=\"og:image:width\" content=\"1152\" \/>\n\t<meta property=\"og:image:height\" content=\"648\" \/>\n\t<meta property=\"og:image:type\" content=\"image\/jpeg\" \/>\n<meta name=\"author\" content=\"Silvia Higuera\" \/>\n<meta name=\"twitter:card\" content=\"summary_large_image\" \/>\n<meta name=\"twitter:creator\" content=\"@shiguerita\" \/>\n<meta name=\"twitter:site\" content=\"@LatAmJournalism\" \/>\n<meta name=\"twitter:label1\" content=\"Written by\" \/>\n\t<meta name=\"twitter:data1\" content=\"Silvia Higuera\" \/>\n\t<meta name=\"twitter:label2\" content=\"Est. reading time\" \/>\n\t<meta name=\"twitter:data2\" content=\"9 minutos\" \/>\n<script type=\"application\/ld+json\" class=\"yoast-schema-graph\">{\"@context\":\"https:\\\/\\\/schema.org\",\"@graph\":[{\"@type\":\"Article\",\"@id\":\"https:\\\/\\\/latamjournalismreview.org\\\/pt-br\\\/articles\\\/as-vesperas-das-eleicoes-presidenciais-na-bolivia-duas-iniciativas-de-verificacao-focam-no-discurso-politico\\\/#article\",\"isPartOf\":{\"@id\":\"https:\\\/\\\/latamjournalismreview.org\\\/pt-br\\\/articles\\\/as-vesperas-das-eleicoes-presidenciais-na-bolivia-duas-iniciativas-de-verificacao-focam-no-discurso-politico\\\/\"},\"author\":{\"name\":\"Silvia Higuera\",\"@id\":\"https:\\\/\\\/latamjournalismreview.org\\\/pt-br\\\/#\\\/schema\\\/person\\\/eac7baa6afada0957e047be9fc15703a\"},\"headline\":\"\u00c0s v\u00e9speras das elei\u00e7\u00f5es presidenciais na Bol\u00edvia, duas iniciativas de verifica\u00e7\u00e3o focam no discurso pol\u00edtico\",\"datePublished\":\"2019-08-08T02:07:31+00:00\",\"dateModified\":\"2020-12-03T18:04:12+00:00\",\"mainEntityOfPage\":{\"@id\":\"https:\\\/\\\/latamjournalismreview.org\\\/pt-br\\\/articles\\\/as-vesperas-das-eleicoes-presidenciais-na-bolivia-duas-iniciativas-de-verificacao-focam-no-discurso-politico\\\/\"},\"wordCount\":1883,\"publisher\":{\"@id\":\"https:\\\/\\\/latamjournalismreview.org\\\/pt-br\\\/#organization\"},\"image\":{\"@id\":\"https:\\\/\\\/latamjournalismreview.org\\\/pt-br\\\/articles\\\/as-vesperas-das-eleicoes-presidenciais-na-bolivia-duas-iniciativas-de-verificacao-focam-no-discurso-politico\\\/#primaryimage\"},\"thumbnailUrl\":\"https:\\\/\\\/latamjournalismreview.org\\\/wp-content\\\/uploads\\\/2020\\\/05\\\/The-team-at-Chequea-Bolivia.jpg\",\"keywords\":[\"Bol\u00edvia\",\"Fact-checking\"],\"articleSection\":[\"Not\u00edcias falsas e desinforma\u00e7\u00e3o\"],\"inLanguage\":\"pt-BR\"},{\"@type\":\"WebPage\",\"@id\":\"https:\\\/\\\/latamjournalismreview.org\\\/pt-br\\\/articles\\\/as-vesperas-das-eleicoes-presidenciais-na-bolivia-duas-iniciativas-de-verificacao-focam-no-discurso-politico\\\/\",\"url\":\"https:\\\/\\\/latamjournalismreview.org\\\/pt-br\\\/articles\\\/as-vesperas-das-eleicoes-presidenciais-na-bolivia-duas-iniciativas-de-verificacao-focam-no-discurso-politico\\\/\",\"name\":\"\u00c0s v\u00e9speras das elei\u00e7\u00f5es presidenciais na Bol\u00edvia, duas iniciativas de verifica\u00e7\u00e3o focam no discurso pol\u00edtico - LatAm Journalism Review by the Knight Center\",\"isPartOf\":{\"@id\":\"https:\\\/\\\/latamjournalismreview.org\\\/pt-br\\\/#website\"},\"primaryImageOfPage\":{\"@id\":\"https:\\\/\\\/latamjournalismreview.org\\\/pt-br\\\/articles\\\/as-vesperas-das-eleicoes-presidenciais-na-bolivia-duas-iniciativas-de-verificacao-focam-no-discurso-politico\\\/#primaryimage\"},\"image\":{\"@id\":\"https:\\\/\\\/latamjournalismreview.org\\\/pt-br\\\/articles\\\/as-vesperas-das-eleicoes-presidenciais-na-bolivia-duas-iniciativas-de-verificacao-focam-no-discurso-politico\\\/#primaryimage\"},\"thumbnailUrl\":\"https:\\\/\\\/latamjournalismreview.org\\\/wp-content\\\/uploads\\\/2020\\\/05\\\/The-team-at-Chequea-Bolivia.jpg\",\"datePublished\":\"2019-08-08T02:07:31+00:00\",\"dateModified\":\"2020-12-03T18:04:12+00:00\",\"description\":\"\u00c0s v\u00e9speras das elei\u00e7\u00f5es presidenciais na Bol\u00edvia, duas iniciativas de verifica\u00e7\u00e3o focam no discurso pol\u00edtico . Latin American Journalism Review by The Knight Center at The University of Texas at Austin.\",\"breadcrumb\":{\"@id\":\"https:\\\/\\\/latamjournalismreview.org\\\/pt-br\\\/articles\\\/as-vesperas-das-eleicoes-presidenciais-na-bolivia-duas-iniciativas-de-verificacao-focam-no-discurso-politico\\\/#breadcrumb\"},\"inLanguage\":\"pt-BR\",\"potentialAction\":[{\"@type\":\"ReadAction\",\"target\":[\"https:\\\/\\\/latamjournalismreview.org\\\/pt-br\\\/articles\\\/as-vesperas-das-eleicoes-presidenciais-na-bolivia-duas-iniciativas-de-verificacao-focam-no-discurso-politico\\\/\"]}]},{\"@type\":\"ImageObject\",\"inLanguage\":\"pt-BR\",\"@id\":\"https:\\\/\\\/latamjournalismreview.org\\\/pt-br\\\/articles\\\/as-vesperas-das-eleicoes-presidenciais-na-bolivia-duas-iniciativas-de-verificacao-focam-no-discurso-politico\\\/#primaryimage\",\"url\":\"https:\\\/\\\/latamjournalismreview.org\\\/wp-content\\\/uploads\\\/2020\\\/05\\\/The-team-at-Chequea-Bolivia.jpg\",\"contentUrl\":\"https:\\\/\\\/latamjournalismreview.org\\\/wp-content\\\/uploads\\\/2020\\\/05\\\/The-team-at-Chequea-Bolivia.jpg\",\"width\":1152,\"height\":648,\"caption\":\"Equipe de Chequea Bolivia: Gabriela Weiss, Enid L\u00f3pez, Juan Soruco, Valeria Peredo, Juan Carlos Uribe e Alex Ojeda. (Cortesia).\"},{\"@type\":\"BreadcrumbList\",\"@id\":\"https:\\\/\\\/latamjournalismreview.org\\\/pt-br\\\/articles\\\/as-vesperas-das-eleicoes-presidenciais-na-bolivia-duas-iniciativas-de-verificacao-focam-no-discurso-politico\\\/#breadcrumb\",\"itemListElement\":[{\"@type\":\"ListItem\",\"position\":1,\"name\":\"Home\",\"item\":\"https:\\\/\\\/latamjournalismreview.org\\\/pt-br\\\/\"},{\"@type\":\"ListItem\",\"position\":2,\"name\":\"\u00c0s v\u00e9speras das elei\u00e7\u00f5es presidenciais na Bol\u00edvia, duas iniciativas de verifica\u00e7\u00e3o focam no discurso pol\u00edtico\"}]},{\"@type\":\"WebSite\",\"@id\":\"https:\\\/\\\/latamjournalismreview.org\\\/pt-br\\\/#website\",\"url\":\"https:\\\/\\\/latamjournalismreview.org\\\/pt-br\\\/\",\"name\":\"LatAm Journalism Review\",\"description\":\"Digital magazine on journalism in Latin America\",\"publisher\":{\"@id\":\"https:\\\/\\\/latamjournalismreview.org\\\/pt-br\\\/#organization\"},\"potentialAction\":[{\"@type\":\"SearchAction\",\"target\":{\"@type\":\"EntryPoint\",\"urlTemplate\":\"https:\\\/\\\/latamjournalismreview.org\\\/pt-br\\\/?s={search_term_string}\"},\"query-input\":{\"@type\":\"PropertyValueSpecification\",\"valueRequired\":true,\"valueName\":\"search_term_string\"}}],\"inLanguage\":\"pt-BR\"},{\"@type\":\"Organization\",\"@id\":\"https:\\\/\\\/latamjournalismreview.org\\\/pt-br\\\/#organization\",\"name\":\"LatAm Journalism Review\",\"url\":\"https:\\\/\\\/latamjournalismreview.org\\\/pt-br\\\/\",\"logo\":{\"@type\":\"ImageObject\",\"inLanguage\":\"pt-BR\",\"@id\":\"https:\\\/\\\/latamjournalismreview.org\\\/pt-br\\\/#\\\/schema\\\/logo\\\/image\\\/\",\"url\":\"https:\\\/\\\/latamjournalismreview.org\\\/wp-content\\\/uploads\\\/2020\\\/05\\\/knight-latAm-review-logo.svg\",\"contentUrl\":\"https:\\\/\\\/latamjournalismreview.org\\\/wp-content\\\/uploads\\\/2020\\\/05\\\/knight-latAm-review-logo.svg\",\"width\":\"1024\",\"height\":\"1024\",\"caption\":\"LatAm Journalism Review\"},\"image\":{\"@id\":\"https:\\\/\\\/latamjournalismreview.org\\\/pt-br\\\/#\\\/schema\\\/logo\\\/image\\\/\"},\"sameAs\":[\"https:\\\/\\\/x.com\\\/LatAmJournalism\"]},{\"@type\":\"Person\",\"@id\":\"https:\\\/\\\/latamjournalismreview.org\\\/pt-br\\\/#\\\/schema\\\/person\\\/eac7baa6afada0957e047be9fc15703a\",\"name\":\"Silvia Higuera\",\"description\":\"Silvia A. Higuera Fl\u00f3rez is a Colombian journalist interested in covering Latin American issues and human rights, especially the right to freedom of expression, and investigative journalism. She studied Social Communication and Journalism at Universidad Pontificia Bolivariana in Bucaramanga (Colombia), and received her Master's of Arts in Journalism from the University of Texas at Austin in 2015. She worked with the Office of the Special Rapporteur for Freedom of Expression of the Inter-American Commission on Human Rights (IACHR) under the Orlando Sierra fellowship during 2014. She also worked for the Colombian newspaper Vanguardia Liberal and wrote for different magazines about local, economic and public order issues. Her work has also appeared in The Miami Herald and El Nuevo Herald of Miami. Email: silvia.knightcenter@gmail.com Silvia A. Higuera Fl\u00f3rez es una periodista colombiana con inter\u00e9s period\u00edstico es Am\u00e9rica Latina y los derechos humanos, particularmente el derecho a la libertad de expresi\u00f3n, as\u00ed como el periodismo de investigaci\u00f3n. Estudi\u00f3 Comunicaci\u00f3n Social \u2013 Periodismo en la Universidad Pontificia Bolivariana de Bucaramanga (Colombia), y recibi\u00f3 su maestr\u00eda en Periodismo en la Universidad de Texas, en Austin en 2015. Trabaj\u00f3 para la Relator\u00eda Especial para la Libertad de Expresi\u00f3n de la Comisi\u00f3n Interamericana de Derechos Humanos (CIDH) en el marco de la beca Orlando Sierra, durante 2014. Tambi\u00e9n hizo parte del diario Vanguardia Liberal y escribi\u00f3 para otras revistas colombianas cubriendo fuentes locales, econ\u00f3micas y judiciales. Algunos de sus trabajos han aparecido en The Miami Herald y El Nuevo Herald de Miami. Silvia A. Higuera Fl\u00f3rez \u00e9 uma jornalista colombiana e seu interesse jornal\u00edstico \u00e9 a Am\u00e9rica Latina e os direitos humanos, nomeadamente o direito \u00e0 liberdade de express\u00e3o. Estudou Comunica\u00e7\u00e3o Social \u2013 Jornalismo na Universidade Pontif\u00edcia Bolivariana de Bucaramanga, na Col\u00f4mbia e completou seu mestrado em jornalismo na Universidade do Texas em Austin. Silvia trabalhou na Relatoria para a Liberdade de Express\u00e3o da CIDH pela bolsa Orlando Sierra, em 2014. Trabalhou para o jornal Vanguardia Liberal e escreveu para outras revistas colombianas cobrindo temas locais, econ\u00f4micas e judici\u00e1rias. Alguns de seus trabalhos apareceram no The Miami Herald e no El Nuevo Herald de Miami.\",\"sameAs\":[\"https:\\\/\\\/x.com\\\/shiguerita\"],\"url\":\"https:\\\/\\\/latamjournalismreview.org\\\/pt-br\\\/articles\\\/author\\\/silvia-higuera\\\/\"}]}<\/script>\n<!-- \/ Yoast SEO Premium plugin. -->","yoast_head_json":{"title":"\u00c0s v\u00e9speras das elei\u00e7\u00f5es presidenciais na Bol\u00edvia, duas iniciativas de verifica\u00e7\u00e3o focam no discurso pol\u00edtico - LatAm Journalism Review by the Knight Center","description":"\u00c0s v\u00e9speras das elei\u00e7\u00f5es presidenciais na Bol\u00edvia, duas iniciativas de verifica\u00e7\u00e3o focam no discurso pol\u00edtico . Latin American Journalism Review by The Knight Center at The University of Texas at Austin.","robots":{"index":"index","follow":"follow","max-snippet":"max-snippet:-1","max-image-preview":"max-image-preview:large","max-video-preview":"max-video-preview:-1"},"canonical":"https:\/\/latamjournalismreview.org\/pt-br\/articles\/as-vesperas-das-eleicoes-presidenciais-na-bolivia-duas-iniciativas-de-verificacao-focam-no-discurso-politico\/","og_locale":"pt_BR","og_type":"article","og_title":"\u00c0s v\u00e9speras das elei\u00e7\u00f5es presidenciais na Bol\u00edvia, duas iniciativas de verifica\u00e7\u00e3o focam no discurso pol\u00edtico","og_description":"\u00c0s v\u00e9speras das elei\u00e7\u00f5es presidenciais na Bol\u00edvia, duas iniciativas de verifica\u00e7\u00e3o focam no discurso pol\u00edtico . Latin American Journalism Review by The Knight Center at The University of Texas at Austin.","og_url":"https:\/\/latamjournalismreview.org\/pt-br\/articles\/as-vesperas-das-eleicoes-presidenciais-na-bolivia-duas-iniciativas-de-verificacao-focam-no-discurso-politico\/","og_site_name":"LatAm Journalism Review by the Knight Center","article_published_time":"2019-08-08T02:07:31+00:00","article_modified_time":"2020-12-03T18:04:12+00:00","og_image":[{"width":1152,"height":648,"url":"https:\/\/latamjournalismreview.org\/wp-content\/uploads\/2020\/05\/The-team-at-Chequea-Bolivia.jpg","type":"image\/jpeg"}],"author":"Silvia Higuera","twitter_card":"summary_large_image","twitter_creator":"@shiguerita","twitter_site":"@LatAmJournalism","twitter_misc":{"Written by":"Silvia Higuera","Est. reading time":"9 minutos"},"schema":{"@context":"https:\/\/schema.org","@graph":[{"@type":"Article","@id":"https:\/\/latamjournalismreview.org\/pt-br\/articles\/as-vesperas-das-eleicoes-presidenciais-na-bolivia-duas-iniciativas-de-verificacao-focam-no-discurso-politico\/#article","isPartOf":{"@id":"https:\/\/latamjournalismreview.org\/pt-br\/articles\/as-vesperas-das-eleicoes-presidenciais-na-bolivia-duas-iniciativas-de-verificacao-focam-no-discurso-politico\/"},"author":{"name":"Silvia Higuera","@id":"https:\/\/latamjournalismreview.org\/pt-br\/#\/schema\/person\/eac7baa6afada0957e047be9fc15703a"},"headline":"\u00c0s v\u00e9speras das elei\u00e7\u00f5es presidenciais na Bol\u00edvia, duas iniciativas de verifica\u00e7\u00e3o focam no discurso pol\u00edtico","datePublished":"2019-08-08T02:07:31+00:00","dateModified":"2020-12-03T18:04:12+00:00","mainEntityOfPage":{"@id":"https:\/\/latamjournalismreview.org\/pt-br\/articles\/as-vesperas-das-eleicoes-presidenciais-na-bolivia-duas-iniciativas-de-verificacao-focam-no-discurso-politico\/"},"wordCount":1883,"publisher":{"@id":"https:\/\/latamjournalismreview.org\/pt-br\/#organization"},"image":{"@id":"https:\/\/latamjournalismreview.org\/pt-br\/articles\/as-vesperas-das-eleicoes-presidenciais-na-bolivia-duas-iniciativas-de-verificacao-focam-no-discurso-politico\/#primaryimage"},"thumbnailUrl":"https:\/\/latamjournalismreview.org\/wp-content\/uploads\/2020\/05\/The-team-at-Chequea-Bolivia.jpg","keywords":["Bol\u00edvia","Fact-checking"],"articleSection":["Not\u00edcias falsas e desinforma\u00e7\u00e3o"],"inLanguage":"pt-BR"},{"@type":"WebPage","@id":"https:\/\/latamjournalismreview.org\/pt-br\/articles\/as-vesperas-das-eleicoes-presidenciais-na-bolivia-duas-iniciativas-de-verificacao-focam-no-discurso-politico\/","url":"https:\/\/latamjournalismreview.org\/pt-br\/articles\/as-vesperas-das-eleicoes-presidenciais-na-bolivia-duas-iniciativas-de-verificacao-focam-no-discurso-politico\/","name":"\u00c0s v\u00e9speras das elei\u00e7\u00f5es presidenciais na Bol\u00edvia, duas iniciativas de verifica\u00e7\u00e3o focam no discurso pol\u00edtico - LatAm Journalism Review by the Knight Center","isPartOf":{"@id":"https:\/\/latamjournalismreview.org\/pt-br\/#website"},"primaryImageOfPage":{"@id":"https:\/\/latamjournalismreview.org\/pt-br\/articles\/as-vesperas-das-eleicoes-presidenciais-na-bolivia-duas-iniciativas-de-verificacao-focam-no-discurso-politico\/#primaryimage"},"image":{"@id":"https:\/\/latamjournalismreview.org\/pt-br\/articles\/as-vesperas-das-eleicoes-presidenciais-na-bolivia-duas-iniciativas-de-verificacao-focam-no-discurso-politico\/#primaryimage"},"thumbnailUrl":"https:\/\/latamjournalismreview.org\/wp-content\/uploads\/2020\/05\/The-team-at-Chequea-Bolivia.jpg","datePublished":"2019-08-08T02:07:31+00:00","dateModified":"2020-12-03T18:04:12+00:00","description":"\u00c0s v\u00e9speras das elei\u00e7\u00f5es presidenciais na Bol\u00edvia, duas iniciativas de verifica\u00e7\u00e3o focam no discurso pol\u00edtico . Latin American Journalism Review by The Knight Center at The University of Texas at Austin.","breadcrumb":{"@id":"https:\/\/latamjournalismreview.org\/pt-br\/articles\/as-vesperas-das-eleicoes-presidenciais-na-bolivia-duas-iniciativas-de-verificacao-focam-no-discurso-politico\/#breadcrumb"},"inLanguage":"pt-BR","potentialAction":[{"@type":"ReadAction","target":["https:\/\/latamjournalismreview.org\/pt-br\/articles\/as-vesperas-das-eleicoes-presidenciais-na-bolivia-duas-iniciativas-de-verificacao-focam-no-discurso-politico\/"]}]},{"@type":"ImageObject","inLanguage":"pt-BR","@id":"https:\/\/latamjournalismreview.org\/pt-br\/articles\/as-vesperas-das-eleicoes-presidenciais-na-bolivia-duas-iniciativas-de-verificacao-focam-no-discurso-politico\/#primaryimage","url":"https:\/\/latamjournalismreview.org\/wp-content\/uploads\/2020\/05\/The-team-at-Chequea-Bolivia.jpg","contentUrl":"https:\/\/latamjournalismreview.org\/wp-content\/uploads\/2020\/05\/The-team-at-Chequea-Bolivia.jpg","width":1152,"height":648,"caption":"Equipe de Chequea Bolivia: Gabriela Weiss, Enid L\u00f3pez, Juan Soruco, Valeria Peredo, Juan Carlos Uribe e Alex Ojeda. (Cortesia)."},{"@type":"BreadcrumbList","@id":"https:\/\/latamjournalismreview.org\/pt-br\/articles\/as-vesperas-das-eleicoes-presidenciais-na-bolivia-duas-iniciativas-de-verificacao-focam-no-discurso-politico\/#breadcrumb","itemListElement":[{"@type":"ListItem","position":1,"name":"Home","item":"https:\/\/latamjournalismreview.org\/pt-br\/"},{"@type":"ListItem","position":2,"name":"\u00c0s v\u00e9speras das elei\u00e7\u00f5es presidenciais na Bol\u00edvia, duas iniciativas de verifica\u00e7\u00e3o focam no discurso pol\u00edtico"}]},{"@type":"WebSite","@id":"https:\/\/latamjournalismreview.org\/pt-br\/#website","url":"https:\/\/latamjournalismreview.org\/pt-br\/","name":"LatAm Journalism Review","description":"Digital magazine on journalism in Latin America","publisher":{"@id":"https:\/\/latamjournalismreview.org\/pt-br\/#organization"},"potentialAction":[{"@type":"SearchAction","target":{"@type":"EntryPoint","urlTemplate":"https:\/\/latamjournalismreview.org\/pt-br\/?s={search_term_string}"},"query-input":{"@type":"PropertyValueSpecification","valueRequired":true,"valueName":"search_term_string"}}],"inLanguage":"pt-BR"},{"@type":"Organization","@id":"https:\/\/latamjournalismreview.org\/pt-br\/#organization","name":"LatAm Journalism Review","url":"https:\/\/latamjournalismreview.org\/pt-br\/","logo":{"@type":"ImageObject","inLanguage":"pt-BR","@id":"https:\/\/latamjournalismreview.org\/pt-br\/#\/schema\/logo\/image\/","url":"https:\/\/latamjournalismreview.org\/wp-content\/uploads\/2020\/05\/knight-latAm-review-logo.svg","contentUrl":"https:\/\/latamjournalismreview.org\/wp-content\/uploads\/2020\/05\/knight-latAm-review-logo.svg","width":"1024","height":"1024","caption":"LatAm Journalism Review"},"image":{"@id":"https:\/\/latamjournalismreview.org\/pt-br\/#\/schema\/logo\/image\/"},"sameAs":["https:\/\/x.com\/LatAmJournalism"]},{"@type":"Person","@id":"https:\/\/latamjournalismreview.org\/pt-br\/#\/schema\/person\/eac7baa6afada0957e047be9fc15703a","name":"Silvia Higuera","description":"Silvia A. Higuera Fl\u00f3rez is a Colombian journalist interested in covering Latin American issues and human rights, especially the right to freedom of expression, and investigative journalism. She studied Social Communication and Journalism at Universidad Pontificia Bolivariana in Bucaramanga (Colombia), and received her Master's of Arts in Journalism from the University of Texas at Austin in 2015. She worked with the Office of the Special Rapporteur for Freedom of Expression of the Inter-American Commission on Human Rights (IACHR) under the Orlando Sierra fellowship during 2014. She also worked for the Colombian newspaper Vanguardia Liberal and wrote for different magazines about local, economic and public order issues. Her work has also appeared in The Miami Herald and El Nuevo Herald of Miami. Email: silvia.knightcenter@gmail.com Silvia A. Higuera Fl\u00f3rez es una periodista colombiana con inter\u00e9s period\u00edstico es Am\u00e9rica Latina y los derechos humanos, particularmente el derecho a la libertad de expresi\u00f3n, as\u00ed como el periodismo de investigaci\u00f3n. Estudi\u00f3 Comunicaci\u00f3n Social \u2013 Periodismo en la Universidad Pontificia Bolivariana de Bucaramanga (Colombia), y recibi\u00f3 su maestr\u00eda en Periodismo en la Universidad de Texas, en Austin en 2015. Trabaj\u00f3 para la Relator\u00eda Especial para la Libertad de Expresi\u00f3n de la Comisi\u00f3n Interamericana de Derechos Humanos (CIDH) en el marco de la beca Orlando Sierra, durante 2014. Tambi\u00e9n hizo parte del diario Vanguardia Liberal y escribi\u00f3 para otras revistas colombianas cubriendo fuentes locales, econ\u00f3micas y judiciales. Algunos de sus trabajos han aparecido en The Miami Herald y El Nuevo Herald de Miami. Silvia A. Higuera Fl\u00f3rez \u00e9 uma jornalista colombiana e seu interesse jornal\u00edstico \u00e9 a Am\u00e9rica Latina e os direitos humanos, nomeadamente o direito \u00e0 liberdade de express\u00e3o. Estudou Comunica\u00e7\u00e3o Social \u2013 Jornalismo na Universidade Pontif\u00edcia Bolivariana de Bucaramanga, na Col\u00f4mbia e completou seu mestrado em jornalismo na Universidade do Texas em Austin. Silvia trabalhou na Relatoria para a Liberdade de Express\u00e3o da CIDH pela bolsa Orlando Sierra, em 2014. Trabalhou para o jornal Vanguardia Liberal e escreveu para outras revistas colombianas cobrindo temas locais, econ\u00f4micas e judici\u00e1rias. Alguns de seus trabalhos apareceram no The Miami Herald e no El Nuevo Herald de Miami.","sameAs":["https:\/\/x.com\/shiguerita"],"url":"https:\/\/latamjournalismreview.org\/pt-br\/articles\/author\/silvia-higuera\/"}]}},"_links":{"self":[{"href":"https:\/\/latamjournalismreview.org\/pt-br\/wp-json\/wp\/v2\/posts\/2442","targetHints":{"allow":["GET"]}}],"collection":[{"href":"https:\/\/latamjournalismreview.org\/pt-br\/wp-json\/wp\/v2\/posts"}],"about":[{"href":"https:\/\/latamjournalismreview.org\/pt-br\/wp-json\/wp\/v2\/types\/post"}],"author":[{"embeddable":true,"href":"https:\/\/latamjournalismreview.org\/pt-br\/wp-json\/wp\/v2\/users\/13"}],"replies":[{"embeddable":true,"href":"https:\/\/latamjournalismreview.org\/pt-br\/wp-json\/wp\/v2\/comments?post=2442"}],"version-history":[{"count":5,"href":"https:\/\/latamjournalismreview.org\/pt-br\/wp-json\/wp\/v2\/posts\/2442\/revisions"}],"predecessor-version":[{"id":14428,"href":"https:\/\/latamjournalismreview.org\/pt-br\/wp-json\/wp\/v2\/posts\/2442\/revisions\/14428"}],"wp:featuredmedia":[{"embeddable":true,"href":"https:\/\/latamjournalismreview.org\/pt-br\/wp-json\/wp\/v2\/media\/2438"}],"wp:attachment":[{"href":"https:\/\/latamjournalismreview.org\/pt-br\/wp-json\/wp\/v2\/media?parent=2442"}],"wp:term":[{"taxonomy":"category","embeddable":true,"href":"https:\/\/latamjournalismreview.org\/pt-br\/wp-json\/wp\/v2\/categories?post=2442"},{"taxonomy":"post_tag","embeddable":true,"href":"https:\/\/latamjournalismreview.org\/pt-br\/wp-json\/wp\/v2\/tags?post=2442"},{"taxonomy":"author","embeddable":true,"href":"https:\/\/latamjournalismreview.org\/pt-br\/wp-json\/wp\/v2\/coauthors?post=2442"}],"curies":[{"name":"wp","href":"https:\/\/api.w.org\/{rel}","templated":true}]}}