{"id":24748,"date":"2011-11-10T13:56:22","date_gmt":"2011-11-10T18:56:22","guid":{"rendered":"https:\/\/latamjournalismreview.org\/?p=24748"},"modified":"2021-07-30T13:58:09","modified_gmt":"2021-07-30T18:58:09","slug":"segurancas-de-politico-agridem-jornalistas-em-dia-de-eleicoes-na-guatemala","status":"publish","type":"post","link":"https:\/\/latamjournalismreview.org\/pt-br\/articles\/segurancas-de-politico-agridem-jornalistas-em-dia-de-eleicoes-na-guatemala\/","title":{"rendered":"Seguran\u00e7as de pol\u00edtico agridem jornalistas em dia de elei\u00e7\u00f5es na Guatemala"},"content":{"rendered":"<p>O rep\u00f3rter\u00a0<a href=\"http:\/\/knightcenter.utexas.edu\/es\/comment\/reply\/4736\" target=\"blank\" rel=\"noopener\">H\u00e9ctor L\u00f3pez Cordero<\/a>\u00a0e o cinegrafista Diego Morales, da TV\u00a0<a href=\"http:\/\/www.guatevision.com\/\" target=\"blank\" rel=\"noopener\">Guatevisi\u00f3n<\/a>, na Guatemala, foram\u00a0<a href=\"http:\/\/www.elperiodico.com.gt\/es\/20111108\/pais\/203395\" target=\"blank\" rel=\"noopener\">agredidos por seguran\u00e7as do deputado<\/a>\u00a0Mario Rivera, segundo o elPeri\u00f3dico.<\/p>\n<p>Os profissionais foram\u00a0<a href=\"http:\/\/cerigua.org\/la1520\/index.php?option=com_content&amp;view=article&amp;id=5683:periodistas-condenan-agresion-contra-corresponsales-de-guatevision-en-quiche-&amp;catid=48:libertad-de-expresion&amp;Itemid=10\" target=\"blank\" rel=\"noopener\">agredidos em frente \u00e0 sede do partido Unidad Nacional de la Esperanza (UNE)<\/a>, na noite do domingo 6 de novembro, ap\u00f3s cobrirem as\u00a0<a href=\"http:\/\/elecciones.noticias.com.gt\/temas\/resultados-segunda-vuelta-guatemala\" target=\"blank\" rel=\"noopener\">elei\u00e7\u00f5es<\/a>\u00a0na cidade de Santa Cruz, no estado de\u00a0<a href=\"http:\/\/es.wikipedia.org\/wiki\/Quich%C3%A9_%28Guatemala%29\" target=\"blank\" rel=\"noopener\">Quich\u00e9<\/a>, na fronteira com o M\u00e9xico, acrescentou a ag\u00eancia Cerigua.<\/p>\n<p>Os\u00a0<a href=\"http:\/\/redguatedigital.blogspot.com\/2011\/11\/agreden-companero-periodista-en-quiche.html\" target=\"blank\" rel=\"noopener\">agressores lan\u00e7aram pedras contra o ve\u00edculo no qual os jornalistas estavam<\/a>&gt;. Ao sair do carro para saber o que estava acontecendo, o rep\u00f3rter foi insultado e agredido pelo seguran\u00e7as, de acordo com a Red GuateDigital.<\/p>\n<p>O rep\u00f3rter disse que os\u00a0<a href=\"http:\/\/www.prensalibre.com\/decision_libre_-_quiche\/Correligionarios-UNE-agreden-periodistas_0_586741493.html\" target=\"blank\" rel=\"noopener\">agressores destru\u00edram uma c\u00e2mara<\/a>, um trip\u00e9 e computadores, informou o Prensa Libre. O profissionais acrescentou que policiais viram tudo, mas n\u00e3o fizeram nada para impedir as agress\u00f5es.<\/p>\n<p>Cordero afirma que um dos envolvidos \u00e9 irm\u00e3o do governador de Quich\u00e9,\u00a0<a href=\"http:\/\/www.gobernacionquiche.gob.gt\/cms\/index.php\/33-mensaje\/mensaje\/54-mensaje-del-senor-gobernador\" target=\"blank\" rel=\"noopener\">Ra\u00fal Antonio Mat\u00edas<\/a>. Al\u00e9m disso, durante a agress\u00e3o, lhe disseram que ele tinha \u201ccontas a pagar\u201d, pela divulga\u00e7\u00e3o de not\u00edcias contra o governador.<\/p>\n<p>H\u00e1 alguns dias, Gustavo Gir\u00f3n,\u00a0<a href=\"http:\/\/cerigua.org\/la1520\/index.php?option=com_content&amp;view=article&amp;id=5545:corresponsal-de-guatevision-recibio-amenazas-telefonicas-&amp;catid=48:libertad-de-expresion&amp;Itemid=10\" target=\"blank\" rel=\"noopener\">correspondente da Guatevisi\u00f3n<\/a>\u00a0no estado de\u00a0<a href=\"http:\/\/es.wikipedia.org\/wiki\/Solol%C3%A1\" target=\"blank\" rel=\"noopener\">Solol\u00e1<\/a>, denunciou ter recebido\u00a0<a href=\"http:\/\/www.ifex.org\/guatemala\/2011\/11\/03\/giron_amenaza\/es\/\" target=\"blank\" rel=\"noopener\">um telefonema amea\u00e7ador<\/a>, minutos depois de a emissora transmitir uma not\u00edcia sobre a captura de dois l\u00edderes de um comit\u00ea de seguran\u00e7a local do munic\u00edpio de\u00a0<a href=\"http:\/\/es.wikipedia.org\/wiki\/Panajachel\" target=\"blank\" rel=\"noopener\">Panajachel<\/a>, informaram a Cerigua e a IFEX.<\/p>\n<p>Na mesma regi\u00e3o, uma\u00a0<a href=\"http:\/\/knightcenter.utexas.edu\/pt-br\/blog\/colunista-da-guatemala-e-ameacada-apos-denunciar-abusos-de-comites-de-seguranca\" target=\"blank\" rel=\"noopener\">jornalista foi amea\u00e7ada<\/a>\u00a0ap\u00f3s a publica\u00e7\u00e3o de den\u00fancias sobre abusos do mesmo comit\u00ea de seguran\u00e7a, conhecido como \u201cos encapuzados\u201d.<\/p>\n","protected":false},"excerpt":{"rendered":"<p>O rep\u00f3rter\u00a0H\u00e9ctor L\u00f3pez Cordero\u00a0e o cinegrafista Diego Morales, da TV\u00a0Guatevisi\u00f3n, na Guatemala, foram\u00a0agredidos por seguran\u00e7as do deputado\u00a0Mario Rivera, segundo o elPeri\u00f3dico.<\/p>\n","protected":false},"author":40,"featured_media":0,"comment_status":"closed","ping_status":"closed","sticky":false,"template":"","format":"standard","meta":{"inline_featured_image":false,"footnotes":""},"categories":[1221],"tags":[1534,1458,2051,1615],"coauthors":[],"class_list":["post-24748","post","type-post","status-publish","format-standard","hentry","category-violencia-contra-jornalistas-pt-br","tag-ataques-contra-jornalistas-pt-br","tag-guatemala-pt-br","tag-liberdade-de-expressao-pt-br","tag-violencia-contra-jornalistas-pt-br"],"acf":[],"yoast_head":"<!-- This site is optimized with the Yoast SEO Premium plugin v22.6 (Yoast SEO v27.4) - https:\/\/yoast.com\/product\/yoast-seo-premium-wordpress\/ -->\n<title>Seguran\u00e7as de pol\u00edtico agridem jornalistas em dia de elei\u00e7\u00f5es na Guatemala - LatAm Journalism Review by the Knight Center<\/title>\n<meta name=\"description\" content=\"Seguran\u00e7as de pol\u00edtico agridem jornalistas em dia de elei\u00e7\u00f5es na Guatemala Viol\u00eancia contra jornalistas. Latin American Journalism Review by The Knight Center at The University of Texas at Austin.\" \/>\n<meta name=\"robots\" content=\"index, follow, max-snippet:-1, max-image-preview:large, max-video-preview:-1\" \/>\n<link rel=\"canonical\" href=\"https:\/\/latamjournalismreview.org\/pt-br\/articles\/segurancas-de-politico-agridem-jornalistas-em-dia-de-eleicoes-na-guatemala\/\" \/>\n<meta property=\"og:locale\" content=\"pt_BR\" \/>\n<meta property=\"og:type\" content=\"article\" \/>\n<meta property=\"og:title\" content=\"Seguran\u00e7as de pol\u00edtico agridem jornalistas em dia de elei\u00e7\u00f5es na Guatemala\" \/>\n<meta property=\"og:description\" content=\"Seguran\u00e7as de pol\u00edtico agridem jornalistas em dia de elei\u00e7\u00f5es na Guatemala Viol\u00eancia contra jornalistas. Latin American Journalism Review by The Knight Center at The University of Texas at Austin.\" \/>\n<meta property=\"og:url\" content=\"https:\/\/latamjournalismreview.org\/pt-br\/articles\/segurancas-de-politico-agridem-jornalistas-em-dia-de-eleicoes-na-guatemala\/\" \/>\n<meta property=\"og:site_name\" content=\"LatAm Journalism Review by the Knight Center\" \/>\n<meta property=\"article:published_time\" content=\"2011-11-10T18:56:22+00:00\" \/>\n<meta property=\"article:modified_time\" content=\"2021-07-30T18:58:09+00:00\" \/>\n<meta name=\"author\" content=\"Tania Lara\" \/>\n<meta name=\"twitter:card\" content=\"summary_large_image\" \/>\n<meta name=\"twitter:creator\" content=\"@LatAmJournalism\" \/>\n<meta name=\"twitter:site\" content=\"@LatAmJournalism\" \/>\n<meta name=\"twitter:label1\" content=\"Written by\" \/>\n\t<meta name=\"twitter:data1\" content=\"Tania Lara\" \/>\n\t<meta name=\"twitter:label2\" content=\"Est. reading time\" \/>\n\t<meta name=\"twitter:data2\" content=\"1 minuto\" \/>\n<script type=\"application\/ld+json\" class=\"yoast-schema-graph\">{\"@context\":\"https:\\\/\\\/schema.org\",\"@graph\":[{\"@type\":\"Article\",\"@id\":\"https:\\\/\\\/latamjournalismreview.org\\\/pt-br\\\/articles\\\/segurancas-de-politico-agridem-jornalistas-em-dia-de-eleicoes-na-guatemala\\\/#article\",\"isPartOf\":{\"@id\":\"https:\\\/\\\/latamjournalismreview.org\\\/pt-br\\\/articles\\\/segurancas-de-politico-agridem-jornalistas-em-dia-de-eleicoes-na-guatemala\\\/\"},\"author\":{\"name\":\"Tania Lara\",\"@id\":\"https:\\\/\\\/latamjournalismreview.org\\\/pt-br\\\/#\\\/schema\\\/person\\\/51558925140f21242c6ed2d20b8260c5\"},\"headline\":\"Seguran\u00e7as de pol\u00edtico agridem jornalistas em dia de elei\u00e7\u00f5es na Guatemala\",\"datePublished\":\"2011-11-10T18:56:22+00:00\",\"dateModified\":\"2021-07-30T18:58:09+00:00\",\"mainEntityOfPage\":{\"@id\":\"https:\\\/\\\/latamjournalismreview.org\\\/pt-br\\\/articles\\\/segurancas-de-politico-agridem-jornalistas-em-dia-de-eleicoes-na-guatemala\\\/\"},\"wordCount\":296,\"publisher\":{\"@id\":\"https:\\\/\\\/latamjournalismreview.org\\\/pt-br\\\/#organization\"},\"keywords\":[\"Ataques contra jornalistas\",\"Guatemala\",\"Liberdade de express\u00e3o\",\"Viol\u00eancia contra jornalistas\"],\"articleSection\":[\"Viol\u00eancia contra jornalistas\"],\"inLanguage\":\"pt-BR\"},{\"@type\":\"WebPage\",\"@id\":\"https:\\\/\\\/latamjournalismreview.org\\\/pt-br\\\/articles\\\/segurancas-de-politico-agridem-jornalistas-em-dia-de-eleicoes-na-guatemala\\\/\",\"url\":\"https:\\\/\\\/latamjournalismreview.org\\\/pt-br\\\/articles\\\/segurancas-de-politico-agridem-jornalistas-em-dia-de-eleicoes-na-guatemala\\\/\",\"name\":\"Seguran\u00e7as de pol\u00edtico agridem jornalistas em dia de elei\u00e7\u00f5es na Guatemala - LatAm Journalism Review by the Knight Center\",\"isPartOf\":{\"@id\":\"https:\\\/\\\/latamjournalismreview.org\\\/pt-br\\\/#website\"},\"datePublished\":\"2011-11-10T18:56:22+00:00\",\"dateModified\":\"2021-07-30T18:58:09+00:00\",\"description\":\"Seguran\u00e7as de pol\u00edtico agridem jornalistas em dia de elei\u00e7\u00f5es na Guatemala Viol\u00eancia contra jornalistas. Latin American Journalism Review by The Knight Center at The University of Texas at Austin.\",\"breadcrumb\":{\"@id\":\"https:\\\/\\\/latamjournalismreview.org\\\/pt-br\\\/articles\\\/segurancas-de-politico-agridem-jornalistas-em-dia-de-eleicoes-na-guatemala\\\/#breadcrumb\"},\"inLanguage\":\"pt-BR\",\"potentialAction\":[{\"@type\":\"ReadAction\",\"target\":[\"https:\\\/\\\/latamjournalismreview.org\\\/pt-br\\\/articles\\\/segurancas-de-politico-agridem-jornalistas-em-dia-de-eleicoes-na-guatemala\\\/\"]}]},{\"@type\":\"BreadcrumbList\",\"@id\":\"https:\\\/\\\/latamjournalismreview.org\\\/pt-br\\\/articles\\\/segurancas-de-politico-agridem-jornalistas-em-dia-de-eleicoes-na-guatemala\\\/#breadcrumb\",\"itemListElement\":[{\"@type\":\"ListItem\",\"position\":1,\"name\":\"Home\",\"item\":\"https:\\\/\\\/latamjournalismreview.org\\\/pt-br\\\/\"},{\"@type\":\"ListItem\",\"position\":2,\"name\":\"Seguran\u00e7as de pol\u00edtico agridem jornalistas em dia de elei\u00e7\u00f5es na Guatemala\"}]},{\"@type\":\"WebSite\",\"@id\":\"https:\\\/\\\/latamjournalismreview.org\\\/pt-br\\\/#website\",\"url\":\"https:\\\/\\\/latamjournalismreview.org\\\/pt-br\\\/\",\"name\":\"LatAm Journalism Review\",\"description\":\"Digital magazine on journalism in Latin America\",\"publisher\":{\"@id\":\"https:\\\/\\\/latamjournalismreview.org\\\/pt-br\\\/#organization\"},\"potentialAction\":[{\"@type\":\"SearchAction\",\"target\":{\"@type\":\"EntryPoint\",\"urlTemplate\":\"https:\\\/\\\/latamjournalismreview.org\\\/pt-br\\\/?s={search_term_string}\"},\"query-input\":{\"@type\":\"PropertyValueSpecification\",\"valueRequired\":true,\"valueName\":\"search_term_string\"}}],\"inLanguage\":\"pt-BR\"},{\"@type\":\"Organization\",\"@id\":\"https:\\\/\\\/latamjournalismreview.org\\\/pt-br\\\/#organization\",\"name\":\"LatAm Journalism Review\",\"url\":\"https:\\\/\\\/latamjournalismreview.org\\\/pt-br\\\/\",\"logo\":{\"@type\":\"ImageObject\",\"inLanguage\":\"pt-BR\",\"@id\":\"https:\\\/\\\/latamjournalismreview.org\\\/pt-br\\\/#\\\/schema\\\/logo\\\/image\\\/\",\"url\":\"https:\\\/\\\/latamjournalismreview.org\\\/wp-content\\\/uploads\\\/2020\\\/05\\\/knight-latAm-review-logo.svg\",\"contentUrl\":\"https:\\\/\\\/latamjournalismreview.org\\\/wp-content\\\/uploads\\\/2020\\\/05\\\/knight-latAm-review-logo.svg\",\"width\":\"1024\",\"height\":\"1024\",\"caption\":\"LatAm Journalism Review\"},\"image\":{\"@id\":\"https:\\\/\\\/latamjournalismreview.org\\\/pt-br\\\/#\\\/schema\\\/logo\\\/image\\\/\"},\"sameAs\":[\"https:\\\/\\\/x.com\\\/LatAmJournalism\"]},{\"@type\":\"Person\",\"@id\":\"https:\\\/\\\/latamjournalismreview.org\\\/pt-br\\\/#\\\/schema\\\/person\\\/51558925140f21242c6ed2d20b8260c5\",\"name\":\"Tania Lara\",\"url\":\"https:\\\/\\\/latamjournalismreview.org\\\/pt-br\\\/articles\\\/author\\\/tania-lara\\\/\"}]}<\/script>\n<!-- \/ Yoast SEO Premium plugin. -->","yoast_head_json":{"title":"Seguran\u00e7as de pol\u00edtico agridem jornalistas em dia de elei\u00e7\u00f5es na Guatemala - LatAm Journalism Review by the Knight Center","description":"Seguran\u00e7as de pol\u00edtico agridem jornalistas em dia de elei\u00e7\u00f5es na Guatemala Viol\u00eancia contra jornalistas. Latin American Journalism Review by The Knight Center at The University of Texas at Austin.","robots":{"index":"index","follow":"follow","max-snippet":"max-snippet:-1","max-image-preview":"max-image-preview:large","max-video-preview":"max-video-preview:-1"},"canonical":"https:\/\/latamjournalismreview.org\/pt-br\/articles\/segurancas-de-politico-agridem-jornalistas-em-dia-de-eleicoes-na-guatemala\/","og_locale":"pt_BR","og_type":"article","og_title":"Seguran\u00e7as de pol\u00edtico agridem jornalistas em dia de elei\u00e7\u00f5es na Guatemala","og_description":"Seguran\u00e7as de pol\u00edtico agridem jornalistas em dia de elei\u00e7\u00f5es na Guatemala Viol\u00eancia contra jornalistas. Latin American Journalism Review by The Knight Center at The University of Texas at Austin.","og_url":"https:\/\/latamjournalismreview.org\/pt-br\/articles\/segurancas-de-politico-agridem-jornalistas-em-dia-de-eleicoes-na-guatemala\/","og_site_name":"LatAm Journalism Review by the Knight Center","article_published_time":"2011-11-10T18:56:22+00:00","article_modified_time":"2021-07-30T18:58:09+00:00","author":"Tania Lara","twitter_card":"summary_large_image","twitter_creator":"@LatAmJournalism","twitter_site":"@LatAmJournalism","twitter_misc":{"Written by":"Tania Lara","Est. reading time":"1 minuto"},"schema":{"@context":"https:\/\/schema.org","@graph":[{"@type":"Article","@id":"https:\/\/latamjournalismreview.org\/pt-br\/articles\/segurancas-de-politico-agridem-jornalistas-em-dia-de-eleicoes-na-guatemala\/#article","isPartOf":{"@id":"https:\/\/latamjournalismreview.org\/pt-br\/articles\/segurancas-de-politico-agridem-jornalistas-em-dia-de-eleicoes-na-guatemala\/"},"author":{"name":"Tania Lara","@id":"https:\/\/latamjournalismreview.org\/pt-br\/#\/schema\/person\/51558925140f21242c6ed2d20b8260c5"},"headline":"Seguran\u00e7as de pol\u00edtico agridem jornalistas em dia de elei\u00e7\u00f5es na Guatemala","datePublished":"2011-11-10T18:56:22+00:00","dateModified":"2021-07-30T18:58:09+00:00","mainEntityOfPage":{"@id":"https:\/\/latamjournalismreview.org\/pt-br\/articles\/segurancas-de-politico-agridem-jornalistas-em-dia-de-eleicoes-na-guatemala\/"},"wordCount":296,"publisher":{"@id":"https:\/\/latamjournalismreview.org\/pt-br\/#organization"},"keywords":["Ataques contra jornalistas","Guatemala","Liberdade de express\u00e3o","Viol\u00eancia contra jornalistas"],"articleSection":["Viol\u00eancia contra jornalistas"],"inLanguage":"pt-BR"},{"@type":"WebPage","@id":"https:\/\/latamjournalismreview.org\/pt-br\/articles\/segurancas-de-politico-agridem-jornalistas-em-dia-de-eleicoes-na-guatemala\/","url":"https:\/\/latamjournalismreview.org\/pt-br\/articles\/segurancas-de-politico-agridem-jornalistas-em-dia-de-eleicoes-na-guatemala\/","name":"Seguran\u00e7as de pol\u00edtico agridem jornalistas em dia de elei\u00e7\u00f5es na Guatemala - LatAm Journalism Review by the Knight Center","isPartOf":{"@id":"https:\/\/latamjournalismreview.org\/pt-br\/#website"},"datePublished":"2011-11-10T18:56:22+00:00","dateModified":"2021-07-30T18:58:09+00:00","description":"Seguran\u00e7as de pol\u00edtico agridem jornalistas em dia de elei\u00e7\u00f5es na Guatemala Viol\u00eancia contra jornalistas. Latin American Journalism Review by The Knight Center at The University of Texas at Austin.","breadcrumb":{"@id":"https:\/\/latamjournalismreview.org\/pt-br\/articles\/segurancas-de-politico-agridem-jornalistas-em-dia-de-eleicoes-na-guatemala\/#breadcrumb"},"inLanguage":"pt-BR","potentialAction":[{"@type":"ReadAction","target":["https:\/\/latamjournalismreview.org\/pt-br\/articles\/segurancas-de-politico-agridem-jornalistas-em-dia-de-eleicoes-na-guatemala\/"]}]},{"@type":"BreadcrumbList","@id":"https:\/\/latamjournalismreview.org\/pt-br\/articles\/segurancas-de-politico-agridem-jornalistas-em-dia-de-eleicoes-na-guatemala\/#breadcrumb","itemListElement":[{"@type":"ListItem","position":1,"name":"Home","item":"https:\/\/latamjournalismreview.org\/pt-br\/"},{"@type":"ListItem","position":2,"name":"Seguran\u00e7as de pol\u00edtico agridem jornalistas em dia de elei\u00e7\u00f5es na Guatemala"}]},{"@type":"WebSite","@id":"https:\/\/latamjournalismreview.org\/pt-br\/#website","url":"https:\/\/latamjournalismreview.org\/pt-br\/","name":"LatAm Journalism Review","description":"Digital magazine on journalism in Latin America","publisher":{"@id":"https:\/\/latamjournalismreview.org\/pt-br\/#organization"},"potentialAction":[{"@type":"SearchAction","target":{"@type":"EntryPoint","urlTemplate":"https:\/\/latamjournalismreview.org\/pt-br\/?s={search_term_string}"},"query-input":{"@type":"PropertyValueSpecification","valueRequired":true,"valueName":"search_term_string"}}],"inLanguage":"pt-BR"},{"@type":"Organization","@id":"https:\/\/latamjournalismreview.org\/pt-br\/#organization","name":"LatAm Journalism Review","url":"https:\/\/latamjournalismreview.org\/pt-br\/","logo":{"@type":"ImageObject","inLanguage":"pt-BR","@id":"https:\/\/latamjournalismreview.org\/pt-br\/#\/schema\/logo\/image\/","url":"https:\/\/latamjournalismreview.org\/wp-content\/uploads\/2020\/05\/knight-latAm-review-logo.svg","contentUrl":"https:\/\/latamjournalismreview.org\/wp-content\/uploads\/2020\/05\/knight-latAm-review-logo.svg","width":"1024","height":"1024","caption":"LatAm Journalism Review"},"image":{"@id":"https:\/\/latamjournalismreview.org\/pt-br\/#\/schema\/logo\/image\/"},"sameAs":["https:\/\/x.com\/LatAmJournalism"]},{"@type":"Person","@id":"https:\/\/latamjournalismreview.org\/pt-br\/#\/schema\/person\/51558925140f21242c6ed2d20b8260c5","name":"Tania Lara","url":"https:\/\/latamjournalismreview.org\/pt-br\/articles\/author\/tania-lara\/"}]}},"_links":{"self":[{"href":"https:\/\/latamjournalismreview.org\/pt-br\/wp-json\/wp\/v2\/posts\/24748","targetHints":{"allow":["GET"]}}],"collection":[{"href":"https:\/\/latamjournalismreview.org\/pt-br\/wp-json\/wp\/v2\/posts"}],"about":[{"href":"https:\/\/latamjournalismreview.org\/pt-br\/wp-json\/wp\/v2\/types\/post"}],"author":[{"embeddable":true,"href":"https:\/\/latamjournalismreview.org\/pt-br\/wp-json\/wp\/v2\/users\/40"}],"replies":[{"embeddable":true,"href":"https:\/\/latamjournalismreview.org\/pt-br\/wp-json\/wp\/v2\/comments?post=24748"}],"version-history":[{"count":2,"href":"https:\/\/latamjournalismreview.org\/pt-br\/wp-json\/wp\/v2\/posts\/24748\/revisions"}],"predecessor-version":[{"id":24752,"href":"https:\/\/latamjournalismreview.org\/pt-br\/wp-json\/wp\/v2\/posts\/24748\/revisions\/24752"}],"wp:attachment":[{"href":"https:\/\/latamjournalismreview.org\/pt-br\/wp-json\/wp\/v2\/media?parent=24748"}],"wp:term":[{"taxonomy":"category","embeddable":true,"href":"https:\/\/latamjournalismreview.org\/pt-br\/wp-json\/wp\/v2\/categories?post=24748"},{"taxonomy":"post_tag","embeddable":true,"href":"https:\/\/latamjournalismreview.org\/pt-br\/wp-json\/wp\/v2\/tags?post=24748"},{"taxonomy":"author","embeddable":true,"href":"https:\/\/latamjournalismreview.org\/pt-br\/wp-json\/wp\/v2\/coauthors?post=24748"}],"curies":[{"name":"wp","href":"https:\/\/api.w.org\/{rel}","templated":true}]}}