{"id":24927,"date":"2011-09-20T11:26:43","date_gmt":"2011-09-20T16:26:43","guid":{"rendered":"https:\/\/latamjournalismreview.org\/?p=24927"},"modified":"2021-07-30T16:02:28","modified_gmt":"2021-07-30T21:02:28","slug":"policia-prende-acusados-de-matar-jornalista-peruano","status":"publish","type":"post","link":"https:\/\/latamjournalismreview.org\/pt-br\/articles\/policia-prende-acusados-de-matar-jornalista-peruano\/","title":{"rendered":"Pol\u00edcia prende acusados de matar jornalista peruano"},"content":{"rendered":"<p>A pol\u00edcia da cidade de <a href=\"http:\/\/es.wikipedia.org\/wiki\/Chimbote\" target=\"blank\" rel=\"noopener\">Chimbote<\/a>, no Peru, <a href=\"http:\/\/knightcenter.utexas.edu\/pt-br\/blog\/assassinato-de-mais-um-jornalista-no-peru-eleva-para-seis-o-numero-de-profissionais-mortos-na-a\" target=\"blank\" rel=\"noopener\">pa\u00eds onde tr\u00eas jornalistas j\u00e1 foram assassinados em 2011<\/a>, prendeu <a href=\"http:\/\/www.cronicaviva.com.pe\/index.php\/prensa\/27-prensa\/28167-identifican-al-asesino-del-periodista-pedro-flores-silva-\" target=\"blank\" rel=\"noopener\">tr\u00eas homens acusados de participa\u00e7\u00e3o na morte<\/a> do jornalista <a href=\"http:\/\/knightcenter.utexas.edu\/pt-br\/blog\/segundo-jornalista-e-assassinado-no-peru-em-2011\" target=\"blank\" rel=\"noopener\">Pedro Alonso Flores Silva<\/a>, em 7 de setembro, informou o jornal Cr\u00f3nica Viva.<\/p>\n<p>Os <a href=\"http:\/\/www.ipys.org\/index.php?q=noticia\/857\" target=\"blank\" rel=\"noopener\">acusados<\/a> s\u00e3o Emilio Jos\u00e9 Ciriaco \u00c1greda, de 21 anos, conhecido como \u201cMacuto\u201d, Rub\u00e9n Dar\u00edo Castillo Antaihua, o \u201cEl Viejo\u201d, de 38 anos, e um terceiro homem, cujo sobrenome \u00e9 \u201cAlex\u201d, acrescentou o Instituto Prensa y Sociedad. Na casa de \"El Viejo\", a pol\u00edcia tamb\u00e9m encontrou uma arma, muni\u00e7\u00e3o, um gorro e duas motocicletas supostamente utilizados no crime, segundo o Cr\u00f3nica Viva.<\/p>\n<p>No entanto, o mandante do assassinato ainda n\u00e3o foi identificado. A pol\u00edcia <a href=\"http:\/\/www.prensaancashina.com\/titulares\/81-iquien-esta-detras-del-crimen-de-pedro-flores-silva.html\" target=\"blank\" rel=\"noopener\">investiga o prefeito<\/a> do munic\u00edpio de <a href=\"http:\/\/municomandantenoel.com\/\" target=\"blank\" rel=\"noopener\">Comandante Noel<\/a>, Marco Rivero, pois a irm\u00e3 do jornalista disse que ele responsabilizou o pol\u00edtico antes de morrer, segundo o Prensa Ancashina. Al\u00e9m disso, <a href=\"http:\/\/www.larepublica.pe\/impresa\/caen-sospechosos-de-matar-periodista-2011-09-19\" target=\"blank\" rel=\"noopener\">o prefeito teve conflitos com o jornalistas<\/a>, acrescentou o La Rep\u00fablica.<\/p>\n<p>\u201cEsses not\u00e1veis progressos na investiga\u00e7\u00e3o da morte de Pedro Alonso Flores Silva nos encorajam a esperar que <a href=\"http:\/\/es.rsf.org\/peru-urge-que-los-poderes-publicos-09-09-2011,40954.html\" target=\"blank\" rel=\"noopener\">o motivo do assassinato seja esclarecido<\/a> rapidamente e os respons\u00e1veis, identificados\u201d, afirmou a organiza\u00e7\u00e3o Rep\u00f3rteres Sem Fronteiras.<\/p>\n","protected":false},"excerpt":{"rendered":"<p>A pol\u00edcia da cidade de Chimbote, no Peru, pa\u00eds onde tr\u00eas jornalistas j\u00e1 foram assassinados em 2011, prendeu tr\u00eas homens acusados de participa\u00e7\u00e3o na morte do jornalista Pedro Alonso Flores Silva, em 7 de setembro, informou o jornal Cr\u00f3nica Viva.<\/p>\n","protected":false},"author":40,"featured_media":0,"comment_status":"closed","ping_status":"closed","sticky":false,"template":"","format":"standard","meta":{"inline_featured_image":false,"footnotes":""},"categories":[1221],"tags":[1552,2051,1597,1615],"coauthors":[],"class_list":["post-24927","post","type-post","status-publish","format-standard","hentry","category-violencia-contra-jornalistas-pt-br","tag-assassinatos-de-jornalistas-pt-br","tag-liberdade-de-expressao-pt-br","tag-peru-pt-br","tag-violencia-contra-jornalistas-pt-br"],"acf":[],"yoast_head":"<!-- This site is optimized with the Yoast SEO Premium plugin v22.6 (Yoast SEO v27.4) - https:\/\/yoast.com\/product\/yoast-seo-premium-wordpress\/ -->\n<title>Pol\u00edcia prende acusados de matar jornalista peruano - LatAm Journalism Review by the Knight Center<\/title>\n<meta name=\"description\" content=\"Pol\u00edcia prende acusados de matar jornalista peruano Viol\u00eancia Contra Jornalistas. Latin American Journalism Review by The Knight Center at The University of Texas at Austin.\" \/>\n<meta name=\"robots\" content=\"index, follow, max-snippet:-1, max-image-preview:large, max-video-preview:-1\" \/>\n<link rel=\"canonical\" href=\"https:\/\/latamjournalismreview.org\/pt-br\/articles\/policia-prende-acusados-de-matar-jornalista-peruano\/\" \/>\n<meta property=\"og:locale\" content=\"pt_BR\" \/>\n<meta property=\"og:type\" content=\"article\" \/>\n<meta property=\"og:title\" content=\"Pol\u00edcia prende acusados de matar jornalista peruano\" \/>\n<meta property=\"og:description\" content=\"Pol\u00edcia prende acusados de matar jornalista peruano Viol\u00eancia Contra Jornalistas. Latin American Journalism Review by The Knight Center at The University of Texas at Austin.\" \/>\n<meta property=\"og:url\" content=\"https:\/\/latamjournalismreview.org\/pt-br\/articles\/policia-prende-acusados-de-matar-jornalista-peruano\/\" \/>\n<meta property=\"og:site_name\" content=\"LatAm Journalism Review by the Knight Center\" \/>\n<meta property=\"article:published_time\" content=\"2011-09-20T16:26:43+00:00\" \/>\n<meta property=\"article:modified_time\" content=\"2021-07-30T21:02:28+00:00\" \/>\n<meta name=\"author\" content=\"Tania Lara\" \/>\n<meta name=\"twitter:card\" content=\"summary_large_image\" \/>\n<meta name=\"twitter:creator\" content=\"@LatAmJournalism\" \/>\n<meta name=\"twitter:site\" content=\"@LatAmJournalism\" \/>\n<meta name=\"twitter:label1\" content=\"Written by\" \/>\n\t<meta name=\"twitter:data1\" content=\"Tania Lara\" \/>\n\t<meta name=\"twitter:label2\" content=\"Est. reading time\" \/>\n\t<meta name=\"twitter:data2\" content=\"1 minuto\" \/>\n<script type=\"application\/ld+json\" class=\"yoast-schema-graph\">{\"@context\":\"https:\\\/\\\/schema.org\",\"@graph\":[{\"@type\":\"Article\",\"@id\":\"https:\\\/\\\/latamjournalismreview.org\\\/pt-br\\\/articles\\\/policia-prende-acusados-de-matar-jornalista-peruano\\\/#article\",\"isPartOf\":{\"@id\":\"https:\\\/\\\/latamjournalismreview.org\\\/pt-br\\\/articles\\\/policia-prende-acusados-de-matar-jornalista-peruano\\\/\"},\"author\":{\"name\":\"Tania Lara\",\"@id\":\"https:\\\/\\\/latamjournalismreview.org\\\/pt-br\\\/#\\\/schema\\\/person\\\/51558925140f21242c6ed2d20b8260c5\"},\"headline\":\"Pol\u00edcia prende acusados de matar jornalista peruano\",\"datePublished\":\"2011-09-20T16:26:43+00:00\",\"dateModified\":\"2021-07-30T21:02:28+00:00\",\"mainEntityOfPage\":{\"@id\":\"https:\\\/\\\/latamjournalismreview.org\\\/pt-br\\\/articles\\\/policia-prende-acusados-de-matar-jornalista-peruano\\\/\"},\"wordCount\":216,\"publisher\":{\"@id\":\"https:\\\/\\\/latamjournalismreview.org\\\/pt-br\\\/#organization\"},\"keywords\":[\"Assassinatos de Jornalistas\",\"Liberdade de Express\u00e3o\",\"Peru\",\"Viol\u00eancia contra Jornalistas\"],\"articleSection\":[\"Viol\u00eancia Contra Jornalistas\"],\"inLanguage\":\"pt-BR\"},{\"@type\":\"WebPage\",\"@id\":\"https:\\\/\\\/latamjournalismreview.org\\\/pt-br\\\/articles\\\/policia-prende-acusados-de-matar-jornalista-peruano\\\/\",\"url\":\"https:\\\/\\\/latamjournalismreview.org\\\/pt-br\\\/articles\\\/policia-prende-acusados-de-matar-jornalista-peruano\\\/\",\"name\":\"Pol\u00edcia prende acusados de matar jornalista peruano - LatAm Journalism Review by the Knight Center\",\"isPartOf\":{\"@id\":\"https:\\\/\\\/latamjournalismreview.org\\\/pt-br\\\/#website\"},\"datePublished\":\"2011-09-20T16:26:43+00:00\",\"dateModified\":\"2021-07-30T21:02:28+00:00\",\"description\":\"Pol\u00edcia prende acusados de matar jornalista peruano Viol\u00eancia Contra Jornalistas. Latin American Journalism Review by The Knight Center at The University of Texas at Austin.\",\"breadcrumb\":{\"@id\":\"https:\\\/\\\/latamjournalismreview.org\\\/pt-br\\\/articles\\\/policia-prende-acusados-de-matar-jornalista-peruano\\\/#breadcrumb\"},\"inLanguage\":\"pt-BR\",\"potentialAction\":[{\"@type\":\"ReadAction\",\"target\":[\"https:\\\/\\\/latamjournalismreview.org\\\/pt-br\\\/articles\\\/policia-prende-acusados-de-matar-jornalista-peruano\\\/\"]}]},{\"@type\":\"BreadcrumbList\",\"@id\":\"https:\\\/\\\/latamjournalismreview.org\\\/pt-br\\\/articles\\\/policia-prende-acusados-de-matar-jornalista-peruano\\\/#breadcrumb\",\"itemListElement\":[{\"@type\":\"ListItem\",\"position\":1,\"name\":\"Home\",\"item\":\"https:\\\/\\\/latamjournalismreview.org\\\/pt-br\\\/\"},{\"@type\":\"ListItem\",\"position\":2,\"name\":\"Pol\u00edcia prende acusados de matar jornalista peruano\"}]},{\"@type\":\"WebSite\",\"@id\":\"https:\\\/\\\/latamjournalismreview.org\\\/pt-br\\\/#website\",\"url\":\"https:\\\/\\\/latamjournalismreview.org\\\/pt-br\\\/\",\"name\":\"LatAm Journalism Review\",\"description\":\"Digital magazine on journalism in Latin America\",\"publisher\":{\"@id\":\"https:\\\/\\\/latamjournalismreview.org\\\/pt-br\\\/#organization\"},\"potentialAction\":[{\"@type\":\"SearchAction\",\"target\":{\"@type\":\"EntryPoint\",\"urlTemplate\":\"https:\\\/\\\/latamjournalismreview.org\\\/pt-br\\\/?s={search_term_string}\"},\"query-input\":{\"@type\":\"PropertyValueSpecification\",\"valueRequired\":true,\"valueName\":\"search_term_string\"}}],\"inLanguage\":\"pt-BR\"},{\"@type\":\"Organization\",\"@id\":\"https:\\\/\\\/latamjournalismreview.org\\\/pt-br\\\/#organization\",\"name\":\"LatAm Journalism Review\",\"url\":\"https:\\\/\\\/latamjournalismreview.org\\\/pt-br\\\/\",\"logo\":{\"@type\":\"ImageObject\",\"inLanguage\":\"pt-BR\",\"@id\":\"https:\\\/\\\/latamjournalismreview.org\\\/pt-br\\\/#\\\/schema\\\/logo\\\/image\\\/\",\"url\":\"https:\\\/\\\/latamjournalismreview.org\\\/wp-content\\\/uploads\\\/2020\\\/05\\\/knight-latAm-review-logo.svg\",\"contentUrl\":\"https:\\\/\\\/latamjournalismreview.org\\\/wp-content\\\/uploads\\\/2020\\\/05\\\/knight-latAm-review-logo.svg\",\"width\":\"1024\",\"height\":\"1024\",\"caption\":\"LatAm Journalism Review\"},\"image\":{\"@id\":\"https:\\\/\\\/latamjournalismreview.org\\\/pt-br\\\/#\\\/schema\\\/logo\\\/image\\\/\"},\"sameAs\":[\"https:\\\/\\\/x.com\\\/LatAmJournalism\"]},{\"@type\":\"Person\",\"@id\":\"https:\\\/\\\/latamjournalismreview.org\\\/pt-br\\\/#\\\/schema\\\/person\\\/51558925140f21242c6ed2d20b8260c5\",\"name\":\"Tania Lara\",\"url\":\"https:\\\/\\\/latamjournalismreview.org\\\/pt-br\\\/articles\\\/author\\\/tania-lara\\\/\"}]}<\/script>\n<!-- \/ Yoast SEO Premium plugin. -->","yoast_head_json":{"title":"Pol\u00edcia prende acusados de matar jornalista peruano - LatAm Journalism Review by the Knight Center","description":"Pol\u00edcia prende acusados de matar jornalista peruano Viol\u00eancia Contra Jornalistas. Latin American Journalism Review by The Knight Center at The University of Texas at Austin.","robots":{"index":"index","follow":"follow","max-snippet":"max-snippet:-1","max-image-preview":"max-image-preview:large","max-video-preview":"max-video-preview:-1"},"canonical":"https:\/\/latamjournalismreview.org\/pt-br\/articles\/policia-prende-acusados-de-matar-jornalista-peruano\/","og_locale":"pt_BR","og_type":"article","og_title":"Pol\u00edcia prende acusados de matar jornalista peruano","og_description":"Pol\u00edcia prende acusados de matar jornalista peruano Viol\u00eancia Contra Jornalistas. Latin American Journalism Review by The Knight Center at The University of Texas at Austin.","og_url":"https:\/\/latamjournalismreview.org\/pt-br\/articles\/policia-prende-acusados-de-matar-jornalista-peruano\/","og_site_name":"LatAm Journalism Review by the Knight Center","article_published_time":"2011-09-20T16:26:43+00:00","article_modified_time":"2021-07-30T21:02:28+00:00","author":"Tania Lara","twitter_card":"summary_large_image","twitter_creator":"@LatAmJournalism","twitter_site":"@LatAmJournalism","twitter_misc":{"Written by":"Tania Lara","Est. reading time":"1 minuto"},"schema":{"@context":"https:\/\/schema.org","@graph":[{"@type":"Article","@id":"https:\/\/latamjournalismreview.org\/pt-br\/articles\/policia-prende-acusados-de-matar-jornalista-peruano\/#article","isPartOf":{"@id":"https:\/\/latamjournalismreview.org\/pt-br\/articles\/policia-prende-acusados-de-matar-jornalista-peruano\/"},"author":{"name":"Tania Lara","@id":"https:\/\/latamjournalismreview.org\/pt-br\/#\/schema\/person\/51558925140f21242c6ed2d20b8260c5"},"headline":"Pol\u00edcia prende acusados de matar jornalista peruano","datePublished":"2011-09-20T16:26:43+00:00","dateModified":"2021-07-30T21:02:28+00:00","mainEntityOfPage":{"@id":"https:\/\/latamjournalismreview.org\/pt-br\/articles\/policia-prende-acusados-de-matar-jornalista-peruano\/"},"wordCount":216,"publisher":{"@id":"https:\/\/latamjournalismreview.org\/pt-br\/#organization"},"keywords":["Assassinatos de Jornalistas","Liberdade de Express\u00e3o","Peru","Viol\u00eancia contra Jornalistas"],"articleSection":["Viol\u00eancia Contra Jornalistas"],"inLanguage":"pt-BR"},{"@type":"WebPage","@id":"https:\/\/latamjournalismreview.org\/pt-br\/articles\/policia-prende-acusados-de-matar-jornalista-peruano\/","url":"https:\/\/latamjournalismreview.org\/pt-br\/articles\/policia-prende-acusados-de-matar-jornalista-peruano\/","name":"Pol\u00edcia prende acusados de matar jornalista peruano - LatAm Journalism Review by the Knight Center","isPartOf":{"@id":"https:\/\/latamjournalismreview.org\/pt-br\/#website"},"datePublished":"2011-09-20T16:26:43+00:00","dateModified":"2021-07-30T21:02:28+00:00","description":"Pol\u00edcia prende acusados de matar jornalista peruano Viol\u00eancia Contra Jornalistas. Latin American Journalism Review by The Knight Center at The University of Texas at Austin.","breadcrumb":{"@id":"https:\/\/latamjournalismreview.org\/pt-br\/articles\/policia-prende-acusados-de-matar-jornalista-peruano\/#breadcrumb"},"inLanguage":"pt-BR","potentialAction":[{"@type":"ReadAction","target":["https:\/\/latamjournalismreview.org\/pt-br\/articles\/policia-prende-acusados-de-matar-jornalista-peruano\/"]}]},{"@type":"BreadcrumbList","@id":"https:\/\/latamjournalismreview.org\/pt-br\/articles\/policia-prende-acusados-de-matar-jornalista-peruano\/#breadcrumb","itemListElement":[{"@type":"ListItem","position":1,"name":"Home","item":"https:\/\/latamjournalismreview.org\/pt-br\/"},{"@type":"ListItem","position":2,"name":"Pol\u00edcia prende acusados de matar jornalista peruano"}]},{"@type":"WebSite","@id":"https:\/\/latamjournalismreview.org\/pt-br\/#website","url":"https:\/\/latamjournalismreview.org\/pt-br\/","name":"LatAm Journalism Review","description":"Digital magazine on journalism in Latin America","publisher":{"@id":"https:\/\/latamjournalismreview.org\/pt-br\/#organization"},"potentialAction":[{"@type":"SearchAction","target":{"@type":"EntryPoint","urlTemplate":"https:\/\/latamjournalismreview.org\/pt-br\/?s={search_term_string}"},"query-input":{"@type":"PropertyValueSpecification","valueRequired":true,"valueName":"search_term_string"}}],"inLanguage":"pt-BR"},{"@type":"Organization","@id":"https:\/\/latamjournalismreview.org\/pt-br\/#organization","name":"LatAm Journalism Review","url":"https:\/\/latamjournalismreview.org\/pt-br\/","logo":{"@type":"ImageObject","inLanguage":"pt-BR","@id":"https:\/\/latamjournalismreview.org\/pt-br\/#\/schema\/logo\/image\/","url":"https:\/\/latamjournalismreview.org\/wp-content\/uploads\/2020\/05\/knight-latAm-review-logo.svg","contentUrl":"https:\/\/latamjournalismreview.org\/wp-content\/uploads\/2020\/05\/knight-latAm-review-logo.svg","width":"1024","height":"1024","caption":"LatAm Journalism Review"},"image":{"@id":"https:\/\/latamjournalismreview.org\/pt-br\/#\/schema\/logo\/image\/"},"sameAs":["https:\/\/x.com\/LatAmJournalism"]},{"@type":"Person","@id":"https:\/\/latamjournalismreview.org\/pt-br\/#\/schema\/person\/51558925140f21242c6ed2d20b8260c5","name":"Tania Lara","url":"https:\/\/latamjournalismreview.org\/pt-br\/articles\/author\/tania-lara\/"}]}},"_links":{"self":[{"href":"https:\/\/latamjournalismreview.org\/pt-br\/wp-json\/wp\/v2\/posts\/24927","targetHints":{"allow":["GET"]}}],"collection":[{"href":"https:\/\/latamjournalismreview.org\/pt-br\/wp-json\/wp\/v2\/posts"}],"about":[{"href":"https:\/\/latamjournalismreview.org\/pt-br\/wp-json\/wp\/v2\/types\/post"}],"author":[{"embeddable":true,"href":"https:\/\/latamjournalismreview.org\/pt-br\/wp-json\/wp\/v2\/users\/40"}],"replies":[{"embeddable":true,"href":"https:\/\/latamjournalismreview.org\/pt-br\/wp-json\/wp\/v2\/comments?post=24927"}],"version-history":[{"count":1,"href":"https:\/\/latamjournalismreview.org\/pt-br\/wp-json\/wp\/v2\/posts\/24927\/revisions"}],"predecessor-version":[{"id":24928,"href":"https:\/\/latamjournalismreview.org\/pt-br\/wp-json\/wp\/v2\/posts\/24927\/revisions\/24928"}],"wp:attachment":[{"href":"https:\/\/latamjournalismreview.org\/pt-br\/wp-json\/wp\/v2\/media?parent=24927"}],"wp:term":[{"taxonomy":"category","embeddable":true,"href":"https:\/\/latamjournalismreview.org\/pt-br\/wp-json\/wp\/v2\/categories?post=24927"},{"taxonomy":"post_tag","embeddable":true,"href":"https:\/\/latamjournalismreview.org\/pt-br\/wp-json\/wp\/v2\/tags?post=24927"},{"taxonomy":"author","embeddable":true,"href":"https:\/\/latamjournalismreview.org\/pt-br\/wp-json\/wp\/v2\/coauthors?post=24927"}],"curies":[{"name":"wp","href":"https:\/\/api.w.org\/{rel}","templated":true}]}}