{"id":25049,"date":"2011-09-16T12:01:46","date_gmt":"2011-09-16T17:01:46","guid":{"rendered":"https:\/\/latamjournalismreview.org\/?p=25049"},"modified":"2021-07-30T17:09:45","modified_gmt":"2021-07-30T22:09:45","slug":"usuarios-de-internet-enfrentam-ameacas-do-crime-organizado-e-das-autoridades-no-mexico","status":"publish","type":"post","link":"https:\/\/latamjournalismreview.org\/pt-br\/articles\/usuarios-de-internet-enfrentam-ameacas-do-crime-organizado-e-das-autoridades-no-mexico\/","title":{"rendered":"Usu\u00e1rios de internet enfrentam amea\u00e7as do crime organizado e das autoridades no M\u00e9xico"},"content":{"rendered":"<p>Sem a identifica\u00e7\u00e3o dos <a href=\"http:\/\/knightcenter.utexas.edu\/pt-br\/blog\/dois-jovens-que-usavam-redes-sociais-para-denunciar-violencia-sao-assassinados-no-mexico\" target=\"blank\" rel=\"noopener\">dois jovens encontrados mortos<\/a> em uma ponte de <a href=\"http:\/\/es.wikipedia.org\/wiki\/Nuevo_Laredo\" target=\"blank\" rel=\"noopener\">Nuevo Laredo<\/a>, no M\u00e9xico, fica dif\u00edcil afirmar se as <a href=\"http:\/\/edition.cnn.com\/2011\/WORLD\/americas\/09\/14\/mexico.violence\/\" target=\"blank\" rel=\"noopener\">v\u00edtimas realmente publicaram algo<\/a> em um blog, uma conta de Twitter ou um perfil no Facebook que tenha atingido de alguma forma as atividades do crime organizado na cidade fronteiri\u00e7a, segundo a rede CNN.<\/p>\n<p>Um cartaz com amea\u00e7as ao usu\u00e1rios de internet e redes sociais foi encontrado junto aos corpos. Al\u00e9m disso, traz refer\u00eancias a tr\u00eas sites que publicaram informa\u00e7\u00f5es sobre fatos violentos: o <a href=\"http:\/\/gruporeforma.mural.com\/Libre\/Offlines\/Mty\/Frontera\/default.asp?Prevista=0&amp;EstadoSelecc=2\" target=\"blank\" rel=\"noopener\">Frontera al Rojo Vivo<\/a>, administrado pelo Grupo Reforma, para que os cidad\u00e3os denunciem tiroteios e outros atos violentos nas cidades do Norte do M\u00e9xico; o <a href=\"http:\/\/www.blogdelnarco.com\/\" target=\"blank\" rel=\"noopener\">El Blog del Narco<\/a>, que publica, sem censura, imagens e v\u00eddeos sobre o narcotr\u00e1fico no M\u00e9xico; e o <a href=\"http:\/\/www.pgr.gob.mx\/denuncia\/denuncia.asp\" target=\"blank\" rel=\"noopener\">Denuncia Ciudadana<\/a>, site de den\u00fancias an\u00f4nimas da Procuradoria-Geral do M\u00e9xico.<\/p>\n<p>No entanto, o Blog del Narco diz que n\u00e3o denuncia crimes. \u201cN\u00e3o estamos a favor nem contra nenhum grupo criminoso, apenas reportamos o que acontece\u201d, dizia uma declara\u00e7\u00e3o enviada pelo site an\u00f4nimo \u00e0 rede CNN.<\/p>\n<p>\u201cAs fac\u00e7\u00f5es criminosas exercem <a href=\"http:\/\/www.washingtonpost.com\/world\/americas\/in-mexico-a-deadly-threat-to-scandal-mongers-using-social-media\/2011\/09\/14\/gIQAWZ23SK_story.html\" target=\"blank\" rel=\"noopener\">controle sobre a imprensa<\/a>\u201d, explicou Carlos Laur\u00eda, do Comit\u00ea para a Prote\u00e7\u00e3o dos Jornalistas (CPJ) ao Washington Post. \u201cNa aus\u00eancia de not\u00edcias, os cidad\u00e3o usam o Twitter e o Facebook para se informaem\u201d.<\/p>\n<p>Na cidade vizinha de <a href=\"http:\/\/es.wikipedia.org\/wiki\/Reynosa\" target=\"blank\" rel=\"noopener\">Reynosa<\/a>, o <a href=\"http:\/\/www.economist.com\/blogs\/americasview\/2011\/09\/free-speech-mexico\" target=\"blank\" rel=\"noopener\">governo local divulga informa\u00e7\u00f5es sobre tiroteios<\/a> pelo <a href=\"http:\/\/twitter.com\/#!\/dirdegobreynosa\" target=\"blank\" rel=\"noopener\">Twitter<\/a>, em uma conta com mais 34 mil seguidores, segundo a The Economist.<\/p>\n<p>Al\u00e9m do narcotr\u00e1fico, os <a href=\"http:\/\/www.wired.com\/dangerroom\/2011\/09\/mexican-cartels-hang-disembowel-internet-snitches\/\" target=\"blank\" rel=\"noopener\">usu\u00e1rios de internet mexicanos devem enfrentar ataques de alguns governos locais<\/a>, de acordo com a Wired. Os estados de <a href=\"http:\/\/knightcenter.utexas.edu\/pt-br\/blog\/justica-ordena-prisao-de-jornalista-apos-aprovacao-de-lei-que-pune-divulgacao-de-rumores-no-mex\" target=\"blank\" rel=\"noopener\">Tabasco<\/a>, <a href=\"http:\/\/periodicodigital.com.mx\/portal\/index.php?option=com_k2&amp;view=item&amp;id=140399:despierta-pol%C3%A9mica-ley-pe%C3%B1a-nieto-pide-c%C3%A1rcel-al-mal-uso-de-redes-sociales&amp;Itemid=561\" target=\"blank\" rel=\"noopener\">Estado de M\u00e9xico<\/a> e <a href=\"http:\/\/www.e-consulta.com\/veracruz\/index.php?option=com_k2&amp;view=item&amp;id=5830:congreso-apura-aprobaci%C3%B3n-de-nueva-ley-para-vigilar-redes-sociales&amp;Itemid=303\" target=\"blank\" rel=\"noopener\">Veracruz<\/a> j\u00e1 aprovaram leis para <a href=\"http:\/\/blogs.eluniversal.com.mx\/weblogs_detalle14779.html\" target=\"blank\" rel=\"noopener\">prender usu\u00e1rios de internet<\/a> que divulgam rumores, espalhando, assim, o p\u00e2nico entre a popula\u00e7\u00e3o.<\/p>\n<p>Em agosto, <a href=\"http:\/\/knightcenter.utexas.edu\/pt-br\/blog\/dois-tuiteiros-sao-presos-por-terrorismo-no-mexico-ao-espalhar-boatos-de-ataques\" target=\"blank\" rel=\"noopener\">dois usu\u00e1rios de Veracruz foram condenados \u00e0 pris\u00e3o<\/a> pela divulga\u00e7\u00e3o de uma falso alarme que mobilizou as for\u00e7as de seguran\u00e7a e os servi\u00e7os de emerg\u00eancia.<\/p>\n","protected":false},"excerpt":{"rendered":"<p>Sem a identifica\u00e7\u00e3o dos dois jovens encontrados mortos em uma ponte de Nuevo Laredo, no M\u00e9xico, fica dif\u00edcil afirmar se as v\u00edtimas realmente publicaram algo em um blog, uma conta de Twitter ou um perfil no Facebook que tenha atingido de alguma forma as atividades do crime organizado.<\/p>\n","protected":false},"author":40,"featured_media":0,"comment_status":"closed","ping_status":"closed","sticky":false,"template":"","format":"standard","meta":{"inline_featured_image":false,"footnotes":""},"categories":[1219],"tags":[1613,1593,2051,1394,1615],"coauthors":[],"class_list":["post-25049","post","type-post","status-publish","format-standard","hentry","category-liberdade-de-imprensa-pt-br","tag-ameacas-a-jornalistas-pt-br","tag-jornalismo-online-pt-br","tag-liberdade-de-expressao-pt-br","tag-mexico-pt-br","tag-violencia-contra-jornalistas-pt-br"],"acf":[],"yoast_head":"<!-- This site is optimized with the Yoast SEO Premium plugin v22.6 (Yoast SEO v27.4) - https:\/\/yoast.com\/product\/yoast-seo-premium-wordpress\/ -->\n<title>Usu\u00e1rios de internet enfrentam amea\u00e7as do crime organizado e das autoridades no M\u00e9xico - LatAm Journalism Review by the Knight Center<\/title>\n<meta name=\"description\" content=\"Usu\u00e1rios de internet enfrentam amea\u00e7as do crime organizado e das autoridades no M\u00e9xico Liberdade de imprensa. Latin American Journalism Review by The Knight Center at The University of Texas at Austin.\" \/>\n<meta name=\"robots\" content=\"index, follow, max-snippet:-1, max-image-preview:large, max-video-preview:-1\" \/>\n<link rel=\"canonical\" href=\"https:\/\/latamjournalismreview.org\/pt-br\/articles\/usuarios-de-internet-enfrentam-ameacas-do-crime-organizado-e-das-autoridades-no-mexico\/\" \/>\n<meta property=\"og:locale\" content=\"pt_BR\" \/>\n<meta property=\"og:type\" content=\"article\" \/>\n<meta property=\"og:title\" content=\"Usu\u00e1rios de internet enfrentam amea\u00e7as do crime organizado e das autoridades no M\u00e9xico\" \/>\n<meta property=\"og:description\" content=\"Usu\u00e1rios de internet enfrentam amea\u00e7as do crime organizado e das autoridades no M\u00e9xico Liberdade de imprensa. Latin American Journalism Review by The Knight Center at The University of Texas at Austin.\" \/>\n<meta property=\"og:url\" content=\"https:\/\/latamjournalismreview.org\/pt-br\/articles\/usuarios-de-internet-enfrentam-ameacas-do-crime-organizado-e-das-autoridades-no-mexico\/\" \/>\n<meta property=\"og:site_name\" content=\"LatAm Journalism Review by the Knight Center\" \/>\n<meta property=\"article:published_time\" content=\"2011-09-16T17:01:46+00:00\" \/>\n<meta property=\"article:modified_time\" content=\"2021-07-30T22:09:45+00:00\" \/>\n<meta name=\"author\" content=\"Tania Lara\" \/>\n<meta name=\"twitter:card\" content=\"summary_large_image\" \/>\n<meta name=\"twitter:creator\" content=\"@LatAmJournalism\" \/>\n<meta name=\"twitter:site\" content=\"@LatAmJournalism\" \/>\n<meta name=\"twitter:label1\" content=\"Written by\" \/>\n\t<meta name=\"twitter:data1\" content=\"Tania Lara\" \/>\n\t<meta name=\"twitter:label2\" content=\"Est. reading time\" \/>\n\t<meta name=\"twitter:data2\" content=\"2 minutos\" \/>\n<script type=\"application\/ld+json\" class=\"yoast-schema-graph\">{\"@context\":\"https:\\\/\\\/schema.org\",\"@graph\":[{\"@type\":\"Article\",\"@id\":\"https:\\\/\\\/latamjournalismreview.org\\\/pt-br\\\/articles\\\/usuarios-de-internet-enfrentam-ameacas-do-crime-organizado-e-das-autoridades-no-mexico\\\/#article\",\"isPartOf\":{\"@id\":\"https:\\\/\\\/latamjournalismreview.org\\\/pt-br\\\/articles\\\/usuarios-de-internet-enfrentam-ameacas-do-crime-organizado-e-das-autoridades-no-mexico\\\/\"},\"author\":{\"name\":\"Tania Lara\",\"@id\":\"https:\\\/\\\/latamjournalismreview.org\\\/pt-br\\\/#\\\/schema\\\/person\\\/51558925140f21242c6ed2d20b8260c5\"},\"headline\":\"Usu\u00e1rios de internet enfrentam amea\u00e7as do crime organizado e das autoridades no M\u00e9xico\",\"datePublished\":\"2011-09-16T17:01:46+00:00\",\"dateModified\":\"2021-07-30T22:09:45+00:00\",\"mainEntityOfPage\":{\"@id\":\"https:\\\/\\\/latamjournalismreview.org\\\/pt-br\\\/articles\\\/usuarios-de-internet-enfrentam-ameacas-do-crime-organizado-e-das-autoridades-no-mexico\\\/\"},\"wordCount\":367,\"publisher\":{\"@id\":\"https:\\\/\\\/latamjournalismreview.org\\\/pt-br\\\/#organization\"},\"keywords\":[\"Amea\u00e7as a jornalistas\",\"Jornalismo online\",\"Liberdade de express\u00e3o\",\"M\u00e9xico\",\"Viol\u00eancia contra jornalistas\"],\"articleSection\":[\"Liberdade de imprensa\"],\"inLanguage\":\"pt-BR\"},{\"@type\":\"WebPage\",\"@id\":\"https:\\\/\\\/latamjournalismreview.org\\\/pt-br\\\/articles\\\/usuarios-de-internet-enfrentam-ameacas-do-crime-organizado-e-das-autoridades-no-mexico\\\/\",\"url\":\"https:\\\/\\\/latamjournalismreview.org\\\/pt-br\\\/articles\\\/usuarios-de-internet-enfrentam-ameacas-do-crime-organizado-e-das-autoridades-no-mexico\\\/\",\"name\":\"Usu\u00e1rios de internet enfrentam amea\u00e7as do crime organizado e das autoridades no M\u00e9xico - LatAm Journalism Review by the Knight Center\",\"isPartOf\":{\"@id\":\"https:\\\/\\\/latamjournalismreview.org\\\/pt-br\\\/#website\"},\"datePublished\":\"2011-09-16T17:01:46+00:00\",\"dateModified\":\"2021-07-30T22:09:45+00:00\",\"description\":\"Usu\u00e1rios de internet enfrentam amea\u00e7as do crime organizado e das autoridades no M\u00e9xico Liberdade de imprensa. Latin American Journalism Review by The Knight Center at The University of Texas at Austin.\",\"breadcrumb\":{\"@id\":\"https:\\\/\\\/latamjournalismreview.org\\\/pt-br\\\/articles\\\/usuarios-de-internet-enfrentam-ameacas-do-crime-organizado-e-das-autoridades-no-mexico\\\/#breadcrumb\"},\"inLanguage\":\"pt-BR\",\"potentialAction\":[{\"@type\":\"ReadAction\",\"target\":[\"https:\\\/\\\/latamjournalismreview.org\\\/pt-br\\\/articles\\\/usuarios-de-internet-enfrentam-ameacas-do-crime-organizado-e-das-autoridades-no-mexico\\\/\"]}]},{\"@type\":\"BreadcrumbList\",\"@id\":\"https:\\\/\\\/latamjournalismreview.org\\\/pt-br\\\/articles\\\/usuarios-de-internet-enfrentam-ameacas-do-crime-organizado-e-das-autoridades-no-mexico\\\/#breadcrumb\",\"itemListElement\":[{\"@type\":\"ListItem\",\"position\":1,\"name\":\"Home\",\"item\":\"https:\\\/\\\/latamjournalismreview.org\\\/pt-br\\\/\"},{\"@type\":\"ListItem\",\"position\":2,\"name\":\"Usu\u00e1rios de internet enfrentam amea\u00e7as do crime organizado e das autoridades no M\u00e9xico\"}]},{\"@type\":\"WebSite\",\"@id\":\"https:\\\/\\\/latamjournalismreview.org\\\/pt-br\\\/#website\",\"url\":\"https:\\\/\\\/latamjournalismreview.org\\\/pt-br\\\/\",\"name\":\"LatAm Journalism Review\",\"description\":\"Digital magazine on journalism in Latin America\",\"publisher\":{\"@id\":\"https:\\\/\\\/latamjournalismreview.org\\\/pt-br\\\/#organization\"},\"potentialAction\":[{\"@type\":\"SearchAction\",\"target\":{\"@type\":\"EntryPoint\",\"urlTemplate\":\"https:\\\/\\\/latamjournalismreview.org\\\/pt-br\\\/?s={search_term_string}\"},\"query-input\":{\"@type\":\"PropertyValueSpecification\",\"valueRequired\":true,\"valueName\":\"search_term_string\"}}],\"inLanguage\":\"pt-BR\"},{\"@type\":\"Organization\",\"@id\":\"https:\\\/\\\/latamjournalismreview.org\\\/pt-br\\\/#organization\",\"name\":\"LatAm Journalism Review\",\"url\":\"https:\\\/\\\/latamjournalismreview.org\\\/pt-br\\\/\",\"logo\":{\"@type\":\"ImageObject\",\"inLanguage\":\"pt-BR\",\"@id\":\"https:\\\/\\\/latamjournalismreview.org\\\/pt-br\\\/#\\\/schema\\\/logo\\\/image\\\/\",\"url\":\"https:\\\/\\\/latamjournalismreview.org\\\/wp-content\\\/uploads\\\/2020\\\/05\\\/knight-latAm-review-logo.svg\",\"contentUrl\":\"https:\\\/\\\/latamjournalismreview.org\\\/wp-content\\\/uploads\\\/2020\\\/05\\\/knight-latAm-review-logo.svg\",\"width\":\"1024\",\"height\":\"1024\",\"caption\":\"LatAm Journalism Review\"},\"image\":{\"@id\":\"https:\\\/\\\/latamjournalismreview.org\\\/pt-br\\\/#\\\/schema\\\/logo\\\/image\\\/\"},\"sameAs\":[\"https:\\\/\\\/x.com\\\/LatAmJournalism\"]},{\"@type\":\"Person\",\"@id\":\"https:\\\/\\\/latamjournalismreview.org\\\/pt-br\\\/#\\\/schema\\\/person\\\/51558925140f21242c6ed2d20b8260c5\",\"name\":\"Tania Lara\",\"url\":\"https:\\\/\\\/latamjournalismreview.org\\\/pt-br\\\/articles\\\/author\\\/tania-lara\\\/\"}]}<\/script>\n<!-- \/ Yoast SEO Premium plugin. -->","yoast_head_json":{"title":"Usu\u00e1rios de internet enfrentam amea\u00e7as do crime organizado e das autoridades no M\u00e9xico - LatAm Journalism Review by the Knight Center","description":"Usu\u00e1rios de internet enfrentam amea\u00e7as do crime organizado e das autoridades no M\u00e9xico Liberdade de imprensa. Latin American Journalism Review by The Knight Center at The University of Texas at Austin.","robots":{"index":"index","follow":"follow","max-snippet":"max-snippet:-1","max-image-preview":"max-image-preview:large","max-video-preview":"max-video-preview:-1"},"canonical":"https:\/\/latamjournalismreview.org\/pt-br\/articles\/usuarios-de-internet-enfrentam-ameacas-do-crime-organizado-e-das-autoridades-no-mexico\/","og_locale":"pt_BR","og_type":"article","og_title":"Usu\u00e1rios de internet enfrentam amea\u00e7as do crime organizado e das autoridades no M\u00e9xico","og_description":"Usu\u00e1rios de internet enfrentam amea\u00e7as do crime organizado e das autoridades no M\u00e9xico Liberdade de imprensa. Latin American Journalism Review by The Knight Center at The University of Texas at Austin.","og_url":"https:\/\/latamjournalismreview.org\/pt-br\/articles\/usuarios-de-internet-enfrentam-ameacas-do-crime-organizado-e-das-autoridades-no-mexico\/","og_site_name":"LatAm Journalism Review by the Knight Center","article_published_time":"2011-09-16T17:01:46+00:00","article_modified_time":"2021-07-30T22:09:45+00:00","author":"Tania Lara","twitter_card":"summary_large_image","twitter_creator":"@LatAmJournalism","twitter_site":"@LatAmJournalism","twitter_misc":{"Written by":"Tania Lara","Est. reading time":"2 minutos"},"schema":{"@context":"https:\/\/schema.org","@graph":[{"@type":"Article","@id":"https:\/\/latamjournalismreview.org\/pt-br\/articles\/usuarios-de-internet-enfrentam-ameacas-do-crime-organizado-e-das-autoridades-no-mexico\/#article","isPartOf":{"@id":"https:\/\/latamjournalismreview.org\/pt-br\/articles\/usuarios-de-internet-enfrentam-ameacas-do-crime-organizado-e-das-autoridades-no-mexico\/"},"author":{"name":"Tania Lara","@id":"https:\/\/latamjournalismreview.org\/pt-br\/#\/schema\/person\/51558925140f21242c6ed2d20b8260c5"},"headline":"Usu\u00e1rios de internet enfrentam amea\u00e7as do crime organizado e das autoridades no M\u00e9xico","datePublished":"2011-09-16T17:01:46+00:00","dateModified":"2021-07-30T22:09:45+00:00","mainEntityOfPage":{"@id":"https:\/\/latamjournalismreview.org\/pt-br\/articles\/usuarios-de-internet-enfrentam-ameacas-do-crime-organizado-e-das-autoridades-no-mexico\/"},"wordCount":367,"publisher":{"@id":"https:\/\/latamjournalismreview.org\/pt-br\/#organization"},"keywords":["Amea\u00e7as a jornalistas","Jornalismo online","Liberdade de express\u00e3o","M\u00e9xico","Viol\u00eancia contra jornalistas"],"articleSection":["Liberdade de imprensa"],"inLanguage":"pt-BR"},{"@type":"WebPage","@id":"https:\/\/latamjournalismreview.org\/pt-br\/articles\/usuarios-de-internet-enfrentam-ameacas-do-crime-organizado-e-das-autoridades-no-mexico\/","url":"https:\/\/latamjournalismreview.org\/pt-br\/articles\/usuarios-de-internet-enfrentam-ameacas-do-crime-organizado-e-das-autoridades-no-mexico\/","name":"Usu\u00e1rios de internet enfrentam amea\u00e7as do crime organizado e das autoridades no M\u00e9xico - LatAm Journalism Review by the Knight Center","isPartOf":{"@id":"https:\/\/latamjournalismreview.org\/pt-br\/#website"},"datePublished":"2011-09-16T17:01:46+00:00","dateModified":"2021-07-30T22:09:45+00:00","description":"Usu\u00e1rios de internet enfrentam amea\u00e7as do crime organizado e das autoridades no M\u00e9xico Liberdade de imprensa. Latin American Journalism Review by The Knight Center at The University of Texas at Austin.","breadcrumb":{"@id":"https:\/\/latamjournalismreview.org\/pt-br\/articles\/usuarios-de-internet-enfrentam-ameacas-do-crime-organizado-e-das-autoridades-no-mexico\/#breadcrumb"},"inLanguage":"pt-BR","potentialAction":[{"@type":"ReadAction","target":["https:\/\/latamjournalismreview.org\/pt-br\/articles\/usuarios-de-internet-enfrentam-ameacas-do-crime-organizado-e-das-autoridades-no-mexico\/"]}]},{"@type":"BreadcrumbList","@id":"https:\/\/latamjournalismreview.org\/pt-br\/articles\/usuarios-de-internet-enfrentam-ameacas-do-crime-organizado-e-das-autoridades-no-mexico\/#breadcrumb","itemListElement":[{"@type":"ListItem","position":1,"name":"Home","item":"https:\/\/latamjournalismreview.org\/pt-br\/"},{"@type":"ListItem","position":2,"name":"Usu\u00e1rios de internet enfrentam amea\u00e7as do crime organizado e das autoridades no M\u00e9xico"}]},{"@type":"WebSite","@id":"https:\/\/latamjournalismreview.org\/pt-br\/#website","url":"https:\/\/latamjournalismreview.org\/pt-br\/","name":"LatAm Journalism Review","description":"Digital magazine on journalism in Latin America","publisher":{"@id":"https:\/\/latamjournalismreview.org\/pt-br\/#organization"},"potentialAction":[{"@type":"SearchAction","target":{"@type":"EntryPoint","urlTemplate":"https:\/\/latamjournalismreview.org\/pt-br\/?s={search_term_string}"},"query-input":{"@type":"PropertyValueSpecification","valueRequired":true,"valueName":"search_term_string"}}],"inLanguage":"pt-BR"},{"@type":"Organization","@id":"https:\/\/latamjournalismreview.org\/pt-br\/#organization","name":"LatAm Journalism Review","url":"https:\/\/latamjournalismreview.org\/pt-br\/","logo":{"@type":"ImageObject","inLanguage":"pt-BR","@id":"https:\/\/latamjournalismreview.org\/pt-br\/#\/schema\/logo\/image\/","url":"https:\/\/latamjournalismreview.org\/wp-content\/uploads\/2020\/05\/knight-latAm-review-logo.svg","contentUrl":"https:\/\/latamjournalismreview.org\/wp-content\/uploads\/2020\/05\/knight-latAm-review-logo.svg","width":"1024","height":"1024","caption":"LatAm Journalism Review"},"image":{"@id":"https:\/\/latamjournalismreview.org\/pt-br\/#\/schema\/logo\/image\/"},"sameAs":["https:\/\/x.com\/LatAmJournalism"]},{"@type":"Person","@id":"https:\/\/latamjournalismreview.org\/pt-br\/#\/schema\/person\/51558925140f21242c6ed2d20b8260c5","name":"Tania Lara","url":"https:\/\/latamjournalismreview.org\/pt-br\/articles\/author\/tania-lara\/"}]}},"_links":{"self":[{"href":"https:\/\/latamjournalismreview.org\/pt-br\/wp-json\/wp\/v2\/posts\/25049","targetHints":{"allow":["GET"]}}],"collection":[{"href":"https:\/\/latamjournalismreview.org\/pt-br\/wp-json\/wp\/v2\/posts"}],"about":[{"href":"https:\/\/latamjournalismreview.org\/pt-br\/wp-json\/wp\/v2\/types\/post"}],"author":[{"embeddable":true,"href":"https:\/\/latamjournalismreview.org\/pt-br\/wp-json\/wp\/v2\/users\/40"}],"replies":[{"embeddable":true,"href":"https:\/\/latamjournalismreview.org\/pt-br\/wp-json\/wp\/v2\/comments?post=25049"}],"version-history":[{"count":1,"href":"https:\/\/latamjournalismreview.org\/pt-br\/wp-json\/wp\/v2\/posts\/25049\/revisions"}],"predecessor-version":[{"id":25050,"href":"https:\/\/latamjournalismreview.org\/pt-br\/wp-json\/wp\/v2\/posts\/25049\/revisions\/25050"}],"wp:attachment":[{"href":"https:\/\/latamjournalismreview.org\/pt-br\/wp-json\/wp\/v2\/media?parent=25049"}],"wp:term":[{"taxonomy":"category","embeddable":true,"href":"https:\/\/latamjournalismreview.org\/pt-br\/wp-json\/wp\/v2\/categories?post=25049"},{"taxonomy":"post_tag","embeddable":true,"href":"https:\/\/latamjournalismreview.org\/pt-br\/wp-json\/wp\/v2\/tags?post=25049"},{"taxonomy":"author","embeddable":true,"href":"https:\/\/latamjournalismreview.org\/pt-br\/wp-json\/wp\/v2\/coauthors?post=25049"}],"curies":[{"name":"wp","href":"https:\/\/api.w.org\/{rel}","templated":true}]}}