{"id":25222,"date":"2011-09-09T15:22:51","date_gmt":"2011-09-09T20:22:51","guid":{"rendered":"https:\/\/latamjournalismreview.org\/?p=25222"},"modified":"2021-07-31T15:22:32","modified_gmt":"2021-07-31T20:22:32","slug":"jornalistas-precisam-ir-alem-das-fontes-oficiais-na-cobertura-sobre-imigracao-diz-palestrante-no-forum-de-austin","status":"publish","type":"post","link":"https:\/\/latamjournalismreview.org\/pt-br\/articles\/jornalistas-precisam-ir-alem-das-fontes-oficiais-na-cobertura-sobre-imigracao-diz-palestrante-no-forum-de-austin\/","title":{"rendered":"Jornalistas precisam ir al\u00e9m das fontes oficiais na cobertura sobre imigra\u00e7\u00e3o, diz palestrante no F\u00f3rum de Austin"},"content":{"rendered":"<p>\"N\u00e3o d\u00e1 para imaginar El Salvador sem imigrantes,\" disse <a href=\"http:\/\/uca-sv.academia.edu\/JoseLuisBenitez\">Jos\u00e9 Luis Ben\u00edtez<\/a>, principal palestrante do <a href=\"http:\/\/knightcenter.utexas.edu\/pt-br\/austinforum\/af2011\" target=\"_blank\" rel=\"noopener\">9\u00ba F\u00f3rum de Austin sobre Jornalismo nas Am\u00e9ricas<\/a>. Apesar do papel fundamental dos imigrantes na sociedade e na economia de pa\u00edses da Am\u00e9rica Central e do M\u00e9xico, a cobertura jornal\u00edstica sobre essa <a href=\"http:\/\/pewhispanic.org\/data\/origins\/\" target=\"_Blank\" rel=\"noopener\">popula\u00e7\u00e3o<\/a> frequentemente se limita ao sensacionalismo dos crimes e trag\u00e9dias ou a hist\u00f3rias de hero\u00edsmo.<\/p>\n<p>Cerca de 50 jornalistas e especialistas de 20 pa\u00edses da Am\u00e9rica Latina e do Caribe est\u00e3o reunidos em Austin, no Texas, Estados Unidos, para o <a href=\"http:\/\/knightcenter.utexas.edu\/pt-br\/austinforum\/af2011\" target=\"_blank\" rel=\"noopener\">F\u00f3rum de Austin<\/a>. Em 2011, o evento anual tem como tema a \"<a href=\"http:\/\/knightcenter.utexas.edu\/pt-br\/blog\/jornalistas-das-americas-se-reunem-para-discutir-cobertura-jornalistica-da-migracao\" target=\"_blank\" rel=\"noopener\">Cobertura Jornal\u00edstica da Migra\u00e7\u00e3o nas Am\u00e9ricas<\/a>.\"<\/p>\n<p>\"A imigra\u00e7\u00e3o \u00e9 definida pelo discurso oficial, que a trata como uma quest\u00e3o de seguran\u00e7a\", disse o professor da <a href=\"http:\/\/en.wikipedia.org\/wiki\/Universidad_Centroamericana_%22Jos%C3%A9_Sime%C3%B3n_Ca%C3%B1as%22\" target=\"_blank\" rel=\"noopener\">Jos\u00e9 Sime\u00f3n Ca\u00f1as Central American University<\/a>, em El Salvador. A dificuldade de <a href=\"http:\/\/knightcenter.utexas.edu\/pt-br\/blog\/novo-mapa-do-centro-knight-revela-estado-do-acesso-informacoes-publicas-na-america-latina\" target=\"_blank\" rel=\"noopener\">acesso \u00e0s informa\u00e7\u00f5es p\u00fablicas<\/a> sobre imigra\u00e7\u00e3o na Am\u00e9rica Latina leva muitos jornalistas a depender do discurso oficial. A habilidade do governo de delimitar a discuss\u00e3o \u00e9 clara: as mat\u00e9rias sobre imigra\u00e7\u00e3o est\u00e3o tomadas de termos como \"inseguran\u00e7a\", \"v\u00edtimas\" e \"viola\u00e7\u00f5es dos direitos humanos\", disse Ben\u00edtez, citando diversas pesquisas feitas com jornais de pa\u00edses da Am\u00e9rica Central e do M\u00e9xico nos \u00faltimos anos.<\/p>\n<p>Benitez ressaltou que, apesar do grande n\u00famero de imigrantes nesses pa\u00edses, raramente os jornalistas os entrevistam sobre suas experi\u00eancias. \"A voz do imigrante \u00e9 fundamental,\" afirmou, \"n\u00e3o \u00e9 a mesma coisa do que falar com um especialista\". Summer Harlow, doutoranda que faz parte da equipe do <b>Knight Center<\/b>, apresentou um trabalho segundo o qual menos de 10% das mat\u00e9rias sobre imigra\u00e7\u00e3o dos jornais mexicanos e da Am\u00e9rica Central pesquisados trazia declara\u00e7\u00f5es de imigrantes.<\/p>\n<p>Mas nem todas as hist\u00f3rias sobre imigrantes s\u00e3o negativas, salientou Ben\u00edtez. Quando a cobertura n\u00e3o \u00e9 dominada por preocupa\u00e7\u00f5es com seguran\u00e7a, os imigrantes s\u00e3o apresentados como her\u00f3is nacionais. \"Quando aparecem, os imigrantes s\u00e3o retratados como pessoas de sucesso, que sa\u00edram do nada e agora s\u00e3o donos de um conhecido restaurante em Washington\", disse. \"Eles s\u00e3o apresentados como o orgulho da na\u00e7\u00e3o. Mas essa n\u00e3o \u00e9 a hist\u00f3ria da maioria. Isso afeta a concep\u00e7\u00e3o deles do Sonho Americano\".<\/p>\n<p>A m\u00eddia desempenha um papel importante n\u00e3o apenas na concep\u00e7\u00e3o do Sonho Americano, como na do imigrante em si. De acordo com Ben\u00edtez, a m\u00eddia muitas vezes \u00e9 o \u00fanico contato que muitos nativos t\u00eam com os imigrantes. A cobertura pode ecoar estere\u00f3tipos, <a href=\"http:\/\/knightcenter.utexas.edu\/pt-br\/blog\/revelacao-de-que-vencedor-do-premio-pulitzer-vive-ilegalmente-nos-eua-levanta-debate-sobre-cobe\" target=\"_Blank\" rel=\"noopener\">afetando a percep\u00e7\u00e3o que o p\u00fablico tem dos imigrantes<\/a>. Como resultado, a m\u00eddia pode se tornar a \"mais influente fonte de racismo e preconceito\" contra eles, acrescentou.<\/p>\n<p>Embora a aten\u00e7\u00e3o da m\u00eddia para a imigra\u00e7\u00e3o tenha aumentado nos \u00faltimos anos, Ben\u00edtez sublinhou que o fen\u00f4meno da migra\u00e7\u00e3o tem moldado pa\u00edses latino-americanos como El Salvador h\u00e1 gera\u00e7\u00f5es. \"N\u00e3o podemos perder a perspectiva hist\u00f3rica\", disse. \"A imigra\u00e7\u00e3o n\u00e3o \u00e9 algo novo, s\u00f3 a intensidade da cobertura sobre ela\".<\/p>\n<p>O <a href=\"http:\/\/knightcenter.utexas.edu\/pt-br\/austinforum\" target=\"_blank\" rel=\"noopener\">F\u00f3rum de Austin<\/a>, organizado pelo <a href=\"http:\/\/knightcenter.utexas.edu\/pt-br\/\" target=\"_blank\" rel=\"noopener\">Centro Knight para o Jornalismo nas Am\u00e9ricas<\/a> e pelos programas para a <a href=\"http:\/\/www.soros.org\/initiatives\/lap\" target=\"_blank\" rel=\"noopener\">Am\u00e9rica Latina<\/a> e de <a href=\"http:\/\/www.soros.org\/initiatives\/media\" target=\"_blank\" rel=\"noopener\">M\u00eddia<\/a> das <a href=\"http:\/\/www.soros.org\/\" target=\"_blank\" rel=\"noopener\">Funda\u00e7\u00f5es Open Society<\/a>, continua na sexta e no s\u00e1bado, com mais discuss\u00f5es sobre a cobertura da migra\u00e7\u00e3o. O programa completo do evento est\u00e1 dispon\u00edvel <a href=\"https:\/\/utw10693.utweb.utexas.edu\/pt-br\/blog\/target=_blank\">aqui<\/a>.<\/p>\n","protected":false},"excerpt":{"rendered":"<p>\"N\u00e3o d\u00e1 para imaginar El Salvador sem imigrantes,\" disse Jos\u00e9 Luis Ben\u00edtez, principal palestrante do 9\u00ba F\u00f3rum de Austin sobre Jornalismo nas Am\u00e9ricas.<\/p>\n","protected":false},"author":22,"featured_media":0,"comment_status":"closed","ping_status":"closed","sticky":false,"template":"","format":"standard","meta":{"inline_featured_image":false,"footnotes":""},"categories":[1348],"tags":[1555,1549],"coauthors":[],"class_list":["post-25222","post","type-post","status-publish","format-standard","hentry","category-knight-center-pt-br","tag-acesso-a-informacao-pt-br","tag-migracao-pt-br"],"acf":[],"yoast_head":"<!-- This site is optimized with the Yoast SEO Premium plugin v22.6 (Yoast SEO v27.4) - https:\/\/yoast.com\/product\/yoast-seo-premium-wordpress\/ -->\n<title>Jornalistas precisam ir al\u00e9m das fontes oficiais na cobertura sobre imigra\u00e7\u00e3o, diz palestrante no F\u00f3rum de Austin - LatAm Journalism Review by the Knight Center<\/title>\n<meta name=\"description\" content=\"Jornalistas precisam ir al\u00e9m das fontes oficiais na cobertura sobre imigra\u00e7\u00e3o, diz palestrante no F\u00f3rum de Austin Knight Center. Latin American Journalism Review by The Knight Center at The University of Texas at Austin.\" \/>\n<meta name=\"robots\" content=\"index, follow, max-snippet:-1, max-image-preview:large, max-video-preview:-1\" \/>\n<link rel=\"canonical\" href=\"https:\/\/latamjournalismreview.org\/pt-br\/articles\/jornalistas-precisam-ir-alem-das-fontes-oficiais-na-cobertura-sobre-imigracao-diz-palestrante-no-forum-de-austin\/\" \/>\n<meta property=\"og:locale\" content=\"pt_BR\" \/>\n<meta property=\"og:type\" content=\"article\" \/>\n<meta property=\"og:title\" content=\"Jornalistas precisam ir al\u00e9m das fontes oficiais na cobertura sobre imigra\u00e7\u00e3o, diz palestrante no F\u00f3rum de Austin\" \/>\n<meta property=\"og:description\" content=\"Jornalistas precisam ir al\u00e9m das fontes oficiais na cobertura sobre imigra\u00e7\u00e3o, diz palestrante no F\u00f3rum de Austin Knight Center. Latin American Journalism Review by The Knight Center at The University of Texas at Austin.\" \/>\n<meta property=\"og:url\" content=\"https:\/\/latamjournalismreview.org\/pt-br\/articles\/jornalistas-precisam-ir-alem-das-fontes-oficiais-na-cobertura-sobre-imigracao-diz-palestrante-no-forum-de-austin\/\" \/>\n<meta property=\"og:site_name\" content=\"LatAm Journalism Review by the Knight Center\" \/>\n<meta property=\"article:published_time\" content=\"2011-09-09T20:22:51+00:00\" \/>\n<meta property=\"article:modified_time\" content=\"2021-07-31T20:22:32+00:00\" \/>\n<meta name=\"author\" content=\"Knight Center\" \/>\n<meta name=\"twitter:card\" content=\"summary_large_image\" \/>\n<meta name=\"twitter:creator\" content=\"@LatAmJournalism\" \/>\n<meta name=\"twitter:site\" content=\"@LatAmJournalism\" \/>\n<meta name=\"twitter:label1\" content=\"Written by\" \/>\n\t<meta name=\"twitter:data1\" content=\"Knight Center\" \/>\n\t<meta name=\"twitter:label2\" content=\"Est. reading time\" \/>\n\t<meta name=\"twitter:data2\" content=\"3 minutos\" \/>\n<script type=\"application\/ld+json\" class=\"yoast-schema-graph\">{\"@context\":\"https:\\\/\\\/schema.org\",\"@graph\":[{\"@type\":\"Article\",\"@id\":\"https:\\\/\\\/latamjournalismreview.org\\\/pt-br\\\/articles\\\/jornalistas-precisam-ir-alem-das-fontes-oficiais-na-cobertura-sobre-imigracao-diz-palestrante-no-forum-de-austin\\\/#article\",\"isPartOf\":{\"@id\":\"https:\\\/\\\/latamjournalismreview.org\\\/pt-br\\\/articles\\\/jornalistas-precisam-ir-alem-das-fontes-oficiais-na-cobertura-sobre-imigracao-diz-palestrante-no-forum-de-austin\\\/\"},\"author\":{\"name\":\"Knight Center\",\"@id\":\"https:\\\/\\\/latamjournalismreview.org\\\/pt-br\\\/#\\\/schema\\\/person\\\/6c325fd0fef0cd167424c683e6577e19\"},\"headline\":\"Jornalistas precisam ir al\u00e9m das fontes oficiais na cobertura sobre imigra\u00e7\u00e3o, diz palestrante no F\u00f3rum de Austin\",\"datePublished\":\"2011-09-09T20:22:51+00:00\",\"dateModified\":\"2021-07-31T20:22:32+00:00\",\"mainEntityOfPage\":{\"@id\":\"https:\\\/\\\/latamjournalismreview.org\\\/pt-br\\\/articles\\\/jornalistas-precisam-ir-alem-das-fontes-oficiais-na-cobertura-sobre-imigracao-diz-palestrante-no-forum-de-austin\\\/\"},\"wordCount\":617,\"publisher\":{\"@id\":\"https:\\\/\\\/latamjournalismreview.org\\\/pt-br\\\/#organization\"},\"keywords\":[\"Acesso a informa\u00e7\u00e3o\",\"Migra\u00e7\u00e3o\"],\"articleSection\":[\"Knight Center\"],\"inLanguage\":\"pt-BR\"},{\"@type\":\"WebPage\",\"@id\":\"https:\\\/\\\/latamjournalismreview.org\\\/pt-br\\\/articles\\\/jornalistas-precisam-ir-alem-das-fontes-oficiais-na-cobertura-sobre-imigracao-diz-palestrante-no-forum-de-austin\\\/\",\"url\":\"https:\\\/\\\/latamjournalismreview.org\\\/pt-br\\\/articles\\\/jornalistas-precisam-ir-alem-das-fontes-oficiais-na-cobertura-sobre-imigracao-diz-palestrante-no-forum-de-austin\\\/\",\"name\":\"Jornalistas precisam ir al\u00e9m das fontes oficiais na cobertura sobre imigra\u00e7\u00e3o, diz palestrante no F\u00f3rum de Austin - LatAm Journalism Review by the Knight Center\",\"isPartOf\":{\"@id\":\"https:\\\/\\\/latamjournalismreview.org\\\/pt-br\\\/#website\"},\"datePublished\":\"2011-09-09T20:22:51+00:00\",\"dateModified\":\"2021-07-31T20:22:32+00:00\",\"description\":\"Jornalistas precisam ir al\u00e9m das fontes oficiais na cobertura sobre imigra\u00e7\u00e3o, diz palestrante no F\u00f3rum de Austin Knight Center. Latin American Journalism Review by The Knight Center at The University of Texas at Austin.\",\"breadcrumb\":{\"@id\":\"https:\\\/\\\/latamjournalismreview.org\\\/pt-br\\\/articles\\\/jornalistas-precisam-ir-alem-das-fontes-oficiais-na-cobertura-sobre-imigracao-diz-palestrante-no-forum-de-austin\\\/#breadcrumb\"},\"inLanguage\":\"pt-BR\",\"potentialAction\":[{\"@type\":\"ReadAction\",\"target\":[\"https:\\\/\\\/latamjournalismreview.org\\\/pt-br\\\/articles\\\/jornalistas-precisam-ir-alem-das-fontes-oficiais-na-cobertura-sobre-imigracao-diz-palestrante-no-forum-de-austin\\\/\"]}]},{\"@type\":\"BreadcrumbList\",\"@id\":\"https:\\\/\\\/latamjournalismreview.org\\\/pt-br\\\/articles\\\/jornalistas-precisam-ir-alem-das-fontes-oficiais-na-cobertura-sobre-imigracao-diz-palestrante-no-forum-de-austin\\\/#breadcrumb\",\"itemListElement\":[{\"@type\":\"ListItem\",\"position\":1,\"name\":\"Home\",\"item\":\"https:\\\/\\\/latamjournalismreview.org\\\/pt-br\\\/\"},{\"@type\":\"ListItem\",\"position\":2,\"name\":\"Jornalistas precisam ir al\u00e9m das fontes oficiais na cobertura sobre imigra\u00e7\u00e3o, diz palestrante no F\u00f3rum de Austin\"}]},{\"@type\":\"WebSite\",\"@id\":\"https:\\\/\\\/latamjournalismreview.org\\\/pt-br\\\/#website\",\"url\":\"https:\\\/\\\/latamjournalismreview.org\\\/pt-br\\\/\",\"name\":\"LatAm Journalism Review\",\"description\":\"Digital magazine on journalism in Latin America\",\"publisher\":{\"@id\":\"https:\\\/\\\/latamjournalismreview.org\\\/pt-br\\\/#organization\"},\"potentialAction\":[{\"@type\":\"SearchAction\",\"target\":{\"@type\":\"EntryPoint\",\"urlTemplate\":\"https:\\\/\\\/latamjournalismreview.org\\\/pt-br\\\/?s={search_term_string}\"},\"query-input\":{\"@type\":\"PropertyValueSpecification\",\"valueRequired\":true,\"valueName\":\"search_term_string\"}}],\"inLanguage\":\"pt-BR\"},{\"@type\":\"Organization\",\"@id\":\"https:\\\/\\\/latamjournalismreview.org\\\/pt-br\\\/#organization\",\"name\":\"LatAm Journalism Review\",\"url\":\"https:\\\/\\\/latamjournalismreview.org\\\/pt-br\\\/\",\"logo\":{\"@type\":\"ImageObject\",\"inLanguage\":\"pt-BR\",\"@id\":\"https:\\\/\\\/latamjournalismreview.org\\\/pt-br\\\/#\\\/schema\\\/logo\\\/image\\\/\",\"url\":\"https:\\\/\\\/latamjournalismreview.org\\\/wp-content\\\/uploads\\\/2020\\\/05\\\/knight-latAm-review-logo.svg\",\"contentUrl\":\"https:\\\/\\\/latamjournalismreview.org\\\/wp-content\\\/uploads\\\/2020\\\/05\\\/knight-latAm-review-logo.svg\",\"width\":\"1024\",\"height\":\"1024\",\"caption\":\"LatAm Journalism Review\"},\"image\":{\"@id\":\"https:\\\/\\\/latamjournalismreview.org\\\/pt-br\\\/#\\\/schema\\\/logo\\\/image\\\/\"},\"sameAs\":[\"https:\\\/\\\/x.com\\\/LatAmJournalism\"]},{\"@type\":\"Person\",\"@id\":\"https:\\\/\\\/latamjournalismreview.org\\\/pt-br\\\/#\\\/schema\\\/person\\\/6c325fd0fef0cd167424c683e6577e19\",\"name\":\"Knight Center\",\"url\":\"https:\\\/\\\/latamjournalismreview.org\\\/pt-br\\\/articles\\\/author\\\/knight-center\\\/\"}]}<\/script>\n<!-- \/ Yoast SEO Premium plugin. -->","yoast_head_json":{"title":"Jornalistas precisam ir al\u00e9m das fontes oficiais na cobertura sobre imigra\u00e7\u00e3o, diz palestrante no F\u00f3rum de Austin - LatAm Journalism Review by the Knight Center","description":"Jornalistas precisam ir al\u00e9m das fontes oficiais na cobertura sobre imigra\u00e7\u00e3o, diz palestrante no F\u00f3rum de Austin Knight Center. Latin American Journalism Review by The Knight Center at The University of Texas at Austin.","robots":{"index":"index","follow":"follow","max-snippet":"max-snippet:-1","max-image-preview":"max-image-preview:large","max-video-preview":"max-video-preview:-1"},"canonical":"https:\/\/latamjournalismreview.org\/pt-br\/articles\/jornalistas-precisam-ir-alem-das-fontes-oficiais-na-cobertura-sobre-imigracao-diz-palestrante-no-forum-de-austin\/","og_locale":"pt_BR","og_type":"article","og_title":"Jornalistas precisam ir al\u00e9m das fontes oficiais na cobertura sobre imigra\u00e7\u00e3o, diz palestrante no F\u00f3rum de Austin","og_description":"Jornalistas precisam ir al\u00e9m das fontes oficiais na cobertura sobre imigra\u00e7\u00e3o, diz palestrante no F\u00f3rum de Austin Knight Center. Latin American Journalism Review by The Knight Center at The University of Texas at Austin.","og_url":"https:\/\/latamjournalismreview.org\/pt-br\/articles\/jornalistas-precisam-ir-alem-das-fontes-oficiais-na-cobertura-sobre-imigracao-diz-palestrante-no-forum-de-austin\/","og_site_name":"LatAm Journalism Review by the Knight Center","article_published_time":"2011-09-09T20:22:51+00:00","article_modified_time":"2021-07-31T20:22:32+00:00","author":"Knight Center","twitter_card":"summary_large_image","twitter_creator":"@LatAmJournalism","twitter_site":"@LatAmJournalism","twitter_misc":{"Written by":"Knight Center","Est. reading time":"3 minutos"},"schema":{"@context":"https:\/\/schema.org","@graph":[{"@type":"Article","@id":"https:\/\/latamjournalismreview.org\/pt-br\/articles\/jornalistas-precisam-ir-alem-das-fontes-oficiais-na-cobertura-sobre-imigracao-diz-palestrante-no-forum-de-austin\/#article","isPartOf":{"@id":"https:\/\/latamjournalismreview.org\/pt-br\/articles\/jornalistas-precisam-ir-alem-das-fontes-oficiais-na-cobertura-sobre-imigracao-diz-palestrante-no-forum-de-austin\/"},"author":{"name":"Knight Center","@id":"https:\/\/latamjournalismreview.org\/pt-br\/#\/schema\/person\/6c325fd0fef0cd167424c683e6577e19"},"headline":"Jornalistas precisam ir al\u00e9m das fontes oficiais na cobertura sobre imigra\u00e7\u00e3o, diz palestrante no F\u00f3rum de Austin","datePublished":"2011-09-09T20:22:51+00:00","dateModified":"2021-07-31T20:22:32+00:00","mainEntityOfPage":{"@id":"https:\/\/latamjournalismreview.org\/pt-br\/articles\/jornalistas-precisam-ir-alem-das-fontes-oficiais-na-cobertura-sobre-imigracao-diz-palestrante-no-forum-de-austin\/"},"wordCount":617,"publisher":{"@id":"https:\/\/latamjournalismreview.org\/pt-br\/#organization"},"keywords":["Acesso a informa\u00e7\u00e3o","Migra\u00e7\u00e3o"],"articleSection":["Knight Center"],"inLanguage":"pt-BR"},{"@type":"WebPage","@id":"https:\/\/latamjournalismreview.org\/pt-br\/articles\/jornalistas-precisam-ir-alem-das-fontes-oficiais-na-cobertura-sobre-imigracao-diz-palestrante-no-forum-de-austin\/","url":"https:\/\/latamjournalismreview.org\/pt-br\/articles\/jornalistas-precisam-ir-alem-das-fontes-oficiais-na-cobertura-sobre-imigracao-diz-palestrante-no-forum-de-austin\/","name":"Jornalistas precisam ir al\u00e9m das fontes oficiais na cobertura sobre imigra\u00e7\u00e3o, diz palestrante no F\u00f3rum de Austin - LatAm Journalism Review by the Knight Center","isPartOf":{"@id":"https:\/\/latamjournalismreview.org\/pt-br\/#website"},"datePublished":"2011-09-09T20:22:51+00:00","dateModified":"2021-07-31T20:22:32+00:00","description":"Jornalistas precisam ir al\u00e9m das fontes oficiais na cobertura sobre imigra\u00e7\u00e3o, diz palestrante no F\u00f3rum de Austin Knight Center. Latin American Journalism Review by The Knight Center at The University of Texas at Austin.","breadcrumb":{"@id":"https:\/\/latamjournalismreview.org\/pt-br\/articles\/jornalistas-precisam-ir-alem-das-fontes-oficiais-na-cobertura-sobre-imigracao-diz-palestrante-no-forum-de-austin\/#breadcrumb"},"inLanguage":"pt-BR","potentialAction":[{"@type":"ReadAction","target":["https:\/\/latamjournalismreview.org\/pt-br\/articles\/jornalistas-precisam-ir-alem-das-fontes-oficiais-na-cobertura-sobre-imigracao-diz-palestrante-no-forum-de-austin\/"]}]},{"@type":"BreadcrumbList","@id":"https:\/\/latamjournalismreview.org\/pt-br\/articles\/jornalistas-precisam-ir-alem-das-fontes-oficiais-na-cobertura-sobre-imigracao-diz-palestrante-no-forum-de-austin\/#breadcrumb","itemListElement":[{"@type":"ListItem","position":1,"name":"Home","item":"https:\/\/latamjournalismreview.org\/pt-br\/"},{"@type":"ListItem","position":2,"name":"Jornalistas precisam ir al\u00e9m das fontes oficiais na cobertura sobre imigra\u00e7\u00e3o, diz palestrante no F\u00f3rum de Austin"}]},{"@type":"WebSite","@id":"https:\/\/latamjournalismreview.org\/pt-br\/#website","url":"https:\/\/latamjournalismreview.org\/pt-br\/","name":"LatAm Journalism Review","description":"Digital magazine on journalism in Latin America","publisher":{"@id":"https:\/\/latamjournalismreview.org\/pt-br\/#organization"},"potentialAction":[{"@type":"SearchAction","target":{"@type":"EntryPoint","urlTemplate":"https:\/\/latamjournalismreview.org\/pt-br\/?s={search_term_string}"},"query-input":{"@type":"PropertyValueSpecification","valueRequired":true,"valueName":"search_term_string"}}],"inLanguage":"pt-BR"},{"@type":"Organization","@id":"https:\/\/latamjournalismreview.org\/pt-br\/#organization","name":"LatAm Journalism Review","url":"https:\/\/latamjournalismreview.org\/pt-br\/","logo":{"@type":"ImageObject","inLanguage":"pt-BR","@id":"https:\/\/latamjournalismreview.org\/pt-br\/#\/schema\/logo\/image\/","url":"https:\/\/latamjournalismreview.org\/wp-content\/uploads\/2020\/05\/knight-latAm-review-logo.svg","contentUrl":"https:\/\/latamjournalismreview.org\/wp-content\/uploads\/2020\/05\/knight-latAm-review-logo.svg","width":"1024","height":"1024","caption":"LatAm Journalism Review"},"image":{"@id":"https:\/\/latamjournalismreview.org\/pt-br\/#\/schema\/logo\/image\/"},"sameAs":["https:\/\/x.com\/LatAmJournalism"]},{"@type":"Person","@id":"https:\/\/latamjournalismreview.org\/pt-br\/#\/schema\/person\/6c325fd0fef0cd167424c683e6577e19","name":"Knight Center","url":"https:\/\/latamjournalismreview.org\/pt-br\/articles\/author\/knight-center\/"}]}},"_links":{"self":[{"href":"https:\/\/latamjournalismreview.org\/pt-br\/wp-json\/wp\/v2\/posts\/25222","targetHints":{"allow":["GET"]}}],"collection":[{"href":"https:\/\/latamjournalismreview.org\/pt-br\/wp-json\/wp\/v2\/posts"}],"about":[{"href":"https:\/\/latamjournalismreview.org\/pt-br\/wp-json\/wp\/v2\/types\/post"}],"author":[{"embeddable":true,"href":"https:\/\/latamjournalismreview.org\/pt-br\/wp-json\/wp\/v2\/users\/22"}],"replies":[{"embeddable":true,"href":"https:\/\/latamjournalismreview.org\/pt-br\/wp-json\/wp\/v2\/comments?post=25222"}],"version-history":[{"count":1,"href":"https:\/\/latamjournalismreview.org\/pt-br\/wp-json\/wp\/v2\/posts\/25222\/revisions"}],"predecessor-version":[{"id":25223,"href":"https:\/\/latamjournalismreview.org\/pt-br\/wp-json\/wp\/v2\/posts\/25222\/revisions\/25223"}],"wp:attachment":[{"href":"https:\/\/latamjournalismreview.org\/pt-br\/wp-json\/wp\/v2\/media?parent=25222"}],"wp:term":[{"taxonomy":"category","embeddable":true,"href":"https:\/\/latamjournalismreview.org\/pt-br\/wp-json\/wp\/v2\/categories?post=25222"},{"taxonomy":"post_tag","embeddable":true,"href":"https:\/\/latamjournalismreview.org\/pt-br\/wp-json\/wp\/v2\/tags?post=25222"},{"taxonomy":"author","embeddable":true,"href":"https:\/\/latamjournalismreview.org\/pt-br\/wp-json\/wp\/v2\/coauthors?post=25222"}],"curies":[{"name":"wp","href":"https:\/\/api.w.org\/{rel}","templated":true}]}}