{"id":25523,"date":"2012-01-29T20:34:13","date_gmt":"2012-01-30T01:34:13","guid":{"rendered":"https:\/\/latamjournalismreview.org\/?p=25523"},"modified":"2021-08-03T20:35:10","modified_gmt":"2021-08-04T01:35:10","slug":"mudancas-sugeridas-por-governo-do-equador-colocam-relatoria-para-a-liberdade-de-expressao-da-oea-em-risco","status":"publish","type":"post","link":"https:\/\/latamjournalismreview.org\/pt-br\/articles\/mudancas-sugeridas-por-governo-do-equador-colocam-relatoria-para-a-liberdade-de-expressao-da-oea-em-risco\/","title":{"rendered":"Mudan\u00e7as sugeridas por governo do Equador colocam Relatoria para a Liberdade de Express\u00e3o da OEA em risco"},"content":{"rendered":"<p>A\u00a0<a href=\"http:\/\/www.google.com\/hostednews\/epa\/article\/ALeqM5gRSmZvk28qIb1_z01PxZb4-DNkkQ?docId=1702133\" target=\"_blank\" rel=\"noopener\">s\u00e9rie de recomenda\u00e7\u00f5es para a mudan\u00e7a do sistema interamericano de direitos humanos<\/a>\u00a0aprovada pelo Conselho Permanente da Organiza\u00e7\u00e3o dos Estados Americanos (OEA) no dia 25 de janeiro poderia limitar e neutralizar a a\u00e7\u00e3o da\u00a0<a href=\"http:\/\/www.cidh.org\/Default.htm\" target=\"_blank\" rel=\"noopener\">Comiss\u00e3o Interamericana de Direitos Humanos<\/a>\u00a0(CIDH) e da\u00a0<a href=\"http:\/\/www.cidh.oas.org\/relatoria\/index.asp?lID=2\" target=\"_blank\" rel=\"noopener\">Relatoria para a Liberdade de Express\u00e3o<\/a>.<\/p>\n<p>J\u00e1 qualificada de \u201c<a href=\"http:\/\/www.elcolombiano.com\/BancoConocimiento\/L\/la_oea_le_da_otro_golpe_a_la_libre_expresion\/la_oea_le_da_otro_golpe_a_la_libre_expresion.asp\" target=\"_blank\" rel=\"noopener\">golpe<\/a>\u201d \u00e0 \u201c<a href=\"http:\/\/www.eluniversal.com.co\/cartagena\/editorial\/zarpazo-libertad-de-expresion\" target=\"_blank\" rel=\"noopener\">liberdade de express\u00e3o<\/a>\u201d, a s\u00e9rie de recomenda\u00e7\u00f5es representa uma vit\u00f3ria para o presidente do Equador,\u00a0<a href=\"http:\/\/www.lanacion.com.ar\/1439602-ecuador-arremete-contra-la-oea-en-materia-de-libertad-de-expresion\" target=\"_blank\" rel=\"noopener\">Rafael Correa, principal defensor das mudan\u00e7as<\/a>. O mandat\u00e1rio vem tentado desprestigiar o trabalho da relatoria e da CIDH, por considerar que elas interferem em assuntos internos.<\/p>\n<p>\u201cAs recomenda\u00e7\u00f5es falam em 'fortalecer' o sistema interamericano, mas, na realidade, s\u00e3o contr\u00e1rias \u00e0 prote\u00e7\u00e3o de um direito fundamental. Elas podem limitar seriamente a capacidade de investiga\u00e7\u00e3o e de den\u00fancia [a relatoria]\", disse ao\u00a0<b>Centro Knight para o Jornalismo nas Am\u00e9ricas<\/b>\u00a0<a href=\"http:\/\/cpj.org\/blog\/author\/carlos-laur%C3%ADa\/\" target=\"_blank\" rel=\"noopener\">Carlos Laur\u00eda<\/a>, coordenador s\u00eanior para as Am\u00e9ricas do Comit\u00ea para a Prote\u00e7\u00e3o dos Jornalistas (CPJ).<\/p>\n<p>Por enquanto, as recomenda\u00e7\u00f5es t\u00eam\u00a0<a href=\"http:\/\/www.caracol.com.co\/noticias\/internacional\/oea-aprueba-recomendaciones-para-relatoria-de-libertad-de-expresion\/20120125\/nota\/1612209.aspx\" target=\"_blank\" rel=\"noopener\">car\u00e1ter n\u00e3o vinculante<\/a>. Sua aprova\u00e7\u00e3o depende da decis\u00e3o dos 34 pa\u00edses membros da\u00a0<a href=\"http:\/\/www.lostiempos.com\/diario\/actualidad\/local\/20111202\/oea-celebrara-su-42-asamblea-general-del-3-al-5-de-junio-de-2012-en_151817_315284.html\" target=\"_blank\" rel=\"noopener\">pr\u00f3xima Assembleia Geral da OEA<\/a>, em junho, na Bol\u00edvia.<\/p>\n<p>Embora as medidas tenham, em tese, o objetivo de\u00a0<a href=\"http:\/\/www.semana.com\/mundo\/oea-pone-aprietos-proteccion-libertad-prensa\/170971-3.aspx\" target=\"_blank\" rel=\"noopener\">fortalecer a transpar\u00eancia e o rigor jur\u00eddico<\/a>\u00a0do sistema interamericano de direitos humanos,\u00a0<a href=\"http:\/\/www.google.com\/hostednews\/epa\/article\/ALeqM5haIgk2M3wrgadmR0UUuVSGaUbHzQ?docId=1702061\" target=\"_blank\" rel=\"noopener\">mais de 60 ONGs e representantes da sociedade civil<\/a>\u00a0argumentam que as mudan\u00e7as teriam impacto negativo sobre a efici\u00eancia e autonomia da relatoria. As reformas \u2014promovidas por um\u00a0<a href=\"http:\/\/knightcenter.utexas.edu\/pt-br\/blog\/equador-e-venezuela-apoiam-proposta-para-enfraquecer-relatoria-para-liberdade-de-expressao-da-o\" target=\"_blank\" rel=\"noopener\">grupo de trabalho criado pelos governos do Equador e da Venezuela<\/a>\u00a0\u2014 est\u00e3o ligadas \u00e0 capacidade de a\u00e7\u00e3o das relatorias da OEA.<\/p>\n<p>Recomenda-se que o investimento em todas as relatorias da CIDH seja o mesmo. Atualmente, a Relatoria para a Liberdade de Express\u00e3o\u00a0<a href=\"http:\/\/www.eltiempo.com\/mundo\/estados-unidos\/ARTICULO-WEB-NEW_NOTA_INTERIOR-10981145.html\" target=\"_blank\" rel=\"noopener\">recebe mais do triplo dos recursos<\/a>\u00a0de todas as outras. Como o financiamento externo ficaria proibido, a relatoria ficaria muito prejudicada. Al\u00e9m disso, a sugest\u00e3o de implanta\u00e7\u00e3o de um\u00a0<a href=\"http:\/\/www.semana.com\/mundo\/oea-pone-aprietos-proteccion-libertad-prensa\/170971-3.aspx\" target=\"_blank\" rel=\"noopener\">c\u00f3digo de conduta<\/a>\u00a0poderia impedir a publica\u00e7\u00e3o de seus\u00a0<a href=\"http:\/\/www.cidh.oas.org\/relatoria\/artListCat.asp?year=2011&amp;countryID=1&amp;lID=2&amp;catID=1\" target=\"_blank\" rel=\"noopener\">tradicionais comunicados<\/a>\u00a0\u2014 muitos deles com cr\u00edticas \u00e0s atitudes do Equador e da Venezuela contra a livre express\u00e3o\u2014. Al\u00e9m disso, o pacote prev\u00ea que o\u00a0<a href=\"http:\/\/www.cidh.oas.org\/relatoria\/showarticle.asp?artID=724&amp;lID=2\" target=\"_blank\" rel=\"noopener\">informe anual<\/a>\u00a0da relatoria seja breve e sobre toda a regi\u00e3o, n\u00e3o separado por pa\u00eds.<\/p>\n<p>Tal ataque contra a relatoria dirigida pela\u00a0<a href=\"http:\/\/www.cidh.org\/relatoria\/showarticle.asp?artID=727&amp;lID=2\" target=\"_blank\" rel=\"noopener\">advogada colombiana Catalina Botero<\/a>\u00a0n\u00e3o \u00e9 in\u00e9dita. O governo do Equador\u00a0<a href=\"http:\/\/knightcenter.utexas.edu\/pt-br\/blog\/equador-pede-que-comissao-interamericana-de-direitos-humanos-nao-interfira-em-seus-assuntos-int\" target=\"_blank\" rel=\"noopener\">considera improcedentes as cr\u00edticas e as recomenda\u00e7\u00f5es<\/a>\u00a0sobre liberdade de express\u00e3o recebidas nos \u00faltimos meses. (<a href=\"http:\/\/knightcenter.utexas.edu\/pt-br\/blog\/governo-do-equador-responde-carta-da-reporteres-sem-fronteiras-sobre-ataques-imprensa-no-pais\" target=\"_blank\" rel=\"noopener\">Do mesmo teor<\/a>\u00a0s\u00e3o as respostas dadas \u00e0s numerosas cartas e relat\u00f3rios de organiza\u00e7\u00f5es internacionais preocupadas com a situa\u00e7\u00e3o das liberdades de imprensa e opini\u00e3o.) O presidente\u00a0<a href=\"http:\/\/knightcenter.utexas.edu\/pt-br\/blog\/organizacoes-pedem-presidente-do-equador-que-respeite-liberdade-de-expressao\" target=\"_blank\" rel=\"noopener\">Correa tamb\u00e9m j\u00e1 tentou desprestigiar a pr\u00f3pria Botero<\/a>.<\/p>\n<p>A\u00a0<a href=\"http:\/\/www.google.com\/hostednews\/epa\/article\/ALeqM5hncPkPALuiIGMwcYFajnOOiuk0qg?docId=1702108\" target=\"_blank\" rel=\"noopener\">Federa\u00e7\u00e3o Internacional de Direitos Humanos<\/a>\u00a0(FIDH), al\u00e9m de entidades de defesa da liberdade de imprensa, como a\u00a0<a href=\"http:\/\/feeds.univision.com\/feeds\/article\/2012-01-23\/hrw-correa-tiene-obsesion-personal\" target=\"_blank\" rel=\"noopener\">Human Rights Watch<\/a>, o\u00a0<a href=\"http:\/\/cpj.org\/es\/2012\/01\/18-de-enero-de-2012.php\" target=\"_blank\" rel=\"noopener\">Comit\u00ea para a Prote\u00e7\u00e3o dos Jornalistas<\/a>\u00a0e a\u00a0<a href=\"http:\/\/es.rsf.org\/americas-oea-la-relatoria-especial-para-la-19-01-2012,41708.html\" target=\"_blank\" rel=\"noopener\">Rep\u00f3rteres Sem Fronteiras<\/a>, sa\u00edram em defesa de Botero. At\u00e9 agora, nem Botero nem o secret\u00e1rio-geral da OEA, Jos\u00e9 Miguel Insulza, se pronunciaram sobre as poss\u00edveis mudan\u00e7as.<\/p>\n<p>Criada em 1997, a relatoria tem realizado um\u00a0<a href=\"http:\/\/www.larepublica.pe\/politica\/editorial-19-01-2012\" target=\"_blank\" rel=\"noopener\">importante trabalho na regi\u00e3o<\/a>\u00a0em prol da liberdade de express\u00e3o e do acesso \u00e0 informa\u00e7\u00e3o, da prote\u00e7\u00e3o dos jornalistas, da despenaliza\u00e7\u00e3o da opini\u00e3o e do desacato, da pluralidade informativa e contra a impunidade dos crimes contra rep\u00f3rteres. \u201c\u00c9 um trabalho de mais de 10 anos, mas buscam neutralizar seu trabalho e limitar sua influ\u00eancia\u201d, disse Carlos Laur\u00eda, do CPJ.<\/p>\n<p>Nos \u00faltimos anos, diversos \u00edndices mostram\u00a0<a href=\"https:\/\/knightcenter.utexas.edu\/pt-br\/search\/node\/liberdade%20de%20express%C3%A3o\" target=\"_blank\" rel=\"noopener\">crescentes obst\u00e1culos \u00e0 liberdade de express\u00e3o<\/a>\u00a0no continente e, em consequ\u00eancia, \u00e0 democracia. \u201cA Relatoria Especial para a Liberdade de Express\u00e3o da OEA\u00a0<a href=\"http:\/\/es.rsf.org\/americas-oea-la-relatoria-especial-para-la-19-01-2012,41708.html\" target=\"_blank\" rel=\"noopener\">tem mais raz\u00e3o de ser do que nunca<\/a>\u201d, dissera, em um comunicado conjunto, a Rep\u00f3rteres Sem Fronteiras (RSF) e a Associa\u00e7\u00e3o Mundial de R\u00e1dios Comunit\u00e1rias (AMARC).<\/p>\n<p>Como disse Carlos Laur\u00eda, do CPJ: \u201cesse \u00e9 um reflexo do desgaste das institui\u00e7\u00f5es da democracia a n\u00edvel regional. [\u2026] O Equador, com o apoio de seus s\u00f3cios da ALBA, tentam acabar com as institui\u00e7\u00f5es que fazem\u00a0<a href=\"http:\/\/www.sipiapa.org\/v4\/comunicados_de_prensa.php?seccion=detalles&amp;id=4656&amp;idioma=sp\" target=\"_blank\" rel=\"noopener\">ressalvas inc\u00f4modas<\/a>\u201d, como as recebidas pelo governo equatoriano por seus\u00a0<a href=\"https:\/\/knightcenter.utexas.edu\/pt-br\/search\/node\/ataques%20contra%20jornalistas\">ataques \u00e0 imprensa<\/a>. Precisamente por isso \u00e9 \u201cimportante refor\u00e7ar mecanismos como a relatoria\u201d, disse Laur\u00eda.<\/p>\n<p>Mas Laur\u00eda destacou que, durante a sess\u00e3o do Conselho Permanente da OEA, n\u00e3o houve apoio un\u00e2nime \u00e0s recomenda\u00e7\u00f5es do Equador sobre a relatoria. Ao contr\u00e1rio, pa\u00edses como Uruguai,\u00a0<a href=\"http:\/\/www.ticovision.com\/cgi-bin\/index.cgi?action=viewnews&amp;id=8404\" target=\"_blank\" rel=\"noopener\">Costa Rica<\/a>\u00a0e Panam\u00e1 apoiaram o atual trabalho da CIDH e seus \u00f3rg\u00e3os.<\/p>\n<p>Outros l\u00edderes regionais como M\u00e9xico e Col\u00f4mbia, por\u00e9m, tiveram uma rea\u00e7\u00e3o considerada amb\u00edgua. A\u00a0<a href=\"http:\/\/flip.org.co\/\" target=\"_blank\" rel=\"noopener\">Funda\u00e7\u00e3o para a Liberdade de Imprensa<\/a>\u00a0(FLIP) da Col\u00f4mbia, por exemplo, criticou as declara\u00e7\u00f5es do representante do governo colombiano, que chamou as poss\u00edveis mudan\u00e7as de \u201c<a href=\"http:\/\/www.elespectador.com\/noticias\/elmundo\/articulo-323139-reformas-de-oea-son-positivas\" target=\"_blank\" rel=\"noopener\">positivas<\/a>\u201d e\u00a0<a href=\"http:\/\/flip.org.co\/alert_display\/0\/2503.html\" target=\"_blank\" rel=\"noopener\">n\u00e3o defendeu explicitamente<\/a>\u00a0o papel da relatoria na garantia da liberdade de express\u00e3o no continente.<\/p>\n<p>H\u00e1 anos, o governo equatoriano \u00e9 questionado por\u00a0<a href=\"https:\/\/knightcenter.utexas.edu\/pt-br\/blog\/relatorio-internacional-demonstra-preocupacao-com-deterioracao-da-liberdade-de-imprensa-no-equa\">suas a\u00e7\u00f5es contra a liberdade de express\u00e3o<\/a>\u00a0e manter uma\u00a0<a href=\"https:\/\/knightcenter.utexas.edu\/pt-br\/search\/node\/equador%20rela%C3%A7%C3%A3o%20com%20a%20m%C3%ADdia\">rela\u00e7\u00e3o muito hostil com a imprensa<\/a>.<\/p>\n<p>Organismos como a\u00a0<a href=\"http:\/\/www.sipiapa.org\/v4\/comunicados_de_prensa.php?seccion=detalles&amp;id=4666&amp;idioma=sp\" target=\"_blank\" rel=\"noopener\">Sociedade Interamericana de Imprensa<\/a>\u00a0(SIP), a\u00a0<a href=\"http:\/\/www.wan-ifra.org\/es\/articles\/2012\/01\/23\/wan-ifra-denuncia-viraje-autoritario-del-gobierno-de-rafael-correa\" target=\"_blank\" rel=\"noopener\">Associa\u00e7\u00e3o Mundial de Jornais e Editores de Not\u00edcias<\/a>\u00a0(WAN-IFRA) e a\u00a0<a href=\"http:\/\/es.rsf.org\/ecuador-reporteros-sin-fronteras-pide-al-01-04-2011,39939.html\" target=\"_blank\" rel=\"noopener\">Rep\u00f3rteres Sem Fronteiras<\/a>\u00a0j\u00e1 pediram ao presidente Correa que ponha fim ao ataques contra jornalistas e ve\u00edculos de comunica\u00e7\u00e3o, entre eles os\u00a0<a href=\"http:\/\/cpj.org\/es\/2012\/01\/en-ecuador-demanda-contra-el-universo-sentaria-pre.php\">processo judiciais<\/a>\u00a0(como o enfrentado pelo jornal\u00a0<a href=\"https:\/\/knightcenter.utexas.edu\/pt-br\/blog\/no-equador-decisao-de-processo-aberto-pelo-presidente-contra-jornal-e-suspensa-por-doenca-de-ju\">El Universo<\/a>). Ve\u00edculos como o\u00a0<a href=\"http:\/\/www.yucatan.com.mx\/20120125\/nota-11\/226486-asalto-a-la-democracia.htm\" target=\"_blank\" rel=\"noopener\">New York Times<\/a>, o\u00a0<a href=\"http:\/\/www.lahora.com.ec\/index.php\/noticias\/show\/1101272811\/-1\/Washington_Post%3A_%E2%80%9CEn_el_peque%C3%B1o_Ecuador,_un_presidente_populista_restringe_la_prensa%E2%80%9D.html\" target=\"_blank\" rel=\"noopener\">Washington Post<\/a>, o\u00a0<a href=\"http:\/\/internacional.elpais.com\/internacional\/2011\/10\/30\/actualidad\/1319932160_220227.html\" target=\"_blank\" rel=\"noopener\">El Pa\u00eds<\/a>, da Espanha, o\u00a0<a href=\"http:\/\/www.elespectador.com\/opinion\/editorial\/articulo-319354-defender-libertad-de-expresion\" target=\"_blank\" rel=\"noopener\">El Espectador<\/a>, da Col\u00f4mbia, e o\u00a0<a href=\"http:\/\/www.lanacion.com.ar\/1439602-ecuador-arremete-contra-la-oea-en-materia-de-libertad-de-expresion\" target=\"_blank\" rel=\"noopener\">La Naci\u00f3n<\/a>, da Argentina, tamb\u00e9m questionaram as atitudes de Correa e at\u00e9\u00a0<a href=\"http:\/\/knightcenter.utexas.edu\/archive\/blog\/?q=pt-br\/node\/4339\" target=\"_blank\" rel=\"noopener\">ex-presidentes do pa\u00eds pediram mais respeito \u00e0 liberdade de express\u00e3o<\/a>.<\/p>\n<p>O presidente garante haver \u201c<a href=\"http:\/\/knightcenter.utexas.edu\/archive\/blog\/?q=es\/node\/930\" target=\"_blank\" rel=\"noopener\">total liberdade de express\u00e3o<\/a>\u201d em seu pa\u00eds. Ele ainda insiste querer apenas o\u00a0<a href=\"http:\/\/www.miamiherald.com\/2012\/01\/22\/2599832\/rights-and-responsibilities-of.html\" target=\"_blank\" rel=\"noopener\">exerc\u00edcio respons\u00e1vel do jornalismo<\/a>\u00a0e nega que haja uma\u00a0<a href=\"http:\/\/knightcenter.utexas.edu\/archive\/blog\/?q=pt-br\/node\/4749\" target=\"_blank\" rel=\"noopener\">persegui\u00e7\u00e3o \u00e0 m\u00eddia<\/a>\u00a0em seu pa\u00eds, apesar da campanha governamental que acusava a imprensa, o r\u00e1dio e a TV de \u201c<a href=\"http:\/\/knightcenter.utexas.edu\/archive\/blog\/?q=pt-br\/node\/7734\" target=\"_blank\" rel=\"noopener\">esconder a verdade<\/a>\u201d. Em seus anos no governo, Correa tamb\u00e9m consolidou uma importante e crescente\u00a0<a href=\"http:\/\/www.provincia.com.mx\/2012\/01\/crece-confrontacion-entre-gobierno-ecuatoriano-y-medios-privados\">rede de ve\u00edculos p\u00fablicos<\/a>, em resposta aos \u201c<a href=\"http:\/\/knightcenter.utexas.edu\/pt-br\/blog\/para-presidente-do-equador-lei-de-comunicacao-sera-seu-maior-legado\" target=\"_blank\" rel=\"noopener\">bandidos da tinta<\/a>\u201d que dominariam a imprensa privada.<\/p>\n<p>Para Jos\u00e9 Miguel Vivanco, diretor para as Am\u00e9ricas da Human Rights Watch, \u201cparece que, para o presidente Correa, o\u00a0<a href=\"http:\/\/feeds.univision.com\/feeds\/article\/2012-01-23\/hrw-correa-tiene-obsesion-personal\" target=\"_blank\" rel=\"noopener\">\u00fanico exerc\u00edcio poss\u00edvel da liberdade de express\u00e3o \u00e9 aquele que se verifica em aplausos<\/a>\" ao governo atual.<\/p>\n","protected":false},"excerpt":{"rendered":"<p>A\u00a0s\u00e9rie de recomenda\u00e7\u00f5es para a mudan\u00e7a do sistema interamericano de direitos humanos\u00a0aprovada pelo Conselho Permanente da Organiza\u00e7\u00e3o dos Estados Americanos (OEA) no dia 25 de janeiro poderia limitar e neutralizar a a\u00e7\u00e3o da\u00a0Comiss\u00e3o Interamericana de Direitos Humanos\u00a0(CIDH) e da\u00a0Relatoria para a Liberdade de Express\u00e3o.<\/p>\n","protected":false},"author":40,"featured_media":0,"comment_status":"closed","ping_status":"closed","sticky":false,"template":"","format":"standard","meta":{"inline_featured_image":false,"footnotes":""},"categories":[1228],"tags":[2050,1570,2051],"coauthors":[],"class_list":["post-25523","post","type-post","status-publish","format-standard","hentry","category-acesso-a-informacao-pt-br","tag-censura-pt-br","tag-equador-pt-br","tag-liberdade-de-expressao-pt-br"],"acf":[],"yoast_head":"<!-- This site is optimized with the Yoast SEO Premium plugin v22.6 (Yoast SEO v27.4) - https:\/\/yoast.com\/product\/yoast-seo-premium-wordpress\/ -->\n<title>Mudan\u00e7as sugeridas por governo do Equador colocam Relatoria para a Liberdade de Express\u00e3o da OEA em risco - LatAm Journalism Review by the Knight Center<\/title>\n<meta name=\"description\" content=\"Mudan\u00e7as sugeridas por governo do Equador colocam Relatoria para a Liberdade de Express\u00e3o da OEA em risco Acesso a informa\u00e7\u00e3o. Latin American Journalism Review by The Knight Center at The University of Texas at Austin.\" \/>\n<meta name=\"robots\" content=\"index, follow, max-snippet:-1, max-image-preview:large, max-video-preview:-1\" \/>\n<link rel=\"canonical\" href=\"https:\/\/latamjournalismreview.org\/pt-br\/articles\/mudancas-sugeridas-por-governo-do-equador-colocam-relatoria-para-a-liberdade-de-expressao-da-oea-em-risco\/\" \/>\n<meta property=\"og:locale\" content=\"pt_BR\" \/>\n<meta property=\"og:type\" content=\"article\" \/>\n<meta property=\"og:title\" content=\"Mudan\u00e7as sugeridas por governo do Equador colocam Relatoria para a Liberdade de Express\u00e3o da OEA em risco\" \/>\n<meta property=\"og:description\" content=\"Mudan\u00e7as sugeridas por governo do Equador colocam Relatoria para a Liberdade de Express\u00e3o da OEA em risco Acesso a informa\u00e7\u00e3o. Latin American Journalism Review by The Knight Center at The University of Texas at Austin.\" \/>\n<meta property=\"og:url\" content=\"https:\/\/latamjournalismreview.org\/pt-br\/articles\/mudancas-sugeridas-por-governo-do-equador-colocam-relatoria-para-a-liberdade-de-expressao-da-oea-em-risco\/\" \/>\n<meta property=\"og:site_name\" content=\"LatAm Journalism Review by the Knight Center\" \/>\n<meta property=\"article:published_time\" content=\"2012-01-30T01:34:13+00:00\" \/>\n<meta property=\"article:modified_time\" content=\"2021-08-04T01:35:10+00:00\" \/>\n<meta name=\"author\" content=\"Tania Lara\" \/>\n<meta name=\"twitter:card\" content=\"summary_large_image\" \/>\n<meta name=\"twitter:creator\" content=\"@LatAmJournalism\" \/>\n<meta name=\"twitter:site\" content=\"@LatAmJournalism\" \/>\n<meta name=\"twitter:label1\" content=\"Written by\" \/>\n\t<meta name=\"twitter:data1\" content=\"Tania Lara\" \/>\n\t<meta name=\"twitter:label2\" content=\"Est. reading time\" \/>\n\t<meta name=\"twitter:data2\" content=\"6 minutos\" \/>\n<script type=\"application\/ld+json\" class=\"yoast-schema-graph\">{\"@context\":\"https:\\\/\\\/schema.org\",\"@graph\":[{\"@type\":\"Article\",\"@id\":\"https:\\\/\\\/latamjournalismreview.org\\\/pt-br\\\/articles\\\/mudancas-sugeridas-por-governo-do-equador-colocam-relatoria-para-a-liberdade-de-expressao-da-oea-em-risco\\\/#article\",\"isPartOf\":{\"@id\":\"https:\\\/\\\/latamjournalismreview.org\\\/pt-br\\\/articles\\\/mudancas-sugeridas-por-governo-do-equador-colocam-relatoria-para-a-liberdade-de-expressao-da-oea-em-risco\\\/\"},\"author\":{\"name\":\"Tania Lara\",\"@id\":\"https:\\\/\\\/latamjournalismreview.org\\\/pt-br\\\/#\\\/schema\\\/person\\\/51558925140f21242c6ed2d20b8260c5\"},\"headline\":\"Mudan\u00e7as sugeridas por governo do Equador colocam Relatoria para a Liberdade de Express\u00e3o da OEA em risco\",\"datePublished\":\"2012-01-30T01:34:13+00:00\",\"dateModified\":\"2021-08-04T01:35:10+00:00\",\"mainEntityOfPage\":{\"@id\":\"https:\\\/\\\/latamjournalismreview.org\\\/pt-br\\\/articles\\\/mudancas-sugeridas-por-governo-do-equador-colocam-relatoria-para-a-liberdade-de-expressao-da-oea-em-risco\\\/\"},\"wordCount\":1128,\"publisher\":{\"@id\":\"https:\\\/\\\/latamjournalismreview.org\\\/pt-br\\\/#organization\"},\"keywords\":[\"Censura\",\"Equador\",\"Liberdade de express\u00e3o\"],\"articleSection\":[\"Acesso a informa\u00e7\u00e3o\"],\"inLanguage\":\"pt-BR\"},{\"@type\":\"WebPage\",\"@id\":\"https:\\\/\\\/latamjournalismreview.org\\\/pt-br\\\/articles\\\/mudancas-sugeridas-por-governo-do-equador-colocam-relatoria-para-a-liberdade-de-expressao-da-oea-em-risco\\\/\",\"url\":\"https:\\\/\\\/latamjournalismreview.org\\\/pt-br\\\/articles\\\/mudancas-sugeridas-por-governo-do-equador-colocam-relatoria-para-a-liberdade-de-expressao-da-oea-em-risco\\\/\",\"name\":\"Mudan\u00e7as sugeridas por governo do Equador colocam Relatoria para a Liberdade de Express\u00e3o da OEA em risco - LatAm Journalism Review by the Knight Center\",\"isPartOf\":{\"@id\":\"https:\\\/\\\/latamjournalismreview.org\\\/pt-br\\\/#website\"},\"datePublished\":\"2012-01-30T01:34:13+00:00\",\"dateModified\":\"2021-08-04T01:35:10+00:00\",\"description\":\"Mudan\u00e7as sugeridas por governo do Equador colocam Relatoria para a Liberdade de Express\u00e3o da OEA em risco Acesso a informa\u00e7\u00e3o. Latin American Journalism Review by The Knight Center at The University of Texas at Austin.\",\"breadcrumb\":{\"@id\":\"https:\\\/\\\/latamjournalismreview.org\\\/pt-br\\\/articles\\\/mudancas-sugeridas-por-governo-do-equador-colocam-relatoria-para-a-liberdade-de-expressao-da-oea-em-risco\\\/#breadcrumb\"},\"inLanguage\":\"pt-BR\",\"potentialAction\":[{\"@type\":\"ReadAction\",\"target\":[\"https:\\\/\\\/latamjournalismreview.org\\\/pt-br\\\/articles\\\/mudancas-sugeridas-por-governo-do-equador-colocam-relatoria-para-a-liberdade-de-expressao-da-oea-em-risco\\\/\"]}]},{\"@type\":\"BreadcrumbList\",\"@id\":\"https:\\\/\\\/latamjournalismreview.org\\\/pt-br\\\/articles\\\/mudancas-sugeridas-por-governo-do-equador-colocam-relatoria-para-a-liberdade-de-expressao-da-oea-em-risco\\\/#breadcrumb\",\"itemListElement\":[{\"@type\":\"ListItem\",\"position\":1,\"name\":\"Home\",\"item\":\"https:\\\/\\\/latamjournalismreview.org\\\/pt-br\\\/\"},{\"@type\":\"ListItem\",\"position\":2,\"name\":\"Mudan\u00e7as sugeridas por governo do Equador colocam Relatoria para a Liberdade de Express\u00e3o da OEA em risco\"}]},{\"@type\":\"WebSite\",\"@id\":\"https:\\\/\\\/latamjournalismreview.org\\\/pt-br\\\/#website\",\"url\":\"https:\\\/\\\/latamjournalismreview.org\\\/pt-br\\\/\",\"name\":\"LatAm Journalism Review\",\"description\":\"Digital magazine on journalism in Latin America\",\"publisher\":{\"@id\":\"https:\\\/\\\/latamjournalismreview.org\\\/pt-br\\\/#organization\"},\"potentialAction\":[{\"@type\":\"SearchAction\",\"target\":{\"@type\":\"EntryPoint\",\"urlTemplate\":\"https:\\\/\\\/latamjournalismreview.org\\\/pt-br\\\/?s={search_term_string}\"},\"query-input\":{\"@type\":\"PropertyValueSpecification\",\"valueRequired\":true,\"valueName\":\"search_term_string\"}}],\"inLanguage\":\"pt-BR\"},{\"@type\":\"Organization\",\"@id\":\"https:\\\/\\\/latamjournalismreview.org\\\/pt-br\\\/#organization\",\"name\":\"LatAm Journalism Review\",\"url\":\"https:\\\/\\\/latamjournalismreview.org\\\/pt-br\\\/\",\"logo\":{\"@type\":\"ImageObject\",\"inLanguage\":\"pt-BR\",\"@id\":\"https:\\\/\\\/latamjournalismreview.org\\\/pt-br\\\/#\\\/schema\\\/logo\\\/image\\\/\",\"url\":\"https:\\\/\\\/latamjournalismreview.org\\\/wp-content\\\/uploads\\\/2020\\\/05\\\/knight-latAm-review-logo.svg\",\"contentUrl\":\"https:\\\/\\\/latamjournalismreview.org\\\/wp-content\\\/uploads\\\/2020\\\/05\\\/knight-latAm-review-logo.svg\",\"width\":\"1024\",\"height\":\"1024\",\"caption\":\"LatAm Journalism Review\"},\"image\":{\"@id\":\"https:\\\/\\\/latamjournalismreview.org\\\/pt-br\\\/#\\\/schema\\\/logo\\\/image\\\/\"},\"sameAs\":[\"https:\\\/\\\/x.com\\\/LatAmJournalism\"]},{\"@type\":\"Person\",\"@id\":\"https:\\\/\\\/latamjournalismreview.org\\\/pt-br\\\/#\\\/schema\\\/person\\\/51558925140f21242c6ed2d20b8260c5\",\"name\":\"Tania Lara\",\"url\":\"https:\\\/\\\/latamjournalismreview.org\\\/pt-br\\\/articles\\\/author\\\/tania-lara\\\/\"}]}<\/script>\n<!-- \/ Yoast SEO Premium plugin. -->","yoast_head_json":{"title":"Mudan\u00e7as sugeridas por governo do Equador colocam Relatoria para a Liberdade de Express\u00e3o da OEA em risco - LatAm Journalism Review by the Knight Center","description":"Mudan\u00e7as sugeridas por governo do Equador colocam Relatoria para a Liberdade de Express\u00e3o da OEA em risco Acesso a informa\u00e7\u00e3o. Latin American Journalism Review by The Knight Center at The University of Texas at Austin.","robots":{"index":"index","follow":"follow","max-snippet":"max-snippet:-1","max-image-preview":"max-image-preview:large","max-video-preview":"max-video-preview:-1"},"canonical":"https:\/\/latamjournalismreview.org\/pt-br\/articles\/mudancas-sugeridas-por-governo-do-equador-colocam-relatoria-para-a-liberdade-de-expressao-da-oea-em-risco\/","og_locale":"pt_BR","og_type":"article","og_title":"Mudan\u00e7as sugeridas por governo do Equador colocam Relatoria para a Liberdade de Express\u00e3o da OEA em risco","og_description":"Mudan\u00e7as sugeridas por governo do Equador colocam Relatoria para a Liberdade de Express\u00e3o da OEA em risco Acesso a informa\u00e7\u00e3o. Latin American Journalism Review by The Knight Center at The University of Texas at Austin.","og_url":"https:\/\/latamjournalismreview.org\/pt-br\/articles\/mudancas-sugeridas-por-governo-do-equador-colocam-relatoria-para-a-liberdade-de-expressao-da-oea-em-risco\/","og_site_name":"LatAm Journalism Review by the Knight Center","article_published_time":"2012-01-30T01:34:13+00:00","article_modified_time":"2021-08-04T01:35:10+00:00","author":"Tania Lara","twitter_card":"summary_large_image","twitter_creator":"@LatAmJournalism","twitter_site":"@LatAmJournalism","twitter_misc":{"Written by":"Tania Lara","Est. reading time":"6 minutos"},"schema":{"@context":"https:\/\/schema.org","@graph":[{"@type":"Article","@id":"https:\/\/latamjournalismreview.org\/pt-br\/articles\/mudancas-sugeridas-por-governo-do-equador-colocam-relatoria-para-a-liberdade-de-expressao-da-oea-em-risco\/#article","isPartOf":{"@id":"https:\/\/latamjournalismreview.org\/pt-br\/articles\/mudancas-sugeridas-por-governo-do-equador-colocam-relatoria-para-a-liberdade-de-expressao-da-oea-em-risco\/"},"author":{"name":"Tania Lara","@id":"https:\/\/latamjournalismreview.org\/pt-br\/#\/schema\/person\/51558925140f21242c6ed2d20b8260c5"},"headline":"Mudan\u00e7as sugeridas por governo do Equador colocam Relatoria para a Liberdade de Express\u00e3o da OEA em risco","datePublished":"2012-01-30T01:34:13+00:00","dateModified":"2021-08-04T01:35:10+00:00","mainEntityOfPage":{"@id":"https:\/\/latamjournalismreview.org\/pt-br\/articles\/mudancas-sugeridas-por-governo-do-equador-colocam-relatoria-para-a-liberdade-de-expressao-da-oea-em-risco\/"},"wordCount":1128,"publisher":{"@id":"https:\/\/latamjournalismreview.org\/pt-br\/#organization"},"keywords":["Censura","Equador","Liberdade de express\u00e3o"],"articleSection":["Acesso a informa\u00e7\u00e3o"],"inLanguage":"pt-BR"},{"@type":"WebPage","@id":"https:\/\/latamjournalismreview.org\/pt-br\/articles\/mudancas-sugeridas-por-governo-do-equador-colocam-relatoria-para-a-liberdade-de-expressao-da-oea-em-risco\/","url":"https:\/\/latamjournalismreview.org\/pt-br\/articles\/mudancas-sugeridas-por-governo-do-equador-colocam-relatoria-para-a-liberdade-de-expressao-da-oea-em-risco\/","name":"Mudan\u00e7as sugeridas por governo do Equador colocam Relatoria para a Liberdade de Express\u00e3o da OEA em risco - LatAm Journalism Review by the Knight Center","isPartOf":{"@id":"https:\/\/latamjournalismreview.org\/pt-br\/#website"},"datePublished":"2012-01-30T01:34:13+00:00","dateModified":"2021-08-04T01:35:10+00:00","description":"Mudan\u00e7as sugeridas por governo do Equador colocam Relatoria para a Liberdade de Express\u00e3o da OEA em risco Acesso a informa\u00e7\u00e3o. Latin American Journalism Review by The Knight Center at The University of Texas at Austin.","breadcrumb":{"@id":"https:\/\/latamjournalismreview.org\/pt-br\/articles\/mudancas-sugeridas-por-governo-do-equador-colocam-relatoria-para-a-liberdade-de-expressao-da-oea-em-risco\/#breadcrumb"},"inLanguage":"pt-BR","potentialAction":[{"@type":"ReadAction","target":["https:\/\/latamjournalismreview.org\/pt-br\/articles\/mudancas-sugeridas-por-governo-do-equador-colocam-relatoria-para-a-liberdade-de-expressao-da-oea-em-risco\/"]}]},{"@type":"BreadcrumbList","@id":"https:\/\/latamjournalismreview.org\/pt-br\/articles\/mudancas-sugeridas-por-governo-do-equador-colocam-relatoria-para-a-liberdade-de-expressao-da-oea-em-risco\/#breadcrumb","itemListElement":[{"@type":"ListItem","position":1,"name":"Home","item":"https:\/\/latamjournalismreview.org\/pt-br\/"},{"@type":"ListItem","position":2,"name":"Mudan\u00e7as sugeridas por governo do Equador colocam Relatoria para a Liberdade de Express\u00e3o da OEA em risco"}]},{"@type":"WebSite","@id":"https:\/\/latamjournalismreview.org\/pt-br\/#website","url":"https:\/\/latamjournalismreview.org\/pt-br\/","name":"LatAm Journalism Review","description":"Digital magazine on journalism in Latin America","publisher":{"@id":"https:\/\/latamjournalismreview.org\/pt-br\/#organization"},"potentialAction":[{"@type":"SearchAction","target":{"@type":"EntryPoint","urlTemplate":"https:\/\/latamjournalismreview.org\/pt-br\/?s={search_term_string}"},"query-input":{"@type":"PropertyValueSpecification","valueRequired":true,"valueName":"search_term_string"}}],"inLanguage":"pt-BR"},{"@type":"Organization","@id":"https:\/\/latamjournalismreview.org\/pt-br\/#organization","name":"LatAm Journalism Review","url":"https:\/\/latamjournalismreview.org\/pt-br\/","logo":{"@type":"ImageObject","inLanguage":"pt-BR","@id":"https:\/\/latamjournalismreview.org\/pt-br\/#\/schema\/logo\/image\/","url":"https:\/\/latamjournalismreview.org\/wp-content\/uploads\/2020\/05\/knight-latAm-review-logo.svg","contentUrl":"https:\/\/latamjournalismreview.org\/wp-content\/uploads\/2020\/05\/knight-latAm-review-logo.svg","width":"1024","height":"1024","caption":"LatAm Journalism Review"},"image":{"@id":"https:\/\/latamjournalismreview.org\/pt-br\/#\/schema\/logo\/image\/"},"sameAs":["https:\/\/x.com\/LatAmJournalism"]},{"@type":"Person","@id":"https:\/\/latamjournalismreview.org\/pt-br\/#\/schema\/person\/51558925140f21242c6ed2d20b8260c5","name":"Tania Lara","url":"https:\/\/latamjournalismreview.org\/pt-br\/articles\/author\/tania-lara\/"}]}},"_links":{"self":[{"href":"https:\/\/latamjournalismreview.org\/pt-br\/wp-json\/wp\/v2\/posts\/25523","targetHints":{"allow":["GET"]}}],"collection":[{"href":"https:\/\/latamjournalismreview.org\/pt-br\/wp-json\/wp\/v2\/posts"}],"about":[{"href":"https:\/\/latamjournalismreview.org\/pt-br\/wp-json\/wp\/v2\/types\/post"}],"author":[{"embeddable":true,"href":"https:\/\/latamjournalismreview.org\/pt-br\/wp-json\/wp\/v2\/users\/40"}],"replies":[{"embeddable":true,"href":"https:\/\/latamjournalismreview.org\/pt-br\/wp-json\/wp\/v2\/comments?post=25523"}],"version-history":[{"count":1,"href":"https:\/\/latamjournalismreview.org\/pt-br\/wp-json\/wp\/v2\/posts\/25523\/revisions"}],"predecessor-version":[{"id":25526,"href":"https:\/\/latamjournalismreview.org\/pt-br\/wp-json\/wp\/v2\/posts\/25523\/revisions\/25526"}],"wp:attachment":[{"href":"https:\/\/latamjournalismreview.org\/pt-br\/wp-json\/wp\/v2\/media?parent=25523"}],"wp:term":[{"taxonomy":"category","embeddable":true,"href":"https:\/\/latamjournalismreview.org\/pt-br\/wp-json\/wp\/v2\/categories?post=25523"},{"taxonomy":"post_tag","embeddable":true,"href":"https:\/\/latamjournalismreview.org\/pt-br\/wp-json\/wp\/v2\/tags?post=25523"},{"taxonomy":"author","embeddable":true,"href":"https:\/\/latamjournalismreview.org\/pt-br\/wp-json\/wp\/v2\/coauthors?post=25523"}],"curies":[{"name":"wp","href":"https:\/\/api.w.org\/{rel}","templated":true}]}}