{"id":2672,"date":"2019-01-30T01:44:07","date_gmt":"2019-01-30T06:44:07","guid":{"rendered":"https:\/\/live-lajr.pantheonsite.io\/articles\/apos-visitar-jornalistas-na-prisao-membros-do-parlamento-europeu-pedem-que-nicaragua-libere-presos-politicos\/"},"modified":"2020-06-10T20:35:08","modified_gmt":"2020-06-11T01:35:08","slug":"apos-visitar-jornalistas-na-prisao-membros-do-parlamento-europeu-pedem-que-nicaragua-libere-presos-politicos","status":"publish","type":"post","link":"https:\/\/latamjournalismreview.org\/pt-br\/articles\/apos-visitar-jornalistas-na-prisao-membros-do-parlamento-europeu-pedem-que-nicaragua-libere-presos-politicos\/","title":{"rendered":"Ap\u00f3s visitar jornalistas na pris\u00e3o, membros do Parlamento Europeu pedem que Nicar\u00e1gua libere presos pol\u00edticos"},"content":{"rendered":"<p dir=\"ltr\">Pela primeira vez, o diretor do 100% Noticias, Miguel Mora, e a diretora de not\u00edcias do mesmo meio de comunica\u00e7\u00e3o, Luc\u00eda Pineda, enviaram mensagens de v\u00eddeo da pris\u00e3o, nas quais \u00e9 poss\u00edvel ver as condi\u00e7\u00f5es prec\u00e1rias de seu confinamento.<\/p>\n<div style=\"width: 440px; font-size: 80%; text-align: left; float: right; padding-left: 10px; padding-right: 10px;\"><a href=\"[URL for whatever site you want the user to go to when he clicks on the picture]\" target=\"_blank\" rel=\"noopener noreferrer\"><img decoding=\"async\" style=\"width: 440px;\" src=\"https:\/\/farm8.staticflickr.com\/7831\/46206709744_1a832f3675_o.png\" \/><\/a> Jornalistas\u00a0Luc\u00eda Pineda e Miguel Mora na pris\u00e3o. (Reprodu\u00e7\u00e3o)<\/div>\n<p dir=\"ltr\">Mora e Pineda, <a href=\"https:\/\/knightcenter.utexas.edu\/blog\/00-20454-nicaraguan-journalists-jailed-incommunicado-ortega-government-continues-targeting-inde\">que foram presos pelo governo em 21 de dezembro<\/a> na pris\u00e3o conhecida como El Chipote, se reuniram com membros do Parlamento Europeu que visitaram a Nicar\u00e1gua por tr\u00eas dias para avaliar a crise do pa\u00eds, reportou El Nuevo Diario.<\/p>\n<p dir=\"ltr\">\"Quando entrei na cela de Miguel Mora, <a href=\"https:\/\/www.laprensa.com.ni\/2019\/01\/28\/nacionales\/2518714-lucia-pineda-ubau-desde-el-chipote-queremos-siempre-la-libertad-porque-no-somos-delincuentes\">ele havia passado 35 dias sem poder ver o sol<\/a>, pediu luz e uma B\u00edblia. Isso n\u00e3o \u00e9 admiss\u00edvel. As condi\u00e7\u00f5es da pris\u00e3o s\u00e3o inadequadas\", disse o deputado espanhol Ram\u00f3n J\u00e1uregui, segundo La Prensa.<\/p>\n<p dir=\"ltr\">Em 26 de janeiro, em uma coletiva de imprensa, <a href=\"https:\/\/www.laprensa.com.ni\/2019\/01\/28\/nacionales\/2518714-lucia-pineda-ubau-desde-el-chipote-queremos-siempre-la-libertad-porque-no-somos-delincuentes\">a delega\u00e7\u00e3o exigiu que o governo de Daniel Ortega libere os presos pol\u00edticos<\/a> e que o cerco contra jornalistas e organiza\u00e7\u00f5es da sociedade civil seja interrompido.<\/p>\n<p dir=\"ltr\">As mensagens que <a href=\"https:\/\/www.laprensa.com.ni\/2019\/01\/28\/nacionales\/2518714-lucia-pineda-ubau-desde-el-chipote-queremos-siempre-la-libertad-porque-no-somos-delincuentes\">Mora e Pineda enviaram aos nicaraguenses<\/a> foram transmitidas via Twitter por Jos\u00e9 In\u00e1cio Faria, um dos eurodeputados, segundo o La Prensa.<\/p>\n<p dir=\"ltr\">\"Eles est\u00e3o <a href=\"https:\/\/www.elnuevodiario.com.ni\/nacionales\/484580-eurodiputado-publica-video-miguel-mora-chipote\/\">criminalizando a liberdade de imprensa<\/a>, eles est\u00e3o criminalizando a liberdade de express\u00e3o. Acredito que o governo deve reconhecer que isso \u00e9 imposs\u00edvel se considera a Nicar\u00e1gua um Estado democr\u00e1tico e se deseja um Estado de Direito\", disse Mora em sua mensagem, segundo El Nuevo Diario.<\/p>\n<p dir=\"ltr\">Pineda e Mora enfrentam<a href=\"https:\/\/www.dw.com\/es\/periodistas-detenidos-en-nicaragua-denuncian-maltrato-psicol%C3%B3gico\/a-46856231\"> acusa\u00e7\u00f5es de \u201cfomentar e incitar \u00f3dio e viol\u00eancia\u201d <\/a>e \u201cprovoca\u00e7\u00e3o, proposi\u00e7\u00e3o e conspira\u00e7\u00e3o para cometer atos terroristas\u201d, publicou a ag\u00eancia DW.<\/p>\n<p dir=\"ltr\">O diretor do 100% Noticias tamb\u00e9m disse em sua mensagem que o julgamento que o espera e Pineda tem um promotor, um juiz e a m\u00eddia que o cobrir\u00e1 <a href=\"https:\/\/www.elnuevodiario.com.ni\/nacionales\/484580-eurodiputado-publica-video-miguel-mora-chipote\/\">do lado do governo<\/a>.<\/p>\n<p dir=\"ltr\">\"<a href=\"https:\/\/www.elnuevodiario.com.ni\/nacionales\/484580-eurodiputado-publica-video-miguel-mora-chipote\/\">O jornalismo nicarag\u00fcense n\u00e3o vai ceder<\/a>, n\u00f3s n\u00e3o mudamos de id\u00e9ia, eles podem nos confinar, nos amea\u00e7ar, inventar julgamentos, nos prender, podem at\u00e9 nos matar, porque j\u00e1 mataram um camarada, podem nos ferir com uma bala, mas o compromisso do jornalismo da Nicar\u00e1gua \u00e9 manter a liberdade de express\u00e3o e a liberdade de imprensa para que outras liberdades na Nicar\u00e1gua possam retornar uma vez que Deus assim deseje\", disse Mora.<\/p>\n<p dir=\"ltr\">O advogado de Mora e Pineda, Julio Montenegro, tamb\u00e9m advogado da Comiss\u00e3o Permanente de Direitos Humanos (CPDH), informou que os dois jornalistas ficaram <a href=\"https:\/\/confidencial.com.ni\/una-biblia-para-miguel-mora\/\">31 dias sem poder ver suas fam\u00edlias e que Mora dorme no ch\u00e3o<\/a> em uma cela escura, relatou Confidencial.<\/p>\n<p dir=\"ltr\">Em sua <a href=\"https:\/\/www.laprensa.com.ni\/2019\/01\/28\/nacionales\/2518714-lucia-pineda-ubau-desde-el-chipote-queremos-siempre-la-libertad-porque-no-somos-delincuentes\">mensagem<\/a>, Pineda pede aos nicaraguenses e ao mundo que continuem orando pela Nicar\u00e1gua, publicou La Prensa. \"O que eu digo \u00e9 que orem e que sempre queremos liberdade <a href=\"https:\/\/www.laprensa.com.ni\/2019\/01\/28\/nacionales\/2518714-lucia-pineda-ubau-desde-el-chipote-queremos-siempre-la-libertad-porque-no-somos-delincuentes\">porque n\u00e3o somos criminosos<\/a>, no meu caso, sou jornalista\", disse Pineda.<\/p>\n<p dir=\"ltr\">Pineda tamb\u00e9m pediu ao governo da Nicar\u00e1gua que <a href=\"https:\/\/www.elnuevodiario.com.ni\/nacionales\/484580-eurodiputado-publica-video-miguel-mora-chipote\/\">atendesse aos pedidos de seus parentes na Costa Rica e \u00e0s autoridades daquele pa\u00eds<\/a>, porque ela tem dupla nacionalidade como nicaraguense-costa-riquenha. No entanto, o Consulado da Costa Rica na Nicar\u00e1gua informou que, apesar de estarem acompanhando de perto o processo contra o jornalista, nenhum membro da fam\u00edlia na Costa Rica apresentou uma <a href=\"https:\/\/www.elnuevodiario.com.ni\/nacionales\/484617-costa-rica-alerta-proceso-periodista-lucia\/\">peti\u00e7\u00e3o de repatria\u00e7\u00e3o<\/a>, informou o El Nuevo Diario.<\/p>\n<p dir=\"ltr\">Na invas\u00e3o policial do canal 100% Noticias na noite de 21 de dezembro, Pineda e Mora foram presos junto com Ver\u00f4nica Ch\u00e1vez, esposa de Mora, <a href=\"https:\/\/confidencial.com.ni\/dictadura-monta-proceso-expres-contra-miguel-mora\/\">que foi libertada horas depois<\/a>, segundo a Confidencial.<\/p>\n<p dir=\"ltr\">\"Condi\u00e7\u00f5es subumanas para prisioneiros de consci\u00eancia. Condi\u00e7\u00f5es subumanas nas pris\u00f5es oferecidas pelo regime de Ortega. <a href=\"https:\/\/twitter.com\/JoseFariaMEP\/status\/1089963306360758272\">Pe\u00e7o liberdade imediata para esses cidad\u00e3os<\/a>, que n\u00e3o s\u00e3o criminosos e que s\u00f3 amam seu pa\u00eds\", afirmou Faria em sua conta no Twitter.<\/p>\n<p dir=\"ltr\">Ap\u00f3s a visita, os eurodeputados alertaram o governo que, se a crise do pa\u00eds persistir, desencadeada pela pr\u00f3pria repress\u00e3o do governo, a Uni\u00e3o Europeia <a href=\"https:\/\/confidencial.com.ni\/eurodiputados-no-hay-golpe-de-estado-y-libertad-para-presos-politicos\/\">poder\u00e1 tomar medidas judiciais <\/a>em rela\u00e7\u00e3o aos acordos de direitos humanos e democracia aos quais a Nicar\u00e1gua est\u00e1 inscrita, publicou Confidencial.<\/p>\n","protected":false},"excerpt":{"rendered":"<p>Pela primeira vez, o diretor do 100% Noticias, Miguel Mora, e a diretora de not\u00edcias do mesmo meio de comunica\u00e7\u00e3o, Luc\u00eda Pineda, enviaram mensagens de v\u00eddeo da pris\u00e3o, nas quais \u00e9 poss\u00edvel ver as condi\u00e7\u00f5es prec\u00e1rias de seu confinamento.<\/p>\n","protected":false},"author":4,"featured_media":2669,"comment_status":"closed","ping_status":"closed","sticky":false,"template":"","format":"standard","meta":{"inline_featured_image":false,"footnotes":""},"categories":[1219],"tags":[1567,1591],"coauthors":[],"class_list":["post-2672","post","type-post","status-publish","format-standard","has-post-thumbnail","hentry","category-liberdade-de-imprensa-pt-br","tag-detencoes-pt-br","tag-nicaragua-pt-br"],"acf":[],"yoast_head":"<!-- This site is optimized with the Yoast SEO Premium plugin v22.6 (Yoast SEO v27.4) - https:\/\/yoast.com\/product\/yoast-seo-premium-wordpress\/ -->\n<title>Ap\u00f3s visitar jornalistas na pris\u00e3o, membros do Parlamento Europeu pedem que Nicar\u00e1gua libere presos pol\u00edticos - LatAm Journalism Review by the Knight Center<\/title>\n<meta name=\"description\" content=\"Ap\u00f3s visitar jornalistas na pris\u00e3o, membros do Parlamento Europeu pedem que Nicar\u00e1gua libere presos pol\u00edticos . Latin American Journalism Review by The Knight Center at The University of Texas at Austin.\" \/>\n<meta name=\"robots\" content=\"index, follow, max-snippet:-1, max-image-preview:large, max-video-preview:-1\" \/>\n<link rel=\"canonical\" href=\"https:\/\/latamjournalismreview.org\/pt-br\/articles\/apos-visitar-jornalistas-na-prisao-membros-do-parlamento-europeu-pedem-que-nicaragua-libere-presos-politicos\/\" \/>\n<meta property=\"og:locale\" content=\"pt_BR\" \/>\n<meta property=\"og:type\" content=\"article\" \/>\n<meta property=\"og:title\" content=\"Ap\u00f3s visitar jornalistas na pris\u00e3o, membros do Parlamento Europeu pedem que Nicar\u00e1gua libere presos pol\u00edticos\" \/>\n<meta property=\"og:description\" content=\"Ap\u00f3s visitar jornalistas na pris\u00e3o, membros do Parlamento Europeu pedem que Nicar\u00e1gua libere presos pol\u00edticos . Latin American Journalism Review by The Knight Center at The University of Texas at Austin.\" \/>\n<meta property=\"og:url\" content=\"https:\/\/latamjournalismreview.org\/pt-br\/articles\/apos-visitar-jornalistas-na-prisao-membros-do-parlamento-europeu-pedem-que-nicaragua-libere-presos-politicos\/\" \/>\n<meta property=\"og:site_name\" content=\"LatAm Journalism Review by the Knight Center\" \/>\n<meta property=\"article:published_time\" content=\"2019-01-30T06:44:07+00:00\" \/>\n<meta property=\"article:modified_time\" content=\"2020-06-11T01:35:08+00:00\" \/>\n<meta property=\"og:image\" content=\"https:\/\/latamjournalismreview.org\/wp-content\/uploads\/2020\/05\/Journalists-Luc\u00eda-Pineda-and-Miguel-Mora-from-prison.-Screenshots.png\" \/>\n\t<meta property=\"og:image:width\" content=\"759\" \/>\n\t<meta property=\"og:image:height\" content=\"334\" \/>\n\t<meta property=\"og:image:type\" content=\"image\/png\" \/>\n<meta name=\"author\" content=\"Paola Nalvarte\" \/>\n<meta name=\"twitter:card\" content=\"summary_large_image\" \/>\n<meta name=\"twitter:creator\" content=\"@paolanalvarte\" \/>\n<meta name=\"twitter:site\" content=\"@LatAmJournalism\" \/>\n<meta name=\"twitter:label1\" content=\"Written by\" \/>\n\t<meta name=\"twitter:data1\" content=\"Paola Nalvarte\" \/>\n\t<meta name=\"twitter:label2\" content=\"Est. reading time\" \/>\n\t<meta name=\"twitter:data2\" content=\"4 minutos\" \/>\n<script type=\"application\/ld+json\" class=\"yoast-schema-graph\">{\"@context\":\"https:\\\/\\\/schema.org\",\"@graph\":[{\"@type\":\"Article\",\"@id\":\"https:\\\/\\\/latamjournalismreview.org\\\/pt-br\\\/articles\\\/apos-visitar-jornalistas-na-prisao-membros-do-parlamento-europeu-pedem-que-nicaragua-libere-presos-politicos\\\/#article\",\"isPartOf\":{\"@id\":\"https:\\\/\\\/latamjournalismreview.org\\\/pt-br\\\/articles\\\/apos-visitar-jornalistas-na-prisao-membros-do-parlamento-europeu-pedem-que-nicaragua-libere-presos-politicos\\\/\"},\"author\":{\"name\":\"Paola Nalvarte\",\"@id\":\"https:\\\/\\\/latamjournalismreview.org\\\/pt-br\\\/#\\\/schema\\\/person\\\/d0b9fa850ef1b6f56bb445e52f29f63f\"},\"headline\":\"Ap\u00f3s visitar jornalistas na pris\u00e3o, membros do Parlamento Europeu pedem que Nicar\u00e1gua libere presos pol\u00edticos\",\"datePublished\":\"2019-01-30T06:44:07+00:00\",\"dateModified\":\"2020-06-11T01:35:08+00:00\",\"mainEntityOfPage\":{\"@id\":\"https:\\\/\\\/latamjournalismreview.org\\\/pt-br\\\/articles\\\/apos-visitar-jornalistas-na-prisao-membros-do-parlamento-europeu-pedem-que-nicaragua-libere-presos-politicos\\\/\"},\"wordCount\":720,\"publisher\":{\"@id\":\"https:\\\/\\\/latamjournalismreview.org\\\/pt-br\\\/#organization\"},\"image\":{\"@id\":\"https:\\\/\\\/latamjournalismreview.org\\\/pt-br\\\/articles\\\/apos-visitar-jornalistas-na-prisao-membros-do-parlamento-europeu-pedem-que-nicaragua-libere-presos-politicos\\\/#primaryimage\"},\"thumbnailUrl\":\"https:\\\/\\\/latamjournalismreview.org\\\/wp-content\\\/uploads\\\/2020\\\/05\\\/Journalists-Luc\u00eda-Pineda-and-Miguel-Mora-from-prison.-Screenshots.png\",\"keywords\":[\"Deten\u00e7\u00f5es\",\"Nicar\u00e1gua\"],\"articleSection\":[\"Liberdade de imprensa\"],\"inLanguage\":\"pt-BR\"},{\"@type\":\"WebPage\",\"@id\":\"https:\\\/\\\/latamjournalismreview.org\\\/pt-br\\\/articles\\\/apos-visitar-jornalistas-na-prisao-membros-do-parlamento-europeu-pedem-que-nicaragua-libere-presos-politicos\\\/\",\"url\":\"https:\\\/\\\/latamjournalismreview.org\\\/pt-br\\\/articles\\\/apos-visitar-jornalistas-na-prisao-membros-do-parlamento-europeu-pedem-que-nicaragua-libere-presos-politicos\\\/\",\"name\":\"Ap\u00f3s visitar jornalistas na pris\u00e3o, membros do Parlamento Europeu pedem que Nicar\u00e1gua libere presos pol\u00edticos - LatAm Journalism Review by the Knight Center\",\"isPartOf\":{\"@id\":\"https:\\\/\\\/latamjournalismreview.org\\\/pt-br\\\/#website\"},\"primaryImageOfPage\":{\"@id\":\"https:\\\/\\\/latamjournalismreview.org\\\/pt-br\\\/articles\\\/apos-visitar-jornalistas-na-prisao-membros-do-parlamento-europeu-pedem-que-nicaragua-libere-presos-politicos\\\/#primaryimage\"},\"image\":{\"@id\":\"https:\\\/\\\/latamjournalismreview.org\\\/pt-br\\\/articles\\\/apos-visitar-jornalistas-na-prisao-membros-do-parlamento-europeu-pedem-que-nicaragua-libere-presos-politicos\\\/#primaryimage\"},\"thumbnailUrl\":\"https:\\\/\\\/latamjournalismreview.org\\\/wp-content\\\/uploads\\\/2020\\\/05\\\/Journalists-Luc\u00eda-Pineda-and-Miguel-Mora-from-prison.-Screenshots.png\",\"datePublished\":\"2019-01-30T06:44:07+00:00\",\"dateModified\":\"2020-06-11T01:35:08+00:00\",\"description\":\"Ap\u00f3s visitar jornalistas na pris\u00e3o, membros do Parlamento Europeu pedem que Nicar\u00e1gua libere presos pol\u00edticos . Latin American Journalism Review by The Knight Center at The University of Texas at Austin.\",\"breadcrumb\":{\"@id\":\"https:\\\/\\\/latamjournalismreview.org\\\/pt-br\\\/articles\\\/apos-visitar-jornalistas-na-prisao-membros-do-parlamento-europeu-pedem-que-nicaragua-libere-presos-politicos\\\/#breadcrumb\"},\"inLanguage\":\"pt-BR\",\"potentialAction\":[{\"@type\":\"ReadAction\",\"target\":[\"https:\\\/\\\/latamjournalismreview.org\\\/pt-br\\\/articles\\\/apos-visitar-jornalistas-na-prisao-membros-do-parlamento-europeu-pedem-que-nicaragua-libere-presos-politicos\\\/\"]}]},{\"@type\":\"ImageObject\",\"inLanguage\":\"pt-BR\",\"@id\":\"https:\\\/\\\/latamjournalismreview.org\\\/pt-br\\\/articles\\\/apos-visitar-jornalistas-na-prisao-membros-do-parlamento-europeu-pedem-que-nicaragua-libere-presos-politicos\\\/#primaryimage\",\"url\":\"https:\\\/\\\/latamjournalismreview.org\\\/wp-content\\\/uploads\\\/2020\\\/05\\\/Journalists-Luc\u00eda-Pineda-and-Miguel-Mora-from-prison.-Screenshots.png\",\"contentUrl\":\"https:\\\/\\\/latamjournalismreview.org\\\/wp-content\\\/uploads\\\/2020\\\/05\\\/Journalists-Luc\u00eda-Pineda-and-Miguel-Mora-from-prison.-Screenshots.png\",\"width\":759,\"height\":334,\"caption\":\"Journalists Luc\u00eda Pineda and Miguel Mora from prison. (Screenshots)\"},{\"@type\":\"BreadcrumbList\",\"@id\":\"https:\\\/\\\/latamjournalismreview.org\\\/pt-br\\\/articles\\\/apos-visitar-jornalistas-na-prisao-membros-do-parlamento-europeu-pedem-que-nicaragua-libere-presos-politicos\\\/#breadcrumb\",\"itemListElement\":[{\"@type\":\"ListItem\",\"position\":1,\"name\":\"Home\",\"item\":\"https:\\\/\\\/latamjournalismreview.org\\\/pt-br\\\/\"},{\"@type\":\"ListItem\",\"position\":2,\"name\":\"Ap\u00f3s visitar jornalistas na pris\u00e3o, membros do Parlamento Europeu pedem que Nicar\u00e1gua libere presos pol\u00edticos\"}]},{\"@type\":\"WebSite\",\"@id\":\"https:\\\/\\\/latamjournalismreview.org\\\/pt-br\\\/#website\",\"url\":\"https:\\\/\\\/latamjournalismreview.org\\\/pt-br\\\/\",\"name\":\"LatAm Journalism Review\",\"description\":\"Digital magazine on journalism in Latin America\",\"publisher\":{\"@id\":\"https:\\\/\\\/latamjournalismreview.org\\\/pt-br\\\/#organization\"},\"potentialAction\":[{\"@type\":\"SearchAction\",\"target\":{\"@type\":\"EntryPoint\",\"urlTemplate\":\"https:\\\/\\\/latamjournalismreview.org\\\/pt-br\\\/?s={search_term_string}\"},\"query-input\":{\"@type\":\"PropertyValueSpecification\",\"valueRequired\":true,\"valueName\":\"search_term_string\"}}],\"inLanguage\":\"pt-BR\"},{\"@type\":\"Organization\",\"@id\":\"https:\\\/\\\/latamjournalismreview.org\\\/pt-br\\\/#organization\",\"name\":\"LatAm Journalism Review\",\"url\":\"https:\\\/\\\/latamjournalismreview.org\\\/pt-br\\\/\",\"logo\":{\"@type\":\"ImageObject\",\"inLanguage\":\"pt-BR\",\"@id\":\"https:\\\/\\\/latamjournalismreview.org\\\/pt-br\\\/#\\\/schema\\\/logo\\\/image\\\/\",\"url\":\"https:\\\/\\\/latamjournalismreview.org\\\/wp-content\\\/uploads\\\/2020\\\/05\\\/knight-latAm-review-logo.svg\",\"contentUrl\":\"https:\\\/\\\/latamjournalismreview.org\\\/wp-content\\\/uploads\\\/2020\\\/05\\\/knight-latAm-review-logo.svg\",\"width\":\"1024\",\"height\":\"1024\",\"caption\":\"LatAm Journalism Review\"},\"image\":{\"@id\":\"https:\\\/\\\/latamjournalismreview.org\\\/pt-br\\\/#\\\/schema\\\/logo\\\/image\\\/\"},\"sameAs\":[\"https:\\\/\\\/x.com\\\/LatAmJournalism\"]},{\"@type\":\"Person\",\"@id\":\"https:\\\/\\\/latamjournalismreview.org\\\/pt-br\\\/#\\\/schema\\\/person\\\/d0b9fa850ef1b6f56bb445e52f29f63f\",\"name\":\"Paola Nalvarte\",\"description\":\"Paola Nalvarte is a Peruvian journalist and documentary photographer living in Austin, Texas. She focuses on covering and writing about the Andes region. In Peru, Paola worked in the Lima office of the Italian news agency ANSA, on the economic news desk of the daily Expreso, and for ten years she has been working on different editorial projects doing picture editing and research for one of the oldest Spanish-language papers in the world, the Peruvian newspaper El Comercio. She also enjoyed writing for the newspaper weekly magazine Somos. Paola Nalvarte es una periodista y fot\u00f3grafa documental peruana que vive en Austin, Texas. El foco de inter\u00e9s de su cobertura noticiosa es la regi\u00f3n andina. En Per\u00fa, Paola trabaj\u00f3 en la oficina de Lima de la agencia italiana de noticias ANSA, en la secci\u00f3n de econom\u00eda del diario Expreso y por diez a\u00f1os hizo investigaci\u00f3n fotogr\u00e1fica y edici\u00f3n de fotograf\u00eda editorial en el diario decano de la prensa peruana, El Comercio. Tambi\u00e9n escribi\u00f3 para Somos, la revista semanal del mismo diario\u200b, art\u00edculos sobre medio ambiente y cultura. Paola Nalvarte \u00e9 uma jornalista peruana e fot\u00f3grafa documentarista que vive em Austin, Texas. O foco de interesse da sua cobertura jornal\u00edstica \u00e9 a regi\u00e3o andina. No Peru, Paola trabalhou no escrit\u00f3rio de Lima da ag\u00eancia de not\u00edcias italiana ANSA, na se\u00e7\u00e3o de economia do jornal Expreso e, por dez anos, fez pesquisa fotogr\u00e1fica e edi\u00e7\u00e3o de fotografia editorial para um dos jornais em espanhol mais antigos do mundo, o jornal peruano El Comercio. Ela tamb\u00e9m escreveu artigos de meio ambiente e cultura para a Somos, a revista semanal do mesmo jornal.\",\"sameAs\":[\"https:\\\/\\\/x.com\\\/paolanalvarte\"],\"url\":\"https:\\\/\\\/latamjournalismreview.org\\\/pt-br\\\/articles\\\/author\\\/paola-nalvarte\\\/\"}]}<\/script>\n<!-- \/ Yoast SEO Premium plugin. -->","yoast_head_json":{"title":"Ap\u00f3s visitar jornalistas na pris\u00e3o, membros do Parlamento Europeu pedem que Nicar\u00e1gua libere presos pol\u00edticos - LatAm Journalism Review by the Knight Center","description":"Ap\u00f3s visitar jornalistas na pris\u00e3o, membros do Parlamento Europeu pedem que Nicar\u00e1gua libere presos pol\u00edticos . Latin American Journalism Review by The Knight Center at The University of Texas at Austin.","robots":{"index":"index","follow":"follow","max-snippet":"max-snippet:-1","max-image-preview":"max-image-preview:large","max-video-preview":"max-video-preview:-1"},"canonical":"https:\/\/latamjournalismreview.org\/pt-br\/articles\/apos-visitar-jornalistas-na-prisao-membros-do-parlamento-europeu-pedem-que-nicaragua-libere-presos-politicos\/","og_locale":"pt_BR","og_type":"article","og_title":"Ap\u00f3s visitar jornalistas na pris\u00e3o, membros do Parlamento Europeu pedem que Nicar\u00e1gua libere presos pol\u00edticos","og_description":"Ap\u00f3s visitar jornalistas na pris\u00e3o, membros do Parlamento Europeu pedem que Nicar\u00e1gua libere presos pol\u00edticos . Latin American Journalism Review by The Knight Center at The University of Texas at Austin.","og_url":"https:\/\/latamjournalismreview.org\/pt-br\/articles\/apos-visitar-jornalistas-na-prisao-membros-do-parlamento-europeu-pedem-que-nicaragua-libere-presos-politicos\/","og_site_name":"LatAm Journalism Review by the Knight Center","article_published_time":"2019-01-30T06:44:07+00:00","article_modified_time":"2020-06-11T01:35:08+00:00","og_image":[{"width":759,"height":334,"url":"https:\/\/latamjournalismreview.org\/wp-content\/uploads\/2020\/05\/Journalists-Luc\u00eda-Pineda-and-Miguel-Mora-from-prison.-Screenshots.png","type":"image\/png"}],"author":"Paola Nalvarte","twitter_card":"summary_large_image","twitter_creator":"@paolanalvarte","twitter_site":"@LatAmJournalism","twitter_misc":{"Written by":"Paola Nalvarte","Est. reading time":"4 minutos"},"schema":{"@context":"https:\/\/schema.org","@graph":[{"@type":"Article","@id":"https:\/\/latamjournalismreview.org\/pt-br\/articles\/apos-visitar-jornalistas-na-prisao-membros-do-parlamento-europeu-pedem-que-nicaragua-libere-presos-politicos\/#article","isPartOf":{"@id":"https:\/\/latamjournalismreview.org\/pt-br\/articles\/apos-visitar-jornalistas-na-prisao-membros-do-parlamento-europeu-pedem-que-nicaragua-libere-presos-politicos\/"},"author":{"name":"Paola Nalvarte","@id":"https:\/\/latamjournalismreview.org\/pt-br\/#\/schema\/person\/d0b9fa850ef1b6f56bb445e52f29f63f"},"headline":"Ap\u00f3s visitar jornalistas na pris\u00e3o, membros do Parlamento Europeu pedem que Nicar\u00e1gua libere presos pol\u00edticos","datePublished":"2019-01-30T06:44:07+00:00","dateModified":"2020-06-11T01:35:08+00:00","mainEntityOfPage":{"@id":"https:\/\/latamjournalismreview.org\/pt-br\/articles\/apos-visitar-jornalistas-na-prisao-membros-do-parlamento-europeu-pedem-que-nicaragua-libere-presos-politicos\/"},"wordCount":720,"publisher":{"@id":"https:\/\/latamjournalismreview.org\/pt-br\/#organization"},"image":{"@id":"https:\/\/latamjournalismreview.org\/pt-br\/articles\/apos-visitar-jornalistas-na-prisao-membros-do-parlamento-europeu-pedem-que-nicaragua-libere-presos-politicos\/#primaryimage"},"thumbnailUrl":"https:\/\/latamjournalismreview.org\/wp-content\/uploads\/2020\/05\/Journalists-Luc\u00eda-Pineda-and-Miguel-Mora-from-prison.-Screenshots.png","keywords":["Deten\u00e7\u00f5es","Nicar\u00e1gua"],"articleSection":["Liberdade de imprensa"],"inLanguage":"pt-BR"},{"@type":"WebPage","@id":"https:\/\/latamjournalismreview.org\/pt-br\/articles\/apos-visitar-jornalistas-na-prisao-membros-do-parlamento-europeu-pedem-que-nicaragua-libere-presos-politicos\/","url":"https:\/\/latamjournalismreview.org\/pt-br\/articles\/apos-visitar-jornalistas-na-prisao-membros-do-parlamento-europeu-pedem-que-nicaragua-libere-presos-politicos\/","name":"Ap\u00f3s visitar jornalistas na pris\u00e3o, membros do Parlamento Europeu pedem que Nicar\u00e1gua libere presos pol\u00edticos - LatAm Journalism Review by the Knight Center","isPartOf":{"@id":"https:\/\/latamjournalismreview.org\/pt-br\/#website"},"primaryImageOfPage":{"@id":"https:\/\/latamjournalismreview.org\/pt-br\/articles\/apos-visitar-jornalistas-na-prisao-membros-do-parlamento-europeu-pedem-que-nicaragua-libere-presos-politicos\/#primaryimage"},"image":{"@id":"https:\/\/latamjournalismreview.org\/pt-br\/articles\/apos-visitar-jornalistas-na-prisao-membros-do-parlamento-europeu-pedem-que-nicaragua-libere-presos-politicos\/#primaryimage"},"thumbnailUrl":"https:\/\/latamjournalismreview.org\/wp-content\/uploads\/2020\/05\/Journalists-Luc\u00eda-Pineda-and-Miguel-Mora-from-prison.-Screenshots.png","datePublished":"2019-01-30T06:44:07+00:00","dateModified":"2020-06-11T01:35:08+00:00","description":"Ap\u00f3s visitar jornalistas na pris\u00e3o, membros do Parlamento Europeu pedem que Nicar\u00e1gua libere presos pol\u00edticos . Latin American Journalism Review by The Knight Center at The University of Texas at Austin.","breadcrumb":{"@id":"https:\/\/latamjournalismreview.org\/pt-br\/articles\/apos-visitar-jornalistas-na-prisao-membros-do-parlamento-europeu-pedem-que-nicaragua-libere-presos-politicos\/#breadcrumb"},"inLanguage":"pt-BR","potentialAction":[{"@type":"ReadAction","target":["https:\/\/latamjournalismreview.org\/pt-br\/articles\/apos-visitar-jornalistas-na-prisao-membros-do-parlamento-europeu-pedem-que-nicaragua-libere-presos-politicos\/"]}]},{"@type":"ImageObject","inLanguage":"pt-BR","@id":"https:\/\/latamjournalismreview.org\/pt-br\/articles\/apos-visitar-jornalistas-na-prisao-membros-do-parlamento-europeu-pedem-que-nicaragua-libere-presos-politicos\/#primaryimage","url":"https:\/\/latamjournalismreview.org\/wp-content\/uploads\/2020\/05\/Journalists-Luc\u00eda-Pineda-and-Miguel-Mora-from-prison.-Screenshots.png","contentUrl":"https:\/\/latamjournalismreview.org\/wp-content\/uploads\/2020\/05\/Journalists-Luc\u00eda-Pineda-and-Miguel-Mora-from-prison.-Screenshots.png","width":759,"height":334,"caption":"Journalists Luc\u00eda Pineda and Miguel Mora from prison. (Screenshots)"},{"@type":"BreadcrumbList","@id":"https:\/\/latamjournalismreview.org\/pt-br\/articles\/apos-visitar-jornalistas-na-prisao-membros-do-parlamento-europeu-pedem-que-nicaragua-libere-presos-politicos\/#breadcrumb","itemListElement":[{"@type":"ListItem","position":1,"name":"Home","item":"https:\/\/latamjournalismreview.org\/pt-br\/"},{"@type":"ListItem","position":2,"name":"Ap\u00f3s visitar jornalistas na pris\u00e3o, membros do Parlamento Europeu pedem que Nicar\u00e1gua libere presos pol\u00edticos"}]},{"@type":"WebSite","@id":"https:\/\/latamjournalismreview.org\/pt-br\/#website","url":"https:\/\/latamjournalismreview.org\/pt-br\/","name":"LatAm Journalism Review","description":"Digital magazine on journalism in Latin America","publisher":{"@id":"https:\/\/latamjournalismreview.org\/pt-br\/#organization"},"potentialAction":[{"@type":"SearchAction","target":{"@type":"EntryPoint","urlTemplate":"https:\/\/latamjournalismreview.org\/pt-br\/?s={search_term_string}"},"query-input":{"@type":"PropertyValueSpecification","valueRequired":true,"valueName":"search_term_string"}}],"inLanguage":"pt-BR"},{"@type":"Organization","@id":"https:\/\/latamjournalismreview.org\/pt-br\/#organization","name":"LatAm Journalism Review","url":"https:\/\/latamjournalismreview.org\/pt-br\/","logo":{"@type":"ImageObject","inLanguage":"pt-BR","@id":"https:\/\/latamjournalismreview.org\/pt-br\/#\/schema\/logo\/image\/","url":"https:\/\/latamjournalismreview.org\/wp-content\/uploads\/2020\/05\/knight-latAm-review-logo.svg","contentUrl":"https:\/\/latamjournalismreview.org\/wp-content\/uploads\/2020\/05\/knight-latAm-review-logo.svg","width":"1024","height":"1024","caption":"LatAm Journalism Review"},"image":{"@id":"https:\/\/latamjournalismreview.org\/pt-br\/#\/schema\/logo\/image\/"},"sameAs":["https:\/\/x.com\/LatAmJournalism"]},{"@type":"Person","@id":"https:\/\/latamjournalismreview.org\/pt-br\/#\/schema\/person\/d0b9fa850ef1b6f56bb445e52f29f63f","name":"Paola Nalvarte","description":"Paola Nalvarte is a Peruvian journalist and documentary photographer living in Austin, Texas. She focuses on covering and writing about the Andes region. In Peru, Paola worked in the Lima office of the Italian news agency ANSA, on the economic news desk of the daily Expreso, and for ten years she has been working on different editorial projects doing picture editing and research for one of the oldest Spanish-language papers in the world, the Peruvian newspaper El Comercio. She also enjoyed writing for the newspaper weekly magazine Somos. Paola Nalvarte es una periodista y fot\u00f3grafa documental peruana que vive en Austin, Texas. El foco de inter\u00e9s de su cobertura noticiosa es la regi\u00f3n andina. En Per\u00fa, Paola trabaj\u00f3 en la oficina de Lima de la agencia italiana de noticias ANSA, en la secci\u00f3n de econom\u00eda del diario Expreso y por diez a\u00f1os hizo investigaci\u00f3n fotogr\u00e1fica y edici\u00f3n de fotograf\u00eda editorial en el diario decano de la prensa peruana, El Comercio. Tambi\u00e9n escribi\u00f3 para Somos, la revista semanal del mismo diario\u200b, art\u00edculos sobre medio ambiente y cultura. Paola Nalvarte \u00e9 uma jornalista peruana e fot\u00f3grafa documentarista que vive em Austin, Texas. O foco de interesse da sua cobertura jornal\u00edstica \u00e9 a regi\u00e3o andina. No Peru, Paola trabalhou no escrit\u00f3rio de Lima da ag\u00eancia de not\u00edcias italiana ANSA, na se\u00e7\u00e3o de economia do jornal Expreso e, por dez anos, fez pesquisa fotogr\u00e1fica e edi\u00e7\u00e3o de fotografia editorial para um dos jornais em espanhol mais antigos do mundo, o jornal peruano El Comercio. Ela tamb\u00e9m escreveu artigos de meio ambiente e cultura para a Somos, a revista semanal do mesmo jornal.","sameAs":["https:\/\/x.com\/paolanalvarte"],"url":"https:\/\/latamjournalismreview.org\/pt-br\/articles\/author\/paola-nalvarte\/"}]}},"_links":{"self":[{"href":"https:\/\/latamjournalismreview.org\/pt-br\/wp-json\/wp\/v2\/posts\/2672","targetHints":{"allow":["GET"]}}],"collection":[{"href":"https:\/\/latamjournalismreview.org\/pt-br\/wp-json\/wp\/v2\/posts"}],"about":[{"href":"https:\/\/latamjournalismreview.org\/pt-br\/wp-json\/wp\/v2\/types\/post"}],"author":[{"embeddable":true,"href":"https:\/\/latamjournalismreview.org\/pt-br\/wp-json\/wp\/v2\/users\/4"}],"replies":[{"embeddable":true,"href":"https:\/\/latamjournalismreview.org\/pt-br\/wp-json\/wp\/v2\/comments?post=2672"}],"version-history":[{"count":3,"href":"https:\/\/latamjournalismreview.org\/pt-br\/wp-json\/wp\/v2\/posts\/2672\/revisions"}],"predecessor-version":[{"id":6576,"href":"https:\/\/latamjournalismreview.org\/pt-br\/wp-json\/wp\/v2\/posts\/2672\/revisions\/6576"}],"wp:featuredmedia":[{"embeddable":true,"href":"https:\/\/latamjournalismreview.org\/pt-br\/wp-json\/wp\/v2\/media\/2669"}],"wp:attachment":[{"href":"https:\/\/latamjournalismreview.org\/pt-br\/wp-json\/wp\/v2\/media?parent=2672"}],"wp:term":[{"taxonomy":"category","embeddable":true,"href":"https:\/\/latamjournalismreview.org\/pt-br\/wp-json\/wp\/v2\/categories?post=2672"},{"taxonomy":"post_tag","embeddable":true,"href":"https:\/\/latamjournalismreview.org\/pt-br\/wp-json\/wp\/v2\/tags?post=2672"},{"taxonomy":"author","embeddable":true,"href":"https:\/\/latamjournalismreview.org\/pt-br\/wp-json\/wp\/v2\/coauthors?post=2672"}],"curies":[{"name":"wp","href":"https:\/\/api.w.org\/{rel}","templated":true}]}}