{"id":26888,"date":"2012-02-27T15:05:43","date_gmt":"2012-02-27T20:05:43","guid":{"rendered":"https:\/\/latamjournalismreview.org\/?p=26888"},"modified":"2021-08-19T15:08:19","modified_gmt":"2021-08-19T20:08:19","slug":"jornalistas-de-emissora-de-tv-hondurenha-recebem-ameacas-de-morte-apos-cobrir-incendio-em-penitenciaria","status":"publish","type":"post","link":"https:\/\/latamjournalismreview.org\/pt-br\/articles\/jornalistas-de-emissora-de-tv-hondurenha-recebem-ameacas-de-morte-apos-cobrir-incendio-em-penitenciaria\/","title":{"rendered":"Jornalistas de emissora de TV hondurenha recebem amea\u00e7as de morte ap\u00f3s cobrir inc\u00eandio em penitenci\u00e1ria"},"content":{"rendered":"<p><a href=\"http:\/\/clibrehonduras.com\/main\/noticias\/periodistas-amenazados-de-muerte-por-cobertura-period%C3%ADstica\" target=\"_blank\" rel=\"noopener\">Tr\u00eas jornalistas de um canal de televis\u00e3o local de Honduras receberam amea\u00e7as de morte<\/a>\u00a0pela cobertura que realizaram sobre o\u00a0<a href=\"http:\/\/www.elmundo.es\/america\/2012\/02\/22\/noticias\/1329867259.html\" target=\"_blank\" rel=\"noopener\">inc\u00eandio de uma pris\u00e3o que causou a morte de 350 presos<\/a>\u00a0em 14 de fevereiro, na cidade de\u00a0<a href=\"http:\/\/es.wikipedia.org\/wiki\/Comayagua\" target=\"_blank\" rel=\"noopener\">Comayagua<\/a>, no centro do pa\u00eds, informou a organiza\u00e7\u00e3o Comit\u00ea pela Livre Express\u00e3o (C-Libre).<\/p>\n<p>O jornalista Luis Rodr\u00edguez, o cinegrafista Javier Villalobos e o propriet\u00e1rio do canal Catedral TV, Juan Ram\u00f3n Flores, receberam\u00a0<a href=\"http:\/\/conexihon.info\/noticia\/libertad-de-expresi%C3%B3n\/periodistas-amenazados-de-muerte-por-cobertura-period%C3%ADstica\" target=\"_blank\" rel=\"noopener\">chamadas e mensagens de celular com a advert\u00eancia<\/a>: \u201cse continuarem falando do inc\u00eandio, vamos atear fogo em voc\u00eas\u201d, segundo narrou Flores ao site Conexihon.<\/p>\n<p>Os v\u00eddeos da emissora de TV mostram imagens que provam que 90 minutos depois do in\u00edcio do inc\u00eandio as celas permaneciam fechadas, e entrevistas com os bombeiros revelaram que foram os moradores locais, e n\u00e3o os guardas prisionais, que alertaram os bombeiros, segundo C-Libre.<\/p>\n<p>O apresentador de not\u00edcias e vice-presidente da C-Libre, Danilo Osmaro Castellanos, tamb\u00e9m recebeu\u00a0<a href=\"http:\/\/conexihon.info\/noticia\/libertad-de-expresi%C3%B3n\/vicepresidente-de-c-libre-recibe-nuevas-amenazas-contra-su-vida\" target=\"_blank\" rel=\"noopener\">amea\u00e7as contra ele e sua fam\u00edlia<\/a>\u00a0ap\u00f3s criticar a gest\u00e3o de um alto funcion\u00e1rio do departamento de\u00a0<a href=\"http:\/\/es.wikipedia.org\/wiki\/Departamento_de_Cop%C3%A1n\" target=\"-blank\" rel=\"noopener\">Cop\u00e1n<\/a>, na fronteira com a Guatemala, repercutiu a pr\u00f3pria organiza\u00e7\u00e3o.<\/p>\n<p>Devido aos\u00a0<a href=\"http:\/\/knightcenter.utexas.edu\/pt-br\/blog\/impunidade-e-tortura-sugerem-motivacao-politica-de-ataques-contra-jornalistas-em-honduras\" target=\"_blank\" rel=\"noopener\">riscos enfrentados pelos jornalistas hondurenhos<\/a>, uma delega\u00e7\u00e3o da Associa\u00e7\u00e3o de Jornalistas da Guatemala (APG) visitou o pa\u00eds no \u00faltimo dia 16 de fevereiro para\u00a0<a href=\"http:\/\/www.latribuna.hn\/2012\/02\/16\/periodistas-guatemaltecos-viajan-a-honduras-para-solidarizarse-con-colegas\/\" target=\"_blank\" rel=\"noopener\">mostrar solidariedade com os comunicadores amea\u00e7ados de morte<\/a>, informou o jornal La Tribuna.<\/p>\n","protected":false},"excerpt":{"rendered":"<p>Tr\u00eas jornalistas de um canal de televis\u00e3o local de Honduras receberam amea\u00e7as de morte\u00a0pela cobertura que realizaram sobre o\u00a0inc\u00eandio de uma pris\u00e3o que causou a morte de 350 presos\u00a0em 14 de fevereiro, na cidade de\u00a0Comayagua, no centro do pa\u00eds, informou a organiza\u00e7\u00e3o Comit\u00ea pela Livre Express\u00e3o (C-Libre).<\/p>\n","protected":false},"author":40,"featured_media":0,"comment_status":"closed","ping_status":"closed","sticky":false,"template":"","format":"standard","meta":{"inline_featured_image":false,"footnotes":""},"categories":[1221],"tags":[1613,1534,1463,1562],"coauthors":[],"class_list":["post-26888","post","type-post","status-publish","format-standard","hentry","category-violencia-contra-jornalistas-pt-br","tag-ameacas-a-jornalistas-pt-br","tag-ataques-contra-jornalistas-pt-br","tag-honduras-pt-br","tag-radio-e-tv-pt-br"],"acf":[],"yoast_head":"<!-- This site is optimized with the Yoast SEO Premium plugin v22.6 (Yoast SEO v27.4) - https:\/\/yoast.com\/product\/yoast-seo-premium-wordpress\/ -->\n<title>Jornalistas de emissora de TV hondurenha recebem amea\u00e7as de morte ap\u00f3s cobrir inc\u00eandio em penitenci\u00e1ria - LatAm Journalism Review by the Knight Center<\/title>\n<meta name=\"description\" content=\"Jornalistas de emissora de TV hondurenha recebem amea\u00e7as de morte ap\u00f3s cobrir inc\u00eandio em penitenci\u00e1ria Viol\u00eancia contra jornalistas. Latin American Journalism Review by The Knight Center at The University of Texas at Austin.\" \/>\n<meta name=\"robots\" content=\"index, follow, max-snippet:-1, max-image-preview:large, max-video-preview:-1\" \/>\n<link rel=\"canonical\" href=\"https:\/\/latamjournalismreview.org\/pt-br\/articles\/jornalistas-de-emissora-de-tv-hondurenha-recebem-ameacas-de-morte-apos-cobrir-incendio-em-penitenciaria\/\" \/>\n<meta property=\"og:locale\" content=\"pt_BR\" \/>\n<meta property=\"og:type\" content=\"article\" \/>\n<meta property=\"og:title\" content=\"Jornalistas de emissora de TV hondurenha recebem amea\u00e7as de morte ap\u00f3s cobrir inc\u00eandio em penitenci\u00e1ria\" \/>\n<meta property=\"og:description\" content=\"Jornalistas de emissora de TV hondurenha recebem amea\u00e7as de morte ap\u00f3s cobrir inc\u00eandio em penitenci\u00e1ria Viol\u00eancia contra jornalistas. Latin American Journalism Review by The Knight Center at The University of Texas at Austin.\" \/>\n<meta property=\"og:url\" content=\"https:\/\/latamjournalismreview.org\/pt-br\/articles\/jornalistas-de-emissora-de-tv-hondurenha-recebem-ameacas-de-morte-apos-cobrir-incendio-em-penitenciaria\/\" \/>\n<meta property=\"og:site_name\" content=\"LatAm Journalism Review by the Knight Center\" \/>\n<meta property=\"article:published_time\" content=\"2012-02-27T20:05:43+00:00\" \/>\n<meta property=\"article:modified_time\" content=\"2021-08-19T20:08:19+00:00\" \/>\n<meta name=\"author\" content=\"Tania Lara\" \/>\n<meta name=\"twitter:card\" content=\"summary_large_image\" \/>\n<meta name=\"twitter:creator\" content=\"@LatAmJournalism\" \/>\n<meta name=\"twitter:site\" content=\"@LatAmJournalism\" \/>\n<meta name=\"twitter:label1\" content=\"Written by\" \/>\n\t<meta name=\"twitter:data1\" content=\"Tania Lara\" \/>\n\t<meta name=\"twitter:label2\" content=\"Est. reading time\" \/>\n\t<meta name=\"twitter:data2\" content=\"1 minuto\" \/>\n<script type=\"application\/ld+json\" class=\"yoast-schema-graph\">{\"@context\":\"https:\\\/\\\/schema.org\",\"@graph\":[{\"@type\":\"Article\",\"@id\":\"https:\\\/\\\/latamjournalismreview.org\\\/pt-br\\\/articles\\\/jornalistas-de-emissora-de-tv-hondurenha-recebem-ameacas-de-morte-apos-cobrir-incendio-em-penitenciaria\\\/#article\",\"isPartOf\":{\"@id\":\"https:\\\/\\\/latamjournalismreview.org\\\/pt-br\\\/articles\\\/jornalistas-de-emissora-de-tv-hondurenha-recebem-ameacas-de-morte-apos-cobrir-incendio-em-penitenciaria\\\/\"},\"author\":{\"name\":\"Tania Lara\",\"@id\":\"https:\\\/\\\/latamjournalismreview.org\\\/pt-br\\\/#\\\/schema\\\/person\\\/51558925140f21242c6ed2d20b8260c5\"},\"headline\":\"Jornalistas de emissora de TV hondurenha recebem amea\u00e7as de morte ap\u00f3s cobrir inc\u00eandio em penitenci\u00e1ria\",\"datePublished\":\"2012-02-27T20:05:43+00:00\",\"dateModified\":\"2021-08-19T20:08:19+00:00\",\"mainEntityOfPage\":{\"@id\":\"https:\\\/\\\/latamjournalismreview.org\\\/pt-br\\\/articles\\\/jornalistas-de-emissora-de-tv-hondurenha-recebem-ameacas-de-morte-apos-cobrir-incendio-em-penitenciaria\\\/\"},\"wordCount\":264,\"publisher\":{\"@id\":\"https:\\\/\\\/latamjournalismreview.org\\\/pt-br\\\/#organization\"},\"keywords\":[\"Amea\u00e7as a jornalistas\",\"Ataques contra jornalistas\",\"Honduras\",\"R\u00e1dio e TV\"],\"articleSection\":[\"Viol\u00eancia contra jornalistas\"],\"inLanguage\":\"pt-BR\"},{\"@type\":\"WebPage\",\"@id\":\"https:\\\/\\\/latamjournalismreview.org\\\/pt-br\\\/articles\\\/jornalistas-de-emissora-de-tv-hondurenha-recebem-ameacas-de-morte-apos-cobrir-incendio-em-penitenciaria\\\/\",\"url\":\"https:\\\/\\\/latamjournalismreview.org\\\/pt-br\\\/articles\\\/jornalistas-de-emissora-de-tv-hondurenha-recebem-ameacas-de-morte-apos-cobrir-incendio-em-penitenciaria\\\/\",\"name\":\"Jornalistas de emissora de TV hondurenha recebem amea\u00e7as de morte ap\u00f3s cobrir inc\u00eandio em penitenci\u00e1ria - LatAm Journalism Review by the Knight Center\",\"isPartOf\":{\"@id\":\"https:\\\/\\\/latamjournalismreview.org\\\/pt-br\\\/#website\"},\"datePublished\":\"2012-02-27T20:05:43+00:00\",\"dateModified\":\"2021-08-19T20:08:19+00:00\",\"description\":\"Jornalistas de emissora de TV hondurenha recebem amea\u00e7as de morte ap\u00f3s cobrir inc\u00eandio em penitenci\u00e1ria Viol\u00eancia contra jornalistas. Latin American Journalism Review by The Knight Center at The University of Texas at Austin.\",\"breadcrumb\":{\"@id\":\"https:\\\/\\\/latamjournalismreview.org\\\/pt-br\\\/articles\\\/jornalistas-de-emissora-de-tv-hondurenha-recebem-ameacas-de-morte-apos-cobrir-incendio-em-penitenciaria\\\/#breadcrumb\"},\"inLanguage\":\"pt-BR\",\"potentialAction\":[{\"@type\":\"ReadAction\",\"target\":[\"https:\\\/\\\/latamjournalismreview.org\\\/pt-br\\\/articles\\\/jornalistas-de-emissora-de-tv-hondurenha-recebem-ameacas-de-morte-apos-cobrir-incendio-em-penitenciaria\\\/\"]}]},{\"@type\":\"BreadcrumbList\",\"@id\":\"https:\\\/\\\/latamjournalismreview.org\\\/pt-br\\\/articles\\\/jornalistas-de-emissora-de-tv-hondurenha-recebem-ameacas-de-morte-apos-cobrir-incendio-em-penitenciaria\\\/#breadcrumb\",\"itemListElement\":[{\"@type\":\"ListItem\",\"position\":1,\"name\":\"Home\",\"item\":\"https:\\\/\\\/latamjournalismreview.org\\\/pt-br\\\/\"},{\"@type\":\"ListItem\",\"position\":2,\"name\":\"Jornalistas de emissora de TV hondurenha recebem amea\u00e7as de morte ap\u00f3s cobrir inc\u00eandio em penitenci\u00e1ria\"}]},{\"@type\":\"WebSite\",\"@id\":\"https:\\\/\\\/latamjournalismreview.org\\\/pt-br\\\/#website\",\"url\":\"https:\\\/\\\/latamjournalismreview.org\\\/pt-br\\\/\",\"name\":\"LatAm Journalism Review\",\"description\":\"Digital magazine on journalism in Latin America\",\"publisher\":{\"@id\":\"https:\\\/\\\/latamjournalismreview.org\\\/pt-br\\\/#organization\"},\"potentialAction\":[{\"@type\":\"SearchAction\",\"target\":{\"@type\":\"EntryPoint\",\"urlTemplate\":\"https:\\\/\\\/latamjournalismreview.org\\\/pt-br\\\/?s={search_term_string}\"},\"query-input\":{\"@type\":\"PropertyValueSpecification\",\"valueRequired\":true,\"valueName\":\"search_term_string\"}}],\"inLanguage\":\"pt-BR\"},{\"@type\":\"Organization\",\"@id\":\"https:\\\/\\\/latamjournalismreview.org\\\/pt-br\\\/#organization\",\"name\":\"LatAm Journalism Review\",\"url\":\"https:\\\/\\\/latamjournalismreview.org\\\/pt-br\\\/\",\"logo\":{\"@type\":\"ImageObject\",\"inLanguage\":\"pt-BR\",\"@id\":\"https:\\\/\\\/latamjournalismreview.org\\\/pt-br\\\/#\\\/schema\\\/logo\\\/image\\\/\",\"url\":\"https:\\\/\\\/latamjournalismreview.org\\\/wp-content\\\/uploads\\\/2020\\\/05\\\/knight-latAm-review-logo.svg\",\"contentUrl\":\"https:\\\/\\\/latamjournalismreview.org\\\/wp-content\\\/uploads\\\/2020\\\/05\\\/knight-latAm-review-logo.svg\",\"width\":\"1024\",\"height\":\"1024\",\"caption\":\"LatAm Journalism Review\"},\"image\":{\"@id\":\"https:\\\/\\\/latamjournalismreview.org\\\/pt-br\\\/#\\\/schema\\\/logo\\\/image\\\/\"},\"sameAs\":[\"https:\\\/\\\/x.com\\\/LatAmJournalism\"]},{\"@type\":\"Person\",\"@id\":\"https:\\\/\\\/latamjournalismreview.org\\\/pt-br\\\/#\\\/schema\\\/person\\\/51558925140f21242c6ed2d20b8260c5\",\"name\":\"Tania Lara\",\"url\":\"https:\\\/\\\/latamjournalismreview.org\\\/pt-br\\\/articles\\\/author\\\/tania-lara\\\/\"}]}<\/script>\n<!-- \/ Yoast SEO Premium plugin. -->","yoast_head_json":{"title":"Jornalistas de emissora de TV hondurenha recebem amea\u00e7as de morte ap\u00f3s cobrir inc\u00eandio em penitenci\u00e1ria - LatAm Journalism Review by the Knight Center","description":"Jornalistas de emissora de TV hondurenha recebem amea\u00e7as de morte ap\u00f3s cobrir inc\u00eandio em penitenci\u00e1ria Viol\u00eancia contra jornalistas. Latin American Journalism Review by The Knight Center at The University of Texas at Austin.","robots":{"index":"index","follow":"follow","max-snippet":"max-snippet:-1","max-image-preview":"max-image-preview:large","max-video-preview":"max-video-preview:-1"},"canonical":"https:\/\/latamjournalismreview.org\/pt-br\/articles\/jornalistas-de-emissora-de-tv-hondurenha-recebem-ameacas-de-morte-apos-cobrir-incendio-em-penitenciaria\/","og_locale":"pt_BR","og_type":"article","og_title":"Jornalistas de emissora de TV hondurenha recebem amea\u00e7as de morte ap\u00f3s cobrir inc\u00eandio em penitenci\u00e1ria","og_description":"Jornalistas de emissora de TV hondurenha recebem amea\u00e7as de morte ap\u00f3s cobrir inc\u00eandio em penitenci\u00e1ria Viol\u00eancia contra jornalistas. Latin American Journalism Review by The Knight Center at The University of Texas at Austin.","og_url":"https:\/\/latamjournalismreview.org\/pt-br\/articles\/jornalistas-de-emissora-de-tv-hondurenha-recebem-ameacas-de-morte-apos-cobrir-incendio-em-penitenciaria\/","og_site_name":"LatAm Journalism Review by the Knight Center","article_published_time":"2012-02-27T20:05:43+00:00","article_modified_time":"2021-08-19T20:08:19+00:00","author":"Tania Lara","twitter_card":"summary_large_image","twitter_creator":"@LatAmJournalism","twitter_site":"@LatAmJournalism","twitter_misc":{"Written by":"Tania Lara","Est. reading time":"1 minuto"},"schema":{"@context":"https:\/\/schema.org","@graph":[{"@type":"Article","@id":"https:\/\/latamjournalismreview.org\/pt-br\/articles\/jornalistas-de-emissora-de-tv-hondurenha-recebem-ameacas-de-morte-apos-cobrir-incendio-em-penitenciaria\/#article","isPartOf":{"@id":"https:\/\/latamjournalismreview.org\/pt-br\/articles\/jornalistas-de-emissora-de-tv-hondurenha-recebem-ameacas-de-morte-apos-cobrir-incendio-em-penitenciaria\/"},"author":{"name":"Tania Lara","@id":"https:\/\/latamjournalismreview.org\/pt-br\/#\/schema\/person\/51558925140f21242c6ed2d20b8260c5"},"headline":"Jornalistas de emissora de TV hondurenha recebem amea\u00e7as de morte ap\u00f3s cobrir inc\u00eandio em penitenci\u00e1ria","datePublished":"2012-02-27T20:05:43+00:00","dateModified":"2021-08-19T20:08:19+00:00","mainEntityOfPage":{"@id":"https:\/\/latamjournalismreview.org\/pt-br\/articles\/jornalistas-de-emissora-de-tv-hondurenha-recebem-ameacas-de-morte-apos-cobrir-incendio-em-penitenciaria\/"},"wordCount":264,"publisher":{"@id":"https:\/\/latamjournalismreview.org\/pt-br\/#organization"},"keywords":["Amea\u00e7as a jornalistas","Ataques contra jornalistas","Honduras","R\u00e1dio e TV"],"articleSection":["Viol\u00eancia contra jornalistas"],"inLanguage":"pt-BR"},{"@type":"WebPage","@id":"https:\/\/latamjournalismreview.org\/pt-br\/articles\/jornalistas-de-emissora-de-tv-hondurenha-recebem-ameacas-de-morte-apos-cobrir-incendio-em-penitenciaria\/","url":"https:\/\/latamjournalismreview.org\/pt-br\/articles\/jornalistas-de-emissora-de-tv-hondurenha-recebem-ameacas-de-morte-apos-cobrir-incendio-em-penitenciaria\/","name":"Jornalistas de emissora de TV hondurenha recebem amea\u00e7as de morte ap\u00f3s cobrir inc\u00eandio em penitenci\u00e1ria - LatAm Journalism Review by the Knight Center","isPartOf":{"@id":"https:\/\/latamjournalismreview.org\/pt-br\/#website"},"datePublished":"2012-02-27T20:05:43+00:00","dateModified":"2021-08-19T20:08:19+00:00","description":"Jornalistas de emissora de TV hondurenha recebem amea\u00e7as de morte ap\u00f3s cobrir inc\u00eandio em penitenci\u00e1ria Viol\u00eancia contra jornalistas. Latin American Journalism Review by The Knight Center at The University of Texas at Austin.","breadcrumb":{"@id":"https:\/\/latamjournalismreview.org\/pt-br\/articles\/jornalistas-de-emissora-de-tv-hondurenha-recebem-ameacas-de-morte-apos-cobrir-incendio-em-penitenciaria\/#breadcrumb"},"inLanguage":"pt-BR","potentialAction":[{"@type":"ReadAction","target":["https:\/\/latamjournalismreview.org\/pt-br\/articles\/jornalistas-de-emissora-de-tv-hondurenha-recebem-ameacas-de-morte-apos-cobrir-incendio-em-penitenciaria\/"]}]},{"@type":"BreadcrumbList","@id":"https:\/\/latamjournalismreview.org\/pt-br\/articles\/jornalistas-de-emissora-de-tv-hondurenha-recebem-ameacas-de-morte-apos-cobrir-incendio-em-penitenciaria\/#breadcrumb","itemListElement":[{"@type":"ListItem","position":1,"name":"Home","item":"https:\/\/latamjournalismreview.org\/pt-br\/"},{"@type":"ListItem","position":2,"name":"Jornalistas de emissora de TV hondurenha recebem amea\u00e7as de morte ap\u00f3s cobrir inc\u00eandio em penitenci\u00e1ria"}]},{"@type":"WebSite","@id":"https:\/\/latamjournalismreview.org\/pt-br\/#website","url":"https:\/\/latamjournalismreview.org\/pt-br\/","name":"LatAm Journalism Review","description":"Digital magazine on journalism in Latin America","publisher":{"@id":"https:\/\/latamjournalismreview.org\/pt-br\/#organization"},"potentialAction":[{"@type":"SearchAction","target":{"@type":"EntryPoint","urlTemplate":"https:\/\/latamjournalismreview.org\/pt-br\/?s={search_term_string}"},"query-input":{"@type":"PropertyValueSpecification","valueRequired":true,"valueName":"search_term_string"}}],"inLanguage":"pt-BR"},{"@type":"Organization","@id":"https:\/\/latamjournalismreview.org\/pt-br\/#organization","name":"LatAm Journalism Review","url":"https:\/\/latamjournalismreview.org\/pt-br\/","logo":{"@type":"ImageObject","inLanguage":"pt-BR","@id":"https:\/\/latamjournalismreview.org\/pt-br\/#\/schema\/logo\/image\/","url":"https:\/\/latamjournalismreview.org\/wp-content\/uploads\/2020\/05\/knight-latAm-review-logo.svg","contentUrl":"https:\/\/latamjournalismreview.org\/wp-content\/uploads\/2020\/05\/knight-latAm-review-logo.svg","width":"1024","height":"1024","caption":"LatAm Journalism Review"},"image":{"@id":"https:\/\/latamjournalismreview.org\/pt-br\/#\/schema\/logo\/image\/"},"sameAs":["https:\/\/x.com\/LatAmJournalism"]},{"@type":"Person","@id":"https:\/\/latamjournalismreview.org\/pt-br\/#\/schema\/person\/51558925140f21242c6ed2d20b8260c5","name":"Tania Lara","url":"https:\/\/latamjournalismreview.org\/pt-br\/articles\/author\/tania-lara\/"}]}},"_links":{"self":[{"href":"https:\/\/latamjournalismreview.org\/pt-br\/wp-json\/wp\/v2\/posts\/26888","targetHints":{"allow":["GET"]}}],"collection":[{"href":"https:\/\/latamjournalismreview.org\/pt-br\/wp-json\/wp\/v2\/posts"}],"about":[{"href":"https:\/\/latamjournalismreview.org\/pt-br\/wp-json\/wp\/v2\/types\/post"}],"author":[{"embeddable":true,"href":"https:\/\/latamjournalismreview.org\/pt-br\/wp-json\/wp\/v2\/users\/40"}],"replies":[{"embeddable":true,"href":"https:\/\/latamjournalismreview.org\/pt-br\/wp-json\/wp\/v2\/comments?post=26888"}],"version-history":[{"count":1,"href":"https:\/\/latamjournalismreview.org\/pt-br\/wp-json\/wp\/v2\/posts\/26888\/revisions"}],"predecessor-version":[{"id":26890,"href":"https:\/\/latamjournalismreview.org\/pt-br\/wp-json\/wp\/v2\/posts\/26888\/revisions\/26890"}],"wp:attachment":[{"href":"https:\/\/latamjournalismreview.org\/pt-br\/wp-json\/wp\/v2\/media?parent=26888"}],"wp:term":[{"taxonomy":"category","embeddable":true,"href":"https:\/\/latamjournalismreview.org\/pt-br\/wp-json\/wp\/v2\/categories?post=26888"},{"taxonomy":"post_tag","embeddable":true,"href":"https:\/\/latamjournalismreview.org\/pt-br\/wp-json\/wp\/v2\/tags?post=26888"},{"taxonomy":"author","embeddable":true,"href":"https:\/\/latamjournalismreview.org\/pt-br\/wp-json\/wp\/v2\/coauthors?post=26888"}],"curies":[{"name":"wp","href":"https:\/\/api.w.org\/{rel}","templated":true}]}}