{"id":27056,"date":"2012-02-19T18:58:01","date_gmt":"2012-02-19T23:58:01","guid":{"rendered":"https:\/\/latamjournalismreview.org\/?p=27056"},"modified":"2021-08-19T18:59:04","modified_gmt":"2021-08-19T23:59:04","slug":"presidente-do-panama-oferece-asilo-a-dono-de-jornal-condenado-em-julgamento-mundialmente-criticado","status":"publish","type":"post","link":"https:\/\/latamjournalismreview.org\/pt-br\/articles\/presidente-do-panama-oferece-asilo-a-dono-de-jornal-condenado-em-julgamento-mundialmente-criticado\/","title":{"rendered":"Presidente do Panam\u00e1 oferece asilo a dono de jornal condenado em julgamento mundialmente criticado"},"content":{"rendered":"<p>\"<a href=\"http:\/\/www.fundamedios.org\/component\/zoo\/item\/panam-concede-asilo-diplomtico-a-director-de-el-universo-tras-sentencia-de-ltima-instancia.html?category_id=1\" target=\"_blank\" rel=\"noopener\">Acabo de dar asilo ao jornalista do di\u00e1rio El Universo Carlos P\u00e9rez Barriga<\/a>, condenado a 3 anos de pris\u00e3o e ao pagamento de multa de 40 milh\u00f5es no Equador\",\u00a0<a href=\"https:\/\/twitter.com\/#!\/rmartinelli\" target=\"_blank\" rel=\"noopener\">escreveu o presidente do Panam\u00e1, Ricardo Martinelli, em sua conta no Twitter<\/a>, no dia 16 de fevereiro de 2012, informou a organiza\u00e7\u00e3o equatoriana Fundamedios.<\/p>\n<p>Os irm\u00e3os de P\u00e9rez, C\u00e9sar e Nicol\u00e1s, que tamb\u00e9m s\u00e3o donos do jornal El Universo, est\u00e3o nos Estados Unidos e\u00a0<a href=\"http:\/\/www.larepublica.pe\/17-02-2012\/panama-otorga-asilo-diplomatico-al-director-de-el-universo-de-ecuador\" target=\"_blank\" rel=\"noopener\">n\u00e3o pretendem voltar para o Equador por medo<\/a>, informou o di\u00e1rio peruano La Rep\u00fablica. Emilio Palacio, o jornalista respons\u00e1vel pelo editorial que levou o presidente equatoriano Rafael Correa a\u00a0<a href=\"http:\/\/knightcenter.utexas.edu\/pt-br\/blog\/presidente-do-equador-pede-80-milhoes-de-dolares-de-indenizacao-jornal\" target=\"_blank\" rel=\"noopener\">processar o El Universo por cal\u00fania<\/a>, tamb\u00e9m est\u00e1 nos Estados Unidos, onde\u00a0<a href=\"http:\/\/knightcenter.utexas.edu\/pt-br\/blog\/00-8973-jornalista-equatoriano-processado-pelo-presidente-do-pais-pede-asilo-nos-eua\" target=\"_blank\" rel=\"noopener\">aguarda seu pedido de asilo<\/a>.<\/p>\n<p>A\u00a0<a href=\"http:\/\/knightcenter.utexas.edu\/pt-br\/blog\/00-9065-presidente-correa-comemora-vitoria-judicial-que-condena-jornal-el-universo-pagar-us40-m\" target=\"_blank\" rel=\"noopener\">vit\u00f3ria do presidente equatoriano no processo contra o El Universo<\/a>\u00a0foi mundialmente criticada por organiza\u00e7\u00f5es de defesa da liberdade de express\u00e3o. A condena\u00e7\u00e3o \u201crepresenta um\u00a0<a href=\"http:\/\/www.cpj.org\/es\/2012\/02\/sentencia-contra-el-universo-sienta-precedente-pel.php\" target=\"_blank\" rel=\"noopener\">s\u00e9rio golpe contra a liberdade de express\u00e3o e um retrocesso para a democracia<\/a>\u201d, argumentou o Comit\u00ea para a Prote\u00e7\u00e3o dos Jornalistas (CPJ). A Rep\u00f3rteres Sem Fronteiras considerou a senten\u00e7a um \u201c<a href=\"http:\/\/es.rsf.org\/ecuador-esperado-desenlace-en-la-suprema-15-02-2012,41887.html\" target=\"_blank\" rel=\"noopener\">rev\u00e9s catastr\u00f3fico para a liberdade de express\u00e3o<\/a>\u201d. J\u00e1 a Sociedade Interamericana de Imprensa (SIP) falou em \u201c<a href=\"http:\/\/www.sipiapa.org\/v4\/comunicados_de_prensa.php?seccion=detalles&amp;id=4684&amp;idioma=sp\" target=\"_blank\" rel=\"noopener\">grave atentado contra a liberdade de imprensa<\/a>\u201d.<\/p>\n<p>Enquanto isso, no Equador,\u00a0<a href=\"http:\/\/www.eluniverso.com\/2012\/02\/17\/1\/1355\/planton-libertades-avenida-9-octubre.html\" target=\"_blank\" rel=\"noopener\">centenas de pessoas marcharam para pedir liberdade de express\u00e3o e para demostrar seu descontentamento com a condena\u00e7\u00e3o do El Universo<\/a>, informou o pr\u00f3prio jornal.\u00a0<a href=\"http:\/\/www.elcomercio.com\/politica\/Trabajadores-Universo-marchan-libertad-expresion_0_647935243.html\" target=\"_blank\" rel=\"noopener\">Funcion\u00e1rios do El Universo se vestiram de preto, em sinal de luto<\/a>, e taparam a boca com morda\u00e7as, em refer\u00eancia \u00e0 tentativa de calar a imprensa do pa\u00eds, acrescentou o El Comercio.<\/p>\n","protected":false},"excerpt":{"rendered":"<p>\"Acabo de dar asilo ao jornalista do di\u00e1rio El Universo Carlos P\u00e9rez Barriga, condenado a 3 anos de pris\u00e3o e ao pagamento de multa de 40 milh\u00f5es no Equador\",\u00a0escreveu o presidente do Panam\u00e1, Ricardo Martinelli, em sua conta no Twitter, no dia 16 de fevereiro de 2012, informou a organiza\u00e7\u00e3o equatoriana Fundamedios.<\/p>\n","protected":false},"author":40,"featured_media":0,"comment_status":"closed","ping_status":"closed","sticky":false,"template":"","format":"standard","meta":{"inline_featured_image":false,"footnotes":""},"categories":[1219],"tags":[1565,1575,2051,1386],"coauthors":[],"class_list":["post-27056","post","type-post","status-publish","format-standard","hentry","category-liberdade-de-imprensa-pt-br","tag-difamacao-pt-br","tag-exilio-pt-br","tag-liberdade-de-expressao-pt-br","tag-panama-pt-br"],"acf":[],"yoast_head":"<!-- This site is optimized with the Yoast SEO Premium plugin v22.6 (Yoast SEO v27.4) - https:\/\/yoast.com\/product\/yoast-seo-premium-wordpress\/ -->\n<title>Presidente do Panam\u00e1 oferece asilo a dono de jornal condenado em julgamento mundialmente criticado - LatAm Journalism Review by the Knight Center<\/title>\n<meta name=\"description\" content=\"Presidente do Panam\u00e1 oferece asilo a dono de jornal condenado em julgamento mundialmente criticado Liberdade de imprensa. Latin American Journalism Review by The Knight Center at The University of Texas at Austin.\" \/>\n<meta name=\"robots\" content=\"index, follow, max-snippet:-1, max-image-preview:large, max-video-preview:-1\" \/>\n<link rel=\"canonical\" href=\"https:\/\/latamjournalismreview.org\/pt-br\/articles\/presidente-do-panama-oferece-asilo-a-dono-de-jornal-condenado-em-julgamento-mundialmente-criticado\/\" \/>\n<meta property=\"og:locale\" content=\"pt_BR\" \/>\n<meta property=\"og:type\" content=\"article\" \/>\n<meta property=\"og:title\" content=\"Presidente do Panam\u00e1 oferece asilo a dono de jornal condenado em julgamento mundialmente criticado\" \/>\n<meta property=\"og:description\" content=\"Presidente do Panam\u00e1 oferece asilo a dono de jornal condenado em julgamento mundialmente criticado Liberdade de imprensa. Latin American Journalism Review by The Knight Center at The University of Texas at Austin.\" \/>\n<meta property=\"og:url\" content=\"https:\/\/latamjournalismreview.org\/pt-br\/articles\/presidente-do-panama-oferece-asilo-a-dono-de-jornal-condenado-em-julgamento-mundialmente-criticado\/\" \/>\n<meta property=\"og:site_name\" content=\"LatAm Journalism Review by the Knight Center\" \/>\n<meta property=\"article:published_time\" content=\"2012-02-19T23:58:01+00:00\" \/>\n<meta property=\"article:modified_time\" content=\"2021-08-19T23:59:04+00:00\" \/>\n<meta name=\"author\" content=\"Tania Lara\" \/>\n<meta name=\"twitter:card\" content=\"summary_large_image\" \/>\n<meta name=\"twitter:creator\" content=\"@LatAmJournalism\" \/>\n<meta name=\"twitter:site\" content=\"@LatAmJournalism\" \/>\n<meta name=\"twitter:label1\" content=\"Written by\" \/>\n\t<meta name=\"twitter:data1\" content=\"Tania Lara\" \/>\n\t<meta name=\"twitter:label2\" content=\"Est. reading time\" \/>\n\t<meta name=\"twitter:data2\" content=\"1 minuto\" \/>\n<script type=\"application\/ld+json\" class=\"yoast-schema-graph\">{\"@context\":\"https:\\\/\\\/schema.org\",\"@graph\":[{\"@type\":\"Article\",\"@id\":\"https:\\\/\\\/latamjournalismreview.org\\\/pt-br\\\/articles\\\/presidente-do-panama-oferece-asilo-a-dono-de-jornal-condenado-em-julgamento-mundialmente-criticado\\\/#article\",\"isPartOf\":{\"@id\":\"https:\\\/\\\/latamjournalismreview.org\\\/pt-br\\\/articles\\\/presidente-do-panama-oferece-asilo-a-dono-de-jornal-condenado-em-julgamento-mundialmente-criticado\\\/\"},\"author\":{\"name\":\"Tania Lara\",\"@id\":\"https:\\\/\\\/latamjournalismreview.org\\\/pt-br\\\/#\\\/schema\\\/person\\\/51558925140f21242c6ed2d20b8260c5\"},\"headline\":\"Presidente do Panam\u00e1 oferece asilo a dono de jornal condenado em julgamento mundialmente criticado\",\"datePublished\":\"2012-02-19T23:58:01+00:00\",\"dateModified\":\"2021-08-19T23:59:04+00:00\",\"mainEntityOfPage\":{\"@id\":\"https:\\\/\\\/latamjournalismreview.org\\\/pt-br\\\/articles\\\/presidente-do-panama-oferece-asilo-a-dono-de-jornal-condenado-em-julgamento-mundialmente-criticado\\\/\"},\"wordCount\":304,\"publisher\":{\"@id\":\"https:\\\/\\\/latamjournalismreview.org\\\/pt-br\\\/#organization\"},\"keywords\":[\"Difama\u00e7\u00e3o\",\"Ex\u00edlio\",\"Liberdade de express\u00e3o\",\"Panam\u00e1\"],\"articleSection\":[\"Liberdade de imprensa\"],\"inLanguage\":\"pt-BR\"},{\"@type\":\"WebPage\",\"@id\":\"https:\\\/\\\/latamjournalismreview.org\\\/pt-br\\\/articles\\\/presidente-do-panama-oferece-asilo-a-dono-de-jornal-condenado-em-julgamento-mundialmente-criticado\\\/\",\"url\":\"https:\\\/\\\/latamjournalismreview.org\\\/pt-br\\\/articles\\\/presidente-do-panama-oferece-asilo-a-dono-de-jornal-condenado-em-julgamento-mundialmente-criticado\\\/\",\"name\":\"Presidente do Panam\u00e1 oferece asilo a dono de jornal condenado em julgamento mundialmente criticado - LatAm Journalism Review by the Knight Center\",\"isPartOf\":{\"@id\":\"https:\\\/\\\/latamjournalismreview.org\\\/pt-br\\\/#website\"},\"datePublished\":\"2012-02-19T23:58:01+00:00\",\"dateModified\":\"2021-08-19T23:59:04+00:00\",\"description\":\"Presidente do Panam\u00e1 oferece asilo a dono de jornal condenado em julgamento mundialmente criticado Liberdade de imprensa. Latin American Journalism Review by The Knight Center at The University of Texas at Austin.\",\"breadcrumb\":{\"@id\":\"https:\\\/\\\/latamjournalismreview.org\\\/pt-br\\\/articles\\\/presidente-do-panama-oferece-asilo-a-dono-de-jornal-condenado-em-julgamento-mundialmente-criticado\\\/#breadcrumb\"},\"inLanguage\":\"pt-BR\",\"potentialAction\":[{\"@type\":\"ReadAction\",\"target\":[\"https:\\\/\\\/latamjournalismreview.org\\\/pt-br\\\/articles\\\/presidente-do-panama-oferece-asilo-a-dono-de-jornal-condenado-em-julgamento-mundialmente-criticado\\\/\"]}]},{\"@type\":\"BreadcrumbList\",\"@id\":\"https:\\\/\\\/latamjournalismreview.org\\\/pt-br\\\/articles\\\/presidente-do-panama-oferece-asilo-a-dono-de-jornal-condenado-em-julgamento-mundialmente-criticado\\\/#breadcrumb\",\"itemListElement\":[{\"@type\":\"ListItem\",\"position\":1,\"name\":\"Home\",\"item\":\"https:\\\/\\\/latamjournalismreview.org\\\/pt-br\\\/\"},{\"@type\":\"ListItem\",\"position\":2,\"name\":\"Presidente do Panam\u00e1 oferece asilo a dono de jornal condenado em julgamento mundialmente criticado\"}]},{\"@type\":\"WebSite\",\"@id\":\"https:\\\/\\\/latamjournalismreview.org\\\/pt-br\\\/#website\",\"url\":\"https:\\\/\\\/latamjournalismreview.org\\\/pt-br\\\/\",\"name\":\"LatAm Journalism Review\",\"description\":\"Digital magazine on journalism in Latin America\",\"publisher\":{\"@id\":\"https:\\\/\\\/latamjournalismreview.org\\\/pt-br\\\/#organization\"},\"potentialAction\":[{\"@type\":\"SearchAction\",\"target\":{\"@type\":\"EntryPoint\",\"urlTemplate\":\"https:\\\/\\\/latamjournalismreview.org\\\/pt-br\\\/?s={search_term_string}\"},\"query-input\":{\"@type\":\"PropertyValueSpecification\",\"valueRequired\":true,\"valueName\":\"search_term_string\"}}],\"inLanguage\":\"pt-BR\"},{\"@type\":\"Organization\",\"@id\":\"https:\\\/\\\/latamjournalismreview.org\\\/pt-br\\\/#organization\",\"name\":\"LatAm Journalism Review\",\"url\":\"https:\\\/\\\/latamjournalismreview.org\\\/pt-br\\\/\",\"logo\":{\"@type\":\"ImageObject\",\"inLanguage\":\"pt-BR\",\"@id\":\"https:\\\/\\\/latamjournalismreview.org\\\/pt-br\\\/#\\\/schema\\\/logo\\\/image\\\/\",\"url\":\"https:\\\/\\\/latamjournalismreview.org\\\/wp-content\\\/uploads\\\/2020\\\/05\\\/knight-latAm-review-logo.svg\",\"contentUrl\":\"https:\\\/\\\/latamjournalismreview.org\\\/wp-content\\\/uploads\\\/2020\\\/05\\\/knight-latAm-review-logo.svg\",\"width\":\"1024\",\"height\":\"1024\",\"caption\":\"LatAm Journalism Review\"},\"image\":{\"@id\":\"https:\\\/\\\/latamjournalismreview.org\\\/pt-br\\\/#\\\/schema\\\/logo\\\/image\\\/\"},\"sameAs\":[\"https:\\\/\\\/x.com\\\/LatAmJournalism\"]},{\"@type\":\"Person\",\"@id\":\"https:\\\/\\\/latamjournalismreview.org\\\/pt-br\\\/#\\\/schema\\\/person\\\/51558925140f21242c6ed2d20b8260c5\",\"name\":\"Tania Lara\",\"url\":\"https:\\\/\\\/latamjournalismreview.org\\\/pt-br\\\/articles\\\/author\\\/tania-lara\\\/\"}]}<\/script>\n<!-- \/ Yoast SEO Premium plugin. -->","yoast_head_json":{"title":"Presidente do Panam\u00e1 oferece asilo a dono de jornal condenado em julgamento mundialmente criticado - LatAm Journalism Review by the Knight Center","description":"Presidente do Panam\u00e1 oferece asilo a dono de jornal condenado em julgamento mundialmente criticado Liberdade de imprensa. Latin American Journalism Review by The Knight Center at The University of Texas at Austin.","robots":{"index":"index","follow":"follow","max-snippet":"max-snippet:-1","max-image-preview":"max-image-preview:large","max-video-preview":"max-video-preview:-1"},"canonical":"https:\/\/latamjournalismreview.org\/pt-br\/articles\/presidente-do-panama-oferece-asilo-a-dono-de-jornal-condenado-em-julgamento-mundialmente-criticado\/","og_locale":"pt_BR","og_type":"article","og_title":"Presidente do Panam\u00e1 oferece asilo a dono de jornal condenado em julgamento mundialmente criticado","og_description":"Presidente do Panam\u00e1 oferece asilo a dono de jornal condenado em julgamento mundialmente criticado Liberdade de imprensa. Latin American Journalism Review by The Knight Center at The University of Texas at Austin.","og_url":"https:\/\/latamjournalismreview.org\/pt-br\/articles\/presidente-do-panama-oferece-asilo-a-dono-de-jornal-condenado-em-julgamento-mundialmente-criticado\/","og_site_name":"LatAm Journalism Review by the Knight Center","article_published_time":"2012-02-19T23:58:01+00:00","article_modified_time":"2021-08-19T23:59:04+00:00","author":"Tania Lara","twitter_card":"summary_large_image","twitter_creator":"@LatAmJournalism","twitter_site":"@LatAmJournalism","twitter_misc":{"Written by":"Tania Lara","Est. reading time":"1 minuto"},"schema":{"@context":"https:\/\/schema.org","@graph":[{"@type":"Article","@id":"https:\/\/latamjournalismreview.org\/pt-br\/articles\/presidente-do-panama-oferece-asilo-a-dono-de-jornal-condenado-em-julgamento-mundialmente-criticado\/#article","isPartOf":{"@id":"https:\/\/latamjournalismreview.org\/pt-br\/articles\/presidente-do-panama-oferece-asilo-a-dono-de-jornal-condenado-em-julgamento-mundialmente-criticado\/"},"author":{"name":"Tania Lara","@id":"https:\/\/latamjournalismreview.org\/pt-br\/#\/schema\/person\/51558925140f21242c6ed2d20b8260c5"},"headline":"Presidente do Panam\u00e1 oferece asilo a dono de jornal condenado em julgamento mundialmente criticado","datePublished":"2012-02-19T23:58:01+00:00","dateModified":"2021-08-19T23:59:04+00:00","mainEntityOfPage":{"@id":"https:\/\/latamjournalismreview.org\/pt-br\/articles\/presidente-do-panama-oferece-asilo-a-dono-de-jornal-condenado-em-julgamento-mundialmente-criticado\/"},"wordCount":304,"publisher":{"@id":"https:\/\/latamjournalismreview.org\/pt-br\/#organization"},"keywords":["Difama\u00e7\u00e3o","Ex\u00edlio","Liberdade de express\u00e3o","Panam\u00e1"],"articleSection":["Liberdade de imprensa"],"inLanguage":"pt-BR"},{"@type":"WebPage","@id":"https:\/\/latamjournalismreview.org\/pt-br\/articles\/presidente-do-panama-oferece-asilo-a-dono-de-jornal-condenado-em-julgamento-mundialmente-criticado\/","url":"https:\/\/latamjournalismreview.org\/pt-br\/articles\/presidente-do-panama-oferece-asilo-a-dono-de-jornal-condenado-em-julgamento-mundialmente-criticado\/","name":"Presidente do Panam\u00e1 oferece asilo a dono de jornal condenado em julgamento mundialmente criticado - LatAm Journalism Review by the Knight Center","isPartOf":{"@id":"https:\/\/latamjournalismreview.org\/pt-br\/#website"},"datePublished":"2012-02-19T23:58:01+00:00","dateModified":"2021-08-19T23:59:04+00:00","description":"Presidente do Panam\u00e1 oferece asilo a dono de jornal condenado em julgamento mundialmente criticado Liberdade de imprensa. Latin American Journalism Review by The Knight Center at The University of Texas at Austin.","breadcrumb":{"@id":"https:\/\/latamjournalismreview.org\/pt-br\/articles\/presidente-do-panama-oferece-asilo-a-dono-de-jornal-condenado-em-julgamento-mundialmente-criticado\/#breadcrumb"},"inLanguage":"pt-BR","potentialAction":[{"@type":"ReadAction","target":["https:\/\/latamjournalismreview.org\/pt-br\/articles\/presidente-do-panama-oferece-asilo-a-dono-de-jornal-condenado-em-julgamento-mundialmente-criticado\/"]}]},{"@type":"BreadcrumbList","@id":"https:\/\/latamjournalismreview.org\/pt-br\/articles\/presidente-do-panama-oferece-asilo-a-dono-de-jornal-condenado-em-julgamento-mundialmente-criticado\/#breadcrumb","itemListElement":[{"@type":"ListItem","position":1,"name":"Home","item":"https:\/\/latamjournalismreview.org\/pt-br\/"},{"@type":"ListItem","position":2,"name":"Presidente do Panam\u00e1 oferece asilo a dono de jornal condenado em julgamento mundialmente criticado"}]},{"@type":"WebSite","@id":"https:\/\/latamjournalismreview.org\/pt-br\/#website","url":"https:\/\/latamjournalismreview.org\/pt-br\/","name":"LatAm Journalism Review","description":"Digital magazine on journalism in Latin America","publisher":{"@id":"https:\/\/latamjournalismreview.org\/pt-br\/#organization"},"potentialAction":[{"@type":"SearchAction","target":{"@type":"EntryPoint","urlTemplate":"https:\/\/latamjournalismreview.org\/pt-br\/?s={search_term_string}"},"query-input":{"@type":"PropertyValueSpecification","valueRequired":true,"valueName":"search_term_string"}}],"inLanguage":"pt-BR"},{"@type":"Organization","@id":"https:\/\/latamjournalismreview.org\/pt-br\/#organization","name":"LatAm Journalism Review","url":"https:\/\/latamjournalismreview.org\/pt-br\/","logo":{"@type":"ImageObject","inLanguage":"pt-BR","@id":"https:\/\/latamjournalismreview.org\/pt-br\/#\/schema\/logo\/image\/","url":"https:\/\/latamjournalismreview.org\/wp-content\/uploads\/2020\/05\/knight-latAm-review-logo.svg","contentUrl":"https:\/\/latamjournalismreview.org\/wp-content\/uploads\/2020\/05\/knight-latAm-review-logo.svg","width":"1024","height":"1024","caption":"LatAm Journalism Review"},"image":{"@id":"https:\/\/latamjournalismreview.org\/pt-br\/#\/schema\/logo\/image\/"},"sameAs":["https:\/\/x.com\/LatAmJournalism"]},{"@type":"Person","@id":"https:\/\/latamjournalismreview.org\/pt-br\/#\/schema\/person\/51558925140f21242c6ed2d20b8260c5","name":"Tania Lara","url":"https:\/\/latamjournalismreview.org\/pt-br\/articles\/author\/tania-lara\/"}]}},"_links":{"self":[{"href":"https:\/\/latamjournalismreview.org\/pt-br\/wp-json\/wp\/v2\/posts\/27056","targetHints":{"allow":["GET"]}}],"collection":[{"href":"https:\/\/latamjournalismreview.org\/pt-br\/wp-json\/wp\/v2\/posts"}],"about":[{"href":"https:\/\/latamjournalismreview.org\/pt-br\/wp-json\/wp\/v2\/types\/post"}],"author":[{"embeddable":true,"href":"https:\/\/latamjournalismreview.org\/pt-br\/wp-json\/wp\/v2\/users\/40"}],"replies":[{"embeddable":true,"href":"https:\/\/latamjournalismreview.org\/pt-br\/wp-json\/wp\/v2\/comments?post=27056"}],"version-history":[{"count":2,"href":"https:\/\/latamjournalismreview.org\/pt-br\/wp-json\/wp\/v2\/posts\/27056\/revisions"}],"predecessor-version":[{"id":27060,"href":"https:\/\/latamjournalismreview.org\/pt-br\/wp-json\/wp\/v2\/posts\/27056\/revisions\/27060"}],"wp:attachment":[{"href":"https:\/\/latamjournalismreview.org\/pt-br\/wp-json\/wp\/v2\/media?parent=27056"}],"wp:term":[{"taxonomy":"category","embeddable":true,"href":"https:\/\/latamjournalismreview.org\/pt-br\/wp-json\/wp\/v2\/categories?post=27056"},{"taxonomy":"post_tag","embeddable":true,"href":"https:\/\/latamjournalismreview.org\/pt-br\/wp-json\/wp\/v2\/tags?post=27056"},{"taxonomy":"author","embeddable":true,"href":"https:\/\/latamjournalismreview.org\/pt-br\/wp-json\/wp\/v2\/coauthors?post=27056"}],"curies":[{"name":"wp","href":"https:\/\/api.w.org\/{rel}","templated":true}]}}