{"id":27742,"date":"2012-03-20T16:35:07","date_gmt":"2012-03-20T21:35:07","guid":{"rendered":"https:\/\/latamjournalismreview.org\/?p=27742"},"modified":"2021-08-24T16:35:53","modified_gmt":"2021-08-24T21:35:53","slug":"governador-do-piaui-veta-a-presenca-de-jornalistas-em-reuniao-sobre-a-situacao-financeira-do-estado","status":"publish","type":"post","link":"https:\/\/latamjournalismreview.org\/pt-br\/articles\/governador-do-piaui-veta-a-presenca-de-jornalistas-em-reuniao-sobre-a-situacao-financeira-do-estado\/","title":{"rendered":"Governador do Piau\u00ed veta a presen\u00e7a de jornalistas em reuni\u00e3o sobre a situa\u00e7\u00e3o financeira do estado"},"content":{"rendered":"<p>Nesta ter\u00e7a-feira, 20 de mar\u00e7o, o\u00a0<a href=\"http:\/\/portalimprensa.uol.com.br\/noticias\/brasil\/47999\/governador+do+piaui+impede+a+presenca++brde+assessores+e+jornalistas+em+reuniao\" target=\"_blank\" rel=\"noopener\">governador do Piau\u00ed impediu a participa\u00e7\u00e3o de assessores de imprensa e jornalistas<\/a>\u00a0em uma\u00a0<a href=\"http:\/\/www.jornalista292.com.br\/noticia_detalhe.php?id=12951\" target=\"_blank\" rel=\"noopener\">reuni\u00e3o no Congresso Nacional<\/a>, informou o Portal Imprensa.<\/p>\n<p>O encontro seria aberto, mas acabou sendo\u00a0<a href=\"http:\/\/180graus.com\/politica\/wilsao-questionado-por-marlos-sobre-divida-financeira-deixada-507196.html\" target=\"_blank\" rel=\"noopener\">fechado \u00e0 imprensa para evitar que as informa\u00e7\u00f5es sobre a situa\u00e7\u00e3o financeira do estado vazassem<\/a>\u00a0para os jornais da capital, de acordo com o site 180 graus.<\/p>\n<p>Segundo o Portal AZ, coube \u00e0 assessoria do governador Wilson Martins informar aos\u00a0<a href=\"http:\/\/www.portalaz.com.br\/noticia\/brasilia\/239534_assessores_de_imprensa_e_jornalistas_nao_participam_de_reuniao.html\" target=\"_blank\" rel=\"noopener\">profissionais de comunica\u00e7\u00e3o que eles n\u00e3o poderiam permanecer<\/a>\u00a0quando Martins iniciasse a exposi\u00e7\u00e3o sobre as finan\u00e7as do estado.<\/p>\n","protected":false},"excerpt":{"rendered":"<p>Nesta ter\u00e7a-feira, 20 de mar\u00e7o, o\u00a0governador do Piau\u00ed impediu a participa\u00e7\u00e3o de assessores de imprensa e jornalistas\u00a0em uma\u00a0reuni\u00e3o no Congresso Nacional, informou o Portal Imprensa.<\/p>\n","protected":false},"author":42,"featured_media":0,"comment_status":"closed","ping_status":"closed","sticky":false,"template":"","format":"standard","meta":{"inline_featured_image":false,"footnotes":""},"categories":[1219],"tags":[1555,2050],"coauthors":[],"class_list":["post-27742","post","type-post","status-publish","format-standard","hentry","category-liberdade-de-imprensa-pt-br","tag-acesso-a-informacao-pt-br","tag-censura-pt-br"],"acf":[],"yoast_head":"<!-- This site is optimized with the Yoast SEO Premium plugin v22.6 (Yoast SEO v27.4) - https:\/\/yoast.com\/product\/yoast-seo-premium-wordpress\/ -->\n<title>Governador do Piau\u00ed veta a presen\u00e7a de jornalistas em reuni\u00e3o sobre a situa\u00e7\u00e3o financeira do estado - LatAm Journalism Review by the Knight Center<\/title>\n<meta name=\"description\" content=\"Governador do Piau\u00ed veta a presen\u00e7a de jornalistas em reuni\u00e3o sobre a situa\u00e7\u00e3o financeira do estado Liberdade de imprensa. Latin American Journalism Review by The Knight Center at The University of Texas at Austin.\" \/>\n<meta name=\"robots\" content=\"index, follow, max-snippet:-1, max-image-preview:large, max-video-preview:-1\" \/>\n<link rel=\"canonical\" href=\"https:\/\/latamjournalismreview.org\/pt-br\/articles\/governador-do-piaui-veta-a-presenca-de-jornalistas-em-reuniao-sobre-a-situacao-financeira-do-estado\/\" \/>\n<meta property=\"og:locale\" content=\"pt_BR\" \/>\n<meta property=\"og:type\" content=\"article\" \/>\n<meta property=\"og:title\" content=\"Governador do Piau\u00ed veta a presen\u00e7a de jornalistas em reuni\u00e3o sobre a situa\u00e7\u00e3o financeira do estado\" \/>\n<meta property=\"og:description\" content=\"Governador do Piau\u00ed veta a presen\u00e7a de jornalistas em reuni\u00e3o sobre a situa\u00e7\u00e3o financeira do estado Liberdade de imprensa. Latin American Journalism Review by The Knight Center at The University of Texas at Austin.\" \/>\n<meta property=\"og:url\" content=\"https:\/\/latamjournalismreview.org\/pt-br\/articles\/governador-do-piaui-veta-a-presenca-de-jornalistas-em-reuniao-sobre-a-situacao-financeira-do-estado\/\" \/>\n<meta property=\"og:site_name\" content=\"LatAm Journalism Review by the Knight Center\" \/>\n<meta property=\"article:published_time\" content=\"2012-03-20T21:35:07+00:00\" \/>\n<meta property=\"article:modified_time\" content=\"2021-08-24T21:35:53+00:00\" \/>\n<meta name=\"author\" content=\"Natalia Mazotte\" \/>\n<meta name=\"twitter:card\" content=\"summary_large_image\" \/>\n<meta name=\"twitter:creator\" content=\"@LatAmJournalism\" \/>\n<meta name=\"twitter:site\" content=\"@LatAmJournalism\" \/>\n<meta name=\"twitter:label1\" content=\"Written by\" \/>\n\t<meta name=\"twitter:data1\" content=\"Natalia Mazotte\" \/>\n<script type=\"application\/ld+json\" class=\"yoast-schema-graph\">{\"@context\":\"https:\\\/\\\/schema.org\",\"@graph\":[{\"@type\":\"Article\",\"@id\":\"https:\\\/\\\/latamjournalismreview.org\\\/pt-br\\\/articles\\\/governador-do-piaui-veta-a-presenca-de-jornalistas-em-reuniao-sobre-a-situacao-financeira-do-estado\\\/#article\",\"isPartOf\":{\"@id\":\"https:\\\/\\\/latamjournalismreview.org\\\/pt-br\\\/articles\\\/governador-do-piaui-veta-a-presenca-de-jornalistas-em-reuniao-sobre-a-situacao-financeira-do-estado\\\/\"},\"author\":{\"name\":\"Natalia Mazotte\",\"@id\":\"https:\\\/\\\/latamjournalismreview.org\\\/pt-br\\\/#\\\/schema\\\/person\\\/747457e530d741a9d192f00c32c7f884\"},\"headline\":\"Governador do Piau\u00ed veta a presen\u00e7a de jornalistas em reuni\u00e3o sobre a situa\u00e7\u00e3o financeira do estado\",\"datePublished\":\"2012-03-20T21:35:07+00:00\",\"dateModified\":\"2021-08-24T21:35:53+00:00\",\"mainEntityOfPage\":{\"@id\":\"https:\\\/\\\/latamjournalismreview.org\\\/pt-br\\\/articles\\\/governador-do-piaui-veta-a-presenca-de-jornalistas-em-reuniao-sobre-a-situacao-financeira-do-estado\\\/\"},\"wordCount\":118,\"publisher\":{\"@id\":\"https:\\\/\\\/latamjournalismreview.org\\\/pt-br\\\/#organization\"},\"keywords\":[\"Acesso a informa\u00e7\u00e3o\",\"Censura\"],\"articleSection\":[\"Liberdade de imprensa\"],\"inLanguage\":\"pt-BR\"},{\"@type\":\"WebPage\",\"@id\":\"https:\\\/\\\/latamjournalismreview.org\\\/pt-br\\\/articles\\\/governador-do-piaui-veta-a-presenca-de-jornalistas-em-reuniao-sobre-a-situacao-financeira-do-estado\\\/\",\"url\":\"https:\\\/\\\/latamjournalismreview.org\\\/pt-br\\\/articles\\\/governador-do-piaui-veta-a-presenca-de-jornalistas-em-reuniao-sobre-a-situacao-financeira-do-estado\\\/\",\"name\":\"Governador do Piau\u00ed veta a presen\u00e7a de jornalistas em reuni\u00e3o sobre a situa\u00e7\u00e3o financeira do estado - LatAm Journalism Review by the Knight Center\",\"isPartOf\":{\"@id\":\"https:\\\/\\\/latamjournalismreview.org\\\/pt-br\\\/#website\"},\"datePublished\":\"2012-03-20T21:35:07+00:00\",\"dateModified\":\"2021-08-24T21:35:53+00:00\",\"description\":\"Governador do Piau\u00ed veta a presen\u00e7a de jornalistas em reuni\u00e3o sobre a situa\u00e7\u00e3o financeira do estado Liberdade de imprensa. Latin American Journalism Review by The Knight Center at The University of Texas at Austin.\",\"breadcrumb\":{\"@id\":\"https:\\\/\\\/latamjournalismreview.org\\\/pt-br\\\/articles\\\/governador-do-piaui-veta-a-presenca-de-jornalistas-em-reuniao-sobre-a-situacao-financeira-do-estado\\\/#breadcrumb\"},\"inLanguage\":\"pt-BR\",\"potentialAction\":[{\"@type\":\"ReadAction\",\"target\":[\"https:\\\/\\\/latamjournalismreview.org\\\/pt-br\\\/articles\\\/governador-do-piaui-veta-a-presenca-de-jornalistas-em-reuniao-sobre-a-situacao-financeira-do-estado\\\/\"]}]},{\"@type\":\"BreadcrumbList\",\"@id\":\"https:\\\/\\\/latamjournalismreview.org\\\/pt-br\\\/articles\\\/governador-do-piaui-veta-a-presenca-de-jornalistas-em-reuniao-sobre-a-situacao-financeira-do-estado\\\/#breadcrumb\",\"itemListElement\":[{\"@type\":\"ListItem\",\"position\":1,\"name\":\"Home\",\"item\":\"https:\\\/\\\/latamjournalismreview.org\\\/pt-br\\\/\"},{\"@type\":\"ListItem\",\"position\":2,\"name\":\"Governador do Piau\u00ed veta a presen\u00e7a de jornalistas em reuni\u00e3o sobre a situa\u00e7\u00e3o financeira do estado\"}]},{\"@type\":\"WebSite\",\"@id\":\"https:\\\/\\\/latamjournalismreview.org\\\/pt-br\\\/#website\",\"url\":\"https:\\\/\\\/latamjournalismreview.org\\\/pt-br\\\/\",\"name\":\"LatAm Journalism Review\",\"description\":\"Digital magazine on journalism in Latin America\",\"publisher\":{\"@id\":\"https:\\\/\\\/latamjournalismreview.org\\\/pt-br\\\/#organization\"},\"potentialAction\":[{\"@type\":\"SearchAction\",\"target\":{\"@type\":\"EntryPoint\",\"urlTemplate\":\"https:\\\/\\\/latamjournalismreview.org\\\/pt-br\\\/?s={search_term_string}\"},\"query-input\":{\"@type\":\"PropertyValueSpecification\",\"valueRequired\":true,\"valueName\":\"search_term_string\"}}],\"inLanguage\":\"pt-BR\"},{\"@type\":\"Organization\",\"@id\":\"https:\\\/\\\/latamjournalismreview.org\\\/pt-br\\\/#organization\",\"name\":\"LatAm Journalism Review\",\"url\":\"https:\\\/\\\/latamjournalismreview.org\\\/pt-br\\\/\",\"logo\":{\"@type\":\"ImageObject\",\"inLanguage\":\"pt-BR\",\"@id\":\"https:\\\/\\\/latamjournalismreview.org\\\/pt-br\\\/#\\\/schema\\\/logo\\\/image\\\/\",\"url\":\"https:\\\/\\\/latamjournalismreview.org\\\/wp-content\\\/uploads\\\/2020\\\/05\\\/knight-latAm-review-logo.svg\",\"contentUrl\":\"https:\\\/\\\/latamjournalismreview.org\\\/wp-content\\\/uploads\\\/2020\\\/05\\\/knight-latAm-review-logo.svg\",\"width\":\"1024\",\"height\":\"1024\",\"caption\":\"LatAm Journalism Review\"},\"image\":{\"@id\":\"https:\\\/\\\/latamjournalismreview.org\\\/pt-br\\\/#\\\/schema\\\/logo\\\/image\\\/\"},\"sameAs\":[\"https:\\\/\\\/x.com\\\/LatAmJournalism\"]},{\"@type\":\"Person\",\"@id\":\"https:\\\/\\\/latamjournalismreview.org\\\/pt-br\\\/#\\\/schema\\\/person\\\/747457e530d741a9d192f00c32c7f884\",\"name\":\"Natalia Mazotte\",\"url\":\"https:\\\/\\\/latamjournalismreview.org\\\/pt-br\\\/articles\\\/author\\\/natalia-mazotte\\\/\"}]}<\/script>\n<!-- \/ Yoast SEO Premium plugin. -->","yoast_head_json":{"title":"Governador do Piau\u00ed veta a presen\u00e7a de jornalistas em reuni\u00e3o sobre a situa\u00e7\u00e3o financeira do estado - LatAm Journalism Review by the Knight Center","description":"Governador do Piau\u00ed veta a presen\u00e7a de jornalistas em reuni\u00e3o sobre a situa\u00e7\u00e3o financeira do estado Liberdade de imprensa. Latin American Journalism Review by The Knight Center at The University of Texas at Austin.","robots":{"index":"index","follow":"follow","max-snippet":"max-snippet:-1","max-image-preview":"max-image-preview:large","max-video-preview":"max-video-preview:-1"},"canonical":"https:\/\/latamjournalismreview.org\/pt-br\/articles\/governador-do-piaui-veta-a-presenca-de-jornalistas-em-reuniao-sobre-a-situacao-financeira-do-estado\/","og_locale":"pt_BR","og_type":"article","og_title":"Governador do Piau\u00ed veta a presen\u00e7a de jornalistas em reuni\u00e3o sobre a situa\u00e7\u00e3o financeira do estado","og_description":"Governador do Piau\u00ed veta a presen\u00e7a de jornalistas em reuni\u00e3o sobre a situa\u00e7\u00e3o financeira do estado Liberdade de imprensa. Latin American Journalism Review by The Knight Center at The University of Texas at Austin.","og_url":"https:\/\/latamjournalismreview.org\/pt-br\/articles\/governador-do-piaui-veta-a-presenca-de-jornalistas-em-reuniao-sobre-a-situacao-financeira-do-estado\/","og_site_name":"LatAm Journalism Review by the Knight Center","article_published_time":"2012-03-20T21:35:07+00:00","article_modified_time":"2021-08-24T21:35:53+00:00","author":"Natalia Mazotte","twitter_card":"summary_large_image","twitter_creator":"@LatAmJournalism","twitter_site":"@LatAmJournalism","twitter_misc":{"Written by":"Natalia Mazotte"},"schema":{"@context":"https:\/\/schema.org","@graph":[{"@type":"Article","@id":"https:\/\/latamjournalismreview.org\/pt-br\/articles\/governador-do-piaui-veta-a-presenca-de-jornalistas-em-reuniao-sobre-a-situacao-financeira-do-estado\/#article","isPartOf":{"@id":"https:\/\/latamjournalismreview.org\/pt-br\/articles\/governador-do-piaui-veta-a-presenca-de-jornalistas-em-reuniao-sobre-a-situacao-financeira-do-estado\/"},"author":{"name":"Natalia Mazotte","@id":"https:\/\/latamjournalismreview.org\/pt-br\/#\/schema\/person\/747457e530d741a9d192f00c32c7f884"},"headline":"Governador do Piau\u00ed veta a presen\u00e7a de jornalistas em reuni\u00e3o sobre a situa\u00e7\u00e3o financeira do estado","datePublished":"2012-03-20T21:35:07+00:00","dateModified":"2021-08-24T21:35:53+00:00","mainEntityOfPage":{"@id":"https:\/\/latamjournalismreview.org\/pt-br\/articles\/governador-do-piaui-veta-a-presenca-de-jornalistas-em-reuniao-sobre-a-situacao-financeira-do-estado\/"},"wordCount":118,"publisher":{"@id":"https:\/\/latamjournalismreview.org\/pt-br\/#organization"},"keywords":["Acesso a informa\u00e7\u00e3o","Censura"],"articleSection":["Liberdade de imprensa"],"inLanguage":"pt-BR"},{"@type":"WebPage","@id":"https:\/\/latamjournalismreview.org\/pt-br\/articles\/governador-do-piaui-veta-a-presenca-de-jornalistas-em-reuniao-sobre-a-situacao-financeira-do-estado\/","url":"https:\/\/latamjournalismreview.org\/pt-br\/articles\/governador-do-piaui-veta-a-presenca-de-jornalistas-em-reuniao-sobre-a-situacao-financeira-do-estado\/","name":"Governador do Piau\u00ed veta a presen\u00e7a de jornalistas em reuni\u00e3o sobre a situa\u00e7\u00e3o financeira do estado - LatAm Journalism Review by the Knight Center","isPartOf":{"@id":"https:\/\/latamjournalismreview.org\/pt-br\/#website"},"datePublished":"2012-03-20T21:35:07+00:00","dateModified":"2021-08-24T21:35:53+00:00","description":"Governador do Piau\u00ed veta a presen\u00e7a de jornalistas em reuni\u00e3o sobre a situa\u00e7\u00e3o financeira do estado Liberdade de imprensa. Latin American Journalism Review by The Knight Center at The University of Texas at Austin.","breadcrumb":{"@id":"https:\/\/latamjournalismreview.org\/pt-br\/articles\/governador-do-piaui-veta-a-presenca-de-jornalistas-em-reuniao-sobre-a-situacao-financeira-do-estado\/#breadcrumb"},"inLanguage":"pt-BR","potentialAction":[{"@type":"ReadAction","target":["https:\/\/latamjournalismreview.org\/pt-br\/articles\/governador-do-piaui-veta-a-presenca-de-jornalistas-em-reuniao-sobre-a-situacao-financeira-do-estado\/"]}]},{"@type":"BreadcrumbList","@id":"https:\/\/latamjournalismreview.org\/pt-br\/articles\/governador-do-piaui-veta-a-presenca-de-jornalistas-em-reuniao-sobre-a-situacao-financeira-do-estado\/#breadcrumb","itemListElement":[{"@type":"ListItem","position":1,"name":"Home","item":"https:\/\/latamjournalismreview.org\/pt-br\/"},{"@type":"ListItem","position":2,"name":"Governador do Piau\u00ed veta a presen\u00e7a de jornalistas em reuni\u00e3o sobre a situa\u00e7\u00e3o financeira do estado"}]},{"@type":"WebSite","@id":"https:\/\/latamjournalismreview.org\/pt-br\/#website","url":"https:\/\/latamjournalismreview.org\/pt-br\/","name":"LatAm Journalism Review","description":"Digital magazine on journalism in Latin America","publisher":{"@id":"https:\/\/latamjournalismreview.org\/pt-br\/#organization"},"potentialAction":[{"@type":"SearchAction","target":{"@type":"EntryPoint","urlTemplate":"https:\/\/latamjournalismreview.org\/pt-br\/?s={search_term_string}"},"query-input":{"@type":"PropertyValueSpecification","valueRequired":true,"valueName":"search_term_string"}}],"inLanguage":"pt-BR"},{"@type":"Organization","@id":"https:\/\/latamjournalismreview.org\/pt-br\/#organization","name":"LatAm Journalism Review","url":"https:\/\/latamjournalismreview.org\/pt-br\/","logo":{"@type":"ImageObject","inLanguage":"pt-BR","@id":"https:\/\/latamjournalismreview.org\/pt-br\/#\/schema\/logo\/image\/","url":"https:\/\/latamjournalismreview.org\/wp-content\/uploads\/2020\/05\/knight-latAm-review-logo.svg","contentUrl":"https:\/\/latamjournalismreview.org\/wp-content\/uploads\/2020\/05\/knight-latAm-review-logo.svg","width":"1024","height":"1024","caption":"LatAm Journalism Review"},"image":{"@id":"https:\/\/latamjournalismreview.org\/pt-br\/#\/schema\/logo\/image\/"},"sameAs":["https:\/\/x.com\/LatAmJournalism"]},{"@type":"Person","@id":"https:\/\/latamjournalismreview.org\/pt-br\/#\/schema\/person\/747457e530d741a9d192f00c32c7f884","name":"Natalia Mazotte","url":"https:\/\/latamjournalismreview.org\/pt-br\/articles\/author\/natalia-mazotte\/"}]}},"_links":{"self":[{"href":"https:\/\/latamjournalismreview.org\/pt-br\/wp-json\/wp\/v2\/posts\/27742","targetHints":{"allow":["GET"]}}],"collection":[{"href":"https:\/\/latamjournalismreview.org\/pt-br\/wp-json\/wp\/v2\/posts"}],"about":[{"href":"https:\/\/latamjournalismreview.org\/pt-br\/wp-json\/wp\/v2\/types\/post"}],"author":[{"embeddable":true,"href":"https:\/\/latamjournalismreview.org\/pt-br\/wp-json\/wp\/v2\/users\/42"}],"replies":[{"embeddable":true,"href":"https:\/\/latamjournalismreview.org\/pt-br\/wp-json\/wp\/v2\/comments?post=27742"}],"version-history":[{"count":1,"href":"https:\/\/latamjournalismreview.org\/pt-br\/wp-json\/wp\/v2\/posts\/27742\/revisions"}],"predecessor-version":[{"id":27744,"href":"https:\/\/latamjournalismreview.org\/pt-br\/wp-json\/wp\/v2\/posts\/27742\/revisions\/27744"}],"wp:attachment":[{"href":"https:\/\/latamjournalismreview.org\/pt-br\/wp-json\/wp\/v2\/media?parent=27742"}],"wp:term":[{"taxonomy":"category","embeddable":true,"href":"https:\/\/latamjournalismreview.org\/pt-br\/wp-json\/wp\/v2\/categories?post=27742"},{"taxonomy":"post_tag","embeddable":true,"href":"https:\/\/latamjournalismreview.org\/pt-br\/wp-json\/wp\/v2\/tags?post=27742"},{"taxonomy":"author","embeddable":true,"href":"https:\/\/latamjournalismreview.org\/pt-br\/wp-json\/wp\/v2\/coauthors?post=27742"}],"curies":[{"name":"wp","href":"https:\/\/api.w.org\/{rel}","templated":true}]}}