{"id":28000,"date":"2021-08-25T13:25:31","date_gmt":"2021-08-25T18:25:31","guid":{"rendered":"https:\/\/latamjournalismreview.org\/?p=28000"},"modified":"2021-08-25T13:27:51","modified_gmt":"2021-08-25T18:27:51","slug":"veiculos-digitais-lancam-solucao-para-distribuir-e-monetizar-informacao-sobre-a-periferia-de-sao-paulo","status":"publish","type":"post","link":"https:\/\/latamjournalismreview.org\/pt-br\/articles\/veiculos-digitais-lancam-solucao-para-distribuir-e-monetizar-informacao-sobre-a-periferia-de-sao-paulo\/","title":{"rendered":"Ve\u00edculos digitais lan\u00e7am solu\u00e7\u00e3o para distribuir e monetizar not\u00edcias sobre a periferia de S\u00e3o Paulo"},"content":{"rendered":"<p>Quatro iniciativas jornal\u00edsticas com foco editorial em \u00e1reas perif\u00e9ricas e favelas do Brasil lan\u00e7aram na ter\u00e7a-feira, 24 de agosto, uma solu\u00e7\u00e3o para distribui\u00e7\u00e3o e monetiza\u00e7\u00e3o das suas not\u00edcias. A plataforma <a href=\"https:\/\/www.territoriodanoticia.com.br\/\">Territ\u00f3rio da Not\u00edcias (TN)<\/a> conta com 25 telas instaladas em estabelecimentos comerciais nas periferias e favelas da cidade de S\u00e3o Paulo. Al\u00e9m de mostrar not\u00edcias, as telas mostram tamb\u00e9m an\u00fancios.<\/p>\n<div id=\"attachment_27993\" style=\"width: 410px\" class=\"wp-caption alignleft\"><img loading=\"lazy\" decoding=\"async\" aria-describedby=\"caption-attachment-27993\" class=\"wp-image-27993\" src=\"https:\/\/latamjournalismreview.org\/wp-content\/uploads\/2021\/08\/Territorio-da-Noticia_Tela-300x201.png\" alt=\"Tela da TN instalada em mercado na zona sul de S\u00e3o Paulo. Ao todo, ser\u00e3o 25 telas, com audi\u00eancia estimada entre 500 e 800 mil pessoas por m\u00eas. Foto: Patr\u00edcia Santos\" width=\"400\" height=\"268\" srcset=\"https:\/\/latamjournalismreview.org\/wp-content\/uploads\/2021\/08\/Territorio-da-Noticia_Tela-300x201.png 300w, https:\/\/latamjournalismreview.org\/wp-content\/uploads\/2021\/08\/Territorio-da-Noticia_Tela.png 507w, https:\/\/latamjournalismreview.org\/wp-content\/uploads\/2021\/08\/Territorio-da-Noticia_Tela-350x234.png 350w\" sizes=\"auto, (max-width: 400px) 100vw, 400px\" \/><p id=\"caption-attachment-27993\" class=\"wp-caption-text\">Tela da TN instalada em mercado na zona sul de S\u00e3o Paulo. Ao todo, ser\u00e3o 25 telas, com audi\u00eancia estimada entre 500 e 800 mil pessoas por m\u00eas. Foto: Patr\u00edcia Santos<\/p><\/div>\n<p>\u201cCada tela significa um alcance de p\u00fablico que as redes sociais n\u00e3o possibilitam e tamb\u00e9m gera\u00e7\u00e3o de renda que vai monetizar a audi\u00eancia. N\u00e3o \u00e9 s\u00f3 exibir o conte\u00fado e sim transformar essa estrat\u00e9gia em gera\u00e7\u00e3o de renda,\u201d disse \u00e0 <strong>LatAm Journalism Review (LJR)<\/strong> Ronaldo Matos, gerente comercial do TN, jornalista e co-fundador do site de not\u00edcias <a href=\"https:\/\/web.facebook.com\/desenrolaenaomenrola\/?__cft__[0]=AZW4IXaSvFOn4BJeHCwld-DlTUahRO778wXrRTYCcX8rDwFw5d2NtiatGjyLP0FkV7YqkQ-1s0nGQyixUWgpskWKO44_6NR9fnMcanrLsxXfUrB6jkw_F66QPAmf5r924IWV8lHlqc3-bxL89ZaLrU0vOc3YyU_LxWeElLnCSO5E-w&amp;__tn__=kK-R\">Desenrola e N\u00e3o Me Enrola<\/a>.<\/p>\n<p>Al\u00e9m da Desenrola, a TN conta ainda com os coletivos jornal\u00edsticos <a href=\"https:\/\/web.facebook.com\/almapretajornalismo\/?__cft__[0]=AZW4IXaSvFOn4BJeHCwld-DlTUahRO778wXrRTYCcX8rDwFw5d2NtiatGjyLP0FkV7YqkQ-1s0nGQyixUWgpskWKO44_6NR9fnMcanrLsxXfUrB6jkw_F66QPAmf5r924IWV8lHlqc3-bxL89ZaLrU0vOc3YyU_LxWeElLnCSO5E-w&amp;__tn__=kK-R\">Alma Preta<\/a>, Embarque Nodireito e <a href=\"https:\/\/web.facebook.com\/PeriferiaemMovimento\/?__cft__[0]=AZW4IXaSvFOn4BJeHCwld-DlTUahRO778wXrRTYCcX8rDwFw5d2NtiatGjyLP0FkV7YqkQ-1s0nGQyixUWgpskWKO44_6NR9fnMcanrLsxXfUrB6jkw_F66QPAmf5r924IWV8lHlqc3-bxL89ZaLrU0vOc3YyU_LxWeElLnCSO5E-w&amp;__tn__=kK-R\">Periferia em Movimento<\/a>. O conte\u00fado de cada uma mostrado nas telas pode ser acessado via um QR code.<\/p>\n<p>\u201cA gente tem um debate muito forte sobre os desertos de not\u00edcias, mas muitas vezes a not\u00edcia que a gente produz ela n\u00e3o chega at\u00e9 quem precisa porque tem um gargalo de distribui\u00e7\u00e3o,\u201d disse \u00e0 <strong>LJR<\/strong> Simone Freire, gerente de marketing da TN.<\/p>\n<p>A compara\u00e7\u00e3o das dificuldades enfrentadas pelo jornalismo local em periferias e favelas com os desertos de not\u00edcias \u00e9 pertinente. De acordo com a edi\u00e7\u00e3o mais recente do <a href=\"https:\/\/www.atlas.jor.br\/desertos-de-noticia\/\">Atlas da Not\u00edcia<\/a>, 17,9% dos munic\u00edpios brasileiros n\u00e3o t\u00eam nenhum ve\u00edculo jornal\u00edstico em atividade. Em geral, s\u00e3o munic\u00edpios pequenos, com popula\u00e7\u00e3o mediana de 7.100 habitantes.<\/p>\n<div id=\"attachment_27987\" style=\"width: 310px\" class=\"wp-caption alignright\"><img loading=\"lazy\" decoding=\"async\" aria-describedby=\"caption-attachment-27987\" class=\"wp-image-27987 size-medium\" src=\"https:\/\/latamjournalismreview.org\/wp-content\/uploads\/2021\/08\/Territorio-da-Noticia_Simone-Freire-e1629915712523-300x300.png\" alt=\"Simone Freire, gerente de marketing da TN: \u2018mapeamos estabelecimento comerciais parceiros pensando na audi\u00eancia e juntamos com a grande produ\u00e7\u00e3o jornal\u00edstica que j\u00e1 vem desses coletivos\u2019\" width=\"300\" height=\"300\" srcset=\"https:\/\/latamjournalismreview.org\/wp-content\/uploads\/2021\/08\/Territorio-da-Noticia_Simone-Freire-e1629915712523-300x300.png 300w, https:\/\/latamjournalismreview.org\/wp-content\/uploads\/2021\/08\/Territorio-da-Noticia_Simone-Freire-e1629915712523-150x150.png 150w, https:\/\/latamjournalismreview.org\/wp-content\/uploads\/2021\/08\/Territorio-da-Noticia_Simone-Freire-e1629915712523.png 338w\" sizes=\"auto, (max-width: 300px) 100vw, 300px\" \/><p id=\"caption-attachment-27987\" class=\"wp-caption-text\">Simone Freire, gerente de marketing da TN: \u2018mapeamos estabelecimento comerciais parceiros pensando na audi\u00eancia e juntamos com a grande produ\u00e7\u00e3o jornal\u00edstica que j\u00e1 vem desses coletivos\u2019<\/p><\/div>\n<p>Embora periferias e favelas de grandes cidades n\u00e3o sejam consideradas desertos de not\u00edcias, pois em geral fazem parte de cidades maiores onde h\u00e1 ve\u00edculos de jornalismo, essas popula\u00e7\u00f5es t\u00eam necessidades de informa\u00e7\u00e3o espec\u00edficas. Mesmo quando existem ve\u00edculos locais produzindo conte\u00fado, a distribui\u00e7\u00e3o \u00e9 uma barreira adicional.<\/p>\n<p>Uma pesquisa do F\u00f3rum Comunica\u00e7\u00e3o e Territ\u00f3rios identificou <a href=\"https:\/\/bfa98098-c39c-4cf4-9dfe-6b29750aa72e.filesusr.com\/ugd\/fce3c8_5e94ce715b39442b80f0e0bd88b41378.pdf\">97 iniciativas de jornalismo local<\/a> ativas em 2019 na cidade de S\u00e3o Paulo, a maior do Brasil com 12 milh\u00f5es de habitantes. A TN estima que as suas 25 telas iniciais v\u00e3o atingir entre 500 a 800 mil pessoas por m\u00eas.<\/p>\n<p>A inspira\u00e7\u00e3o da TN vem de displays publicit\u00e1rios que existem em elevadores de pr\u00e9dios corporativos, em pontos de \u00f4nibus e esta\u00e7\u00f5es de trem e metr\u00f4. Muitos deles, al\u00e9m dos an\u00fancios, tamb\u00e9m mostram manchetes do notici\u00e1rio como forma de atrair a aten\u00e7\u00e3o dos transeuntes.<\/p>\n<p>\u201cMapeamos estabelecimento comerciais parceiros pensando na audi\u00eancia. Precisavam ter grande fluxo de clientes e juntamos com a grande produ\u00e7\u00e3o jornal\u00edstica que j\u00e1 vem desses coletivos,\u201d explicou Freire.<\/p>\n<p>A TN surgiu a partir de um projeto selecionado pelo Desafio de Inova\u00e7\u00e3o Google News Initiative na Am\u00e9rica Latina em 2019. Com o dinheiro, a equipe desenvolveu a solu\u00e7\u00e3o tecnol\u00f3gica pr\u00f3pria que interliga as telas com o sistema de publica\u00e7\u00e3o de not\u00edcias e an\u00fancios. Ele \u00e9 mantido por uma equipe de 20 pessoas, entre jornalistas e t\u00e9cnicos, com apoio de equipes de vendas, financeira e de marketing.<\/p>\n<div id=\"attachment_27984\" style=\"width: 410px\" class=\"wp-caption alignleft\"><img loading=\"lazy\" decoding=\"async\" aria-describedby=\"caption-attachment-27984\" class=\"wp-image-27984\" src=\"https:\/\/latamjournalismreview.org\/wp-content\/uploads\/2021\/08\/Territorio-da-Noticia_Ronaldo-Matos-300x201.png\" alt=\"Ronaldo Matos, gerente comercial da TN: \u2018o deserto n\u00e3o \u00e9 s\u00f3 de produ\u00e7\u00e3o de not\u00edcias, mas tamb\u00e9m de distribui\u00e7\u00e3o\u2019. Foto: cortesia\" width=\"400\" height=\"268\" srcset=\"https:\/\/latamjournalismreview.org\/wp-content\/uploads\/2021\/08\/Territorio-da-Noticia_Ronaldo-Matos-300x201.png 300w, https:\/\/latamjournalismreview.org\/wp-content\/uploads\/2021\/08\/Territorio-da-Noticia_Ronaldo-Matos.png 507w, https:\/\/latamjournalismreview.org\/wp-content\/uploads\/2021\/08\/Territorio-da-Noticia_Ronaldo-Matos-350x234.png 350w\" sizes=\"auto, (max-width: 400px) 100vw, 400px\" \/><p id=\"caption-attachment-27984\" class=\"wp-caption-text\">Ronaldo Matos, gerente comercial da TN: \u2018o deserto n\u00e3o \u00e9 s\u00f3 de produ\u00e7\u00e3o de not\u00edcias, mas tamb\u00e9m de distribui\u00e7\u00e3o\u2019. Foto: cortesia<\/p><\/div>\n<p>\u201cUm dos nossos grandes desafios \u00e9 conseguir investidores para a nossa opera\u00e7\u00e3o. Temos tecnologia pr\u00f3pria, equipe pr\u00f3pria. Al\u00e9m disso, o plano e m\u00e9todo de venda de an\u00fancios \u00e9 nosso. O produto adaptado \u00e0 desigualdade estruturante do acesso \u00e0 internet no Brasil, onde o celular \u00e9 a principal ferramenta de conex\u00e3o,\u201d disse Matos.<\/p>\n<p>E investimentos ser\u00e3o necess\u00e1rios para, uma vez consolidada, a TN amplie a sua abrang\u00eancia na cidade de S\u00e3o Paulo, inclua novas iniciativas jornal\u00edsticas. Tamb\u00e9m est\u00e1 nos planos entrar em novas cidades, como o Rio de Janeiro, que, assim como S\u00e3o Paulo, conta com uma cena importante de jornalismo produzido nas favelas.<\/p>\n<p>\u201cQuem se formar na faculdade daqui a cinco anos, vai poder criar um portal de jornalismo no seu bairro com a rede de longo alcance da TN,\u201d prev\u00ea Matos. \u201cVai ser tamb\u00e9m capaz de monetizar o seu conte\u00fado, numa alternativa \u00e0s redes sociais, atendendo a princ\u00edpios \u00e9ticos e editoriais de qualidade jornal\u00edstica\u201d.<\/p>\n","protected":false},"excerpt":{"rendered":"<p>Projeto inovador de quatro ve\u00edculos de jornalismo amplia a distribui\u00e7\u00e3o de conte\u00fado nas periferias e favelas enquanto contribui para ampliar as receitas para as reda\u00e7\u00f5es. Lan\u00e7ado inicialmente em S\u00e3o Paulo, a iniciativa conta com 25 telas instaladas em estabelecimentos comerciais por onde passam at\u00e9 800 mil pessoas por m\u00eas.<\/p>\n","protected":false},"author":5,"featured_media":27990,"comment_status":"closed","ping_status":"closed","sticky":false,"template":"","format":"standard","meta":{"inline_featured_image":false,"footnotes":""},"categories":[1210],"tags":[1593],"coauthors":[],"class_list":["post-28000","post","type-post","status-publish","format-standard","has-post-thumbnail","hentry","category-modelo-de-negocio-pt-br","tag-jornalismo-online-pt-br"],"acf":[],"yoast_head":"<!-- This site is optimized with the Yoast SEO Premium plugin v22.6 (Yoast SEO v27.4) - https:\/\/yoast.com\/product\/yoast-seo-premium-wordpress\/ -->\n<title>Ve\u00edculos digitais lan\u00e7am solu\u00e7\u00e3o para distribuir e monetizar not\u00edcias sobre a periferia de S\u00e3o Paulo - LatAm Journalism Review by the Knight Center<\/title>\n<meta name=\"description\" content=\"Ve\u00edculos digitais lan\u00e7am solu\u00e7\u00e3o para distribuir e monetizar not\u00edcias sobre a periferia de S\u00e3o Paulo Modelo de neg\u00f3cio. Latin American Journalism Review by The Knight Center at The University of Texas at Austin.\" \/>\n<meta name=\"robots\" content=\"index, follow, max-snippet:-1, max-image-preview:large, max-video-preview:-1\" \/>\n<link rel=\"canonical\" href=\"https:\/\/latamjournalismreview.org\/pt-br\/articles\/veiculos-digitais-lancam-solucao-para-distribuir-e-monetizar-informacao-sobre-a-periferia-de-sao-paulo\/\" \/>\n<meta property=\"og:locale\" content=\"pt_BR\" \/>\n<meta property=\"og:type\" content=\"article\" \/>\n<meta property=\"og:title\" content=\"Ve\u00edculos digitais lan\u00e7am solu\u00e7\u00e3o para distribuir e monetizar not\u00edcias sobre a periferia de S\u00e3o Paulo\" \/>\n<meta property=\"og:description\" content=\"Ve\u00edculos digitais lan\u00e7am solu\u00e7\u00e3o para distribuir e monetizar not\u00edcias sobre a periferia de S\u00e3o Paulo Modelo de neg\u00f3cio. Latin American Journalism Review by The Knight Center at The University of Texas at Austin.\" \/>\n<meta property=\"og:url\" content=\"https:\/\/latamjournalismreview.org\/pt-br\/articles\/veiculos-digitais-lancam-solucao-para-distribuir-e-monetizar-informacao-sobre-a-periferia-de-sao-paulo\/\" \/>\n<meta property=\"og:site_name\" content=\"LatAm Journalism Review by the Knight Center\" \/>\n<meta property=\"article:published_time\" content=\"2021-08-25T18:25:31+00:00\" \/>\n<meta property=\"article:modified_time\" content=\"2021-08-25T18:27:51+00:00\" \/>\n<meta property=\"og:image\" content=\"https:\/\/latamjournalismreview.org\/wp-content\/uploads\/2021\/08\/Territorio-da-Noticia_Tela-2.png\" \/>\n\t<meta property=\"og:image:width\" content=\"507\" \/>\n\t<meta property=\"og:image:height\" content=\"340\" \/>\n\t<meta property=\"og:image:type\" content=\"image\/png\" \/>\n<meta name=\"author\" content=\"J\u00falio Lubianco\" \/>\n<meta name=\"twitter:card\" content=\"summary_large_image\" \/>\n<meta name=\"twitter:creator\" content=\"@jlubianco\" \/>\n<meta name=\"twitter:site\" content=\"@LatAmJournalism\" \/>\n<meta name=\"twitter:label1\" content=\"Written by\" \/>\n\t<meta name=\"twitter:data1\" content=\"J\u00falio Lubianco\" \/>\n\t<meta name=\"twitter:label2\" content=\"Est. reading time\" \/>\n\t<meta name=\"twitter:data2\" content=\"4 minutos\" \/>\n<script type=\"application\/ld+json\" class=\"yoast-schema-graph\">{\"@context\":\"https:\\\/\\\/schema.org\",\"@graph\":[{\"@type\":\"Article\",\"@id\":\"https:\\\/\\\/latamjournalismreview.org\\\/pt-br\\\/articles\\\/veiculos-digitais-lancam-solucao-para-distribuir-e-monetizar-informacao-sobre-a-periferia-de-sao-paulo\\\/#article\",\"isPartOf\":{\"@id\":\"https:\\\/\\\/latamjournalismreview.org\\\/pt-br\\\/articles\\\/veiculos-digitais-lancam-solucao-para-distribuir-e-monetizar-informacao-sobre-a-periferia-de-sao-paulo\\\/\"},\"author\":{\"name\":\"J\u00falio Lubianco\",\"@id\":\"https:\\\/\\\/latamjournalismreview.org\\\/pt-br\\\/#\\\/schema\\\/person\\\/d9517de765982788cd8378b5a229e3dd\"},\"headline\":\"Ve\u00edculos digitais lan\u00e7am solu\u00e7\u00e3o para distribuir e monetizar not\u00edcias sobre a periferia de S\u00e3o Paulo\",\"datePublished\":\"2021-08-25T18:25:31+00:00\",\"dateModified\":\"2021-08-25T18:27:51+00:00\",\"mainEntityOfPage\":{\"@id\":\"https:\\\/\\\/latamjournalismreview.org\\\/pt-br\\\/articles\\\/veiculos-digitais-lancam-solucao-para-distribuir-e-monetizar-informacao-sobre-a-periferia-de-sao-paulo\\\/\"},\"wordCount\":844,\"publisher\":{\"@id\":\"https:\\\/\\\/latamjournalismreview.org\\\/pt-br\\\/#organization\"},\"image\":{\"@id\":\"https:\\\/\\\/latamjournalismreview.org\\\/pt-br\\\/articles\\\/veiculos-digitais-lancam-solucao-para-distribuir-e-monetizar-informacao-sobre-a-periferia-de-sao-paulo\\\/#primaryimage\"},\"thumbnailUrl\":\"https:\\\/\\\/latamjournalismreview.org\\\/wp-content\\\/uploads\\\/2021\\\/08\\\/Territorio-da-Noticia_Tela-2.png\",\"keywords\":[\"Jornalismo online\"],\"articleSection\":[\"Modelo de neg\u00f3cio\"],\"inLanguage\":\"pt-BR\"},{\"@type\":\"WebPage\",\"@id\":\"https:\\\/\\\/latamjournalismreview.org\\\/pt-br\\\/articles\\\/veiculos-digitais-lancam-solucao-para-distribuir-e-monetizar-informacao-sobre-a-periferia-de-sao-paulo\\\/\",\"url\":\"https:\\\/\\\/latamjournalismreview.org\\\/pt-br\\\/articles\\\/veiculos-digitais-lancam-solucao-para-distribuir-e-monetizar-informacao-sobre-a-periferia-de-sao-paulo\\\/\",\"name\":\"Ve\u00edculos digitais lan\u00e7am solu\u00e7\u00e3o para distribuir e monetizar not\u00edcias sobre a periferia de S\u00e3o Paulo - LatAm Journalism Review by the Knight Center\",\"isPartOf\":{\"@id\":\"https:\\\/\\\/latamjournalismreview.org\\\/pt-br\\\/#website\"},\"primaryImageOfPage\":{\"@id\":\"https:\\\/\\\/latamjournalismreview.org\\\/pt-br\\\/articles\\\/veiculos-digitais-lancam-solucao-para-distribuir-e-monetizar-informacao-sobre-a-periferia-de-sao-paulo\\\/#primaryimage\"},\"image\":{\"@id\":\"https:\\\/\\\/latamjournalismreview.org\\\/pt-br\\\/articles\\\/veiculos-digitais-lancam-solucao-para-distribuir-e-monetizar-informacao-sobre-a-periferia-de-sao-paulo\\\/#primaryimage\"},\"thumbnailUrl\":\"https:\\\/\\\/latamjournalismreview.org\\\/wp-content\\\/uploads\\\/2021\\\/08\\\/Territorio-da-Noticia_Tela-2.png\",\"datePublished\":\"2021-08-25T18:25:31+00:00\",\"dateModified\":\"2021-08-25T18:27:51+00:00\",\"description\":\"Ve\u00edculos digitais lan\u00e7am solu\u00e7\u00e3o para distribuir e monetizar not\u00edcias sobre a periferia de S\u00e3o Paulo Modelo de neg\u00f3cio. Latin American Journalism Review by The Knight Center at The University of Texas at Austin.\",\"breadcrumb\":{\"@id\":\"https:\\\/\\\/latamjournalismreview.org\\\/pt-br\\\/articles\\\/veiculos-digitais-lancam-solucao-para-distribuir-e-monetizar-informacao-sobre-a-periferia-de-sao-paulo\\\/#breadcrumb\"},\"inLanguage\":\"pt-BR\",\"potentialAction\":[{\"@type\":\"ReadAction\",\"target\":[\"https:\\\/\\\/latamjournalismreview.org\\\/pt-br\\\/articles\\\/veiculos-digitais-lancam-solucao-para-distribuir-e-monetizar-informacao-sobre-a-periferia-de-sao-paulo\\\/\"]}]},{\"@type\":\"ImageObject\",\"inLanguage\":\"pt-BR\",\"@id\":\"https:\\\/\\\/latamjournalismreview.org\\\/pt-br\\\/articles\\\/veiculos-digitais-lancam-solucao-para-distribuir-e-monetizar-informacao-sobre-a-periferia-de-sao-paulo\\\/#primaryimage\",\"url\":\"https:\\\/\\\/latamjournalismreview.org\\\/wp-content\\\/uploads\\\/2021\\\/08\\\/Territorio-da-Noticia_Tela-2.png\",\"contentUrl\":\"https:\\\/\\\/latamjournalismreview.org\\\/wp-content\\\/uploads\\\/2021\\\/08\\\/Territorio-da-Noticia_Tela-2.png\",\"width\":507,\"height\":340,\"caption\":\"Tela da TN instalada em mercado na zona sul de S\u00e3o Paulo. Ao todo, ser\u00e3o 25 telas, com audi\u00eancia estimada entre 500 e 800 mil pessoas por m\u00eas. Foto: Patr\u00edcia Santos\"},{\"@type\":\"BreadcrumbList\",\"@id\":\"https:\\\/\\\/latamjournalismreview.org\\\/pt-br\\\/articles\\\/veiculos-digitais-lancam-solucao-para-distribuir-e-monetizar-informacao-sobre-a-periferia-de-sao-paulo\\\/#breadcrumb\",\"itemListElement\":[{\"@type\":\"ListItem\",\"position\":1,\"name\":\"Home\",\"item\":\"https:\\\/\\\/latamjournalismreview.org\\\/pt-br\\\/\"},{\"@type\":\"ListItem\",\"position\":2,\"name\":\"Ve\u00edculos digitais lan\u00e7am solu\u00e7\u00e3o para distribuir e monetizar not\u00edcias sobre a periferia de S\u00e3o Paulo\"}]},{\"@type\":\"WebSite\",\"@id\":\"https:\\\/\\\/latamjournalismreview.org\\\/pt-br\\\/#website\",\"url\":\"https:\\\/\\\/latamjournalismreview.org\\\/pt-br\\\/\",\"name\":\"LatAm Journalism Review\",\"description\":\"Digital magazine on journalism in Latin America\",\"publisher\":{\"@id\":\"https:\\\/\\\/latamjournalismreview.org\\\/pt-br\\\/#organization\"},\"potentialAction\":[{\"@type\":\"SearchAction\",\"target\":{\"@type\":\"EntryPoint\",\"urlTemplate\":\"https:\\\/\\\/latamjournalismreview.org\\\/pt-br\\\/?s={search_term_string}\"},\"query-input\":{\"@type\":\"PropertyValueSpecification\",\"valueRequired\":true,\"valueName\":\"search_term_string\"}}],\"inLanguage\":\"pt-BR\"},{\"@type\":\"Organization\",\"@id\":\"https:\\\/\\\/latamjournalismreview.org\\\/pt-br\\\/#organization\",\"name\":\"LatAm Journalism Review\",\"url\":\"https:\\\/\\\/latamjournalismreview.org\\\/pt-br\\\/\",\"logo\":{\"@type\":\"ImageObject\",\"inLanguage\":\"pt-BR\",\"@id\":\"https:\\\/\\\/latamjournalismreview.org\\\/pt-br\\\/#\\\/schema\\\/logo\\\/image\\\/\",\"url\":\"https:\\\/\\\/latamjournalismreview.org\\\/wp-content\\\/uploads\\\/2020\\\/05\\\/knight-latAm-review-logo.svg\",\"contentUrl\":\"https:\\\/\\\/latamjournalismreview.org\\\/wp-content\\\/uploads\\\/2020\\\/05\\\/knight-latAm-review-logo.svg\",\"width\":\"1024\",\"height\":\"1024\",\"caption\":\"LatAm Journalism Review\"},\"image\":{\"@id\":\"https:\\\/\\\/latamjournalismreview.org\\\/pt-br\\\/#\\\/schema\\\/logo\\\/image\\\/\"},\"sameAs\":[\"https:\\\/\\\/x.com\\\/LatAmJournalism\"]},{\"@type\":\"Person\",\"@id\":\"https:\\\/\\\/latamjournalismreview.org\\\/pt-br\\\/#\\\/schema\\\/person\\\/d9517de765982788cd8378b5a229e3dd\",\"name\":\"J\u00falio Lubianco\",\"description\":\"J\u00falio Lubianco studied journalism at Universidade Federal Fluminense (UFF). He began his career on the local desk at Jornal do Brasil, in 2003. He was a reporter, assignment editor and managing editor at R\u00e1dio CBN. He has a Master\u2019s degree in media and communication from the London School of Economics (LSE), with a scholarship from the Journalists of Vision program. He is a professor of journalism at PUC-Rio. He won the Imprensa Embratel award in 2007, the Alexandre Adler award in 2008, and is a two-time winner of the Tim Lopes Award for Investigative Journalism, in 2009 and 2014. J\u00falio Lubianco estudi\u00f3 periodismo en la Universidad Federal Fluminense (UFF). Comenz\u00f3 la carrera en 2003, en el diario Jornal do Brasil. Fue reportero, editor y editor ejecutivo en R\u00e1dio CBN. Hizo su maestr\u00eda en medios de comunicaci\u00f3n en London School of Economics (LSE), becado por el programa Jornalistas de Vis\u00e3o. Es profesor del curso de periodismo de PUC-Rio y es presentador del podcast de BRIO, que trata sobre periodismo, carrera, mercado y tecnolog\u00eda. Gan\u00f3 los premios Imprensa Embratel (2007), Alexandre Adler (2008), y en dos oportunidades el Tim Lopes de Periodismo Investigativo (2009 y 2014). J\u00falio Lubianco estudou jornalismo na Universidade Federal Fluminense (UFF). Come\u00e7ou a carreira em 2003, no caderno Cidade do Jornal do Brasil. Foi rep\u00f3rter, chefe de reportagem e gerente de jornalismo na R\u00e1dio CBN. Fez mestrado em m\u00eddia e comunica\u00e7\u00e3o na London School of Economics (LSE), com bolsa do programa Jornalistas de Vis\u00e3o. \u00c9 professor do curso de jornalismo da PUC-Rio e apresenta o podcast do BRIO, que discute jornalismo, carreira, mercado e tecnologia. Venceu os pr\u00eamios Imprensa Embratel, em 2007, o Alexandre Adler, em 2008, e duas vezes o Tim Lopes de Jornalismo Investigativo, em 2009 e 2014.\",\"sameAs\":[\"https:\\\/\\\/www.linkedin.com\\\/in\\\/julio-lubianco\\\/\",\"https:\\\/\\\/x.com\\\/jlubianco\"],\"url\":\"https:\\\/\\\/latamjournalismreview.org\\\/pt-br\\\/articles\\\/author\\\/julio-lubianco\\\/\"}]}<\/script>\n<!-- \/ Yoast SEO Premium plugin. -->","yoast_head_json":{"title":"Ve\u00edculos digitais lan\u00e7am solu\u00e7\u00e3o para distribuir e monetizar not\u00edcias sobre a periferia de S\u00e3o Paulo - LatAm Journalism Review by the Knight Center","description":"Ve\u00edculos digitais lan\u00e7am solu\u00e7\u00e3o para distribuir e monetizar not\u00edcias sobre a periferia de S\u00e3o Paulo Modelo de neg\u00f3cio. Latin American Journalism Review by The Knight Center at The University of Texas at Austin.","robots":{"index":"index","follow":"follow","max-snippet":"max-snippet:-1","max-image-preview":"max-image-preview:large","max-video-preview":"max-video-preview:-1"},"canonical":"https:\/\/latamjournalismreview.org\/pt-br\/articles\/veiculos-digitais-lancam-solucao-para-distribuir-e-monetizar-informacao-sobre-a-periferia-de-sao-paulo\/","og_locale":"pt_BR","og_type":"article","og_title":"Ve\u00edculos digitais lan\u00e7am solu\u00e7\u00e3o para distribuir e monetizar not\u00edcias sobre a periferia de S\u00e3o Paulo","og_description":"Ve\u00edculos digitais lan\u00e7am solu\u00e7\u00e3o para distribuir e monetizar not\u00edcias sobre a periferia de S\u00e3o Paulo Modelo de neg\u00f3cio. Latin American Journalism Review by The Knight Center at The University of Texas at Austin.","og_url":"https:\/\/latamjournalismreview.org\/pt-br\/articles\/veiculos-digitais-lancam-solucao-para-distribuir-e-monetizar-informacao-sobre-a-periferia-de-sao-paulo\/","og_site_name":"LatAm Journalism Review by the Knight Center","article_published_time":"2021-08-25T18:25:31+00:00","article_modified_time":"2021-08-25T18:27:51+00:00","og_image":[{"width":507,"height":340,"url":"https:\/\/latamjournalismreview.org\/wp-content\/uploads\/2021\/08\/Territorio-da-Noticia_Tela-2.png","type":"image\/png"}],"author":"J\u00falio Lubianco","twitter_card":"summary_large_image","twitter_creator":"@jlubianco","twitter_site":"@LatAmJournalism","twitter_misc":{"Written by":"J\u00falio Lubianco","Est. reading time":"4 minutos"},"schema":{"@context":"https:\/\/schema.org","@graph":[{"@type":"Article","@id":"https:\/\/latamjournalismreview.org\/pt-br\/articles\/veiculos-digitais-lancam-solucao-para-distribuir-e-monetizar-informacao-sobre-a-periferia-de-sao-paulo\/#article","isPartOf":{"@id":"https:\/\/latamjournalismreview.org\/pt-br\/articles\/veiculos-digitais-lancam-solucao-para-distribuir-e-monetizar-informacao-sobre-a-periferia-de-sao-paulo\/"},"author":{"name":"J\u00falio Lubianco","@id":"https:\/\/latamjournalismreview.org\/pt-br\/#\/schema\/person\/d9517de765982788cd8378b5a229e3dd"},"headline":"Ve\u00edculos digitais lan\u00e7am solu\u00e7\u00e3o para distribuir e monetizar not\u00edcias sobre a periferia de S\u00e3o Paulo","datePublished":"2021-08-25T18:25:31+00:00","dateModified":"2021-08-25T18:27:51+00:00","mainEntityOfPage":{"@id":"https:\/\/latamjournalismreview.org\/pt-br\/articles\/veiculos-digitais-lancam-solucao-para-distribuir-e-monetizar-informacao-sobre-a-periferia-de-sao-paulo\/"},"wordCount":844,"publisher":{"@id":"https:\/\/latamjournalismreview.org\/pt-br\/#organization"},"image":{"@id":"https:\/\/latamjournalismreview.org\/pt-br\/articles\/veiculos-digitais-lancam-solucao-para-distribuir-e-monetizar-informacao-sobre-a-periferia-de-sao-paulo\/#primaryimage"},"thumbnailUrl":"https:\/\/latamjournalismreview.org\/wp-content\/uploads\/2021\/08\/Territorio-da-Noticia_Tela-2.png","keywords":["Jornalismo online"],"articleSection":["Modelo de neg\u00f3cio"],"inLanguage":"pt-BR"},{"@type":"WebPage","@id":"https:\/\/latamjournalismreview.org\/pt-br\/articles\/veiculos-digitais-lancam-solucao-para-distribuir-e-monetizar-informacao-sobre-a-periferia-de-sao-paulo\/","url":"https:\/\/latamjournalismreview.org\/pt-br\/articles\/veiculos-digitais-lancam-solucao-para-distribuir-e-monetizar-informacao-sobre-a-periferia-de-sao-paulo\/","name":"Ve\u00edculos digitais lan\u00e7am solu\u00e7\u00e3o para distribuir e monetizar not\u00edcias sobre a periferia de S\u00e3o Paulo - LatAm Journalism Review by the Knight Center","isPartOf":{"@id":"https:\/\/latamjournalismreview.org\/pt-br\/#website"},"primaryImageOfPage":{"@id":"https:\/\/latamjournalismreview.org\/pt-br\/articles\/veiculos-digitais-lancam-solucao-para-distribuir-e-monetizar-informacao-sobre-a-periferia-de-sao-paulo\/#primaryimage"},"image":{"@id":"https:\/\/latamjournalismreview.org\/pt-br\/articles\/veiculos-digitais-lancam-solucao-para-distribuir-e-monetizar-informacao-sobre-a-periferia-de-sao-paulo\/#primaryimage"},"thumbnailUrl":"https:\/\/latamjournalismreview.org\/wp-content\/uploads\/2021\/08\/Territorio-da-Noticia_Tela-2.png","datePublished":"2021-08-25T18:25:31+00:00","dateModified":"2021-08-25T18:27:51+00:00","description":"Ve\u00edculos digitais lan\u00e7am solu\u00e7\u00e3o para distribuir e monetizar not\u00edcias sobre a periferia de S\u00e3o Paulo Modelo de neg\u00f3cio. Latin American Journalism Review by The Knight Center at The University of Texas at Austin.","breadcrumb":{"@id":"https:\/\/latamjournalismreview.org\/pt-br\/articles\/veiculos-digitais-lancam-solucao-para-distribuir-e-monetizar-informacao-sobre-a-periferia-de-sao-paulo\/#breadcrumb"},"inLanguage":"pt-BR","potentialAction":[{"@type":"ReadAction","target":["https:\/\/latamjournalismreview.org\/pt-br\/articles\/veiculos-digitais-lancam-solucao-para-distribuir-e-monetizar-informacao-sobre-a-periferia-de-sao-paulo\/"]}]},{"@type":"ImageObject","inLanguage":"pt-BR","@id":"https:\/\/latamjournalismreview.org\/pt-br\/articles\/veiculos-digitais-lancam-solucao-para-distribuir-e-monetizar-informacao-sobre-a-periferia-de-sao-paulo\/#primaryimage","url":"https:\/\/latamjournalismreview.org\/wp-content\/uploads\/2021\/08\/Territorio-da-Noticia_Tela-2.png","contentUrl":"https:\/\/latamjournalismreview.org\/wp-content\/uploads\/2021\/08\/Territorio-da-Noticia_Tela-2.png","width":507,"height":340,"caption":"Tela da TN instalada em mercado na zona sul de S\u00e3o Paulo. Ao todo, ser\u00e3o 25 telas, com audi\u00eancia estimada entre 500 e 800 mil pessoas por m\u00eas. Foto: Patr\u00edcia Santos"},{"@type":"BreadcrumbList","@id":"https:\/\/latamjournalismreview.org\/pt-br\/articles\/veiculos-digitais-lancam-solucao-para-distribuir-e-monetizar-informacao-sobre-a-periferia-de-sao-paulo\/#breadcrumb","itemListElement":[{"@type":"ListItem","position":1,"name":"Home","item":"https:\/\/latamjournalismreview.org\/pt-br\/"},{"@type":"ListItem","position":2,"name":"Ve\u00edculos digitais lan\u00e7am solu\u00e7\u00e3o para distribuir e monetizar not\u00edcias sobre a periferia de S\u00e3o Paulo"}]},{"@type":"WebSite","@id":"https:\/\/latamjournalismreview.org\/pt-br\/#website","url":"https:\/\/latamjournalismreview.org\/pt-br\/","name":"LatAm Journalism Review","description":"Digital magazine on journalism in Latin America","publisher":{"@id":"https:\/\/latamjournalismreview.org\/pt-br\/#organization"},"potentialAction":[{"@type":"SearchAction","target":{"@type":"EntryPoint","urlTemplate":"https:\/\/latamjournalismreview.org\/pt-br\/?s={search_term_string}"},"query-input":{"@type":"PropertyValueSpecification","valueRequired":true,"valueName":"search_term_string"}}],"inLanguage":"pt-BR"},{"@type":"Organization","@id":"https:\/\/latamjournalismreview.org\/pt-br\/#organization","name":"LatAm Journalism Review","url":"https:\/\/latamjournalismreview.org\/pt-br\/","logo":{"@type":"ImageObject","inLanguage":"pt-BR","@id":"https:\/\/latamjournalismreview.org\/pt-br\/#\/schema\/logo\/image\/","url":"https:\/\/latamjournalismreview.org\/wp-content\/uploads\/2020\/05\/knight-latAm-review-logo.svg","contentUrl":"https:\/\/latamjournalismreview.org\/wp-content\/uploads\/2020\/05\/knight-latAm-review-logo.svg","width":"1024","height":"1024","caption":"LatAm Journalism Review"},"image":{"@id":"https:\/\/latamjournalismreview.org\/pt-br\/#\/schema\/logo\/image\/"},"sameAs":["https:\/\/x.com\/LatAmJournalism"]},{"@type":"Person","@id":"https:\/\/latamjournalismreview.org\/pt-br\/#\/schema\/person\/d9517de765982788cd8378b5a229e3dd","name":"J\u00falio Lubianco","description":"J\u00falio Lubianco studied journalism at Universidade Federal Fluminense (UFF). He began his career on the local desk at Jornal do Brasil, in 2003. He was a reporter, assignment editor and managing editor at R\u00e1dio CBN. He has a Master\u2019s degree in media and communication from the London School of Economics (LSE), with a scholarship from the Journalists of Vision program. He is a professor of journalism at PUC-Rio. He won the Imprensa Embratel award in 2007, the Alexandre Adler award in 2008, and is a two-time winner of the Tim Lopes Award for Investigative Journalism, in 2009 and 2014. J\u00falio Lubianco estudi\u00f3 periodismo en la Universidad Federal Fluminense (UFF). Comenz\u00f3 la carrera en 2003, en el diario Jornal do Brasil. Fue reportero, editor y editor ejecutivo en R\u00e1dio CBN. Hizo su maestr\u00eda en medios de comunicaci\u00f3n en London School of Economics (LSE), becado por el programa Jornalistas de Vis\u00e3o. Es profesor del curso de periodismo de PUC-Rio y es presentador del podcast de BRIO, que trata sobre periodismo, carrera, mercado y tecnolog\u00eda. Gan\u00f3 los premios Imprensa Embratel (2007), Alexandre Adler (2008), y en dos oportunidades el Tim Lopes de Periodismo Investigativo (2009 y 2014). J\u00falio Lubianco estudou jornalismo na Universidade Federal Fluminense (UFF). Come\u00e7ou a carreira em 2003, no caderno Cidade do Jornal do Brasil. Foi rep\u00f3rter, chefe de reportagem e gerente de jornalismo na R\u00e1dio CBN. Fez mestrado em m\u00eddia e comunica\u00e7\u00e3o na London School of Economics (LSE), com bolsa do programa Jornalistas de Vis\u00e3o. \u00c9 professor do curso de jornalismo da PUC-Rio e apresenta o podcast do BRIO, que discute jornalismo, carreira, mercado e tecnologia. Venceu os pr\u00eamios Imprensa Embratel, em 2007, o Alexandre Adler, em 2008, e duas vezes o Tim Lopes de Jornalismo Investigativo, em 2009 e 2014.","sameAs":["https:\/\/www.linkedin.com\/in\/julio-lubianco\/","https:\/\/x.com\/jlubianco"],"url":"https:\/\/latamjournalismreview.org\/pt-br\/articles\/author\/julio-lubianco\/"}]}},"_links":{"self":[{"href":"https:\/\/latamjournalismreview.org\/pt-br\/wp-json\/wp\/v2\/posts\/28000","targetHints":{"allow":["GET"]}}],"collection":[{"href":"https:\/\/latamjournalismreview.org\/pt-br\/wp-json\/wp\/v2\/posts"}],"about":[{"href":"https:\/\/latamjournalismreview.org\/pt-br\/wp-json\/wp\/v2\/types\/post"}],"author":[{"embeddable":true,"href":"https:\/\/latamjournalismreview.org\/pt-br\/wp-json\/wp\/v2\/users\/5"}],"replies":[{"embeddable":true,"href":"https:\/\/latamjournalismreview.org\/pt-br\/wp-json\/wp\/v2\/comments?post=28000"}],"version-history":[{"count":4,"href":"https:\/\/latamjournalismreview.org\/pt-br\/wp-json\/wp\/v2\/posts\/28000\/revisions"}],"predecessor-version":[{"id":28004,"href":"https:\/\/latamjournalismreview.org\/pt-br\/wp-json\/wp\/v2\/posts\/28000\/revisions\/28004"}],"wp:featuredmedia":[{"embeddable":true,"href":"https:\/\/latamjournalismreview.org\/pt-br\/wp-json\/wp\/v2\/media\/27990"}],"wp:attachment":[{"href":"https:\/\/latamjournalismreview.org\/pt-br\/wp-json\/wp\/v2\/media?parent=28000"}],"wp:term":[{"taxonomy":"category","embeddable":true,"href":"https:\/\/latamjournalismreview.org\/pt-br\/wp-json\/wp\/v2\/categories?post=28000"},{"taxonomy":"post_tag","embeddable":true,"href":"https:\/\/latamjournalismreview.org\/pt-br\/wp-json\/wp\/v2\/tags?post=28000"},{"taxonomy":"author","embeddable":true,"href":"https:\/\/latamjournalismreview.org\/pt-br\/wp-json\/wp\/v2\/coauthors?post=28000"}],"curies":[{"name":"wp","href":"https:\/\/api.w.org\/{rel}","templated":true}]}}