{"id":28185,"date":"2011-12-18T10:13:18","date_gmt":"2011-12-18T15:13:18","guid":{"rendered":"https:\/\/latamjournalismreview.org\/?p=28185"},"modified":"2021-08-25T18:43:15","modified_gmt":"2021-08-25T23:43:15","slug":"governo-do-equador-tenta-registrar-hashtags-do-twitter-como-marcas-e-blogueiro-teme-censura","status":"publish","type":"post","link":"https:\/\/latamjournalismreview.org\/pt-br\/articles\/governo-do-equador-tenta-registrar-hashtags-do-twitter-como-marcas-e-blogueiro-teme-censura\/","title":{"rendered":"Governo do Equador tenta registrar hashtags do Twitter como marcas e blogueiro teme censura"},"content":{"rendered":"<p>Um <a href=\"http:\/\/www.eluniverso.com\/2011\/12\/14\/1\/1355\/registro-propiedad-30s-causa-burlas-criticas-rechazo.html\" target=\"blank\" rel=\"noopener\">blogueiro equatoriano que criou as hashtags 30S e 30-S<\/a> para seguir not\u00edcias no Twitter sobre <a href=\"http:\/\/es.wikipedia.org\/wiki\/Crisis_pol%C3%ADtica_en_Ecuador_de_2010\" target=\"blank\" rel=\"noopener\">uma revolta de policiais ocorrida no dia 30 de setembro de 2010<\/a> no pa\u00eds se <a href=\"http:\/\/blogs.elpais.com\/contando-america\/2011\/12\/las-pol%C3%A9micas-batallas-de-dos-presidentes-.html\" target=\"blank\" rel=\"noopener\">op\u00f5e \u00e0 tentativa do governo de registrar a sigla 30S como marca<\/a>, segundo o El Pa\u00eds e o El Universo.<\/p>\n<p>O registro \u201c<a href=\"http:\/\/edarcos.com\/post\/14165815352\/el-gobierno-ecuatoriano-intenta-registrar-30s-como\" target=\"blank\" rel=\"noopener\">abriria um estranho precedente<\/a>, pois poderiam processar pessoas que usam a marca por motivos n\u00e3o alinhados com os interesses do nosso governo e isso facilitaria atentar contra a liberdade de express\u00e3o\u201d, escreveu <a href=\"http:\/\/twitter.com\/earcos\" target=\"blank\" rel=\"noopener\">Eduardo Arcos<\/a> em seu blog.<\/p>\n<p>A <a href=\"http:\/\/www.hoy.com.ec\/noticias-ecuador\/autor-del-termino-30s-se-opone-al-registro-de-marca-que-tramita-el-gobierno-521085.html\" target=\"blank\" rel=\"noopener\">Presid\u00eancia abriu um processo para registrar como marcas as siglas 30S e 30-S<\/a> e a frase \u201cproibido esquecer\u201d no <a href=\"http:\/\/www.iepi.gob.ec\/\" target=\"blank\" rel=\"noopener\">Instituto Equatoriano de Propriedade Intelectual<\/a>, de acordo com o jornal Hoy. Se o registro for feito, o <a href=\"http:\/\/knightcenter.utexas.edu\/pt-br\/blog\/equador-e-um-dos-paises-mais-restritivos-para-imprensa-na-america-latina-diz-cpj\" target=\"blank\" rel=\"noopener\">presidente Rafael Correa<\/a> e seu governo poder\u00e3o usar as siglas para fins publicit\u00e1rios e comerciais, acrescentou a publica\u00e7\u00e3o.<\/p>\n<p>Arcos, que vive na Espanha e \u00e9 fundador da rede de blogs <a href=\"http:\/\/hipertextual.com\/\" target=\"blank\" rel=\"noopener\">Hipertextual<\/a>, disse que a \"<a href=\"http:\/\/www.laplegariadeunpagano.com\/2011\/12\/el-registro-de-propiedad-del-30s-causa.html\" target=\"blank\" rel=\"noopener\">30S \u00e9 uma sigla usada por milh\u00f5es de equatorianos<\/a> para lembrar um dia em particular e, por isso, n\u00e3o deveria pertencer a ningu\u00e9m\", de acordo com o site Plegaria de un Pagano.<\/p>\n<p>Para o blogueiro, com o registro das siglas, <a href=\"http:\/\/elseniorh.blogspot.com\/2011\/12\/30s-y-prohibido-olvidar.html\" target=\"blank\" rel=\"noopener\">ve\u00edculos de comunica\u00e7\u00e3o, blogs e sites poderia ser processados<\/a> pela publica\u00e7\u00e3o de edi\u00e7\u00f5es especiais sobre os protestos contra o presidente Rafael Correa, no dia 30 de setembro de 2010.<\/p>\n<p>Fontes do governo afirmam, por\u00e9m, que o pedido de registro tem sido manipulado politicamente e que <a href=\"http:\/\/www.eltiempo.com.ec\/noticias-cuenca\/85704-gobierno-busca-el-uso-del-ta-rmino-30s\/\" target=\"blank\" rel=\"noopener\">n\u00e3o h\u00e1 inten\u00e7\u00e3o de atacar a liberdade de express\u00e3o<\/a>, segundo o El Tiempo.<\/p>\n","protected":false},"excerpt":{"rendered":"<p>Um blogueiro equatoriano que criou as hashtags 30S e 30-S para seguir not\u00edcias no Twitter sobre uma revolta de policiais ocorrida no dia 30 de setembro de 2010 no pa\u00eds se op\u00f5e \u00e0 tentativa do governo de registrar a sigla 30S como marca.<\/p>\n","protected":false},"author":40,"featured_media":0,"comment_status":"closed","ping_status":"closed","sticky":false,"template":"","format":"standard","meta":{"inline_featured_image":false,"footnotes":""},"categories":[1219],"tags":[2050,1570,1593,2051],"coauthors":[],"class_list":["post-28185","post","type-post","status-publish","format-standard","hentry","category-liberdade-de-imprensa-pt-br","tag-censura-pt-br","tag-equador-pt-br","tag-jornalismo-online-pt-br","tag-liberdade-de-expressao-pt-br"],"acf":[],"yoast_head":"<!-- This site is optimized with the Yoast SEO Premium plugin v22.6 (Yoast SEO v27.4) - https:\/\/yoast.com\/product\/yoast-seo-premium-wordpress\/ -->\n<title>Governo do Equador tenta registrar hashtags do Twitter como marcas e blogueiro teme censura - LatAm Journalism Review by the Knight Center<\/title>\n<meta name=\"description\" content=\"Governo do Equador tenta registrar hashtags do Twitter como marcas e blogueiro teme censura Liberdade de imprensa. Latin American Journalism Review by The Knight Center at The University of Texas at Austin.\" \/>\n<meta name=\"robots\" content=\"index, follow, max-snippet:-1, max-image-preview:large, max-video-preview:-1\" \/>\n<link rel=\"canonical\" href=\"https:\/\/latamjournalismreview.org\/pt-br\/articles\/governo-do-equador-tenta-registrar-hashtags-do-twitter-como-marcas-e-blogueiro-teme-censura\/\" \/>\n<meta property=\"og:locale\" content=\"pt_BR\" \/>\n<meta property=\"og:type\" content=\"article\" \/>\n<meta property=\"og:title\" content=\"Governo do Equador tenta registrar hashtags do Twitter como marcas e blogueiro teme censura\" \/>\n<meta property=\"og:description\" content=\"Governo do Equador tenta registrar hashtags do Twitter como marcas e blogueiro teme censura Liberdade de imprensa. Latin American Journalism Review by The Knight Center at The University of Texas at Austin.\" \/>\n<meta property=\"og:url\" content=\"https:\/\/latamjournalismreview.org\/pt-br\/articles\/governo-do-equador-tenta-registrar-hashtags-do-twitter-como-marcas-e-blogueiro-teme-censura\/\" \/>\n<meta property=\"og:site_name\" content=\"LatAm Journalism Review by the Knight Center\" \/>\n<meta property=\"article:published_time\" content=\"2011-12-18T15:13:18+00:00\" \/>\n<meta property=\"article:modified_time\" content=\"2021-08-25T23:43:15+00:00\" \/>\n<meta name=\"author\" content=\"Tania Lara\" \/>\n<meta name=\"twitter:card\" content=\"summary_large_image\" \/>\n<meta name=\"twitter:creator\" content=\"@LatAmJournalism\" \/>\n<meta name=\"twitter:site\" content=\"@LatAmJournalism\" \/>\n<meta name=\"twitter:label1\" content=\"Written by\" \/>\n\t<meta name=\"twitter:data1\" content=\"Tania Lara\" \/>\n\t<meta name=\"twitter:label2\" content=\"Est. reading time\" \/>\n\t<meta name=\"twitter:data2\" content=\"1 minuto\" \/>\n<script type=\"application\/ld+json\" class=\"yoast-schema-graph\">{\"@context\":\"https:\\\/\\\/schema.org\",\"@graph\":[{\"@type\":\"Article\",\"@id\":\"https:\\\/\\\/latamjournalismreview.org\\\/pt-br\\\/articles\\\/governo-do-equador-tenta-registrar-hashtags-do-twitter-como-marcas-e-blogueiro-teme-censura\\\/#article\",\"isPartOf\":{\"@id\":\"https:\\\/\\\/latamjournalismreview.org\\\/pt-br\\\/articles\\\/governo-do-equador-tenta-registrar-hashtags-do-twitter-como-marcas-e-blogueiro-teme-censura\\\/\"},\"author\":{\"name\":\"Tania Lara\",\"@id\":\"https:\\\/\\\/latamjournalismreview.org\\\/pt-br\\\/#\\\/schema\\\/person\\\/51558925140f21242c6ed2d20b8260c5\"},\"headline\":\"Governo do Equador tenta registrar hashtags do Twitter como marcas e blogueiro teme censura\",\"datePublished\":\"2011-12-18T15:13:18+00:00\",\"dateModified\":\"2021-08-25T23:43:15+00:00\",\"mainEntityOfPage\":{\"@id\":\"https:\\\/\\\/latamjournalismreview.org\\\/pt-br\\\/articles\\\/governo-do-equador-tenta-registrar-hashtags-do-twitter-como-marcas-e-blogueiro-teme-censura\\\/\"},\"wordCount\":287,\"publisher\":{\"@id\":\"https:\\\/\\\/latamjournalismreview.org\\\/pt-br\\\/#organization\"},\"keywords\":[\"Censura\",\"Equador\",\"Jornalismo online\",\"Liberdade de express\u00e3o\"],\"articleSection\":[\"Liberdade de imprensa\"],\"inLanguage\":\"pt-BR\"},{\"@type\":\"WebPage\",\"@id\":\"https:\\\/\\\/latamjournalismreview.org\\\/pt-br\\\/articles\\\/governo-do-equador-tenta-registrar-hashtags-do-twitter-como-marcas-e-blogueiro-teme-censura\\\/\",\"url\":\"https:\\\/\\\/latamjournalismreview.org\\\/pt-br\\\/articles\\\/governo-do-equador-tenta-registrar-hashtags-do-twitter-como-marcas-e-blogueiro-teme-censura\\\/\",\"name\":\"Governo do Equador tenta registrar hashtags do Twitter como marcas e blogueiro teme censura - LatAm Journalism Review by the Knight Center\",\"isPartOf\":{\"@id\":\"https:\\\/\\\/latamjournalismreview.org\\\/pt-br\\\/#website\"},\"datePublished\":\"2011-12-18T15:13:18+00:00\",\"dateModified\":\"2021-08-25T23:43:15+00:00\",\"description\":\"Governo do Equador tenta registrar hashtags do Twitter como marcas e blogueiro teme censura Liberdade de imprensa. Latin American Journalism Review by The Knight Center at The University of Texas at Austin.\",\"breadcrumb\":{\"@id\":\"https:\\\/\\\/latamjournalismreview.org\\\/pt-br\\\/articles\\\/governo-do-equador-tenta-registrar-hashtags-do-twitter-como-marcas-e-blogueiro-teme-censura\\\/#breadcrumb\"},\"inLanguage\":\"pt-BR\",\"potentialAction\":[{\"@type\":\"ReadAction\",\"target\":[\"https:\\\/\\\/latamjournalismreview.org\\\/pt-br\\\/articles\\\/governo-do-equador-tenta-registrar-hashtags-do-twitter-como-marcas-e-blogueiro-teme-censura\\\/\"]}]},{\"@type\":\"BreadcrumbList\",\"@id\":\"https:\\\/\\\/latamjournalismreview.org\\\/pt-br\\\/articles\\\/governo-do-equador-tenta-registrar-hashtags-do-twitter-como-marcas-e-blogueiro-teme-censura\\\/#breadcrumb\",\"itemListElement\":[{\"@type\":\"ListItem\",\"position\":1,\"name\":\"Home\",\"item\":\"https:\\\/\\\/latamjournalismreview.org\\\/pt-br\\\/\"},{\"@type\":\"ListItem\",\"position\":2,\"name\":\"Governo do Equador tenta registrar hashtags do Twitter como marcas e blogueiro teme censura\"}]},{\"@type\":\"WebSite\",\"@id\":\"https:\\\/\\\/latamjournalismreview.org\\\/pt-br\\\/#website\",\"url\":\"https:\\\/\\\/latamjournalismreview.org\\\/pt-br\\\/\",\"name\":\"LatAm Journalism Review\",\"description\":\"Digital magazine on journalism in Latin America\",\"publisher\":{\"@id\":\"https:\\\/\\\/latamjournalismreview.org\\\/pt-br\\\/#organization\"},\"potentialAction\":[{\"@type\":\"SearchAction\",\"target\":{\"@type\":\"EntryPoint\",\"urlTemplate\":\"https:\\\/\\\/latamjournalismreview.org\\\/pt-br\\\/?s={search_term_string}\"},\"query-input\":{\"@type\":\"PropertyValueSpecification\",\"valueRequired\":true,\"valueName\":\"search_term_string\"}}],\"inLanguage\":\"pt-BR\"},{\"@type\":\"Organization\",\"@id\":\"https:\\\/\\\/latamjournalismreview.org\\\/pt-br\\\/#organization\",\"name\":\"LatAm Journalism Review\",\"url\":\"https:\\\/\\\/latamjournalismreview.org\\\/pt-br\\\/\",\"logo\":{\"@type\":\"ImageObject\",\"inLanguage\":\"pt-BR\",\"@id\":\"https:\\\/\\\/latamjournalismreview.org\\\/pt-br\\\/#\\\/schema\\\/logo\\\/image\\\/\",\"url\":\"https:\\\/\\\/latamjournalismreview.org\\\/wp-content\\\/uploads\\\/2020\\\/05\\\/knight-latAm-review-logo.svg\",\"contentUrl\":\"https:\\\/\\\/latamjournalismreview.org\\\/wp-content\\\/uploads\\\/2020\\\/05\\\/knight-latAm-review-logo.svg\",\"width\":\"1024\",\"height\":\"1024\",\"caption\":\"LatAm Journalism Review\"},\"image\":{\"@id\":\"https:\\\/\\\/latamjournalismreview.org\\\/pt-br\\\/#\\\/schema\\\/logo\\\/image\\\/\"},\"sameAs\":[\"https:\\\/\\\/x.com\\\/LatAmJournalism\"]},{\"@type\":\"Person\",\"@id\":\"https:\\\/\\\/latamjournalismreview.org\\\/pt-br\\\/#\\\/schema\\\/person\\\/51558925140f21242c6ed2d20b8260c5\",\"name\":\"Tania Lara\",\"url\":\"https:\\\/\\\/latamjournalismreview.org\\\/pt-br\\\/articles\\\/author\\\/tania-lara\\\/\"}]}<\/script>\n<!-- \/ Yoast SEO Premium plugin. -->","yoast_head_json":{"title":"Governo do Equador tenta registrar hashtags do Twitter como marcas e blogueiro teme censura - LatAm Journalism Review by the Knight Center","description":"Governo do Equador tenta registrar hashtags do Twitter como marcas e blogueiro teme censura Liberdade de imprensa. Latin American Journalism Review by The Knight Center at The University of Texas at Austin.","robots":{"index":"index","follow":"follow","max-snippet":"max-snippet:-1","max-image-preview":"max-image-preview:large","max-video-preview":"max-video-preview:-1"},"canonical":"https:\/\/latamjournalismreview.org\/pt-br\/articles\/governo-do-equador-tenta-registrar-hashtags-do-twitter-como-marcas-e-blogueiro-teme-censura\/","og_locale":"pt_BR","og_type":"article","og_title":"Governo do Equador tenta registrar hashtags do Twitter como marcas e blogueiro teme censura","og_description":"Governo do Equador tenta registrar hashtags do Twitter como marcas e blogueiro teme censura Liberdade de imprensa. Latin American Journalism Review by The Knight Center at The University of Texas at Austin.","og_url":"https:\/\/latamjournalismreview.org\/pt-br\/articles\/governo-do-equador-tenta-registrar-hashtags-do-twitter-como-marcas-e-blogueiro-teme-censura\/","og_site_name":"LatAm Journalism Review by the Knight Center","article_published_time":"2011-12-18T15:13:18+00:00","article_modified_time":"2021-08-25T23:43:15+00:00","author":"Tania Lara","twitter_card":"summary_large_image","twitter_creator":"@LatAmJournalism","twitter_site":"@LatAmJournalism","twitter_misc":{"Written by":"Tania Lara","Est. reading time":"1 minuto"},"schema":{"@context":"https:\/\/schema.org","@graph":[{"@type":"Article","@id":"https:\/\/latamjournalismreview.org\/pt-br\/articles\/governo-do-equador-tenta-registrar-hashtags-do-twitter-como-marcas-e-blogueiro-teme-censura\/#article","isPartOf":{"@id":"https:\/\/latamjournalismreview.org\/pt-br\/articles\/governo-do-equador-tenta-registrar-hashtags-do-twitter-como-marcas-e-blogueiro-teme-censura\/"},"author":{"name":"Tania Lara","@id":"https:\/\/latamjournalismreview.org\/pt-br\/#\/schema\/person\/51558925140f21242c6ed2d20b8260c5"},"headline":"Governo do Equador tenta registrar hashtags do Twitter como marcas e blogueiro teme censura","datePublished":"2011-12-18T15:13:18+00:00","dateModified":"2021-08-25T23:43:15+00:00","mainEntityOfPage":{"@id":"https:\/\/latamjournalismreview.org\/pt-br\/articles\/governo-do-equador-tenta-registrar-hashtags-do-twitter-como-marcas-e-blogueiro-teme-censura\/"},"wordCount":287,"publisher":{"@id":"https:\/\/latamjournalismreview.org\/pt-br\/#organization"},"keywords":["Censura","Equador","Jornalismo online","Liberdade de express\u00e3o"],"articleSection":["Liberdade de imprensa"],"inLanguage":"pt-BR"},{"@type":"WebPage","@id":"https:\/\/latamjournalismreview.org\/pt-br\/articles\/governo-do-equador-tenta-registrar-hashtags-do-twitter-como-marcas-e-blogueiro-teme-censura\/","url":"https:\/\/latamjournalismreview.org\/pt-br\/articles\/governo-do-equador-tenta-registrar-hashtags-do-twitter-como-marcas-e-blogueiro-teme-censura\/","name":"Governo do Equador tenta registrar hashtags do Twitter como marcas e blogueiro teme censura - LatAm Journalism Review by the Knight Center","isPartOf":{"@id":"https:\/\/latamjournalismreview.org\/pt-br\/#website"},"datePublished":"2011-12-18T15:13:18+00:00","dateModified":"2021-08-25T23:43:15+00:00","description":"Governo do Equador tenta registrar hashtags do Twitter como marcas e blogueiro teme censura Liberdade de imprensa. Latin American Journalism Review by The Knight Center at The University of Texas at Austin.","breadcrumb":{"@id":"https:\/\/latamjournalismreview.org\/pt-br\/articles\/governo-do-equador-tenta-registrar-hashtags-do-twitter-como-marcas-e-blogueiro-teme-censura\/#breadcrumb"},"inLanguage":"pt-BR","potentialAction":[{"@type":"ReadAction","target":["https:\/\/latamjournalismreview.org\/pt-br\/articles\/governo-do-equador-tenta-registrar-hashtags-do-twitter-como-marcas-e-blogueiro-teme-censura\/"]}]},{"@type":"BreadcrumbList","@id":"https:\/\/latamjournalismreview.org\/pt-br\/articles\/governo-do-equador-tenta-registrar-hashtags-do-twitter-como-marcas-e-blogueiro-teme-censura\/#breadcrumb","itemListElement":[{"@type":"ListItem","position":1,"name":"Home","item":"https:\/\/latamjournalismreview.org\/pt-br\/"},{"@type":"ListItem","position":2,"name":"Governo do Equador tenta registrar hashtags do Twitter como marcas e blogueiro teme censura"}]},{"@type":"WebSite","@id":"https:\/\/latamjournalismreview.org\/pt-br\/#website","url":"https:\/\/latamjournalismreview.org\/pt-br\/","name":"LatAm Journalism Review","description":"Digital magazine on journalism in Latin America","publisher":{"@id":"https:\/\/latamjournalismreview.org\/pt-br\/#organization"},"potentialAction":[{"@type":"SearchAction","target":{"@type":"EntryPoint","urlTemplate":"https:\/\/latamjournalismreview.org\/pt-br\/?s={search_term_string}"},"query-input":{"@type":"PropertyValueSpecification","valueRequired":true,"valueName":"search_term_string"}}],"inLanguage":"pt-BR"},{"@type":"Organization","@id":"https:\/\/latamjournalismreview.org\/pt-br\/#organization","name":"LatAm Journalism Review","url":"https:\/\/latamjournalismreview.org\/pt-br\/","logo":{"@type":"ImageObject","inLanguage":"pt-BR","@id":"https:\/\/latamjournalismreview.org\/pt-br\/#\/schema\/logo\/image\/","url":"https:\/\/latamjournalismreview.org\/wp-content\/uploads\/2020\/05\/knight-latAm-review-logo.svg","contentUrl":"https:\/\/latamjournalismreview.org\/wp-content\/uploads\/2020\/05\/knight-latAm-review-logo.svg","width":"1024","height":"1024","caption":"LatAm Journalism Review"},"image":{"@id":"https:\/\/latamjournalismreview.org\/pt-br\/#\/schema\/logo\/image\/"},"sameAs":["https:\/\/x.com\/LatAmJournalism"]},{"@type":"Person","@id":"https:\/\/latamjournalismreview.org\/pt-br\/#\/schema\/person\/51558925140f21242c6ed2d20b8260c5","name":"Tania Lara","url":"https:\/\/latamjournalismreview.org\/pt-br\/articles\/author\/tania-lara\/"}]}},"_links":{"self":[{"href":"https:\/\/latamjournalismreview.org\/pt-br\/wp-json\/wp\/v2\/posts\/28185","targetHints":{"allow":["GET"]}}],"collection":[{"href":"https:\/\/latamjournalismreview.org\/pt-br\/wp-json\/wp\/v2\/posts"}],"about":[{"href":"https:\/\/latamjournalismreview.org\/pt-br\/wp-json\/wp\/v2\/types\/post"}],"author":[{"embeddable":true,"href":"https:\/\/latamjournalismreview.org\/pt-br\/wp-json\/wp\/v2\/users\/40"}],"replies":[{"embeddable":true,"href":"https:\/\/latamjournalismreview.org\/pt-br\/wp-json\/wp\/v2\/comments?post=28185"}],"version-history":[{"count":2,"href":"https:\/\/latamjournalismreview.org\/pt-br\/wp-json\/wp\/v2\/posts\/28185\/revisions"}],"predecessor-version":[{"id":28187,"href":"https:\/\/latamjournalismreview.org\/pt-br\/wp-json\/wp\/v2\/posts\/28185\/revisions\/28187"}],"wp:attachment":[{"href":"https:\/\/latamjournalismreview.org\/pt-br\/wp-json\/wp\/v2\/media?parent=28185"}],"wp:term":[{"taxonomy":"category","embeddable":true,"href":"https:\/\/latamjournalismreview.org\/pt-br\/wp-json\/wp\/v2\/categories?post=28185"},{"taxonomy":"post_tag","embeddable":true,"href":"https:\/\/latamjournalismreview.org\/pt-br\/wp-json\/wp\/v2\/tags?post=28185"},{"taxonomy":"author","embeddable":true,"href":"https:\/\/latamjournalismreview.org\/pt-br\/wp-json\/wp\/v2\/coauthors?post=28185"}],"curies":[{"name":"wp","href":"https:\/\/api.w.org\/{rel}","templated":true}]}}