{"id":28802,"date":"2012-03-13T13:54:04","date_gmt":"2012-03-13T18:54:04","guid":{"rendered":"https:\/\/latamjournalismreview.org\/?p=28802"},"modified":"2021-08-31T13:55:04","modified_gmt":"2021-08-31T18:55:04","slug":"locutor-e-assassinado-em-honduras-e-rsf-exige-missao-internacional-para-investigar-crimes-contra-jornalistas","status":"publish","type":"post","link":"https:\/\/latamjournalismreview.org\/pt-br\/articles\/locutor-e-assassinado-em-honduras-e-rsf-exige-missao-internacional-para-investigar-crimes-contra-jornalistas\/","title":{"rendered":"Locutor \u00e9 assassinado em Honduras e RSF exige miss\u00e3o internacional para investigar crimes contra jornalistas"},"content":{"rendered":"<p>Um locutor de r\u00e1dio se tornou o\u00a0<a href=\"http:\/\/www.bbc.co.uk\/mundo\/ultimas_noticias\/2012\/03\/120312_ultnot_periodista_asesinado_honduras_bd.shtml\" target=\"_blank\" rel=\"noopener\">18\u00aa jornalista assassinado em Honduras<\/a>\u00a0desde 2010, informou a BBC.<\/p>\n<p>Fausto Elio Hern\u00e1ndez, correspondente e apresentador do programa \"La Voz de la Noticia\" da R\u00e1dio Alegre no munic\u00edpio de\u00a0<a href=\"http:\/\/es.wikipedia.org\/wiki\/Sab%C3%A1\" target=\"_blank\" rel=\"noopener\">Sab\u00e1<\/a>, norte de Honduras, foi\u00a0<a href=\"http:\/\/clibrehonduras.com\/main\/noticias\/periodista-asesinado-machetazos-por-desconocidos\" target=\"_blank\" rel=\"noopener\">assassinado a facadas<\/a>\u00a0no s\u00e1bado, 10 de mar\u00e7o, de acordo com a organiza\u00e7\u00e3o C-Libre.<\/p>\n<p>Em raz\u00e3o da impunidade que prevalece em Honduras, a organiza\u00e7\u00e3o Rep\u00f3rteres Sem Fronteiras pediu que uma\u00a0<a href=\"http:\/\/es.rsf.org\/honduras-periodistas-y-actores-de-la-02-03-2012,41980.html\" target=\"_blank\" rel=\"noopener\">miss\u00e3o internacional visite o pa\u00eds para investigar os homic\u00eddios de jornalistas<\/a>.<\/p>\n<p>\u201cDesde o in\u00edcio de 2012, n\u00e3o passou um dia em Honduras sem que um jornalista, um propriet\u00e1rio de meios de comunica\u00e7\u00e3o local ou um observador da sociedade civil tenha recebido\u00a0<a href=\"http:\/\/es.rsf.org\/honduras-periodistas-y-actores-de-la-02-03-2012,41980.html\" target=\"_blank\" rel=\"noopener\">amea\u00e7as de morte<\/a>\u00a0por telefone\u201d, denunciou a organiza\u00e7\u00e3o francesa.<\/p>\n<p>A pol\u00edcia informou que o\u00a0<a href=\"http:\/\/www.lostiempos.com\/diario\/actualidad\/internacional\/20120312\/matan-a-machetazos-a-periodista-en-honduras_163666_342743.html\" target=\"_blank\" rel=\"noopener\">crime n\u00e3o estava relacionado com o exerc\u00edcio jornal\u00edstico<\/a>\u00a0da v\u00edtima, mas com um problema pessoal, segundo a ag\u00eancia EFE. Entretanto, as\u00a0<a href=\"http:\/\/www.elheraldo.hn\/Secciones-Principales\/Sucesos\/Vecinos-se-niegan-a-declarar-en-torno-a-crimen-de-periodista-en-el-norte-de-Honduras\" target=\"_blank\" rel=\"noopener\">testemunhas do crime se negam a falar com a pol\u00edcia<\/a>\u00a0por temer repres\u00e1lias, noticiou El Heraldo.<\/p>\n<p><a href=\"http:\/\/www.prensalibre.com\/internacional\/Honduras-catalogado-primer-homicidios-ONU_0_661134069.html\" target=\"_blank\" rel=\"noopener\">Honduras, onde se comete um assassinato a cada 74 minutos<\/a>, \u00e9 o pa\u00eds com a taxa mais alta de homic\u00eddios do mundo segundo a ONU e o\u00a0<a href=\"https:\/\/knightcenter.utexas.edu\/es\/blog\/impunidad-y-tortura-sugieren-movil-politico-en-ataques-periodistas-en-honduras\" target=\"_blank\" rel=\"noopener\">segundo pa\u00eds mais perigoso para exercer o jornalismo<\/a>\u00a0no continente americano. Para mais informa\u00e7\u00e3o, veja este mapa do Centro Knight sobre\u00a0<a href=\"http:\/\/knightcenter.utexas.edu\/CentralAmericamapSP.html\" target=\"_blank\" rel=\"noopener\">ataques \u00e0 imprensa na Am\u00e9rica Central<\/a>.<\/p>\n","protected":false},"excerpt":{"rendered":"<p>Um locutor de r\u00e1dio se tornou o\u00a018\u00aa jornalista assassinado em Honduras\u00a0desde 2010, informou a BBC.<\/p>\n","protected":false},"author":40,"featured_media":0,"comment_status":"closed","ping_status":"closed","sticky":false,"template":"","format":"standard","meta":{"inline_featured_image":false,"footnotes":""},"categories":[1221],"tags":[1552,1463,1562,1615],"coauthors":[],"class_list":["post-28802","post","type-post","status-publish","format-standard","hentry","category-violencia-contra-jornalistas-pt-br","tag-assassinatos-de-jornalistas-pt-br","tag-honduras-pt-br","tag-radio-e-tv-pt-br","tag-violencia-contra-jornalistas-pt-br"],"acf":[],"yoast_head":"<!-- This site is optimized with the Yoast SEO Premium plugin v22.6 (Yoast SEO v27.4) - https:\/\/yoast.com\/product\/yoast-seo-premium-wordpress\/ -->\n<title>Locutor \u00e9 assassinado em Honduras e RSF exige miss\u00e3o internacional para investigar crimes contra jornalistas - LatAm Journalism Review by the Knight Center<\/title>\n<meta name=\"description\" content=\"Locutor \u00e9 assassinado em Honduras e RSF exige miss\u00e3o internacional para investigar crimes contra jornalistas Viol\u00eancia contra jornalistas. Latin American Journalism Review by The Knight Center at The University of Texas at Austin.\" \/>\n<meta name=\"robots\" content=\"index, follow, max-snippet:-1, max-image-preview:large, max-video-preview:-1\" \/>\n<link rel=\"canonical\" href=\"https:\/\/latamjournalismreview.org\/pt-br\/articles\/locutor-e-assassinado-em-honduras-e-rsf-exige-missao-internacional-para-investigar-crimes-contra-jornalistas\/\" \/>\n<meta property=\"og:locale\" content=\"pt_BR\" \/>\n<meta property=\"og:type\" content=\"article\" \/>\n<meta property=\"og:title\" content=\"Locutor \u00e9 assassinado em Honduras e RSF exige miss\u00e3o internacional para investigar crimes contra jornalistas\" \/>\n<meta property=\"og:description\" content=\"Locutor \u00e9 assassinado em Honduras e RSF exige miss\u00e3o internacional para investigar crimes contra jornalistas Viol\u00eancia contra jornalistas. Latin American Journalism Review by The Knight Center at The University of Texas at Austin.\" \/>\n<meta property=\"og:url\" content=\"https:\/\/latamjournalismreview.org\/pt-br\/articles\/locutor-e-assassinado-em-honduras-e-rsf-exige-missao-internacional-para-investigar-crimes-contra-jornalistas\/\" \/>\n<meta property=\"og:site_name\" content=\"LatAm Journalism Review by the Knight Center\" \/>\n<meta property=\"article:published_time\" content=\"2012-03-13T18:54:04+00:00\" \/>\n<meta property=\"article:modified_time\" content=\"2021-08-31T18:55:04+00:00\" \/>\n<meta name=\"author\" content=\"Tania Lara\" \/>\n<meta name=\"twitter:card\" content=\"summary_large_image\" \/>\n<meta name=\"twitter:creator\" content=\"@LatAmJournalism\" \/>\n<meta name=\"twitter:site\" content=\"@LatAmJournalism\" \/>\n<meta name=\"twitter:label1\" content=\"Written by\" \/>\n\t<meta name=\"twitter:data1\" content=\"Tania Lara\" \/>\n\t<meta name=\"twitter:label2\" content=\"Est. reading time\" \/>\n\t<meta name=\"twitter:data2\" content=\"1 minuto\" \/>\n<script type=\"application\/ld+json\" class=\"yoast-schema-graph\">{\"@context\":\"https:\\\/\\\/schema.org\",\"@graph\":[{\"@type\":\"Article\",\"@id\":\"https:\\\/\\\/latamjournalismreview.org\\\/pt-br\\\/articles\\\/locutor-e-assassinado-em-honduras-e-rsf-exige-missao-internacional-para-investigar-crimes-contra-jornalistas\\\/#article\",\"isPartOf\":{\"@id\":\"https:\\\/\\\/latamjournalismreview.org\\\/pt-br\\\/articles\\\/locutor-e-assassinado-em-honduras-e-rsf-exige-missao-internacional-para-investigar-crimes-contra-jornalistas\\\/\"},\"author\":{\"name\":\"Tania Lara\",\"@id\":\"https:\\\/\\\/latamjournalismreview.org\\\/pt-br\\\/#\\\/schema\\\/person\\\/51558925140f21242c6ed2d20b8260c5\"},\"headline\":\"Locutor \u00e9 assassinado em Honduras e RSF exige miss\u00e3o internacional para investigar crimes contra jornalistas\",\"datePublished\":\"2012-03-13T18:54:04+00:00\",\"dateModified\":\"2021-08-31T18:55:04+00:00\",\"mainEntityOfPage\":{\"@id\":\"https:\\\/\\\/latamjournalismreview.org\\\/pt-br\\\/articles\\\/locutor-e-assassinado-em-honduras-e-rsf-exige-missao-internacional-para-investigar-crimes-contra-jornalistas\\\/\"},\"wordCount\":257,\"publisher\":{\"@id\":\"https:\\\/\\\/latamjournalismreview.org\\\/pt-br\\\/#organization\"},\"keywords\":[\"Assassinatos de jornalistas\",\"Honduras\",\"R\u00e1dio e TV\",\"Viol\u00eancia contra jornalistas\"],\"articleSection\":[\"Viol\u00eancia contra jornalistas\"],\"inLanguage\":\"pt-BR\"},{\"@type\":\"WebPage\",\"@id\":\"https:\\\/\\\/latamjournalismreview.org\\\/pt-br\\\/articles\\\/locutor-e-assassinado-em-honduras-e-rsf-exige-missao-internacional-para-investigar-crimes-contra-jornalistas\\\/\",\"url\":\"https:\\\/\\\/latamjournalismreview.org\\\/pt-br\\\/articles\\\/locutor-e-assassinado-em-honduras-e-rsf-exige-missao-internacional-para-investigar-crimes-contra-jornalistas\\\/\",\"name\":\"Locutor \u00e9 assassinado em Honduras e RSF exige miss\u00e3o internacional para investigar crimes contra jornalistas - LatAm Journalism Review by the Knight Center\",\"isPartOf\":{\"@id\":\"https:\\\/\\\/latamjournalismreview.org\\\/pt-br\\\/#website\"},\"datePublished\":\"2012-03-13T18:54:04+00:00\",\"dateModified\":\"2021-08-31T18:55:04+00:00\",\"description\":\"Locutor \u00e9 assassinado em Honduras e RSF exige miss\u00e3o internacional para investigar crimes contra jornalistas Viol\u00eancia contra jornalistas. Latin American Journalism Review by The Knight Center at The University of Texas at Austin.\",\"breadcrumb\":{\"@id\":\"https:\\\/\\\/latamjournalismreview.org\\\/pt-br\\\/articles\\\/locutor-e-assassinado-em-honduras-e-rsf-exige-missao-internacional-para-investigar-crimes-contra-jornalistas\\\/#breadcrumb\"},\"inLanguage\":\"pt-BR\",\"potentialAction\":[{\"@type\":\"ReadAction\",\"target\":[\"https:\\\/\\\/latamjournalismreview.org\\\/pt-br\\\/articles\\\/locutor-e-assassinado-em-honduras-e-rsf-exige-missao-internacional-para-investigar-crimes-contra-jornalistas\\\/\"]}]},{\"@type\":\"BreadcrumbList\",\"@id\":\"https:\\\/\\\/latamjournalismreview.org\\\/pt-br\\\/articles\\\/locutor-e-assassinado-em-honduras-e-rsf-exige-missao-internacional-para-investigar-crimes-contra-jornalistas\\\/#breadcrumb\",\"itemListElement\":[{\"@type\":\"ListItem\",\"position\":1,\"name\":\"Home\",\"item\":\"https:\\\/\\\/latamjournalismreview.org\\\/pt-br\\\/\"},{\"@type\":\"ListItem\",\"position\":2,\"name\":\"Locutor \u00e9 assassinado em Honduras e RSF exige miss\u00e3o internacional para investigar crimes contra jornalistas\"}]},{\"@type\":\"WebSite\",\"@id\":\"https:\\\/\\\/latamjournalismreview.org\\\/pt-br\\\/#website\",\"url\":\"https:\\\/\\\/latamjournalismreview.org\\\/pt-br\\\/\",\"name\":\"LatAm Journalism Review\",\"description\":\"Digital magazine on journalism in Latin America\",\"publisher\":{\"@id\":\"https:\\\/\\\/latamjournalismreview.org\\\/pt-br\\\/#organization\"},\"potentialAction\":[{\"@type\":\"SearchAction\",\"target\":{\"@type\":\"EntryPoint\",\"urlTemplate\":\"https:\\\/\\\/latamjournalismreview.org\\\/pt-br\\\/?s={search_term_string}\"},\"query-input\":{\"@type\":\"PropertyValueSpecification\",\"valueRequired\":true,\"valueName\":\"search_term_string\"}}],\"inLanguage\":\"pt-BR\"},{\"@type\":\"Organization\",\"@id\":\"https:\\\/\\\/latamjournalismreview.org\\\/pt-br\\\/#organization\",\"name\":\"LatAm Journalism Review\",\"url\":\"https:\\\/\\\/latamjournalismreview.org\\\/pt-br\\\/\",\"logo\":{\"@type\":\"ImageObject\",\"inLanguage\":\"pt-BR\",\"@id\":\"https:\\\/\\\/latamjournalismreview.org\\\/pt-br\\\/#\\\/schema\\\/logo\\\/image\\\/\",\"url\":\"https:\\\/\\\/latamjournalismreview.org\\\/wp-content\\\/uploads\\\/2020\\\/05\\\/knight-latAm-review-logo.svg\",\"contentUrl\":\"https:\\\/\\\/latamjournalismreview.org\\\/wp-content\\\/uploads\\\/2020\\\/05\\\/knight-latAm-review-logo.svg\",\"width\":\"1024\",\"height\":\"1024\",\"caption\":\"LatAm Journalism Review\"},\"image\":{\"@id\":\"https:\\\/\\\/latamjournalismreview.org\\\/pt-br\\\/#\\\/schema\\\/logo\\\/image\\\/\"},\"sameAs\":[\"https:\\\/\\\/x.com\\\/LatAmJournalism\"]},{\"@type\":\"Person\",\"@id\":\"https:\\\/\\\/latamjournalismreview.org\\\/pt-br\\\/#\\\/schema\\\/person\\\/51558925140f21242c6ed2d20b8260c5\",\"name\":\"Tania Lara\",\"url\":\"https:\\\/\\\/latamjournalismreview.org\\\/pt-br\\\/articles\\\/author\\\/tania-lara\\\/\"}]}<\/script>\n<!-- \/ Yoast SEO Premium plugin. -->","yoast_head_json":{"title":"Locutor \u00e9 assassinado em Honduras e RSF exige miss\u00e3o internacional para investigar crimes contra jornalistas - LatAm Journalism Review by the Knight Center","description":"Locutor \u00e9 assassinado em Honduras e RSF exige miss\u00e3o internacional para investigar crimes contra jornalistas Viol\u00eancia contra jornalistas. Latin American Journalism Review by The Knight Center at The University of Texas at Austin.","robots":{"index":"index","follow":"follow","max-snippet":"max-snippet:-1","max-image-preview":"max-image-preview:large","max-video-preview":"max-video-preview:-1"},"canonical":"https:\/\/latamjournalismreview.org\/pt-br\/articles\/locutor-e-assassinado-em-honduras-e-rsf-exige-missao-internacional-para-investigar-crimes-contra-jornalistas\/","og_locale":"pt_BR","og_type":"article","og_title":"Locutor \u00e9 assassinado em Honduras e RSF exige miss\u00e3o internacional para investigar crimes contra jornalistas","og_description":"Locutor \u00e9 assassinado em Honduras e RSF exige miss\u00e3o internacional para investigar crimes contra jornalistas Viol\u00eancia contra jornalistas. Latin American Journalism Review by The Knight Center at The University of Texas at Austin.","og_url":"https:\/\/latamjournalismreview.org\/pt-br\/articles\/locutor-e-assassinado-em-honduras-e-rsf-exige-missao-internacional-para-investigar-crimes-contra-jornalistas\/","og_site_name":"LatAm Journalism Review by the Knight Center","article_published_time":"2012-03-13T18:54:04+00:00","article_modified_time":"2021-08-31T18:55:04+00:00","author":"Tania Lara","twitter_card":"summary_large_image","twitter_creator":"@LatAmJournalism","twitter_site":"@LatAmJournalism","twitter_misc":{"Written by":"Tania Lara","Est. reading time":"1 minuto"},"schema":{"@context":"https:\/\/schema.org","@graph":[{"@type":"Article","@id":"https:\/\/latamjournalismreview.org\/pt-br\/articles\/locutor-e-assassinado-em-honduras-e-rsf-exige-missao-internacional-para-investigar-crimes-contra-jornalistas\/#article","isPartOf":{"@id":"https:\/\/latamjournalismreview.org\/pt-br\/articles\/locutor-e-assassinado-em-honduras-e-rsf-exige-missao-internacional-para-investigar-crimes-contra-jornalistas\/"},"author":{"name":"Tania Lara","@id":"https:\/\/latamjournalismreview.org\/pt-br\/#\/schema\/person\/51558925140f21242c6ed2d20b8260c5"},"headline":"Locutor \u00e9 assassinado em Honduras e RSF exige miss\u00e3o internacional para investigar crimes contra jornalistas","datePublished":"2012-03-13T18:54:04+00:00","dateModified":"2021-08-31T18:55:04+00:00","mainEntityOfPage":{"@id":"https:\/\/latamjournalismreview.org\/pt-br\/articles\/locutor-e-assassinado-em-honduras-e-rsf-exige-missao-internacional-para-investigar-crimes-contra-jornalistas\/"},"wordCount":257,"publisher":{"@id":"https:\/\/latamjournalismreview.org\/pt-br\/#organization"},"keywords":["Assassinatos de jornalistas","Honduras","R\u00e1dio e TV","Viol\u00eancia contra jornalistas"],"articleSection":["Viol\u00eancia contra jornalistas"],"inLanguage":"pt-BR"},{"@type":"WebPage","@id":"https:\/\/latamjournalismreview.org\/pt-br\/articles\/locutor-e-assassinado-em-honduras-e-rsf-exige-missao-internacional-para-investigar-crimes-contra-jornalistas\/","url":"https:\/\/latamjournalismreview.org\/pt-br\/articles\/locutor-e-assassinado-em-honduras-e-rsf-exige-missao-internacional-para-investigar-crimes-contra-jornalistas\/","name":"Locutor \u00e9 assassinado em Honduras e RSF exige miss\u00e3o internacional para investigar crimes contra jornalistas - LatAm Journalism Review by the Knight Center","isPartOf":{"@id":"https:\/\/latamjournalismreview.org\/pt-br\/#website"},"datePublished":"2012-03-13T18:54:04+00:00","dateModified":"2021-08-31T18:55:04+00:00","description":"Locutor \u00e9 assassinado em Honduras e RSF exige miss\u00e3o internacional para investigar crimes contra jornalistas Viol\u00eancia contra jornalistas. Latin American Journalism Review by The Knight Center at The University of Texas at Austin.","breadcrumb":{"@id":"https:\/\/latamjournalismreview.org\/pt-br\/articles\/locutor-e-assassinado-em-honduras-e-rsf-exige-missao-internacional-para-investigar-crimes-contra-jornalistas\/#breadcrumb"},"inLanguage":"pt-BR","potentialAction":[{"@type":"ReadAction","target":["https:\/\/latamjournalismreview.org\/pt-br\/articles\/locutor-e-assassinado-em-honduras-e-rsf-exige-missao-internacional-para-investigar-crimes-contra-jornalistas\/"]}]},{"@type":"BreadcrumbList","@id":"https:\/\/latamjournalismreview.org\/pt-br\/articles\/locutor-e-assassinado-em-honduras-e-rsf-exige-missao-internacional-para-investigar-crimes-contra-jornalistas\/#breadcrumb","itemListElement":[{"@type":"ListItem","position":1,"name":"Home","item":"https:\/\/latamjournalismreview.org\/pt-br\/"},{"@type":"ListItem","position":2,"name":"Locutor \u00e9 assassinado em Honduras e RSF exige miss\u00e3o internacional para investigar crimes contra jornalistas"}]},{"@type":"WebSite","@id":"https:\/\/latamjournalismreview.org\/pt-br\/#website","url":"https:\/\/latamjournalismreview.org\/pt-br\/","name":"LatAm Journalism Review","description":"Digital magazine on journalism in Latin America","publisher":{"@id":"https:\/\/latamjournalismreview.org\/pt-br\/#organization"},"potentialAction":[{"@type":"SearchAction","target":{"@type":"EntryPoint","urlTemplate":"https:\/\/latamjournalismreview.org\/pt-br\/?s={search_term_string}"},"query-input":{"@type":"PropertyValueSpecification","valueRequired":true,"valueName":"search_term_string"}}],"inLanguage":"pt-BR"},{"@type":"Organization","@id":"https:\/\/latamjournalismreview.org\/pt-br\/#organization","name":"LatAm Journalism Review","url":"https:\/\/latamjournalismreview.org\/pt-br\/","logo":{"@type":"ImageObject","inLanguage":"pt-BR","@id":"https:\/\/latamjournalismreview.org\/pt-br\/#\/schema\/logo\/image\/","url":"https:\/\/latamjournalismreview.org\/wp-content\/uploads\/2020\/05\/knight-latAm-review-logo.svg","contentUrl":"https:\/\/latamjournalismreview.org\/wp-content\/uploads\/2020\/05\/knight-latAm-review-logo.svg","width":"1024","height":"1024","caption":"LatAm Journalism Review"},"image":{"@id":"https:\/\/latamjournalismreview.org\/pt-br\/#\/schema\/logo\/image\/"},"sameAs":["https:\/\/x.com\/LatAmJournalism"]},{"@type":"Person","@id":"https:\/\/latamjournalismreview.org\/pt-br\/#\/schema\/person\/51558925140f21242c6ed2d20b8260c5","name":"Tania Lara","url":"https:\/\/latamjournalismreview.org\/pt-br\/articles\/author\/tania-lara\/"}]}},"_links":{"self":[{"href":"https:\/\/latamjournalismreview.org\/pt-br\/wp-json\/wp\/v2\/posts\/28802","targetHints":{"allow":["GET"]}}],"collection":[{"href":"https:\/\/latamjournalismreview.org\/pt-br\/wp-json\/wp\/v2\/posts"}],"about":[{"href":"https:\/\/latamjournalismreview.org\/pt-br\/wp-json\/wp\/v2\/types\/post"}],"author":[{"embeddable":true,"href":"https:\/\/latamjournalismreview.org\/pt-br\/wp-json\/wp\/v2\/users\/40"}],"replies":[{"embeddable":true,"href":"https:\/\/latamjournalismreview.org\/pt-br\/wp-json\/wp\/v2\/comments?post=28802"}],"version-history":[{"count":1,"href":"https:\/\/latamjournalismreview.org\/pt-br\/wp-json\/wp\/v2\/posts\/28802\/revisions"}],"predecessor-version":[{"id":28804,"href":"https:\/\/latamjournalismreview.org\/pt-br\/wp-json\/wp\/v2\/posts\/28802\/revisions\/28804"}],"wp:attachment":[{"href":"https:\/\/latamjournalismreview.org\/pt-br\/wp-json\/wp\/v2\/media?parent=28802"}],"wp:term":[{"taxonomy":"category","embeddable":true,"href":"https:\/\/latamjournalismreview.org\/pt-br\/wp-json\/wp\/v2\/categories?post=28802"},{"taxonomy":"post_tag","embeddable":true,"href":"https:\/\/latamjournalismreview.org\/pt-br\/wp-json\/wp\/v2\/tags?post=28802"},{"taxonomy":"author","embeddable":true,"href":"https:\/\/latamjournalismreview.org\/pt-br\/wp-json\/wp\/v2\/coauthors?post=28802"}],"curies":[{"name":"wp","href":"https:\/\/api.w.org\/{rel}","templated":true}]}}