{"id":29179,"date":"2012-04-12T20:34:11","date_gmt":"2012-04-13T01:34:11","guid":{"rendered":"https:\/\/latamjournalismreview.org\/?p=29179"},"modified":"2021-08-31T20:40:10","modified_gmt":"2021-09-01T01:40:10","slug":"parlamento-equatoriano-se-recusa-a-arquivar-polemica-proposta-de-lei-para-regular-a-midia-e-adia-votacao-do-tema","status":"publish","type":"post","link":"https:\/\/latamjournalismreview.org\/pt-br\/articles\/parlamento-equatoriano-se-recusa-a-arquivar-polemica-proposta-de-lei-para-regular-a-midia-e-adia-votacao-do-tema\/","title":{"rendered":"Parlamento equatoriano se recusa a arquivar pol\u00eamica proposta de lei para regular a m\u00eddia e adia vota\u00e7\u00e3o do tema"},"content":{"rendered":"<p>Depois de <a href=\"http:\/\/www.abc.es\/agencias\/noticia.asp?noticia=1143327\" target=\"_blank\" rel=\"noopener\">rejeitar o arquivamento do pol\u00eamico projeto de lei de comunica\u00e7\u00e3o<\/a>, a Assembleia Nacional do Equador <a href=\"http:\/\/www.analitica.com\/va\/sintesis\/internacionales\/9265339.asp\" target=\"_blank\" rel=\"noopener\">adiou a vota\u00e7\u00e3o da proposta<\/a> e decidiu que ela ser\u00e1 votada artigo por artigo, informou a ag\u00eancia de not\u00edcias EFE nesta quarta-feira, 11 de abril.<\/p>\n<p>O controverso <a href=\"http:\/\/knightcenter.utexas.edu\/pt-br\/blog\/oposicao-do-equador-denuncia-lei-de-comunicacao-oea\" target=\"_blank\" rel=\"noopener\">projeto de lei de comunica\u00e7\u00e3o tem sido criticado<\/a> e visto como um atentado \u00e0 liberdade de express\u00e3o por v\u00e1rias raz\u00f5es; entre elas est\u00e1 a cria\u00e7\u00e3o de um <a href=\"http:\/\/knightcenter.utexas.edu\/es\/blog\/futura-ley-de-comunicacion-en-ecuador-entra-en-etapa-decisiva\" target=\"_blank\" rel=\"noopener\">Conselho de Comunica\u00e7\u00e3o que incluiria representantes do governo<\/a>. Este <a href=\"http:\/\/www.infolatam.com\/2012\/04\/11\/ecuador-el-presidente-del-parlamento-aplaza-la-votacion-de-ley-de-comunicacion\/\" target=\"_blank\" rel=\"noopener\">ente regulador controlaria \u201ca emiss\u00e3o de conte\u00fados<\/a> discriminat\u00f3rios, racistas, violentos e sexuais\u201d, o que, segundo seus defensores, melhoraria a qualidade da informa\u00e7\u00e3o, explicou o jornal Infolatam.<\/p>\n<p><a href=\"http:\/\/www.diariolasamericas.com\/noticia\/138500\/32\/proyecto-de-ley-de-prensa-causa-polemica-en-ecuador\" target=\"_blank\" rel=\"noopener\">Esta lei \u201catenta contra a pr\u00e1tica do jornalismo\u201d<\/a>, disse o presidente da Uni\u00e3o Nacional de Jornalistas, <a href=\"https:\/\/twitter.com\/#!\/vicenteopi\" target=\"_blank\" rel=\"noopener\">Vicente Ord\u00f3\u00f1ez<\/a>, \u00e0 Associated Press, j\u00e1 que qualquer cidad\u00e3o poderia denunciar um jornalista ao se sentir ofendido, o que causaria \u201co medo e a autocensura, que \u00e9 pior que a censura\u201d.<\/p>\n<p>No entanto, segundo a Ag\u00eancia P\u00fablica de Not\u00edcias do Equador e Am\u00e9rica do Sul (Andes em espanhol), os membros da Rede de Intelectuais em Defesa da Humanidade consideram o projeto da lei de comunica\u00e7\u00e3o no Equador \u201c<a href=\"http:\/\/andes.info.ec\/pol%C3%ADtica\/1466.html\" target=\"_blank\" rel=\"noopener\">uma oportunidade \u00fanica para a democratiza\u00e7\u00e3o nas comunica\u00e7\u00f5es<\/a>: equidade na distribui\u00e7\u00e3o do espectro, fomento \u00e0 interculturalidade, liberdade de express\u00e3o e promo\u00e7\u00e3o da produ\u00e7\u00e3o nacional\u201d.<\/p>\n<p>Sem d\u00favida, o presidente equatoriano, <a href=\"http:\/\/www.cpj.org\/es\/2011\/09\/ecuador-bajo-correa-confrontacion-y-represion.php\" target=\"_blank\" rel=\"noopener\">Rafael Correa, \"transformou o Equador em uma das na\u00e7\u00f5es mais restritivas do hemisf\u00e9rio para a imprensa<\/a>\" com todos os seus <a href=\"https:\/\/knightcenter.utexas.edu\/pt-br\/blog\/00-9005-organizacoes-e-veiculos-de-imprensa-internacionais-criticam-cerceamento-da-liberdade-de\" target=\"_blank\" rel=\"noopener\">m\u00faltiplos ataques aos meios de comunica\u00e7\u00e3o<\/a>, de acordo com um relat\u00f3rio especial do Comit\u00ea para a Prote\u00e7\u00e3o dos Jornalistas (CPJ) , publicado em 2011.<\/p>\n","protected":false},"excerpt":{"rendered":"<p>Depois de rejeitar o arquivamento do pol\u00eamico projeto de lei de comunica\u00e7\u00e3o, a Assembleia Nacional do Equador adiou a vota\u00e7\u00e3o da proposta e decidiu que ela ser\u00e1 votada artigo por artigo.<\/p>\n","protected":false},"author":22,"featured_media":0,"comment_status":"closed","ping_status":"closed","sticky":false,"template":"","format":"standard","meta":{"inline_featured_image":false,"footnotes":""},"categories":[1219],"tags":[2050,1570,2051,1547],"coauthors":[],"class_list":["post-29179","post","type-post","status-publish","format-standard","hentry","category-liberdade-de-imprensa-pt-br","tag-censura-pt-br","tag-equador-pt-br","tag-liberdade-de-expressao-pt-br","tag-regulacao-pt-br"],"acf":[],"yoast_head":"<!-- This site is optimized with the Yoast SEO Premium plugin v22.6 (Yoast SEO v27.4) - https:\/\/yoast.com\/product\/yoast-seo-premium-wordpress\/ -->\n<title>Parlamento equatoriano se recusa a arquivar pol\u00eamica proposta de lei para regular a m\u00eddia e adia vota\u00e7\u00e3o do tema - LatAm Journalism Review by the Knight Center<\/title>\n<meta name=\"description\" content=\"Parlamento equatoriano se recusa a arquivar pol\u00eamica proposta de lei para regular a m\u00eddia e adia vota\u00e7\u00e3o do tema Liberdade de imprensa. Latin American Journalism Review by The Knight Center at The University of Texas at Austin.\" \/>\n<meta name=\"robots\" content=\"index, follow, max-snippet:-1, max-image-preview:large, max-video-preview:-1\" \/>\n<link rel=\"canonical\" href=\"https:\/\/latamjournalismreview.org\/pt-br\/articles\/parlamento-equatoriano-se-recusa-a-arquivar-polemica-proposta-de-lei-para-regular-a-midia-e-adia-votacao-do-tema\/\" \/>\n<meta property=\"og:locale\" content=\"pt_BR\" \/>\n<meta property=\"og:type\" content=\"article\" \/>\n<meta property=\"og:title\" content=\"Parlamento equatoriano se recusa a arquivar pol\u00eamica proposta de lei para regular a m\u00eddia e adia vota\u00e7\u00e3o do tema\" \/>\n<meta property=\"og:description\" content=\"Parlamento equatoriano se recusa a arquivar pol\u00eamica proposta de lei para regular a m\u00eddia e adia vota\u00e7\u00e3o do tema Liberdade de imprensa. Latin American Journalism Review by The Knight Center at The University of Texas at Austin.\" \/>\n<meta property=\"og:url\" content=\"https:\/\/latamjournalismreview.org\/pt-br\/articles\/parlamento-equatoriano-se-recusa-a-arquivar-polemica-proposta-de-lei-para-regular-a-midia-e-adia-votacao-do-tema\/\" \/>\n<meta property=\"og:site_name\" content=\"LatAm Journalism Review by the Knight Center\" \/>\n<meta property=\"article:published_time\" content=\"2012-04-13T01:34:11+00:00\" \/>\n<meta property=\"article:modified_time\" content=\"2021-09-01T01:40:10+00:00\" \/>\n<meta name=\"author\" content=\"Knight Center\" \/>\n<meta name=\"twitter:card\" content=\"summary_large_image\" \/>\n<meta name=\"twitter:creator\" content=\"@LatAmJournalism\" \/>\n<meta name=\"twitter:site\" content=\"@LatAmJournalism\" \/>\n<meta name=\"twitter:label1\" content=\"Written by\" \/>\n\t<meta name=\"twitter:data1\" content=\"Knight Center\" \/>\n\t<meta name=\"twitter:label2\" content=\"Est. reading time\" \/>\n\t<meta name=\"twitter:data2\" content=\"1 minuto\" \/>\n<script type=\"application\/ld+json\" class=\"yoast-schema-graph\">{\"@context\":\"https:\\\/\\\/schema.org\",\"@graph\":[{\"@type\":\"Article\",\"@id\":\"https:\\\/\\\/latamjournalismreview.org\\\/pt-br\\\/articles\\\/parlamento-equatoriano-se-recusa-a-arquivar-polemica-proposta-de-lei-para-regular-a-midia-e-adia-votacao-do-tema\\\/#article\",\"isPartOf\":{\"@id\":\"https:\\\/\\\/latamjournalismreview.org\\\/pt-br\\\/articles\\\/parlamento-equatoriano-se-recusa-a-arquivar-polemica-proposta-de-lei-para-regular-a-midia-e-adia-votacao-do-tema\\\/\"},\"author\":{\"name\":\"Knight Center\",\"@id\":\"https:\\\/\\\/latamjournalismreview.org\\\/pt-br\\\/#\\\/schema\\\/person\\\/6c325fd0fef0cd167424c683e6577e19\"},\"headline\":\"Parlamento equatoriano se recusa a arquivar pol\u00eamica proposta de lei para regular a m\u00eddia e adia vota\u00e7\u00e3o do tema\",\"datePublished\":\"2012-04-13T01:34:11+00:00\",\"dateModified\":\"2021-09-01T01:40:10+00:00\",\"mainEntityOfPage\":{\"@id\":\"https:\\\/\\\/latamjournalismreview.org\\\/pt-br\\\/articles\\\/parlamento-equatoriano-se-recusa-a-arquivar-polemica-proposta-de-lei-para-regular-a-midia-e-adia-votacao-do-tema\\\/\"},\"wordCount\":314,\"publisher\":{\"@id\":\"https:\\\/\\\/latamjournalismreview.org\\\/pt-br\\\/#organization\"},\"keywords\":[\"Censura\",\"Equador\",\"Liberdade de express\u00e3o\",\"Regula\u00e7\u00e3o\"],\"articleSection\":[\"Liberdade de imprensa\"],\"inLanguage\":\"pt-BR\"},{\"@type\":\"WebPage\",\"@id\":\"https:\\\/\\\/latamjournalismreview.org\\\/pt-br\\\/articles\\\/parlamento-equatoriano-se-recusa-a-arquivar-polemica-proposta-de-lei-para-regular-a-midia-e-adia-votacao-do-tema\\\/\",\"url\":\"https:\\\/\\\/latamjournalismreview.org\\\/pt-br\\\/articles\\\/parlamento-equatoriano-se-recusa-a-arquivar-polemica-proposta-de-lei-para-regular-a-midia-e-adia-votacao-do-tema\\\/\",\"name\":\"Parlamento equatoriano se recusa a arquivar pol\u00eamica proposta de lei para regular a m\u00eddia e adia vota\u00e7\u00e3o do tema - LatAm Journalism Review by the Knight Center\",\"isPartOf\":{\"@id\":\"https:\\\/\\\/latamjournalismreview.org\\\/pt-br\\\/#website\"},\"datePublished\":\"2012-04-13T01:34:11+00:00\",\"dateModified\":\"2021-09-01T01:40:10+00:00\",\"description\":\"Parlamento equatoriano se recusa a arquivar pol\u00eamica proposta de lei para regular a m\u00eddia e adia vota\u00e7\u00e3o do tema Liberdade de imprensa. Latin American Journalism Review by The Knight Center at The University of Texas at Austin.\",\"breadcrumb\":{\"@id\":\"https:\\\/\\\/latamjournalismreview.org\\\/pt-br\\\/articles\\\/parlamento-equatoriano-se-recusa-a-arquivar-polemica-proposta-de-lei-para-regular-a-midia-e-adia-votacao-do-tema\\\/#breadcrumb\"},\"inLanguage\":\"pt-BR\",\"potentialAction\":[{\"@type\":\"ReadAction\",\"target\":[\"https:\\\/\\\/latamjournalismreview.org\\\/pt-br\\\/articles\\\/parlamento-equatoriano-se-recusa-a-arquivar-polemica-proposta-de-lei-para-regular-a-midia-e-adia-votacao-do-tema\\\/\"]}]},{\"@type\":\"BreadcrumbList\",\"@id\":\"https:\\\/\\\/latamjournalismreview.org\\\/pt-br\\\/articles\\\/parlamento-equatoriano-se-recusa-a-arquivar-polemica-proposta-de-lei-para-regular-a-midia-e-adia-votacao-do-tema\\\/#breadcrumb\",\"itemListElement\":[{\"@type\":\"ListItem\",\"position\":1,\"name\":\"Home\",\"item\":\"https:\\\/\\\/latamjournalismreview.org\\\/pt-br\\\/\"},{\"@type\":\"ListItem\",\"position\":2,\"name\":\"Parlamento equatoriano se recusa a arquivar pol\u00eamica proposta de lei para regular a m\u00eddia e adia vota\u00e7\u00e3o do tema\"}]},{\"@type\":\"WebSite\",\"@id\":\"https:\\\/\\\/latamjournalismreview.org\\\/pt-br\\\/#website\",\"url\":\"https:\\\/\\\/latamjournalismreview.org\\\/pt-br\\\/\",\"name\":\"LatAm Journalism Review\",\"description\":\"Digital magazine on journalism in Latin America\",\"publisher\":{\"@id\":\"https:\\\/\\\/latamjournalismreview.org\\\/pt-br\\\/#organization\"},\"potentialAction\":[{\"@type\":\"SearchAction\",\"target\":{\"@type\":\"EntryPoint\",\"urlTemplate\":\"https:\\\/\\\/latamjournalismreview.org\\\/pt-br\\\/?s={search_term_string}\"},\"query-input\":{\"@type\":\"PropertyValueSpecification\",\"valueRequired\":true,\"valueName\":\"search_term_string\"}}],\"inLanguage\":\"pt-BR\"},{\"@type\":\"Organization\",\"@id\":\"https:\\\/\\\/latamjournalismreview.org\\\/pt-br\\\/#organization\",\"name\":\"LatAm Journalism Review\",\"url\":\"https:\\\/\\\/latamjournalismreview.org\\\/pt-br\\\/\",\"logo\":{\"@type\":\"ImageObject\",\"inLanguage\":\"pt-BR\",\"@id\":\"https:\\\/\\\/latamjournalismreview.org\\\/pt-br\\\/#\\\/schema\\\/logo\\\/image\\\/\",\"url\":\"https:\\\/\\\/latamjournalismreview.org\\\/wp-content\\\/uploads\\\/2020\\\/05\\\/knight-latAm-review-logo.svg\",\"contentUrl\":\"https:\\\/\\\/latamjournalismreview.org\\\/wp-content\\\/uploads\\\/2020\\\/05\\\/knight-latAm-review-logo.svg\",\"width\":\"1024\",\"height\":\"1024\",\"caption\":\"LatAm Journalism Review\"},\"image\":{\"@id\":\"https:\\\/\\\/latamjournalismreview.org\\\/pt-br\\\/#\\\/schema\\\/logo\\\/image\\\/\"},\"sameAs\":[\"https:\\\/\\\/x.com\\\/LatAmJournalism\"]},{\"@type\":\"Person\",\"@id\":\"https:\\\/\\\/latamjournalismreview.org\\\/pt-br\\\/#\\\/schema\\\/person\\\/6c325fd0fef0cd167424c683e6577e19\",\"name\":\"Knight Center\",\"url\":\"https:\\\/\\\/latamjournalismreview.org\\\/pt-br\\\/articles\\\/author\\\/knight-center\\\/\"}]}<\/script>\n<!-- \/ Yoast SEO Premium plugin. -->","yoast_head_json":{"title":"Parlamento equatoriano se recusa a arquivar pol\u00eamica proposta de lei para regular a m\u00eddia e adia vota\u00e7\u00e3o do tema - LatAm Journalism Review by the Knight Center","description":"Parlamento equatoriano se recusa a arquivar pol\u00eamica proposta de lei para regular a m\u00eddia e adia vota\u00e7\u00e3o do tema Liberdade de imprensa. Latin American Journalism Review by The Knight Center at The University of Texas at Austin.","robots":{"index":"index","follow":"follow","max-snippet":"max-snippet:-1","max-image-preview":"max-image-preview:large","max-video-preview":"max-video-preview:-1"},"canonical":"https:\/\/latamjournalismreview.org\/pt-br\/articles\/parlamento-equatoriano-se-recusa-a-arquivar-polemica-proposta-de-lei-para-regular-a-midia-e-adia-votacao-do-tema\/","og_locale":"pt_BR","og_type":"article","og_title":"Parlamento equatoriano se recusa a arquivar pol\u00eamica proposta de lei para regular a m\u00eddia e adia vota\u00e7\u00e3o do tema","og_description":"Parlamento equatoriano se recusa a arquivar pol\u00eamica proposta de lei para regular a m\u00eddia e adia vota\u00e7\u00e3o do tema Liberdade de imprensa. Latin American Journalism Review by The Knight Center at The University of Texas at Austin.","og_url":"https:\/\/latamjournalismreview.org\/pt-br\/articles\/parlamento-equatoriano-se-recusa-a-arquivar-polemica-proposta-de-lei-para-regular-a-midia-e-adia-votacao-do-tema\/","og_site_name":"LatAm Journalism Review by the Knight Center","article_published_time":"2012-04-13T01:34:11+00:00","article_modified_time":"2021-09-01T01:40:10+00:00","author":"Knight Center","twitter_card":"summary_large_image","twitter_creator":"@LatAmJournalism","twitter_site":"@LatAmJournalism","twitter_misc":{"Written by":"Knight Center","Est. reading time":"1 minuto"},"schema":{"@context":"https:\/\/schema.org","@graph":[{"@type":"Article","@id":"https:\/\/latamjournalismreview.org\/pt-br\/articles\/parlamento-equatoriano-se-recusa-a-arquivar-polemica-proposta-de-lei-para-regular-a-midia-e-adia-votacao-do-tema\/#article","isPartOf":{"@id":"https:\/\/latamjournalismreview.org\/pt-br\/articles\/parlamento-equatoriano-se-recusa-a-arquivar-polemica-proposta-de-lei-para-regular-a-midia-e-adia-votacao-do-tema\/"},"author":{"name":"Knight Center","@id":"https:\/\/latamjournalismreview.org\/pt-br\/#\/schema\/person\/6c325fd0fef0cd167424c683e6577e19"},"headline":"Parlamento equatoriano se recusa a arquivar pol\u00eamica proposta de lei para regular a m\u00eddia e adia vota\u00e7\u00e3o do tema","datePublished":"2012-04-13T01:34:11+00:00","dateModified":"2021-09-01T01:40:10+00:00","mainEntityOfPage":{"@id":"https:\/\/latamjournalismreview.org\/pt-br\/articles\/parlamento-equatoriano-se-recusa-a-arquivar-polemica-proposta-de-lei-para-regular-a-midia-e-adia-votacao-do-tema\/"},"wordCount":314,"publisher":{"@id":"https:\/\/latamjournalismreview.org\/pt-br\/#organization"},"keywords":["Censura","Equador","Liberdade de express\u00e3o","Regula\u00e7\u00e3o"],"articleSection":["Liberdade de imprensa"],"inLanguage":"pt-BR"},{"@type":"WebPage","@id":"https:\/\/latamjournalismreview.org\/pt-br\/articles\/parlamento-equatoriano-se-recusa-a-arquivar-polemica-proposta-de-lei-para-regular-a-midia-e-adia-votacao-do-tema\/","url":"https:\/\/latamjournalismreview.org\/pt-br\/articles\/parlamento-equatoriano-se-recusa-a-arquivar-polemica-proposta-de-lei-para-regular-a-midia-e-adia-votacao-do-tema\/","name":"Parlamento equatoriano se recusa a arquivar pol\u00eamica proposta de lei para regular a m\u00eddia e adia vota\u00e7\u00e3o do tema - LatAm Journalism Review by the Knight Center","isPartOf":{"@id":"https:\/\/latamjournalismreview.org\/pt-br\/#website"},"datePublished":"2012-04-13T01:34:11+00:00","dateModified":"2021-09-01T01:40:10+00:00","description":"Parlamento equatoriano se recusa a arquivar pol\u00eamica proposta de lei para regular a m\u00eddia e adia vota\u00e7\u00e3o do tema Liberdade de imprensa. Latin American Journalism Review by The Knight Center at The University of Texas at Austin.","breadcrumb":{"@id":"https:\/\/latamjournalismreview.org\/pt-br\/articles\/parlamento-equatoriano-se-recusa-a-arquivar-polemica-proposta-de-lei-para-regular-a-midia-e-adia-votacao-do-tema\/#breadcrumb"},"inLanguage":"pt-BR","potentialAction":[{"@type":"ReadAction","target":["https:\/\/latamjournalismreview.org\/pt-br\/articles\/parlamento-equatoriano-se-recusa-a-arquivar-polemica-proposta-de-lei-para-regular-a-midia-e-adia-votacao-do-tema\/"]}]},{"@type":"BreadcrumbList","@id":"https:\/\/latamjournalismreview.org\/pt-br\/articles\/parlamento-equatoriano-se-recusa-a-arquivar-polemica-proposta-de-lei-para-regular-a-midia-e-adia-votacao-do-tema\/#breadcrumb","itemListElement":[{"@type":"ListItem","position":1,"name":"Home","item":"https:\/\/latamjournalismreview.org\/pt-br\/"},{"@type":"ListItem","position":2,"name":"Parlamento equatoriano se recusa a arquivar pol\u00eamica proposta de lei para regular a m\u00eddia e adia vota\u00e7\u00e3o do tema"}]},{"@type":"WebSite","@id":"https:\/\/latamjournalismreview.org\/pt-br\/#website","url":"https:\/\/latamjournalismreview.org\/pt-br\/","name":"LatAm Journalism Review","description":"Digital magazine on journalism in Latin America","publisher":{"@id":"https:\/\/latamjournalismreview.org\/pt-br\/#organization"},"potentialAction":[{"@type":"SearchAction","target":{"@type":"EntryPoint","urlTemplate":"https:\/\/latamjournalismreview.org\/pt-br\/?s={search_term_string}"},"query-input":{"@type":"PropertyValueSpecification","valueRequired":true,"valueName":"search_term_string"}}],"inLanguage":"pt-BR"},{"@type":"Organization","@id":"https:\/\/latamjournalismreview.org\/pt-br\/#organization","name":"LatAm Journalism Review","url":"https:\/\/latamjournalismreview.org\/pt-br\/","logo":{"@type":"ImageObject","inLanguage":"pt-BR","@id":"https:\/\/latamjournalismreview.org\/pt-br\/#\/schema\/logo\/image\/","url":"https:\/\/latamjournalismreview.org\/wp-content\/uploads\/2020\/05\/knight-latAm-review-logo.svg","contentUrl":"https:\/\/latamjournalismreview.org\/wp-content\/uploads\/2020\/05\/knight-latAm-review-logo.svg","width":"1024","height":"1024","caption":"LatAm Journalism Review"},"image":{"@id":"https:\/\/latamjournalismreview.org\/pt-br\/#\/schema\/logo\/image\/"},"sameAs":["https:\/\/x.com\/LatAmJournalism"]},{"@type":"Person","@id":"https:\/\/latamjournalismreview.org\/pt-br\/#\/schema\/person\/6c325fd0fef0cd167424c683e6577e19","name":"Knight Center","url":"https:\/\/latamjournalismreview.org\/pt-br\/articles\/author\/knight-center\/"}]}},"_links":{"self":[{"href":"https:\/\/latamjournalismreview.org\/pt-br\/wp-json\/wp\/v2\/posts\/29179","targetHints":{"allow":["GET"]}}],"collection":[{"href":"https:\/\/latamjournalismreview.org\/pt-br\/wp-json\/wp\/v2\/posts"}],"about":[{"href":"https:\/\/latamjournalismreview.org\/pt-br\/wp-json\/wp\/v2\/types\/post"}],"author":[{"embeddable":true,"href":"https:\/\/latamjournalismreview.org\/pt-br\/wp-json\/wp\/v2\/users\/22"}],"replies":[{"embeddable":true,"href":"https:\/\/latamjournalismreview.org\/pt-br\/wp-json\/wp\/v2\/comments?post=29179"}],"version-history":[{"count":1,"href":"https:\/\/latamjournalismreview.org\/pt-br\/wp-json\/wp\/v2\/posts\/29179\/revisions"}],"predecessor-version":[{"id":29180,"href":"https:\/\/latamjournalismreview.org\/pt-br\/wp-json\/wp\/v2\/posts\/29179\/revisions\/29180"}],"wp:attachment":[{"href":"https:\/\/latamjournalismreview.org\/pt-br\/wp-json\/wp\/v2\/media?parent=29179"}],"wp:term":[{"taxonomy":"category","embeddable":true,"href":"https:\/\/latamjournalismreview.org\/pt-br\/wp-json\/wp\/v2\/categories?post=29179"},{"taxonomy":"post_tag","embeddable":true,"href":"https:\/\/latamjournalismreview.org\/pt-br\/wp-json\/wp\/v2\/tags?post=29179"},{"taxonomy":"author","embeddable":true,"href":"https:\/\/latamjournalismreview.org\/pt-br\/wp-json\/wp\/v2\/coauthors?post=29179"}],"curies":[{"name":"wp","href":"https:\/\/api.w.org\/{rel}","templated":true}]}}