{"id":2997,"date":"2020-01-17T22:14:40","date_gmt":"2020-01-18T03:14:40","guid":{"rendered":"https:\/\/live-lajr.pantheonsite.io\/?p=2997"},"modified":"2020-06-04T11:04:10","modified_gmt":"2020-06-04T16:04:10","slug":"homem-envolvido-em-tortura-da-jornalista-mexicana-lydia-cacho-e-condenado-a-cinco-anos-de-prisao","status":"publish","type":"post","link":"https:\/\/latamjournalismreview.org\/pt-br\/articles\/homem-envolvido-em-tortura-da-jornalista-mexicana-lydia-cacho-e-condenado-a-cinco-anos-de-prisao\/","title":{"rendered":"Homem envolvido em tortura da jornalista mexicana Lydia Cacho \u00e9 condenado a cinco anos de pris\u00e3o"},"content":{"rendered":"<p>Pelo crime de tortura contra a jornalista mexicana\u00a0<a href=\"https:\/\/twitter.com\/lydiacachosi\">Lydia Cacho<\/a>\u00a0em 2005, Juan S\u00e1nchez Moreno, comandante da Procuradoria Geral do Estado de Puebla,\u00a0<a href=\"https:\/\/twitter.com\/article19mex\/status\/1217612700353794048\">recebeu uma condena\u00e7\u00e3o em 15 de janeiro<\/a>, informou a organiza\u00e7\u00e3o Artigo 19 M\u00e9xico no Twitter.<\/p>\n<div>\n<div style=\"width: 456px\" class=\"wp-caption alignleft\"><a href=\"https:\/\/knightcenter.utexas.edu\/es\/blog\/00-21530-dictan-sentencia-contra-una-de-las-personas-implicadas-en-el-caso-de-tortura-de-la-per\" target=\"_blank\" rel=\"noopener noreferrer\"><img loading=\"lazy\" decoding=\"async\" class=\"\" src=\"https:\/\/farm6.staticflickr.com\/5710\/22018540180_65d469eef9_o.jpg\" alt=\"Lydia Cacho\u00a0(By Eneas De Troya,\u00a0CC BY 2.0)\" width=\"446\" height=\"297\" \/><\/a><p class=\"wp-caption-text\">Lydia Cacho (By Eneas De Troya, CC BY 2.0)<\/p><\/div>\n<p>S\u00e1nchez Moreno\u00a0<a href=\"https:\/\/www.infobae.com\/america\/mexico\/2020\/01\/16\/despues-de-14-anos-un-comandante-implicado-en-el-caso-de-tortura-de-lydia-cacho-fue-condenado-a-prision\/\">deve pegar cinco anos e tr\u00eas meses de pris\u00e3o e pagar uma multa<\/a>\u00a0de 12.133 pesos mexicanos (aproximadamente US$ 644), informou o site da Infobae.<\/p>\n<p>\"Esta senten\u00e7a\u00a0<a href=\"https:\/\/twitter.com\/article19mex\/status\/1217616343446499328\">cont\u00e9m uma pena que n\u00e3o corresponde \u00e0 gravidade dos atos de tortura<\/a>\u00a0ou ao posto de comando ocupado por S\u00e1nchez Moreno\", escreveu a Artigo 19 em sua conta no Twitter.<\/p>\n<p>Segundo a organiza\u00e7\u00e3o, essa \u00e9 a segunda senten\u00e7a contra qualquer pessoa envolvida na deten\u00e7\u00e3o arbitr\u00e1ria e tortura de que Cacho foi v\u00edtima em 2005. Em 17 de outubro de 2017,\u00a0<a href=\"https:\/\/articulo19.org\/tribunales-federales-reconocen-violaciones-contra-lydia-cacho-por-su-labor-periodistica-su-torturador-permanecera-preso-en-quintana-roo\/\">Jos\u00e9 Monta\u00f1o<\/a>, ex-comandante da Pol\u00edcia de Puebla tamb\u00e9m foi condenado a cinco anos e tr\u00eas meses de pris\u00e3o. Posteriormente, sua pena foi aumentada para seis anos, afirmou a organiza\u00e7\u00e3o.<\/p>\n<p>Em agosto de 2019, um juiz federal emitiu um mandado de pris\u00e3o contra o ex-governador de Puebla, Mario Mar\u00edn Torres, e contra o empres\u00e1rio t\u00eaxtil, Kamel Nacif Borges, por sua suposta responsabilidade na\u00a0<a href=\"https:\/\/twitter.com\/article19mex\/status\/1217612707207270400\">tortura contra a jornalista Lydia Cacho<\/a>; mas n\u00e3o foram capturados, relatou o Artigo 19.<\/p>\n<p>Os crimes para os quais\u00a0<a href=\"https:\/\/knightcenter.utexas.edu\/es\/blog\/00-20006-comite-de-ddhh-de-la-onu-reconoce-violaciones-la-libertad-de-expresion-y-otros-derecho\">Cacho exige justi\u00e7a h\u00e1 14 ano<\/a>s ocorreram em 2005. Nesse ano, Cacho escreveu o livro \u201c<a href=\"http:\/\/www.lydiacacho.com\/LosDemoniosDelEden.html\">Dem\u00f4nios do \u00c9den. O poder que protege a pornografia infantil<\/a>\u201d, denunciando uma rede de pornografia infantil na qual supostamente autoridades p\u00fablicas e empres\u00e1rios reconhecidos do pa\u00eds, como Jos\u00e9 Kamel Nacif Borge, estavam envolvidos.<\/p>\n<p>Em julho de 2005, Nacif apresentou uma queixa contra Cacho, no estado de Puebla, pelos crimes de difama\u00e7\u00e3o e cal\u00fania (ela foi absolvida dessas acusa\u00e7\u00f5es posteriormente). A jornalista foi presa no estado de Quintana Roo em dezembro de 2005 e levada para Puebla em uma jornada de mais de 20 horas em que, segundo a den\u00fancia de Cacho feita \u00e0 ONU,\u00a0<a href=\"https:\/\/knightcenter.utexas.edu\/es\/blog\/00-20006-comite-de-ddhh-de-la-onu-reconoce-violaciones-la-libertad-de-expresion-y-otros-derecho\">ela foi v\u00edtima de tortura psicol\u00f3gica e f\u00edsica<\/a>, toques e insinua\u00e7\u00f5es sexuais, amea\u00e7as de morte e viol\u00eancia verbal e f\u00edsica.<\/p>\n<p>Posteriormente, na sede do Procurador-Geral de Puebla, disse a jornalista, ela tamb\u00e9m foi v\u00edtima de abusos sexuais e viol\u00eancia f\u00edsica e verbal. Ela foi libertada ap\u00f3s pagar uma fian\u00e7a de 70 mil pesos mexicanos (aproximadamente US$ 3.700).<\/p>\n<p>Em busca de Justi\u00e7a, Cacho buscou ajuda junto a inst\u00e2ncias internacionais.<\/p>\n<p>Em 31 de julho de 2018, o Comit\u00ea de Direitos Humanos das Na\u00e7\u00f5es Unidas emitiu uma resolu\u00e7\u00e3o sobre o caso de Cacho. Segundo o Comit\u00ea, o Estado mexicano violou alguns dos\u00a0<a href=\"https:\/\/knightcenter.utexas.edu\/es\/blog\/00-20006-comite-de-ddhh-de-la-onu-reconoce-violaciones-la-libertad-de-expresion-y-otros-derecho\">direitos humanos estabelecidos no Pacto Internacional sobre Direitos Civis e Pol\u00edticos<\/a>, como igualdade de g\u00eanero, proibi\u00e7\u00e3o de tortura, liberdade e seguran\u00e7a pessoal, liberdade de express\u00e3o, entre outros.<\/p>\n<p>Em 10 de janeiro de 2019,\u00a0<a href=\"https:\/\/knightcenter.utexas.edu\/es\/blog\/00-20487-por-primera-vez-gobierno-de-mexico-pide-disculpas-publicas-periodista-torturada-hace-1\">o Estado mexicano pediu desculpas p\u00fablicas a Cacho pelo que aconteceu<\/a>, como parte das resolu\u00e7\u00f5es adotadas pelo Estado ap\u00f3s a decis\u00e3o do Comit\u00ea da ONU.<\/p>\n<p>\u201cUm ano ap\u00f3s o reconhecimento da responsabilidade do Estado mexicano e o pedido p\u00fablico de desculpas \u00e0 jornalista @lydiacachosi [Lydia Cacho], pelas viola\u00e7\u00f5es de direitos humanos perpetradas em sua queixa em 2005, ainda n\u00e3o h\u00e1 justi\u00e7a e\u00a0<a href=\"https:\/\/twitter.com\/article19mex\/status\/1215699753633185798\">a integridade de Lydia continua em risco<\/a>\u201d, escreveu a Artigo 19 no Twitter.<\/p>\n<\/div>\n","protected":false},"excerpt":{"rendered":"<p>Pelo crime de tortura contra a jornalista mexicana Lydia Cacho em 2005, Juan S\u00e1nchez Moreno, comandante da Procuradoria Geral do Estado de Puebla, recebeu uma condena\u00e7\u00e3o em 15 de janeiro<\/p>\n","protected":false},"author":13,"featured_media":2780,"comment_status":"closed","ping_status":"closed","sticky":false,"template":"","format":"standard","meta":{"inline_featured_image":false,"footnotes":""},"categories":[1221],"tags":[1534,1379,1394],"coauthors":[],"class_list":["post-2997","post","type-post","status-publish","format-standard","has-post-thumbnail","hentry","category-violencia-contra-jornalistas-pt-br","tag-ataques-contra-jornalistas-pt-br","tag-casos-judiciais-pt-br","tag-mexico-pt-br"],"acf":[],"yoast_head":"<!-- This site is optimized with the Yoast SEO Premium plugin v22.6 (Yoast SEO v27.4) - https:\/\/yoast.com\/product\/yoast-seo-premium-wordpress\/ -->\n<title>Homem envolvido em tortura da jornalista mexicana Lydia Cacho \u00e9 condenado a cinco anos de pris\u00e3o - LatAm Journalism Review by the Knight Center<\/title>\n<meta name=\"description\" content=\"Homem envolvido em tortura da jornalista mexicana Lydia Cacho \u00e9 condenado a cinco anos de pris\u00e3o . Latin American Journalism Review by The Knight Center at The University of Texas at Austin.\" \/>\n<meta name=\"robots\" content=\"index, follow, max-snippet:-1, max-image-preview:large, max-video-preview:-1\" \/>\n<link rel=\"canonical\" href=\"https:\/\/latamjournalismreview.org\/pt-br\/articles\/homem-envolvido-em-tortura-da-jornalista-mexicana-lydia-cacho-e-condenado-a-cinco-anos-de-prisao\/\" \/>\n<meta property=\"og:locale\" content=\"pt_BR\" \/>\n<meta property=\"og:type\" content=\"article\" \/>\n<meta property=\"og:title\" content=\"Homem envolvido em tortura da jornalista mexicana Lydia Cacho \u00e9 condenado a cinco anos de pris\u00e3o\" \/>\n<meta property=\"og:description\" content=\"Homem envolvido em tortura da jornalista mexicana Lydia Cacho \u00e9 condenado a cinco anos de pris\u00e3o . Latin American Journalism Review by The Knight Center at The University of Texas at Austin.\" \/>\n<meta property=\"og:url\" content=\"https:\/\/latamjournalismreview.org\/pt-br\/articles\/homem-envolvido-em-tortura-da-jornalista-mexicana-lydia-cacho-e-condenado-a-cinco-anos-de-prisao\/\" \/>\n<meta property=\"og:site_name\" content=\"LatAm Journalism Review by the Knight Center\" \/>\n<meta property=\"article:published_time\" content=\"2020-01-18T03:14:40+00:00\" \/>\n<meta property=\"article:modified_time\" content=\"2020-06-04T16:04:10+00:00\" \/>\n<meta property=\"og:image\" content=\"https:\/\/latamjournalismreview.org\/wp-content\/uploads\/2020\/05\/Lydia-Cacho-By-Eneas-De-Troya-CC-BY-2.0-e1590531400313.jpg\" \/>\n\t<meta property=\"og:image:width\" content=\"507\" \/>\n\t<meta property=\"og:image:height\" content=\"338\" \/>\n\t<meta property=\"og:image:type\" content=\"image\/jpeg\" \/>\n<meta name=\"author\" content=\"Silvia Higuera\" \/>\n<meta name=\"twitter:card\" content=\"summary_large_image\" \/>\n<meta name=\"twitter:creator\" content=\"@shiguerita\" \/>\n<meta name=\"twitter:site\" content=\"@LatAmJournalism\" \/>\n<meta name=\"twitter:label1\" content=\"Written by\" \/>\n\t<meta name=\"twitter:data1\" content=\"Silvia Higuera\" \/>\n\t<meta name=\"twitter:label2\" content=\"Est. reading time\" \/>\n\t<meta name=\"twitter:data2\" content=\"3 minutos\" \/>\n<script type=\"application\/ld+json\" class=\"yoast-schema-graph\">{\"@context\":\"https:\\\/\\\/schema.org\",\"@graph\":[{\"@type\":\"Article\",\"@id\":\"https:\\\/\\\/latamjournalismreview.org\\\/pt-br\\\/articles\\\/homem-envolvido-em-tortura-da-jornalista-mexicana-lydia-cacho-e-condenado-a-cinco-anos-de-prisao\\\/#article\",\"isPartOf\":{\"@id\":\"https:\\\/\\\/latamjournalismreview.org\\\/pt-br\\\/articles\\\/homem-envolvido-em-tortura-da-jornalista-mexicana-lydia-cacho-e-condenado-a-cinco-anos-de-prisao\\\/\"},\"author\":{\"name\":\"Silvia Higuera\",\"@id\":\"https:\\\/\\\/latamjournalismreview.org\\\/pt-br\\\/#\\\/schema\\\/person\\\/eac7baa6afada0957e047be9fc15703a\"},\"headline\":\"Homem envolvido em tortura da jornalista mexicana Lydia Cacho \u00e9 condenado a cinco anos de pris\u00e3o\",\"datePublished\":\"2020-01-18T03:14:40+00:00\",\"dateModified\":\"2020-06-04T16:04:10+00:00\",\"mainEntityOfPage\":{\"@id\":\"https:\\\/\\\/latamjournalismreview.org\\\/pt-br\\\/articles\\\/homem-envolvido-em-tortura-da-jornalista-mexicana-lydia-cacho-e-condenado-a-cinco-anos-de-prisao\\\/\"},\"wordCount\":593,\"publisher\":{\"@id\":\"https:\\\/\\\/latamjournalismreview.org\\\/pt-br\\\/#organization\"},\"image\":{\"@id\":\"https:\\\/\\\/latamjournalismreview.org\\\/pt-br\\\/articles\\\/homem-envolvido-em-tortura-da-jornalista-mexicana-lydia-cacho-e-condenado-a-cinco-anos-de-prisao\\\/#primaryimage\"},\"thumbnailUrl\":\"https:\\\/\\\/latamjournalismreview.org\\\/wp-content\\\/uploads\\\/2020\\\/05\\\/Lydia-Cacho-By-Eneas-De-Troya-CC-BY-2.0-e1590531400313.jpg\",\"keywords\":[\"Ataques contra jornalistas\",\"Casos judiciais\",\"M\u00e9xico\"],\"articleSection\":[\"Viol\u00eancia contra jornalistas\"],\"inLanguage\":\"pt-BR\"},{\"@type\":\"WebPage\",\"@id\":\"https:\\\/\\\/latamjournalismreview.org\\\/pt-br\\\/articles\\\/homem-envolvido-em-tortura-da-jornalista-mexicana-lydia-cacho-e-condenado-a-cinco-anos-de-prisao\\\/\",\"url\":\"https:\\\/\\\/latamjournalismreview.org\\\/pt-br\\\/articles\\\/homem-envolvido-em-tortura-da-jornalista-mexicana-lydia-cacho-e-condenado-a-cinco-anos-de-prisao\\\/\",\"name\":\"Homem envolvido em tortura da jornalista mexicana Lydia Cacho \u00e9 condenado a cinco anos de pris\u00e3o - LatAm Journalism Review by the Knight Center\",\"isPartOf\":{\"@id\":\"https:\\\/\\\/latamjournalismreview.org\\\/pt-br\\\/#website\"},\"primaryImageOfPage\":{\"@id\":\"https:\\\/\\\/latamjournalismreview.org\\\/pt-br\\\/articles\\\/homem-envolvido-em-tortura-da-jornalista-mexicana-lydia-cacho-e-condenado-a-cinco-anos-de-prisao\\\/#primaryimage\"},\"image\":{\"@id\":\"https:\\\/\\\/latamjournalismreview.org\\\/pt-br\\\/articles\\\/homem-envolvido-em-tortura-da-jornalista-mexicana-lydia-cacho-e-condenado-a-cinco-anos-de-prisao\\\/#primaryimage\"},\"thumbnailUrl\":\"https:\\\/\\\/latamjournalismreview.org\\\/wp-content\\\/uploads\\\/2020\\\/05\\\/Lydia-Cacho-By-Eneas-De-Troya-CC-BY-2.0-e1590531400313.jpg\",\"datePublished\":\"2020-01-18T03:14:40+00:00\",\"dateModified\":\"2020-06-04T16:04:10+00:00\",\"description\":\"Homem envolvido em tortura da jornalista mexicana Lydia Cacho \u00e9 condenado a cinco anos de pris\u00e3o . Latin American Journalism Review by The Knight Center at The University of Texas at Austin.\",\"breadcrumb\":{\"@id\":\"https:\\\/\\\/latamjournalismreview.org\\\/pt-br\\\/articles\\\/homem-envolvido-em-tortura-da-jornalista-mexicana-lydia-cacho-e-condenado-a-cinco-anos-de-prisao\\\/#breadcrumb\"},\"inLanguage\":\"pt-BR\",\"potentialAction\":[{\"@type\":\"ReadAction\",\"target\":[\"https:\\\/\\\/latamjournalismreview.org\\\/pt-br\\\/articles\\\/homem-envolvido-em-tortura-da-jornalista-mexicana-lydia-cacho-e-condenado-a-cinco-anos-de-prisao\\\/\"]}]},{\"@type\":\"ImageObject\",\"inLanguage\":\"pt-BR\",\"@id\":\"https:\\\/\\\/latamjournalismreview.org\\\/pt-br\\\/articles\\\/homem-envolvido-em-tortura-da-jornalista-mexicana-lydia-cacho-e-condenado-a-cinco-anos-de-prisao\\\/#primaryimage\",\"url\":\"https:\\\/\\\/latamjournalismreview.org\\\/wp-content\\\/uploads\\\/2020\\\/05\\\/Lydia-Cacho-By-Eneas-De-Troya-CC-BY-2.0-e1590531400313.jpg\",\"contentUrl\":\"https:\\\/\\\/latamjournalismreview.org\\\/wp-content\\\/uploads\\\/2020\\\/05\\\/Lydia-Cacho-By-Eneas-De-Troya-CC-BY-2.0-e1590531400313.jpg\",\"width\":507,\"height\":338,\"caption\":\"Lydia Cacho (By Eneas De Troya, CC BY 2.0)\"},{\"@type\":\"BreadcrumbList\",\"@id\":\"https:\\\/\\\/latamjournalismreview.org\\\/pt-br\\\/articles\\\/homem-envolvido-em-tortura-da-jornalista-mexicana-lydia-cacho-e-condenado-a-cinco-anos-de-prisao\\\/#breadcrumb\",\"itemListElement\":[{\"@type\":\"ListItem\",\"position\":1,\"name\":\"Home\",\"item\":\"https:\\\/\\\/latamjournalismreview.org\\\/pt-br\\\/\"},{\"@type\":\"ListItem\",\"position\":2,\"name\":\"Homem envolvido em tortura da jornalista mexicana Lydia Cacho \u00e9 condenado a cinco anos de pris\u00e3o\"}]},{\"@type\":\"WebSite\",\"@id\":\"https:\\\/\\\/latamjournalismreview.org\\\/pt-br\\\/#website\",\"url\":\"https:\\\/\\\/latamjournalismreview.org\\\/pt-br\\\/\",\"name\":\"LatAm Journalism Review\",\"description\":\"Digital magazine on journalism in Latin America\",\"publisher\":{\"@id\":\"https:\\\/\\\/latamjournalismreview.org\\\/pt-br\\\/#organization\"},\"potentialAction\":[{\"@type\":\"SearchAction\",\"target\":{\"@type\":\"EntryPoint\",\"urlTemplate\":\"https:\\\/\\\/latamjournalismreview.org\\\/pt-br\\\/?s={search_term_string}\"},\"query-input\":{\"@type\":\"PropertyValueSpecification\",\"valueRequired\":true,\"valueName\":\"search_term_string\"}}],\"inLanguage\":\"pt-BR\"},{\"@type\":\"Organization\",\"@id\":\"https:\\\/\\\/latamjournalismreview.org\\\/pt-br\\\/#organization\",\"name\":\"LatAm Journalism Review\",\"url\":\"https:\\\/\\\/latamjournalismreview.org\\\/pt-br\\\/\",\"logo\":{\"@type\":\"ImageObject\",\"inLanguage\":\"pt-BR\",\"@id\":\"https:\\\/\\\/latamjournalismreview.org\\\/pt-br\\\/#\\\/schema\\\/logo\\\/image\\\/\",\"url\":\"https:\\\/\\\/latamjournalismreview.org\\\/wp-content\\\/uploads\\\/2020\\\/05\\\/knight-latAm-review-logo.svg\",\"contentUrl\":\"https:\\\/\\\/latamjournalismreview.org\\\/wp-content\\\/uploads\\\/2020\\\/05\\\/knight-latAm-review-logo.svg\",\"width\":\"1024\",\"height\":\"1024\",\"caption\":\"LatAm Journalism Review\"},\"image\":{\"@id\":\"https:\\\/\\\/latamjournalismreview.org\\\/pt-br\\\/#\\\/schema\\\/logo\\\/image\\\/\"},\"sameAs\":[\"https:\\\/\\\/x.com\\\/LatAmJournalism\"]},{\"@type\":\"Person\",\"@id\":\"https:\\\/\\\/latamjournalismreview.org\\\/pt-br\\\/#\\\/schema\\\/person\\\/eac7baa6afada0957e047be9fc15703a\",\"name\":\"Silvia Higuera\",\"description\":\"Silvia A. Higuera Fl\u00f3rez is a Colombian journalist interested in covering Latin American issues and human rights, especially the right to freedom of expression, and investigative journalism. She studied Social Communication and Journalism at Universidad Pontificia Bolivariana in Bucaramanga (Colombia), and received her Master's of Arts in Journalism from the University of Texas at Austin in 2015. She worked with the Office of the Special Rapporteur for Freedom of Expression of the Inter-American Commission on Human Rights (IACHR) under the Orlando Sierra fellowship during 2014. She also worked for the Colombian newspaper Vanguardia Liberal and wrote for different magazines about local, economic and public order issues. Her work has also appeared in The Miami Herald and El Nuevo Herald of Miami. Email: silvia.knightcenter@gmail.com Silvia A. Higuera Fl\u00f3rez es una periodista colombiana con inter\u00e9s period\u00edstico es Am\u00e9rica Latina y los derechos humanos, particularmente el derecho a la libertad de expresi\u00f3n, as\u00ed como el periodismo de investigaci\u00f3n. Estudi\u00f3 Comunicaci\u00f3n Social \u2013 Periodismo en la Universidad Pontificia Bolivariana de Bucaramanga (Colombia), y recibi\u00f3 su maestr\u00eda en Periodismo en la Universidad de Texas, en Austin en 2015. Trabaj\u00f3 para la Relator\u00eda Especial para la Libertad de Expresi\u00f3n de la Comisi\u00f3n Interamericana de Derechos Humanos (CIDH) en el marco de la beca Orlando Sierra, durante 2014. Tambi\u00e9n hizo parte del diario Vanguardia Liberal y escribi\u00f3 para otras revistas colombianas cubriendo fuentes locales, econ\u00f3micas y judiciales. Algunos de sus trabajos han aparecido en The Miami Herald y El Nuevo Herald de Miami. Silvia A. Higuera Fl\u00f3rez \u00e9 uma jornalista colombiana e seu interesse jornal\u00edstico \u00e9 a Am\u00e9rica Latina e os direitos humanos, nomeadamente o direito \u00e0 liberdade de express\u00e3o. Estudou Comunica\u00e7\u00e3o Social \u2013 Jornalismo na Universidade Pontif\u00edcia Bolivariana de Bucaramanga, na Col\u00f4mbia e completou seu mestrado em jornalismo na Universidade do Texas em Austin. Silvia trabalhou na Relatoria para a Liberdade de Express\u00e3o da CIDH pela bolsa Orlando Sierra, em 2014. Trabalhou para o jornal Vanguardia Liberal e escreveu para outras revistas colombianas cobrindo temas locais, econ\u00f4micas e judici\u00e1rias. Alguns de seus trabalhos apareceram no The Miami Herald e no El Nuevo Herald de Miami.\",\"sameAs\":[\"https:\\\/\\\/x.com\\\/shiguerita\"],\"url\":\"https:\\\/\\\/latamjournalismreview.org\\\/pt-br\\\/articles\\\/author\\\/silvia-higuera\\\/\"}]}<\/script>\n<!-- \/ Yoast SEO Premium plugin. -->","yoast_head_json":{"title":"Homem envolvido em tortura da jornalista mexicana Lydia Cacho \u00e9 condenado a cinco anos de pris\u00e3o - LatAm Journalism Review by the Knight Center","description":"Homem envolvido em tortura da jornalista mexicana Lydia Cacho \u00e9 condenado a cinco anos de pris\u00e3o . Latin American Journalism Review by The Knight Center at The University of Texas at Austin.","robots":{"index":"index","follow":"follow","max-snippet":"max-snippet:-1","max-image-preview":"max-image-preview:large","max-video-preview":"max-video-preview:-1"},"canonical":"https:\/\/latamjournalismreview.org\/pt-br\/articles\/homem-envolvido-em-tortura-da-jornalista-mexicana-lydia-cacho-e-condenado-a-cinco-anos-de-prisao\/","og_locale":"pt_BR","og_type":"article","og_title":"Homem envolvido em tortura da jornalista mexicana Lydia Cacho \u00e9 condenado a cinco anos de pris\u00e3o","og_description":"Homem envolvido em tortura da jornalista mexicana Lydia Cacho \u00e9 condenado a cinco anos de pris\u00e3o . Latin American Journalism Review by The Knight Center at The University of Texas at Austin.","og_url":"https:\/\/latamjournalismreview.org\/pt-br\/articles\/homem-envolvido-em-tortura-da-jornalista-mexicana-lydia-cacho-e-condenado-a-cinco-anos-de-prisao\/","og_site_name":"LatAm Journalism Review by the Knight Center","article_published_time":"2020-01-18T03:14:40+00:00","article_modified_time":"2020-06-04T16:04:10+00:00","og_image":[{"width":507,"height":338,"url":"https:\/\/latamjournalismreview.org\/wp-content\/uploads\/2020\/05\/Lydia-Cacho-By-Eneas-De-Troya-CC-BY-2.0-e1590531400313.jpg","type":"image\/jpeg"}],"author":"Silvia Higuera","twitter_card":"summary_large_image","twitter_creator":"@shiguerita","twitter_site":"@LatAmJournalism","twitter_misc":{"Written by":"Silvia Higuera","Est. reading time":"3 minutos"},"schema":{"@context":"https:\/\/schema.org","@graph":[{"@type":"Article","@id":"https:\/\/latamjournalismreview.org\/pt-br\/articles\/homem-envolvido-em-tortura-da-jornalista-mexicana-lydia-cacho-e-condenado-a-cinco-anos-de-prisao\/#article","isPartOf":{"@id":"https:\/\/latamjournalismreview.org\/pt-br\/articles\/homem-envolvido-em-tortura-da-jornalista-mexicana-lydia-cacho-e-condenado-a-cinco-anos-de-prisao\/"},"author":{"name":"Silvia Higuera","@id":"https:\/\/latamjournalismreview.org\/pt-br\/#\/schema\/person\/eac7baa6afada0957e047be9fc15703a"},"headline":"Homem envolvido em tortura da jornalista mexicana Lydia Cacho \u00e9 condenado a cinco anos de pris\u00e3o","datePublished":"2020-01-18T03:14:40+00:00","dateModified":"2020-06-04T16:04:10+00:00","mainEntityOfPage":{"@id":"https:\/\/latamjournalismreview.org\/pt-br\/articles\/homem-envolvido-em-tortura-da-jornalista-mexicana-lydia-cacho-e-condenado-a-cinco-anos-de-prisao\/"},"wordCount":593,"publisher":{"@id":"https:\/\/latamjournalismreview.org\/pt-br\/#organization"},"image":{"@id":"https:\/\/latamjournalismreview.org\/pt-br\/articles\/homem-envolvido-em-tortura-da-jornalista-mexicana-lydia-cacho-e-condenado-a-cinco-anos-de-prisao\/#primaryimage"},"thumbnailUrl":"https:\/\/latamjournalismreview.org\/wp-content\/uploads\/2020\/05\/Lydia-Cacho-By-Eneas-De-Troya-CC-BY-2.0-e1590531400313.jpg","keywords":["Ataques contra jornalistas","Casos judiciais","M\u00e9xico"],"articleSection":["Viol\u00eancia contra jornalistas"],"inLanguage":"pt-BR"},{"@type":"WebPage","@id":"https:\/\/latamjournalismreview.org\/pt-br\/articles\/homem-envolvido-em-tortura-da-jornalista-mexicana-lydia-cacho-e-condenado-a-cinco-anos-de-prisao\/","url":"https:\/\/latamjournalismreview.org\/pt-br\/articles\/homem-envolvido-em-tortura-da-jornalista-mexicana-lydia-cacho-e-condenado-a-cinco-anos-de-prisao\/","name":"Homem envolvido em tortura da jornalista mexicana Lydia Cacho \u00e9 condenado a cinco anos de pris\u00e3o - LatAm Journalism Review by the Knight Center","isPartOf":{"@id":"https:\/\/latamjournalismreview.org\/pt-br\/#website"},"primaryImageOfPage":{"@id":"https:\/\/latamjournalismreview.org\/pt-br\/articles\/homem-envolvido-em-tortura-da-jornalista-mexicana-lydia-cacho-e-condenado-a-cinco-anos-de-prisao\/#primaryimage"},"image":{"@id":"https:\/\/latamjournalismreview.org\/pt-br\/articles\/homem-envolvido-em-tortura-da-jornalista-mexicana-lydia-cacho-e-condenado-a-cinco-anos-de-prisao\/#primaryimage"},"thumbnailUrl":"https:\/\/latamjournalismreview.org\/wp-content\/uploads\/2020\/05\/Lydia-Cacho-By-Eneas-De-Troya-CC-BY-2.0-e1590531400313.jpg","datePublished":"2020-01-18T03:14:40+00:00","dateModified":"2020-06-04T16:04:10+00:00","description":"Homem envolvido em tortura da jornalista mexicana Lydia Cacho \u00e9 condenado a cinco anos de pris\u00e3o . Latin American Journalism Review by The Knight Center at The University of Texas at Austin.","breadcrumb":{"@id":"https:\/\/latamjournalismreview.org\/pt-br\/articles\/homem-envolvido-em-tortura-da-jornalista-mexicana-lydia-cacho-e-condenado-a-cinco-anos-de-prisao\/#breadcrumb"},"inLanguage":"pt-BR","potentialAction":[{"@type":"ReadAction","target":["https:\/\/latamjournalismreview.org\/pt-br\/articles\/homem-envolvido-em-tortura-da-jornalista-mexicana-lydia-cacho-e-condenado-a-cinco-anos-de-prisao\/"]}]},{"@type":"ImageObject","inLanguage":"pt-BR","@id":"https:\/\/latamjournalismreview.org\/pt-br\/articles\/homem-envolvido-em-tortura-da-jornalista-mexicana-lydia-cacho-e-condenado-a-cinco-anos-de-prisao\/#primaryimage","url":"https:\/\/latamjournalismreview.org\/wp-content\/uploads\/2020\/05\/Lydia-Cacho-By-Eneas-De-Troya-CC-BY-2.0-e1590531400313.jpg","contentUrl":"https:\/\/latamjournalismreview.org\/wp-content\/uploads\/2020\/05\/Lydia-Cacho-By-Eneas-De-Troya-CC-BY-2.0-e1590531400313.jpg","width":507,"height":338,"caption":"Lydia Cacho (By Eneas De Troya, CC BY 2.0)"},{"@type":"BreadcrumbList","@id":"https:\/\/latamjournalismreview.org\/pt-br\/articles\/homem-envolvido-em-tortura-da-jornalista-mexicana-lydia-cacho-e-condenado-a-cinco-anos-de-prisao\/#breadcrumb","itemListElement":[{"@type":"ListItem","position":1,"name":"Home","item":"https:\/\/latamjournalismreview.org\/pt-br\/"},{"@type":"ListItem","position":2,"name":"Homem envolvido em tortura da jornalista mexicana Lydia Cacho \u00e9 condenado a cinco anos de pris\u00e3o"}]},{"@type":"WebSite","@id":"https:\/\/latamjournalismreview.org\/pt-br\/#website","url":"https:\/\/latamjournalismreview.org\/pt-br\/","name":"LatAm Journalism Review","description":"Digital magazine on journalism in Latin America","publisher":{"@id":"https:\/\/latamjournalismreview.org\/pt-br\/#organization"},"potentialAction":[{"@type":"SearchAction","target":{"@type":"EntryPoint","urlTemplate":"https:\/\/latamjournalismreview.org\/pt-br\/?s={search_term_string}"},"query-input":{"@type":"PropertyValueSpecification","valueRequired":true,"valueName":"search_term_string"}}],"inLanguage":"pt-BR"},{"@type":"Organization","@id":"https:\/\/latamjournalismreview.org\/pt-br\/#organization","name":"LatAm Journalism Review","url":"https:\/\/latamjournalismreview.org\/pt-br\/","logo":{"@type":"ImageObject","inLanguage":"pt-BR","@id":"https:\/\/latamjournalismreview.org\/pt-br\/#\/schema\/logo\/image\/","url":"https:\/\/latamjournalismreview.org\/wp-content\/uploads\/2020\/05\/knight-latAm-review-logo.svg","contentUrl":"https:\/\/latamjournalismreview.org\/wp-content\/uploads\/2020\/05\/knight-latAm-review-logo.svg","width":"1024","height":"1024","caption":"LatAm Journalism Review"},"image":{"@id":"https:\/\/latamjournalismreview.org\/pt-br\/#\/schema\/logo\/image\/"},"sameAs":["https:\/\/x.com\/LatAmJournalism"]},{"@type":"Person","@id":"https:\/\/latamjournalismreview.org\/pt-br\/#\/schema\/person\/eac7baa6afada0957e047be9fc15703a","name":"Silvia Higuera","description":"Silvia A. Higuera Fl\u00f3rez is a Colombian journalist interested in covering Latin American issues and human rights, especially the right to freedom of expression, and investigative journalism. She studied Social Communication and Journalism at Universidad Pontificia Bolivariana in Bucaramanga (Colombia), and received her Master's of Arts in Journalism from the University of Texas at Austin in 2015. She worked with the Office of the Special Rapporteur for Freedom of Expression of the Inter-American Commission on Human Rights (IACHR) under the Orlando Sierra fellowship during 2014. She also worked for the Colombian newspaper Vanguardia Liberal and wrote for different magazines about local, economic and public order issues. Her work has also appeared in The Miami Herald and El Nuevo Herald of Miami. Email: silvia.knightcenter@gmail.com Silvia A. Higuera Fl\u00f3rez es una periodista colombiana con inter\u00e9s period\u00edstico es Am\u00e9rica Latina y los derechos humanos, particularmente el derecho a la libertad de expresi\u00f3n, as\u00ed como el periodismo de investigaci\u00f3n. Estudi\u00f3 Comunicaci\u00f3n Social \u2013 Periodismo en la Universidad Pontificia Bolivariana de Bucaramanga (Colombia), y recibi\u00f3 su maestr\u00eda en Periodismo en la Universidad de Texas, en Austin en 2015. Trabaj\u00f3 para la Relator\u00eda Especial para la Libertad de Expresi\u00f3n de la Comisi\u00f3n Interamericana de Derechos Humanos (CIDH) en el marco de la beca Orlando Sierra, durante 2014. Tambi\u00e9n hizo parte del diario Vanguardia Liberal y escribi\u00f3 para otras revistas colombianas cubriendo fuentes locales, econ\u00f3micas y judiciales. Algunos de sus trabajos han aparecido en The Miami Herald y El Nuevo Herald de Miami. Silvia A. Higuera Fl\u00f3rez \u00e9 uma jornalista colombiana e seu interesse jornal\u00edstico \u00e9 a Am\u00e9rica Latina e os direitos humanos, nomeadamente o direito \u00e0 liberdade de express\u00e3o. Estudou Comunica\u00e7\u00e3o Social \u2013 Jornalismo na Universidade Pontif\u00edcia Bolivariana de Bucaramanga, na Col\u00f4mbia e completou seu mestrado em jornalismo na Universidade do Texas em Austin. Silvia trabalhou na Relatoria para a Liberdade de Express\u00e3o da CIDH pela bolsa Orlando Sierra, em 2014. Trabalhou para o jornal Vanguardia Liberal e escreveu para outras revistas colombianas cobrindo temas locais, econ\u00f4micas e judici\u00e1rias. Alguns de seus trabalhos apareceram no The Miami Herald e no El Nuevo Herald de Miami.","sameAs":["https:\/\/x.com\/shiguerita"],"url":"https:\/\/latamjournalismreview.org\/pt-br\/articles\/author\/silvia-higuera\/"}]}},"_links":{"self":[{"href":"https:\/\/latamjournalismreview.org\/pt-br\/wp-json\/wp\/v2\/posts\/2997","targetHints":{"allow":["GET"]}}],"collection":[{"href":"https:\/\/latamjournalismreview.org\/pt-br\/wp-json\/wp\/v2\/posts"}],"about":[{"href":"https:\/\/latamjournalismreview.org\/pt-br\/wp-json\/wp\/v2\/types\/post"}],"author":[{"embeddable":true,"href":"https:\/\/latamjournalismreview.org\/pt-br\/wp-json\/wp\/v2\/users\/13"}],"replies":[{"embeddable":true,"href":"https:\/\/latamjournalismreview.org\/pt-br\/wp-json\/wp\/v2\/comments?post=2997"}],"version-history":[{"count":1,"href":"https:\/\/latamjournalismreview.org\/pt-br\/wp-json\/wp\/v2\/posts\/2997\/revisions"}],"predecessor-version":[{"id":2998,"href":"https:\/\/latamjournalismreview.org\/pt-br\/wp-json\/wp\/v2\/posts\/2997\/revisions\/2998"}],"wp:featuredmedia":[{"embeddable":true,"href":"https:\/\/latamjournalismreview.org\/pt-br\/wp-json\/wp\/v2\/media\/2780"}],"wp:attachment":[{"href":"https:\/\/latamjournalismreview.org\/pt-br\/wp-json\/wp\/v2\/media?parent=2997"}],"wp:term":[{"taxonomy":"category","embeddable":true,"href":"https:\/\/latamjournalismreview.org\/pt-br\/wp-json\/wp\/v2\/categories?post=2997"},{"taxonomy":"post_tag","embeddable":true,"href":"https:\/\/latamjournalismreview.org\/pt-br\/wp-json\/wp\/v2\/tags?post=2997"},{"taxonomy":"author","embeddable":true,"href":"https:\/\/latamjournalismreview.org\/pt-br\/wp-json\/wp\/v2\/coauthors?post=2997"}],"curies":[{"name":"wp","href":"https:\/\/api.w.org\/{rel}","templated":true}]}}