{"id":30605,"date":"2012-06-14T14:26:40","date_gmt":"2012-06-14T19:26:40","guid":{"rendered":"https:\/\/latamjournalismreview.org\/?p=30605"},"modified":"2021-09-08T14:28:07","modified_gmt":"2021-09-08T19:28:07","slug":"mais-um-jornalista-e-assassinado-em-veracruz-mexico-subindo-para-9-o-numero-de-profissionais-mortos-em-um-ano-so-neste-estado","status":"publish","type":"post","link":"https:\/\/latamjournalismreview.org\/pt-br\/articles\/mais-um-jornalista-e-assassinado-em-veracruz-mexico-subindo-para-9-o-numero-de-profissionais-mortos-em-um-ano-so-neste-estado\/","title":{"rendered":"Mais um jornalista \u00e9 assassinado em Veracruz, M\u00e9xico, subindo para 9 o n\u00famero de profissionais mortos em um ano s\u00f3 neste estado"},"content":{"rendered":"<p>Por Liliana Honorato<\/p>\n<p><a href=\"http:\/\/www.eluniversal.com.mx\/notas\/853425.html\" target=\"_blank\" rel=\"noopener\">Outro jornalista foi assassinado em Veracruz, M\u00e9xico<\/a>; seu\u00a0<a href=\"http:\/\/www.proceso.com.mx\/?p=310878\" target=\"_blank\" rel=\"noopener\">corpo foi encontrado dentro de bolsas<\/a>\u00a0na madrugada desta quinta, 14 de junho, na cidade de\u00a0<a href=\"http:\/\/es.wikipedia.org\/wiki\/Xalapa\" target=\"_blank\" rel=\"noopener\">Xalapa<\/a>, depois de uma busca que come\u00e7ou na noite anterior, quando o jornalista havia sido sequestrado ao sair de seu escrit\u00f3rio, informaram o jornal El Universal e o seman\u00e1rio Proceso. Suspeita-se que\u00a0<a href=\"http:\/\/eleconomista.com.mx\/seguridad-publica\/2012\/06\/14\/asesinan-victor-baez-reportero-veracruz\" target=\"_blank\" rel=\"noopener\">o jornalista tenha sido v\u00edtima do crime organizado<\/a>, informou o jornal El Economista.<\/p>\n<p>Com o assassinato do jornalista V\u00edctor B\u00e1ez Chino, fundador do portal de not\u00edcias\u00a0<a href=\"http:\/\/ww2.reporterospoliciacos.com\/\" target=\"_blank\" rel=\"noopener\">Reporterospoliciacos.com<\/a>\u00a0e rep\u00f3rter policial h\u00e1 mais de 25 anos,\u00a0<a href=\"https:\/\/knightcenter.utexas.edu\/pt-br\/blog\/00-10022-jornalistas-mexicanos-sao-proibidos-de-ir-funerais-de-colegas-mortos-como-medida-de-pr\" target=\"_blank\" rel=\"noopener\">chegam a nove os assassinatos de jornalistas desde junho de 2011<\/a>\u00a0em Veracruz, considerado pela Rep\u00f3rteres Sem Fronteiras como\u00a0<a href=\"http:\/\/es.rsf.org\/balanceanual2011-22-12-2011,41583.html\" target=\"_blank\" rel=\"noopener\">um dos 10 lugares mais perigosos para exercer o jornalismo no mundo<\/a>.<\/p>\n<p>Segundo informou a ag\u00eancia de not\u00edcias EFE, h\u00e1 poucos dias, o jornalista havia dito \u00e0 coordenadora de Comunica\u00e7\u00e3o Social de Veracruz, Gina Dom\u00ednguez, que n\u00e3o podia nem deveria viver com medo.\u00a0<a href=\"http:\/\/excelsior.com.mx\/index.php?m=nota&amp;seccion=seccion-nacional&amp;cat=1&amp;id_nota=841232\" target=\"_blank\" rel=\"noopener\">\"N\u00e3o deixemos que nos imponham o medo como forma de vida\"<\/a>, afirmou Ba\u00e9z. Em uma coletiva de imprensa, Dom\u00ednguez disse que o assassinato do jornalista \"<a href=\"http:\/\/america.infobae.com\/notas\/52409-Asesinaron-a-otro-periodista-en-Mexico\" target=\"_blank\" rel=\"noopener\">ofende a profiss\u00e3o jornal\u00edstica e pretende intimidar a sociedade<\/a>\u00a0e retrair um governo em sua determina\u00e7\u00e3o por combater a delinqu\u00eancia\u201d, informou o site InfoBAE.com.<\/p>\n<p><a href=\"https:\/\/knightcenter.utexas.edu\/pt-br\/blog\/mexico-declarado-o-pais-mais-perigoso-do-mundo-para-os-jornalistas-inicia-2012-com-o-assassinat\" target=\"_blank\" rel=\"noopener\">M\u00e9xico \u00e9 um dos pa\u00edses mais perigosos para a imprensa nas Am\u00e9ricas<\/a>. Apenas no in\u00edcio de junho, o di\u00e1rio digital El Arsenal informou que,\u00a0<a href=\"https:\/\/knightcenter.utexas.edu\/pt-br\/blog\/00-10351-circula-nova-lista-com-ameacas-contra-jornalistas-em-veracruz-mexico\" target=\"_blank\" rel=\"noopener\">em Veracruz, circula uma nova lista com nomes de mais jornalistas que podem ser executados<\/a>\u00a0nos pr\u00f3ximos dias. Enquanto isso,\u00a0<a href=\"https:\/\/knightcenter.utexas.edu\/pt-br\/blog\/00-10429-reporter-policial-e-o-filho-dela-desaparecem-no-mexico\" target=\"_blank\" rel=\"noopener\">Stephania Cardoso, a jornalista que desapareceu junto a seu filho<\/a>\u00a0no \u00faltimo dia 8 de junho na cidade de\u00a0<a href=\"http:\/\/es.wikipedia.org\/wiki\/Saltillo\" target=\"_blank\" rel=\"noopener\">Saltillo<\/a>, ao norte do pa\u00eds, segue desaparecida. Em um esfor\u00e7o para resolver os graves riscos que enfrentam os jornalistas mexicanos, recentemente, o legislativo mexicano aprovou uma\u00a0<a href=\"https:\/\/knightcenter.utexas.edu\/pt-br\/blog\/00-10443-no-mexico-reforma-constitucional-transfere-apuracao-de-crimes-contra-jornalistas-para-\" target=\"_blank\" rel=\"noopener\">reforma constitucional que permitir\u00e1 que as autoridades federais investiguem os delitos contra jornalistas<\/a>.<\/p>\n<p>Para mais informa\u00e7\u00e3o, consulte este\u00a0<a href=\"http:\/\/knightcenter.utexas.edu\/pt-br\/blog\/mapa-do-centro-knight-registra-ameacas-ao-jornalismo-no-mexico\" target=\"_blank\" rel=\"noopener\">mapa sobre os ataques contra a imprensa no M\u00e9xico<\/a>, elaborado pelo\u00a0<b>Centro Knight para el Periodismo en las Am\u00e9ricas<\/b>.<\/p>\n<p><em>Nota do editor: Essa hist\u00f3ria foi publicada originalmente no blog de jornalismo nas Am\u00e9ricas do Centro Knight, o predecessor do LatAm Journalism Review.<\/em><\/p>\n","protected":false},"excerpt":{"rendered":"<p>Outro jornalista foi assassinado em Veracruz, M\u00e9xico; seu\u00a0corpo foi encontrado dentro de bolsas\u00a0na madrugada desta quinta, 14 de junho, na cidade de\u00a0Xalapa, depois de uma busca que come\u00e7ou na noite anterior, quando o jornalista havia sido sequestrado ao sair de seu escrit\u00f3rio, informaram o jornal El Universal e o seman\u00e1rio Proceso. Suspeita-se que\u00a0o jornalista tenha sido v\u00edtima do crime organizado, informou o jornal El Economista.<\/p>\n","protected":false},"author":17,"featured_media":0,"comment_status":"closed","ping_status":"closed","sticky":false,"template":"","format":"standard","meta":{"inline_featured_image":false,"footnotes":""},"categories":[1221],"tags":[1552,1581,1394,1615],"coauthors":[],"class_list":["post-30605","post","type-post","status-publish","format-standard","hentry","category-violencia-contra-jornalistas-pt-br","tag-assassinatos-de-jornalistas-pt-br","tag-impunidade-pt-br","tag-mexico-pt-br","tag-violencia-contra-jornalistas-pt-br"],"acf":[],"yoast_head":"<!-- This site is optimized with the Yoast SEO Premium plugin v22.6 (Yoast SEO v27.4) - https:\/\/yoast.com\/product\/yoast-seo-premium-wordpress\/ -->\n<title>Mais um jornalista \u00e9 assassinado em Veracruz, M\u00e9xico, subindo para 9 o n\u00famero de profissionais mortos em um ano s\u00f3 neste estado - LatAm Journalism Review by the Knight Center<\/title>\n<meta name=\"description\" content=\"Mais um jornalista \u00e9 assassinado em Veracruz, M\u00e9xico, subindo para 9 o n\u00famero de profissionais mortos em um ano s\u00f3 neste estado Viol\u00eancia contra jornalistas. Latin American Journalism Review by The Knight Center at The University of Texas at Austin.\" \/>\n<meta name=\"robots\" content=\"index, follow, max-snippet:-1, max-image-preview:large, max-video-preview:-1\" \/>\n<link rel=\"canonical\" href=\"https:\/\/latamjournalismreview.org\/pt-br\/articles\/mais-um-jornalista-e-assassinado-em-veracruz-mexico-subindo-para-9-o-numero-de-profissionais-mortos-em-um-ano-so-neste-estado\/\" \/>\n<meta property=\"og:locale\" content=\"pt_BR\" \/>\n<meta property=\"og:type\" content=\"article\" \/>\n<meta property=\"og:title\" content=\"Mais um jornalista \u00e9 assassinado em Veracruz, M\u00e9xico, subindo para 9 o n\u00famero de profissionais mortos em um ano s\u00f3 neste estado\" \/>\n<meta property=\"og:description\" content=\"Mais um jornalista \u00e9 assassinado em Veracruz, M\u00e9xico, subindo para 9 o n\u00famero de profissionais mortos em um ano s\u00f3 neste estado Viol\u00eancia contra jornalistas. Latin American Journalism Review by The Knight Center at The University of Texas at Austin.\" \/>\n<meta property=\"og:url\" content=\"https:\/\/latamjournalismreview.org\/pt-br\/articles\/mais-um-jornalista-e-assassinado-em-veracruz-mexico-subindo-para-9-o-numero-de-profissionais-mortos-em-um-ano-so-neste-estado\/\" \/>\n<meta property=\"og:site_name\" content=\"LatAm Journalism Review by the Knight Center\" \/>\n<meta property=\"article:published_time\" content=\"2012-06-14T19:26:40+00:00\" \/>\n<meta property=\"article:modified_time\" content=\"2021-09-08T19:28:07+00:00\" \/>\n<meta name=\"author\" content=\"Guest\" \/>\n<meta name=\"twitter:card\" content=\"summary_large_image\" \/>\n<meta name=\"twitter:creator\" content=\"@LatAmJournalism\" \/>\n<meta name=\"twitter:site\" content=\"@LatAmJournalism\" \/>\n<meta name=\"twitter:label1\" content=\"Written by\" \/>\n\t<meta name=\"twitter:data1\" content=\"Guest\" \/>\n\t<meta name=\"twitter:label2\" content=\"Est. reading time\" \/>\n\t<meta name=\"twitter:data2\" content=\"2 minutos\" \/>\n<script type=\"application\/ld+json\" class=\"yoast-schema-graph\">{\"@context\":\"https:\\\/\\\/schema.org\",\"@graph\":[{\"@type\":\"Article\",\"@id\":\"https:\\\/\\\/latamjournalismreview.org\\\/pt-br\\\/articles\\\/mais-um-jornalista-e-assassinado-em-veracruz-mexico-subindo-para-9-o-numero-de-profissionais-mortos-em-um-ano-so-neste-estado\\\/#article\",\"isPartOf\":{\"@id\":\"https:\\\/\\\/latamjournalismreview.org\\\/pt-br\\\/articles\\\/mais-um-jornalista-e-assassinado-em-veracruz-mexico-subindo-para-9-o-numero-de-profissionais-mortos-em-um-ano-so-neste-estado\\\/\"},\"author\":{\"name\":\"Guest\",\"@id\":\"https:\\\/\\\/latamjournalismreview.org\\\/pt-br\\\/#\\\/schema\\\/person\\\/0315202e0b3c0963a2440f1c3012c360\"},\"headline\":\"Mais um jornalista \u00e9 assassinado em Veracruz, M\u00e9xico, subindo para 9 o n\u00famero de profissionais mortos em um ano s\u00f3 neste estado\",\"datePublished\":\"2012-06-14T19:26:40+00:00\",\"dateModified\":\"2021-09-08T19:28:07+00:00\",\"mainEntityOfPage\":{\"@id\":\"https:\\\/\\\/latamjournalismreview.org\\\/pt-br\\\/articles\\\/mais-um-jornalista-e-assassinado-em-veracruz-mexico-subindo-para-9-o-numero-de-profissionais-mortos-em-um-ano-so-neste-estado\\\/\"},\"wordCount\":406,\"publisher\":{\"@id\":\"https:\\\/\\\/latamjournalismreview.org\\\/pt-br\\\/#organization\"},\"keywords\":[\"Assassinatos de jornalistas\",\"Impunidade\",\"M\u00e9xico\",\"Viol\u00eancia contra jornalistas\"],\"articleSection\":[\"Viol\u00eancia contra jornalistas\"],\"inLanguage\":\"pt-BR\"},{\"@type\":\"WebPage\",\"@id\":\"https:\\\/\\\/latamjournalismreview.org\\\/pt-br\\\/articles\\\/mais-um-jornalista-e-assassinado-em-veracruz-mexico-subindo-para-9-o-numero-de-profissionais-mortos-em-um-ano-so-neste-estado\\\/\",\"url\":\"https:\\\/\\\/latamjournalismreview.org\\\/pt-br\\\/articles\\\/mais-um-jornalista-e-assassinado-em-veracruz-mexico-subindo-para-9-o-numero-de-profissionais-mortos-em-um-ano-so-neste-estado\\\/\",\"name\":\"Mais um jornalista \u00e9 assassinado em Veracruz, M\u00e9xico, subindo para 9 o n\u00famero de profissionais mortos em um ano s\u00f3 neste estado - LatAm Journalism Review by the Knight Center\",\"isPartOf\":{\"@id\":\"https:\\\/\\\/latamjournalismreview.org\\\/pt-br\\\/#website\"},\"datePublished\":\"2012-06-14T19:26:40+00:00\",\"dateModified\":\"2021-09-08T19:28:07+00:00\",\"description\":\"Mais um jornalista \u00e9 assassinado em Veracruz, M\u00e9xico, subindo para 9 o n\u00famero de profissionais mortos em um ano s\u00f3 neste estado Viol\u00eancia contra jornalistas. Latin American Journalism Review by The Knight Center at The University of Texas at Austin.\",\"breadcrumb\":{\"@id\":\"https:\\\/\\\/latamjournalismreview.org\\\/pt-br\\\/articles\\\/mais-um-jornalista-e-assassinado-em-veracruz-mexico-subindo-para-9-o-numero-de-profissionais-mortos-em-um-ano-so-neste-estado\\\/#breadcrumb\"},\"inLanguage\":\"pt-BR\",\"potentialAction\":[{\"@type\":\"ReadAction\",\"target\":[\"https:\\\/\\\/latamjournalismreview.org\\\/pt-br\\\/articles\\\/mais-um-jornalista-e-assassinado-em-veracruz-mexico-subindo-para-9-o-numero-de-profissionais-mortos-em-um-ano-so-neste-estado\\\/\"]}]},{\"@type\":\"BreadcrumbList\",\"@id\":\"https:\\\/\\\/latamjournalismreview.org\\\/pt-br\\\/articles\\\/mais-um-jornalista-e-assassinado-em-veracruz-mexico-subindo-para-9-o-numero-de-profissionais-mortos-em-um-ano-so-neste-estado\\\/#breadcrumb\",\"itemListElement\":[{\"@type\":\"ListItem\",\"position\":1,\"name\":\"Home\",\"item\":\"https:\\\/\\\/latamjournalismreview.org\\\/pt-br\\\/\"},{\"@type\":\"ListItem\",\"position\":2,\"name\":\"Mais um jornalista \u00e9 assassinado em Veracruz, M\u00e9xico, subindo para 9 o n\u00famero de profissionais mortos em um ano s\u00f3 neste estado\"}]},{\"@type\":\"WebSite\",\"@id\":\"https:\\\/\\\/latamjournalismreview.org\\\/pt-br\\\/#website\",\"url\":\"https:\\\/\\\/latamjournalismreview.org\\\/pt-br\\\/\",\"name\":\"LatAm Journalism Review\",\"description\":\"Digital magazine on journalism in Latin America\",\"publisher\":{\"@id\":\"https:\\\/\\\/latamjournalismreview.org\\\/pt-br\\\/#organization\"},\"potentialAction\":[{\"@type\":\"SearchAction\",\"target\":{\"@type\":\"EntryPoint\",\"urlTemplate\":\"https:\\\/\\\/latamjournalismreview.org\\\/pt-br\\\/?s={search_term_string}\"},\"query-input\":{\"@type\":\"PropertyValueSpecification\",\"valueRequired\":true,\"valueName\":\"search_term_string\"}}],\"inLanguage\":\"pt-BR\"},{\"@type\":\"Organization\",\"@id\":\"https:\\\/\\\/latamjournalismreview.org\\\/pt-br\\\/#organization\",\"name\":\"LatAm Journalism Review\",\"url\":\"https:\\\/\\\/latamjournalismreview.org\\\/pt-br\\\/\",\"logo\":{\"@type\":\"ImageObject\",\"inLanguage\":\"pt-BR\",\"@id\":\"https:\\\/\\\/latamjournalismreview.org\\\/pt-br\\\/#\\\/schema\\\/logo\\\/image\\\/\",\"url\":\"https:\\\/\\\/latamjournalismreview.org\\\/wp-content\\\/uploads\\\/2020\\\/05\\\/knight-latAm-review-logo.svg\",\"contentUrl\":\"https:\\\/\\\/latamjournalismreview.org\\\/wp-content\\\/uploads\\\/2020\\\/05\\\/knight-latAm-review-logo.svg\",\"width\":\"1024\",\"height\":\"1024\",\"caption\":\"LatAm Journalism Review\"},\"image\":{\"@id\":\"https:\\\/\\\/latamjournalismreview.org\\\/pt-br\\\/#\\\/schema\\\/logo\\\/image\\\/\"},\"sameAs\":[\"https:\\\/\\\/x.com\\\/LatAmJournalism\"]},{\"@type\":\"Person\",\"@id\":\"https:\\\/\\\/latamjournalismreview.org\\\/pt-br\\\/#\\\/schema\\\/person\\\/0315202e0b3c0963a2440f1c3012c360\",\"name\":\"Guest\",\"url\":\"https:\\\/\\\/latamjournalismreview.org\\\/pt-br\\\/articles\\\/author\\\/guest\\\/\"}]}<\/script>\n<!-- \/ Yoast SEO Premium plugin. -->","yoast_head_json":{"title":"Mais um jornalista \u00e9 assassinado em Veracruz, M\u00e9xico, subindo para 9 o n\u00famero de profissionais mortos em um ano s\u00f3 neste estado - LatAm Journalism Review by the Knight Center","description":"Mais um jornalista \u00e9 assassinado em Veracruz, M\u00e9xico, subindo para 9 o n\u00famero de profissionais mortos em um ano s\u00f3 neste estado Viol\u00eancia contra jornalistas. Latin American Journalism Review by The Knight Center at The University of Texas at Austin.","robots":{"index":"index","follow":"follow","max-snippet":"max-snippet:-1","max-image-preview":"max-image-preview:large","max-video-preview":"max-video-preview:-1"},"canonical":"https:\/\/latamjournalismreview.org\/pt-br\/articles\/mais-um-jornalista-e-assassinado-em-veracruz-mexico-subindo-para-9-o-numero-de-profissionais-mortos-em-um-ano-so-neste-estado\/","og_locale":"pt_BR","og_type":"article","og_title":"Mais um jornalista \u00e9 assassinado em Veracruz, M\u00e9xico, subindo para 9 o n\u00famero de profissionais mortos em um ano s\u00f3 neste estado","og_description":"Mais um jornalista \u00e9 assassinado em Veracruz, M\u00e9xico, subindo para 9 o n\u00famero de profissionais mortos em um ano s\u00f3 neste estado Viol\u00eancia contra jornalistas. Latin American Journalism Review by The Knight Center at The University of Texas at Austin.","og_url":"https:\/\/latamjournalismreview.org\/pt-br\/articles\/mais-um-jornalista-e-assassinado-em-veracruz-mexico-subindo-para-9-o-numero-de-profissionais-mortos-em-um-ano-so-neste-estado\/","og_site_name":"LatAm Journalism Review by the Knight Center","article_published_time":"2012-06-14T19:26:40+00:00","article_modified_time":"2021-09-08T19:28:07+00:00","author":"Guest","twitter_card":"summary_large_image","twitter_creator":"@LatAmJournalism","twitter_site":"@LatAmJournalism","twitter_misc":{"Written by":"Guest","Est. reading time":"2 minutos"},"schema":{"@context":"https:\/\/schema.org","@graph":[{"@type":"Article","@id":"https:\/\/latamjournalismreview.org\/pt-br\/articles\/mais-um-jornalista-e-assassinado-em-veracruz-mexico-subindo-para-9-o-numero-de-profissionais-mortos-em-um-ano-so-neste-estado\/#article","isPartOf":{"@id":"https:\/\/latamjournalismreview.org\/pt-br\/articles\/mais-um-jornalista-e-assassinado-em-veracruz-mexico-subindo-para-9-o-numero-de-profissionais-mortos-em-um-ano-so-neste-estado\/"},"author":{"name":"Guest","@id":"https:\/\/latamjournalismreview.org\/pt-br\/#\/schema\/person\/0315202e0b3c0963a2440f1c3012c360"},"headline":"Mais um jornalista \u00e9 assassinado em Veracruz, M\u00e9xico, subindo para 9 o n\u00famero de profissionais mortos em um ano s\u00f3 neste estado","datePublished":"2012-06-14T19:26:40+00:00","dateModified":"2021-09-08T19:28:07+00:00","mainEntityOfPage":{"@id":"https:\/\/latamjournalismreview.org\/pt-br\/articles\/mais-um-jornalista-e-assassinado-em-veracruz-mexico-subindo-para-9-o-numero-de-profissionais-mortos-em-um-ano-so-neste-estado\/"},"wordCount":406,"publisher":{"@id":"https:\/\/latamjournalismreview.org\/pt-br\/#organization"},"keywords":["Assassinatos de jornalistas","Impunidade","M\u00e9xico","Viol\u00eancia contra jornalistas"],"articleSection":["Viol\u00eancia contra jornalistas"],"inLanguage":"pt-BR"},{"@type":"WebPage","@id":"https:\/\/latamjournalismreview.org\/pt-br\/articles\/mais-um-jornalista-e-assassinado-em-veracruz-mexico-subindo-para-9-o-numero-de-profissionais-mortos-em-um-ano-so-neste-estado\/","url":"https:\/\/latamjournalismreview.org\/pt-br\/articles\/mais-um-jornalista-e-assassinado-em-veracruz-mexico-subindo-para-9-o-numero-de-profissionais-mortos-em-um-ano-so-neste-estado\/","name":"Mais um jornalista \u00e9 assassinado em Veracruz, M\u00e9xico, subindo para 9 o n\u00famero de profissionais mortos em um ano s\u00f3 neste estado - LatAm Journalism Review by the Knight Center","isPartOf":{"@id":"https:\/\/latamjournalismreview.org\/pt-br\/#website"},"datePublished":"2012-06-14T19:26:40+00:00","dateModified":"2021-09-08T19:28:07+00:00","description":"Mais um jornalista \u00e9 assassinado em Veracruz, M\u00e9xico, subindo para 9 o n\u00famero de profissionais mortos em um ano s\u00f3 neste estado Viol\u00eancia contra jornalistas. Latin American Journalism Review by The Knight Center at The University of Texas at Austin.","breadcrumb":{"@id":"https:\/\/latamjournalismreview.org\/pt-br\/articles\/mais-um-jornalista-e-assassinado-em-veracruz-mexico-subindo-para-9-o-numero-de-profissionais-mortos-em-um-ano-so-neste-estado\/#breadcrumb"},"inLanguage":"pt-BR","potentialAction":[{"@type":"ReadAction","target":["https:\/\/latamjournalismreview.org\/pt-br\/articles\/mais-um-jornalista-e-assassinado-em-veracruz-mexico-subindo-para-9-o-numero-de-profissionais-mortos-em-um-ano-so-neste-estado\/"]}]},{"@type":"BreadcrumbList","@id":"https:\/\/latamjournalismreview.org\/pt-br\/articles\/mais-um-jornalista-e-assassinado-em-veracruz-mexico-subindo-para-9-o-numero-de-profissionais-mortos-em-um-ano-so-neste-estado\/#breadcrumb","itemListElement":[{"@type":"ListItem","position":1,"name":"Home","item":"https:\/\/latamjournalismreview.org\/pt-br\/"},{"@type":"ListItem","position":2,"name":"Mais um jornalista \u00e9 assassinado em Veracruz, M\u00e9xico, subindo para 9 o n\u00famero de profissionais mortos em um ano s\u00f3 neste estado"}]},{"@type":"WebSite","@id":"https:\/\/latamjournalismreview.org\/pt-br\/#website","url":"https:\/\/latamjournalismreview.org\/pt-br\/","name":"LatAm Journalism Review","description":"Digital magazine on journalism in Latin America","publisher":{"@id":"https:\/\/latamjournalismreview.org\/pt-br\/#organization"},"potentialAction":[{"@type":"SearchAction","target":{"@type":"EntryPoint","urlTemplate":"https:\/\/latamjournalismreview.org\/pt-br\/?s={search_term_string}"},"query-input":{"@type":"PropertyValueSpecification","valueRequired":true,"valueName":"search_term_string"}}],"inLanguage":"pt-BR"},{"@type":"Organization","@id":"https:\/\/latamjournalismreview.org\/pt-br\/#organization","name":"LatAm Journalism Review","url":"https:\/\/latamjournalismreview.org\/pt-br\/","logo":{"@type":"ImageObject","inLanguage":"pt-BR","@id":"https:\/\/latamjournalismreview.org\/pt-br\/#\/schema\/logo\/image\/","url":"https:\/\/latamjournalismreview.org\/wp-content\/uploads\/2020\/05\/knight-latAm-review-logo.svg","contentUrl":"https:\/\/latamjournalismreview.org\/wp-content\/uploads\/2020\/05\/knight-latAm-review-logo.svg","width":"1024","height":"1024","caption":"LatAm Journalism Review"},"image":{"@id":"https:\/\/latamjournalismreview.org\/pt-br\/#\/schema\/logo\/image\/"},"sameAs":["https:\/\/x.com\/LatAmJournalism"]},{"@type":"Person","@id":"https:\/\/latamjournalismreview.org\/pt-br\/#\/schema\/person\/0315202e0b3c0963a2440f1c3012c360","name":"Guest","url":"https:\/\/latamjournalismreview.org\/pt-br\/articles\/author\/guest\/"}]}},"_links":{"self":[{"href":"https:\/\/latamjournalismreview.org\/pt-br\/wp-json\/wp\/v2\/posts\/30605","targetHints":{"allow":["GET"]}}],"collection":[{"href":"https:\/\/latamjournalismreview.org\/pt-br\/wp-json\/wp\/v2\/posts"}],"about":[{"href":"https:\/\/latamjournalismreview.org\/pt-br\/wp-json\/wp\/v2\/types\/post"}],"author":[{"embeddable":true,"href":"https:\/\/latamjournalismreview.org\/pt-br\/wp-json\/wp\/v2\/users\/17"}],"replies":[{"embeddable":true,"href":"https:\/\/latamjournalismreview.org\/pt-br\/wp-json\/wp\/v2\/comments?post=30605"}],"version-history":[{"count":1,"href":"https:\/\/latamjournalismreview.org\/pt-br\/wp-json\/wp\/v2\/posts\/30605\/revisions"}],"predecessor-version":[{"id":30607,"href":"https:\/\/latamjournalismreview.org\/pt-br\/wp-json\/wp\/v2\/posts\/30605\/revisions\/30607"}],"wp:attachment":[{"href":"https:\/\/latamjournalismreview.org\/pt-br\/wp-json\/wp\/v2\/media?parent=30605"}],"wp:term":[{"taxonomy":"category","embeddable":true,"href":"https:\/\/latamjournalismreview.org\/pt-br\/wp-json\/wp\/v2\/categories?post=30605"},{"taxonomy":"post_tag","embeddable":true,"href":"https:\/\/latamjournalismreview.org\/pt-br\/wp-json\/wp\/v2\/tags?post=30605"},{"taxonomy":"author","embeddable":true,"href":"https:\/\/latamjournalismreview.org\/pt-br\/wp-json\/wp\/v2\/coauthors?post=30605"}],"curies":[{"name":"wp","href":"https:\/\/api.w.org\/{rel}","templated":true}]}}