{"id":30773,"date":"2012-07-30T13:39:28","date_gmt":"2012-07-30T18:39:28","guid":{"rendered":"https:\/\/latamjournalismreview.org\/?p=30773"},"modified":"2021-09-08T17:44:41","modified_gmt":"2021-09-08T22:44:41","slug":"predio-de-jornal-mexicano-e-incendiado-no-terceiro-ataque-ao-mesmo-veiculo-em-apenas-um-mes","status":"publish","type":"post","link":"https:\/\/latamjournalismreview.org\/pt-br\/articles\/predio-de-jornal-mexicano-e-incendiado-no-terceiro-ataque-ao-mesmo-veiculo-em-apenas-um-mes\/","title":{"rendered":"Pr\u00e9dio de jornal mexicano \u00e9 incendiado no terceiro ataque ao mesmo ve\u00edculo em apenas um m\u00eas"},"content":{"rendered":"<p>Um grupo de <a href=\"http:\/\/www.elnorte.com\/seguridad\/articulo\/700\/1399686\/?Titulo=atacan-el-norteen-municipio-blindado\" target=\"_blank\" rel=\"noopener\">homens encapuzados ateou fogo a um dos pr\u00e9dios do jornal El Norte<\/a>, na cidade de <a href=\"http:\/\/pt.wikipedia.org\/wiki\/Monterrei\" target=\"_blank\" rel=\"noopener\">Monterrei<\/a>, ao norte do M\u00e9xico, no domingo, 29 de julho, informou o jornal.<\/p>\n<p>Esse foi o <a href=\"http:\/\/knightcenter.utexas.edu\/pt-br\/blog\/00-10732-em-menos-de-24-horas-tres-ataques-com-explosivos-jornais-sao-registrados-no-mexico\" target=\"_blank\" rel=\"noopener\">terceiro ataque contra esse jornal em um m\u00eas<\/a>: em 10 de julho, v\u00e2ndalos <a href=\"http:\/\/knightcenter.utexas.edu\/pt-br\/blog\/00-10715-jornal-mexicano-e-atacado-com-granada\" target=\"_blank\" rel=\"noopener\">atacaram com uma granada<\/a> tiros os escrit\u00f3rios dos suplementos La Silla e Linda Vista. Como nos ataques anteriores, n\u00e3o houve feridos, mas o primeiro piso do edif\u00edcio sofreu danos.<\/p>\n<p>Um v\u00eddeo de seguran\u00e7a revela que os <a href=\"http:\/\/www.proceso.com.mx\/?p=315542\" target=\"_blank\" rel=\"noopener\">indiv\u00edduos atacaram um guarda e logo espalharam combust\u00edvel<\/a> pelo local, segundo a revista Proceso. Ap\u00f3s o ataque, uma patrulha da pol\u00edcia do munic\u00edpio de San Pedro deixou fugir o autom\u00f3vel onde estavam os v\u00e2ndalos. Segundo a publica\u00e7\u00e3o, at\u00e9 o momento nenhum grupo criminoso reivindicou a autoria do ataque ou deixou pistas sobre o motivo do ato.<\/p>\n<p>O jornal garante que sofreu seis ataques parecidos desde 2010, sem esclarecimento de nenhum deles.<\/p>\n<p>A organiza\u00e7\u00e3o Artigo 19 exigiu <a href=\"http:\/\/www.articulo19.org\/portal\/index.php?option=com_content&amp;view=article&amp;id=331:mexico-nuevo-ataque-contra-instalaciones-de-el-norte-tres-atentados-y-ningun-detenido-en-19-dias&amp;catid=9:alertas&amp;Itemid=47\" target=\"_blank\" rel=\"noopener\">medidas de prote\u00e7\u00e3o aos jornalistas do jornal El Norte<\/a> e garante que a impunidade que prevalece no pa\u00eds aumentou a confian\u00e7a dos autores dos ataques a cometer esse tipo de crime contra a imprensa mexicana.<\/p>\n<p>O M\u00e9xico \u00e9 o pa\u00eds mais perigoso da Am\u00e9rica para jornalistas. Consulte este <a href=\"http:\/\/knightcenter.utexas.edu\/es\/blog\/mapa-del-centro-knight-da-cuenta-de-las-amenazas-al-periodismo-en-mexico\" target=\"_blank\" rel=\"noopener\">mapa sobre os ataques contra a imprensa no M\u00e9xico<\/a>, elaborado pelo <strong>Centro Knight para o Jornalismo nas Am\u00e9ricas<\/strong>.<\/p>\n<p><em>Nota do editor: Essa hist\u00f3ria foi publicada originalmente no blog Jornalismo nas Am\u00e9ricas do Centro Knight, o predecessor do LatAm Journalism Review.<\/em><\/p>\n","protected":false},"excerpt":{"rendered":"<p>Um grupo de homens encapuzados ateou fogo a um dos pr\u00e9dios do jornal El Norte, na cidade de Monterrei, ao norte do M\u00e9xico, no domingo, 29 de julho, informou o jornal.<\/p>\n","protected":false},"author":40,"featured_media":0,"comment_status":"closed","ping_status":"closed","sticky":false,"template":"","format":"standard","meta":{"inline_featured_image":false,"footnotes":""},"categories":[1221],"tags":[1613,1534,2051,1394,1615],"coauthors":[],"class_list":["post-30773","post","type-post","status-publish","format-standard","hentry","category-violencia-contra-jornalistas-pt-br","tag-ameacas-a-jornalistas-pt-br","tag-ataques-contra-jornalistas-pt-br","tag-liberdade-de-expressao-pt-br","tag-mexico-pt-br","tag-violencia-contra-jornalistas-pt-br"],"acf":[],"yoast_head":"<!-- This site is optimized with the Yoast SEO Premium plugin v22.6 (Yoast SEO v27.4) - https:\/\/yoast.com\/product\/yoast-seo-premium-wordpress\/ -->\n<title>Pr\u00e9dio de jornal mexicano \u00e9 incendiado no terceiro ataque ao mesmo ve\u00edculo em apenas um m\u00eas - LatAm Journalism Review by the Knight Center<\/title>\n<meta name=\"description\" content=\"Pr\u00e9dio de jornal mexicano \u00e9 incendiado no terceiro ataque ao mesmo ve\u00edculo em apenas um m\u00eas Viol\u00eancia contra jornalistas. Latin American Journalism Review by The Knight Center at The University of Texas at Austin.\" \/>\n<meta name=\"robots\" content=\"index, follow, max-snippet:-1, max-image-preview:large, max-video-preview:-1\" \/>\n<link rel=\"canonical\" href=\"https:\/\/latamjournalismreview.org\/pt-br\/articles\/predio-de-jornal-mexicano-e-incendiado-no-terceiro-ataque-ao-mesmo-veiculo-em-apenas-um-mes\/\" \/>\n<meta property=\"og:locale\" content=\"pt_BR\" \/>\n<meta property=\"og:type\" content=\"article\" \/>\n<meta property=\"og:title\" content=\"Pr\u00e9dio de jornal mexicano \u00e9 incendiado no terceiro ataque ao mesmo ve\u00edculo em apenas um m\u00eas\" \/>\n<meta property=\"og:description\" content=\"Pr\u00e9dio de jornal mexicano \u00e9 incendiado no terceiro ataque ao mesmo ve\u00edculo em apenas um m\u00eas Viol\u00eancia contra jornalistas. Latin American Journalism Review by The Knight Center at The University of Texas at Austin.\" \/>\n<meta property=\"og:url\" content=\"https:\/\/latamjournalismreview.org\/pt-br\/articles\/predio-de-jornal-mexicano-e-incendiado-no-terceiro-ataque-ao-mesmo-veiculo-em-apenas-um-mes\/\" \/>\n<meta property=\"og:site_name\" content=\"LatAm Journalism Review by the Knight Center\" \/>\n<meta property=\"article:published_time\" content=\"2012-07-30T18:39:28+00:00\" \/>\n<meta property=\"article:modified_time\" content=\"2021-09-08T22:44:41+00:00\" \/>\n<meta name=\"author\" content=\"Tania Lara\" \/>\n<meta name=\"twitter:card\" content=\"summary_large_image\" \/>\n<meta name=\"twitter:creator\" content=\"@LatAmJournalism\" \/>\n<meta name=\"twitter:site\" content=\"@LatAmJournalism\" \/>\n<meta name=\"twitter:label1\" content=\"Written by\" \/>\n\t<meta name=\"twitter:data1\" content=\"Tania Lara\" \/>\n\t<meta name=\"twitter:label2\" content=\"Est. reading time\" \/>\n\t<meta name=\"twitter:data2\" content=\"1 minuto\" \/>\n<script type=\"application\/ld+json\" class=\"yoast-schema-graph\">{\"@context\":\"https:\\\/\\\/schema.org\",\"@graph\":[{\"@type\":\"Article\",\"@id\":\"https:\\\/\\\/latamjournalismreview.org\\\/pt-br\\\/articles\\\/predio-de-jornal-mexicano-e-incendiado-no-terceiro-ataque-ao-mesmo-veiculo-em-apenas-um-mes\\\/#article\",\"isPartOf\":{\"@id\":\"https:\\\/\\\/latamjournalismreview.org\\\/pt-br\\\/articles\\\/predio-de-jornal-mexicano-e-incendiado-no-terceiro-ataque-ao-mesmo-veiculo-em-apenas-um-mes\\\/\"},\"author\":{\"name\":\"Tania Lara\",\"@id\":\"https:\\\/\\\/latamjournalismreview.org\\\/pt-br\\\/#\\\/schema\\\/person\\\/51558925140f21242c6ed2d20b8260c5\"},\"headline\":\"Pr\u00e9dio de jornal mexicano \u00e9 incendiado no terceiro ataque ao mesmo ve\u00edculo em apenas um m\u00eas\",\"datePublished\":\"2012-07-30T18:39:28+00:00\",\"dateModified\":\"2021-09-08T22:44:41+00:00\",\"mainEntityOfPage\":{\"@id\":\"https:\\\/\\\/latamjournalismreview.org\\\/pt-br\\\/articles\\\/predio-de-jornal-mexicano-e-incendiado-no-terceiro-ataque-ao-mesmo-veiculo-em-apenas-um-mes\\\/\"},\"wordCount\":288,\"publisher\":{\"@id\":\"https:\\\/\\\/latamjournalismreview.org\\\/pt-br\\\/#organization\"},\"keywords\":[\"Amea\u00e7as a jornalistas\",\"Ataques contra jornalistas\",\"Liberdade de express\u00e3o\",\"M\u00e9xico\",\"Viol\u00eancia contra jornalistas\"],\"articleSection\":[\"Viol\u00eancia contra jornalistas\"],\"inLanguage\":\"pt-BR\"},{\"@type\":\"WebPage\",\"@id\":\"https:\\\/\\\/latamjournalismreview.org\\\/pt-br\\\/articles\\\/predio-de-jornal-mexicano-e-incendiado-no-terceiro-ataque-ao-mesmo-veiculo-em-apenas-um-mes\\\/\",\"url\":\"https:\\\/\\\/latamjournalismreview.org\\\/pt-br\\\/articles\\\/predio-de-jornal-mexicano-e-incendiado-no-terceiro-ataque-ao-mesmo-veiculo-em-apenas-um-mes\\\/\",\"name\":\"Pr\u00e9dio de jornal mexicano \u00e9 incendiado no terceiro ataque ao mesmo ve\u00edculo em apenas um m\u00eas - LatAm Journalism Review by the Knight Center\",\"isPartOf\":{\"@id\":\"https:\\\/\\\/latamjournalismreview.org\\\/pt-br\\\/#website\"},\"datePublished\":\"2012-07-30T18:39:28+00:00\",\"dateModified\":\"2021-09-08T22:44:41+00:00\",\"description\":\"Pr\u00e9dio de jornal mexicano \u00e9 incendiado no terceiro ataque ao mesmo ve\u00edculo em apenas um m\u00eas Viol\u00eancia contra jornalistas. Latin American Journalism Review by The Knight Center at The University of Texas at Austin.\",\"breadcrumb\":{\"@id\":\"https:\\\/\\\/latamjournalismreview.org\\\/pt-br\\\/articles\\\/predio-de-jornal-mexicano-e-incendiado-no-terceiro-ataque-ao-mesmo-veiculo-em-apenas-um-mes\\\/#breadcrumb\"},\"inLanguage\":\"pt-BR\",\"potentialAction\":[{\"@type\":\"ReadAction\",\"target\":[\"https:\\\/\\\/latamjournalismreview.org\\\/pt-br\\\/articles\\\/predio-de-jornal-mexicano-e-incendiado-no-terceiro-ataque-ao-mesmo-veiculo-em-apenas-um-mes\\\/\"]}]},{\"@type\":\"BreadcrumbList\",\"@id\":\"https:\\\/\\\/latamjournalismreview.org\\\/pt-br\\\/articles\\\/predio-de-jornal-mexicano-e-incendiado-no-terceiro-ataque-ao-mesmo-veiculo-em-apenas-um-mes\\\/#breadcrumb\",\"itemListElement\":[{\"@type\":\"ListItem\",\"position\":1,\"name\":\"Home\",\"item\":\"https:\\\/\\\/latamjournalismreview.org\\\/pt-br\\\/\"},{\"@type\":\"ListItem\",\"position\":2,\"name\":\"Pr\u00e9dio de jornal mexicano \u00e9 incendiado no terceiro ataque ao mesmo ve\u00edculo em apenas um m\u00eas\"}]},{\"@type\":\"WebSite\",\"@id\":\"https:\\\/\\\/latamjournalismreview.org\\\/pt-br\\\/#website\",\"url\":\"https:\\\/\\\/latamjournalismreview.org\\\/pt-br\\\/\",\"name\":\"LatAm Journalism Review\",\"description\":\"Digital magazine on journalism in Latin America\",\"publisher\":{\"@id\":\"https:\\\/\\\/latamjournalismreview.org\\\/pt-br\\\/#organization\"},\"potentialAction\":[{\"@type\":\"SearchAction\",\"target\":{\"@type\":\"EntryPoint\",\"urlTemplate\":\"https:\\\/\\\/latamjournalismreview.org\\\/pt-br\\\/?s={search_term_string}\"},\"query-input\":{\"@type\":\"PropertyValueSpecification\",\"valueRequired\":true,\"valueName\":\"search_term_string\"}}],\"inLanguage\":\"pt-BR\"},{\"@type\":\"Organization\",\"@id\":\"https:\\\/\\\/latamjournalismreview.org\\\/pt-br\\\/#organization\",\"name\":\"LatAm Journalism Review\",\"url\":\"https:\\\/\\\/latamjournalismreview.org\\\/pt-br\\\/\",\"logo\":{\"@type\":\"ImageObject\",\"inLanguage\":\"pt-BR\",\"@id\":\"https:\\\/\\\/latamjournalismreview.org\\\/pt-br\\\/#\\\/schema\\\/logo\\\/image\\\/\",\"url\":\"https:\\\/\\\/latamjournalismreview.org\\\/wp-content\\\/uploads\\\/2020\\\/05\\\/knight-latAm-review-logo.svg\",\"contentUrl\":\"https:\\\/\\\/latamjournalismreview.org\\\/wp-content\\\/uploads\\\/2020\\\/05\\\/knight-latAm-review-logo.svg\",\"width\":\"1024\",\"height\":\"1024\",\"caption\":\"LatAm Journalism Review\"},\"image\":{\"@id\":\"https:\\\/\\\/latamjournalismreview.org\\\/pt-br\\\/#\\\/schema\\\/logo\\\/image\\\/\"},\"sameAs\":[\"https:\\\/\\\/x.com\\\/LatAmJournalism\"]},{\"@type\":\"Person\",\"@id\":\"https:\\\/\\\/latamjournalismreview.org\\\/pt-br\\\/#\\\/schema\\\/person\\\/51558925140f21242c6ed2d20b8260c5\",\"name\":\"Tania Lara\",\"url\":\"https:\\\/\\\/latamjournalismreview.org\\\/pt-br\\\/articles\\\/author\\\/tania-lara\\\/\"}]}<\/script>\n<!-- \/ Yoast SEO Premium plugin. -->","yoast_head_json":{"title":"Pr\u00e9dio de jornal mexicano \u00e9 incendiado no terceiro ataque ao mesmo ve\u00edculo em apenas um m\u00eas - LatAm Journalism Review by the Knight Center","description":"Pr\u00e9dio de jornal mexicano \u00e9 incendiado no terceiro ataque ao mesmo ve\u00edculo em apenas um m\u00eas Viol\u00eancia contra jornalistas. Latin American Journalism Review by The Knight Center at The University of Texas at Austin.","robots":{"index":"index","follow":"follow","max-snippet":"max-snippet:-1","max-image-preview":"max-image-preview:large","max-video-preview":"max-video-preview:-1"},"canonical":"https:\/\/latamjournalismreview.org\/pt-br\/articles\/predio-de-jornal-mexicano-e-incendiado-no-terceiro-ataque-ao-mesmo-veiculo-em-apenas-um-mes\/","og_locale":"pt_BR","og_type":"article","og_title":"Pr\u00e9dio de jornal mexicano \u00e9 incendiado no terceiro ataque ao mesmo ve\u00edculo em apenas um m\u00eas","og_description":"Pr\u00e9dio de jornal mexicano \u00e9 incendiado no terceiro ataque ao mesmo ve\u00edculo em apenas um m\u00eas Viol\u00eancia contra jornalistas. Latin American Journalism Review by The Knight Center at The University of Texas at Austin.","og_url":"https:\/\/latamjournalismreview.org\/pt-br\/articles\/predio-de-jornal-mexicano-e-incendiado-no-terceiro-ataque-ao-mesmo-veiculo-em-apenas-um-mes\/","og_site_name":"LatAm Journalism Review by the Knight Center","article_published_time":"2012-07-30T18:39:28+00:00","article_modified_time":"2021-09-08T22:44:41+00:00","author":"Tania Lara","twitter_card":"summary_large_image","twitter_creator":"@LatAmJournalism","twitter_site":"@LatAmJournalism","twitter_misc":{"Written by":"Tania Lara","Est. reading time":"1 minuto"},"schema":{"@context":"https:\/\/schema.org","@graph":[{"@type":"Article","@id":"https:\/\/latamjournalismreview.org\/pt-br\/articles\/predio-de-jornal-mexicano-e-incendiado-no-terceiro-ataque-ao-mesmo-veiculo-em-apenas-um-mes\/#article","isPartOf":{"@id":"https:\/\/latamjournalismreview.org\/pt-br\/articles\/predio-de-jornal-mexicano-e-incendiado-no-terceiro-ataque-ao-mesmo-veiculo-em-apenas-um-mes\/"},"author":{"name":"Tania Lara","@id":"https:\/\/latamjournalismreview.org\/pt-br\/#\/schema\/person\/51558925140f21242c6ed2d20b8260c5"},"headline":"Pr\u00e9dio de jornal mexicano \u00e9 incendiado no terceiro ataque ao mesmo ve\u00edculo em apenas um m\u00eas","datePublished":"2012-07-30T18:39:28+00:00","dateModified":"2021-09-08T22:44:41+00:00","mainEntityOfPage":{"@id":"https:\/\/latamjournalismreview.org\/pt-br\/articles\/predio-de-jornal-mexicano-e-incendiado-no-terceiro-ataque-ao-mesmo-veiculo-em-apenas-um-mes\/"},"wordCount":288,"publisher":{"@id":"https:\/\/latamjournalismreview.org\/pt-br\/#organization"},"keywords":["Amea\u00e7as a jornalistas","Ataques contra jornalistas","Liberdade de express\u00e3o","M\u00e9xico","Viol\u00eancia contra jornalistas"],"articleSection":["Viol\u00eancia contra jornalistas"],"inLanguage":"pt-BR"},{"@type":"WebPage","@id":"https:\/\/latamjournalismreview.org\/pt-br\/articles\/predio-de-jornal-mexicano-e-incendiado-no-terceiro-ataque-ao-mesmo-veiculo-em-apenas-um-mes\/","url":"https:\/\/latamjournalismreview.org\/pt-br\/articles\/predio-de-jornal-mexicano-e-incendiado-no-terceiro-ataque-ao-mesmo-veiculo-em-apenas-um-mes\/","name":"Pr\u00e9dio de jornal mexicano \u00e9 incendiado no terceiro ataque ao mesmo ve\u00edculo em apenas um m\u00eas - LatAm Journalism Review by the Knight Center","isPartOf":{"@id":"https:\/\/latamjournalismreview.org\/pt-br\/#website"},"datePublished":"2012-07-30T18:39:28+00:00","dateModified":"2021-09-08T22:44:41+00:00","description":"Pr\u00e9dio de jornal mexicano \u00e9 incendiado no terceiro ataque ao mesmo ve\u00edculo em apenas um m\u00eas Viol\u00eancia contra jornalistas. Latin American Journalism Review by The Knight Center at The University of Texas at Austin.","breadcrumb":{"@id":"https:\/\/latamjournalismreview.org\/pt-br\/articles\/predio-de-jornal-mexicano-e-incendiado-no-terceiro-ataque-ao-mesmo-veiculo-em-apenas-um-mes\/#breadcrumb"},"inLanguage":"pt-BR","potentialAction":[{"@type":"ReadAction","target":["https:\/\/latamjournalismreview.org\/pt-br\/articles\/predio-de-jornal-mexicano-e-incendiado-no-terceiro-ataque-ao-mesmo-veiculo-em-apenas-um-mes\/"]}]},{"@type":"BreadcrumbList","@id":"https:\/\/latamjournalismreview.org\/pt-br\/articles\/predio-de-jornal-mexicano-e-incendiado-no-terceiro-ataque-ao-mesmo-veiculo-em-apenas-um-mes\/#breadcrumb","itemListElement":[{"@type":"ListItem","position":1,"name":"Home","item":"https:\/\/latamjournalismreview.org\/pt-br\/"},{"@type":"ListItem","position":2,"name":"Pr\u00e9dio de jornal mexicano \u00e9 incendiado no terceiro ataque ao mesmo ve\u00edculo em apenas um m\u00eas"}]},{"@type":"WebSite","@id":"https:\/\/latamjournalismreview.org\/pt-br\/#website","url":"https:\/\/latamjournalismreview.org\/pt-br\/","name":"LatAm Journalism Review","description":"Digital magazine on journalism in Latin America","publisher":{"@id":"https:\/\/latamjournalismreview.org\/pt-br\/#organization"},"potentialAction":[{"@type":"SearchAction","target":{"@type":"EntryPoint","urlTemplate":"https:\/\/latamjournalismreview.org\/pt-br\/?s={search_term_string}"},"query-input":{"@type":"PropertyValueSpecification","valueRequired":true,"valueName":"search_term_string"}}],"inLanguage":"pt-BR"},{"@type":"Organization","@id":"https:\/\/latamjournalismreview.org\/pt-br\/#organization","name":"LatAm Journalism Review","url":"https:\/\/latamjournalismreview.org\/pt-br\/","logo":{"@type":"ImageObject","inLanguage":"pt-BR","@id":"https:\/\/latamjournalismreview.org\/pt-br\/#\/schema\/logo\/image\/","url":"https:\/\/latamjournalismreview.org\/wp-content\/uploads\/2020\/05\/knight-latAm-review-logo.svg","contentUrl":"https:\/\/latamjournalismreview.org\/wp-content\/uploads\/2020\/05\/knight-latAm-review-logo.svg","width":"1024","height":"1024","caption":"LatAm Journalism Review"},"image":{"@id":"https:\/\/latamjournalismreview.org\/pt-br\/#\/schema\/logo\/image\/"},"sameAs":["https:\/\/x.com\/LatAmJournalism"]},{"@type":"Person","@id":"https:\/\/latamjournalismreview.org\/pt-br\/#\/schema\/person\/51558925140f21242c6ed2d20b8260c5","name":"Tania Lara","url":"https:\/\/latamjournalismreview.org\/pt-br\/articles\/author\/tania-lara\/"}]}},"_links":{"self":[{"href":"https:\/\/latamjournalismreview.org\/pt-br\/wp-json\/wp\/v2\/posts\/30773","targetHints":{"allow":["GET"]}}],"collection":[{"href":"https:\/\/latamjournalismreview.org\/pt-br\/wp-json\/wp\/v2\/posts"}],"about":[{"href":"https:\/\/latamjournalismreview.org\/pt-br\/wp-json\/wp\/v2\/types\/post"}],"author":[{"embeddable":true,"href":"https:\/\/latamjournalismreview.org\/pt-br\/wp-json\/wp\/v2\/users\/40"}],"replies":[{"embeddable":true,"href":"https:\/\/latamjournalismreview.org\/pt-br\/wp-json\/wp\/v2\/comments?post=30773"}],"version-history":[{"count":1,"href":"https:\/\/latamjournalismreview.org\/pt-br\/wp-json\/wp\/v2\/posts\/30773\/revisions"}],"predecessor-version":[{"id":30775,"href":"https:\/\/latamjournalismreview.org\/pt-br\/wp-json\/wp\/v2\/posts\/30773\/revisions\/30775"}],"wp:attachment":[{"href":"https:\/\/latamjournalismreview.org\/pt-br\/wp-json\/wp\/v2\/media?parent=30773"}],"wp:term":[{"taxonomy":"category","embeddable":true,"href":"https:\/\/latamjournalismreview.org\/pt-br\/wp-json\/wp\/v2\/categories?post=30773"},{"taxonomy":"post_tag","embeddable":true,"href":"https:\/\/latamjournalismreview.org\/pt-br\/wp-json\/wp\/v2\/tags?post=30773"},{"taxonomy":"author","embeddable":true,"href":"https:\/\/latamjournalismreview.org\/pt-br\/wp-json\/wp\/v2\/coauthors?post=30773"}],"curies":[{"name":"wp","href":"https:\/\/api.w.org\/{rel}","templated":true}]}}