{"id":30906,"date":"2012-07-23T11:04:43","date_gmt":"2012-07-23T16:04:43","guid":{"rendered":"https:\/\/latamjournalismreview.org\/?p=30906"},"modified":"2021-09-08T20:19:02","modified_gmt":"2021-09-09T01:19:02","slug":"reporter-de-sao-paulo-recebe-ameacas-pelo-facebook-apos-publicar-denuncia-contra-ex-comandante-de-policia","status":"publish","type":"post","link":"https:\/\/latamjournalismreview.org\/pt-br\/articles\/reporter-de-sao-paulo-recebe-ameacas-pelo-facebook-apos-publicar-denuncia-contra-ex-comandante-de-policia\/","title":{"rendered":"Rep\u00f3rter de S\u00e3o Paulo recebe amea\u00e7as pelo Facebook ap\u00f3s publicar den\u00fancia contra ex-comandante de pol\u00edcia"},"content":{"rendered":"<p><em>Por Isabela Fraga<\/em><\/p>\n<p>O rep\u00f3rter Andr\u00e9 Caramante, do jornal Folha de S\u00e3o Paulo, contou ter <a href=\"http:\/\/www.brasildefato.com.br\/node\/10144\" target=\"_blank\" rel=\"noopener\">recebido amea\u00e7as em coment\u00e1rios no Facebook<\/a> ap\u00f3s publicar uma mat\u00e9ria de den\u00fancia sobre o ex-comandante das Rondas Ostensivas Tobias de Aguiar (Rota), um bra\u00e7o da Pol\u00edcia Militar do estado de S\u00e3o Paulo, informou o jornal Brasil de Fato.<\/p>\n<p>Na mat\u00e9ria \"<a href=\"http:\/\/www1.folha.uol.com.br\/cotidiano\/1120133-ex-chefe-da-rota-vira-politico-e-prega-a-violencia-no-facebook.shtml\" target=\"_blank\" rel=\"noopener\">Ex-chefe da Rota vira pol\u00edtico e prega a viol\u00eancia no Facebook<\/a>\", o jornalista afirmou que o ex-chefe da Rota, Paulo Adriano Lopes Lucinda Telhada, usava sua <a href=\"https:\/\/www.facebook.com\/CoronelPauloAdrianoTelhada\" target=\"_blank\" rel=\"noopener\">p\u00e1gina no Facebook<\/a> para incitar a viol\u00eancia em supostos confrontos com civis, que chamaria de \"vagabundos\". Em uma das publica\u00e7\u00f5es reproduzidas da p\u00e1gina de Telhada, que atualmente \u00e9 candidato a vereador de S\u00e3o Paulo, h\u00e1 a frase \"Tem gente que ainda quer defender essa ra\u00e7a de safados [...] e algumas 'organiza\u00e7\u00f5es' querem defend\u00ea-los como v\u00edtimas da injusti\u00e7a da pol\u00edcia\".<\/p>\n<p>Ap\u00f3s a publica\u00e7\u00e3o da mat\u00e9ria, em 14 de julho, o jornalista contou que os seguidores da p\u00e1gina do coronel fizeram coment\u00e1rios com amea\u00e7as, como \"\u00e9 isso a\u00ed Telhada, vamos combater esses vagabundos\u201d e \u201cesse Caramante \u00e9 mais um vagabundo. Coronel, de olho nele\u201d. O Sindicato dos Jornalistas Profissionais do Estado de S\u00e3o Paulo emitiu uma nota na ter\u00e7a-feira, 17 de julho, na qual <a href=\"http:\/\/www.sjsp.org.br\/index.php?option=com_content&amp;view=article&amp;id=3832&amp;catid=3832\" target=\"_blank\" rel=\"noopener\">repudia a intimida\u00e7\u00e3o sofrida pelo jornalista<\/a> e afirma ter enviado documentos a diversas inst\u00e2ncias do governo do estado pedindo aten\u00e7\u00e3o ao caso.<\/p>\n<p>A organiza\u00e7\u00e3o Rep\u00f3rteres sem Fronteiras tamb\u00e9m publicou uma nota em que afirma ter sido contatada pela fam\u00edlia do jornalista e pede que as autoridades brasileiras investiguem as amea\u00e7as. \"As mensagems postadas pelo ex-comandante policial n\u00e3o apenas difamam Caramante. Elas <a href=\"http:\/\/en.rsf.org\/brazil-newspaper-reporter-targeted-on-20-07-2012,43071.html\" target=\"_blank\" rel=\"noopener\">incitam \u00f3dio contra o jornalista e o exp\u00f5em a perigo f\u00edsico<\/a>\", disse a RSF.<\/p>\n<p>As mensagens sobre o jornalista na p\u00e1gina do ex-comandante de pol\u00edcia no Facebook parecem ter sido exclu\u00eddas.<\/p>\n<p><em>Nota do editor: Essa hist\u00f3ria foi publicada originalmente no blog Jornalismo nas Am\u00e9ricas do Centro Knight, o predecessor do LatAm Journalism Review.<\/em><\/p>\n","protected":false},"excerpt":{"rendered":"<p>O rep\u00f3rter Andr\u00e9 Caramante, do jornal Folha de S\u00e3o Paulo, contou ter recebido amea\u00e7as em coment\u00e1rios no Facebook ap\u00f3s publicar uma mat\u00e9ria de den\u00fancia sobre o ex-comandante das Rondas Ostensivas Tobias de Aguiar (Rota).<\/p>\n","protected":false},"author":22,"featured_media":0,"comment_status":"closed","ping_status":"closed","sticky":false,"template":"","format":"standard","meta":{"inline_featured_image":false,"footnotes":""},"categories":[1221],"tags":[1613,2051,1615],"coauthors":[],"class_list":["post-30906","post","type-post","status-publish","format-standard","hentry","category-violencia-contra-jornalistas-pt-br","tag-ameacas-a-jornalistas-pt-br","tag-liberdade-de-expressao-pt-br","tag-violencia-contra-jornalistas-pt-br"],"acf":[],"yoast_head":"<!-- This site is optimized with the Yoast SEO Premium plugin v22.6 (Yoast SEO v27.4) - https:\/\/yoast.com\/product\/yoast-seo-premium-wordpress\/ -->\n<title>Rep\u00f3rter de S\u00e3o Paulo recebe amea\u00e7as pelo Facebook ap\u00f3s publicar den\u00fancia contra ex-comandante de pol\u00edcia - LatAm Journalism Review by the Knight Center<\/title>\n<meta name=\"description\" content=\"Rep\u00f3rter de S\u00e3o Paulo recebe amea\u00e7as pelo Facebook ap\u00f3s publicar den\u00fancia contra ex-comandante de pol\u00edcia Viol\u00eancia contra jornalistas. Latin American Journalism Review by The Knight Center at The University of Texas at Austin.\" \/>\n<meta name=\"robots\" content=\"index, follow, max-snippet:-1, max-image-preview:large, max-video-preview:-1\" \/>\n<link rel=\"canonical\" href=\"https:\/\/latamjournalismreview.org\/pt-br\/articles\/reporter-de-sao-paulo-recebe-ameacas-pelo-facebook-apos-publicar-denuncia-contra-ex-comandante-de-policia\/\" \/>\n<meta property=\"og:locale\" content=\"pt_BR\" \/>\n<meta property=\"og:type\" content=\"article\" \/>\n<meta property=\"og:title\" content=\"Rep\u00f3rter de S\u00e3o Paulo recebe amea\u00e7as pelo Facebook ap\u00f3s publicar den\u00fancia contra ex-comandante de pol\u00edcia\" \/>\n<meta property=\"og:description\" content=\"Rep\u00f3rter de S\u00e3o Paulo recebe amea\u00e7as pelo Facebook ap\u00f3s publicar den\u00fancia contra ex-comandante de pol\u00edcia Viol\u00eancia contra jornalistas. Latin American Journalism Review by The Knight Center at The University of Texas at Austin.\" \/>\n<meta property=\"og:url\" content=\"https:\/\/latamjournalismreview.org\/pt-br\/articles\/reporter-de-sao-paulo-recebe-ameacas-pelo-facebook-apos-publicar-denuncia-contra-ex-comandante-de-policia\/\" \/>\n<meta property=\"og:site_name\" content=\"LatAm Journalism Review by the Knight Center\" \/>\n<meta property=\"article:published_time\" content=\"2012-07-23T16:04:43+00:00\" \/>\n<meta property=\"article:modified_time\" content=\"2021-09-09T01:19:02+00:00\" \/>\n<meta name=\"author\" content=\"Knight Center\" \/>\n<meta name=\"twitter:card\" content=\"summary_large_image\" \/>\n<meta name=\"twitter:creator\" content=\"@LatAmJournalism\" \/>\n<meta name=\"twitter:site\" content=\"@LatAmJournalism\" \/>\n<meta name=\"twitter:label1\" content=\"Written by\" \/>\n\t<meta name=\"twitter:data1\" content=\"Knight Center\" \/>\n\t<meta name=\"twitter:label2\" content=\"Est. reading time\" \/>\n\t<meta name=\"twitter:data2\" content=\"2 minutos\" \/>\n<script type=\"application\/ld+json\" class=\"yoast-schema-graph\">{\"@context\":\"https:\\\/\\\/schema.org\",\"@graph\":[{\"@type\":\"Article\",\"@id\":\"https:\\\/\\\/latamjournalismreview.org\\\/pt-br\\\/articles\\\/reporter-de-sao-paulo-recebe-ameacas-pelo-facebook-apos-publicar-denuncia-contra-ex-comandante-de-policia\\\/#article\",\"isPartOf\":{\"@id\":\"https:\\\/\\\/latamjournalismreview.org\\\/pt-br\\\/articles\\\/reporter-de-sao-paulo-recebe-ameacas-pelo-facebook-apos-publicar-denuncia-contra-ex-comandante-de-policia\\\/\"},\"author\":{\"name\":\"Knight Center\",\"@id\":\"https:\\\/\\\/latamjournalismreview.org\\\/pt-br\\\/#\\\/schema\\\/person\\\/6c325fd0fef0cd167424c683e6577e19\"},\"headline\":\"Rep\u00f3rter de S\u00e3o Paulo recebe amea\u00e7as pelo Facebook ap\u00f3s publicar den\u00fancia contra ex-comandante de pol\u00edcia\",\"datePublished\":\"2012-07-23T16:04:43+00:00\",\"dateModified\":\"2021-09-09T01:19:02+00:00\",\"mainEntityOfPage\":{\"@id\":\"https:\\\/\\\/latamjournalismreview.org\\\/pt-br\\\/articles\\\/reporter-de-sao-paulo-recebe-ameacas-pelo-facebook-apos-publicar-denuncia-contra-ex-comandante-de-policia\\\/\"},\"wordCount\":380,\"publisher\":{\"@id\":\"https:\\\/\\\/latamjournalismreview.org\\\/pt-br\\\/#organization\"},\"keywords\":[\"Amea\u00e7as a jornalistas\",\"Liberdade de express\u00e3o\",\"Viol\u00eancia contra jornalistas\"],\"articleSection\":[\"Viol\u00eancia contra jornalistas\"],\"inLanguage\":\"pt-BR\"},{\"@type\":\"WebPage\",\"@id\":\"https:\\\/\\\/latamjournalismreview.org\\\/pt-br\\\/articles\\\/reporter-de-sao-paulo-recebe-ameacas-pelo-facebook-apos-publicar-denuncia-contra-ex-comandante-de-policia\\\/\",\"url\":\"https:\\\/\\\/latamjournalismreview.org\\\/pt-br\\\/articles\\\/reporter-de-sao-paulo-recebe-ameacas-pelo-facebook-apos-publicar-denuncia-contra-ex-comandante-de-policia\\\/\",\"name\":\"Rep\u00f3rter de S\u00e3o Paulo recebe amea\u00e7as pelo Facebook ap\u00f3s publicar den\u00fancia contra ex-comandante de pol\u00edcia - LatAm Journalism Review by the Knight Center\",\"isPartOf\":{\"@id\":\"https:\\\/\\\/latamjournalismreview.org\\\/pt-br\\\/#website\"},\"datePublished\":\"2012-07-23T16:04:43+00:00\",\"dateModified\":\"2021-09-09T01:19:02+00:00\",\"description\":\"Rep\u00f3rter de S\u00e3o Paulo recebe amea\u00e7as pelo Facebook ap\u00f3s publicar den\u00fancia contra ex-comandante de pol\u00edcia Viol\u00eancia contra jornalistas. Latin American Journalism Review by The Knight Center at The University of Texas at Austin.\",\"breadcrumb\":{\"@id\":\"https:\\\/\\\/latamjournalismreview.org\\\/pt-br\\\/articles\\\/reporter-de-sao-paulo-recebe-ameacas-pelo-facebook-apos-publicar-denuncia-contra-ex-comandante-de-policia\\\/#breadcrumb\"},\"inLanguage\":\"pt-BR\",\"potentialAction\":[{\"@type\":\"ReadAction\",\"target\":[\"https:\\\/\\\/latamjournalismreview.org\\\/pt-br\\\/articles\\\/reporter-de-sao-paulo-recebe-ameacas-pelo-facebook-apos-publicar-denuncia-contra-ex-comandante-de-policia\\\/\"]}]},{\"@type\":\"BreadcrumbList\",\"@id\":\"https:\\\/\\\/latamjournalismreview.org\\\/pt-br\\\/articles\\\/reporter-de-sao-paulo-recebe-ameacas-pelo-facebook-apos-publicar-denuncia-contra-ex-comandante-de-policia\\\/#breadcrumb\",\"itemListElement\":[{\"@type\":\"ListItem\",\"position\":1,\"name\":\"Home\",\"item\":\"https:\\\/\\\/latamjournalismreview.org\\\/pt-br\\\/\"},{\"@type\":\"ListItem\",\"position\":2,\"name\":\"Rep\u00f3rter de S\u00e3o Paulo recebe amea\u00e7as pelo Facebook ap\u00f3s publicar den\u00fancia contra ex-comandante de pol\u00edcia\"}]},{\"@type\":\"WebSite\",\"@id\":\"https:\\\/\\\/latamjournalismreview.org\\\/pt-br\\\/#website\",\"url\":\"https:\\\/\\\/latamjournalismreview.org\\\/pt-br\\\/\",\"name\":\"LatAm Journalism Review\",\"description\":\"Digital magazine on journalism in Latin America\",\"publisher\":{\"@id\":\"https:\\\/\\\/latamjournalismreview.org\\\/pt-br\\\/#organization\"},\"potentialAction\":[{\"@type\":\"SearchAction\",\"target\":{\"@type\":\"EntryPoint\",\"urlTemplate\":\"https:\\\/\\\/latamjournalismreview.org\\\/pt-br\\\/?s={search_term_string}\"},\"query-input\":{\"@type\":\"PropertyValueSpecification\",\"valueRequired\":true,\"valueName\":\"search_term_string\"}}],\"inLanguage\":\"pt-BR\"},{\"@type\":\"Organization\",\"@id\":\"https:\\\/\\\/latamjournalismreview.org\\\/pt-br\\\/#organization\",\"name\":\"LatAm Journalism Review\",\"url\":\"https:\\\/\\\/latamjournalismreview.org\\\/pt-br\\\/\",\"logo\":{\"@type\":\"ImageObject\",\"inLanguage\":\"pt-BR\",\"@id\":\"https:\\\/\\\/latamjournalismreview.org\\\/pt-br\\\/#\\\/schema\\\/logo\\\/image\\\/\",\"url\":\"https:\\\/\\\/latamjournalismreview.org\\\/wp-content\\\/uploads\\\/2020\\\/05\\\/knight-latAm-review-logo.svg\",\"contentUrl\":\"https:\\\/\\\/latamjournalismreview.org\\\/wp-content\\\/uploads\\\/2020\\\/05\\\/knight-latAm-review-logo.svg\",\"width\":\"1024\",\"height\":\"1024\",\"caption\":\"LatAm Journalism Review\"},\"image\":{\"@id\":\"https:\\\/\\\/latamjournalismreview.org\\\/pt-br\\\/#\\\/schema\\\/logo\\\/image\\\/\"},\"sameAs\":[\"https:\\\/\\\/x.com\\\/LatAmJournalism\"]},{\"@type\":\"Person\",\"@id\":\"https:\\\/\\\/latamjournalismreview.org\\\/pt-br\\\/#\\\/schema\\\/person\\\/6c325fd0fef0cd167424c683e6577e19\",\"name\":\"Knight Center\",\"url\":\"https:\\\/\\\/latamjournalismreview.org\\\/pt-br\\\/articles\\\/author\\\/knight-center\\\/\"}]}<\/script>\n<!-- \/ Yoast SEO Premium plugin. -->","yoast_head_json":{"title":"Rep\u00f3rter de S\u00e3o Paulo recebe amea\u00e7as pelo Facebook ap\u00f3s publicar den\u00fancia contra ex-comandante de pol\u00edcia - LatAm Journalism Review by the Knight Center","description":"Rep\u00f3rter de S\u00e3o Paulo recebe amea\u00e7as pelo Facebook ap\u00f3s publicar den\u00fancia contra ex-comandante de pol\u00edcia Viol\u00eancia contra jornalistas. Latin American Journalism Review by The Knight Center at The University of Texas at Austin.","robots":{"index":"index","follow":"follow","max-snippet":"max-snippet:-1","max-image-preview":"max-image-preview:large","max-video-preview":"max-video-preview:-1"},"canonical":"https:\/\/latamjournalismreview.org\/pt-br\/articles\/reporter-de-sao-paulo-recebe-ameacas-pelo-facebook-apos-publicar-denuncia-contra-ex-comandante-de-policia\/","og_locale":"pt_BR","og_type":"article","og_title":"Rep\u00f3rter de S\u00e3o Paulo recebe amea\u00e7as pelo Facebook ap\u00f3s publicar den\u00fancia contra ex-comandante de pol\u00edcia","og_description":"Rep\u00f3rter de S\u00e3o Paulo recebe amea\u00e7as pelo Facebook ap\u00f3s publicar den\u00fancia contra ex-comandante de pol\u00edcia Viol\u00eancia contra jornalistas. Latin American Journalism Review by The Knight Center at The University of Texas at Austin.","og_url":"https:\/\/latamjournalismreview.org\/pt-br\/articles\/reporter-de-sao-paulo-recebe-ameacas-pelo-facebook-apos-publicar-denuncia-contra-ex-comandante-de-policia\/","og_site_name":"LatAm Journalism Review by the Knight Center","article_published_time":"2012-07-23T16:04:43+00:00","article_modified_time":"2021-09-09T01:19:02+00:00","author":"Knight Center","twitter_card":"summary_large_image","twitter_creator":"@LatAmJournalism","twitter_site":"@LatAmJournalism","twitter_misc":{"Written by":"Knight Center","Est. reading time":"2 minutos"},"schema":{"@context":"https:\/\/schema.org","@graph":[{"@type":"Article","@id":"https:\/\/latamjournalismreview.org\/pt-br\/articles\/reporter-de-sao-paulo-recebe-ameacas-pelo-facebook-apos-publicar-denuncia-contra-ex-comandante-de-policia\/#article","isPartOf":{"@id":"https:\/\/latamjournalismreview.org\/pt-br\/articles\/reporter-de-sao-paulo-recebe-ameacas-pelo-facebook-apos-publicar-denuncia-contra-ex-comandante-de-policia\/"},"author":{"name":"Knight Center","@id":"https:\/\/latamjournalismreview.org\/pt-br\/#\/schema\/person\/6c325fd0fef0cd167424c683e6577e19"},"headline":"Rep\u00f3rter de S\u00e3o Paulo recebe amea\u00e7as pelo Facebook ap\u00f3s publicar den\u00fancia contra ex-comandante de pol\u00edcia","datePublished":"2012-07-23T16:04:43+00:00","dateModified":"2021-09-09T01:19:02+00:00","mainEntityOfPage":{"@id":"https:\/\/latamjournalismreview.org\/pt-br\/articles\/reporter-de-sao-paulo-recebe-ameacas-pelo-facebook-apos-publicar-denuncia-contra-ex-comandante-de-policia\/"},"wordCount":380,"publisher":{"@id":"https:\/\/latamjournalismreview.org\/pt-br\/#organization"},"keywords":["Amea\u00e7as a jornalistas","Liberdade de express\u00e3o","Viol\u00eancia contra jornalistas"],"articleSection":["Viol\u00eancia contra jornalistas"],"inLanguage":"pt-BR"},{"@type":"WebPage","@id":"https:\/\/latamjournalismreview.org\/pt-br\/articles\/reporter-de-sao-paulo-recebe-ameacas-pelo-facebook-apos-publicar-denuncia-contra-ex-comandante-de-policia\/","url":"https:\/\/latamjournalismreview.org\/pt-br\/articles\/reporter-de-sao-paulo-recebe-ameacas-pelo-facebook-apos-publicar-denuncia-contra-ex-comandante-de-policia\/","name":"Rep\u00f3rter de S\u00e3o Paulo recebe amea\u00e7as pelo Facebook ap\u00f3s publicar den\u00fancia contra ex-comandante de pol\u00edcia - LatAm Journalism Review by the Knight Center","isPartOf":{"@id":"https:\/\/latamjournalismreview.org\/pt-br\/#website"},"datePublished":"2012-07-23T16:04:43+00:00","dateModified":"2021-09-09T01:19:02+00:00","description":"Rep\u00f3rter de S\u00e3o Paulo recebe amea\u00e7as pelo Facebook ap\u00f3s publicar den\u00fancia contra ex-comandante de pol\u00edcia Viol\u00eancia contra jornalistas. Latin American Journalism Review by The Knight Center at The University of Texas at Austin.","breadcrumb":{"@id":"https:\/\/latamjournalismreview.org\/pt-br\/articles\/reporter-de-sao-paulo-recebe-ameacas-pelo-facebook-apos-publicar-denuncia-contra-ex-comandante-de-policia\/#breadcrumb"},"inLanguage":"pt-BR","potentialAction":[{"@type":"ReadAction","target":["https:\/\/latamjournalismreview.org\/pt-br\/articles\/reporter-de-sao-paulo-recebe-ameacas-pelo-facebook-apos-publicar-denuncia-contra-ex-comandante-de-policia\/"]}]},{"@type":"BreadcrumbList","@id":"https:\/\/latamjournalismreview.org\/pt-br\/articles\/reporter-de-sao-paulo-recebe-ameacas-pelo-facebook-apos-publicar-denuncia-contra-ex-comandante-de-policia\/#breadcrumb","itemListElement":[{"@type":"ListItem","position":1,"name":"Home","item":"https:\/\/latamjournalismreview.org\/pt-br\/"},{"@type":"ListItem","position":2,"name":"Rep\u00f3rter de S\u00e3o Paulo recebe amea\u00e7as pelo Facebook ap\u00f3s publicar den\u00fancia contra ex-comandante de pol\u00edcia"}]},{"@type":"WebSite","@id":"https:\/\/latamjournalismreview.org\/pt-br\/#website","url":"https:\/\/latamjournalismreview.org\/pt-br\/","name":"LatAm Journalism Review","description":"Digital magazine on journalism in Latin America","publisher":{"@id":"https:\/\/latamjournalismreview.org\/pt-br\/#organization"},"potentialAction":[{"@type":"SearchAction","target":{"@type":"EntryPoint","urlTemplate":"https:\/\/latamjournalismreview.org\/pt-br\/?s={search_term_string}"},"query-input":{"@type":"PropertyValueSpecification","valueRequired":true,"valueName":"search_term_string"}}],"inLanguage":"pt-BR"},{"@type":"Organization","@id":"https:\/\/latamjournalismreview.org\/pt-br\/#organization","name":"LatAm Journalism Review","url":"https:\/\/latamjournalismreview.org\/pt-br\/","logo":{"@type":"ImageObject","inLanguage":"pt-BR","@id":"https:\/\/latamjournalismreview.org\/pt-br\/#\/schema\/logo\/image\/","url":"https:\/\/latamjournalismreview.org\/wp-content\/uploads\/2020\/05\/knight-latAm-review-logo.svg","contentUrl":"https:\/\/latamjournalismreview.org\/wp-content\/uploads\/2020\/05\/knight-latAm-review-logo.svg","width":"1024","height":"1024","caption":"LatAm Journalism Review"},"image":{"@id":"https:\/\/latamjournalismreview.org\/pt-br\/#\/schema\/logo\/image\/"},"sameAs":["https:\/\/x.com\/LatAmJournalism"]},{"@type":"Person","@id":"https:\/\/latamjournalismreview.org\/pt-br\/#\/schema\/person\/6c325fd0fef0cd167424c683e6577e19","name":"Knight Center","url":"https:\/\/latamjournalismreview.org\/pt-br\/articles\/author\/knight-center\/"}]}},"_links":{"self":[{"href":"https:\/\/latamjournalismreview.org\/pt-br\/wp-json\/wp\/v2\/posts\/30906","targetHints":{"allow":["GET"]}}],"collection":[{"href":"https:\/\/latamjournalismreview.org\/pt-br\/wp-json\/wp\/v2\/posts"}],"about":[{"href":"https:\/\/latamjournalismreview.org\/pt-br\/wp-json\/wp\/v2\/types\/post"}],"author":[{"embeddable":true,"href":"https:\/\/latamjournalismreview.org\/pt-br\/wp-json\/wp\/v2\/users\/22"}],"replies":[{"embeddable":true,"href":"https:\/\/latamjournalismreview.org\/pt-br\/wp-json\/wp\/v2\/comments?post=30906"}],"version-history":[{"count":1,"href":"https:\/\/latamjournalismreview.org\/pt-br\/wp-json\/wp\/v2\/posts\/30906\/revisions"}],"predecessor-version":[{"id":30907,"href":"https:\/\/latamjournalismreview.org\/pt-br\/wp-json\/wp\/v2\/posts\/30906\/revisions\/30907"}],"wp:attachment":[{"href":"https:\/\/latamjournalismreview.org\/pt-br\/wp-json\/wp\/v2\/media?parent=30906"}],"wp:term":[{"taxonomy":"category","embeddable":true,"href":"https:\/\/latamjournalismreview.org\/pt-br\/wp-json\/wp\/v2\/categories?post=30906"},{"taxonomy":"post_tag","embeddable":true,"href":"https:\/\/latamjournalismreview.org\/pt-br\/wp-json\/wp\/v2\/tags?post=30906"},{"taxonomy":"author","embeddable":true,"href":"https:\/\/latamjournalismreview.org\/pt-br\/wp-json\/wp\/v2\/coauthors?post=30906"}],"curies":[{"name":"wp","href":"https:\/\/api.w.org\/{rel}","templated":true}]}}