{"id":31012,"date":"2012-06-11T09:57:37","date_gmt":"2012-06-11T14:57:37","guid":{"rendered":"https:\/\/latamjournalismreview.org\/?p=31012"},"modified":"2021-09-10T09:58:53","modified_gmt":"2021-09-10T14:58:53","slug":"outro-jornalista-peruano-e-condenado-por-difamacao","status":"publish","type":"post","link":"https:\/\/latamjournalismreview.org\/pt-br\/articles\/outro-jornalista-peruano-e-condenado-por-difamacao\/","title":{"rendered":"Outro jornalista peruano \u00e9 condenado por difama\u00e7\u00e3o"},"content":{"rendered":"<p>Por Liliana Honorato<\/p>\n<p>Segundo a Associa\u00e7\u00e3o Nacional de Jornalistas (ANP) do Peru (Filial Huaylas), no dia 24 de maio, um juiz da prov\u00edncia de Huaylas, em\u00a0<a href=\"http:\/\/es.wikipedia.org\/wiki\/Ancash\" target=\"_blank\" rel=\"noopener\">Ancash<\/a>, decidiu pela\u00a0<a href=\"http:\/\/anpfilialhuaylas.blogspot.com\/\" target=\"_blank\" rel=\"noopener\">condena\u00e7\u00e3o de um jornalista por difamar<\/a>\u00a0um vereador. Para n\u00e3o ser preso, o profissional ter\u00e1 que cumprir certas regras, entre elas a retrata\u00e7\u00e3o no prazo de 15 dias.<\/p>\n<p>O jornalista Alejandro Villanueva Aldave tamb\u00e9m mais de mil d\u00f3lares ao vereador F\u00e9lix Alberto Pohl Luna, criticado no programa \u201cEl Malet\u00edn de las Noticias\u201d, transmitido pela\u00a0<a href=\"http:\/\/www.radiosideral.com\/portal\/\" target=\"_blank\" rel=\"noopener\">r\u00e1dio Sideral<\/a>, por supostas irregularidades, acrescentou a ANP.<\/p>\n<p>Ao criticarem agentes p\u00fablicos, os jornalistas peruanos correm o risco de serem processados por difama\u00e7\u00e3o. No dia 5 de junho, por exemplo,\u00a0<a href=\"http:\/\/knightcenter.utexas.edu\/pt-br\/blog\/00-10386-dois-jornalistas-peruanos-sao-condenados-prisao-por-difamacao\" target=\"_blank\" rel=\"noopener\">dois jornalistas foram condenados a dois anos de pris\u00e3o com suspens\u00e3o de pena<\/a>\u00a0e ao pagamento de uma multa de aproximadamente 22 mil d\u00f3lares cada a um ex-ministro do Interior por difama\u00e7\u00e3o.<\/p>\n<p>Em novembro de 2011,\u00a0<a href=\"https:\/\/knightcenter.utexas.edu\/pt-br\/blog\/reporteres-sem-fronteiras-pede-que-justica-deixe-de-ser-usada-para-tentar-calar-jornalistas-no-\" target=\"_blank\" rel=\"noopener\">o jornalista peruano Teobaldo Mel\u00e9ndez Fach\u00edn tamb\u00e9m fora condenado a tr\u00eas anos de pris\u00e3o condicional por difama\u00e7\u00e3o<\/a>, mas a\u00a0<a href=\"https:\/\/knightcenter.utexas.edu\/pt-br\/blog\/00-9572-justica-peruana-anula-condenacao-de-jornalista-por-difamacao\" target=\"_blank\" rel=\"noopener\">Suprema Corte anulou a decis\u00e3o em maio deste ano<\/a>.<\/p>\n<p><em>Nota do editor: Essa hist\u00f3ria foi publicada originalmente no blog de jornalismo nas Am\u00e9ricas do Centro Knight, o predecessor do LatAm Journalism Review.<\/em><\/p>\n","protected":false},"excerpt":{"rendered":"<p>Segundo a Associa\u00e7\u00e3o Nacional de Jornalistas (ANP) do Peru (Filial Huaylas), no dia 24 de maio, um juiz da prov\u00edncia de Huaylas, em\u00a0Ancash, decidiu pela\u00a0condena\u00e7\u00e3o de um jornalista por difamar\u00a0um vereador. Para n\u00e3o ser preso, o profissional ter\u00e1 que cumprir certas regras, entre elas a retrata\u00e7\u00e3o no prazo de 15 dias.<\/p>\n","protected":false},"author":17,"featured_media":0,"comment_status":"closed","ping_status":"closed","sticky":false,"template":"","format":"standard","meta":{"inline_featured_image":false,"footnotes":""},"categories":[1219],"tags":[1379,1565,2051,1597],"coauthors":[],"class_list":["post-31012","post","type-post","status-publish","format-standard","hentry","category-liberdade-de-imprensa-pt-br","tag-casos-judiciais-pt-br","tag-difamacao-pt-br","tag-liberdade-de-expressao-pt-br","tag-peru-pt-br"],"acf":[],"yoast_head":"<!-- This site is optimized with the Yoast SEO Premium plugin v22.6 (Yoast SEO v27.4) - https:\/\/yoast.com\/product\/yoast-seo-premium-wordpress\/ -->\n<title>Outro jornalista peruano \u00e9 condenado por difama\u00e7\u00e3o - LatAm Journalism Review by the Knight Center<\/title>\n<meta name=\"description\" content=\"Outro jornalista peruano \u00e9 condenado por difama\u00e7\u00e3o Liberdade de imprensa. Latin American Journalism Review by The Knight Center at The University of Texas at Austin.\" \/>\n<meta name=\"robots\" content=\"index, follow, max-snippet:-1, max-image-preview:large, max-video-preview:-1\" \/>\n<link rel=\"canonical\" href=\"https:\/\/latamjournalismreview.org\/pt-br\/articles\/outro-jornalista-peruano-e-condenado-por-difamacao\/\" \/>\n<meta property=\"og:locale\" content=\"pt_BR\" \/>\n<meta property=\"og:type\" content=\"article\" \/>\n<meta property=\"og:title\" content=\"Outro jornalista peruano \u00e9 condenado por difama\u00e7\u00e3o\" \/>\n<meta property=\"og:description\" content=\"Outro jornalista peruano \u00e9 condenado por difama\u00e7\u00e3o Liberdade de imprensa. Latin American Journalism Review by The Knight Center at The University of Texas at Austin.\" \/>\n<meta property=\"og:url\" content=\"https:\/\/latamjournalismreview.org\/pt-br\/articles\/outro-jornalista-peruano-e-condenado-por-difamacao\/\" \/>\n<meta property=\"og:site_name\" content=\"LatAm Journalism Review by the Knight Center\" \/>\n<meta property=\"article:published_time\" content=\"2012-06-11T14:57:37+00:00\" \/>\n<meta property=\"article:modified_time\" content=\"2021-09-10T14:58:53+00:00\" \/>\n<meta name=\"author\" content=\"Guest\" \/>\n<meta name=\"twitter:card\" content=\"summary_large_image\" \/>\n<meta name=\"twitter:creator\" content=\"@LatAmJournalism\" \/>\n<meta name=\"twitter:site\" content=\"@LatAmJournalism\" \/>\n<meta name=\"twitter:label1\" content=\"Written by\" \/>\n\t<meta name=\"twitter:data1\" content=\"Guest\" \/>\n\t<meta name=\"twitter:label2\" content=\"Est. reading time\" \/>\n\t<meta name=\"twitter:data2\" content=\"1 minuto\" \/>\n<script type=\"application\/ld+json\" class=\"yoast-schema-graph\">{\"@context\":\"https:\\\/\\\/schema.org\",\"@graph\":[{\"@type\":\"Article\",\"@id\":\"https:\\\/\\\/latamjournalismreview.org\\\/pt-br\\\/articles\\\/outro-jornalista-peruano-e-condenado-por-difamacao\\\/#article\",\"isPartOf\":{\"@id\":\"https:\\\/\\\/latamjournalismreview.org\\\/pt-br\\\/articles\\\/outro-jornalista-peruano-e-condenado-por-difamacao\\\/\"},\"author\":{\"name\":\"Guest\",\"@id\":\"https:\\\/\\\/latamjournalismreview.org\\\/pt-br\\\/#\\\/schema\\\/person\\\/0315202e0b3c0963a2440f1c3012c360\"},\"headline\":\"Outro jornalista peruano \u00e9 condenado por difama\u00e7\u00e3o\",\"datePublished\":\"2012-06-11T14:57:37+00:00\",\"dateModified\":\"2021-09-10T14:58:53+00:00\",\"mainEntityOfPage\":{\"@id\":\"https:\\\/\\\/latamjournalismreview.org\\\/pt-br\\\/articles\\\/outro-jornalista-peruano-e-condenado-por-difamacao\\\/\"},\"wordCount\":227,\"publisher\":{\"@id\":\"https:\\\/\\\/latamjournalismreview.org\\\/pt-br\\\/#organization\"},\"keywords\":[\"Casos judiciais\",\"Difama\u00e7\u00e3o\",\"Liberdade de express\u00e3o\",\"Peru\"],\"articleSection\":[\"Liberdade de imprensa\"],\"inLanguage\":\"pt-BR\"},{\"@type\":\"WebPage\",\"@id\":\"https:\\\/\\\/latamjournalismreview.org\\\/pt-br\\\/articles\\\/outro-jornalista-peruano-e-condenado-por-difamacao\\\/\",\"url\":\"https:\\\/\\\/latamjournalismreview.org\\\/pt-br\\\/articles\\\/outro-jornalista-peruano-e-condenado-por-difamacao\\\/\",\"name\":\"Outro jornalista peruano \u00e9 condenado por difama\u00e7\u00e3o - LatAm Journalism Review by the Knight Center\",\"isPartOf\":{\"@id\":\"https:\\\/\\\/latamjournalismreview.org\\\/pt-br\\\/#website\"},\"datePublished\":\"2012-06-11T14:57:37+00:00\",\"dateModified\":\"2021-09-10T14:58:53+00:00\",\"description\":\"Outro jornalista peruano \u00e9 condenado por difama\u00e7\u00e3o Liberdade de imprensa. Latin American Journalism Review by The Knight Center at The University of Texas at Austin.\",\"breadcrumb\":{\"@id\":\"https:\\\/\\\/latamjournalismreview.org\\\/pt-br\\\/articles\\\/outro-jornalista-peruano-e-condenado-por-difamacao\\\/#breadcrumb\"},\"inLanguage\":\"pt-BR\",\"potentialAction\":[{\"@type\":\"ReadAction\",\"target\":[\"https:\\\/\\\/latamjournalismreview.org\\\/pt-br\\\/articles\\\/outro-jornalista-peruano-e-condenado-por-difamacao\\\/\"]}]},{\"@type\":\"BreadcrumbList\",\"@id\":\"https:\\\/\\\/latamjournalismreview.org\\\/pt-br\\\/articles\\\/outro-jornalista-peruano-e-condenado-por-difamacao\\\/#breadcrumb\",\"itemListElement\":[{\"@type\":\"ListItem\",\"position\":1,\"name\":\"Home\",\"item\":\"https:\\\/\\\/latamjournalismreview.org\\\/pt-br\\\/\"},{\"@type\":\"ListItem\",\"position\":2,\"name\":\"Outro jornalista peruano \u00e9 condenado por difama\u00e7\u00e3o\"}]},{\"@type\":\"WebSite\",\"@id\":\"https:\\\/\\\/latamjournalismreview.org\\\/pt-br\\\/#website\",\"url\":\"https:\\\/\\\/latamjournalismreview.org\\\/pt-br\\\/\",\"name\":\"LatAm Journalism Review\",\"description\":\"Digital magazine on journalism in Latin America\",\"publisher\":{\"@id\":\"https:\\\/\\\/latamjournalismreview.org\\\/pt-br\\\/#organization\"},\"potentialAction\":[{\"@type\":\"SearchAction\",\"target\":{\"@type\":\"EntryPoint\",\"urlTemplate\":\"https:\\\/\\\/latamjournalismreview.org\\\/pt-br\\\/?s={search_term_string}\"},\"query-input\":{\"@type\":\"PropertyValueSpecification\",\"valueRequired\":true,\"valueName\":\"search_term_string\"}}],\"inLanguage\":\"pt-BR\"},{\"@type\":\"Organization\",\"@id\":\"https:\\\/\\\/latamjournalismreview.org\\\/pt-br\\\/#organization\",\"name\":\"LatAm Journalism Review\",\"url\":\"https:\\\/\\\/latamjournalismreview.org\\\/pt-br\\\/\",\"logo\":{\"@type\":\"ImageObject\",\"inLanguage\":\"pt-BR\",\"@id\":\"https:\\\/\\\/latamjournalismreview.org\\\/pt-br\\\/#\\\/schema\\\/logo\\\/image\\\/\",\"url\":\"https:\\\/\\\/latamjournalismreview.org\\\/wp-content\\\/uploads\\\/2020\\\/05\\\/knight-latAm-review-logo.svg\",\"contentUrl\":\"https:\\\/\\\/latamjournalismreview.org\\\/wp-content\\\/uploads\\\/2020\\\/05\\\/knight-latAm-review-logo.svg\",\"width\":\"1024\",\"height\":\"1024\",\"caption\":\"LatAm Journalism Review\"},\"image\":{\"@id\":\"https:\\\/\\\/latamjournalismreview.org\\\/pt-br\\\/#\\\/schema\\\/logo\\\/image\\\/\"},\"sameAs\":[\"https:\\\/\\\/x.com\\\/LatAmJournalism\"]},{\"@type\":\"Person\",\"@id\":\"https:\\\/\\\/latamjournalismreview.org\\\/pt-br\\\/#\\\/schema\\\/person\\\/0315202e0b3c0963a2440f1c3012c360\",\"name\":\"Guest\",\"url\":\"https:\\\/\\\/latamjournalismreview.org\\\/pt-br\\\/articles\\\/author\\\/guest\\\/\"}]}<\/script>\n<!-- \/ Yoast SEO Premium plugin. -->","yoast_head_json":{"title":"Outro jornalista peruano \u00e9 condenado por difama\u00e7\u00e3o - LatAm Journalism Review by the Knight Center","description":"Outro jornalista peruano \u00e9 condenado por difama\u00e7\u00e3o Liberdade de imprensa. Latin American Journalism Review by The Knight Center at The University of Texas at Austin.","robots":{"index":"index","follow":"follow","max-snippet":"max-snippet:-1","max-image-preview":"max-image-preview:large","max-video-preview":"max-video-preview:-1"},"canonical":"https:\/\/latamjournalismreview.org\/pt-br\/articles\/outro-jornalista-peruano-e-condenado-por-difamacao\/","og_locale":"pt_BR","og_type":"article","og_title":"Outro jornalista peruano \u00e9 condenado por difama\u00e7\u00e3o","og_description":"Outro jornalista peruano \u00e9 condenado por difama\u00e7\u00e3o Liberdade de imprensa. Latin American Journalism Review by The Knight Center at The University of Texas at Austin.","og_url":"https:\/\/latamjournalismreview.org\/pt-br\/articles\/outro-jornalista-peruano-e-condenado-por-difamacao\/","og_site_name":"LatAm Journalism Review by the Knight Center","article_published_time":"2012-06-11T14:57:37+00:00","article_modified_time":"2021-09-10T14:58:53+00:00","author":"Guest","twitter_card":"summary_large_image","twitter_creator":"@LatAmJournalism","twitter_site":"@LatAmJournalism","twitter_misc":{"Written by":"Guest","Est. reading time":"1 minuto"},"schema":{"@context":"https:\/\/schema.org","@graph":[{"@type":"Article","@id":"https:\/\/latamjournalismreview.org\/pt-br\/articles\/outro-jornalista-peruano-e-condenado-por-difamacao\/#article","isPartOf":{"@id":"https:\/\/latamjournalismreview.org\/pt-br\/articles\/outro-jornalista-peruano-e-condenado-por-difamacao\/"},"author":{"name":"Guest","@id":"https:\/\/latamjournalismreview.org\/pt-br\/#\/schema\/person\/0315202e0b3c0963a2440f1c3012c360"},"headline":"Outro jornalista peruano \u00e9 condenado por difama\u00e7\u00e3o","datePublished":"2012-06-11T14:57:37+00:00","dateModified":"2021-09-10T14:58:53+00:00","mainEntityOfPage":{"@id":"https:\/\/latamjournalismreview.org\/pt-br\/articles\/outro-jornalista-peruano-e-condenado-por-difamacao\/"},"wordCount":227,"publisher":{"@id":"https:\/\/latamjournalismreview.org\/pt-br\/#organization"},"keywords":["Casos judiciais","Difama\u00e7\u00e3o","Liberdade de express\u00e3o","Peru"],"articleSection":["Liberdade de imprensa"],"inLanguage":"pt-BR"},{"@type":"WebPage","@id":"https:\/\/latamjournalismreview.org\/pt-br\/articles\/outro-jornalista-peruano-e-condenado-por-difamacao\/","url":"https:\/\/latamjournalismreview.org\/pt-br\/articles\/outro-jornalista-peruano-e-condenado-por-difamacao\/","name":"Outro jornalista peruano \u00e9 condenado por difama\u00e7\u00e3o - LatAm Journalism Review by the Knight Center","isPartOf":{"@id":"https:\/\/latamjournalismreview.org\/pt-br\/#website"},"datePublished":"2012-06-11T14:57:37+00:00","dateModified":"2021-09-10T14:58:53+00:00","description":"Outro jornalista peruano \u00e9 condenado por difama\u00e7\u00e3o Liberdade de imprensa. Latin American Journalism Review by The Knight Center at The University of Texas at Austin.","breadcrumb":{"@id":"https:\/\/latamjournalismreview.org\/pt-br\/articles\/outro-jornalista-peruano-e-condenado-por-difamacao\/#breadcrumb"},"inLanguage":"pt-BR","potentialAction":[{"@type":"ReadAction","target":["https:\/\/latamjournalismreview.org\/pt-br\/articles\/outro-jornalista-peruano-e-condenado-por-difamacao\/"]}]},{"@type":"BreadcrumbList","@id":"https:\/\/latamjournalismreview.org\/pt-br\/articles\/outro-jornalista-peruano-e-condenado-por-difamacao\/#breadcrumb","itemListElement":[{"@type":"ListItem","position":1,"name":"Home","item":"https:\/\/latamjournalismreview.org\/pt-br\/"},{"@type":"ListItem","position":2,"name":"Outro jornalista peruano \u00e9 condenado por difama\u00e7\u00e3o"}]},{"@type":"WebSite","@id":"https:\/\/latamjournalismreview.org\/pt-br\/#website","url":"https:\/\/latamjournalismreview.org\/pt-br\/","name":"LatAm Journalism Review","description":"Digital magazine on journalism in Latin America","publisher":{"@id":"https:\/\/latamjournalismreview.org\/pt-br\/#organization"},"potentialAction":[{"@type":"SearchAction","target":{"@type":"EntryPoint","urlTemplate":"https:\/\/latamjournalismreview.org\/pt-br\/?s={search_term_string}"},"query-input":{"@type":"PropertyValueSpecification","valueRequired":true,"valueName":"search_term_string"}}],"inLanguage":"pt-BR"},{"@type":"Organization","@id":"https:\/\/latamjournalismreview.org\/pt-br\/#organization","name":"LatAm Journalism Review","url":"https:\/\/latamjournalismreview.org\/pt-br\/","logo":{"@type":"ImageObject","inLanguage":"pt-BR","@id":"https:\/\/latamjournalismreview.org\/pt-br\/#\/schema\/logo\/image\/","url":"https:\/\/latamjournalismreview.org\/wp-content\/uploads\/2020\/05\/knight-latAm-review-logo.svg","contentUrl":"https:\/\/latamjournalismreview.org\/wp-content\/uploads\/2020\/05\/knight-latAm-review-logo.svg","width":"1024","height":"1024","caption":"LatAm Journalism Review"},"image":{"@id":"https:\/\/latamjournalismreview.org\/pt-br\/#\/schema\/logo\/image\/"},"sameAs":["https:\/\/x.com\/LatAmJournalism"]},{"@type":"Person","@id":"https:\/\/latamjournalismreview.org\/pt-br\/#\/schema\/person\/0315202e0b3c0963a2440f1c3012c360","name":"Guest","url":"https:\/\/latamjournalismreview.org\/pt-br\/articles\/author\/guest\/"}]}},"_links":{"self":[{"href":"https:\/\/latamjournalismreview.org\/pt-br\/wp-json\/wp\/v2\/posts\/31012","targetHints":{"allow":["GET"]}}],"collection":[{"href":"https:\/\/latamjournalismreview.org\/pt-br\/wp-json\/wp\/v2\/posts"}],"about":[{"href":"https:\/\/latamjournalismreview.org\/pt-br\/wp-json\/wp\/v2\/types\/post"}],"author":[{"embeddable":true,"href":"https:\/\/latamjournalismreview.org\/pt-br\/wp-json\/wp\/v2\/users\/17"}],"replies":[{"embeddable":true,"href":"https:\/\/latamjournalismreview.org\/pt-br\/wp-json\/wp\/v2\/comments?post=31012"}],"version-history":[{"count":1,"href":"https:\/\/latamjournalismreview.org\/pt-br\/wp-json\/wp\/v2\/posts\/31012\/revisions"}],"predecessor-version":[{"id":31014,"href":"https:\/\/latamjournalismreview.org\/pt-br\/wp-json\/wp\/v2\/posts\/31012\/revisions\/31014"}],"wp:attachment":[{"href":"https:\/\/latamjournalismreview.org\/pt-br\/wp-json\/wp\/v2\/media?parent=31012"}],"wp:term":[{"taxonomy":"category","embeddable":true,"href":"https:\/\/latamjournalismreview.org\/pt-br\/wp-json\/wp\/v2\/categories?post=31012"},{"taxonomy":"post_tag","embeddable":true,"href":"https:\/\/latamjournalismreview.org\/pt-br\/wp-json\/wp\/v2\/tags?post=31012"},{"taxonomy":"author","embeddable":true,"href":"https:\/\/latamjournalismreview.org\/pt-br\/wp-json\/wp\/v2\/coauthors?post=31012"}],"curies":[{"name":"wp","href":"https:\/\/api.w.org\/{rel}","templated":true}]}}