{"id":31286,"date":"2012-07-12T07:08:01","date_gmt":"2012-07-12T12:08:01","guid":{"rendered":"https:\/\/latamjournalismreview.org\/?p=31286"},"modified":"2021-09-12T13:09:56","modified_gmt":"2021-09-12T18:09:56","slug":"presidente-de-panama-e-acusado-de-liderar-campanha-de-desprestigio-contra-jornalistas","status":"publish","type":"post","link":"https:\/\/latamjournalismreview.org\/pt-br\/articles\/presidente-de-panama-e-acusado-de-liderar-campanha-de-desprestigio-contra-jornalistas\/","title":{"rendered":"Presidente de Panam\u00e1 \u00e9 acusado de liderar campanha de desprest\u00edgio contra jornalistas"},"content":{"rendered":"<p>A imprensa do Panam\u00e1 acusa o presidente do pa\u00eds, <a href=\"http:\/\/es.wikipedia.org\/wiki\/Ricardo_Martinelli\" target=\"_blank\" rel=\"noopener\">Ricardo Martinelli<\/a>, de ser respons\u00e1vel por uma <a href=\"http:\/\/www.s21.com.gt\/internacionales\/2012\/07\/10\/periodistas-panamenos-denuncian-ataques-contra-libertad\" target=\"_blank\" rel=\"noopener\">campanha de desprest\u00edgio contra jornalistas<\/a> cr\u00edticos de seu governo, informou a EFE.<\/p>\n<p>No primeiro semestre de 2012, foram registrados <a href=\"http:\/\/noticias.terra.com\/america-latina\/panama\/periodistas-panamenos-denuncian-ataques-contra-la-libertad-de-expresion,8dd0677e5e278310VgnVCM10000098cceb0aRCRD.html\" target=\"_blank\" rel=\"noopener\">40 ataques do tipo<\/a>, disse Filem\u00f3n Medina, do Sindicato dos Jornalistas do Panam\u00e1 \u00e0 ag\u00eancia EFE. O levantamento foi apresentado a representantes da Comiss\u00e3o Interamericana de Direitos Humanos na Costa Rica e \u00e0 Federa\u00e7\u00e3o Internacional de Jornalistas.<\/p>\n<p>O jornal Prensa denunciou a divulga\u00e7\u00e3o de um v\u00eddeo an\u00f4nimo no YouTube que <a href=\"http:\/\/www.prensa.com\/impreso\/panorama\/nuevos-ataques-de-odio-contra-periodistas\/106002?page=2\" target=\"_blank\" rel=\"noopener\">contesta a \u00e9tica de um rep\u00f3rter<\/a> da publica\u00e7\u00e3o, Santiago Cumbrera. No v\u00eddeo, uma suposta ex-colega o acusa de ass\u00e9dio sexual em seu trabalho anterior. O v\u00eddeo foi divulgado no mesmo dia em que o di\u00e1rio publicou uma reportagem especial sobre o envolvimento do presidente e de um ministro na apropria\u00e7\u00e3o ilegal de terrenos, de acordo com o Prensa. Castalia Pascual, do telejornal TVN, do Canal 2, tamb\u00e9m disse ser <a href=\"http:\/\/laestrella.com.pa\/online\/noticias\/2012\/07\/06\/martinelli-patrocina-programas-que-denigran-a-periodistas-castalia-pascual.asp\" target=\"_blank\" rel=\"noopener\">v\u00edtima de uma campanha de difama\u00e7\u00e3o<\/a>, depois de um programa de uma TV concorrente e de apoio ao governo veicular informa\u00e7\u00f5es falsos de sua vida privada, segundo o La Estrella.<\/p>\n<p>Em abril, o <a href=\"https:\/\/knightcenter.utexas.edu\/pt-br\/blog\/00-9881-imprensa-panamenha-realiza-protesto-para-exigir-respeito-do-presidente-ricardo-martinel\" target=\"_blank\" rel=\"noopener\">presidente Martinelli chamou um rep\u00f3rter de TV de viciado<\/a> durante uma coletiva de imprensa.<\/p>\n<p><a href=\"https:\/\/knightcenter.utexas.edu\/pt-br\/blog\/presidente-do-panama-critica-proprietarios-de-veiculos-de-comunicacao-em-discurso\" target=\"_blank\" rel=\"noopener\">Martinelli mant\u00e9m uma tensa rela\u00e7\u00e3o com a imprensa<\/a> de seu pa\u00eds.<\/p>\n<p><em>Nota do editor: Essa hist\u00f3ria foi publicada originalmente no blog Jornalismo nas Am\u00e9ricas do Centro Knight, o predecessor do LatAm Journalism Review.<\/em><\/p>\n","protected":false},"excerpt":{"rendered":"<p>A imprensa do Panam\u00e1 acusa o presidente do pa\u00eds, Ricardo Martinelli, de ser respons\u00e1vel por uma campanha de desprest\u00edgio contra jornalistas cr\u00edticos de seu governo, informou a EFE.<\/p>\n","protected":false},"author":40,"featured_media":0,"comment_status":"closed","ping_status":"closed","sticky":false,"template":"","format":"standard","meta":{"inline_featured_image":false,"footnotes":""},"categories":[1219],"tags":[1613,1534,1565,2051,1386],"coauthors":[],"class_list":["post-31286","post","type-post","status-publish","format-standard","hentry","category-liberdade-de-imprensa-pt-br","tag-ameacas-a-jornalistas-pt-br","tag-ataques-contra-jornalistas-pt-br","tag-difamacao-pt-br","tag-liberdade-de-expressao-pt-br","tag-panama-pt-br"],"acf":[],"yoast_head":"<!-- This site is optimized with the Yoast SEO Premium plugin v22.6 (Yoast SEO v27.4) - https:\/\/yoast.com\/product\/yoast-seo-premium-wordpress\/ -->\n<title>Presidente de Panam\u00e1 \u00e9 acusado de liderar campanha de desprest\u00edgio contra jornalistas - LatAm Journalism Review by the Knight Center<\/title>\n<meta name=\"description\" content=\"Presidente de Panam\u00e1 \u00e9 acusado de liderar campanha de desprest\u00edgio contra jornalistas Liberdade de imprensa. Latin American Journalism Review by The Knight Center at The University of Texas at Austin.\" \/>\n<meta name=\"robots\" content=\"index, follow, max-snippet:-1, max-image-preview:large, max-video-preview:-1\" \/>\n<link rel=\"canonical\" href=\"https:\/\/latamjournalismreview.org\/pt-br\/articles\/presidente-de-panama-e-acusado-de-liderar-campanha-de-desprestigio-contra-jornalistas\/\" \/>\n<meta property=\"og:locale\" content=\"pt_BR\" \/>\n<meta property=\"og:type\" content=\"article\" \/>\n<meta property=\"og:title\" content=\"Presidente de Panam\u00e1 \u00e9 acusado de liderar campanha de desprest\u00edgio contra jornalistas\" \/>\n<meta property=\"og:description\" content=\"Presidente de Panam\u00e1 \u00e9 acusado de liderar campanha de desprest\u00edgio contra jornalistas Liberdade de imprensa. Latin American Journalism Review by The Knight Center at The University of Texas at Austin.\" \/>\n<meta property=\"og:url\" content=\"https:\/\/latamjournalismreview.org\/pt-br\/articles\/presidente-de-panama-e-acusado-de-liderar-campanha-de-desprestigio-contra-jornalistas\/\" \/>\n<meta property=\"og:site_name\" content=\"LatAm Journalism Review by the Knight Center\" \/>\n<meta property=\"article:published_time\" content=\"2012-07-12T12:08:01+00:00\" \/>\n<meta property=\"article:modified_time\" content=\"2021-09-12T18:09:56+00:00\" \/>\n<meta name=\"author\" content=\"Tania Lara\" \/>\n<meta name=\"twitter:card\" content=\"summary_large_image\" \/>\n<meta name=\"twitter:creator\" content=\"@LatAmJournalism\" \/>\n<meta name=\"twitter:site\" content=\"@LatAmJournalism\" \/>\n<meta name=\"twitter:label1\" content=\"Written by\" \/>\n\t<meta name=\"twitter:data1\" content=\"Tania Lara\" \/>\n\t<meta name=\"twitter:label2\" content=\"Est. reading time\" \/>\n\t<meta name=\"twitter:data2\" content=\"1 minuto\" \/>\n<script type=\"application\/ld+json\" class=\"yoast-schema-graph\">{\"@context\":\"https:\\\/\\\/schema.org\",\"@graph\":[{\"@type\":\"Article\",\"@id\":\"https:\\\/\\\/latamjournalismreview.org\\\/pt-br\\\/articles\\\/presidente-de-panama-e-acusado-de-liderar-campanha-de-desprestigio-contra-jornalistas\\\/#article\",\"isPartOf\":{\"@id\":\"https:\\\/\\\/latamjournalismreview.org\\\/pt-br\\\/articles\\\/presidente-de-panama-e-acusado-de-liderar-campanha-de-desprestigio-contra-jornalistas\\\/\"},\"author\":{\"name\":\"Tania Lara\",\"@id\":\"https:\\\/\\\/latamjournalismreview.org\\\/pt-br\\\/#\\\/schema\\\/person\\\/51558925140f21242c6ed2d20b8260c5\"},\"headline\":\"Presidente de Panam\u00e1 \u00e9 acusado de liderar campanha de desprest\u00edgio contra jornalistas\",\"datePublished\":\"2012-07-12T12:08:01+00:00\",\"dateModified\":\"2021-09-12T18:09:56+00:00\",\"mainEntityOfPage\":{\"@id\":\"https:\\\/\\\/latamjournalismreview.org\\\/pt-br\\\/articles\\\/presidente-de-panama-e-acusado-de-liderar-campanha-de-desprestigio-contra-jornalistas\\\/\"},\"wordCount\":269,\"publisher\":{\"@id\":\"https:\\\/\\\/latamjournalismreview.org\\\/pt-br\\\/#organization\"},\"keywords\":[\"Amea\u00e7as a jornalistas\",\"Ataques contra jornalistas\",\"Difama\u00e7\u00e3o\",\"Liberdade de express\u00e3o\",\"Panam\u00e1\"],\"articleSection\":[\"Liberdade de imprensa\"],\"inLanguage\":\"pt-BR\"},{\"@type\":\"WebPage\",\"@id\":\"https:\\\/\\\/latamjournalismreview.org\\\/pt-br\\\/articles\\\/presidente-de-panama-e-acusado-de-liderar-campanha-de-desprestigio-contra-jornalistas\\\/\",\"url\":\"https:\\\/\\\/latamjournalismreview.org\\\/pt-br\\\/articles\\\/presidente-de-panama-e-acusado-de-liderar-campanha-de-desprestigio-contra-jornalistas\\\/\",\"name\":\"Presidente de Panam\u00e1 \u00e9 acusado de liderar campanha de desprest\u00edgio contra jornalistas - LatAm Journalism Review by the Knight Center\",\"isPartOf\":{\"@id\":\"https:\\\/\\\/latamjournalismreview.org\\\/pt-br\\\/#website\"},\"datePublished\":\"2012-07-12T12:08:01+00:00\",\"dateModified\":\"2021-09-12T18:09:56+00:00\",\"description\":\"Presidente de Panam\u00e1 \u00e9 acusado de liderar campanha de desprest\u00edgio contra jornalistas Liberdade de imprensa. Latin American Journalism Review by The Knight Center at The University of Texas at Austin.\",\"breadcrumb\":{\"@id\":\"https:\\\/\\\/latamjournalismreview.org\\\/pt-br\\\/articles\\\/presidente-de-panama-e-acusado-de-liderar-campanha-de-desprestigio-contra-jornalistas\\\/#breadcrumb\"},\"inLanguage\":\"pt-BR\",\"potentialAction\":[{\"@type\":\"ReadAction\",\"target\":[\"https:\\\/\\\/latamjournalismreview.org\\\/pt-br\\\/articles\\\/presidente-de-panama-e-acusado-de-liderar-campanha-de-desprestigio-contra-jornalistas\\\/\"]}]},{\"@type\":\"BreadcrumbList\",\"@id\":\"https:\\\/\\\/latamjournalismreview.org\\\/pt-br\\\/articles\\\/presidente-de-panama-e-acusado-de-liderar-campanha-de-desprestigio-contra-jornalistas\\\/#breadcrumb\",\"itemListElement\":[{\"@type\":\"ListItem\",\"position\":1,\"name\":\"Home\",\"item\":\"https:\\\/\\\/latamjournalismreview.org\\\/pt-br\\\/\"},{\"@type\":\"ListItem\",\"position\":2,\"name\":\"Presidente de Panam\u00e1 \u00e9 acusado de liderar campanha de desprest\u00edgio contra jornalistas\"}]},{\"@type\":\"WebSite\",\"@id\":\"https:\\\/\\\/latamjournalismreview.org\\\/pt-br\\\/#website\",\"url\":\"https:\\\/\\\/latamjournalismreview.org\\\/pt-br\\\/\",\"name\":\"LatAm Journalism Review\",\"description\":\"Digital magazine on journalism in Latin America\",\"publisher\":{\"@id\":\"https:\\\/\\\/latamjournalismreview.org\\\/pt-br\\\/#organization\"},\"potentialAction\":[{\"@type\":\"SearchAction\",\"target\":{\"@type\":\"EntryPoint\",\"urlTemplate\":\"https:\\\/\\\/latamjournalismreview.org\\\/pt-br\\\/?s={search_term_string}\"},\"query-input\":{\"@type\":\"PropertyValueSpecification\",\"valueRequired\":true,\"valueName\":\"search_term_string\"}}],\"inLanguage\":\"pt-BR\"},{\"@type\":\"Organization\",\"@id\":\"https:\\\/\\\/latamjournalismreview.org\\\/pt-br\\\/#organization\",\"name\":\"LatAm Journalism Review\",\"url\":\"https:\\\/\\\/latamjournalismreview.org\\\/pt-br\\\/\",\"logo\":{\"@type\":\"ImageObject\",\"inLanguage\":\"pt-BR\",\"@id\":\"https:\\\/\\\/latamjournalismreview.org\\\/pt-br\\\/#\\\/schema\\\/logo\\\/image\\\/\",\"url\":\"https:\\\/\\\/latamjournalismreview.org\\\/wp-content\\\/uploads\\\/2020\\\/05\\\/knight-latAm-review-logo.svg\",\"contentUrl\":\"https:\\\/\\\/latamjournalismreview.org\\\/wp-content\\\/uploads\\\/2020\\\/05\\\/knight-latAm-review-logo.svg\",\"width\":\"1024\",\"height\":\"1024\",\"caption\":\"LatAm Journalism Review\"},\"image\":{\"@id\":\"https:\\\/\\\/latamjournalismreview.org\\\/pt-br\\\/#\\\/schema\\\/logo\\\/image\\\/\"},\"sameAs\":[\"https:\\\/\\\/x.com\\\/LatAmJournalism\"]},{\"@type\":\"Person\",\"@id\":\"https:\\\/\\\/latamjournalismreview.org\\\/pt-br\\\/#\\\/schema\\\/person\\\/51558925140f21242c6ed2d20b8260c5\",\"name\":\"Tania Lara\",\"url\":\"https:\\\/\\\/latamjournalismreview.org\\\/pt-br\\\/articles\\\/author\\\/tania-lara\\\/\"}]}<\/script>\n<!-- \/ Yoast SEO Premium plugin. -->","yoast_head_json":{"title":"Presidente de Panam\u00e1 \u00e9 acusado de liderar campanha de desprest\u00edgio contra jornalistas - LatAm Journalism Review by the Knight Center","description":"Presidente de Panam\u00e1 \u00e9 acusado de liderar campanha de desprest\u00edgio contra jornalistas Liberdade de imprensa. Latin American Journalism Review by The Knight Center at The University of Texas at Austin.","robots":{"index":"index","follow":"follow","max-snippet":"max-snippet:-1","max-image-preview":"max-image-preview:large","max-video-preview":"max-video-preview:-1"},"canonical":"https:\/\/latamjournalismreview.org\/pt-br\/articles\/presidente-de-panama-e-acusado-de-liderar-campanha-de-desprestigio-contra-jornalistas\/","og_locale":"pt_BR","og_type":"article","og_title":"Presidente de Panam\u00e1 \u00e9 acusado de liderar campanha de desprest\u00edgio contra jornalistas","og_description":"Presidente de Panam\u00e1 \u00e9 acusado de liderar campanha de desprest\u00edgio contra jornalistas Liberdade de imprensa. Latin American Journalism Review by The Knight Center at The University of Texas at Austin.","og_url":"https:\/\/latamjournalismreview.org\/pt-br\/articles\/presidente-de-panama-e-acusado-de-liderar-campanha-de-desprestigio-contra-jornalistas\/","og_site_name":"LatAm Journalism Review by the Knight Center","article_published_time":"2012-07-12T12:08:01+00:00","article_modified_time":"2021-09-12T18:09:56+00:00","author":"Tania Lara","twitter_card":"summary_large_image","twitter_creator":"@LatAmJournalism","twitter_site":"@LatAmJournalism","twitter_misc":{"Written by":"Tania Lara","Est. reading time":"1 minuto"},"schema":{"@context":"https:\/\/schema.org","@graph":[{"@type":"Article","@id":"https:\/\/latamjournalismreview.org\/pt-br\/articles\/presidente-de-panama-e-acusado-de-liderar-campanha-de-desprestigio-contra-jornalistas\/#article","isPartOf":{"@id":"https:\/\/latamjournalismreview.org\/pt-br\/articles\/presidente-de-panama-e-acusado-de-liderar-campanha-de-desprestigio-contra-jornalistas\/"},"author":{"name":"Tania Lara","@id":"https:\/\/latamjournalismreview.org\/pt-br\/#\/schema\/person\/51558925140f21242c6ed2d20b8260c5"},"headline":"Presidente de Panam\u00e1 \u00e9 acusado de liderar campanha de desprest\u00edgio contra jornalistas","datePublished":"2012-07-12T12:08:01+00:00","dateModified":"2021-09-12T18:09:56+00:00","mainEntityOfPage":{"@id":"https:\/\/latamjournalismreview.org\/pt-br\/articles\/presidente-de-panama-e-acusado-de-liderar-campanha-de-desprestigio-contra-jornalistas\/"},"wordCount":269,"publisher":{"@id":"https:\/\/latamjournalismreview.org\/pt-br\/#organization"},"keywords":["Amea\u00e7as a jornalistas","Ataques contra jornalistas","Difama\u00e7\u00e3o","Liberdade de express\u00e3o","Panam\u00e1"],"articleSection":["Liberdade de imprensa"],"inLanguage":"pt-BR"},{"@type":"WebPage","@id":"https:\/\/latamjournalismreview.org\/pt-br\/articles\/presidente-de-panama-e-acusado-de-liderar-campanha-de-desprestigio-contra-jornalistas\/","url":"https:\/\/latamjournalismreview.org\/pt-br\/articles\/presidente-de-panama-e-acusado-de-liderar-campanha-de-desprestigio-contra-jornalistas\/","name":"Presidente de Panam\u00e1 \u00e9 acusado de liderar campanha de desprest\u00edgio contra jornalistas - LatAm Journalism Review by the Knight Center","isPartOf":{"@id":"https:\/\/latamjournalismreview.org\/pt-br\/#website"},"datePublished":"2012-07-12T12:08:01+00:00","dateModified":"2021-09-12T18:09:56+00:00","description":"Presidente de Panam\u00e1 \u00e9 acusado de liderar campanha de desprest\u00edgio contra jornalistas Liberdade de imprensa. Latin American Journalism Review by The Knight Center at The University of Texas at Austin.","breadcrumb":{"@id":"https:\/\/latamjournalismreview.org\/pt-br\/articles\/presidente-de-panama-e-acusado-de-liderar-campanha-de-desprestigio-contra-jornalistas\/#breadcrumb"},"inLanguage":"pt-BR","potentialAction":[{"@type":"ReadAction","target":["https:\/\/latamjournalismreview.org\/pt-br\/articles\/presidente-de-panama-e-acusado-de-liderar-campanha-de-desprestigio-contra-jornalistas\/"]}]},{"@type":"BreadcrumbList","@id":"https:\/\/latamjournalismreview.org\/pt-br\/articles\/presidente-de-panama-e-acusado-de-liderar-campanha-de-desprestigio-contra-jornalistas\/#breadcrumb","itemListElement":[{"@type":"ListItem","position":1,"name":"Home","item":"https:\/\/latamjournalismreview.org\/pt-br\/"},{"@type":"ListItem","position":2,"name":"Presidente de Panam\u00e1 \u00e9 acusado de liderar campanha de desprest\u00edgio contra jornalistas"}]},{"@type":"WebSite","@id":"https:\/\/latamjournalismreview.org\/pt-br\/#website","url":"https:\/\/latamjournalismreview.org\/pt-br\/","name":"LatAm Journalism Review","description":"Digital magazine on journalism in Latin America","publisher":{"@id":"https:\/\/latamjournalismreview.org\/pt-br\/#organization"},"potentialAction":[{"@type":"SearchAction","target":{"@type":"EntryPoint","urlTemplate":"https:\/\/latamjournalismreview.org\/pt-br\/?s={search_term_string}"},"query-input":{"@type":"PropertyValueSpecification","valueRequired":true,"valueName":"search_term_string"}}],"inLanguage":"pt-BR"},{"@type":"Organization","@id":"https:\/\/latamjournalismreview.org\/pt-br\/#organization","name":"LatAm Journalism Review","url":"https:\/\/latamjournalismreview.org\/pt-br\/","logo":{"@type":"ImageObject","inLanguage":"pt-BR","@id":"https:\/\/latamjournalismreview.org\/pt-br\/#\/schema\/logo\/image\/","url":"https:\/\/latamjournalismreview.org\/wp-content\/uploads\/2020\/05\/knight-latAm-review-logo.svg","contentUrl":"https:\/\/latamjournalismreview.org\/wp-content\/uploads\/2020\/05\/knight-latAm-review-logo.svg","width":"1024","height":"1024","caption":"LatAm Journalism Review"},"image":{"@id":"https:\/\/latamjournalismreview.org\/pt-br\/#\/schema\/logo\/image\/"},"sameAs":["https:\/\/x.com\/LatAmJournalism"]},{"@type":"Person","@id":"https:\/\/latamjournalismreview.org\/pt-br\/#\/schema\/person\/51558925140f21242c6ed2d20b8260c5","name":"Tania Lara","url":"https:\/\/latamjournalismreview.org\/pt-br\/articles\/author\/tania-lara\/"}]}},"_links":{"self":[{"href":"https:\/\/latamjournalismreview.org\/pt-br\/wp-json\/wp\/v2\/posts\/31286","targetHints":{"allow":["GET"]}}],"collection":[{"href":"https:\/\/latamjournalismreview.org\/pt-br\/wp-json\/wp\/v2\/posts"}],"about":[{"href":"https:\/\/latamjournalismreview.org\/pt-br\/wp-json\/wp\/v2\/types\/post"}],"author":[{"embeddable":true,"href":"https:\/\/latamjournalismreview.org\/pt-br\/wp-json\/wp\/v2\/users\/40"}],"replies":[{"embeddable":true,"href":"https:\/\/latamjournalismreview.org\/pt-br\/wp-json\/wp\/v2\/comments?post=31286"}],"version-history":[{"count":1,"href":"https:\/\/latamjournalismreview.org\/pt-br\/wp-json\/wp\/v2\/posts\/31286\/revisions"}],"predecessor-version":[{"id":31287,"href":"https:\/\/latamjournalismreview.org\/pt-br\/wp-json\/wp\/v2\/posts\/31286\/revisions\/31287"}],"wp:attachment":[{"href":"https:\/\/latamjournalismreview.org\/pt-br\/wp-json\/wp\/v2\/media?parent=31286"}],"wp:term":[{"taxonomy":"category","embeddable":true,"href":"https:\/\/latamjournalismreview.org\/pt-br\/wp-json\/wp\/v2\/categories?post=31286"},{"taxonomy":"post_tag","embeddable":true,"href":"https:\/\/latamjournalismreview.org\/pt-br\/wp-json\/wp\/v2\/tags?post=31286"},{"taxonomy":"author","embeddable":true,"href":"https:\/\/latamjournalismreview.org\/pt-br\/wp-json\/wp\/v2\/coauthors?post=31286"}],"curies":[{"name":"wp","href":"https:\/\/api.w.org\/{rel}","templated":true}]}}