{"id":3144,"date":"2020-01-08T15:01:54","date_gmt":"2020-01-08T20:01:54","guid":{"rendered":"https:\/\/live-lajr.pantheonsite.io\/?p=3144"},"modified":"2020-06-17T17:06:49","modified_gmt":"2020-06-17T22:06:49","slug":"jornalistas-cubanos-independentes-resistem-apesar-do-aumento-das-detencoes-arbitrarias-e-restricoes-de-viagem","status":"publish","type":"post","link":"https:\/\/latamjournalismreview.org\/pt-br\/articles\/jornalistas-cubanos-independentes-resistem-apesar-do-aumento-das-detencoes-arbitrarias-e-restricoes-de-viagem\/","title":{"rendered":"Jornalistas cubanos independentes resistem apesar do aumento das deten\u00e7\u00f5es arbitr\u00e1rias e restri\u00e7\u00f5es de viagem"},"content":{"rendered":"<p><em>**Esta nota foi atualizada<\/em><\/p>\n<p>Ao longo de 2019, houve mais de tr\u00eas mil deten\u00e7\u00f5es arbitr\u00e1rias em Cuba,\u00a0<a href=\"https:\/\/observacuba.org\/ocdh-cuba-entra-en-un-nuevo-ano-sin-abandonar-el-largo-ciclo-represivo-y-de-atraso-que-vive-desde-hace-seis-decadas\/?fbclid=IwAR0OIp4kksjpJ8Y0W-GMqWLbngBOpauRzGewuD16X_-nnIG-hBzqCRNL22o\">v\u00e1rias delas contra dezenas de jornalistas independentes<\/a>, ativistas e opositores pol\u00edticos, de acordo com um relat\u00f3rio recente do Observat\u00f3rio Cubano de Direitos Humanos (OCDH).<br \/>\n\u200b\u200b\u200b\u200b\u200b\u200b\u200b<br \/>\n\"O ano passado foi caracterizado pelo aumento de pris\u00f5es em vias p\u00fablicas sem mandado, buscas domiciliares, multas, confisco de propriedades particulares, espancamentos, amea\u00e7as e reten\u00e7\u00f5es ilegais contra ativistas de direitos humanos e jornalistas independentes\", afirmou a organiza\u00e7\u00e3o, destacando o aumento dessas medidas em rela\u00e7\u00e3o ao ano de 2018.<\/p>\n<p>At\u00e9 janeiro de 2013, qualquer cubano que desejasse viajar para fora do pa\u00eds tinha que solicitar uma autoriza\u00e7\u00e3o de sa\u00edda. No entanto, apesar de Cuba\u00a0<a href=\"http:\/\/www.granma.cu\/cuba\/2018-01-16\/principales-cambios-a-la-politica-migratoria-en-los-ultimos-cinco-anos-16-01-2018-00-01-45\">ter flexibilizado sua pol\u00edtica migrat\u00f3ria h\u00e1 sete anos<\/a>, seus cidad\u00e3os, especialmente ativistas, pol\u00edticos da oposi\u00e7\u00e3o e jornalistas, enfrentam severas restri\u00e7\u00f5es para viajar para o exterior, de acordo com uma entrevista de Luz Escobar, jornalista do 14ymedio, concedida ao\u00a0<strong>Centro Knight<\/strong>.<\/p>\n<div><a href=\"https:\/\/knightcenter.utexas.edu\/es\/blog\/[URL%20for%20whatever%20site%20you%20want%20the%20user%20to%20go%20to%20when%20he%20clicks%20on%20the%20picture]\" target=\"_blank\" rel=\"noopener noreferrer\"><img loading=\"lazy\" decoding=\"async\" class=\"alignleft\" src=\"https:\/\/live.staticflickr.com\/65535\/49353531711_f5b7723fc3_o.png\" alt=\"man on airport\" width=\"430\" height=\"318\" \/><\/a><\/div>\n<p>\"N\u00e3o h\u00e1 o direito de circular livremente dentro do pa\u00eds\", disse Escobar.<\/p>\n<p>A jornalista, que nos \u00faltimos meses foi afetada v\u00e1rias vezes por pris\u00f5es domiciliares e proibi\u00e7\u00f5es de deixar o pa\u00eds, disse que essas medidas restritivas pioraram nos \u00faltimos dois anos, tornando-se mais arbitr\u00e1rias.<\/p>\n<p>\u200b\u200b\u200b\u200b\u200b\u200b\u200b\"O que costumava acontecer comigo duas vezes por ano, aconteceu\u00a0cinco ou seis vezes s\u00f3 nos \u00faltimos seis meses\", disse Escobar. \u201cOu seja, percebo que eles colocaram mais foco no meu trabalho, e acho que o objetivo \u00e9 que eu pare de fazer o que fa\u00e7o, porque foi isso que eles me disseram na \u00faltima vez em que eu estive diante de um oficial em um interrogat\u00f3rio, que o objetivo \u00e9 que eu pare de fazer jornalismo.\u201d<\/p>\n<p>Segundo o Comit\u00ea para a Prote\u00e7\u00e3o dos Jornalistas (CPJ), as autoridades\u00a0<a href=\"https:\/\/cpj.org\/es\/2019\/12\/las-autoridades-cubanas-reiteradamente-le-impiden-.php\">impediram Escobar de deixar o pa\u00eds<\/a>\u00a0em 22 de maio, 19 de agosto e 21 de setembro de 2019, sem nenhuma ordem judicial ou aviso pr\u00e9vio. Da mesma forma, via Twitter, a jornalista denunciou repetidamente que agentes da Seguran\u00e7a do Estado<a href=\"https:\/\/twitter.com\/Luz_Cuba\/status\/1199116265652178947?s=20\">\u00a0a proibiram de sair de casa<\/a>.<\/p>\n<p>\u201cS\u00e3o 24 horas que voc\u00ea n\u00e3o pode sair de casa, depois de tr\u00eas dias eles voltam e fazem isso com voc\u00ea de novo, mas passa, passa, e \u00e9 preciso ter resist\u00eancia. Penso que, ao final, \u00e9 uma corrida de resist\u00eancia em que \u00e9 preciso ter as prioridades muito claras, e tamb\u00e9m \u00e9 muito claro at\u00e9 que ponto eles s\u00e3o capazes de chegar. Eu acho que o medo n\u00e3o pode nos vencer nesses casos, porque esse \u00e9 o objetivo. O objetivo \u00e9 que tenhamos medo\u201d, disse Escobar.<\/p>\n<p>\"\u00c9 uma maneira menos violenta do que outras de exercer press\u00e3o, de chantagear \u2013for\u00e7ar jornalistas a dialogar com as autoridades\u2013, desencorajar, em \u00faltima inst\u00e2ncia, o trabalho dos jornalistas, \u00e9 disso que se trata\", disse Maykel Gonz\u00e1lez, cofundador e diretor do site de jornalismo independente Tremenda Nota, ao<strong>\u00a0Centro Knight.<\/strong><\/p>\n<p>Segundo Gonz\u00e1lez, essa regra de \"regula\u00e7\u00e3o\" do governo \u00e9 voltada principalmente para jornalistas, ativistas, pol\u00edticos, opositores, mas tamb\u00e9m est\u00e1 atingindo cada vez mais pessoas, como m\u00e9dicos, especialistas e at\u00e9\u00a0<a href=\"https:\/\/www.tremendanota.com\/cuba-prohibe-dejar-el-pais-a-menores-de-edad-que-destacan-como-jugadores-de-beisbol\/\">atletas menores de idade e de alto desempenho<\/a>. Outro objetivo dessas regula\u00e7\u00f5es governamentais \u00e9 for\u00e7ar o ex\u00edlio de vozes dissidentes, disse o jornalista.<\/p>\n<p>\"Em breve teremos que fazer uma lista daqueles que agora est\u00e3o livres para deixar o pa\u00eds quando quiserem, em vez daqueles que s\u00e3o mantidos \u00e0 for\u00e7a no pa\u00eds\", disse Gonz\u00e1lez.<\/p>\n<p>O jornalista disse que, depois de voltar de uma viagem de v\u00e1rios meses que come\u00e7ou em maio passado, ap\u00f3s cobrir um protesto da comunidade LGBTI na capital cubana, ele foi interrogado por policiais no Aeroporto Internacional Jos\u00e9 Mart\u00ed, em Havana, onde passou algumas horas sob cust\u00f3dia antes de ser libertado. Mais tarde, quando tentou viajar em 2 de dezembro para a Espanha, soube no aeroporto que o Minist\u00e9rio do Interior tinha proibido a sua sa\u00edda.<\/p>\n<div><a href=\"https:\/\/knightcenter.utexas.edu\/es\/blog\/[URL%20for%20whatever%20site%20you%20want%20the%20user%20to%20go%20to%20when%20he%20clicks%20on%20the%20picture]\" target=\"_blank\" rel=\"noopener noreferrer\"><img loading=\"lazy\" decoding=\"async\" class=\"alignright\" src=\"https:\/\/live.staticflickr.com\/65535\/49353745577_24c6521722_o.png\" alt=\"airport\" width=\"397\" height=\"294\" \/><\/a><\/div>\n<p>\"N\u00e3o s\u00f3 fui v\u00edtima de uma proibi\u00e7\u00e3o de sair, o que me afeta muito, mas tamb\u00e9m de muito ass\u00e9dio e persegui\u00e7\u00e3o, inc\u00f4modos na vida cotidiana que na verdade me causaram muito mais danos psicol\u00f3gicos do que a proibi\u00e7\u00e3o de sa\u00edda\" disse Gonz\u00e1lez.<\/p>\n<p>Em dezembro de 2019, al\u00e9m de Gonz\u00e1lez, o youtuber e o colaborador do Tremenda Nota Nelson \u00c1lvarez Mairata tamb\u00e9m n\u00e3o conseguiu deixar o pa\u00eds, segundo a\u00a0<a href=\"https:\/\/www.aplpcuba.org\/index.php\/documentos\/categorias\/mensuales\/253-agresiones-a-periodistas-en-cuba-diciembre2019\">Associa\u00e7\u00e3o Pr\u00f3-Liberdade de Imprensa<\/a>\u00a0(APLP) de Cuba. Segundo a organiza\u00e7\u00e3o, outro jornalista, Yunior Berges, foi interrogado ao retornar de Trinidad e Tobago e amea\u00e7ado de n\u00e3o poder voltar a Cuba em uma pr\u00f3xima viagem. Berges havia viajado para o pa\u00eds da Am\u00e9rica Central para participar de um workshop de jornalismo.<\/p>\n<p>Nesse m\u00eas, outros tr\u00eas jornalistas sofreram pris\u00e3o domiciliar, resgistrou a APLP: Camila Acosta Rodr\u00edguez, do Clube de Escritores e Artistas de Cuba, Iliana Hern\u00e1ndez de CiberCuba e o blogueiro Agust\u00edn L\u00f3pez Canino.<\/p>\n<p>\u201cO Estado, por meio de sua pol\u00edcia pol\u00edtica, joga com essa situa\u00e7\u00e3o. A certa altura, voc\u00ea \u00e9 'regulado', mas ap\u00f3s alguns meses eles suspendem a medida e, em seguida a imp\u00f5em novamente. Ao mesmo tempo, alguns nunca foram 'regulados', o que pode ser uma estrat\u00e9gia para gerar desconfian\u00e7a\u201d, disse Jos\u00e9 Antonio Fornaris Ramos, presidente da APLP, ao\u00a0<strong>Centro Knight<\/strong>.<\/p>\n<p>Sobre\u00a0<a href=\"https:\/\/www.cibercuba.com\/noticias\/2019-10-02-u1-e129488-s27061-bruno-rodriguez-pregunta-regulados-cuba-no-lo-habria-ver-caso\">a quest\u00e3o das restri\u00e7\u00f5es migrat\u00f3rias contra opositores e jornalistas independentes,<\/a>\u00a0o ministro do Interior de Cuba, Bruno Rodr\u00edguez, disse \u00e0 Associated Press (AP), em entrevista coletiva em outubro de 2019, que seria necess\u00e1rio analisar caso a caso para saber as justificativas, segundo publicou CiberCuba.<\/p>\n<p>O fundador e diretor da revista cubana de jornalismo narrativo El Estornudo, Abraham Jim\u00e9nez Enoa, nunca saiu de Cuba. Jim\u00e9nez disse ao\u00a0<strong>Centro Knight\u00a0<\/strong>que tem uma restri\u00e7\u00e3o de imigra\u00e7\u00e3o do governo desde 2016, v\u00e1lida at\u00e9 2021.<\/p>\n<p>\u201cO governo decide se eu saio ou n\u00e3o. Obviamente, pedi permiss\u00e3o v\u00e1rias vezes e sempre me disseram n\u00e3o, e em outras ocasi\u00f5es eles nem sequer me responderam\u201d, disse. \"Em Cuba, voc\u00ea nunca sabe a causa expl\u00edcita ou expressa, de forma clara, sobre uma decis\u00e3o tomada.\"<\/p>\n<p>Para Jim\u00e9nez, h\u00e1 muitos fatores que explicam o aumento das restri\u00e7\u00f5es contra jornalistas. Um dos principais \u00e9 o uso e acesso \u00e0 internet na ilha. \u201cEu acho que, por um lado, a Internet est\u00e1 ajudando a mostrar essa outra face de Cuba que ficou escondida por muitos anos. E, por outro lado, justamente pela Internet, o Estado decidiu aumentar sua repress\u00e3o contra opositores e dissidentes, ent\u00e3o, acho que a coisa se passa nessas duas vias\u201d, explicou.<\/p>\n<p>Jim\u00e9nez disse que, em dezembro, agentes da Seguran\u00e7a do Estado o mantiveram em casa. \u201cFoi a segunda vez que eles n\u00e3o me deixam sair de casa em cinco meses. Novamente estive em um interrogat\u00f3rio, assediaram e amea\u00e7aram a minha fam\u00edlia, meus parentes, o normal de Cuba. Bom, n\u00e3o \u00e9 normal, mas \u00e9 o que acontece neste pa\u00eds quando voc\u00ea de alguma forma voc\u00ea encara o regime. S\u00f3 por ser jornalista\u201d, afirmou.<\/p>\n<p>Em um texto que Jim\u00e9nez escreveu para o The New York Times no Dia Internacional dos Direitos Humanos, em dezembro de 2019, ele disse que em Cuba n\u00e3o\u00a0<a href=\"https:\/\/www.nytimes.com\/es\/2019\/12\/11\/espanol\/opinion\/periodismo-cuba.html\">h\u00e1 diferen\u00e7a entre um jornalista independente e um criminoso comum<\/a>. \"As pris\u00f5es e o ass\u00e9dio contra os meus colegas e contra mim nos \u00faltimos meses mostram um ressurgimento das pol\u00edticas cubanas contra a liberdade de imprensa e o acesso \u00e0 informa\u00e7\u00e3o\", disse.<\/p>\n<p>Jim\u00e9nez n\u00e3o tem d\u00favida de que continuar\u00e1 a praticar jornalismo na ilha, apesar de todos os obst\u00e1culos que enfrenta. De l\u00e1, ele colabora com o The New York Times, o Washington Post, BBC, Al Jazeera, Vice, Univisi\u00f3n, L'Internazionale de Italia, Le Courrier International de France, entre outros.<\/p>\n<p>Os sites do El Estornudo, 14ymedio e Tremenda Nota, entre muitos outros portais de jornalismo independente em Cuba, est\u00e3o bloqueados na ilha. A \u00fanica maneira que os cubanos conseguem acessar esse conte\u00fado \u00e9 por meio de\u00a0<a href=\"https:\/\/www.welivesecurity.com\/la-es\/2020\/01\/02\/que-es-proxy-para-que-sirve\/\">servidores proxy<\/a>,\u00a0<a href=\"https:\/\/www.pcyredes.com\/index.php\/2018\/08\/29\/que-es-una-conexion-vpn-para-que-sirve-y-como-conectarnos-a-ella\/\">conex\u00f5es VPN<\/a>, bots via Telegram ou WhatsApp, bem como newsletter semanais ou boletins enviados por email.<\/p>\n<p>\"Eu tenho todo o direito de fazer o jornalismo que fa\u00e7o, e os que est\u00e3o fazendo algo de errado s\u00e3o eles. Isso me ajuda muito a entender que n\u00e3o tenho culpa\", disse Escobar. \u201cEu vou continuar fazendo meu trabalho e ponto final. Acho que isso me mant\u00e9m bem a salvo da loucura, do estresse e da inseguran\u00e7a que essas situa\u00e7\u00f5es podem criar\u201d, afirmou.<\/p>\n<p>Gonz\u00e1lez disse que, desde que os cubanos passaram a ter mais acesso \u00e0 Internet, em 2014, h\u00e1 um novo ar no jornalismo independente que se faz na ilha, \"depois de tantas d\u00e9cadas de sil\u00eancio\". No entanto, o jornalismo investigativo, devido \u00e0 falta de acesso a fontes oficiais e \u00e0 censura do governo contra vozes cr\u00edticas, continua sendo uma das grandes quest\u00f5es pendentes, ressaltou.<\/p>\n<p>\u201cJ\u00e1 \u00e9 muito, muito dif\u00edcil fazer coberturas pequenas e contar as hist\u00f3rias mais simples. Imagina se tent\u00e1ssemos contar as grandes hist\u00f3rias que, de alguma forma, realmente comprometem as zonas de poder? Ser\u00edamos apagados. Apagados\u201d, disse.<\/p>\n<p><em>*O<\/em><strong><em>\u00a0Centro Knight<\/em><\/strong><em>\u00a0tentou sem sucesso entrar em contato com o Minist\u00e9rio do Interior cubano.<\/em><\/p>\n<p><em>**Esta nota foi atualizada para esclarecer o trabalho do jornalista Yunior Berges.<\/em><\/p>\n","protected":false},"excerpt":{"rendered":"<p>Ao longo de 2019, houve mais de tr\u00eas mil deten\u00e7\u00f5es arbitr\u00e1rias em Cuba,\u00a0v\u00e1rias delas contra dezenas de jornalistas independentes, ativistas e opositores pol\u00edticos, de acordo com um relat\u00f3rio recente do Observat\u00f3rio Cubano de Direitos Humanos (OCDH)<\/p>\n","protected":false},"author":4,"featured_media":3139,"comment_status":"closed","ping_status":"closed","sticky":false,"template":"","format":"standard","meta":{"inline_featured_image":false,"footnotes":""},"categories":[1219],"tags":[1397,1567],"coauthors":[],"class_list":["post-3144","post","type-post","status-publish","format-standard","has-post-thumbnail","hentry","category-liberdade-de-imprensa-pt-br","tag-cuba-pt-br-2","tag-detencoes-pt-br"],"acf":[],"yoast_head":"<!-- This site is optimized with the Yoast SEO Premium plugin v22.6 (Yoast SEO v27.4) - https:\/\/yoast.com\/product\/yoast-seo-premium-wordpress\/ -->\n<title>Jornalistas cubanos independentes resistem apesar do aumento das deten\u00e7\u00f5es arbitr\u00e1rias e restri\u00e7\u00f5es de viagem - LatAm Journalism Review by the Knight Center<\/title>\n<meta name=\"description\" content=\"Jornalistas cubanos independentes resistem apesar do aumento das deten\u00e7\u00f5es arbitr\u00e1rias e restri\u00e7\u00f5es de viagem . Latin American Journalism Review by The Knight Center at The University of Texas at Austin.\" \/>\n<meta name=\"robots\" content=\"index, follow, max-snippet:-1, max-image-preview:large, max-video-preview:-1\" \/>\n<link rel=\"canonical\" href=\"https:\/\/latamjournalismreview.org\/pt-br\/articles\/jornalistas-cubanos-independentes-resistem-apesar-do-aumento-das-detencoes-arbitrarias-e-restricoes-de-viagem\/\" \/>\n<meta property=\"og:locale\" content=\"pt_BR\" \/>\n<meta property=\"og:type\" content=\"article\" \/>\n<meta property=\"og:title\" content=\"Jornalistas cubanos independentes resistem apesar do aumento das deten\u00e7\u00f5es arbitr\u00e1rias e restri\u00e7\u00f5es de viagem\" \/>\n<meta property=\"og:description\" content=\"Jornalistas cubanos independentes resistem apesar do aumento das deten\u00e7\u00f5es arbitr\u00e1rias e restri\u00e7\u00f5es de viagem . Latin American Journalism Review by The Knight Center at The University of Texas at Austin.\" \/>\n<meta property=\"og:url\" content=\"https:\/\/latamjournalismreview.org\/pt-br\/articles\/jornalistas-cubanos-independentes-resistem-apesar-do-aumento-das-detencoes-arbitrarias-e-restricoes-de-viagem\/\" \/>\n<meta property=\"og:site_name\" content=\"LatAm Journalism Review by the Knight Center\" \/>\n<meta property=\"article:published_time\" content=\"2020-01-08T20:01:54+00:00\" \/>\n<meta property=\"article:modified_time\" content=\"2020-06-17T22:06:49+00:00\" \/>\n<meta property=\"og:image\" content=\"https:\/\/latamjournalismreview.org\/wp-content\/uploads\/2020\/05\/49353745577_24c6521722_o-e1590609876358.png\" \/>\n\t<meta property=\"og:image:width\" content=\"507\" \/>\n\t<meta property=\"og:image:height\" content=\"376\" \/>\n\t<meta property=\"og:image:type\" content=\"image\/png\" \/>\n<meta name=\"author\" content=\"Paola Nalvarte\" \/>\n<meta name=\"twitter:card\" content=\"summary_large_image\" \/>\n<meta name=\"twitter:creator\" content=\"@paolanalvarte\" \/>\n<meta name=\"twitter:site\" content=\"@LatAmJournalism\" \/>\n<meta name=\"twitter:label1\" content=\"Written by\" \/>\n\t<meta name=\"twitter:data1\" content=\"Paola Nalvarte\" \/>\n\t<meta name=\"twitter:label2\" content=\"Est. reading time\" \/>\n\t<meta name=\"twitter:data2\" content=\"8 minutos\" \/>\n<script type=\"application\/ld+json\" class=\"yoast-schema-graph\">{\"@context\":\"https:\\\/\\\/schema.org\",\"@graph\":[{\"@type\":\"Article\",\"@id\":\"https:\\\/\\\/latamjournalismreview.org\\\/pt-br\\\/articles\\\/jornalistas-cubanos-independentes-resistem-apesar-do-aumento-das-detencoes-arbitrarias-e-restricoes-de-viagem\\\/#article\",\"isPartOf\":{\"@id\":\"https:\\\/\\\/latamjournalismreview.org\\\/pt-br\\\/articles\\\/jornalistas-cubanos-independentes-resistem-apesar-do-aumento-das-detencoes-arbitrarias-e-restricoes-de-viagem\\\/\"},\"author\":{\"name\":\"Paola Nalvarte\",\"@id\":\"https:\\\/\\\/latamjournalismreview.org\\\/pt-br\\\/#\\\/schema\\\/person\\\/d0b9fa850ef1b6f56bb445e52f29f63f\"},\"headline\":\"Jornalistas cubanos independentes resistem apesar do aumento das deten\u00e7\u00f5es arbitr\u00e1rias e restri\u00e7\u00f5es de viagem\",\"datePublished\":\"2020-01-08T20:01:54+00:00\",\"dateModified\":\"2020-06-17T22:06:49+00:00\",\"mainEntityOfPage\":{\"@id\":\"https:\\\/\\\/latamjournalismreview.org\\\/pt-br\\\/articles\\\/jornalistas-cubanos-independentes-resistem-apesar-do-aumento-das-detencoes-arbitrarias-e-restricoes-de-viagem\\\/\"},\"wordCount\":1612,\"publisher\":{\"@id\":\"https:\\\/\\\/latamjournalismreview.org\\\/pt-br\\\/#organization\"},\"image\":{\"@id\":\"https:\\\/\\\/latamjournalismreview.org\\\/pt-br\\\/articles\\\/jornalistas-cubanos-independentes-resistem-apesar-do-aumento-das-detencoes-arbitrarias-e-restricoes-de-viagem\\\/#primaryimage\"},\"thumbnailUrl\":\"https:\\\/\\\/latamjournalismreview.org\\\/wp-content\\\/uploads\\\/2020\\\/05\\\/49353745577_24c6521722_o-e1590609876358.png\",\"keywords\":[\"Cuba\",\"Deten\u00e7\u00f5es\"],\"articleSection\":[\"Liberdade de imprensa\"],\"inLanguage\":\"pt-BR\"},{\"@type\":\"WebPage\",\"@id\":\"https:\\\/\\\/latamjournalismreview.org\\\/pt-br\\\/articles\\\/jornalistas-cubanos-independentes-resistem-apesar-do-aumento-das-detencoes-arbitrarias-e-restricoes-de-viagem\\\/\",\"url\":\"https:\\\/\\\/latamjournalismreview.org\\\/pt-br\\\/articles\\\/jornalistas-cubanos-independentes-resistem-apesar-do-aumento-das-detencoes-arbitrarias-e-restricoes-de-viagem\\\/\",\"name\":\"Jornalistas cubanos independentes resistem apesar do aumento das deten\u00e7\u00f5es arbitr\u00e1rias e restri\u00e7\u00f5es de viagem - LatAm Journalism Review by the Knight Center\",\"isPartOf\":{\"@id\":\"https:\\\/\\\/latamjournalismreview.org\\\/pt-br\\\/#website\"},\"primaryImageOfPage\":{\"@id\":\"https:\\\/\\\/latamjournalismreview.org\\\/pt-br\\\/articles\\\/jornalistas-cubanos-independentes-resistem-apesar-do-aumento-das-detencoes-arbitrarias-e-restricoes-de-viagem\\\/#primaryimage\"},\"image\":{\"@id\":\"https:\\\/\\\/latamjournalismreview.org\\\/pt-br\\\/articles\\\/jornalistas-cubanos-independentes-resistem-apesar-do-aumento-das-detencoes-arbitrarias-e-restricoes-de-viagem\\\/#primaryimage\"},\"thumbnailUrl\":\"https:\\\/\\\/latamjournalismreview.org\\\/wp-content\\\/uploads\\\/2020\\\/05\\\/49353745577_24c6521722_o-e1590609876358.png\",\"datePublished\":\"2020-01-08T20:01:54+00:00\",\"dateModified\":\"2020-06-17T22:06:49+00:00\",\"description\":\"Jornalistas cubanos independentes resistem apesar do aumento das deten\u00e7\u00f5es arbitr\u00e1rias e restri\u00e7\u00f5es de viagem . Latin American Journalism Review by The Knight Center at The University of Texas at Austin.\",\"breadcrumb\":{\"@id\":\"https:\\\/\\\/latamjournalismreview.org\\\/pt-br\\\/articles\\\/jornalistas-cubanos-independentes-resistem-apesar-do-aumento-das-detencoes-arbitrarias-e-restricoes-de-viagem\\\/#breadcrumb\"},\"inLanguage\":\"pt-BR\",\"potentialAction\":[{\"@type\":\"ReadAction\",\"target\":[\"https:\\\/\\\/latamjournalismreview.org\\\/pt-br\\\/articles\\\/jornalistas-cubanos-independentes-resistem-apesar-do-aumento-das-detencoes-arbitrarias-e-restricoes-de-viagem\\\/\"]}]},{\"@type\":\"ImageObject\",\"inLanguage\":\"pt-BR\",\"@id\":\"https:\\\/\\\/latamjournalismreview.org\\\/pt-br\\\/articles\\\/jornalistas-cubanos-independentes-resistem-apesar-do-aumento-das-detencoes-arbitrarias-e-restricoes-de-viagem\\\/#primaryimage\",\"url\":\"https:\\\/\\\/latamjournalismreview.org\\\/wp-content\\\/uploads\\\/2020\\\/05\\\/49353745577_24c6521722_o-e1590609876358.png\",\"contentUrl\":\"https:\\\/\\\/latamjournalismreview.org\\\/wp-content\\\/uploads\\\/2020\\\/05\\\/49353745577_24c6521722_o-e1590609876358.png\",\"width\":507,\"height\":376,\"caption\":\"Stock Airport\"},{\"@type\":\"BreadcrumbList\",\"@id\":\"https:\\\/\\\/latamjournalismreview.org\\\/pt-br\\\/articles\\\/jornalistas-cubanos-independentes-resistem-apesar-do-aumento-das-detencoes-arbitrarias-e-restricoes-de-viagem\\\/#breadcrumb\",\"itemListElement\":[{\"@type\":\"ListItem\",\"position\":1,\"name\":\"Home\",\"item\":\"https:\\\/\\\/latamjournalismreview.org\\\/pt-br\\\/\"},{\"@type\":\"ListItem\",\"position\":2,\"name\":\"Jornalistas cubanos independentes resistem apesar do aumento das deten\u00e7\u00f5es arbitr\u00e1rias e restri\u00e7\u00f5es de viagem\"}]},{\"@type\":\"WebSite\",\"@id\":\"https:\\\/\\\/latamjournalismreview.org\\\/pt-br\\\/#website\",\"url\":\"https:\\\/\\\/latamjournalismreview.org\\\/pt-br\\\/\",\"name\":\"LatAm Journalism Review\",\"description\":\"Digital magazine on journalism in Latin America\",\"publisher\":{\"@id\":\"https:\\\/\\\/latamjournalismreview.org\\\/pt-br\\\/#organization\"},\"potentialAction\":[{\"@type\":\"SearchAction\",\"target\":{\"@type\":\"EntryPoint\",\"urlTemplate\":\"https:\\\/\\\/latamjournalismreview.org\\\/pt-br\\\/?s={search_term_string}\"},\"query-input\":{\"@type\":\"PropertyValueSpecification\",\"valueRequired\":true,\"valueName\":\"search_term_string\"}}],\"inLanguage\":\"pt-BR\"},{\"@type\":\"Organization\",\"@id\":\"https:\\\/\\\/latamjournalismreview.org\\\/pt-br\\\/#organization\",\"name\":\"LatAm Journalism Review\",\"url\":\"https:\\\/\\\/latamjournalismreview.org\\\/pt-br\\\/\",\"logo\":{\"@type\":\"ImageObject\",\"inLanguage\":\"pt-BR\",\"@id\":\"https:\\\/\\\/latamjournalismreview.org\\\/pt-br\\\/#\\\/schema\\\/logo\\\/image\\\/\",\"url\":\"https:\\\/\\\/latamjournalismreview.org\\\/wp-content\\\/uploads\\\/2020\\\/05\\\/knight-latAm-review-logo.svg\",\"contentUrl\":\"https:\\\/\\\/latamjournalismreview.org\\\/wp-content\\\/uploads\\\/2020\\\/05\\\/knight-latAm-review-logo.svg\",\"width\":\"1024\",\"height\":\"1024\",\"caption\":\"LatAm Journalism Review\"},\"image\":{\"@id\":\"https:\\\/\\\/latamjournalismreview.org\\\/pt-br\\\/#\\\/schema\\\/logo\\\/image\\\/\"},\"sameAs\":[\"https:\\\/\\\/x.com\\\/LatAmJournalism\"]},{\"@type\":\"Person\",\"@id\":\"https:\\\/\\\/latamjournalismreview.org\\\/pt-br\\\/#\\\/schema\\\/person\\\/d0b9fa850ef1b6f56bb445e52f29f63f\",\"name\":\"Paola Nalvarte\",\"description\":\"Paola Nalvarte is a Peruvian journalist and documentary photographer living in Austin, Texas. She focuses on covering and writing about the Andes region. In Peru, Paola worked in the Lima office of the Italian news agency ANSA, on the economic news desk of the daily Expreso, and for ten years she has been working on different editorial projects doing picture editing and research for one of the oldest Spanish-language papers in the world, the Peruvian newspaper El Comercio. She also enjoyed writing for the newspaper weekly magazine Somos. Paola Nalvarte es una periodista y fot\u00f3grafa documental peruana que vive en Austin, Texas. El foco de inter\u00e9s de su cobertura noticiosa es la regi\u00f3n andina. En Per\u00fa, Paola trabaj\u00f3 en la oficina de Lima de la agencia italiana de noticias ANSA, en la secci\u00f3n de econom\u00eda del diario Expreso y por diez a\u00f1os hizo investigaci\u00f3n fotogr\u00e1fica y edici\u00f3n de fotograf\u00eda editorial en el diario decano de la prensa peruana, El Comercio. Tambi\u00e9n escribi\u00f3 para Somos, la revista semanal del mismo diario\u200b, art\u00edculos sobre medio ambiente y cultura. Paola Nalvarte \u00e9 uma jornalista peruana e fot\u00f3grafa documentarista que vive em Austin, Texas. O foco de interesse da sua cobertura jornal\u00edstica \u00e9 a regi\u00e3o andina. No Peru, Paola trabalhou no escrit\u00f3rio de Lima da ag\u00eancia de not\u00edcias italiana ANSA, na se\u00e7\u00e3o de economia do jornal Expreso e, por dez anos, fez pesquisa fotogr\u00e1fica e edi\u00e7\u00e3o de fotografia editorial para um dos jornais em espanhol mais antigos do mundo, o jornal peruano El Comercio. Ela tamb\u00e9m escreveu artigos de meio ambiente e cultura para a Somos, a revista semanal do mesmo jornal.\",\"sameAs\":[\"https:\\\/\\\/x.com\\\/paolanalvarte\"],\"url\":\"https:\\\/\\\/latamjournalismreview.org\\\/pt-br\\\/articles\\\/author\\\/paola-nalvarte\\\/\"}]}<\/script>\n<!-- \/ Yoast SEO Premium plugin. -->","yoast_head_json":{"title":"Jornalistas cubanos independentes resistem apesar do aumento das deten\u00e7\u00f5es arbitr\u00e1rias e restri\u00e7\u00f5es de viagem - LatAm Journalism Review by the Knight Center","description":"Jornalistas cubanos independentes resistem apesar do aumento das deten\u00e7\u00f5es arbitr\u00e1rias e restri\u00e7\u00f5es de viagem . Latin American Journalism Review by The Knight Center at The University of Texas at Austin.","robots":{"index":"index","follow":"follow","max-snippet":"max-snippet:-1","max-image-preview":"max-image-preview:large","max-video-preview":"max-video-preview:-1"},"canonical":"https:\/\/latamjournalismreview.org\/pt-br\/articles\/jornalistas-cubanos-independentes-resistem-apesar-do-aumento-das-detencoes-arbitrarias-e-restricoes-de-viagem\/","og_locale":"pt_BR","og_type":"article","og_title":"Jornalistas cubanos independentes resistem apesar do aumento das deten\u00e7\u00f5es arbitr\u00e1rias e restri\u00e7\u00f5es de viagem","og_description":"Jornalistas cubanos independentes resistem apesar do aumento das deten\u00e7\u00f5es arbitr\u00e1rias e restri\u00e7\u00f5es de viagem . Latin American Journalism Review by The Knight Center at The University of Texas at Austin.","og_url":"https:\/\/latamjournalismreview.org\/pt-br\/articles\/jornalistas-cubanos-independentes-resistem-apesar-do-aumento-das-detencoes-arbitrarias-e-restricoes-de-viagem\/","og_site_name":"LatAm Journalism Review by the Knight Center","article_published_time":"2020-01-08T20:01:54+00:00","article_modified_time":"2020-06-17T22:06:49+00:00","og_image":[{"width":507,"height":376,"url":"https:\/\/latamjournalismreview.org\/wp-content\/uploads\/2020\/05\/49353745577_24c6521722_o-e1590609876358.png","type":"image\/png"}],"author":"Paola Nalvarte","twitter_card":"summary_large_image","twitter_creator":"@paolanalvarte","twitter_site":"@LatAmJournalism","twitter_misc":{"Written by":"Paola Nalvarte","Est. reading time":"8 minutos"},"schema":{"@context":"https:\/\/schema.org","@graph":[{"@type":"Article","@id":"https:\/\/latamjournalismreview.org\/pt-br\/articles\/jornalistas-cubanos-independentes-resistem-apesar-do-aumento-das-detencoes-arbitrarias-e-restricoes-de-viagem\/#article","isPartOf":{"@id":"https:\/\/latamjournalismreview.org\/pt-br\/articles\/jornalistas-cubanos-independentes-resistem-apesar-do-aumento-das-detencoes-arbitrarias-e-restricoes-de-viagem\/"},"author":{"name":"Paola Nalvarte","@id":"https:\/\/latamjournalismreview.org\/pt-br\/#\/schema\/person\/d0b9fa850ef1b6f56bb445e52f29f63f"},"headline":"Jornalistas cubanos independentes resistem apesar do aumento das deten\u00e7\u00f5es arbitr\u00e1rias e restri\u00e7\u00f5es de viagem","datePublished":"2020-01-08T20:01:54+00:00","dateModified":"2020-06-17T22:06:49+00:00","mainEntityOfPage":{"@id":"https:\/\/latamjournalismreview.org\/pt-br\/articles\/jornalistas-cubanos-independentes-resistem-apesar-do-aumento-das-detencoes-arbitrarias-e-restricoes-de-viagem\/"},"wordCount":1612,"publisher":{"@id":"https:\/\/latamjournalismreview.org\/pt-br\/#organization"},"image":{"@id":"https:\/\/latamjournalismreview.org\/pt-br\/articles\/jornalistas-cubanos-independentes-resistem-apesar-do-aumento-das-detencoes-arbitrarias-e-restricoes-de-viagem\/#primaryimage"},"thumbnailUrl":"https:\/\/latamjournalismreview.org\/wp-content\/uploads\/2020\/05\/49353745577_24c6521722_o-e1590609876358.png","keywords":["Cuba","Deten\u00e7\u00f5es"],"articleSection":["Liberdade de imprensa"],"inLanguage":"pt-BR"},{"@type":"WebPage","@id":"https:\/\/latamjournalismreview.org\/pt-br\/articles\/jornalistas-cubanos-independentes-resistem-apesar-do-aumento-das-detencoes-arbitrarias-e-restricoes-de-viagem\/","url":"https:\/\/latamjournalismreview.org\/pt-br\/articles\/jornalistas-cubanos-independentes-resistem-apesar-do-aumento-das-detencoes-arbitrarias-e-restricoes-de-viagem\/","name":"Jornalistas cubanos independentes resistem apesar do aumento das deten\u00e7\u00f5es arbitr\u00e1rias e restri\u00e7\u00f5es de viagem - LatAm Journalism Review by the Knight Center","isPartOf":{"@id":"https:\/\/latamjournalismreview.org\/pt-br\/#website"},"primaryImageOfPage":{"@id":"https:\/\/latamjournalismreview.org\/pt-br\/articles\/jornalistas-cubanos-independentes-resistem-apesar-do-aumento-das-detencoes-arbitrarias-e-restricoes-de-viagem\/#primaryimage"},"image":{"@id":"https:\/\/latamjournalismreview.org\/pt-br\/articles\/jornalistas-cubanos-independentes-resistem-apesar-do-aumento-das-detencoes-arbitrarias-e-restricoes-de-viagem\/#primaryimage"},"thumbnailUrl":"https:\/\/latamjournalismreview.org\/wp-content\/uploads\/2020\/05\/49353745577_24c6521722_o-e1590609876358.png","datePublished":"2020-01-08T20:01:54+00:00","dateModified":"2020-06-17T22:06:49+00:00","description":"Jornalistas cubanos independentes resistem apesar do aumento das deten\u00e7\u00f5es arbitr\u00e1rias e restri\u00e7\u00f5es de viagem . Latin American Journalism Review by The Knight Center at The University of Texas at Austin.","breadcrumb":{"@id":"https:\/\/latamjournalismreview.org\/pt-br\/articles\/jornalistas-cubanos-independentes-resistem-apesar-do-aumento-das-detencoes-arbitrarias-e-restricoes-de-viagem\/#breadcrumb"},"inLanguage":"pt-BR","potentialAction":[{"@type":"ReadAction","target":["https:\/\/latamjournalismreview.org\/pt-br\/articles\/jornalistas-cubanos-independentes-resistem-apesar-do-aumento-das-detencoes-arbitrarias-e-restricoes-de-viagem\/"]}]},{"@type":"ImageObject","inLanguage":"pt-BR","@id":"https:\/\/latamjournalismreview.org\/pt-br\/articles\/jornalistas-cubanos-independentes-resistem-apesar-do-aumento-das-detencoes-arbitrarias-e-restricoes-de-viagem\/#primaryimage","url":"https:\/\/latamjournalismreview.org\/wp-content\/uploads\/2020\/05\/49353745577_24c6521722_o-e1590609876358.png","contentUrl":"https:\/\/latamjournalismreview.org\/wp-content\/uploads\/2020\/05\/49353745577_24c6521722_o-e1590609876358.png","width":507,"height":376,"caption":"Stock Airport"},{"@type":"BreadcrumbList","@id":"https:\/\/latamjournalismreview.org\/pt-br\/articles\/jornalistas-cubanos-independentes-resistem-apesar-do-aumento-das-detencoes-arbitrarias-e-restricoes-de-viagem\/#breadcrumb","itemListElement":[{"@type":"ListItem","position":1,"name":"Home","item":"https:\/\/latamjournalismreview.org\/pt-br\/"},{"@type":"ListItem","position":2,"name":"Jornalistas cubanos independentes resistem apesar do aumento das deten\u00e7\u00f5es arbitr\u00e1rias e restri\u00e7\u00f5es de viagem"}]},{"@type":"WebSite","@id":"https:\/\/latamjournalismreview.org\/pt-br\/#website","url":"https:\/\/latamjournalismreview.org\/pt-br\/","name":"LatAm Journalism Review","description":"Digital magazine on journalism in Latin America","publisher":{"@id":"https:\/\/latamjournalismreview.org\/pt-br\/#organization"},"potentialAction":[{"@type":"SearchAction","target":{"@type":"EntryPoint","urlTemplate":"https:\/\/latamjournalismreview.org\/pt-br\/?s={search_term_string}"},"query-input":{"@type":"PropertyValueSpecification","valueRequired":true,"valueName":"search_term_string"}}],"inLanguage":"pt-BR"},{"@type":"Organization","@id":"https:\/\/latamjournalismreview.org\/pt-br\/#organization","name":"LatAm Journalism Review","url":"https:\/\/latamjournalismreview.org\/pt-br\/","logo":{"@type":"ImageObject","inLanguage":"pt-BR","@id":"https:\/\/latamjournalismreview.org\/pt-br\/#\/schema\/logo\/image\/","url":"https:\/\/latamjournalismreview.org\/wp-content\/uploads\/2020\/05\/knight-latAm-review-logo.svg","contentUrl":"https:\/\/latamjournalismreview.org\/wp-content\/uploads\/2020\/05\/knight-latAm-review-logo.svg","width":"1024","height":"1024","caption":"LatAm Journalism Review"},"image":{"@id":"https:\/\/latamjournalismreview.org\/pt-br\/#\/schema\/logo\/image\/"},"sameAs":["https:\/\/x.com\/LatAmJournalism"]},{"@type":"Person","@id":"https:\/\/latamjournalismreview.org\/pt-br\/#\/schema\/person\/d0b9fa850ef1b6f56bb445e52f29f63f","name":"Paola Nalvarte","description":"Paola Nalvarte is a Peruvian journalist and documentary photographer living in Austin, Texas. She focuses on covering and writing about the Andes region. In Peru, Paola worked in the Lima office of the Italian news agency ANSA, on the economic news desk of the daily Expreso, and for ten years she has been working on different editorial projects doing picture editing and research for one of the oldest Spanish-language papers in the world, the Peruvian newspaper El Comercio. She also enjoyed writing for the newspaper weekly magazine Somos. Paola Nalvarte es una periodista y fot\u00f3grafa documental peruana que vive en Austin, Texas. El foco de inter\u00e9s de su cobertura noticiosa es la regi\u00f3n andina. En Per\u00fa, Paola trabaj\u00f3 en la oficina de Lima de la agencia italiana de noticias ANSA, en la secci\u00f3n de econom\u00eda del diario Expreso y por diez a\u00f1os hizo investigaci\u00f3n fotogr\u00e1fica y edici\u00f3n de fotograf\u00eda editorial en el diario decano de la prensa peruana, El Comercio. Tambi\u00e9n escribi\u00f3 para Somos, la revista semanal del mismo diario\u200b, art\u00edculos sobre medio ambiente y cultura. Paola Nalvarte \u00e9 uma jornalista peruana e fot\u00f3grafa documentarista que vive em Austin, Texas. O foco de interesse da sua cobertura jornal\u00edstica \u00e9 a regi\u00e3o andina. No Peru, Paola trabalhou no escrit\u00f3rio de Lima da ag\u00eancia de not\u00edcias italiana ANSA, na se\u00e7\u00e3o de economia do jornal Expreso e, por dez anos, fez pesquisa fotogr\u00e1fica e edi\u00e7\u00e3o de fotografia editorial para um dos jornais em espanhol mais antigos do mundo, o jornal peruano El Comercio. Ela tamb\u00e9m escreveu artigos de meio ambiente e cultura para a Somos, a revista semanal do mesmo jornal.","sameAs":["https:\/\/x.com\/paolanalvarte"],"url":"https:\/\/latamjournalismreview.org\/pt-br\/articles\/author\/paola-nalvarte\/"}]}},"_links":{"self":[{"href":"https:\/\/latamjournalismreview.org\/pt-br\/wp-json\/wp\/v2\/posts\/3144","targetHints":{"allow":["GET"]}}],"collection":[{"href":"https:\/\/latamjournalismreview.org\/pt-br\/wp-json\/wp\/v2\/posts"}],"about":[{"href":"https:\/\/latamjournalismreview.org\/pt-br\/wp-json\/wp\/v2\/types\/post"}],"author":[{"embeddable":true,"href":"https:\/\/latamjournalismreview.org\/pt-br\/wp-json\/wp\/v2\/users\/4"}],"replies":[{"embeddable":true,"href":"https:\/\/latamjournalismreview.org\/pt-br\/wp-json\/wp\/v2\/comments?post=3144"}],"version-history":[{"count":2,"href":"https:\/\/latamjournalismreview.org\/pt-br\/wp-json\/wp\/v2\/posts\/3144\/revisions"}],"predecessor-version":[{"id":7326,"href":"https:\/\/latamjournalismreview.org\/pt-br\/wp-json\/wp\/v2\/posts\/3144\/revisions\/7326"}],"wp:featuredmedia":[{"embeddable":true,"href":"https:\/\/latamjournalismreview.org\/pt-br\/wp-json\/wp\/v2\/media\/3139"}],"wp:attachment":[{"href":"https:\/\/latamjournalismreview.org\/pt-br\/wp-json\/wp\/v2\/media?parent=3144"}],"wp:term":[{"taxonomy":"category","embeddable":true,"href":"https:\/\/latamjournalismreview.org\/pt-br\/wp-json\/wp\/v2\/categories?post=3144"},{"taxonomy":"post_tag","embeddable":true,"href":"https:\/\/latamjournalismreview.org\/pt-br\/wp-json\/wp\/v2\/tags?post=3144"},{"taxonomy":"author","embeddable":true,"href":"https:\/\/latamjournalismreview.org\/pt-br\/wp-json\/wp\/v2\/coauthors?post=3144"}],"curies":[{"name":"wp","href":"https:\/\/api.w.org\/{rel}","templated":true}]}}