{"id":3151,"date":"2020-01-09T15:20:00","date_gmt":"2020-01-09T20:20:00","guid":{"rendered":"https:\/\/live-lajr.pantheonsite.io\/?p=3151"},"modified":"2020-06-17T17:09:54","modified_gmt":"2020-06-17T22:09:54","slug":"apresentador-e-gerente-de-radio-mexicano-e-encontrado-morto-em-michoacan-na-primeira-semana-de-2020","status":"publish","type":"post","link":"https:\/\/latamjournalismreview.org\/pt-br\/articles\/apresentador-e-gerente-de-radio-mexicano-e-encontrado-morto-em-michoacan-na-primeira-semana-de-2020\/","title":{"rendered":"Apresentador e gerente de r\u00e1dio mexicano \u00e9 encontrado morto em Michoac\u00e1n na primeira semana de 2020"},"content":{"rendered":"<div class=\"content clear-block\">\n<p>Um apresentador e gerente de r\u00e1dio no estado mexicano de Michoac\u00e1n foi encontrado morto em uma estrada perto do estado de Guerrero.<br \/>\n<img loading=\"lazy\" decoding=\"async\" class=\"alignright\" src=\"https:\/\/knightcenter.utexas.edu\/system\/files\/storyimages\/mexico_mourning_0.png\" alt=\"Mapa do M\u00e9xico com imagem de luto\" width=\"300\" height=\"300\" \/><\/p>\n<p>Fidel \u00c1vila G\u00f3mez, 46,\u00a0<a href=\"https:\/\/twitter.com\/FiscaliaMich\/status\/1214957950395138048\/photo\/1\">foi visto pela \u00faltima vez em 29 de novembro de 2019 em Huetamo, Michoac\u00e1n,<\/a>\u00a0mas foi relatado como desaparecido em 2 de dezembro, de acordo com o Procurador Geral do Estado de Michoac\u00e1n. Segundo a Comiss\u00e3o Nacional de Direitos Humanos (CNDH) do M\u00e9xico,\u00a0<a href=\"https:\/\/www.cndh.org.mx\/sites\/default\/files\/documentos\/2020-01\/Com_2020_005.pdf\">o corpo foi encontrado em 7 de janeiro<\/a>.<br \/>\n\u200b\u200b\u200b\u200b\u200b\u200b\u200b<br \/>\n<a href=\"https:\/\/www.eluniversal.com.mx\/estados\/matan-tiros-locutor-y-gerente-de-radio-en-michoacan\">Seu corpo foi achado em uma vala<\/a>\u00a0perto do estado de Guerrero e ele foi morto a tiros, segundo o jornal El Universal. O escrit\u00f3rio do Procurador-Geral do Estado est\u00e1 seguindo v\u00e1rias linhas de investiga\u00e7\u00e3o, acrescentou o jornal.<\/p>\n<p>\u00c1vila G\u00f3mez era apresentador e gerente da radio Ke Buena em Huetamo, Michoac\u00e1n.<\/p>\n<p>A\u00a0<a href=\"https:\/\/www.cndh.org.mx\/sites\/default\/files\/documentos\/2020-01\/Com_2020_005.pdf\">CNDH condenou o assassinato<\/a>\u00a0e instou as autoridades a investigar poss\u00edveis la\u00e7os entre o assassinato e o trabalho de \u00c1vila G\u00f3mez na r\u00e1dio.<\/p>\n<p>A comiss\u00e3o informou que, em 3 de dezembro, solicitou medidas cautelares para procurar o jornalista para a Secretaria Geral de Governo e para a Procuradoria Geral em Guerrero.<\/p>\n<p>Segundo suas informa\u00e7\u00f5es, \u00c1vila G\u00f3mez deixou Huetamo em 29 de novembro para participar de um evento cultural em Guerrero, foi sequestrado por pessoas armadas e levado em uma van.<\/p>\n<p>\"A CNDH reitera sua preocupa\u00e7\u00e3o com a falta de mecanismos apropriados por parte das autoridades para prevenir e evitar assassinatos de jornalistas e de trabalhadores da m\u00eddia que procuram inibir o exerc\u00edcio da liberdade de express\u00e3o\", escreveu a comiss\u00e3o.<\/p>\n<\/div>\n","protected":false},"excerpt":{"rendered":"<p>Fidel \u00c1vila G\u00f3mez, 46,\u00a0foi visto pela \u00faltima vez em 29 de novembro de 2019 em Huetamo, Michoac\u00e1n,\u00a0mas foi relatado como desaparecido em 2 de dezembro<\/p>\n","protected":false},"author":3,"featured_media":2477,"comment_status":"closed","ping_status":"closed","sticky":false,"template":"","format":"standard","meta":{"inline_featured_image":false,"footnotes":""},"categories":[1221],"tags":[1552,1394],"coauthors":[],"class_list":["post-3151","post","type-post","status-publish","format-standard","has-post-thumbnail","hentry","category-violencia-contra-jornalistas-pt-br","tag-assassinatos-de-jornalistas-pt-br","tag-mexico-pt-br"],"acf":[],"yoast_head":"<!-- This site is optimized with the Yoast SEO Premium plugin v22.6 (Yoast SEO v27.4) - https:\/\/yoast.com\/product\/yoast-seo-premium-wordpress\/ -->\n<title>Apresentador e gerente de r\u00e1dio mexicano \u00e9 encontrado morto em Michoac\u00e1n na primeira semana de 2020 - LatAm Journalism Review by the Knight Center<\/title>\n<meta name=\"description\" content=\"Apresentador e gerente de r\u00e1dio mexicano \u00e9 encontrado morto em Michoac\u00e1n na primeira semana de 2020 . Latin American Journalism Review by The Knight Center at The University of Texas at Austin.\" \/>\n<meta name=\"robots\" content=\"index, follow, max-snippet:-1, max-image-preview:large, max-video-preview:-1\" \/>\n<link rel=\"canonical\" href=\"https:\/\/latamjournalismreview.org\/pt-br\/articles\/apresentador-e-gerente-de-radio-mexicano-e-encontrado-morto-em-michoacan-na-primeira-semana-de-2020\/\" \/>\n<meta property=\"og:locale\" content=\"pt_BR\" \/>\n<meta property=\"og:type\" content=\"article\" \/>\n<meta property=\"og:title\" content=\"Apresentador e gerente de r\u00e1dio mexicano \u00e9 encontrado morto em Michoac\u00e1n na primeira semana de 2020\" \/>\n<meta property=\"og:description\" content=\"Apresentador e gerente de r\u00e1dio mexicano \u00e9 encontrado morto em Michoac\u00e1n na primeira semana de 2020 . Latin American Journalism Review by The Knight Center at The University of Texas at Austin.\" \/>\n<meta property=\"og:url\" content=\"https:\/\/latamjournalismreview.org\/pt-br\/articles\/apresentador-e-gerente-de-radio-mexicano-e-encontrado-morto-em-michoacan-na-primeira-semana-de-2020\/\" \/>\n<meta property=\"og:site_name\" content=\"LatAm Journalism Review by the Knight Center\" \/>\n<meta property=\"article:published_time\" content=\"2020-01-09T20:20:00+00:00\" \/>\n<meta property=\"article:modified_time\" content=\"2020-06-17T22:09:54+00:00\" \/>\n<meta property=\"og:image\" content=\"https:\/\/latamjournalismreview.org\/wp-content\/uploads\/2020\/05\/LUTO-e1590610883887.png\" \/>\n\t<meta property=\"og:image:width\" content=\"507\" \/>\n\t<meta property=\"og:image:height\" content=\"309\" \/>\n\t<meta property=\"og:image:type\" content=\"image\/png\" \/>\n<meta name=\"author\" content=\"Teresa Mioli\" \/>\n<meta name=\"twitter:card\" content=\"summary_large_image\" \/>\n<meta name=\"twitter:creator\" content=\"@TeresaMioli\" \/>\n<meta name=\"twitter:site\" content=\"@LatAmJournalism\" \/>\n<meta name=\"twitter:label1\" content=\"Written by\" \/>\n\t<meta name=\"twitter:data1\" content=\"Teresa Mioli\" \/>\n\t<meta name=\"twitter:label2\" content=\"Est. reading time\" \/>\n\t<meta name=\"twitter:data2\" content=\"1 minuto\" \/>\n<script type=\"application\/ld+json\" class=\"yoast-schema-graph\">{\"@context\":\"https:\\\/\\\/schema.org\",\"@graph\":[{\"@type\":\"Article\",\"@id\":\"https:\\\/\\\/latamjournalismreview.org\\\/pt-br\\\/articles\\\/apresentador-e-gerente-de-radio-mexicano-e-encontrado-morto-em-michoacan-na-primeira-semana-de-2020\\\/#article\",\"isPartOf\":{\"@id\":\"https:\\\/\\\/latamjournalismreview.org\\\/pt-br\\\/articles\\\/apresentador-e-gerente-de-radio-mexicano-e-encontrado-morto-em-michoacan-na-primeira-semana-de-2020\\\/\"},\"author\":{\"name\":\"Teresa Mioli\",\"@id\":\"https:\\\/\\\/latamjournalismreview.org\\\/pt-br\\\/#\\\/schema\\\/person\\\/b83a4912f05c8178389e917d8d51de03\"},\"headline\":\"Apresentador e gerente de r\u00e1dio mexicano \u00e9 encontrado morto em Michoac\u00e1n na primeira semana de 2020\",\"datePublished\":\"2020-01-09T20:20:00+00:00\",\"dateModified\":\"2020-06-17T22:09:54+00:00\",\"mainEntityOfPage\":{\"@id\":\"https:\\\/\\\/latamjournalismreview.org\\\/pt-br\\\/articles\\\/apresentador-e-gerente-de-radio-mexicano-e-encontrado-morto-em-michoacan-na-primeira-semana-de-2020\\\/\"},\"wordCount\":281,\"publisher\":{\"@id\":\"https:\\\/\\\/latamjournalismreview.org\\\/pt-br\\\/#organization\"},\"image\":{\"@id\":\"https:\\\/\\\/latamjournalismreview.org\\\/pt-br\\\/articles\\\/apresentador-e-gerente-de-radio-mexicano-e-encontrado-morto-em-michoacan-na-primeira-semana-de-2020\\\/#primaryimage\"},\"thumbnailUrl\":\"https:\\\/\\\/latamjournalismreview.org\\\/wp-content\\\/uploads\\\/2020\\\/05\\\/LUTO-e1590610883887.png\",\"keywords\":[\"Assassinatos de jornalistas\",\"M\u00e9xico\"],\"articleSection\":[\"Viol\u00eancia contra jornalistas\"],\"inLanguage\":\"pt-BR\"},{\"@type\":\"WebPage\",\"@id\":\"https:\\\/\\\/latamjournalismreview.org\\\/pt-br\\\/articles\\\/apresentador-e-gerente-de-radio-mexicano-e-encontrado-morto-em-michoacan-na-primeira-semana-de-2020\\\/\",\"url\":\"https:\\\/\\\/latamjournalismreview.org\\\/pt-br\\\/articles\\\/apresentador-e-gerente-de-radio-mexicano-e-encontrado-morto-em-michoacan-na-primeira-semana-de-2020\\\/\",\"name\":\"Apresentador e gerente de r\u00e1dio mexicano \u00e9 encontrado morto em Michoac\u00e1n na primeira semana de 2020 - LatAm Journalism Review by the Knight Center\",\"isPartOf\":{\"@id\":\"https:\\\/\\\/latamjournalismreview.org\\\/pt-br\\\/#website\"},\"primaryImageOfPage\":{\"@id\":\"https:\\\/\\\/latamjournalismreview.org\\\/pt-br\\\/articles\\\/apresentador-e-gerente-de-radio-mexicano-e-encontrado-morto-em-michoacan-na-primeira-semana-de-2020\\\/#primaryimage\"},\"image\":{\"@id\":\"https:\\\/\\\/latamjournalismreview.org\\\/pt-br\\\/articles\\\/apresentador-e-gerente-de-radio-mexicano-e-encontrado-morto-em-michoacan-na-primeira-semana-de-2020\\\/#primaryimage\"},\"thumbnailUrl\":\"https:\\\/\\\/latamjournalismreview.org\\\/wp-content\\\/uploads\\\/2020\\\/05\\\/LUTO-e1590610883887.png\",\"datePublished\":\"2020-01-09T20:20:00+00:00\",\"dateModified\":\"2020-06-17T22:09:54+00:00\",\"description\":\"Apresentador e gerente de r\u00e1dio mexicano \u00e9 encontrado morto em Michoac\u00e1n na primeira semana de 2020 . Latin American Journalism Review by The Knight Center at The University of Texas at Austin.\",\"breadcrumb\":{\"@id\":\"https:\\\/\\\/latamjournalismreview.org\\\/pt-br\\\/articles\\\/apresentador-e-gerente-de-radio-mexicano-e-encontrado-morto-em-michoacan-na-primeira-semana-de-2020\\\/#breadcrumb\"},\"inLanguage\":\"pt-BR\",\"potentialAction\":[{\"@type\":\"ReadAction\",\"target\":[\"https:\\\/\\\/latamjournalismreview.org\\\/pt-br\\\/articles\\\/apresentador-e-gerente-de-radio-mexicano-e-encontrado-morto-em-michoacan-na-primeira-semana-de-2020\\\/\"]}]},{\"@type\":\"ImageObject\",\"inLanguage\":\"pt-BR\",\"@id\":\"https:\\\/\\\/latamjournalismreview.org\\\/pt-br\\\/articles\\\/apresentador-e-gerente-de-radio-mexicano-e-encontrado-morto-em-michoacan-na-primeira-semana-de-2020\\\/#primaryimage\",\"url\":\"https:\\\/\\\/latamjournalismreview.org\\\/wp-content\\\/uploads\\\/2020\\\/05\\\/LUTO-e1590610883887.png\",\"contentUrl\":\"https:\\\/\\\/latamjournalismreview.org\\\/wp-content\\\/uploads\\\/2020\\\/05\\\/LUTO-e1590610883887.png\",\"width\":507,\"height\":309,\"caption\":\"LUTO Mexico\"},{\"@type\":\"BreadcrumbList\",\"@id\":\"https:\\\/\\\/latamjournalismreview.org\\\/pt-br\\\/articles\\\/apresentador-e-gerente-de-radio-mexicano-e-encontrado-morto-em-michoacan-na-primeira-semana-de-2020\\\/#breadcrumb\",\"itemListElement\":[{\"@type\":\"ListItem\",\"position\":1,\"name\":\"Home\",\"item\":\"https:\\\/\\\/latamjournalismreview.org\\\/pt-br\\\/\"},{\"@type\":\"ListItem\",\"position\":2,\"name\":\"Apresentador e gerente de r\u00e1dio mexicano \u00e9 encontrado morto em Michoac\u00e1n na primeira semana de 2020\"}]},{\"@type\":\"WebSite\",\"@id\":\"https:\\\/\\\/latamjournalismreview.org\\\/pt-br\\\/#website\",\"url\":\"https:\\\/\\\/latamjournalismreview.org\\\/pt-br\\\/\",\"name\":\"LatAm Journalism Review\",\"description\":\"Digital magazine on journalism in Latin America\",\"publisher\":{\"@id\":\"https:\\\/\\\/latamjournalismreview.org\\\/pt-br\\\/#organization\"},\"potentialAction\":[{\"@type\":\"SearchAction\",\"target\":{\"@type\":\"EntryPoint\",\"urlTemplate\":\"https:\\\/\\\/latamjournalismreview.org\\\/pt-br\\\/?s={search_term_string}\"},\"query-input\":{\"@type\":\"PropertyValueSpecification\",\"valueRequired\":true,\"valueName\":\"search_term_string\"}}],\"inLanguage\":\"pt-BR\"},{\"@type\":\"Organization\",\"@id\":\"https:\\\/\\\/latamjournalismreview.org\\\/pt-br\\\/#organization\",\"name\":\"LatAm Journalism Review\",\"url\":\"https:\\\/\\\/latamjournalismreview.org\\\/pt-br\\\/\",\"logo\":{\"@type\":\"ImageObject\",\"inLanguage\":\"pt-BR\",\"@id\":\"https:\\\/\\\/latamjournalismreview.org\\\/pt-br\\\/#\\\/schema\\\/logo\\\/image\\\/\",\"url\":\"https:\\\/\\\/latamjournalismreview.org\\\/wp-content\\\/uploads\\\/2020\\\/05\\\/knight-latAm-review-logo.svg\",\"contentUrl\":\"https:\\\/\\\/latamjournalismreview.org\\\/wp-content\\\/uploads\\\/2020\\\/05\\\/knight-latAm-review-logo.svg\",\"width\":\"1024\",\"height\":\"1024\",\"caption\":\"LatAm Journalism Review\"},\"image\":{\"@id\":\"https:\\\/\\\/latamjournalismreview.org\\\/pt-br\\\/#\\\/schema\\\/logo\\\/image\\\/\"},\"sameAs\":[\"https:\\\/\\\/x.com\\\/LatAmJournalism\"]},{\"@type\":\"Person\",\"@id\":\"https:\\\/\\\/latamjournalismreview.org\\\/pt-br\\\/#\\\/schema\\\/person\\\/b83a4912f05c8178389e917d8d51de03\",\"name\":\"Teresa Mioli\",\"description\":\"Teresa Mioli is the editorial manager for the Knight Center for Journalism in the Americas. She is interested in press freedom, democratization, and investigative journalism in Latin America and is dedicated to increasing awareness about the importance of independent news media to the health of democracies. She produces journalistic work with the aim of helping people to make informed decisions about their lives and societies and wants to make sure other journalists are able to do the same. She has Bachelors' degrees in Journalism and Plan II Honors (Liberal Arts) and a Master's degree in Latin American Studies, all from the University of Texas at Austin. She started her journalistic career at The Beaumont Enterprise in Southeast Texas where she last worked as a breaking news reporter. ______ Teresa Mioli es la directora editorial del Centro Knight para el Periodismo en las Am\u00e9ricas. Es una periodista con inter\u00e9s en la libertad de prensa, la democratizaci\u00f3n y el periodismo investigativo en Am\u00e9rica Latina y est\u00e1 dedicada a crear mayor consciencia sobre la importancia de los medios noticiosos independientes para la salud de las democracias. El objetivo de su trabajo period\u00edstico es ayudar las personas para que tomen decisiones informadas sobre sus vidas y sus sociedades, y busca que otros periodistas tengan la posibilidad de hacer lo mismo. Teresa tiene una licenciatura en Periodismo y Artes liberales (Plan II Honors), y una maestr\u00eda en Estudios Latinoamericanos, todos de la Universidad de Texas en Austin. Empez\u00f3 su carrera en periodismo en The Beaumont Enterprise al sureste de Texas, en donde recientemente trabaj\u00f3 como reportera de noticias de \u00faltima hora. Anteriormente ella fue la editora de LatAm Journalism Review del Centro Knight. ______ Teresa Mioli \u00e9 gerente editorial do Centro Knight para o Jornalismo nas Am\u00e9ricas. Ela se interessa por liberdade de imprensa, democratiza\u00e7\u00e3o e jornalismo investigativo na Am\u00e9rica Latina e se dedica a aumentar a conscientiza\u00e7\u00e3o sobre a import\u00e2ncia da m\u00eddia independente para a sa\u00fade das democracias. Ela produz trabalhos jornal\u00edsticos com o objetivo de ajudar as pessoas a tomarem decis\u00f5es informadas sobre suas vidas e sociedades e deseja garantir que outros jornalistas possam fazer o mesmo. Ela tem bacharelado em jornalismo e artes liberais e um mestrado em Estudos Latino-Americanos, todos pela Universidade do Texas em Austin. Ela come\u00e7ou sua carreira jornal\u00edstica na The Beaumont Enterprise no sudeste do Texas, onde trabalhou pela \u00faltima vez como rep\u00f3rter de not\u00edcias de \u00faltima hora.\",\"sameAs\":[\"https:\\\/\\\/x.com\\\/TeresaMioli\"],\"url\":\"https:\\\/\\\/latamjournalismreview.org\\\/pt-br\\\/articles\\\/author\\\/teresa-mioli\\\/\"}]}<\/script>\n<!-- \/ Yoast SEO Premium plugin. -->","yoast_head_json":{"title":"Apresentador e gerente de r\u00e1dio mexicano \u00e9 encontrado morto em Michoac\u00e1n na primeira semana de 2020 - LatAm Journalism Review by the Knight Center","description":"Apresentador e gerente de r\u00e1dio mexicano \u00e9 encontrado morto em Michoac\u00e1n na primeira semana de 2020 . Latin American Journalism Review by The Knight Center at The University of Texas at Austin.","robots":{"index":"index","follow":"follow","max-snippet":"max-snippet:-1","max-image-preview":"max-image-preview:large","max-video-preview":"max-video-preview:-1"},"canonical":"https:\/\/latamjournalismreview.org\/pt-br\/articles\/apresentador-e-gerente-de-radio-mexicano-e-encontrado-morto-em-michoacan-na-primeira-semana-de-2020\/","og_locale":"pt_BR","og_type":"article","og_title":"Apresentador e gerente de r\u00e1dio mexicano \u00e9 encontrado morto em Michoac\u00e1n na primeira semana de 2020","og_description":"Apresentador e gerente de r\u00e1dio mexicano \u00e9 encontrado morto em Michoac\u00e1n na primeira semana de 2020 . Latin American Journalism Review by The Knight Center at The University of Texas at Austin.","og_url":"https:\/\/latamjournalismreview.org\/pt-br\/articles\/apresentador-e-gerente-de-radio-mexicano-e-encontrado-morto-em-michoacan-na-primeira-semana-de-2020\/","og_site_name":"LatAm Journalism Review by the Knight Center","article_published_time":"2020-01-09T20:20:00+00:00","article_modified_time":"2020-06-17T22:09:54+00:00","og_image":[{"width":507,"height":309,"url":"https:\/\/latamjournalismreview.org\/wp-content\/uploads\/2020\/05\/LUTO-e1590610883887.png","type":"image\/png"}],"author":"Teresa Mioli","twitter_card":"summary_large_image","twitter_creator":"@TeresaMioli","twitter_site":"@LatAmJournalism","twitter_misc":{"Written by":"Teresa Mioli","Est. reading time":"1 minuto"},"schema":{"@context":"https:\/\/schema.org","@graph":[{"@type":"Article","@id":"https:\/\/latamjournalismreview.org\/pt-br\/articles\/apresentador-e-gerente-de-radio-mexicano-e-encontrado-morto-em-michoacan-na-primeira-semana-de-2020\/#article","isPartOf":{"@id":"https:\/\/latamjournalismreview.org\/pt-br\/articles\/apresentador-e-gerente-de-radio-mexicano-e-encontrado-morto-em-michoacan-na-primeira-semana-de-2020\/"},"author":{"name":"Teresa Mioli","@id":"https:\/\/latamjournalismreview.org\/pt-br\/#\/schema\/person\/b83a4912f05c8178389e917d8d51de03"},"headline":"Apresentador e gerente de r\u00e1dio mexicano \u00e9 encontrado morto em Michoac\u00e1n na primeira semana de 2020","datePublished":"2020-01-09T20:20:00+00:00","dateModified":"2020-06-17T22:09:54+00:00","mainEntityOfPage":{"@id":"https:\/\/latamjournalismreview.org\/pt-br\/articles\/apresentador-e-gerente-de-radio-mexicano-e-encontrado-morto-em-michoacan-na-primeira-semana-de-2020\/"},"wordCount":281,"publisher":{"@id":"https:\/\/latamjournalismreview.org\/pt-br\/#organization"},"image":{"@id":"https:\/\/latamjournalismreview.org\/pt-br\/articles\/apresentador-e-gerente-de-radio-mexicano-e-encontrado-morto-em-michoacan-na-primeira-semana-de-2020\/#primaryimage"},"thumbnailUrl":"https:\/\/latamjournalismreview.org\/wp-content\/uploads\/2020\/05\/LUTO-e1590610883887.png","keywords":["Assassinatos de jornalistas","M\u00e9xico"],"articleSection":["Viol\u00eancia contra jornalistas"],"inLanguage":"pt-BR"},{"@type":"WebPage","@id":"https:\/\/latamjournalismreview.org\/pt-br\/articles\/apresentador-e-gerente-de-radio-mexicano-e-encontrado-morto-em-michoacan-na-primeira-semana-de-2020\/","url":"https:\/\/latamjournalismreview.org\/pt-br\/articles\/apresentador-e-gerente-de-radio-mexicano-e-encontrado-morto-em-michoacan-na-primeira-semana-de-2020\/","name":"Apresentador e gerente de r\u00e1dio mexicano \u00e9 encontrado morto em Michoac\u00e1n na primeira semana de 2020 - LatAm Journalism Review by the Knight Center","isPartOf":{"@id":"https:\/\/latamjournalismreview.org\/pt-br\/#website"},"primaryImageOfPage":{"@id":"https:\/\/latamjournalismreview.org\/pt-br\/articles\/apresentador-e-gerente-de-radio-mexicano-e-encontrado-morto-em-michoacan-na-primeira-semana-de-2020\/#primaryimage"},"image":{"@id":"https:\/\/latamjournalismreview.org\/pt-br\/articles\/apresentador-e-gerente-de-radio-mexicano-e-encontrado-morto-em-michoacan-na-primeira-semana-de-2020\/#primaryimage"},"thumbnailUrl":"https:\/\/latamjournalismreview.org\/wp-content\/uploads\/2020\/05\/LUTO-e1590610883887.png","datePublished":"2020-01-09T20:20:00+00:00","dateModified":"2020-06-17T22:09:54+00:00","description":"Apresentador e gerente de r\u00e1dio mexicano \u00e9 encontrado morto em Michoac\u00e1n na primeira semana de 2020 . Latin American Journalism Review by The Knight Center at The University of Texas at Austin.","breadcrumb":{"@id":"https:\/\/latamjournalismreview.org\/pt-br\/articles\/apresentador-e-gerente-de-radio-mexicano-e-encontrado-morto-em-michoacan-na-primeira-semana-de-2020\/#breadcrumb"},"inLanguage":"pt-BR","potentialAction":[{"@type":"ReadAction","target":["https:\/\/latamjournalismreview.org\/pt-br\/articles\/apresentador-e-gerente-de-radio-mexicano-e-encontrado-morto-em-michoacan-na-primeira-semana-de-2020\/"]}]},{"@type":"ImageObject","inLanguage":"pt-BR","@id":"https:\/\/latamjournalismreview.org\/pt-br\/articles\/apresentador-e-gerente-de-radio-mexicano-e-encontrado-morto-em-michoacan-na-primeira-semana-de-2020\/#primaryimage","url":"https:\/\/latamjournalismreview.org\/wp-content\/uploads\/2020\/05\/LUTO-e1590610883887.png","contentUrl":"https:\/\/latamjournalismreview.org\/wp-content\/uploads\/2020\/05\/LUTO-e1590610883887.png","width":507,"height":309,"caption":"LUTO Mexico"},{"@type":"BreadcrumbList","@id":"https:\/\/latamjournalismreview.org\/pt-br\/articles\/apresentador-e-gerente-de-radio-mexicano-e-encontrado-morto-em-michoacan-na-primeira-semana-de-2020\/#breadcrumb","itemListElement":[{"@type":"ListItem","position":1,"name":"Home","item":"https:\/\/latamjournalismreview.org\/pt-br\/"},{"@type":"ListItem","position":2,"name":"Apresentador e gerente de r\u00e1dio mexicano \u00e9 encontrado morto em Michoac\u00e1n na primeira semana de 2020"}]},{"@type":"WebSite","@id":"https:\/\/latamjournalismreview.org\/pt-br\/#website","url":"https:\/\/latamjournalismreview.org\/pt-br\/","name":"LatAm Journalism Review","description":"Digital magazine on journalism in Latin America","publisher":{"@id":"https:\/\/latamjournalismreview.org\/pt-br\/#organization"},"potentialAction":[{"@type":"SearchAction","target":{"@type":"EntryPoint","urlTemplate":"https:\/\/latamjournalismreview.org\/pt-br\/?s={search_term_string}"},"query-input":{"@type":"PropertyValueSpecification","valueRequired":true,"valueName":"search_term_string"}}],"inLanguage":"pt-BR"},{"@type":"Organization","@id":"https:\/\/latamjournalismreview.org\/pt-br\/#organization","name":"LatAm Journalism Review","url":"https:\/\/latamjournalismreview.org\/pt-br\/","logo":{"@type":"ImageObject","inLanguage":"pt-BR","@id":"https:\/\/latamjournalismreview.org\/pt-br\/#\/schema\/logo\/image\/","url":"https:\/\/latamjournalismreview.org\/wp-content\/uploads\/2020\/05\/knight-latAm-review-logo.svg","contentUrl":"https:\/\/latamjournalismreview.org\/wp-content\/uploads\/2020\/05\/knight-latAm-review-logo.svg","width":"1024","height":"1024","caption":"LatAm Journalism Review"},"image":{"@id":"https:\/\/latamjournalismreview.org\/pt-br\/#\/schema\/logo\/image\/"},"sameAs":["https:\/\/x.com\/LatAmJournalism"]},{"@type":"Person","@id":"https:\/\/latamjournalismreview.org\/pt-br\/#\/schema\/person\/b83a4912f05c8178389e917d8d51de03","name":"Teresa Mioli","description":"Teresa Mioli is the editorial manager for the Knight Center for Journalism in the Americas. She is interested in press freedom, democratization, and investigative journalism in Latin America and is dedicated to increasing awareness about the importance of independent news media to the health of democracies. She produces journalistic work with the aim of helping people to make informed decisions about their lives and societies and wants to make sure other journalists are able to do the same. She has Bachelors' degrees in Journalism and Plan II Honors (Liberal Arts) and a Master's degree in Latin American Studies, all from the University of Texas at Austin. She started her journalistic career at The Beaumont Enterprise in Southeast Texas where she last worked as a breaking news reporter. ______ Teresa Mioli es la directora editorial del Centro Knight para el Periodismo en las Am\u00e9ricas. Es una periodista con inter\u00e9s en la libertad de prensa, la democratizaci\u00f3n y el periodismo investigativo en Am\u00e9rica Latina y est\u00e1 dedicada a crear mayor consciencia sobre la importancia de los medios noticiosos independientes para la salud de las democracias. El objetivo de su trabajo period\u00edstico es ayudar las personas para que tomen decisiones informadas sobre sus vidas y sus sociedades, y busca que otros periodistas tengan la posibilidad de hacer lo mismo. Teresa tiene una licenciatura en Periodismo y Artes liberales (Plan II Honors), y una maestr\u00eda en Estudios Latinoamericanos, todos de la Universidad de Texas en Austin. Empez\u00f3 su carrera en periodismo en The Beaumont Enterprise al sureste de Texas, en donde recientemente trabaj\u00f3 como reportera de noticias de \u00faltima hora. Anteriormente ella fue la editora de LatAm Journalism Review del Centro Knight. ______ Teresa Mioli \u00e9 gerente editorial do Centro Knight para o Jornalismo nas Am\u00e9ricas. Ela se interessa por liberdade de imprensa, democratiza\u00e7\u00e3o e jornalismo investigativo na Am\u00e9rica Latina e se dedica a aumentar a conscientiza\u00e7\u00e3o sobre a import\u00e2ncia da m\u00eddia independente para a sa\u00fade das democracias. Ela produz trabalhos jornal\u00edsticos com o objetivo de ajudar as pessoas a tomarem decis\u00f5es informadas sobre suas vidas e sociedades e deseja garantir que outros jornalistas possam fazer o mesmo. Ela tem bacharelado em jornalismo e artes liberais e um mestrado em Estudos Latino-Americanos, todos pela Universidade do Texas em Austin. Ela come\u00e7ou sua carreira jornal\u00edstica na The Beaumont Enterprise no sudeste do Texas, onde trabalhou pela \u00faltima vez como rep\u00f3rter de not\u00edcias de \u00faltima hora.","sameAs":["https:\/\/x.com\/TeresaMioli"],"url":"https:\/\/latamjournalismreview.org\/pt-br\/articles\/author\/teresa-mioli\/"}]}},"_links":{"self":[{"href":"https:\/\/latamjournalismreview.org\/pt-br\/wp-json\/wp\/v2\/posts\/3151","targetHints":{"allow":["GET"]}}],"collection":[{"href":"https:\/\/latamjournalismreview.org\/pt-br\/wp-json\/wp\/v2\/posts"}],"about":[{"href":"https:\/\/latamjournalismreview.org\/pt-br\/wp-json\/wp\/v2\/types\/post"}],"author":[{"embeddable":true,"href":"https:\/\/latamjournalismreview.org\/pt-br\/wp-json\/wp\/v2\/users\/3"}],"replies":[{"embeddable":true,"href":"https:\/\/latamjournalismreview.org\/pt-br\/wp-json\/wp\/v2\/comments?post=3151"}],"version-history":[{"count":3,"href":"https:\/\/latamjournalismreview.org\/pt-br\/wp-json\/wp\/v2\/posts\/3151\/revisions"}],"predecessor-version":[{"id":7331,"href":"https:\/\/latamjournalismreview.org\/pt-br\/wp-json\/wp\/v2\/posts\/3151\/revisions\/7331"}],"wp:featuredmedia":[{"embeddable":true,"href":"https:\/\/latamjournalismreview.org\/pt-br\/wp-json\/wp\/v2\/media\/2477"}],"wp:attachment":[{"href":"https:\/\/latamjournalismreview.org\/pt-br\/wp-json\/wp\/v2\/media?parent=3151"}],"wp:term":[{"taxonomy":"category","embeddable":true,"href":"https:\/\/latamjournalismreview.org\/pt-br\/wp-json\/wp\/v2\/categories?post=3151"},{"taxonomy":"post_tag","embeddable":true,"href":"https:\/\/latamjournalismreview.org\/pt-br\/wp-json\/wp\/v2\/tags?post=3151"},{"taxonomy":"author","embeddable":true,"href":"https:\/\/latamjournalismreview.org\/pt-br\/wp-json\/wp\/v2\/coauthors?post=3151"}],"curies":[{"name":"wp","href":"https:\/\/api.w.org\/{rel}","templated":true}]}}