{"id":31814,"date":"2012-08-30T20:43:36","date_gmt":"2012-08-31T01:43:36","guid":{"rendered":"https:\/\/latamjournalismreview.org\/?p=31814"},"modified":"2021-09-15T20:45:27","modified_gmt":"2021-09-16T01:45:27","slug":"na-guatemala-membro-de-comite-de-seguranca-e-condenado-por-agredir-uma-jornalista","status":"publish","type":"post","link":"https:\/\/latamjournalismreview.org\/pt-br\/articles\/na-guatemala-membro-de-comite-de-seguranca-e-condenado-por-agredir-uma-jornalista\/","title":{"rendered":"Na Guatemala, membro de comit\u00ea de seguran\u00e7a \u00e9 condenado por agredir uma jornalista"},"content":{"rendered":"<p>O vice-presidente da Comiss\u00e3o de Seguran\u00e7a de\u00a0<a href=\"http:\/\/es.wikipedia.org\/wiki\/Panajachel\" target=\"_blank\" rel=\"noopener\">Panajachel<\/a>, no estado de\u00a0<a href=\"http:\/\/es.wikipedia.org\/wiki\/Solol%C3%A1\" target=\"_blank\" rel=\"noopener\">Solol\u00e1<\/a>, foi condenado pelo Tribunal de Primeira Inst\u00e2ncia Penal de\u00a0<a href=\"http:\/\/es.wikipedia.org\/wiki\/Nebaj\" target=\"_blank\" rel=\"noopener\">Nebaj<\/a>,\u00a0<a href=\"http:\/\/es.wikipedia.org\/wiki\/El_Quich%C3%A9\" target=\"_blank\" rel=\"noopener\">Quich\u00e9<\/a>, a tr\u00eas anos e oito meses de pris\u00e3o pelos delitos de\u00a0<a href=\"http:\/\/cerigua.org\/1520\/index.php?option=com_content&amp;view=article&amp;id=10126:condenan-a-miembro-de-comite-de-seguridad-por-agresiones-a-periodista&amp;catid=48:libertad-de-expresion&amp;Itemid=10\" target=\"_blank\" rel=\"noopener\">discrimina\u00e7\u00e3o e amea\u00e7as<\/a>, segundo informou o portal Cerigua.<\/p>\n<p>Os fatos ocorreram no dia 27 de outubro de 2011, quando Juan Manuel Ral\u00f3n, vice-presidente condenado,\u00a0<a href=\"http:\/\/knightcenter.utexas.edu\/es\/blog\/columnista-de-guatemala-es-amenazada-tras-denunciar-abusos-de-fuerzas-de-seguridad\" target=\"_blank\" rel=\"noopener\">fez coment\u00e1rios sobre a jornalista Luc\u00eda Escobar<\/a>. Dias antes, a comunicadora havia publicado a exist\u00eancia de den\u00fancias contra este comit\u00ea de seguran\u00e7a por crimes como abuso de autoridade, tortura, sequestro, assassinato e outros.<\/p>\n<p>Segundo o portal elPeriodico,\u00a0<a href=\"http:\/\/www.elperiodico.com.gt\/es\/20120829\/pais\/217138\/\" target=\"_blank\" rel=\"noopener\">a Unidade de Crimes contra Jornalistas do Minist\u00e9rio P\u00fablico (MP)\u00a0<\/a>conseguiu demonstrar que Ral\u00f3n cometeu os delitos pelos quais foi condenado quando se referiu \u00e0 jornalista da seguinte maneira: \u201cEsse lago\u00a0<a href=\"http:\/\/es.wikipedia.org\/wiki\/Lago_Atitl%C3%A1n\" target=\"_blank\" rel=\"noopener\">(Atitl\u00e1n)<\/a>\u00a0n\u00e3o merece ter esc\u00f3rias como voc\u00ea, voc\u00ea merece ir para o mesmo lugar que este papel, o lixo\u201d.<\/p>\n<p>Os fatos ocorreram no dia 27 de outubro de 2011, quando Juan Manuel Ral\u00f3n, vice-presidente condenado,\u00a0<a href=\"http:\/\/knightcenter.utexas.edu\/es\/blog\/columnista-de-guatemala-es-amenazada-tras-denunciar-abusos-de-fuerzas-de-seguridad\" target=\"_blank\" rel=\"noopener\">fez coment\u00e1rios sobre a jornalista Luc\u00eda Escobar<\/a>. Dias antes, a comunicadora havia publicado a exist\u00eancia de den\u00fancias contra este comit\u00ea de seguran\u00e7a por crimes como abuso de autoridade, tortura, sequestro, assassinato e outros.<\/p>\n<p>Segundo o portal elPeriodico,\u00a0<a href=\"http:\/\/www.elperiodico.com.gt\/es\/20120829\/pais\/217138\/\" target=\"_blank\" rel=\"noopener\">a Unidade de Crimes contra Jornalistas do Minist\u00e9rio P\u00fablico (MP)\u00a0<\/a>conseguiu demonstrar que Ral\u00f3n cometeu os delitos pelos quais foi condenado quando se referiu \u00e0 jornalista da seguinte maneira: \u201cEsse lago\u00a0<a href=\"http:\/\/es.wikipedia.org\/wiki\/Lago_Atitl%C3%A1n\" target=\"_blank\" rel=\"noopener\">(Atitl\u00e1n)<\/a>\u00a0n\u00e3o merece ter esc\u00f3rias como voc\u00ea, voc\u00ea merece ir para o mesmo lugar que este papel, o lixo\u201d.<\/p>\n<p><em>Nota do editor: Essa hist\u00f3ria foi publicada originalmente no blog de jornalismo nas Am\u00e9ricas do Centro Knight, o predecessor do LatAm Journalism Review.<\/em><\/p>\n","protected":false},"excerpt":{"rendered":"<p>O vice-presidente da Comiss\u00e3o de Seguran\u00e7a de\u00a0Panajachel, no estado de\u00a0Solol\u00e1, foi condenado pelo Tribunal de Primeira Inst\u00e2ncia Penal de\u00a0Nebaj,\u00a0Quich\u00e9, a tr\u00eas anos e oito meses de pris\u00e3o pelos delitos de\u00a0discrimina\u00e7\u00e3o e amea\u00e7as, segundo informou o portal Cerigua.<\/p>\n","protected":false},"author":13,"featured_media":0,"comment_status":"closed","ping_status":"closed","sticky":false,"template":"","format":"standard","meta":{"inline_featured_image":false,"footnotes":""},"categories":[1221],"tags":[1613,1458],"coauthors":[],"class_list":["post-31814","post","type-post","status-publish","format-standard","hentry","category-violencia-contra-jornalistas-pt-br","tag-ameacas-a-jornalistas-pt-br","tag-guatemala-pt-br"],"acf":[],"yoast_head":"<!-- This site is optimized with the Yoast SEO Premium plugin v22.6 (Yoast SEO v27.4) - https:\/\/yoast.com\/product\/yoast-seo-premium-wordpress\/ -->\n<title>Na Guatemala, membro de comit\u00ea de seguran\u00e7a \u00e9 condenado por agredir uma jornalista - LatAm Journalism Review by the Knight Center<\/title>\n<meta name=\"description\" content=\"Na Guatemala, membro de comit\u00ea de seguran\u00e7a \u00e9 condenado por agredir uma jornalista Viol\u00eancia Contra Jornalistas. Latin American Journalism Review by The Knight Center at The University of Texas at Austin.\" \/>\n<meta name=\"robots\" content=\"index, follow, max-snippet:-1, max-image-preview:large, max-video-preview:-1\" \/>\n<link rel=\"canonical\" href=\"https:\/\/latamjournalismreview.org\/pt-br\/articles\/na-guatemala-membro-de-comite-de-seguranca-e-condenado-por-agredir-uma-jornalista\/\" \/>\n<meta property=\"og:locale\" content=\"pt_BR\" \/>\n<meta property=\"og:type\" content=\"article\" \/>\n<meta property=\"og:title\" content=\"Na Guatemala, membro de comit\u00ea de seguran\u00e7a \u00e9 condenado por agredir uma jornalista\" \/>\n<meta property=\"og:description\" content=\"Na Guatemala, membro de comit\u00ea de seguran\u00e7a \u00e9 condenado por agredir uma jornalista Viol\u00eancia Contra Jornalistas. Latin American Journalism Review by The Knight Center at The University of Texas at Austin.\" \/>\n<meta property=\"og:url\" content=\"https:\/\/latamjournalismreview.org\/pt-br\/articles\/na-guatemala-membro-de-comite-de-seguranca-e-condenado-por-agredir-uma-jornalista\/\" \/>\n<meta property=\"og:site_name\" content=\"LatAm Journalism Review by the Knight Center\" \/>\n<meta property=\"article:published_time\" content=\"2012-08-31T01:43:36+00:00\" \/>\n<meta property=\"article:modified_time\" content=\"2021-09-16T01:45:27+00:00\" \/>\n<meta name=\"author\" content=\"Silvia Higuera\" \/>\n<meta name=\"twitter:card\" content=\"summary_large_image\" \/>\n<meta name=\"twitter:creator\" content=\"@shiguerita\" \/>\n<meta name=\"twitter:site\" content=\"@LatAmJournalism\" \/>\n<meta name=\"twitter:label1\" content=\"Written by\" \/>\n\t<meta name=\"twitter:data1\" content=\"Silvia Higuera\" \/>\n\t<meta name=\"twitter:label2\" content=\"Est. reading time\" \/>\n\t<meta name=\"twitter:data2\" content=\"1 minuto\" \/>\n<script type=\"application\/ld+json\" class=\"yoast-schema-graph\">{\"@context\":\"https:\\\/\\\/schema.org\",\"@graph\":[{\"@type\":\"Article\",\"@id\":\"https:\\\/\\\/latamjournalismreview.org\\\/pt-br\\\/articles\\\/na-guatemala-membro-de-comite-de-seguranca-e-condenado-por-agredir-uma-jornalista\\\/#article\",\"isPartOf\":{\"@id\":\"https:\\\/\\\/latamjournalismreview.org\\\/pt-br\\\/articles\\\/na-guatemala-membro-de-comite-de-seguranca-e-condenado-por-agredir-uma-jornalista\\\/\"},\"author\":{\"name\":\"Silvia Higuera\",\"@id\":\"https:\\\/\\\/latamjournalismreview.org\\\/pt-br\\\/#\\\/schema\\\/person\\\/eac7baa6afada0957e047be9fc15703a\"},\"headline\":\"Na Guatemala, membro de comit\u00ea de seguran\u00e7a \u00e9 condenado por agredir uma jornalista\",\"datePublished\":\"2012-08-31T01:43:36+00:00\",\"dateModified\":\"2021-09-16T01:45:27+00:00\",\"mainEntityOfPage\":{\"@id\":\"https:\\\/\\\/latamjournalismreview.org\\\/pt-br\\\/articles\\\/na-guatemala-membro-de-comite-de-seguranca-e-condenado-por-agredir-uma-jornalista\\\/\"},\"wordCount\":311,\"publisher\":{\"@id\":\"https:\\\/\\\/latamjournalismreview.org\\\/pt-br\\\/#organization\"},\"keywords\":[\"Amea\u00e7as a Jornalistas\",\"Guatemala\"],\"articleSection\":[\"Viol\u00eancia Contra Jornalistas\"],\"inLanguage\":\"pt-BR\"},{\"@type\":\"WebPage\",\"@id\":\"https:\\\/\\\/latamjournalismreview.org\\\/pt-br\\\/articles\\\/na-guatemala-membro-de-comite-de-seguranca-e-condenado-por-agredir-uma-jornalista\\\/\",\"url\":\"https:\\\/\\\/latamjournalismreview.org\\\/pt-br\\\/articles\\\/na-guatemala-membro-de-comite-de-seguranca-e-condenado-por-agredir-uma-jornalista\\\/\",\"name\":\"Na Guatemala, membro de comit\u00ea de seguran\u00e7a \u00e9 condenado por agredir uma jornalista - LatAm Journalism Review by the Knight Center\",\"isPartOf\":{\"@id\":\"https:\\\/\\\/latamjournalismreview.org\\\/pt-br\\\/#website\"},\"datePublished\":\"2012-08-31T01:43:36+00:00\",\"dateModified\":\"2021-09-16T01:45:27+00:00\",\"description\":\"Na Guatemala, membro de comit\u00ea de seguran\u00e7a \u00e9 condenado por agredir uma jornalista Viol\u00eancia Contra Jornalistas. Latin American Journalism Review by The Knight Center at The University of Texas at Austin.\",\"breadcrumb\":{\"@id\":\"https:\\\/\\\/latamjournalismreview.org\\\/pt-br\\\/articles\\\/na-guatemala-membro-de-comite-de-seguranca-e-condenado-por-agredir-uma-jornalista\\\/#breadcrumb\"},\"inLanguage\":\"pt-BR\",\"potentialAction\":[{\"@type\":\"ReadAction\",\"target\":[\"https:\\\/\\\/latamjournalismreview.org\\\/pt-br\\\/articles\\\/na-guatemala-membro-de-comite-de-seguranca-e-condenado-por-agredir-uma-jornalista\\\/\"]}]},{\"@type\":\"BreadcrumbList\",\"@id\":\"https:\\\/\\\/latamjournalismreview.org\\\/pt-br\\\/articles\\\/na-guatemala-membro-de-comite-de-seguranca-e-condenado-por-agredir-uma-jornalista\\\/#breadcrumb\",\"itemListElement\":[{\"@type\":\"ListItem\",\"position\":1,\"name\":\"Home\",\"item\":\"https:\\\/\\\/latamjournalismreview.org\\\/pt-br\\\/\"},{\"@type\":\"ListItem\",\"position\":2,\"name\":\"Na Guatemala, membro de comit\u00ea de seguran\u00e7a \u00e9 condenado por agredir uma jornalista\"}]},{\"@type\":\"WebSite\",\"@id\":\"https:\\\/\\\/latamjournalismreview.org\\\/pt-br\\\/#website\",\"url\":\"https:\\\/\\\/latamjournalismreview.org\\\/pt-br\\\/\",\"name\":\"LatAm Journalism Review\",\"description\":\"Digital magazine on journalism in Latin America\",\"publisher\":{\"@id\":\"https:\\\/\\\/latamjournalismreview.org\\\/pt-br\\\/#organization\"},\"potentialAction\":[{\"@type\":\"SearchAction\",\"target\":{\"@type\":\"EntryPoint\",\"urlTemplate\":\"https:\\\/\\\/latamjournalismreview.org\\\/pt-br\\\/?s={search_term_string}\"},\"query-input\":{\"@type\":\"PropertyValueSpecification\",\"valueRequired\":true,\"valueName\":\"search_term_string\"}}],\"inLanguage\":\"pt-BR\"},{\"@type\":\"Organization\",\"@id\":\"https:\\\/\\\/latamjournalismreview.org\\\/pt-br\\\/#organization\",\"name\":\"LatAm Journalism Review\",\"url\":\"https:\\\/\\\/latamjournalismreview.org\\\/pt-br\\\/\",\"logo\":{\"@type\":\"ImageObject\",\"inLanguage\":\"pt-BR\",\"@id\":\"https:\\\/\\\/latamjournalismreview.org\\\/pt-br\\\/#\\\/schema\\\/logo\\\/image\\\/\",\"url\":\"https:\\\/\\\/latamjournalismreview.org\\\/wp-content\\\/uploads\\\/2020\\\/05\\\/knight-latAm-review-logo.svg\",\"contentUrl\":\"https:\\\/\\\/latamjournalismreview.org\\\/wp-content\\\/uploads\\\/2020\\\/05\\\/knight-latAm-review-logo.svg\",\"width\":\"1024\",\"height\":\"1024\",\"caption\":\"LatAm Journalism Review\"},\"image\":{\"@id\":\"https:\\\/\\\/latamjournalismreview.org\\\/pt-br\\\/#\\\/schema\\\/logo\\\/image\\\/\"},\"sameAs\":[\"https:\\\/\\\/x.com\\\/LatAmJournalism\"]},{\"@type\":\"Person\",\"@id\":\"https:\\\/\\\/latamjournalismreview.org\\\/pt-br\\\/#\\\/schema\\\/person\\\/eac7baa6afada0957e047be9fc15703a\",\"name\":\"Silvia Higuera\",\"description\":\"Silvia A. Higuera Fl\u00f3rez is a Colombian journalist interested in covering Latin American issues and human rights, especially the right to freedom of expression, and investigative journalism. She studied Social Communication and Journalism at Universidad Pontificia Bolivariana in Bucaramanga (Colombia), and received her Master's of Arts in Journalism from the University of Texas at Austin in 2015. She worked with the Office of the Special Rapporteur for Freedom of Expression of the Inter-American Commission on Human Rights (IACHR) under the Orlando Sierra fellowship during 2014. She also worked for the Colombian newspaper Vanguardia Liberal and wrote for different magazines about local, economic and public order issues. Her work has also appeared in The Miami Herald and El Nuevo Herald of Miami. Email: silvia.knightcenter@gmail.com Silvia A. Higuera Fl\u00f3rez es una periodista colombiana con inter\u00e9s period\u00edstico es Am\u00e9rica Latina y los derechos humanos, particularmente el derecho a la libertad de expresi\u00f3n, as\u00ed como el periodismo de investigaci\u00f3n. Estudi\u00f3 Comunicaci\u00f3n Social \u2013 Periodismo en la Universidad Pontificia Bolivariana de Bucaramanga (Colombia), y recibi\u00f3 su maestr\u00eda en Periodismo en la Universidad de Texas, en Austin en 2015. Trabaj\u00f3 para la Relator\u00eda Especial para la Libertad de Expresi\u00f3n de la Comisi\u00f3n Interamericana de Derechos Humanos (CIDH) en el marco de la beca Orlando Sierra, durante 2014. Tambi\u00e9n hizo parte del diario Vanguardia Liberal y escribi\u00f3 para otras revistas colombianas cubriendo fuentes locales, econ\u00f3micas y judiciales. Algunos de sus trabajos han aparecido en The Miami Herald y El Nuevo Herald de Miami. Silvia A. Higuera Fl\u00f3rez \u00e9 uma jornalista colombiana e seu interesse jornal\u00edstico \u00e9 a Am\u00e9rica Latina e os direitos humanos, nomeadamente o direito \u00e0 liberdade de express\u00e3o. Estudou Comunica\u00e7\u00e3o Social \u2013 Jornalismo na Universidade Pontif\u00edcia Bolivariana de Bucaramanga, na Col\u00f4mbia e completou seu mestrado em jornalismo na Universidade do Texas em Austin. Silvia trabalhou na Relatoria para a Liberdade de Express\u00e3o da CIDH pela bolsa Orlando Sierra, em 2014. Trabalhou para o jornal Vanguardia Liberal e escreveu para outras revistas colombianas cobrindo temas locais, econ\u00f4micas e judici\u00e1rias. Alguns de seus trabalhos apareceram no The Miami Herald e no El Nuevo Herald de Miami.\",\"sameAs\":[\"https:\\\/\\\/x.com\\\/shiguerita\"],\"url\":\"https:\\\/\\\/latamjournalismreview.org\\\/pt-br\\\/articles\\\/author\\\/silvia-higuera\\\/\"}]}<\/script>\n<!-- \/ Yoast SEO Premium plugin. -->","yoast_head_json":{"title":"Na Guatemala, membro de comit\u00ea de seguran\u00e7a \u00e9 condenado por agredir uma jornalista - LatAm Journalism Review by the Knight Center","description":"Na Guatemala, membro de comit\u00ea de seguran\u00e7a \u00e9 condenado por agredir uma jornalista Viol\u00eancia Contra Jornalistas. Latin American Journalism Review by The Knight Center at The University of Texas at Austin.","robots":{"index":"index","follow":"follow","max-snippet":"max-snippet:-1","max-image-preview":"max-image-preview:large","max-video-preview":"max-video-preview:-1"},"canonical":"https:\/\/latamjournalismreview.org\/pt-br\/articles\/na-guatemala-membro-de-comite-de-seguranca-e-condenado-por-agredir-uma-jornalista\/","og_locale":"pt_BR","og_type":"article","og_title":"Na Guatemala, membro de comit\u00ea de seguran\u00e7a \u00e9 condenado por agredir uma jornalista","og_description":"Na Guatemala, membro de comit\u00ea de seguran\u00e7a \u00e9 condenado por agredir uma jornalista Viol\u00eancia Contra Jornalistas. Latin American Journalism Review by The Knight Center at The University of Texas at Austin.","og_url":"https:\/\/latamjournalismreview.org\/pt-br\/articles\/na-guatemala-membro-de-comite-de-seguranca-e-condenado-por-agredir-uma-jornalista\/","og_site_name":"LatAm Journalism Review by the Knight Center","article_published_time":"2012-08-31T01:43:36+00:00","article_modified_time":"2021-09-16T01:45:27+00:00","author":"Silvia Higuera","twitter_card":"summary_large_image","twitter_creator":"@shiguerita","twitter_site":"@LatAmJournalism","twitter_misc":{"Written by":"Silvia Higuera","Est. reading time":"1 minuto"},"schema":{"@context":"https:\/\/schema.org","@graph":[{"@type":"Article","@id":"https:\/\/latamjournalismreview.org\/pt-br\/articles\/na-guatemala-membro-de-comite-de-seguranca-e-condenado-por-agredir-uma-jornalista\/#article","isPartOf":{"@id":"https:\/\/latamjournalismreview.org\/pt-br\/articles\/na-guatemala-membro-de-comite-de-seguranca-e-condenado-por-agredir-uma-jornalista\/"},"author":{"name":"Silvia Higuera","@id":"https:\/\/latamjournalismreview.org\/pt-br\/#\/schema\/person\/eac7baa6afada0957e047be9fc15703a"},"headline":"Na Guatemala, membro de comit\u00ea de seguran\u00e7a \u00e9 condenado por agredir uma jornalista","datePublished":"2012-08-31T01:43:36+00:00","dateModified":"2021-09-16T01:45:27+00:00","mainEntityOfPage":{"@id":"https:\/\/latamjournalismreview.org\/pt-br\/articles\/na-guatemala-membro-de-comite-de-seguranca-e-condenado-por-agredir-uma-jornalista\/"},"wordCount":311,"publisher":{"@id":"https:\/\/latamjournalismreview.org\/pt-br\/#organization"},"keywords":["Amea\u00e7as a Jornalistas","Guatemala"],"articleSection":["Viol\u00eancia Contra Jornalistas"],"inLanguage":"pt-BR"},{"@type":"WebPage","@id":"https:\/\/latamjournalismreview.org\/pt-br\/articles\/na-guatemala-membro-de-comite-de-seguranca-e-condenado-por-agredir-uma-jornalista\/","url":"https:\/\/latamjournalismreview.org\/pt-br\/articles\/na-guatemala-membro-de-comite-de-seguranca-e-condenado-por-agredir-uma-jornalista\/","name":"Na Guatemala, membro de comit\u00ea de seguran\u00e7a \u00e9 condenado por agredir uma jornalista - LatAm Journalism Review by the Knight Center","isPartOf":{"@id":"https:\/\/latamjournalismreview.org\/pt-br\/#website"},"datePublished":"2012-08-31T01:43:36+00:00","dateModified":"2021-09-16T01:45:27+00:00","description":"Na Guatemala, membro de comit\u00ea de seguran\u00e7a \u00e9 condenado por agredir uma jornalista Viol\u00eancia Contra Jornalistas. Latin American Journalism Review by The Knight Center at The University of Texas at Austin.","breadcrumb":{"@id":"https:\/\/latamjournalismreview.org\/pt-br\/articles\/na-guatemala-membro-de-comite-de-seguranca-e-condenado-por-agredir-uma-jornalista\/#breadcrumb"},"inLanguage":"pt-BR","potentialAction":[{"@type":"ReadAction","target":["https:\/\/latamjournalismreview.org\/pt-br\/articles\/na-guatemala-membro-de-comite-de-seguranca-e-condenado-por-agredir-uma-jornalista\/"]}]},{"@type":"BreadcrumbList","@id":"https:\/\/latamjournalismreview.org\/pt-br\/articles\/na-guatemala-membro-de-comite-de-seguranca-e-condenado-por-agredir-uma-jornalista\/#breadcrumb","itemListElement":[{"@type":"ListItem","position":1,"name":"Home","item":"https:\/\/latamjournalismreview.org\/pt-br\/"},{"@type":"ListItem","position":2,"name":"Na Guatemala, membro de comit\u00ea de seguran\u00e7a \u00e9 condenado por agredir uma jornalista"}]},{"@type":"WebSite","@id":"https:\/\/latamjournalismreview.org\/pt-br\/#website","url":"https:\/\/latamjournalismreview.org\/pt-br\/","name":"LatAm Journalism Review","description":"Digital magazine on journalism in Latin America","publisher":{"@id":"https:\/\/latamjournalismreview.org\/pt-br\/#organization"},"potentialAction":[{"@type":"SearchAction","target":{"@type":"EntryPoint","urlTemplate":"https:\/\/latamjournalismreview.org\/pt-br\/?s={search_term_string}"},"query-input":{"@type":"PropertyValueSpecification","valueRequired":true,"valueName":"search_term_string"}}],"inLanguage":"pt-BR"},{"@type":"Organization","@id":"https:\/\/latamjournalismreview.org\/pt-br\/#organization","name":"LatAm Journalism Review","url":"https:\/\/latamjournalismreview.org\/pt-br\/","logo":{"@type":"ImageObject","inLanguage":"pt-BR","@id":"https:\/\/latamjournalismreview.org\/pt-br\/#\/schema\/logo\/image\/","url":"https:\/\/latamjournalismreview.org\/wp-content\/uploads\/2020\/05\/knight-latAm-review-logo.svg","contentUrl":"https:\/\/latamjournalismreview.org\/wp-content\/uploads\/2020\/05\/knight-latAm-review-logo.svg","width":"1024","height":"1024","caption":"LatAm Journalism Review"},"image":{"@id":"https:\/\/latamjournalismreview.org\/pt-br\/#\/schema\/logo\/image\/"},"sameAs":["https:\/\/x.com\/LatAmJournalism"]},{"@type":"Person","@id":"https:\/\/latamjournalismreview.org\/pt-br\/#\/schema\/person\/eac7baa6afada0957e047be9fc15703a","name":"Silvia Higuera","description":"Silvia A. Higuera Fl\u00f3rez is a Colombian journalist interested in covering Latin American issues and human rights, especially the right to freedom of expression, and investigative journalism. She studied Social Communication and Journalism at Universidad Pontificia Bolivariana in Bucaramanga (Colombia), and received her Master's of Arts in Journalism from the University of Texas at Austin in 2015. She worked with the Office of the Special Rapporteur for Freedom of Expression of the Inter-American Commission on Human Rights (IACHR) under the Orlando Sierra fellowship during 2014. She also worked for the Colombian newspaper Vanguardia Liberal and wrote for different magazines about local, economic and public order issues. Her work has also appeared in The Miami Herald and El Nuevo Herald of Miami. Email: silvia.knightcenter@gmail.com Silvia A. Higuera Fl\u00f3rez es una periodista colombiana con inter\u00e9s period\u00edstico es Am\u00e9rica Latina y los derechos humanos, particularmente el derecho a la libertad de expresi\u00f3n, as\u00ed como el periodismo de investigaci\u00f3n. Estudi\u00f3 Comunicaci\u00f3n Social \u2013 Periodismo en la Universidad Pontificia Bolivariana de Bucaramanga (Colombia), y recibi\u00f3 su maestr\u00eda en Periodismo en la Universidad de Texas, en Austin en 2015. Trabaj\u00f3 para la Relator\u00eda Especial para la Libertad de Expresi\u00f3n de la Comisi\u00f3n Interamericana de Derechos Humanos (CIDH) en el marco de la beca Orlando Sierra, durante 2014. Tambi\u00e9n hizo parte del diario Vanguardia Liberal y escribi\u00f3 para otras revistas colombianas cubriendo fuentes locales, econ\u00f3micas y judiciales. Algunos de sus trabajos han aparecido en The Miami Herald y El Nuevo Herald de Miami. Silvia A. Higuera Fl\u00f3rez \u00e9 uma jornalista colombiana e seu interesse jornal\u00edstico \u00e9 a Am\u00e9rica Latina e os direitos humanos, nomeadamente o direito \u00e0 liberdade de express\u00e3o. Estudou Comunica\u00e7\u00e3o Social \u2013 Jornalismo na Universidade Pontif\u00edcia Bolivariana de Bucaramanga, na Col\u00f4mbia e completou seu mestrado em jornalismo na Universidade do Texas em Austin. Silvia trabalhou na Relatoria para a Liberdade de Express\u00e3o da CIDH pela bolsa Orlando Sierra, em 2014. Trabalhou para o jornal Vanguardia Liberal e escreveu para outras revistas colombianas cobrindo temas locais, econ\u00f4micas e judici\u00e1rias. Alguns de seus trabalhos apareceram no The Miami Herald e no El Nuevo Herald de Miami.","sameAs":["https:\/\/x.com\/shiguerita"],"url":"https:\/\/latamjournalismreview.org\/pt-br\/articles\/author\/silvia-higuera\/"}]}},"_links":{"self":[{"href":"https:\/\/latamjournalismreview.org\/pt-br\/wp-json\/wp\/v2\/posts\/31814","targetHints":{"allow":["GET"]}}],"collection":[{"href":"https:\/\/latamjournalismreview.org\/pt-br\/wp-json\/wp\/v2\/posts"}],"about":[{"href":"https:\/\/latamjournalismreview.org\/pt-br\/wp-json\/wp\/v2\/types\/post"}],"author":[{"embeddable":true,"href":"https:\/\/latamjournalismreview.org\/pt-br\/wp-json\/wp\/v2\/users\/13"}],"replies":[{"embeddable":true,"href":"https:\/\/latamjournalismreview.org\/pt-br\/wp-json\/wp\/v2\/comments?post=31814"}],"version-history":[{"count":1,"href":"https:\/\/latamjournalismreview.org\/pt-br\/wp-json\/wp\/v2\/posts\/31814\/revisions"}],"predecessor-version":[{"id":31816,"href":"https:\/\/latamjournalismreview.org\/pt-br\/wp-json\/wp\/v2\/posts\/31814\/revisions\/31816"}],"wp:attachment":[{"href":"https:\/\/latamjournalismreview.org\/pt-br\/wp-json\/wp\/v2\/media?parent=31814"}],"wp:term":[{"taxonomy":"category","embeddable":true,"href":"https:\/\/latamjournalismreview.org\/pt-br\/wp-json\/wp\/v2\/categories?post=31814"},{"taxonomy":"post_tag","embeddable":true,"href":"https:\/\/latamjournalismreview.org\/pt-br\/wp-json\/wp\/v2\/tags?post=31814"},{"taxonomy":"author","embeddable":true,"href":"https:\/\/latamjournalismreview.org\/pt-br\/wp-json\/wp\/v2\/coauthors?post=31814"}],"curies":[{"name":"wp","href":"https:\/\/api.w.org\/{rel}","templated":true}]}}