{"id":32314,"date":"2012-08-13T20:35:45","date_gmt":"2012-08-14T01:35:45","guid":{"rendered":"https:\/\/latamjournalismreview.org\/?p=32314"},"modified":"2021-09-17T20:37:10","modified_gmt":"2021-09-18T01:37:10","slug":"governo-chileno-nega-passaporte-a-jornalista-por-delitos-de-opiniao-cometidos-em-1951","status":"publish","type":"post","link":"https:\/\/latamjournalismreview.org\/pt-br\/articles\/governo-chileno-nega-passaporte-a-jornalista-por-delitos-de-opiniao-cometidos-em-1951\/","title":{"rendered":"Governo chileno nega passaporte a jornalista por \"delitos de opini\u00e3o\" cometidos em 1951"},"content":{"rendered":"<p>Por Liliana Honorato<\/p>\n<p>Pela segunda vez, o\u00a0<a href=\"http:\/\/www.felap.org\/chile\/d%C3%A9j%C3%A0-vu-niegan-pasaporte-periodista-hern%C3%A1n-uribe\" target=\"_blank\" rel=\"noopener\">governo do Chile negou o passaporte a um jornalista por \"delitos de opini\u00e3o\"<\/a>\u00a0cometidos h\u00e1 mais de 61 anos, durante o governo do presidente\u00a0<a href=\"http:\/\/pt.wikipedia.org\/wiki\/Gabriel_Gonz%C3%A1lez_Videla\" target=\"_blank\" rel=\"noopener\">Gabriel Gonz\u00e1lez Videla<\/a>, informou a Federa\u00e7\u00e3o Latino-americana de Jornalistas (FELAP, na sigla em espanhol).<\/p>\n<p>A \u00faltima vez em que o passaporte foi negado ao jornalista e escritor Hern\u00e1n Uribe Ortega, de 88 anos, membro do Conselho Nacional do Col\u00e9gio de Jornalistas do Chile e presidente da Comiss\u00e3o Investigadora de Atentados a Jornalistas (CIAP) da FELAP, foi em\u00a0<a href=\"http:\/\/www.bolpress.com\/art.php?Cod=2006052912\" target=\"_blank\" rel=\"noopener\">2006, quando Uribe viajaria ao M\u00e9xico para receber uma homenagem da FELAP<\/a>, segundo o site Bolpress.<\/p>\n<p>Desta vez, o jornalista deveria viajar \u00e0 Venezuela para apresentar um relat\u00f3rio sobre atentados a jornalistas, afirmou a FELAP, acrescentando que o acontecimento fez parecer \"como se ainda viv\u00eassemos sob ditadora\". De fato, no in\u00edcio de agosto, v\u00e1rios ve\u00edculos publicaram sobre a recente divulga\u00e7\u00e3o dos arquivos secretos, que indicam que\u00a0<a href=\"http:\/\/www.lacapital.com.ar\/el-mundo\/La-dictadura-chilena-libro-una-guerra-secreta-contra-la-prensa-20120804-0004.html\" target=\"_blank\" rel=\"noopener\">\u201ca ditadura do general Augusto Pinochet (1973-1990) seguiu e vigiou centenas de correspondentes estrangeiros\u201d<\/a>, reportaram o jornal argentino La Capital, o jornal venezuelano\u00a0<a href=\"http:\/\/www.eluniversal.com\/internacional\/120803\/pinochet-lidero-una-cruzada-de-espionaje-contra-periodistas-extranjero\" target=\"_blank\" rel=\"noopener\">El Universal<\/a>\u00a0e o peruano\u00a0<a href=\"http:\/\/elcomercio.pe\/actualidad\/1450655\/noticia-guerra-secreta-augusto-pinochet-contra-periodistas\" target=\"_blank\" rel=\"noopener\">El Comercio<\/a>, entre outros.<\/p>\n<p>Enquanto isso, segundo a FELAP, Uribe levar\u00e1 seu caso aos tribunais com a ajuda do Col\u00e9gio de Jornalistas do Chile. O presidente da associa\u00e7\u00e3o, Marcelo Castillo, reuniu-se com o porta-voz do governo Andr\u00e9s Chadwick, para\u00a0<a href=\"http:\/\/www.lanacion.cl\/periodistas-piden-penas-mas-duras-por-agresiones-como-la-de-raquel-argandona\/noticias\/2012-08-09\/143139.html\" target=\"_blank\" rel=\"noopener\">pedir penas mais severas aos agressores dos trabalhadores da imprensa<\/a>\u00a0que tentam realizar seu trabalho, report\u00f3 o jornal La Naci\u00f3n.<\/p>\n<p>Na reuni\u00e3o, Castillo destacou a recente\u00a0<a href=\"http:\/\/www.lanacion.cl\/raquel-argandona-ni-piensa-en-pedir-disculpas-a-periodista-por-agresion\/noticias\/2012-08-02\/132921.html\" target=\"_blank\" rel=\"noopener\">agress\u00e3o sofrida pela jornalista Daniela Aliste<\/a>\u00a0quando uma apresentadora da\u00a0<a href=\"http:\/\/www.tvn.cl\/index.aspx?p=1\" target=\"_blank\" rel=\"noopener\">Televisi\u00f3n Nacional de Chile (TVN)<\/a>\u00a0a agarrou pelo pesco\u00e7o por causa de uma pergunta que n\u00e3o lhe agradou, acrescentou o La Naci\u00f3n. Devido a essa agress\u00e3o, o\u00a0<a href=\"http:\/\/www.colegiodeperiodistas.cl\/index.php\/component\/content\/article\/2-uncategorised\/251\" target=\"_blank\" rel=\"noopener\">Col\u00e9gio de Jornalistas do Chile enviou uma carta a todos os membros da diretoria da TVN<\/a>, manifestando seu rep\u00fadio e pedindo que a diretoria se pronunciasse sobre o ocorrido.<\/p>\n<p><em>Nota do editor: Essa hist\u00f3ria foi publicada originalmente no blog de jornalismo nas Am\u00e9ricas do Centro Knight, o predecessor do LatAm Journalism Review.<\/em><\/p>\n","protected":false},"excerpt":{"rendered":"<p>Pela segunda vez, o\u00a0governo do Chile negou o passaporte a um jornalista por \"delitos de opini\u00e3o\"\u00a0cometidos h\u00e1 mais de 61 anos, durante o governo do presidente\u00a0Gabriel Gonz\u00e1lez Videla, informou a Federa\u00e7\u00e3o Latino-americana de Jornalistas (FELAP, na sigla em espanhol).<\/p>\n","protected":false},"author":17,"featured_media":0,"comment_status":"closed","ping_status":"closed","sticky":false,"template":"","format":"standard","meta":{"inline_featured_image":false,"footnotes":""},"categories":[1219],"tags":[1534,1435,2051],"coauthors":[],"class_list":["post-32314","post","type-post","status-publish","format-standard","hentry","category-liberdade-de-imprensa-pt-br","tag-ataques-contra-jornalistas-pt-br","tag-chile-pt-br","tag-liberdade-de-expressao-pt-br"],"acf":[],"yoast_head":"<!-- This site is optimized with the Yoast SEO Premium plugin v22.6 (Yoast SEO v27.4) - https:\/\/yoast.com\/product\/yoast-seo-premium-wordpress\/ -->\n<title>Governo chileno nega passaporte a jornalista por &quot;delitos de opini\u00e3o&quot; cometidos em 1951 - LatAm Journalism Review by the Knight Center<\/title>\n<meta name=\"description\" content=\"Governo chileno nega passaporte a jornalista por &quot;delitos de opini\u00e3o&quot; cometidos em 1951 Liberdade de imprensa. Latin American Journalism Review by The Knight Center at The University of Texas at Austin.\" \/>\n<meta name=\"robots\" content=\"index, follow, max-snippet:-1, max-image-preview:large, max-video-preview:-1\" \/>\n<link rel=\"canonical\" href=\"https:\/\/latamjournalismreview.org\/pt-br\/articles\/governo-chileno-nega-passaporte-a-jornalista-por-delitos-de-opiniao-cometidos-em-1951\/\" \/>\n<meta property=\"og:locale\" content=\"pt_BR\" \/>\n<meta property=\"og:type\" content=\"article\" \/>\n<meta property=\"og:title\" content=\"Governo chileno nega passaporte a jornalista por &quot;delitos de opini\u00e3o&quot; cometidos em 1951\" \/>\n<meta property=\"og:description\" content=\"Governo chileno nega passaporte a jornalista por &quot;delitos de opini\u00e3o&quot; cometidos em 1951 Liberdade de imprensa. Latin American Journalism Review by The Knight Center at The University of Texas at Austin.\" \/>\n<meta property=\"og:url\" content=\"https:\/\/latamjournalismreview.org\/pt-br\/articles\/governo-chileno-nega-passaporte-a-jornalista-por-delitos-de-opiniao-cometidos-em-1951\/\" \/>\n<meta property=\"og:site_name\" content=\"LatAm Journalism Review by the Knight Center\" \/>\n<meta property=\"article:published_time\" content=\"2012-08-14T01:35:45+00:00\" \/>\n<meta property=\"article:modified_time\" content=\"2021-09-18T01:37:10+00:00\" \/>\n<meta name=\"author\" content=\"Guest\" \/>\n<meta name=\"twitter:card\" content=\"summary_large_image\" \/>\n<meta name=\"twitter:creator\" content=\"@LatAmJournalism\" \/>\n<meta name=\"twitter:site\" content=\"@LatAmJournalism\" \/>\n<meta name=\"twitter:label1\" content=\"Written by\" \/>\n\t<meta name=\"twitter:data1\" content=\"Guest\" \/>\n\t<meta name=\"twitter:label2\" content=\"Est. reading time\" \/>\n\t<meta name=\"twitter:data2\" content=\"2 minutos\" \/>\n<script type=\"application\/ld+json\" class=\"yoast-schema-graph\">{\"@context\":\"https:\\\/\\\/schema.org\",\"@graph\":[{\"@type\":\"Article\",\"@id\":\"https:\\\/\\\/latamjournalismreview.org\\\/pt-br\\\/articles\\\/governo-chileno-nega-passaporte-a-jornalista-por-delitos-de-opiniao-cometidos-em-1951\\\/#article\",\"isPartOf\":{\"@id\":\"https:\\\/\\\/latamjournalismreview.org\\\/pt-br\\\/articles\\\/governo-chileno-nega-passaporte-a-jornalista-por-delitos-de-opiniao-cometidos-em-1951\\\/\"},\"author\":{\"name\":\"Guest\",\"@id\":\"https:\\\/\\\/latamjournalismreview.org\\\/pt-br\\\/#\\\/schema\\\/person\\\/0315202e0b3c0963a2440f1c3012c360\"},\"headline\":\"Governo chileno nega passaporte a jornalista por \\\"delitos de opini\u00e3o\\\" cometidos em 1951\",\"datePublished\":\"2012-08-14T01:35:45+00:00\",\"dateModified\":\"2021-09-18T01:37:10+00:00\",\"mainEntityOfPage\":{\"@id\":\"https:\\\/\\\/latamjournalismreview.org\\\/pt-br\\\/articles\\\/governo-chileno-nega-passaporte-a-jornalista-por-delitos-de-opiniao-cometidos-em-1951\\\/\"},\"wordCount\":373,\"publisher\":{\"@id\":\"https:\\\/\\\/latamjournalismreview.org\\\/pt-br\\\/#organization\"},\"keywords\":[\"Ataques contra jornalistas\",\"Chile\",\"Liberdade de express\u00e3o\"],\"articleSection\":[\"Liberdade de imprensa\"],\"inLanguage\":\"pt-BR\"},{\"@type\":\"WebPage\",\"@id\":\"https:\\\/\\\/latamjournalismreview.org\\\/pt-br\\\/articles\\\/governo-chileno-nega-passaporte-a-jornalista-por-delitos-de-opiniao-cometidos-em-1951\\\/\",\"url\":\"https:\\\/\\\/latamjournalismreview.org\\\/pt-br\\\/articles\\\/governo-chileno-nega-passaporte-a-jornalista-por-delitos-de-opiniao-cometidos-em-1951\\\/\",\"name\":\"Governo chileno nega passaporte a jornalista por \\\"delitos de opini\u00e3o\\\" cometidos em 1951 - LatAm Journalism Review by the Knight Center\",\"isPartOf\":{\"@id\":\"https:\\\/\\\/latamjournalismreview.org\\\/pt-br\\\/#website\"},\"datePublished\":\"2012-08-14T01:35:45+00:00\",\"dateModified\":\"2021-09-18T01:37:10+00:00\",\"description\":\"Governo chileno nega passaporte a jornalista por \\\"delitos de opini\u00e3o\\\" cometidos em 1951 Liberdade de imprensa. Latin American Journalism Review by The Knight Center at The University of Texas at Austin.\",\"breadcrumb\":{\"@id\":\"https:\\\/\\\/latamjournalismreview.org\\\/pt-br\\\/articles\\\/governo-chileno-nega-passaporte-a-jornalista-por-delitos-de-opiniao-cometidos-em-1951\\\/#breadcrumb\"},\"inLanguage\":\"pt-BR\",\"potentialAction\":[{\"@type\":\"ReadAction\",\"target\":[\"https:\\\/\\\/latamjournalismreview.org\\\/pt-br\\\/articles\\\/governo-chileno-nega-passaporte-a-jornalista-por-delitos-de-opiniao-cometidos-em-1951\\\/\"]}]},{\"@type\":\"BreadcrumbList\",\"@id\":\"https:\\\/\\\/latamjournalismreview.org\\\/pt-br\\\/articles\\\/governo-chileno-nega-passaporte-a-jornalista-por-delitos-de-opiniao-cometidos-em-1951\\\/#breadcrumb\",\"itemListElement\":[{\"@type\":\"ListItem\",\"position\":1,\"name\":\"Home\",\"item\":\"https:\\\/\\\/latamjournalismreview.org\\\/pt-br\\\/\"},{\"@type\":\"ListItem\",\"position\":2,\"name\":\"Governo chileno nega passaporte a jornalista por \\\"delitos de opini\u00e3o\\\" cometidos em 1951\"}]},{\"@type\":\"WebSite\",\"@id\":\"https:\\\/\\\/latamjournalismreview.org\\\/pt-br\\\/#website\",\"url\":\"https:\\\/\\\/latamjournalismreview.org\\\/pt-br\\\/\",\"name\":\"LatAm Journalism Review\",\"description\":\"Digital magazine on journalism in Latin America\",\"publisher\":{\"@id\":\"https:\\\/\\\/latamjournalismreview.org\\\/pt-br\\\/#organization\"},\"potentialAction\":[{\"@type\":\"SearchAction\",\"target\":{\"@type\":\"EntryPoint\",\"urlTemplate\":\"https:\\\/\\\/latamjournalismreview.org\\\/pt-br\\\/?s={search_term_string}\"},\"query-input\":{\"@type\":\"PropertyValueSpecification\",\"valueRequired\":true,\"valueName\":\"search_term_string\"}}],\"inLanguage\":\"pt-BR\"},{\"@type\":\"Organization\",\"@id\":\"https:\\\/\\\/latamjournalismreview.org\\\/pt-br\\\/#organization\",\"name\":\"LatAm Journalism Review\",\"url\":\"https:\\\/\\\/latamjournalismreview.org\\\/pt-br\\\/\",\"logo\":{\"@type\":\"ImageObject\",\"inLanguage\":\"pt-BR\",\"@id\":\"https:\\\/\\\/latamjournalismreview.org\\\/pt-br\\\/#\\\/schema\\\/logo\\\/image\\\/\",\"url\":\"https:\\\/\\\/latamjournalismreview.org\\\/wp-content\\\/uploads\\\/2020\\\/05\\\/knight-latAm-review-logo.svg\",\"contentUrl\":\"https:\\\/\\\/latamjournalismreview.org\\\/wp-content\\\/uploads\\\/2020\\\/05\\\/knight-latAm-review-logo.svg\",\"width\":\"1024\",\"height\":\"1024\",\"caption\":\"LatAm Journalism Review\"},\"image\":{\"@id\":\"https:\\\/\\\/latamjournalismreview.org\\\/pt-br\\\/#\\\/schema\\\/logo\\\/image\\\/\"},\"sameAs\":[\"https:\\\/\\\/x.com\\\/LatAmJournalism\"]},{\"@type\":\"Person\",\"@id\":\"https:\\\/\\\/latamjournalismreview.org\\\/pt-br\\\/#\\\/schema\\\/person\\\/0315202e0b3c0963a2440f1c3012c360\",\"name\":\"Guest\",\"url\":\"https:\\\/\\\/latamjournalismreview.org\\\/pt-br\\\/articles\\\/author\\\/guest\\\/\"}]}<\/script>\n<!-- \/ Yoast SEO Premium plugin. -->","yoast_head_json":{"title":"Governo chileno nega passaporte a jornalista por \"delitos de opini\u00e3o\" cometidos em 1951 - LatAm Journalism Review by the Knight Center","description":"Governo chileno nega passaporte a jornalista por \"delitos de opini\u00e3o\" cometidos em 1951 Liberdade de imprensa. Latin American Journalism Review by The Knight Center at The University of Texas at Austin.","robots":{"index":"index","follow":"follow","max-snippet":"max-snippet:-1","max-image-preview":"max-image-preview:large","max-video-preview":"max-video-preview:-1"},"canonical":"https:\/\/latamjournalismreview.org\/pt-br\/articles\/governo-chileno-nega-passaporte-a-jornalista-por-delitos-de-opiniao-cometidos-em-1951\/","og_locale":"pt_BR","og_type":"article","og_title":"Governo chileno nega passaporte a jornalista por \"delitos de opini\u00e3o\" cometidos em 1951","og_description":"Governo chileno nega passaporte a jornalista por \"delitos de opini\u00e3o\" cometidos em 1951 Liberdade de imprensa. Latin American Journalism Review by The Knight Center at The University of Texas at Austin.","og_url":"https:\/\/latamjournalismreview.org\/pt-br\/articles\/governo-chileno-nega-passaporte-a-jornalista-por-delitos-de-opiniao-cometidos-em-1951\/","og_site_name":"LatAm Journalism Review by the Knight Center","article_published_time":"2012-08-14T01:35:45+00:00","article_modified_time":"2021-09-18T01:37:10+00:00","author":"Guest","twitter_card":"summary_large_image","twitter_creator":"@LatAmJournalism","twitter_site":"@LatAmJournalism","twitter_misc":{"Written by":"Guest","Est. reading time":"2 minutos"},"schema":{"@context":"https:\/\/schema.org","@graph":[{"@type":"Article","@id":"https:\/\/latamjournalismreview.org\/pt-br\/articles\/governo-chileno-nega-passaporte-a-jornalista-por-delitos-de-opiniao-cometidos-em-1951\/#article","isPartOf":{"@id":"https:\/\/latamjournalismreview.org\/pt-br\/articles\/governo-chileno-nega-passaporte-a-jornalista-por-delitos-de-opiniao-cometidos-em-1951\/"},"author":{"name":"Guest","@id":"https:\/\/latamjournalismreview.org\/pt-br\/#\/schema\/person\/0315202e0b3c0963a2440f1c3012c360"},"headline":"Governo chileno nega passaporte a jornalista por \"delitos de opini\u00e3o\" cometidos em 1951","datePublished":"2012-08-14T01:35:45+00:00","dateModified":"2021-09-18T01:37:10+00:00","mainEntityOfPage":{"@id":"https:\/\/latamjournalismreview.org\/pt-br\/articles\/governo-chileno-nega-passaporte-a-jornalista-por-delitos-de-opiniao-cometidos-em-1951\/"},"wordCount":373,"publisher":{"@id":"https:\/\/latamjournalismreview.org\/pt-br\/#organization"},"keywords":["Ataques contra jornalistas","Chile","Liberdade de express\u00e3o"],"articleSection":["Liberdade de imprensa"],"inLanguage":"pt-BR"},{"@type":"WebPage","@id":"https:\/\/latamjournalismreview.org\/pt-br\/articles\/governo-chileno-nega-passaporte-a-jornalista-por-delitos-de-opiniao-cometidos-em-1951\/","url":"https:\/\/latamjournalismreview.org\/pt-br\/articles\/governo-chileno-nega-passaporte-a-jornalista-por-delitos-de-opiniao-cometidos-em-1951\/","name":"Governo chileno nega passaporte a jornalista por \"delitos de opini\u00e3o\" cometidos em 1951 - LatAm Journalism Review by the Knight Center","isPartOf":{"@id":"https:\/\/latamjournalismreview.org\/pt-br\/#website"},"datePublished":"2012-08-14T01:35:45+00:00","dateModified":"2021-09-18T01:37:10+00:00","description":"Governo chileno nega passaporte a jornalista por \"delitos de opini\u00e3o\" cometidos em 1951 Liberdade de imprensa. Latin American Journalism Review by The Knight Center at The University of Texas at Austin.","breadcrumb":{"@id":"https:\/\/latamjournalismreview.org\/pt-br\/articles\/governo-chileno-nega-passaporte-a-jornalista-por-delitos-de-opiniao-cometidos-em-1951\/#breadcrumb"},"inLanguage":"pt-BR","potentialAction":[{"@type":"ReadAction","target":["https:\/\/latamjournalismreview.org\/pt-br\/articles\/governo-chileno-nega-passaporte-a-jornalista-por-delitos-de-opiniao-cometidos-em-1951\/"]}]},{"@type":"BreadcrumbList","@id":"https:\/\/latamjournalismreview.org\/pt-br\/articles\/governo-chileno-nega-passaporte-a-jornalista-por-delitos-de-opiniao-cometidos-em-1951\/#breadcrumb","itemListElement":[{"@type":"ListItem","position":1,"name":"Home","item":"https:\/\/latamjournalismreview.org\/pt-br\/"},{"@type":"ListItem","position":2,"name":"Governo chileno nega passaporte a jornalista por \"delitos de opini\u00e3o\" cometidos em 1951"}]},{"@type":"WebSite","@id":"https:\/\/latamjournalismreview.org\/pt-br\/#website","url":"https:\/\/latamjournalismreview.org\/pt-br\/","name":"LatAm Journalism Review","description":"Digital magazine on journalism in Latin America","publisher":{"@id":"https:\/\/latamjournalismreview.org\/pt-br\/#organization"},"potentialAction":[{"@type":"SearchAction","target":{"@type":"EntryPoint","urlTemplate":"https:\/\/latamjournalismreview.org\/pt-br\/?s={search_term_string}"},"query-input":{"@type":"PropertyValueSpecification","valueRequired":true,"valueName":"search_term_string"}}],"inLanguage":"pt-BR"},{"@type":"Organization","@id":"https:\/\/latamjournalismreview.org\/pt-br\/#organization","name":"LatAm Journalism Review","url":"https:\/\/latamjournalismreview.org\/pt-br\/","logo":{"@type":"ImageObject","inLanguage":"pt-BR","@id":"https:\/\/latamjournalismreview.org\/pt-br\/#\/schema\/logo\/image\/","url":"https:\/\/latamjournalismreview.org\/wp-content\/uploads\/2020\/05\/knight-latAm-review-logo.svg","contentUrl":"https:\/\/latamjournalismreview.org\/wp-content\/uploads\/2020\/05\/knight-latAm-review-logo.svg","width":"1024","height":"1024","caption":"LatAm Journalism Review"},"image":{"@id":"https:\/\/latamjournalismreview.org\/pt-br\/#\/schema\/logo\/image\/"},"sameAs":["https:\/\/x.com\/LatAmJournalism"]},{"@type":"Person","@id":"https:\/\/latamjournalismreview.org\/pt-br\/#\/schema\/person\/0315202e0b3c0963a2440f1c3012c360","name":"Guest","url":"https:\/\/latamjournalismreview.org\/pt-br\/articles\/author\/guest\/"}]}},"_links":{"self":[{"href":"https:\/\/latamjournalismreview.org\/pt-br\/wp-json\/wp\/v2\/posts\/32314","targetHints":{"allow":["GET"]}}],"collection":[{"href":"https:\/\/latamjournalismreview.org\/pt-br\/wp-json\/wp\/v2\/posts"}],"about":[{"href":"https:\/\/latamjournalismreview.org\/pt-br\/wp-json\/wp\/v2\/types\/post"}],"author":[{"embeddable":true,"href":"https:\/\/latamjournalismreview.org\/pt-br\/wp-json\/wp\/v2\/users\/17"}],"replies":[{"embeddable":true,"href":"https:\/\/latamjournalismreview.org\/pt-br\/wp-json\/wp\/v2\/comments?post=32314"}],"version-history":[{"count":1,"href":"https:\/\/latamjournalismreview.org\/pt-br\/wp-json\/wp\/v2\/posts\/32314\/revisions"}],"predecessor-version":[{"id":32316,"href":"https:\/\/latamjournalismreview.org\/pt-br\/wp-json\/wp\/v2\/posts\/32314\/revisions\/32316"}],"wp:attachment":[{"href":"https:\/\/latamjournalismreview.org\/pt-br\/wp-json\/wp\/v2\/media?parent=32314"}],"wp:term":[{"taxonomy":"category","embeddable":true,"href":"https:\/\/latamjournalismreview.org\/pt-br\/wp-json\/wp\/v2\/categories?post=32314"},{"taxonomy":"post_tag","embeddable":true,"href":"https:\/\/latamjournalismreview.org\/pt-br\/wp-json\/wp\/v2\/tags?post=32314"},{"taxonomy":"author","embeddable":true,"href":"https:\/\/latamjournalismreview.org\/pt-br\/wp-json\/wp\/v2\/coauthors?post=32314"}],"curies":[{"name":"wp","href":"https:\/\/api.w.org\/{rel}","templated":true}]}}