{"id":32579,"date":"2012-09-13T20:20:49","date_gmt":"2012-09-14T01:20:49","guid":{"rendered":"https:\/\/latamjournalismreview.org\/?p=32579"},"modified":"2021-09-19T19:21:44","modified_gmt":"2021-09-20T00:21:44","slug":"jornalista-radicado-nos-estados-unidos-rejeita-acao-de-difamacao-de-primeiro-ministro-haitiano","status":"publish","type":"post","link":"https:\/\/latamjournalismreview.org\/pt-br\/articles\/jornalista-radicado-nos-estados-unidos-rejeita-acao-de-difamacao-de-primeiro-ministro-haitiano\/","title":{"rendered":"Jornalista radicado nos Estados Unidos rejeita a\u00e7\u00e3o de difama\u00e7\u00e3o de primeiro ministro haitiano"},"content":{"rendered":"<p><em>Por Ian Tennant<\/em><\/p>\n<p>Um jornalista radicado nos Estados Unidos <a href=\"http:\/\/www.huffingtonpost.com\/huff-wires\/20120913\/us-haitian-prime-minister-lawsuit\">rejeitou as afirma\u00e7\u00f5es do primeiro ministro haitiano, Laurent Lamothe, segundo o qual foi difamado<\/a> pelo rep\u00f3rter do Haiti Observateur, informou a Associated Press (AP) nesta quinta-feira, 13 de setembro.<\/p>\n<p>Lamothe e Patrice Baker, um homem de neg\u00f3cios radicado na Fl\u00f3rida, ingressaram com uma a\u00e7\u00e3o em uma corte federal de Miami, no dia 10 de setembro, alegando que o Haiti Observateur e Leo Joseph <a href=\"http:\/\/www.courthousenews.com\/2012\/09\/13\/50238.htm\">os difamaram em uma mat\u00e9ria \"indignante e escandalosa\"<\/a>, de acordo com o Courthouse News Service.<\/p>\n<p><a href=\"http:\/\/www.montrealgazette.com\/news\/Haitian+American+journalist+sued+Haiti+defamation+stands+reporting\/7237043\/story.html\">Joseph se manteve firme em sua posi\u00e7\u00e3o<\/a> e acrescentou que Lamothe n\u00e3o foi capaz de responder os questionamentos. O <a href=\"http:\/\/www.haiti-observateur.net\">Haiti-Observateur<\/a>, com sede no Brooklyn, Nova York, \u00e9 uma publica\u00e7\u00e3o semanal de not\u00edcias com uma circula\u00e7\u00e3o de aproximadamente 75 mil exemplares em Nova York, Montreal, Fl\u00f3rida e Haiti.<\/p>\n<p>A a\u00e7\u00e3o \u00e9 motivada por uma s\u00e9rie de artigos publicados entre agosto e setembro que sugerem que Lamothe e Baker <a href=\"http:\/\/www.washingtonpost.com\/national\/haitis-prime-minister-sues-brooklyn-based-haitian-american-newspaper-for-defamation\/2012\/09\/12\/1ed7050c-fcff-11e1-98c6-ec0a0a93f8eb_story.html\">se beneficiaram da compra de uma empresa de telecomunica\u00e7\u00f5es feita pelo governo haitiano<\/a>, segundo a AP.<\/p>\n<p><em>Nota do editor: Essa hist\u00f3ria foi publicada originalmente no blog Jornalismo nas Am\u00e9ricas do Centro Knight, o predecessor do LatAm Journalism Review.<\/em><\/p>\n","protected":false},"excerpt":{"rendered":"<p>Um jornalista radicado nos Estados Unidos rejeitou as afirma\u00e7\u00f5es do primeiro ministro haitiano, Laurent Lamothe, segundo o qual foi difamado pelo rep\u00f3rter do Haiti Observateur, informou a Associated Press (AP) nesta quinta-feira, 13 de setembro.<\/p>\n","protected":false},"author":22,"featured_media":0,"comment_status":"closed","ping_status":"closed","sticky":false,"template":"","format":"standard","meta":{"inline_featured_image":false,"footnotes":""},"categories":[1219],"tags":[1379,1565,1535],"coauthors":[],"class_list":["post-32579","post","type-post","status-publish","format-standard","hentry","category-liberdade-de-imprensa-pt-br","tag-casos-judiciais-pt-br","tag-difamacao-pt-br","tag-haiti-pt-br"],"acf":[],"yoast_head":"<!-- This site is optimized with the Yoast SEO Premium plugin v22.6 (Yoast SEO v27.4) - https:\/\/yoast.com\/product\/yoast-seo-premium-wordpress\/ -->\n<title>Jornalista radicado nos Estados Unidos rejeita a\u00e7\u00e3o de difama\u00e7\u00e3o de primeiro ministro haitiano - LatAm Journalism Review by the Knight Center<\/title>\n<meta name=\"description\" content=\"Jornalista radicado nos Estados Unidos rejeita a\u00e7\u00e3o de difama\u00e7\u00e3o de primeiro ministro haitiano Liberdade de imprensa. Latin American Journalism Review by The Knight Center at The University of Texas at Austin.\" \/>\n<meta name=\"robots\" content=\"index, follow, max-snippet:-1, max-image-preview:large, max-video-preview:-1\" \/>\n<link rel=\"canonical\" href=\"https:\/\/latamjournalismreview.org\/pt-br\/articles\/jornalista-radicado-nos-estados-unidos-rejeita-acao-de-difamacao-de-primeiro-ministro-haitiano\/\" \/>\n<meta property=\"og:locale\" content=\"pt_BR\" \/>\n<meta property=\"og:type\" content=\"article\" \/>\n<meta property=\"og:title\" content=\"Jornalista radicado nos Estados Unidos rejeita a\u00e7\u00e3o de difama\u00e7\u00e3o de primeiro ministro haitiano\" \/>\n<meta property=\"og:description\" content=\"Jornalista radicado nos Estados Unidos rejeita a\u00e7\u00e3o de difama\u00e7\u00e3o de primeiro ministro haitiano Liberdade de imprensa. Latin American Journalism Review by The Knight Center at The University of Texas at Austin.\" \/>\n<meta property=\"og:url\" content=\"https:\/\/latamjournalismreview.org\/pt-br\/articles\/jornalista-radicado-nos-estados-unidos-rejeita-acao-de-difamacao-de-primeiro-ministro-haitiano\/\" \/>\n<meta property=\"og:site_name\" content=\"LatAm Journalism Review by the Knight Center\" \/>\n<meta property=\"article:published_time\" content=\"2012-09-14T01:20:49+00:00\" \/>\n<meta property=\"article:modified_time\" content=\"2021-09-20T00:21:44+00:00\" \/>\n<meta name=\"author\" content=\"Knight Center\" \/>\n<meta name=\"twitter:card\" content=\"summary_large_image\" \/>\n<meta name=\"twitter:creator\" content=\"@LatAmJournalism\" \/>\n<meta name=\"twitter:site\" content=\"@LatAmJournalism\" \/>\n<meta name=\"twitter:label1\" content=\"Written by\" \/>\n\t<meta name=\"twitter:data1\" content=\"Knight Center\" \/>\n\t<meta name=\"twitter:label2\" content=\"Est. reading time\" \/>\n\t<meta name=\"twitter:data2\" content=\"1 minuto\" \/>\n<script type=\"application\/ld+json\" class=\"yoast-schema-graph\">{\"@context\":\"https:\\\/\\\/schema.org\",\"@graph\":[{\"@type\":\"Article\",\"@id\":\"https:\\\/\\\/latamjournalismreview.org\\\/pt-br\\\/articles\\\/jornalista-radicado-nos-estados-unidos-rejeita-acao-de-difamacao-de-primeiro-ministro-haitiano\\\/#article\",\"isPartOf\":{\"@id\":\"https:\\\/\\\/latamjournalismreview.org\\\/pt-br\\\/articles\\\/jornalista-radicado-nos-estados-unidos-rejeita-acao-de-difamacao-de-primeiro-ministro-haitiano\\\/\"},\"author\":{\"name\":\"Knight Center\",\"@id\":\"https:\\\/\\\/latamjournalismreview.org\\\/pt-br\\\/#\\\/schema\\\/person\\\/6c325fd0fef0cd167424c683e6577e19\"},\"headline\":\"Jornalista radicado nos Estados Unidos rejeita a\u00e7\u00e3o de difama\u00e7\u00e3o de primeiro ministro haitiano\",\"datePublished\":\"2012-09-14T01:20:49+00:00\",\"dateModified\":\"2021-09-20T00:21:44+00:00\",\"mainEntityOfPage\":{\"@id\":\"https:\\\/\\\/latamjournalismreview.org\\\/pt-br\\\/articles\\\/jornalista-radicado-nos-estados-unidos-rejeita-acao-de-difamacao-de-primeiro-ministro-haitiano\\\/\"},\"wordCount\":219,\"publisher\":{\"@id\":\"https:\\\/\\\/latamjournalismreview.org\\\/pt-br\\\/#organization\"},\"keywords\":[\"Casos judiciais\",\"Difama\u00e7\u00e3o\",\"Haiti\"],\"articleSection\":[\"Liberdade de imprensa\"],\"inLanguage\":\"pt-BR\"},{\"@type\":\"WebPage\",\"@id\":\"https:\\\/\\\/latamjournalismreview.org\\\/pt-br\\\/articles\\\/jornalista-radicado-nos-estados-unidos-rejeita-acao-de-difamacao-de-primeiro-ministro-haitiano\\\/\",\"url\":\"https:\\\/\\\/latamjournalismreview.org\\\/pt-br\\\/articles\\\/jornalista-radicado-nos-estados-unidos-rejeita-acao-de-difamacao-de-primeiro-ministro-haitiano\\\/\",\"name\":\"Jornalista radicado nos Estados Unidos rejeita a\u00e7\u00e3o de difama\u00e7\u00e3o de primeiro ministro haitiano - LatAm Journalism Review by the Knight Center\",\"isPartOf\":{\"@id\":\"https:\\\/\\\/latamjournalismreview.org\\\/pt-br\\\/#website\"},\"datePublished\":\"2012-09-14T01:20:49+00:00\",\"dateModified\":\"2021-09-20T00:21:44+00:00\",\"description\":\"Jornalista radicado nos Estados Unidos rejeita a\u00e7\u00e3o de difama\u00e7\u00e3o de primeiro ministro haitiano Liberdade de imprensa. Latin American Journalism Review by The Knight Center at The University of Texas at Austin.\",\"breadcrumb\":{\"@id\":\"https:\\\/\\\/latamjournalismreview.org\\\/pt-br\\\/articles\\\/jornalista-radicado-nos-estados-unidos-rejeita-acao-de-difamacao-de-primeiro-ministro-haitiano\\\/#breadcrumb\"},\"inLanguage\":\"pt-BR\",\"potentialAction\":[{\"@type\":\"ReadAction\",\"target\":[\"https:\\\/\\\/latamjournalismreview.org\\\/pt-br\\\/articles\\\/jornalista-radicado-nos-estados-unidos-rejeita-acao-de-difamacao-de-primeiro-ministro-haitiano\\\/\"]}]},{\"@type\":\"BreadcrumbList\",\"@id\":\"https:\\\/\\\/latamjournalismreview.org\\\/pt-br\\\/articles\\\/jornalista-radicado-nos-estados-unidos-rejeita-acao-de-difamacao-de-primeiro-ministro-haitiano\\\/#breadcrumb\",\"itemListElement\":[{\"@type\":\"ListItem\",\"position\":1,\"name\":\"Home\",\"item\":\"https:\\\/\\\/latamjournalismreview.org\\\/pt-br\\\/\"},{\"@type\":\"ListItem\",\"position\":2,\"name\":\"Jornalista radicado nos Estados Unidos rejeita a\u00e7\u00e3o de difama\u00e7\u00e3o de primeiro ministro haitiano\"}]},{\"@type\":\"WebSite\",\"@id\":\"https:\\\/\\\/latamjournalismreview.org\\\/pt-br\\\/#website\",\"url\":\"https:\\\/\\\/latamjournalismreview.org\\\/pt-br\\\/\",\"name\":\"LatAm Journalism Review\",\"description\":\"Digital magazine on journalism in Latin America\",\"publisher\":{\"@id\":\"https:\\\/\\\/latamjournalismreview.org\\\/pt-br\\\/#organization\"},\"potentialAction\":[{\"@type\":\"SearchAction\",\"target\":{\"@type\":\"EntryPoint\",\"urlTemplate\":\"https:\\\/\\\/latamjournalismreview.org\\\/pt-br\\\/?s={search_term_string}\"},\"query-input\":{\"@type\":\"PropertyValueSpecification\",\"valueRequired\":true,\"valueName\":\"search_term_string\"}}],\"inLanguage\":\"pt-BR\"},{\"@type\":\"Organization\",\"@id\":\"https:\\\/\\\/latamjournalismreview.org\\\/pt-br\\\/#organization\",\"name\":\"LatAm Journalism Review\",\"url\":\"https:\\\/\\\/latamjournalismreview.org\\\/pt-br\\\/\",\"logo\":{\"@type\":\"ImageObject\",\"inLanguage\":\"pt-BR\",\"@id\":\"https:\\\/\\\/latamjournalismreview.org\\\/pt-br\\\/#\\\/schema\\\/logo\\\/image\\\/\",\"url\":\"https:\\\/\\\/latamjournalismreview.org\\\/wp-content\\\/uploads\\\/2020\\\/05\\\/knight-latAm-review-logo.svg\",\"contentUrl\":\"https:\\\/\\\/latamjournalismreview.org\\\/wp-content\\\/uploads\\\/2020\\\/05\\\/knight-latAm-review-logo.svg\",\"width\":\"1024\",\"height\":\"1024\",\"caption\":\"LatAm Journalism Review\"},\"image\":{\"@id\":\"https:\\\/\\\/latamjournalismreview.org\\\/pt-br\\\/#\\\/schema\\\/logo\\\/image\\\/\"},\"sameAs\":[\"https:\\\/\\\/x.com\\\/LatAmJournalism\"]},{\"@type\":\"Person\",\"@id\":\"https:\\\/\\\/latamjournalismreview.org\\\/pt-br\\\/#\\\/schema\\\/person\\\/6c325fd0fef0cd167424c683e6577e19\",\"name\":\"Knight Center\",\"url\":\"https:\\\/\\\/latamjournalismreview.org\\\/pt-br\\\/articles\\\/author\\\/knight-center\\\/\"}]}<\/script>\n<!-- \/ Yoast SEO Premium plugin. -->","yoast_head_json":{"title":"Jornalista radicado nos Estados Unidos rejeita a\u00e7\u00e3o de difama\u00e7\u00e3o de primeiro ministro haitiano - LatAm Journalism Review by the Knight Center","description":"Jornalista radicado nos Estados Unidos rejeita a\u00e7\u00e3o de difama\u00e7\u00e3o de primeiro ministro haitiano Liberdade de imprensa. Latin American Journalism Review by The Knight Center at The University of Texas at Austin.","robots":{"index":"index","follow":"follow","max-snippet":"max-snippet:-1","max-image-preview":"max-image-preview:large","max-video-preview":"max-video-preview:-1"},"canonical":"https:\/\/latamjournalismreview.org\/pt-br\/articles\/jornalista-radicado-nos-estados-unidos-rejeita-acao-de-difamacao-de-primeiro-ministro-haitiano\/","og_locale":"pt_BR","og_type":"article","og_title":"Jornalista radicado nos Estados Unidos rejeita a\u00e7\u00e3o de difama\u00e7\u00e3o de primeiro ministro haitiano","og_description":"Jornalista radicado nos Estados Unidos rejeita a\u00e7\u00e3o de difama\u00e7\u00e3o de primeiro ministro haitiano Liberdade de imprensa. Latin American Journalism Review by The Knight Center at The University of Texas at Austin.","og_url":"https:\/\/latamjournalismreview.org\/pt-br\/articles\/jornalista-radicado-nos-estados-unidos-rejeita-acao-de-difamacao-de-primeiro-ministro-haitiano\/","og_site_name":"LatAm Journalism Review by the Knight Center","article_published_time":"2012-09-14T01:20:49+00:00","article_modified_time":"2021-09-20T00:21:44+00:00","author":"Knight Center","twitter_card":"summary_large_image","twitter_creator":"@LatAmJournalism","twitter_site":"@LatAmJournalism","twitter_misc":{"Written by":"Knight Center","Est. reading time":"1 minuto"},"schema":{"@context":"https:\/\/schema.org","@graph":[{"@type":"Article","@id":"https:\/\/latamjournalismreview.org\/pt-br\/articles\/jornalista-radicado-nos-estados-unidos-rejeita-acao-de-difamacao-de-primeiro-ministro-haitiano\/#article","isPartOf":{"@id":"https:\/\/latamjournalismreview.org\/pt-br\/articles\/jornalista-radicado-nos-estados-unidos-rejeita-acao-de-difamacao-de-primeiro-ministro-haitiano\/"},"author":{"name":"Knight Center","@id":"https:\/\/latamjournalismreview.org\/pt-br\/#\/schema\/person\/6c325fd0fef0cd167424c683e6577e19"},"headline":"Jornalista radicado nos Estados Unidos rejeita a\u00e7\u00e3o de difama\u00e7\u00e3o de primeiro ministro haitiano","datePublished":"2012-09-14T01:20:49+00:00","dateModified":"2021-09-20T00:21:44+00:00","mainEntityOfPage":{"@id":"https:\/\/latamjournalismreview.org\/pt-br\/articles\/jornalista-radicado-nos-estados-unidos-rejeita-acao-de-difamacao-de-primeiro-ministro-haitiano\/"},"wordCount":219,"publisher":{"@id":"https:\/\/latamjournalismreview.org\/pt-br\/#organization"},"keywords":["Casos judiciais","Difama\u00e7\u00e3o","Haiti"],"articleSection":["Liberdade de imprensa"],"inLanguage":"pt-BR"},{"@type":"WebPage","@id":"https:\/\/latamjournalismreview.org\/pt-br\/articles\/jornalista-radicado-nos-estados-unidos-rejeita-acao-de-difamacao-de-primeiro-ministro-haitiano\/","url":"https:\/\/latamjournalismreview.org\/pt-br\/articles\/jornalista-radicado-nos-estados-unidos-rejeita-acao-de-difamacao-de-primeiro-ministro-haitiano\/","name":"Jornalista radicado nos Estados Unidos rejeita a\u00e7\u00e3o de difama\u00e7\u00e3o de primeiro ministro haitiano - LatAm Journalism Review by the Knight Center","isPartOf":{"@id":"https:\/\/latamjournalismreview.org\/pt-br\/#website"},"datePublished":"2012-09-14T01:20:49+00:00","dateModified":"2021-09-20T00:21:44+00:00","description":"Jornalista radicado nos Estados Unidos rejeita a\u00e7\u00e3o de difama\u00e7\u00e3o de primeiro ministro haitiano Liberdade de imprensa. Latin American Journalism Review by The Knight Center at The University of Texas at Austin.","breadcrumb":{"@id":"https:\/\/latamjournalismreview.org\/pt-br\/articles\/jornalista-radicado-nos-estados-unidos-rejeita-acao-de-difamacao-de-primeiro-ministro-haitiano\/#breadcrumb"},"inLanguage":"pt-BR","potentialAction":[{"@type":"ReadAction","target":["https:\/\/latamjournalismreview.org\/pt-br\/articles\/jornalista-radicado-nos-estados-unidos-rejeita-acao-de-difamacao-de-primeiro-ministro-haitiano\/"]}]},{"@type":"BreadcrumbList","@id":"https:\/\/latamjournalismreview.org\/pt-br\/articles\/jornalista-radicado-nos-estados-unidos-rejeita-acao-de-difamacao-de-primeiro-ministro-haitiano\/#breadcrumb","itemListElement":[{"@type":"ListItem","position":1,"name":"Home","item":"https:\/\/latamjournalismreview.org\/pt-br\/"},{"@type":"ListItem","position":2,"name":"Jornalista radicado nos Estados Unidos rejeita a\u00e7\u00e3o de difama\u00e7\u00e3o de primeiro ministro haitiano"}]},{"@type":"WebSite","@id":"https:\/\/latamjournalismreview.org\/pt-br\/#website","url":"https:\/\/latamjournalismreview.org\/pt-br\/","name":"LatAm Journalism Review","description":"Digital magazine on journalism in Latin America","publisher":{"@id":"https:\/\/latamjournalismreview.org\/pt-br\/#organization"},"potentialAction":[{"@type":"SearchAction","target":{"@type":"EntryPoint","urlTemplate":"https:\/\/latamjournalismreview.org\/pt-br\/?s={search_term_string}"},"query-input":{"@type":"PropertyValueSpecification","valueRequired":true,"valueName":"search_term_string"}}],"inLanguage":"pt-BR"},{"@type":"Organization","@id":"https:\/\/latamjournalismreview.org\/pt-br\/#organization","name":"LatAm Journalism Review","url":"https:\/\/latamjournalismreview.org\/pt-br\/","logo":{"@type":"ImageObject","inLanguage":"pt-BR","@id":"https:\/\/latamjournalismreview.org\/pt-br\/#\/schema\/logo\/image\/","url":"https:\/\/latamjournalismreview.org\/wp-content\/uploads\/2020\/05\/knight-latAm-review-logo.svg","contentUrl":"https:\/\/latamjournalismreview.org\/wp-content\/uploads\/2020\/05\/knight-latAm-review-logo.svg","width":"1024","height":"1024","caption":"LatAm Journalism Review"},"image":{"@id":"https:\/\/latamjournalismreview.org\/pt-br\/#\/schema\/logo\/image\/"},"sameAs":["https:\/\/x.com\/LatAmJournalism"]},{"@type":"Person","@id":"https:\/\/latamjournalismreview.org\/pt-br\/#\/schema\/person\/6c325fd0fef0cd167424c683e6577e19","name":"Knight Center","url":"https:\/\/latamjournalismreview.org\/pt-br\/articles\/author\/knight-center\/"}]}},"_links":{"self":[{"href":"https:\/\/latamjournalismreview.org\/pt-br\/wp-json\/wp\/v2\/posts\/32579","targetHints":{"allow":["GET"]}}],"collection":[{"href":"https:\/\/latamjournalismreview.org\/pt-br\/wp-json\/wp\/v2\/posts"}],"about":[{"href":"https:\/\/latamjournalismreview.org\/pt-br\/wp-json\/wp\/v2\/types\/post"}],"author":[{"embeddable":true,"href":"https:\/\/latamjournalismreview.org\/pt-br\/wp-json\/wp\/v2\/users\/22"}],"replies":[{"embeddable":true,"href":"https:\/\/latamjournalismreview.org\/pt-br\/wp-json\/wp\/v2\/comments?post=32579"}],"version-history":[{"count":1,"href":"https:\/\/latamjournalismreview.org\/pt-br\/wp-json\/wp\/v2\/posts\/32579\/revisions"}],"predecessor-version":[{"id":32580,"href":"https:\/\/latamjournalismreview.org\/pt-br\/wp-json\/wp\/v2\/posts\/32579\/revisions\/32580"}],"wp:attachment":[{"href":"https:\/\/latamjournalismreview.org\/pt-br\/wp-json\/wp\/v2\/media?parent=32579"}],"wp:term":[{"taxonomy":"category","embeddable":true,"href":"https:\/\/latamjournalismreview.org\/pt-br\/wp-json\/wp\/v2\/categories?post=32579"},{"taxonomy":"post_tag","embeddable":true,"href":"https:\/\/latamjournalismreview.org\/pt-br\/wp-json\/wp\/v2\/tags?post=32579"},{"taxonomy":"author","embeddable":true,"href":"https:\/\/latamjournalismreview.org\/pt-br\/wp-json\/wp\/v2\/coauthors?post=32579"}],"curies":[{"name":"wp","href":"https:\/\/api.w.org\/{rel}","templated":true}]}}