{"id":32934,"date":"2012-08-09T09:24:08","date_gmt":"2012-08-09T14:24:08","guid":{"rendered":"https:\/\/latamjournalismreview.org\/?p=32934"},"modified":"2021-09-21T09:26:16","modified_gmt":"2021-09-21T14:26:16","slug":"ministro-brasileiro-pede-investigacao-contra-wikipedia-a-policia-federal","status":"publish","type":"post","link":"https:\/\/latamjournalismreview.org\/pt-br\/articles\/ministro-brasileiro-pede-investigacao-contra-wikipedia-a-policia-federal\/","title":{"rendered":"Ministro brasileiro pede investiga\u00e7\u00e3o contra Wikip\u00e9dia \u00e0 Pol\u00edcia Federal"},"content":{"rendered":"<p>Por Isabela Fraga<\/p>\n<p>O ministro brasileiro Gilmar Mendes, do Supremo Tribunal Federal (STF),\u00a0<a href=\"http:\/\/blogs.estadao.com.br\/joao-bosco\/gilmar-mendes-pede-a-pf-investigacao-da-wikipedia-no-brasil\/\" target=\"_blank\" rel=\"noopener\">pediu \u00e0 Pol\u00edcia Federal uma investiga\u00e7\u00e3o contra a Wikip\u00e9dia por considerar seu verbete distorcido e \"ideol\u00f3gico\"<\/a>, informou o Estado de S\u00e3o Paulo.<\/p>\n<p>Mendes\u00a0<a href=\"http:\/\/www1.folha.uol.com.br\/colunas\/monicabergamo\/1118585-ministro-gilmar-mendes-procurou-a-wikipedia-para-reclamar-da-edicao-de-seu-perfil.shtml\" target=\"_blank\" rel=\"noopener\">j\u00e1 havia pedido altera\u00e7\u00f5es no seu verbete junto aos editores<\/a>\u00a0da Wikip\u00e9dia, mas n\u00e3o plenamente atendido. Segundo o site Olhar Digital, o argumento do ministro \u00e9 que o artigo \"Gilmar Mendes\" tem\u00a0<a href=\"http:\/\/pt.wikipedia.org\/wiki\/Gilmar_Mendes#Den.C3.BAncias_veiculadas_na_Carta_Capital\" target=\"_blank\" rel=\"noopener\">seis par\u00e1grafos com den\u00fancias<\/a>\u00a0contestadas judicialmente,\u00a0<a href=\"http:\/\/olhardigital.uol.com.br\/negocios\/digital_news\/noticias\/gilmar-mendes-pede-a-pf-para-investigar-wikipedia-brasileira\" target=\"_blank\" rel=\"noopener\">espa\u00e7o que seria grande demais se comparado aos trechos sobre sua carreira pol\u00edtica<\/a>.<\/p>\n<p>O imbr\u00f3glio do ministro Mendes com a Wikip\u00e9dia envolve principalmente um dos editores volunt\u00e1rios,\u00a0<a href=\"http:\/\/pt.wikipedia.org\/wiki\/Usu%C3%A1rio:Chicocvenancio\" target=\"_blank\" rel=\"noopener\">Chico Ven\u00e2ncio<\/a>. Em seu blog, Ven\u00e2ncio\u00a0<a href=\"http:\/\/www.chicocvenancio.com\/2012\/07\/artigo-do-gilmar-mendes-1-ou-mamae-sai.html\" target=\"_blank\" rel=\"noopener\">argumenta sobre o hist\u00f3rico de edi\u00e7\u00f5es<\/a>\u00a0do artigo e\u00a0<a href=\"http:\/\/www.chicocvenancio.com\/2012\/07\/assessores-de-gilmar-mendes-pediram-por.html\" target=\"_blank\" rel=\"noopener\">critica o fato de o ministro ter buscado a imprensa<\/a>\u00a0para resolver um problema que, segundo ele, poderia ser solucionado dentro dos pr\u00f3prios mecanismos da Wikip\u00e9dia.<\/p>\n<p>At\u00e9 a tarde de quinta-feira, 9 de agosto, o\u00a0<a href=\"http:\/\/vs.aka-online.de\/cgi-bin\/wppagehiststat.pl?lang=pt.wikipedia&amp;page=Gilmar_Mendes\" target=\"_blank\" rel=\"noopener\">verbete de Gilmar Mendes havia sido editado 609 vezes<\/a>. N\u00e3o \u00e0 toa, 2012 \u00e9, at\u00e9 agora, o ano com mais edi\u00e7\u00f5es \u00e0 p\u00e1gina do ministro, com 203 altera\u00e7\u00f5es (32% do total de edi\u00e7\u00f5es). Uma delas acrescenta justamente a informa\u00e7\u00e3o de que o ministro pediu investiga\u00e7\u00f5es sobre a Wikip\u00e9dia. Na\u00a0<a href=\"http:\/\/pt.wikipedia.org\/wiki\/Discuss%C3%A3o%3AGilmar_Mendes\" target=\"_blank\" rel=\"noopener\">p\u00e1gina de discuss\u00e3o sobre o verbete de Mendes<\/a>, parece haver um embate entre os que consideram o verbete favor\u00e1vel ao ministro e os que julgam o texto cr\u00edtico demais.<\/p>\n<p>Embora os artigos da Wikip\u00e9dia possam ser alterados por qualquer interessado, as\u00a0<a href=\"http:\/\/revistapiaui.estadao.com.br\/edicao-70\/questoes-enciclopedicas\/cooperacao-conturbada\" target=\"_blank\" rel=\"noopener\">decis\u00f5es editoriais do site s\u00e3o negociadas entre seus editores volunt\u00e1rios<\/a>, explica uma reportagem da revista Piau\u00ed sobre os bastidores da Wikip\u00e9dia no Brasil.<\/p>\n<p><em>Nota do editor: Essa hist\u00f3ria foi publicada originalmente no blog de jornalismo nas Am\u00e9ricas do Centro Knight, o predecessor do LatAm Journalism Review.<\/em><\/p>\n","protected":false},"excerpt":{"rendered":"<p>O ministro brasileiro Gilmar Mendes, do Supremo Tribunal Federal (STF),\u00a0pediu \u00e0 Pol\u00edcia Federal uma investiga\u00e7\u00e3o contra a Wikip\u00e9dia por considerar seu verbete distorcido e \"ideol\u00f3gico\", informou o Estado de S\u00e3o Paulo.<\/p>\n","protected":false},"author":17,"featured_media":0,"comment_status":"closed","ping_status":"closed","sticky":false,"template":"","format":"standard","meta":{"inline_featured_image":false,"footnotes":""},"categories":[1228],"tags":[1593,2051],"coauthors":[],"class_list":["post-32934","post","type-post","status-publish","format-standard","hentry","category-acesso-a-informacao-pt-br","tag-jornalismo-online-pt-br","tag-liberdade-de-expressao-pt-br"],"acf":[],"yoast_head":"<!-- This site is optimized with the Yoast SEO Premium plugin v22.6 (Yoast SEO v27.4) - https:\/\/yoast.com\/product\/yoast-seo-premium-wordpress\/ -->\n<title>Ministro brasileiro pede investiga\u00e7\u00e3o contra Wikip\u00e9dia \u00e0 Pol\u00edcia Federal - LatAm Journalism Review by the Knight Center<\/title>\n<meta name=\"description\" content=\"Ministro brasileiro pede investiga\u00e7\u00e3o contra Wikip\u00e9dia \u00e0 Pol\u00edcia Federal Acesso a informa\u00e7\u00e3o. Latin American Journalism Review by The Knight Center at The University of Texas at Austin.\" \/>\n<meta name=\"robots\" content=\"index, follow, max-snippet:-1, max-image-preview:large, max-video-preview:-1\" \/>\n<link rel=\"canonical\" href=\"https:\/\/latamjournalismreview.org\/pt-br\/articles\/ministro-brasileiro-pede-investigacao-contra-wikipedia-a-policia-federal\/\" \/>\n<meta property=\"og:locale\" content=\"pt_BR\" \/>\n<meta property=\"og:type\" content=\"article\" \/>\n<meta property=\"og:title\" content=\"Ministro brasileiro pede investiga\u00e7\u00e3o contra Wikip\u00e9dia \u00e0 Pol\u00edcia Federal\" \/>\n<meta property=\"og:description\" content=\"Ministro brasileiro pede investiga\u00e7\u00e3o contra Wikip\u00e9dia \u00e0 Pol\u00edcia Federal Acesso a informa\u00e7\u00e3o. Latin American Journalism Review by The Knight Center at The University of Texas at Austin.\" \/>\n<meta property=\"og:url\" content=\"https:\/\/latamjournalismreview.org\/pt-br\/articles\/ministro-brasileiro-pede-investigacao-contra-wikipedia-a-policia-federal\/\" \/>\n<meta property=\"og:site_name\" content=\"LatAm Journalism Review by the Knight Center\" \/>\n<meta property=\"article:published_time\" content=\"2012-08-09T14:24:08+00:00\" \/>\n<meta property=\"article:modified_time\" content=\"2021-09-21T14:26:16+00:00\" \/>\n<meta name=\"author\" content=\"Guest\" \/>\n<meta name=\"twitter:card\" content=\"summary_large_image\" \/>\n<meta name=\"twitter:creator\" content=\"@LatAmJournalism\" \/>\n<meta name=\"twitter:site\" content=\"@LatAmJournalism\" \/>\n<meta name=\"twitter:label1\" content=\"Written by\" \/>\n\t<meta name=\"twitter:data1\" content=\"Guest\" \/>\n\t<meta name=\"twitter:label2\" content=\"Est. reading time\" \/>\n\t<meta name=\"twitter:data2\" content=\"2 minutos\" \/>\n<script type=\"application\/ld+json\" class=\"yoast-schema-graph\">{\"@context\":\"https:\\\/\\\/schema.org\",\"@graph\":[{\"@type\":\"Article\",\"@id\":\"https:\\\/\\\/latamjournalismreview.org\\\/pt-br\\\/articles\\\/ministro-brasileiro-pede-investigacao-contra-wikipedia-a-policia-federal\\\/#article\",\"isPartOf\":{\"@id\":\"https:\\\/\\\/latamjournalismreview.org\\\/pt-br\\\/articles\\\/ministro-brasileiro-pede-investigacao-contra-wikipedia-a-policia-federal\\\/\"},\"author\":{\"name\":\"Guest\",\"@id\":\"https:\\\/\\\/latamjournalismreview.org\\\/pt-br\\\/#\\\/schema\\\/person\\\/0315202e0b3c0963a2440f1c3012c360\"},\"headline\":\"Ministro brasileiro pede investiga\u00e7\u00e3o contra Wikip\u00e9dia \u00e0 Pol\u00edcia Federal\",\"datePublished\":\"2012-08-09T14:24:08+00:00\",\"dateModified\":\"2021-09-21T14:26:16+00:00\",\"mainEntityOfPage\":{\"@id\":\"https:\\\/\\\/latamjournalismreview.org\\\/pt-br\\\/articles\\\/ministro-brasileiro-pede-investigacao-contra-wikipedia-a-policia-federal\\\/\"},\"wordCount\":328,\"publisher\":{\"@id\":\"https:\\\/\\\/latamjournalismreview.org\\\/pt-br\\\/#organization\"},\"keywords\":[\"Jornalismo online\",\"Liberdade de express\u00e3o\"],\"articleSection\":[\"Acesso a informa\u00e7\u00e3o\"],\"inLanguage\":\"pt-BR\"},{\"@type\":\"WebPage\",\"@id\":\"https:\\\/\\\/latamjournalismreview.org\\\/pt-br\\\/articles\\\/ministro-brasileiro-pede-investigacao-contra-wikipedia-a-policia-federal\\\/\",\"url\":\"https:\\\/\\\/latamjournalismreview.org\\\/pt-br\\\/articles\\\/ministro-brasileiro-pede-investigacao-contra-wikipedia-a-policia-federal\\\/\",\"name\":\"Ministro brasileiro pede investiga\u00e7\u00e3o contra Wikip\u00e9dia \u00e0 Pol\u00edcia Federal - LatAm Journalism Review by the Knight Center\",\"isPartOf\":{\"@id\":\"https:\\\/\\\/latamjournalismreview.org\\\/pt-br\\\/#website\"},\"datePublished\":\"2012-08-09T14:24:08+00:00\",\"dateModified\":\"2021-09-21T14:26:16+00:00\",\"description\":\"Ministro brasileiro pede investiga\u00e7\u00e3o contra Wikip\u00e9dia \u00e0 Pol\u00edcia Federal Acesso a informa\u00e7\u00e3o. Latin American Journalism Review by The Knight Center at The University of Texas at Austin.\",\"breadcrumb\":{\"@id\":\"https:\\\/\\\/latamjournalismreview.org\\\/pt-br\\\/articles\\\/ministro-brasileiro-pede-investigacao-contra-wikipedia-a-policia-federal\\\/#breadcrumb\"},\"inLanguage\":\"pt-BR\",\"potentialAction\":[{\"@type\":\"ReadAction\",\"target\":[\"https:\\\/\\\/latamjournalismreview.org\\\/pt-br\\\/articles\\\/ministro-brasileiro-pede-investigacao-contra-wikipedia-a-policia-federal\\\/\"]}]},{\"@type\":\"BreadcrumbList\",\"@id\":\"https:\\\/\\\/latamjournalismreview.org\\\/pt-br\\\/articles\\\/ministro-brasileiro-pede-investigacao-contra-wikipedia-a-policia-federal\\\/#breadcrumb\",\"itemListElement\":[{\"@type\":\"ListItem\",\"position\":1,\"name\":\"Home\",\"item\":\"https:\\\/\\\/latamjournalismreview.org\\\/pt-br\\\/\"},{\"@type\":\"ListItem\",\"position\":2,\"name\":\"Ministro brasileiro pede investiga\u00e7\u00e3o contra Wikip\u00e9dia \u00e0 Pol\u00edcia Federal\"}]},{\"@type\":\"WebSite\",\"@id\":\"https:\\\/\\\/latamjournalismreview.org\\\/pt-br\\\/#website\",\"url\":\"https:\\\/\\\/latamjournalismreview.org\\\/pt-br\\\/\",\"name\":\"LatAm Journalism Review\",\"description\":\"Digital magazine on journalism in Latin America\",\"publisher\":{\"@id\":\"https:\\\/\\\/latamjournalismreview.org\\\/pt-br\\\/#organization\"},\"potentialAction\":[{\"@type\":\"SearchAction\",\"target\":{\"@type\":\"EntryPoint\",\"urlTemplate\":\"https:\\\/\\\/latamjournalismreview.org\\\/pt-br\\\/?s={search_term_string}\"},\"query-input\":{\"@type\":\"PropertyValueSpecification\",\"valueRequired\":true,\"valueName\":\"search_term_string\"}}],\"inLanguage\":\"pt-BR\"},{\"@type\":\"Organization\",\"@id\":\"https:\\\/\\\/latamjournalismreview.org\\\/pt-br\\\/#organization\",\"name\":\"LatAm Journalism Review\",\"url\":\"https:\\\/\\\/latamjournalismreview.org\\\/pt-br\\\/\",\"logo\":{\"@type\":\"ImageObject\",\"inLanguage\":\"pt-BR\",\"@id\":\"https:\\\/\\\/latamjournalismreview.org\\\/pt-br\\\/#\\\/schema\\\/logo\\\/image\\\/\",\"url\":\"https:\\\/\\\/latamjournalismreview.org\\\/wp-content\\\/uploads\\\/2020\\\/05\\\/knight-latAm-review-logo.svg\",\"contentUrl\":\"https:\\\/\\\/latamjournalismreview.org\\\/wp-content\\\/uploads\\\/2020\\\/05\\\/knight-latAm-review-logo.svg\",\"width\":\"1024\",\"height\":\"1024\",\"caption\":\"LatAm Journalism Review\"},\"image\":{\"@id\":\"https:\\\/\\\/latamjournalismreview.org\\\/pt-br\\\/#\\\/schema\\\/logo\\\/image\\\/\"},\"sameAs\":[\"https:\\\/\\\/x.com\\\/LatAmJournalism\"]},{\"@type\":\"Person\",\"@id\":\"https:\\\/\\\/latamjournalismreview.org\\\/pt-br\\\/#\\\/schema\\\/person\\\/0315202e0b3c0963a2440f1c3012c360\",\"name\":\"Guest\",\"url\":\"https:\\\/\\\/latamjournalismreview.org\\\/pt-br\\\/articles\\\/author\\\/guest\\\/\"}]}<\/script>\n<!-- \/ Yoast SEO Premium plugin. -->","yoast_head_json":{"title":"Ministro brasileiro pede investiga\u00e7\u00e3o contra Wikip\u00e9dia \u00e0 Pol\u00edcia Federal - LatAm Journalism Review by the Knight Center","description":"Ministro brasileiro pede investiga\u00e7\u00e3o contra Wikip\u00e9dia \u00e0 Pol\u00edcia Federal Acesso a informa\u00e7\u00e3o. Latin American Journalism Review by The Knight Center at The University of Texas at Austin.","robots":{"index":"index","follow":"follow","max-snippet":"max-snippet:-1","max-image-preview":"max-image-preview:large","max-video-preview":"max-video-preview:-1"},"canonical":"https:\/\/latamjournalismreview.org\/pt-br\/articles\/ministro-brasileiro-pede-investigacao-contra-wikipedia-a-policia-federal\/","og_locale":"pt_BR","og_type":"article","og_title":"Ministro brasileiro pede investiga\u00e7\u00e3o contra Wikip\u00e9dia \u00e0 Pol\u00edcia Federal","og_description":"Ministro brasileiro pede investiga\u00e7\u00e3o contra Wikip\u00e9dia \u00e0 Pol\u00edcia Federal Acesso a informa\u00e7\u00e3o. Latin American Journalism Review by The Knight Center at The University of Texas at Austin.","og_url":"https:\/\/latamjournalismreview.org\/pt-br\/articles\/ministro-brasileiro-pede-investigacao-contra-wikipedia-a-policia-federal\/","og_site_name":"LatAm Journalism Review by the Knight Center","article_published_time":"2012-08-09T14:24:08+00:00","article_modified_time":"2021-09-21T14:26:16+00:00","author":"Guest","twitter_card":"summary_large_image","twitter_creator":"@LatAmJournalism","twitter_site":"@LatAmJournalism","twitter_misc":{"Written by":"Guest","Est. reading time":"2 minutos"},"schema":{"@context":"https:\/\/schema.org","@graph":[{"@type":"Article","@id":"https:\/\/latamjournalismreview.org\/pt-br\/articles\/ministro-brasileiro-pede-investigacao-contra-wikipedia-a-policia-federal\/#article","isPartOf":{"@id":"https:\/\/latamjournalismreview.org\/pt-br\/articles\/ministro-brasileiro-pede-investigacao-contra-wikipedia-a-policia-federal\/"},"author":{"name":"Guest","@id":"https:\/\/latamjournalismreview.org\/pt-br\/#\/schema\/person\/0315202e0b3c0963a2440f1c3012c360"},"headline":"Ministro brasileiro pede investiga\u00e7\u00e3o contra Wikip\u00e9dia \u00e0 Pol\u00edcia Federal","datePublished":"2012-08-09T14:24:08+00:00","dateModified":"2021-09-21T14:26:16+00:00","mainEntityOfPage":{"@id":"https:\/\/latamjournalismreview.org\/pt-br\/articles\/ministro-brasileiro-pede-investigacao-contra-wikipedia-a-policia-federal\/"},"wordCount":328,"publisher":{"@id":"https:\/\/latamjournalismreview.org\/pt-br\/#organization"},"keywords":["Jornalismo online","Liberdade de express\u00e3o"],"articleSection":["Acesso a informa\u00e7\u00e3o"],"inLanguage":"pt-BR"},{"@type":"WebPage","@id":"https:\/\/latamjournalismreview.org\/pt-br\/articles\/ministro-brasileiro-pede-investigacao-contra-wikipedia-a-policia-federal\/","url":"https:\/\/latamjournalismreview.org\/pt-br\/articles\/ministro-brasileiro-pede-investigacao-contra-wikipedia-a-policia-federal\/","name":"Ministro brasileiro pede investiga\u00e7\u00e3o contra Wikip\u00e9dia \u00e0 Pol\u00edcia Federal - LatAm Journalism Review by the Knight Center","isPartOf":{"@id":"https:\/\/latamjournalismreview.org\/pt-br\/#website"},"datePublished":"2012-08-09T14:24:08+00:00","dateModified":"2021-09-21T14:26:16+00:00","description":"Ministro brasileiro pede investiga\u00e7\u00e3o contra Wikip\u00e9dia \u00e0 Pol\u00edcia Federal Acesso a informa\u00e7\u00e3o. Latin American Journalism Review by The Knight Center at The University of Texas at Austin.","breadcrumb":{"@id":"https:\/\/latamjournalismreview.org\/pt-br\/articles\/ministro-brasileiro-pede-investigacao-contra-wikipedia-a-policia-federal\/#breadcrumb"},"inLanguage":"pt-BR","potentialAction":[{"@type":"ReadAction","target":["https:\/\/latamjournalismreview.org\/pt-br\/articles\/ministro-brasileiro-pede-investigacao-contra-wikipedia-a-policia-federal\/"]}]},{"@type":"BreadcrumbList","@id":"https:\/\/latamjournalismreview.org\/pt-br\/articles\/ministro-brasileiro-pede-investigacao-contra-wikipedia-a-policia-federal\/#breadcrumb","itemListElement":[{"@type":"ListItem","position":1,"name":"Home","item":"https:\/\/latamjournalismreview.org\/pt-br\/"},{"@type":"ListItem","position":2,"name":"Ministro brasileiro pede investiga\u00e7\u00e3o contra Wikip\u00e9dia \u00e0 Pol\u00edcia Federal"}]},{"@type":"WebSite","@id":"https:\/\/latamjournalismreview.org\/pt-br\/#website","url":"https:\/\/latamjournalismreview.org\/pt-br\/","name":"LatAm Journalism Review","description":"Digital magazine on journalism in Latin America","publisher":{"@id":"https:\/\/latamjournalismreview.org\/pt-br\/#organization"},"potentialAction":[{"@type":"SearchAction","target":{"@type":"EntryPoint","urlTemplate":"https:\/\/latamjournalismreview.org\/pt-br\/?s={search_term_string}"},"query-input":{"@type":"PropertyValueSpecification","valueRequired":true,"valueName":"search_term_string"}}],"inLanguage":"pt-BR"},{"@type":"Organization","@id":"https:\/\/latamjournalismreview.org\/pt-br\/#organization","name":"LatAm Journalism Review","url":"https:\/\/latamjournalismreview.org\/pt-br\/","logo":{"@type":"ImageObject","inLanguage":"pt-BR","@id":"https:\/\/latamjournalismreview.org\/pt-br\/#\/schema\/logo\/image\/","url":"https:\/\/latamjournalismreview.org\/wp-content\/uploads\/2020\/05\/knight-latAm-review-logo.svg","contentUrl":"https:\/\/latamjournalismreview.org\/wp-content\/uploads\/2020\/05\/knight-latAm-review-logo.svg","width":"1024","height":"1024","caption":"LatAm Journalism Review"},"image":{"@id":"https:\/\/latamjournalismreview.org\/pt-br\/#\/schema\/logo\/image\/"},"sameAs":["https:\/\/x.com\/LatAmJournalism"]},{"@type":"Person","@id":"https:\/\/latamjournalismreview.org\/pt-br\/#\/schema\/person\/0315202e0b3c0963a2440f1c3012c360","name":"Guest","url":"https:\/\/latamjournalismreview.org\/pt-br\/articles\/author\/guest\/"}]}},"_links":{"self":[{"href":"https:\/\/latamjournalismreview.org\/pt-br\/wp-json\/wp\/v2\/posts\/32934","targetHints":{"allow":["GET"]}}],"collection":[{"href":"https:\/\/latamjournalismreview.org\/pt-br\/wp-json\/wp\/v2\/posts"}],"about":[{"href":"https:\/\/latamjournalismreview.org\/pt-br\/wp-json\/wp\/v2\/types\/post"}],"author":[{"embeddable":true,"href":"https:\/\/latamjournalismreview.org\/pt-br\/wp-json\/wp\/v2\/users\/17"}],"replies":[{"embeddable":true,"href":"https:\/\/latamjournalismreview.org\/pt-br\/wp-json\/wp\/v2\/comments?post=32934"}],"version-history":[{"count":1,"href":"https:\/\/latamjournalismreview.org\/pt-br\/wp-json\/wp\/v2\/posts\/32934\/revisions"}],"predecessor-version":[{"id":32936,"href":"https:\/\/latamjournalismreview.org\/pt-br\/wp-json\/wp\/v2\/posts\/32934\/revisions\/32936"}],"wp:attachment":[{"href":"https:\/\/latamjournalismreview.org\/pt-br\/wp-json\/wp\/v2\/media?parent=32934"}],"wp:term":[{"taxonomy":"category","embeddable":true,"href":"https:\/\/latamjournalismreview.org\/pt-br\/wp-json\/wp\/v2\/categories?post=32934"},{"taxonomy":"post_tag","embeddable":true,"href":"https:\/\/latamjournalismreview.org\/pt-br\/wp-json\/wp\/v2\/tags?post=32934"},{"taxonomy":"author","embeddable":true,"href":"https:\/\/latamjournalismreview.org\/pt-br\/wp-json\/wp\/v2\/coauthors?post=32934"}],"curies":[{"name":"wp","href":"https:\/\/api.w.org\/{rel}","templated":true}]}}