{"id":33106,"date":"2012-08-01T11:18:21","date_gmt":"2012-08-01T16:18:21","guid":{"rendered":"https:\/\/latamjournalismreview.org\/?p=33106"},"modified":"2021-09-21T11:19:09","modified_gmt":"2021-09-21T16:19:09","slug":"jornalistas-de-mexico-venezuela-e-espanha-recebem-premio-moors-cabot-e-jornal-el-universo-ganha-mencao-honrosa","status":"publish","type":"post","link":"https:\/\/latamjournalismreview.org\/pt-br\/articles\/jornalistas-de-mexico-venezuela-e-espanha-recebem-premio-moors-cabot-e-jornal-el-universo-ganha-mencao-honrosa\/","title":{"rendered":"Jornalistas de M\u00e9xico, Venezuela e Espanha recebem pr\u00eamio Moors Cabot e jornal El Universo ganha men\u00e7\u00e3o honrosa"},"content":{"rendered":"<p>A Escola de Jornalismo da Universidade Columbia, em Nova York, conferiu os\u00a0<a href=\"http:\/\/www.journalism.columbia.edu\/page\/167-cabot-prizes\/168\" target=\"_blank\" rel=\"noopener\">pr\u00eamios Mar\u00eda Moors Cabot, dedicados a jornalistas que se sobressa\u00edram na cobertura do hemisf\u00e9rio ocidental<\/a>. Os\u00a0<a href=\"http:\/\/www.journalism.columbia.edu\/page\/801-cabot-prizes-current-winners\/612\" target=\"_blank\" rel=\"noopener\">laureados da edi\u00e7\u00e3o 74<\/a>\u00a0desses pr\u00eamios foram\u00a0<a href=\"http:\/\/es.wikipedia.org\/wiki\/Teodoro_Petkoff\" target=\"_blank\" rel=\"noopener\">Teodoro Petkoff<\/a>, editor do jornal\u00a0<a href=\"http:\/\/www.talcualdigital.com\/homepage.aspx\" target=\"_blank\" rel=\"noopener\">Tal Cual<\/a>, na Venezuela;\u00a0<a href=\"http:\/\/www.animalpolitico.com\/el-palenque\/author\/davidluhnow\/\" target=\"_blank\" rel=\"noopener\">David Luhnow<\/a>, chefe de reda\u00e7\u00e3o da Am\u00e9rica Latina do The Wall Street Journal; e tamb\u00e9m\u00a0<a href=\"http:\/\/www.washingtonpost.com\/juan-forero\/2011\/03\/02\/ABHxvmP_page.html\" target=\"_blank\" rel=\"noopener\">Juan Forero<\/a>, correspondente do Washington Post e da NPR na Am\u00e9rica do Sul; e o colunista e editor\u00a0<a href=\"http:\/\/elpais.com\/autor\/miguel_angel_bastenier\/a\/\" target=\"_blank\" rel=\"noopener\">Miguel \u00c1ngel Bastenier<\/a>, do jornal El Pa\u00eds e professor da\u00a0<a href=\"http:\/\/www.fnpi.org\/maestros\/directores-de-talleres\/miguel-angel-bastenier\/\" target=\"_blank\" rel=\"noopener\">Funda\u00e7\u00e3o Novo Jornalismo Iberoamericano<\/a>, na Col\u00f4mbia.<\/p>\n<p>Al\u00e9m dos laureados, a Universidade Columbia tamb\u00e9m fez uma\u00a0<a href=\"http:\/\/www.voanoticias.com\/content\/periodismo-libertad-expresion-premio-moors-cabo-universo-guayaquil\/1452333.html\" target=\"_blank\" rel=\"noopener\">men\u00e7\u00e3o honrosa ao jornal El Universo<\/a>, do Equador, alvo de um\u00a0<a href=\"http:\/\/knightcenter.utexas.edu\/pt-br\/search\/node\/el%20universo\" target=\"_blank\" rel=\"noopener\">processo de difama\u00e7\u00e3o do presidente Rafael Correa<\/a>.<\/p>\n<p>O juri dos pr\u00eamios destaca que Petkoff iniciou sua carreira jornal\u00edstica aos 66 anos, em 1998, ao criar o jornal Tal Cual, no qual publica tr\u00eas colunas semanais que desafiam o autoritarismo do presidente Hugo Ch\u00e1vez na Venezuela. Por sua vez, o\u00a0<a href=\"http:\/\/excelsior.com.mx\/index.php?m=nota&amp;seccion=seccion-nacional&amp;cat=1&amp;id_nota=850967\" target=\"_blank\" rel=\"noopener\">jornalista David Luhnow, filho de estadounidenses, nasceu e cresceu no M\u00e9xico<\/a>\u00a0e escreve sobre diversos temas relacionados \u00e0 Am\u00e9rica Latina para o Wall Street Journal, segundo o jornal Exc\u00e9lsior.<\/p>\n<p><em>Nota do editor: Essa hist\u00f3ria foi publicada originalmente no blog de jornalismo nas Am\u00e9ricas do Centro Knight, o predecessor do LatAm Journalism Review.<\/em><\/p>\n","protected":false},"excerpt":{"rendered":"<p>A Escola de Jornalismo da Universidade Columbia, em Nova York, conferiu os\u00a0pr\u00eamios Mar\u00eda Moors Cabot, dedicados a jornalistas que se sobressa\u00edram na cobertura do hemisf\u00e9rio ocidental. Os\u00a0laureados da edi\u00e7\u00e3o 74\u00a0desses pr\u00eamios foram\u00a0Teodoro Petkoff, editor do jornal\u00a0Tal Cual, na Venezuela;\u00a0David Luhnow, chefe de reda\u00e7\u00e3o da Am\u00e9rica Latina do The Wall Street Journal; e tamb\u00e9m\u00a0Juan Forero, correspondente do Washington Post e da NPR na Am\u00e9rica do Sul; e o colunista e editor\u00a0Miguel \u00c1ngel Bastenier, do jornal El Pa\u00eds e professor da\u00a0Funda\u00e7\u00e3o Novo Jornalismo Iberoamericano, na Col\u00f4mbia.<\/p>\n","protected":false},"author":40,"featured_media":0,"comment_status":"closed","ping_status":"closed","sticky":false,"template":"","format":"standard","meta":{"inline_featured_image":false,"footnotes":""},"categories":[1353],"tags":[1394,1559,1402],"coauthors":[],"class_list":["post-33106","post","type-post","status-publish","format-standard","hentry","category-premios-e-oportunidades-pt-br","tag-mexico-pt-br","tag-premios-pt-br","tag-venezuela-pt-br"],"acf":[],"yoast_head":"<!-- This site is optimized with the Yoast SEO Premium plugin v22.6 (Yoast SEO v27.4) - https:\/\/yoast.com\/product\/yoast-seo-premium-wordpress\/ -->\n<title>Jornalistas de M\u00e9xico, Venezuela e Espanha recebem pr\u00eamio Moors Cabot e jornal El Universo ganha men\u00e7\u00e3o honrosa - LatAm Journalism Review by the Knight Center<\/title>\n<meta name=\"description\" content=\"Jornalistas de M\u00e9xico, Venezuela e Espanha recebem pr\u00eamio Moors Cabot e jornal El Universo ganha men\u00e7\u00e3o honrosa Pr\u00eamios e oportunidades. Latin American Journalism Review by The Knight Center at The University of Texas at Austin.\" \/>\n<meta name=\"robots\" content=\"index, follow, max-snippet:-1, max-image-preview:large, max-video-preview:-1\" \/>\n<link rel=\"canonical\" href=\"https:\/\/latamjournalismreview.org\/pt-br\/articles\/jornalistas-de-mexico-venezuela-e-espanha-recebem-premio-moors-cabot-e-jornal-el-universo-ganha-mencao-honrosa\/\" \/>\n<meta property=\"og:locale\" content=\"pt_BR\" \/>\n<meta property=\"og:type\" content=\"article\" \/>\n<meta property=\"og:title\" content=\"Jornalistas de M\u00e9xico, Venezuela e Espanha recebem pr\u00eamio Moors Cabot e jornal El Universo ganha men\u00e7\u00e3o honrosa\" \/>\n<meta property=\"og:description\" content=\"Jornalistas de M\u00e9xico, Venezuela e Espanha recebem pr\u00eamio Moors Cabot e jornal El Universo ganha men\u00e7\u00e3o honrosa Pr\u00eamios e oportunidades. Latin American Journalism Review by The Knight Center at The University of Texas at Austin.\" \/>\n<meta property=\"og:url\" content=\"https:\/\/latamjournalismreview.org\/pt-br\/articles\/jornalistas-de-mexico-venezuela-e-espanha-recebem-premio-moors-cabot-e-jornal-el-universo-ganha-mencao-honrosa\/\" \/>\n<meta property=\"og:site_name\" content=\"LatAm Journalism Review by the Knight Center\" \/>\n<meta property=\"article:published_time\" content=\"2012-08-01T16:18:21+00:00\" \/>\n<meta property=\"article:modified_time\" content=\"2021-09-21T16:19:09+00:00\" \/>\n<meta name=\"author\" content=\"Tania Lara\" \/>\n<meta name=\"twitter:card\" content=\"summary_large_image\" \/>\n<meta name=\"twitter:creator\" content=\"@LatAmJournalism\" \/>\n<meta name=\"twitter:site\" content=\"@LatAmJournalism\" \/>\n<meta name=\"twitter:label1\" content=\"Written by\" \/>\n\t<meta name=\"twitter:data1\" content=\"Tania Lara\" \/>\n\t<meta name=\"twitter:label2\" content=\"Est. reading time\" \/>\n\t<meta name=\"twitter:data2\" content=\"1 minuto\" \/>\n<script type=\"application\/ld+json\" class=\"yoast-schema-graph\">{\"@context\":\"https:\\\/\\\/schema.org\",\"@graph\":[{\"@type\":\"Article\",\"@id\":\"https:\\\/\\\/latamjournalismreview.org\\\/pt-br\\\/articles\\\/jornalistas-de-mexico-venezuela-e-espanha-recebem-premio-moors-cabot-e-jornal-el-universo-ganha-mencao-honrosa\\\/#article\",\"isPartOf\":{\"@id\":\"https:\\\/\\\/latamjournalismreview.org\\\/pt-br\\\/articles\\\/jornalistas-de-mexico-venezuela-e-espanha-recebem-premio-moors-cabot-e-jornal-el-universo-ganha-mencao-honrosa\\\/\"},\"author\":{\"name\":\"Tania Lara\",\"@id\":\"https:\\\/\\\/latamjournalismreview.org\\\/pt-br\\\/#\\\/schema\\\/person\\\/51558925140f21242c6ed2d20b8260c5\"},\"headline\":\"Jornalistas de M\u00e9xico, Venezuela e Espanha recebem pr\u00eamio Moors Cabot e jornal El Universo ganha men\u00e7\u00e3o honrosa\",\"datePublished\":\"2012-08-01T16:18:21+00:00\",\"dateModified\":\"2021-09-21T16:19:09+00:00\",\"mainEntityOfPage\":{\"@id\":\"https:\\\/\\\/latamjournalismreview.org\\\/pt-br\\\/articles\\\/jornalistas-de-mexico-venezuela-e-espanha-recebem-premio-moors-cabot-e-jornal-el-universo-ganha-mencao-honrosa\\\/\"},\"wordCount\":256,\"publisher\":{\"@id\":\"https:\\\/\\\/latamjournalismreview.org\\\/pt-br\\\/#organization\"},\"keywords\":[\"M\u00e9xico\",\"Pr\u00eamios\",\"Venezuela\"],\"articleSection\":[\"Pr\u00eamios e oportunidades\"],\"inLanguage\":\"pt-BR\"},{\"@type\":\"WebPage\",\"@id\":\"https:\\\/\\\/latamjournalismreview.org\\\/pt-br\\\/articles\\\/jornalistas-de-mexico-venezuela-e-espanha-recebem-premio-moors-cabot-e-jornal-el-universo-ganha-mencao-honrosa\\\/\",\"url\":\"https:\\\/\\\/latamjournalismreview.org\\\/pt-br\\\/articles\\\/jornalistas-de-mexico-venezuela-e-espanha-recebem-premio-moors-cabot-e-jornal-el-universo-ganha-mencao-honrosa\\\/\",\"name\":\"Jornalistas de M\u00e9xico, Venezuela e Espanha recebem pr\u00eamio Moors Cabot e jornal El Universo ganha men\u00e7\u00e3o honrosa - LatAm Journalism Review by the Knight Center\",\"isPartOf\":{\"@id\":\"https:\\\/\\\/latamjournalismreview.org\\\/pt-br\\\/#website\"},\"datePublished\":\"2012-08-01T16:18:21+00:00\",\"dateModified\":\"2021-09-21T16:19:09+00:00\",\"description\":\"Jornalistas de M\u00e9xico, Venezuela e Espanha recebem pr\u00eamio Moors Cabot e jornal El Universo ganha men\u00e7\u00e3o honrosa Pr\u00eamios e oportunidades. Latin American Journalism Review by The Knight Center at The University of Texas at Austin.\",\"breadcrumb\":{\"@id\":\"https:\\\/\\\/latamjournalismreview.org\\\/pt-br\\\/articles\\\/jornalistas-de-mexico-venezuela-e-espanha-recebem-premio-moors-cabot-e-jornal-el-universo-ganha-mencao-honrosa\\\/#breadcrumb\"},\"inLanguage\":\"pt-BR\",\"potentialAction\":[{\"@type\":\"ReadAction\",\"target\":[\"https:\\\/\\\/latamjournalismreview.org\\\/pt-br\\\/articles\\\/jornalistas-de-mexico-venezuela-e-espanha-recebem-premio-moors-cabot-e-jornal-el-universo-ganha-mencao-honrosa\\\/\"]}]},{\"@type\":\"BreadcrumbList\",\"@id\":\"https:\\\/\\\/latamjournalismreview.org\\\/pt-br\\\/articles\\\/jornalistas-de-mexico-venezuela-e-espanha-recebem-premio-moors-cabot-e-jornal-el-universo-ganha-mencao-honrosa\\\/#breadcrumb\",\"itemListElement\":[{\"@type\":\"ListItem\",\"position\":1,\"name\":\"Home\",\"item\":\"https:\\\/\\\/latamjournalismreview.org\\\/pt-br\\\/\"},{\"@type\":\"ListItem\",\"position\":2,\"name\":\"Jornalistas de M\u00e9xico, Venezuela e Espanha recebem pr\u00eamio Moors Cabot e jornal El Universo ganha men\u00e7\u00e3o honrosa\"}]},{\"@type\":\"WebSite\",\"@id\":\"https:\\\/\\\/latamjournalismreview.org\\\/pt-br\\\/#website\",\"url\":\"https:\\\/\\\/latamjournalismreview.org\\\/pt-br\\\/\",\"name\":\"LatAm Journalism Review\",\"description\":\"Digital magazine on journalism in Latin America\",\"publisher\":{\"@id\":\"https:\\\/\\\/latamjournalismreview.org\\\/pt-br\\\/#organization\"},\"potentialAction\":[{\"@type\":\"SearchAction\",\"target\":{\"@type\":\"EntryPoint\",\"urlTemplate\":\"https:\\\/\\\/latamjournalismreview.org\\\/pt-br\\\/?s={search_term_string}\"},\"query-input\":{\"@type\":\"PropertyValueSpecification\",\"valueRequired\":true,\"valueName\":\"search_term_string\"}}],\"inLanguage\":\"pt-BR\"},{\"@type\":\"Organization\",\"@id\":\"https:\\\/\\\/latamjournalismreview.org\\\/pt-br\\\/#organization\",\"name\":\"LatAm Journalism Review\",\"url\":\"https:\\\/\\\/latamjournalismreview.org\\\/pt-br\\\/\",\"logo\":{\"@type\":\"ImageObject\",\"inLanguage\":\"pt-BR\",\"@id\":\"https:\\\/\\\/latamjournalismreview.org\\\/pt-br\\\/#\\\/schema\\\/logo\\\/image\\\/\",\"url\":\"https:\\\/\\\/latamjournalismreview.org\\\/wp-content\\\/uploads\\\/2020\\\/05\\\/knight-latAm-review-logo.svg\",\"contentUrl\":\"https:\\\/\\\/latamjournalismreview.org\\\/wp-content\\\/uploads\\\/2020\\\/05\\\/knight-latAm-review-logo.svg\",\"width\":\"1024\",\"height\":\"1024\",\"caption\":\"LatAm Journalism Review\"},\"image\":{\"@id\":\"https:\\\/\\\/latamjournalismreview.org\\\/pt-br\\\/#\\\/schema\\\/logo\\\/image\\\/\"},\"sameAs\":[\"https:\\\/\\\/x.com\\\/LatAmJournalism\"]},{\"@type\":\"Person\",\"@id\":\"https:\\\/\\\/latamjournalismreview.org\\\/pt-br\\\/#\\\/schema\\\/person\\\/51558925140f21242c6ed2d20b8260c5\",\"name\":\"Tania Lara\",\"url\":\"https:\\\/\\\/latamjournalismreview.org\\\/pt-br\\\/articles\\\/author\\\/tania-lara\\\/\"}]}<\/script>\n<!-- \/ Yoast SEO Premium plugin. -->","yoast_head_json":{"title":"Jornalistas de M\u00e9xico, Venezuela e Espanha recebem pr\u00eamio Moors Cabot e jornal El Universo ganha men\u00e7\u00e3o honrosa - LatAm Journalism Review by the Knight Center","description":"Jornalistas de M\u00e9xico, Venezuela e Espanha recebem pr\u00eamio Moors Cabot e jornal El Universo ganha men\u00e7\u00e3o honrosa Pr\u00eamios e oportunidades. Latin American Journalism Review by The Knight Center at The University of Texas at Austin.","robots":{"index":"index","follow":"follow","max-snippet":"max-snippet:-1","max-image-preview":"max-image-preview:large","max-video-preview":"max-video-preview:-1"},"canonical":"https:\/\/latamjournalismreview.org\/pt-br\/articles\/jornalistas-de-mexico-venezuela-e-espanha-recebem-premio-moors-cabot-e-jornal-el-universo-ganha-mencao-honrosa\/","og_locale":"pt_BR","og_type":"article","og_title":"Jornalistas de M\u00e9xico, Venezuela e Espanha recebem pr\u00eamio Moors Cabot e jornal El Universo ganha men\u00e7\u00e3o honrosa","og_description":"Jornalistas de M\u00e9xico, Venezuela e Espanha recebem pr\u00eamio Moors Cabot e jornal El Universo ganha men\u00e7\u00e3o honrosa Pr\u00eamios e oportunidades. Latin American Journalism Review by The Knight Center at The University of Texas at Austin.","og_url":"https:\/\/latamjournalismreview.org\/pt-br\/articles\/jornalistas-de-mexico-venezuela-e-espanha-recebem-premio-moors-cabot-e-jornal-el-universo-ganha-mencao-honrosa\/","og_site_name":"LatAm Journalism Review by the Knight Center","article_published_time":"2012-08-01T16:18:21+00:00","article_modified_time":"2021-09-21T16:19:09+00:00","author":"Tania Lara","twitter_card":"summary_large_image","twitter_creator":"@LatAmJournalism","twitter_site":"@LatAmJournalism","twitter_misc":{"Written by":"Tania Lara","Est. reading time":"1 minuto"},"schema":{"@context":"https:\/\/schema.org","@graph":[{"@type":"Article","@id":"https:\/\/latamjournalismreview.org\/pt-br\/articles\/jornalistas-de-mexico-venezuela-e-espanha-recebem-premio-moors-cabot-e-jornal-el-universo-ganha-mencao-honrosa\/#article","isPartOf":{"@id":"https:\/\/latamjournalismreview.org\/pt-br\/articles\/jornalistas-de-mexico-venezuela-e-espanha-recebem-premio-moors-cabot-e-jornal-el-universo-ganha-mencao-honrosa\/"},"author":{"name":"Tania Lara","@id":"https:\/\/latamjournalismreview.org\/pt-br\/#\/schema\/person\/51558925140f21242c6ed2d20b8260c5"},"headline":"Jornalistas de M\u00e9xico, Venezuela e Espanha recebem pr\u00eamio Moors Cabot e jornal El Universo ganha men\u00e7\u00e3o honrosa","datePublished":"2012-08-01T16:18:21+00:00","dateModified":"2021-09-21T16:19:09+00:00","mainEntityOfPage":{"@id":"https:\/\/latamjournalismreview.org\/pt-br\/articles\/jornalistas-de-mexico-venezuela-e-espanha-recebem-premio-moors-cabot-e-jornal-el-universo-ganha-mencao-honrosa\/"},"wordCount":256,"publisher":{"@id":"https:\/\/latamjournalismreview.org\/pt-br\/#organization"},"keywords":["M\u00e9xico","Pr\u00eamios","Venezuela"],"articleSection":["Pr\u00eamios e oportunidades"],"inLanguage":"pt-BR"},{"@type":"WebPage","@id":"https:\/\/latamjournalismreview.org\/pt-br\/articles\/jornalistas-de-mexico-venezuela-e-espanha-recebem-premio-moors-cabot-e-jornal-el-universo-ganha-mencao-honrosa\/","url":"https:\/\/latamjournalismreview.org\/pt-br\/articles\/jornalistas-de-mexico-venezuela-e-espanha-recebem-premio-moors-cabot-e-jornal-el-universo-ganha-mencao-honrosa\/","name":"Jornalistas de M\u00e9xico, Venezuela e Espanha recebem pr\u00eamio Moors Cabot e jornal El Universo ganha men\u00e7\u00e3o honrosa - LatAm Journalism Review by the Knight Center","isPartOf":{"@id":"https:\/\/latamjournalismreview.org\/pt-br\/#website"},"datePublished":"2012-08-01T16:18:21+00:00","dateModified":"2021-09-21T16:19:09+00:00","description":"Jornalistas de M\u00e9xico, Venezuela e Espanha recebem pr\u00eamio Moors Cabot e jornal El Universo ganha men\u00e7\u00e3o honrosa Pr\u00eamios e oportunidades. Latin American Journalism Review by The Knight Center at The University of Texas at Austin.","breadcrumb":{"@id":"https:\/\/latamjournalismreview.org\/pt-br\/articles\/jornalistas-de-mexico-venezuela-e-espanha-recebem-premio-moors-cabot-e-jornal-el-universo-ganha-mencao-honrosa\/#breadcrumb"},"inLanguage":"pt-BR","potentialAction":[{"@type":"ReadAction","target":["https:\/\/latamjournalismreview.org\/pt-br\/articles\/jornalistas-de-mexico-venezuela-e-espanha-recebem-premio-moors-cabot-e-jornal-el-universo-ganha-mencao-honrosa\/"]}]},{"@type":"BreadcrumbList","@id":"https:\/\/latamjournalismreview.org\/pt-br\/articles\/jornalistas-de-mexico-venezuela-e-espanha-recebem-premio-moors-cabot-e-jornal-el-universo-ganha-mencao-honrosa\/#breadcrumb","itemListElement":[{"@type":"ListItem","position":1,"name":"Home","item":"https:\/\/latamjournalismreview.org\/pt-br\/"},{"@type":"ListItem","position":2,"name":"Jornalistas de M\u00e9xico, Venezuela e Espanha recebem pr\u00eamio Moors Cabot e jornal El Universo ganha men\u00e7\u00e3o honrosa"}]},{"@type":"WebSite","@id":"https:\/\/latamjournalismreview.org\/pt-br\/#website","url":"https:\/\/latamjournalismreview.org\/pt-br\/","name":"LatAm Journalism Review","description":"Digital magazine on journalism in Latin America","publisher":{"@id":"https:\/\/latamjournalismreview.org\/pt-br\/#organization"},"potentialAction":[{"@type":"SearchAction","target":{"@type":"EntryPoint","urlTemplate":"https:\/\/latamjournalismreview.org\/pt-br\/?s={search_term_string}"},"query-input":{"@type":"PropertyValueSpecification","valueRequired":true,"valueName":"search_term_string"}}],"inLanguage":"pt-BR"},{"@type":"Organization","@id":"https:\/\/latamjournalismreview.org\/pt-br\/#organization","name":"LatAm Journalism Review","url":"https:\/\/latamjournalismreview.org\/pt-br\/","logo":{"@type":"ImageObject","inLanguage":"pt-BR","@id":"https:\/\/latamjournalismreview.org\/pt-br\/#\/schema\/logo\/image\/","url":"https:\/\/latamjournalismreview.org\/wp-content\/uploads\/2020\/05\/knight-latAm-review-logo.svg","contentUrl":"https:\/\/latamjournalismreview.org\/wp-content\/uploads\/2020\/05\/knight-latAm-review-logo.svg","width":"1024","height":"1024","caption":"LatAm Journalism Review"},"image":{"@id":"https:\/\/latamjournalismreview.org\/pt-br\/#\/schema\/logo\/image\/"},"sameAs":["https:\/\/x.com\/LatAmJournalism"]},{"@type":"Person","@id":"https:\/\/latamjournalismreview.org\/pt-br\/#\/schema\/person\/51558925140f21242c6ed2d20b8260c5","name":"Tania Lara","url":"https:\/\/latamjournalismreview.org\/pt-br\/articles\/author\/tania-lara\/"}]}},"_links":{"self":[{"href":"https:\/\/latamjournalismreview.org\/pt-br\/wp-json\/wp\/v2\/posts\/33106","targetHints":{"allow":["GET"]}}],"collection":[{"href":"https:\/\/latamjournalismreview.org\/pt-br\/wp-json\/wp\/v2\/posts"}],"about":[{"href":"https:\/\/latamjournalismreview.org\/pt-br\/wp-json\/wp\/v2\/types\/post"}],"author":[{"embeddable":true,"href":"https:\/\/latamjournalismreview.org\/pt-br\/wp-json\/wp\/v2\/users\/40"}],"replies":[{"embeddable":true,"href":"https:\/\/latamjournalismreview.org\/pt-br\/wp-json\/wp\/v2\/comments?post=33106"}],"version-history":[{"count":1,"href":"https:\/\/latamjournalismreview.org\/pt-br\/wp-json\/wp\/v2\/posts\/33106\/revisions"}],"predecessor-version":[{"id":33108,"href":"https:\/\/latamjournalismreview.org\/pt-br\/wp-json\/wp\/v2\/posts\/33106\/revisions\/33108"}],"wp:attachment":[{"href":"https:\/\/latamjournalismreview.org\/pt-br\/wp-json\/wp\/v2\/media?parent=33106"}],"wp:term":[{"taxonomy":"category","embeddable":true,"href":"https:\/\/latamjournalismreview.org\/pt-br\/wp-json\/wp\/v2\/categories?post=33106"},{"taxonomy":"post_tag","embeddable":true,"href":"https:\/\/latamjournalismreview.org\/pt-br\/wp-json\/wp\/v2\/tags?post=33106"},{"taxonomy":"author","embeddable":true,"href":"https:\/\/latamjournalismreview.org\/pt-br\/wp-json\/wp\/v2\/coauthors?post=33106"}],"curies":[{"name":"wp","href":"https:\/\/api.w.org\/{rel}","templated":true}]}}