{"id":33880,"date":"2012-10-08T15:35:11","date_gmt":"2012-10-08T20:35:11","guid":{"rendered":"https:\/\/latamjournalismreview.org\/?p=33880"},"modified":"2021-09-26T15:36:21","modified_gmt":"2021-09-26T20:36:21","slug":"jornalismo-perde-na-briga-entre-governo-e-imprensa-na-argentina-afirma-cpj","status":"publish","type":"post","link":"https:\/\/latamjournalismreview.org\/pt-br\/articles\/jornalismo-perde-na-briga-entre-governo-e-imprensa-na-argentina-afirma-cpj\/","title":{"rendered":"Jornalismo perde na briga entre governo e imprensa na Argentina, afirma CPJ"},"content":{"rendered":"<p><a href=\"http:\/\/www.cpj.org\/es\/2012\/09\/en-la-confrontacion-entre-el-gobierno-argentino-y.php\" target=\"_blank\" rel=\"noopener\">O maior perdedor da briga do governo argentino com alguns meios de comunica\u00e7\u00e3o de seu pa\u00eds \u00e9 o jornalismo.\u00a0<\/a>Assim estabeleceu o Comit\u00ea para a Prote\u00e7\u00e3o de Jornalistas, CPJ, num informe realizado pela jornalista Sara Rafsky, pesquisadora associada ao programa das Am\u00e9ricas da organiza\u00e7\u00e3o.<\/p>\n<p>No informa, publicado no \u00faltimo dia 27 de setembro no site oficial do Comit\u00ea, s\u00e3o apresentados\u00a0<a href=\"http:\/\/www.cpj.org\/es\/argentina2012-spanish.pdf\" target=\"_blank\" rel=\"noopener\">os poss\u00edveis interesses de cada uma das partes da briga\u00a0<\/a>que deixam o cidad\u00e3o com a sensa\u00e7\u00e3o de n\u00e3o receber informa\u00e7\u00e3o objetiva sobre quest\u00f5es pol\u00edticas e econ\u00f4micas fundamentais para o pa\u00eds.<\/p>\n<p>Uma das brigas mais significativas que a presidenta do pa\u00eds, Cristina Fern\u00e1ndez de Kirchner, mant\u00e9m, \u00e9 com o\u00a0<a href=\"http:\/\/www.grupoclarin.com\/\" target=\"_blank\" rel=\"noopener\">Grupo Clar\u00edn,\u00a0<\/a>o maior grupo de m\u00eddia da Argentina, dono do jornal mais lido do pa\u00eds:\u00a0<a href=\"http:\/\/www.clarin.com\/\" target=\"_blank\" rel=\"noopener\">Clar\u00edn.<\/a><\/p>\n<p>O governo manteve uma boa rela\u00e7\u00e3o com o grupo at\u00e9 2008, quando foram aumentados os impostos sobre os agricultores. O Grupo Clar\u00edn se colocou do lado dos agricultores, junto com o Grupo Naci\u00f3n, outro dos grandes conglomerados de m\u00eddia do pa\u00eds e dono do\u00a0<a href=\"http:\/\/www.lanacion.com.ar\/?origen=metarefresh\" target=\"_blank\" rel=\"noopener\">jornal\u00a0<\/a>com mesmo nome.<\/p>\n<p>O governo os acusou de querer defender seus pr\u00f3prios interesses, pois esses grupos s\u00e3o os principais organizadores da Expoagro, a maior exposi\u00e7\u00e3o agropecu\u00e1ria do pa\u00eds.<\/p>\n<p>Den\u00fancias contra o governo por casos de corrup\u00e7\u00e3o ou por apresentar falsos dados econ\u00f4micos s\u00e3o frequentes por parte desses ve\u00edculos, informou o relat\u00f3rio.<\/p>\n<p>O governo, por sua parte, n\u00e3o fica para tr\u00e1s. Sua arma \u00e9 financeira e envolve a concess\u00e3o de publicidade oficial.<\/p>\n<p>Na Argentina, a distribui\u00e7\u00e3o da publicidade oficial ou o crit\u00e9rio para receb\u00ea-la n\u00e3o est\u00e1 regulamentada. O CPJ opinou que a distribui\u00e7\u00e3o arbitr\u00e1ria e discriminat\u00f3ria da publicidade deve ser proibida para evitar que esta seja vista como recompensa ou castigo para os meios. Segundo a\u00a0<a href=\"http:\/\/www.iachr.org\/declaration.htm\" target=\"_blank\" rel=\"noopener\">Declara\u00e7\u00e3o de Princ\u00edpios da Liberdade de Express\u00e3o\u00a0<\/a>da\u00a0<a href=\"http:\/\/www.oas.org\/es\/cidh\/\" target=\"_blank\" rel=\"noopener\">Comiss\u00e3o Interamericana de Direitos Humanos\u00a0<\/a>(CIDH), a publicidade oficial tem a fun\u00e7\u00e3o de manter informada a sociedade sobre os servi\u00e7os e as pol\u00edticas p\u00fablicas.<\/p>\n<p>De acordo com o estudo\u00a0<a href=\"http:\/\/poderciudadano.org\/wp\/wp-content\/uploads\/2011\/12\/InformeFinalPublicidadOficiaArgentina20111.pdf\" target=\"_blank\" rel=\"noopener\">\u201cQuid pro quo: A publicidade oficial na Argentina e suas m\u00faltiplas facetas\u201d,\u00a0<\/a>realizado pela organiza\u00e7\u00e3o sem fins lucrativos\u00a0<a target=\"_blank\" rel=\"noopener\">Poder Ciudadano\u00a0<\/a>mencionado pelo informe, a publicidade do governo para canais do Grupo Clar\u00edn entre maio e outubro de 2011 foi praticamente nula.<\/p>\n<p>O informe acrescentou que a situa\u00e7\u00e3o \u00e9 ainda mais dif\u00edcil para ve\u00edculos pequenos locais, j\u00e1 que a publicidade oficial \u00e9 seu \u00fanico sustento.<\/p>\n<p><em>Nota do editor: Essa hist\u00f3ria foi publicada originalmente no blog de jornalismo nas Am\u00e9ricas do Centro Knight, o predecessor do LatAm Journalism Review.<\/em><\/p>\n","protected":false},"excerpt":{"rendered":"<p>O maior perdedor da briga do governo argentino com alguns meios de comunica\u00e7\u00e3o de seu pa\u00eds \u00e9 o jornalismo.\u00a0Assim estabeleceu o Comit\u00ea para a Prote\u00e7\u00e3o de Jornalistas, CPJ, num informe realizado pela jornalista Sara Rafsky, pesquisadora associada ao programa das Am\u00e9ricas da organiza\u00e7\u00e3o.<\/p>\n","protected":false},"author":13,"featured_media":0,"comment_status":"closed","ping_status":"closed","sticky":false,"template":"","format":"standard","meta":{"inline_featured_image":false,"footnotes":""},"categories":[1219],"tags":[1425,2051],"coauthors":[],"class_list":["post-33880","post","type-post","status-publish","format-standard","hentry","category-liberdade-de-imprensa-pt-br","tag-argentina-pt-br","tag-liberdade-de-expressao-pt-br"],"acf":[],"yoast_head":"<!-- This site is optimized with the Yoast SEO Premium plugin v22.6 (Yoast SEO v27.4) - https:\/\/yoast.com\/product\/yoast-seo-premium-wordpress\/ -->\n<title>Jornalismo perde na briga entre governo e imprensa na Argentina, afirma CPJ - LatAm Journalism Review by the Knight Center<\/title>\n<meta name=\"description\" content=\"Jornalismo perde na briga entre governo e imprensa na Argentina, afirma CPJ Liberdade de imprensa. Latin American Journalism Review by The Knight Center at The University of Texas at Austin.\" \/>\n<meta name=\"robots\" content=\"index, follow, max-snippet:-1, max-image-preview:large, max-video-preview:-1\" \/>\n<link rel=\"canonical\" href=\"https:\/\/latamjournalismreview.org\/pt-br\/articles\/jornalismo-perde-na-briga-entre-governo-e-imprensa-na-argentina-afirma-cpj\/\" \/>\n<meta property=\"og:locale\" content=\"pt_BR\" \/>\n<meta property=\"og:type\" content=\"article\" \/>\n<meta property=\"og:title\" content=\"Jornalismo perde na briga entre governo e imprensa na Argentina, afirma CPJ\" \/>\n<meta property=\"og:description\" content=\"Jornalismo perde na briga entre governo e imprensa na Argentina, afirma CPJ Liberdade de imprensa. Latin American Journalism Review by The Knight Center at The University of Texas at Austin.\" \/>\n<meta property=\"og:url\" content=\"https:\/\/latamjournalismreview.org\/pt-br\/articles\/jornalismo-perde-na-briga-entre-governo-e-imprensa-na-argentina-afirma-cpj\/\" \/>\n<meta property=\"og:site_name\" content=\"LatAm Journalism Review by the Knight Center\" \/>\n<meta property=\"article:published_time\" content=\"2012-10-08T20:35:11+00:00\" \/>\n<meta property=\"article:modified_time\" content=\"2021-09-26T20:36:21+00:00\" \/>\n<meta name=\"author\" content=\"Silvia Higuera\" \/>\n<meta name=\"twitter:card\" content=\"summary_large_image\" \/>\n<meta name=\"twitter:creator\" content=\"@shiguerita\" \/>\n<meta name=\"twitter:site\" content=\"@LatAmJournalism\" \/>\n<meta name=\"twitter:label1\" content=\"Written by\" \/>\n\t<meta name=\"twitter:data1\" content=\"Silvia Higuera\" \/>\n\t<meta name=\"twitter:label2\" content=\"Est. reading time\" \/>\n\t<meta name=\"twitter:data2\" content=\"2 minutos\" \/>\n<script type=\"application\/ld+json\" class=\"yoast-schema-graph\">{\"@context\":\"https:\\\/\\\/schema.org\",\"@graph\":[{\"@type\":\"Article\",\"@id\":\"https:\\\/\\\/latamjournalismreview.org\\\/pt-br\\\/articles\\\/jornalismo-perde-na-briga-entre-governo-e-imprensa-na-argentina-afirma-cpj\\\/#article\",\"isPartOf\":{\"@id\":\"https:\\\/\\\/latamjournalismreview.org\\\/pt-br\\\/articles\\\/jornalismo-perde-na-briga-entre-governo-e-imprensa-na-argentina-afirma-cpj\\\/\"},\"author\":{\"name\":\"Silvia Higuera\",\"@id\":\"https:\\\/\\\/latamjournalismreview.org\\\/pt-br\\\/#\\\/schema\\\/person\\\/eac7baa6afada0957e047be9fc15703a\"},\"headline\":\"Jornalismo perde na briga entre governo e imprensa na Argentina, afirma CPJ\",\"datePublished\":\"2012-10-08T20:35:11+00:00\",\"dateModified\":\"2021-09-26T20:36:21+00:00\",\"mainEntityOfPage\":{\"@id\":\"https:\\\/\\\/latamjournalismreview.org\\\/pt-br\\\/articles\\\/jornalismo-perde-na-briga-entre-governo-e-imprensa-na-argentina-afirma-cpj\\\/\"},\"wordCount\":478,\"publisher\":{\"@id\":\"https:\\\/\\\/latamjournalismreview.org\\\/pt-br\\\/#organization\"},\"keywords\":[\"Argentina\",\"Liberdade de express\u00e3o\"],\"articleSection\":[\"Liberdade de imprensa\"],\"inLanguage\":\"pt-BR\"},{\"@type\":\"WebPage\",\"@id\":\"https:\\\/\\\/latamjournalismreview.org\\\/pt-br\\\/articles\\\/jornalismo-perde-na-briga-entre-governo-e-imprensa-na-argentina-afirma-cpj\\\/\",\"url\":\"https:\\\/\\\/latamjournalismreview.org\\\/pt-br\\\/articles\\\/jornalismo-perde-na-briga-entre-governo-e-imprensa-na-argentina-afirma-cpj\\\/\",\"name\":\"Jornalismo perde na briga entre governo e imprensa na Argentina, afirma CPJ - LatAm Journalism Review by the Knight Center\",\"isPartOf\":{\"@id\":\"https:\\\/\\\/latamjournalismreview.org\\\/pt-br\\\/#website\"},\"datePublished\":\"2012-10-08T20:35:11+00:00\",\"dateModified\":\"2021-09-26T20:36:21+00:00\",\"description\":\"Jornalismo perde na briga entre governo e imprensa na Argentina, afirma CPJ Liberdade de imprensa. Latin American Journalism Review by The Knight Center at The University of Texas at Austin.\",\"breadcrumb\":{\"@id\":\"https:\\\/\\\/latamjournalismreview.org\\\/pt-br\\\/articles\\\/jornalismo-perde-na-briga-entre-governo-e-imprensa-na-argentina-afirma-cpj\\\/#breadcrumb\"},\"inLanguage\":\"pt-BR\",\"potentialAction\":[{\"@type\":\"ReadAction\",\"target\":[\"https:\\\/\\\/latamjournalismreview.org\\\/pt-br\\\/articles\\\/jornalismo-perde-na-briga-entre-governo-e-imprensa-na-argentina-afirma-cpj\\\/\"]}]},{\"@type\":\"BreadcrumbList\",\"@id\":\"https:\\\/\\\/latamjournalismreview.org\\\/pt-br\\\/articles\\\/jornalismo-perde-na-briga-entre-governo-e-imprensa-na-argentina-afirma-cpj\\\/#breadcrumb\",\"itemListElement\":[{\"@type\":\"ListItem\",\"position\":1,\"name\":\"Home\",\"item\":\"https:\\\/\\\/latamjournalismreview.org\\\/pt-br\\\/\"},{\"@type\":\"ListItem\",\"position\":2,\"name\":\"Jornalismo perde na briga entre governo e imprensa na Argentina, afirma CPJ\"}]},{\"@type\":\"WebSite\",\"@id\":\"https:\\\/\\\/latamjournalismreview.org\\\/pt-br\\\/#website\",\"url\":\"https:\\\/\\\/latamjournalismreview.org\\\/pt-br\\\/\",\"name\":\"LatAm Journalism Review\",\"description\":\"Digital magazine on journalism in Latin America\",\"publisher\":{\"@id\":\"https:\\\/\\\/latamjournalismreview.org\\\/pt-br\\\/#organization\"},\"potentialAction\":[{\"@type\":\"SearchAction\",\"target\":{\"@type\":\"EntryPoint\",\"urlTemplate\":\"https:\\\/\\\/latamjournalismreview.org\\\/pt-br\\\/?s={search_term_string}\"},\"query-input\":{\"@type\":\"PropertyValueSpecification\",\"valueRequired\":true,\"valueName\":\"search_term_string\"}}],\"inLanguage\":\"pt-BR\"},{\"@type\":\"Organization\",\"@id\":\"https:\\\/\\\/latamjournalismreview.org\\\/pt-br\\\/#organization\",\"name\":\"LatAm Journalism Review\",\"url\":\"https:\\\/\\\/latamjournalismreview.org\\\/pt-br\\\/\",\"logo\":{\"@type\":\"ImageObject\",\"inLanguage\":\"pt-BR\",\"@id\":\"https:\\\/\\\/latamjournalismreview.org\\\/pt-br\\\/#\\\/schema\\\/logo\\\/image\\\/\",\"url\":\"https:\\\/\\\/latamjournalismreview.org\\\/wp-content\\\/uploads\\\/2020\\\/05\\\/knight-latAm-review-logo.svg\",\"contentUrl\":\"https:\\\/\\\/latamjournalismreview.org\\\/wp-content\\\/uploads\\\/2020\\\/05\\\/knight-latAm-review-logo.svg\",\"width\":\"1024\",\"height\":\"1024\",\"caption\":\"LatAm Journalism Review\"},\"image\":{\"@id\":\"https:\\\/\\\/latamjournalismreview.org\\\/pt-br\\\/#\\\/schema\\\/logo\\\/image\\\/\"},\"sameAs\":[\"https:\\\/\\\/x.com\\\/LatAmJournalism\"]},{\"@type\":\"Person\",\"@id\":\"https:\\\/\\\/latamjournalismreview.org\\\/pt-br\\\/#\\\/schema\\\/person\\\/eac7baa6afada0957e047be9fc15703a\",\"name\":\"Silvia Higuera\",\"description\":\"Silvia A. Higuera Fl\u00f3rez is a Colombian journalist interested in covering Latin American issues and human rights, especially the right to freedom of expression, and investigative journalism. She studied Social Communication and Journalism at Universidad Pontificia Bolivariana in Bucaramanga (Colombia), and received her Master's of Arts in Journalism from the University of Texas at Austin in 2015. She worked with the Office of the Special Rapporteur for Freedom of Expression of the Inter-American Commission on Human Rights (IACHR) under the Orlando Sierra fellowship during 2014. She also worked for the Colombian newspaper Vanguardia Liberal and wrote for different magazines about local, economic and public order issues. Her work has also appeared in The Miami Herald and El Nuevo Herald of Miami. Email: silvia.knightcenter@gmail.com Silvia A. Higuera Fl\u00f3rez es una periodista colombiana con inter\u00e9s period\u00edstico es Am\u00e9rica Latina y los derechos humanos, particularmente el derecho a la libertad de expresi\u00f3n, as\u00ed como el periodismo de investigaci\u00f3n. Estudi\u00f3 Comunicaci\u00f3n Social \u2013 Periodismo en la Universidad Pontificia Bolivariana de Bucaramanga (Colombia), y recibi\u00f3 su maestr\u00eda en Periodismo en la Universidad de Texas, en Austin en 2015. Trabaj\u00f3 para la Relator\u00eda Especial para la Libertad de Expresi\u00f3n de la Comisi\u00f3n Interamericana de Derechos Humanos (CIDH) en el marco de la beca Orlando Sierra, durante 2014. Tambi\u00e9n hizo parte del diario Vanguardia Liberal y escribi\u00f3 para otras revistas colombianas cubriendo fuentes locales, econ\u00f3micas y judiciales. Algunos de sus trabajos han aparecido en The Miami Herald y El Nuevo Herald de Miami. Silvia A. Higuera Fl\u00f3rez \u00e9 uma jornalista colombiana e seu interesse jornal\u00edstico \u00e9 a Am\u00e9rica Latina e os direitos humanos, nomeadamente o direito \u00e0 liberdade de express\u00e3o. Estudou Comunica\u00e7\u00e3o Social \u2013 Jornalismo na Universidade Pontif\u00edcia Bolivariana de Bucaramanga, na Col\u00f4mbia e completou seu mestrado em jornalismo na Universidade do Texas em Austin. Silvia trabalhou na Relatoria para a Liberdade de Express\u00e3o da CIDH pela bolsa Orlando Sierra, em 2014. Trabalhou para o jornal Vanguardia Liberal e escreveu para outras revistas colombianas cobrindo temas locais, econ\u00f4micas e judici\u00e1rias. Alguns de seus trabalhos apareceram no The Miami Herald e no El Nuevo Herald de Miami.\",\"sameAs\":[\"https:\\\/\\\/x.com\\\/shiguerita\"],\"url\":\"https:\\\/\\\/latamjournalismreview.org\\\/pt-br\\\/articles\\\/author\\\/silvia-higuera\\\/\"}]}<\/script>\n<!-- \/ Yoast SEO Premium plugin. -->","yoast_head_json":{"title":"Jornalismo perde na briga entre governo e imprensa na Argentina, afirma CPJ - LatAm Journalism Review by the Knight Center","description":"Jornalismo perde na briga entre governo e imprensa na Argentina, afirma CPJ Liberdade de imprensa. Latin American Journalism Review by The Knight Center at The University of Texas at Austin.","robots":{"index":"index","follow":"follow","max-snippet":"max-snippet:-1","max-image-preview":"max-image-preview:large","max-video-preview":"max-video-preview:-1"},"canonical":"https:\/\/latamjournalismreview.org\/pt-br\/articles\/jornalismo-perde-na-briga-entre-governo-e-imprensa-na-argentina-afirma-cpj\/","og_locale":"pt_BR","og_type":"article","og_title":"Jornalismo perde na briga entre governo e imprensa na Argentina, afirma CPJ","og_description":"Jornalismo perde na briga entre governo e imprensa na Argentina, afirma CPJ Liberdade de imprensa. Latin American Journalism Review by The Knight Center at The University of Texas at Austin.","og_url":"https:\/\/latamjournalismreview.org\/pt-br\/articles\/jornalismo-perde-na-briga-entre-governo-e-imprensa-na-argentina-afirma-cpj\/","og_site_name":"LatAm Journalism Review by the Knight Center","article_published_time":"2012-10-08T20:35:11+00:00","article_modified_time":"2021-09-26T20:36:21+00:00","author":"Silvia Higuera","twitter_card":"summary_large_image","twitter_creator":"@shiguerita","twitter_site":"@LatAmJournalism","twitter_misc":{"Written by":"Silvia Higuera","Est. reading time":"2 minutos"},"schema":{"@context":"https:\/\/schema.org","@graph":[{"@type":"Article","@id":"https:\/\/latamjournalismreview.org\/pt-br\/articles\/jornalismo-perde-na-briga-entre-governo-e-imprensa-na-argentina-afirma-cpj\/#article","isPartOf":{"@id":"https:\/\/latamjournalismreview.org\/pt-br\/articles\/jornalismo-perde-na-briga-entre-governo-e-imprensa-na-argentina-afirma-cpj\/"},"author":{"name":"Silvia Higuera","@id":"https:\/\/latamjournalismreview.org\/pt-br\/#\/schema\/person\/eac7baa6afada0957e047be9fc15703a"},"headline":"Jornalismo perde na briga entre governo e imprensa na Argentina, afirma CPJ","datePublished":"2012-10-08T20:35:11+00:00","dateModified":"2021-09-26T20:36:21+00:00","mainEntityOfPage":{"@id":"https:\/\/latamjournalismreview.org\/pt-br\/articles\/jornalismo-perde-na-briga-entre-governo-e-imprensa-na-argentina-afirma-cpj\/"},"wordCount":478,"publisher":{"@id":"https:\/\/latamjournalismreview.org\/pt-br\/#organization"},"keywords":["Argentina","Liberdade de express\u00e3o"],"articleSection":["Liberdade de imprensa"],"inLanguage":"pt-BR"},{"@type":"WebPage","@id":"https:\/\/latamjournalismreview.org\/pt-br\/articles\/jornalismo-perde-na-briga-entre-governo-e-imprensa-na-argentina-afirma-cpj\/","url":"https:\/\/latamjournalismreview.org\/pt-br\/articles\/jornalismo-perde-na-briga-entre-governo-e-imprensa-na-argentina-afirma-cpj\/","name":"Jornalismo perde na briga entre governo e imprensa na Argentina, afirma CPJ - LatAm Journalism Review by the Knight Center","isPartOf":{"@id":"https:\/\/latamjournalismreview.org\/pt-br\/#website"},"datePublished":"2012-10-08T20:35:11+00:00","dateModified":"2021-09-26T20:36:21+00:00","description":"Jornalismo perde na briga entre governo e imprensa na Argentina, afirma CPJ Liberdade de imprensa. Latin American Journalism Review by The Knight Center at The University of Texas at Austin.","breadcrumb":{"@id":"https:\/\/latamjournalismreview.org\/pt-br\/articles\/jornalismo-perde-na-briga-entre-governo-e-imprensa-na-argentina-afirma-cpj\/#breadcrumb"},"inLanguage":"pt-BR","potentialAction":[{"@type":"ReadAction","target":["https:\/\/latamjournalismreview.org\/pt-br\/articles\/jornalismo-perde-na-briga-entre-governo-e-imprensa-na-argentina-afirma-cpj\/"]}]},{"@type":"BreadcrumbList","@id":"https:\/\/latamjournalismreview.org\/pt-br\/articles\/jornalismo-perde-na-briga-entre-governo-e-imprensa-na-argentina-afirma-cpj\/#breadcrumb","itemListElement":[{"@type":"ListItem","position":1,"name":"Home","item":"https:\/\/latamjournalismreview.org\/pt-br\/"},{"@type":"ListItem","position":2,"name":"Jornalismo perde na briga entre governo e imprensa na Argentina, afirma CPJ"}]},{"@type":"WebSite","@id":"https:\/\/latamjournalismreview.org\/pt-br\/#website","url":"https:\/\/latamjournalismreview.org\/pt-br\/","name":"LatAm Journalism Review","description":"Digital magazine on journalism in Latin America","publisher":{"@id":"https:\/\/latamjournalismreview.org\/pt-br\/#organization"},"potentialAction":[{"@type":"SearchAction","target":{"@type":"EntryPoint","urlTemplate":"https:\/\/latamjournalismreview.org\/pt-br\/?s={search_term_string}"},"query-input":{"@type":"PropertyValueSpecification","valueRequired":true,"valueName":"search_term_string"}}],"inLanguage":"pt-BR"},{"@type":"Organization","@id":"https:\/\/latamjournalismreview.org\/pt-br\/#organization","name":"LatAm Journalism Review","url":"https:\/\/latamjournalismreview.org\/pt-br\/","logo":{"@type":"ImageObject","inLanguage":"pt-BR","@id":"https:\/\/latamjournalismreview.org\/pt-br\/#\/schema\/logo\/image\/","url":"https:\/\/latamjournalismreview.org\/wp-content\/uploads\/2020\/05\/knight-latAm-review-logo.svg","contentUrl":"https:\/\/latamjournalismreview.org\/wp-content\/uploads\/2020\/05\/knight-latAm-review-logo.svg","width":"1024","height":"1024","caption":"LatAm Journalism Review"},"image":{"@id":"https:\/\/latamjournalismreview.org\/pt-br\/#\/schema\/logo\/image\/"},"sameAs":["https:\/\/x.com\/LatAmJournalism"]},{"@type":"Person","@id":"https:\/\/latamjournalismreview.org\/pt-br\/#\/schema\/person\/eac7baa6afada0957e047be9fc15703a","name":"Silvia Higuera","description":"Silvia A. Higuera Fl\u00f3rez is a Colombian journalist interested in covering Latin American issues and human rights, especially the right to freedom of expression, and investigative journalism. She studied Social Communication and Journalism at Universidad Pontificia Bolivariana in Bucaramanga (Colombia), and received her Master's of Arts in Journalism from the University of Texas at Austin in 2015. She worked with the Office of the Special Rapporteur for Freedom of Expression of the Inter-American Commission on Human Rights (IACHR) under the Orlando Sierra fellowship during 2014. She also worked for the Colombian newspaper Vanguardia Liberal and wrote for different magazines about local, economic and public order issues. Her work has also appeared in The Miami Herald and El Nuevo Herald of Miami. Email: silvia.knightcenter@gmail.com Silvia A. Higuera Fl\u00f3rez es una periodista colombiana con inter\u00e9s period\u00edstico es Am\u00e9rica Latina y los derechos humanos, particularmente el derecho a la libertad de expresi\u00f3n, as\u00ed como el periodismo de investigaci\u00f3n. Estudi\u00f3 Comunicaci\u00f3n Social \u2013 Periodismo en la Universidad Pontificia Bolivariana de Bucaramanga (Colombia), y recibi\u00f3 su maestr\u00eda en Periodismo en la Universidad de Texas, en Austin en 2015. Trabaj\u00f3 para la Relator\u00eda Especial para la Libertad de Expresi\u00f3n de la Comisi\u00f3n Interamericana de Derechos Humanos (CIDH) en el marco de la beca Orlando Sierra, durante 2014. Tambi\u00e9n hizo parte del diario Vanguardia Liberal y escribi\u00f3 para otras revistas colombianas cubriendo fuentes locales, econ\u00f3micas y judiciales. Algunos de sus trabajos han aparecido en The Miami Herald y El Nuevo Herald de Miami. Silvia A. Higuera Fl\u00f3rez \u00e9 uma jornalista colombiana e seu interesse jornal\u00edstico \u00e9 a Am\u00e9rica Latina e os direitos humanos, nomeadamente o direito \u00e0 liberdade de express\u00e3o. Estudou Comunica\u00e7\u00e3o Social \u2013 Jornalismo na Universidade Pontif\u00edcia Bolivariana de Bucaramanga, na Col\u00f4mbia e completou seu mestrado em jornalismo na Universidade do Texas em Austin. Silvia trabalhou na Relatoria para a Liberdade de Express\u00e3o da CIDH pela bolsa Orlando Sierra, em 2014. Trabalhou para o jornal Vanguardia Liberal e escreveu para outras revistas colombianas cobrindo temas locais, econ\u00f4micas e judici\u00e1rias. Alguns de seus trabalhos apareceram no The Miami Herald e no El Nuevo Herald de Miami.","sameAs":["https:\/\/x.com\/shiguerita"],"url":"https:\/\/latamjournalismreview.org\/pt-br\/articles\/author\/silvia-higuera\/"}]}},"_links":{"self":[{"href":"https:\/\/latamjournalismreview.org\/pt-br\/wp-json\/wp\/v2\/posts\/33880","targetHints":{"allow":["GET"]}}],"collection":[{"href":"https:\/\/latamjournalismreview.org\/pt-br\/wp-json\/wp\/v2\/posts"}],"about":[{"href":"https:\/\/latamjournalismreview.org\/pt-br\/wp-json\/wp\/v2\/types\/post"}],"author":[{"embeddable":true,"href":"https:\/\/latamjournalismreview.org\/pt-br\/wp-json\/wp\/v2\/users\/13"}],"replies":[{"embeddable":true,"href":"https:\/\/latamjournalismreview.org\/pt-br\/wp-json\/wp\/v2\/comments?post=33880"}],"version-history":[{"count":1,"href":"https:\/\/latamjournalismreview.org\/pt-br\/wp-json\/wp\/v2\/posts\/33880\/revisions"}],"predecessor-version":[{"id":33881,"href":"https:\/\/latamjournalismreview.org\/pt-br\/wp-json\/wp\/v2\/posts\/33880\/revisions\/33881"}],"wp:attachment":[{"href":"https:\/\/latamjournalismreview.org\/pt-br\/wp-json\/wp\/v2\/media?parent=33880"}],"wp:term":[{"taxonomy":"category","embeddable":true,"href":"https:\/\/latamjournalismreview.org\/pt-br\/wp-json\/wp\/v2\/categories?post=33880"},{"taxonomy":"post_tag","embeddable":true,"href":"https:\/\/latamjournalismreview.org\/pt-br\/wp-json\/wp\/v2\/tags?post=33880"},{"taxonomy":"author","embeddable":true,"href":"https:\/\/latamjournalismreview.org\/pt-br\/wp-json\/wp\/v2\/coauthors?post=33880"}],"curies":[{"name":"wp","href":"https:\/\/api.w.org\/{rel}","templated":true}]}}