{"id":34141,"date":"2012-10-08T10:09:24","date_gmt":"2012-10-08T15:09:24","guid":{"rendered":"https:\/\/latamjournalismreview.org\/?p=34141"},"modified":"2021-09-28T10:10:28","modified_gmt":"2021-09-28T15:10:28","slug":"jornalistas-criticos-sofrem-retaliacao-do-governo-no-haiti-diz-relatorio","status":"publish","type":"post","link":"https:\/\/latamjournalismreview.org\/pt-br\/articles\/jornalistas-criticos-sofrem-retaliacao-do-governo-no-haiti-diz-relatorio\/","title":{"rendered":"Jornalistas cr\u00edticos sofrem retalia\u00e7\u00e3o do governo no Haiti, diz relat\u00f3rio"},"content":{"rendered":"<p><em>Por Alejandro Mart\u00ednez<\/em><\/p>\n<p>Jornalistas haitianos cr\u00edticos do governo t\u00eam sido alvo de\u00a0<a href=\"http:\/\/ijdh.org\/archives\/28588\">intimida\u00e7\u00e3o e n\u00e3o conseguem acesso \u00e0s fontes oficiais<\/a>, segundo relat\u00f3rio da Escola de Direito da University of San Francisco e do Instituto para a Justi\u00e7a e a Democracia no Haiti.<\/p>\n<p>Ap\u00f3s a posse do presidente Michel Martelly, em maio de 2011, os jornalistas se tornaram alvos de amea\u00e7as frequentes, de destrui\u00e7\u00e3o de equipamentos de trabalho e de retalia\u00e7\u00e3o por sua postura cr\u00edtica ao governo, diz o relat\u00f3rio.<\/p>\n<p>Al\u00e9m de terem seus pedidos de entrevistas com membros do governo negados, os jornalistas enfrentam \u201cprocessos por difama\u00e7\u00e3o na esfera penal, revoga\u00e7\u00f5es de licen\u00e7a\u201d, segundo comunicado do IJDH.<\/p>\n<p>Embora afirme que a situa\u00e7\u00e3o da imprensa no Haiti melhorou em rela\u00e7\u00e3o a governos anteriores, o relat\u00f3rio destaca que a atual tend\u00eancia \u201ccriou uma atmosfera de medo, com impacto na liberdade de express\u00e3o dos jornalistas\u201d, acrescentou o comunicado.<\/p>\n<p>O Haiti ocupa a posi\u00e7\u00e3o de n\u00famero\u00a0<a href=\"http:\/\/en.rsf.org\/press-freedom-index-2011-2012,1043.html\">52 entre 179 pa\u00edses no ranking de liberdade de express\u00e3o<\/a>\u00a0da Rep\u00f3rteres Sem Fronteiras.<\/p>\n<p><a href=\"http:\/\/ijdh.org\/wordpress\/wp-content\/uploads\/2012\/09\/IJDH_FreedomOfExpression.pdf\">Veja o relat\u00f3rio completo aqui<\/a>.<\/p>\n<p><em>Nota do editor: Essa hist\u00f3ria foi publicada originalmente no blog de jornalismo nas Am\u00e9ricas do Centro Knight, o predecessor do LatAm Journalism Review.<\/em><\/p>\n","protected":false},"excerpt":{"rendered":"<p>Jornalistas haitianos cr\u00edticos do governo t\u00eam sido alvo de\u00a0intimida\u00e7\u00e3o e n\u00e3o conseguem acesso \u00e0s fontes oficiais, segundo relat\u00f3rio da Escola de Direito da University of San Francisco e do Instituto para a Justi\u00e7a e a Democracia no Haiti.<\/p>\n","protected":false},"author":17,"featured_media":0,"comment_status":"closed","ping_status":"closed","sticky":false,"template":"","format":"standard","meta":{"inline_featured_image":false,"footnotes":""},"categories":[1219],"tags":[1613,1535,2051],"coauthors":[],"class_list":["post-34141","post","type-post","status-publish","format-standard","hentry","category-liberdade-de-imprensa-pt-br","tag-ameacas-a-jornalistas-pt-br","tag-haiti-pt-br","tag-liberdade-de-expressao-pt-br"],"acf":[],"yoast_head":"<!-- This site is optimized with the Yoast SEO Premium plugin v22.6 (Yoast SEO v27.4) - https:\/\/yoast.com\/product\/yoast-seo-premium-wordpress\/ -->\n<title>Jornalistas cr\u00edticos sofrem retalia\u00e7\u00e3o do governo no Haiti, diz relat\u00f3rio - LatAm Journalism Review by the Knight Center<\/title>\n<meta name=\"description\" content=\"Jornalistas cr\u00edticos sofrem retalia\u00e7\u00e3o do governo no Haiti, diz relat\u00f3rio Liberdade de imprensa. Latin American Journalism Review by The Knight Center at The University of Texas at Austin.\" \/>\n<meta name=\"robots\" content=\"index, follow, max-snippet:-1, max-image-preview:large, max-video-preview:-1\" \/>\n<link rel=\"canonical\" href=\"https:\/\/latamjournalismreview.org\/pt-br\/articles\/jornalistas-criticos-sofrem-retaliacao-do-governo-no-haiti-diz-relatorio\/\" \/>\n<meta property=\"og:locale\" content=\"pt_BR\" \/>\n<meta property=\"og:type\" content=\"article\" \/>\n<meta property=\"og:title\" content=\"Jornalistas cr\u00edticos sofrem retalia\u00e7\u00e3o do governo no Haiti, diz relat\u00f3rio\" \/>\n<meta property=\"og:description\" content=\"Jornalistas cr\u00edticos sofrem retalia\u00e7\u00e3o do governo no Haiti, diz relat\u00f3rio Liberdade de imprensa. Latin American Journalism Review by The Knight Center at The University of Texas at Austin.\" \/>\n<meta property=\"og:url\" content=\"https:\/\/latamjournalismreview.org\/pt-br\/articles\/jornalistas-criticos-sofrem-retaliacao-do-governo-no-haiti-diz-relatorio\/\" \/>\n<meta property=\"og:site_name\" content=\"LatAm Journalism Review by the Knight Center\" \/>\n<meta property=\"article:published_time\" content=\"2012-10-08T15:09:24+00:00\" \/>\n<meta property=\"article:modified_time\" content=\"2021-09-28T15:10:28+00:00\" \/>\n<meta name=\"author\" content=\"Guest\" \/>\n<meta name=\"twitter:card\" content=\"summary_large_image\" \/>\n<meta name=\"twitter:creator\" content=\"@LatAmJournalism\" \/>\n<meta name=\"twitter:site\" content=\"@LatAmJournalism\" \/>\n<meta name=\"twitter:label1\" content=\"Written by\" \/>\n\t<meta name=\"twitter:data1\" content=\"Guest\" \/>\n\t<meta name=\"twitter:label2\" content=\"Est. reading time\" \/>\n\t<meta name=\"twitter:data2\" content=\"1 minuto\" \/>\n<script type=\"application\/ld+json\" class=\"yoast-schema-graph\">{\"@context\":\"https:\\\/\\\/schema.org\",\"@graph\":[{\"@type\":\"Article\",\"@id\":\"https:\\\/\\\/latamjournalismreview.org\\\/pt-br\\\/articles\\\/jornalistas-criticos-sofrem-retaliacao-do-governo-no-haiti-diz-relatorio\\\/#article\",\"isPartOf\":{\"@id\":\"https:\\\/\\\/latamjournalismreview.org\\\/pt-br\\\/articles\\\/jornalistas-criticos-sofrem-retaliacao-do-governo-no-haiti-diz-relatorio\\\/\"},\"author\":{\"name\":\"Guest\",\"@id\":\"https:\\\/\\\/latamjournalismreview.org\\\/pt-br\\\/#\\\/schema\\\/person\\\/0315202e0b3c0963a2440f1c3012c360\"},\"headline\":\"Jornalistas cr\u00edticos sofrem retalia\u00e7\u00e3o do governo no Haiti, diz relat\u00f3rio\",\"datePublished\":\"2012-10-08T15:09:24+00:00\",\"dateModified\":\"2021-09-28T15:10:28+00:00\",\"mainEntityOfPage\":{\"@id\":\"https:\\\/\\\/latamjournalismreview.org\\\/pt-br\\\/articles\\\/jornalistas-criticos-sofrem-retaliacao-do-governo-no-haiti-diz-relatorio\\\/\"},\"wordCount\":234,\"publisher\":{\"@id\":\"https:\\\/\\\/latamjournalismreview.org\\\/pt-br\\\/#organization\"},\"keywords\":[\"Amea\u00e7as a jornalistas\",\"Haiti\",\"Liberdade de express\u00e3o\"],\"articleSection\":[\"Liberdade de imprensa\"],\"inLanguage\":\"pt-BR\"},{\"@type\":\"WebPage\",\"@id\":\"https:\\\/\\\/latamjournalismreview.org\\\/pt-br\\\/articles\\\/jornalistas-criticos-sofrem-retaliacao-do-governo-no-haiti-diz-relatorio\\\/\",\"url\":\"https:\\\/\\\/latamjournalismreview.org\\\/pt-br\\\/articles\\\/jornalistas-criticos-sofrem-retaliacao-do-governo-no-haiti-diz-relatorio\\\/\",\"name\":\"Jornalistas cr\u00edticos sofrem retalia\u00e7\u00e3o do governo no Haiti, diz relat\u00f3rio - LatAm Journalism Review by the Knight Center\",\"isPartOf\":{\"@id\":\"https:\\\/\\\/latamjournalismreview.org\\\/pt-br\\\/#website\"},\"datePublished\":\"2012-10-08T15:09:24+00:00\",\"dateModified\":\"2021-09-28T15:10:28+00:00\",\"description\":\"Jornalistas cr\u00edticos sofrem retalia\u00e7\u00e3o do governo no Haiti, diz relat\u00f3rio Liberdade de imprensa. Latin American Journalism Review by The Knight Center at The University of Texas at Austin.\",\"breadcrumb\":{\"@id\":\"https:\\\/\\\/latamjournalismreview.org\\\/pt-br\\\/articles\\\/jornalistas-criticos-sofrem-retaliacao-do-governo-no-haiti-diz-relatorio\\\/#breadcrumb\"},\"inLanguage\":\"pt-BR\",\"potentialAction\":[{\"@type\":\"ReadAction\",\"target\":[\"https:\\\/\\\/latamjournalismreview.org\\\/pt-br\\\/articles\\\/jornalistas-criticos-sofrem-retaliacao-do-governo-no-haiti-diz-relatorio\\\/\"]}]},{\"@type\":\"BreadcrumbList\",\"@id\":\"https:\\\/\\\/latamjournalismreview.org\\\/pt-br\\\/articles\\\/jornalistas-criticos-sofrem-retaliacao-do-governo-no-haiti-diz-relatorio\\\/#breadcrumb\",\"itemListElement\":[{\"@type\":\"ListItem\",\"position\":1,\"name\":\"Home\",\"item\":\"https:\\\/\\\/latamjournalismreview.org\\\/pt-br\\\/\"},{\"@type\":\"ListItem\",\"position\":2,\"name\":\"Jornalistas cr\u00edticos sofrem retalia\u00e7\u00e3o do governo no Haiti, diz relat\u00f3rio\"}]},{\"@type\":\"WebSite\",\"@id\":\"https:\\\/\\\/latamjournalismreview.org\\\/pt-br\\\/#website\",\"url\":\"https:\\\/\\\/latamjournalismreview.org\\\/pt-br\\\/\",\"name\":\"LatAm Journalism Review\",\"description\":\"Digital magazine on journalism in Latin America\",\"publisher\":{\"@id\":\"https:\\\/\\\/latamjournalismreview.org\\\/pt-br\\\/#organization\"},\"potentialAction\":[{\"@type\":\"SearchAction\",\"target\":{\"@type\":\"EntryPoint\",\"urlTemplate\":\"https:\\\/\\\/latamjournalismreview.org\\\/pt-br\\\/?s={search_term_string}\"},\"query-input\":{\"@type\":\"PropertyValueSpecification\",\"valueRequired\":true,\"valueName\":\"search_term_string\"}}],\"inLanguage\":\"pt-BR\"},{\"@type\":\"Organization\",\"@id\":\"https:\\\/\\\/latamjournalismreview.org\\\/pt-br\\\/#organization\",\"name\":\"LatAm Journalism Review\",\"url\":\"https:\\\/\\\/latamjournalismreview.org\\\/pt-br\\\/\",\"logo\":{\"@type\":\"ImageObject\",\"inLanguage\":\"pt-BR\",\"@id\":\"https:\\\/\\\/latamjournalismreview.org\\\/pt-br\\\/#\\\/schema\\\/logo\\\/image\\\/\",\"url\":\"https:\\\/\\\/latamjournalismreview.org\\\/wp-content\\\/uploads\\\/2020\\\/05\\\/knight-latAm-review-logo.svg\",\"contentUrl\":\"https:\\\/\\\/latamjournalismreview.org\\\/wp-content\\\/uploads\\\/2020\\\/05\\\/knight-latAm-review-logo.svg\",\"width\":\"1024\",\"height\":\"1024\",\"caption\":\"LatAm Journalism Review\"},\"image\":{\"@id\":\"https:\\\/\\\/latamjournalismreview.org\\\/pt-br\\\/#\\\/schema\\\/logo\\\/image\\\/\"},\"sameAs\":[\"https:\\\/\\\/x.com\\\/LatAmJournalism\"]},{\"@type\":\"Person\",\"@id\":\"https:\\\/\\\/latamjournalismreview.org\\\/pt-br\\\/#\\\/schema\\\/person\\\/0315202e0b3c0963a2440f1c3012c360\",\"name\":\"Guest\",\"url\":\"https:\\\/\\\/latamjournalismreview.org\\\/pt-br\\\/articles\\\/author\\\/guest\\\/\"}]}<\/script>\n<!-- \/ Yoast SEO Premium plugin. -->","yoast_head_json":{"title":"Jornalistas cr\u00edticos sofrem retalia\u00e7\u00e3o do governo no Haiti, diz relat\u00f3rio - LatAm Journalism Review by the Knight Center","description":"Jornalistas cr\u00edticos sofrem retalia\u00e7\u00e3o do governo no Haiti, diz relat\u00f3rio Liberdade de imprensa. Latin American Journalism Review by The Knight Center at The University of Texas at Austin.","robots":{"index":"index","follow":"follow","max-snippet":"max-snippet:-1","max-image-preview":"max-image-preview:large","max-video-preview":"max-video-preview:-1"},"canonical":"https:\/\/latamjournalismreview.org\/pt-br\/articles\/jornalistas-criticos-sofrem-retaliacao-do-governo-no-haiti-diz-relatorio\/","og_locale":"pt_BR","og_type":"article","og_title":"Jornalistas cr\u00edticos sofrem retalia\u00e7\u00e3o do governo no Haiti, diz relat\u00f3rio","og_description":"Jornalistas cr\u00edticos sofrem retalia\u00e7\u00e3o do governo no Haiti, diz relat\u00f3rio Liberdade de imprensa. Latin American Journalism Review by The Knight Center at The University of Texas at Austin.","og_url":"https:\/\/latamjournalismreview.org\/pt-br\/articles\/jornalistas-criticos-sofrem-retaliacao-do-governo-no-haiti-diz-relatorio\/","og_site_name":"LatAm Journalism Review by the Knight Center","article_published_time":"2012-10-08T15:09:24+00:00","article_modified_time":"2021-09-28T15:10:28+00:00","author":"Guest","twitter_card":"summary_large_image","twitter_creator":"@LatAmJournalism","twitter_site":"@LatAmJournalism","twitter_misc":{"Written by":"Guest","Est. reading time":"1 minuto"},"schema":{"@context":"https:\/\/schema.org","@graph":[{"@type":"Article","@id":"https:\/\/latamjournalismreview.org\/pt-br\/articles\/jornalistas-criticos-sofrem-retaliacao-do-governo-no-haiti-diz-relatorio\/#article","isPartOf":{"@id":"https:\/\/latamjournalismreview.org\/pt-br\/articles\/jornalistas-criticos-sofrem-retaliacao-do-governo-no-haiti-diz-relatorio\/"},"author":{"name":"Guest","@id":"https:\/\/latamjournalismreview.org\/pt-br\/#\/schema\/person\/0315202e0b3c0963a2440f1c3012c360"},"headline":"Jornalistas cr\u00edticos sofrem retalia\u00e7\u00e3o do governo no Haiti, diz relat\u00f3rio","datePublished":"2012-10-08T15:09:24+00:00","dateModified":"2021-09-28T15:10:28+00:00","mainEntityOfPage":{"@id":"https:\/\/latamjournalismreview.org\/pt-br\/articles\/jornalistas-criticos-sofrem-retaliacao-do-governo-no-haiti-diz-relatorio\/"},"wordCount":234,"publisher":{"@id":"https:\/\/latamjournalismreview.org\/pt-br\/#organization"},"keywords":["Amea\u00e7as a jornalistas","Haiti","Liberdade de express\u00e3o"],"articleSection":["Liberdade de imprensa"],"inLanguage":"pt-BR"},{"@type":"WebPage","@id":"https:\/\/latamjournalismreview.org\/pt-br\/articles\/jornalistas-criticos-sofrem-retaliacao-do-governo-no-haiti-diz-relatorio\/","url":"https:\/\/latamjournalismreview.org\/pt-br\/articles\/jornalistas-criticos-sofrem-retaliacao-do-governo-no-haiti-diz-relatorio\/","name":"Jornalistas cr\u00edticos sofrem retalia\u00e7\u00e3o do governo no Haiti, diz relat\u00f3rio - LatAm Journalism Review by the Knight Center","isPartOf":{"@id":"https:\/\/latamjournalismreview.org\/pt-br\/#website"},"datePublished":"2012-10-08T15:09:24+00:00","dateModified":"2021-09-28T15:10:28+00:00","description":"Jornalistas cr\u00edticos sofrem retalia\u00e7\u00e3o do governo no Haiti, diz relat\u00f3rio Liberdade de imprensa. Latin American Journalism Review by The Knight Center at The University of Texas at Austin.","breadcrumb":{"@id":"https:\/\/latamjournalismreview.org\/pt-br\/articles\/jornalistas-criticos-sofrem-retaliacao-do-governo-no-haiti-diz-relatorio\/#breadcrumb"},"inLanguage":"pt-BR","potentialAction":[{"@type":"ReadAction","target":["https:\/\/latamjournalismreview.org\/pt-br\/articles\/jornalistas-criticos-sofrem-retaliacao-do-governo-no-haiti-diz-relatorio\/"]}]},{"@type":"BreadcrumbList","@id":"https:\/\/latamjournalismreview.org\/pt-br\/articles\/jornalistas-criticos-sofrem-retaliacao-do-governo-no-haiti-diz-relatorio\/#breadcrumb","itemListElement":[{"@type":"ListItem","position":1,"name":"Home","item":"https:\/\/latamjournalismreview.org\/pt-br\/"},{"@type":"ListItem","position":2,"name":"Jornalistas cr\u00edticos sofrem retalia\u00e7\u00e3o do governo no Haiti, diz relat\u00f3rio"}]},{"@type":"WebSite","@id":"https:\/\/latamjournalismreview.org\/pt-br\/#website","url":"https:\/\/latamjournalismreview.org\/pt-br\/","name":"LatAm Journalism Review","description":"Digital magazine on journalism in Latin America","publisher":{"@id":"https:\/\/latamjournalismreview.org\/pt-br\/#organization"},"potentialAction":[{"@type":"SearchAction","target":{"@type":"EntryPoint","urlTemplate":"https:\/\/latamjournalismreview.org\/pt-br\/?s={search_term_string}"},"query-input":{"@type":"PropertyValueSpecification","valueRequired":true,"valueName":"search_term_string"}}],"inLanguage":"pt-BR"},{"@type":"Organization","@id":"https:\/\/latamjournalismreview.org\/pt-br\/#organization","name":"LatAm Journalism Review","url":"https:\/\/latamjournalismreview.org\/pt-br\/","logo":{"@type":"ImageObject","inLanguage":"pt-BR","@id":"https:\/\/latamjournalismreview.org\/pt-br\/#\/schema\/logo\/image\/","url":"https:\/\/latamjournalismreview.org\/wp-content\/uploads\/2020\/05\/knight-latAm-review-logo.svg","contentUrl":"https:\/\/latamjournalismreview.org\/wp-content\/uploads\/2020\/05\/knight-latAm-review-logo.svg","width":"1024","height":"1024","caption":"LatAm Journalism Review"},"image":{"@id":"https:\/\/latamjournalismreview.org\/pt-br\/#\/schema\/logo\/image\/"},"sameAs":["https:\/\/x.com\/LatAmJournalism"]},{"@type":"Person","@id":"https:\/\/latamjournalismreview.org\/pt-br\/#\/schema\/person\/0315202e0b3c0963a2440f1c3012c360","name":"Guest","url":"https:\/\/latamjournalismreview.org\/pt-br\/articles\/author\/guest\/"}]}},"_links":{"self":[{"href":"https:\/\/latamjournalismreview.org\/pt-br\/wp-json\/wp\/v2\/posts\/34141","targetHints":{"allow":["GET"]}}],"collection":[{"href":"https:\/\/latamjournalismreview.org\/pt-br\/wp-json\/wp\/v2\/posts"}],"about":[{"href":"https:\/\/latamjournalismreview.org\/pt-br\/wp-json\/wp\/v2\/types\/post"}],"author":[{"embeddable":true,"href":"https:\/\/latamjournalismreview.org\/pt-br\/wp-json\/wp\/v2\/users\/17"}],"replies":[{"embeddable":true,"href":"https:\/\/latamjournalismreview.org\/pt-br\/wp-json\/wp\/v2\/comments?post=34141"}],"version-history":[{"count":1,"href":"https:\/\/latamjournalismreview.org\/pt-br\/wp-json\/wp\/v2\/posts\/34141\/revisions"}],"predecessor-version":[{"id":34142,"href":"https:\/\/latamjournalismreview.org\/pt-br\/wp-json\/wp\/v2\/posts\/34141\/revisions\/34142"}],"wp:attachment":[{"href":"https:\/\/latamjournalismreview.org\/pt-br\/wp-json\/wp\/v2\/media?parent=34141"}],"wp:term":[{"taxonomy":"category","embeddable":true,"href":"https:\/\/latamjournalismreview.org\/pt-br\/wp-json\/wp\/v2\/categories?post=34141"},{"taxonomy":"post_tag","embeddable":true,"href":"https:\/\/latamjournalismreview.org\/pt-br\/wp-json\/wp\/v2\/tags?post=34141"},{"taxonomy":"author","embeddable":true,"href":"https:\/\/latamjournalismreview.org\/pt-br\/wp-json\/wp\/v2\/coauthors?post=34141"}],"curies":[{"name":"wp","href":"https:\/\/api.w.org\/{rel}","templated":true}]}}