{"id":34233,"date":"2012-10-03T13:26:18","date_gmt":"2012-10-03T18:26:18","guid":{"rendered":"https:\/\/latamjournalismreview.org\/?p=34233"},"modified":"2021-09-28T13:27:31","modified_gmt":"2021-09-28T18:27:31","slug":"jornalista-colombiano-denuncia-que-grupo-criminoso-planeja-seu-assassinato","status":"publish","type":"post","link":"https:\/\/latamjournalismreview.org\/pt-br\/articles\/jornalista-colombiano-denuncia-que-grupo-criminoso-planeja-seu-assassinato\/","title":{"rendered":"Jornalista colombiano denuncia que grupo criminoso planeja seu assassinato"},"content":{"rendered":"<p>Um\u00a0<a href=\"http:\/\/www.elmeridianodesucre.com.co\/Region\/amenazado-periodista\" target=\"_blank\" rel=\"noopener\">jornalista colombiano denunciou que uma organiza\u00e7\u00e3o criminosa planeja mat\u00e1-lo<\/a>, por conta de investiga\u00e7\u00f5es que ele fez sobre as atividades de grupos de bandidos, informou o di\u00e1rio El Meridiano de Sucre.<\/p>\n<p><a href=\"http:\/\/www.elcolombiano.com\/BancoConocimiento\/P\/periodista_denuncia_amenaza_de_bacrim\/periodista_denuncia_amenaza_de_bacrim.asp\" target=\"_blank\" rel=\"noopener\">Leiderman Ortiz Berr\u00edo afirmou que sua morte estaria planejada para antes de 31 de outubro\u00a0<\/a>. O jornalista recebeu tal informa\u00e7\u00e3o de uma fonte, que o procurou no dia 27 de setembro, acrescentou o di\u00e1rio El Colombiano. A fonte lhe assegurou que o chefe da organiza\u00e7\u00e3o criminosa\u00a0<a href=\"http:\/\/es.wikipedia.org\/wiki\/Los_Urabe%C3%B1os\" target=\"_blank\" rel=\"noopener\">\u2018Los Urabe\u00f1os\u2019,\u00a0<\/a>pretendia matar o rep\u00f3rter at\u00e9 o fim do m\u00eas.<\/p>\n<p>As amea\u00e7as ao jornalista come\u00e7aram ap\u00f3s a divulga\u00e7\u00e3o de informa\u00e7\u00f5es sobre o lan\u00e7amento de um granada contra uma casa no munic\u00edpio de\u00a0<a href=\"http:\/\/es.wikipedia.org\/wiki\/Caucasia\" target=\"_blank\" rel=\"noopener\">Caucasia,\u00a0<\/a><a href=\"http:\/\/es.wikipedia.org\/wiki\/Antioquia\" target=\"_blank\" rel=\"noopener\">Antioquia\u00a0<\/a>, em 13 de setembro, acrescentou o jornal.<\/p>\n<p>No entanto,\u00a0<a href=\"http:\/\/www.periodistas-es.org\/reporteros\/periodismo-en-colombia-bandas-criminales-sentencian-a-muerte-a-leiderman-ortiz\" target=\"_blank\" rel=\"noopener\">suas investiga\u00e7\u00f5es mais recentes sobre desaparecimentos e extors\u00f5es na cidade por parte de criminosos tamb\u00e9m teriam liga\u00e7\u00e3o com as amea\u00e7as\u00a0<\/a>, informou o portal Periodistas en Espa\u00f1ol. Uma das \u00faltimas den\u00fancias de Ortiz Berr\u00edo, diretor do jornal \u201cLa Verdad del Pueblo\u201d e correspondente de v\u00e1rios ve\u00edculos regionais, foi sobre o assassinato de um mineiro que foi extorquido por bandidos, acrescentou o portal.<\/p>\n<p>A Federa\u00e7\u00e3o Colombiana de Jornalistas (Fecolper) destacou que,\u00a0<a href=\"http:\/\/www.fecolper.com.co\/alertas\/20797-bandas-criminales-me-sentencian-a-muerte-periodista-leiderman-ortiz-\" target=\"_blank\" rel=\"noopener\">no passado, o o jornalista j\u00e1 havia sido v\u00edtima de ataques com explosivos\u00a0<\/a>, levando \u00e0 concess\u00e3o de medidas cautelares pela Comiss\u00e3o Interamericana de Direitos Humanos. A\u00a0<a href=\"http:\/\/www.fecolper.com.co\/home\" target=\"_blank\" rel=\"noopener\">Fecolper\u00a0<\/a>pediu ao governo colombiano que reavalie e reforce as medidas concedidas ao comunicador para garantir sua vida.<\/p>\n<p>As Bacrim, como s\u00e3o conhecidas as\u00a0<a href=\"http:\/\/www.verdadabierta.com\/rearmados\" target=\"_blank\" rel=\"noopener\">\"bandas\" criminosas, se formaram ap\u00f3s o desarmamento paramilitar na Col\u00f4mbia.\u00a0<\/a>Esses grupos se apoderaram dos terrenos antes controlados pelos paramilitares e, desde ent\u00e3o, n\u00e3o apenas causam viol\u00eancia, como controlam parte do tr\u00e1fico de drogas.<\/p>\n<p><em>Nota do editor: Essa hist\u00f3ria foi publicada originalmente no blog de jornalismo nas Am\u00e9ricas do Centro Knight, o predecessor do LatAm Journalism Review.<\/em><\/p>\n","protected":false},"excerpt":{"rendered":"<p>Um\u00a0jornalista colombiano denunciou que uma organiza\u00e7\u00e3o criminosa planeja mat\u00e1-lo, por conta de investiga\u00e7\u00f5es que ele fez sobre as atividades de grupos de bandidos, informou o di\u00e1rio El Meridiano de Sucre.<\/p>\n","protected":false},"author":13,"featured_media":0,"comment_status":"closed","ping_status":"closed","sticky":false,"template":"","format":"standard","meta":{"inline_featured_image":false,"footnotes":""},"categories":[1221],"tags":[1613,1396,2051,1615],"coauthors":[],"class_list":["post-34233","post","type-post","status-publish","format-standard","hentry","category-violencia-contra-jornalistas-pt-br","tag-ameacas-a-jornalistas-pt-br","tag-colombia-pt-br-2","tag-liberdade-de-expressao-pt-br","tag-violencia-contra-jornalistas-pt-br"],"acf":[],"yoast_head":"<!-- This site is optimized with the Yoast SEO Premium plugin v22.6 (Yoast SEO v27.4) - https:\/\/yoast.com\/product\/yoast-seo-premium-wordpress\/ -->\n<title>Jornalista colombiano denuncia que grupo criminoso planeja seu assassinato - LatAm Journalism Review by the Knight Center<\/title>\n<meta name=\"description\" content=\"Jornalista colombiano denuncia que grupo criminoso planeja seu assassinato Viol\u00eancia contra jornalistas. Latin American Journalism Review by The Knight Center at The University of Texas at Austin.\" \/>\n<meta name=\"robots\" content=\"index, follow, max-snippet:-1, max-image-preview:large, max-video-preview:-1\" \/>\n<link rel=\"canonical\" href=\"https:\/\/latamjournalismreview.org\/pt-br\/articles\/jornalista-colombiano-denuncia-que-grupo-criminoso-planeja-seu-assassinato\/\" \/>\n<meta property=\"og:locale\" content=\"pt_BR\" \/>\n<meta property=\"og:type\" content=\"article\" \/>\n<meta property=\"og:title\" content=\"Jornalista colombiano denuncia que grupo criminoso planeja seu assassinato\" \/>\n<meta property=\"og:description\" content=\"Jornalista colombiano denuncia que grupo criminoso planeja seu assassinato Viol\u00eancia contra jornalistas. Latin American Journalism Review by The Knight Center at The University of Texas at Austin.\" \/>\n<meta property=\"og:url\" content=\"https:\/\/latamjournalismreview.org\/pt-br\/articles\/jornalista-colombiano-denuncia-que-grupo-criminoso-planeja-seu-assassinato\/\" \/>\n<meta property=\"og:site_name\" content=\"LatAm Journalism Review by the Knight Center\" \/>\n<meta property=\"article:published_time\" content=\"2012-10-03T18:26:18+00:00\" \/>\n<meta property=\"article:modified_time\" content=\"2021-09-28T18:27:31+00:00\" \/>\n<meta name=\"author\" content=\"Silvia Higuera\" \/>\n<meta name=\"twitter:card\" content=\"summary_large_image\" \/>\n<meta name=\"twitter:creator\" content=\"@shiguerita\" \/>\n<meta name=\"twitter:site\" content=\"@LatAmJournalism\" \/>\n<meta name=\"twitter:label1\" content=\"Written by\" \/>\n\t<meta name=\"twitter:data1\" content=\"Silvia Higuera\" \/>\n\t<meta name=\"twitter:label2\" content=\"Est. reading time\" \/>\n\t<meta name=\"twitter:data2\" content=\"2 minutos\" \/>\n<script type=\"application\/ld+json\" class=\"yoast-schema-graph\">{\"@context\":\"https:\\\/\\\/schema.org\",\"@graph\":[{\"@type\":\"Article\",\"@id\":\"https:\\\/\\\/latamjournalismreview.org\\\/pt-br\\\/articles\\\/jornalista-colombiano-denuncia-que-grupo-criminoso-planeja-seu-assassinato\\\/#article\",\"isPartOf\":{\"@id\":\"https:\\\/\\\/latamjournalismreview.org\\\/pt-br\\\/articles\\\/jornalista-colombiano-denuncia-que-grupo-criminoso-planeja-seu-assassinato\\\/\"},\"author\":{\"name\":\"Silvia Higuera\",\"@id\":\"https:\\\/\\\/latamjournalismreview.org\\\/pt-br\\\/#\\\/schema\\\/person\\\/eac7baa6afada0957e047be9fc15703a\"},\"headline\":\"Jornalista colombiano denuncia que grupo criminoso planeja seu assassinato\",\"datePublished\":\"2012-10-03T18:26:18+00:00\",\"dateModified\":\"2021-09-28T18:27:31+00:00\",\"mainEntityOfPage\":{\"@id\":\"https:\\\/\\\/latamjournalismreview.org\\\/pt-br\\\/articles\\\/jornalista-colombiano-denuncia-que-grupo-criminoso-planeja-seu-assassinato\\\/\"},\"wordCount\":343,\"publisher\":{\"@id\":\"https:\\\/\\\/latamjournalismreview.org\\\/pt-br\\\/#organization\"},\"keywords\":[\"Amea\u00e7as a jornalistas\",\"Col\u00f4mbia\",\"Liberdade de express\u00e3o\",\"Viol\u00eancia contra jornalistas\"],\"articleSection\":[\"Viol\u00eancia contra jornalistas\"],\"inLanguage\":\"pt-BR\"},{\"@type\":\"WebPage\",\"@id\":\"https:\\\/\\\/latamjournalismreview.org\\\/pt-br\\\/articles\\\/jornalista-colombiano-denuncia-que-grupo-criminoso-planeja-seu-assassinato\\\/\",\"url\":\"https:\\\/\\\/latamjournalismreview.org\\\/pt-br\\\/articles\\\/jornalista-colombiano-denuncia-que-grupo-criminoso-planeja-seu-assassinato\\\/\",\"name\":\"Jornalista colombiano denuncia que grupo criminoso planeja seu assassinato - LatAm Journalism Review by the Knight Center\",\"isPartOf\":{\"@id\":\"https:\\\/\\\/latamjournalismreview.org\\\/pt-br\\\/#website\"},\"datePublished\":\"2012-10-03T18:26:18+00:00\",\"dateModified\":\"2021-09-28T18:27:31+00:00\",\"description\":\"Jornalista colombiano denuncia que grupo criminoso planeja seu assassinato Viol\u00eancia contra jornalistas. Latin American Journalism Review by The Knight Center at The University of Texas at Austin.\",\"breadcrumb\":{\"@id\":\"https:\\\/\\\/latamjournalismreview.org\\\/pt-br\\\/articles\\\/jornalista-colombiano-denuncia-que-grupo-criminoso-planeja-seu-assassinato\\\/#breadcrumb\"},\"inLanguage\":\"pt-BR\",\"potentialAction\":[{\"@type\":\"ReadAction\",\"target\":[\"https:\\\/\\\/latamjournalismreview.org\\\/pt-br\\\/articles\\\/jornalista-colombiano-denuncia-que-grupo-criminoso-planeja-seu-assassinato\\\/\"]}]},{\"@type\":\"BreadcrumbList\",\"@id\":\"https:\\\/\\\/latamjournalismreview.org\\\/pt-br\\\/articles\\\/jornalista-colombiano-denuncia-que-grupo-criminoso-planeja-seu-assassinato\\\/#breadcrumb\",\"itemListElement\":[{\"@type\":\"ListItem\",\"position\":1,\"name\":\"Home\",\"item\":\"https:\\\/\\\/latamjournalismreview.org\\\/pt-br\\\/\"},{\"@type\":\"ListItem\",\"position\":2,\"name\":\"Jornalista colombiano denuncia que grupo criminoso planeja seu assassinato\"}]},{\"@type\":\"WebSite\",\"@id\":\"https:\\\/\\\/latamjournalismreview.org\\\/pt-br\\\/#website\",\"url\":\"https:\\\/\\\/latamjournalismreview.org\\\/pt-br\\\/\",\"name\":\"LatAm Journalism Review\",\"description\":\"Digital magazine on journalism in Latin America\",\"publisher\":{\"@id\":\"https:\\\/\\\/latamjournalismreview.org\\\/pt-br\\\/#organization\"},\"potentialAction\":[{\"@type\":\"SearchAction\",\"target\":{\"@type\":\"EntryPoint\",\"urlTemplate\":\"https:\\\/\\\/latamjournalismreview.org\\\/pt-br\\\/?s={search_term_string}\"},\"query-input\":{\"@type\":\"PropertyValueSpecification\",\"valueRequired\":true,\"valueName\":\"search_term_string\"}}],\"inLanguage\":\"pt-BR\"},{\"@type\":\"Organization\",\"@id\":\"https:\\\/\\\/latamjournalismreview.org\\\/pt-br\\\/#organization\",\"name\":\"LatAm Journalism Review\",\"url\":\"https:\\\/\\\/latamjournalismreview.org\\\/pt-br\\\/\",\"logo\":{\"@type\":\"ImageObject\",\"inLanguage\":\"pt-BR\",\"@id\":\"https:\\\/\\\/latamjournalismreview.org\\\/pt-br\\\/#\\\/schema\\\/logo\\\/image\\\/\",\"url\":\"https:\\\/\\\/latamjournalismreview.org\\\/wp-content\\\/uploads\\\/2020\\\/05\\\/knight-latAm-review-logo.svg\",\"contentUrl\":\"https:\\\/\\\/latamjournalismreview.org\\\/wp-content\\\/uploads\\\/2020\\\/05\\\/knight-latAm-review-logo.svg\",\"width\":\"1024\",\"height\":\"1024\",\"caption\":\"LatAm Journalism Review\"},\"image\":{\"@id\":\"https:\\\/\\\/latamjournalismreview.org\\\/pt-br\\\/#\\\/schema\\\/logo\\\/image\\\/\"},\"sameAs\":[\"https:\\\/\\\/x.com\\\/LatAmJournalism\"]},{\"@type\":\"Person\",\"@id\":\"https:\\\/\\\/latamjournalismreview.org\\\/pt-br\\\/#\\\/schema\\\/person\\\/eac7baa6afada0957e047be9fc15703a\",\"name\":\"Silvia Higuera\",\"description\":\"Silvia A. Higuera Fl\u00f3rez is a Colombian journalist interested in covering Latin American issues and human rights, especially the right to freedom of expression, and investigative journalism. She studied Social Communication and Journalism at Universidad Pontificia Bolivariana in Bucaramanga (Colombia), and received her Master's of Arts in Journalism from the University of Texas at Austin in 2015. She worked with the Office of the Special Rapporteur for Freedom of Expression of the Inter-American Commission on Human Rights (IACHR) under the Orlando Sierra fellowship during 2014. She also worked for the Colombian newspaper Vanguardia Liberal and wrote for different magazines about local, economic and public order issues. Her work has also appeared in The Miami Herald and El Nuevo Herald of Miami. Email: silvia.knightcenter@gmail.com Silvia A. Higuera Fl\u00f3rez es una periodista colombiana con inter\u00e9s period\u00edstico es Am\u00e9rica Latina y los derechos humanos, particularmente el derecho a la libertad de expresi\u00f3n, as\u00ed como el periodismo de investigaci\u00f3n. Estudi\u00f3 Comunicaci\u00f3n Social \u2013 Periodismo en la Universidad Pontificia Bolivariana de Bucaramanga (Colombia), y recibi\u00f3 su maestr\u00eda en Periodismo en la Universidad de Texas, en Austin en 2015. Trabaj\u00f3 para la Relator\u00eda Especial para la Libertad de Expresi\u00f3n de la Comisi\u00f3n Interamericana de Derechos Humanos (CIDH) en el marco de la beca Orlando Sierra, durante 2014. Tambi\u00e9n hizo parte del diario Vanguardia Liberal y escribi\u00f3 para otras revistas colombianas cubriendo fuentes locales, econ\u00f3micas y judiciales. Algunos de sus trabajos han aparecido en The Miami Herald y El Nuevo Herald de Miami. Silvia A. Higuera Fl\u00f3rez \u00e9 uma jornalista colombiana e seu interesse jornal\u00edstico \u00e9 a Am\u00e9rica Latina e os direitos humanos, nomeadamente o direito \u00e0 liberdade de express\u00e3o. Estudou Comunica\u00e7\u00e3o Social \u2013 Jornalismo na Universidade Pontif\u00edcia Bolivariana de Bucaramanga, na Col\u00f4mbia e completou seu mestrado em jornalismo na Universidade do Texas em Austin. Silvia trabalhou na Relatoria para a Liberdade de Express\u00e3o da CIDH pela bolsa Orlando Sierra, em 2014. Trabalhou para o jornal Vanguardia Liberal e escreveu para outras revistas colombianas cobrindo temas locais, econ\u00f4micas e judici\u00e1rias. Alguns de seus trabalhos apareceram no The Miami Herald e no El Nuevo Herald de Miami.\",\"sameAs\":[\"https:\\\/\\\/x.com\\\/shiguerita\"],\"url\":\"https:\\\/\\\/latamjournalismreview.org\\\/pt-br\\\/articles\\\/author\\\/silvia-higuera\\\/\"}]}<\/script>\n<!-- \/ Yoast SEO Premium plugin. -->","yoast_head_json":{"title":"Jornalista colombiano denuncia que grupo criminoso planeja seu assassinato - LatAm Journalism Review by the Knight Center","description":"Jornalista colombiano denuncia que grupo criminoso planeja seu assassinato Viol\u00eancia contra jornalistas. Latin American Journalism Review by The Knight Center at The University of Texas at Austin.","robots":{"index":"index","follow":"follow","max-snippet":"max-snippet:-1","max-image-preview":"max-image-preview:large","max-video-preview":"max-video-preview:-1"},"canonical":"https:\/\/latamjournalismreview.org\/pt-br\/articles\/jornalista-colombiano-denuncia-que-grupo-criminoso-planeja-seu-assassinato\/","og_locale":"pt_BR","og_type":"article","og_title":"Jornalista colombiano denuncia que grupo criminoso planeja seu assassinato","og_description":"Jornalista colombiano denuncia que grupo criminoso planeja seu assassinato Viol\u00eancia contra jornalistas. Latin American Journalism Review by The Knight Center at The University of Texas at Austin.","og_url":"https:\/\/latamjournalismreview.org\/pt-br\/articles\/jornalista-colombiano-denuncia-que-grupo-criminoso-planeja-seu-assassinato\/","og_site_name":"LatAm Journalism Review by the Knight Center","article_published_time":"2012-10-03T18:26:18+00:00","article_modified_time":"2021-09-28T18:27:31+00:00","author":"Silvia Higuera","twitter_card":"summary_large_image","twitter_creator":"@shiguerita","twitter_site":"@LatAmJournalism","twitter_misc":{"Written by":"Silvia Higuera","Est. reading time":"2 minutos"},"schema":{"@context":"https:\/\/schema.org","@graph":[{"@type":"Article","@id":"https:\/\/latamjournalismreview.org\/pt-br\/articles\/jornalista-colombiano-denuncia-que-grupo-criminoso-planeja-seu-assassinato\/#article","isPartOf":{"@id":"https:\/\/latamjournalismreview.org\/pt-br\/articles\/jornalista-colombiano-denuncia-que-grupo-criminoso-planeja-seu-assassinato\/"},"author":{"name":"Silvia Higuera","@id":"https:\/\/latamjournalismreview.org\/pt-br\/#\/schema\/person\/eac7baa6afada0957e047be9fc15703a"},"headline":"Jornalista colombiano denuncia que grupo criminoso planeja seu assassinato","datePublished":"2012-10-03T18:26:18+00:00","dateModified":"2021-09-28T18:27:31+00:00","mainEntityOfPage":{"@id":"https:\/\/latamjournalismreview.org\/pt-br\/articles\/jornalista-colombiano-denuncia-que-grupo-criminoso-planeja-seu-assassinato\/"},"wordCount":343,"publisher":{"@id":"https:\/\/latamjournalismreview.org\/pt-br\/#organization"},"keywords":["Amea\u00e7as a jornalistas","Col\u00f4mbia","Liberdade de express\u00e3o","Viol\u00eancia contra jornalistas"],"articleSection":["Viol\u00eancia contra jornalistas"],"inLanguage":"pt-BR"},{"@type":"WebPage","@id":"https:\/\/latamjournalismreview.org\/pt-br\/articles\/jornalista-colombiano-denuncia-que-grupo-criminoso-planeja-seu-assassinato\/","url":"https:\/\/latamjournalismreview.org\/pt-br\/articles\/jornalista-colombiano-denuncia-que-grupo-criminoso-planeja-seu-assassinato\/","name":"Jornalista colombiano denuncia que grupo criminoso planeja seu assassinato - LatAm Journalism Review by the Knight Center","isPartOf":{"@id":"https:\/\/latamjournalismreview.org\/pt-br\/#website"},"datePublished":"2012-10-03T18:26:18+00:00","dateModified":"2021-09-28T18:27:31+00:00","description":"Jornalista colombiano denuncia que grupo criminoso planeja seu assassinato Viol\u00eancia contra jornalistas. Latin American Journalism Review by The Knight Center at The University of Texas at Austin.","breadcrumb":{"@id":"https:\/\/latamjournalismreview.org\/pt-br\/articles\/jornalista-colombiano-denuncia-que-grupo-criminoso-planeja-seu-assassinato\/#breadcrumb"},"inLanguage":"pt-BR","potentialAction":[{"@type":"ReadAction","target":["https:\/\/latamjournalismreview.org\/pt-br\/articles\/jornalista-colombiano-denuncia-que-grupo-criminoso-planeja-seu-assassinato\/"]}]},{"@type":"BreadcrumbList","@id":"https:\/\/latamjournalismreview.org\/pt-br\/articles\/jornalista-colombiano-denuncia-que-grupo-criminoso-planeja-seu-assassinato\/#breadcrumb","itemListElement":[{"@type":"ListItem","position":1,"name":"Home","item":"https:\/\/latamjournalismreview.org\/pt-br\/"},{"@type":"ListItem","position":2,"name":"Jornalista colombiano denuncia que grupo criminoso planeja seu assassinato"}]},{"@type":"WebSite","@id":"https:\/\/latamjournalismreview.org\/pt-br\/#website","url":"https:\/\/latamjournalismreview.org\/pt-br\/","name":"LatAm Journalism Review","description":"Digital magazine on journalism in Latin America","publisher":{"@id":"https:\/\/latamjournalismreview.org\/pt-br\/#organization"},"potentialAction":[{"@type":"SearchAction","target":{"@type":"EntryPoint","urlTemplate":"https:\/\/latamjournalismreview.org\/pt-br\/?s={search_term_string}"},"query-input":{"@type":"PropertyValueSpecification","valueRequired":true,"valueName":"search_term_string"}}],"inLanguage":"pt-BR"},{"@type":"Organization","@id":"https:\/\/latamjournalismreview.org\/pt-br\/#organization","name":"LatAm Journalism Review","url":"https:\/\/latamjournalismreview.org\/pt-br\/","logo":{"@type":"ImageObject","inLanguage":"pt-BR","@id":"https:\/\/latamjournalismreview.org\/pt-br\/#\/schema\/logo\/image\/","url":"https:\/\/latamjournalismreview.org\/wp-content\/uploads\/2020\/05\/knight-latAm-review-logo.svg","contentUrl":"https:\/\/latamjournalismreview.org\/wp-content\/uploads\/2020\/05\/knight-latAm-review-logo.svg","width":"1024","height":"1024","caption":"LatAm Journalism Review"},"image":{"@id":"https:\/\/latamjournalismreview.org\/pt-br\/#\/schema\/logo\/image\/"},"sameAs":["https:\/\/x.com\/LatAmJournalism"]},{"@type":"Person","@id":"https:\/\/latamjournalismreview.org\/pt-br\/#\/schema\/person\/eac7baa6afada0957e047be9fc15703a","name":"Silvia Higuera","description":"Silvia A. Higuera Fl\u00f3rez is a Colombian journalist interested in covering Latin American issues and human rights, especially the right to freedom of expression, and investigative journalism. She studied Social Communication and Journalism at Universidad Pontificia Bolivariana in Bucaramanga (Colombia), and received her Master's of Arts in Journalism from the University of Texas at Austin in 2015. She worked with the Office of the Special Rapporteur for Freedom of Expression of the Inter-American Commission on Human Rights (IACHR) under the Orlando Sierra fellowship during 2014. She also worked for the Colombian newspaper Vanguardia Liberal and wrote for different magazines about local, economic and public order issues. Her work has also appeared in The Miami Herald and El Nuevo Herald of Miami. Email: silvia.knightcenter@gmail.com Silvia A. Higuera Fl\u00f3rez es una periodista colombiana con inter\u00e9s period\u00edstico es Am\u00e9rica Latina y los derechos humanos, particularmente el derecho a la libertad de expresi\u00f3n, as\u00ed como el periodismo de investigaci\u00f3n. Estudi\u00f3 Comunicaci\u00f3n Social \u2013 Periodismo en la Universidad Pontificia Bolivariana de Bucaramanga (Colombia), y recibi\u00f3 su maestr\u00eda en Periodismo en la Universidad de Texas, en Austin en 2015. Trabaj\u00f3 para la Relator\u00eda Especial para la Libertad de Expresi\u00f3n de la Comisi\u00f3n Interamericana de Derechos Humanos (CIDH) en el marco de la beca Orlando Sierra, durante 2014. Tambi\u00e9n hizo parte del diario Vanguardia Liberal y escribi\u00f3 para otras revistas colombianas cubriendo fuentes locales, econ\u00f3micas y judiciales. Algunos de sus trabajos han aparecido en The Miami Herald y El Nuevo Herald de Miami. Silvia A. Higuera Fl\u00f3rez \u00e9 uma jornalista colombiana e seu interesse jornal\u00edstico \u00e9 a Am\u00e9rica Latina e os direitos humanos, nomeadamente o direito \u00e0 liberdade de express\u00e3o. Estudou Comunica\u00e7\u00e3o Social \u2013 Jornalismo na Universidade Pontif\u00edcia Bolivariana de Bucaramanga, na Col\u00f4mbia e completou seu mestrado em jornalismo na Universidade do Texas em Austin. Silvia trabalhou na Relatoria para a Liberdade de Express\u00e3o da CIDH pela bolsa Orlando Sierra, em 2014. Trabalhou para o jornal Vanguardia Liberal e escreveu para outras revistas colombianas cobrindo temas locais, econ\u00f4micas e judici\u00e1rias. Alguns de seus trabalhos apareceram no The Miami Herald e no El Nuevo Herald de Miami.","sameAs":["https:\/\/x.com\/shiguerita"],"url":"https:\/\/latamjournalismreview.org\/pt-br\/articles\/author\/silvia-higuera\/"}]}},"_links":{"self":[{"href":"https:\/\/latamjournalismreview.org\/pt-br\/wp-json\/wp\/v2\/posts\/34233","targetHints":{"allow":["GET"]}}],"collection":[{"href":"https:\/\/latamjournalismreview.org\/pt-br\/wp-json\/wp\/v2\/posts"}],"about":[{"href":"https:\/\/latamjournalismreview.org\/pt-br\/wp-json\/wp\/v2\/types\/post"}],"author":[{"embeddable":true,"href":"https:\/\/latamjournalismreview.org\/pt-br\/wp-json\/wp\/v2\/users\/13"}],"replies":[{"embeddable":true,"href":"https:\/\/latamjournalismreview.org\/pt-br\/wp-json\/wp\/v2\/comments?post=34233"}],"version-history":[{"count":1,"href":"https:\/\/latamjournalismreview.org\/pt-br\/wp-json\/wp\/v2\/posts\/34233\/revisions"}],"predecessor-version":[{"id":34236,"href":"https:\/\/latamjournalismreview.org\/pt-br\/wp-json\/wp\/v2\/posts\/34233\/revisions\/34236"}],"wp:attachment":[{"href":"https:\/\/latamjournalismreview.org\/pt-br\/wp-json\/wp\/v2\/media?parent=34233"}],"wp:term":[{"taxonomy":"category","embeddable":true,"href":"https:\/\/latamjournalismreview.org\/pt-br\/wp-json\/wp\/v2\/categories?post=34233"},{"taxonomy":"post_tag","embeddable":true,"href":"https:\/\/latamjournalismreview.org\/pt-br\/wp-json\/wp\/v2\/tags?post=34233"},{"taxonomy":"author","embeddable":true,"href":"https:\/\/latamjournalismreview.org\/pt-br\/wp-json\/wp\/v2\/coauthors?post=34233"}],"curies":[{"name":"wp","href":"https:\/\/api.w.org\/{rel}","templated":true}]}}