{"id":34407,"date":"2021-09-28T20:13:47","date_gmt":"2021-09-29T01:13:47","guid":{"rendered":"https:\/\/latamjournalismreview.org\/?p=34407"},"modified":"2021-09-28T20:13:47","modified_gmt":"2021-09-29T01:13:47","slug":"novo-guia-busca-aprimorar-a-cobertura-de-questoes-de-genero-na-midia-em-espanhol","status":"publish","type":"post","link":"https:\/\/latamjournalismreview.org\/pt-br\/articles\/novo-guia-busca-aprimorar-a-cobertura-de-questoes-de-genero-na-midia-em-espanhol\/","title":{"rendered":"Novo guia busca aprimorar a cobertura de quest\u00f5es de g\u00eanero na m\u00eddia em espanhol"},"content":{"rendered":"<p>O movimento feminista e as discuss\u00f5es em torno da igualdade de g\u00eanero, que pareciam ter ganhado muito espa\u00e7o nos \u00faltimos anos, foram freados pela pandemia de COVID-19 e pelas crises sociais e de sa\u00fade que ela trouxe.<\/p>\n<p>De acordo com o Banco Interamericano de Desenvolvimento (BID), a pandemia <a href=\"https:\/\/www.iadb.org\/es\/noticias\/participacion-laboral-femenina-se-retraso-en-una-decada-en-america-latina-y-el-caribe\">atrasou o progresso da participa\u00e7\u00e3o feminina na for\u00e7a de trabalho na Am\u00e9rica Latina e no Caribe<\/a> em mais de uma d\u00e9cada. As mulheres tamb\u00e9m foram as mais afetadas economicamente pela pandemia, bem como <a href=\"https:\/\/www.unwomen.org\/es\/news\/stories\/2020\/4\/statement-ed-phumzile-violence-against-women-during-pandemic?gclid=EAIaIQobChMIrt2mw5ii8wIVmEWGCh2r-QKeEAAYASAAEgIVIPD_BwE\">pela viol\u00eancia<\/a>.<\/p>\n<p>Neste contexto, os meios de comunica\u00e7\u00e3o t\u00eam a obriga\u00e7\u00e3o de conseguir n\u00e3o s\u00f3 uma maior representatividade nos produtos jornal\u00edsticos, mas tamb\u00e9m nas suas pr\u00f3prias reda\u00e7\u00f5es, segundo alguns dos especialistas presentes no lan\u00e7amento de um novo guia jornal\u00edstico.<\/p>\n<p>Com o objetivo de ajudar neste objetivo, a organiza\u00e7\u00e3o <a href=\"https:\/\/winnlatam.com\/\">Women in the News Network<\/a> (WINN) e a <a href=\"https:\/\/wan-ifra.org\/\">Associa\u00e7\u00e3o Mundial de Editores de Jornais<\/a> (WAN-IFRA) lan\u00e7aram a vers\u00e3o em espanhol do <a href=\"https:\/\/genderbalancecontent.womeninnews.org\/es\/\">Guia de Equil\u00edbrio de G\u00eanero para a m\u00eddia<\/a>. O guia j\u00e1 estava dispon\u00edvel em cinco idiomas, incluindo ingl\u00eas e russo, e foi traduzido com o apoio da Accenture e do Santander.<\/p>\n<div id=\"attachment_34370\" style=\"width: 1034px\" class=\"wp-caption aligncenter\"><img loading=\"lazy\" decoding=\"async\" aria-describedby=\"caption-attachment-34370\" class=\"wp-image-34372 size-large\" src=\"https:\/\/latamjournalismreview.org\/wp-content\/uploads\/2021\/09\/Screen-Shot-2021-09-28-at-6.51.12-PM-1024x528.png\" alt=\"Captura de pantalla de la Gu\u00eda de Equilibrio de G\u00e9nero para medios.\" width=\"1024\" height=\"528\" srcset=\"https:\/\/latamjournalismreview.org\/wp-content\/uploads\/2021\/09\/Screen-Shot-2021-09-28-at-6.51.12-PM-1024x528.png 1024w, https:\/\/latamjournalismreview.org\/wp-content\/uploads\/2021\/09\/Screen-Shot-2021-09-28-at-6.51.12-PM-300x155.png 300w, https:\/\/latamjournalismreview.org\/wp-content\/uploads\/2021\/09\/Screen-Shot-2021-09-28-at-6.51.12-PM-768x396.png 768w, https:\/\/latamjournalismreview.org\/wp-content\/uploads\/2021\/09\/Screen-Shot-2021-09-28-at-6.51.12-PM-1536x792.png 1536w, https:\/\/latamjournalismreview.org\/wp-content\/uploads\/2021\/09\/Screen-Shot-2021-09-28-at-6.51.12-PM-2048x1055.png 2048w\" sizes=\"auto, (max-width: 1024px) 100vw, 1024px\" \/><p id=\"caption-attachment-34370\" class=\"wp-caption-text\">O Guia de Equil\u00edbrio de G\u00eanero para a m\u00eddia foi recentemente traduzido para o espanhol. (Captura de tela)<\/p><\/div>\n<p>&nbsp;<\/p>\n<p>Durante o lan\u00e7amento virtual, Rodrigo Bonilla, Diretor para as Am\u00e9ricas da WAN-IFRA, falou sobre a import\u00e2ncia que este guia pode ter para a m\u00eddia e destacou a facilidade com que pode ser utilizado.<\/p>\n<p>\u201cVoc\u00ea vai encontrar um guia 100% digital, acess\u00edvel e gratuito que vai dotar a m\u00eddia de uma ferramenta que n\u00e3o s\u00f3 fornece elementos te\u00f3ricos para entender por que a igualdade de g\u00eanero \u00e9 importante e qual o papel da m\u00eddia, mas tamb\u00e9m mostra como os estere\u00f3tipos podem ser representados inconscientemente no dia a dia e d\u00e1 exemplos concretos de a\u00e7\u00f5es para melhorar e promover o equil\u00edbrio de g\u00eanero e estrat\u00e9gias para que as organiza\u00e7\u00f5es possam implementar no meio para mudar o status quo\u201d, disse Bonilla.<\/p>\n<p>O Guia de Equil\u00edbrio de G\u00eanero para a M\u00eddia est\u00e1 dividido em seis temas principais. Cada um deles possui infogr\u00e1ficos e um pequeno question\u00e1rio que permite aos jornalistas e executivos de m\u00eddia avaliarem como \u00e9 seu conhecimento sobre g\u00eanero e como a m\u00eddia o cobre.<\/p>\n<p>Al\u00e9m de explicar de forma geral a import\u00e2ncia da igualdade de g\u00eanero, o guia mostra como ela pode ser estereotipada pela m\u00eddia - \u00e0s vezes de forma inconsciente - e quais a\u00e7\u00f5es podem ser tomadas para melhorar a igualdade de g\u00eanero. Nesta \u00faltima quest\u00e3o, por exemplo, o guia estabelece a necessidade de incluir mais vozes femininas como fontes e opini\u00f5es. Ele tamb\u00e9m sugere a cria\u00e7\u00e3o de um guia de estilo na linguagem apropriada, que deve ser compartilhado com toda a equipe da reda\u00e7\u00e3o.<\/p>\n<p>Finalmente, o guia oferece estrat\u00e9gias para organiza\u00e7\u00f5es de not\u00edcias, bem como diferentes sistemas para monitorar a cobertura e o progresso da reda\u00e7\u00e3o.<\/p>\n<p>\u201cA mudan\u00e7a \u00e9 permanente e na WINN ajudamos as pessoas e a m\u00eddia a se preparar para essa mudan\u00e7a\u201d, disse Gabriela Oliv\u00e1n, diretora da WINN, \u00e0 <strong>LatAm Journalism Review (LJR)<\/strong>. \u201cEste guia \u00e9 uma contribui\u00e7\u00e3o nesse sentido: busca identificar vieses inconscientes na cobertura jornal\u00edstica, bem como promover a\u00e7\u00f5es e pol\u00edticas que visem estimular a diversidade nas equipes de trabalho. Al\u00e9m disso, esta alian\u00e7a entre marcas e ONGs coroa os primeiros tr\u00eas anos de trabalho do WINN e mostra mais uma vez que a colabora\u00e7\u00e3o \u00e9 a forma mais eficiente de abra\u00e7ar o futuro\u201d.<\/p>\n<p>O lan\u00e7amento tamb\u00e9m teve uma conversa entre as jornalistas Paula Escobar, do Chile, e Jineth Bedoya, da Col\u00f4mbia. Escobar perguntou a Bedoya sobre seu papel como jornalista e ativista, buscando fazer com que as mulheres contassem suas hist\u00f3rias de viol\u00eancia com a campanha \"N\u00e3o \u00e9 hora de calar a boca,\" criada por Bedoya.<\/p>\n<div id=\"attachment_34395\" style=\"width: 510px\" class=\"wp-caption alignright\"><img loading=\"lazy\" decoding=\"async\" aria-describedby=\"caption-attachment-34395\" class=\"wp-image-34395\" src=\"https:\/\/latamjournalismreview.org\/wp-content\/uploads\/2021\/09\/Screen-Shot-2021-09-28-at-7.06.42-PM-1024x574.png\" alt=\"Jineth Bedoya durante el lanzamiento de la Gu\u00eda para Equilibrio de G\u00e9nero en espa\u00f1ol. (Captura de pantalla)\" width=\"500\" height=\"280\" srcset=\"https:\/\/latamjournalismreview.org\/wp-content\/uploads\/2021\/09\/Screen-Shot-2021-09-28-at-7.06.42-PM-1024x574.png 1024w, https:\/\/latamjournalismreview.org\/wp-content\/uploads\/2021\/09\/Screen-Shot-2021-09-28-at-7.06.42-PM-300x168.png 300w, https:\/\/latamjournalismreview.org\/wp-content\/uploads\/2021\/09\/Screen-Shot-2021-09-28-at-7.06.42-PM-768x431.png 768w, https:\/\/latamjournalismreview.org\/wp-content\/uploads\/2021\/09\/Screen-Shot-2021-09-28-at-7.06.42-PM-1536x862.png 1536w, https:\/\/latamjournalismreview.org\/wp-content\/uploads\/2021\/09\/Screen-Shot-2021-09-28-at-7.06.42-PM-2048x1149.png 2048w\" sizes=\"auto, (max-width: 500px) 100vw, 500px\" \/><p id=\"caption-attachment-34395\" class=\"wp-caption-text\">Jineth Bedoya durante o lan\u00e7amento do Guia para Equil\u00edbrio de G\u00eanero em espanhol. (Captura de tela)<\/p><\/div>\n<p>O in\u00edcio da campanha, segundo Bedoya, foi em sua pr\u00f3pria experi\u00eancia quando foi sequestrada, torturada e estuprada em retalia\u00e7\u00e3o por seu trabalho jornal\u00edstico. Ali ela passou a ser not\u00edcia, e por isso foi silenciada por muito tempo, disse a jornalista colombiano.<\/p>\n<p>\u201cE quando decido falar publicamente sobre o que aconteceu, especialmente a quest\u00e3o do estupro, acho que ali eu tive que encontrar algo que conectasse minha realidade como v\u00edtima e sobrevivente e minha realidade como jornalista. E foi a\u00ed que nasceu 'N\u00e3o \u00e9 hora de calar a boca', que \u00e9 a campanha que agora vai fazer 12 anos, [\u2026] porque decidi que n\u00e3o podia ficar calando a boca o que tinha acontecido\u201d, disse Bedoya durante o lan\u00e7amento do guia. \u201cE aquela campanha, que a princ\u00edpio foi mais uma decis\u00e3o de poder compartilhar minha hist\u00f3ria, se tornou um movimento que me fez refletir sobre como estava contando a hist\u00f3ria de outras pessoas. E, al\u00e9m disso, como ele as contava mal. Porque o fato de voc\u00ea ser uma v\u00edtima n\u00e3o significa que voc\u00ea tenha total conhecimento de como aplicar a perspectiva de g\u00eanero naquilo que faz\u201d.<\/p>\n<p>A campanha tamb\u00e9m tem um componente de treinamento que come\u00e7ou com a pr\u00f3pria Bedoya. Ela teve que aprender sobre tudo relacionado a g\u00eanero e equidade, e ent\u00e3o ela compartilhou com outros jornalistas na Col\u00f4mbia e no exterior. At\u00e9 o jornal para o qual trabalha Bedoya, El Tiempo, assumiu \"N\u00e3o \u00e9 hora de calar a boca\" como parte de seu trabalho de responsabilidade social e, a partir disso, tamb\u00e9m buscou formar jornalistas desse jornal. Por exemplo, El Tiempo tem um guia de g\u00eanero e um manual de estilo sobre o assunto.<\/p>\n<p>Bedoya e Escobar tamb\u00e9m discutiram a falta de jornalistas mulheres em posi\u00e7\u00f5es de lideran\u00e7a. Escobar deu n\u00fameros de um estudo recente da Universidade de Oxford e da Reuters que mostrou que, <a href=\"https:\/\/reutersinstitute.politics.ox.ac.uk\/mujeres-y-liderazgo-en-los-medios-informativos-en-2021-evidencias-de-12-mercados\">de um universo de 180 l\u00edderes da m\u00eddia, apenas 22% eram mulheres<\/a>. Para Bedoya, essa quest\u00e3o continua sendo um desafio importante para a m\u00eddia, porque ele considera que as mudan\u00e7as se refletem melhor quando s\u00e3o impulsionadas da cabe\u00e7a.<\/p>\n<p>\u201cO que vimos tamb\u00e9m \u00e9 que felizmente s\u00e3o as mulheres que alcan\u00e7aram cargos de poder na m\u00eddia que abrem esses espa\u00e7os para que possam come\u00e7ar a falar de equidade, mas tamb\u00e9m de direitos\u201d, disse Bedoya. \u201cQuando uma mulher que est\u00e1 \u00e0 frente de uma organiza\u00e7\u00e3o que se comunica entende que o que ela teve que enfrentar e o caminho que ela teve que percorrer para chegar onde est\u00e1 podem ser aplicado ao trabalho, acho que \u00e9 muito mais f\u00e1cil abrir os espa\u00e7os para que a necessidade de treinar seja compreendida\u201d.<\/p>\n<div id=\"attachment_34399\" style=\"width: 410px\" class=\"wp-caption alignleft\"><img loading=\"lazy\" decoding=\"async\" aria-describedby=\"caption-attachment-34399\" class=\"wp-image-34401\" src=\"https:\/\/latamjournalismreview.org\/wp-content\/uploads\/2021\/09\/Infografi\u0301aEquilibrioGe\u0301nero.jpg\" alt=\"Infograf\u00eda de cap\u00edtulo sobre la importancia del equilibrio de g\u00e9nero.\" width=\"400\" height=\"481\" srcset=\"https:\/\/latamjournalismreview.org\/wp-content\/uploads\/2021\/09\/Infografi\u0301aEquilibrioGe\u0301nero.jpg 800w, https:\/\/latamjournalismreview.org\/wp-content\/uploads\/2021\/09\/Infografi\u0301aEquilibrioGe\u0301nero-249x300.jpg 249w, https:\/\/latamjournalismreview.org\/wp-content\/uploads\/2021\/09\/Infografi\u0301aEquilibrioGe\u0301nero-768x924.jpg 768w\" sizes=\"auto, (max-width: 400px) 100vw, 400px\" \/><p id=\"caption-attachment-34399\" class=\"wp-caption-text\">Infogr\u00e1fico do cap\u00edtulo sobre a import\u00e2ncia do equil\u00edbrio de g\u00eanero.<\/p><\/div>\n<p>Justamente sobre esta quest\u00e3o, Oliv\u00e1n disse \u00e0<strong> LJR <\/strong>que garantir o equil\u00edbrio de g\u00eanero n\u00e3o \u00e9 apenas uma responsabilidade moral, mas \"um imperativo empresarial\", e para isso \u00e9 necess\u00e1rio ter mulheres em cargos de poder dentro da m\u00eddia.<\/p>\n<p>\u201cAs mulheres representam mais de 50% da popula\u00e7\u00e3o mundial e nas reda\u00e7\u00f5es chegam a apenas 40% e nos cargos de chefia esse n\u00famero n\u00e3o passa de 24%. \u00c9 dif\u00edcil para o p\u00fablico feminino se sentir representado desta forma\", disse Oliv\u00e1n.<\/p>\n<p>Bedoya convidou jornalistas e meios de comunica\u00e7\u00e3o da regi\u00e3o para fazer uso do guia e fazer um esfor\u00e7o de treinamento para cobrir cada vez melhor. Ele mostrou como exemplos de m\u00e1s pr\u00e1ticas na regi\u00e3o como a m\u00eddia continua a chamar o feminic\u00eddio de \u201ccrimes passionais\u201d, ou como \u00e9 dif\u00edcil encontrar vozes femininas especializadas em \u00e1reas como economia ou pol\u00edtica, mas abundam em temas como moda ou decora\u00e7\u00e3o de casa.<\/p>\n<p>\u201cOlha o que temos, continuamos tendo esse problema. As mulheres s\u00e3o classificadas na <em>luz<\/em> porque somos especialistas nisso, mas n\u00e3o nos coloque para falar de economia, pol\u00edtica ou justi\u00e7a, porque n\u00e3o somos especialistas \", disse Bedoya. \u201cE na Am\u00e9rica Latina, acima de tudo, temos mulheres preparadas de tal forma que tenham imensa experi\u00eancia de como ver o mundo hoje, mas, mesmo assim, n\u00e3o fazem parte daquelas agendas de especialistas que toda a m\u00eddia deveria ter\u201d<\/p>\n","protected":false},"excerpt":{"rendered":"<p>O movimento feminista e as discuss\u00f5es em torno da igualdade de g\u00eanero, que pareciam ter ganhado muito espa\u00e7o nos \u00faltimos anos, foram freados pela pandemia de COVID-19 e pelas crises sociais e de sa\u00fade que ela trouxe.<\/p>\n","protected":false},"author":13,"featured_media":34461,"comment_status":"closed","ping_status":"closed","sticky":false,"template":"","format":"standard","meta":{"inline_featured_image":false,"footnotes":""},"categories":[17],"tags":[],"coauthors":[],"class_list":["post-34407","post","type-post","status-publish","format-standard","has-post-thumbnail","hentry","category-nao-categorizado"],"acf":[],"yoast_head":"<!-- This site is optimized with the Yoast SEO Premium plugin v22.6 (Yoast SEO v27.4) - https:\/\/yoast.com\/product\/yoast-seo-premium-wordpress\/ -->\n<title>Novo guia busca aprimorar a cobertura de quest\u00f5es de g\u00eanero na m\u00eddia em espanhol - LatAm Journalism Review by the Knight Center<\/title>\n<meta name=\"description\" content=\"Novo guia busca aprimorar a cobertura de quest\u00f5es de g\u00eanero na m\u00eddia em espanhol . Latin American Journalism Review by The Knight Center at The University of Texas at Austin.\" \/>\n<meta name=\"robots\" content=\"index, follow, max-snippet:-1, max-image-preview:large, max-video-preview:-1\" \/>\n<link rel=\"canonical\" href=\"https:\/\/latamjournalismreview.org\/pt-br\/articles\/novo-guia-busca-aprimorar-a-cobertura-de-questoes-de-genero-na-midia-em-espanhol\/\" \/>\n<meta property=\"og:locale\" content=\"pt_BR\" \/>\n<meta property=\"og:type\" content=\"article\" \/>\n<meta property=\"og:title\" content=\"Novo guia busca aprimorar a cobertura de quest\u00f5es de g\u00eanero na m\u00eddia em espanhol\" \/>\n<meta property=\"og:description\" content=\"Novo guia busca aprimorar a cobertura de quest\u00f5es de g\u00eanero na m\u00eddia em espanhol . Latin American Journalism Review by The Knight Center at The University of Texas at Austin.\" \/>\n<meta property=\"og:url\" content=\"https:\/\/latamjournalismreview.org\/pt-br\/articles\/novo-guia-busca-aprimorar-a-cobertura-de-questoes-de-genero-na-midia-em-espanhol\/\" \/>\n<meta property=\"og:site_name\" content=\"LatAm Journalism Review by the Knight Center\" \/>\n<meta property=\"article:published_time\" content=\"2021-09-29T01:13:47+00:00\" \/>\n<meta property=\"og:image\" content=\"https:\/\/latamjournalismreview.org\/wp-content\/uploads\/2021\/09\/VocesFemeninasMedios.png\" \/>\n\t<meta property=\"og:image:width\" content=\"495\" \/>\n\t<meta property=\"og:image:height\" content=\"310\" \/>\n\t<meta property=\"og:image:type\" content=\"image\/png\" \/>\n<meta name=\"author\" content=\"Silvia Higuera\" \/>\n<meta name=\"twitter:card\" content=\"summary_large_image\" \/>\n<meta name=\"twitter:creator\" content=\"@shiguerita\" \/>\n<meta name=\"twitter:site\" content=\"@LatAmJournalism\" \/>\n<meta name=\"twitter:label1\" content=\"Written by\" \/>\n\t<meta name=\"twitter:data1\" content=\"Silvia Higuera\" \/>\n\t<meta name=\"twitter:label2\" content=\"Est. reading time\" \/>\n\t<meta name=\"twitter:data2\" content=\"7 minutos\" \/>\n<script type=\"application\/ld+json\" class=\"yoast-schema-graph\">{\"@context\":\"https:\\\/\\\/schema.org\",\"@graph\":[{\"@type\":\"Article\",\"@id\":\"https:\\\/\\\/latamjournalismreview.org\\\/pt-br\\\/articles\\\/novo-guia-busca-aprimorar-a-cobertura-de-questoes-de-genero-na-midia-em-espanhol\\\/#article\",\"isPartOf\":{\"@id\":\"https:\\\/\\\/latamjournalismreview.org\\\/pt-br\\\/articles\\\/novo-guia-busca-aprimorar-a-cobertura-de-questoes-de-genero-na-midia-em-espanhol\\\/\"},\"author\":{\"name\":\"Silvia Higuera\",\"@id\":\"https:\\\/\\\/latamjournalismreview.org\\\/pt-br\\\/#\\\/schema\\\/person\\\/eac7baa6afada0957e047be9fc15703a\"},\"headline\":\"Novo guia busca aprimorar a cobertura de quest\u00f5es de g\u00eanero na m\u00eddia em espanhol\",\"datePublished\":\"2021-09-29T01:13:47+00:00\",\"mainEntityOfPage\":{\"@id\":\"https:\\\/\\\/latamjournalismreview.org\\\/pt-br\\\/articles\\\/novo-guia-busca-aprimorar-a-cobertura-de-questoes-de-genero-na-midia-em-espanhol\\\/\"},\"wordCount\":1488,\"publisher\":{\"@id\":\"https:\\\/\\\/latamjournalismreview.org\\\/pt-br\\\/#organization\"},\"image\":{\"@id\":\"https:\\\/\\\/latamjournalismreview.org\\\/pt-br\\\/articles\\\/novo-guia-busca-aprimorar-a-cobertura-de-questoes-de-genero-na-midia-em-espanhol\\\/#primaryimage\"},\"thumbnailUrl\":\"https:\\\/\\\/latamjournalismreview.org\\\/wp-content\\\/uploads\\\/2021\\\/09\\\/VocesFemeninasMedios.png\",\"articleSection\":[\"N\u00e3o categorizado\"],\"inLanguage\":\"pt-BR\"},{\"@type\":\"WebPage\",\"@id\":\"https:\\\/\\\/latamjournalismreview.org\\\/pt-br\\\/articles\\\/novo-guia-busca-aprimorar-a-cobertura-de-questoes-de-genero-na-midia-em-espanhol\\\/\",\"url\":\"https:\\\/\\\/latamjournalismreview.org\\\/pt-br\\\/articles\\\/novo-guia-busca-aprimorar-a-cobertura-de-questoes-de-genero-na-midia-em-espanhol\\\/\",\"name\":\"Novo guia busca aprimorar a cobertura de quest\u00f5es de g\u00eanero na m\u00eddia em espanhol - LatAm Journalism Review by the Knight Center\",\"isPartOf\":{\"@id\":\"https:\\\/\\\/latamjournalismreview.org\\\/pt-br\\\/#website\"},\"primaryImageOfPage\":{\"@id\":\"https:\\\/\\\/latamjournalismreview.org\\\/pt-br\\\/articles\\\/novo-guia-busca-aprimorar-a-cobertura-de-questoes-de-genero-na-midia-em-espanhol\\\/#primaryimage\"},\"image\":{\"@id\":\"https:\\\/\\\/latamjournalismreview.org\\\/pt-br\\\/articles\\\/novo-guia-busca-aprimorar-a-cobertura-de-questoes-de-genero-na-midia-em-espanhol\\\/#primaryimage\"},\"thumbnailUrl\":\"https:\\\/\\\/latamjournalismreview.org\\\/wp-content\\\/uploads\\\/2021\\\/09\\\/VocesFemeninasMedios.png\",\"datePublished\":\"2021-09-29T01:13:47+00:00\",\"description\":\"Novo guia busca aprimorar a cobertura de quest\u00f5es de g\u00eanero na m\u00eddia em espanhol . Latin American Journalism Review by The Knight Center at The University of Texas at Austin.\",\"breadcrumb\":{\"@id\":\"https:\\\/\\\/latamjournalismreview.org\\\/pt-br\\\/articles\\\/novo-guia-busca-aprimorar-a-cobertura-de-questoes-de-genero-na-midia-em-espanhol\\\/#breadcrumb\"},\"inLanguage\":\"pt-BR\",\"potentialAction\":[{\"@type\":\"ReadAction\",\"target\":[\"https:\\\/\\\/latamjournalismreview.org\\\/pt-br\\\/articles\\\/novo-guia-busca-aprimorar-a-cobertura-de-questoes-de-genero-na-midia-em-espanhol\\\/\"]}]},{\"@type\":\"ImageObject\",\"inLanguage\":\"pt-BR\",\"@id\":\"https:\\\/\\\/latamjournalismreview.org\\\/pt-br\\\/articles\\\/novo-guia-busca-aprimorar-a-cobertura-de-questoes-de-genero-na-midia-em-espanhol\\\/#primaryimage\",\"url\":\"https:\\\/\\\/latamjournalismreview.org\\\/wp-content\\\/uploads\\\/2021\\\/09\\\/VocesFemeninasMedios.png\",\"contentUrl\":\"https:\\\/\\\/latamjournalismreview.org\\\/wp-content\\\/uploads\\\/2021\\\/09\\\/VocesFemeninasMedios.png\",\"width\":495,\"height\":310,\"caption\":\"Infograf\u00eda de la Gu\u00eda de Equilibrio de G\u00e9nero para medios de WINN y WAN-IFRA\"},{\"@type\":\"BreadcrumbList\",\"@id\":\"https:\\\/\\\/latamjournalismreview.org\\\/pt-br\\\/articles\\\/novo-guia-busca-aprimorar-a-cobertura-de-questoes-de-genero-na-midia-em-espanhol\\\/#breadcrumb\",\"itemListElement\":[{\"@type\":\"ListItem\",\"position\":1,\"name\":\"Home\",\"item\":\"https:\\\/\\\/latamjournalismreview.org\\\/pt-br\\\/\"},{\"@type\":\"ListItem\",\"position\":2,\"name\":\"Novo guia busca aprimorar a cobertura de quest\u00f5es de g\u00eanero na m\u00eddia em espanhol\"}]},{\"@type\":\"WebSite\",\"@id\":\"https:\\\/\\\/latamjournalismreview.org\\\/pt-br\\\/#website\",\"url\":\"https:\\\/\\\/latamjournalismreview.org\\\/pt-br\\\/\",\"name\":\"LatAm Journalism Review\",\"description\":\"Digital magazine on journalism in Latin America\",\"publisher\":{\"@id\":\"https:\\\/\\\/latamjournalismreview.org\\\/pt-br\\\/#organization\"},\"potentialAction\":[{\"@type\":\"SearchAction\",\"target\":{\"@type\":\"EntryPoint\",\"urlTemplate\":\"https:\\\/\\\/latamjournalismreview.org\\\/pt-br\\\/?s={search_term_string}\"},\"query-input\":{\"@type\":\"PropertyValueSpecification\",\"valueRequired\":true,\"valueName\":\"search_term_string\"}}],\"inLanguage\":\"pt-BR\"},{\"@type\":\"Organization\",\"@id\":\"https:\\\/\\\/latamjournalismreview.org\\\/pt-br\\\/#organization\",\"name\":\"LatAm Journalism Review\",\"url\":\"https:\\\/\\\/latamjournalismreview.org\\\/pt-br\\\/\",\"logo\":{\"@type\":\"ImageObject\",\"inLanguage\":\"pt-BR\",\"@id\":\"https:\\\/\\\/latamjournalismreview.org\\\/pt-br\\\/#\\\/schema\\\/logo\\\/image\\\/\",\"url\":\"https:\\\/\\\/latamjournalismreview.org\\\/wp-content\\\/uploads\\\/2020\\\/05\\\/knight-latAm-review-logo.svg\",\"contentUrl\":\"https:\\\/\\\/latamjournalismreview.org\\\/wp-content\\\/uploads\\\/2020\\\/05\\\/knight-latAm-review-logo.svg\",\"width\":\"1024\",\"height\":\"1024\",\"caption\":\"LatAm Journalism Review\"},\"image\":{\"@id\":\"https:\\\/\\\/latamjournalismreview.org\\\/pt-br\\\/#\\\/schema\\\/logo\\\/image\\\/\"},\"sameAs\":[\"https:\\\/\\\/x.com\\\/LatAmJournalism\"]},{\"@type\":\"Person\",\"@id\":\"https:\\\/\\\/latamjournalismreview.org\\\/pt-br\\\/#\\\/schema\\\/person\\\/eac7baa6afada0957e047be9fc15703a\",\"name\":\"Silvia Higuera\",\"description\":\"Silvia A. Higuera Fl\u00f3rez is a Colombian journalist interested in covering Latin American issues and human rights, especially the right to freedom of expression, and investigative journalism. She studied Social Communication and Journalism at Universidad Pontificia Bolivariana in Bucaramanga (Colombia), and received her Master's of Arts in Journalism from the University of Texas at Austin in 2015. She worked with the Office of the Special Rapporteur for Freedom of Expression of the Inter-American Commission on Human Rights (IACHR) under the Orlando Sierra fellowship during 2014. She also worked for the Colombian newspaper Vanguardia Liberal and wrote for different magazines about local, economic and public order issues. Her work has also appeared in The Miami Herald and El Nuevo Herald of Miami. Email: silvia.knightcenter@gmail.com Silvia A. Higuera Fl\u00f3rez es una periodista colombiana con inter\u00e9s period\u00edstico es Am\u00e9rica Latina y los derechos humanos, particularmente el derecho a la libertad de expresi\u00f3n, as\u00ed como el periodismo de investigaci\u00f3n. Estudi\u00f3 Comunicaci\u00f3n Social \u2013 Periodismo en la Universidad Pontificia Bolivariana de Bucaramanga (Colombia), y recibi\u00f3 su maestr\u00eda en Periodismo en la Universidad de Texas, en Austin en 2015. Trabaj\u00f3 para la Relator\u00eda Especial para la Libertad de Expresi\u00f3n de la Comisi\u00f3n Interamericana de Derechos Humanos (CIDH) en el marco de la beca Orlando Sierra, durante 2014. Tambi\u00e9n hizo parte del diario Vanguardia Liberal y escribi\u00f3 para otras revistas colombianas cubriendo fuentes locales, econ\u00f3micas y judiciales. Algunos de sus trabajos han aparecido en The Miami Herald y El Nuevo Herald de Miami. Silvia A. Higuera Fl\u00f3rez \u00e9 uma jornalista colombiana e seu interesse jornal\u00edstico \u00e9 a Am\u00e9rica Latina e os direitos humanos, nomeadamente o direito \u00e0 liberdade de express\u00e3o. Estudou Comunica\u00e7\u00e3o Social \u2013 Jornalismo na Universidade Pontif\u00edcia Bolivariana de Bucaramanga, na Col\u00f4mbia e completou seu mestrado em jornalismo na Universidade do Texas em Austin. Silvia trabalhou na Relatoria para a Liberdade de Express\u00e3o da CIDH pela bolsa Orlando Sierra, em 2014. Trabalhou para o jornal Vanguardia Liberal e escreveu para outras revistas colombianas cobrindo temas locais, econ\u00f4micas e judici\u00e1rias. Alguns de seus trabalhos apareceram no The Miami Herald e no El Nuevo Herald de Miami.\",\"sameAs\":[\"https:\\\/\\\/x.com\\\/shiguerita\"],\"url\":\"https:\\\/\\\/latamjournalismreview.org\\\/pt-br\\\/articles\\\/author\\\/silvia-higuera\\\/\"}]}<\/script>\n<!-- \/ Yoast SEO Premium plugin. -->","yoast_head_json":{"title":"Novo guia busca aprimorar a cobertura de quest\u00f5es de g\u00eanero na m\u00eddia em espanhol - LatAm Journalism Review by the Knight Center","description":"Novo guia busca aprimorar a cobertura de quest\u00f5es de g\u00eanero na m\u00eddia em espanhol . Latin American Journalism Review by The Knight Center at The University of Texas at Austin.","robots":{"index":"index","follow":"follow","max-snippet":"max-snippet:-1","max-image-preview":"max-image-preview:large","max-video-preview":"max-video-preview:-1"},"canonical":"https:\/\/latamjournalismreview.org\/pt-br\/articles\/novo-guia-busca-aprimorar-a-cobertura-de-questoes-de-genero-na-midia-em-espanhol\/","og_locale":"pt_BR","og_type":"article","og_title":"Novo guia busca aprimorar a cobertura de quest\u00f5es de g\u00eanero na m\u00eddia em espanhol","og_description":"Novo guia busca aprimorar a cobertura de quest\u00f5es de g\u00eanero na m\u00eddia em espanhol . Latin American Journalism Review by The Knight Center at The University of Texas at Austin.","og_url":"https:\/\/latamjournalismreview.org\/pt-br\/articles\/novo-guia-busca-aprimorar-a-cobertura-de-questoes-de-genero-na-midia-em-espanhol\/","og_site_name":"LatAm Journalism Review by the Knight Center","article_published_time":"2021-09-29T01:13:47+00:00","og_image":[{"width":495,"height":310,"url":"https:\/\/latamjournalismreview.org\/wp-content\/uploads\/2021\/09\/VocesFemeninasMedios.png","type":"image\/png"}],"author":"Silvia Higuera","twitter_card":"summary_large_image","twitter_creator":"@shiguerita","twitter_site":"@LatAmJournalism","twitter_misc":{"Written by":"Silvia Higuera","Est. reading time":"7 minutos"},"schema":{"@context":"https:\/\/schema.org","@graph":[{"@type":"Article","@id":"https:\/\/latamjournalismreview.org\/pt-br\/articles\/novo-guia-busca-aprimorar-a-cobertura-de-questoes-de-genero-na-midia-em-espanhol\/#article","isPartOf":{"@id":"https:\/\/latamjournalismreview.org\/pt-br\/articles\/novo-guia-busca-aprimorar-a-cobertura-de-questoes-de-genero-na-midia-em-espanhol\/"},"author":{"name":"Silvia Higuera","@id":"https:\/\/latamjournalismreview.org\/pt-br\/#\/schema\/person\/eac7baa6afada0957e047be9fc15703a"},"headline":"Novo guia busca aprimorar a cobertura de quest\u00f5es de g\u00eanero na m\u00eddia em espanhol","datePublished":"2021-09-29T01:13:47+00:00","mainEntityOfPage":{"@id":"https:\/\/latamjournalismreview.org\/pt-br\/articles\/novo-guia-busca-aprimorar-a-cobertura-de-questoes-de-genero-na-midia-em-espanhol\/"},"wordCount":1488,"publisher":{"@id":"https:\/\/latamjournalismreview.org\/pt-br\/#organization"},"image":{"@id":"https:\/\/latamjournalismreview.org\/pt-br\/articles\/novo-guia-busca-aprimorar-a-cobertura-de-questoes-de-genero-na-midia-em-espanhol\/#primaryimage"},"thumbnailUrl":"https:\/\/latamjournalismreview.org\/wp-content\/uploads\/2021\/09\/VocesFemeninasMedios.png","articleSection":["N\u00e3o categorizado"],"inLanguage":"pt-BR"},{"@type":"WebPage","@id":"https:\/\/latamjournalismreview.org\/pt-br\/articles\/novo-guia-busca-aprimorar-a-cobertura-de-questoes-de-genero-na-midia-em-espanhol\/","url":"https:\/\/latamjournalismreview.org\/pt-br\/articles\/novo-guia-busca-aprimorar-a-cobertura-de-questoes-de-genero-na-midia-em-espanhol\/","name":"Novo guia busca aprimorar a cobertura de quest\u00f5es de g\u00eanero na m\u00eddia em espanhol - LatAm Journalism Review by the Knight Center","isPartOf":{"@id":"https:\/\/latamjournalismreview.org\/pt-br\/#website"},"primaryImageOfPage":{"@id":"https:\/\/latamjournalismreview.org\/pt-br\/articles\/novo-guia-busca-aprimorar-a-cobertura-de-questoes-de-genero-na-midia-em-espanhol\/#primaryimage"},"image":{"@id":"https:\/\/latamjournalismreview.org\/pt-br\/articles\/novo-guia-busca-aprimorar-a-cobertura-de-questoes-de-genero-na-midia-em-espanhol\/#primaryimage"},"thumbnailUrl":"https:\/\/latamjournalismreview.org\/wp-content\/uploads\/2021\/09\/VocesFemeninasMedios.png","datePublished":"2021-09-29T01:13:47+00:00","description":"Novo guia busca aprimorar a cobertura de quest\u00f5es de g\u00eanero na m\u00eddia em espanhol . Latin American Journalism Review by The Knight Center at The University of Texas at Austin.","breadcrumb":{"@id":"https:\/\/latamjournalismreview.org\/pt-br\/articles\/novo-guia-busca-aprimorar-a-cobertura-de-questoes-de-genero-na-midia-em-espanhol\/#breadcrumb"},"inLanguage":"pt-BR","potentialAction":[{"@type":"ReadAction","target":["https:\/\/latamjournalismreview.org\/pt-br\/articles\/novo-guia-busca-aprimorar-a-cobertura-de-questoes-de-genero-na-midia-em-espanhol\/"]}]},{"@type":"ImageObject","inLanguage":"pt-BR","@id":"https:\/\/latamjournalismreview.org\/pt-br\/articles\/novo-guia-busca-aprimorar-a-cobertura-de-questoes-de-genero-na-midia-em-espanhol\/#primaryimage","url":"https:\/\/latamjournalismreview.org\/wp-content\/uploads\/2021\/09\/VocesFemeninasMedios.png","contentUrl":"https:\/\/latamjournalismreview.org\/wp-content\/uploads\/2021\/09\/VocesFemeninasMedios.png","width":495,"height":310,"caption":"Infograf\u00eda de la Gu\u00eda de Equilibrio de G\u00e9nero para medios de WINN y WAN-IFRA"},{"@type":"BreadcrumbList","@id":"https:\/\/latamjournalismreview.org\/pt-br\/articles\/novo-guia-busca-aprimorar-a-cobertura-de-questoes-de-genero-na-midia-em-espanhol\/#breadcrumb","itemListElement":[{"@type":"ListItem","position":1,"name":"Home","item":"https:\/\/latamjournalismreview.org\/pt-br\/"},{"@type":"ListItem","position":2,"name":"Novo guia busca aprimorar a cobertura de quest\u00f5es de g\u00eanero na m\u00eddia em espanhol"}]},{"@type":"WebSite","@id":"https:\/\/latamjournalismreview.org\/pt-br\/#website","url":"https:\/\/latamjournalismreview.org\/pt-br\/","name":"LatAm Journalism Review","description":"Digital magazine on journalism in Latin America","publisher":{"@id":"https:\/\/latamjournalismreview.org\/pt-br\/#organization"},"potentialAction":[{"@type":"SearchAction","target":{"@type":"EntryPoint","urlTemplate":"https:\/\/latamjournalismreview.org\/pt-br\/?s={search_term_string}"},"query-input":{"@type":"PropertyValueSpecification","valueRequired":true,"valueName":"search_term_string"}}],"inLanguage":"pt-BR"},{"@type":"Organization","@id":"https:\/\/latamjournalismreview.org\/pt-br\/#organization","name":"LatAm Journalism Review","url":"https:\/\/latamjournalismreview.org\/pt-br\/","logo":{"@type":"ImageObject","inLanguage":"pt-BR","@id":"https:\/\/latamjournalismreview.org\/pt-br\/#\/schema\/logo\/image\/","url":"https:\/\/latamjournalismreview.org\/wp-content\/uploads\/2020\/05\/knight-latAm-review-logo.svg","contentUrl":"https:\/\/latamjournalismreview.org\/wp-content\/uploads\/2020\/05\/knight-latAm-review-logo.svg","width":"1024","height":"1024","caption":"LatAm Journalism Review"},"image":{"@id":"https:\/\/latamjournalismreview.org\/pt-br\/#\/schema\/logo\/image\/"},"sameAs":["https:\/\/x.com\/LatAmJournalism"]},{"@type":"Person","@id":"https:\/\/latamjournalismreview.org\/pt-br\/#\/schema\/person\/eac7baa6afada0957e047be9fc15703a","name":"Silvia Higuera","description":"Silvia A. Higuera Fl\u00f3rez is a Colombian journalist interested in covering Latin American issues and human rights, especially the right to freedom of expression, and investigative journalism. She studied Social Communication and Journalism at Universidad Pontificia Bolivariana in Bucaramanga (Colombia), and received her Master's of Arts in Journalism from the University of Texas at Austin in 2015. She worked with the Office of the Special Rapporteur for Freedom of Expression of the Inter-American Commission on Human Rights (IACHR) under the Orlando Sierra fellowship during 2014. She also worked for the Colombian newspaper Vanguardia Liberal and wrote for different magazines about local, economic and public order issues. Her work has also appeared in The Miami Herald and El Nuevo Herald of Miami. Email: silvia.knightcenter@gmail.com Silvia A. Higuera Fl\u00f3rez es una periodista colombiana con inter\u00e9s period\u00edstico es Am\u00e9rica Latina y los derechos humanos, particularmente el derecho a la libertad de expresi\u00f3n, as\u00ed como el periodismo de investigaci\u00f3n. Estudi\u00f3 Comunicaci\u00f3n Social \u2013 Periodismo en la Universidad Pontificia Bolivariana de Bucaramanga (Colombia), y recibi\u00f3 su maestr\u00eda en Periodismo en la Universidad de Texas, en Austin en 2015. Trabaj\u00f3 para la Relator\u00eda Especial para la Libertad de Expresi\u00f3n de la Comisi\u00f3n Interamericana de Derechos Humanos (CIDH) en el marco de la beca Orlando Sierra, durante 2014. Tambi\u00e9n hizo parte del diario Vanguardia Liberal y escribi\u00f3 para otras revistas colombianas cubriendo fuentes locales, econ\u00f3micas y judiciales. Algunos de sus trabajos han aparecido en The Miami Herald y El Nuevo Herald de Miami. Silvia A. Higuera Fl\u00f3rez \u00e9 uma jornalista colombiana e seu interesse jornal\u00edstico \u00e9 a Am\u00e9rica Latina e os direitos humanos, nomeadamente o direito \u00e0 liberdade de express\u00e3o. Estudou Comunica\u00e7\u00e3o Social \u2013 Jornalismo na Universidade Pontif\u00edcia Bolivariana de Bucaramanga, na Col\u00f4mbia e completou seu mestrado em jornalismo na Universidade do Texas em Austin. Silvia trabalhou na Relatoria para a Liberdade de Express\u00e3o da CIDH pela bolsa Orlando Sierra, em 2014. Trabalhou para o jornal Vanguardia Liberal e escreveu para outras revistas colombianas cobrindo temas locais, econ\u00f4micas e judici\u00e1rias. Alguns de seus trabalhos apareceram no The Miami Herald e no El Nuevo Herald de Miami.","sameAs":["https:\/\/x.com\/shiguerita"],"url":"https:\/\/latamjournalismreview.org\/pt-br\/articles\/author\/silvia-higuera\/"}]}},"_links":{"self":[{"href":"https:\/\/latamjournalismreview.org\/pt-br\/wp-json\/wp\/v2\/posts\/34407","targetHints":{"allow":["GET"]}}],"collection":[{"href":"https:\/\/latamjournalismreview.org\/pt-br\/wp-json\/wp\/v2\/posts"}],"about":[{"href":"https:\/\/latamjournalismreview.org\/pt-br\/wp-json\/wp\/v2\/types\/post"}],"author":[{"embeddable":true,"href":"https:\/\/latamjournalismreview.org\/pt-br\/wp-json\/wp\/v2\/users\/13"}],"replies":[{"embeddable":true,"href":"https:\/\/latamjournalismreview.org\/pt-br\/wp-json\/wp\/v2\/comments?post=34407"}],"version-history":[{"count":2,"href":"https:\/\/latamjournalismreview.org\/pt-br\/wp-json\/wp\/v2\/posts\/34407\/revisions"}],"predecessor-version":[{"id":34464,"href":"https:\/\/latamjournalismreview.org\/pt-br\/wp-json\/wp\/v2\/posts\/34407\/revisions\/34464"}],"wp:featuredmedia":[{"embeddable":true,"href":"https:\/\/latamjournalismreview.org\/pt-br\/wp-json\/wp\/v2\/media\/34461"}],"wp:attachment":[{"href":"https:\/\/latamjournalismreview.org\/pt-br\/wp-json\/wp\/v2\/media?parent=34407"}],"wp:term":[{"taxonomy":"category","embeddable":true,"href":"https:\/\/latamjournalismreview.org\/pt-br\/wp-json\/wp\/v2\/categories?post=34407"},{"taxonomy":"post_tag","embeddable":true,"href":"https:\/\/latamjournalismreview.org\/pt-br\/wp-json\/wp\/v2\/tags?post=34407"},{"taxonomy":"author","embeddable":true,"href":"https:\/\/latamjournalismreview.org\/pt-br\/wp-json\/wp\/v2\/coauthors?post=34407"}],"curies":[{"name":"wp","href":"https:\/\/api.w.org\/{rel}","templated":true}]}}