{"id":34529,"date":"2012-11-07T07:51:33","date_gmt":"2012-11-07T12:51:33","guid":{"rendered":"https:\/\/latamjournalismreview.org\/?p=34529"},"modified":"2021-09-28T21:13:13","modified_gmt":"2021-09-29T02:13:13","slug":"suspeito-de-matar-jornalista-mexicana-diz-ter-confessado-o-crime-sob-tortura","status":"publish","type":"post","link":"https:\/\/latamjournalismreview.org\/pt-br\/articles\/suspeito-de-matar-jornalista-mexicana-diz-ter-confessado-o-crime-sob-tortura\/","title":{"rendered":"Suspeito de matar jornalista mexicana diz ter confessado o crime sob tortura"},"content":{"rendered":"<p>O <a href=\"http:\/\/www.cpj.org\/es\/2012\/11\/en-veracruz-funcionarios-y-periodistas-tienen-seri.php\" target=\"_blank\" rel=\"noopener\">suspeito preso pelo assassinato da jornalista mexicana Regina Mart\u00ednez disse ter sido torturado<\/a> para confessar o crime e voltou atr\u00e1s, informaram profissionais de imprensa do estado de Veracruz ao Comit\u00ea para a Prote\u00e7\u00e3o dos Jornalistas (CPJ).<\/p>\n<p>No fim do m\u00eas passado, a <a href=\"http:\/\/knightcenter.utexas.edu\/pt-br\/blog\/00-11958-apos-criticas-de-revista-sobre-demora-nas-investigacoes-autoridades-prendem-suposto-as\" target=\"_blank\" rel=\"noopener\">promotoria daquele estado anunciou a pris\u00e3o do assassino da jornalista<\/a>, que teria sido morta em um assalto. Antes, as autoridades estaduais j\u00e1 haviam levantado a possibilidade de a <a href=\"http:\/\/knightcenter.utexas.edu\/pt-br\/blog\/00-10578-autoridades-mexicanas-afirmam-que-assassinato-de-jornalista-da-revista-proceso-foi-cri\" target=\"_blank\" rel=\"noopener\">profissional da revista Proceso ter sido v\u00edtima de um crime passional<\/a>.<\/p>\n<p>O rep\u00f3rter da revista Proceso Jorge Carrasco, que investiga a morte da colega, disse que as <a href=\"https:\/\/twitter.com\/article19mex\/status\/265584474367094784\" target=\"_blank\" rel=\"noopener\">autoridades de Veracruz nunca consideraram a atua\u00e7\u00e3o jornal\u00edstica da v\u00edtima<\/a>, segundo a r\u00e1dio Ibero.<\/p>\n<p>A \u00fanica evid\u00eancia apresentada contra o suspeito foi a confiss\u00e3o dele, sem men\u00e7\u00f5es a provas colhidas na cena do crime, de acordo com o CPJ.<\/p>\n<p>Diversas organiza\u00e7\u00f5es jornalistas do M\u00e9xico exigiram que as autoridades de Veracruz <a href=\"http:\/\/www.libertad-expresion.org.mx\/noticias\/organizaciones-de-libertad-de-expresion-manifestamos-nuestra-inconformidad-con-la-resolucion-de-la-pgjev-en-el-caso-de-regina-martinez\/\" target=\"_blank\" rel=\"noopener\">apresentem as provas do crime<\/a> que descartem a atua\u00e7\u00e3o profissional da jornalista como motivo.<\/p>\n<p><a href=\"http:\/\/knightcenter.utexas.edu\/pt-br\/blog\/00-10496-mais-reporteres-deixam-veracruz-apos-nove-assassinatos-de-jornalistas-no-estado-mexica\" target=\"_blank\" rel=\"noopener\">Veracruz \u00e9 considerado o lugar mais perigoso para os jornalistas mexicanos<\/a>. Desde 2011, nove profissionais foram assassinados no estado. Organiza\u00e7\u00f5es internacionais <a href=\"http:\/\/knightcenter.utexas.edu\/pt-br\/blog\/00-10503-organizacoes-internacionais-exigem-que-governo-do-mexico-proteja-jornalistas-de-veracr\" target=\"_blank\" rel=\"noopener\">pressionam o governador de Veracruz para solucionas os crimes contra jornalistas<\/a>. Os parlamentares aprovaram uma iniciativa de <a href=\"http:\/\/www.milenio.com\/cdb\/doc\/noticias2011\/9b85ea4db728a25d1c38cb9291118016\" target=\"_blank\" rel=\"noopener\">reforma constitucional para criar a Comiss\u00e3o Estadual para a Aten\u00e7\u00e3o e Prote\u00e7\u00e3o de Jornalistas<\/a>, segundo o Milenio.<\/p>\n<p><em>Nota do editor: Essa hist\u00f3ria foi publicada originalmente no blog Jornalismo nas Am\u00e9ricas do Centro Knight, o predecessor do LatAm Journalism Review.<\/em><\/p>\n","protected":false},"excerpt":{"rendered":"<p>O suspeito preso pelo assassinato da jornalista mexicana Regina Mart\u00ednez disse ter sido torturado para confessar o crime e voltou atr\u00e1s, informaram profissionais de imprensa do estado de Veracruz ao Comit\u00ea para a Prote\u00e7\u00e3o dos Jornalistas (CPJ).<\/p>\n","protected":false},"author":40,"featured_media":0,"comment_status":"closed","ping_status":"closed","sticky":false,"template":"","format":"standard","meta":{"inline_featured_image":false,"footnotes":""},"categories":[1221],"tags":[1613,1552,1567,1394,1615],"coauthors":[],"class_list":["post-34529","post","type-post","status-publish","format-standard","hentry","category-violencia-contra-jornalistas-pt-br","tag-ameacas-a-jornalistas-pt-br","tag-assassinatos-de-jornalistas-pt-br","tag-detencoes-pt-br","tag-mexico-pt-br","tag-violencia-contra-jornalistas-pt-br"],"acf":[],"yoast_head":"<!-- This site is optimized with the Yoast SEO Premium plugin v22.6 (Yoast SEO v27.4) - https:\/\/yoast.com\/product\/yoast-seo-premium-wordpress\/ -->\n<title>Suspeito de matar jornalista mexicana diz ter confessado o crime sob tortura - LatAm Journalism Review by the Knight Center<\/title>\n<meta name=\"description\" content=\"Suspeito de matar jornalista mexicana diz ter confessado o crime sob tortura Viol\u00eancia contra jornalistas. Latin American Journalism Review by The Knight Center at The University of Texas at Austin.\" \/>\n<meta name=\"robots\" content=\"index, follow, max-snippet:-1, max-image-preview:large, max-video-preview:-1\" \/>\n<link rel=\"canonical\" href=\"https:\/\/latamjournalismreview.org\/pt-br\/articles\/suspeito-de-matar-jornalista-mexicana-diz-ter-confessado-o-crime-sob-tortura\/\" \/>\n<meta property=\"og:locale\" content=\"pt_BR\" \/>\n<meta property=\"og:type\" content=\"article\" \/>\n<meta property=\"og:title\" content=\"Suspeito de matar jornalista mexicana diz ter confessado o crime sob tortura\" \/>\n<meta property=\"og:description\" content=\"Suspeito de matar jornalista mexicana diz ter confessado o crime sob tortura Viol\u00eancia contra jornalistas. Latin American Journalism Review by The Knight Center at The University of Texas at Austin.\" \/>\n<meta property=\"og:url\" content=\"https:\/\/latamjournalismreview.org\/pt-br\/articles\/suspeito-de-matar-jornalista-mexicana-diz-ter-confessado-o-crime-sob-tortura\/\" \/>\n<meta property=\"og:site_name\" content=\"LatAm Journalism Review by the Knight Center\" \/>\n<meta property=\"article:published_time\" content=\"2012-11-07T12:51:33+00:00\" \/>\n<meta property=\"article:modified_time\" content=\"2021-09-29T02:13:13+00:00\" \/>\n<meta name=\"author\" content=\"Tania Lara\" \/>\n<meta name=\"twitter:card\" content=\"summary_large_image\" \/>\n<meta name=\"twitter:creator\" content=\"@LatAmJournalism\" \/>\n<meta name=\"twitter:site\" content=\"@LatAmJournalism\" \/>\n<meta name=\"twitter:label1\" content=\"Written by\" \/>\n\t<meta name=\"twitter:data1\" content=\"Tania Lara\" \/>\n\t<meta name=\"twitter:label2\" content=\"Est. reading time\" \/>\n\t<meta name=\"twitter:data2\" content=\"1 minuto\" \/>\n<script type=\"application\/ld+json\" class=\"yoast-schema-graph\">{\"@context\":\"https:\\\/\\\/schema.org\",\"@graph\":[{\"@type\":\"Article\",\"@id\":\"https:\\\/\\\/latamjournalismreview.org\\\/pt-br\\\/articles\\\/suspeito-de-matar-jornalista-mexicana-diz-ter-confessado-o-crime-sob-tortura\\\/#article\",\"isPartOf\":{\"@id\":\"https:\\\/\\\/latamjournalismreview.org\\\/pt-br\\\/articles\\\/suspeito-de-matar-jornalista-mexicana-diz-ter-confessado-o-crime-sob-tortura\\\/\"},\"author\":{\"name\":\"Tania Lara\",\"@id\":\"https:\\\/\\\/latamjournalismreview.org\\\/pt-br\\\/#\\\/schema\\\/person\\\/51558925140f21242c6ed2d20b8260c5\"},\"headline\":\"Suspeito de matar jornalista mexicana diz ter confessado o crime sob tortura\",\"datePublished\":\"2012-11-07T12:51:33+00:00\",\"dateModified\":\"2021-09-29T02:13:13+00:00\",\"mainEntityOfPage\":{\"@id\":\"https:\\\/\\\/latamjournalismreview.org\\\/pt-br\\\/articles\\\/suspeito-de-matar-jornalista-mexicana-diz-ter-confessado-o-crime-sob-tortura\\\/\"},\"wordCount\":272,\"publisher\":{\"@id\":\"https:\\\/\\\/latamjournalismreview.org\\\/pt-br\\\/#organization\"},\"keywords\":[\"Amea\u00e7as a jornalistas\",\"Assassinatos de jornalistas\",\"Deten\u00e7\u00f5es\",\"M\u00e9xico\",\"Viol\u00eancia contra jornalistas\"],\"articleSection\":[\"Viol\u00eancia contra jornalistas\"],\"inLanguage\":\"pt-BR\"},{\"@type\":\"WebPage\",\"@id\":\"https:\\\/\\\/latamjournalismreview.org\\\/pt-br\\\/articles\\\/suspeito-de-matar-jornalista-mexicana-diz-ter-confessado-o-crime-sob-tortura\\\/\",\"url\":\"https:\\\/\\\/latamjournalismreview.org\\\/pt-br\\\/articles\\\/suspeito-de-matar-jornalista-mexicana-diz-ter-confessado-o-crime-sob-tortura\\\/\",\"name\":\"Suspeito de matar jornalista mexicana diz ter confessado o crime sob tortura - LatAm Journalism Review by the Knight Center\",\"isPartOf\":{\"@id\":\"https:\\\/\\\/latamjournalismreview.org\\\/pt-br\\\/#website\"},\"datePublished\":\"2012-11-07T12:51:33+00:00\",\"dateModified\":\"2021-09-29T02:13:13+00:00\",\"description\":\"Suspeito de matar jornalista mexicana diz ter confessado o crime sob tortura Viol\u00eancia contra jornalistas. Latin American Journalism Review by The Knight Center at The University of Texas at Austin.\",\"breadcrumb\":{\"@id\":\"https:\\\/\\\/latamjournalismreview.org\\\/pt-br\\\/articles\\\/suspeito-de-matar-jornalista-mexicana-diz-ter-confessado-o-crime-sob-tortura\\\/#breadcrumb\"},\"inLanguage\":\"pt-BR\",\"potentialAction\":[{\"@type\":\"ReadAction\",\"target\":[\"https:\\\/\\\/latamjournalismreview.org\\\/pt-br\\\/articles\\\/suspeito-de-matar-jornalista-mexicana-diz-ter-confessado-o-crime-sob-tortura\\\/\"]}]},{\"@type\":\"BreadcrumbList\",\"@id\":\"https:\\\/\\\/latamjournalismreview.org\\\/pt-br\\\/articles\\\/suspeito-de-matar-jornalista-mexicana-diz-ter-confessado-o-crime-sob-tortura\\\/#breadcrumb\",\"itemListElement\":[{\"@type\":\"ListItem\",\"position\":1,\"name\":\"Home\",\"item\":\"https:\\\/\\\/latamjournalismreview.org\\\/pt-br\\\/\"},{\"@type\":\"ListItem\",\"position\":2,\"name\":\"Suspeito de matar jornalista mexicana diz ter confessado o crime sob tortura\"}]},{\"@type\":\"WebSite\",\"@id\":\"https:\\\/\\\/latamjournalismreview.org\\\/pt-br\\\/#website\",\"url\":\"https:\\\/\\\/latamjournalismreview.org\\\/pt-br\\\/\",\"name\":\"LatAm Journalism Review\",\"description\":\"Digital magazine on journalism in Latin America\",\"publisher\":{\"@id\":\"https:\\\/\\\/latamjournalismreview.org\\\/pt-br\\\/#organization\"},\"potentialAction\":[{\"@type\":\"SearchAction\",\"target\":{\"@type\":\"EntryPoint\",\"urlTemplate\":\"https:\\\/\\\/latamjournalismreview.org\\\/pt-br\\\/?s={search_term_string}\"},\"query-input\":{\"@type\":\"PropertyValueSpecification\",\"valueRequired\":true,\"valueName\":\"search_term_string\"}}],\"inLanguage\":\"pt-BR\"},{\"@type\":\"Organization\",\"@id\":\"https:\\\/\\\/latamjournalismreview.org\\\/pt-br\\\/#organization\",\"name\":\"LatAm Journalism Review\",\"url\":\"https:\\\/\\\/latamjournalismreview.org\\\/pt-br\\\/\",\"logo\":{\"@type\":\"ImageObject\",\"inLanguage\":\"pt-BR\",\"@id\":\"https:\\\/\\\/latamjournalismreview.org\\\/pt-br\\\/#\\\/schema\\\/logo\\\/image\\\/\",\"url\":\"https:\\\/\\\/latamjournalismreview.org\\\/wp-content\\\/uploads\\\/2020\\\/05\\\/knight-latAm-review-logo.svg\",\"contentUrl\":\"https:\\\/\\\/latamjournalismreview.org\\\/wp-content\\\/uploads\\\/2020\\\/05\\\/knight-latAm-review-logo.svg\",\"width\":\"1024\",\"height\":\"1024\",\"caption\":\"LatAm Journalism Review\"},\"image\":{\"@id\":\"https:\\\/\\\/latamjournalismreview.org\\\/pt-br\\\/#\\\/schema\\\/logo\\\/image\\\/\"},\"sameAs\":[\"https:\\\/\\\/x.com\\\/LatAmJournalism\"]},{\"@type\":\"Person\",\"@id\":\"https:\\\/\\\/latamjournalismreview.org\\\/pt-br\\\/#\\\/schema\\\/person\\\/51558925140f21242c6ed2d20b8260c5\",\"name\":\"Tania Lara\",\"url\":\"https:\\\/\\\/latamjournalismreview.org\\\/pt-br\\\/articles\\\/author\\\/tania-lara\\\/\"}]}<\/script>\n<!-- \/ Yoast SEO Premium plugin. -->","yoast_head_json":{"title":"Suspeito de matar jornalista mexicana diz ter confessado o crime sob tortura - LatAm Journalism Review by the Knight Center","description":"Suspeito de matar jornalista mexicana diz ter confessado o crime sob tortura Viol\u00eancia contra jornalistas. Latin American Journalism Review by The Knight Center at The University of Texas at Austin.","robots":{"index":"index","follow":"follow","max-snippet":"max-snippet:-1","max-image-preview":"max-image-preview:large","max-video-preview":"max-video-preview:-1"},"canonical":"https:\/\/latamjournalismreview.org\/pt-br\/articles\/suspeito-de-matar-jornalista-mexicana-diz-ter-confessado-o-crime-sob-tortura\/","og_locale":"pt_BR","og_type":"article","og_title":"Suspeito de matar jornalista mexicana diz ter confessado o crime sob tortura","og_description":"Suspeito de matar jornalista mexicana diz ter confessado o crime sob tortura Viol\u00eancia contra jornalistas. Latin American Journalism Review by The Knight Center at The University of Texas at Austin.","og_url":"https:\/\/latamjournalismreview.org\/pt-br\/articles\/suspeito-de-matar-jornalista-mexicana-diz-ter-confessado-o-crime-sob-tortura\/","og_site_name":"LatAm Journalism Review by the Knight Center","article_published_time":"2012-11-07T12:51:33+00:00","article_modified_time":"2021-09-29T02:13:13+00:00","author":"Tania Lara","twitter_card":"summary_large_image","twitter_creator":"@LatAmJournalism","twitter_site":"@LatAmJournalism","twitter_misc":{"Written by":"Tania Lara","Est. reading time":"1 minuto"},"schema":{"@context":"https:\/\/schema.org","@graph":[{"@type":"Article","@id":"https:\/\/latamjournalismreview.org\/pt-br\/articles\/suspeito-de-matar-jornalista-mexicana-diz-ter-confessado-o-crime-sob-tortura\/#article","isPartOf":{"@id":"https:\/\/latamjournalismreview.org\/pt-br\/articles\/suspeito-de-matar-jornalista-mexicana-diz-ter-confessado-o-crime-sob-tortura\/"},"author":{"name":"Tania Lara","@id":"https:\/\/latamjournalismreview.org\/pt-br\/#\/schema\/person\/51558925140f21242c6ed2d20b8260c5"},"headline":"Suspeito de matar jornalista mexicana diz ter confessado o crime sob tortura","datePublished":"2012-11-07T12:51:33+00:00","dateModified":"2021-09-29T02:13:13+00:00","mainEntityOfPage":{"@id":"https:\/\/latamjournalismreview.org\/pt-br\/articles\/suspeito-de-matar-jornalista-mexicana-diz-ter-confessado-o-crime-sob-tortura\/"},"wordCount":272,"publisher":{"@id":"https:\/\/latamjournalismreview.org\/pt-br\/#organization"},"keywords":["Amea\u00e7as a jornalistas","Assassinatos de jornalistas","Deten\u00e7\u00f5es","M\u00e9xico","Viol\u00eancia contra jornalistas"],"articleSection":["Viol\u00eancia contra jornalistas"],"inLanguage":"pt-BR"},{"@type":"WebPage","@id":"https:\/\/latamjournalismreview.org\/pt-br\/articles\/suspeito-de-matar-jornalista-mexicana-diz-ter-confessado-o-crime-sob-tortura\/","url":"https:\/\/latamjournalismreview.org\/pt-br\/articles\/suspeito-de-matar-jornalista-mexicana-diz-ter-confessado-o-crime-sob-tortura\/","name":"Suspeito de matar jornalista mexicana diz ter confessado o crime sob tortura - LatAm Journalism Review by the Knight Center","isPartOf":{"@id":"https:\/\/latamjournalismreview.org\/pt-br\/#website"},"datePublished":"2012-11-07T12:51:33+00:00","dateModified":"2021-09-29T02:13:13+00:00","description":"Suspeito de matar jornalista mexicana diz ter confessado o crime sob tortura Viol\u00eancia contra jornalistas. Latin American Journalism Review by The Knight Center at The University of Texas at Austin.","breadcrumb":{"@id":"https:\/\/latamjournalismreview.org\/pt-br\/articles\/suspeito-de-matar-jornalista-mexicana-diz-ter-confessado-o-crime-sob-tortura\/#breadcrumb"},"inLanguage":"pt-BR","potentialAction":[{"@type":"ReadAction","target":["https:\/\/latamjournalismreview.org\/pt-br\/articles\/suspeito-de-matar-jornalista-mexicana-diz-ter-confessado-o-crime-sob-tortura\/"]}]},{"@type":"BreadcrumbList","@id":"https:\/\/latamjournalismreview.org\/pt-br\/articles\/suspeito-de-matar-jornalista-mexicana-diz-ter-confessado-o-crime-sob-tortura\/#breadcrumb","itemListElement":[{"@type":"ListItem","position":1,"name":"Home","item":"https:\/\/latamjournalismreview.org\/pt-br\/"},{"@type":"ListItem","position":2,"name":"Suspeito de matar jornalista mexicana diz ter confessado o crime sob tortura"}]},{"@type":"WebSite","@id":"https:\/\/latamjournalismreview.org\/pt-br\/#website","url":"https:\/\/latamjournalismreview.org\/pt-br\/","name":"LatAm Journalism Review","description":"Digital magazine on journalism in Latin America","publisher":{"@id":"https:\/\/latamjournalismreview.org\/pt-br\/#organization"},"potentialAction":[{"@type":"SearchAction","target":{"@type":"EntryPoint","urlTemplate":"https:\/\/latamjournalismreview.org\/pt-br\/?s={search_term_string}"},"query-input":{"@type":"PropertyValueSpecification","valueRequired":true,"valueName":"search_term_string"}}],"inLanguage":"pt-BR"},{"@type":"Organization","@id":"https:\/\/latamjournalismreview.org\/pt-br\/#organization","name":"LatAm Journalism Review","url":"https:\/\/latamjournalismreview.org\/pt-br\/","logo":{"@type":"ImageObject","inLanguage":"pt-BR","@id":"https:\/\/latamjournalismreview.org\/pt-br\/#\/schema\/logo\/image\/","url":"https:\/\/latamjournalismreview.org\/wp-content\/uploads\/2020\/05\/knight-latAm-review-logo.svg","contentUrl":"https:\/\/latamjournalismreview.org\/wp-content\/uploads\/2020\/05\/knight-latAm-review-logo.svg","width":"1024","height":"1024","caption":"LatAm Journalism Review"},"image":{"@id":"https:\/\/latamjournalismreview.org\/pt-br\/#\/schema\/logo\/image\/"},"sameAs":["https:\/\/x.com\/LatAmJournalism"]},{"@type":"Person","@id":"https:\/\/latamjournalismreview.org\/pt-br\/#\/schema\/person\/51558925140f21242c6ed2d20b8260c5","name":"Tania Lara","url":"https:\/\/latamjournalismreview.org\/pt-br\/articles\/author\/tania-lara\/"}]}},"_links":{"self":[{"href":"https:\/\/latamjournalismreview.org\/pt-br\/wp-json\/wp\/v2\/posts\/34529","targetHints":{"allow":["GET"]}}],"collection":[{"href":"https:\/\/latamjournalismreview.org\/pt-br\/wp-json\/wp\/v2\/posts"}],"about":[{"href":"https:\/\/latamjournalismreview.org\/pt-br\/wp-json\/wp\/v2\/types\/post"}],"author":[{"embeddable":true,"href":"https:\/\/latamjournalismreview.org\/pt-br\/wp-json\/wp\/v2\/users\/40"}],"replies":[{"embeddable":true,"href":"https:\/\/latamjournalismreview.org\/pt-br\/wp-json\/wp\/v2\/comments?post=34529"}],"version-history":[{"count":1,"href":"https:\/\/latamjournalismreview.org\/pt-br\/wp-json\/wp\/v2\/posts\/34529\/revisions"}],"predecessor-version":[{"id":34530,"href":"https:\/\/latamjournalismreview.org\/pt-br\/wp-json\/wp\/v2\/posts\/34529\/revisions\/34530"}],"wp:attachment":[{"href":"https:\/\/latamjournalismreview.org\/pt-br\/wp-json\/wp\/v2\/media?parent=34529"}],"wp:term":[{"taxonomy":"category","embeddable":true,"href":"https:\/\/latamjournalismreview.org\/pt-br\/wp-json\/wp\/v2\/categories?post=34529"},{"taxonomy":"post_tag","embeddable":true,"href":"https:\/\/latamjournalismreview.org\/pt-br\/wp-json\/wp\/v2\/tags?post=34529"},{"taxonomy":"author","embeddable":true,"href":"https:\/\/latamjournalismreview.org\/pt-br\/wp-json\/wp\/v2\/coauthors?post=34529"}],"curies":[{"name":"wp","href":"https:\/\/api.w.org\/{rel}","templated":true}]}}